{"id":25755,"date":"2025-02-17T07:00:00","date_gmt":"2025-02-17T13:00:00","guid":{"rendered":"https:\/\/soymigrante.com\/revista\/?p=25755"},"modified":"2025-05-12T17:56:49","modified_gmt":"2025-05-12T23:56:49","slug":"joyas-mayas-migrantes-senora-luna-envuelta-por-una-serpiente-vaso-conservado-en-los-angeles","status":"publish","type":"post","link":"https:\/\/soymigrante.com\/revista\/joyas-mayas-migrantes-senora-luna-envuelta-por-una-serpiente-vaso-conservado-en-los-angeles\/","title":{"rendered":"Joyas mayas migrantes: Se\u00f1ora Luna envuelta por una serpiente, vaso conservado en Los Angeles"},"content":{"rendered":"\t\t<div data-elementor-type=\"wp-post\" data-elementor-id=\"25755\" class=\"elementor elementor-25755\" data-elementor-post-type=\"post\">\n\t\t\t\t<div data-particle_enable=\"false\" data-particle-mobile-disabled=\"false\" class=\"elementor-element elementor-element-16e6373 e-flex e-con-boxed e-con e-parent\" data-id=\"16e6373\" data-element_type=\"container\" data-e-type=\"container\">\n\t\t\t\t\t<div class=\"e-con-inner\">\n\t\t\t\t<div class=\"elementor-element elementor-element-e29ae1b elementor-widget elementor-widget-heading\" data-id=\"e29ae1b\" data-element_type=\"widget\" data-e-type=\"widget\" data-widget_type=\"heading.default\">\n\t\t\t\t\t<h2 class=\"elementor-heading-title elementor-size-default\"><span style=\"font-size: 31.2px\">Originario de Guatemala y conservada en el Museo del Condado de Los Angeles,  este vaso muetra a la Se\u00f1ora Q'ana' o Se\u00f1ora Luna siendo enroscada por la pierna convertida en cola de serpiente del Dios K. Es una aut\u00e9ntica joya maya migrante. \u00bfQu\u00e9 significa?<\/span><\/h2>\t\t\t\t<\/div>\n\t\t\t\t<div class=\"elementor-element elementor-element-8b03e91 elementor-widget elementor-widget-html\" data-id=\"8b03e91\" data-element_type=\"widget\" data-e-type=\"widget\" data-widget_type=\"html.default\">\n\t\t\t\t\t<div id=\"buzzsprout-player-17148195\"><\/div><script src=\"https:\/\/www.buzzsprout.com\/2444168\/episodes\/17148195-senora-luna-envuelta-por-una-serpiente-en-museo-de-los-angeles.js?container_id=buzzsprout-player-17148195&player=small\" type=\"text\/javascript\" charset=\"utf-8\"><\/script>\t\t\t\t<\/div>\n\t\t\t\t\t<\/div>\n\t\t\t\t<\/div>\n\t\t<div data-particle_enable=\"false\" data-particle-mobile-disabled=\"false\" class=\"elementor-element elementor-element-d722978 e-flex e-con-boxed e-con e-parent\" data-id=\"d722978\" data-element_type=\"container\" data-e-type=\"container\">\n\t\t\t\t\t<div class=\"e-con-inner\">\n\t\t\t\t<div class=\"elementor-element elementor-element-8ac2235 elementor-widget elementor-widget-text-editor\" data-id=\"8ac2235\" data-element_type=\"widget\" data-e-type=\"widget\" data-widget_type=\"text-editor.default\">\n\t\t\t\t\t\t\t\t\t<p>Dentro de la cosmovisi\u00f3n maya existe la representaci\u00f3n de una deidad (llamada Dios K) que aparece desde el per\u00edodo cl\u00e1sico temprano (siglo 2 antes de Cristo) y que perdura hasta los tiempos de la conquista. Esta deidad aparece en vasos, esculturas y estelas de <a href=\"https:\/\/soymigrante.com\/revista\/departamentos-de-guatemala-peten-es-un-baul-de-tesoros-prehispanicos-y-ecologicos\/\">Tierras Bajas de Pet\u00e9n <\/a>pero tambi\u00e9n en Tierras Altas.<\/p>\n<p>Se le ha denominado el Dios K, y se le asocia con el rel\u00e1mpago y la lluvia, con la fertilidad, la abundancia de alimentos; tambi\u00e9n se le llama &#8220;Dios antiguo&#8221; porque se le relaciona con la creaci\u00f3n y el origen de la vida.&nbsp;<\/p>\n<p>Esta vasija, una m\u00e1s de las joyas mayas migrantes, se encuentra perfectamente conservada y cuidada en el <a href=\"https:\/\/collections.lacma.org\/node\/1903420\">Museo de Arte del Condado de Los Angeles, o LACMA<\/a>. Forma parte de su exposici\u00f3n permanente, por lo cual migrantes guatemaltecos pueden ir a conocerla.<\/p>\t\t\t\t\t\t\t\t<\/div>\n\t\t\t\t\t<\/div>\n\t\t\t\t<\/div>\n\t\t<div data-particle_enable=\"false\" data-particle-mobile-disabled=\"false\" class=\"elementor-element elementor-element-ac189ef e-flex e-con-boxed e-con e-parent\" data-id=\"ac189ef\" data-element_type=\"container\" data-e-type=\"container\">\n\t\t\t\t\t<div class=\"e-con-inner\">\n\t\t\t\t<div class=\"elementor-element elementor-element-afc63b6 elementor-widget elementor-widget-image\" data-id=\"afc63b6\" data-element_type=\"widget\" data-e-type=\"widget\" data-widget_type=\"image.default\">\n\t\t\t\t\t\t\t\t\t\t\t\t<figure class=\"wp-caption\">\n\t\t\t\t\t\t\t\t\t\t<img fetchpriority=\"high\" decoding=\"async\" width=\"560\" height=\"732\" src=\"https:\/\/soymigrante.com\/revista\/wp-content\/uploads\/2025\/02\/vaso-lacma.webp\" class=\"attachment-large size-large wp-image-25763\" alt=\"Mughal cer\u00e1mica antigua con dise\u00f1o de drag\u00f3n y s\u00edmbolos aztecas, arte prehisp\u00e1nico de M\u00e9xico, piezas de cer\u00e1mica tradicional, historia y cultura migrante, artesan\u00eda ancestral mexicana.\" srcset=\"https:\/\/soymigrante.com\/revista\/wp-content\/uploads\/2025\/02\/vaso-lacma.webp 560w, https:\/\/soymigrante.com\/revista\/wp-content\/uploads\/2025\/02\/vaso-lacma-230x300.jpg 230w\" sizes=\"(max-width: 560px) 100vw, 560px\" title=\"Fotograf\u00eda de la vasija de la mujer envuelta por una serpiente, conservada en el Museo de Arte del Condado de Los Angeles o LACMA. Se puede ver c\u00f3mo una pierna del Dios K se transforma en cuerpo de una serpiente. (Fotograf\u00eda presentada con fines educativos y de valoraci\u00f3n del patrimonio maya prehisp\u00e1nico) \u2013 SoyMigrante.com REVISTA\" \/>\t\t\t\t\t\t\t\t\t\t\t<figcaption class=\"widget-image-caption wp-caption-text\">Cer\u00e1mica antiguo con dise\u00f1o de drag\u00f3n y s\u00edmbolos aztecas, reflejando la historia y cultura migrante mexicana en piezas de cer\u00e1mica tradicionales y artesanales con influencias prehisp\u00e1nicas.<\/figcaption>\n\t\t\t\t\t\t\t\t\t\t<\/figure>\n\t\t\t\t\t\t\t\t\t<\/div>\n\t\t\t\t\t<\/div>\n\t\t\t\t<\/div>\n\t\t<div data-particle_enable=\"false\" data-particle-mobile-disabled=\"false\" class=\"elementor-element elementor-element-4487653 e-flex e-con-boxed e-con e-parent\" data-id=\"4487653\" data-element_type=\"container\" data-e-type=\"container\">\n\t\t\t\t\t<div class=\"e-con-inner\">\n\t\t\t\t<div class=\"elementor-element elementor-element-4981958 elementor-widget elementor-widget-heading\" data-id=\"4981958\" data-element_type=\"widget\" data-e-type=\"widget\" data-widget_type=\"heading.default\">\n\t\t\t\t\t<h3 class=\"elementor-heading-title elementor-size-default\">Una deidad se enrrolla en la Se\u00f1ora Luna<\/h3>\t\t\t\t<\/div>\n\t\t\t\t\t<\/div>\n\t\t\t\t<\/div>\n\t\t<div data-particle_enable=\"false\" data-particle-mobile-disabled=\"false\" class=\"elementor-element elementor-element-38b706c e-flex e-con-boxed e-con e-parent\" data-id=\"38b706c\" data-element_type=\"container\" data-e-type=\"container\">\n\t\t\t\t\t<div class=\"e-con-inner\">\n\t\t\t\t<div class=\"elementor-element elementor-element-fc95965 elementor-widget elementor-widget-text-editor\" data-id=\"fc95965\" data-element_type=\"widget\" data-e-type=\"widget\" data-widget_type=\"text-editor.default\">\n\t\t\t\t\t\t\t\t\t<p><span style=\"color: var( --e-global-color-text ); text-align: var(--text-align);\">Esta vasija muestra un momento m\u00edstico enigm\u00e1tico y sorprendente: una dama que est\u00e1 sentada en el suelo (o que pudo haber estado acostada previamente) se encuentra con este Dios como parte de un ritual.\u00a0\u00a0<\/span><\/p><p><span style=\"color: var( --e-global-color-text ); text-align: var(--text-align);\">La serpiente enorme abre sus fauces frente a ella y de estas emerge la figura de un dios anciano que parece estar acos\u00e1ndola.\u00a0<\/span><span style=\"color: var( --e-global-color-text ); text-align: var(--text-align);\">Sin embargo, la serpiente es formada por una de las piernas del dios\u00a0 K&#8217;awill, que est\u00e1 detr\u00e1s de ella.<\/span><\/p><p>Como antes se mencion\u00f3, esta vasija conservada en el Museo del Condado de Los Angeles figura tambi\u00e9n con la clasificaci\u00f3n K5164 de<a href=\"https:\/\/www.mayavase.com\/\"> la base de datos de Justin Kerr<\/a> (realizada entre 1966 y 2012). Este fot\u00f3grafo estadounidense dise\u00f1\u00f3 un sistema de fotograf\u00eda llamado &#8220;roll out&#8221;, es decir, alrededor de los vasos mayas para poder retratar toda la escena de forma plana: este trabajo lo empez\u00f3 en 1978 y as\u00ed document\u00f3 cientos de vasos cil\u00edndricos.<\/p><p>\u00a0<\/p>\t\t\t\t\t\t\t\t<\/div>\n\t\t\t\t\t<\/div>\n\t\t\t\t<\/div>\n\t\t<div data-particle_enable=\"false\" data-particle-mobile-disabled=\"false\" class=\"elementor-element elementor-element-473e215 e-flex e-con-boxed e-con e-parent\" data-id=\"473e215\" data-element_type=\"container\" data-e-type=\"container\">\n\t\t\t\t\t<div class=\"e-con-inner\">\n\t\t\t\t<div class=\"elementor-element elementor-element-98ffd31 elementor-widget elementor-widget-image\" data-id=\"98ffd31\" data-element_type=\"widget\" data-e-type=\"widget\" data-widget_type=\"image.default\">\n\t\t\t\t\t\t\t\t\t\t\t\t<figure class=\"wp-caption\">\n\t\t\t\t\t\t\t\t\t\t<img decoding=\"async\" width=\"768\" height=\"768\" src=\"https:\/\/soymigrante.com\/revista\/wp-content\/uploads\/2025\/02\/joyas-mayas-migrantes-Fotografia-LACMA-1-1024x1024.jpg\" class=\"attachment-large size-large wp-image-25765\" alt=\"Vaso prehisp\u00e1nico con arte y escritura maya, arte ancestral, cultura ind\u00edgena, historia de Mesoam\u00e9rica, cer\u00e1mica antigua, evidencias arqueol\u00f3gicas, ceremonial, s\u00edmbolo cultural, patrimonio cultural, arte tradicional maya.\" srcset=\"https:\/\/soymigrante.com\/revista\/wp-content\/uploads\/2025\/02\/joyas-mayas-migrantes-Fotografia-LACMA-1-1024x1024.jpg 1024w, https:\/\/soymigrante.com\/revista\/wp-content\/uploads\/2025\/02\/joyas-mayas-migrantes-Fotografia-LACMA-1-300x300.jpg 300w, https:\/\/soymigrante.com\/revista\/wp-content\/uploads\/2025\/02\/joyas-mayas-migrantes-Fotografia-LACMA-1-150x150.jpg 150w, https:\/\/soymigrante.com\/revista\/wp-content\/uploads\/2025\/02\/joyas-mayas-migrantes-Fotografia-LACMA-1-768x768.jpg 768w, https:\/\/soymigrante.com\/revista\/wp-content\/uploads\/2025\/02\/joyas-mayas-migrantes-Fotografia-LACMA-1-1536x1536.jpg 1536w, https:\/\/soymigrante.com\/revista\/wp-content\/uploads\/2025\/02\/joyas-mayas-migrantes-Fotografia-LACMA-1-75x75.webp 75w, https:\/\/soymigrante.com\/revista\/wp-content\/uploads\/2025\/02\/joyas-mayas-migrantes-Fotografia-LACMA-1-750x750.webp 750w, https:\/\/soymigrante.com\/revista\/wp-content\/uploads\/2025\/02\/joyas-mayas-migrantes-Fotografia-LACMA-1-1140x1140.webp 1140w, https:\/\/soymigrante.com\/revista\/wp-content\/uploads\/2025\/02\/joyas-mayas-migrantes-Fotografia-LACMA-1.webp 1683w\" sizes=\"(max-width: 768px) 100vw, 768px\" title=\"Se\u00f1ora Luna envuelta por una serpiente, que en realidad es un pie del Dios K. Vaso maya conservado en el Museo del  Condado de Los Angeles y rese\u00f1ado en esta serie Joyas Mayas Migrantes. \u2013 SoyMigrante.com REVISTA\" \/>\t\t\t\t\t\t\t\t\t\t\t<figcaption class=\"widget-image-caption wp-caption-text\">Taza de cer\u00e1mica azteca con s\u00edmbolos tradicionales y arte ancestral, perfecta para coleccionistas y amantes de la cultura mexicana.<\/figcaption>\n\t\t\t\t\t\t\t\t\t\t<\/figure>\n\t\t\t\t\t\t\t\t\t<\/div>\n\t\t\t\t\t<\/div>\n\t\t\t\t<\/div>\n\t\t<div data-particle_enable=\"false\" data-particle-mobile-disabled=\"false\" class=\"elementor-element elementor-element-77ee256 e-flex e-con-boxed e-con e-parent\" data-id=\"77ee256\" data-element_type=\"container\" data-e-type=\"container\">\n\t\t\t\t\t<div class=\"e-con-inner\">\n\t\t\t\t<div class=\"elementor-element elementor-element-e1ca79b elementor-widget elementor-widget-heading\" data-id=\"e1ca79b\" data-element_type=\"widget\" data-e-type=\"widget\" data-widget_type=\"heading.default\">\n\t\t\t\t\t<h3 class=\"elementor-heading-title elementor-size-default\">Un significado vigente en comunidades mayas actuales<\/h3>\t\t\t\t<\/div>\n\t\t\t\t\t<\/div>\n\t\t\t\t<\/div>\n\t\t<div data-particle_enable=\"false\" data-particle-mobile-disabled=\"false\" class=\"elementor-element elementor-element-e9b7cbf e-flex e-con-boxed e-con e-parent\" data-id=\"e9b7cbf\" data-element_type=\"container\" data-e-type=\"container\">\n\t\t\t\t\t<div class=\"e-con-inner\">\n\t\t\t\t<div class=\"elementor-element elementor-element-4c21a06 elementor-widget elementor-widget-text-editor\" data-id=\"4c21a06\" data-element_type=\"widget\" data-e-type=\"widget\" data-widget_type=\"text-editor.default\">\n\t\t\t\t\t\t\t\t\t<p><span style=\"color: var( --e-global-color-text ); text-align: var(--text-align);\">El antrop\u00f3logo y etnohistoriador neerland\u00e9s Ruud van Akkeren, quien ha investigado la historia de los pueblos mayas de Guatemala y su conexi\u00f3n directa con la antigua civilizaci\u00f3n, efectu\u00f3 un taller con comunitarios <a href=\"https:\/\/soymigrante.com\/revista\/pueblo-qeqchi-es-el-idioma-maya-con-mayor-cifra-de-hablantes\/\">Q&#8217;eqchi&#8217;<\/a> acerca de este vaso en 2019. <a href=\"https:\/\/lisa.gerda-henkel-stiftung.de\/lady_moon_and_the_lord_of_snakes?nav_id=8369\">Public\u00f3 sus hallazgos en una revista especializada.<\/a><\/span><\/p><p>&#8220;Hay una escena intrigante pintada en vasijas mayas cl\u00e1sicas: una joven maya semidesnuda estrangulada entre los anillos de una enorme boa constrictor. La cola de la serpiente termina en una peque\u00f1a deidad joven llamada K\u2019awil, y desde las enormes fauces abiertas del ofidio aparece un dios viejo y calvo, extendiendo sus manos hacia la joven&#8221;.\u00a0<\/p><p>&#8220;Algunos estudiosos interpretan a la formidable serpiente en esta escena de la cer\u00e1mica como el nawal o esp\u00edritu compa\u00f1ero de este linaje&#8230; Me pregunt\u00e9 si quedaba alg\u00fan rastro de esta escena en las creencias tradicionales de los mayas\u00a0<a style=\"font-style: normal; font-variant-ligatures: normal; font-variant-caps: normal; font-weight: 400; font-size: 16px; font-family: Roboto, sans-serif;\" href=\"https:\/\/soymigrante.com\/revista\/pueblo-qeqchi-es-el-idioma-maya-con-mayor-cifra-de-hablantes\/\">Q&#8217;eqchi&#8217;<\/a>\u2019 modernos. As\u00ed que investigu\u00e9 sobre la boa constrictor. Result\u00f3 que todos conoc\u00edan a la serpiente. Es llamada Ajaw Chan&#8221;<\/p>\t\t\t\t\t\t\t\t<\/div>\n\t\t\t\t\t<\/div>\n\t\t\t\t<\/div>\n\t\t<div data-particle_enable=\"false\" data-particle-mobile-disabled=\"false\" class=\"elementor-element elementor-element-e499689 e-flex e-con-boxed e-con e-parent\" data-id=\"e499689\" data-element_type=\"container\" data-e-type=\"container\">\n\t\t\t\t\t<div class=\"e-con-inner\">\n\t\t\t\t<div class=\"elementor-element elementor-element-6b9dc84 elementor-widget elementor-widget-image\" data-id=\"6b9dc84\" data-element_type=\"widget\" data-e-type=\"widget\" data-widget_type=\"image.default\">\n\t\t\t\t\t\t\t\t\t\t\t\t<figure class=\"wp-caption\">\n\t\t\t\t\t\t\t\t\t\t<img decoding=\"async\" width=\"768\" height=\"338\" src=\"https:\/\/soymigrante.com\/revista\/wp-content\/uploads\/2025\/02\/vaso-senora-serpiente-justin-kerr-1024x450.jpg\" class=\"attachment-large size-large wp-image-25762\" alt=\"Ancestro maya con serpiente emplumada y figuras rupestres en mural ancestral, representante de cultura ind\u00edgena mexicana y tradiciones ancestrales en M\u00e9xico.\" srcset=\"https:\/\/soymigrante.com\/revista\/wp-content\/uploads\/2025\/02\/vaso-senora-serpiente-justin-kerr-1024x450.jpg 1024w, https:\/\/soymigrante.com\/revista\/wp-content\/uploads\/2025\/02\/vaso-senora-serpiente-justin-kerr-300x132.jpg 300w, https:\/\/soymigrante.com\/revista\/wp-content\/uploads\/2025\/02\/vaso-senora-serpiente-justin-kerr-768x338.jpg 768w, https:\/\/soymigrante.com\/revista\/wp-content\/uploads\/2025\/02\/vaso-senora-serpiente-justin-kerr-750x330.webp 750w, https:\/\/soymigrante.com\/revista\/wp-content\/uploads\/2025\/02\/vaso-senora-serpiente-justin-kerr-1140x501.webp 1140w, https:\/\/soymigrante.com\/revista\/wp-content\/uploads\/2025\/02\/vaso-senora-serpiente-justin-kerr.webp 1306w\" sizes=\"(max-width: 768px) 100vw, 768px\" title=\"Esta es una imagen del vaso mediante la t\u00e9cnica rollout dise\u00f1ada por el fot\u00f3grafo Justin Kerr. SE presenta con fines educativos para divulgar una joya maya resguardada en Los Angeles. (Fotograf\u00eda Justin Kerr) \u2013 SoyMigrante.com REVISTA\" \/>\t\t\t\t\t\t\t\t\t\t\t<figcaption class=\"widget-image-caption wp-caption-text\">Mural ancestral ind\u00edgena con deidades y s\u00edmbolos mayas, destacando la riqueza cultural y art\u00edstica de M\u00e9xico, y la influencia de las civilizaciones antiguas en la historia mexicana.<\/figcaption>\n\t\t\t\t\t\t\t\t\t\t<\/figure>\n\t\t\t\t\t\t\t\t\t<\/div>\n\t\t\t\t\t<\/div>\n\t\t\t\t<\/div>\n\t\t<div data-particle_enable=\"false\" data-particle-mobile-disabled=\"false\" class=\"elementor-element elementor-element-9656783 e-flex e-con-boxed e-con e-parent\" data-id=\"9656783\" data-element_type=\"container\" data-e-type=\"container\">\n\t\t\t\t\t<div class=\"e-con-inner\">\n\t\t\t\t<div class=\"elementor-element elementor-element-49192b6 elementor-widget elementor-widget-heading\" data-id=\"49192b6\" data-element_type=\"widget\" data-e-type=\"widget\" data-widget_type=\"heading.default\">\n\t\t\t\t\t<h3 class=\"elementor-heading-title elementor-size-default\">Representa un renacer de generaciones<\/h3>\t\t\t\t<\/div>\n\t\t\t\t\t<\/div>\n\t\t\t\t<\/div>\n\t\t<div data-particle_enable=\"false\" data-particle-mobile-disabled=\"false\" class=\"elementor-element elementor-element-6944836 e-flex e-con-boxed e-con e-parent\" data-id=\"6944836\" data-element_type=\"container\" data-e-type=\"container\">\n\t\t\t\t\t<div class=\"e-con-inner\">\n\t\t\t\t<div class=\"elementor-element elementor-element-420461f elementor-widget elementor-widget-text-editor\" data-id=\"420461f\" data-element_type=\"widget\" data-e-type=\"widget\" data-widget_type=\"text-editor.default\">\n\t\t\t\t\t\t\t\t\t<p><span style=\"color: var( --e-global-color-text ); text-align: var(--text-align);\">&#8220;A primera vista, parece que la pobre joven ha sido atrapada por la serpiente y est\u00e1 condenada a morir. Pero no es as\u00ed; los textos jerogl\u00edficos adicionales sugieren que es ella quien ha invocado a la serpiente. Eso es exactamente lo que la gente sigue diciendo. La mujer es la joven diosa de la Luna, llamada Q&#8217;ana Po en <a href=\"https:\/\/soymigrante.com\/revista\/pueblo-qeqchi-es-el-idioma-maya-con-mayor-cifra-de-hablantes\/\">Q&#8217;eqchi&#8217;<\/a> Se\u00f1ora Luna&#8221;, explica Van Akkeren basado en tradiciones y explicaciones de pobladores <a href=\"https:\/\/soymigrante.com\/revista\/pueblo-qeqchi-es-el-idioma-maya-con-mayor-cifra-de-hablantes\/\">Q&#8217;eqchi&#8217;.<\/a><\/span><\/p><p><span style=\"color: var( --e-global-color-text ); text-align: var(--text-align);\">En otras palabras, esta escena es una representaci\u00f3n del ciclo de la vida representado en el <a href=\"https:\/\/soymigrante.com\/revista\/cuando-es-el-ano-nuevo-del-calendario-maya-lunar-cholqij\/\">calendario maya lunar<\/a>, un ciclo interminable de renovaci\u00f3n.<\/span><\/p><p>&#8220;La peque\u00f1a criatura K\u2019awil, a la que llamar\u00edan Ch\u2019ip, el dios m\u00e1s joven del Rayo, adem\u00e1s define al animal como una serpiente de trueno. Ajaw Chan puede crear un arco\u00edris con su aliento si desea detener la lluvia o el trueno, dijeron. El arco\u00edris est\u00e1 fuertemente asociado con la diosa de la Luna&#8221;, concluye el etnohistoriador.<\/p><div>\u00a0<\/div>\t\t\t\t\t\t\t\t<\/div>\n\t\t\t\t\t<\/div>\n\t\t\t\t<\/div>\n\t\t<div data-particle_enable=\"false\" data-particle-mobile-disabled=\"false\" class=\"elementor-element elementor-element-1779b59 e-flex e-con-boxed e-con e-parent\" data-id=\"1779b59\" data-element_type=\"container\" data-e-type=\"container\">\n\t\t\t\t\t<div class=\"e-con-inner\">\n\t\t\t\t<div class=\"elementor-element elementor-element-96c7aa8 elementor-widget elementor-widget-image\" data-id=\"96c7aa8\" data-element_type=\"widget\" data-e-type=\"widget\" data-widget_type=\"image.default\">\n\t\t\t\t\t\t\t\t\t\t\t\t<figure class=\"wp-caption\">\n\t\t\t\t\t\t\t\t\t\t<img loading=\"lazy\" decoding=\"async\" width=\"600\" height=\"376\" src=\"https:\/\/soymigrante.com\/revista\/wp-content\/uploads\/2024\/12\/resnick.webp\" class=\"attachment-large size-large wp-image-15801\" alt=\"Maqueta del edificio principal de SoyMigrante.com Revista al atardecer, destacando su arquitectura moderna y distintivos colores rojos, en un entorno que combina urbanismo y naturaleza en un paisaje urbano.\" srcset=\"https:\/\/soymigrante.com\/revista\/wp-content\/uploads\/2024\/12\/resnick.webp 600w, https:\/\/soymigrante.com\/revista\/wp-content\/uploads\/2024\/12\/resnick-300x188.jpg 300w\" sizes=\"(max-width: 600px) 100vw, 600px\" title=\"Este 9 de diciembre de 2024 cumple un a\u00f1o de inaugurado el Pabell\u00f3n Resnick. El pabell\u00f3n Resnick es una de las \u00e1reas m\u00e1s recientes del Museo de Arte de Los Angeles. Es all\u00ed donde se expone el Vaso de los 11 Dioses, de la cultura maya prehisp\u00e1nica guatemalteca, adem\u00e1s de joyas de otras culturas. (Foto comunicado del Museo LACMA) \u2013 SoyMigrante.com REVISTA\" \/>\t\t\t\t\t\t\t\t\t\t\t<figcaption class=\"widget-image-caption wp-caption-text\">Edificio modernista en un entorno urbano al atardecer, s\u00edmbolo de innovaci\u00f3n y migraci\u00f3n en M\u00e9xico.<\/figcaption>\n\t\t\t\t\t\t\t\t\t\t<\/figure>\n\t\t\t\t\t\t\t\t\t<\/div>\n\t\t\t\t\t<\/div>\n\t\t\t\t<\/div>\n\t\t<div data-particle_enable=\"false\" data-particle-mobile-disabled=\"false\" class=\"elementor-element elementor-element-d01980f e-flex e-con-boxed e-con e-parent\" data-id=\"d01980f\" data-element_type=\"container\" data-e-type=\"container\">\n\t\t\t\t\t<div class=\"e-con-inner\">\n\t\t\t\t<div class=\"elementor-element elementor-element-1f37ac9 elementor-widget elementor-widget-text-editor\" data-id=\"1f37ac9\" data-element_type=\"widget\" data-e-type=\"widget\" data-widget_type=\"text-editor.default\">\n\t\t\t\t\t\t\t\t\t<p><a href=\"https:\/\/www.lacma.org\/tickets\">El Museo de Arte del condado de Los Angeles <\/a>est\u00e1 abierto a todo el p\u00fablico. Es el m\u00e1s grande de la zona este de EE.UU. y contiene una rica colecci\u00f3n de historia de m\u00fachas culturas, incluyendo la maya guatemalteca prehisp\u00e1nica.<\/p><p>Puede ser visitado de jueves a martes. El mi\u00e9rcoles est\u00e1 cerrado. Los horarios son\u00a0 Lunes, martes y jueves, de 11 a 18 horas. El viernes, de 11 a 20 horas. El s\u00e1bado y domingo, de 10 a 19 horas.<\/p><p>La entrada para ni\u00f1os y j\u00f3venes de 12 a 17 a\u00f1os residentes en el Condado de Los Angeles es gratuita. Para adultos residentes del \u00e1rea la entrada cuesta US$23 y si no residen en el \u00e1rea U$28.\u00a0<br \/>Mayores de 65 a\u00f1os pagan US$24. Estudiantes con carn\u00e9 US$19 residentes, y US$24 de otros condados.}<\/p>\t\t\t\t\t\t\t\t<\/div>\n\t\t\t\t\t<\/div>\n\t\t\t\t<\/div>\n\t\t<div data-particle_enable=\"false\" data-particle-mobile-disabled=\"false\" class=\"elementor-element elementor-element-67c8791 e-flex e-con-boxed e-con e-parent\" data-id=\"67c8791\" data-element_type=\"container\" data-e-type=\"container\">\n\t\t\t\t\t<div class=\"e-con-inner\">\n\t\t\t\t<div class=\"elementor-element elementor-element-13ac40f elementor-widget elementor-widget-google_maps\" data-id=\"13ac40f\" data-element_type=\"widget\" data-e-type=\"widget\" data-widget_type=\"google_maps.default\">\n\t\t\t\t\t\t\t<div class=\"elementor-custom-embed\">\n\t\t\t<iframe loading=\"lazy\"\n\t\t\t\t\tsrc=\"https:\/\/maps.google.com\/maps?q=LACMA&#038;t=m&#038;z=10&#038;output=embed&#038;iwloc=near\"\n\t\t\t\t\ttitle=\"LACMA\"\n\t\t\t\t\taria-label=\"LACMA\"\n\t\t\t><\/iframe>\n\t\t<\/div>\n\t\t\t\t\t\t<\/div>\n\t\t\t\t\t<\/div>\n\t\t\t\t<\/div>\n\t\t<div data-particle_enable=\"false\" data-particle-mobile-disabled=\"false\" class=\"elementor-element elementor-element-00c6e14 e-flex e-con-boxed e-con e-parent\" data-id=\"00c6e14\" data-element_type=\"container\" data-e-type=\"container\">\n\t\t\t\t\t<div class=\"e-con-inner\">\n\t\t\t\t<div class=\"elementor-element elementor-element-3ec788a elementor-widget elementor-widget-heading\" data-id=\"3ec788a\" data-element_type=\"widget\" data-e-type=\"widget\" data-widget_type=\"heading.default\">\n\t\t\t\t\t<h2 class=\"elementor-heading-title elementor-size-default\">El tesoro cultural prehisp\u00e1nico de Guatemala es fascinante<\/h2>\t\t\t\t<\/div>\n\t\t\t\t\t<\/div>\n\t\t\t\t<\/div>\n\t\t<div data-particle_enable=\"false\" data-particle-mobile-disabled=\"false\" class=\"elementor-element elementor-element-f9bfe2f e-flex e-con-boxed e-con e-parent\" data-id=\"f9bfe2f\" data-element_type=\"container\" data-e-type=\"container\">\n\t\t\t\t\t<div class=\"e-con-inner\">\n\t\t\t\t<div class=\"elementor-element elementor-element-0d86ac9 elementor-grid-eael-col-3 elementor-grid-tablet-eael-col-2 elementor-grid-mobile-eael-col-1 elementor-widget elementor-widget-eael-post-grid\" data-id=\"0d86ac9\" data-element_type=\"widget\" data-e-type=\"widget\" data-settings=\"{&quot;eael_post_grid_columns&quot;:&quot;eael-col-3&quot;,&quot;eael_post_grid_columns_tablet&quot;:&quot;eael-col-2&quot;,&quot;eael_post_grid_columns_mobile&quot;:&quot;eael-col-1&quot;}\" data-widget_type=\"eael-post-grid.default\">\n\t\t\t\t\t<div id=\"eael-post-grid-0d86ac9\" class=\"eael-post-grid-container\">\n            <div class=\"eael-post-grid eael-post-appender eael-post-appender-0d86ac9 eael-post-grid-style-one\" data-layout-mode=\"masonry\"><article class=\"eael-grid-post  eael-post-grid-column eael-pg-post-23891 category-guate-nuestra\" data-id=\"23891\">\n        <div class=\"eael-grid-post-holder\">\n            <div class=\"eael-grid-post-holder-inner\"><div class=\"eael-entry-media\"><div class=\"eael-entry-overlay fade-in\"><i class=\"far fa-hand-pointer\" aria-hidden=\"true\"><\/i><a href=\"https:\/\/soymigrante.com\/revista\/donde-esta-la-ciudad-maya-de-holmul-y-por-que-es-tan-importante\/\"><\/a><\/div><div class=\"eael-entry-thumbnail \">\n                <img loading=\"lazy\" decoding=\"async\" width=\"960\" height=\"643\" src=\"https:\/\/soymigrante.com\/revista\/wp-content\/uploads\/2025\/02\/Holmul-3.webp\" class=\"attachment-large size-large wp-image-23892\" alt=\"Antigua escultura maya en una cueva, descubrimiento arqueol\u00f3gico en M\u00e9xico, patrimonio cultural, historia prehisp\u00e1nica, memoria ancestral.\" srcset=\"https:\/\/soymigrante.com\/revista\/wp-content\/uploads\/2025\/02\/Holmul-3.webp 960w, https:\/\/soymigrante.com\/revista\/wp-content\/uploads\/2025\/02\/Holmul-3-300x201.jpeg 300w, https:\/\/soymigrante.com\/revista\/wp-content\/uploads\/2025\/02\/Holmul-3-768x514.jpeg 768w, https:\/\/soymigrante.com\/revista\/wp-content\/uploads\/2025\/02\/Holmul-3-750x502.webp 750w\" sizes=\"(max-width: 960px) 100vw, 960px\" \/>\n            <\/div>\n        <\/div><div class=\"eael-entry-wrapper\"><header class=\"eael-entry-header\"><h2 class=\"eael-entry-title\"><a class=\"eael-grid-post-link\" href=\"https:\/\/soymigrante.com\/revista\/donde-esta-la-ciudad-maya-de-holmul-y-por-que-es-tan-importante\/\" title=\"\u00bfD\u00f3nde est\u00e1 la ciudad maya de Holmul y por qu\u00e9 es tan importante?\">\u00bfD\u00f3nde est\u00e1 la ciudad maya de Holmul y por qu\u00e9 es tan importante?<\/a><\/h2><\/header><div class=\"eael-entry-content\">\n                        <div class=\"eael-grid-post-excerpt\"><a href=\"https:\/\/soymigrante.com\/revista\/donde-esta-la-ciudad-maya-de-holmul-y-por-que-es-tan-importante\/\" class=\"eael-post-elements-readmore-btn\">CONOCE SU HISTORIA <\/a><\/div>\n                    <\/div><\/div><\/div>\n        <\/div>\n    <\/article><article class=\"eael-grid-post  eael-post-grid-column eael-pg-post-21323 category-guate-nuestra\" data-id=\"21323\">\n        <div class=\"eael-grid-post-holder\">\n            <div class=\"eael-grid-post-holder-inner\"><div class=\"eael-entry-media\"><div class=\"eael-entry-overlay fade-in\"><i class=\"far fa-hand-pointer\" aria-hidden=\"true\"><\/i><a href=\"https:\/\/soymigrante.com\/revista\/cuando-fue-fundada-gumarcaaj-la-antigua-capital-del-reino-kiche-preguntas-y-respuestas\/\"><\/a><\/div><div class=\"eael-entry-thumbnail \">\n                <img loading=\"lazy\" decoding=\"async\" width=\"722\" height=\"722\" src=\"https:\/\/soymigrante.com\/revista\/wp-content\/uploads\/2025\/01\/gumarcaaj.webp\" class=\"attachment-large size-large wp-image-21602\" alt=\"Restos arqueol\u00f3gicos y estructura antigua en un entorno boscoso, hallazgos hist\u00f3ricos y culturales en la selva, vestigios de civilizaciones antiguas en un paisaje natural.\" srcset=\"https:\/\/soymigrante.com\/revista\/wp-content\/uploads\/2025\/01\/gumarcaaj.webp 722w, https:\/\/soymigrante.com\/revista\/wp-content\/uploads\/2025\/01\/gumarcaaj-300x300.jpg 300w, https:\/\/soymigrante.com\/revista\/wp-content\/uploads\/2025\/01\/gumarcaaj-150x150.jpg 150w, https:\/\/soymigrante.com\/revista\/wp-content\/uploads\/2025\/01\/gumarcaaj-75x75.webp 75w\" sizes=\"(max-width: 722px) 100vw, 722px\" \/>\n            <\/div>\n        <\/div><div class=\"eael-entry-wrapper\"><header class=\"eael-entry-header\"><h2 class=\"eael-entry-title\"><a class=\"eael-grid-post-link\" href=\"https:\/\/soymigrante.com\/revista\/cuando-fue-fundada-gumarcaaj-la-antigua-capital-del-reino-kiche-preguntas-y-respuestas\/\" title=\"\u00bfCu\u00e1ndo fue fundada Gumarcaaj, la antigua capital del reino k&#8217;iche&#8217;? Preguntas y respuestas.\">\u00bfCu\u00e1ndo fue fundada Gumarcaaj, la antigua capital del reino k&#8217;iche&#8217;? Preguntas y respuestas.<\/a><\/h2><\/header><div class=\"eael-entry-content\">\n                        <div class=\"eael-grid-post-excerpt\"><a href=\"https:\/\/soymigrante.com\/revista\/cuando-fue-fundada-gumarcaaj-la-antigua-capital-del-reino-kiche-preguntas-y-respuestas\/\" class=\"eael-post-elements-readmore-btn\">CONOCE SU HISTORIA <\/a><\/div>\n                    <\/div><\/div><\/div>\n        <\/div>\n    <\/article><article class=\"eael-grid-post  eael-post-grid-column eael-pg-post-10441 category-guate-nuestra\" data-id=\"10441\">\n        <div class=\"eael-grid-post-holder\">\n            <div class=\"eael-grid-post-holder-inner\"><div class=\"eael-entry-media\"><div class=\"eael-entry-overlay fade-in\"><i class=\"far fa-hand-pointer\" aria-hidden=\"true\"><\/i><a href=\"https:\/\/soymigrante.com\/revista\/uaxactun-la-ciudad-maya-que-sigue-viva-en-la-selva\/\"><\/a><\/div><div class=\"eael-entry-thumbnail \">\n                <img loading=\"lazy\" decoding=\"async\" width=\"1024\" height=\"768\" src=\"https:\/\/soymigrante.com\/revista\/wp-content\/uploads\/2024\/10\/Uaxactun-La-ciudad-maya-que-sigue-viva-en-la-selva-4-1024x768.webp\" class=\"attachment-large size-large wp-image-10442\" alt=\"Ruinas mayas antiguas en medio de la selva, patrimonio cultural e hist\u00f3rica de M\u00e9xico, fascinante historia y arquitectura impresionante, ideal para explorar y aprender sobre las civilizaciones antiguas.\" srcset=\"https:\/\/soymigrante.com\/revista\/wp-content\/uploads\/2024\/10\/Uaxactun-La-ciudad-maya-que-sigue-viva-en-la-selva-4-1024x768.webp 1024w, https:\/\/soymigrante.com\/revista\/wp-content\/uploads\/2024\/10\/Uaxactun-La-ciudad-maya-que-sigue-viva-en-la-selva-4-300x225.webp 300w, https:\/\/soymigrante.com\/revista\/wp-content\/uploads\/2024\/10\/Uaxactun-La-ciudad-maya-que-sigue-viva-en-la-selva-4-768x576.webp 768w, https:\/\/soymigrante.com\/revista\/wp-content\/uploads\/2024\/10\/Uaxactun-La-ciudad-maya-que-sigue-viva-en-la-selva-4-1536x1152.webp 1536w, https:\/\/soymigrante.com\/revista\/wp-content\/uploads\/2024\/10\/Uaxactun-La-ciudad-maya-que-sigue-viva-en-la-selva-4-750x563.webp 750w, https:\/\/soymigrante.com\/revista\/wp-content\/uploads\/2024\/10\/Uaxactun-La-ciudad-maya-que-sigue-viva-en-la-selva-4-1140x855.webp 1140w, https:\/\/soymigrante.com\/revista\/wp-content\/uploads\/2024\/10\/Uaxactun-La-ciudad-maya-que-sigue-viva-en-la-selva-4.webp 1600w\" sizes=\"(max-width: 1024px) 100vw, 1024px\" \/>\n            <\/div>\n        <\/div><div class=\"eael-entry-wrapper\"><header class=\"eael-entry-header\"><h2 class=\"eael-entry-title\"><a class=\"eael-grid-post-link\" href=\"https:\/\/soymigrante.com\/revista\/uaxactun-la-ciudad-maya-que-sigue-viva-en-la-selva\/\" title=\"Uaxact\u00fan: La ciudad maya que sigue viva en la selva\">Uaxact\u00fan: La ciudad maya que sigue viva en la selva<\/a><\/h2><\/header><div class=\"eael-entry-content\">\n                        <div class=\"eael-grid-post-excerpt\"><a href=\"https:\/\/soymigrante.com\/revista\/uaxactun-la-ciudad-maya-que-sigue-viva-en-la-selva\/\" class=\"eael-post-elements-readmore-btn\">CONOCE SU HISTORIA <\/a><\/div>\n                    <\/div><\/div><\/div>\n        <\/div>\n    <\/article><\/div>\n            <div class=\"clearfix\"><\/div>\n        <\/div>\t\t\t\t<\/div>\n\t\t\t\t\t<\/div>\n\t\t\t\t<\/div>\n\t\t\t\t<\/div>\n\t\t","protected":false},"excerpt":{"rendered":"<p>Originario de Guatemala y conservada en el Museo del Condado de Los Angeles, este vaso muetra a la Se\u00f1ora Q&#8217;ana&#8217; o Se\u00f1ora Luna siendo enroscada por la pierna convertida en cola de serpiente del Dios K. Es una aut\u00e9ntica joya maya migrante. \u00bfQu\u00e9 significa? Dentro de la cosmovisi\u00f3n maya existe la representaci\u00f3n de una deidad [&hellip;]<\/p>\n","protected":false},"author":7,"featured_media":25756,"comment_status":"open","ping_status":"open","sticky":false,"template":"","format":"standard","meta":{"_acf_changed":false,"_eb_attr":"","footnotes":""},"categories":[58],"tags":[134],"class_list":["post-25755","post","type-post","status-publish","format-standard","has-post-thumbnail","hentry","category-guate-nuestra","tag-joyas-mayas-migrantes"],"acf":[],"aioseo_notices":[],"aioseo_head":"\n\t\t<!-- All in One SEO Pro 4.9.6.2 - aioseo.com -->\n\t<meta name=\"description\" content=\"Se trata de un sitio arqueol\u00f3gico maya a\u00fan muy poco conocido y pr\u00f3ximo a Tikal. Vale la pena ir, tan solo para aprecier la arquitectura orientada a los solsticios.\" \/>\n\t<meta name=\"robots\" content=\"max-snippet:-1, max-image-preview:large, max-video-preview:-1\" \/>\n\t<meta name=\"author\" content=\"Marysabel Aldana\"\/>\n\t<link rel=\"canonical\" href=\"https:\/\/soymigrante.com\/revista\/uaxactun-la-ciudad-maya-que-sigue-viva-en-la-selva\/\" \/>\n\t<meta name=\"generator\" content=\"All in One SEO Pro (AIOSEO) 4.9.6.2\" \/>\n\n\t\t<link rel=\"preconnect\" href=\"https:\/\/fonts.googleapis.com\" crossorigin>\n<link rel=\"preconnect\" href=\"https:\/\/fonts.gstatic.com\" crossorigin>\n\t\t<meta property=\"og:locale\" content=\"es_ES\" \/>\n\t\t<meta property=\"og:site_name\" content=\"SoyMigrante.com REVISTA \u2013 Nuestra misi\u00f3n es reconocer y dignificar al migrante.\" \/>\n\t\t<meta property=\"og:type\" content=\"article\" \/>\n\t\t<meta property=\"og:title\" content=\"Uaxact\u00fan: La ciudad maya que sigue viva en la selva\" \/>\n\t\t<meta property=\"og:description\" content=\"Se trata de un sitio arqueol\u00f3gico maya a\u00fan muy poco conocido y pr\u00f3ximo a Tikal. Vale la pena ir, tan solo para aprecier la arquitectura orientada a los solsticios.\" \/>\n\t\t<meta property=\"og:url\" content=\"https:\/\/soymigrante.com\/revista\/uaxactun-la-ciudad-maya-que-sigue-viva-en-la-selva\/\" \/>\n\t\t<meta property=\"og:image\" content=\"https:\/\/soymigrante.com\/revista\/wp-content\/uploads\/2024\/10\/Uaxactun-La-ciudad-maya-que-sigue-viva-en-la-selva-4-e1729110197759.webp\" \/>\n\t\t<meta property=\"og:image:secure_url\" content=\"https:\/\/soymigrante.com\/revista\/wp-content\/uploads\/2024\/10\/Uaxactun-La-ciudad-maya-que-sigue-viva-en-la-selva-4-e1729110197759.webp\" \/>\n\t\t<meta property=\"og:image:width\" content=\"1600\" \/>\n\t\t<meta property=\"og:image:height\" content=\"1200\" \/>\n\t\t<meta property=\"article:published_time\" content=\"2024-10-17T00:29:38+00:00\" \/>\n\t\t<meta property=\"article:modified_time\" content=\"2025-06-21T20:31:50+00:00\" \/>\n\t\t<meta property=\"article:publisher\" content=\"https:\/\/www.facebook.com\/soymigrantecom\" \/>\n\t\t<meta name=\"twitter:card\" content=\"summary_large_image\" \/>\n\t\t<meta name=\"twitter:site\" content=\"@SoyMigrante_com\" \/>\n\t\t<meta name=\"twitter:title\" content=\"Uaxact\u00fan: La ciudad maya que sigue viva en la selva\" \/>\n\t\t<meta name=\"twitter:description\" content=\"Se trata de un sitio arqueol\u00f3gico maya a\u00fan muy poco conocido y pr\u00f3ximo a Tikal. Vale la pena ir, tan solo para aprecier la arquitectura orientada a los solsticios.\" \/>\n\t\t<meta name=\"twitter:creator\" content=\"@SoyMigrante_com\" \/>\n\t\t<meta name=\"twitter:image\" content=\"https:\/\/soymigrante.com\/revista\/wp-content\/uploads\/2024\/10\/Uaxactun-La-ciudad-maya-que-sigue-viva-en-la-selva-4-e1729110197759.webp\" \/>\n\t\t<!-- All in One SEO Pro -->\r\n\t\t<title>Uaxact\u00fan: La ciudad maya que sigue viva en la selva<\/title>\n\n","aioseo_head_json":{"title":"Uaxact\u00fan: La ciudad maya que sigue viva en la selva","description":"Se trata de un sitio arqueol\u00f3gico maya a\u00fan muy poco conocido y pr\u00f3ximo a Tikal. Vale la pena ir, tan solo para aprecier la arquitectura orientada a los solsticios.","canonical_url":"https:\/\/soymigrante.com\/revista\/uaxactun-la-ciudad-maya-que-sigue-viva-en-la-selva\/","robots":"max-snippet:-1, max-image-preview:large, max-video-preview:-1","keywords":"","webmasterTools":{"miscellaneous":"&lt;link rel=\"preconnect\" href=\"https:\/\/fonts.googleapis.com\" crossorigin&gt;\n&lt;link rel=\"preconnect\" href=\"https:\/\/fonts.gstatic.com\" crossorigin&gt;"},"schema":null,"og:locale":"es_ES","og:site_name":"SoyMigrante.com REVISTA \u2013 Nuestra misi\u00f3n es reconocer y dignificar al migrante.","og:type":"article","og:title":"Uaxact\u00fan: La ciudad maya que sigue viva en la selva","og:description":"Se trata de un sitio arqueol\u00f3gico maya a\u00fan muy poco conocido y pr\u00f3ximo a Tikal. Vale la pena ir, tan solo para aprecier la arquitectura orientada a los solsticios.","og:url":"https:\/\/soymigrante.com\/revista\/uaxactun-la-ciudad-maya-que-sigue-viva-en-la-selva\/","og:image":"https:\/\/soymigrante.com\/revista\/wp-content\/uploads\/2024\/10\/Uaxactun-La-ciudad-maya-que-sigue-viva-en-la-selva-4-e1729110197759.webp","og:image:secure_url":"https:\/\/soymigrante.com\/revista\/wp-content\/uploads\/2024\/10\/Uaxactun-La-ciudad-maya-que-sigue-viva-en-la-selva-4-e1729110197759.webp","og:image:width":1600,"og:image:height":1200,"article:published_time":"2024-10-17T00:29:38+00:00","article:modified_time":"2025-06-21T20:31:50+00:00","article:publisher":"https:\/\/www.facebook.com\/soymigrantecom","twitter:card":"summary_large_image","twitter:site":"@SoyMigrante_com","twitter:title":"Uaxact\u00fan: La ciudad maya que sigue viva en la selva","twitter:description":"Se trata de un sitio arqueol\u00f3gico maya a\u00fan muy poco conocido y pr\u00f3ximo a Tikal. Vale la pena ir, tan solo para aprecier la arquitectura orientada a los solsticios.","twitter:creator":"@SoyMigrante_com","twitter:image":"https:\/\/soymigrante.com\/revista\/wp-content\/uploads\/2024\/10\/Uaxactun-La-ciudad-maya-que-sigue-viva-en-la-selva-4-e1729110197759.webp"},"aioseo_meta_data":{"post_id":"25755","title":"Vaso maya con se\u00f1ora Luna envuelta por serpiente est\u00e1 en L.A,","description":"En este vaso se conserva en Los Angeles County Museum, una mujer, la Se\u00f1ora Q'ana' est\u00e1 junto al Dios K. Es una m\u00e1s de las joyas mayas migrantes.","keywords":null,"keyphrases":{"focus":{"keyphrase":"Mayas","score":65,"analysis":{"keyphraseInTitle":{"score":3,"maxScore":9,"error":1},"keyphraseInDescription":{"score":9,"maxScore":9,"error":0},"keyphraseLength":{"score":9,"maxScore":9,"error":0,"length":1},"keyphraseInURL":{"score":5,"maxScore":5,"error":0},"keyphraseInIntroduction":{"score":3,"maxScore":9,"error":1},"keyphraseInSubHeadings":{"score":3,"maxScore":9,"error":1},"keyphraseInImageAlt":{"score":3,"maxScore":9,"error":1},"keywordDensity":{"type":"best","score":9,"maxScore":9,"error":0}}},"additional":[{"keyphrase":"Joyas mayas migrantes","score":53,"analysis":{"keyphraseInDescription":{"score":9,"maxScore":9,"error":0},"keyphraseLength":{"score":9,"maxScore":9,"error":0,"length":3},"keyphraseInIntroduction":{"score":3,"maxScore":9,"error":1},"keyphraseInImageAlt":{"score":3,"maxScore":9,"error":1},"keywordDensity":{"score":0,"type":"low","maxScore":9,"error":1}}},{"keyphrase":"Piezas mayas","score":40,"analysis":{"keyphraseInDescription":{"score":3,"maxScore":9,"error":1},"keyphraseLength":{"score":9,"maxScore":9,"error":0,"length":2},"keyphraseInIntroduction":{"score":3,"maxScore":9,"error":1},"keyphraseInImageAlt":{"score":3,"maxScore":9,"error":1},"keywordDensity":{"score":0,"type":"low","maxScore":9,"error":1}}},{"keyphrase":"Patrimonio","score":53,"analysis":{"keyphraseInDescription":{"score":3,"maxScore":9,"error":1},"keyphraseLength":{"score":9,"maxScore":9,"error":0,"length":1},"keyphraseInIntroduction":{"score":3,"maxScore":9,"error":1},"keyphraseInImageAlt":{"score":9,"maxScore":9,"error":0},"keywordDensity":{"score":0,"type":"low","maxScore":9,"error":1}}},{"keyphrase":"Los Angeles","score":87,"analysis":{"keyphraseInDescription":{"score":9,"maxScore":9,"error":0},"keyphraseLength":{"score":9,"maxScore":9,"error":0,"length":2},"keyphraseInIntroduction":{"score":3,"maxScore":9,"error":1},"keyphraseInImageAlt":{"score":9,"maxScore":9,"error":0},"keywordDensity":{"type":"best","score":9,"maxScore":9,"error":0}}}]},"primary_term":null,"canonical_url":null,"og_title":null,"og_description":null,"og_object_type":"default","og_image_type":"default","og_image_url":null,"og_image_width":null,"og_image_height":null,"og_image_custom_url":null,"og_image_custom_fields":null,"og_video":"","og_custom_url":null,"og_article_section":null,"og_article_tags":null,"twitter_use_og":false,"twitter_card":"default","twitter_image_type":"default","twitter_image_url":null,"twitter_image_custom_url":null,"twitter_image_custom_fields":null,"twitter_title":null,"twitter_description":null,"schema":{"blockGraphs":[],"customGraphs":[],"default":{"data":{"Article":[],"Course":[],"Dataset":[],"FAQPage":[],"Movie":[],"Person":[],"Product":[],"ProductReview":[],"Car":[],"Recipe":[],"Service":[],"SoftwareApplication":[],"WebPage":[]},"graphName":"BlogPosting","isEnabled":true},"graphs":[]},"schema_type":"default","schema_type_options":null,"pillar_content":false,"robots_default":true,"robots_noindex":false,"robots_noarchive":false,"robots_nosnippet":false,"robots_nofollow":false,"robots_noimageindex":false,"robots_noodp":false,"robots_notranslate":false,"robots_max_snippet":"-1","robots_max_videopreview":"-1","robots_max_imagepreview":"large","priority":null,"frequency":"default","local_seo":null,"seo_analyzer_scan_date":"2025-10-09 02:42:54","breadcrumb_settings":null,"limit_modified_date":false,"reviewed_by":null,"open_ai":"{\"title\":{\"suggestions\":[],\"usage\":0},\"description\":{\"suggestions\":[],\"usage\":0}}","ai":null,"created":"2025-02-17 03:13:56","updated":"2026-02-04 21:40:13"},"aioseo_breadcrumb":"<div class=\"aioseo-breadcrumbs\"><span class=\"aioseo-breadcrumb\">\n\t<a href=\"https:\/\/soymigrante.com\/revista\" title=\"Home\">Home<\/a>\n<\/span><span class=\"aioseo-breadcrumb-separator\">\u00bb<\/span><span class=\"aioseo-breadcrumb\">\n\t<a href=\"https:\/\/soymigrante.com\/revista\/category\/guate-nuestra\/\" title=\"Guate Nuestra\">Guate Nuestra<\/a>\n<\/span><span class=\"aioseo-breadcrumb-separator\">\u00bb<\/span><span class=\"aioseo-breadcrumb\">\n\tJoyas mayas migrantes: Se\u00f1ora Luna envuelta por una serpiente, vaso conservado en Los Angeles\n<\/span><\/div>","aioseo_breadcrumb_json":[{"label":"Home","link":"https:\/\/soymigrante.com\/revista"},{"label":"Guate Nuestra","link":"https:\/\/soymigrante.com\/revista\/category\/guate-nuestra\/"},{"label":"Joyas mayas migrantes: Se\u00f1ora Luna envuelta por una serpiente, vaso conservado en Los Angeles","link":"https:\/\/soymigrante.com\/revista\/joyas-mayas-migrantes-senora-luna-envuelta-por-una-serpiente-vaso-conservado-en-los-angeles\/"}],"_links":{"self":[{"href":"https:\/\/soymigrante.com\/revista\/wp-json\/wp\/v2\/posts\/25755","targetHints":{"allow":["GET"]}}],"collection":[{"href":"https:\/\/soymigrante.com\/revista\/wp-json\/wp\/v2\/posts"}],"about":[{"href":"https:\/\/soymigrante.com\/revista\/wp-json\/wp\/v2\/types\/post"}],"author":[{"embeddable":true,"href":"https:\/\/soymigrante.com\/revista\/wp-json\/wp\/v2\/users\/7"}],"replies":[{"embeddable":true,"href":"https:\/\/soymigrante.com\/revista\/wp-json\/wp\/v2\/comments?post=25755"}],"version-history":[{"count":3,"href":"https:\/\/soymigrante.com\/revista\/wp-json\/wp\/v2\/posts\/25755\/revisions"}],"predecessor-version":[{"id":33355,"href":"https:\/\/soymigrante.com\/revista\/wp-json\/wp\/v2\/posts\/25755\/revisions\/33355"}],"wp:featuredmedia":[{"embeddable":true,"href":"https:\/\/soymigrante.com\/revista\/wp-json\/wp\/v2\/media\/25756"}],"wp:attachment":[{"href":"https:\/\/soymigrante.com\/revista\/wp-json\/wp\/v2\/media?parent=25755"}],"wp:term":[{"taxonomy":"category","embeddable":true,"href":"https:\/\/soymigrante.com\/revista\/wp-json\/wp\/v2\/categories?post=25755"},{"taxonomy":"post_tag","embeddable":true,"href":"https:\/\/soymigrante.com\/revista\/wp-json\/wp\/v2\/tags?post=25755"}],"curies":[{"name":"wp","href":"https:\/\/api.w.org\/{rel}","templated":true}]}}