{"id":2573,"date":"2023-09-13T13:08:40","date_gmt":"2023-09-13T13:08:40","guid":{"rendered":"https:\/\/soymigrante.com\/revista\/?p=2573"},"modified":"2024-07-30T12:56:49","modified_gmt":"2024-07-30T18:56:49","slug":"migrantes-guatemaltecos-promueven-y-resaltan-la-belleza-de-su-pais","status":"publish","type":"post","link":"https:\/\/soymigrante.com\/revista\/migrantes-guatemaltecos-promueven-y-resaltan-la-belleza-de-su-pais\/","title":{"rendered":"Migrantes guatemaltecos en Oklahoma se unen para celebrar su identidad"},"content":{"rendered":"\t\t<div data-elementor-type=\"wp-post\" data-elementor-id=\"2573\" class=\"elementor elementor-2573\" data-elementor-post-type=\"post\">\n\t\t\t\t\t\t<section data-particle_enable=\"false\" data-particle-mobile-disabled=\"false\" class=\"elementor-section elementor-top-section elementor-element elementor-element-83065fe elementor-section-boxed elementor-section-height-default elementor-section-height-default\" data-id=\"83065fe\" data-element_type=\"section\" data-e-type=\"section\">\n\t\t\t\t\t\t<div class=\"elementor-container elementor-column-gap-default\">\n\t\t\t\t\t<div class=\"elementor-column elementor-col-100 elementor-top-column elementor-element elementor-element-80f1a3a\" data-id=\"80f1a3a\" data-element_type=\"column\" data-e-type=\"column\">\n\t\t\t<div class=\"elementor-widget-wrap elementor-element-populated\">\n\t\t\t\t\t\t<div class=\"elementor-element elementor-element-44e07e0 elementor-widget elementor-widget-heading\" data-id=\"44e07e0\" data-element_type=\"widget\" data-e-type=\"widget\" data-widget_type=\"heading.default\">\n\t\t\t\t\t<h1 class=\"elementor-heading-title elementor-size-default\">Grupo de baile tradicional y elecciones de reinas locales son promovidos por migrantes guatemaltecos en Oklahoma para preservar sus ra\u00edces, sobre todo en el mes patrio.  \n<\/h1>\t\t\t\t<\/div>\n\t\t\t\t\t<\/div>\n\t\t<\/div>\n\t\t\t\t\t<\/div>\n\t\t<\/section>\n\t\t\t\t<section data-particle_enable=\"false\" data-particle-mobile-disabled=\"false\" class=\"elementor-section elementor-top-section elementor-element elementor-element-a27a44e elementor-section-boxed elementor-section-height-default elementor-section-height-default\" data-id=\"a27a44e\" data-element_type=\"section\" data-e-type=\"section\">\n\t\t\t\t\t\t<div class=\"elementor-container elementor-column-gap-default\">\n\t\t\t\t\t<div class=\"elementor-column elementor-col-100 elementor-top-column elementor-element elementor-element-f50fa62\" data-id=\"f50fa62\" data-element_type=\"column\" data-e-type=\"column\">\n\t\t\t<div class=\"elementor-widget-wrap elementor-element-populated\">\n\t\t\t\t\t\t<div class=\"elementor-element elementor-element-7f80f36 elementor-widget elementor-widget-image\" data-id=\"7f80f36\" data-element_type=\"widget\" data-e-type=\"widget\" data-widget_type=\"image.default\">\n\t\t\t\t\t\t\t\t\t\t\t\t<figure class=\"wp-caption\">\n\t\t\t\t\t\t\t\t\t\t<img fetchpriority=\"high\" decoding=\"async\" width=\"768\" height=\"790\" src=\"https:\/\/soymigrante.com\/revista\/wp-content\/uploads\/2023\/09\/Hilda-De-Leon-es-originaria-de-Quetzaltenango-Guatemala-llego-a-Estados-Unidos-en-el-ano-1992-impulsa-proyectos-culturales-y-sociales-para-no-olvidar-sus-raices--995x1024.webp\" class=\"attachment-large size-large wp-image-2575\" alt=\"Hilda De Le\u00f3n es originaria de Quetzaltenango, Guatemala, lleg\u00f3 a Estados Unidos en el a\u00f1o 1992, impulsa proyectos culturales y sociales para no olvidar sus ra\u00edces\" srcset=\"https:\/\/soymigrante.com\/revista\/wp-content\/uploads\/2023\/09\/Hilda-De-Leon-es-originaria-de-Quetzaltenango-Guatemala-llego-a-Estados-Unidos-en-el-ano-1992-impulsa-proyectos-culturales-y-sociales-para-no-olvidar-sus-raices--995x1024.webp 995w, https:\/\/soymigrante.com\/revista\/wp-content\/uploads\/2023\/09\/Hilda-De-Leon-es-originaria-de-Quetzaltenango-Guatemala-llego-a-Estados-Unidos-en-el-ano-1992-impulsa-proyectos-culturales-y-sociales-para-no-olvidar-sus-raices--292x300.webp 292w, https:\/\/soymigrante.com\/revista\/wp-content\/uploads\/2023\/09\/Hilda-De-Leon-es-originaria-de-Quetzaltenango-Guatemala-llego-a-Estados-Unidos-en-el-ano-1992-impulsa-proyectos-culturales-y-sociales-para-no-olvidar-sus-raices--768x790.webp 768w, https:\/\/soymigrante.com\/revista\/wp-content\/uploads\/2023\/09\/Hilda-De-Leon-es-originaria-de-Quetzaltenango-Guatemala-llego-a-Estados-Unidos-en-el-ano-1992-impulsa-proyectos-culturales-y-sociales-para-no-olvidar-sus-raices--750x772.webp 750w, https:\/\/soymigrante.com\/revista\/wp-content\/uploads\/2023\/09\/Hilda-De-Leon-es-originaria-de-Quetzaltenango-Guatemala-llego-a-Estados-Unidos-en-el-ano-1992-impulsa-proyectos-culturales-y-sociales-para-no-olvidar-sus-raices-.webp 1080w\" sizes=\"(max-width: 768px) 100vw, 768px\" title=\"Hilda De Le\u00f3n es originaria de Quetzaltenango, Guatemala, lleg\u00f3 a Estados Unidos en el a\u00f1o 1992, impulsa proyectos culturales y sociales para no olvidar sus ra\u00edces \u2013 SoyMigrante.com REVISTA\" \/>\t\t\t\t\t\t\t\t\t\t\t<figcaption class=\"widget-image-caption wp-caption-text\">Hilda De Le\u00f3n es originaria de Quetzaltenango, Guatemala, lleg\u00f3 a Estados Unidos en el a\u00f1o 1992, impulsa proyectos culturales y sociales para no olvidar sus ra\u00edces<\/figcaption>\n\t\t\t\t\t\t\t\t\t\t<\/figure>\n\t\t\t\t\t\t\t\t\t<\/div>\n\t\t\t\t\t<\/div>\n\t\t<\/div>\n\t\t\t\t\t<\/div>\n\t\t<\/section>\n\t\t\t\t<section data-particle_enable=\"false\" data-particle-mobile-disabled=\"false\" class=\"elementor-section elementor-top-section elementor-element elementor-element-bdb0658 elementor-section-boxed elementor-section-height-default elementor-section-height-default\" data-id=\"bdb0658\" data-element_type=\"section\" data-e-type=\"section\">\n\t\t\t\t\t\t<div class=\"elementor-container elementor-column-gap-default\">\n\t\t\t\t\t<div class=\"elementor-column elementor-col-100 elementor-top-column elementor-element elementor-element-d218aa0\" data-id=\"d218aa0\" data-element_type=\"column\" data-e-type=\"column\">\n\t\t\t<div class=\"elementor-widget-wrap elementor-element-populated\">\n\t\t\t\t\t\t<div class=\"elementor-element elementor-element-b255cf6 elementor-widget elementor-widget-heading\" data-id=\"b255cf6\" data-element_type=\"widget\" data-e-type=\"widget\" data-widget_type=\"heading.default\">\n\t\t\t\t\t<h2 class=\"elementor-heading-title elementor-size-default\">Una migrante origin\u00f3 una tradici\u00f3n<\/h2>\t\t\t\t<\/div>\n\t\t\t\t<div class=\"elementor-element elementor-element-e1459e1 elementor-widget elementor-widget-text-editor\" data-id=\"e1459e1\" data-element_type=\"widget\" data-e-type=\"widget\" data-widget_type=\"text-editor.default\">\n\t\t\t\t\t\t\t\t\t<p><span style=\"font-weight: 400;\">Hilda de Le\u00f3n es una migrante guatemalteca originaria de Quetzaltenango, . Lleg\u00f3 a Estados Unidos en 1992. De inmediato se dedic\u00f3 a estudiar y al a\u00f1o siguiente la maestra de espa\u00f1ol supo de d\u00f3nde proven\u00eda.\u00a0 A partir de entonces, Hilda fue invitada a representar al pa\u00eds\u00a0 en actividades sociales y culturales.<\/span><\/p><p><span style=\"font-weight: 400;\">Hilda fund\u00f3 el grupo Ni\u00f1os de la Eterna Primavera, para presentar bailes tradicionales con indumentaria tradicional maya. Debido a su popularidad el grupo\u00a0<\/span><span style=\"font-weight: 400; color: var( --e-global-color-text ); background-color: var(--ak-bg-color);\">creci\u00f3. Guatemaltecos migrantes del \u00e1rea de Oklahoma se integraron e incluso sus presentaciones han sido noticia en medios locales.\u00a0<\/span><\/p>\t\t\t\t\t\t\t\t<\/div>\n\t\t\t\t\t<\/div>\n\t\t<\/div>\n\t\t\t\t\t<\/div>\n\t\t<\/section>\n\t\t\t\t<section data-particle_enable=\"false\" data-particle-mobile-disabled=\"false\" class=\"elementor-section elementor-top-section elementor-element elementor-element-12d6503 elementor-section-boxed elementor-section-height-default elementor-section-height-default\" data-id=\"12d6503\" data-element_type=\"section\" data-e-type=\"section\">\n\t\t\t\t\t\t<div class=\"elementor-container elementor-column-gap-default\">\n\t\t\t\t\t<div class=\"elementor-column elementor-col-100 elementor-top-column elementor-element elementor-element-fe3c93a\" data-id=\"fe3c93a\" data-element_type=\"column\" data-e-type=\"column\">\n\t\t\t<div class=\"elementor-widget-wrap elementor-element-populated\">\n\t\t\t\t\t\t<div class=\"elementor-element elementor-element-342a2e8 elementor-invisible elementor-widget elementor-widget-video\" data-id=\"342a2e8\" data-element_type=\"widget\" data-e-type=\"widget\" data-settings=\"{&quot;youtube_url&quot;:&quot;https:\\\/\\\/www.youtube.com\\\/watch?v=h_inXcvInjE&quot;,&quot;_animation&quot;:&quot;slideInRight&quot;,&quot;video_type&quot;:&quot;youtube&quot;,&quot;controls&quot;:&quot;yes&quot;}\" data-widget_type=\"video.default\">\n\t\t\t\t\t\t\t<div class=\"elementor-wrapper elementor-open-inline\">\n\t\t\t<div class=\"elementor-video\"><\/div>\t\t<\/div>\n\t\t\t\t\t\t<\/div>\n\t\t\t\t\t<\/div>\n\t\t<\/div>\n\t\t\t\t\t<\/div>\n\t\t<\/section>\n\t\t\t\t<section data-particle_enable=\"false\" data-particle-mobile-disabled=\"false\" class=\"elementor-section elementor-top-section elementor-element elementor-element-a9b071e elementor-section-boxed elementor-section-height-default elementor-section-height-default\" data-id=\"a9b071e\" data-element_type=\"section\" data-e-type=\"section\">\n\t\t\t\t\t\t<div class=\"elementor-container elementor-column-gap-default\">\n\t\t\t\t\t<div class=\"elementor-column elementor-col-100 elementor-top-column elementor-element elementor-element-3c426fc\" data-id=\"3c426fc\" data-element_type=\"column\" data-e-type=\"column\">\n\t\t\t<div class=\"elementor-widget-wrap elementor-element-populated\">\n\t\t\t\t\t\t<div class=\"elementor-element elementor-element-3163f72 elementor-widget elementor-widget-text-editor\" data-id=\"3163f72\" data-element_type=\"widget\" data-e-type=\"widget\" data-widget_type=\"text-editor.default\">\n\t\t\t\t\t\t\t\t\t<p>Un canal de Oklahoma presenta en Youtube una nota sobre el grupo Eterna Primavera y califica sus bailes tradicionales como &#8220;un lenguaje universal&#8221;.<\/p>\t\t\t\t\t\t\t\t<\/div>\n\t\t\t\t\t<\/div>\n\t\t<\/div>\n\t\t\t\t\t<\/div>\n\t\t<\/section>\n\t\t\t\t<section data-particle_enable=\"false\" data-particle-mobile-disabled=\"false\" class=\"elementor-section elementor-top-section elementor-element elementor-element-3aa1fbf elementor-section-boxed elementor-section-height-default elementor-section-height-default\" data-id=\"3aa1fbf\" data-element_type=\"section\" data-e-type=\"section\">\n\t\t\t\t\t\t<div class=\"elementor-container elementor-column-gap-default\">\n\t\t\t\t\t<div class=\"elementor-column elementor-col-100 elementor-top-column elementor-element elementor-element-9fbdba9\" data-id=\"9fbdba9\" data-element_type=\"column\" data-e-type=\"column\">\n\t\t\t<div class=\"elementor-widget-wrap elementor-element-populated\">\n\t\t\t\t\t\t<div class=\"elementor-element elementor-element-5529b67 elementor-widget elementor-widget-heading\" data-id=\"5529b67\" data-element_type=\"widget\" data-e-type=\"widget\" data-widget_type=\"heading.default\">\n\t\t\t\t\t<h2 class=\"elementor-heading-title elementor-size-default\">Festivas elecciones de Reina &nbsp;<\/h2>\t\t\t\t<\/div>\n\t\t\t\t<div class=\"elementor-element elementor-element-2e0aec9 elementor-widget elementor-widget-text-editor\" data-id=\"2e0aec9\" data-element_type=\"widget\" data-e-type=\"widget\" data-widget_type=\"text-editor.default\">\n\t\t\t\t\t\t\t\t\t<p><span style=\"font-weight: 400;\">Los cert\u00e1menes de belleza nacieron como una plataforma que busca impulsar la\u00a0 actividades tradicionales de municipios guatemaltecos, pero en un lugar muy distante de la tierra natal: Oklahoma.\u00a0\u00a0<\/span><\/p><p><span style=\"font-weight: 400;\">Hace 18 a\u00f1os se fectu\u00f3 la primera coronaci\u00f3n de se\u00f1orita independencia Guatemala. En 2006 se\u00a0 agregaron m\u00e1s t\u00edtulos: se\u00f1ora Guatemala y ni\u00f1a Monja Blanca. En el \u00faltimo a\u00f1o surgieron Miss Guatemala y Mister Oklahoma, con la coordinaci\u00f3n de <\/span>Guatemaltecos en Oklahoma.<\/p><p><span style=\"font-weight: 400;\">Las personas electas son migrantes o hijos de migrantes guatemaltecos que se han destacado por valores, principios, labores y acciones que aporten a la comunidad migrante guatemalteca.<\/span><\/p>\t\t\t\t\t\t\t\t<\/div>\n\t\t\t\t\t<\/div>\n\t\t<\/div>\n\t\t\t\t\t<\/div>\n\t\t<\/section>\n\t\t\t\t<section data-particle_enable=\"false\" data-particle-mobile-disabled=\"false\" class=\"elementor-section elementor-top-section elementor-element elementor-element-84c30ef elementor-section-boxed elementor-section-height-default elementor-section-height-default\" data-id=\"84c30ef\" data-element_type=\"section\" data-e-type=\"section\">\n\t\t\t\t\t\t<div class=\"elementor-container elementor-column-gap-default\">\n\t\t\t\t\t<div class=\"elementor-column elementor-col-100 elementor-top-column elementor-element elementor-element-866c40e\" data-id=\"866c40e\" data-element_type=\"column\" data-e-type=\"column\">\n\t\t\t<div class=\"elementor-widget-wrap elementor-element-populated\">\n\t\t\t\t\t\t<div class=\"elementor-element elementor-element-831b418 elementor-widget elementor-widget-image\" data-id=\"831b418\" data-element_type=\"widget\" data-e-type=\"widget\" data-widget_type=\"image.default\">\n\t\t\t\t\t\t\t\t\t\t\t\t<figure class=\"wp-caption\">\n\t\t\t\t\t\t\t\t\t\t<img decoding=\"async\" width=\"768\" height=\"512\" src=\"https:\/\/soymigrante.com\/revista\/wp-content\/uploads\/2023\/09\/El-10-de-septiembre-en-Cantera-Event-Center-del-Norte-se-realizo-la-coronacion-de-los-representantes-de-la-belleza-guatemalteca-1024x683.webp\" class=\"attachment-large size-large wp-image-2574\" alt=\"El 10 de septiembre en Cantera Event Center del Norte se realiz\u00f3 la coronaci\u00f3n de los representantes de la belleza y las tradiciones guatemaltecas.\" srcset=\"https:\/\/soymigrante.com\/revista\/wp-content\/uploads\/2023\/09\/El-10-de-septiembre-en-Cantera-Event-Center-del-Norte-se-realizo-la-coronacion-de-los-representantes-de-la-belleza-guatemalteca-1024x683.webp 1024w, https:\/\/soymigrante.com\/revista\/wp-content\/uploads\/2023\/09\/El-10-de-septiembre-en-Cantera-Event-Center-del-Norte-se-realizo-la-coronacion-de-los-representantes-de-la-belleza-guatemalteca-300x200.webp 300w, https:\/\/soymigrante.com\/revista\/wp-content\/uploads\/2023\/09\/El-10-de-septiembre-en-Cantera-Event-Center-del-Norte-se-realizo-la-coronacion-de-los-representantes-de-la-belleza-guatemalteca-768x512.webp 768w, https:\/\/soymigrante.com\/revista\/wp-content\/uploads\/2023\/09\/El-10-de-septiembre-en-Cantera-Event-Center-del-Norte-se-realizo-la-coronacion-de-los-representantes-de-la-belleza-guatemalteca-750x500.webp 750w, https:\/\/soymigrante.com\/revista\/wp-content\/uploads\/2023\/09\/El-10-de-septiembre-en-Cantera-Event-Center-del-Norte-se-realizo-la-coronacion-de-los-representantes-de-la-belleza-guatemalteca-600x400.webp 600w, https:\/\/soymigrante.com\/revista\/wp-content\/uploads\/2023\/09\/El-10-de-septiembre-en-Cantera-Event-Center-del-Norte-se-realizo-la-coronacion-de-los-representantes-de-la-belleza-guatemalteca.webp 1080w\" sizes=\"(max-width: 768px) 100vw, 768px\" title=\"El 10 de septiembre en Cantera Event Center del Norte se realiz\u00f3 la coronaci\u00f3n de los representantes de la belleza  y las tradiciones guatemaltecas. \u2013 SoyMigrante.com REVISTA\" \/>\t\t\t\t\t\t\t\t\t\t\t<figcaption class=\"widget-image-caption wp-caption-text\">El 10 de septiembre en Cantera Event Center del Norte se realiz\u00f3 la coronaci\u00f3n de los representantes de la belleza  y las tradiciones guatemaltecas.<\/figcaption>\n\t\t\t\t\t\t\t\t\t\t<\/figure>\n\t\t\t\t\t\t\t\t\t<\/div>\n\t\t\t\t\t<\/div>\n\t\t<\/div>\n\t\t\t\t\t<\/div>\n\t\t<\/section>\n\t\t\t\t<section data-particle_enable=\"false\" data-particle-mobile-disabled=\"false\" class=\"elementor-section elementor-top-section elementor-element elementor-element-384564a elementor-section-boxed elementor-section-height-default elementor-section-height-default\" data-id=\"384564a\" data-element_type=\"section\" data-e-type=\"section\">\n\t\t\t\t\t\t<div class=\"elementor-container elementor-column-gap-default\">\n\t\t\t\t\t<div class=\"elementor-column elementor-col-100 elementor-top-column elementor-element elementor-element-ff0f79e\" data-id=\"ff0f79e\" data-element_type=\"column\" data-e-type=\"column\">\n\t\t\t<div class=\"elementor-widget-wrap elementor-element-populated\">\n\t\t\t\t\t\t<div class=\"elementor-element elementor-element-b492a0e elementor-widget elementor-widget-heading\" data-id=\"b492a0e\" data-element_type=\"widget\" data-e-type=\"widget\" data-widget_type=\"heading.default\">\n\t\t\t\t\t<h2 class=\"elementor-heading-title elementor-size-default\">Guatemaltecos en Oklahoma<\/h2>\t\t\t\t<\/div>\n\t\t\t\t<div class=\"elementor-element elementor-element-8bb1215 elementor-widget elementor-widget-text-editor\" data-id=\"8bb1215\" data-element_type=\"widget\" data-e-type=\"widget\" data-widget_type=\"text-editor.default\">\n\t\t\t\t\t\t\t\t\t<p><span style=\"font-weight: 400;\">Esta organizaci\u00f3n representa a m\u00e1s de 20 mil migrantes guatemaltecos residentes en Oklahoma, Estados Unidos. Impulsa gestiones ante autoridades guatemaltecas y estadounidense, pero tambi\u00e9n efect\u00faa eventos comunitarios y presentaciones con enfoque cultural. El Concurso Guatemala-Oklahoma designa anualmente a cuatro representantes de la belleza.\u00a0<\/span><\/p><p><span style=\"background-color: var(--ak-bg-color); color: var( --e-global-color-text ); font-weight: 400;\">Para tener un recuerdo\u00a0 de su tierra natal durante el a\u00f1o se realizan actividades sociales. Sin embargo, hay especial \u00e9nfasis en\u00a0 septiembre, mees patrio, cuando se desarrollan eventos coordinados y patrocinados por empresas de migrantes guatemaltecos.<\/span><\/p>\t\t\t\t\t\t\t\t<\/div>\n\t\t\t\t\t<\/div>\n\t\t<\/div>\n\t\t\t\t\t<\/div>\n\t\t<\/section>\n\t\t\t\t<section data-particle_enable=\"false\" data-particle-mobile-disabled=\"false\" class=\"elementor-section elementor-top-section elementor-element elementor-element-7a7f7d9 elementor-section-boxed elementor-section-height-default elementor-section-height-default\" data-id=\"7a7f7d9\" data-element_type=\"section\" data-e-type=\"section\">\n\t\t\t\t\t\t<div class=\"elementor-container elementor-column-gap-default\">\n\t\t\t\t\t<div class=\"elementor-column elementor-col-100 elementor-top-column elementor-element elementor-element-0d775e7\" data-id=\"0d775e7\" data-element_type=\"column\" data-e-type=\"column\">\n\t\t\t<div class=\"elementor-widget-wrap elementor-element-populated\">\n\t\t\t\t\t\t<div class=\"elementor-element elementor-element-bade147 elementor-widget elementor-widget-image\" data-id=\"bade147\" data-element_type=\"widget\" data-e-type=\"widget\" data-widget_type=\"image.default\">\n\t\t\t\t\t\t\t\t\t\t\t\t<figure class=\"wp-caption\">\n\t\t\t\t\t\t\t\t\t\t<img decoding=\"async\" width=\"768\" height=\"432\" src=\"https:\/\/soymigrante.com\/revista\/wp-content\/uploads\/2023\/09\/Guatemaltecos-en-Oklahoma-promueven-diferentes-actividades-sociales-culturales-y-asesorias-para-personas-de-la-comunidad-guatemalteca--1024x576.webp\" class=\"attachment-large size-large wp-image-2576\" alt=\"Guatemaltecos en Oklahoma promueven diferentes actividades sociales, culturales y asesor\u00edas para personas de la comunidad guatemalteca\" srcset=\"https:\/\/soymigrante.com\/revista\/wp-content\/uploads\/2023\/09\/Guatemaltecos-en-Oklahoma-promueven-diferentes-actividades-sociales-culturales-y-asesorias-para-personas-de-la-comunidad-guatemalteca--1024x576.webp 1024w, https:\/\/soymigrante.com\/revista\/wp-content\/uploads\/2023\/09\/Guatemaltecos-en-Oklahoma-promueven-diferentes-actividades-sociales-culturales-y-asesorias-para-personas-de-la-comunidad-guatemalteca--300x169.webp 300w, https:\/\/soymigrante.com\/revista\/wp-content\/uploads\/2023\/09\/Guatemaltecos-en-Oklahoma-promueven-diferentes-actividades-sociales-culturales-y-asesorias-para-personas-de-la-comunidad-guatemalteca--768x432.webp 768w, https:\/\/soymigrante.com\/revista\/wp-content\/uploads\/2023\/09\/Guatemaltecos-en-Oklahoma-promueven-diferentes-actividades-sociales-culturales-y-asesorias-para-personas-de-la-comunidad-guatemalteca--750x422.webp 750w, https:\/\/soymigrante.com\/revista\/wp-content\/uploads\/2023\/09\/Guatemaltecos-en-Oklahoma-promueven-diferentes-actividades-sociales-culturales-y-asesorias-para-personas-de-la-comunidad-guatemalteca-.webp 1080w\" sizes=\"(max-width: 768px) 100vw, 768px\" title=\"Guatemaltecos en Oklahoma promueven diferentes actividades sociales, culturales y asesor\u00edas para personas de la comunidad guatemalteca \u2013 SoyMigrante.com REVISTA\" \/>\t\t\t\t\t\t\t\t\t\t\t<figcaption class=\"widget-image-caption wp-caption-text\">Guatemaltecos en Oklahoma promueven diferentes actividades sociales, culturales y asesor\u00edas para personas de la comunidad guatemalteca<\/figcaption>\n\t\t\t\t\t\t\t\t\t\t<\/figure>\n\t\t\t\t\t\t\t\t\t<\/div>\n\t\t\t\t\t<\/div>\n\t\t<\/div>\n\t\t\t\t\t<\/div>\n\t\t<\/section>\n\t\t\t\t<section data-particle_enable=\"false\" data-particle-mobile-disabled=\"false\" class=\"elementor-section elementor-top-section elementor-element elementor-element-dffddb5 elementor-section-boxed elementor-section-height-default elementor-section-height-default\" data-id=\"dffddb5\" data-element_type=\"section\" data-e-type=\"section\">\n\t\t\t\t\t\t<div class=\"elementor-container elementor-column-gap-default\">\n\t\t\t\t\t<div class=\"elementor-column elementor-col-100 elementor-top-column elementor-element elementor-element-bec522b\" data-id=\"bec522b\" data-element_type=\"column\" data-e-type=\"column\">\n\t\t\t<div class=\"elementor-widget-wrap elementor-element-populated\">\n\t\t\t\t\t\t<div class=\"elementor-element elementor-element-e186192 elementor-widget elementor-widget-heading\" data-id=\"e186192\" data-element_type=\"widget\" data-e-type=\"widget\" data-widget_type=\"heading.default\">\n\t\t\t\t\t<h2 class=\"elementor-heading-title elementor-size-default\">Damileydi Maldonado Miss Guatemala Oklahoma 2023-2024<\/h2>\t\t\t\t<\/div>\n\t\t\t\t<div class=\"elementor-element elementor-element-9dbb715 elementor-widget elementor-widget-image\" data-id=\"9dbb715\" data-element_type=\"widget\" data-e-type=\"widget\" data-widget_type=\"image.default\">\n\t\t\t\t\t\t\t\t\t\t\t\t<figure class=\"wp-caption\">\n\t\t\t\t\t\t\t\t\t\t<img loading=\"lazy\" decoding=\"async\" width=\"768\" height=\"512\" src=\"https:\/\/soymigrante.com\/revista\/wp-content\/uploads\/2023\/09\/Damileydi-Maldonado-Miss-Guatemala-Oklahoma-2023-2024-Blue-Ribbon-Photography-by-Yuri-1024x683.webp\" class=\"attachment-large size-large wp-image-2577\" alt=\"Damileydi Maldonado Miss Guatemala Oklahoma 2023-2024 Blue Ribbon Photography by Yuri\" srcset=\"https:\/\/soymigrante.com\/revista\/wp-content\/uploads\/2023\/09\/Damileydi-Maldonado-Miss-Guatemala-Oklahoma-2023-2024-Blue-Ribbon-Photography-by-Yuri-1024x683.webp 1024w, https:\/\/soymigrante.com\/revista\/wp-content\/uploads\/2023\/09\/Damileydi-Maldonado-Miss-Guatemala-Oklahoma-2023-2024-Blue-Ribbon-Photography-by-Yuri-300x200.webp 300w, https:\/\/soymigrante.com\/revista\/wp-content\/uploads\/2023\/09\/Damileydi-Maldonado-Miss-Guatemala-Oklahoma-2023-2024-Blue-Ribbon-Photography-by-Yuri-768x512.webp 768w, https:\/\/soymigrante.com\/revista\/wp-content\/uploads\/2023\/09\/Damileydi-Maldonado-Miss-Guatemala-Oklahoma-2023-2024-Blue-Ribbon-Photography-by-Yuri-750x500.webp 750w, https:\/\/soymigrante.com\/revista\/wp-content\/uploads\/2023\/09\/Damileydi-Maldonado-Miss-Guatemala-Oklahoma-2023-2024-Blue-Ribbon-Photography-by-Yuri-600x400.webp 600w, https:\/\/soymigrante.com\/revista\/wp-content\/uploads\/2023\/09\/Damileydi-Maldonado-Miss-Guatemala-Oklahoma-2023-2024-Blue-Ribbon-Photography-by-Yuri.webp 1080w\" sizes=\"(max-width: 768px) 100vw, 768px\" title=\"Damileydi Maldonado Miss Guatemala Oklahoma 2023-2024 Blue Ribbon Photography by Yuri \u2013 SoyMigrante.com REVISTA\" \/>\t\t\t\t\t\t\t\t\t\t\t<figcaption class=\"widget-image-caption wp-caption-text\">Damileydi Maldonado Miss Guatemala Oklahoma 2023-2024 Blue Ribbon Photography by Yuri<\/figcaption>\n\t\t\t\t\t\t\t\t\t\t<\/figure>\n\t\t\t\t\t\t\t\t\t<\/div>\n\t\t\t\t<div class=\"elementor-element elementor-element-9a25819 elementor-widget elementor-widget-text-editor\" data-id=\"9a25819\" data-element_type=\"widget\" data-e-type=\"widget\" data-widget_type=\"text-editor.default\">\n\t\t\t\t\t\t\t\t\t<p><span style=\"font-weight: 400\">Damileydi Maldonado, tiene 23 a\u00f1os de edad, Nacida en Oklahoma City, de padres Guatemaltecos, originarios\u00a0 de Quetzaltenango. &#8220;Lo m\u00e1s que me enorgullece son mis\u00a0 ra\u00edces y valores como el trabajo, modales y respeto&#8221;<\/span><\/p><p><span style=\"font-weight: 400\">Sus padres son\u00a0 Gladis Ord\u00f3\u00f1ez y Osbeli Maldonado,\u00a0 es la mayor de cinco hermanos, Damileydi se gradu\u00f3 de la preparatoria Northwest Classen. Actualmente ella y su madres son due\u00f1as de su propio negocio, Dry Clean Super Center, localizado en Edmond Oklahoma.<\/span><\/p><p><span style=\"font-weight: 400\">Tras su elecci\u00f3n este cargo ha sido una Plataforma que aprovecha para ayudar a varias organizaciones en el departamento de Quetzaltenango, Guatemala enfoc\u00e1ndose en la ni\u00f1ez y a los m\u00e1s necesitados, tiene en su agenda viajar a Guatemala en el transcurso de a\u00f1o y llevar la ayuda personalmente.<\/span><\/p>\t\t\t\t\t\t\t\t<\/div>\n\t\t\t\t\t<\/div>\n\t\t<\/div>\n\t\t\t\t\t<\/div>\n\t\t<\/section>\n\t\t\t\t<section data-particle_enable=\"false\" data-particle-mobile-disabled=\"false\" class=\"elementor-section elementor-top-section elementor-element elementor-element-7abf1f3 elementor-section-boxed elementor-section-height-default elementor-section-height-default\" data-id=\"7abf1f3\" data-element_type=\"section\" data-e-type=\"section\">\n\t\t\t\t\t\t<div class=\"elementor-container elementor-column-gap-default\">\n\t\t\t\t\t<div class=\"elementor-column elementor-col-100 elementor-top-column elementor-element elementor-element-fd50427\" data-id=\"fd50427\" data-element_type=\"column\" data-e-type=\"column\">\n\t\t\t<div class=\"elementor-widget-wrap\">\n\t\t\t\t\t\t\t<\/div>\n\t\t<\/div>\n\t\t\t\t\t<\/div>\n\t\t<\/section>\n\t\t\t\t<section data-particle_enable=\"false\" data-particle-mobile-disabled=\"false\" class=\"elementor-section elementor-top-section elementor-element elementor-element-75af510 elementor-section-boxed elementor-section-height-default elementor-section-height-default\" data-id=\"75af510\" data-element_type=\"section\" data-e-type=\"section\">\n\t\t\t\t\t\t<div class=\"elementor-container elementor-column-gap-default\">\n\t\t\t\t\t<div class=\"elementor-column elementor-col-100 elementor-top-column elementor-element elementor-element-39d3e5c\" data-id=\"39d3e5c\" data-element_type=\"column\" data-e-type=\"column\">\n\t\t\t<div class=\"elementor-widget-wrap elementor-element-populated\">\n\t\t\t\t\t\t<div class=\"elementor-element elementor-element-a7f7fdf elementor-widget elementor-widget-heading\" data-id=\"a7f7fdf\" data-element_type=\"widget\" data-e-type=\"widget\" data-widget_type=\"heading.default\">\n\t\t\t\t\t<h2 class=\"elementor-heading-title elementor-size-default\">Eyli Pamela Barrios Carrillo, Reina Ni\u00f1a Monja Blanca\u00a0 2023-2024<\/h2>\t\t\t\t<\/div>\n\t\t\t\t<div class=\"elementor-element elementor-element-23ff1ce elementor-widget elementor-widget-image\" data-id=\"23ff1ce\" data-element_type=\"widget\" data-e-type=\"widget\" data-widget_type=\"image.default\">\n\t\t\t\t\t\t\t\t\t\t\t\t<figure class=\"wp-caption\">\n\t\t\t\t\t\t\t\t\t\t<img loading=\"lazy\" decoding=\"async\" width=\"768\" height=\"512\" src=\"https:\/\/soymigrante.com\/revista\/wp-content\/uploads\/2023\/09\/Eyli-Pamela-Barrios-Carrillo-Reina-Nina-Monja-Blanca-2023-2024-1024x683.webp\" class=\"attachment-large size-large wp-image-2578\" alt=\"Eyli Pamela Barrios Carrillo, Reina Ni\u00f1a Monja Blanca 2023-2024\" srcset=\"https:\/\/soymigrante.com\/revista\/wp-content\/uploads\/2023\/09\/Eyli-Pamela-Barrios-Carrillo-Reina-Nina-Monja-Blanca-2023-2024-1024x683.webp 1024w, https:\/\/soymigrante.com\/revista\/wp-content\/uploads\/2023\/09\/Eyli-Pamela-Barrios-Carrillo-Reina-Nina-Monja-Blanca-2023-2024-300x200.webp 300w, https:\/\/soymigrante.com\/revista\/wp-content\/uploads\/2023\/09\/Eyli-Pamela-Barrios-Carrillo-Reina-Nina-Monja-Blanca-2023-2024-768x512.webp 768w, https:\/\/soymigrante.com\/revista\/wp-content\/uploads\/2023\/09\/Eyli-Pamela-Barrios-Carrillo-Reina-Nina-Monja-Blanca-2023-2024-750x500.webp 750w, https:\/\/soymigrante.com\/revista\/wp-content\/uploads\/2023\/09\/Eyli-Pamela-Barrios-Carrillo-Reina-Nina-Monja-Blanca-2023-2024-600x400.webp 600w, https:\/\/soymigrante.com\/revista\/wp-content\/uploads\/2023\/09\/Eyli-Pamela-Barrios-Carrillo-Reina-Nina-Monja-Blanca-2023-2024.webp 1080w\" sizes=\"(max-width: 768px) 100vw, 768px\" title=\"Eyli Pamela Barrios Carrillo, Reina Ni\u00f1a Monja Blanca 2023-2024 \u2013 SoyMigrante.com REVISTA\" \/>\t\t\t\t\t\t\t\t\t\t\t<figcaption class=\"widget-image-caption wp-caption-text\">Eyli Pamela Barrios Carrillo, Reina Ni\u00f1a Monja Blanca 2023-2024<\/figcaption>\n\t\t\t\t\t\t\t\t\t\t<\/figure>\n\t\t\t\t\t\t\t\t\t<\/div>\n\t\t\t\t<div class=\"elementor-element elementor-element-04e84d8 elementor-widget elementor-widget-text-editor\" data-id=\"04e84d8\" data-element_type=\"widget\" data-e-type=\"widget\" data-widget_type=\"text-editor.default\">\n\t\t\t\t\t\t\t\t\t<p><span style=\"font-weight: 400\">Eyli Pamela Barrios Carrillo, tiene 10 a\u00f1os de edad,\u00a0 nacida\u00a0 en\u00a0 la ciudad de Oklahoma. Hija de padres Guatemaltecos Omar Barrios, es de la Uni\u00f3n Sibilia Quetzaltenango\u00a0 y Alucey Carrillo Caserio, de\u00a0 Las brisas, Sibilia ,Quetzaltenango.\u00a0<\/span><\/p><p><span style=\"font-weight: 400\">Estudio\u00a0 Pre-K a cuarto Grado en la Escuela Buchanan Elementary. Este a\u00f1o\u00a0 esta en quinto grado en la escuela\u00a0 Astec Charter Elementary-School,\u00a0 le gusta bailar y escuchar la marimba y por eso es parte del grupo\u00a0 Eterna primavera folklore Guatemalteco desde\u00a0 el 2019.\u00a0 \u00a0<\/span><\/p><p><span style=\"font-weight: 400\">Su comida favorita de Guatemala son los paches y estofados. Durante su reinado enfoc\u00f3 proyectos en promover la gastronom\u00eda Guatemalteca en su establecimiento. <\/span><span style=\"font-weight: 400\">Ha participado en los eventos de la 2da Edici\u00f3n Cultural Guatemalteca en Los \u00c1ngeles, California, Fiestas De Las Am\u00e9ricas, Fiestas Patrias, D\u00eda de la Independencia de Guatemala, Cinco de Mayo en Tulsa, Textiles Guatemaltecos Coraz\u00f3n del Mundo Maya en el Museo Sam Noble, Exhibici\u00f3n de Arte Maya en el Centro de Historia de Oklahoma,\u00a0 Iglesia Cat\u00f3lica de San Patricio, Iglesia Cat\u00f3lica del Santos \u00c1ngel, Festival Asi\u00e1tico,\u00a0 D\u00eda de Los Ni\u00f1os, entre otros.<\/span><\/p>\t\t\t\t\t\t\t\t<\/div>\n\t\t\t\t\t<\/div>\n\t\t<\/div>\n\t\t\t\t\t<\/div>\n\t\t<\/section>\n\t\t\t\t<section data-particle_enable=\"false\" data-particle-mobile-disabled=\"false\" class=\"elementor-section elementor-top-section elementor-element elementor-element-32b65a1 elementor-section-boxed elementor-section-height-default elementor-section-height-default\" data-id=\"32b65a1\" data-element_type=\"section\" data-e-type=\"section\">\n\t\t\t\t\t\t<div class=\"elementor-container elementor-column-gap-default\">\n\t\t\t\t\t<div class=\"elementor-column elementor-col-100 elementor-top-column elementor-element elementor-element-f93bc7f\" data-id=\"f93bc7f\" data-element_type=\"column\" data-e-type=\"column\">\n\t\t\t<div class=\"elementor-widget-wrap\">\n\t\t\t\t\t\t\t<\/div>\n\t\t<\/div>\n\t\t\t\t\t<\/div>\n\t\t<\/section>\n\t\t\t\t<section data-particle_enable=\"false\" data-particle-mobile-disabled=\"false\" class=\"elementor-section elementor-top-section elementor-element elementor-element-ecb731a elementor-section-boxed elementor-section-height-default elementor-section-height-default\" data-id=\"ecb731a\" data-element_type=\"section\" data-e-type=\"section\">\n\t\t\t\t\t\t<div class=\"elementor-container elementor-column-gap-default\">\n\t\t\t\t\t<div class=\"elementor-column elementor-col-100 elementor-top-column elementor-element elementor-element-437268c\" data-id=\"437268c\" data-element_type=\"column\" data-e-type=\"column\">\n\t\t\t<div class=\"elementor-widget-wrap elementor-element-populated\">\n\t\t\t\t\t\t<div class=\"elementor-element elementor-element-8540deb elementor-widget elementor-widget-heading\" data-id=\"8540deb\" data-element_type=\"widget\" data-e-type=\"widget\" data-widget_type=\"heading.default\">\n\t\t\t\t\t<h2 class=\"elementor-heading-title elementor-size-default\">Nelly Ruiz, Se\u00f1ora Guatemala-Oklahoma 2023-2024.<\/h2>\t\t\t\t<\/div>\n\t\t\t\t<div class=\"elementor-element elementor-element-11877d9 elementor-widget elementor-widget-image\" data-id=\"11877d9\" data-element_type=\"widget\" data-e-type=\"widget\" data-widget_type=\"image.default\">\n\t\t\t\t\t\t\t\t\t\t\t\t<figure class=\"wp-caption\">\n\t\t\t\t\t\t\t\t\t\t<img loading=\"lazy\" decoding=\"async\" width=\"768\" height=\"512\" src=\"https:\/\/soymigrante.com\/revista\/wp-content\/uploads\/2023\/09\/Nelly-Ruiz-Reina-Senora-Guatemala-2023-2024-1024x683.webp\" class=\"attachment-large size-large wp-image-2579\" alt=\"Nelly Ruiz Reina Se\u00f1ora Guatemala 2023-2024\" srcset=\"https:\/\/soymigrante.com\/revista\/wp-content\/uploads\/2023\/09\/Nelly-Ruiz-Reina-Senora-Guatemala-2023-2024-1024x683.webp 1024w, https:\/\/soymigrante.com\/revista\/wp-content\/uploads\/2023\/09\/Nelly-Ruiz-Reina-Senora-Guatemala-2023-2024-300x200.webp 300w, https:\/\/soymigrante.com\/revista\/wp-content\/uploads\/2023\/09\/Nelly-Ruiz-Reina-Senora-Guatemala-2023-2024-768x512.webp 768w, https:\/\/soymigrante.com\/revista\/wp-content\/uploads\/2023\/09\/Nelly-Ruiz-Reina-Senora-Guatemala-2023-2024-750x500.webp 750w, https:\/\/soymigrante.com\/revista\/wp-content\/uploads\/2023\/09\/Nelly-Ruiz-Reina-Senora-Guatemala-2023-2024-600x400.webp 600w, https:\/\/soymigrante.com\/revista\/wp-content\/uploads\/2023\/09\/Nelly-Ruiz-Reina-Senora-Guatemala-2023-2024.webp 1080w\" sizes=\"(max-width: 768px) 100vw, 768px\" title=\"Nelly Ruiz Reina Se\u00f1ora Guatemala 2023-2024 \u2013 SoyMigrante.com REVISTA\" \/>\t\t\t\t\t\t\t\t\t\t\t<figcaption class=\"widget-image-caption wp-caption-text\">Nelly Ruiz Reina Se\u00f1ora Guatemala 2023-2024<\/figcaption>\n\t\t\t\t\t\t\t\t\t\t<\/figure>\n\t\t\t\t\t\t\t\t\t<\/div>\n\t\t\t\t<div class=\"elementor-element elementor-element-88b83e1 elementor-widget elementor-widget-text-editor\" data-id=\"88b83e1\" data-element_type=\"widget\" data-e-type=\"widget\" data-widget_type=\"text-editor.default\">\n\t\t\t\t\t\t\t\t\t<p><span style=\"font-weight: 400\">Nelly Ruiz naci\u00f3 en la ciudad de Quetzaltenango, Guatemala. Hija de Maclovio Gramajo y Amanda Rodas de Gramajo. Casada con Juan Atonio Ruiz con quien ha procreado 2 hijos, Juan Antonio JR. y Melanie. Emigr\u00f3 a los Estados Unidos en el a\u00f1o 1993. Se gradu\u00f3 de la escuela preparatoria Northwest Classen, y posteriormente\u00a0 de Cosmetolog\u00eda en Miss Lavon &#8216;s Beauty College de Oklahoma City y Central Oklahoma College.<\/span><\/p><p><span style=\"font-weight: 400\">\u00a0<\/span><span style=\"font-weight: 400\">Nelly empez\u00f3 a trabajar como asistente en Bienes y Ra\u00edces, tiempo despu\u00e9s obtuvo la licencia de Agente de Bienes y Ra\u00edces y desde el 2019 se ha mantenido entre los 500 mejores vendedores de Bienes y Ra\u00edces en la ciudad de Oklahoma. Recientemente recibi\u00f3 un reconocimiento de los 8 meses que van del a\u00f1o 2023 por estar en los 250 Mejores vendedores de Bienes y Ra\u00edces en la ciudad de Oklahoma.\u00a0\u00a0<\/span><\/p><p><span style=\"font-weight: 400\">Nelly se siente contenta y satisfecha del trabajo que ha desempe\u00f1ado en Bienes y Ra\u00edces en la Comunidad Guatemalteca e Hispana de Oklahoma y en otros estados del pa\u00eds.\u00a0<\/span><\/p>\t\t\t\t\t\t\t\t<\/div>\n\t\t\t\t\t<\/div>\n\t\t<\/div>\n\t\t\t\t\t<\/div>\n\t\t<\/section>\n\t\t\t\t<section data-particle_enable=\"false\" data-particle-mobile-disabled=\"false\" class=\"elementor-section elementor-top-section elementor-element elementor-element-55c4fc0 elementor-section-boxed elementor-section-height-default elementor-section-height-default\" data-id=\"55c4fc0\" data-element_type=\"section\" data-e-type=\"section\">\n\t\t\t\t\t\t<div class=\"elementor-container elementor-column-gap-default\">\n\t\t\t\t\t<div class=\"elementor-column elementor-col-100 elementor-top-column elementor-element elementor-element-0a501af\" data-id=\"0a501af\" data-element_type=\"column\" data-e-type=\"column\">\n\t\t\t<div class=\"elementor-widget-wrap\">\n\t\t\t\t\t\t\t<\/div>\n\t\t<\/div>\n\t\t\t\t\t<\/div>\n\t\t<\/section>\n\t\t\t\t<\/div>\n\t\t","protected":false},"excerpt":{"rendered":"<p>Grupo de baile tradicional y elecciones de reinas locales son promovidos por migrantes guatemaltecos en Oklahoma para preservar sus ra\u00edces, sobre todo en el mes patrio. Hilda De Le\u00f3n es originaria de Quetzaltenango, Guatemala, lleg\u00f3 a Estados Unidos en el a\u00f1o 1992, impulsa proyectos culturales y sociales para no olvidar sus ra\u00edces Una migrante origin\u00f3 [&hellip;]<\/p>\n","protected":false},"author":10,"featured_media":2574,"comment_status":"open","ping_status":"open","sticky":false,"template":"","format":"standard","meta":{"_acf_changed":false,"_eb_attr":"","footnotes":""},"categories":[58],"tags":[],"class_list":["post-2573","post","type-post","status-publish","format-standard","has-post-thumbnail","hentry","category-guate-nuestra"],"acf":[],"aioseo_notices":[],"aioseo_head":"\n\t\t<!-- All in One SEO Pro 4.9.6.2 - aioseo.com -->\n\t<meta name=\"description\" content=\"Grupo de baile tradicional y elecciones de reinas locales son promovidos por migrantes guatemaltecos en Oklahoma para preservar sus ra\u00edces, sobre todo en el mes patrio. Una migrante origin\u00f3 una tradici\u00f3n Hilda de Le\u00f3n es una migrante guatemalteca originaria de Quetzaltenango, . Lleg\u00f3 a Estados Unidos en 1992. De inmediato se dedic\u00f3 a estudiar y Durante las festividades patrias la comunidad migrante guatemalteca en Oklahoma promueve actividades que resalten la belleza interior y exterior de su pa\u00eds.\" \/>\n\t<meta name=\"robots\" content=\"max-snippet:-1, max-image-preview:large, max-video-preview:-1\" \/>\n\t<meta name=\"author\" content=\"Diana Batz\"\/>\n\t<link rel=\"canonical\" href=\"https:\/\/soymigrante.com\/revista\/migrantes-guatemaltecos-promueven-y-resaltan-la-belleza-de-su-pais\/\" \/>\n\t<meta name=\"generator\" content=\"All in One SEO Pro (AIOSEO) 4.9.6.2\" \/>\n\n\t\t<link rel=\"preconnect\" href=\"https:\/\/fonts.googleapis.com\" crossorigin>\n<link rel=\"preconnect\" href=\"https:\/\/fonts.gstatic.com\" crossorigin>\n\t\t<meta property=\"og:locale\" content=\"es_ES\" \/>\n\t\t<meta property=\"og:site_name\" content=\"SoyMigrante.com REVISTA \u2013 Nuestra misi\u00f3n es reconocer y dignificar al migrante.\" \/>\n\t\t<meta property=\"og:type\" content=\"article\" \/>\n\t\t<meta property=\"og:title\" content=\"Migrantes guatemaltecos en Oklahoma se unen para celebrar su identidad\" \/>\n\t\t<meta property=\"og:description\" content=\"Grupo de baile tradicional y elecciones de reinas locales son promovidos por migrantes guatemaltecos en Oklahoma para preservar sus ra\u00edces, sobre todo en el mes patrio. Una migrante origin\u00f3 una tradici\u00f3n Hilda de Le\u00f3n es una migrante guatemalteca originaria de Quetzaltenango, . Lleg\u00f3 a Estados Unidos en 1992. De inmediato se dedic\u00f3 a estudiar y Durante las festividades patrias la comunidad migrante guatemalteca en Oklahoma promueve actividades que resalten la belleza interior y exterior de su pa\u00eds.\" \/>\n\t\t<meta property=\"og:url\" content=\"https:\/\/soymigrante.com\/revista\/migrantes-guatemaltecos-promueven-y-resaltan-la-belleza-de-su-pais\/\" \/>\n\t\t<meta property=\"og:image\" content=\"https:\/\/soymigrante.com\/revista\/wp-content\/uploads\/2023\/09\/El-10-de-septiembre-en-Cantera-Event-Center-del-Norte-se-realizo-la-coronacion-de-los-representantes-de-la-belleza-guatemalteca.webp\" \/>\n\t\t<meta property=\"og:image:secure_url\" content=\"https:\/\/soymigrante.com\/revista\/wp-content\/uploads\/2023\/09\/El-10-de-septiembre-en-Cantera-Event-Center-del-Norte-se-realizo-la-coronacion-de-los-representantes-de-la-belleza-guatemalteca.webp\" \/>\n\t\t<meta property=\"og:image:width\" content=\"1080\" \/>\n\t\t<meta property=\"og:image:height\" content=\"720\" \/>\n\t\t<meta property=\"article:published_time\" content=\"2023-09-13T13:08:40+00:00\" \/>\n\t\t<meta property=\"article:modified_time\" content=\"2024-07-30T18:56:49+00:00\" \/>\n\t\t<meta property=\"article:publisher\" content=\"https:\/\/www.facebook.com\/soymigrantecom\" \/>\n\t\t<meta name=\"twitter:card\" content=\"summary_large_image\" \/>\n\t\t<meta name=\"twitter:site\" content=\"@SoyMigrante_com\" \/>\n\t\t<meta name=\"twitter:title\" content=\"Migrantes guatemaltecos en Oklahoma se unen para celebrar su identidad\" \/>\n\t\t<meta name=\"twitter:description\" content=\"Grupo de baile tradicional y elecciones de reinas locales son promovidos por migrantes guatemaltecos en Oklahoma para preservar sus ra\u00edces, sobre todo en el mes patrio. Una migrante origin\u00f3 una tradici\u00f3n Hilda de Le\u00f3n es una migrante guatemalteca originaria de Quetzaltenango, . Lleg\u00f3 a Estados Unidos en 1992. De inmediato se dedic\u00f3 a estudiar y Durante las festividades patrias la comunidad migrante guatemalteca en Oklahoma promueve actividades que resalten la belleza interior y exterior de su pa\u00eds.\" \/>\n\t\t<meta name=\"twitter:creator\" content=\"@SoyMigrante_com\" \/>\n\t\t<meta name=\"twitter:image\" content=\"https:\/\/soymigrante.com\/revista\/wp-content\/uploads\/2023\/09\/El-10-de-septiembre-en-Cantera-Event-Center-del-Norte-se-realizo-la-coronacion-de-los-representantes-de-la-belleza-guatemalteca.webp\" \/>\n\t\t<!-- All in One SEO Pro -->\r\n\t\t<title>Migrantes guatemaltecos en Oklahoma se unen para celebrar su identidad<\/title>\n\n","aioseo_head_json":{"title":"Migrantes guatemaltecos en Oklahoma se unen para celebrar su identidad","description":"Grupo de baile tradicional y elecciones de reinas locales son promovidos por migrantes guatemaltecos en Oklahoma para preservar sus ra\u00edces, sobre todo en el mes patrio. Una migrante origin\u00f3 una tradici\u00f3n Hilda de Le\u00f3n es una migrante guatemalteca originaria de Quetzaltenango, . Lleg\u00f3 a Estados Unidos en 1992. De inmediato se dedic\u00f3 a estudiar y Durante las festividades patrias la comunidad migrante guatemalteca en Oklahoma promueve actividades que resalten la belleza interior y exterior de su pa\u00eds.","canonical_url":"https:\/\/soymigrante.com\/revista\/migrantes-guatemaltecos-promueven-y-resaltan-la-belleza-de-su-pais\/","robots":"max-snippet:-1, max-image-preview:large, max-video-preview:-1","keywords":"","webmasterTools":{"miscellaneous":"&lt;link rel=\"preconnect\" href=\"https:\/\/fonts.googleapis.com\" crossorigin&gt;\n&lt;link rel=\"preconnect\" href=\"https:\/\/fonts.gstatic.com\" crossorigin&gt;"},"schema":null,"og:locale":"es_ES","og:site_name":"SoyMigrante.com REVISTA \u2013 Nuestra misi\u00f3n es reconocer y dignificar al migrante.","og:type":"article","og:title":"Migrantes guatemaltecos en Oklahoma se unen para celebrar su identidad","og:description":"Grupo de baile tradicional y elecciones de reinas locales son promovidos por migrantes guatemaltecos en Oklahoma para preservar sus ra\u00edces, sobre todo en el mes patrio. Una migrante origin\u00f3 una tradici\u00f3n Hilda de Le\u00f3n es una migrante guatemalteca originaria de Quetzaltenango, . Lleg\u00f3 a Estados Unidos en 1992. De inmediato se dedic\u00f3 a estudiar y Durante las festividades patrias la comunidad migrante guatemalteca en Oklahoma promueve actividades que resalten la belleza interior y exterior de su pa\u00eds.","og:url":"https:\/\/soymigrante.com\/revista\/migrantes-guatemaltecos-promueven-y-resaltan-la-belleza-de-su-pais\/","og:image":"https:\/\/soymigrante.com\/revista\/wp-content\/uploads\/2023\/09\/El-10-de-septiembre-en-Cantera-Event-Center-del-Norte-se-realizo-la-coronacion-de-los-representantes-de-la-belleza-guatemalteca.webp","og:image:secure_url":"https:\/\/soymigrante.com\/revista\/wp-content\/uploads\/2023\/09\/El-10-de-septiembre-en-Cantera-Event-Center-del-Norte-se-realizo-la-coronacion-de-los-representantes-de-la-belleza-guatemalteca.webp","og:image:width":1080,"og:image:height":720,"article:published_time":"2023-09-13T13:08:40+00:00","article:modified_time":"2024-07-30T18:56:49+00:00","article:publisher":"https:\/\/www.facebook.com\/soymigrantecom","twitter:card":"summary_large_image","twitter:site":"@SoyMigrante_com","twitter:title":"Migrantes guatemaltecos en Oklahoma se unen para celebrar su identidad","twitter:description":"Grupo de baile tradicional y elecciones de reinas locales son promovidos por migrantes guatemaltecos en Oklahoma para preservar sus ra\u00edces, sobre todo en el mes patrio. Una migrante origin\u00f3 una tradici\u00f3n Hilda de Le\u00f3n es una migrante guatemalteca originaria de Quetzaltenango, . Lleg\u00f3 a Estados Unidos en 1992. De inmediato se dedic\u00f3 a estudiar y Durante las festividades patrias la comunidad migrante guatemalteca en Oklahoma promueve actividades que resalten la belleza interior y exterior de su pa\u00eds.","twitter:creator":"@SoyMigrante_com","twitter:image":"https:\/\/soymigrante.com\/revista\/wp-content\/uploads\/2023\/09\/El-10-de-septiembre-en-Cantera-Event-Center-del-Norte-se-realizo-la-coronacion-de-los-representantes-de-la-belleza-guatemalteca.webp"},"aioseo_meta_data":{"post_id":"2573","title":null,"description":"#post_excerpt Durante las festividades patrias la comunidad migrante guatemalteca en Oklahoma promueve actividades que resalten la belleza interior y exterior de su pa\u00eds.","keywords":[],"keyphrases":{"focus":{"keyphrase":"Migrantes","score":74,"analysis":{"keyphraseInTitle":{"score":9,"maxScore":9,"error":0},"keyphraseInDescription":{"score":9,"maxScore":9,"error":0},"keyphraseLength":{"score":9,"maxScore":9,"error":0,"length":1},"keyphraseInURL":{"score":5,"maxScore":5,"error":0},"keyphraseInIntroduction":{"score":3,"maxScore":9,"error":1},"keyphraseInSubHeadings":{"score":3,"maxScore":9,"error":1},"keyphraseInImageAlt":{"score":3,"maxScore":9,"error":1},"keywordDensity":{"type":"best","score":9,"maxScore":9,"error":0}}},"additional":[]},"primary_term":null,"canonical_url":null,"og_title":null,"og_description":null,"og_object_type":"default","og_image_type":"default","og_image_url":null,"og_image_width":null,"og_image_height":null,"og_image_custom_url":null,"og_image_custom_fields":null,"og_video":"","og_custom_url":null,"og_article_section":null,"og_article_tags":[],"twitter_use_og":false,"twitter_card":"default","twitter_image_type":"default","twitter_image_url":null,"twitter_image_custom_url":null,"twitter_image_custom_fields":null,"twitter_title":null,"twitter_description":null,"schema":{"blockGraphs":[],"customGraphs":[],"default":{"data":{"Article":[],"Course":[],"Dataset":[],"FAQPage":[],"Movie":[],"Person":[],"Product":[],"ProductReview":[],"Car":[],"Recipe":[],"Service":[],"SoftwareApplication":[],"WebPage":[]},"graphName":"BlogPosting","isEnabled":true},"graphs":[]},"schema_type":"default","schema_type_options":null,"pillar_content":false,"robots_default":true,"robots_noindex":false,"robots_noarchive":false,"robots_nosnippet":false,"robots_nofollow":false,"robots_noimageindex":false,"robots_noodp":false,"robots_notranslate":false,"robots_max_snippet":"-1","robots_max_videopreview":"-1","robots_max_imagepreview":"large","priority":null,"frequency":"default","local_seo":null,"seo_analyzer_scan_date":"2025-10-08 20:24:13","breadcrumb_settings":null,"limit_modified_date":false,"reviewed_by":null,"open_ai":null,"ai":null,"created":"2023-09-12 23:48:29","updated":"2026-02-04 09:36:58"},"aioseo_breadcrumb":"<div class=\"aioseo-breadcrumbs\"><span class=\"aioseo-breadcrumb\">\n\t<a href=\"https:\/\/soymigrante.com\/revista\" title=\"Home\">Home<\/a>\n<\/span><span class=\"aioseo-breadcrumb-separator\">\u00bb<\/span><span class=\"aioseo-breadcrumb\">\n\t<a href=\"https:\/\/soymigrante.com\/revista\/category\/guate-nuestra\/\" title=\"Guate Nuestra\">Guate Nuestra<\/a>\n<\/span><span class=\"aioseo-breadcrumb-separator\">\u00bb<\/span><span class=\"aioseo-breadcrumb\">\n\tMigrantes guatemaltecos en Oklahoma se unen para celebrar su identidad\n<\/span><\/div>","aioseo_breadcrumb_json":[{"label":"Home","link":"https:\/\/soymigrante.com\/revista"},{"label":"Guate Nuestra","link":"https:\/\/soymigrante.com\/revista\/category\/guate-nuestra\/"},{"label":"Migrantes guatemaltecos en Oklahoma se unen para celebrar su identidad","link":"https:\/\/soymigrante.com\/revista\/migrantes-guatemaltecos-promueven-y-resaltan-la-belleza-de-su-pais\/"}],"_links":{"self":[{"href":"https:\/\/soymigrante.com\/revista\/wp-json\/wp\/v2\/posts\/2573","targetHints":{"allow":["GET"]}}],"collection":[{"href":"https:\/\/soymigrante.com\/revista\/wp-json\/wp\/v2\/posts"}],"about":[{"href":"https:\/\/soymigrante.com\/revista\/wp-json\/wp\/v2\/types\/post"}],"author":[{"embeddable":true,"href":"https:\/\/soymigrante.com\/revista\/wp-json\/wp\/v2\/users\/10"}],"replies":[{"embeddable":true,"href":"https:\/\/soymigrante.com\/revista\/wp-json\/wp\/v2\/comments?post=2573"}],"version-history":[{"count":0,"href":"https:\/\/soymigrante.com\/revista\/wp-json\/wp\/v2\/posts\/2573\/revisions"}],"wp:featuredmedia":[{"embeddable":true,"href":"https:\/\/soymigrante.com\/revista\/wp-json\/wp\/v2\/media\/2574"}],"wp:attachment":[{"href":"https:\/\/soymigrante.com\/revista\/wp-json\/wp\/v2\/media?parent=2573"}],"wp:term":[{"taxonomy":"category","embeddable":true,"href":"https:\/\/soymigrante.com\/revista\/wp-json\/wp\/v2\/categories?post=2573"},{"taxonomy":"post_tag","embeddable":true,"href":"https:\/\/soymigrante.com\/revista\/wp-json\/wp\/v2\/tags?post=2573"}],"curies":[{"name":"wp","href":"https:\/\/api.w.org\/{rel}","templated":true}]}}