{"id":25727,"date":"2025-02-20T05:00:00","date_gmt":"2025-02-20T11:00:00","guid":{"rendered":"https:\/\/soymigrante.com\/revista\/?p=25727"},"modified":"2025-03-10T13:55:35","modified_gmt":"2025-03-10T19:55:35","slug":"siete-orquideas-guatemaltecas-que-destacan-por-su-belleza","status":"publish","type":"post","link":"https:\/\/soymigrante.com\/revista\/siete-orquideas-guatemaltecas-que-destacan-por-su-belleza\/","title":{"rendered":"Siete orqu\u00eddeas guatemaltecas que destacan por su belleza"},"content":{"rendered":"\t\t<div data-elementor-type=\"wp-post\" data-elementor-id=\"25727\" class=\"elementor elementor-25727\" data-elementor-post-type=\"post\">\n\t\t\t\t<div data-particle_enable=\"false\" data-particle-mobile-disabled=\"false\" class=\"elementor-element elementor-element-fa66c48 e-flex e-con-boxed e-con e-parent\" data-id=\"fa66c48\" data-element_type=\"container\" data-e-type=\"container\">\n\t\t\t\t\t<div class=\"e-con-inner\">\n\t\t\t\t<div class=\"elementor-element elementor-element-dc48234 elementor-widget elementor-widget-heading\" data-id=\"dc48234\" data-element_type=\"widget\" data-e-type=\"widget\" data-widget_type=\"heading.default\">\n\t\t\t\t\t<h2 class=\"elementor-heading-title elementor-size-default\">Las orqu\u00eddeas no solo embellecen los bosques guatemaltecos, sino que tambi\u00e9n tienen un papel ecol\u00f3gico fundamental.\n<\/h2>\t\t\t\t<\/div>\n\t\t\t\t\t<\/div>\n\t\t\t\t<\/div>\n\t\t<div data-particle_enable=\"false\" data-particle-mobile-disabled=\"false\" class=\"elementor-element elementor-element-44d6b6c e-flex e-con-boxed e-con e-parent\" data-id=\"44d6b6c\" data-element_type=\"container\" data-e-type=\"container\">\n\t\t\t\t\t<div class=\"e-con-inner\">\n\t\t\t\t<div class=\"elementor-element elementor-element-5c40e58 elementor-widget elementor-widget-text-editor\" data-id=\"5c40e58\" data-element_type=\"widget\" data-e-type=\"widget\" data-widget_type=\"text-editor.default\">\n\t\t\t\t\t\t\t\t\t<p>Guatemala es un pa\u00eds con una biodiversidad impresionante, y <a href=\"https:\/\/soymigrante.com\/revista\/simbolos-patrios-8-datos-de-la-monja-blanca-que-tal-vez-ya-conocias-o-quiza-no\/\" target=\"_blank\" rel=\"noopener\">entre sus tesoros naturales destacan las orqu\u00eddeas,<\/a> flores ex\u00f3ticas que han cautivado al mundo por su belleza, formas y colores, seg\u00fan el Instituto Nacional de Bosques (INAB), ellos tienen como objetivo promover y fomentar el desarrollo y cuidado de estas plantas en todo el pa\u00eds<\/p><p>Si bien la <a href=\"https:\/\/soymigrante.com\/revista\/simbolos-patrios-8-datos-de-la-monja-blanca-que-tal-vez-ya-conocias-o-quiza-no\/\" target=\"_blank\" rel=\"noopener\">monja blanca (Lycaste skinneri var. alba)<\/a> es la orqu\u00eddea m\u00e1s emblem\u00e1tica del pa\u00eds, existen muchas otras especies igualmente fascinantes que florecen en los bosques guatemaltecos.<\/p><p>A continuaci\u00f3n, te presentamos siete orqu\u00eddeas nativas que destacan por su singularidad.<\/p>\t\t\t\t\t\t\t\t<\/div>\n\t\t\t\t\t<\/div>\n\t\t\t\t<\/div>\n\t\t<div data-particle_enable=\"false\" data-particle-mobile-disabled=\"false\" class=\"elementor-element elementor-element-fece79c e-flex e-con-boxed e-con e-parent\" data-id=\"fece79c\" data-element_type=\"container\" data-e-type=\"container\">\n\t\t\t\t\t<div class=\"e-con-inner\">\n\t\t\t\t<div class=\"elementor-element elementor-element-58ea57f elementor-widget elementor-widget-heading\" data-id=\"58ea57f\" data-element_type=\"widget\" data-e-type=\"widget\" data-widget_type=\"heading.default\">\n\t\t\t\t\t<h3 class=\"elementor-heading-title elementor-size-default\">1. Lycaste skinneri<\/h3>\t\t\t\t<\/div>\n\t\t\t\t\t<\/div>\n\t\t\t\t<\/div>\n\t\t<div data-particle_enable=\"false\" data-particle-mobile-disabled=\"false\" class=\"elementor-element elementor-element-c21184c e-flex e-con-boxed e-con e-parent\" data-id=\"c21184c\" data-element_type=\"container\" data-e-type=\"container\">\n\t\t\t\t\t<div class=\"e-con-inner\">\n\t\t\t\t<div class=\"elementor-element elementor-element-4d3951a elementor-widget elementor-widget-text-editor\" data-id=\"4d3951a\" data-element_type=\"widget\" data-e-type=\"widget\" data-widget_type=\"text-editor.default\">\n\t\t\t\t\t\t\t\t\t<p>Aunque la variante alba <a href=\"https:\/\/soymigrante.com\/revista\/simbolos-patrios-8-datos-de-la-monja-blanca-que-tal-vez-ya-conocias-o-quiza-no\/\" target=\"_blank\" rel=\"noopener\">de esta especie es la monja blanca<\/a>, la Lycaste skinneri en sus otras tonalidades sigue siendo una de las orqu\u00eddeas m\u00e1s representativas de Guatemala. Se encuentra principalmente en las regiones monta\u00f1osas del pa\u00eds, especialmente en los departamentos de Alta Verapaz y Baja Verapaz.<\/p><p>Esta orqu\u00eddea es conocida por sus grandes flores con p\u00e9talos gruesos y aterciopelados, que pueden variar en color desde el rosa p\u00e1lido hasta un vibrante lila. Se distingue por su fragancia dulce y su capacidad para florecer en climas frescos y h\u00famedos.<\/p>\t\t\t\t\t\t\t\t<\/div>\n\t\t\t\t\t<\/div>\n\t\t\t\t<\/div>\n\t\t<div data-particle_enable=\"false\" data-particle-mobile-disabled=\"false\" class=\"elementor-element elementor-element-edb036c e-flex e-con-boxed e-con e-parent\" data-id=\"edb036c\" data-element_type=\"container\" data-e-type=\"container\">\n\t\t\t\t\t<div class=\"e-con-inner\">\n\t\t\t\t<div class=\"elementor-element elementor-element-13cb9f6 elementor-widget elementor-widget-image\" data-id=\"13cb9f6\" data-element_type=\"widget\" data-e-type=\"widget\" data-widget_type=\"image.default\">\n\t\t\t\t\t\t\t\t\t\t\t\t<figure class=\"wp-caption\">\n\t\t\t\t\t\t\t\t\t\t<img fetchpriority=\"high\" decoding=\"async\" width=\"448\" height=\"336\" src=\"https:\/\/soymigrante.com\/revista\/wp-content\/uploads\/2025\/02\/Lycaste-skinneri-.webp\" class=\"attachment-large size-large wp-image-25731\" alt=\"Exposici\u00f3n de una orqu\u00eddea blanca con detalles rosados, enfocada en la belleza natural y la diversidad de plantas en la revista SoyMigrante.com Revista.\" srcset=\"https:\/\/soymigrante.com\/revista\/wp-content\/uploads\/2025\/02\/Lycaste-skinneri-.webp 448w, https:\/\/soymigrante.com\/revista\/wp-content\/uploads\/2025\/02\/Lycaste-skinneri--300x225.jpeg 300w\" sizes=\"(max-width: 448px) 100vw, 448px\" title=\"Lycaste skinneri \u2013 SoyMigrante.com REVISTA\" \/>\t\t\t\t\t\t\t\t\t\t\t<figcaption class=\"widget-image-caption wp-caption-text\">Orqu\u00eddea blanca con detalles rosados, resaltando la belleza de la flora en la revista SoyMigrante.com Revista.<\/figcaption>\n\t\t\t\t\t\t\t\t\t\t<\/figure>\n\t\t\t\t\t\t\t\t\t<\/div>\n\t\t\t\t\t<\/div>\n\t\t\t\t<\/div>\n\t\t<div data-particle_enable=\"false\" data-particle-mobile-disabled=\"false\" class=\"elementor-element elementor-element-eef0e44 e-flex e-con-boxed e-con e-parent\" data-id=\"eef0e44\" data-element_type=\"container\" data-e-type=\"container\">\n\t\t\t\t\t<div class=\"e-con-inner\">\n\t\t\t\t<div class=\"elementor-element elementor-element-d79de25 elementor-invisible elementor-widget elementor-widget-facebook-embed\" data-id=\"d79de25\" data-element_type=\"widget\" data-e-type=\"widget\" data-settings=\"{&quot;_animation&quot;:&quot;zoomInDown&quot;}\" data-widget_type=\"facebook-embed.default\">\n\t\t\t\t\t<div style=\"min-height: 1px\" class=\"elementor-facebook-widget fb-post\" data-href=\"https:\/\/www.facebook.com\/photo\/?fbid=2295591264156150&#038;set=g.336838723078057\" data-show-text=\"false\"><\/div>\t\t\t\t<\/div>\n\t\t\t\t\t<\/div>\n\t\t\t\t<\/div>\n\t\t<div data-particle_enable=\"false\" data-particle-mobile-disabled=\"false\" class=\"elementor-element elementor-element-e1a1c59 e-flex e-con-boxed e-con e-parent\" data-id=\"e1a1c59\" data-element_type=\"container\" data-e-type=\"container\">\n\t\t\t\t\t<div class=\"e-con-inner\">\n\t\t\t\t<div class=\"elementor-element elementor-element-fefbecf elementor-widget elementor-widget-heading\" data-id=\"fefbecf\" data-element_type=\"widget\" data-e-type=\"widget\" data-widget_type=\"heading.default\">\n\t\t\t\t\t<h3 class=\"elementor-heading-title elementor-size-default\">2. Prosthechea cochleata (Orqu\u00eddea concha de almeja)<\/h3>\t\t\t\t<\/div>\n\t\t\t\t\t<\/div>\n\t\t\t\t<\/div>\n\t\t<div data-particle_enable=\"false\" data-particle-mobile-disabled=\"false\" class=\"elementor-element elementor-element-d3c11b9 e-flex e-con-boxed e-con e-parent\" data-id=\"d3c11b9\" data-element_type=\"container\" data-e-type=\"container\">\n\t\t\t\t\t<div class=\"e-con-inner\">\n\t\t\t\t<div class=\"elementor-element elementor-element-0677645 elementor-widget elementor-widget-text-editor\" data-id=\"0677645\" data-element_type=\"widget\" data-e-type=\"widget\" data-widget_type=\"text-editor.default\">\n\t\t\t\t\t\t\t\t\t<p>Tambi\u00e9n llamada orqu\u00eddea pulpo, la Prosthechea cochleata se reconoce f\u00e1cilmente por la forma de sus flores, que parecen peque\u00f1as almejas o cefal\u00f3podos en miniatura. <a href=\"https:\/\/soymigrante.com\/revista\/simbolos-patrios-8-datos-de-la-monja-blanca-que-tal-vez-ya-conocias-o-quiza-no\/\" target=\"_blank\" rel=\"noopener\">Se distribuye en los bosques tropicales de Guatemala, especialmente en la regi\u00f3n del Pet\u00e9n.<\/a><\/p><p>Lo que hace especial a esta orqu\u00eddea es su floraci\u00f3n continua durante todo el a\u00f1o, lo que la convierte en una de las pocas especies que no tiene una temporada espec\u00edfica de floraci\u00f3n. Sus p\u00e9talos largos y rizados, de tonos p\u00farpuras y verdes, le otorgan una apariencia \u00fanica dentro del mundo de las orqu\u00eddeas.<\/p>\t\t\t\t\t\t\t\t<\/div>\n\t\t\t\t\t<\/div>\n\t\t\t\t<\/div>\n\t\t<div data-particle_enable=\"false\" data-particle-mobile-disabled=\"false\" class=\"elementor-element elementor-element-c5e4442 e-flex e-con-boxed e-con e-parent\" data-id=\"c5e4442\" data-element_type=\"container\" data-e-type=\"container\">\n\t\t\t\t\t<div class=\"e-con-inner\">\n\t\t\t\t<div class=\"elementor-element elementor-element-cbae3e1 elementor-widget elementor-widget-image\" data-id=\"cbae3e1\" data-element_type=\"widget\" data-e-type=\"widget\" data-widget_type=\"image.default\">\n\t\t\t\t\t\t\t\t\t\t\t\t<figure class=\"wp-caption\">\n\t\t\t\t\t\t\t\t\t\t<img decoding=\"async\" width=\"222\" height=\"227\" src=\"https:\/\/soymigrante.com\/revista\/wp-content\/uploads\/2025\/02\/Prosthechea-cochleata-.webp\" class=\"attachment-large size-large wp-image-25732\" alt=\"Imagen de una flor ex\u00f3tica de color oscuro con p\u00e9talos que tienen tonalidades moradas y verdes, con largas extensiones en la parte inferior.\" title=\"Prosthechea cochleata \u2013 SoyMigrante.com REVISTA\" \/>\t\t\t\t\t\t\t\t\t\t\t<figcaption class=\"widget-image-caption wp-caption-text\">Flor ex\u00f3tica y rara, ilustrando la belleza natural y la biodiversidad en las plantas, id\u00f3nea para art\u00edculos sobre flores raras y naturaleza.<\/figcaption>\n\t\t\t\t\t\t\t\t\t\t<\/figure>\n\t\t\t\t\t\t\t\t\t<\/div>\n\t\t\t\t\t<\/div>\n\t\t\t\t<\/div>\n\t\t<div data-particle_enable=\"false\" data-particle-mobile-disabled=\"false\" class=\"elementor-element elementor-element-08950b7 e-flex e-con-boxed e-con e-parent\" data-id=\"08950b7\" data-element_type=\"container\" data-e-type=\"container\">\n\t\t\t\t\t<div class=\"e-con-inner\">\n\t\t\t\t<div class=\"elementor-element elementor-element-75cb831 elementor-widget elementor-widget-heading\" data-id=\"75cb831\" data-element_type=\"widget\" data-e-type=\"widget\" data-widget_type=\"heading.default\">\n\t\t\t\t\t<h3 class=\"elementor-heading-title elementor-size-default\">3. Epidendrum ibaguense (Orqu\u00eddea estrella de fuego)<\/h3>\t\t\t\t<\/div>\n\t\t\t\t\t<\/div>\n\t\t\t\t<\/div>\n\t\t<div data-particle_enable=\"false\" data-particle-mobile-disabled=\"false\" class=\"elementor-element elementor-element-db8ea94 e-flex e-con-boxed e-con e-parent\" data-id=\"db8ea94\" data-element_type=\"container\" data-e-type=\"container\">\n\t\t\t\t\t<div class=\"e-con-inner\">\n\t\t\t\t<div class=\"elementor-element elementor-element-e5e2549 elementor-widget elementor-widget-text-editor\" data-id=\"e5e2549\" data-element_type=\"widget\" data-e-type=\"widget\" data-widget_type=\"text-editor.default\">\n\t\t\t\t\t\t\t\t\t<p>Conocida popularmente como estrella de fuego, esta orqu\u00eddea es una de las m\u00e1s llamativas por su color intenso. Sus flores pueden ser de un rojo anaranjado vibrante o de un amarillo brillante, lo que la hace destacar entre la vegetaci\u00f3n.<\/p><p><a href=\"https:\/\/soymigrante.com\/revista\/simbolos-patrios-8-datos-de-la-monja-blanca-que-tal-vez-ya-conocias-o-quiza-no\/\" target=\"_blank\" rel=\"noopener\">Crece en diversas zonas de Guatemala<\/a>, desde las tierras altas hasta regiones m\u00e1s c\u00e1lidas. Es una orqu\u00eddea resistente que se adapta bien a diferentes condiciones clim\u00e1ticas, lo que la ha convertido en una especie popular entre los cultivadores.<\/p>\t\t\t\t\t\t\t\t<\/div>\n\t\t\t\t\t<\/div>\n\t\t\t\t<\/div>\n\t\t<div data-particle_enable=\"false\" data-particle-mobile-disabled=\"false\" class=\"elementor-element elementor-element-86572b7 e-flex e-con-boxed e-con e-parent\" data-id=\"86572b7\" data-element_type=\"container\" data-e-type=\"container\">\n\t\t\t\t\t<div class=\"e-con-inner\">\n\t\t\t\t<div class=\"elementor-element elementor-element-67d44c0 elementor-widget elementor-widget-image\" data-id=\"67d44c0\" data-element_type=\"widget\" data-e-type=\"widget\" data-widget_type=\"image.default\">\n\t\t\t\t\t\t\t\t\t\t\t\t<figure class=\"wp-caption\">\n\t\t\t\t\t\t\t\t\t\t<img decoding=\"async\" width=\"640\" height=\"457\" src=\"https:\/\/soymigrante.com\/revista\/wp-content\/uploads\/2025\/02\/Epidendrum-ibaguense-.webp\" class=\"attachment-large size-large wp-image-25733\" alt=\"Rincularia Plantantha, flor tropical ex\u00f3tica, en la selva, conocida por su belleza y rareza, utilizada en jardiner\u00eda y orqu\u00eddeas.\" srcset=\"https:\/\/soymigrante.com\/revista\/wp-content\/uploads\/2025\/02\/Epidendrum-ibaguense-.webp 640w, https:\/\/soymigrante.com\/revista\/wp-content\/uploads\/2025\/02\/Epidendrum-ibaguense--300x214.jpeg 300w, https:\/\/soymigrante.com\/revista\/wp-content\/uploads\/2025\/02\/Epidendrum-ibaguense--120x86.webp 120w, https:\/\/soymigrante.com\/revista\/wp-content\/uploads\/2025\/02\/Epidendrum-ibaguense--350x250.webp 350w\" sizes=\"(max-width: 640px) 100vw, 640px\" title=\"Epidendrum ibaguense \u2013 SoyMigrante.com REVISTA\" \/>\t\t\t\t\t\t\t\t\t\t\t<figcaption class=\"widget-image-caption wp-caption-text\">Hermosa flor ex\u00f3tica de la selva tropical, con p\u00e9talos rosados y detalles blancos, muestra la biodiversidad en la naturaleza y su uso en jardiner\u00eda especializada.<\/figcaption>\n\t\t\t\t\t\t\t\t\t\t<\/figure>\n\t\t\t\t\t\t\t\t\t<\/div>\n\t\t\t\t\t<\/div>\n\t\t\t\t<\/div>\n\t\t<div data-particle_enable=\"false\" data-particle-mobile-disabled=\"false\" class=\"elementor-element elementor-element-2eaaa92 e-flex e-con-boxed e-con e-parent\" data-id=\"2eaaa92\" data-element_type=\"container\" data-e-type=\"container\">\n\t\t\t\t\t<div class=\"e-con-inner\">\n\t\t\t\t<div class=\"elementor-element elementor-element-48ef39e elementor-widget elementor-widget-heading\" data-id=\"48ef39e\" data-element_type=\"widget\" data-e-type=\"widget\" data-widget_type=\"heading.default\">\n\t\t\t\t\t<h3 class=\"elementor-heading-title elementor-size-default\">4. Brassavola nodosa (Dama de la noche)<\/h3>\t\t\t\t<\/div>\n\t\t\t\t\t<\/div>\n\t\t\t\t<\/div>\n\t\t<div data-particle_enable=\"false\" data-particle-mobile-disabled=\"false\" class=\"elementor-element elementor-element-6387500 e-flex e-con-boxed e-con e-parent\" data-id=\"6387500\" data-element_type=\"container\" data-e-type=\"container\">\n\t\t\t\t\t<div class=\"e-con-inner\">\n\t\t\t\t<div class=\"elementor-element elementor-element-f4e553b elementor-widget elementor-widget-text-editor\" data-id=\"f4e553b\" data-element_type=\"widget\" data-e-type=\"widget\" data-widget_type=\"text-editor.default\">\n\t\t\t\t\t\t\t\t\t<p>Esta orqu\u00eddea, apodada dama de la noche, es famosa por su fragancia intensa que se percibe especialmente en las horas nocturnas. <a href=\"https:\/\/soymigrante.com\/revista\/simbolos-patrios-8-datos-de-la-monja-blanca-que-tal-vez-ya-conocias-o-quiza-no\/\" target=\"_blank\" rel=\"noopener\">Sus flores son de un tono blanco verdoso y tienen una forma delicada y elegante.<\/a><\/p><p>En Guatemala, se encuentra en diversas regiones de clima c\u00e1lido y h\u00famedo, especialmente en los departamentos de Izabal y Pet\u00e9n. Sus hojas son alargadas y cil\u00edndricas, y puede crecer tanto en \u00e1rboles como en rocas.<\/p>\t\t\t\t\t\t\t\t<\/div>\n\t\t\t\t\t<\/div>\n\t\t\t\t<\/div>\n\t\t<div data-particle_enable=\"false\" data-particle-mobile-disabled=\"false\" class=\"elementor-element elementor-element-a74bb06 e-flex e-con-boxed e-con e-parent\" data-id=\"a74bb06\" data-element_type=\"container\" data-e-type=\"container\">\n\t\t\t\t\t<div class=\"e-con-inner\">\n\t\t\t\t<div class=\"elementor-element elementor-element-ab79a3f elementor-widget elementor-widget-image\" data-id=\"ab79a3f\" data-element_type=\"widget\" data-e-type=\"widget\" data-widget_type=\"image.default\">\n\t\t\t\t\t\t\t\t\t\t\t\t<figure class=\"wp-caption\">\n\t\t\t\t\t\t\t\t\t\t<img loading=\"lazy\" decoding=\"async\" width=\"768\" height=\"576\" src=\"https:\/\/soymigrante.com\/revista\/wp-content\/uploads\/2025\/02\/Brassavola-nodosa--1024x768.jpeg\" class=\"attachment-large size-large wp-image-25734\" alt=\"Flor de mariposa nocturna, flor blanca con hojas largas y delgadas en fondo negro, planta ex\u00f3tica y floral para diferentes ambientes y decoraciones, relacionada con la naturaleza y la biodiversidad.\" srcset=\"https:\/\/soymigrante.com\/revista\/wp-content\/uploads\/2025\/02\/Brassavola-nodosa--1024x768.jpeg 1024w, https:\/\/soymigrante.com\/revista\/wp-content\/uploads\/2025\/02\/Brassavola-nodosa--300x225.jpeg 300w, https:\/\/soymigrante.com\/revista\/wp-content\/uploads\/2025\/02\/Brassavola-nodosa--768x576.jpeg 768w, https:\/\/soymigrante.com\/revista\/wp-content\/uploads\/2025\/02\/Brassavola-nodosa--750x563.webp 750w, https:\/\/soymigrante.com\/revista\/wp-content\/uploads\/2025\/02\/Brassavola-nodosa--1140x855.webp 1140w, https:\/\/soymigrante.com\/revista\/wp-content\/uploads\/2025\/02\/Brassavola-nodosa-.webp 1280w\" sizes=\"(max-width: 768px) 100vw, 768px\" title=\"Brassavola nodosa \u2013 SoyMigrante.com REVISTA\" \/>\t\t\t\t\t\t\t\t\t\t\t<figcaption class=\"widget-image-caption wp-caption-text\">Flor de mariposa nocturna en plena floraci\u00f3n, con p\u00e9talos blancos y hojas verdes largas y delgadas, presentada en un entorno oscuro para resaltar su belleza natural y elegancia, ideal para art\u00edculos sobre flora y naturaleza.<\/figcaption>\n\t\t\t\t\t\t\t\t\t\t<\/figure>\n\t\t\t\t\t\t\t\t\t<\/div>\n\t\t\t\t\t<\/div>\n\t\t\t\t<\/div>\n\t\t<div data-particle_enable=\"false\" data-particle-mobile-disabled=\"false\" class=\"elementor-element elementor-element-cca74dc e-flex e-con-boxed e-con e-parent\" data-id=\"cca74dc\" data-element_type=\"container\" data-e-type=\"container\">\n\t\t\t\t\t<div class=\"e-con-inner\">\n\t\t\t\t<div class=\"elementor-element elementor-element-7d4fca6 elementor-widget elementor-widget-heading\" data-id=\"7d4fca6\" data-element_type=\"widget\" data-e-type=\"widget\" data-widget_type=\"heading.default\">\n\t\t\t\t\t<h3 class=\"elementor-heading-title elementor-size-default\">5. Cattleya aurantiaca (Orqu\u00eddea anaranjada)<\/h3>\t\t\t\t<\/div>\n\t\t\t\t\t<\/div>\n\t\t\t\t<\/div>\n\t\t<div data-particle_enable=\"false\" data-particle-mobile-disabled=\"false\" class=\"elementor-element elementor-element-66348b8 e-flex e-con-boxed e-con e-parent\" data-id=\"66348b8\" data-element_type=\"container\" data-e-type=\"container\">\n\t\t\t\t\t<div class=\"e-con-inner\">\n\t\t\t\t<div class=\"elementor-element elementor-element-3975b44 elementor-widget elementor-widget-text-editor\" data-id=\"3975b44\" data-element_type=\"widget\" data-e-type=\"widget\" data-widget_type=\"text-editor.default\">\n\t\t\t\t\t\t\t\t\t<p>La Cattleya aurantiaca es una de las orqu\u00eddeas m\u00e1s vibrantes de Guatemala debido a su intenso color naranja, aunque tambi\u00e9n puede encontrarse en tonalidades amarillas o rojizas. Se caracteriza por su crecimiento en racimos y por su capacidad para adaptarse a diferentes altitudes.<\/p><p>Esta especie florece entre enero y marzo y se encuentra principalmente en bosques secos y h\u00famedos del pa\u00eds. Su gran atractivo ha llevado a que sea cultivada en jardines y <a href=\"https:\/\/soymigrante.com\/revista\/simbolos-patrios-8-datos-de-la-monja-blanca-que-tal-vez-ya-conocias-o-quiza-no\/\" target=\"_blank\" rel=\"noopener\">colecciones de orqu\u00eddeas alrededor del mundo.<\/a><\/p>\t\t\t\t\t\t\t\t<\/div>\n\t\t\t\t\t<\/div>\n\t\t\t\t<\/div>\n\t\t<div data-particle_enable=\"false\" data-particle-mobile-disabled=\"false\" class=\"elementor-element elementor-element-a4bbf3f e-flex e-con-boxed e-con e-parent\" data-id=\"a4bbf3f\" data-element_type=\"container\" data-e-type=\"container\">\n\t\t\t\t\t<div class=\"e-con-inner\">\n\t\t\t\t<div class=\"elementor-element elementor-element-6dd233e elementor-widget elementor-widget-image\" data-id=\"6dd233e\" data-element_type=\"widget\" data-e-type=\"widget\" data-widget_type=\"image.default\">\n\t\t\t\t\t\t\t\t\t\t\t\t<figure class=\"wp-caption\">\n\t\t\t\t\t\t\t\t\t\t<img loading=\"lazy\" decoding=\"async\" width=\"480\" height=\"640\" src=\"https:\/\/soymigrante.com\/revista\/wp-content\/uploads\/2025\/02\/Cattleya-aurantiaca-.webp\" class=\"attachment-large size-large wp-image-25735\" alt=\"Zygo cactus o machete con flores naranjas vibrantes en maceta, plantas ex\u00f3ticas ideales para decorar hogares y oficinas, perfectas para amantes de la jardiner\u00eda y plantas de interior.\" srcset=\"https:\/\/soymigrante.com\/revista\/wp-content\/uploads\/2025\/02\/Cattleya-aurantiaca-.webp 480w, https:\/\/soymigrante.com\/revista\/wp-content\/uploads\/2025\/02\/Cattleya-aurantiaca--225x300.jpeg 225w\" sizes=\"(max-width: 480px) 100vw, 480px\" title=\"Cattleya aurantiaca \u2013 SoyMigrante.com REVISTA\" \/>\t\t\t\t\t\t\t\t\t\t\t<figcaption class=\"widget-image-caption wp-caption-text\">Hermosa planta de Zygo cactus o machete con flores naranjas en una maceta, que aporta un toque ex\u00f3tico y colorido a cualquier espacio, perfecta para entusiastas de la jardiner\u00eda y decoraciones vegetales.<\/figcaption>\n\t\t\t\t\t\t\t\t\t\t<\/figure>\n\t\t\t\t\t\t\t\t\t<\/div>\n\t\t\t\t\t<\/div>\n\t\t\t\t<\/div>\n\t\t<div data-particle_enable=\"false\" data-particle-mobile-disabled=\"false\" class=\"elementor-element elementor-element-06c0db3 e-flex e-con-boxed e-con e-parent\" data-id=\"06c0db3\" data-element_type=\"container\" data-e-type=\"container\">\n\t\t\t\t\t<div class=\"e-con-inner\">\n\t\t\t\t<div class=\"elementor-element elementor-element-0ffbb1a elementor-widget elementor-widget-heading\" data-id=\"0ffbb1a\" data-element_type=\"widget\" data-e-type=\"widget\" data-widget_type=\"heading.default\">\n\t\t\t\t\t<h3 class=\"elementor-heading-title elementor-size-default\">6. Oncidium sphacelatum (Lluvia de oro)<\/h3>\t\t\t\t<\/div>\n\t\t\t\t\t<\/div>\n\t\t\t\t<\/div>\n\t\t<div data-particle_enable=\"false\" data-particle-mobile-disabled=\"false\" class=\"elementor-element elementor-element-750774f e-flex e-con-boxed e-con e-parent\" data-id=\"750774f\" data-element_type=\"container\" data-e-type=\"container\">\n\t\t\t\t\t<div class=\"e-con-inner\">\n\t\t\t\t<div class=\"elementor-element elementor-element-f66d091 elementor-widget elementor-widget-text-editor\" data-id=\"f66d091\" data-element_type=\"widget\" data-e-type=\"widget\" data-widget_type=\"text-editor.default\">\n\t\t\t\t\t\t\t\t\t<p>Popularmente conocida como lluvia de oro, esta orqu\u00eddea es famosa por su abundante floraci\u00f3n amarilla con peque\u00f1as manchas marrones. Sus flores crecen en largos racimos, lo que da la impresi\u00f3n de una cascada dorada cuando la planta est\u00e1 en su m\u00e1ximo esplendor.<\/p><p>En Guatemala, la Oncidium sphacelatum <a href=\"https:\/\/soymigrante.com\/revista\/simbolos-patrios-8-datos-de-la-monja-blanca-que-tal-vez-ya-conocias-o-quiza-no\/\" target=\"_blank\" rel=\"noopener\">se encuentra en climas c\u00e1lidos y h\u00famedos, especialmente en las regiones de la costa sur y en las selvas del Pet\u00e9n.<\/a> Es una orqu\u00eddea de f\u00e1cil cultivo que se adapta bien a diferentes tipos de sustrato.<\/p>\t\t\t\t\t\t\t\t<\/div>\n\t\t\t\t\t<\/div>\n\t\t\t\t<\/div>\n\t\t<div data-particle_enable=\"false\" data-particle-mobile-disabled=\"false\" class=\"elementor-element elementor-element-e891f7d e-flex e-con-boxed e-con e-parent\" data-id=\"e891f7d\" data-element_type=\"container\" data-e-type=\"container\">\n\t\t\t\t\t<div class=\"e-con-inner\">\n\t\t\t\t<div class=\"elementor-element elementor-element-652d0c2 elementor-widget elementor-widget-image\" data-id=\"652d0c2\" data-element_type=\"widget\" data-e-type=\"widget\" data-widget_type=\"image.default\">\n\t\t\t\t\t\t\t\t\t\t\t\t<figure class=\"wp-caption\">\n\t\t\t\t\t\t\t\t\t\t<img loading=\"lazy\" decoding=\"async\" width=\"186\" height=\"272\" src=\"https:\/\/soymigrante.com\/revista\/wp-content\/uploads\/2025\/02\/Oncidium-sphacelatum-.webp\" class=\"attachment-large size-large wp-image-25736\" alt=\"Ramalete de orqu\u00eddea amarilla con peque\u00f1os insectos sobre hojas verdes, flores tropicales, flora ex\u00f3tica, jardiner\u00eda, naturaleza, biodiversidad, plantas ornamentales.\" title=\"Oncidium sphacelatum \u2013 SoyMigrante.com REVISTA\" \/>\t\t\t\t\t\t\t\t\t\t\t<figcaption class=\"widget-image-caption wp-caption-text\">Primera p\u00e1gina de la revista SoyMigrante.com, con enfoque en cultura, migraci\u00f3n y biodiversidad para comunidad hispanohablante.<\/figcaption>\n\t\t\t\t\t\t\t\t\t\t<\/figure>\n\t\t\t\t\t\t\t\t\t<\/div>\n\t\t\t\t\t<\/div>\n\t\t\t\t<\/div>\n\t\t<div data-particle_enable=\"false\" data-particle-mobile-disabled=\"false\" class=\"elementor-element elementor-element-cb04158 e-flex e-con-boxed e-con e-parent\" data-id=\"cb04158\" data-element_type=\"container\" data-e-type=\"container\">\n\t\t\t\t\t<div class=\"e-con-inner\">\n\t\t\t\t<div class=\"elementor-element elementor-element-db28a26 elementor-invisible elementor-widget elementor-widget-facebook-embed\" data-id=\"db28a26\" data-element_type=\"widget\" data-e-type=\"widget\" data-settings=\"{&quot;_animation&quot;:&quot;zoomInDown&quot;}\" data-widget_type=\"facebook-embed.default\">\n\t\t\t\t\t<div style=\"min-height: 1px\" class=\"elementor-facebook-widget fb-post\" data-href=\"https:\/\/www.facebook.com\/photo\/?fbid=9476380722412808&#038;set=g.336838723078057\" data-show-text=\"false\"><\/div>\t\t\t\t<\/div>\n\t\t\t\t\t<\/div>\n\t\t\t\t<\/div>\n\t\t<div data-particle_enable=\"false\" data-particle-mobile-disabled=\"false\" class=\"elementor-element elementor-element-f4782ce e-flex e-con-boxed e-con e-parent\" data-id=\"f4782ce\" data-element_type=\"container\" data-e-type=\"container\">\n\t\t\t\t\t<div class=\"e-con-inner\">\n\t\t\t\t<div class=\"elementor-element elementor-element-6d6c30d elementor-widget elementor-widget-heading\" data-id=\"6d6c30d\" data-element_type=\"widget\" data-e-type=\"widget\" data-widget_type=\"heading.default\">\n\t\t\t\t\t<h3 class=\"elementor-heading-title elementor-size-default\">7. Laelia rubescens (Orqu\u00eddea laelia rosa)<\/h3>\t\t\t\t<\/div>\n\t\t\t\t\t<\/div>\n\t\t\t\t<\/div>\n\t\t<div data-particle_enable=\"false\" data-particle-mobile-disabled=\"false\" class=\"elementor-element elementor-element-bc42fa4 e-flex e-con-boxed e-con e-parent\" data-id=\"bc42fa4\" data-element_type=\"container\" data-e-type=\"container\">\n\t\t\t\t\t<div class=\"e-con-inner\">\n\t\t\t\t<div class=\"elementor-element elementor-element-9ae9489 elementor-widget elementor-widget-text-editor\" data-id=\"9ae9489\" data-element_type=\"widget\" data-e-type=\"widget\" data-widget_type=\"text-editor.default\">\n\t\t\t\t\t\t\t\t\t<p>Esta orqu\u00eddea destaca por sus elegantes flores rosadas y su capacidad para florecer en condiciones secas. <a href=\"https:\/\/soymigrante.com\/revista\/simbolos-patrios-8-datos-de-la-monja-blanca-que-tal-vez-ya-conocias-o-quiza-no\/\" target=\"_blank\" rel=\"noopener\">Se encuentra en diversas zonas de Guatemala, especialmente en bosques de baja altitud<\/a> y \u00e1reas con temperaturas c\u00e1lidas.<\/p><p>La Laelia rubescens es apreciada no solo por su belleza, sino tambi\u00e9n por su resistencia. Puede soportar largos periodos sin agua y florecer en condiciones de escasez, lo que la convierte en una de las orqu\u00eddeas m\u00e1s resistentes de la regi\u00f3n.<\/p>\t\t\t\t\t\t\t\t<\/div>\n\t\t\t\t\t<\/div>\n\t\t\t\t<\/div>\n\t\t<div data-particle_enable=\"false\" data-particle-mobile-disabled=\"false\" class=\"elementor-element elementor-element-db87097 e-flex e-con-boxed e-con e-parent\" data-id=\"db87097\" data-element_type=\"container\" data-e-type=\"container\">\n\t\t\t\t\t<div class=\"e-con-inner\">\n\t\t\t\t<div class=\"elementor-element elementor-element-44a64d8 elementor-widget elementor-widget-image\" data-id=\"44a64d8\" data-element_type=\"widget\" data-e-type=\"widget\" data-widget_type=\"image.default\">\n\t\t\t\t\t\t\t\t\t\t\t\t<figure class=\"wp-caption\">\n\t\t\t\t\t\t\t\t\t\t<img loading=\"lazy\" decoding=\"async\" width=\"168\" height=\"300\" src=\"https:\/\/soymigrante.com\/revista\/wp-content\/uploads\/2025\/02\/Laelia-rubescens-.webp\" class=\"attachment-large size-large wp-image-25737\" alt=\"Flores de orqu\u00eddea blancas en un fondo oscuro, simbolizando belleza y naturaleza ex\u00f3tica para contenido sobre flora y biodiversidad.\" title=\"Laelia rubescens \u2013 SoyMigrante.com REVISTA\" \/>\t\t\t\t\t\t\t\t\t\t\t<figcaption class=\"widget-image-caption wp-caption-text\">Orqu\u00eddea blanca en flor, perfecta para art\u00edculos sobre plantas, jardiner\u00eda y biodiversidad, destacando la belleza de la flora silvestre.<\/figcaption>\n\t\t\t\t\t\t\t\t\t\t<\/figure>\n\t\t\t\t\t\t\t\t\t<\/div>\n\t\t\t\t\t<\/div>\n\t\t\t\t<\/div>\n\t\t<div data-particle_enable=\"false\" data-particle-mobile-disabled=\"false\" class=\"elementor-element elementor-element-5311073 e-flex e-con-boxed e-con e-parent\" data-id=\"5311073\" data-element_type=\"container\" data-e-type=\"container\">\n\t\t\t\t\t<div class=\"e-con-inner\">\n\t\t\t\t<div class=\"elementor-element elementor-element-caa4c09 elementor-widget elementor-widget-heading\" data-id=\"caa4c09\" data-element_type=\"widget\" data-e-type=\"widget\" data-widget_type=\"heading.default\">\n\t\t\t\t\t<h3 class=\"elementor-heading-title elementor-size-default\">Importancia de las orqu\u00eddeas en Guatemala<\/h3>\t\t\t\t<\/div>\n\t\t\t\t\t<\/div>\n\t\t\t\t<\/div>\n\t\t<div data-particle_enable=\"false\" data-particle-mobile-disabled=\"false\" class=\"elementor-element elementor-element-528f739 e-flex e-con-boxed e-con e-parent\" data-id=\"528f739\" data-element_type=\"container\" data-e-type=\"container\">\n\t\t\t\t\t<div class=\"e-con-inner\">\n\t\t\t\t<div class=\"elementor-element elementor-element-e39eb4f elementor-widget elementor-widget-text-editor\" data-id=\"e39eb4f\" data-element_type=\"widget\" data-e-type=\"widget\" data-widget_type=\"text-editor.default\">\n\t\t\t\t\t\t\t\t\t<p>Son polinizadas por una variedad de insectos, incluyendo abejas, mariposas y colibr\u00edes, lo que contribuye a la biodiversidad del pa\u00eds.<\/p><p>Adem\u00e1s, muchas de estas especies est\u00e1n amenazadas por la deforestaci\u00f3n y el tr\u00e1fico ilegal de plantas. La conservaci\u00f3n de su h\u00e1bitat es esencial para garantizar que futuras generaciones puedan seguir admirando la riqueza natural de Guatemala.<\/p><p>\u00a0<\/p>\t\t\t\t\t\t\t\t<\/div>\n\t\t\t\t\t<\/div>\n\t\t\t\t<\/div>\n\t\t<div data-particle_enable=\"false\" data-particle-mobile-disabled=\"false\" class=\"elementor-element elementor-element-a3c34e2 e-flex e-con-boxed e-con e-parent\" data-id=\"a3c34e2\" data-element_type=\"container\" data-e-type=\"container\">\n\t\t\t\t\t<div class=\"e-con-inner\">\n\t\t\t\t<div class=\"elementor-element elementor-element-552a9c2 elementor-widget elementor-widget-text-editor\" data-id=\"552a9c2\" data-element_type=\"widget\" data-e-type=\"widget\" data-widget_type=\"text-editor.default\">\n\t\t\t\t\t\t\t\t\t<p>Las siete orqu\u00eddeas mencionadas aqu\u00ed son solo una muestra de la gran diversidad que el pa\u00eds tiene para ofrecer. S<a href=\"https:\/\/soymigrante.com\/revista\/simbolos-patrios-8-datos-de-la-monja-blanca-que-tal-vez-ya-conocias-o-quiza-no\/\" target=\"_blank\" rel=\"noopener\">u belleza, resistencia y adaptabilidad las convierten en un tesoro bot\u00e1nico que merece ser protegido y apreciado.<\/a><\/p>\t\t\t\t\t\t\t\t<\/div>\n\t\t\t\t\t<\/div>\n\t\t\t\t<\/div>\n\t\t<div data-particle_enable=\"false\" data-particle-mobile-disabled=\"false\" class=\"elementor-element elementor-element-61ea1f1 e-flex e-con-boxed e-con e-parent\" data-id=\"61ea1f1\" data-element_type=\"container\" data-e-type=\"container\">\n\t\t\t\t\t<div class=\"e-con-inner\">\n\t\t\t\t<div class=\"elementor-element elementor-element-2a3dcb7 elementor-widget elementor-widget-heading\" data-id=\"2a3dcb7\" data-element_type=\"widget\" data-e-type=\"widget\" data-widget_type=\"heading.default\">\n\t\t\t\t\t<h2 class=\"elementor-heading-title elementor-size-default\">Conoce m\u00e1s de estas hermosas plantas...<\/h2>\t\t\t\t<\/div>\n\t\t\t\t\t<\/div>\n\t\t\t\t<\/div>\n\t\t<div data-particle_enable=\"false\" data-particle-mobile-disabled=\"false\" class=\"elementor-element elementor-element-d91beb2 e-flex e-con-boxed e-con e-parent\" data-id=\"d91beb2\" data-element_type=\"container\" data-e-type=\"container\">\n\t\t\t\t\t<div class=\"e-con-inner\">\n\t\t\t\t<div class=\"elementor-element elementor-element-72561f0 elementor-grid-eael-col-3 elementor-grid-tablet-eael-col-2 elementor-grid-mobile-eael-col-1 elementor-widget elementor-widget-eael-post-grid\" data-id=\"72561f0\" data-element_type=\"widget\" data-e-type=\"widget\" data-settings=\"{&quot;eael_post_grid_columns&quot;:&quot;eael-col-3&quot;,&quot;eael_post_grid_columns_tablet&quot;:&quot;eael-col-2&quot;,&quot;eael_post_grid_columns_mobile&quot;:&quot;eael-col-1&quot;}\" data-widget_type=\"eael-post-grid.default\">\n\t\t\t\t\t<div id=\"eael-post-grid-72561f0\" class=\"eael-post-grid-container\">\n            <div class=\"eael-post-grid eael-post-appender eael-post-appender-72561f0 eael-post-grid-style-one\" data-layout-mode=\"masonry\"><article class=\"eael-grid-post  eael-post-grid-column eael-pg-post-3396 category-guate-nuestra-simbolos-patrios-guate-nuestra\" data-id=\"3396\">\n        <div class=\"eael-grid-post-holder\">\n            <div class=\"eael-grid-post-holder-inner\"><div class=\"eael-entry-media\"><div class=\"eael-entry-overlay fade-in\"><i class=\"far fa-hand-pointer\" aria-hidden=\"true\"><\/i><a href=\"https:\/\/soymigrante.com\/revista\/simbolos-patrios-8-datos-de-la-monja-blanca-que-tal-vez-ya-conocias-o-quiza-no\/\"><\/a><\/div><div class=\"eael-entry-thumbnail \">\n                <img loading=\"lazy\" decoding=\"async\" width=\"1024\" height=\"1024\" src=\"https:\/\/soymigrante.com\/revista\/wp-content\/uploads\/2023\/11\/archilarium-5-1-1024x1024.webp\" class=\"attachment-large size-large wp-image-3413\" alt=\"Monja blanca, uno de los s\u00edmbolos patrios de Guatemala. Fotograf\u00eda Archilarium\" srcset=\"https:\/\/soymigrante.com\/revista\/wp-content\/uploads\/2023\/11\/archilarium-5-1-1024x1024.webp 1024w, https:\/\/soymigrante.com\/revista\/wp-content\/uploads\/2023\/11\/archilarium-5-1-300x300.webp 300w, https:\/\/soymigrante.com\/revista\/wp-content\/uploads\/2023\/11\/archilarium-5-1-150x150.webp 150w, https:\/\/soymigrante.com\/revista\/wp-content\/uploads\/2023\/11\/archilarium-5-1-768x768.webp 768w, https:\/\/soymigrante.com\/revista\/wp-content\/uploads\/2023\/11\/archilarium-5-1-75x75.webp 75w, https:\/\/soymigrante.com\/revista\/wp-content\/uploads\/2023\/11\/archilarium-5-1-750x750.webp 750w, https:\/\/soymigrante.com\/revista\/wp-content\/uploads\/2023\/11\/archilarium-5-1-1140x1140.webp 1140w, https:\/\/soymigrante.com\/revista\/wp-content\/uploads\/2023\/11\/archilarium-5-1-600x600.webp 600w, https:\/\/soymigrante.com\/revista\/wp-content\/uploads\/2023\/11\/archilarium-5-1.webp 1440w\" sizes=\"(max-width: 1024px) 100vw, 1024px\" \/>\n            <\/div>\n        <\/div><div class=\"eael-entry-wrapper\"><header class=\"eael-entry-header\"><h2 class=\"eael-entry-title\"><a class=\"eael-grid-post-link\" href=\"https:\/\/soymigrante.com\/revista\/simbolos-patrios-8-datos-de-la-monja-blanca-que-tal-vez-ya-conocias-o-quiza-no\/\" title=\"\u00bfPor qu\u00e9 el 11 de febrero es el d\u00eda de la Monja Blanca, S\u00edmbolo Nacional de Guatemala?\">\u00bfPor qu\u00e9 el 11 de febrero es el d\u00eda de la Monja Blanca, S\u00edmbolo Nacional de Guatemala?<\/a><\/h2><\/header><div class=\"eael-entry-content\">\n                        <div class=\"eael-grid-post-excerpt\"><a href=\"https:\/\/soymigrante.com\/revista\/simbolos-patrios-8-datos-de-la-monja-blanca-que-tal-vez-ya-conocias-o-quiza-no\/\" class=\"eael-post-elements-readmore-btn\">CONOCE SU HISTORIA <\/a><\/div>\n                    <\/div><\/div><\/div>\n        <\/div>\n    <\/article><article class=\"eael-grid-post  eael-post-grid-column eael-pg-post-8355 category-guate-nuestra\" data-id=\"8355\">\n        <div class=\"eael-grid-post-holder\">\n            <div class=\"eael-grid-post-holder-inner\"><div class=\"eael-entry-media\"><div class=\"eael-entry-overlay fade-in\"><i class=\"far fa-hand-pointer\" aria-hidden=\"true\"><\/i><a href=\"https:\/\/soymigrante.com\/revista\/fotos-de-guatemala-pablo-galindo-refleja-la-magia-de-la-tierra-del-quetzal\/\"><\/a><\/div><div class=\"eael-entry-thumbnail \">\n                <img loading=\"lazy\" decoding=\"async\" width=\"1024\" height=\"1024\" src=\"https:\/\/soymigrante.com\/revista\/wp-content\/uploads\/2024\/08\/volcanes-pablo-galindo-soy-migrante3-1-1024x1024.webp\" class=\"attachment-large size-large wp-image-8385\" alt=\"Vista del volc\u00e1n en erupci\u00f3n con columnas de humo y lava illuminated por la noche, s\u00edmbolo del poder de la naturaleza y la actividad volc\u00e1nica en Am\u00e9rica Central.\" srcset=\"https:\/\/soymigrante.com\/revista\/wp-content\/uploads\/2024\/08\/volcanes-pablo-galindo-soy-migrante3-1-1024x1024.webp 1024w, https:\/\/soymigrante.com\/revista\/wp-content\/uploads\/2024\/08\/volcanes-pablo-galindo-soy-migrante3-1-300x300.webp 300w, https:\/\/soymigrante.com\/revista\/wp-content\/uploads\/2024\/08\/volcanes-pablo-galindo-soy-migrante3-1-150x150.webp 150w, https:\/\/soymigrante.com\/revista\/wp-content\/uploads\/2024\/08\/volcanes-pablo-galindo-soy-migrante3-1-768x768.webp 768w, https:\/\/soymigrante.com\/revista\/wp-content\/uploads\/2024\/08\/volcanes-pablo-galindo-soy-migrante3-1-75x75.webp 75w, https:\/\/soymigrante.com\/revista\/wp-content\/uploads\/2024\/08\/volcanes-pablo-galindo-soy-migrante3-1-750x750.webp 750w, https:\/\/soymigrante.com\/revista\/wp-content\/uploads\/2024\/08\/volcanes-pablo-galindo-soy-migrante3-1-1140x1140.webp 1140w, https:\/\/soymigrante.com\/revista\/wp-content\/uploads\/2024\/08\/volcanes-pablo-galindo-soy-migrante3-1.webp 1440w\" sizes=\"(max-width: 1024px) 100vw, 1024px\" \/>\n            <\/div>\n        <\/div><div class=\"eael-entry-wrapper\"><header class=\"eael-entry-header\"><h2 class=\"eael-entry-title\"><a class=\"eael-grid-post-link\" href=\"https:\/\/soymigrante.com\/revista\/fotos-de-guatemala-pablo-galindo-refleja-la-magia-de-la-tierra-del-quetzal\/\" title=\"Fotos de Guatemala :  Pablo Galindo refleja la magia de la tierra del Quetzal\">Fotos de Guatemala :  Pablo Galindo refleja la magia de la tierra del Quetzal<\/a><\/h2><\/header><div class=\"eael-entry-content\">\n                        <div class=\"eael-grid-post-excerpt\"><a href=\"https:\/\/soymigrante.com\/revista\/fotos-de-guatemala-pablo-galindo-refleja-la-magia-de-la-tierra-del-quetzal\/\" class=\"eael-post-elements-readmore-btn\">CONOCE SU HISTORIA <\/a><\/div>\n                    <\/div><\/div><\/div>\n        <\/div>\n    <\/article><article class=\"eael-grid-post  eael-post-grid-column eael-pg-post-4661 category-guate-nuestra-simbolos-patrios-guate-nuestra\" data-id=\"4661\">\n        <div class=\"eael-grid-post-holder\">\n            <div class=\"eael-grid-post-holder-inner\"><div class=\"eael-entry-media\"><div class=\"eael-entry-overlay fade-in\"><i class=\"far fa-hand-pointer\" aria-hidden=\"true\"><\/i><a href=\"https:\/\/soymigrante.com\/revista\/monja-blanca-simbolo-patrio-guatemala-smithsonian-washington-exposicion\/\"><\/a><\/div><div class=\"eael-entry-thumbnail \">\n                <img loading=\"lazy\" decoding=\"async\" width=\"753\" height=\"578\" src=\"https:\/\/soymigrante.com\/revista\/wp-content\/uploads\/2024\/01\/Captura-de-pantalla-2024-01-29-164708.webp\" class=\"attachment-large size-large wp-image-4662\" alt=\"Ejemplar de Monja Blanca de la colecci\u00f3n bot\u00e1nica del Jard\u00edn Bot\u00e1nico del Smithsonian Insitute. (Fotograf\u00eda archivo Smithsonian Institute)\" srcset=\"https:\/\/soymigrante.com\/revista\/wp-content\/uploads\/2024\/01\/Captura-de-pantalla-2024-01-29-164708.webp 753w, https:\/\/soymigrante.com\/revista\/wp-content\/uploads\/2024\/01\/Captura-de-pantalla-2024-01-29-164708-300x230.webp 300w, https:\/\/soymigrante.com\/revista\/wp-content\/uploads\/2024\/01\/Captura-de-pantalla-2024-01-29-164708-750x576.webp 750w\" sizes=\"(max-width: 753px) 100vw, 753px\" \/>\n            <\/div>\n        <\/div><div class=\"eael-entry-wrapper\"><header class=\"eael-entry-header\"><h2 class=\"eael-entry-title\"><a class=\"eael-grid-post-link\" href=\"https:\/\/soymigrante.com\/revista\/monja-blanca-simbolo-patrio-guatemala-smithsonian-washington-exposicion\/\" title=\"La Monja Blanca, s\u00edmbolo de Guatemala, puede ser admirada en Washington D.C.\">La Monja Blanca, s\u00edmbolo de Guatemala, puede ser admirada en Washington D.C.<\/a><\/h2><\/header><div class=\"eael-entry-content\">\n                        <div class=\"eael-grid-post-excerpt\"><a href=\"https:\/\/soymigrante.com\/revista\/monja-blanca-simbolo-patrio-guatemala-smithsonian-washington-exposicion\/\" class=\"eael-post-elements-readmore-btn\">CONOCE SU HISTORIA <\/a><\/div>\n                    <\/div><\/div><\/div>\n        <\/div>\n    <\/article><\/div>\n            <div class=\"clearfix\"><\/div>\n        <\/div>\t\t\t\t<\/div>\n\t\t\t\t\t<\/div>\n\t\t\t\t<\/div>\n\t\t\t\t<\/div>\n\t\t","protected":false},"excerpt":{"rendered":"<p>Las orqu\u00eddeas no solo embellecen los bosques guatemaltecos, sino que tambi\u00e9n tienen un papel ecol\u00f3gico fundamental. Guatemala es un pa\u00eds con una biodiversidad impresionante, y entre sus tesoros naturales destacan las orqu\u00eddeas, flores ex\u00f3ticas que han cautivado al mundo por su belleza, formas y colores, seg\u00fan el Instituto Nacional de Bosques (INAB), ellos tienen como [&hellip;]<\/p>\n","protected":false},"author":19,"featured_media":25728,"comment_status":"open","ping_status":"open","sticky":false,"template":"","format":"standard","meta":{"_acf_changed":false,"_eb_attr":"","footnotes":""},"categories":[58],"tags":[],"class_list":["post-25727","post","type-post","status-publish","format-standard","has-post-thumbnail","hentry","category-guate-nuestra"],"acf":[],"aioseo_notices":[],"aioseo_head":"\n\t\t<!-- All in One SEO Pro 4.9.6.2 - aioseo.com -->\n\t<meta name=\"description\" content=\"S\u00edmbolo patrio de Guatemala figura en la exhibici\u00f3n El futuro de las orqu\u00eddeas, del Smithsonian Institute en Washington D.C., que se encuentra abierta hasta el 27 de abril. La exposici\u00f3n El futuro de las orqu\u00eddeas re\u00fane cientos de ejemplares de estas fascinantes flores, provenientes de todo el mundo. Entre ellas se encuentra la Lycaste virginalis\" \/>\n\t<meta name=\"robots\" content=\"max-snippet:-1, max-image-preview:large, max-video-preview:-1\" \/>\n\t<meta name=\"author\" content=\"Marysabel Aldana\"\/>\n\t<link rel=\"canonical\" href=\"https:\/\/soymigrante.com\/revista\/siete-orquideas-guatemaltecas-que-destacan-por-su-belleza\/\" \/>\n\t<meta name=\"generator\" content=\"All in One SEO Pro (AIOSEO) 4.9.6.2\" \/>\n\n\t\t<link rel=\"preconnect\" href=\"https:\/\/fonts.googleapis.com\" crossorigin>\n<link rel=\"preconnect\" href=\"https:\/\/fonts.gstatic.com\" crossorigin>\n\t\t<meta property=\"og:locale\" content=\"es_ES\" \/>\n\t\t<meta property=\"og:site_name\" content=\"SoyMigrante.com REVISTA \u2013 Nuestra misi\u00f3n es reconocer y dignificar al migrante.\" \/>\n\t\t<meta property=\"og:type\" content=\"article\" \/>\n\t\t<meta property=\"og:title\" content=\"Siete orqu\u00eddeas guatemaltecas que destacan por su belleza\" \/>\n\t\t<meta property=\"og:description\" content=\"Las orqu\u00eddeas no solo embellecen los bosques guatemaltecos, sino que tambi\u00e9n tienen un papel ecol\u00f3gico fundamental.\" \/>\n\t\t<meta property=\"og:url\" content=\"https:\/\/soymigrante.com\/revista\/siete-orquideas-guatemaltecas-que-destacan-por-su-belleza\/\" \/>\n\t\t<meta property=\"og:image\" content=\"https:\/\/soymigrante.com\/revista\/wp-content\/uploads\/2025\/02\/Siete-orqui\u0301deas-guatemaltecas-que-destacan-por-su-belleza--e1739566829810.webp\" \/>\n\t\t<meta property=\"og:image:secure_url\" content=\"https:\/\/soymigrante.com\/revista\/wp-content\/uploads\/2025\/02\/Siete-orqui\u0301deas-guatemaltecas-que-destacan-por-su-belleza--e1739566829810.webp\" \/>\n\t\t<meta property=\"og:image:width\" content=\"1536\" \/>\n\t\t<meta property=\"og:image:height\" content=\"1536\" \/>\n\t\t<meta property=\"article:published_time\" content=\"2025-02-20T11:00:00+00:00\" \/>\n\t\t<meta property=\"article:modified_time\" content=\"2025-03-10T19:55:35+00:00\" \/>\n\t\t<meta property=\"article:publisher\" content=\"https:\/\/www.facebook.com\/soymigrantecom\" \/>\n\t\t<meta name=\"twitter:card\" content=\"summary_large_image\" \/>\n\t\t<meta name=\"twitter:site\" content=\"@SoyMigrante_com\" \/>\n\t\t<meta name=\"twitter:title\" content=\"Siete orqu\u00eddeas guatemaltecas que destacan por su belleza\" \/>\n\t\t<meta name=\"twitter:description\" content=\"Las orqu\u00eddeas no solo embellecen los bosques guatemaltecos, sino que tambi\u00e9n tienen un papel ecol\u00f3gico fundamental.\" \/>\n\t\t<meta name=\"twitter:creator\" content=\"@SoyMigrante_com\" \/>\n\t\t<meta name=\"twitter:image\" content=\"https:\/\/soymigrante.com\/revista\/wp-content\/uploads\/2025\/02\/Siete-orqui\u0301deas-guatemaltecas-que-destacan-por-su-belleza--e1739566829810.webp\" \/>\n\t\t<!-- All in One SEO Pro -->\r\n\t\t<title>Siete orqu\u00eddeas guatemaltecas que destacan por su belleza<\/title>\n\n","aioseo_head_json":{"title":"Siete orqu\u00eddeas guatemaltecas que destacan por su belleza","description":"Las orqu\u00eddeas no solo embellecen los bosques guatemaltecos, sino que tambi\u00e9n tienen un papel ecol\u00f3gico fundamental.","canonical_url":"https:\/\/soymigrante.com\/revista\/siete-orquideas-guatemaltecas-que-destacan-por-su-belleza\/","robots":"max-snippet:-1, max-image-preview:large, max-video-preview:-1","keywords":"","webmasterTools":{"miscellaneous":"&lt;link rel=\"preconnect\" href=\"https:\/\/fonts.googleapis.com\" crossorigin&gt;\n&lt;link rel=\"preconnect\" href=\"https:\/\/fonts.gstatic.com\" crossorigin&gt;"},"schema":null,"og:locale":"es_ES","og:site_name":"SoyMigrante.com REVISTA \u2013 Nuestra misi\u00f3n es reconocer y dignificar al migrante.","og:type":"article","og:title":"Siete orqu\u00eddeas guatemaltecas que destacan por su belleza","og:description":"Las orqu\u00eddeas no solo embellecen los bosques guatemaltecos, sino que tambi\u00e9n tienen un papel ecol\u00f3gico fundamental.","og:url":"https:\/\/soymigrante.com\/revista\/siete-orquideas-guatemaltecas-que-destacan-por-su-belleza\/","og:image":"https:\/\/soymigrante.com\/revista\/wp-content\/uploads\/2025\/02\/Siete-orqui\u0301deas-guatemaltecas-que-destacan-por-su-belleza--e1739566829810.webp","og:image:secure_url":"https:\/\/soymigrante.com\/revista\/wp-content\/uploads\/2025\/02\/Siete-orqui\u0301deas-guatemaltecas-que-destacan-por-su-belleza--e1739566829810.webp","og:image:width":1536,"og:image:height":1536,"article:published_time":"2025-02-20T11:00:00+00:00","article:modified_time":"2025-03-10T19:55:35+00:00","article:publisher":"https:\/\/www.facebook.com\/soymigrantecom","twitter:card":"summary_large_image","twitter:site":"@SoyMigrante_com","twitter:title":"Siete orqu\u00eddeas guatemaltecas que destacan por su belleza","twitter:description":"Las orqu\u00eddeas no solo embellecen los bosques guatemaltecos, sino que tambi\u00e9n tienen un papel ecol\u00f3gico fundamental.","twitter:creator":"@SoyMigrante_com","twitter:image":"https:\/\/soymigrante.com\/revista\/wp-content\/uploads\/2025\/02\/Siete-orqui\u0301deas-guatemaltecas-que-destacan-por-su-belleza--e1739566829810.webp"},"aioseo_meta_data":{"post_id":"25727","title":null,"description":"Las orqu\u00eddeas no solo embellecen los bosques guatemaltecos, sino que tambi\u00e9n tienen un papel ecol\u00f3gico fundamental.","keywords":null,"keyphrases":{"focus":{"keyphrase":"orqu\u00eddeas","score":88,"analysis":{"keyphraseInTitle":{"score":9,"maxScore":9,"error":0},"keyphraseInDescription":{"score":9,"maxScore":9,"error":0},"keyphraseLength":{"score":9,"maxScore":9,"error":0,"length":2},"keyphraseInURL":{"score":1,"maxScore":5,"error":1}}},"additional":[{"keyphrase":"orqu\u00eddeas","score":100,"analysis":{"keyphraseInDescription":{"score":9,"maxScore":9,"error":0},"keyphraseLength":{"score":9,"maxScore":9,"error":0,"length":2}}}]},"primary_term":null,"canonical_url":null,"og_title":null,"og_description":null,"og_object_type":"default","og_image_type":"default","og_image_url":null,"og_image_width":null,"og_image_height":null,"og_image_custom_url":null,"og_image_custom_fields":null,"og_video":"","og_custom_url":null,"og_article_section":null,"og_article_tags":null,"twitter_use_og":false,"twitter_card":"default","twitter_image_type":"default","twitter_image_url":null,"twitter_image_custom_url":null,"twitter_image_custom_fields":null,"twitter_title":null,"twitter_description":null,"schema":{"blockGraphs":[],"customGraphs":[],"default":{"data":{"Article":[],"Course":[],"Dataset":[],"FAQPage":[],"Movie":[],"Person":[],"Product":[],"ProductReview":[],"Car":[],"Recipe":[],"Service":[],"SoftwareApplication":[],"WebPage":[]},"graphName":"BlogPosting","isEnabled":true},"graphs":[]},"schema_type":"default","schema_type_options":null,"pillar_content":false,"robots_default":true,"robots_noindex":false,"robots_noarchive":false,"robots_nosnippet":false,"robots_nofollow":false,"robots_noimageindex":false,"robots_noodp":false,"robots_notranslate":false,"robots_max_snippet":"-1","robots_max_videopreview":"-1","robots_max_imagepreview":"large","priority":null,"frequency":"default","local_seo":null,"seo_analyzer_scan_date":"2025-10-09 02:49:06","breadcrumb_settings":null,"limit_modified_date":false,"reviewed_by":null,"open_ai":"{\"title\":{\"suggestions\":[],\"usage\":0},\"description\":{\"suggestions\":[],\"usage\":0}}","ai":null,"created":"2025-02-14 21:02:09","updated":"2026-02-04 21:44:34"},"aioseo_breadcrumb":"<div class=\"aioseo-breadcrumbs\"><span class=\"aioseo-breadcrumb\">\n\t<a href=\"https:\/\/soymigrante.com\/revista\" title=\"Home\">Home<\/a>\n<\/span><span class=\"aioseo-breadcrumb-separator\">\u00bb<\/span><span class=\"aioseo-breadcrumb\">\n\t<a href=\"https:\/\/soymigrante.com\/revista\/category\/guate-nuestra\/\" title=\"Guate Nuestra\">Guate Nuestra<\/a>\n<\/span><span class=\"aioseo-breadcrumb-separator\">\u00bb<\/span><span class=\"aioseo-breadcrumb\">\n\tSiete orqu\u00eddeas guatemaltecas que destacan por su belleza\n<\/span><\/div>","aioseo_breadcrumb_json":[{"label":"Home","link":"https:\/\/soymigrante.com\/revista"},{"label":"Guate Nuestra","link":"https:\/\/soymigrante.com\/revista\/category\/guate-nuestra\/"},{"label":"Siete orqu\u00eddeas guatemaltecas que destacan por su belleza","link":"https:\/\/soymigrante.com\/revista\/siete-orquideas-guatemaltecas-que-destacan-por-su-belleza\/"}],"_links":{"self":[{"href":"https:\/\/soymigrante.com\/revista\/wp-json\/wp\/v2\/posts\/25727","targetHints":{"allow":["GET"]}}],"collection":[{"href":"https:\/\/soymigrante.com\/revista\/wp-json\/wp\/v2\/posts"}],"about":[{"href":"https:\/\/soymigrante.com\/revista\/wp-json\/wp\/v2\/types\/post"}],"author":[{"embeddable":true,"href":"https:\/\/soymigrante.com\/revista\/wp-json\/wp\/v2\/users\/19"}],"replies":[{"embeddable":true,"href":"https:\/\/soymigrante.com\/revista\/wp-json\/wp\/v2\/comments?post=25727"}],"version-history":[{"count":0,"href":"https:\/\/soymigrante.com\/revista\/wp-json\/wp\/v2\/posts\/25727\/revisions"}],"wp:featuredmedia":[{"embeddable":true,"href":"https:\/\/soymigrante.com\/revista\/wp-json\/wp\/v2\/media\/25728"}],"wp:attachment":[{"href":"https:\/\/soymigrante.com\/revista\/wp-json\/wp\/v2\/media?parent=25727"}],"wp:term":[{"taxonomy":"category","embeddable":true,"href":"https:\/\/soymigrante.com\/revista\/wp-json\/wp\/v2\/categories?post=25727"},{"taxonomy":"post_tag","embeddable":true,"href":"https:\/\/soymigrante.com\/revista\/wp-json\/wp\/v2\/tags?post=25727"}],"curies":[{"name":"wp","href":"https:\/\/api.w.org\/{rel}","templated":true}]}}