{"id":25572,"date":"2025-02-17T04:55:00","date_gmt":"2025-02-17T10:55:00","guid":{"rendered":"https:\/\/soymigrante.com\/revista\/?p=25572"},"modified":"2025-03-12T12:14:06","modified_gmt":"2025-03-12T18:14:06","slug":"panajachel-lago-atitlan-puerta-entrada-guatemala","status":"publish","type":"post","link":"https:\/\/soymigrante.com\/revista\/panajachel-lago-atitlan-puerta-entrada-guatemala\/","title":{"rendered":"Panajachel es la m\u00e1s famosa puerta de entrada al lago de Atitl\u00e1n"},"content":{"rendered":"\t\t<div data-elementor-type=\"wp-post\" data-elementor-id=\"25572\" class=\"elementor elementor-25572\" data-elementor-post-type=\"post\">\n\t\t\t\t<div data-particle_enable=\"false\" data-particle-mobile-disabled=\"false\" class=\"elementor-element elementor-element-585c164 e-flex e-con-boxed e-con e-parent\" data-id=\"585c164\" data-element_type=\"container\" data-e-type=\"container\">\n\t\t\t\t\t<div class=\"e-con-inner\">\n\t\t\t\t<div class=\"elementor-element elementor-element-308cd3f elementor-widget elementor-widget-heading\" data-id=\"308cd3f\" data-element_type=\"widget\" data-e-type=\"widget\" data-widget_type=\"heading.default\">\n\t\t\t\t\t<h2 class=\"elementor-heading-title elementor-size-default\">Panajachel, situado a orillas del majestuoso lago Atitl\u00e1n, se destaca como un vibrante centro tur\u00edstico y cultural en Guatemala, ofreciendo una mezcla \u00fanica de belleza natural y tradiciones ancestrales.<\/h2>\t\t\t\t<\/div>\n\t\t\t\t\t<\/div>\n\t\t\t\t<\/div>\n\t\t<div data-particle_enable=\"false\" data-particle-mobile-disabled=\"false\" class=\"elementor-element elementor-element-2f8bdbc e-flex e-con-boxed e-con e-parent\" data-id=\"2f8bdbc\" data-element_type=\"container\" data-e-type=\"container\">\n\t\t\t\t\t<div class=\"e-con-inner\">\n\t\t\t\t<div class=\"elementor-element elementor-element-26074de elementor-widget elementor-widget-text-editor\" data-id=\"26074de\" data-element_type=\"widget\" data-e-type=\"widget\" data-widget_type=\"text-editor.default\">\n\t\t\t\t\t\t\t\t\t<p>Panajachel es reconocido como un punto estrat\u00e9gico para el turismo en Guatemala, sirviendo como la principal puerta de entrada al lago Atitl\u00e1n. Su infraestructura tur\u00edstica bien desarrollada, que incluye una variedad de alojamientos, restaurantes y tiendas de artesan\u00edas, lo convierte en una base ideal para explorar las comunidades ind\u00edgenas circundantes y las maravillas naturales de la regi\u00f3n.<\/p><p>Adem\u00e1s, su proximidad a la capital, Ciudad de Guatemala, facilita el acceso para turistas nacionales e internacionales.<\/p><p>La ciudad tambi\u00e9n desempe\u00f1a un papel crucial en la preservaci\u00f3n y promoci\u00f3n de la cultura ind\u00edgena guatemalteca. Numerosas organizaciones sin fines de lucro y cooperativas artesanales tienen su sede en Panajachel, trabajando para apoyar a las comunidades locales y mantener vivas las tradiciones ancestrales. Estas iniciativas no solo enriquecen la experiencia cultural de los visitantes, sino que tambi\u00e9n contribuyen al desarrollo sostenible de la regi\u00f3n.<\/p>\t\t\t\t\t\t\t\t<\/div>\n\t\t\t\t\t<\/div>\n\t\t\t\t<\/div>\n\t\t<div data-particle_enable=\"false\" data-particle-mobile-disabled=\"false\" class=\"elementor-element elementor-element-06751f7 e-flex e-con-boxed e-con e-parent\" data-id=\"06751f7\" data-element_type=\"container\" data-e-type=\"container\">\n\t\t\t\t\t<div class=\"e-con-inner\">\n\t\t\t\t<div class=\"elementor-element elementor-element-6620ddf elementor-widget elementor-widget-image\" data-id=\"6620ddf\" data-element_type=\"widget\" data-e-type=\"widget\" data-widget_type=\"image.default\">\n\t\t\t\t\t\t\t\t\t\t\t\t<figure class=\"wp-caption\">\n\t\t\t\t\t\t\t\t\t\t<img fetchpriority=\"high\" decoding=\"async\" width=\"768\" height=\"512\" src=\"https:\/\/soymigrante.com\/revista\/wp-content\/uploads\/2025\/02\/panajachel-1024x683.jpg\" class=\"attachment-large size-large wp-image-25616\" alt=\"Puente de Puerta de Pana en Puerto de Pana, destino tur\u00edstico en Lago de P\u00e1tzcuaro, Michoac\u00e1n, con vistas a las monta\u00f1as y el agua, emblem\u00e1tico lugar para visitantes y amantes de la naturaleza.\" srcset=\"https:\/\/soymigrante.com\/revista\/wp-content\/uploads\/2025\/02\/panajachel-1024x683.jpg 1024w, https:\/\/soymigrante.com\/revista\/wp-content\/uploads\/2025\/02\/panajachel-300x200.jpg 300w, https:\/\/soymigrante.com\/revista\/wp-content\/uploads\/2025\/02\/panajachel-768x512.jpg 768w, https:\/\/soymigrante.com\/revista\/wp-content\/uploads\/2025\/02\/panajachel-1536x1024.jpg 1536w, https:\/\/soymigrante.com\/revista\/wp-content\/uploads\/2025\/02\/panajachel-750x500.webp 750w, https:\/\/soymigrante.com\/revista\/wp-content\/uploads\/2025\/02\/panajachel-1140x760.webp 1140w, https:\/\/soymigrante.com\/revista\/wp-content\/uploads\/2025\/02\/panajachel.webp 1920w\" sizes=\"(max-width: 768px) 100vw, 768px\" title=\"panajachel \u2013 SoyMigrante.com REVISTA\" \/>\t\t\t\t\t\t\t\t\t\t\t<figcaption class=\"widget-image-caption wp-caption-text\">Puente tur\u00edstico en Lago de P\u00e1tzcuaro, Michoac\u00e1n, con coraz\u00f3n de madera y decoraciones florales, ideal para paseos y fotos, destacando la belleza natural y cultural del destino en P\u00e1tzcuaro.<\/figcaption>\n\t\t\t\t\t\t\t\t\t\t<\/figure>\n\t\t\t\t\t\t\t\t\t<\/div>\n\t\t\t\t\t<\/div>\n\t\t\t\t<\/div>\n\t\t<div data-particle_enable=\"false\" data-particle-mobile-disabled=\"false\" class=\"elementor-element elementor-element-47e7629 e-flex e-con-boxed e-con e-parent\" data-id=\"47e7629\" data-element_type=\"container\" data-e-type=\"container\">\n\t\t\t\t\t<div class=\"e-con-inner\">\n\t\t\t\t<div class=\"elementor-element elementor-element-d7376f7 elementor-widget elementor-widget-heading\" data-id=\"d7376f7\" data-element_type=\"widget\" data-e-type=\"widget\" data-widget_type=\"heading.default\">\n\t\t\t\t\t<h3 class=\"elementor-heading-title elementor-size-default\">Panajachel, una conexi\u00f3n clave<\/h3>\t\t\t\t<\/div>\n\t\t\t\t\t<\/div>\n\t\t\t\t<\/div>\n\t\t<div data-particle_enable=\"false\" data-particle-mobile-disabled=\"false\" class=\"elementor-element elementor-element-56640be e-flex e-con-boxed e-con e-parent\" data-id=\"56640be\" data-element_type=\"container\" data-e-type=\"container\">\n\t\t\t\t\t<div class=\"e-con-inner\">\n\t\t\t\t<div class=\"elementor-element elementor-element-0d3e825 elementor-widget elementor-widget-text-editor\" data-id=\"0d3e825\" data-element_type=\"widget\" data-e-type=\"widget\" data-widget_type=\"text-editor.default\">\n\t\t\t\t\t\t\t\t\t<p>Panajachel se encuentra en el departamento de Solol\u00e1, en el altiplano occidental de Guatemala. Est\u00e1 situado en la orilla noreste del lago Atitl\u00e1n, a una altitud de aproximadamente 1,597 metros sobre el nivel del mar.<\/p><p>La ciudad ofrece\u00a0<a href=\"https:\/\/soymigrante.com\/revista\/ruta-volcanica-el-imponente-volcan-de-atitlan-historia-desafios-y-consejos-para-su-ascenso\/\" target=\"_blank\" rel=\"noopener\">vistas panor\u00e1micas de los volcanes San Pedro, Tolim\u00e1n y Atitl\u00e1n,<\/a>\u00a0que rodean el lago, creando un paisaje de impresionante belleza natural. La ubicaci\u00f3n geogr\u00e1fica de Panajachel la convierte en un punto de conexi\u00f3n clave entre las diversas comunidades que rodean el lago Atitl\u00e1n.<\/p><p>Desde aqu\u00ed, los visitantes pueden acceder f\u00e1cilmente a otros pueblos ind\u00edgenas a trav\u00e9s de rutas terrestres y acu\u00e1ticas, lo que facilita la exploraci\u00f3n de la rica diversidad cultural y natural de la regi\u00f3n.<\/p>\t\t\t\t\t\t\t\t<\/div>\n\t\t\t\t\t<\/div>\n\t\t\t\t<\/div>\n\t\t<div data-particle_enable=\"false\" data-particle-mobile-disabled=\"false\" class=\"elementor-element elementor-element-09b40b3 e-flex e-con-boxed e-con e-parent\" data-id=\"09b40b3\" data-element_type=\"container\" data-e-type=\"container\">\n\t\t\t\t\t<div class=\"e-con-inner\">\n\t\t\t\t<div class=\"elementor-element elementor-element-13e2426 elementor-widget elementor-widget-image\" data-id=\"13e2426\" data-element_type=\"widget\" data-e-type=\"widget\" data-widget_type=\"image.default\">\n\t\t\t\t\t\t\t\t\t\t\t\t<figure class=\"wp-caption\">\n\t\t\t\t\t\t\t\t\t\t<img decoding=\"async\" width=\"768\" height=\"576\" src=\"https:\/\/soymigrante.com\/revista\/wp-content\/uploads\/2025\/02\/panajachel-volcanes.webp\" class=\"attachment-large size-large wp-image-25617\" alt=\"Nube y volc\u00e1n vista sobre un lago en un d\u00eda soleado con nubes dispersas en el cielo.\" srcset=\"https:\/\/soymigrante.com\/revista\/wp-content\/uploads\/2025\/02\/panajachel-volcanes.webp 960w, https:\/\/soymigrante.com\/revista\/wp-content\/uploads\/2025\/02\/panajachel-volcanes-300x225.jpg 300w, https:\/\/soymigrante.com\/revista\/wp-content\/uploads\/2025\/02\/panajachel-volcanes-768x576.jpg 768w, https:\/\/soymigrante.com\/revista\/wp-content\/uploads\/2025\/02\/panajachel-volcanes-750x563.webp 750w\" sizes=\"(max-width: 768px) 100vw, 768px\" title=\"panajachel volcanes \u2013 SoyMigrante.com REVISTA\" \/>\t\t\t\t\t\t\t\t\t\t\t<figcaption class=\"widget-image-caption wp-caption-text\">Paisaje natural con volc\u00e1n y lago, ideal para art\u00edculos sobre migraci\u00f3n y cultura en SoyMigrante.com.<\/figcaption>\n\t\t\t\t\t\t\t\t\t\t<\/figure>\n\t\t\t\t\t\t\t\t\t<\/div>\n\t\t\t\t\t<\/div>\n\t\t\t\t<\/div>\n\t\t<div data-particle_enable=\"false\" data-particle-mobile-disabled=\"false\" class=\"elementor-element elementor-element-a95070f e-flex e-con-boxed e-con e-parent\" data-id=\"a95070f\" data-element_type=\"container\" data-e-type=\"container\">\n\t\t\t\t\t<div class=\"e-con-inner\">\n\t\t\t\t<div class=\"elementor-element elementor-element-b181c68 elementor-widget elementor-widget-heading\" data-id=\"b181c68\" data-element_type=\"widget\" data-e-type=\"widget\" data-widget_type=\"heading.default\">\n\t\t\t\t\t<h3 class=\"elementor-heading-title elementor-size-default\">\u00bfSabes qui\u00e9n es el patrono de la feria titular de Panajachel?<\/h3>\t\t\t\t<\/div>\n\t\t\t\t\t<\/div>\n\t\t\t\t<\/div>\n\t\t<div data-particle_enable=\"false\" data-particle-mobile-disabled=\"false\" class=\"elementor-element elementor-element-ec587a2 e-flex e-con-boxed e-con e-parent\" data-id=\"ec587a2\" data-element_type=\"container\" data-e-type=\"container\">\n\t\t\t\t\t<div class=\"e-con-inner\">\n\t\t\t\t<div class=\"elementor-element elementor-element-8aa74ae elementor-widget elementor-widget-text-editor\" data-id=\"8aa74ae\" data-element_type=\"widget\" data-e-type=\"widget\" data-widget_type=\"text-editor.default\">\n\t\t\t\t\t\t\t\t\t<p>Panajachel es un crisol de culturas donde convergen tradiciones ind\u00edgenas y mestizas. Uno de los aspectos m\u00e1s destacados es el mercado de artesan\u00edas, donde los artesanos locales ofrecen textiles tejidos a mano, cer\u00e1mica y joyer\u00eda que reflejan la rica herencia cultural de la regi\u00f3n.\u00a0<\/p><p>Las festividades religiosas tambi\u00e9n juegan un papel importante en la vida de Panajachel. Celebraciones<a href=\"https:\/\/soymigrante.com\/revista\/semana-santa-guatemalteca-via-crucis-infantil-huehuetenango\/\" target=\"_blank\" rel=\"noopener\"> como la Semana Santa<\/a>\u00a0y la fiesta patronal de San Francisco de As\u00eds combinan rituales cat\u00f3licos con pr\u00e1cticas ind\u00edgenas, creando eventos \u00fanicos llenos de color, m\u00fasica y danza.<\/p><p>Estas festividades no solo fortalecen la cohesi\u00f3n social, sino que tambi\u00e9n ofrecen a los visitantes una oportunidad para experimentar de primera mano las tradiciones vivas de la comunidad.<\/p>\t\t\t\t\t\t\t\t<\/div>\n\t\t\t\t\t<\/div>\n\t\t\t\t<\/div>\n\t\t<div data-particle_enable=\"false\" data-particle-mobile-disabled=\"false\" class=\"elementor-element elementor-element-e516904 e-flex e-con-boxed e-con e-parent\" data-id=\"e516904\" data-element_type=\"container\" data-e-type=\"container\">\n\t\t\t\t\t<div class=\"e-con-inner\">\n\t\t\t\t<div class=\"elementor-element elementor-element-08a263f elementor-widget elementor-widget-google_maps\" data-id=\"08a263f\" data-element_type=\"widget\" data-e-type=\"widget\" data-widget_type=\"google_maps.default\">\n\t\t\t\t\t\t\t<div class=\"elementor-custom-embed\">\n\t\t\t<iframe loading=\"lazy\"\n\t\t\t\t\tsrc=\"https:\/\/maps.google.com\/maps?q=Panajachel&#038;t=m&#038;z=10&#038;output=embed&#038;iwloc=near\"\n\t\t\t\t\ttitle=\"Panajachel\"\n\t\t\t\t\taria-label=\"Panajachel\"\n\t\t\t><\/iframe>\n\t\t<\/div>\n\t\t\t\t\t\t<\/div>\n\t\t\t\t\t<\/div>\n\t\t\t\t<\/div>\n\t\t<div data-particle_enable=\"false\" data-particle-mobile-disabled=\"false\" class=\"elementor-element elementor-element-e4bf93f e-flex e-con-boxed e-con e-parent\" data-id=\"e4bf93f\" data-element_type=\"container\" data-e-type=\"container\">\n\t\t\t\t\t<div class=\"e-con-inner\">\n\t\t\t\t<div class=\"elementor-element elementor-element-e7172c6 elementor-widget elementor-widget-heading\" data-id=\"e7172c6\" data-element_type=\"widget\" data-e-type=\"widget\" data-widget_type=\"heading.default\">\n\t\t\t\t\t<h3 class=\"elementor-heading-title elementor-size-default\">\u00bfSabes cu\u00e1l es la poblaci\u00f3n predominante en Panajachel?<\/h3>\t\t\t\t<\/div>\n\t\t\t\t\t<\/div>\n\t\t\t\t<\/div>\n\t\t<div data-particle_enable=\"false\" data-particle-mobile-disabled=\"false\" class=\"elementor-element elementor-element-2ea877f e-flex e-con-boxed e-con e-parent\" data-id=\"2ea877f\" data-element_type=\"container\" data-e-type=\"container\">\n\t\t\t\t\t<div class=\"e-con-inner\">\n\t\t\t\t<div class=\"elementor-element elementor-element-8e148e8 elementor-widget elementor-widget-text-editor\" data-id=\"8e148e8\" data-element_type=\"widget\" data-e-type=\"widget\" data-widget_type=\"text-editor.default\">\n\t\t\t\t\t\t\t\t\t<p>Seg\u00fan datos del Instituto Nacional de Estad\u00edstica de Guatemala, Panajachel cuenta con una poblaci\u00f3n aproximada de 15 mil 830 habitantes al 30 de junio de 2020. La mayor\u00eda de los residentes son de origen ind\u00edgena,\u00a0<a href=\"https:\/\/soymigrante.com\/revista\/san-antonio-palopo-enclave-de-cultura-kaqchiquel-a-orillas-del-lago-de-atitlan\/\" target=\"_blank\" rel=\"noopener\">principalmente del grupo \u00e9tnico Kaqchikel,<\/a>\u00a0lo que se refleja en la prevalencia del idioma y las costumbres tradicionales en la vida diaria.<\/p><p>En las \u00faltimas d\u00e9cadas, Panajachel ha experimentado un crecimiento demogr\u00e1fico y una diversificaci\u00f3n cultural debido a la afluencia de turistas y expatriados que han elegido establecerse en la ciudad. Esta mezcla ha enriquecido la din\u00e1mica social y cultural de la comunidad, creando un ambiente cosmopolita que convive armoniosamente con las tradiciones locales.<\/p>\t\t\t\t\t\t\t\t<\/div>\n\t\t\t\t\t<\/div>\n\t\t\t\t<\/div>\n\t\t<div data-particle_enable=\"false\" data-particle-mobile-disabled=\"false\" class=\"elementor-element elementor-element-286f850 e-flex e-con-boxed e-con e-parent\" data-id=\"286f850\" data-element_type=\"container\" data-e-type=\"container\">\n\t\t\t\t\t<div class=\"e-con-inner\">\n\t\t\t\t<div class=\"elementor-element elementor-element-fdf641f elementor-invisible elementor-widget elementor-widget-facebook-embed\" data-id=\"fdf641f\" data-element_type=\"widget\" data-e-type=\"widget\" data-settings=\"{&quot;_animation&quot;:&quot;zoomInDown&quot;}\" data-widget_type=\"facebook-embed.default\">\n\t\t\t\t\t<div style=\"min-height: 1px\" class=\"elementor-facebook-widget fb-video\" data-href=\"https:\/\/www.facebook.com\/reel\/1621404272123261\" data-show-text=\"false\" data-allowfullscreen=\"false\" data-autoplay=\"false\" data-show-captions=\"false\"><\/div>\t\t\t\t<\/div>\n\t\t\t\t\t<\/div>\n\t\t\t\t<\/div>\n\t\t<div data-particle_enable=\"false\" data-particle-mobile-disabled=\"false\" class=\"elementor-element elementor-element-88dadbc e-flex e-con-boxed e-con e-parent\" data-id=\"88dadbc\" data-element_type=\"container\" data-e-type=\"container\">\n\t\t\t\t\t<div class=\"e-con-inner\">\n\t\t\t\t<div class=\"elementor-element elementor-element-514a9cc elementor-widget elementor-widget-heading\" data-id=\"514a9cc\" data-element_type=\"widget\" data-e-type=\"widget\" data-widget_type=\"heading.default\">\n\t\t\t\t\t<h3 class=\"elementor-heading-title elementor-size-default\">\u00bfDe d\u00f3nde proviene el nombre de Panajachel?<\/h3>\t\t\t\t<\/div>\n\t\t\t\t\t<\/div>\n\t\t\t\t<\/div>\n\t\t<div data-particle_enable=\"false\" data-particle-mobile-disabled=\"false\" class=\"elementor-element elementor-element-37a6d7b e-flex e-con-boxed e-con e-parent\" data-id=\"37a6d7b\" data-element_type=\"container\" data-e-type=\"container\">\n\t\t\t\t\t<div class=\"e-con-inner\">\n\t\t\t\t<div class=\"elementor-element elementor-element-f6995b9 elementor-widget elementor-widget-text-editor\" data-id=\"f6995b9\" data-element_type=\"widget\" data-e-type=\"widget\" data-widget_type=\"text-editor.default\">\n\t\t\t\t\t\t\t\t\t<p>El nombre &#8220;Panajachel&#8221; proviene del idioma Kaqchikel y se traduce como &#8220;lugar de matasanos&#8221;, en referencia a los \u00e1rboles de fruto blanco que abundaban en la zona. Antes de la llegada de los espa\u00f1oles, la regi\u00f3n estaba habitada\u00a0<a href=\"https:\/\/soymigrante.com\/revista\/el-pueblo-kaqchikel-abarca-a-1-millon-68-mil-guatemaltecos\/\" target=\"_blank\" rel=\"noopener\">por comunidades ind\u00edgenas Kaqchikel,\u00a0<\/a>que establecieron asentamientos a orillas del lago Atitl\u00e1n debido a su riqueza natural y estrat\u00e9gica ubicaci\u00f3n.<\/p><p>Durante la \u00e9poca colonial, Panajachel se convirti\u00f3 en un importante centro de comercio y evangelizaci\u00f3n. La construcci\u00f3n de la iglesia de San Francisco de As\u00eds en el siglo XVI es testimonio de la influencia espa\u00f1ola en la regi\u00f3n.<\/p><p>A lo largo de los siglos, la ciudad ha mantenido su relevancia como punto de encuentro cultural y econ\u00f3mico, adapt\u00e1ndose a los cambios sin perder su esencia tradicional.<\/p>\t\t\t\t\t\t\t\t<\/div>\n\t\t\t\t\t<\/div>\n\t\t\t\t<\/div>\n\t\t<div data-particle_enable=\"false\" data-particle-mobile-disabled=\"false\" class=\"elementor-element elementor-element-18b6c90 e-flex e-con-boxed e-con e-parent\" data-id=\"18b6c90\" data-element_type=\"container\" data-e-type=\"container\">\n\t\t\t\t\t<div class=\"e-con-inner\">\n\t\t\t\t<div class=\"elementor-element elementor-element-14c5a73 elementor-widget elementor-widget-image\" data-id=\"14c5a73\" data-element_type=\"widget\" data-e-type=\"widget\" data-widget_type=\"image.default\">\n\t\t\t\t\t\t\t\t\t\t\t\t<figure class=\"wp-caption\">\n\t\t\t\t\t\t\t\t\t\t<img decoding=\"async\" width=\"768\" height=\"576\" src=\"https:\/\/soymigrante.com\/revista\/wp-content\/uploads\/2025\/02\/panajachel-bahia-1024x768.jpg\" class=\"attachment-large size-large wp-image-25654\" alt=\"Paisaje del Lago de Atitl\u00e1n con volcanes y actividades tur\u00edsticas en Antigua Guatemala, en un d\u00eda soleado con nubes y \u00e1rboles.\" srcset=\"https:\/\/soymigrante.com\/revista\/wp-content\/uploads\/2025\/02\/panajachel-bahia-1024x768.jpg 1024w, https:\/\/soymigrante.com\/revista\/wp-content\/uploads\/2025\/02\/panajachel-bahia-300x225.jpg 300w, https:\/\/soymigrante.com\/revista\/wp-content\/uploads\/2025\/02\/panajachel-bahia-768x576.jpg 768w, https:\/\/soymigrante.com\/revista\/wp-content\/uploads\/2025\/02\/panajachel-bahia-1536x1152.jpg 1536w, https:\/\/soymigrante.com\/revista\/wp-content\/uploads\/2025\/02\/panajachel-bahia-750x563.webp 750w, https:\/\/soymigrante.com\/revista\/wp-content\/uploads\/2025\/02\/panajachel-bahia-1140x855.webp 1140w, https:\/\/soymigrante.com\/revista\/wp-content\/uploads\/2025\/02\/panajachel-bahia.webp 1920w\" sizes=\"(max-width: 768px) 100vw, 768px\" title=\"panajachel bahia \u2013 SoyMigrante.com REVISTA\" \/>\t\t\t\t\t\t\t\t\t\t\t<figcaption class=\"widget-image-caption wp-caption-text\">Espectacular vista del Lago de Atitl\u00e1n con volcanes y embarcaderos, ideal para turismo y actividades culturales en Guatemala.<\/figcaption>\n\t\t\t\t\t\t\t\t\t\t<\/figure>\n\t\t\t\t\t\t\t\t\t<\/div>\n\t\t\t\t\t<\/div>\n\t\t\t\t<\/div>\n\t\t<div data-particle_enable=\"false\" data-particle-mobile-disabled=\"false\" class=\"elementor-element elementor-element-8faf2b7 e-flex e-con-boxed e-con e-parent\" data-id=\"8faf2b7\" data-element_type=\"container\" data-e-type=\"container\">\n\t\t\t\t\t<div class=\"e-con-inner\">\n\t\t\t\t<div class=\"elementor-element elementor-element-a2963d0 elementor-widget elementor-widget-heading\" data-id=\"a2963d0\" data-element_type=\"widget\" data-e-type=\"widget\" data-widget_type=\"heading.default\">\n\t\t\t\t\t<h3 class=\"elementor-heading-title elementor-size-default\">\u00bfCu\u00e1l de los platillos que has probado son locales en Panajachel?<\/h3>\t\t\t\t<\/div>\n\t\t\t\t\t<\/div>\n\t\t\t\t<\/div>\n\t\t<div data-particle_enable=\"false\" data-particle-mobile-disabled=\"false\" class=\"elementor-element elementor-element-62bb9cd e-flex e-con-boxed e-con e-parent\" data-id=\"62bb9cd\" data-element_type=\"container\" data-e-type=\"container\">\n\t\t\t\t\t<div class=\"e-con-inner\">\n\t\t\t\t<div class=\"elementor-element elementor-element-b494184 elementor-widget elementor-widget-text-editor\" data-id=\"b494184\" data-element_type=\"widget\" data-e-type=\"widget\" data-widget_type=\"text-editor.default\">\n\t\t\t\t\t\t\t\t\t<p>La gastronom\u00eda de Panajachel es un reflejo de su diversidad cultural y riqueza natural. Platos tradicionales\u00a0<a href=\"https:\/\/soymigrante.com\/revista\/recetas-chapinas-pepian-quetzalteco-receta-tradicional-2\/\" target=\"_blank\" rel=\"noopener\">como el &#8220;pepi\u00e1n&#8221;,\u00a0<\/a>un guiso espeso hecho con carne y una mezcla de especias y chiles, y el &#8220;joc\u00f3n&#8221;, preparado con pollo y una salsa de tomate y cilantro, son comunes en la regi\u00f3n.<\/p><p>Estos platillos destacan por el uso de ingredientes locales y t\u00e9cnicas culinarias ancestrales que han sido transmitidas de generaci\u00f3n en generaci\u00f3n.<\/p><p><a style=\"text-align: var(--text-align)\" href=\"https:\/\/soymigrante.com\/revista\/san-antonio-palopo-enclave-de-cultura-kaqchiquel-a-orillas-del-lago-de-atitlan\/\" target=\"_blank\" rel=\"noopener\">El lago Atitl\u00e1n<\/a>\u00a0proporciona una abundancia de pescado fresco, que es una parte esencial de la dieta local. Preparaciones como el &#8220;pescado frito&#8221; o el &#8220;ceviche&#8221; de pescado son populares entre residentes y visitantes. La influencia de otras culturas ha enriquecido la oferta gastron\u00f3mica de Panajachel<\/p>\t\t\t\t\t\t\t\t<\/div>\n\t\t\t\t\t<\/div>\n\t\t\t\t<\/div>\n\t\t<div data-particle_enable=\"false\" data-particle-mobile-disabled=\"false\" class=\"elementor-element elementor-element-6b88cc5 e-flex e-con-boxed e-con e-parent\" data-id=\"6b88cc5\" data-element_type=\"container\" data-e-type=\"container\">\n\t\t\t\t\t<div class=\"e-con-inner\">\n\t\t\t\t<div class=\"elementor-element elementor-element-153a0dc elementor-widget elementor-widget-video\" data-id=\"153a0dc\" data-element_type=\"widget\" data-e-type=\"widget\" data-settings=\"{&quot;youtube_url&quot;:&quot;https:\\\/\\\/www.youtube.com\\\/watch?v=2vHqB8_IfOw&quot;,&quot;video_type&quot;:&quot;youtube&quot;,&quot;controls&quot;:&quot;yes&quot;}\" data-widget_type=\"video.default\">\n\t\t\t\t\t\t\t<div class=\"elementor-wrapper elementor-open-inline\">\n\t\t\t<div class=\"elementor-video\"><\/div>\t\t<\/div>\n\t\t\t\t\t\t<\/div>\n\t\t\t\t\t<\/div>\n\t\t\t\t<\/div>\n\t\t<div data-particle_enable=\"false\" data-particle-mobile-disabled=\"false\" class=\"elementor-element elementor-element-481b2c1 e-flex e-con-boxed e-con e-parent\" data-id=\"481b2c1\" data-element_type=\"container\" data-e-type=\"container\">\n\t\t\t\t\t<div class=\"e-con-inner\">\n\t\t\t\t<div class=\"elementor-element elementor-element-ef5fa6c elementor-widget elementor-widget-heading\" data-id=\"ef5fa6c\" data-element_type=\"widget\" data-e-type=\"widget\" data-widget_type=\"heading.default\">\n\t\t\t\t\t<h3 class=\"elementor-heading-title elementor-size-default\">\u00bfCu\u00e1les son los principales atractivos en Panajachel?<\/h3>\t\t\t\t<\/div>\n\t\t\t\t\t<\/div>\n\t\t\t\t<\/div>\n\t\t<div data-particle_enable=\"false\" data-particle-mobile-disabled=\"false\" class=\"elementor-element elementor-element-703310b e-flex e-con-boxed e-con e-parent\" data-id=\"703310b\" data-element_type=\"container\" data-e-type=\"container\">\n\t\t\t\t\t<div class=\"e-con-inner\">\n\t\t\t\t<div class=\"elementor-element elementor-element-19a67fa elementor-widget elementor-widget-text-editor\" data-id=\"19a67fa\" data-element_type=\"widget\" data-e-type=\"widget\" data-widget_type=\"text-editor.default\">\n\t\t\t\t\t\t\t\t\t<ul><li>La Calle Santander es uno de los lugares emblem\u00e1ticos de Panajachel. Esta v\u00eda peatonal es el coraz\u00f3n comercial y cultural del pueblo, llena de tiendas de artesan\u00edas, restaurantes y cafeter\u00edas.<\/li><li>El lago Atitl\u00e1n en s\u00ed mismo es una atracci\u00f3n imperdible. Considerado uno de los lagos m\u00e1s bellos del mundo, ofrece oportunidades para paseos en lancha, kayak y nataci\u00f3n. Desde Panajachel, es posible tomar embarcaciones que conectan con otros pintorescos pueblos alrededor del lago.<\/li><li>Para los interesados en la historia y la cultura, el Museo Lacustre de Atitl\u00e1n ofrece una visi\u00f3n fascinante de la arqueolog\u00eda subacu\u00e1tica del lago. El museo exhibe artefactos recuperados de antiguos asentamientos mayas que quedaron sumergidos debido a cambios en el nivel del agua, proporcionando una perspectiva \u00fanica sobre la rica herencia cultural.<\/li><li>Finalmente, la Iglesia de San Francisco de As\u00eds, construida en el siglo XVI<\/li><\/ul>\t\t\t\t\t\t\t\t<\/div>\n\t\t\t\t\t<\/div>\n\t\t\t\t<\/div>\n\t\t<div data-particle_enable=\"false\" data-particle-mobile-disabled=\"false\" class=\"elementor-element elementor-element-6e1172a e-flex e-con-boxed e-con e-parent\" data-id=\"6e1172a\" data-element_type=\"container\" data-e-type=\"container\">\n\t\t\t\t\t<div class=\"e-con-inner\">\n\t\t\t\t<div class=\"elementor-element elementor-element-016ab5a elementor-widget elementor-widget-video\" data-id=\"016ab5a\" data-element_type=\"widget\" data-e-type=\"widget\" data-settings=\"{&quot;youtube_url&quot;:&quot;https:\\\/\\\/www.youtube.com\\\/watch?v=QFkZV0dFyZs&quot;,&quot;video_type&quot;:&quot;youtube&quot;,&quot;controls&quot;:&quot;yes&quot;}\" data-widget_type=\"video.default\">\n\t\t\t\t\t\t\t<div class=\"elementor-wrapper elementor-open-inline\">\n\t\t\t<div class=\"elementor-video\"><\/div>\t\t<\/div>\n\t\t\t\t\t\t<\/div>\n\t\t\t\t\t<\/div>\n\t\t\t\t<\/div>\n\t\t<div data-particle_enable=\"false\" data-particle-mobile-disabled=\"false\" class=\"elementor-element elementor-element-98e849b e-flex e-con-boxed e-con e-parent\" data-id=\"98e849b\" data-element_type=\"container\" data-e-type=\"container\">\n\t\t\t\t\t<div class=\"e-con-inner\">\n\t\t\t\t<div class=\"elementor-element elementor-element-c39344f elementor-widget elementor-widget-text-editor\" data-id=\"c39344f\" data-element_type=\"widget\" data-e-type=\"widget\" data-widget_type=\"text-editor.default\">\n\t\t\t\t\t\t\t\t\t<p>Panajachel aunque ha sufrido da\u00f1os por terremotos a lo largo de los a\u00f1os, ha sido restaurada y sigue siendo un lugar de culto activo, adem\u00e1s de un punto de inter\u00e9s para quienes desean conocer m\u00e1s sobre el pasado hist\u00f3rico del \u00e1rea.<\/p>\t\t\t\t\t\t\t\t<\/div>\n\t\t\t\t\t<\/div>\n\t\t\t\t<\/div>\n\t\t<div data-particle_enable=\"false\" data-particle-mobile-disabled=\"false\" class=\"elementor-element elementor-element-085529d e-flex e-con-boxed e-con e-parent\" data-id=\"085529d\" data-element_type=\"container\" data-e-type=\"container\">\n\t\t\t\t\t<div class=\"e-con-inner\">\n\t\t\t\t<div class=\"elementor-element elementor-element-d28d6c2 elementor-widget elementor-widget-heading\" data-id=\"d28d6c2\" data-element_type=\"widget\" data-e-type=\"widget\" data-widget_type=\"heading.default\">\n\t\t\t\t\t<h2 class=\"elementor-heading-title elementor-size-default\">Conoce m\u00e1s de los pueblos sololatecos<\/h2>\t\t\t\t<\/div>\n\t\t\t\t\t<\/div>\n\t\t\t\t<\/div>\n\t\t<div data-particle_enable=\"false\" data-particle-mobile-disabled=\"false\" class=\"elementor-element elementor-element-7c1edd1 e-flex e-con-boxed e-con e-parent\" data-id=\"7c1edd1\" data-element_type=\"container\" data-e-type=\"container\">\n\t\t\t\t\t<div class=\"e-con-inner\">\n\t\t\t\t<div class=\"elementor-element elementor-element-f154581 elementor-grid-eael-col-3 elementor-grid-tablet-eael-col-2 elementor-grid-mobile-eael-col-1 elementor-widget elementor-widget-eael-post-grid\" data-id=\"f154581\" data-element_type=\"widget\" data-e-type=\"widget\" data-settings=\"{&quot;eael_post_grid_columns&quot;:&quot;eael-col-3&quot;,&quot;eael_post_grid_columns_tablet&quot;:&quot;eael-col-2&quot;,&quot;eael_post_grid_columns_mobile&quot;:&quot;eael-col-1&quot;}\" data-widget_type=\"eael-post-grid.default\">\n\t\t\t\t\t<div id=\"eael-post-grid-f154581\" class=\"eael-post-grid-container\">\n            <div class=\"eael-post-grid eael-post-appender eael-post-appender-f154581 eael-post-grid-style-one\" data-layout-mode=\"masonry\"><article class=\"eael-grid-post  eael-post-grid-column eael-pg-post-23712 category-guate-nuestra\" data-id=\"23712\">\n        <div class=\"eael-grid-post-holder\">\n            <div class=\"eael-grid-post-holder-inner\"><div class=\"eael-entry-media\"><div class=\"eael-entry-overlay fade-in\"><i class=\"far fa-hand-pointer\" aria-hidden=\"true\"><\/i><a href=\"https:\/\/soymigrante.com\/revista\/san-antonio-palopo-enclave-de-cultura-kaqchiquel-a-orillas-del-lago-de-atitlan\/\"><\/a><\/div><div class=\"eael-entry-thumbnail \">\n                <img loading=\"lazy\" decoding=\"async\" width=\"455\" height=\"427\" src=\"https:\/\/soymigrante.com\/revista\/wp-content\/uploads\/2025\/02\/san-antonio-palopo5.webp\" class=\"attachment-large size-large wp-image-23768\" alt=\"Coloridos cometas artesanales en un parque junto a un lago con monta\u00f1as al fondo, celebrando tradiciones culturales y festivales en un entorno natural impresionante en Guatemala.\" srcset=\"https:\/\/soymigrante.com\/revista\/wp-content\/uploads\/2025\/02\/san-antonio-palopo5.webp 455w, https:\/\/soymigrante.com\/revista\/wp-content\/uploads\/2025\/02\/san-antonio-palopo5-300x282.jpg 300w\" sizes=\"(max-width: 455px) 100vw, 455px\" \/>\n            <\/div>\n        <\/div><div class=\"eael-entry-wrapper\"><header class=\"eael-entry-header\"><h2 class=\"eael-entry-title\"><a class=\"eael-grid-post-link\" href=\"https:\/\/soymigrante.com\/revista\/san-antonio-palopo-enclave-de-cultura-kaqchiquel-a-orillas-del-lago-de-atitlan\/\" title=\"San Antonio Palop\u00f3: enclave de cultura k&#8217;aqchiquel a orillas del Lago de Atitl\u00e1n\">San Antonio Palop\u00f3: enclave de cultura k&#8217;aqchiquel a orillas del Lago de Atitl\u00e1n<\/a><\/h2><\/header><div class=\"eael-entry-content\">\n                        <div class=\"eael-grid-post-excerpt\"><a href=\"https:\/\/soymigrante.com\/revista\/san-antonio-palopo-enclave-de-cultura-kaqchiquel-a-orillas-del-lago-de-atitlan\/\" class=\"eael-post-elements-readmore-btn\">CONOCE SU HISTORIA <\/a><\/div>\n                    <\/div><\/div><\/div>\n        <\/div>\n    <\/article><article class=\"eael-grid-post  eael-post-grid-column eael-pg-post-25014 category-guate-nuestra\" data-id=\"25014\">\n        <div class=\"eael-grid-post-holder\">\n            <div class=\"eael-grid-post-holder-inner\"><div class=\"eael-entry-media\"><div class=\"eael-entry-overlay fade-in\"><i class=\"far fa-hand-pointer\" aria-hidden=\"true\"><\/i><a href=\"https:\/\/soymigrante.com\/revista\/san-lucas-toliman-refugio-de-aves-frente-al-lago-de-atitlan-y-al-pie-de-un-majestuoso-volcan\/\"><\/a><\/div><div class=\"eael-entry-thumbnail \">\n                <img loading=\"lazy\" decoding=\"async\" width=\"1024\" height=\"1024\" src=\"https:\/\/soymigrante.com\/revista\/wp-content\/uploads\/2025\/02\/San-Lucas-Toliman-San-Lucas-Toliman-Facebook-1-1024x1024.jpg\" class=\"attachment-large size-large wp-image-25080\" alt=\"Paisaje de monta\u00f1a y ciudad en Guatemala, vista panor\u00e1mica desde una colina con bosque, cielos despejados, ambiente urbano y natural, en un entorno de migraci\u00f3n y comunidades rurales.\" srcset=\"https:\/\/soymigrante.com\/revista\/wp-content\/uploads\/2025\/02\/San-Lucas-Toliman-San-Lucas-Toliman-Facebook-1-1024x1024.jpg 1024w, https:\/\/soymigrante.com\/revista\/wp-content\/uploads\/2025\/02\/San-Lucas-Toliman-San-Lucas-Toliman-Facebook-1-300x300.jpg 300w, https:\/\/soymigrante.com\/revista\/wp-content\/uploads\/2025\/02\/San-Lucas-Toliman-San-Lucas-Toliman-Facebook-1-150x150.jpg 150w, https:\/\/soymigrante.com\/revista\/wp-content\/uploads\/2025\/02\/San-Lucas-Toliman-San-Lucas-Toliman-Facebook-1-768x768.jpg 768w, https:\/\/soymigrante.com\/revista\/wp-content\/uploads\/2025\/02\/San-Lucas-Toliman-San-Lucas-Toliman-Facebook-1-75x75.webp 75w, https:\/\/soymigrante.com\/revista\/wp-content\/uploads\/2025\/02\/San-Lucas-Toliman-San-Lucas-Toliman-Facebook-1-750x750.webp 750w, https:\/\/soymigrante.com\/revista\/wp-content\/uploads\/2025\/02\/San-Lucas-Toliman-San-Lucas-Toliman-Facebook-1-1140x1140.webp 1140w, https:\/\/soymigrante.com\/revista\/wp-content\/uploads\/2025\/02\/San-Lucas-Toliman-San-Lucas-Toliman-Facebook-1.webp 1365w\" sizes=\"(max-width: 1024px) 100vw, 1024px\" \/>\n            <\/div>\n        <\/div><div class=\"eael-entry-wrapper\"><header class=\"eael-entry-header\"><h2 class=\"eael-entry-title\"><a class=\"eael-grid-post-link\" href=\"https:\/\/soymigrante.com\/revista\/san-lucas-toliman-refugio-de-aves-frente-al-lago-de-atitlan-y-al-pie-de-un-majestuoso-volcan\/\" title=\"San Lucas Tolim\u00e1n: Refugio de aves frente al Lago de Atitl\u00e1n y al pie de un majestuoso volc\u00e1n\">San Lucas Tolim\u00e1n: Refugio de aves frente al Lago de Atitl\u00e1n y al pie de un majestuoso volc\u00e1n<\/a><\/h2><\/header><div class=\"eael-entry-content\">\n                        <div class=\"eael-grid-post-excerpt\"><a href=\"https:\/\/soymigrante.com\/revista\/san-lucas-toliman-refugio-de-aves-frente-al-lago-de-atitlan-y-al-pie-de-un-majestuoso-volcan\/\" class=\"eael-post-elements-readmore-btn\">CONOCE SU HISTORIA <\/a><\/div>\n                    <\/div><\/div><\/div>\n        <\/div>\n    <\/article><article class=\"eael-grid-post  eael-post-grid-column eael-pg-post-17128 category-estamos-unidos\" data-id=\"17128\">\n        <div class=\"eael-grid-post-holder\">\n            <div class=\"eael-grid-post-holder-inner\"><div class=\"eael-entry-media\"><div class=\"eael-entry-overlay fade-in\"><i class=\"far fa-hand-pointer\" aria-hidden=\"true\"><\/i><a href=\"https:\/\/soymigrante.com\/revista\/santa-catarina-palopo-modelo-de-turismo-sostenible-y-de-estancia-encantadora\/\"><\/a><\/div><div class=\"eael-entry-thumbnail \">\n                <img loading=\"lazy\" decoding=\"async\" width=\"1024\" height=\"609\" src=\"https:\/\/soymigrante.com\/revista\/wp-content\/uploads\/2024\/12\/santa-catarina-palopo-solola-impresionante-e1740020033470-1024x609.webp\" class=\"attachment-large size-large wp-image-17178\" alt=\"Paisaje urbano de una comunidad en una zona monta\u00f1osa, con casas coloridas y vegetaci\u00f3n abundante, destacando en un entorno natural y cultural en M\u00e9xico.\" srcset=\"https:\/\/soymigrante.com\/revista\/wp-content\/uploads\/2024\/12\/santa-catarina-palopo-solola-impresionante-e1740020033470-1024x609.webp 1024w, https:\/\/soymigrante.com\/revista\/wp-content\/uploads\/2024\/12\/santa-catarina-palopo-solola-impresionante-e1740020033470-300x178.webp 300w, https:\/\/soymigrante.com\/revista\/wp-content\/uploads\/2024\/12\/santa-catarina-palopo-solola-impresionante-e1740020033470-768x457.webp 768w, https:\/\/soymigrante.com\/revista\/wp-content\/uploads\/2024\/12\/santa-catarina-palopo-solola-impresionante-e1740020033470-750x446.webp 750w, https:\/\/soymigrante.com\/revista\/wp-content\/uploads\/2024\/12\/santa-catarina-palopo-solola-impresionante-e1740020033470.webp 1079w\" sizes=\"(max-width: 1024px) 100vw, 1024px\" \/>\n            <\/div>\n        <\/div><div class=\"eael-entry-wrapper\"><header class=\"eael-entry-header\"><h2 class=\"eael-entry-title\"><a class=\"eael-grid-post-link\" href=\"https:\/\/soymigrante.com\/revista\/santa-catarina-palopo-modelo-de-turismo-sostenible-y-de-estancia-encantadora\/\" title=\"Santa Catarina Palop\u00f3, pueblo que impulsa turismo sostenible y  estad\u00eda placentera\">Santa Catarina Palop\u00f3, pueblo que impulsa turismo sostenible y  estad\u00eda placentera<\/a><\/h2><\/header><div class=\"eael-entry-content\">\n                        <div class=\"eael-grid-post-excerpt\"><a href=\"https:\/\/soymigrante.com\/revista\/santa-catarina-palopo-modelo-de-turismo-sostenible-y-de-estancia-encantadora\/\" class=\"eael-post-elements-readmore-btn\">CONOCE SU HISTORIA <\/a><\/div>\n                    <\/div><\/div><\/div>\n        <\/div>\n    <\/article><\/div>\n            <div class=\"clearfix\"><\/div>\n        <\/div>\t\t\t\t<\/div>\n\t\t\t\t\t<\/div>\n\t\t\t\t<\/div>\n\t\t\t\t<\/div>\n\t\t","protected":false},"excerpt":{"rendered":"<p>Panajachel, situado a orillas del majestuoso lago Atitl\u00e1n, se destaca como un vibrante centro tur\u00edstico y cultural en Guatemala, ofreciendo una mezcla \u00fanica de belleza natural y tradiciones ancestrales. Panajachel es reconocido como un punto estrat\u00e9gico para el turismo en Guatemala, sirviendo como la principal puerta de entrada al lago Atitl\u00e1n. Su infraestructura tur\u00edstica bien [&hellip;]<\/p>\n","protected":false},"author":23,"featured_media":25752,"comment_status":"open","ping_status":"open","sticky":false,"template":"","format":"standard","meta":{"_acf_changed":false,"_eb_attr":"","footnotes":""},"categories":[58],"tags":[],"class_list":["post-25572","post","type-post","status-publish","format-standard","has-post-thumbnail","hentry","category-guate-nuestra"],"acf":[],"aioseo_notices":[],"aioseo_head":"\n\t\t<!-- All in One SEO Pro 4.9.6.2 - aioseo.com -->\n\t<meta name=\"description\" content=\"Santa Catarina Palop\u00f3, a la orilla orilla del Lago de Atitl\u00e1n, estuvo propuesto para la lista mundial Best Tourist Villages. No fue electo, pero su magia sigue.\" \/>\n\t<meta name=\"robots\" content=\"max-snippet:-1, max-image-preview:large, max-video-preview:-1\" \/>\n\t<meta name=\"author\" content=\"Beatriz Tercero\"\/>\n\t<link rel=\"canonical\" href=\"https:\/\/soymigrante.com\/revista\/santa-catarina-palopo-modelo-de-turismo-sostenible-y-de-estancia-encantadora\/\" \/>\n\t<meta name=\"generator\" content=\"All in One SEO Pro (AIOSEO) 4.9.6.2\" \/>\n\n\t\t<link rel=\"preconnect\" href=\"https:\/\/fonts.googleapis.com\" crossorigin>\n<link rel=\"preconnect\" href=\"https:\/\/fonts.gstatic.com\" crossorigin>\n\t\t<meta property=\"og:locale\" content=\"es_ES\" \/>\n\t\t<meta property=\"og:site_name\" content=\"SoyMigrante.com REVISTA \u2013 Nuestra misi\u00f3n es reconocer y dignificar al migrante.\" \/>\n\t\t<meta property=\"og:type\" content=\"article\" \/>\n\t\t<meta property=\"og:title\" content=\"Santa Catarina Palop\u00f3, un modelo de turismo sostenible reconocido a nivel mundial\" \/>\n\t\t<meta property=\"og:description\" content=\"Santa Catarina Palop\u00f3, a la orilla orilla del Lago de Atitl\u00e1n, estuvo propuesto para la lista mundial Best Tourist Villages. No fue electo, pero su magia sigue.\" \/>\n\t\t<meta property=\"og:url\" content=\"https:\/\/soymigrante.com\/revista\/santa-catarina-palopo-modelo-de-turismo-sostenible-y-de-estancia-encantadora\/\" \/>\n\t\t<meta property=\"og:image\" content=\"https:\/\/soymigrante.com\/revista\/wp-content\/uploads\/2024\/12\/santa-catarina-palopo-solola-impresionante-e1740020033470.webp\" \/>\n\t\t<meta property=\"og:image:secure_url\" content=\"https:\/\/soymigrante.com\/revista\/wp-content\/uploads\/2024\/12\/santa-catarina-palopo-solola-impresionante-e1740020033470.webp\" \/>\n\t\t<meta property=\"og:image:width\" content=\"1079\" \/>\n\t\t<meta property=\"og:image:height\" content=\"642\" \/>\n\t\t<meta property=\"article:published_time\" content=\"2024-12-20T12:00:00+00:00\" \/>\n\t\t<meta property=\"article:modified_time\" content=\"2024-12-22T00:11:13+00:00\" \/>\n\t\t<meta property=\"article:publisher\" content=\"https:\/\/www.facebook.com\/soymigrantecom\" \/>\n\t\t<meta name=\"twitter:card\" content=\"summary_large_image\" \/>\n\t\t<meta name=\"twitter:site\" content=\"@SoyMigrante_com\" \/>\n\t\t<meta name=\"twitter:title\" content=\"Santa Catarina Palop\u00f3, un modelo de turismo sostenible reconocido a nivel mundial\" \/>\n\t\t<meta name=\"twitter:description\" content=\"Santa Catarina Palop\u00f3, a la orilla orilla del Lago de Atitl\u00e1n, estuvo propuesto para la lista mundial Best Tourist Villages. No fue electo, pero su magia sigue.\" \/>\n\t\t<meta name=\"twitter:creator\" content=\"@SoyMigrante_com\" \/>\n\t\t<meta name=\"twitter:image\" content=\"https:\/\/soymigrante.com\/revista\/wp-content\/uploads\/2024\/12\/santa-catarina-palopo-solola-impresionante-e1740020033470.webp\" \/>\n\t\t<!-- All in One SEO Pro -->\r\n\t\t<title>Santa Catarina Palop\u00f3, un modelo de turismo sostenible reconocido a nivel mundial<\/title>\n\n","aioseo_head_json":{"title":"Santa Catarina Palop\u00f3, un modelo de turismo sostenible reconocido a nivel mundial","description":"Santa Catarina Palop\u00f3, a la orilla orilla del Lago de Atitl\u00e1n, estuvo propuesto para la lista mundial Best Tourist Villages. No fue electo, pero su magia sigue.","canonical_url":"https:\/\/soymigrante.com\/revista\/santa-catarina-palopo-modelo-de-turismo-sostenible-y-de-estancia-encantadora\/","robots":"max-snippet:-1, max-image-preview:large, max-video-preview:-1","keywords":"","webmasterTools":{"miscellaneous":"&lt;link rel=\"preconnect\" href=\"https:\/\/fonts.googleapis.com\" crossorigin&gt;\n&lt;link rel=\"preconnect\" href=\"https:\/\/fonts.gstatic.com\" crossorigin&gt;"},"schema":null,"og:locale":"es_ES","og:site_name":"SoyMigrante.com REVISTA \u2013 Nuestra misi\u00f3n es reconocer y dignificar al migrante.","og:type":"article","og:title":"Santa Catarina Palop\u00f3, un modelo de turismo sostenible reconocido a nivel mundial","og:description":"Santa Catarina Palop\u00f3, a la orilla orilla del Lago de Atitl\u00e1n, estuvo propuesto para la lista mundial Best Tourist Villages. No fue electo, pero su magia sigue.","og:url":"https:\/\/soymigrante.com\/revista\/santa-catarina-palopo-modelo-de-turismo-sostenible-y-de-estancia-encantadora\/","og:image":"https:\/\/soymigrante.com\/revista\/wp-content\/uploads\/2024\/12\/santa-catarina-palopo-solola-impresionante-e1740020033470.webp","og:image:secure_url":"https:\/\/soymigrante.com\/revista\/wp-content\/uploads\/2024\/12\/santa-catarina-palopo-solola-impresionante-e1740020033470.webp","og:image:width":1079,"og:image:height":642,"article:published_time":"2024-12-20T12:00:00+00:00","article:modified_time":"2024-12-22T00:11:13+00:00","article:publisher":"https:\/\/www.facebook.com\/soymigrantecom","twitter:card":"summary_large_image","twitter:site":"@SoyMigrante_com","twitter:title":"Santa Catarina Palop\u00f3, un modelo de turismo sostenible reconocido a nivel mundial","twitter:description":"Santa Catarina Palop\u00f3, a la orilla orilla del Lago de Atitl\u00e1n, estuvo propuesto para la lista mundial Best Tourist Villages. No fue electo, pero su magia sigue.","twitter:creator":"@SoyMigrante_com","twitter:image":"https:\/\/soymigrante.com\/revista\/wp-content\/uploads\/2024\/12\/santa-catarina-palopo-solola-impresionante-e1740020033470.webp"},"aioseo_meta_data":{"post_id":"25572","title":"Panajachel es la m\u00e1s famosa puerta de entrada al Lago Atitlan","description":"Panajachel, a orillas del majestuoso lago Atitl\u00e1n, se destaca como un vibrante centro tur\u00edstico y cultural en Guatemala que recibe cada semana miles de visitas.","keywords":null,"keyphrases":{"focus":{"keyphrase":"Panajachel","score":82,"analysis":{"keyphraseInTitle":{"score":9,"maxScore":9,"error":0},"keyphraseInDescription":{"score":9,"maxScore":9,"error":0},"keyphraseLength":{"score":9,"maxScore":9,"error":0,"length":1},"keyphraseInURL":{"score":5,"maxScore":5,"error":0},"keyphraseInIntroduction":{"score":9,"maxScore":9,"error":0},"keyphraseInSubHeadings":{"score":3,"maxScore":9,"error":1},"keyphraseInImageAlt":{"score":3,"maxScore":9,"error":1},"keywordDensity":{"type":"best","score":9,"maxScore":9,"error":0}}},"additional":[{"keyphrase":"Atitl\u00e1n","score":87,"analysis":{"keyphraseInDescription":{"score":9,"maxScore":9,"error":0},"keyphraseLength":{"score":9,"maxScore":9,"error":0,"length":2},"keyphraseInIntroduction":{"score":9,"maxScore":9,"error":0},"keyphraseInImageAlt":{"score":3,"maxScore":9,"error":1},"keywordDensity":{"type":"best","score":9,"maxScore":9,"error":0}}},{"keyphrase":"Solol\u00e1","score":40,"analysis":{"keyphraseInDescription":{"score":3,"maxScore":9,"error":1},"keyphraseLength":{"score":9,"maxScore":9,"error":0,"length":1},"keyphraseInIntroduction":{"score":3,"maxScore":9,"error":1},"keyphraseInImageAlt":{"score":3,"maxScore":9,"error":1},"keywordDensity":{"score":0,"type":"low","maxScore":9,"error":1}}},{"keyphrase":"lago de Atitl\u00e1n","score":40,"analysis":{"keyphraseInDescription":{"score":3,"maxScore":9,"error":1},"keyphraseLength":{"score":9,"maxScore":9,"error":0,"length":4},"keyphraseInIntroduction":{"score":3,"maxScore":9,"error":1},"keyphraseInImageAlt":{"score":3,"maxScore":9,"error":1},"keywordDensity":{"score":0,"type":"low","maxScore":9,"error":1}}},{"keyphrase":"Guatemala","score":67,"analysis":{"keyphraseInDescription":{"score":9,"maxScore":9,"error":0},"keyphraseLength":{"score":9,"maxScore":9,"error":0,"length":1},"keyphraseInIntroduction":{"score":9,"maxScore":9,"error":0},"keyphraseInImageAlt":{"score":3,"maxScore":9,"error":1},"keywordDensity":{"score":0,"type":"low","maxScore":9,"error":1}}},{"keyphrase":"pueblos m\u00e1gicos","score":40,"analysis":{"keyphraseInDescription":{"score":3,"maxScore":9,"error":1},"keyphraseLength":{"score":9,"maxScore":9,"error":0,"length":3},"keyphraseInIntroduction":{"score":3,"maxScore":9,"error":1},"keyphraseInImageAlt":{"score":3,"maxScore":9,"error":1},"keywordDensity":{"score":0,"type":"low","maxScore":9,"error":1}}}]},"primary_term":null,"canonical_url":null,"og_title":null,"og_description":null,"og_object_type":"default","og_image_type":"default","og_image_url":null,"og_image_width":null,"og_image_height":null,"og_image_custom_url":null,"og_image_custom_fields":null,"og_video":"","og_custom_url":null,"og_article_section":null,"og_article_tags":null,"twitter_use_og":false,"twitter_card":"default","twitter_image_type":"default","twitter_image_url":null,"twitter_image_custom_url":null,"twitter_image_custom_fields":null,"twitter_title":null,"twitter_description":null,"schema":{"blockGraphs":[],"customGraphs":[],"default":{"data":{"Article":[],"Course":[],"Dataset":[],"FAQPage":[],"Movie":[],"Person":[],"Product":[],"ProductReview":[],"Car":[],"Recipe":[],"Service":[],"SoftwareApplication":[],"WebPage":[]},"graphName":"BlogPosting","isEnabled":true},"graphs":[]},"schema_type":"default","schema_type_options":null,"pillar_content":false,"robots_default":true,"robots_noindex":false,"robots_noarchive":false,"robots_nosnippet":false,"robots_nofollow":false,"robots_noimageindex":false,"robots_noodp":false,"robots_notranslate":false,"robots_max_snippet":"-1","robots_max_videopreview":"-1","robots_max_imagepreview":"large","priority":null,"frequency":"default","local_seo":null,"seo_analyzer_scan_date":"2025-10-09 02:42:53","breadcrumb_settings":null,"limit_modified_date":false,"reviewed_by":null,"open_ai":"{\"title\":{\"suggestions\":[],\"usage\":0},\"description\":{\"suggestions\":[],\"usage\":0}}","ai":null,"created":"2025-02-14 18:37:21","updated":"2026-02-04 21:40:12"},"aioseo_breadcrumb":"<div class=\"aioseo-breadcrumbs\"><span class=\"aioseo-breadcrumb\">\n\t<a href=\"https:\/\/soymigrante.com\/revista\" title=\"Home\">Home<\/a>\n<\/span><span class=\"aioseo-breadcrumb-separator\">\u00bb<\/span><span class=\"aioseo-breadcrumb\">\n\t<a href=\"https:\/\/soymigrante.com\/revista\/category\/guate-nuestra\/\" title=\"Guate Nuestra\">Guate Nuestra<\/a>\n<\/span><span class=\"aioseo-breadcrumb-separator\">\u00bb<\/span><span class=\"aioseo-breadcrumb\">\n\tPanajachel es la m\u00e1s famosa puerta de entrada al lago de Atitl\u00e1n\n<\/span><\/div>","aioseo_breadcrumb_json":[{"label":"Home","link":"https:\/\/soymigrante.com\/revista"},{"label":"Guate Nuestra","link":"https:\/\/soymigrante.com\/revista\/category\/guate-nuestra\/"},{"label":"Panajachel es la m\u00e1s famosa puerta de entrada al lago de Atitl\u00e1n","link":"https:\/\/soymigrante.com\/revista\/panajachel-lago-atitlan-puerta-entrada-guatemala\/"}],"_links":{"self":[{"href":"https:\/\/soymigrante.com\/revista\/wp-json\/wp\/v2\/posts\/25572","targetHints":{"allow":["GET"]}}],"collection":[{"href":"https:\/\/soymigrante.com\/revista\/wp-json\/wp\/v2\/posts"}],"about":[{"href":"https:\/\/soymigrante.com\/revista\/wp-json\/wp\/v2\/types\/post"}],"author":[{"embeddable":true,"href":"https:\/\/soymigrante.com\/revista\/wp-json\/wp\/v2\/users\/23"}],"replies":[{"embeddable":true,"href":"https:\/\/soymigrante.com\/revista\/wp-json\/wp\/v2\/comments?post=25572"}],"version-history":[{"count":0,"href":"https:\/\/soymigrante.com\/revista\/wp-json\/wp\/v2\/posts\/25572\/revisions"}],"wp:featuredmedia":[{"embeddable":true,"href":"https:\/\/soymigrante.com\/revista\/wp-json\/wp\/v2\/media\/25752"}],"wp:attachment":[{"href":"https:\/\/soymigrante.com\/revista\/wp-json\/wp\/v2\/media?parent=25572"}],"wp:term":[{"taxonomy":"category","embeddable":true,"href":"https:\/\/soymigrante.com\/revista\/wp-json\/wp\/v2\/categories?post=25572"},{"taxonomy":"post_tag","embeddable":true,"href":"https:\/\/soymigrante.com\/revista\/wp-json\/wp\/v2\/tags?post=25572"}],"curies":[{"name":"wp","href":"https:\/\/api.w.org\/{rel}","templated":true}]}}