{"id":25372,"date":"2025-02-17T14:58:49","date_gmt":"2025-02-17T20:58:49","guid":{"rendered":"https:\/\/soymigrante.com\/revista\/?p=25372"},"modified":"2025-03-10T14:31:21","modified_gmt":"2025-03-10T20:31:21","slug":"takalik-abaj-es-un-tesoro-de-la-humanidad-en-el-asintal-retalhuleu","status":"publish","type":"post","link":"https:\/\/soymigrante.com\/revista\/takalik-abaj-es-un-tesoro-de-la-humanidad-en-el-asintal-retalhuleu\/","title":{"rendered":"Takalik Abaj es un tesoro de la humanidad en El Asintal, Retalhuleu"},"content":{"rendered":"\t\t<div data-elementor-type=\"wp-post\" data-elementor-id=\"25372\" class=\"elementor elementor-25372\" data-elementor-post-type=\"post\">\n\t\t\t\t<div data-particle_enable=\"false\" data-particle-mobile-disabled=\"false\" class=\"elementor-element elementor-element-87d55b1 e-flex e-con-boxed e-con e-parent\" data-id=\"87d55b1\" data-element_type=\"container\" data-e-type=\"container\">\n\t\t\t\t\t<div class=\"e-con-inner\">\n\t\t\t\t<div class=\"elementor-element elementor-element-0943877 elementor-widget elementor-widget-heading\" data-id=\"0943877\" data-element_type=\"widget\" data-e-type=\"widget\" data-widget_type=\"heading.default\">\n\t\t\t\t\t<h2 class=\"elementor-heading-title elementor-size-default\">Takalik Abaj es un sitio que se encuentra en Retalhuleu y revela los or\u00edgenes de los mayas y su historia. <\/h2>\t\t\t\t<\/div>\n\t\t\t\t\t<\/div>\n\t\t\t\t<\/div>\n\t\t<div data-particle_enable=\"false\" data-particle-mobile-disabled=\"false\" class=\"elementor-element elementor-element-85b9741 e-flex e-con-boxed e-con e-parent\" data-id=\"85b9741\" data-element_type=\"container\" data-e-type=\"container\">\n\t\t\t\t\t<div class=\"e-con-inner\">\n\t\t\t\t<div class=\"elementor-element elementor-element-2793855 elementor-widget elementor-widget-text-editor\" data-id=\"2793855\" data-element_type=\"widget\" data-e-type=\"widget\" data-widget_type=\"text-editor.default\">\n\t\t\t\t\t\t\t\t\t<p>Takalik Abaj es uno de los sitios arqueol\u00f3gicos m\u00e1s importantes y sorprendentes de Guatemala.<\/p><p><a href=\"https:\/\/soymigrante.com\/revista\/departamentos-de-guatemala-retalhuleu-tiene-148-anos-de-historia\/\" target=\"_blank\" rel=\"noopener\">Ubicado en el departamento de Retalhuleu<\/a>, a aproximadamente 199 kil\u00f3metros de la Ciudad de Guatemala, este sitio ha sido clave para comprender la transici\u00f3n entre la cultura olmeca y la civilizaci\u00f3n maya temprana.<\/p>\t\t\t\t\t\t\t\t<\/div>\n\t\t\t\t\t<\/div>\n\t\t\t\t<\/div>\n\t\t<div data-particle_enable=\"false\" data-particle-mobile-disabled=\"false\" class=\"elementor-element elementor-element-f4a718a e-flex e-con-boxed e-con e-parent\" data-id=\"f4a718a\" data-element_type=\"container\" data-e-type=\"container\">\n\t\t\t\t\t<div class=\"e-con-inner\">\n\t\t\t\t<div class=\"elementor-element elementor-element-a9f1c8f elementor-widget elementor-widget-heading\" data-id=\"a9f1c8f\" data-element_type=\"widget\" data-e-type=\"widget\" data-widget_type=\"heading.default\">\n\t\t\t\t\t<h3 class=\"elementor-heading-title elementor-size-default\">Un sitio \u00fanico en Mesoam\u00e9rica<\/h3>\t\t\t\t<\/div>\n\t\t\t\t\t<\/div>\n\t\t\t\t<\/div>\n\t\t<div data-particle_enable=\"false\" data-particle-mobile-disabled=\"false\" class=\"elementor-element elementor-element-a09cf5f e-flex e-con-boxed e-con e-parent\" data-id=\"a09cf5f\" data-element_type=\"container\" data-e-type=\"container\">\n\t\t\t\t\t<div class=\"e-con-inner\">\n\t\t\t\t<div class=\"elementor-element elementor-element-4fbeb48 elementor-widget elementor-widget-text-editor\" data-id=\"4fbeb48\" data-element_type=\"widget\" data-e-type=\"widget\" data-widget_type=\"text-editor.default\">\n\t\t\t\t\t\t\t\t\t<p>Takalik Abaj, que en idioma maya significa \u201cpiedra parada\u201d, es una ciudad que floreci\u00f3 entre el Precl\u00e1sico Medio (800 a.C.) y el Cl\u00e1sico Temprano (900 d.C.).<\/p><p><a href=\"https:\/\/soymigrante.com\/revista\/departamentos-de-guatemala-retalhuleu-tiene-148-anos-de-historia\/\" target=\"_blank\" rel=\"noopener\">Se distingue por su combinaci\u00f3n de esculturas olmecas<\/a> con las primeras manifestaciones de arte y escritura maya, lo que demuestra la coexistencia e influencia de ambas culturas en la regi\u00f3n.<\/p>\t\t\t\t\t\t\t\t<\/div>\n\t\t\t\t\t<\/div>\n\t\t\t\t<\/div>\n\t\t<div data-particle_enable=\"false\" data-particle-mobile-disabled=\"false\" class=\"elementor-element elementor-element-5ae29b6 e-flex e-con-boxed e-con e-parent\" data-id=\"5ae29b6\" data-element_type=\"container\" data-e-type=\"container\">\n\t\t\t\t\t<div class=\"e-con-inner\">\n\t\t\t\t<div class=\"elementor-element elementor-element-9c09011 elementor-widget elementor-widget-text-editor\" data-id=\"9c09011\" data-element_type=\"widget\" data-e-type=\"widget\" data-widget_type=\"text-editor.default\">\n\t\t\t\t\t\t\t\t\t<p><a href=\"https:\/\/soymigrante.com\/revista\/departamentos-de-guatemala-retalhuleu-tiene-148-anos-de-historia\/\" target=\"_blank\" rel=\"noopener\">Este sitio arqueol\u00f3gico es considerado un precursor de la civilizaci\u00f3n maya,<\/a> ya que all\u00ed se han encontrado algunas de las inscripciones m\u00e1s antiguas en escritura jerogl\u00edfica, as\u00ed como estructuras ceremoniales y sistemas de drenaje avanzados para su \u00e9poca.<\/p>\t\t\t\t\t\t\t\t<\/div>\n\t\t\t\t\t<\/div>\n\t\t\t\t<\/div>\n\t\t<div data-particle_enable=\"false\" data-particle-mobile-disabled=\"false\" class=\"elementor-element elementor-element-a830631 e-flex e-con-boxed e-con e-parent\" data-id=\"a830631\" data-element_type=\"container\" data-e-type=\"container\">\n\t\t\t\t\t<div class=\"e-con-inner\">\n\t\t\t\t<div class=\"elementor-element elementor-element-4050aa0 elementor-widget elementor-widget-image\" data-id=\"4050aa0\" data-element_type=\"widget\" data-e-type=\"widget\" data-widget_type=\"image.default\">\n\t\t\t\t\t\t\t\t\t\t\t\t<figure class=\"wp-caption\">\n\t\t\t\t\t\t\t\t\t\t<img fetchpriority=\"high\" decoding=\"async\" width=\"768\" height=\"482\" src=\"https:\/\/soymigrante.com\/revista\/wp-content\/uploads\/2025\/02\/takalik-abaj5--1024x643.jpeg\" class=\"attachment-large size-large wp-image-25415\" alt=\"Ancient Mayan pyramid in lush jungle surrounded by green trees, example of archaeological sites in Guatemala, important cultural heritage, historical monument, tourism attraction, SoyMigrante Revista.\" srcset=\"https:\/\/soymigrante.com\/revista\/wp-content\/uploads\/2025\/02\/takalik-abaj5--1024x643.jpeg 1024w, https:\/\/soymigrante.com\/revista\/wp-content\/uploads\/2025\/02\/takalik-abaj5--300x188.jpeg 300w, https:\/\/soymigrante.com\/revista\/wp-content\/uploads\/2025\/02\/takalik-abaj5--768x482.jpeg 768w, https:\/\/soymigrante.com\/revista\/wp-content\/uploads\/2025\/02\/takalik-abaj5--750x471.webp 750w, https:\/\/soymigrante.com\/revista\/wp-content\/uploads\/2025\/02\/takalik-abaj5--1140x716.webp 1140w, https:\/\/soymigrante.com\/revista\/wp-content\/uploads\/2025\/02\/takalik-abaj5-.webp 1280w\" sizes=\"(max-width: 768px) 100vw, 768px\" title=\"takalik abaj5 \u2013 SoyMigrante.com REVISTA\" \/>\t\t\t\t\t\t\t\t\t\t\t<figcaption class=\"widget-image-caption wp-caption-text\">Restos de una pir\u00e1mide maya en un entorno natural, un importante sitio arqueol\u00f3gico en M\u00e9xico que refleja la arquitectura prehisp\u00e1nica y la cultura ancestral, patrimonio hist\u00f3rico y tur\u00edstico Mesoam\u00e9rica.<\/figcaption>\n\t\t\t\t\t\t\t\t\t\t<\/figure>\n\t\t\t\t\t\t\t\t\t<\/div>\n\t\t\t\t\t<\/div>\n\t\t\t\t<\/div>\n\t\t<div data-particle_enable=\"false\" data-particle-mobile-disabled=\"false\" class=\"elementor-element elementor-element-d1231a2 e-flex e-con-boxed e-con e-parent\" data-id=\"d1231a2\" data-element_type=\"container\" data-e-type=\"container\">\n\t\t\t\t\t<div class=\"e-con-inner\">\n\t\t\t\t<div class=\"elementor-element elementor-element-08643e8 elementor-widget elementor-widget-heading\" data-id=\"08643e8\" data-element_type=\"widget\" data-e-type=\"widget\" data-widget_type=\"heading.default\">\n\t\t\t\t\t<h3 class=\"elementor-heading-title elementor-size-default\">El hallazgo m\u00e1s sorprendente<\/h3>\t\t\t\t<\/div>\n\t\t\t\t\t<\/div>\n\t\t\t\t<\/div>\n\t\t<div data-particle_enable=\"false\" data-particle-mobile-disabled=\"false\" class=\"elementor-element elementor-element-acf5aee e-flex e-con-boxed e-con e-parent\" data-id=\"acf5aee\" data-element_type=\"container\" data-e-type=\"container\">\n\t\t\t\t\t<div class=\"e-con-inner\">\n\t\t\t\t<div class=\"elementor-element elementor-element-f31312a elementor-widget elementor-widget-text-editor\" data-id=\"f31312a\" data-element_type=\"widget\" data-e-type=\"widget\" data-widget_type=\"text-editor.default\">\n\t\t\t\t\t\t\t\t\t<p>Uno de los descubrimientos m\u00e1s notables de Takalik Abaj ocurri\u00f3 en 2022, cuando arque\u00f3logos encontraron la tumba de un gobernante maya temprano.<\/p><p><a href=\"https:\/\/soymigrante.com\/revista\/departamentos-de-guatemala-retalhuleu-tiene-148-anos-de-historia\/\" target=\"_blank\" rel=\"noopener\">Este hallazgo cambi\u00f3 la percepci\u00f3n sobre el desarrollo del poder<\/a> y la jerarqu\u00eda en la civilizaci\u00f3n maya, ya que evidenci\u00f3 que los mayas ya ten\u00edan gobernantes con s\u00edmbolos de autoridad antes de lo que se pensaba.<\/p><p>Adem\u00e1s, en el sitio se han encontrado m\u00e1s de 300 esculturas de piedra, muchas de ellas con caracter\u00edsticas olmecas, lo que confirma que Takalik Abaj fue un importante centro de intercambio cultural y comercial.<\/p>\t\t\t\t\t\t\t\t<\/div>\n\t\t\t\t\t<\/div>\n\t\t\t\t<\/div>\n\t\t<div data-particle_enable=\"false\" data-particle-mobile-disabled=\"false\" class=\"elementor-element elementor-element-ec37656 e-flex e-con-boxed e-con e-parent\" data-id=\"ec37656\" data-element_type=\"container\" data-e-type=\"container\">\n\t\t\t\t\t<div class=\"e-con-inner\">\n\t\t\t\t<div class=\"elementor-element elementor-element-6bd66ae elementor-widget elementor-widget-heading\" data-id=\"6bd66ae\" data-element_type=\"widget\" data-e-type=\"widget\" data-widget_type=\"heading.default\">\n\t\t\t\t\t<h3 class=\"elementor-heading-title elementor-size-default\">Ubicaci\u00f3n y acceso<\/h3>\t\t\t\t<\/div>\n\t\t\t\t\t<\/div>\n\t\t\t\t<\/div>\n\t\t<div data-particle_enable=\"false\" data-particle-mobile-disabled=\"false\" class=\"elementor-element elementor-element-abe7bc5 e-flex e-con-boxed e-con e-parent\" data-id=\"abe7bc5\" data-element_type=\"container\" data-e-type=\"container\">\n\t\t\t\t\t<div class=\"e-con-inner\">\n\t\t\t\t<div class=\"elementor-element elementor-element-670c834 elementor-widget elementor-widget-text-editor\" data-id=\"670c834\" data-element_type=\"widget\" data-e-type=\"widget\" data-widget_type=\"text-editor.default\">\n\t\t\t\t\t\t\t\t\t<p><a href=\"https:\/\/soymigrante.com\/revista\/departamentos-de-guatemala-retalhuleu-tiene-148-anos-de-historia\/\" target=\"_blank\" rel=\"noopener\">Takalik Abaj se encuentra en el municipio de El Asintal, Retalhuleu<\/a>, a unas cuatro horas en carro desde la Ciudad de Guatemala.<\/p><p>Para llegar, se puede tomar la Carretera CA-2 en direcci\u00f3n al suroccidente del pa\u00eds. El sitio cuenta con senderos, gu\u00edas tur\u00edsticos y un museo en el centro de visitantes, lo que facilita la exploraci\u00f3n de su riqueza hist\u00f3rica.<\/p>\t\t\t\t\t\t\t\t<\/div>\n\t\t\t\t\t<\/div>\n\t\t\t\t<\/div>\n\t\t<div data-particle_enable=\"false\" data-particle-mobile-disabled=\"false\" class=\"elementor-element elementor-element-a36aadb e-flex e-con-boxed e-con e-parent\" data-id=\"a36aadb\" data-element_type=\"container\" data-e-type=\"container\">\n\t\t\t\t\t<div class=\"e-con-inner\">\n\t\t\t\t<div class=\"elementor-element elementor-element-dd2465f elementor-widget elementor-widget-gallery\" data-id=\"dd2465f\" data-element_type=\"widget\" data-e-type=\"widget\" data-settings=\"{&quot;columns&quot;:2,&quot;lazyload&quot;:&quot;yes&quot;,&quot;gallery_layout&quot;:&quot;grid&quot;,&quot;columns_tablet&quot;:2,&quot;columns_mobile&quot;:1,&quot;gap&quot;:{&quot;unit&quot;:&quot;px&quot;,&quot;size&quot;:10,&quot;sizes&quot;:[]},&quot;gap_tablet&quot;:{&quot;unit&quot;:&quot;px&quot;,&quot;size&quot;:10,&quot;sizes&quot;:[]},&quot;gap_mobile&quot;:{&quot;unit&quot;:&quot;px&quot;,&quot;size&quot;:10,&quot;sizes&quot;:[]},&quot;link_to&quot;:&quot;file&quot;,&quot;aspect_ratio&quot;:&quot;3:2&quot;,&quot;overlay_background&quot;:&quot;yes&quot;,&quot;content_hover_animation&quot;:&quot;fade-in&quot;}\" data-widget_type=\"gallery.default\">\n\t\t\t\t\t\t\t<div class=\"elementor-gallery__container\">\n\t\t\t\t\t\t\t<a class=\"e-gallery-item elementor-gallery-item elementor-animated-content\" href=\"https:\/\/soymigrante.com\/revista\/wp-content\/uploads\/2025\/02\/takalik-abaj-4.webp\" data-elementor-open-lightbox=\"yes\" data-elementor-lightbox-slideshow=\"dd2465f\" data-elementor-lightbox-title=\"takalik abaj 4\" data-elementor-lightbox-description=\"El arte en piedra olmeca muestra la cultura ancestral en M\u00e9xico, destacando su importancia en la historia y comunidad mexicana en la revista SoyMigrante.com.\" data-e-action-hash=\"#elementor-action%3Aaction%3Dlightbox%26settings%3DeyJpZCI6MjUzOTcsInVybCI6Imh0dHBzOlwvXC9zb3ltaWdyYW50ZS5jb21cL3JldmlzdGFcL3dwLWNvbnRlbnRcL3VwbG9hZHNcLzIwMjVcLzAyXC90YWthbGlrLWFiYWotNC53ZWJwIiwic2xpZGVzaG93IjoiZGQyNDY1ZiJ9\">\n\t\t\t\t\t<div class=\"e-gallery-image elementor-gallery-item__image\" data-thumbnail=\"https:\/\/soymigrante.com\/revista\/wp-content\/uploads\/2025\/02\/takalik-abaj-4-300x200.jpeg\" data-width=\"300\" data-height=\"200\" aria-label=\"Ancestro olmeca en piedra antigua en un entorno de vegetaci\u00f3n exuberante, representando cultura y historia mexicana en la revista SoyMigrante.com.\" role=\"img\" ><\/div>\n\t\t\t\t\t\t\t\t\t\t\t<div class=\"elementor-gallery-item__overlay\"><\/div>\n\t\t\t\t\t\t\t\t\t\t\t\t\t\t<\/a>\n\t\t\t\t\t\t\t<a class=\"e-gallery-item elementor-gallery-item elementor-animated-content\" href=\"https:\/\/soymigrante.com\/revista\/wp-content\/uploads\/2025\/02\/takalik-abaj-6.webp\" data-elementor-open-lightbox=\"yes\" data-elementor-lightbox-slideshow=\"dd2465f\" data-elementor-lightbox-title=\"takalik abaj 6\" data-elementor-lightbox-description=\"La imagen muestra un vestigio arqueol\u00f3gico de un sitio antiguo con estructura de piedra, probablemente un altar, monumento o evidencia de una cultura ancestral en Latinoam\u00e9rica, conservada en un yacimiento arqueol\u00f3gico.\" data-e-action-hash=\"#elementor-action%3Aaction%3Dlightbox%26settings%3DeyJpZCI6MjUzOTgsInVybCI6Imh0dHBzOlwvXC9zb3ltaWdyYW50ZS5jb21cL3JldmlzdGFcL3dwLWNvbnRlbnRcL3VwbG9hZHNcLzIwMjVcLzAyXC90YWthbGlrLWFiYWotNi53ZWJwIiwic2xpZGVzaG93IjoiZGQyNDY1ZiJ9\">\n\t\t\t\t\t<div class=\"e-gallery-image elementor-gallery-item__image\" data-thumbnail=\"https:\/\/soymigrante.com\/revista\/wp-content\/uploads\/2025\/02\/takalik-abaj-6-300x192.jpeg\" data-width=\"300\" data-height=\"192\" aria-label=\"Megal\u00edtico prehisp\u00e1nico en un yacimiento arqueol\u00f3gico, estructura de piedra en un foso excavado en la tierra, vestigios hist\u00f3ricos y culturales de antiguas civilizaciones en Latinoam\u00e9rica.\" role=\"img\" ><\/div>\n\t\t\t\t\t\t\t\t\t\t\t<div class=\"elementor-gallery-item__overlay\"><\/div>\n\t\t\t\t\t\t\t\t\t\t\t\t\t\t<\/a>\n\t\t\t\t\t\t\t<a class=\"e-gallery-item elementor-gallery-item elementor-animated-content\" href=\"https:\/\/soymigrante.com\/revista\/wp-content\/uploads\/2025\/02\/takalik-abaj-7.webp\" data-elementor-open-lightbox=\"yes\" data-elementor-lightbox-slideshow=\"dd2465f\" data-elementor-lightbox-title=\"takalik abaj 7\" data-elementor-lightbox-description=\"#image_title #separator_sa #blog_title\" data-e-action-hash=\"#elementor-action%3Aaction%3Dlightbox%26settings%3DeyJpZCI6MjUzOTksInVybCI6Imh0dHBzOlwvXC9zb3ltaWdyYW50ZS5jb21cL3JldmlzdGFcL3dwLWNvbnRlbnRcL3VwbG9hZHNcLzIwMjVcLzAyXC90YWthbGlrLWFiYWotNy53ZWJwIiwic2xpZGVzaG93IjoiZGQyNDY1ZiJ9\">\n\t\t\t\t\t<div class=\"e-gallery-image elementor-gallery-item__image\" data-thumbnail=\"https:\/\/soymigrante.com\/revista\/wp-content\/uploads\/2025\/02\/takalik-abaj-7-300x257.jpeg\" data-width=\"300\" data-height=\"257\" aria-label=\"Antiguo monolito de piedra en un parque natural, rodeado de \u00e1rboles y vegetaci\u00f3n, s\u00edmbolo de historia y cultura ancestral en un entorno ecol\u00f3gico y tranquilo.\" role=\"img\" ><\/div>\n\t\t\t\t\t\t\t\t\t\t\t<div class=\"elementor-gallery-item__overlay\"><\/div>\n\t\t\t\t\t\t\t\t\t\t\t\t\t\t<\/a>\n\t\t\t\t\t\t\t<a class=\"e-gallery-item elementor-gallery-item elementor-animated-content\" href=\"https:\/\/soymigrante.com\/revista\/wp-content\/uploads\/2025\/02\/takalik-abaj-8.webp\" data-elementor-open-lightbox=\"yes\" data-elementor-lightbox-slideshow=\"dd2465f\" data-elementor-lightbox-title=\"takalik abaj 8\" data-elementor-lightbox-description=\"Una escultura de piedra que representa una figura humana, ubicada al aire libre en un entorno natural, bajo un cielo estrellado, destacando temas de cultura, historia y migraci\u00f3n en M\u00e9xico y la regi\u00f3n centroamericana.\" data-e-action-hash=\"#elementor-action%3Aaction%3Dlightbox%26settings%3DeyJpZCI6MjU0MDAsInVybCI6Imh0dHBzOlwvXC9zb3ltaWdyYW50ZS5jb21cL3JldmlzdGFcL3dwLWNvbnRlbnRcL3VwbG9hZHNcLzIwMjVcLzAyXC90YWthbGlrLWFiYWotOC53ZWJwIiwic2xpZGVzaG93IjoiZGQyNDY1ZiJ9\">\n\t\t\t\t\t<div class=\"e-gallery-image elementor-gallery-item__image\" data-thumbnail=\"https:\/\/soymigrante.com\/revista\/wp-content\/uploads\/2025\/02\/takalik-abaj-8-300x200.jpeg\" data-width=\"300\" data-height=\"200\" aria-label=\"Rostro de piedra con forma humana sobre un fondo nocturno estrellado, simbolizando historia y cultura en las comunidades migrantes mexicanas y centroamericanas.\" role=\"img\" ><\/div>\n\t\t\t\t\t\t\t\t\t\t\t<div class=\"elementor-gallery-item__overlay\"><\/div>\n\t\t\t\t\t\t\t\t\t\t\t\t\t\t<\/a>\n\t\t\t\t\t\t\t<a class=\"e-gallery-item elementor-gallery-item elementor-animated-content\" href=\"https:\/\/soymigrante.com\/revista\/wp-content\/uploads\/2025\/02\/takalik-abaj-9.webp\" data-elementor-open-lightbox=\"yes\" data-elementor-lightbox-slideshow=\"dd2465f\" data-elementor-lightbox-title=\"takalik abaj 9\" data-elementor-lightbox-description=\"#image_title #separator_sa #blog_title\" data-e-action-hash=\"#elementor-action%3Aaction%3Dlightbox%26settings%3DeyJpZCI6MjU0MDEsInVybCI6Imh0dHBzOlwvXC9zb3ltaWdyYW50ZS5jb21cL3JldmlzdGFcL3dwLWNvbnRlbnRcL3VwbG9hZHNcLzIwMjVcLzAyXC90YWthbGlrLWFiYWotOS53ZWJwIiwic2xpZGVzaG93IjoiZGQyNDY1ZiJ9\">\n\t\t\t\t\t<div class=\"e-gallery-image elementor-gallery-item__image\" data-thumbnail=\"https:\/\/soymigrante.com\/revista\/wp-content\/uploads\/2025\/02\/takalik-abaj-9-300x200.jpeg\" data-width=\"300\" data-height=\"200\" aria-label=\"Fragmentos arqueol\u00f3gicos y f\u00f3siles en un altar de ofrendas, reflejados en superficie negra, representando cultura ind\u00edgena y patrimonio arqueol\u00f3gico en M\u00e9xico.\" role=\"img\" ><\/div>\n\t\t\t\t\t\t\t\t\t\t\t<div class=\"elementor-gallery-item__overlay\"><\/div>\n\t\t\t\t\t\t\t\t\t\t\t\t\t\t<\/a>\n\t\t\t\t\t\t\t<a class=\"e-gallery-item elementor-gallery-item elementor-animated-content\" href=\"https:\/\/soymigrante.com\/revista\/wp-content\/uploads\/2025\/02\/takalik-abaj-10-.webp\" data-elementor-open-lightbox=\"yes\" data-elementor-lightbox-slideshow=\"dd2465f\" data-elementor-lightbox-title=\"takalik abaj 10\" data-elementor-lightbox-description=\"Restos arqueol\u00f3gicos en plena selva con vestigios de antiguas civilizaciones mayas, piedras talladas y monumentos, patrimonio cultural y tur\u00edstico en exploraci\u00f3n arqueol\u00f3gica.\" data-e-action-hash=\"#elementor-action%3Aaction%3Dlightbox%26settings%3DeyJpZCI6MjU0MDUsInVybCI6Imh0dHBzOlwvXC9zb3ltaWdyYW50ZS5jb21cL3JldmlzdGFcL3dwLWNvbnRlbnRcL3VwbG9hZHNcLzIwMjVcLzAyXC90YWthbGlrLWFiYWotMTAtLndlYnAiLCJzbGlkZXNob3ciOiJkZDI0NjVmIn0%3D\">\n\t\t\t\t\t<div class=\"e-gallery-image elementor-gallery-item__image\" data-thumbnail=\"https:\/\/soymigrante.com\/revista\/wp-content\/uploads\/2025\/02\/takalik-abaj-10--300x169.jpeg\" data-width=\"300\" data-height=\"169\" aria-label=\"Antigua zona arqueol\u00f3gica en la selva con restos mayas y estelas en piedra, rodeada de naturaleza y \u00e1rboles altos, evidencia del patrimonio cultural y ancestral de Mesoam\u00e9rica.\" role=\"img\" ><\/div>\n\t\t\t\t\t\t\t\t\t\t\t<div class=\"elementor-gallery-item__overlay\"><\/div>\n\t\t\t\t\t\t\t\t\t\t\t\t\t\t<\/a>\n\t\t\t\t\t\t\t<a class=\"e-gallery-item elementor-gallery-item elementor-animated-content\" href=\"https:\/\/soymigrante.com\/revista\/wp-content\/uploads\/2025\/02\/takalik-abaj-11.webp\" data-elementor-open-lightbox=\"yes\" data-elementor-lightbox-slideshow=\"dd2465f\" data-elementor-lightbox-title=\"takalik abaj 11\" data-elementor-lightbox-description=\"Imagen de piedras arqueol\u00f3gicas en medio de la jungle, documentando vestigios hist\u00f3ricos de la cultura maya en M\u00e9xico, importante para estudios arqueol\u00f3gicos, conservaci\u00f3n del patrimonio y turismo cultural.\" data-e-action-hash=\"#elementor-action%3Aaction%3Dlightbox%26settings%3DeyJpZCI6MjU0MDYsInVybCI6Imh0dHBzOlwvXC9zb3ltaWdyYW50ZS5jb21cL3JldmlzdGFcL3dwLWNvbnRlbnRcL3VwbG9hZHNcLzIwMjVcLzAyXC90YWthbGlrLWFiYWotMTEud2VicCIsInNsaWRlc2hvdyI6ImRkMjQ2NWYifQ%3D%3D\">\n\t\t\t\t\t<div class=\"e-gallery-image elementor-gallery-item__image\" data-thumbnail=\"https:\/\/soymigrante.com\/revista\/wp-content\/uploads\/2025\/02\/takalik-abaj-11-300x181.jpeg\" data-width=\"300\" data-height=\"181\" aria-label=\"Piedras arqueol\u00f3gicas mayas en la selva tropical, restos hist\u00f3ricos en excavaciones arqueol\u00f3gicas, cultura ancestral, sitio arqueol\u00f3gico en M\u00e9xico, conservaci\u00f3n del patrimonio, turismo cultural, exploraci\u00f3n arqueol\u00f3gica, historia prehisp\u00e1nica.\" role=\"img\" ><\/div>\n\t\t\t\t\t\t\t\t\t\t\t<div class=\"elementor-gallery-item__overlay\"><\/div>\n\t\t\t\t\t\t\t\t\t\t\t\t\t\t<\/a>\n\t\t\t\t\t<\/div>\n\t\t\t\t\t<\/div>\n\t\t\t\t\t<\/div>\n\t\t\t\t<\/div>\n\t\t<div data-particle_enable=\"false\" data-particle-mobile-disabled=\"false\" class=\"elementor-element elementor-element-fed6526 e-flex e-con-boxed e-con e-parent\" data-id=\"fed6526\" data-element_type=\"container\" data-e-type=\"container\">\n\t\t\t\t\t<div class=\"e-con-inner\">\n\t\t\t\t<div class=\"elementor-element elementor-element-356b975 elementor-widget elementor-widget-heading\" data-id=\"356b975\" data-element_type=\"widget\" data-e-type=\"widget\" data-widget_type=\"heading.default\">\n\t\t\t\t\t<h3 class=\"elementor-heading-title elementor-size-default\">Un legado invaluable<\/h3>\t\t\t\t<\/div>\n\t\t\t\t\t<\/div>\n\t\t\t\t<\/div>\n\t\t<div data-particle_enable=\"false\" data-particle-mobile-disabled=\"false\" class=\"elementor-element elementor-element-c4cd681 e-flex e-con-boxed e-con e-parent\" data-id=\"c4cd681\" data-element_type=\"container\" data-e-type=\"container\">\n\t\t\t\t\t<div class=\"e-con-inner\">\n\t\t\t\t<div class=\"elementor-element elementor-element-3425818 elementor-widget elementor-widget-text-editor\" data-id=\"3425818\" data-element_type=\"widget\" data-e-type=\"widget\" data-widget_type=\"text-editor.default\">\n\t\t\t\t\t\t\t\t\t<p>Takalik Abaj es un testimonio del desarrollo cultural y pol\u00edtico en Mesoam\u00e9rica. Su importancia radica en que es uno de los pocos sitios donde se pueden observar vestigios de la transici\u00f3n entre la cultura olmeca y la civilizaci\u00f3n maya, convirti\u00e9ndolo en un destino imperdible para los amantes de la historia y la arqueolog\u00eda.<\/p><p><a href=\"https:\/\/soymigrante.com\/revista\/departamentos-de-guatemala-retalhuleu-tiene-148-anos-de-historia\/\" target=\"_blank\" rel=\"noopener\">Este sitio arqueol\u00f3gico sigue revelando nuevos descubrimientos<\/a> y contin\u00faa siendo un referente en la comprensi\u00f3n de la evoluci\u00f3n de las civilizaciones prehisp\u00e1nicas en Guatemala y el resto de Am\u00e9rica.<\/p>\t\t\t\t\t\t\t\t<\/div>\n\t\t\t\t\t<\/div>\n\t\t\t\t<\/div>\n\t\t<div data-particle_enable=\"false\" data-particle-mobile-disabled=\"false\" class=\"elementor-element elementor-element-cb742c7 e-flex e-con-boxed e-con e-parent\" data-id=\"cb742c7\" data-element_type=\"container\" data-e-type=\"container\">\n\t\t\t\t\t<div class=\"e-con-inner\">\n\t\t\t\t<div class=\"elementor-element elementor-element-c11eda3 elementor-widget elementor-widget-video\" data-id=\"c11eda3\" data-element_type=\"widget\" data-e-type=\"widget\" data-settings=\"{&quot;youtube_url&quot;:&quot;https:\\\/\\\/www.youtube.com\\\/watch?v=7hycuwiaurE&amp;t=1s&quot;,&quot;video_type&quot;:&quot;youtube&quot;,&quot;controls&quot;:&quot;yes&quot;}\" data-widget_type=\"video.default\">\n\t\t\t\t\t\t\t<div class=\"elementor-wrapper elementor-open-inline\">\n\t\t\t<div class=\"elementor-video\"><\/div>\t\t<\/div>\n\t\t\t\t\t\t<\/div>\n\t\t\t\t\t<\/div>\n\t\t\t\t<\/div>\n\t\t<div data-particle_enable=\"false\" data-particle-mobile-disabled=\"false\" class=\"elementor-element elementor-element-6d53e83 e-flex e-con-boxed e-con e-parent\" data-id=\"6d53e83\" data-element_type=\"container\" data-e-type=\"container\">\n\t\t\t\t\t<div class=\"e-con-inner\">\n\t\t\t\t<div class=\"elementor-element elementor-element-0913d0e elementor-widget elementor-widget-heading\" data-id=\"0913d0e\" data-element_type=\"widget\" data-e-type=\"widget\" data-widget_type=\"heading.default\">\n\t\t\t\t\t<h2 class=\"elementor-heading-title elementor-size-default\">Conoce m\u00e1s sobre los sitios tur\u00edsticos de Guatemala, ac\u00e1...<\/h2>\t\t\t\t<\/div>\n\t\t\t\t\t<\/div>\n\t\t\t\t<\/div>\n\t\t<div data-particle_enable=\"false\" data-particle-mobile-disabled=\"false\" class=\"elementor-element elementor-element-78c7303 e-flex e-con-boxed e-con e-parent\" data-id=\"78c7303\" data-element_type=\"container\" data-e-type=\"container\">\n\t\t\t\t\t<div class=\"e-con-inner\">\n\t\t\t\t<div class=\"elementor-element elementor-element-11f7f0c elementor-grid-eael-col-3 elementor-grid-tablet-eael-col-2 elementor-grid-mobile-eael-col-1 elementor-widget elementor-widget-eael-post-grid\" data-id=\"11f7f0c\" data-element_type=\"widget\" data-e-type=\"widget\" data-settings=\"{&quot;eael_post_grid_columns&quot;:&quot;eael-col-3&quot;,&quot;eael_post_grid_columns_tablet&quot;:&quot;eael-col-2&quot;,&quot;eael_post_grid_columns_mobile&quot;:&quot;eael-col-1&quot;}\" data-widget_type=\"eael-post-grid.default\">\n\t\t\t\t\t<div id=\"eael-post-grid-11f7f0c\" class=\"eael-post-grid-container\">\n            <div class=\"eael-post-grid eael-post-appender eael-post-appender-11f7f0c eael-post-grid-style-one\" data-layout-mode=\"masonry\"><article class=\"eael-grid-post  eael-post-grid-column eael-pg-post-24715 category-guate-nuestra tags-departamentos-de-guatemala\" data-id=\"24715\">\n        <div class=\"eael-grid-post-holder\">\n            <div class=\"eael-grid-post-holder-inner\"><div class=\"eael-entry-media\"><div class=\"eael-entry-overlay fade-in\"><i class=\"far fa-hand-pointer\" aria-hidden=\"true\"><\/i><a href=\"https:\/\/soymigrante.com\/revista\/departamentos-de-guatemala-retalhuleu-tiene-148-anos-de-historia\/\"><\/a><\/div><div class=\"eael-entry-thumbnail \">\n                <img decoding=\"async\" width=\"1024\" height=\"1024\" src=\"https:\/\/soymigrante.com\/revista\/wp-content\/uploads\/2024\/09\/IMG_2712-copia-1024x1024.webp\" class=\"attachment-large size-large wp-image-8839\" alt=\"Torre de la Independencia en la Ciudad de M\u00e9xico, s\u00edmbolo de historia y cultura mexicana. Ubicaci\u00f3n central, rodeada de \u00e1reas verdes y edificios tradicionales, ideal para visitantes y residentes.\" srcset=\"https:\/\/soymigrante.com\/revista\/wp-content\/uploads\/2024\/09\/IMG_2712-copia-1024x1024.webp 1024w, https:\/\/soymigrante.com\/revista\/wp-content\/uploads\/2024\/09\/IMG_2712-copia-300x300.webp 300w, https:\/\/soymigrante.com\/revista\/wp-content\/uploads\/2024\/09\/IMG_2712-copia-150x150.webp 150w, https:\/\/soymigrante.com\/revista\/wp-content\/uploads\/2024\/09\/IMG_2712-copia-768x768.webp 768w, https:\/\/soymigrante.com\/revista\/wp-content\/uploads\/2024\/09\/IMG_2712-copia-1536x1536.webp 1536w, https:\/\/soymigrante.com\/revista\/wp-content\/uploads\/2024\/09\/IMG_2712-copia.webp 1920w, https:\/\/soymigrante.com\/revista\/wp-content\/uploads\/2024\/09\/IMG_2712-copia-75x75.webp 75w, https:\/\/soymigrante.com\/revista\/wp-content\/uploads\/2024\/09\/IMG_2712-copia-750x750.webp 750w, https:\/\/soymigrante.com\/revista\/wp-content\/uploads\/2024\/09\/IMG_2712-copia-1140x1140.jpg 1140w\" sizes=\"(max-width: 1024px) 100vw, 1024px\" \/>\n            <\/div>\n        <\/div><div class=\"eael-entry-wrapper\"><header class=\"eael-entry-header\"><h2 class=\"eael-entry-title\"><a class=\"eael-grid-post-link\" href=\"https:\/\/soymigrante.com\/revista\/departamentos-de-guatemala-retalhuleu-tiene-148-anos-de-historia\/\" title=\"Departamentos de Guatemala: Retalhuleu, n\u00facleo tur\u00edstico con 148 a\u00f1os de historia\">Departamentos de Guatemala: Retalhuleu, n\u00facleo tur\u00edstico con 148 a\u00f1os de historia<\/a><\/h2><\/header><div class=\"eael-entry-content\">\n                        <div class=\"eael-grid-post-excerpt\"><a href=\"https:\/\/soymigrante.com\/revista\/departamentos-de-guatemala-retalhuleu-tiene-148-anos-de-historia\/\" class=\"eael-post-elements-readmore-btn\">CONOCE SU HISTORIA <\/a><\/div>\n                    <\/div><\/div><\/div>\n        <\/div>\n    <\/article><article class=\"eael-grid-post  eael-post-grid-column eael-pg-post-8824 category-guate-nuestra\" data-id=\"8824\">\n        <div class=\"eael-grid-post-holder\">\n            <div class=\"eael-grid-post-holder-inner\"><div class=\"eael-entry-media\"><div class=\"eael-entry-overlay fade-in\"><i class=\"far fa-hand-pointer\" aria-hidden=\"true\"><\/i><a href=\"https:\/\/soymigrante.com\/revista\/cinco-parques-tematicos-en-retalhuleu-que-si-o-si-debes-visitar\/\"><\/a><\/div><div class=\"eael-entry-thumbnail \">\n                <img decoding=\"async\" width=\"1024\" height=\"1024\" src=\"https:\/\/soymigrante.com\/revista\/wp-content\/uploads\/2024\/09\/IMG_2712-copia-1024x1024.webp\" class=\"attachment-large size-large wp-image-8839\" alt=\"Torre de la Independencia en la Ciudad de M\u00e9xico, s\u00edmbolo de historia y cultura mexicana. Ubicaci\u00f3n central, rodeada de \u00e1reas verdes y edificios tradicionales, ideal para visitantes y residentes.\" srcset=\"https:\/\/soymigrante.com\/revista\/wp-content\/uploads\/2024\/09\/IMG_2712-copia-1024x1024.webp 1024w, https:\/\/soymigrante.com\/revista\/wp-content\/uploads\/2024\/09\/IMG_2712-copia-300x300.webp 300w, https:\/\/soymigrante.com\/revista\/wp-content\/uploads\/2024\/09\/IMG_2712-copia-150x150.webp 150w, https:\/\/soymigrante.com\/revista\/wp-content\/uploads\/2024\/09\/IMG_2712-copia-768x768.webp 768w, https:\/\/soymigrante.com\/revista\/wp-content\/uploads\/2024\/09\/IMG_2712-copia-1536x1536.webp 1536w, https:\/\/soymigrante.com\/revista\/wp-content\/uploads\/2024\/09\/IMG_2712-copia.webp 1920w, https:\/\/soymigrante.com\/revista\/wp-content\/uploads\/2024\/09\/IMG_2712-copia-75x75.webp 75w, https:\/\/soymigrante.com\/revista\/wp-content\/uploads\/2024\/09\/IMG_2712-copia-750x750.webp 750w, https:\/\/soymigrante.com\/revista\/wp-content\/uploads\/2024\/09\/IMG_2712-copia-1140x1140.jpg 1140w\" sizes=\"(max-width: 1024px) 100vw, 1024px\" \/>\n            <\/div>\n        <\/div><div class=\"eael-entry-wrapper\"><header class=\"eael-entry-header\"><h2 class=\"eael-entry-title\"><a class=\"eael-grid-post-link\" href=\"https:\/\/soymigrante.com\/revista\/cinco-parques-tematicos-en-retalhuleu-que-si-o-si-debes-visitar\/\" title=\"Cinco parques tem\u00e1ticos en Retalhuleu, que s\u00ed o s\u00ed debes visitar\">Cinco parques tem\u00e1ticos en Retalhuleu, que s\u00ed o s\u00ed debes visitar<\/a><\/h2><\/header><div class=\"eael-entry-content\">\n                        <div class=\"eael-grid-post-excerpt\"><a href=\"https:\/\/soymigrante.com\/revista\/cinco-parques-tematicos-en-retalhuleu-que-si-o-si-debes-visitar\/\" class=\"eael-post-elements-readmore-btn\">CONOCE SU HISTORIA <\/a><\/div>\n                    <\/div><\/div><\/div>\n        <\/div>\n    <\/article><article class=\"eael-grid-post  eael-post-grid-column eael-pg-post-1536 category-guate-nuestra\" data-id=\"1536\">\n        <div class=\"eael-grid-post-holder\">\n            <div class=\"eael-grid-post-holder-inner\"><div class=\"eael-entry-media\"><div class=\"eael-entry-overlay fade-in\"><i class=\"far fa-hand-pointer\" aria-hidden=\"true\"><\/i><a href=\"https:\/\/soymigrante.com\/revista\/7-datos-que-ya-sabias-o-quiza-no-sobre-el-gran-jaguar-y-tikal\/\"><\/a><\/div><div class=\"eael-entry-thumbnail \">\n                <img decoding=\"async\" width=\"1024\" height=\"475\" src=\"https:\/\/soymigrante.com\/revista\/wp-content\/uploads\/2023\/06\/Captura-de-pantalla-2023-06-21-143338-1024x475.webp\" class=\"attachment-large size-large wp-image-1538\" alt=\"Tikal: 7 datos que ya sab\u00edas (o quiz\u00e1 no) sobre el Templo I o Gran Jaguar\" srcset=\"https:\/\/soymigrante.com\/revista\/wp-content\/uploads\/2023\/06\/Captura-de-pantalla-2023-06-21-143338-1024x475.webp 1024w, https:\/\/soymigrante.com\/revista\/wp-content\/uploads\/2023\/06\/Captura-de-pantalla-2023-06-21-143338-300x139.webp 300w, https:\/\/soymigrante.com\/revista\/wp-content\/uploads\/2023\/06\/Captura-de-pantalla-2023-06-21-143338-768x356.webp 768w, https:\/\/soymigrante.com\/revista\/wp-content\/uploads\/2023\/06\/Captura-de-pantalla-2023-06-21-143338-750x348.webp 750w, https:\/\/soymigrante.com\/revista\/wp-content\/uploads\/2023\/06\/Captura-de-pantalla-2023-06-21-143338-1140x529.webp 1140w, https:\/\/soymigrante.com\/revista\/wp-content\/uploads\/2023\/06\/Captura-de-pantalla-2023-06-21-143338.webp 1427w\" sizes=\"(max-width: 1024px) 100vw, 1024px\" \/>\n            <\/div>\n        <\/div><div class=\"eael-entry-wrapper\"><header class=\"eael-entry-header\"><h2 class=\"eael-entry-title\"><a class=\"eael-grid-post-link\" href=\"https:\/\/soymigrante.com\/revista\/7-datos-que-ya-sabias-o-quiza-no-sobre-el-gran-jaguar-y-tikal\/\" title=\"Tikal: 7 datos que ya sab\u00edas (o quiz\u00e1 no) sobre el Templo I o Gran Jaguar\">Tikal: 7 datos que ya sab\u00edas (o quiz\u00e1 no) sobre el Templo I o Gran Jaguar<\/a><\/h2><\/header><div class=\"eael-entry-content\">\n                        <div class=\"eael-grid-post-excerpt\"><a href=\"https:\/\/soymigrante.com\/revista\/7-datos-que-ya-sabias-o-quiza-no-sobre-el-gran-jaguar-y-tikal\/\" class=\"eael-post-elements-readmore-btn\">CONOCE SU HISTORIA <\/a><\/div>\n                    <\/div><\/div><\/div>\n        <\/div>\n    <\/article><\/div>\n            <div class=\"clearfix\"><\/div>\n        <\/div>\t\t\t\t<\/div>\n\t\t\t\t\t<\/div>\n\t\t\t\t<\/div>\n\t\t\t\t<\/div>\n\t\t","protected":false},"excerpt":{"rendered":"<p>Takalik Abaj es un sitio que se encuentra en Retalhuleu y revela los or\u00edgenes de los mayas y su historia. Takalik Abaj es uno de los sitios arqueol\u00f3gicos m\u00e1s importantes y sorprendentes de Guatemala. Ubicado en el departamento de Retalhuleu, a aproximadamente 199 kil\u00f3metros de la Ciudad de Guatemala, este sitio ha sido clave para [&hellip;]<\/p>\n","protected":false},"author":19,"featured_media":25373,"comment_status":"open","ping_status":"open","sticky":false,"template":"","format":"standard","meta":{"_acf_changed":false,"_eb_attr":"","footnotes":""},"categories":[58],"tags":[],"class_list":["post-25372","post","type-post","status-publish","format-standard","has-post-thumbnail","hentry","category-guate-nuestra"],"acf":[],"aioseo_notices":[],"aioseo_head":"\n\t\t<!-- All in One SEO Pro 4.9.6.2 - aioseo.com -->\n\t<meta name=\"description\" content=\"\u00cdcono mundial, Patrimonio Cultural de la Humanidad de la Humanidad desde 1979, Tikal a\u00fan refleja la magnificencia maya prehisp\u00e1nica e inspira recuerdos en muchos migrantes guatemaltecos. El Templo I de Tikal, m\u00e1s conocido como El Gran Jaguar, es uno de los \u00edconos mundiales de Guatemala y de la legendaria ciudad maya, enclavada en el centro\" \/>\n\t<meta name=\"robots\" content=\"max-snippet:-1, max-image-preview:large, max-video-preview:-1\" \/>\n\t<meta name=\"author\" content=\"Gustavo Montenegro\"\/>\n\t<link rel=\"canonical\" href=\"https:\/\/soymigrante.com\/revista\/7-datos-que-ya-sabias-o-quiza-no-sobre-el-gran-jaguar-y-tikal\/\" \/>\n\t<meta name=\"generator\" content=\"All in One SEO Pro (AIOSEO) 4.9.6.2\" \/>\n\n\t\t<link rel=\"preconnect\" href=\"https:\/\/fonts.googleapis.com\" crossorigin>\n<link rel=\"preconnect\" href=\"https:\/\/fonts.gstatic.com\" crossorigin>\n\t\t<meta property=\"og:locale\" content=\"es_ES\" \/>\n\t\t<meta property=\"og:site_name\" content=\"SoyMigrante.com REVISTA \u2013 Nuestra misi\u00f3n es reconocer y dignificar al migrante.\" \/>\n\t\t<meta property=\"og:type\" content=\"article\" \/>\n\t\t<meta property=\"og:title\" content=\"Tikal: 7 datos que ya sab\u00edas (o quiz\u00e1 no) sobre el Templo I o Gran Jaguar\" \/>\n\t\t<meta property=\"og:description\" content=\"\u00cdcono mundial, Patrimonio Cultural de la Humanidad de la Humanidad desde 1979, Tikal a\u00fan refleja la magnificencia maya prehisp\u00e1nica e inspira recuerdos en muchos migrantes guatemaltecos. El Templo I de Tikal, m\u00e1s conocido como El Gran Jaguar, es uno de los \u00edconos mundiales de Guatemala y de la legendaria ciudad maya, enclavada en el centro\" \/>\n\t\t<meta property=\"og:url\" content=\"https:\/\/soymigrante.com\/revista\/7-datos-que-ya-sabias-o-quiza-no-sobre-el-gran-jaguar-y-tikal\/\" \/>\n\t\t<meta property=\"og:image\" content=\"https:\/\/soymigrante.com\/revista\/wp-content\/uploads\/2023\/06\/Captura-de-pantalla-2023-06-21-143338.webp\" \/>\n\t\t<meta property=\"og:image:secure_url\" content=\"https:\/\/soymigrante.com\/revista\/wp-content\/uploads\/2023\/06\/Captura-de-pantalla-2023-06-21-143338.webp\" \/>\n\t\t<meta property=\"og:image:width\" content=\"1427\" \/>\n\t\t<meta property=\"og:image:height\" content=\"662\" \/>\n\t\t<meta property=\"article:published_time\" content=\"2023-06-22T20:28:51+00:00\" \/>\n\t\t<meta property=\"article:modified_time\" content=\"2025-09-15T23:22:23+00:00\" \/>\n\t\t<meta property=\"article:publisher\" content=\"https:\/\/www.facebook.com\/soymigrantecom\" \/>\n\t\t<meta name=\"twitter:card\" content=\"summary_large_image\" \/>\n\t\t<meta name=\"twitter:site\" content=\"@SoyMigrante_com\" \/>\n\t\t<meta name=\"twitter:title\" content=\"Tikal: 7 datos que ya sab\u00edas (o quiz\u00e1 no) sobre el Templo I o Gran Jaguar\" \/>\n\t\t<meta name=\"twitter:description\" content=\"\u00cdcono mundial, Patrimonio Cultural de la Humanidad de la Humanidad desde 1979, Tikal a\u00fan refleja la magnificencia maya prehisp\u00e1nica e inspira recuerdos en muchos migrantes guatemaltecos. El Templo I de Tikal, m\u00e1s conocido como El Gran Jaguar, es uno de los \u00edconos mundiales de Guatemala y de la legendaria ciudad maya, enclavada en el centro\" \/>\n\t\t<meta name=\"twitter:creator\" content=\"@SoyMigrante_com\" \/>\n\t\t<meta name=\"twitter:image\" content=\"https:\/\/soymigrante.com\/revista\/wp-content\/uploads\/2023\/06\/Captura-de-pantalla-2023-06-21-143338.webp\" \/>\n\t\t<!-- All in One SEO Pro -->\r\n\t\t<title>Tikal: 7 datos que ya sab\u00edas (o quiz\u00e1 no) sobre el Templo I o Gran Jaguar<\/title>\n\n","aioseo_head_json":{"title":"Tikal: 7 datos que ya sab\u00edas (o quiz\u00e1 no) sobre el Templo I o Gran Jaguar","description":"\u00cdcono mundial, Patrimonio Cultural de la Humanidad de la Humanidad desde 1979, Tikal a\u00fan refleja la magnificencia maya prehisp\u00e1nica e inspira recuerdos en muchos migrantes guatemaltecos. El Templo I de Tikal, m\u00e1s conocido como El Gran Jaguar, es uno de los \u00edconos mundiales de Guatemala y de la legendaria ciudad maya, enclavada en el centro","canonical_url":"https:\/\/soymigrante.com\/revista\/7-datos-que-ya-sabias-o-quiza-no-sobre-el-gran-jaguar-y-tikal\/","robots":"max-snippet:-1, max-image-preview:large, max-video-preview:-1","keywords":"","webmasterTools":{"miscellaneous":"&lt;link rel=\"preconnect\" href=\"https:\/\/fonts.googleapis.com\" crossorigin&gt;\n&lt;link rel=\"preconnect\" href=\"https:\/\/fonts.gstatic.com\" crossorigin&gt;"},"schema":null,"og:locale":"es_ES","og:site_name":"SoyMigrante.com REVISTA \u2013 Nuestra misi\u00f3n es reconocer y dignificar al migrante.","og:type":"article","og:title":"Tikal: 7 datos que ya sab\u00edas (o quiz\u00e1 no) sobre el Templo I o Gran Jaguar","og:description":"\u00cdcono mundial, Patrimonio Cultural de la Humanidad de la Humanidad desde 1979, Tikal a\u00fan refleja la magnificencia maya prehisp\u00e1nica e inspira recuerdos en muchos migrantes guatemaltecos. El Templo I de Tikal, m\u00e1s conocido como El Gran Jaguar, es uno de los \u00edconos mundiales de Guatemala y de la legendaria ciudad maya, enclavada en el centro","og:url":"https:\/\/soymigrante.com\/revista\/7-datos-que-ya-sabias-o-quiza-no-sobre-el-gran-jaguar-y-tikal\/","og:image":"https:\/\/soymigrante.com\/revista\/wp-content\/uploads\/2023\/06\/Captura-de-pantalla-2023-06-21-143338.webp","og:image:secure_url":"https:\/\/soymigrante.com\/revista\/wp-content\/uploads\/2023\/06\/Captura-de-pantalla-2023-06-21-143338.webp","og:image:width":1427,"og:image:height":662,"article:published_time":"2023-06-22T20:28:51+00:00","article:modified_time":"2025-09-15T23:22:23+00:00","article:publisher":"https:\/\/www.facebook.com\/soymigrantecom","twitter:card":"summary_large_image","twitter:site":"@SoyMigrante_com","twitter:title":"Tikal: 7 datos que ya sab\u00edas (o quiz\u00e1 no) sobre el Templo I o Gran Jaguar","twitter:description":"\u00cdcono mundial, Patrimonio Cultural de la Humanidad de la Humanidad desde 1979, Tikal a\u00fan refleja la magnificencia maya prehisp\u00e1nica e inspira recuerdos en muchos migrantes guatemaltecos. El Templo I de Tikal, m\u00e1s conocido como El Gran Jaguar, es uno de los \u00edconos mundiales de Guatemala y de la legendaria ciudad maya, enclavada en el centro","twitter:creator":"@SoyMigrante_com","twitter:image":"https:\/\/soymigrante.com\/revista\/wp-content\/uploads\/2023\/06\/Captura-de-pantalla-2023-06-21-143338.webp"},"aioseo_meta_data":{"post_id":"25372","title":null,"description":"Takalik Abaj es un sitio que se encuentra en Retalhuleu y revela los or\u00edgenes de los mayas y su historia.","keywords":null,"keyphrases":{"focus":{"keyphrase":"Takalik Abaj","score":100,"analysis":{"keyphraseInTitle":{"score":9,"maxScore":9,"error":0},"keyphraseInDescription":{"score":9,"maxScore":9,"error":0},"keyphraseLength":{"score":9,"maxScore":9,"error":0,"length":2},"keyphraseInURL":{"score":5,"maxScore":5,"error":0}}},"additional":[{"keyphrase":"Takalik Abaj","score":100,"analysis":{"keyphraseInDescription":{"score":9,"maxScore":9,"error":0},"keyphraseLength":{"score":9,"maxScore":9,"error":0,"length":2}}},{"keyphrase":"mayas","score":100,"analysis":{"keyphraseInDescription":{"score":9,"maxScore":9,"error":0},"keyphraseLength":{"score":9,"maxScore":9,"error":0,"length":1}}}]},"primary_term":null,"canonical_url":null,"og_title":null,"og_description":null,"og_object_type":"default","og_image_type":"default","og_image_url":null,"og_image_width":null,"og_image_height":null,"og_image_custom_url":null,"og_image_custom_fields":null,"og_video":"","og_custom_url":null,"og_article_section":null,"og_article_tags":null,"twitter_use_og":false,"twitter_card":"default","twitter_image_type":"default","twitter_image_url":null,"twitter_image_custom_url":null,"twitter_image_custom_fields":null,"twitter_title":null,"twitter_description":null,"schema":{"blockGraphs":[],"customGraphs":[],"default":{"data":{"Article":[],"Course":[],"Dataset":[],"FAQPage":[],"Movie":[],"Person":[],"Product":[],"ProductReview":[],"Car":[],"Recipe":[],"Service":[],"SoftwareApplication":[],"WebPage":[]},"graphName":"BlogPosting","isEnabled":true},"graphs":[]},"schema_type":"default","schema_type_options":null,"pillar_content":false,"robots_default":true,"robots_noindex":false,"robots_noarchive":false,"robots_nosnippet":false,"robots_nofollow":false,"robots_noimageindex":false,"robots_noodp":false,"robots_notranslate":false,"robots_max_snippet":"-1","robots_max_videopreview":"-1","robots_max_imagepreview":"large","priority":null,"frequency":"default","local_seo":null,"seo_analyzer_scan_date":"2025-10-09 02:45:40","breadcrumb_settings":null,"limit_modified_date":false,"reviewed_by":null,"open_ai":"{\"title\":{\"suggestions\":[],\"usage\":0},\"description\":{\"suggestions\":[],\"usage\":0}}","ai":null,"created":"2025-02-13 20:47:26","updated":"2026-02-04 21:40:13"},"aioseo_breadcrumb":"<div class=\"aioseo-breadcrumbs\"><span class=\"aioseo-breadcrumb\">\n\t<a href=\"https:\/\/soymigrante.com\/revista\" title=\"Home\">Home<\/a>\n<\/span><span class=\"aioseo-breadcrumb-separator\">\u00bb<\/span><span class=\"aioseo-breadcrumb\">\n\t<a href=\"https:\/\/soymigrante.com\/revista\/category\/guate-nuestra\/\" title=\"Guate Nuestra\">Guate Nuestra<\/a>\n<\/span><span class=\"aioseo-breadcrumb-separator\">\u00bb<\/span><span class=\"aioseo-breadcrumb\">\n\tTakalik Abaj es un tesoro de la humanidad en El Asintal, Retalhuleu\n<\/span><\/div>","aioseo_breadcrumb_json":[{"label":"Home","link":"https:\/\/soymigrante.com\/revista"},{"label":"Guate Nuestra","link":"https:\/\/soymigrante.com\/revista\/category\/guate-nuestra\/"},{"label":"Takalik Abaj es un tesoro de la humanidad en El Asintal, Retalhuleu","link":"https:\/\/soymigrante.com\/revista\/takalik-abaj-es-un-tesoro-de-la-humanidad-en-el-asintal-retalhuleu\/"}],"_links":{"self":[{"href":"https:\/\/soymigrante.com\/revista\/wp-json\/wp\/v2\/posts\/25372","targetHints":{"allow":["GET"]}}],"collection":[{"href":"https:\/\/soymigrante.com\/revista\/wp-json\/wp\/v2\/posts"}],"about":[{"href":"https:\/\/soymigrante.com\/revista\/wp-json\/wp\/v2\/types\/post"}],"author":[{"embeddable":true,"href":"https:\/\/soymigrante.com\/revista\/wp-json\/wp\/v2\/users\/19"}],"replies":[{"embeddable":true,"href":"https:\/\/soymigrante.com\/revista\/wp-json\/wp\/v2\/comments?post=25372"}],"version-history":[{"count":0,"href":"https:\/\/soymigrante.com\/revista\/wp-json\/wp\/v2\/posts\/25372\/revisions"}],"wp:featuredmedia":[{"embeddable":true,"href":"https:\/\/soymigrante.com\/revista\/wp-json\/wp\/v2\/media\/25373"}],"wp:attachment":[{"href":"https:\/\/soymigrante.com\/revista\/wp-json\/wp\/v2\/media?parent=25372"}],"wp:term":[{"taxonomy":"category","embeddable":true,"href":"https:\/\/soymigrante.com\/revista\/wp-json\/wp\/v2\/categories?post=25372"},{"taxonomy":"post_tag","embeddable":true,"href":"https:\/\/soymigrante.com\/revista\/wp-json\/wp\/v2\/tags?post=25372"}],"curies":[{"name":"wp","href":"https:\/\/api.w.org\/{rel}","templated":true}]}}