{"id":25361,"date":"2025-02-18T06:00:00","date_gmt":"2025-02-18T12:00:00","guid":{"rendered":"https:\/\/soymigrante.com\/revista\/?p=25361"},"modified":"2025-06-12T08:21:30","modified_gmt":"2025-06-12T14:21:30","slug":"el-volcan-y-laguna-de-ipala-ubicacion-caracteristicas-y-consejos-para-su-ascenso","status":"publish","type":"post","link":"https:\/\/soymigrante.com\/revista\/el-volcan-y-laguna-de-ipala-ubicacion-caracteristicas-y-consejos-para-su-ascenso\/","title":{"rendered":"Ipala: la laguna dentro de un volc\u00e1n con el mismo nombre en Chiquimula"},"content":{"rendered":"\t\t<div data-elementor-type=\"wp-post\" data-elementor-id=\"25361\" class=\"elementor elementor-25361\" data-elementor-post-type=\"post\">\n\t\t\t\t<div data-particle_enable=\"false\" data-particle-mobile-disabled=\"false\" class=\"elementor-element elementor-element-aeab9f9 e-flex e-con-boxed e-con e-parent\" data-id=\"aeab9f9\" data-element_type=\"container\" data-e-type=\"container\">\n\t\t\t\t\t<div class=\"e-con-inner\">\n\t\t\t\t<div class=\"elementor-element elementor-element-09e152b elementor-widget elementor-widget-heading\" data-id=\"09e152b\" data-element_type=\"widget\" data-e-type=\"widget\" data-widget_type=\"heading.default\">\n\t\t\t\t\t<h2 class=\"elementor-heading-title elementor-size-default\">Con una altitud de 1,650 metros sobre el nivel del mar, el volc\u00e1n de Ipala es un destino accesible para excursionistas, brindando rutas de ascenso bien definidas y vistas panor\u00e1micas inigualables de la regi\u00f3n.<\/h2>\t\t\t\t<\/div>\n\t\t\t\t\t<\/div>\n\t\t\t\t<\/div>\n\t\t<div data-particle_enable=\"false\" data-particle-mobile-disabled=\"false\" class=\"elementor-element elementor-element-1d90230 e-flex e-con-boxed e-con e-parent\" data-id=\"1d90230\" data-element_type=\"container\" data-e-type=\"container\">\n\t\t\t\t\t<div class=\"e-con-inner\">\n\t\t\t\t<div class=\"elementor-element elementor-element-5633d1b elementor-widget elementor-widget-text-editor\" data-id=\"5633d1b\" data-element_type=\"widget\" data-e-type=\"widget\" data-widget_type=\"text-editor.default\">\n\t\t\t\t\t\t\t\t\t<p>El volc\u00e1n de Ipala, situado entre los departamentos de Chiquimula y Jutiapa en Guatemala, se destaca por su impresionante cr\u00e1ter que alberga una laguna en su interior, ofreciendo a los visitantes una experiencia natural \u00fanica.<\/p><p>El volc\u00e1n de Ipala se encuentra en el sureste de Guatemala, en el l\u00edmite entre los departamentos de Chiquimula y Jutiapa. Espec\u00edficamente, est\u00e1 ubicado cerca del municipio de Ipala, a unos 30 minutos en microb\u00fas desde la ciudad de Chiquimula en direcci\u00f3n sur hacia Jutiapa. La regi\u00f3n circundante al volc\u00e1n est\u00e1 caracterizada por formaciones de roca volc\u00e1nica y una vegetaci\u00f3n diversa.<\/p>\t\t\t\t\t\t\t\t<\/div>\n\t\t\t\t\t<\/div>\n\t\t\t\t<\/div>\n\t\t<div data-particle_enable=\"false\" data-particle-mobile-disabled=\"false\" class=\"elementor-element elementor-element-8f12af9 e-flex e-con-boxed e-con e-parent\" data-id=\"8f12af9\" data-element_type=\"container\" data-e-type=\"container\">\n\t\t\t\t\t<div class=\"e-con-inner\">\n\t\t\t\t<div class=\"elementor-element elementor-element-3d24875 elementor-widget elementor-widget-image\" data-id=\"3d24875\" data-element_type=\"widget\" data-e-type=\"widget\" data-widget_type=\"image.default\">\n\t\t\t\t\t\t\t\t\t\t\t\t<figure class=\"wp-caption\">\n\t\t\t\t\t\t\t\t\t\t<img fetchpriority=\"high\" decoding=\"async\" width=\"720\" height=\"899\" src=\"https:\/\/soymigrante.com\/revista\/wp-content\/uploads\/2025\/02\/volcan-de-ipala-cultur-ahistorica-guatemala-ca.webp\" class=\"attachment-large size-large wp-image-25396\" alt=\"Espejo de agua en medio de monta\u00f1as verdes, vista a\u00e9rea de un volc\u00e1n con lago de cr\u00e1ter en un entorno natural espectacular.\" srcset=\"https:\/\/soymigrante.com\/revista\/wp-content\/uploads\/2025\/02\/volcan-de-ipala-cultur-ahistorica-guatemala-ca.webp 720w, https:\/\/soymigrante.com\/revista\/wp-content\/uploads\/2025\/02\/volcan-de-ipala-cultur-ahistorica-guatemala-ca-240x300.jpg 240w\" sizes=\"(max-width: 720px) 100vw, 720px\" title=\"volcan de ipala cultur ahistorica guatemala ca \u2013 SoyMigrante.com REVISTA\" \/>\t\t\t\t\t\t\t\t\t\t\t<figcaption class=\"widget-image-caption wp-caption-text\">Lago en volc\u00e1n y paisaje natural en el cr\u00e1ter del volc\u00e1n, belleza natural, turismo en M\u00e9xico, reserva ecol\u00f3gica, volc\u00e1n con lago en cr\u00e1ter.<\/figcaption>\n\t\t\t\t\t\t\t\t\t\t<\/figure>\n\t\t\t\t\t\t\t\t\t<\/div>\n\t\t\t\t\t<\/div>\n\t\t\t\t<\/div>\n\t\t<div data-particle_enable=\"false\" data-particle-mobile-disabled=\"false\" class=\"elementor-element elementor-element-c1c1b82 e-flex e-con-boxed e-con e-parent\" data-id=\"c1c1b82\" data-element_type=\"container\" data-e-type=\"container\">\n\t\t\t\t\t<div class=\"e-con-inner\">\n\t\t\t\t<div class=\"elementor-element elementor-element-cb7592a elementor-widget elementor-widget-heading\" data-id=\"cb7592a\" data-element_type=\"widget\" data-e-type=\"widget\" data-widget_type=\"heading.default\">\n\t\t\t\t\t<h3 class=\"elementor-heading-title elementor-size-default\">\u00bfSabes c\u00f3mo se form\u00f3 la laguna en el volc\u00e1n de Ipala?\n<\/h3>\t\t\t\t<\/div>\n\t\t\t\t\t<\/div>\n\t\t\t\t<\/div>\n\t\t<div data-particle_enable=\"false\" data-particle-mobile-disabled=\"false\" class=\"elementor-element elementor-element-402eddf e-flex e-con-boxed e-con e-parent\" data-id=\"402eddf\" data-element_type=\"container\" data-e-type=\"container\">\n\t\t\t\t\t<div class=\"e-con-inner\">\n\t\t\t\t<div class=\"elementor-element elementor-element-dc005dd elementor-widget elementor-widget-text-editor\" data-id=\"dc005dd\" data-element_type=\"widget\" data-e-type=\"widget\" data-widget_type=\"text-editor.default\">\n\t\t\t\t\t\t\t\t\t<p>Este estratovolc\u00e1n forma parte de un conjunto de peque\u00f1os volcanes y conos de ceniza en el sureste de Guatemala. Su cr\u00e1ter alberga una laguna conocida como la Laguna de Ipala, que se ha convertido en un atractivo tur\u00edstico destacado en la regi\u00f3n.<\/p><p>El volc\u00e1n de Ipala es un estratovolc\u00e1n que se eleva a 1,650 metros sobre el nivel del mar. Su caracter\u00edstica m\u00e1s distintiva es su cr\u00e1ter de aproximadamente 1,000 metros de di\u00e1metro, en cuyo interior se encuentra la Laguna de Ipala, situada unos 150 metros por debajo del borde del cr\u00e1ter.<\/p><p>La formaci\u00f3n de la laguna se debe al colapso del domo del volc\u00e1n hace miles de a\u00f1os, lo que provoc\u00f3 una explosi\u00f3n pirocl\u00e1stica y dej\u00f3 un amplio cr\u00e1ter que, con el tiempo, se llen\u00f3 de agua. La laguna\u00a0<a href=\"https:\/\/soymigrante.com\/revista\/san-lucas-toliman-refugio-de-aves-frente-al-lago-de-atitlan-y-al-pie-de-un-majestuoso-volcan\/\" target=\"_blank\" rel=\"noopener\">est\u00e1 rodeada de bosques verdes y es h\u00e1bitat de una gran cantidad de aves,<\/a>\u00a0lo que a\u00f1ade un valor ecol\u00f3gico significativo al \u00e1rea.<\/p>\t\t\t\t\t\t\t\t<\/div>\n\t\t\t\t\t<\/div>\n\t\t\t\t<\/div>\n\t\t<div data-particle_enable=\"false\" data-particle-mobile-disabled=\"false\" class=\"elementor-element elementor-element-e04c0ef e-flex e-con-boxed e-con e-parent\" data-id=\"e04c0ef\" data-element_type=\"container\" data-e-type=\"container\">\n\t\t\t\t\t<div class=\"e-con-inner\">\n\t\t\t\t<div class=\"elementor-element elementor-element-9ebbe95 elementor-widget elementor-widget-video\" data-id=\"9ebbe95\" data-element_type=\"widget\" data-e-type=\"widget\" data-settings=\"{&quot;youtube_url&quot;:&quot;https:\\\/\\\/www.youtube.com\\\/watch?v=j66aBjG-pI0&quot;,&quot;video_type&quot;:&quot;youtube&quot;,&quot;controls&quot;:&quot;yes&quot;}\" data-widget_type=\"video.default\">\n\t\t\t\t\t\t\t<div class=\"elementor-wrapper elementor-open-inline\">\n\t\t\t<div class=\"elementor-video\"><\/div>\t\t<\/div>\n\t\t\t\t\t\t<\/div>\n\t\t\t\t\t<\/div>\n\t\t\t\t<\/div>\n\t\t<div data-particle_enable=\"false\" data-particle-mobile-disabled=\"false\" class=\"elementor-element elementor-element-fdf78cc e-flex e-con-boxed e-con e-parent\" data-id=\"fdf78cc\" data-element_type=\"container\" data-e-type=\"container\">\n\t\t\t\t\t<div class=\"e-con-inner\">\n\t\t\t\t<div class=\"elementor-element elementor-element-8844043 elementor-widget elementor-widget-heading\" data-id=\"8844043\" data-element_type=\"widget\" data-e-type=\"widget\" data-widget_type=\"heading.default\">\n\t\t\t\t\t<h3 class=\"elementor-heading-title elementor-size-default\">\u00bfCu\u00e1les son los registros de explosiones del volc\u00e1n de Ipala?\n<\/h3>\t\t\t\t<\/div>\n\t\t\t\t\t<\/div>\n\t\t\t\t<\/div>\n\t\t<div data-particle_enable=\"false\" data-particle-mobile-disabled=\"false\" class=\"elementor-element elementor-element-f305705 e-flex e-con-boxed e-con e-parent\" data-id=\"f305705\" data-element_type=\"container\" data-e-type=\"container\">\n\t\t\t\t\t<div class=\"e-con-inner\">\n\t\t\t\t<div class=\"elementor-element elementor-element-c2778c7 elementor-widget elementor-widget-text-editor\" data-id=\"c2778c7\" data-element_type=\"widget\" data-e-type=\"widget\" data-widget_type=\"text-editor.default\">\n\t\t\t\t\t\t\t\t\t<p>No existen registros hist\u00f3ricos detallados de erupciones recientes del Volc\u00e1n de Ipala. Se estima que su \u00faltima actividad eruptiva significativa ocurri\u00f3 hace miles de a\u00f1os, cuando el colapso del domo volc\u00e1nico provoc\u00f3 una explosi\u00f3n pirocl\u00e1stica que result\u00f3 en la formaci\u00f3n del cr\u00e1ter actual y la posterior creaci\u00f3n de la laguna.<\/p><p>Desde entonces, el volc\u00e1n ha permanecido inactivo, sin evidencia de actividad volc\u00e1nica reciente. Su estado actual es considerado inactivo,\u00a0<a href=\"https:\/\/soymigrante.com\/revista\/cronica-de-un-ascenso-al-volcan-tajumulco-el-mas-alto-de-guatemala-y-centro-america\/\" target=\"_blank\" rel=\"noopener\">lo que lo convierte en un destino seguro para visitantes\u00a0<\/a>y excursionistas que desean explorar su cr\u00e1ter y la laguna en su interior.<\/p>\t\t\t\t\t\t\t\t<\/div>\n\t\t\t\t\t<\/div>\n\t\t\t\t<\/div>\n\t\t<div data-particle_enable=\"false\" data-particle-mobile-disabled=\"false\" class=\"elementor-element elementor-element-046f3b4 e-flex e-con-boxed e-con e-parent\" data-id=\"046f3b4\" data-element_type=\"container\" data-e-type=\"container\">\n\t\t\t\t\t<div class=\"e-con-inner\">\n\t\t\t\t<div class=\"elementor-element elementor-element-366fa9d elementor-widget elementor-widget-image\" data-id=\"366fa9d\" data-element_type=\"widget\" data-e-type=\"widget\" data-widget_type=\"image.default\">\n\t\t\t\t\t\t\t\t\t\t\t\t<figure class=\"wp-caption\">\n\t\t\t\t\t\t\t\t\t\t<img decoding=\"async\" width=\"768\" height=\"575\" src=\"https:\/\/soymigrante.com\/revista\/wp-content\/uploads\/2025\/02\/volcan-de-ipala.webp\" class=\"attachment-large size-large wp-image-25410\" alt=\"Arenal de Ipala en Guatemala visto desde el aire, rodeado de aldeas rurales y cuerpos de agua, destacando su importancia para la comunidad ind\u00edgena y la cultura local.\" srcset=\"https:\/\/soymigrante.com\/revista\/wp-content\/uploads\/2025\/02\/volcan-de-ipala.webp 926w, https:\/\/soymigrante.com\/revista\/wp-content\/uploads\/2025\/02\/volcan-de-ipala-300x225.jpg 300w, https:\/\/soymigrante.com\/revista\/wp-content\/uploads\/2025\/02\/volcan-de-ipala-768x575.jpg 768w, https:\/\/soymigrante.com\/revista\/wp-content\/uploads\/2025\/02\/volcan-de-ipala-750x561.webp 750w\" sizes=\"(max-width: 768px) 100vw, 768px\" title=\"volcan de ipala \u2013 SoyMigrante.com REVISTA\" \/>\t\t\t\t\t\t\t\t\t\t\t<figcaption class=\"widget-image-caption wp-caption-text\">Arenal de Ipala visto desde el aire en Guatemala, rodeado de aldeas y cuerpos de agua, refleja la vida rural y la cultura ind\u00edgena, siendo un punto de inter\u00e9s en la regi\u00f3n.<\/figcaption>\n\t\t\t\t\t\t\t\t\t\t<\/figure>\n\t\t\t\t\t\t\t\t\t<\/div>\n\t\t\t\t\t<\/div>\n\t\t\t\t<\/div>\n\t\t<div data-particle_enable=\"false\" data-particle-mobile-disabled=\"false\" class=\"elementor-element elementor-element-b8797ae e-flex e-con-boxed e-con e-parent\" data-id=\"b8797ae\" data-element_type=\"container\" data-e-type=\"container\">\n\t\t\t\t\t<div class=\"e-con-inner\">\n\t\t\t\t<div class=\"elementor-element elementor-element-e8b9616 elementor-widget elementor-widget-heading\" data-id=\"e8b9616\" data-element_type=\"widget\" data-e-type=\"widget\" data-widget_type=\"heading.default\">\n\t\t\t\t\t<h3 class=\"elementor-heading-title elementor-size-default\">\u00bfCu\u00e1les son los accesos del volc\u00e1n de Ipala?<\/h3>\t\t\t\t<\/div>\n\t\t\t\t\t<\/div>\n\t\t\t\t<\/div>\n\t\t<div data-particle_enable=\"false\" data-particle-mobile-disabled=\"false\" class=\"elementor-element elementor-element-df0665a e-flex e-con-boxed e-con e-parent\" data-id=\"df0665a\" data-element_type=\"container\" data-e-type=\"container\">\n\t\t\t\t\t<div class=\"e-con-inner\">\n\t\t\t\t<div class=\"elementor-element elementor-element-0dd430d elementor-widget elementor-widget-text-editor\" data-id=\"0dd430d\" data-element_type=\"widget\" data-e-type=\"widget\" data-widget_type=\"text-editor.default\">\n\t\t\t\t\t\t\t\t\t<p>Existen dos rutas principales para ascender al Volc\u00e1n de Ipala. La primera inicia en la poblaci\u00f3n de Agua Blanca, desde donde se recorren aproximadamente nueve kil\u00f3metros hasta la cumbre, pasando por varias aldeas en el trayecto. La segunda ruta tambi\u00e9n parte de Agua Blanca y atraviesa el Cerro Zacar\u00edas; aunque es m\u00e1s pintoresca, es m\u00e1s complicada y requiere recorrer en veh\u00edculo siete kil\u00f3metros adicionales antes de comenzar el ascenso de seis kil\u00f3metros a pie.<\/p><p>Ambas rutas ofrecen vistas panor\u00e1micas y la oportunidad de\u00a0<a href=\"https:\/\/soymigrante.com\/revista\/vuelan-cantan-y-son-libres-las-fotografias-del-guatemalteco-ottoniel-cojulun-vuelan\/\" target=\"_blank\" rel=\"noopener\">apreciar la biodiversidad de la regi\u00f3n.<\/a>\u00a0Es recomendable planificar el ascenso con anticipaci\u00f3n y considerar las condiciones clim\u00e1ticas para garantizar una experiencia segura y agradable.<\/p>\t\t\t\t\t\t\t\t<\/div>\n\t\t\t\t\t<\/div>\n\t\t\t\t<\/div>\n\t\t<div data-particle_enable=\"false\" data-particle-mobile-disabled=\"false\" class=\"elementor-element elementor-element-47df97b e-flex e-con-boxed e-con e-parent\" data-id=\"47df97b\" data-element_type=\"container\" data-e-type=\"container\">\n\t\t\t\t\t<div class=\"e-con-inner\">\n\t\t\t\t<div class=\"elementor-element elementor-element-9fcd9a9 elementor-widget elementor-widget-image\" data-id=\"9fcd9a9\" data-element_type=\"widget\" data-e-type=\"widget\" data-widget_type=\"image.default\">\n\t\t\t\t\t\t\t\t\t\t\t\t<figure class=\"wp-caption\">\n\t\t\t\t\t\t\t\t\t\t<img decoding=\"async\" width=\"768\" height=\"576\" src=\"https:\/\/soymigrante.com\/revista\/wp-content\/uploads\/2025\/02\/Tv-Producciones-Florian.webp\" class=\"attachment-large size-large wp-image-25414\" alt=\"Laguna en medio de un bosque verde con paisaje natural y cielo azul en un entorno ecol\u00f3gico y de conservaci\u00f3n.\" srcset=\"https:\/\/soymigrante.com\/revista\/wp-content\/uploads\/2025\/02\/Tv-Producciones-Florian.webp 960w, https:\/\/soymigrante.com\/revista\/wp-content\/uploads\/2025\/02\/Tv-Producciones-Florian-300x225.jpg 300w, https:\/\/soymigrante.com\/revista\/wp-content\/uploads\/2025\/02\/Tv-Producciones-Florian-768x576.jpg 768w, https:\/\/soymigrante.com\/revista\/wp-content\/uploads\/2025\/02\/Tv-Producciones-Florian-750x563.webp 750w\" sizes=\"(max-width: 768px) 100vw, 768px\" title=\"Tv Producciones Flori\u00e1n \u2013 SoyMigrante.com REVISTA\" \/>\t\t\t\t\t\t\t\t\t\t\t<figcaption class=\"widget-image-caption wp-caption-text\">Paisaje en la naturaleza con lago y vegetaci\u00f3n exuberante, ideal para promover turismo sostenible y la importancia del medio ambiente en la revista SoyMigrante.com.<\/figcaption>\n\t\t\t\t\t\t\t\t\t\t<\/figure>\n\t\t\t\t\t\t\t\t\t<\/div>\n\t\t\t\t\t<\/div>\n\t\t\t\t<\/div>\n\t\t<div data-particle_enable=\"false\" data-particle-mobile-disabled=\"false\" class=\"elementor-element elementor-element-d4767ac e-flex e-con-boxed e-con e-parent\" data-id=\"d4767ac\" data-element_type=\"container\" data-e-type=\"container\">\n\t\t\t\t\t<div class=\"e-con-inner\">\n\t\t\t\t<div class=\"elementor-element elementor-element-7b87c7d elementor-widget elementor-widget-heading\" data-id=\"7b87c7d\" data-element_type=\"widget\" data-e-type=\"widget\" data-widget_type=\"heading.default\">\n\t\t\t\t\t<h3 class=\"elementor-heading-title elementor-size-default\">\u00bfCu\u00e1les son las dificultades para subir el volc\u00e1n de Ipala?\n<\/h3>\t\t\t\t<\/div>\n\t\t\t\t\t<\/div>\n\t\t\t\t<\/div>\n\t\t<div data-particle_enable=\"false\" data-particle-mobile-disabled=\"false\" class=\"elementor-element elementor-element-551172d e-flex e-con-boxed e-con e-parent\" data-id=\"551172d\" data-element_type=\"container\" data-e-type=\"container\">\n\t\t\t\t\t<div class=\"e-con-inner\">\n\t\t\t\t<div class=\"elementor-element elementor-element-48f8deb elementor-widget elementor-widget-text-editor\" data-id=\"48f8deb\" data-element_type=\"widget\" data-e-type=\"widget\" data-widget_type=\"text-editor.default\">\n\t\t\t\t\t\t\t\t\t<p>El ascenso al Volc\u00e1n de Ipala es considerado de dificultad moderada. Aunque la caminata puede completarse en aproximadamente una hora y media a un ritmo pausado, factores como el clima caluroso y\u00a0<a style=\"text-align: var(--text-align)\" href=\"https:\/\/soymigrante.com\/revista\/pensando-en-escalar-algun-volcan-de-guatemala-consejos-para-una-buena-experiencia\/\" target=\"_blank\" rel=\"noopener\">la condici\u00f3n f\u00edsica del excursionista pueden influir en la experiencia.\u00a0<\/a><\/p><p>Algunos visitantes optan por alquilar caballos para facilitar la subida, especialmente cuando las temperaturas son elevadas.<\/p><p>Es importante estar preparado para las condiciones clim\u00e1ticas variables y llevar suficiente agua, protecci\u00f3n solar y equipo adecuado para la caminata. Adem\u00e1s, se recomienda iniciar el ascenso temprano en la ma\u00f1ana para evitar las horas de mayor calor y disfrutar de una experiencia m\u00e1s c\u00f3moda.<\/p>\t\t\t\t\t\t\t\t<\/div>\n\t\t\t\t\t<\/div>\n\t\t\t\t<\/div>\n\t\t<div data-particle_enable=\"false\" data-particle-mobile-disabled=\"false\" class=\"elementor-element elementor-element-07117dd e-flex e-con-boxed e-con e-parent\" data-id=\"07117dd\" data-element_type=\"container\" data-e-type=\"container\">\n\t\t\t\t\t<div class=\"e-con-inner\">\n\t\t\t\t<div class=\"elementor-element elementor-element-225efca elementor-align-center elementor-widget elementor-widget-button\" data-id=\"225efca\" data-element_type=\"widget\" data-e-type=\"widget\" data-widget_type=\"button.default\">\n\t\t\t\t\t\t\t\t\t\t<a class=\"elementor-button elementor-button-link elementor-size-sm\" href=\"https:\/\/soymigrante.com\/revista\/pensando-en-escalar-algun-volcan-de-guatemala-consejos-para-una-buena-experiencia\/\">\n\t\t\t\t\t\t<span class=\"elementor-button-content-wrapper\">\n\t\t\t\t\t\t\t\t\t<span class=\"elementor-button-text\">\u00bfQuieres escalar volcanes y no sabes por d\u00f3nde comenzar?: LEE ESTO (HAZ CLIC)<\/span>\n\t\t\t\t\t<\/span>\n\t\t\t\t\t<\/a>\n\t\t\t\t\t\t\t\t<\/div>\n\t\t\t\t\t<\/div>\n\t\t\t\t<\/div>\n\t\t<div data-particle_enable=\"false\" data-particle-mobile-disabled=\"false\" class=\"elementor-element elementor-element-0995201 e-flex e-con-boxed e-con e-parent\" data-id=\"0995201\" data-element_type=\"container\" data-e-type=\"container\">\n\t\t\t\t\t<div class=\"e-con-inner\">\n\t\t\t\t<div class=\"elementor-element elementor-element-6186b99 elementor-widget elementor-widget-image\" data-id=\"6186b99\" data-element_type=\"widget\" data-e-type=\"widget\" data-widget_type=\"image.default\">\n\t\t\t\t\t\t\t\t\t\t\t\t<figure class=\"wp-caption\">\n\t\t\t\t\t\t\t\t\t\t<img loading=\"lazy\" decoding=\"async\" width=\"768\" height=\"404\" src=\"https:\/\/soymigrante.com\/revista\/wp-content\/uploads\/2025\/02\/volcan-de-ipala2-1024x538.jpg\" class=\"attachment-large size-large wp-image-25419\" alt=\"Caminantes migrantes en una ruta dif\u00edcil y agreste por terrenos rocosos, representando la traves\u00eda de migrantes en busca de nuevos horizontes.\" srcset=\"https:\/\/soymigrante.com\/revista\/wp-content\/uploads\/2025\/02\/volcan-de-ipala2-1024x538.jpg 1024w, https:\/\/soymigrante.com\/revista\/wp-content\/uploads\/2025\/02\/volcan-de-ipala2-300x158.jpg 300w, https:\/\/soymigrante.com\/revista\/wp-content\/uploads\/2025\/02\/volcan-de-ipala2-768x404.jpg 768w, https:\/\/soymigrante.com\/revista\/wp-content\/uploads\/2025\/02\/volcan-de-ipala2-750x394.webp 750w, https:\/\/soymigrante.com\/revista\/wp-content\/uploads\/2025\/02\/volcan-de-ipala2-1140x599.webp 1140w, https:\/\/soymigrante.com\/revista\/wp-content\/uploads\/2025\/02\/volcan-de-ipala2.webp 1440w\" sizes=\"(max-width: 768px) 100vw, 768px\" title=\"volcan de ipala2 \u2013 SoyMigrante.com REVISTA\" \/>\t\t\t\t\t\t\t\t\t\t\t<figcaption class=\"widget-image-caption wp-caption-text\">Movimiento migrante en ruta dif\u00edcil a trav\u00e9s de cerros y caminos rurales, simbolizando la lucha y esperanza de migrantes y la importancia de la revista SoyMigrante.<\/figcaption>\n\t\t\t\t\t\t\t\t\t\t<\/figure>\n\t\t\t\t\t\t\t\t\t<\/div>\n\t\t\t\t\t<\/div>\n\t\t\t\t<\/div>\n\t\t<div data-particle_enable=\"false\" data-particle-mobile-disabled=\"false\" class=\"elementor-element elementor-element-60f7ead e-flex e-con-boxed e-con e-parent\" data-id=\"60f7ead\" data-element_type=\"container\" data-e-type=\"container\">\n\t\t\t\t\t<div class=\"e-con-inner\">\n\t\t\t\t<div class=\"elementor-element elementor-element-2dabb80 elementor-widget elementor-widget-heading\" data-id=\"2dabb80\" data-element_type=\"widget\" data-e-type=\"widget\" data-widget_type=\"heading.default\">\n\t\t\t\t\t<h3 class=\"elementor-heading-title elementor-size-default\">Historia demogr\u00e1fica del volc\u00e1n de Ipala<\/h3>\t\t\t\t<\/div>\n\t\t\t\t\t<\/div>\n\t\t\t\t<\/div>\n\t\t<div data-particle_enable=\"false\" data-particle-mobile-disabled=\"false\" class=\"elementor-element elementor-element-4386d64 e-flex e-con-boxed e-con e-parent\" data-id=\"4386d64\" data-element_type=\"container\" data-e-type=\"container\">\n\t\t\t\t\t<div class=\"e-con-inner\">\n\t\t\t\t<div class=\"elementor-element elementor-element-a707ae9 elementor-widget elementor-widget-text-editor\" data-id=\"a707ae9\" data-element_type=\"widget\" data-e-type=\"widget\" data-widget_type=\"text-editor.default\">\n\t\t\t\t\t\t\t\t\t<p>El \u00e1rea alrededor del volc\u00e1n de Ipala ha estado habitada por comunidades dedicadas principalmente a la agricultura. El municipio de Ipala, cercano al volc\u00e1n, cuenta con una poblaci\u00f3n que participa en actividades agr\u00edcolas, cultivando ma\u00edz y frijoles tanto para consumo propio como para comercio.<\/p><p>La regi\u00f3n tambi\u00e9n ha desarrollado una infraestructura tur\u00edstica en torno al volc\u00e1n y la laguna, atrayendo a visitantes nacionales e internacionales. Esta afluencia tur\u00edstica ha contribuido al desarrollo econ\u00f3mico local y ha fomentado la conservaci\u00f3n de los recursos naturales en el \u00e1rea.<\/p>\t\t\t\t\t\t\t\t<\/div>\n\t\t\t\t\t<\/div>\n\t\t\t\t<\/div>\n\t\t<div data-particle_enable=\"false\" data-particle-mobile-disabled=\"false\" class=\"elementor-element elementor-element-f09e118 e-flex e-con-boxed e-con e-parent\" data-id=\"f09e118\" data-element_type=\"container\" data-e-type=\"container\">\n\t\t\t\t\t<div class=\"e-con-inner\">\n\t\t\t\t<div class=\"elementor-element elementor-element-929075a elementor-invisible elementor-widget elementor-widget-facebook-embed\" data-id=\"929075a\" data-element_type=\"widget\" data-e-type=\"widget\" data-settings=\"{&quot;_animation&quot;:&quot;zoomInDown&quot;}\" data-widget_type=\"facebook-embed.default\">\n\t\t\t\t\t<div style=\"min-height: 1px\" class=\"elementor-facebook-widget fb-video\" data-href=\"https:\/\/www.facebook.com\/reel\/900864822224245\" data-show-text=\"false\" data-allowfullscreen=\"false\" data-autoplay=\"false\" data-show-captions=\"false\"><\/div>\t\t\t\t<\/div>\n\t\t\t\t\t<\/div>\n\t\t\t\t<\/div>\n\t\t<div data-particle_enable=\"false\" data-particle-mobile-disabled=\"false\" class=\"elementor-element elementor-element-f08ec3f e-flex e-con-boxed e-con e-parent\" data-id=\"f08ec3f\" data-element_type=\"container\" data-e-type=\"container\">\n\t\t\t\t\t<div class=\"e-con-inner\">\n\t\t\t\t<div class=\"elementor-element elementor-element-5ae7e54 elementor-widget elementor-widget-heading\" data-id=\"5ae7e54\" data-element_type=\"widget\" data-e-type=\"widget\" data-widget_type=\"heading.default\">\n\t\t\t\t\t<h3 class=\"elementor-heading-title elementor-size-default\">MItos y leyendas del volc\u00e1n y la laguna de Ipala.<\/h3>\t\t\t\t<\/div>\n\t\t\t\t\t<\/div>\n\t\t\t\t<\/div>\n\t\t<div data-particle_enable=\"false\" data-particle-mobile-disabled=\"false\" class=\"elementor-element elementor-element-789f805 e-flex e-con-boxed e-con e-parent\" data-id=\"789f805\" data-element_type=\"container\" data-e-type=\"container\">\n\t\t\t\t\t<div class=\"e-con-inner\">\n\t\t\t\t<div class=\"elementor-element elementor-element-8a40c19 elementor-widget elementor-widget-text-editor\" data-id=\"8a40c19\" data-element_type=\"widget\" data-e-type=\"widget\" data-widget_type=\"text-editor.default\">\n\t\t\t\t\t\t\t\t\t<p>El volc\u00e1n de Ipala y su laguna han sido fuente de diversas leyendas locales. Una de las m\u00e1s conocidas relata la existencia de una serpiente gigante que habita en la laguna y que emerge en ciertas \u00e9pocas del a\u00f1o.<\/p>\n<p><a href=\"https:\/\/soymigrante.com\/revista\/el-baile-de-la-conquista-tiene-realidades-leyendas-y-muchos-rostros\/\" target=\"_blank\" style=\"text-align: var(--text-align)\">Esta leyenda ha sido transmitida de generaci\u00f3n en generaci\u00f3n<\/a>y forma parte del folclore de la regi\u00f3n. Estas narrativas enriquecen el patrimonio cultural de la zona y a\u00f1aden un elemento m\u00edstico.<\/p>\t\t\t\t\t\t\t\t<\/div>\n\t\t\t\t\t<\/div>\n\t\t\t\t<\/div>\n\t\t<div data-particle_enable=\"false\" data-particle-mobile-disabled=\"false\" class=\"elementor-element elementor-element-2899df3 e-flex e-con-boxed e-con e-parent\" data-id=\"2899df3\" data-element_type=\"container\" data-e-type=\"container\">\n\t\t\t\t\t<div class=\"e-con-inner\">\n\t\t\t\t<div class=\"elementor-element elementor-element-c8b67b2 elementor-widget elementor-widget-heading\" data-id=\"c8b67b2\" data-element_type=\"widget\" data-e-type=\"widget\" data-widget_type=\"heading.default\">\n\t\t\t\t\t<h2 class=\"elementor-heading-title elementor-size-default\">Guatemala, tierra de volcanes<\/h2>\t\t\t\t<\/div>\n\t\t\t\t\t<\/div>\n\t\t\t\t<\/div>\n\t\t<div data-particle_enable=\"false\" data-particle-mobile-disabled=\"false\" class=\"elementor-element elementor-element-545dbc2 e-flex e-con-boxed e-con e-parent\" data-id=\"545dbc2\" data-element_type=\"container\" data-e-type=\"container\">\n\t\t\t\t\t<div class=\"e-con-inner\">\n\t\t\t\t<div class=\"elementor-element elementor-element-cd1a685 elementor-grid-eael-col-3 elementor-grid-tablet-eael-col-2 elementor-grid-mobile-eael-col-1 elementor-widget elementor-widget-eael-post-grid\" data-id=\"cd1a685\" data-element_type=\"widget\" data-e-type=\"widget\" data-settings=\"{&quot;eael_post_grid_columns&quot;:&quot;eael-col-3&quot;,&quot;eael_post_grid_columns_tablet&quot;:&quot;eael-col-2&quot;,&quot;eael_post_grid_columns_mobile&quot;:&quot;eael-col-1&quot;}\" data-widget_type=\"eael-post-grid.default\">\n\t\t\t\t\t<div id=\"eael-post-grid-cd1a685\" class=\"eael-post-grid-container\">\n            <div class=\"eael-post-grid eael-post-appender eael-post-appender-cd1a685 eael-post-grid-style-one\" data-layout-mode=\"masonry\"><article class=\"eael-grid-post  eael-post-grid-column eael-pg-post-24053 category-guate-nuestra tags-volcanes-de-guatemala\" data-id=\"24053\">\n        <div class=\"eael-grid-post-holder\">\n            <div class=\"eael-grid-post-holder-inner\"><div class=\"eael-entry-media\"><div class=\"eael-entry-overlay fade-in\"><i class=\"far fa-hand-pointer\" aria-hidden=\"true\"><\/i><a href=\"https:\/\/soymigrante.com\/revista\/ruta-volcanica-el-imponente-volcan-de-atitlan-historia-desafios-y-consejos-para-su-ascenso\/\"><\/a><\/div><div class=\"eael-entry-thumbnail \">\n                <img loading=\"lazy\" decoding=\"async\" width=\"1024\" height=\"1024\" src=\"https:\/\/soymigrante.com\/revista\/wp-content\/uploads\/2025\/02\/atitla-arco-volcanico-1024x1024.jpg\" class=\"attachment-large size-large wp-image-24120\" alt=\"Paisaje monta\u00f1oso con nubes, volc\u00e1n y lago en el fondo en color intenso y din\u00e1mico, ideal para destacar en contenido sobre naturaleza, viajes y migraci\u00f3n en M\u00e9xico y Latinoam\u00e9rica.\" srcset=\"https:\/\/soymigrante.com\/revista\/wp-content\/uploads\/2025\/02\/atitla-arco-volcanico-1024x1024.jpg 1024w, https:\/\/soymigrante.com\/revista\/wp-content\/uploads\/2025\/02\/atitla-arco-volcanico-300x300.jpg 300w, https:\/\/soymigrante.com\/revista\/wp-content\/uploads\/2025\/02\/atitla-arco-volcanico-150x150.jpg 150w, https:\/\/soymigrante.com\/revista\/wp-content\/uploads\/2025\/02\/atitla-arco-volcanico-768x768.jpg 768w, https:\/\/soymigrante.com\/revista\/wp-content\/uploads\/2025\/02\/atitla-arco-volcanico-75x75.webp 75w, https:\/\/soymigrante.com\/revista\/wp-content\/uploads\/2025\/02\/atitla-arco-volcanico-750x750.webp 750w, https:\/\/soymigrante.com\/revista\/wp-content\/uploads\/2025\/02\/atitla-arco-volcanico-1140x1140.webp 1140w, https:\/\/soymigrante.com\/revista\/wp-content\/uploads\/2025\/02\/atitla-arco-volcanico.webp 1440w\" sizes=\"(max-width: 1024px) 100vw, 1024px\" \/>\n            <\/div>\n        <\/div><div class=\"eael-entry-wrapper\"><header class=\"eael-entry-header\"><h2 class=\"eael-entry-title\"><a class=\"eael-grid-post-link\" href=\"https:\/\/soymigrante.com\/revista\/ruta-volcanica-el-imponente-volcan-de-atitlan-historia-desafios-y-consejos-para-su-ascenso\/\" title=\"El imponente volc\u00e1n de Atitl\u00e1n, historia, desaf\u00edos y consejos para su ascenso\">El imponente volc\u00e1n de Atitl\u00e1n, historia, desaf\u00edos y consejos para su ascenso<\/a><\/h2><\/header><div class=\"eael-entry-content\">\n                        <div class=\"eael-grid-post-excerpt\"><a href=\"https:\/\/soymigrante.com\/revista\/ruta-volcanica-el-imponente-volcan-de-atitlan-historia-desafios-y-consejos-para-su-ascenso\/\" class=\"eael-post-elements-readmore-btn\">CONOCE SU HISTORIA <\/a><\/div>\n                    <\/div><\/div><\/div>\n        <\/div>\n    <\/article><article class=\"eael-grid-post  eael-post-grid-column eael-pg-post-21994 category-guate-nuestra tags-volcanes-de-guatemala\" data-id=\"21994\">\n        <div class=\"eael-grid-post-holder\">\n            <div class=\"eael-grid-post-holder-inner\"><div class=\"eael-entry-media\"><div class=\"eael-entry-overlay fade-in\"><i class=\"far fa-hand-pointer\" aria-hidden=\"true\"><\/i><a href=\"https:\/\/soymigrante.com\/revista\/ruta-volcanica-el-acatenango-historia-rutas-de-ascenso-y-consejos-esenciales\/\"><\/a><\/div><div class=\"eael-entry-thumbnail \">\n                <img loading=\"lazy\" decoding=\"async\" width=\"890\" height=\"890\" src=\"https:\/\/soymigrante.com\/revista\/wp-content\/uploads\/2025\/01\/Acatenango-abel-1.webp\" class=\"attachment-large size-large wp-image-22037\" alt=\"Mexico, volc\u00e1n Popocat\u00e9petl, atardecer en las nubes, imagen espectacular, fotograf\u00eda de paisaje, vista a\u00e9rea, naturaleza, volc\u00e1n activo, cielo colorido, amanecer, paisaje volc\u00e1nico, fen\u00f3menos naturales, turismo en M\u00e9xico, paisaje internacional.\" srcset=\"https:\/\/soymigrante.com\/revista\/wp-content\/uploads\/2025\/01\/Acatenango-abel-1.webp 890w, https:\/\/soymigrante.com\/revista\/wp-content\/uploads\/2025\/01\/Acatenango-abel-1-300x300.jpg 300w, https:\/\/soymigrante.com\/revista\/wp-content\/uploads\/2025\/01\/Acatenango-abel-1-150x150.jpg 150w, https:\/\/soymigrante.com\/revista\/wp-content\/uploads\/2025\/01\/Acatenango-abel-1-768x768.jpg 768w, https:\/\/soymigrante.com\/revista\/wp-content\/uploads\/2025\/01\/Acatenango-abel-1-75x75.webp 75w, https:\/\/soymigrante.com\/revista\/wp-content\/uploads\/2025\/01\/Acatenango-abel-1-750x750.webp 750w\" sizes=\"(max-width: 890px) 100vw, 890px\" \/>\n            <\/div>\n        <\/div><div class=\"eael-entry-wrapper\"><header class=\"eael-entry-header\"><h2 class=\"eael-entry-title\"><a class=\"eael-grid-post-link\" href=\"https:\/\/soymigrante.com\/revista\/ruta-volcanica-el-acatenango-historia-rutas-de-ascenso-y-consejos-esenciales\/\" title=\"Ruta volc\u00e1nica: El Acatenango, historia, rutas de ascenso y consejos esenciales\">Ruta volc\u00e1nica: El Acatenango, historia, rutas de ascenso y consejos esenciales<\/a><\/h2><\/header><div class=\"eael-entry-content\">\n                        <div class=\"eael-grid-post-excerpt\"><a href=\"https:\/\/soymigrante.com\/revista\/ruta-volcanica-el-acatenango-historia-rutas-de-ascenso-y-consejos-esenciales\/\" class=\"eael-post-elements-readmore-btn\">CONOCE SU HISTORIA <\/a><\/div>\n                    <\/div><\/div><\/div>\n        <\/div>\n    <\/article><article class=\"eael-grid-post  eael-post-grid-column eael-pg-post-6257 category-guate-nuestra tags-volcanes-de-guatemala\" data-id=\"6257\">\n        <div class=\"eael-grid-post-holder\">\n            <div class=\"eael-grid-post-holder-inner\"><div class=\"eael-entry-media\"><div class=\"eael-entry-overlay fade-in\"><i class=\"far fa-hand-pointer\" aria-hidden=\"true\"><\/i><a href=\"https:\/\/soymigrante.com\/revista\/laguna-de-chicabal-volcan-quetzaltenango-guatemala\/\"><\/a><\/div><div class=\"eael-entry-thumbnail \">\n                <img loading=\"lazy\" decoding=\"async\" width=\"1024\" height=\"683\" src=\"https:\/\/soymigrante.com\/revista\/wp-content\/uploads\/2024\/05\/283605236_375790244585293_6426920808319298456_n-1024x683.webp\" class=\"attachment-large size-large wp-image-6326\" alt=\"Espejo de agua en medio de la selva en un paisaje natural, mujer con los brazos abiertos disfrutando vista panor\u00e1mica en un destino ecotur\u00edstico, turismo de naturaleza y aventuras en Latinoam\u00e9rica.\" srcset=\"https:\/\/soymigrante.com\/revista\/wp-content\/uploads\/2024\/05\/283605236_375790244585293_6426920808319298456_n-1024x683.webp 1024w, https:\/\/soymigrante.com\/revista\/wp-content\/uploads\/2024\/05\/283605236_375790244585293_6426920808319298456_n-300x200.webp 300w, https:\/\/soymigrante.com\/revista\/wp-content\/uploads\/2024\/05\/283605236_375790244585293_6426920808319298456_n-768x512.webp 768w, https:\/\/soymigrante.com\/revista\/wp-content\/uploads\/2024\/05\/283605236_375790244585293_6426920808319298456_n-1536x1024.webp 1536w, https:\/\/soymigrante.com\/revista\/wp-content\/uploads\/2024\/05\/283605236_375790244585293_6426920808319298456_n-750x500.webp 750w, https:\/\/soymigrante.com\/revista\/wp-content\/uploads\/2024\/05\/283605236_375790244585293_6426920808319298456_n-1140x760.webp 1140w, https:\/\/soymigrante.com\/revista\/wp-content\/uploads\/2024\/05\/283605236_375790244585293_6426920808319298456_n.webp 1920w\" sizes=\"(max-width: 1024px) 100vw, 1024px\" \/>\n            <\/div>\n        <\/div><div class=\"eael-entry-wrapper\"><header class=\"eael-entry-header\"><h2 class=\"eael-entry-title\"><a class=\"eael-grid-post-link\" href=\"https:\/\/soymigrante.com\/revista\/laguna-de-chicabal-volcan-quetzaltenango-guatemala\/\" title=\"Laguna de Chicabal migr\u00f3 al cr\u00e1ter de un volc\u00e1n\">Laguna de Chicabal migr\u00f3 al cr\u00e1ter de un volc\u00e1n<\/a><\/h2><\/header><div class=\"eael-entry-content\">\n                        <div class=\"eael-grid-post-excerpt\"><a href=\"https:\/\/soymigrante.com\/revista\/laguna-de-chicabal-volcan-quetzaltenango-guatemala\/\" class=\"eael-post-elements-readmore-btn\">CONOCE SU HISTORIA <\/a><\/div>\n                    <\/div><\/div><\/div>\n        <\/div>\n    <\/article><\/div>\n            <div class=\"clearfix\"><\/div>\n        <\/div>\t\t\t\t<\/div>\n\t\t\t\t\t<\/div>\n\t\t\t\t<\/div>\n\t\t\t\t<\/div>\n\t\t","protected":false},"excerpt":{"rendered":"<p>Con una altitud de 1,650 metros sobre el nivel del mar, el volc\u00e1n de Ipala es un destino accesible para excursionistas, brindando rutas de ascenso bien definidas y vistas panor\u00e1micas inigualables de la regi\u00f3n. El volc\u00e1n de Ipala, situado entre los departamentos de Chiquimula y Jutiapa en Guatemala, se destaca por su impresionante cr\u00e1ter que [&hellip;]<\/p>\n","protected":false},"author":23,"featured_media":25828,"comment_status":"open","ping_status":"open","sticky":false,"template":"","format":"standard","meta":{"_acf_changed":false,"_eb_attr":"","footnotes":""},"categories":[58],"tags":[245],"class_list":["post-25361","post","type-post","status-publish","format-standard","has-post-thumbnail","hentry","category-guate-nuestra","tag-volcanes-de-guatemala"],"acf":[],"aioseo_notices":[],"aioseo_head":"\n\t\t<!-- All in One SEO Pro 4.9.6.2 - aioseo.com -->\n\t<meta name=\"description\" content=\"La laguna de Chicabal, en San Mart\u00edn Sacatep\u00e9quez, Quetzaltenango es zona protegida por su riqueza ecol\u00f3gica y territorio ceremonial de la etnia mam.\" \/>\n\t<meta name=\"robots\" content=\"max-snippet:-1, max-image-preview:large, max-video-preview:-1\" \/>\n\t<meta name=\"author\" content=\"Mynor Toc\"\/>\n\t<link rel=\"canonical\" href=\"https:\/\/soymigrante.com\/revista\/laguna-de-chicabal-volcan-quetzaltenango-guatemala\/\" \/>\n\t<meta name=\"generator\" content=\"All in One SEO Pro (AIOSEO) 4.9.6.2\" \/>\n\n\t\t<link rel=\"preconnect\" href=\"https:\/\/fonts.googleapis.com\" crossorigin>\n<link rel=\"preconnect\" href=\"https:\/\/fonts.gstatic.com\" crossorigin>\n\t\t<meta property=\"og:locale\" content=\"es_ES\" \/>\n\t\t<meta property=\"og:site_name\" content=\"SoyMigrante.com REVISTA \u2013 Nuestra misi\u00f3n es reconocer y dignificar al migrante.\" \/>\n\t\t<meta property=\"og:type\" content=\"article\" \/>\n\t\t<meta property=\"og:title\" content=\"Laguna de Chicabal migr\u00f3 al cr\u00e1ter de un volc\u00e1n\" \/>\n\t\t<meta property=\"og:description\" content=\"La laguna de Chicabal, en San Mart\u00edn Sacatep\u00e9quez, Quetzaltenango es zona protegida por su riqueza ecol\u00f3gica y territorio ceremonial de la etnia mam.\" \/>\n\t\t<meta property=\"og:url\" content=\"https:\/\/soymigrante.com\/revista\/laguna-de-chicabal-volcan-quetzaltenango-guatemala\/\" \/>\n\t\t<meta property=\"og:image\" content=\"https:\/\/soymigrante.com\/revista\/wp-content\/uploads\/2024\/05\/283605236_375790244585293_6426920808319298456_n.webp\" \/>\n\t\t<meta property=\"og:image:secure_url\" content=\"https:\/\/soymigrante.com\/revista\/wp-content\/uploads\/2024\/05\/283605236_375790244585293_6426920808319298456_n.webp\" \/>\n\t\t<meta property=\"og:image:width\" content=\"1920\" \/>\n\t\t<meta property=\"og:image:height\" content=\"1280\" \/>\n\t\t<meta property=\"article:published_time\" content=\"2024-05-09T14:41:54+00:00\" \/>\n\t\t<meta property=\"article:modified_time\" content=\"2025-06-12T14:30:08+00:00\" \/>\n\t\t<meta property=\"article:publisher\" content=\"https:\/\/www.facebook.com\/soymigrantecom\" \/>\n\t\t<meta name=\"twitter:card\" content=\"summary_large_image\" \/>\n\t\t<meta name=\"twitter:site\" content=\"@SoyMigrante_com\" \/>\n\t\t<meta name=\"twitter:title\" content=\"Laguna de Chicabal migr\u00f3 al cr\u00e1ter de un volc\u00e1n\" \/>\n\t\t<meta name=\"twitter:description\" content=\"La laguna de Chicabal, en San Mart\u00edn Sacatep\u00e9quez, Quetzaltenango es zona protegida por su riqueza ecol\u00f3gica y territorio ceremonial de la etnia mam.\" \/>\n\t\t<meta name=\"twitter:creator\" content=\"@SoyMigrante_com\" \/>\n\t\t<meta name=\"twitter:image\" content=\"https:\/\/soymigrante.com\/revista\/wp-content\/uploads\/2024\/05\/283605236_375790244585293_6426920808319298456_n.webp\" \/>\n\t\t<!-- All in One SEO Pro -->\r\n\t\t<title>Laguna de Chicabal migr\u00f3 al cr\u00e1ter de un volc\u00e1n<\/title>\n\n","aioseo_head_json":{"title":"Laguna de Chicabal migr\u00f3 al cr\u00e1ter de un volc\u00e1n","description":"La laguna de Chicabal, en San Mart\u00edn Sacatep\u00e9quez, Quetzaltenango es zona protegida por su riqueza ecol\u00f3gica y territorio ceremonial de la etnia mam.","canonical_url":"https:\/\/soymigrante.com\/revista\/laguna-de-chicabal-volcan-quetzaltenango-guatemala\/","robots":"max-snippet:-1, max-image-preview:large, max-video-preview:-1","keywords":"","webmasterTools":{"miscellaneous":"&lt;link rel=\"preconnect\" href=\"https:\/\/fonts.googleapis.com\" crossorigin&gt;\n&lt;link rel=\"preconnect\" href=\"https:\/\/fonts.gstatic.com\" crossorigin&gt;"},"schema":null,"og:locale":"es_ES","og:site_name":"SoyMigrante.com REVISTA \u2013 Nuestra misi\u00f3n es reconocer y dignificar al migrante.","og:type":"article","og:title":"Laguna de Chicabal migr\u00f3 al cr\u00e1ter de un volc\u00e1n","og:description":"La laguna de Chicabal, en San Mart\u00edn Sacatep\u00e9quez, Quetzaltenango es zona protegida por su riqueza ecol\u00f3gica y territorio ceremonial de la etnia mam.","og:url":"https:\/\/soymigrante.com\/revista\/laguna-de-chicabal-volcan-quetzaltenango-guatemala\/","og:image":"https:\/\/soymigrante.com\/revista\/wp-content\/uploads\/2024\/05\/283605236_375790244585293_6426920808319298456_n.webp","og:image:secure_url":"https:\/\/soymigrante.com\/revista\/wp-content\/uploads\/2024\/05\/283605236_375790244585293_6426920808319298456_n.webp","og:image:width":1920,"og:image:height":1280,"article:published_time":"2024-05-09T14:41:54+00:00","article:modified_time":"2025-06-12T14:30:08+00:00","article:publisher":"https:\/\/www.facebook.com\/soymigrantecom","twitter:card":"summary_large_image","twitter:site":"@SoyMigrante_com","twitter:title":"Laguna de Chicabal migr\u00f3 al cr\u00e1ter de un volc\u00e1n","twitter:description":"La laguna de Chicabal, en San Mart\u00edn Sacatep\u00e9quez, Quetzaltenango es zona protegida por su riqueza ecol\u00f3gica y territorio ceremonial de la etnia mam.","twitter:creator":"@SoyMigrante_com","twitter:image":"https:\/\/soymigrante.com\/revista\/wp-content\/uploads\/2024\/05\/283605236_375790244585293_6426920808319298456_n.webp"},"aioseo_meta_data":{"post_id":"25361","title":"Volc\u00e1n de Ipala: caracter\u00edsticas y consejos para su ascenso","description":"Con una altitud de 1,650 metros sobre el nivel del mar, el volc\u00e1n de Ipala es un destino accesible para excursionistas. Conoces sus caracter\u00edsticas.","keywords":null,"keyphrases":{"focus":{"keyphrase":"volc\u00e1n de Ipala","score":85,"analysis":{"keyphraseInTitle":{"score":9,"maxScore":9,"error":0},"keyphraseInDescription":{"score":9,"maxScore":9,"error":0},"keyphraseLength":{"score":9,"maxScore":9,"error":0,"length":4},"keyphraseInURL":{"score":1,"maxScore":5,"error":1},"keyphraseInIntroduction":{"score":9,"maxScore":9,"error":0},"keyphraseInSubHeadings":{"score":9,"maxScore":9,"error":0},"keyphraseInImageAlt":{"score":3,"maxScore":9,"error":1},"keywordDensity":{"type":"best","score":9,"maxScore":9,"error":0}}},"additional":[{"keyphrase":"ruta volc\u00e1nica","score":40,"analysis":{"keyphraseInDescription":{"score":3,"maxScore":9,"error":1},"keyphraseLength":{"score":9,"maxScore":9,"error":0,"length":3},"keyphraseInIntroduction":{"score":3,"maxScore":9,"error":1},"keyphraseInImageAlt":{"score":3,"maxScore":9,"error":1},"keywordDensity":{"score":0,"type":"low","maxScore":9,"error":1}}},{"keyphrase":"guatemala","score":53,"analysis":{"keyphraseInDescription":{"score":3,"maxScore":9,"error":1},"keyphraseLength":{"score":9,"maxScore":9,"error":0,"length":1},"keyphraseInIntroduction":{"score":9,"maxScore":9,"error":0},"keyphraseInImageAlt":{"score":3,"maxScore":9,"error":1},"keywordDensity":{"score":0,"type":"low","maxScore":9,"error":1}}},{"keyphrase":"actividades extremo","score":40,"analysis":{"keyphraseInDescription":{"score":3,"maxScore":9,"error":1},"keyphraseLength":{"score":9,"maxScore":9,"error":0,"length":2},"keyphraseInIntroduction":{"score":3,"maxScore":9,"error":1},"keyphraseInImageAlt":{"score":3,"maxScore":9,"error":1},"keywordDensity":{"score":0,"type":"low","maxScore":9,"error":1}}}]},"primary_term":null,"canonical_url":null,"og_title":null,"og_description":null,"og_object_type":"default","og_image_type":"default","og_image_url":null,"og_image_width":null,"og_image_height":null,"og_image_custom_url":null,"og_image_custom_fields":null,"og_video":"","og_custom_url":null,"og_article_section":null,"og_article_tags":null,"twitter_use_og":false,"twitter_card":"default","twitter_image_type":"default","twitter_image_url":null,"twitter_image_custom_url":null,"twitter_image_custom_fields":null,"twitter_title":null,"twitter_description":null,"schema":{"blockGraphs":[],"customGraphs":[],"default":{"data":{"Article":[],"Course":[],"Dataset":[],"FAQPage":[],"Movie":[],"Person":[],"Product":[],"ProductReview":[],"Car":[],"Recipe":[],"Service":[],"SoftwareApplication":[],"WebPage":[]},"graphName":"none","isEnabled":true},"graphs":[]},"schema_type":"default","schema_type_options":null,"pillar_content":false,"robots_default":true,"robots_noindex":false,"robots_noarchive":false,"robots_nosnippet":false,"robots_nofollow":false,"robots_noimageindex":false,"robots_noodp":false,"robots_notranslate":false,"robots_max_snippet":"-1","robots_max_videopreview":"-1","robots_max_imagepreview":"large","priority":null,"frequency":"default","local_seo":null,"seo_analyzer_scan_date":"2025-10-09 02:45:41","breadcrumb_settings":null,"limit_modified_date":false,"reviewed_by":"0","open_ai":"{\"title\":{\"suggestions\":[],\"usage\":0},\"description\":{\"suggestions\":[],\"usage\":0}}","ai":null,"created":"2025-02-13 20:32:37","updated":"2026-02-04 21:40:14"},"aioseo_breadcrumb":"<div class=\"aioseo-breadcrumbs\"><span class=\"aioseo-breadcrumb\">\n\t<a href=\"https:\/\/soymigrante.com\/revista\" title=\"Home\">Home<\/a>\n<\/span><span class=\"aioseo-breadcrumb-separator\">\u00bb<\/span><span class=\"aioseo-breadcrumb\">\n\t<a href=\"https:\/\/soymigrante.com\/revista\/category\/guate-nuestra\/\" title=\"Guate Nuestra\">Guate Nuestra<\/a>\n<\/span><span class=\"aioseo-breadcrumb-separator\">\u00bb<\/span><span class=\"aioseo-breadcrumb\">\n\tIpala: la laguna dentro de un volc\u00e1n con el mismo nombre en Chiquimula\n<\/span><\/div>","aioseo_breadcrumb_json":[{"label":"Home","link":"https:\/\/soymigrante.com\/revista"},{"label":"Guate Nuestra","link":"https:\/\/soymigrante.com\/revista\/category\/guate-nuestra\/"},{"label":"Ipala: la laguna dentro de un volc\u00e1n con el mismo nombre en Chiquimula","link":"https:\/\/soymigrante.com\/revista\/el-volcan-y-laguna-de-ipala-ubicacion-caracteristicas-y-consejos-para-su-ascenso\/"}],"_links":{"self":[{"href":"https:\/\/soymigrante.com\/revista\/wp-json\/wp\/v2\/posts\/25361","targetHints":{"allow":["GET"]}}],"collection":[{"href":"https:\/\/soymigrante.com\/revista\/wp-json\/wp\/v2\/posts"}],"about":[{"href":"https:\/\/soymigrante.com\/revista\/wp-json\/wp\/v2\/types\/post"}],"author":[{"embeddable":true,"href":"https:\/\/soymigrante.com\/revista\/wp-json\/wp\/v2\/users\/23"}],"replies":[{"embeddable":true,"href":"https:\/\/soymigrante.com\/revista\/wp-json\/wp\/v2\/comments?post=25361"}],"version-history":[{"count":1,"href":"https:\/\/soymigrante.com\/revista\/wp-json\/wp\/v2\/posts\/25361\/revisions"}],"predecessor-version":[{"id":36147,"href":"https:\/\/soymigrante.com\/revista\/wp-json\/wp\/v2\/posts\/25361\/revisions\/36147"}],"wp:featuredmedia":[{"embeddable":true,"href":"https:\/\/soymigrante.com\/revista\/wp-json\/wp\/v2\/media\/25828"}],"wp:attachment":[{"href":"https:\/\/soymigrante.com\/revista\/wp-json\/wp\/v2\/media?parent=25361"}],"wp:term":[{"taxonomy":"category","embeddable":true,"href":"https:\/\/soymigrante.com\/revista\/wp-json\/wp\/v2\/categories?post=25361"},{"taxonomy":"post_tag","embeddable":true,"href":"https:\/\/soymigrante.com\/revista\/wp-json\/wp\/v2\/tags?post=25361"}],"curies":[{"name":"wp","href":"https:\/\/api.w.org\/{rel}","templated":true}]}}