{"id":2535,"date":"2023-09-12T19:04:19","date_gmt":"2023-09-12T19:04:19","guid":{"rendered":"https:\/\/soymigrante.com\/revista\/?p=2535"},"modified":"2024-11-01T14:35:23","modified_gmt":"2024-11-01T20:35:23","slug":"little-guatemala-florece-en-carolina-del-norte-el-sueno-del-migrante-y-emprendedor-cristian-ramazzini","status":"publish","type":"post","link":"https:\/\/soymigrante.com\/revista\/little-guatemala-florece-en-carolina-del-norte-el-sueno-del-migrante-y-emprendedor-cristian-ramazzini\/","title":{"rendered":"Little Guatemala florece en Carolina del Norte: el sue\u00f1o del migrante y emprendedor Cristian Ramazzini"},"content":{"rendered":"\t\t<div data-elementor-type=\"wp-post\" data-elementor-id=\"2535\" class=\"elementor elementor-2535\" data-elementor-post-type=\"post\">\n\t\t\t\t\t\t<section data-particle_enable=\"false\" data-particle-mobile-disabled=\"false\" class=\"elementor-section elementor-top-section elementor-element elementor-element-f2ab268 elementor-section-boxed elementor-section-height-default elementor-section-height-default\" data-id=\"f2ab268\" data-element_type=\"section\" data-e-type=\"section\">\n\t\t\t\t\t\t<div class=\"elementor-container elementor-column-gap-default\">\n\t\t\t\t\t<div class=\"elementor-column elementor-col-100 elementor-top-column elementor-element elementor-element-24ebaab\" data-id=\"24ebaab\" data-element_type=\"column\" data-e-type=\"column\">\n\t\t\t<div class=\"elementor-widget-wrap elementor-element-populated\">\n\t\t\t\t\t\t<div class=\"elementor-element elementor-element-2a7ef90 elementor-widget elementor-widget-heading\" data-id=\"2a7ef90\" data-element_type=\"widget\" data-e-type=\"widget\" data-widget_type=\"heading.default\">\n\t\t\t\t\t<h1 class=\"elementor-heading-title elementor-size-default\">Ni f\u00e1cil ni r\u00e1pida ha sido la historia de la tienda, caf\u00e9, restaurante, centro deportivo y cultural Little Guatemala en Carolina del Norte: pero es su \u00e9xito es real gracias al amor, trabajo e ingenio del migrante guatemalteco Christian Ramazzini y su esposa Erica.<\/h1>\t\t\t\t<\/div>\n\t\t\t\t\t<\/div>\n\t\t<\/div>\n\t\t\t\t\t<\/div>\n\t\t<\/section>\n\t\t\t\t<section data-particle_enable=\"false\" data-particle-mobile-disabled=\"false\" class=\"elementor-section elementor-top-section elementor-element elementor-element-8524d20 elementor-section-boxed elementor-section-height-default elementor-section-height-default\" data-id=\"8524d20\" data-element_type=\"section\" data-e-type=\"section\">\n\t\t\t\t\t\t<div class=\"elementor-container elementor-column-gap-default\">\n\t\t\t\t\t<div class=\"elementor-column elementor-col-100 elementor-top-column elementor-element elementor-element-e8d75dc\" data-id=\"e8d75dc\" data-element_type=\"column\" data-e-type=\"column\">\n\t\t\t<div class=\"elementor-widget-wrap elementor-element-populated\">\n\t\t\t\t\t\t<div class=\"elementor-element elementor-element-874c7e0 elementor-invisible elementor-widget elementor-widget-image\" data-id=\"874c7e0\" data-element_type=\"widget\" data-e-type=\"widget\" data-settings=\"{&quot;_animation&quot;:&quot;shake&quot;}\" data-widget_type=\"image.default\">\n\t\t\t\t\t\t\t\t\t\t\t\t<figure class=\"wp-caption\">\n\t\t\t\t\t\t\t\t\t\t<img fetchpriority=\"high\" decoding=\"async\" width=\"1024\" height=\"1021\" src=\"https:\/\/soymigrante.com\/revista\/wp-content\/uploads\/2023\/09\/139414232_852548445530379_2931169785931989757_n-1024x1021.webp\" class=\"attachment-large size-large wp-image-2564\" alt=\"El logo de Little Guatemala es un dibujo del propio Christian juntoa \u00c9rica en un autob\u00fas guatemalteco. En el dise\u00f1o original dec\u00eda Guatemala-Carolina en elletrero de destino. Con este sello distribuyen caf\u00e9 y cacao que ellos mismos tuestan y muelen en Morganton, Carolina del Norte, (Foto cortes\u00eda de Christian Ramazzini)\" srcset=\"https:\/\/soymigrante.com\/revista\/wp-content\/uploads\/2023\/09\/139414232_852548445530379_2931169785931989757_n-1024x1021.webp 1024w, https:\/\/soymigrante.com\/revista\/wp-content\/uploads\/2023\/09\/139414232_852548445530379_2931169785931989757_n-300x300.webp 300w, https:\/\/soymigrante.com\/revista\/wp-content\/uploads\/2023\/09\/139414232_852548445530379_2931169785931989757_n-150x150.webp 150w, https:\/\/soymigrante.com\/revista\/wp-content\/uploads\/2023\/09\/139414232_852548445530379_2931169785931989757_n-768x766.webp 768w, https:\/\/soymigrante.com\/revista\/wp-content\/uploads\/2023\/09\/139414232_852548445530379_2931169785931989757_n-75x75.webp 75w, https:\/\/soymigrante.com\/revista\/wp-content\/uploads\/2023\/09\/139414232_852548445530379_2931169785931989757_n-750x748.webp 750w, https:\/\/soymigrante.com\/revista\/wp-content\/uploads\/2023\/09\/139414232_852548445530379_2931169785931989757_n-1140x1137.webp 1140w, https:\/\/soymigrante.com\/revista\/wp-content\/uploads\/2023\/09\/139414232_852548445530379_2931169785931989757_n.webp 1440w\" sizes=\"(max-width: 1024px) 100vw, 1024px\" title=\"El logo de Little Guatemala es un dibujo del propio Christian juntoa \u00c9rica en un autob\u00fas guatemalteco. En el dise\u00f1o original dec\u00eda Guatemala-Carolina en elletrero de destino. Con este sello distribuyen caf\u00e9 y cacao  que ellos mismos tuestan y muelen en Morganton, Carolina del Norte, (Foto cortes\u00eda de Christian Ramazzini) \u2013 SoyMigrante.com REVISTA\" \/>\t\t\t\t\t\t\t\t\t\t\t<figcaption class=\"widget-image-caption wp-caption-text\">El logo de Little Guatemala es un dibujo del propio Christian juntoa \u00c9rica en un autob\u00fas guatemalteco. En el dise\u00f1o original dec\u00eda Guatemala-Carolina en elletrero de destino. Con este sello distribuyen caf\u00e9 y cacao  que ellos mismos tuestan y muelen en Morganton, Carolina del Norte, (Foto cortes\u00eda de Christian Ramazzini)<\/figcaption>\n\t\t\t\t\t\t\t\t\t\t<\/figure>\n\t\t\t\t\t\t\t\t\t<\/div>\n\t\t\t\t\t<\/div>\n\t\t<\/div>\n\t\t\t\t\t<\/div>\n\t\t<\/section>\n\t\t\t\t<section data-particle_enable=\"false\" data-particle-mobile-disabled=\"false\" class=\"elementor-section elementor-top-section elementor-element elementor-element-a993bbd elementor-section-boxed elementor-section-height-default elementor-section-height-default\" data-id=\"a993bbd\" data-element_type=\"section\" data-e-type=\"section\">\n\t\t\t\t\t\t<div class=\"elementor-container elementor-column-gap-default\">\n\t\t\t\t\t<div class=\"elementor-column elementor-col-100 elementor-top-column elementor-element elementor-element-00b2001\" data-id=\"00b2001\" data-element_type=\"column\" data-e-type=\"column\">\n\t\t\t<div class=\"elementor-widget-wrap elementor-element-populated\">\n\t\t\t\t\t\t<div class=\"elementor-element elementor-element-45e7121 elementor-widget elementor-widget-heading\" data-id=\"45e7121\" data-element_type=\"widget\" data-e-type=\"widget\" data-widget_type=\"heading.default\">\n\t\t\t\t\t<h2 class=\"elementor-heading-title elementor-size-default\">Lo m\u00e1s reciente: Guate Fest  2023<\/h2>\t\t\t\t<\/div>\n\t\t\t\t\t<\/div>\n\t\t<\/div>\n\t\t\t\t\t<\/div>\n\t\t<\/section>\n\t\t\t\t<section data-particle_enable=\"false\" data-particle-mobile-disabled=\"false\" class=\"elementor-section elementor-top-section elementor-element elementor-element-c9ae047 elementor-section-boxed elementor-section-height-default elementor-section-height-default\" data-id=\"c9ae047\" data-element_type=\"section\" data-e-type=\"section\">\n\t\t\t\t\t\t<div class=\"elementor-container elementor-column-gap-default\">\n\t\t\t\t\t<div class=\"elementor-column elementor-col-100 elementor-top-column elementor-element elementor-element-63317d9\" data-id=\"63317d9\" data-element_type=\"column\" data-e-type=\"column\">\n\t\t\t<div class=\"elementor-widget-wrap elementor-element-populated\">\n\t\t\t\t\t\t<div class=\"elementor-element elementor-element-9662f2e elementor-widget elementor-widget-text-editor\" data-id=\"9662f2e\" data-element_type=\"widget\" data-e-type=\"widget\" data-widget_type=\"text-editor.default\">\n\t\t\t\t\t\t\t\t\t<p>Se cumple un gran sue\u00f1o de Christian Ramazzini, migrante guatemalteco. El pr\u00f3ximo 15 y 16 de septiembre se celebrar\u00e1 el primer Guate Fest, con motivo de las fiestas patrias guatemaltecas, en Little Guatemala, tienda, caf\u00e9, restaurante, centro deportivo y cultural localizado en Morganton, Carolina del Norte.\u00a0 Habr\u00e1 mercado de artesan\u00edas, comida, marimba, elecci\u00f3n de reina, campeonato de futbol sala y hasta un concierto con artistas como<a href=\"https:\/\/soymigrante.com\/revista\/cantautor-guatemalteco-migrante-gustavo-septimo\/\"> Gustavo VII<\/a> y el grupo Tambor de la Tribu.<\/p><p>&#8220;Es la primera vez que lo podemos realizar, porque en otros a\u00f1os est\u00e1bamos a\u00fan en construcci\u00f3n. S\u00ed realiz\u00e1bamos algun evento para conmemorar la independencia pero esta es la primera vez que integramos a toda la comunidad. Aqu\u00ed en Morganton hay muchos migrantes guatemaltecos&#8221;, cuenta Christian Ramazzini, quien junto a su esposa Erica y sus hijos, han erigido este sue\u00f1o, a pesar de las dificultades, con creatividad y esp\u00edritu de servicio.<\/p>\t\t\t\t\t\t\t\t<\/div>\n\t\t\t\t\t<\/div>\n\t\t<\/div>\n\t\t\t\t\t<\/div>\n\t\t<\/section>\n\t\t\t\t<section data-particle_enable=\"false\" data-particle-mobile-disabled=\"false\" class=\"elementor-section elementor-top-section elementor-element elementor-element-7310742 elementor-section-boxed elementor-section-height-default elementor-section-height-default\" data-id=\"7310742\" data-element_type=\"section\" data-e-type=\"section\">\n\t\t\t\t\t\t<div class=\"elementor-container elementor-column-gap-default\">\n\t\t\t\t\t<div class=\"elementor-column elementor-col-100 elementor-top-column elementor-element elementor-element-2ae4b01\" data-id=\"2ae4b01\" data-element_type=\"column\" data-e-type=\"column\">\n\t\t\t<div class=\"elementor-widget-wrap elementor-element-populated\">\n\t\t\t\t\t\t<div class=\"elementor-element elementor-element-a41469c elementor-widget elementor-widget-image\" data-id=\"a41469c\" data-element_type=\"widget\" data-e-type=\"widget\" data-widget_type=\"image.default\">\n\t\t\t\t\t\t\t\t\t\t\t\t<figure class=\"wp-caption\">\n\t\t\t\t\t\t\t\t\t\t<img decoding=\"async\" width=\"820\" height=\"1024\" src=\"https:\/\/soymigrante.com\/revista\/wp-content\/uploads\/2023\/09\/festival-820x1024.webp\" class=\"attachment-large size-large wp-image-2565\" alt=\"Afiche digital del Guate Fest 2023 en Morganton, Carolina del Norte.. Imagen de redes sociales de Little Guatemala, sede del evento.\" srcset=\"https:\/\/soymigrante.com\/revista\/wp-content\/uploads\/2023\/09\/festival-820x1024.webp 820w, https:\/\/soymigrante.com\/revista\/wp-content\/uploads\/2023\/09\/festival-240x300.webp 240w, https:\/\/soymigrante.com\/revista\/wp-content\/uploads\/2023\/09\/festival-768x959.webp 768w, https:\/\/soymigrante.com\/revista\/wp-content\/uploads\/2023\/09\/festival-1229x1536.webp 1229w, https:\/\/soymigrante.com\/revista\/wp-content\/uploads\/2023\/09\/festival-750x937.webp 750w, https:\/\/soymigrante.com\/revista\/wp-content\/uploads\/2023\/09\/festival-1140x1424.webp 1140w, https:\/\/soymigrante.com\/revista\/wp-content\/uploads\/2023\/09\/festival.webp 1440w\" sizes=\"(max-width: 820px) 100vw, 820px\" title=\"Afiche digital del Guate Fest 2023 en Morganton, Carolina del Norte.. Imagen de redes sociales de Little Guatemala, sede del evento. \u2013 SoyMigrante.com REVISTA\" \/>\t\t\t\t\t\t\t\t\t\t\t<figcaption class=\"widget-image-caption wp-caption-text\">Afiche digital del Guate Fest 2023 en Morganton, Carolina del Norte.. Imagen de redes sociales de Little Guatemala, sede del evento.<\/figcaption>\n\t\t\t\t\t\t\t\t\t\t<\/figure>\n\t\t\t\t\t\t\t\t\t<\/div>\n\t\t\t\t\t<\/div>\n\t\t<\/div>\n\t\t\t\t\t<\/div>\n\t\t<\/section>\n\t\t\t\t<section data-particle_enable=\"false\" data-particle-mobile-disabled=\"false\" class=\"elementor-section elementor-top-section elementor-element elementor-element-ed48d70 elementor-section-boxed elementor-section-height-default elementor-section-height-default\" data-id=\"ed48d70\" data-element_type=\"section\" data-e-type=\"section\">\n\t\t\t\t\t\t<div class=\"elementor-container elementor-column-gap-default\">\n\t\t\t\t\t<div class=\"elementor-column elementor-col-100 elementor-top-column elementor-element elementor-element-1f775fb\" data-id=\"1f775fb\" data-element_type=\"column\" data-e-type=\"column\">\n\t\t\t<div class=\"elementor-widget-wrap elementor-element-populated\">\n\t\t\t\t\t\t<div class=\"elementor-element elementor-element-c45ed0a elementor-widget elementor-widget-heading\" data-id=\"c45ed0a\" data-element_type=\"widget\" data-e-type=\"widget\" data-widget_type=\"heading.default\">\n\t\t\t\t\t<h2 class=\"elementor-heading-title elementor-size-default\">El amor fue lo primero y a\u00fan lo es<\/h2>\t\t\t\t<\/div>\n\t\t\t\t\t<\/div>\n\t\t<\/div>\n\t\t\t\t\t<\/div>\n\t\t<\/section>\n\t\t\t\t<section data-particle_enable=\"false\" data-particle-mobile-disabled=\"false\" class=\"elementor-section elementor-top-section elementor-element elementor-element-605e119 elementor-section-boxed elementor-section-height-default elementor-section-height-default\" data-id=\"605e119\" data-element_type=\"section\" data-e-type=\"section\">\n\t\t\t\t\t\t<div class=\"elementor-container elementor-column-gap-default\">\n\t\t\t\t\t<div class=\"elementor-column elementor-col-100 elementor-top-column elementor-element elementor-element-6403328\" data-id=\"6403328\" data-element_type=\"column\" data-e-type=\"column\">\n\t\t\t<div class=\"elementor-widget-wrap elementor-element-populated\">\n\t\t\t\t\t\t<div class=\"elementor-element elementor-element-fc699f8 elementor-widget elementor-widget-text-editor\" data-id=\"fc699f8\" data-element_type=\"widget\" data-e-type=\"widget\" data-widget_type=\"text-editor.default\">\n\t\t\t\t\t\t\t\t\t<p>Cuando viv\u00eda en Guatemala, Christian trabaj\u00f3 en una cadena de taquer\u00edas y despu\u00e9s fue barista de caf\u00e9. Apenas hab\u00eda podido estudiar hasta tercero b\u00e1sico a causa de dificultades econ\u00f3micas en su familia. Su padre los abandon\u00f3 y su mam\u00e1 era la cabeza del hogar. &#8220;Pero ella me ense\u00f1\u00f3 todo, a seguir adelante, a no rendirme, a trabajar duro y a hacer las cosas con amor&#8221;, cuenta Christian desde el local de Little Guatemala, en Carolina del Norte a donde lleg\u00f3 a vivir en 2009.<\/p><p>&#8220;Yo preparaba caf\u00e9s y una vez lleg\u00f3 a comprar una muchacha americana, era misionera. Era bell\u00edsima, me encant\u00f3 a primera vista. Yo le ped\u00ed su n\u00famero, pero le dije que no quer\u00eda ser su amigo sino su novio&#8230; Para no hacer larga la historia, nos casamos en 2009 y hoy es mi esposa \u00c9rica. Tenemos seis hijos&#8221;, cuenta Christian.<\/p>\t\t\t\t\t\t\t\t<\/div>\n\t\t\t\t\t<\/div>\n\t\t<\/div>\n\t\t\t\t\t<\/div>\n\t\t<\/section>\n\t\t\t\t<section data-particle_enable=\"false\" data-particle-mobile-disabled=\"false\" class=\"elementor-section elementor-top-section elementor-element elementor-element-fb9ff5e elementor-section-boxed elementor-section-height-default elementor-section-height-default\" data-id=\"fb9ff5e\" data-element_type=\"section\" data-e-type=\"section\">\n\t\t\t\t\t\t<div class=\"elementor-container elementor-column-gap-default\">\n\t\t\t\t\t<div class=\"elementor-column elementor-col-100 elementor-top-column elementor-element elementor-element-ccb71c9\" data-id=\"ccb71c9\" data-element_type=\"column\" data-e-type=\"column\">\n\t\t\t<div class=\"elementor-widget-wrap elementor-element-populated\">\n\t\t\t\t\t\t<div class=\"elementor-element elementor-element-d69f8ea elementor-widget elementor-widget-image\" data-id=\"d69f8ea\" data-element_type=\"widget\" data-e-type=\"widget\" data-widget_type=\"image.default\">\n\t\t\t\t\t\t\t\t\t\t\t\t<figure class=\"wp-caption\">\n\t\t\t\t\t\t\t\t\t\t<img decoding=\"async\" width=\"1024\" height=\"683\" src=\"https:\/\/soymigrante.com\/revista\/wp-content\/uploads\/2023\/09\/Proyecto-Little-Guatemala-del-migrante-guatemalteco-Cristian-Ramazzini-en-Carolina-del-Norte-2-1024x683.webp\" class=\"attachment-large size-large wp-image-2563\" alt=\"As\u00ed luce en la actualidad la fachada de Little Guatemala: hay terraza para tomar caf\u00e9 y alimentos, tambi\u00e9n una cancha techada de futbol, venta de artesan\u00edas y los productos estrella: caf\u00e9 y cacao de Guatemala, molidos y tostados en Carolina del Norte por el propio Christian. Pero llegar a esto no fue sencillo porque este era un edificio pr\u00e1cticamente abandonado.\" srcset=\"https:\/\/soymigrante.com\/revista\/wp-content\/uploads\/2023\/09\/Proyecto-Little-Guatemala-del-migrante-guatemalteco-Cristian-Ramazzini-en-Carolina-del-Norte-2-1024x683.webp 1024w, https:\/\/soymigrante.com\/revista\/wp-content\/uploads\/2023\/09\/Proyecto-Little-Guatemala-del-migrante-guatemalteco-Cristian-Ramazzini-en-Carolina-del-Norte-2-300x200.webp 300w, https:\/\/soymigrante.com\/revista\/wp-content\/uploads\/2023\/09\/Proyecto-Little-Guatemala-del-migrante-guatemalteco-Cristian-Ramazzini-en-Carolina-del-Norte-2-768x512.webp 768w, https:\/\/soymigrante.com\/revista\/wp-content\/uploads\/2023\/09\/Proyecto-Little-Guatemala-del-migrante-guatemalteco-Cristian-Ramazzini-en-Carolina-del-Norte-2-1536x1024.webp 1536w, https:\/\/soymigrante.com\/revista\/wp-content\/uploads\/2023\/09\/Proyecto-Little-Guatemala-del-migrante-guatemalteco-Cristian-Ramazzini-en-Carolina-del-Norte-2-750x500.webp 750w, https:\/\/soymigrante.com\/revista\/wp-content\/uploads\/2023\/09\/Proyecto-Little-Guatemala-del-migrante-guatemalteco-Cristian-Ramazzini-en-Carolina-del-Norte-2-1140x760.webp 1140w, https:\/\/soymigrante.com\/revista\/wp-content\/uploads\/2023\/09\/Proyecto-Little-Guatemala-del-migrante-guatemalteco-Cristian-Ramazzini-en-Carolina-del-Norte-2-600x400.webp 600w, https:\/\/soymigrante.com\/revista\/wp-content\/uploads\/2023\/09\/Proyecto-Little-Guatemala-del-migrante-guatemalteco-Cristian-Ramazzini-en-Carolina-del-Norte-2.webp 1920w\" sizes=\"(max-width: 1024px) 100vw, 1024px\" title=\"As\u00ed luce en la actualidad  la fachada de Little Guatemala: hay terraza para tomar caf\u00e9 y alimentos, tambi\u00e9n una cancha techada de futbol, venta de artesan\u00edas y los productos estrella: caf\u00e9 y cacao de Guatemala, molidos y tostados en Carolina del Norte por el propio Christian. Pero llegar a esto no fue sencillo porque este era un edificio pr\u00e1cticamente abandonado. \u2013 SoyMigrante.com REVISTA\" \/>\t\t\t\t\t\t\t\t\t\t\t<figcaption class=\"widget-image-caption wp-caption-text\">As\u00ed luce en la actualidad  la fachada de Little Guatemala: hay terraza para tomar caf\u00e9 y alimentos, tambi\u00e9n una cancha techada de futbol, venta de artesan\u00edas y los productos estrella: caf\u00e9 y cacao de Guatemala, molidos y tostados en Carolina del Norte por el propio Christian. Pero llegar a esto no fue sencillo porque este era un edificio pr\u00e1cticamente abandonado.<\/figcaption>\n\t\t\t\t\t\t\t\t\t\t<\/figure>\n\t\t\t\t\t\t\t\t\t<\/div>\n\t\t\t\t\t<\/div>\n\t\t<\/div>\n\t\t\t\t\t<\/div>\n\t\t<\/section>\n\t\t\t\t<section data-particle_enable=\"false\" data-particle-mobile-disabled=\"false\" class=\"elementor-section elementor-top-section elementor-element elementor-element-f08958b elementor-section-boxed elementor-section-height-default elementor-section-height-default\" data-id=\"f08958b\" data-element_type=\"section\" data-e-type=\"section\">\n\t\t\t\t\t\t<div class=\"elementor-container elementor-column-gap-default\">\n\t\t\t\t\t<div class=\"elementor-column elementor-col-100 elementor-top-column elementor-element elementor-element-4642701\" data-id=\"4642701\" data-element_type=\"column\" data-e-type=\"column\">\n\t\t\t<div class=\"elementor-widget-wrap elementor-element-populated\">\n\t\t\t\t\t\t<div class=\"elementor-element elementor-element-5cafcf3 elementor-widget elementor-widget-text-editor\" data-id=\"5cafcf3\" data-element_type=\"widget\" data-e-type=\"widget\" data-widget_type=\"text-editor.default\">\n\t\t\t\t\t\t\t\t\t<p><span style=\"font-family: Roboto, sans-serif; font-size: 16px; font-style: normal; font-variant-ligatures: normal; font-variant-caps: normal; font-weight: 400; color: var( --e-global-color-text ); background-color: var(--ak-bg-color);\">Pero no todo era color de rosa. Christian ya no quer\u00eda trabajar en la industria de restaurante, pero fue de lo \u00fanico que hall\u00f3 empleo en Estados Unidos. &#8220;As\u00ed que segu\u00ed trabajando en eso. Me puse a estudiar, primero ingl\u00e9s pero tambi\u00e9n busqu\u00e9 terminar mi High School para poder ir a la universidad&#8221;.\u00a0<\/span><\/p><p style=\"font-style: normal; font-variant-ligatures: normal; font-variant-caps: normal; font-weight: 400; font-size: 16px; font-family: Roboto, sans-serif;\">Ya con el ingl\u00e9s dominado empez\u00f3 a trabajar como traductor para una organizaci\u00f3n humanitaria que brinda servicios de salud a migrantes agr\u00edcolas. All\u00ed Christian hizo carrera porque lleg\u00f3 a ser coordinador. Quiz\u00e1 al ver que en el campo hab\u00eda oportunidades laborales, en la universidad se meti\u00f3 una carrera de Agronom\u00eda, pero por los costos y la necesidad de laborar, se cambi\u00f3 a auxiliar de enfermer\u00eda, pero nunca ejerci\u00f3 esta profesi\u00f3n porque se dedic\u00f3 a la construcci\u00f3n y remodelaci\u00f3n.<\/p>\t\t\t\t\t\t\t\t<\/div>\n\t\t\t\t\t<\/div>\n\t\t<\/div>\n\t\t\t\t\t<\/div>\n\t\t<\/section>\n\t\t\t\t<section data-particle_enable=\"false\" data-particle-mobile-disabled=\"false\" class=\"elementor-section elementor-top-section elementor-element elementor-element-4ac1dee elementor-section-boxed elementor-section-height-default elementor-section-height-default\" data-id=\"4ac1dee\" data-element_type=\"section\" data-e-type=\"section\">\n\t\t\t\t\t\t<div class=\"elementor-container elementor-column-gap-default\">\n\t\t\t\t\t<div class=\"elementor-column elementor-col-100 elementor-top-column elementor-element elementor-element-b21a4b6\" data-id=\"b21a4b6\" data-element_type=\"column\" data-e-type=\"column\">\n\t\t\t<div class=\"elementor-widget-wrap elementor-element-populated\">\n\t\t\t\t\t\t<div class=\"elementor-element elementor-element-7eb43c5 elementor-widget elementor-widget-heading\" data-id=\"7eb43c5\" data-element_type=\"widget\" data-e-type=\"widget\" data-widget_type=\"heading.default\">\n\t\t\t\t\t<h2 class=\"elementor-heading-title elementor-size-default\">\u00bfY c\u00f3mo nace Little Guatemala? <\/h2>\t\t\t\t<\/div>\n\t\t\t\t\t<\/div>\n\t\t<\/div>\n\t\t\t\t\t<\/div>\n\t\t<\/section>\n\t\t\t\t<section data-particle_enable=\"false\" data-particle-mobile-disabled=\"false\" class=\"elementor-section elementor-top-section elementor-element elementor-element-b01af25 elementor-section-boxed elementor-section-height-default elementor-section-height-default\" data-id=\"b01af25\" data-element_type=\"section\" data-e-type=\"section\">\n\t\t\t\t\t\t<div class=\"elementor-container elementor-column-gap-default\">\n\t\t\t\t\t<div class=\"elementor-column elementor-col-100 elementor-top-column elementor-element elementor-element-77a5d15\" data-id=\"77a5d15\" data-element_type=\"column\" data-e-type=\"column\">\n\t\t\t<div class=\"elementor-widget-wrap elementor-element-populated\">\n\t\t\t\t\t\t<div class=\"elementor-element elementor-element-052846b elementor-arrows-position-inside elementor-pagination-position-outside elementor-invisible elementor-widget elementor-widget-image-carousel\" data-id=\"052846b\" data-element_type=\"widget\" data-e-type=\"widget\" data-settings=\"{&quot;slides_to_show&quot;:&quot;1&quot;,&quot;autoplay_speed&quot;:1000,&quot;effect&quot;:&quot;fade&quot;,&quot;_animation&quot;:&quot;rotateIn&quot;,&quot;navigation&quot;:&quot;both&quot;,&quot;autoplay&quot;:&quot;yes&quot;,&quot;pause_on_hover&quot;:&quot;yes&quot;,&quot;pause_on_interaction&quot;:&quot;yes&quot;,&quot;infinite&quot;:&quot;yes&quot;,&quot;speed&quot;:500}\" data-widget_type=\"image-carousel.default\">\n\t\t\t\t\t\t\t<div class=\"elementor-image-carousel-wrapper swiper\" role=\"region\" aria-roledescription=\"carousel\" aria-label=\"Carrusel de im\u00e1genes\" dir=\"ltr\">\n\t\t\t<div class=\"elementor-image-carousel swiper-wrapper\" aria-live=\"off\">\n\t\t\t\t\t\t\t\t<div class=\"swiper-slide\" role=\"group\" aria-roledescription=\"slide\" aria-label=\"1 de 8\"><figure class=\"swiper-slide-inner\"><img decoding=\"async\" class=\"swiper-slide-image\" src=\"https:\/\/soymigrante.com\/revista\/wp-content\/uploads\/2023\/09\/Proyecto-Little-Guatemala-del-migrante-guatemalteco-Cristian-Ramazzini-en-Carolina-del-Norte-7.webp\" alt=\"As\u00ed fue transform\u00e1ndose el viejo galer\u00f3n en la sede de Little Guatemala, en Carolina del Norte, por iniciativa de Christian Ramazzini y su esposa \u00c9rica\" \/><figcaption class=\"elementor-image-carousel-caption\">As\u00ed fue transform\u00e1ndose el viejo galer\u00f3n en la sede de Little Guatemala, en Carolina del Norte, por iniciativa de Christian Ramazzini y su esposa \u00c9rica<\/figcaption><\/figure><\/div><div class=\"swiper-slide\" role=\"group\" aria-roledescription=\"slide\" aria-label=\"2 de 8\"><figure class=\"swiper-slide-inner\"><img decoding=\"async\" class=\"swiper-slide-image\" src=\"https:\/\/soymigrante.com\/revista\/wp-content\/uploads\/2023\/09\/Proyecto-Little-Guatemala-del-migrante-guatemalteco-Cristian-Ramazzini-en-Carolina-del-Norte-15-e1694542008354.webp\" alt=\"As\u00ed fue transform\u00e1ndose el viejo galer\u00f3n en la sede de Little Guatemala, en Carolina del Norte, por iniciativa de Christian Ramazzini y su esposa \u00c9rica\" \/><figcaption class=\"elementor-image-carousel-caption\">As\u00ed fue transform\u00e1ndose el viejo galer\u00f3n en la sede de Little Guatemala, en Carolina del Norte, por iniciativa del migrante guatemalteco Christian Ramazzini y su esposa \u00c9rica<\/figcaption><\/figure><\/div><div class=\"swiper-slide\" role=\"group\" aria-roledescription=\"slide\" aria-label=\"3 de 8\"><figure class=\"swiper-slide-inner\"><img decoding=\"async\" class=\"swiper-slide-image\" src=\"https:\/\/soymigrante.com\/revista\/wp-content\/uploads\/2023\/09\/Proyecto-Little-Guatemala-del-migrante-guatemalteco-Cristian-Ramazzini-en-Carolina-del-Norte-10.webp\" alt=\"As\u00ed fue transform\u00e1ndose el viejo galer\u00f3n en la sede de Little Guatemala, en Carolina del Norte, por iniciativa del migrante guatemalteco Christian Ramazzini y su esposa \u00c9rica\" \/><figcaption class=\"elementor-image-carousel-caption\">As\u00ed fue transform\u00e1ndose el viejo galer\u00f3n en la sede de Little Guatemala, en Carolina del Norte, por iniciativa del migrante guatemalteco Christian Ramazzini y su esposa \u00c9rica<\/figcaption><\/figure><\/div><div class=\"swiper-slide\" role=\"group\" aria-roledescription=\"slide\" aria-label=\"4 de 8\"><figure class=\"swiper-slide-inner\"><img decoding=\"async\" class=\"swiper-slide-image\" src=\"https:\/\/soymigrante.com\/revista\/wp-content\/uploads\/2023\/09\/Proyecto-Little-Guatemala-del-migrante-guatemalteco-Cristian-Ramazzini-en-Carolina-del-Norte-21-1024x1024.webp\" alt=\"As\u00ed fue transform\u00e1ndose el viejo galer\u00f3n en la sede de Little Guatemala, en Carolina del Norte, por iniciativa del migrante guatemalteco Christian Ramazzini y su esposa \u00c9rica\" \/><figcaption class=\"elementor-image-carousel-caption\">As\u00ed fue transform\u00e1ndose el viejo galer\u00f3n en la sede de Little Guatemala, en Carolina del Norte, por iniciativa del migrante guatemalteco Christian Ramazzini y su esposa \u00c9rica<\/figcaption><\/figure><\/div><div class=\"swiper-slide\" role=\"group\" aria-roledescription=\"slide\" aria-label=\"5 de 8\"><figure class=\"swiper-slide-inner\"><img decoding=\"async\" class=\"swiper-slide-image\" src=\"https:\/\/soymigrante.com\/revista\/wp-content\/uploads\/2023\/09\/Proyecto-Little-Guatemala-del-migrante-guatemalteco-Cristian-Ramazzini-en-Carolina-del-Norte-5.webp\" alt=\"CAs\u00ed fue transform\u00e1ndose el viejo galer\u00f3n en la sede de Little Guatemala, en Carolina del Norte, por iniciativa del migrante guatemalteco Christian Ramazzini y su esposa \u00c9rica\" \/><figcaption class=\"elementor-image-carousel-caption\">As\u00ed fue transform\u00e1ndose el viejo galer\u00f3n en la sede de Little Guatemala, en Carolina del Norte, por iniciativa del migrante guatemalteco Christian Ramazzini y su esposa \u00c9rica<\/figcaption><\/figure><\/div><div class=\"swiper-slide\" role=\"group\" aria-roledescription=\"slide\" aria-label=\"6 de 8\"><figure class=\"swiper-slide-inner\"><img decoding=\"async\" class=\"swiper-slide-image\" src=\"https:\/\/soymigrante.com\/revista\/wp-content\/uploads\/2023\/09\/Proyecto-Little-Guatemala-del-migrante-guatemalteco-Cristian-Ramazzini-en-Carolina-del-Norte-13.webp\" alt=\"As\u00ed fue transform\u00e1ndose el viejo galer\u00f3n en la sede de Little Guatemala, en Carolina del Norte, por iniciativa del migrante guatemalteco Christian Ramazzini y su esposa \u00c9rica\" \/><figcaption class=\"elementor-image-carousel-caption\">As\u00ed fue transform\u00e1ndose el viejo galer\u00f3n en la sede de Little Guatemala, en Carolina del Norte, por iniciativa del migrante guatemalteco Christian Ramazzini y su esposa \u00c9rica<\/figcaption><\/figure><\/div><div class=\"swiper-slide\" role=\"group\" aria-roledescription=\"slide\" aria-label=\"7 de 8\"><figure class=\"swiper-slide-inner\"><img decoding=\"async\" class=\"swiper-slide-image\" src=\"https:\/\/soymigrante.com\/revista\/wp-content\/uploads\/2023\/09\/Proyecto-Little-Guatemala-del-migrante-guatemalteco-Cristian-Ramazzini-en-Carolina-del-Norte-19-1024x1024.webp\" alt=\"As\u00ed fue transform\u00e1ndose el viejo galer\u00f3n en la sede de Little Guatemala, en Carolina del Norte, por iniciativa del migrante guatemalteco Christian Ramazzini y su esposa \u00c9rica\" \/><figcaption class=\"elementor-image-carousel-caption\">As\u00ed fue transform\u00e1ndose el viejo galer\u00f3n en la sede de Little Guatemala, en Carolina del Norte, por iniciativa del migrante guatemalteco Christian Ramazzini y su esposa \u00c9rica<\/figcaption><\/figure><\/div><div class=\"swiper-slide\" role=\"group\" aria-roledescription=\"slide\" aria-label=\"8 de 8\"><figure class=\"swiper-slide-inner\"><img decoding=\"async\" class=\"swiper-slide-image\" src=\"https:\/\/soymigrante.com\/revista\/wp-content\/uploads\/2023\/09\/Proyecto-Little-Guatemala-del-migrante-guatemalteco-Cristian-Ramazzini-en-Carolina-del-Norte-16-1-1024x1024.webp\" alt=\"As\u00ed fue transform\u00e1ndose el viejo galer\u00f3n en la sede de Little Guatemala, en Carolina del Norte, por iniciativa del migrante guatemalteco Christian Ramazzini y su esposa \u00c9rica\" \/><figcaption class=\"elementor-image-carousel-caption\">As\u00ed fue transform\u00e1ndose el viejo galer\u00f3n en la sede de Little Guatemala, en Carolina del Norte, por iniciativa del migrante guatemalteco Christian Ramazzini y su esposa \u00c9rica<\/figcaption><\/figure><\/div>\t\t\t<\/div>\n\t\t\t\t\t\t\t\t\t\t\t\t<div class=\"elementor-swiper-button elementor-swiper-button-prev\" role=\"button\" tabindex=\"0\">\n\t\t\t\t\t\t<i aria-hidden=\"true\" class=\"eicon-chevron-left\"><\/i>\t\t\t\t\t<\/div>\n\t\t\t\t\t<div class=\"elementor-swiper-button elementor-swiper-button-next\" role=\"button\" tabindex=\"0\">\n\t\t\t\t\t\t<i aria-hidden=\"true\" class=\"eicon-chevron-right\"><\/i>\t\t\t\t\t<\/div>\n\t\t\t\t\n\t\t\t\t\t\t\t\t\t<div class=\"swiper-pagination\"><\/div>\n\t\t\t\t\t\t\t\t\t<\/div>\n\t\t\t\t\t\t<\/div>\n\t\t\t\t\t<\/div>\n\t\t<\/div>\n\t\t\t\t\t<\/div>\n\t\t<\/section>\n\t\t\t\t<section data-particle_enable=\"false\" data-particle-mobile-disabled=\"false\" class=\"elementor-section elementor-top-section elementor-element elementor-element-073975c elementor-section-boxed elementor-section-height-default elementor-section-height-default\" data-id=\"073975c\" data-element_type=\"section\" data-e-type=\"section\">\n\t\t\t\t\t\t<div class=\"elementor-container elementor-column-gap-default\">\n\t\t\t\t\t<div class=\"elementor-column elementor-col-100 elementor-top-column elementor-element elementor-element-9a55a5e\" data-id=\"9a55a5e\" data-element_type=\"column\" data-e-type=\"column\">\n\t\t\t<div class=\"elementor-widget-wrap elementor-element-populated\">\n\t\t\t\t\t\t<div class=\"elementor-element elementor-element-641ccc5 elementor-widget elementor-widget-text-editor\" data-id=\"641ccc5\" data-element_type=\"widget\" data-e-type=\"widget\" data-widget_type=\"text-editor.default\">\n\t\t\t\t\t\t\t\t\t<p>&#8220;All\u00e1 por 2011, \u00c9rica me dijo abramos un negocio propio y a m\u00ed no me gustaba trabajar en un cuadrito de oficina. Vimos qu\u00e9 necesidades hab\u00eda en la comunidad y pensamos muchas ideas. \u00bfPor qu\u00e9 no ponemos una cancha de futbol? A los guatemaltecos migrantes les gusta mucho jugar y no hay una. \u00bfO por qu\u00e9 no traemos caf\u00e9 de Guatemala y lo tostamos? \u00bfY si ponemos un caf\u00e9 o un restaurante?\u00a0 Pero no ten\u00edamos plata. Esa fue nuestra barrera. Y en eso alguien m\u00e1s puso una cancha, y por all\u00e1 un caf\u00e9 y en otro lado una cafeter\u00eda. Ya nos ganaron las ideas, pens\u00e9&#8221;, cuenta Christian. El sue\u00f1o se qued\u00f3 dormido.<\/p><p>&#8220;En 2016 una amiga nuestra, artista, quer\u00eda poner una escuela de arte para ni\u00f1os. Hab\u00eda un edificio abandonado, que hab\u00eda sido bodega y venta de granos en la d\u00e9cada 1950. Ella propuso comprarlo y que yo lo remodelara, para quedar 50 y 50 con la propiedad&#8221;.\u00a0<\/p><p>&#8220;Al final no fue posible, pero a m\u00ed me gust\u00f3 el lugar. As\u00ed que empec\u00e9 a hacer trabajos de construcci\u00f3n y las ganancias las destinaba al proyecto. Tambi\u00e9n apliqu\u00e9 a grants o becas, que apoyaban proyectos de energ\u00eda eficiente y mejoras comunitarias. Pasaron tres a\u00f1os pero por fin estuvo terminado. Pero en eso vino la pandemia&#8221;.<\/p><p>Finalmente, la gran apertura de Little Guatemala fue en 2022. Abajo est\u00e1 el video con el cual Christian invitaba a esa actividad, el 15 de septiembre.<\/p>\t\t\t\t\t\t\t\t<\/div>\n\t\t\t\t\t<\/div>\n\t\t<\/div>\n\t\t\t\t\t<\/div>\n\t\t<\/section>\n\t\t\t\t<section data-particle_enable=\"false\" data-particle-mobile-disabled=\"false\" class=\"elementor-section elementor-top-section elementor-element elementor-element-1a716a6 elementor-section-boxed elementor-section-height-default elementor-section-height-default\" data-id=\"1a716a6\" data-element_type=\"section\" data-e-type=\"section\">\n\t\t\t\t\t\t<div class=\"elementor-container elementor-column-gap-default\">\n\t\t\t\t\t<div class=\"elementor-column elementor-col-100 elementor-top-column elementor-element elementor-element-2c1f43d\" data-id=\"2c1f43d\" data-element_type=\"column\" data-e-type=\"column\">\n\t\t\t<div class=\"elementor-widget-wrap elementor-element-populated\">\n\t\t\t\t\t\t<div class=\"elementor-element elementor-element-c4fe599 elementor-invisible elementor-widget elementor-widget-video\" data-id=\"c4fe599\" data-element_type=\"widget\" data-e-type=\"widget\" data-settings=\"{&quot;youtube_url&quot;:&quot;https:\\\/\\\/www.youtube.com\\\/watch?v=VVflDcIg3gI&amp;t=281s&quot;,&quot;_animation&quot;:&quot;slideInUp&quot;,&quot;video_type&quot;:&quot;youtube&quot;,&quot;controls&quot;:&quot;yes&quot;}\" data-widget_type=\"video.default\">\n\t\t\t\t\t\t\t<div class=\"elementor-wrapper elementor-open-inline\">\n\t\t\t<div class=\"elementor-video\"><\/div>\t\t<\/div>\n\t\t\t\t\t\t<\/div>\n\t\t\t\t\t<\/div>\n\t\t<\/div>\n\t\t\t\t\t<\/div>\n\t\t<\/section>\n\t\t\t\t<section data-particle_enable=\"false\" data-particle-mobile-disabled=\"false\" class=\"elementor-section elementor-top-section elementor-element elementor-element-834b690 elementor-section-boxed elementor-section-height-default elementor-section-height-default\" data-id=\"834b690\" data-element_type=\"section\" data-e-type=\"section\">\n\t\t\t\t\t\t<div class=\"elementor-container elementor-column-gap-default\">\n\t\t\t\t\t<div class=\"elementor-column elementor-col-100 elementor-top-column elementor-element elementor-element-b699273\" data-id=\"b699273\" data-element_type=\"column\" data-e-type=\"column\">\n\t\t\t<div class=\"elementor-widget-wrap elementor-element-populated\">\n\t\t\t\t\t\t\t<\/div>\n\t\t<\/div>\n\t\t\t\t\t<\/div>\n\t\t<\/section>\n\t\t\t\t<section data-particle_enable=\"false\" data-particle-mobile-disabled=\"false\" class=\"elementor-section elementor-top-section elementor-element elementor-element-e51b341 elementor-section-boxed elementor-section-height-default elementor-section-height-default\" data-id=\"e51b341\" data-element_type=\"section\" data-e-type=\"section\">\n\t\t\t\t\t\t<div class=\"elementor-container elementor-column-gap-default\">\n\t\t\t\t\t<div class=\"elementor-column elementor-col-100 elementor-top-column elementor-element elementor-element-2f0b1f9\" data-id=\"2f0b1f9\" data-element_type=\"column\" data-e-type=\"column\">\n\t\t\t<div class=\"elementor-widget-wrap elementor-element-populated\">\n\t\t\t\t\t\t<div class=\"elementor-element elementor-element-8b8a017 elementor-widget elementor-widget-heading\" data-id=\"8b8a017\" data-element_type=\"widget\" data-e-type=\"widget\" data-widget_type=\"heading.default\">\n\t\t\t\t\t<h2 class=\"elementor-heading-title elementor-size-default\">Salvados por el caf\u00e9<\/h2>\t\t\t\t<\/div>\n\t\t\t\t\t<\/div>\n\t\t<\/div>\n\t\t\t\t\t<\/div>\n\t\t<\/section>\n\t\t\t\t<section data-particle_enable=\"false\" data-particle-mobile-disabled=\"false\" class=\"elementor-section elementor-top-section elementor-element elementor-element-c306d24 elementor-section-boxed elementor-section-height-default elementor-section-height-default\" data-id=\"c306d24\" data-element_type=\"section\" data-e-type=\"section\">\n\t\t\t\t\t\t<div class=\"elementor-container elementor-column-gap-default\">\n\t\t\t\t\t<div class=\"elementor-column elementor-col-100 elementor-top-column elementor-element elementor-element-d6fb187\" data-id=\"d6fb187\" data-element_type=\"column\" data-e-type=\"column\">\n\t\t\t<div class=\"elementor-widget-wrap elementor-element-populated\">\n\t\t\t\t\t\t<div class=\"elementor-element elementor-element-c4376db elementor-widget elementor-widget-text-editor\" data-id=\"c4376db\" data-element_type=\"widget\" data-e-type=\"widget\" data-widget_type=\"text-editor.default\">\n\t\t\t\t\t\t\t\t\t<p>Christian y \u00c9rica comenzaron a tostar y distribuir caf\u00e9 desde 2014. &#8220;Era lo que yo aprend\u00ed a hacer. Conocimos varias vincas de Guatemala a las cuales les compramos grano con calidad de exportaci\u00f3n. Hab\u00edamos tenido otras marcas antes, pero fue Little Guatemala la que se posicion\u00f3.\u00a0 Durante la pandemia empezamos a vender bastante en l\u00ednea. Esas ventas nos mantuvieron con vida porque no se pod\u00eda abrir el restaurante ni la cancha por las restricciones&#8221;, relata.<\/p><p>Mientras la construcci\u00f3n avanzaba, Christian adapt\u00f3 un viejo remolque que se usaba para transportar caballos. Lo pint\u00f3, lo restaur\u00f3 y all\u00ed instal\u00f3 los equipos para servir caf\u00e9. &#8220;Nos funcion\u00f3 muy bien, porque los trabajos tardaron. Hubo momentos en los cuales casi tiraba la toalla. No fue f\u00e1cil restaurar aquel viejo edificio: le cambiamos el techo, le cambiamos la madera&#8230;. fue una reconstrucci\u00f3n&#8221;, cuenta.<\/p><p>Aquella antigua venta de semillas, que anteriormente fue una destiler\u00eda, hoy encierra un tesoro de tejidos y arte maya, sabores de caf\u00e9 de varias regiones, cacao tostado de manera artesanal. Hay presentaciones constantes de artistas y tambi\u00e9n talleres de creaci\u00f3n visual para ni\u00f1os. Es punto de encuentro para los migrantes guatemaltecos e hispanos de Morganton, el lugar donde gracias a un gran amor floreci\u00f3 una Little Guatemala.<\/p><p>\u00a0<\/p>\t\t\t\t\t\t\t\t<\/div>\n\t\t\t\t\t<\/div>\n\t\t<\/div>\n\t\t\t\t\t<\/div>\n\t\t<\/section>\n\t\t\t\t<section data-particle_enable=\"false\" data-particle-mobile-disabled=\"false\" class=\"elementor-section elementor-top-section elementor-element elementor-element-fd21bbb elementor-section-boxed elementor-section-height-default elementor-section-height-default\" data-id=\"fd21bbb\" data-element_type=\"section\" data-e-type=\"section\">\n\t\t\t\t\t\t<div class=\"elementor-container elementor-column-gap-default\">\n\t\t\t\t\t<div class=\"elementor-column elementor-col-100 elementor-top-column elementor-element elementor-element-1905f25\" data-id=\"1905f25\" data-element_type=\"column\" data-e-type=\"column\">\n\t\t\t<div class=\"elementor-widget-wrap elementor-element-populated\">\n\t\t\t\t\t\t<div class=\"elementor-element elementor-element-e48cb64 elementor-widget elementor-widget-image\" data-id=\"e48cb64\" data-element_type=\"widget\" data-e-type=\"widget\" data-widget_type=\"image.default\">\n\t\t\t\t\t\t\t\t\t\t\t\t<figure class=\"wp-caption\">\n\t\t\t\t\t\t\t\t\t\t<img loading=\"lazy\" decoding=\"async\" width=\"1024\" height=\"1024\" src=\"https:\/\/soymigrante.com\/revista\/wp-content\/uploads\/2023\/09\/Proyecto-Little-Guatemala-del-migrante-guatemalteco-Cristian-Ramazzini-en-Carolina-del-Norte-24-1024x1024.webp\" class=\"attachment-large size-large wp-image-2561\" alt=\"Christian Ramazzini junto a su esposa Erica y sus seis hijos: un hogar lleno de amor y valores en el cual se comparte el trabajo, la dedicaci\u00f3n y la creatividad, en el coraz\u00f3n de Morganton, Alabama.\" srcset=\"https:\/\/soymigrante.com\/revista\/wp-content\/uploads\/2023\/09\/Proyecto-Little-Guatemala-del-migrante-guatemalteco-Cristian-Ramazzini-en-Carolina-del-Norte-24-1024x1024.webp 1024w, https:\/\/soymigrante.com\/revista\/wp-content\/uploads\/2023\/09\/Proyecto-Little-Guatemala-del-migrante-guatemalteco-Cristian-Ramazzini-en-Carolina-del-Norte-24-300x300.webp 300w, https:\/\/soymigrante.com\/revista\/wp-content\/uploads\/2023\/09\/Proyecto-Little-Guatemala-del-migrante-guatemalteco-Cristian-Ramazzini-en-Carolina-del-Norte-24-150x150.webp 150w, https:\/\/soymigrante.com\/revista\/wp-content\/uploads\/2023\/09\/Proyecto-Little-Guatemala-del-migrante-guatemalteco-Cristian-Ramazzini-en-Carolina-del-Norte-24-768x768.webp 768w, https:\/\/soymigrante.com\/revista\/wp-content\/uploads\/2023\/09\/Proyecto-Little-Guatemala-del-migrante-guatemalteco-Cristian-Ramazzini-en-Carolina-del-Norte-24-75x75.webp 75w, https:\/\/soymigrante.com\/revista\/wp-content\/uploads\/2023\/09\/Proyecto-Little-Guatemala-del-migrante-guatemalteco-Cristian-Ramazzini-en-Carolina-del-Norte-24-750x750.webp 750w, https:\/\/soymigrante.com\/revista\/wp-content\/uploads\/2023\/09\/Proyecto-Little-Guatemala-del-migrante-guatemalteco-Cristian-Ramazzini-en-Carolina-del-Norte-24-1140x1140.webp 1140w, https:\/\/soymigrante.com\/revista\/wp-content\/uploads\/2023\/09\/Proyecto-Little-Guatemala-del-migrante-guatemalteco-Cristian-Ramazzini-en-Carolina-del-Norte-24-600x600.webp 600w, https:\/\/soymigrante.com\/revista\/wp-content\/uploads\/2023\/09\/Proyecto-Little-Guatemala-del-migrante-guatemalteco-Cristian-Ramazzini-en-Carolina-del-Norte-24.webp 1440w\" sizes=\"(max-width: 1024px) 100vw, 1024px\" title=\"Christian Ramazzini junto a su esposa Erica y sus seis hijos: un hogar lleno de amor y valores en el cual se comparte el trabajo, la dedicaci\u00f3n y la creatividad, en el coraz\u00f3n de Morganton, Alabama. \u2013 SoyMigrante.com REVISTA\" \/>\t\t\t\t\t\t\t\t\t\t\t<figcaption class=\"widget-image-caption wp-caption-text\">Christian Ramazzini junto a su esposa Erica y sus seis hijos: un hogar lleno de amor y valores en el cual se comparte el trabajo, la dedicaci\u00f3n y la creatividad, en el coraz\u00f3n de Morganton, Alabama.<\/figcaption>\n\t\t\t\t\t\t\t\t\t\t<\/figure>\n\t\t\t\t\t\t\t\t\t<\/div>\n\t\t\t\t\t<\/div>\n\t\t<\/div>\n\t\t\t\t\t<\/div>\n\t\t<\/section>\n\t\t\t\t<section data-particle_enable=\"false\" data-particle-mobile-disabled=\"false\" class=\"elementor-section elementor-top-section elementor-element elementor-element-7cc8623 elementor-section-boxed elementor-section-height-default elementor-section-height-default\" data-id=\"7cc8623\" data-element_type=\"section\" data-e-type=\"section\">\n\t\t\t\t\t\t<div class=\"elementor-container elementor-column-gap-default\">\n\t\t\t\t\t<div class=\"elementor-column elementor-col-100 elementor-top-column elementor-element elementor-element-8a3efa1\" data-id=\"8a3efa1\" data-element_type=\"column\" data-e-type=\"column\">\n\t\t\t<div class=\"elementor-widget-wrap elementor-element-populated\">\n\t\t\t\t\t\t<div class=\"elementor-element elementor-element-1774e4a elementor-invisible elementor-widget elementor-widget-testimonial\" data-id=\"1774e4a\" data-element_type=\"widget\" data-e-type=\"widget\" data-settings=\"{&quot;_animation&quot;:&quot;fadeInLeft&quot;}\" data-widget_type=\"testimonial.default\">\n\t\t\t\t\t\t\t<div class=\"elementor-testimonial-wrapper\">\n\t\t\t\t\t\t\t<div class=\"elementor-testimonial-content\">\"Hubo momentos dif\u00edciles en los que no hab\u00eda dinero para seguir la remodelaci\u00f3n, pero mantuvimos el sue\u00f1o. Adem\u00e1s se recuper\u00f3 un espacio y se convirti\u00f3 en plaza con la donaci\u00f3n de ladrillos, la cual ahora est\u00e1 al servicio de la comunidad\"<\/div>\n\t\t\t\n\t\t\t\t\t\t<div class=\"elementor-testimonial-meta elementor-has-image elementor-testimonial-image-position-aside\">\n\t\t\t\t<div class=\"elementor-testimonial-meta-inner\">\n\t\t\t\t\t\t\t\t\t\t\t<div class=\"elementor-testimonial-image\">\n\t\t\t\t\t\t\t<img loading=\"lazy\" decoding=\"async\" width=\"1242\" height=\"1304\" src=\"https:\/\/soymigrante.com\/revista\/wp-content\/uploads\/2023\/09\/little-gt.webp\" class=\"attachment-full size-full wp-image-2568\" alt=\"\" title=\"little gt \u2013 SoyMigrante.com REVISTA\" srcset=\"https:\/\/soymigrante.com\/revista\/wp-content\/uploads\/2023\/09\/little-gt.webp 1242w, https:\/\/soymigrante.com\/revista\/wp-content\/uploads\/2023\/09\/little-gt-286x300.webp 286w, https:\/\/soymigrante.com\/revista\/wp-content\/uploads\/2023\/09\/little-gt-975x1024.webp 975w, https:\/\/soymigrante.com\/revista\/wp-content\/uploads\/2023\/09\/little-gt-768x806.webp 768w, https:\/\/soymigrante.com\/revista\/wp-content\/uploads\/2023\/09\/little-gt-750x787.webp 750w, https:\/\/soymigrante.com\/revista\/wp-content\/uploads\/2023\/09\/little-gt-1140x1197.webp 1140w\" sizes=\"(max-width: 1242px) 100vw, 1242px\" \/>\t\t\t\t\t\t<\/div>\n\t\t\t\t\t\n\t\t\t\t\t\t\t\t\t\t<div class=\"elementor-testimonial-details\">\n\t\t\t\t\t\t\t\t\t\t\t\t\t\t<div class=\"elementor-testimonial-name\">Christian Ramazzini<\/div>\n\t\t\t\t\t\t\t\t\t\t\t\t\t\t\t\t\t\t\t\t\t\t<div class=\"elementor-testimonial-job\">Migrante guatemalteco, emprendedor, traductor, barista, constructor, impulsor del deporte y de la cultura guatemalteca en Carolina del Norte, pero sobre todo un gran padre y esposo.<\/div>\n\t\t\t\t\t\t\t\t\t\t\t\t\t<\/div>\n\t\t\t\t\t\t\t\t\t<\/div>\n\t\t\t<\/div>\n\t\t\t\t\t<\/div>\n\t\t\t\t\t\t<\/div>\n\t\t\t\t\t<\/div>\n\t\t<\/div>\n\t\t\t\t\t<\/div>\n\t\t<\/section>\n\t\t\t\t<section data-particle_enable=\"false\" data-particle-mobile-disabled=\"false\" class=\"elementor-section elementor-top-section elementor-element elementor-element-aea6842 elementor-section-boxed elementor-section-height-default elementor-section-height-default\" data-id=\"aea6842\" data-element_type=\"section\" data-e-type=\"section\">\n\t\t\t\t\t\t<div class=\"elementor-container elementor-column-gap-default\">\n\t\t\t\t\t<div class=\"elementor-column elementor-col-100 elementor-top-column elementor-element elementor-element-5a5e015\" data-id=\"5a5e015\" data-element_type=\"column\" data-e-type=\"column\">\n\t\t\t<div class=\"elementor-widget-wrap elementor-element-populated\">\n\t\t\t\t\t\t<div class=\"elementor-element elementor-element-9d9deb5 elementor-widget elementor-widget-video\" data-id=\"9d9deb5\" data-element_type=\"widget\" data-e-type=\"widget\" data-settings=\"{&quot;youtube_url&quot;:&quot;https:\\\/\\\/www.youtube.com\\\/watch?v=u60LcqkbRmU&amp;t=87s&quot;,&quot;video_type&quot;:&quot;youtube&quot;,&quot;controls&quot;:&quot;yes&quot;}\" data-widget_type=\"video.default\">\n\t\t\t\t\t\t\t<div class=\"elementor-wrapper elementor-open-inline\">\n\t\t\t<div class=\"elementor-video\"><\/div>\t\t<\/div>\n\t\t\t\t\t\t<\/div>\n\t\t\t\t\t<\/div>\n\t\t<\/div>\n\t\t\t\t\t<\/div>\n\t\t<\/section>\n\t\t\t\t<section data-particle_enable=\"false\" data-particle-mobile-disabled=\"false\" class=\"elementor-section elementor-top-section elementor-element elementor-element-3e326a9 elementor-section-boxed elementor-section-height-default elementor-section-height-default\" data-id=\"3e326a9\" data-element_type=\"section\" data-e-type=\"section\">\n\t\t\t\t\t\t<div class=\"elementor-container elementor-column-gap-default\">\n\t\t\t\t\t<div class=\"elementor-column elementor-col-100 elementor-top-column elementor-element elementor-element-82aa929\" data-id=\"82aa929\" data-element_type=\"column\" data-e-type=\"column\">\n\t\t\t<div class=\"elementor-widget-wrap elementor-element-populated\">\n\t\t\t\t\t\t<div class=\"elementor-element elementor-element-40fab41 elementor-widget-divider--view-line elementor-widget elementor-widget-divider\" data-id=\"40fab41\" data-element_type=\"widget\" data-e-type=\"widget\" data-widget_type=\"divider.default\">\n\t\t\t\t\t\t\t<div class=\"elementor-divider\">\n\t\t\t<span class=\"elementor-divider-separator\">\n\t\t\t\t\t\t<\/span>\n\t\t<\/div>\n\t\t\t\t\t\t<\/div>\n\t\t\t\t\t<\/div>\n\t\t<\/div>\n\t\t\t\t\t<\/div>\n\t\t<\/section>\n\t\t\t\t<section data-particle_enable=\"false\" data-particle-mobile-disabled=\"false\" class=\"elementor-section elementor-top-section elementor-element elementor-element-922f60a elementor-section-boxed elementor-section-height-default elementor-section-height-default\" data-id=\"922f60a\" data-element_type=\"section\" data-e-type=\"section\">\n\t\t\t\t\t\t<div class=\"elementor-container elementor-column-gap-default\">\n\t\t\t\t\t<div class=\"elementor-column elementor-col-100 elementor-top-column elementor-element elementor-element-04f2059\" data-id=\"04f2059\" data-element_type=\"column\" data-e-type=\"column\">\n\t\t\t<div class=\"elementor-widget-wrap elementor-element-populated\">\n\t\t\t\t\t\t<div class=\"elementor-element elementor-element-59d591b elementor-widget elementor-widget-heading\" data-id=\"59d591b\" data-element_type=\"widget\" data-e-type=\"widget\" data-widget_type=\"heading.default\">\n\t\t\t\t\t<h2 class=\"elementor-heading-title elementor-size-default\">Otros contenidos que te pueden interesar en nuestra secci\u00f3n Mejor <\/h2>\t\t\t\t<\/div>\n\t\t\t\t\t<\/div>\n\t\t<\/div>\n\t\t\t\t\t<\/div>\n\t\t<\/section>\n\t\t\t\t<section data-particle_enable=\"false\" data-particle-mobile-disabled=\"false\" class=\"elementor-section elementor-top-section elementor-element elementor-element-e2fbf3a elementor-section-boxed elementor-section-height-default elementor-section-height-default\" data-id=\"e2fbf3a\" data-element_type=\"section\" data-e-type=\"section\">\n\t\t\t\t\t\t<div class=\"elementor-container elementor-column-gap-default\">\n\t\t\t\t\t<div class=\"elementor-column elementor-col-100 elementor-top-column elementor-element elementor-element-9403fdc\" data-id=\"9403fdc\" data-element_type=\"column\" data-e-type=\"column\">\n\t\t\t<div class=\"elementor-widget-wrap elementor-element-populated\">\n\t\t\t\t\t\t<div class=\"elementor-element elementor-element-ddec29a elementor-grid-eael-col-2 elementor-grid-tablet-eael-col-2 elementor-grid-mobile-eael-col-1 elementor-widget elementor-widget-eael-post-grid\" data-id=\"ddec29a\" data-element_type=\"widget\" data-e-type=\"widget\" data-settings=\"{&quot;eael_post_grid_columns&quot;:&quot;eael-col-2&quot;,&quot;eael_post_grid_columns_tablet&quot;:&quot;eael-col-2&quot;,&quot;eael_post_grid_columns_mobile&quot;:&quot;eael-col-1&quot;}\" data-widget_type=\"eael-post-grid.default\">\n\t\t\t\t\t<div id=\"eael-post-grid-ddec29a\" class=\"eael-post-grid-container\">\n            <div class=\"eael-post-grid eael-post-appender eael-post-appender-ddec29a eael-post-grid-style-one\" data-layout-mode=\"masonry\"><article class=\"eael-grid-post  eael-post-grid-column eael-pg-post-17480 category-bienestar\" data-id=\"17480\">\n        <div class=\"eael-grid-post-holder\">\n            <div class=\"eael-grid-post-holder-inner\"><div class=\"eael-entry-media\"><div class=\"eael-entry-overlay fade-in\"><i class=\"fas fa-long-arrow-alt-right\" aria-hidden=\"true\"><\/i><a href=\"https:\/\/soymigrante.com\/revista\/consejos-para-hacer-crecer-las-ventas-de-tu-emprendimiento\/\"><\/a><\/div><div class=\"eael-entry-thumbnail \">\n                <img loading=\"lazy\" decoding=\"async\" width=\"300\" height=\"300\" src=\"https:\/\/soymigrante.com\/revista\/wp-content\/uploads\/2024\/11\/emprendedor2-scaled-e1736226196760-300x300.webp\" class=\"attachment-medium size-medium wp-image-13303\" alt=\"Emprendedora femenina en taller de cer\u00e1mica, con computadora y tel\u00e9fono m\u00f3vil, resaltando el trabajo artesanal y digital en comunidad migrante en M\u00e9xico.\" srcset=\"https:\/\/soymigrante.com\/revista\/wp-content\/uploads\/2024\/11\/emprendedor2-scaled-e1736226196760-300x300.webp 300w, https:\/\/soymigrante.com\/revista\/wp-content\/uploads\/2024\/11\/emprendedor2-scaled-e1736226196760-1024x1022.webp 1024w, https:\/\/soymigrante.com\/revista\/wp-content\/uploads\/2024\/11\/emprendedor2-scaled-e1736226196760-150x150.webp 150w, https:\/\/soymigrante.com\/revista\/wp-content\/uploads\/2024\/11\/emprendedor2-scaled-e1736226196760-768x766.webp 768w, https:\/\/soymigrante.com\/revista\/wp-content\/uploads\/2024\/11\/emprendedor2-scaled-e1736226196760-75x75.webp 75w, https:\/\/soymigrante.com\/revista\/wp-content\/uploads\/2024\/11\/emprendedor2-scaled-e1736226196760-750x748.webp 750w, https:\/\/soymigrante.com\/revista\/wp-content\/uploads\/2024\/11\/emprendedor2-scaled-e1736226196760-1140x1137.webp 1140w, https:\/\/soymigrante.com\/revista\/wp-content\/uploads\/2024\/11\/emprendedor2-scaled-e1736226196760.webp 1280w\" sizes=\"(max-width: 300px) 100vw, 300px\" \/>\n            <\/div>\n        <\/div><div class=\"eael-entry-wrapper\"><header class=\"eael-entry-header\"><h2 class=\"eael-entry-title\"><a class=\"eael-grid-post-link\" href=\"https:\/\/soymigrante.com\/revista\/consejos-para-hacer-crecer-las-ventas-de-tu-emprendimiento\/\" title=\"Consejos para hacer crecer las ventas de tu emprendimiento\">Consejos para hacer crecer las ventas de tu emprendimiento<\/a><\/h2><\/header><div class=\"eael-entry-footer\"><div class=\"eael-entry-meta\"><\/div><\/div><\/div><\/div>\n        <\/div>\n    <\/article><article class=\"eael-grid-post  eael-post-grid-column eael-pg-post-13232 category-bienestar\" data-id=\"13232\">\n        <div class=\"eael-grid-post-holder\">\n            <div class=\"eael-grid-post-holder-inner\"><div class=\"eael-entry-media\"><div class=\"eael-entry-overlay fade-in\"><i class=\"fas fa-long-arrow-alt-right\" aria-hidden=\"true\"><\/i><a href=\"https:\/\/soymigrante.com\/revista\/temas-que-puede-ser-mejor-evitar-en-las-cenas-de-accion-de-gracias-y-navidad\/\"><\/a><\/div><div class=\"eael-entry-thumbnail \">\n                <img loading=\"lazy\" decoding=\"async\" width=\"300\" height=\"300\" src=\"https:\/\/soymigrante.com\/revista\/wp-content\/uploads\/2024\/11\/reunion-familiar-navidad-en-guatemala-300x300.png\" class=\"attachment-medium size-medium wp-image-50089\" alt=\"reunion familiar navidad en guatemala\" srcset=\"https:\/\/soymigrante.com\/revista\/wp-content\/uploads\/2024\/11\/reunion-familiar-navidad-en-guatemala-300x300.png 300w, https:\/\/soymigrante.com\/revista\/wp-content\/uploads\/2024\/11\/reunion-familiar-navidad-en-guatemala-150x150.png 150w, https:\/\/soymigrante.com\/revista\/wp-content\/uploads\/2024\/11\/reunion-familiar-navidad-en-guatemala-768x768.png 768w, https:\/\/soymigrante.com\/revista\/wp-content\/uploads\/2024\/11\/reunion-familiar-navidad-en-guatemala-75x75.png 75w, https:\/\/soymigrante.com\/revista\/wp-content\/uploads\/2024\/11\/reunion-familiar-navidad-en-guatemala-750x750.png 750w, https:\/\/soymigrante.com\/revista\/wp-content\/uploads\/2024\/11\/reunion-familiar-navidad-en-guatemala.png 1024w\" sizes=\"(max-width: 300px) 100vw, 300px\" \/>\n            <\/div>\n        <\/div><div class=\"eael-entry-wrapper\"><header class=\"eael-entry-header\"><h2 class=\"eael-entry-title\"><a class=\"eael-grid-post-link\" href=\"https:\/\/soymigrante.com\/revista\/temas-que-puede-ser-mejor-evitar-en-las-cenas-de-accion-de-gracias-y-navidad\/\" title=\"Temas de conversaci\u00f3n que resulta mejor evitar en reuniones familiares navide\u00f1as\">Temas de conversaci\u00f3n que resulta mejor evitar en reuniones familiares navide\u00f1as<\/a><\/h2><\/header><div class=\"eael-entry-footer\"><div class=\"eael-entry-meta\"><\/div><\/div><\/div><\/div>\n        <\/div>\n    <\/article><\/div>\n            <div class=\"clearfix\"><\/div>\n        <\/div>            <div class=\"eael-load-more-button-wrap eael-force-hide\">\n                <button class=\"eael-load-more-button\" id=\"eael-load-more-btn-ddec29a\" data-widget-id=\"ddec29a\" data-widget=\"ddec29a\" data-page-id=\"2535\" data-template=\"{&quot;dir&quot;:&quot;lite&quot;,&quot;file_name&quot;:&quot;one.php&quot;,&quot;name&quot;:&quot;Post-Grid&quot;}\" data-class=\"Essential_Addons_Elementor\\Elements\\Post_Grid\" data-layout=\"masonry\" data-page=\"1\" data-args=\"orderby=rand&amp;order=desc&amp;ignore_sticky_posts=1&amp;post_status=publish&amp;posts_per_page=2&amp;offset=0&amp;post_type=post&amp;tax_query%5B0%5D%5Btaxonomy%5D=category&amp;tax_query%5B0%5D%5Bfield%5D=term_id&amp;tax_query%5B0%5D%5Bterms%5D%5B0%5D=55&amp;tax_query%5Brelation%5D=AND\" data-max-page=\"186\">\n                    <span class=\"eael-btn-loader button__loader\"><\/span>\n                    <span class=\"eael_load_more_text\">Load More<\/span>\n                <\/button>\n            <\/div>\n            \t\t\t\t<\/div>\n\t\t\t\t\t<\/div>\n\t\t<\/div>\n\t\t\t\t\t<\/div>\n\t\t<\/section>\n\t\t\t\t<\/div>\n\t\t","protected":false},"excerpt":{"rendered":"<p>Ni f\u00e1cil ni r\u00e1pida ha sido la historia de la tienda, caf\u00e9, restaurante, centro deportivo y cultural Little Guatemala en Carolina del Norte: pero es su \u00e9xito es real gracias al amor, trabajo e ingenio del migrante guatemalteco Christian Ramazzini y su esposa Erica. El logo de Little Guatemala es un dibujo del propio Christian [&hellip;]<\/p>\n","protected":false},"author":7,"featured_media":2567,"comment_status":"open","ping_status":"open","sticky":false,"template":"","format":"standard","meta":{"_acf_changed":false,"_eb_attr":"","footnotes":""},"categories":[50],"tags":[],"class_list":["post-2535","post","type-post","status-publish","format-standard","has-post-thumbnail","hentry","category-exitos"],"acf":[],"aioseo_notices":[],"aioseo_head":"\n\t\t<!-- All in One SEO Pro 4.9.6.2 - aioseo.com -->\n\t<meta name=\"description\" content=\"Las reuniones familiares Navidad son muy ansiadas, pero tambi\u00e9n traen memorias. En favor de la armon\u00eda hay temas que resulta mejor evitar traer a colaci\u00f3n.\" \/>\n\t<meta name=\"robots\" content=\"max-snippet:-1, max-image-preview:large, max-video-preview:-1\" \/>\n\t<meta name=\"author\" content=\"SoyMigrante.com REVISTA\"\/>\n\t<link rel=\"canonical\" href=\"https:\/\/soymigrante.com\/revista\/temas-que-puede-ser-mejor-evitar-en-las-cenas-de-accion-de-gracias-y-navidad\/\" \/>\n\t<meta name=\"generator\" content=\"All in One SEO Pro (AIOSEO) 4.9.6.2\" \/>\n\n\t\t<link rel=\"preconnect\" href=\"https:\/\/fonts.googleapis.com\" crossorigin>\n<link rel=\"preconnect\" href=\"https:\/\/fonts.gstatic.com\" crossorigin>\n\t\t<meta property=\"og:locale\" content=\"es_ES\" \/>\n\t\t<meta property=\"og:site_name\" content=\"SoyMigrante.com REVISTA \u2013 Nuestra misi\u00f3n es reconocer y dignificar al migrante.\" \/>\n\t\t<meta property=\"og:type\" content=\"article\" \/>\n\t\t<meta property=\"og:title\" content=\"Temas que es mejor evitar en la cena de Acci\u00f3n de Gracias\" \/>\n\t\t<meta property=\"og:description\" content=\"Las reuniones familiares Navidad son muy ansiadas, pero tambi\u00e9n traen memorias. En favor de la armon\u00eda hay temas que resulta mejor evitar traer a colaci\u00f3n.\" \/>\n\t\t<meta property=\"og:url\" content=\"https:\/\/soymigrante.com\/revista\/temas-que-puede-ser-mejor-evitar-en-las-cenas-de-accion-de-gracias-y-navidad\/\" \/>\n\t\t<meta property=\"og:image\" content=\"https:\/\/soymigrante.com\/revista\/wp-content\/uploads\/2024\/11\/reunion-familiar-navidad-en-guatemala.png\" \/>\n\t\t<meta property=\"og:image:secure_url\" content=\"https:\/\/soymigrante.com\/revista\/wp-content\/uploads\/2024\/11\/reunion-familiar-navidad-en-guatemala.png\" \/>\n\t\t<meta property=\"og:image:width\" content=\"1024\" \/>\n\t\t<meta property=\"og:image:height\" content=\"1024\" \/>\n\t\t<meta property=\"article:published_time\" content=\"2025-12-23T16:12:38+00:00\" \/>\n\t\t<meta property=\"article:modified_time\" content=\"2025-12-23T16:14:08+00:00\" \/>\n\t\t<meta property=\"article:publisher\" content=\"https:\/\/www.facebook.com\/soymigrantecom\" \/>\n\t\t<meta name=\"twitter:card\" content=\"summary_large_image\" \/>\n\t\t<meta name=\"twitter:site\" content=\"@SoyMigrante_com\" \/>\n\t\t<meta name=\"twitter:title\" content=\"Temas que es mejor evitar en la cena de Acci\u00f3n de Gracias\" \/>\n\t\t<meta name=\"twitter:description\" content=\"Las reuniones familiares Navidad son muy ansiadas, pero tambi\u00e9n traen memorias. En favor de la armon\u00eda hay temas que resulta mejor evitar traer a colaci\u00f3n.\" \/>\n\t\t<meta name=\"twitter:creator\" content=\"@SoyMigrante_com\" \/>\n\t\t<meta name=\"twitter:image\" content=\"https:\/\/soymigrante.com\/revista\/wp-content\/uploads\/2024\/11\/reunion-familiar-navidad-en-guatemala.png\" \/>\n\t\t<!-- All in One SEO Pro -->\r\n\t\t<title>Temas que es mejor evitar en la cena de Acci\u00f3n de Gracias<\/title>\n\n","aioseo_head_json":{"title":"Temas que es mejor evitar en la cena de Acci\u00f3n de Gracias","description":"Las reuniones familiares Navidad son muy ansiadas, pero tambi\u00e9n traen memorias. En favor de la armon\u00eda hay temas que resulta mejor evitar traer a colaci\u00f3n.","canonical_url":"https:\/\/soymigrante.com\/revista\/temas-que-puede-ser-mejor-evitar-en-las-cenas-de-accion-de-gracias-y-navidad\/","robots":"max-snippet:-1, max-image-preview:large, max-video-preview:-1","keywords":"","webmasterTools":{"miscellaneous":"&lt;link rel=\"preconnect\" href=\"https:\/\/fonts.googleapis.com\" crossorigin&gt;\n&lt;link rel=\"preconnect\" href=\"https:\/\/fonts.gstatic.com\" crossorigin&gt;"},"schema":null,"og:locale":"es_ES","og:site_name":"SoyMigrante.com REVISTA \u2013 Nuestra misi\u00f3n es reconocer y dignificar al migrante.","og:type":"article","og:title":"Temas que es mejor evitar en la cena de Acci\u00f3n de Gracias","og:description":"Las reuniones familiares Navidad son muy ansiadas, pero tambi\u00e9n traen memorias. En favor de la armon\u00eda hay temas que resulta mejor evitar traer a colaci\u00f3n.","og:url":"https:\/\/soymigrante.com\/revista\/temas-que-puede-ser-mejor-evitar-en-las-cenas-de-accion-de-gracias-y-navidad\/","og:image":"https:\/\/soymigrante.com\/revista\/wp-content\/uploads\/2024\/11\/reunion-familiar-navidad-en-guatemala.png","og:image:secure_url":"https:\/\/soymigrante.com\/revista\/wp-content\/uploads\/2024\/11\/reunion-familiar-navidad-en-guatemala.png","og:image:width":1024,"og:image:height":1024,"article:published_time":"2025-12-23T16:12:38+00:00","article:modified_time":"2025-12-23T16:14:08+00:00","article:publisher":"https:\/\/www.facebook.com\/soymigrantecom","twitter:card":"summary_large_image","twitter:site":"@SoyMigrante_com","twitter:title":"Temas que es mejor evitar en la cena de Acci\u00f3n de Gracias","twitter:description":"Las reuniones familiares Navidad son muy ansiadas, pero tambi\u00e9n traen memorias. En favor de la armon\u00eda hay temas que resulta mejor evitar traer a colaci\u00f3n.","twitter:creator":"@SoyMigrante_com","twitter:image":"https:\/\/soymigrante.com\/revista\/wp-content\/uploads\/2024\/11\/reunion-familiar-navidad-en-guatemala.png"},"aioseo_meta_data":{"post_id":"2535","title":null,"description":"#post_excerpt Little Guatemala es un proyecto cultural, comercial, social y deportivo en el coraz\u00f3n de Morganton, Carolina del Norte, impulsado por el migrante guatemalteco Christian Ramazzini.","keywords":[],"keyphrases":{"focus":{"keyphrase":"Migrante","score":91,"analysis":{"keyphraseInTitle":{"score":9,"maxScore":9,"error":0},"keyphraseInDescription":{"score":9,"maxScore":9,"error":0},"keyphraseLength":{"score":9,"maxScore":9,"error":0,"length":1},"keyphraseInURL":{"score":5,"maxScore":5,"error":0},"keyphraseInIntroduction":{"score":9,"maxScore":9,"error":0},"keyphraseInSubHeadings":{"score":3,"maxScore":9,"error":1},"keyphraseInImageAlt":{"score":9,"maxScore":9,"error":0},"keywordDensity":{"type":"best","score":9,"maxScore":9,"error":0}}},"additional":[]},"primary_term":null,"canonical_url":null,"og_title":null,"og_description":null,"og_object_type":"default","og_image_type":"default","og_image_url":null,"og_image_width":null,"og_image_height":null,"og_image_custom_url":null,"og_image_custom_fields":null,"og_video":"","og_custom_url":null,"og_article_section":null,"og_article_tags":[],"twitter_use_og":false,"twitter_card":"default","twitter_image_type":"default","twitter_image_url":null,"twitter_image_custom_url":null,"twitter_image_custom_fields":null,"twitter_title":null,"twitter_description":null,"schema":{"blockGraphs":[],"customGraphs":[],"default":{"data":{"Article":[],"Course":[],"Dataset":[],"FAQPage":[],"Movie":[],"Person":[],"Product":[],"ProductReview":[],"Car":[],"Recipe":[],"Service":[],"SoftwareApplication":[],"WebPage":[]},"graphName":"BlogPosting","isEnabled":true},"graphs":[]},"schema_type":"default","schema_type_options":null,"pillar_content":false,"robots_default":true,"robots_noindex":false,"robots_noarchive":false,"robots_nosnippet":false,"robots_nofollow":false,"robots_noimageindex":false,"robots_noodp":false,"robots_notranslate":false,"robots_max_snippet":"-1","robots_max_videopreview":"-1","robots_max_imagepreview":"large","priority":null,"frequency":"default","local_seo":null,"seo_analyzer_scan_date":"2025-10-08 20:23:12","breadcrumb_settings":null,"limit_modified_date":false,"reviewed_by":null,"open_ai":null,"ai":null,"created":"2023-09-11 17:03:08","updated":"2026-02-04 09:36:57"},"aioseo_breadcrumb":"<div class=\"aioseo-breadcrumbs\"><span class=\"aioseo-breadcrumb\">\n\t<a href=\"https:\/\/soymigrante.com\/revista\" title=\"Home\">Home<\/a>\n<\/span><span class=\"aioseo-breadcrumb-separator\">\u00bb<\/span><span class=\"aioseo-breadcrumb\">\n\t<a href=\"https:\/\/soymigrante.com\/revista\/category\/exitos\/\" title=\"\u00c9xitos\">\u00c9xitos<\/a>\n<\/span><span class=\"aioseo-breadcrumb-separator\">\u00bb<\/span><span class=\"aioseo-breadcrumb\">\n\tLittle Guatemala florece en Carolina del Norte: el sue\u00f1o del migrante y emprendedor Cristian Ramazzini\n<\/span><\/div>","aioseo_breadcrumb_json":[{"label":"Home","link":"https:\/\/soymigrante.com\/revista"},{"label":"\u00c9xitos","link":"https:\/\/soymigrante.com\/revista\/category\/exitos\/"},{"label":"Little Guatemala florece en Carolina del Norte: el sue\u00f1o del migrante y emprendedor Cristian Ramazzini","link":"https:\/\/soymigrante.com\/revista\/little-guatemala-florece-en-carolina-del-norte-el-sueno-del-migrante-y-emprendedor-cristian-ramazzini\/"}],"_links":{"self":[{"href":"https:\/\/soymigrante.com\/revista\/wp-json\/wp\/v2\/posts\/2535","targetHints":{"allow":["GET"]}}],"collection":[{"href":"https:\/\/soymigrante.com\/revista\/wp-json\/wp\/v2\/posts"}],"about":[{"href":"https:\/\/soymigrante.com\/revista\/wp-json\/wp\/v2\/types\/post"}],"author":[{"embeddable":true,"href":"https:\/\/soymigrante.com\/revista\/wp-json\/wp\/v2\/users\/7"}],"replies":[{"embeddable":true,"href":"https:\/\/soymigrante.com\/revista\/wp-json\/wp\/v2\/comments?post=2535"}],"version-history":[{"count":0,"href":"https:\/\/soymigrante.com\/revista\/wp-json\/wp\/v2\/posts\/2535\/revisions"}],"wp:featuredmedia":[{"embeddable":true,"href":"https:\/\/soymigrante.com\/revista\/wp-json\/wp\/v2\/media\/2567"}],"wp:attachment":[{"href":"https:\/\/soymigrante.com\/revista\/wp-json\/wp\/v2\/media?parent=2535"}],"wp:term":[{"taxonomy":"category","embeddable":true,"href":"https:\/\/soymigrante.com\/revista\/wp-json\/wp\/v2\/categories?post=2535"},{"taxonomy":"post_tag","embeddable":true,"href":"https:\/\/soymigrante.com\/revista\/wp-json\/wp\/v2\/tags?post=2535"}],"curies":[{"name":"wp","href":"https:\/\/api.w.org\/{rel}","templated":true}]}}