{"id":25240,"date":"2025-03-10T08:08:17","date_gmt":"2025-03-10T14:08:17","guid":{"rendered":"https:\/\/soymigrante.com\/revista\/?p=25240"},"modified":"2025-06-12T08:17:47","modified_gmt":"2025-06-12T14:17:47","slug":"el-volcan-de-fuego-deslumbra-y-alerta-por-su-constante-actividad-eruptiva","status":"publish","type":"post","link":"https:\/\/soymigrante.com\/revista\/el-volcan-de-fuego-deslumbra-y-alerta-por-su-constante-actividad-eruptiva\/","title":{"rendered":"El volc\u00e1n de Fuego deslumbra y alerta por su constante actividad eruptiva"},"content":{"rendered":"\t\t<div data-elementor-type=\"wp-post\" data-elementor-id=\"25240\" class=\"elementor elementor-25240\" data-elementor-post-type=\"post\">\n\t\t\t\t<div data-particle_enable=\"false\" data-particle-mobile-disabled=\"false\" class=\"elementor-element elementor-element-e1d7565 e-flex e-con-boxed e-con e-parent\" data-id=\"e1d7565\" data-element_type=\"container\" data-e-type=\"container\">\n\t\t\t\t\t<div class=\"e-con-inner\">\n\t\t\t\t<div class=\"elementor-element elementor-element-351476c elementor-widget elementor-widget-heading\" data-id=\"351476c\" data-element_type=\"widget\" data-e-type=\"widget\" data-widget_type=\"heading.default\">\n\t\t\t\t\t<h2 class=\"elementor-heading-title elementor-size-default\">Ubicado en la Sierra Madre de Guatemala, el Volc\u00e1n de Fuego es un coloso en constante actividad que ha marcado la historia y el paisaje del pa\u00eds con sus impresionantes erupciones. Conoce m\u00e1s de este imponente coloso.<\/h2>\t\t\t\t<\/div>\n\t\t\t\t\t<\/div>\n\t\t\t\t<\/div>\n\t\t<div data-particle_enable=\"false\" data-particle-mobile-disabled=\"false\" class=\"elementor-element elementor-element-4b019f3 e-flex e-con-boxed e-con e-parent\" data-id=\"4b019f3\" data-element_type=\"container\" data-e-type=\"container\">\n\t\t\t\t\t<div class=\"e-con-inner\">\n\t\t\t\t<div class=\"elementor-element elementor-element-8bb8ac4 elementor-widget elementor-widget-text-editor\" data-id=\"8bb8ac4\" data-element_type=\"widget\" data-e-type=\"widget\" data-widget_type=\"text-editor.default\">\n\t\t\t\t\t\t\t\t\t<p>Con una altura de 3,763 metros sobre el nivel del mar y una historia geol\u00f3gica milenaria, este volc\u00e1n es un reto para monta\u00f1istas y un fen\u00f3meno de estudio para cient\u00edficos y vulcan\u00f3logos.\u00a0<span style=\"color: var( --e-global-color-text ); text-align: var(--text-align);\">El volc\u00e1n de Fuego se encuentra en el suroccidente de Guatemala, espec\u00edficamente entre los departamentos de Sacatep\u00e9quez, Chimaltenango y Escuintla.\u00a0<\/span><\/p><p>Se ubica a aproximadamente 16 kil\u00f3metros de la ciudad colonial de Antigua Guatemala y forma parte del complejo volc\u00e1nico que incluye al volc\u00e1n Acatenango. Su proximidad a zonas urbanas lo convierte en un volc\u00e1n de alto inter\u00e9s para la vigilancia s\u00edsmica y vulcanol\u00f3gica.<\/p><p>Actualizaci\u00f3n: durante la madrugada del 10 de marzo de 2025 el volc\u00e1n de Fuego entr\u00f3 en una nueva etapa de fuerte erupci\u00f3n.<\/p>\t\t\t\t\t\t\t\t<\/div>\n\t\t\t\t\t<\/div>\n\t\t\t\t<\/div>\n\t\t<div data-particle_enable=\"false\" data-particle-mobile-disabled=\"false\" class=\"elementor-element elementor-element-69ac21f e-flex e-con-boxed e-con e-parent\" data-id=\"69ac21f\" data-element_type=\"container\" data-e-type=\"container\">\n\t\t\t\t\t<div class=\"e-con-inner\">\n\t\t\t\t<div class=\"elementor-element elementor-element-931fb8d elementor-widget elementor-widget-image\" data-id=\"931fb8d\" data-element_type=\"widget\" data-e-type=\"widget\" data-widget_type=\"image.default\">\n\t\t\t\t\t\t\t\t\t\t\t\t<figure class=\"wp-caption\">\n\t\t\t\t\t\t\t\t\t\t<img fetchpriority=\"high\" decoding=\"async\" width=\"768\" height=\"768\" src=\"https:\/\/soymigrante.com\/revista\/wp-content\/uploads\/2025\/02\/volcan-de-fuego-2-abel-e1748367266221-1024x1024.webp\" class=\"attachment-large size-large wp-image-25290\" alt=\"Lengua de fuego y lava en erupci\u00f3n volc\u00e1nica durante la noche, mostrando cenizas y magma en movimiento, capturada en una imagen impactante y din\u00e1mica.\" srcset=\"https:\/\/soymigrante.com\/revista\/wp-content\/uploads\/2025\/02\/volcan-de-fuego-2-abel-e1748367266221-1024x1024.webp 1024w, https:\/\/soymigrante.com\/revista\/wp-content\/uploads\/2025\/02\/volcan-de-fuego-2-abel-e1748367266221-300x300.webp 300w, https:\/\/soymigrante.com\/revista\/wp-content\/uploads\/2025\/02\/volcan-de-fuego-2-abel-e1748367266221-150x150.webp 150w, https:\/\/soymigrante.com\/revista\/wp-content\/uploads\/2025\/02\/volcan-de-fuego-2-abel-e1748367266221-768x768.webp 768w, https:\/\/soymigrante.com\/revista\/wp-content\/uploads\/2025\/02\/volcan-de-fuego-2-abel-e1748367266221-75x75.webp 75w, https:\/\/soymigrante.com\/revista\/wp-content\/uploads\/2025\/02\/volcan-de-fuego-2-abel-e1748367266221-750x750.webp 750w, https:\/\/soymigrante.com\/revista\/wp-content\/uploads\/2025\/02\/volcan-de-fuego-2-abel-e1748367266221-1140x1140.webp 1140w, https:\/\/soymigrante.com\/revista\/wp-content\/uploads\/2025\/02\/volcan-de-fuego-2-abel-e1748367266221.webp 1280w\" sizes=\"(max-width: 768px) 100vw, 768px\" title=\"El volc\u00e1n de Fuego tiene episodios de actividad eruptiva que se han convertido en un atractivo fotogr\u00e1fico y tur\u00edstico; sin embargo, estas erupciones pueden llegar a ser tan fuertes que podr\u00edan llegar a generar una emergencia. Fotograf\u00eda anterior a la actividad del 10 de marzo 2025. Foto Abel Ju\u00e1rez \u2013 SoyMigrante.com REVISTA\" \/>\t\t\t\t\t\t\t\t\t\t\t<figcaption class=\"widget-image-caption wp-caption-text\">Espectacular erupci\u00f3n volc\u00e1nica con lava y cenizas en acci\u00f3n, mostrando la fuerza de la naturaleza en la Tierra, ideal para art\u00edculos sobre geolog\u00eda y fen\u00f3menos naturales.<\/figcaption>\n\t\t\t\t\t\t\t\t\t\t<\/figure>\n\t\t\t\t\t\t\t\t\t<\/div>\n\t\t\t\t\t<\/div>\n\t\t\t\t<\/div>\n\t\t<div data-particle_enable=\"false\" data-particle-mobile-disabled=\"false\" class=\"elementor-element elementor-element-71a5cff e-flex e-con-boxed e-con e-parent\" data-id=\"71a5cff\" data-element_type=\"container\" data-e-type=\"container\">\n\t\t\t\t\t<div class=\"e-con-inner\">\n\t\t\t\t<div class=\"elementor-element elementor-element-f156899 elementor-widget elementor-widget-heading\" data-id=\"f156899\" data-element_type=\"widget\" data-e-type=\"widget\" data-widget_type=\"heading.default\">\n\t\t\t\t\t<h3 class=\"elementor-heading-title elementor-size-default\">\u00bfSabes cu\u00e1l es el tipo de erupci\u00f3n de este coloso?<\/h3>\t\t\t\t<\/div>\n\t\t\t\t\t<\/div>\n\t\t\t\t<\/div>\n\t\t<div data-particle_enable=\"false\" data-particle-mobile-disabled=\"false\" class=\"elementor-element elementor-element-71ecf1b e-flex e-con-boxed e-con e-parent\" data-id=\"71ecf1b\" data-element_type=\"container\" data-e-type=\"container\">\n\t\t\t\t\t<div class=\"e-con-inner\">\n\t\t\t\t<div class=\"elementor-element elementor-element-7be7a2a elementor-widget elementor-widget-text-editor\" data-id=\"7be7a2a\" data-element_type=\"widget\" data-e-type=\"widget\" data-widget_type=\"text-editor.default\">\n\t\t\t\t\t\t\t\t\t<p>Este volc\u00e1n es considerado uno de los m\u00e1s activos de Am\u00e9rica Central, con una estructura c\u00f3nica imponente y un cr\u00e1ter constantemente emitiendo gases y ceniza. Su actividad eruptiva es de tipo estromboliana, caracterizada por explosiones frecuentes que generan columnas de ceniza y lava.<\/p><p>El volc\u00e1n de Fuego se encuentra dentro del Cintur\u00f3n de Fuego del Pac\u00edfico,\u00a0<a style=\"text-align: var(--text-align)\" href=\"https:\/\/soymigrante.com\/revista\/san-lucas-toliman-refugio-de-aves-frente-al-lago-de-atitlan-y-al-pie-de-un-majestuoso-volcan\/\" target=\"_blank\" rel=\"noopener\">lo que explica su alta actividad s\u00edsmica y eruptiva.<\/a><\/p>\t\t\t\t\t\t\t\t<\/div>\n\t\t\t\t\t<\/div>\n\t\t\t\t<\/div>\n\t\t<div data-particle_enable=\"false\" data-particle-mobile-disabled=\"false\" class=\"elementor-element elementor-element-1cf54e9 e-flex e-con-boxed e-con e-parent\" data-id=\"1cf54e9\" data-element_type=\"container\" data-e-type=\"container\">\n\t\t\t\t\t<div class=\"e-con-inner\">\n\t\t\t\t<div class=\"elementor-element elementor-element-d32cdd5 elementor-widget elementor-widget-video\" data-id=\"d32cdd5\" data-element_type=\"widget\" data-e-type=\"widget\" data-settings=\"{&quot;youtube_url&quot;:&quot;https:\\\/\\\/www.youtube.com\\\/watch?v=zpqT6JkKI-4&quot;,&quot;video_type&quot;:&quot;youtube&quot;,&quot;controls&quot;:&quot;yes&quot;}\" data-widget_type=\"video.default\">\n\t\t\t\t\t\t\t<div class=\"elementor-wrapper elementor-open-inline\">\n\t\t\t<div class=\"elementor-video\"><\/div>\t\t<\/div>\n\t\t\t\t\t\t<\/div>\n\t\t\t\t\t<\/div>\n\t\t\t\t<\/div>\n\t\t<div data-particle_enable=\"false\" data-particle-mobile-disabled=\"false\" class=\"elementor-element elementor-element-f5446f1 e-flex e-con-boxed e-con e-parent\" data-id=\"f5446f1\" data-element_type=\"container\" data-e-type=\"container\">\n\t\t\t\t\t<div class=\"e-con-inner\">\n\t\t\t\t<div class=\"elementor-element elementor-element-6c6729a elementor-widget elementor-widget-heading\" data-id=\"6c6729a\" data-element_type=\"widget\" data-e-type=\"widget\" data-widget_type=\"heading.default\">\n\t\t\t\t\t<h3 class=\"elementor-heading-title elementor-size-default\">\u00bfCu\u00e1l ha sido la m\u00e1s reciente erupci\u00f3n fuerte?<\/h3>\t\t\t\t<\/div>\n\t\t\t\t\t<\/div>\n\t\t\t\t<\/div>\n\t\t<div data-particle_enable=\"false\" data-particle-mobile-disabled=\"false\" class=\"elementor-element elementor-element-edcfc7e e-flex e-con-boxed e-con e-parent\" data-id=\"edcfc7e\" data-element_type=\"container\" data-e-type=\"container\">\n\t\t\t\t\t<div class=\"e-con-inner\">\n\t\t\t\t<div class=\"elementor-element elementor-element-8dec91c elementor-widget elementor-widget-text-editor\" data-id=\"8dec91c\" data-element_type=\"widget\" data-e-type=\"widget\" data-widget_type=\"text-editor.default\">\n\t\t\t\t\t\t\t\t\t<p><span style=\"font-family: Roboto, sans-serif; font-size: 16px; font-style: normal; font-variant-ligatures: normal; font-variant-caps: normal; font-weight: 400; color: var( --e-global-color-text ); text-align: var(--text-align);\">Como se mencion\u00f3 antes, el 10 de marzo de 2025 se declar\u00f3 una alerta naranja de las autoridades de prevenci\u00f3n de desastres debido a la fuerte erupci\u00f3n registrada, que lanzar\u00e1 ceniza por amplias zonas de los alrededores.\u00a0<\/span><\/p><p>Desde tiempos prehisp\u00e1nicos, este volc\u00e1n ha registrado m\u00faltiples erupciones documentadas. Entre las m\u00e1s destructivas se encuentra la del 3 de junio de 2018, que caus\u00f3 graves da\u00f1os en comunidades cercanas y dej\u00f3 numerosas v\u00edctimas.<\/p><p>Instituciones como el Insivumeh y la Conred monitorean su actividad constantemente y han registrado decenas de explosiones diarias, lo que lo convierte en un volc\u00e1n de gran relevancia para la geolog\u00eda y la seguridad en Guatemala.<\/p>\t\t\t\t\t\t\t\t<\/div>\n\t\t\t\t\t<\/div>\n\t\t\t\t<\/div>\n\t\t<div data-particle_enable=\"false\" data-particle-mobile-disabled=\"false\" class=\"elementor-element elementor-element-66ddc5b e-flex e-con-boxed e-con e-parent\" data-id=\"66ddc5b\" data-element_type=\"container\" data-e-type=\"container\">\n\t\t\t\t\t<div class=\"e-con-inner\">\n\t\t\t\t<div class=\"elementor-element elementor-element-99bd36f elementor-widget elementor-widget-image\" data-id=\"99bd36f\" data-element_type=\"widget\" data-e-type=\"widget\" data-widget_type=\"image.default\">\n\t\t\t\t\t\t\t\t\t\t\t\t<figure class=\"wp-caption\">\n\t\t\t\t\t\t\t\t\t\t<img decoding=\"async\" width=\"768\" height=\"470\" src=\"https:\/\/soymigrante.com\/revista\/wp-content\/uploads\/2025\/02\/Acatenango-y-Fuego-abel-juarez-1024x626.jpg\" class=\"attachment-large size-large wp-image-25291\" alt=\"Volc\u00e1n Popocat\u00e9petl en M\u00e9xico, s\u00edmbolo de la naturaleza y la cultura mexicana, con actividad volc\u00e1nica visible, rodeado de nubes y cielo al amanecer o atardecer.\" srcset=\"https:\/\/soymigrante.com\/revista\/wp-content\/uploads\/2025\/02\/Acatenango-y-Fuego-abel-juarez-1024x626.jpg 1024w, https:\/\/soymigrante.com\/revista\/wp-content\/uploads\/2025\/02\/Acatenango-y-Fuego-abel-juarez-300x183.jpg 300w, https:\/\/soymigrante.com\/revista\/wp-content\/uploads\/2025\/02\/Acatenango-y-Fuego-abel-juarez-768x469.jpg 768w, https:\/\/soymigrante.com\/revista\/wp-content\/uploads\/2025\/02\/Acatenango-y-Fuego-abel-juarez-1536x938.jpg 1536w, https:\/\/soymigrante.com\/revista\/wp-content\/uploads\/2025\/02\/Acatenango-y-Fuego-abel-juarez-750x458.webp 750w, https:\/\/soymigrante.com\/revista\/wp-content\/uploads\/2025\/02\/Acatenango-y-Fuego-abel-juarez-1140x696.webp 1140w, https:\/\/soymigrante.com\/revista\/wp-content\/uploads\/2025\/02\/Acatenango-y-Fuego-abel-juarez.webp 1920w\" sizes=\"(max-width: 768px) 100vw, 768px\" title=\"Acatenango y Fuego abel juarez \u2013 SoyMigrante.com REVISTA\" \/>\t\t\t\t\t\t\t\t\t\t\t<figcaption class=\"widget-image-caption wp-caption-text\">Espectacular vista a\u00e9rea del volc\u00e1n Popocat\u00e9petl, uno de los volcanes activos m\u00e1s famosos de M\u00e9xico, mostrando fumarolas y caminos de senderismo en un entorno natural majestuoso y volc\u00e1nico.<\/figcaption>\n\t\t\t\t\t\t\t\t\t\t<\/figure>\n\t\t\t\t\t\t\t\t\t<\/div>\n\t\t\t\t\t<\/div>\n\t\t\t\t<\/div>\n\t\t<div data-particle_enable=\"false\" data-particle-mobile-disabled=\"false\" class=\"elementor-element elementor-element-e185d7e e-flex e-con-boxed e-con e-parent\" data-id=\"e185d7e\" data-element_type=\"container\" data-e-type=\"container\">\n\t\t\t\t\t<div class=\"e-con-inner\">\n\t\t\t\t<div class=\"elementor-element elementor-element-1b0ec93 elementor-widget elementor-widget-heading\" data-id=\"1b0ec93\" data-element_type=\"widget\" data-e-type=\"widget\" data-widget_type=\"heading.default\">\n\t\t\t\t\t<h3 class=\"elementor-heading-title elementor-size-default\">\u00bfSabes cu\u00e1les son los accesos hacia este volc\u00e1n?<\/h3>\t\t\t\t<\/div>\n\t\t\t\t\t<\/div>\n\t\t\t\t<\/div>\n\t\t<div data-particle_enable=\"false\" data-particle-mobile-disabled=\"false\" class=\"elementor-element elementor-element-a45573c e-flex e-con-boxed e-con e-parent\" data-id=\"a45573c\" data-element_type=\"container\" data-e-type=\"container\">\n\t\t\t\t\t<div class=\"e-con-inner\">\n\t\t\t\t<div class=\"elementor-element elementor-element-b6d777b elementor-widget elementor-widget-text-editor\" data-id=\"b6d777b\" data-element_type=\"widget\" data-e-type=\"widget\" data-widget_type=\"text-editor.default\">\n\t\t\t\t\t\t\t\t\t<p>El ascenso al volc\u00e1n de Fuego generalmente comienza desde la localidad de La Soledad, en Chimaltenango,&nbsp;<a href=\"https:\/\/soymigrante.com\/revista\/ruta-volcanica-el-acatenango-historia-rutas-de-ascenso-y-consejos-esenciales\/\" target=\"_blank\" rel=\"noopener\">o desde la base del volc\u00e1n Acatenango.&nbsp;<\/a>Muchos excursionistas realizan la traves\u00eda en dos d\u00edas, estableciendo un campamento en Acatenango antes de intentar el ascenso a Fuego. Dada su constante actividad, las autoridades recomiendan precauci\u00f3n extrema al acercarse a sus faldas.<\/p>\t\t\t\t\t\t\t\t<\/div>\n\t\t\t\t\t<\/div>\n\t\t\t\t<\/div>\n\t\t<div data-particle_enable=\"false\" data-particle-mobile-disabled=\"false\" class=\"elementor-element elementor-element-9a8c95c e-flex e-con-boxed e-con e-parent\" data-id=\"9a8c95c\" data-element_type=\"container\" data-e-type=\"container\">\n\t\t\t\t\t<div class=\"e-con-inner\">\n\t\t\t\t<div class=\"elementor-element elementor-element-7225fb6 elementor-widget elementor-widget-heading\" data-id=\"7225fb6\" data-element_type=\"widget\" data-e-type=\"widget\" data-widget_type=\"heading.default\">\n\t\t\t\t\t<h3 class=\"elementor-heading-title elementor-size-default\">\u00bfSabes qu\u00e9 implica subir el volc\u00e1n de Fuego<\/h3>\t\t\t\t<\/div>\n\t\t\t\t\t<\/div>\n\t\t\t\t<\/div>\n\t\t<div data-particle_enable=\"false\" data-particle-mobile-disabled=\"false\" class=\"elementor-element elementor-element-d41abf5 e-flex e-con-boxed e-con e-parent\" data-id=\"d41abf5\" data-element_type=\"container\" data-e-type=\"container\">\n\t\t\t\t\t<div class=\"e-con-inner\">\n\t\t\t\t<div class=\"elementor-element elementor-element-afe6e8e elementor-widget elementor-widget-text-editor\" data-id=\"afe6e8e\" data-element_type=\"widget\" data-e-type=\"widget\" data-widget_type=\"text-editor.default\">\n\t\t\t\t\t\t\t\t\t<p>Escalar el volc\u00e1n de Fuego representa un desaf\u00edo considerable debido a su pendiente pronunciada, su suelo inestable y la falta de refugios naturales. Adem\u00e1s, la actividad eruptiva constante representa un peligro latente, por lo que se recomienda monitorear las condiciones volc\u00e1nicas antes de emprender la ruta.<\/p><p>El clima puede ser impredecible, con bajas temperaturas y fuertes vientos en la cima.<\/p>\t\t\t\t\t\t\t\t<\/div>\n\t\t\t\t\t<\/div>\n\t\t\t\t<\/div>\n\t\t<div data-particle_enable=\"false\" data-particle-mobile-disabled=\"false\" class=\"elementor-element elementor-element-3e48467 e-flex e-con-boxed e-con e-parent\" data-id=\"3e48467\" data-element_type=\"container\" data-e-type=\"container\">\n\t\t\t\t\t<div class=\"e-con-inner\">\n\t\t\t\t<div class=\"elementor-element elementor-element-2b0b8cf elementor-invisible elementor-widget elementor-widget-facebook-embed\" data-id=\"2b0b8cf\" data-element_type=\"widget\" data-e-type=\"widget\" data-settings=\"{&quot;_animation&quot;:&quot;zoomInDown&quot;}\" data-widget_type=\"facebook-embed.default\">\n\t\t\t\t\t<div style=\"min-height: 1px\" class=\"elementor-facebook-widget fb-video\" data-href=\"https:\/\/www.facebook.com\/reel\/2014653299034335\" data-show-text=\"false\" data-allowfullscreen=\"false\" data-autoplay=\"false\" data-show-captions=\"false\"><\/div>\t\t\t\t<\/div>\n\t\t\t\t\t<\/div>\n\t\t\t\t<\/div>\n\t\t<div data-particle_enable=\"false\" data-particle-mobile-disabled=\"false\" class=\"elementor-element elementor-element-779a71b e-flex e-con-boxed e-con e-parent\" data-id=\"779a71b\" data-element_type=\"container\" data-e-type=\"container\">\n\t\t\t\t\t<div class=\"e-con-inner\">\n\t\t\t\t<div class=\"elementor-element elementor-element-c5f7dc9 elementor-widget elementor-widget-heading\" data-id=\"c5f7dc9\" data-element_type=\"widget\" data-e-type=\"widget\" data-widget_type=\"heading.default\">\n\t\t\t\t\t<h3 class=\"elementor-heading-title elementor-size-default\">Y poco de su historia demogr\u00e1fica...<\/h3>\t\t\t\t<\/div>\n\t\t\t\t\t<\/div>\n\t\t\t\t<\/div>\n\t\t<div data-particle_enable=\"false\" data-particle-mobile-disabled=\"false\" class=\"elementor-element elementor-element-9c90b9e e-flex e-con-boxed e-con e-parent\" data-id=\"9c90b9e\" data-element_type=\"container\" data-e-type=\"container\">\n\t\t\t\t\t<div class=\"e-con-inner\">\n\t\t\t\t<div class=\"elementor-element elementor-element-e8a25bb elementor-widget elementor-widget-text-editor\" data-id=\"e8a25bb\" data-element_type=\"widget\" data-e-type=\"widget\" data-widget_type=\"text-editor.default\">\n\t\t\t\t\t\t\t\t\t<p>A lo largo de los siglos, diversas poblaciones mayas y posteriormente comunidades coloniales han habitado las cercan\u00edas del volc\u00e1n de Fuego. Sin embargo, su constante actividad ha llevado a desplazamientos forzados y a la implementaci\u00f3n de zonas de riesgo.<\/p><p>Las evacuaciones suelen ser una medida de emergencia preventiva para poner a salvo a los pobladores de las faldas del volc\u00e1n en caso de repuntes eruptivos.<\/p>\t\t\t\t\t\t\t\t<\/div>\n\t\t\t\t\t<\/div>\n\t\t\t\t<\/div>\n\t\t<div data-particle_enable=\"false\" data-particle-mobile-disabled=\"false\" class=\"elementor-element elementor-element-4d69fa6 e-flex e-con-boxed e-con e-parent\" data-id=\"4d69fa6\" data-element_type=\"container\" data-e-type=\"container\">\n\t\t\t\t\t<div class=\"e-con-inner\">\n\t\t\t\t<div class=\"elementor-element elementor-element-7e7e281 elementor-widget elementor-widget-google_maps\" data-id=\"7e7e281\" data-element_type=\"widget\" data-e-type=\"widget\" data-widget_type=\"google_maps.default\">\n\t\t\t\t\t\t\t<div class=\"elementor-custom-embed\">\n\t\t\t<iframe loading=\"lazy\"\n\t\t\t\t\tsrc=\"https:\/\/maps.google.com\/maps?q=Volcan%20de%20Fuego&#038;t=m&#038;z=10&#038;output=embed&#038;iwloc=near\"\n\t\t\t\t\ttitle=\"Volcan de Fuego\"\n\t\t\t\t\taria-label=\"Volcan de Fuego\"\n\t\t\t><\/iframe>\n\t\t<\/div>\n\t\t\t\t\t\t<\/div>\n\t\t\t\t\t<\/div>\n\t\t\t\t<\/div>\n\t\t<div data-particle_enable=\"false\" data-particle-mobile-disabled=\"false\" class=\"elementor-element elementor-element-8ec5d95 e-flex e-con-boxed e-con e-parent\" data-id=\"8ec5d95\" data-element_type=\"container\" data-e-type=\"container\">\n\t\t\t\t\t<div class=\"e-con-inner\">\n\t\t\t\t<div class=\"elementor-element elementor-element-e5a6034 elementor-widget elementor-widget-heading\" data-id=\"e5a6034\" data-element_type=\"widget\" data-e-type=\"widget\" data-widget_type=\"heading.default\">\n\t\t\t\t\t<h3 class=\"elementor-heading-title elementor-size-default\">Entre mitos y leyendas<\/h3>\t\t\t\t<\/div>\n\t\t\t\t\t<\/div>\n\t\t\t\t<\/div>\n\t\t<div data-particle_enable=\"false\" data-particle-mobile-disabled=\"false\" class=\"elementor-element elementor-element-82c6bd7 e-flex e-con-boxed e-con e-parent\" data-id=\"82c6bd7\" data-element_type=\"container\" data-e-type=\"container\">\n\t\t\t\t\t<div class=\"e-con-inner\">\n\t\t\t\t<div class=\"elementor-element elementor-element-bd88ffc elementor-widget elementor-widget-text-editor\" data-id=\"bd88ffc\" data-element_type=\"widget\" data-e-type=\"widget\" data-widget_type=\"text-editor.default\">\n\t\t\t\t\t\t\t\t\t<p>Seg\u00fan las leyendas locales, el Volc\u00e1n de Fuego es visto como un ser vivo que protege la regi\u00f3n, pero que tambi\u00e9n puede castigar a quienes lo desaf\u00edan. Una de las historias m\u00e1s conocidas relata que Fuego y Acatenango son hermanos guerreros que protegen la tierra, mientras que el volc\u00e1n de Agua\u00a0<a style=\"text-align: var(--text-align)\" href=\"https:\/\/soymigrante.com\/revista\/ruta-volcanica-el-imponente-volcan-de-atitlan-historia-desafios-y-consejos-para-su-ascenso\/\" target=\"_blank\" rel=\"noopener\">representa la pureza y la fertilidad.<\/a><\/p><p>Estas creencias han sido transmitidas de generaci\u00f3n en generaci\u00f3n entre las comunidades ind\u00edgenas cercanas.<\/p>\t\t\t\t\t\t\t\t<\/div>\n\t\t\t\t\t<\/div>\n\t\t\t\t<\/div>\n\t\t<div data-particle_enable=\"false\" data-particle-mobile-disabled=\"false\" class=\"elementor-element elementor-element-26f3976 e-flex e-con-boxed e-con e-parent\" data-id=\"26f3976\" data-element_type=\"container\" data-e-type=\"container\">\n\t\t\t\t\t<div class=\"e-con-inner\">\n\t\t\t\t<div class=\"elementor-element elementor-element-56a1640 elementor-invisible elementor-widget elementor-widget-facebook-embed\" data-id=\"56a1640\" data-element_type=\"widget\" data-e-type=\"widget\" data-settings=\"{&quot;_animation&quot;:&quot;zoomInDown&quot;}\" data-widget_type=\"facebook-embed.default\">\n\t\t\t\t\t<div style=\"min-height: 1px\" class=\"elementor-facebook-widget fb-video\" data-href=\"https:\/\/www.facebook.com\/reel\/513339834580981\" data-show-text=\"false\" data-allowfullscreen=\"false\" data-autoplay=\"false\" data-show-captions=\"false\"><\/div>\t\t\t\t<\/div>\n\t\t\t\t\t<\/div>\n\t\t\t\t<\/div>\n\t\t<div data-particle_enable=\"false\" data-particle-mobile-disabled=\"false\" class=\"elementor-element elementor-element-7058f8f e-flex e-con-boxed e-con e-parent\" data-id=\"7058f8f\" data-element_type=\"container\" data-e-type=\"container\">\n\t\t\t\t\t<div class=\"e-con-inner\">\n\t\t\t\t<div class=\"elementor-element elementor-element-6d8d34d elementor-widget elementor-widget-heading\" data-id=\"6d8d34d\" data-element_type=\"widget\" data-e-type=\"widget\" data-widget_type=\"heading.default\">\n\t\t\t\t\t<h3 class=\"elementor-heading-title elementor-size-default\">Recomendaciones para observar el volc\u00e1n de Fuego<\/h3>\t\t\t\t<\/div>\n\t\t\t\t\t<\/div>\n\t\t\t\t<\/div>\n\t\t<div data-particle_enable=\"false\" data-particle-mobile-disabled=\"false\" class=\"elementor-element elementor-element-9e27b17 e-flex e-con-boxed e-con e-parent\" data-id=\"9e27b17\" data-element_type=\"container\" data-e-type=\"container\">\n\t\t\t\t\t<div class=\"e-con-inner\">\n\t\t\t\t<div class=\"elementor-element elementor-element-46d39f2 elementor-widget elementor-widget-text-editor\" data-id=\"46d39f2\" data-element_type=\"widget\" data-e-type=\"widget\" data-widget_type=\"text-editor.default\">\n\t\t\t\t\t\t\t\t\t<ul><li>Usualmente los visitantes escalan el volc\u00e1n Acatenango para poder acercarse al volc\u00e1n de Fuego y observar su actividad.\u00a0<\/li><li>En caso de intentar una excursi\u00f3n, se debe hacer tomando en cuenta las alertas de las autoridades. Bajo ciertas circunstancias se declaran prohibiciones temporales a las excursiones o incluso para transitar en la Ruta Nacional 14, pr\u00f3xima a la falda del volc\u00e1n de Fuego.<\/li><li>Ir acompa\u00f1ado de un gu\u00eda experimentado y con conocimiento del terreno.<\/li><li><a href=\"https:\/\/soymigrante.com\/revista\/pensando-en-escalar-algun-volcan-de-guatemala-consejos-para-una-buena-experiencia\/\" target=\"_blank\" rel=\"noopener\">Llevar equipo adecuado:<\/a>\u00a0ropa t\u00e9rmica, botas de senderismo, l\u00e1mpara frontal y suficiente agua.<\/li><li>Respetar las normas de seguridad y evitar acercarse demasiado al cr\u00e1ter debido al riesgo de erupciones s\u00fabitas.<\/li><li>Estar atento a los avisos de evacuaci\u00f3n y seguir las indicaciones de las autoridades en caso de emergencia.<\/li><\/ul><p>El Volc\u00e1n de Fuego sigue siendo un \u00edcono natural de Guatemala, tanto por su impresionante belleza como por su imponente actividad. Para cient\u00edficos, turistas y habitantes, representa un recordatorio del poder de la naturaleza y la importancia de la prevenci\u00f3n ante desastres naturales.<\/p>\t\t\t\t\t\t\t\t<\/div>\n\t\t\t\t\t<\/div>\n\t\t\t\t<\/div>\n\t\t<div data-particle_enable=\"false\" data-particle-mobile-disabled=\"false\" class=\"elementor-element elementor-element-c9fd436 e-flex e-con-boxed e-con e-parent\" data-id=\"c9fd436\" data-element_type=\"container\" data-e-type=\"container\">\n\t\t\t\t\t<div class=\"e-con-inner\">\n\t\t\t\t<div class=\"elementor-element elementor-element-c477564 elementor-widget elementor-widget-heading\" data-id=\"c477564\" data-element_type=\"widget\" data-e-type=\"widget\" data-widget_type=\"heading.default\">\n\t\t\t\t\t<h2 class=\"elementor-heading-title elementor-size-default\">Conquista las cimas en Guatemala<\/h2>\t\t\t\t<\/div>\n\t\t\t\t\t<\/div>\n\t\t\t\t<\/div>\n\t\t<div data-particle_enable=\"false\" data-particle-mobile-disabled=\"false\" class=\"elementor-element elementor-element-112efa5 e-flex e-con-boxed e-con e-parent\" data-id=\"112efa5\" data-element_type=\"container\" data-e-type=\"container\">\n\t\t\t\t\t<div class=\"e-con-inner\">\n\t\t\t\t<div class=\"elementor-element elementor-element-83f0471 elementor-grid-eael-col-3 elementor-grid-tablet-eael-col-2 elementor-grid-mobile-eael-col-1 elementor-widget elementor-widget-eael-post-grid\" data-id=\"83f0471\" data-element_type=\"widget\" data-e-type=\"widget\" data-settings=\"{&quot;eael_post_grid_columns&quot;:&quot;eael-col-3&quot;,&quot;eael_post_grid_columns_tablet&quot;:&quot;eael-col-2&quot;,&quot;eael_post_grid_columns_mobile&quot;:&quot;eael-col-1&quot;}\" data-widget_type=\"eael-post-grid.default\">\n\t\t\t\t\t<div id=\"eael-post-grid-83f0471\" class=\"eael-post-grid-container\">\n            <div class=\"eael-post-grid eael-post-appender eael-post-appender-83f0471 eael-post-grid-style-one\" data-layout-mode=\"masonry\"><article class=\"eael-grid-post  eael-post-grid-column eael-pg-post-24053 category-guate-nuestra tags-volcanes-de-guatemala\" data-id=\"24053\">\n        <div class=\"eael-grid-post-holder\">\n            <div class=\"eael-grid-post-holder-inner\"><div class=\"eael-entry-media\"><div class=\"eael-entry-overlay fade-in\"><i class=\"far fa-hand-pointer\" aria-hidden=\"true\"><\/i><a href=\"https:\/\/soymigrante.com\/revista\/ruta-volcanica-el-imponente-volcan-de-atitlan-historia-desafios-y-consejos-para-su-ascenso\/\"><\/a><\/div><div class=\"eael-entry-thumbnail \">\n                <img decoding=\"async\" width=\"1024\" height=\"1024\" src=\"https:\/\/soymigrante.com\/revista\/wp-content\/uploads\/2025\/02\/atitla-arco-volcanico-1024x1024.jpg\" class=\"attachment-large size-large wp-image-24120\" alt=\"Paisaje monta\u00f1oso con nubes, volc\u00e1n y lago en el fondo en color intenso y din\u00e1mico, ideal para destacar en contenido sobre naturaleza, viajes y migraci\u00f3n en M\u00e9xico y Latinoam\u00e9rica.\" srcset=\"https:\/\/soymigrante.com\/revista\/wp-content\/uploads\/2025\/02\/atitla-arco-volcanico-1024x1024.jpg 1024w, https:\/\/soymigrante.com\/revista\/wp-content\/uploads\/2025\/02\/atitla-arco-volcanico-300x300.jpg 300w, https:\/\/soymigrante.com\/revista\/wp-content\/uploads\/2025\/02\/atitla-arco-volcanico-150x150.jpg 150w, https:\/\/soymigrante.com\/revista\/wp-content\/uploads\/2025\/02\/atitla-arco-volcanico-768x768.jpg 768w, https:\/\/soymigrante.com\/revista\/wp-content\/uploads\/2025\/02\/atitla-arco-volcanico-75x75.webp 75w, https:\/\/soymigrante.com\/revista\/wp-content\/uploads\/2025\/02\/atitla-arco-volcanico-750x750.webp 750w, https:\/\/soymigrante.com\/revista\/wp-content\/uploads\/2025\/02\/atitla-arco-volcanico-1140x1140.webp 1140w, https:\/\/soymigrante.com\/revista\/wp-content\/uploads\/2025\/02\/atitla-arco-volcanico.webp 1440w\" sizes=\"(max-width: 1024px) 100vw, 1024px\" \/>\n            <\/div>\n        <\/div><div class=\"eael-entry-wrapper\"><header class=\"eael-entry-header\"><h2 class=\"eael-entry-title\"><a class=\"eael-grid-post-link\" href=\"https:\/\/soymigrante.com\/revista\/ruta-volcanica-el-imponente-volcan-de-atitlan-historia-desafios-y-consejos-para-su-ascenso\/\" title=\"El imponente volc\u00e1n de Atitl\u00e1n, historia, desaf\u00edos y consejos para su ascenso\">El imponente volc\u00e1n de Atitl\u00e1n, historia, desaf\u00edos y consejos para su ascenso<\/a><\/h2><\/header><div class=\"eael-entry-content\">\n                        <div class=\"eael-grid-post-excerpt\"><a href=\"https:\/\/soymigrante.com\/revista\/ruta-volcanica-el-imponente-volcan-de-atitlan-historia-desafios-y-consejos-para-su-ascenso\/\" class=\"eael-post-elements-readmore-btn\">CONOCE SU HISTORIA <\/a><\/div>\n                    <\/div><\/div><\/div>\n        <\/div>\n    <\/article><article class=\"eael-grid-post  eael-post-grid-column eael-pg-post-21994 category-guate-nuestra tags-volcanes-de-guatemala\" data-id=\"21994\">\n        <div class=\"eael-grid-post-holder\">\n            <div class=\"eael-grid-post-holder-inner\"><div class=\"eael-entry-media\"><div class=\"eael-entry-overlay fade-in\"><i class=\"far fa-hand-pointer\" aria-hidden=\"true\"><\/i><a href=\"https:\/\/soymigrante.com\/revista\/ruta-volcanica-el-acatenango-historia-rutas-de-ascenso-y-consejos-esenciales\/\"><\/a><\/div><div class=\"eael-entry-thumbnail \">\n                <img loading=\"lazy\" decoding=\"async\" width=\"890\" height=\"890\" src=\"https:\/\/soymigrante.com\/revista\/wp-content\/uploads\/2025\/01\/Acatenango-abel-1.webp\" class=\"attachment-large size-large wp-image-22037\" alt=\"Mexico, volc\u00e1n Popocat\u00e9petl, atardecer en las nubes, imagen espectacular, fotograf\u00eda de paisaje, vista a\u00e9rea, naturaleza, volc\u00e1n activo, cielo colorido, amanecer, paisaje volc\u00e1nico, fen\u00f3menos naturales, turismo en M\u00e9xico, paisaje internacional.\" srcset=\"https:\/\/soymigrante.com\/revista\/wp-content\/uploads\/2025\/01\/Acatenango-abel-1.webp 890w, https:\/\/soymigrante.com\/revista\/wp-content\/uploads\/2025\/01\/Acatenango-abel-1-300x300.jpg 300w, https:\/\/soymigrante.com\/revista\/wp-content\/uploads\/2025\/01\/Acatenango-abel-1-150x150.jpg 150w, https:\/\/soymigrante.com\/revista\/wp-content\/uploads\/2025\/01\/Acatenango-abel-1-768x768.jpg 768w, https:\/\/soymigrante.com\/revista\/wp-content\/uploads\/2025\/01\/Acatenango-abel-1-75x75.webp 75w, https:\/\/soymigrante.com\/revista\/wp-content\/uploads\/2025\/01\/Acatenango-abel-1-750x750.webp 750w\" sizes=\"(max-width: 890px) 100vw, 890px\" \/>\n            <\/div>\n        <\/div><div class=\"eael-entry-wrapper\"><header class=\"eael-entry-header\"><h2 class=\"eael-entry-title\"><a class=\"eael-grid-post-link\" href=\"https:\/\/soymigrante.com\/revista\/ruta-volcanica-el-acatenango-historia-rutas-de-ascenso-y-consejos-esenciales\/\" title=\"Ruta volc\u00e1nica: El Acatenango, historia, rutas de ascenso y consejos esenciales\">Ruta volc\u00e1nica: El Acatenango, historia, rutas de ascenso y consejos esenciales<\/a><\/h2><\/header><div class=\"eael-entry-content\">\n                        <div class=\"eael-grid-post-excerpt\"><a href=\"https:\/\/soymigrante.com\/revista\/ruta-volcanica-el-acatenango-historia-rutas-de-ascenso-y-consejos-esenciales\/\" class=\"eael-post-elements-readmore-btn\">CONOCE SU HISTORIA <\/a><\/div>\n                    <\/div><\/div><\/div>\n        <\/div>\n    <\/article><article class=\"eael-grid-post  eael-post-grid-column eael-pg-post-6257 category-guate-nuestra tags-volcanes-de-guatemala\" data-id=\"6257\">\n        <div class=\"eael-grid-post-holder\">\n            <div class=\"eael-grid-post-holder-inner\"><div class=\"eael-entry-media\"><div class=\"eael-entry-overlay fade-in\"><i class=\"far fa-hand-pointer\" aria-hidden=\"true\"><\/i><a href=\"https:\/\/soymigrante.com\/revista\/laguna-de-chicabal-volcan-quetzaltenango-guatemala\/\"><\/a><\/div><div class=\"eael-entry-thumbnail \">\n                <img loading=\"lazy\" decoding=\"async\" width=\"1024\" height=\"683\" src=\"https:\/\/soymigrante.com\/revista\/wp-content\/uploads\/2024\/05\/283605236_375790244585293_6426920808319298456_n-1024x683.webp\" class=\"attachment-large size-large wp-image-6326\" alt=\"Espejo de agua en medio de la selva en un paisaje natural, mujer con los brazos abiertos disfrutando vista panor\u00e1mica en un destino ecotur\u00edstico, turismo de naturaleza y aventuras en Latinoam\u00e9rica.\" srcset=\"https:\/\/soymigrante.com\/revista\/wp-content\/uploads\/2024\/05\/283605236_375790244585293_6426920808319298456_n-1024x683.webp 1024w, https:\/\/soymigrante.com\/revista\/wp-content\/uploads\/2024\/05\/283605236_375790244585293_6426920808319298456_n-300x200.webp 300w, https:\/\/soymigrante.com\/revista\/wp-content\/uploads\/2024\/05\/283605236_375790244585293_6426920808319298456_n-768x512.webp 768w, https:\/\/soymigrante.com\/revista\/wp-content\/uploads\/2024\/05\/283605236_375790244585293_6426920808319298456_n-1536x1024.webp 1536w, https:\/\/soymigrante.com\/revista\/wp-content\/uploads\/2024\/05\/283605236_375790244585293_6426920808319298456_n-750x500.webp 750w, https:\/\/soymigrante.com\/revista\/wp-content\/uploads\/2024\/05\/283605236_375790244585293_6426920808319298456_n-1140x760.webp 1140w, https:\/\/soymigrante.com\/revista\/wp-content\/uploads\/2024\/05\/283605236_375790244585293_6426920808319298456_n.webp 1920w\" sizes=\"(max-width: 1024px) 100vw, 1024px\" \/>\n            <\/div>\n        <\/div><div class=\"eael-entry-wrapper\"><header class=\"eael-entry-header\"><h2 class=\"eael-entry-title\"><a class=\"eael-grid-post-link\" href=\"https:\/\/soymigrante.com\/revista\/laguna-de-chicabal-volcan-quetzaltenango-guatemala\/\" title=\"Laguna de Chicabal migr\u00f3 al cr\u00e1ter de un volc\u00e1n\">Laguna de Chicabal migr\u00f3 al cr\u00e1ter de un volc\u00e1n<\/a><\/h2><\/header><div class=\"eael-entry-content\">\n                        <div class=\"eael-grid-post-excerpt\"><a href=\"https:\/\/soymigrante.com\/revista\/laguna-de-chicabal-volcan-quetzaltenango-guatemala\/\" class=\"eael-post-elements-readmore-btn\">CONOCE SU HISTORIA <\/a><\/div>\n                    <\/div><\/div><\/div>\n        <\/div>\n    <\/article><\/div>\n            <div class=\"clearfix\"><\/div>\n        <\/div>\t\t\t\t<\/div>\n\t\t\t\t\t<\/div>\n\t\t\t\t<\/div>\n\t\t\t\t<\/div>\n\t\t","protected":false},"excerpt":{"rendered":"<p>Ubicado en la Sierra Madre de Guatemala, el Volc\u00e1n de Fuego es un coloso en constante actividad que ha marcado la historia y el paisaje del pa\u00eds con sus impresionantes erupciones. Conoce m\u00e1s de este imponente coloso. Con una altura de 3,763 metros sobre el nivel del mar y una historia geol\u00f3gica milenaria, este volc\u00e1n [&hellip;]<\/p>\n","protected":false},"author":23,"featured_media":27556,"comment_status":"open","ping_status":"open","sticky":false,"template":"","format":"standard","meta":{"_acf_changed":false,"_eb_attr":"","footnotes":""},"categories":[58],"tags":[245],"class_list":["post-25240","post","type-post","status-publish","format-standard","has-post-thumbnail","hentry","category-guate-nuestra","tag-volcanes-de-guatemala"],"acf":[],"aioseo_notices":[],"aioseo_head":"\n\t\t<!-- All in One SEO Pro 4.9.6.2 - aioseo.com -->\n\t<meta name=\"description\" content=\"La laguna de Chicabal, en San Mart\u00edn Sacatep\u00e9quez, Quetzaltenango es zona protegida por su riqueza ecol\u00f3gica y territorio ceremonial de la etnia mam.\" \/>\n\t<meta name=\"robots\" content=\"max-snippet:-1, max-image-preview:large, max-video-preview:-1\" \/>\n\t<meta name=\"author\" content=\"Mynor Toc\"\/>\n\t<link rel=\"canonical\" href=\"https:\/\/soymigrante.com\/revista\/laguna-de-chicabal-volcan-quetzaltenango-guatemala\/\" \/>\n\t<meta name=\"generator\" content=\"All in One SEO Pro (AIOSEO) 4.9.6.2\" \/>\n\n\t\t<link rel=\"preconnect\" href=\"https:\/\/fonts.googleapis.com\" crossorigin>\n<link rel=\"preconnect\" href=\"https:\/\/fonts.gstatic.com\" crossorigin>\n\t\t<meta property=\"og:locale\" content=\"es_ES\" \/>\n\t\t<meta property=\"og:site_name\" content=\"SoyMigrante.com REVISTA \u2013 Nuestra misi\u00f3n es reconocer y dignificar al migrante.\" \/>\n\t\t<meta property=\"og:type\" content=\"article\" \/>\n\t\t<meta property=\"og:title\" content=\"Laguna de Chicabal migr\u00f3 al cr\u00e1ter de un volc\u00e1n\" \/>\n\t\t<meta property=\"og:description\" content=\"La laguna de Chicabal, en San Mart\u00edn Sacatep\u00e9quez, Quetzaltenango es zona protegida por su riqueza ecol\u00f3gica y territorio ceremonial de la etnia mam.\" \/>\n\t\t<meta property=\"og:url\" content=\"https:\/\/soymigrante.com\/revista\/laguna-de-chicabal-volcan-quetzaltenango-guatemala\/\" \/>\n\t\t<meta property=\"og:image\" content=\"https:\/\/soymigrante.com\/revista\/wp-content\/uploads\/2024\/05\/283605236_375790244585293_6426920808319298456_n.webp\" \/>\n\t\t<meta property=\"og:image:secure_url\" content=\"https:\/\/soymigrante.com\/revista\/wp-content\/uploads\/2024\/05\/283605236_375790244585293_6426920808319298456_n.webp\" \/>\n\t\t<meta property=\"og:image:width\" content=\"1920\" \/>\n\t\t<meta property=\"og:image:height\" content=\"1280\" \/>\n\t\t<meta property=\"article:published_time\" content=\"2024-05-09T14:41:54+00:00\" \/>\n\t\t<meta property=\"article:modified_time\" content=\"2025-06-12T14:30:08+00:00\" \/>\n\t\t<meta property=\"article:publisher\" content=\"https:\/\/www.facebook.com\/soymigrantecom\" \/>\n\t\t<meta name=\"twitter:card\" content=\"summary_large_image\" \/>\n\t\t<meta name=\"twitter:site\" content=\"@SoyMigrante_com\" \/>\n\t\t<meta name=\"twitter:title\" content=\"Laguna de Chicabal migr\u00f3 al cr\u00e1ter de un volc\u00e1n\" \/>\n\t\t<meta name=\"twitter:description\" content=\"La laguna de Chicabal, en San Mart\u00edn Sacatep\u00e9quez, Quetzaltenango es zona protegida por su riqueza ecol\u00f3gica y territorio ceremonial de la etnia mam.\" \/>\n\t\t<meta name=\"twitter:creator\" content=\"@SoyMigrante_com\" \/>\n\t\t<meta name=\"twitter:image\" content=\"https:\/\/soymigrante.com\/revista\/wp-content\/uploads\/2024\/05\/283605236_375790244585293_6426920808319298456_n.webp\" \/>\n\t\t<!-- All in One SEO Pro -->\r\n\t\t<title>Laguna de Chicabal migr\u00f3 al cr\u00e1ter de un volc\u00e1n<\/title>\n\n","aioseo_head_json":{"title":"Laguna de Chicabal migr\u00f3 al cr\u00e1ter de un volc\u00e1n","description":"La laguna de Chicabal, en San Mart\u00edn Sacatep\u00e9quez, Quetzaltenango es zona protegida por su riqueza ecol\u00f3gica y territorio ceremonial de la etnia mam.","canonical_url":"https:\/\/soymigrante.com\/revista\/laguna-de-chicabal-volcan-quetzaltenango-guatemala\/","robots":"max-snippet:-1, max-image-preview:large, max-video-preview:-1","keywords":"","webmasterTools":{"miscellaneous":"&lt;link rel=\"preconnect\" href=\"https:\/\/fonts.googleapis.com\" crossorigin&gt;\n&lt;link rel=\"preconnect\" href=\"https:\/\/fonts.gstatic.com\" crossorigin&gt;"},"schema":null,"og:locale":"es_ES","og:site_name":"SoyMigrante.com REVISTA \u2013 Nuestra misi\u00f3n es reconocer y dignificar al migrante.","og:type":"article","og:title":"Laguna de Chicabal migr\u00f3 al cr\u00e1ter de un volc\u00e1n","og:description":"La laguna de Chicabal, en San Mart\u00edn Sacatep\u00e9quez, Quetzaltenango es zona protegida por su riqueza ecol\u00f3gica y territorio ceremonial de la etnia mam.","og:url":"https:\/\/soymigrante.com\/revista\/laguna-de-chicabal-volcan-quetzaltenango-guatemala\/","og:image":"https:\/\/soymigrante.com\/revista\/wp-content\/uploads\/2024\/05\/283605236_375790244585293_6426920808319298456_n.webp","og:image:secure_url":"https:\/\/soymigrante.com\/revista\/wp-content\/uploads\/2024\/05\/283605236_375790244585293_6426920808319298456_n.webp","og:image:width":1920,"og:image:height":1280,"article:published_time":"2024-05-09T14:41:54+00:00","article:modified_time":"2025-06-12T14:30:08+00:00","article:publisher":"https:\/\/www.facebook.com\/soymigrantecom","twitter:card":"summary_large_image","twitter:site":"@SoyMigrante_com","twitter:title":"Laguna de Chicabal migr\u00f3 al cr\u00e1ter de un volc\u00e1n","twitter:description":"La laguna de Chicabal, en San Mart\u00edn Sacatep\u00e9quez, Quetzaltenango es zona protegida por su riqueza ecol\u00f3gica y territorio ceremonial de la etnia mam.","twitter:creator":"@SoyMigrante_com","twitter:image":"https:\/\/soymigrante.com\/revista\/wp-content\/uploads\/2024\/05\/283605236_375790244585293_6426920808319298456_n.webp"},"aioseo_meta_data":{"post_id":"25240","title":"Volc\u00e1n de Fuego deslumbra y alerta por su constante actividad","description":"Ubicado en la Sierra Madre de Guatemala, el volc\u00e1n de Fuego es un coloso en constante actividad eruptiva que ha marcado la historia y el paisaje a su alrededor.","keywords":null,"keyphrases":{"focus":{"keyphrase":"volcan de fuego","score":43,"analysis":{"keyphraseInTitle":{"score":3,"maxScore":9,"error":1},"keyphraseInDescription":{"score":3,"maxScore":9,"error":1},"keyphraseLength":{"score":9,"maxScore":9,"error":0,"length":3},"keyphraseInURL":{"score":5,"maxScore":5,"error":0},"keyphraseInIntroduction":{"score":3,"maxScore":9,"error":1},"keyphraseInSubHeadings":{"score":3,"maxScore":9,"error":1},"keyphraseInImageAlt":{"score":3,"maxScore":9,"error":1},"keywordDensity":{"score":0,"type":"low","maxScore":9,"error":1}}},"additional":[{"keyphrase":"Guatemala","score":87,"analysis":{"keyphraseInDescription":{"score":9,"maxScore":9,"error":0},"keyphraseLength":{"score":9,"maxScore":9,"error":0,"length":1},"keyphraseInIntroduction":{"score":9,"maxScore":9,"error":0},"keyphraseInImageAlt":{"score":3,"maxScore":9,"error":1},"keywordDensity":{"type":"best","score":9,"maxScore":9,"error":0}}},{"keyphrase":"volc\u00e1n","score":80,"analysis":{"keyphraseInDescription":{"score":9,"maxScore":9,"error":0},"keyphraseLength":{"score":9,"maxScore":9,"error":0,"length":2},"keyphraseInIntroduction":{"score":9,"maxScore":9,"error":0},"keyphraseInImageAlt":{"score":9,"maxScore":9,"error":0},"keywordDensity":{"type":"high","score":0,"maxScore":9,"error":1}}},{"keyphrase":"ruta volc\u00e1nica","score":40,"analysis":{"keyphraseInDescription":{"score":3,"maxScore":9,"error":1},"keyphraseLength":{"score":9,"maxScore":9,"error":0,"length":3},"keyphraseInIntroduction":{"score":3,"maxScore":9,"error":1},"keyphraseInImageAlt":{"score":3,"maxScore":9,"error":1},"keywordDensity":{"score":0,"type":"low","maxScore":9,"error":1}}},{"keyphrase":"coloso","score":53,"analysis":{"keyphraseInDescription":{"score":9,"maxScore":9,"error":0},"keyphraseLength":{"score":9,"maxScore":9,"error":0,"length":1},"keyphraseInIntroduction":{"score":3,"maxScore":9,"error":1},"keyphraseInImageAlt":{"score":3,"maxScore":9,"error":1},"keywordDensity":{"score":0,"type":"low","maxScore":9,"error":1}}},{"keyphrase":"erupci\u00f3n del volcan de fuego","score":33,"analysis":{"keyphraseInDescription":{"score":3,"maxScore":9,"error":1},"keyphraseLength":{"score":6,"maxScore":9,"error":1,"length":6},"keyphraseInIntroduction":{"score":3,"maxScore":9,"error":1},"keyphraseInImageAlt":{"score":3,"maxScore":9,"error":1},"keywordDensity":{"score":0,"type":"low","maxScore":9,"error":1}}},{"keyphrase":"Volc\u00e1n del Fuego","score":53,"analysis":{"keyphraseInDescription":{"score":3,"maxScore":9,"error":1},"keyphraseLength":{"score":9,"maxScore":9,"error":0,"length":4},"keyphraseInIntroduction":{"score":3,"maxScore":9,"error":1},"keyphraseInImageAlt":{"score":9,"maxScore":9,"error":0},"keywordDensity":{"score":0,"type":"low","maxScore":9,"error":1}}}]},"primary_term":null,"canonical_url":null,"og_title":null,"og_description":null,"og_object_type":"default","og_image_type":"default","og_image_url":null,"og_image_width":null,"og_image_height":null,"og_image_custom_url":null,"og_image_custom_fields":null,"og_video":"","og_custom_url":null,"og_article_section":null,"og_article_tags":null,"twitter_use_og":false,"twitter_card":"default","twitter_image_type":"default","twitter_image_url":null,"twitter_image_custom_url":null,"twitter_image_custom_fields":null,"twitter_title":null,"twitter_description":null,"schema":{"blockGraphs":[],"customGraphs":[],"default":{"data":{"Article":[],"Course":[],"Dataset":[],"FAQPage":[],"Movie":[],"Person":[],"Product":[],"ProductReview":[],"Car":[],"Recipe":[],"Service":[],"SoftwareApplication":[],"WebPage":[]},"graphName":"none","isEnabled":true},"graphs":[]},"schema_type":"default","schema_type_options":null,"pillar_content":false,"robots_default":true,"robots_noindex":false,"robots_noarchive":false,"robots_nosnippet":false,"robots_nofollow":false,"robots_noimageindex":false,"robots_noodp":false,"robots_notranslate":false,"robots_max_snippet":"-1","robots_max_videopreview":"-1","robots_max_imagepreview":"large","priority":null,"frequency":"default","local_seo":null,"seo_analyzer_scan_date":"2025-10-09 03:19:48","breadcrumb_settings":null,"limit_modified_date":false,"reviewed_by":"0","open_ai":"{\"title\":{\"suggestions\":[],\"usage\":0},\"description\":{\"suggestions\":[],\"usage\":0}}","ai":null,"created":"2025-02-12 22:44:49","updated":"2026-02-04 22:04:38"},"aioseo_breadcrumb":"<div class=\"aioseo-breadcrumbs\"><span class=\"aioseo-breadcrumb\">\n\t<a href=\"https:\/\/soymigrante.com\/revista\" title=\"Home\">Home<\/a>\n<\/span><span class=\"aioseo-breadcrumb-separator\">\u00bb<\/span><span class=\"aioseo-breadcrumb\">\n\t<a href=\"https:\/\/soymigrante.com\/revista\/category\/guate-nuestra\/\" title=\"Guate Nuestra\">Guate Nuestra<\/a>\n<\/span><span class=\"aioseo-breadcrumb-separator\">\u00bb<\/span><span class=\"aioseo-breadcrumb\">\n\tEl volc\u00e1n de Fuego deslumbra y alerta por su constante actividad eruptiva\n<\/span><\/div>","aioseo_breadcrumb_json":[{"label":"Home","link":"https:\/\/soymigrante.com\/revista"},{"label":"Guate Nuestra","link":"https:\/\/soymigrante.com\/revista\/category\/guate-nuestra\/"},{"label":"El volc\u00e1n de Fuego deslumbra y alerta por su constante actividad eruptiva","link":"https:\/\/soymigrante.com\/revista\/el-volcan-de-fuego-deslumbra-y-alerta-por-su-constante-actividad-eruptiva\/"}],"_links":{"self":[{"href":"https:\/\/soymigrante.com\/revista\/wp-json\/wp\/v2\/posts\/25240","targetHints":{"allow":["GET"]}}],"collection":[{"href":"https:\/\/soymigrante.com\/revista\/wp-json\/wp\/v2\/posts"}],"about":[{"href":"https:\/\/soymigrante.com\/revista\/wp-json\/wp\/v2\/types\/post"}],"author":[{"embeddable":true,"href":"https:\/\/soymigrante.com\/revista\/wp-json\/wp\/v2\/users\/23"}],"replies":[{"embeddable":true,"href":"https:\/\/soymigrante.com\/revista\/wp-json\/wp\/v2\/comments?post=25240"}],"version-history":[{"count":1,"href":"https:\/\/soymigrante.com\/revista\/wp-json\/wp\/v2\/posts\/25240\/revisions"}],"predecessor-version":[{"id":36144,"href":"https:\/\/soymigrante.com\/revista\/wp-json\/wp\/v2\/posts\/25240\/revisions\/36144"}],"wp:featuredmedia":[{"embeddable":true,"href":"https:\/\/soymigrante.com\/revista\/wp-json\/wp\/v2\/media\/27556"}],"wp:attachment":[{"href":"https:\/\/soymigrante.com\/revista\/wp-json\/wp\/v2\/media?parent=25240"}],"wp:term":[{"taxonomy":"category","embeddable":true,"href":"https:\/\/soymigrante.com\/revista\/wp-json\/wp\/v2\/categories?post=25240"},{"taxonomy":"post_tag","embeddable":true,"href":"https:\/\/soymigrante.com\/revista\/wp-json\/wp\/v2\/tags?post=25240"}],"curies":[{"name":"wp","href":"https:\/\/api.w.org\/{rel}","templated":true}]}}