{"id":25176,"date":"2025-02-13T05:02:00","date_gmt":"2025-02-13T11:02:00","guid":{"rendered":"https:\/\/soymigrante.com\/revista\/?p=25176"},"modified":"2025-02-12T23:47:48","modified_gmt":"2025-02-13T05:47:48","slug":"joyas-guatemaltecas-conquistan-estados-unidos-en-el-dia-de-san-valentin-y-todo-el-ano","status":"publish","type":"post","link":"https:\/\/soymigrante.com\/revista\/joyas-guatemaltecas-conquistan-estados-unidos-en-el-dia-de-san-valentin-y-todo-el-ano\/","title":{"rendered":"Joyas guatemaltecas conquistan Estados Unidos en el D\u00eda de San Valent\u00edn y todo el a\u00f1o"},"content":{"rendered":"\t\t<div data-elementor-type=\"wp-post\" data-elementor-id=\"25176\" class=\"elementor elementor-25176\" data-elementor-post-type=\"post\">\n\t\t\t\t<div data-particle_enable=\"false\" data-particle-mobile-disabled=\"false\" class=\"elementor-element elementor-element-a62162b e-flex e-con-boxed e-con e-parent\" data-id=\"a62162b\" data-element_type=\"container\" data-e-type=\"container\">\n\t\t\t\t\t<div class=\"e-con-inner\">\n\t\t\t\t<div class=\"elementor-element elementor-element-5d6c33d elementor-widget elementor-widget-heading\" data-id=\"5d6c33d\" data-element_type=\"widget\" data-e-type=\"widget\" data-widget_type=\"heading.default\">\n\t\t\t\t\t<h2 class=\"elementor-heading-title elementor-size-default\">El D\u00eda del Cari\u00f1o impulsa el comercio de joyas en el mercado estadounidense, donde se estima un gasto de m\u00e1s de US$6 mil 400 millones en este sector. Guatemala, con su producci\u00f3n artesanal y el uso de piedras preciosas como el jade y la plata, se posiciona como un proveedor clave para esta celebraci\u00f3n.<\/h2>\t\t\t\t<\/div>\n\t\t\t\t\t<\/div>\n\t\t\t\t<\/div>\n\t\t<div data-particle_enable=\"false\" data-particle-mobile-disabled=\"false\" class=\"elementor-element elementor-element-bde60c8 e-flex e-con-boxed e-con e-parent\" data-id=\"bde60c8\" data-element_type=\"container\" data-e-type=\"container\">\n\t\t\t\t\t<div class=\"e-con-inner\">\n\t\t\t\t<div class=\"elementor-element elementor-element-c2eabfa elementor-widget elementor-widget-text-editor\" data-id=\"c2eabfa\" data-element_type=\"widget\" data-e-type=\"widget\" data-widget_type=\"text-editor.default\">\n\t\t\t\t\t\t\t\t\t<p>Con dise\u00f1os \u00fanicos y materiales de alta calidad, las joyas guatemaltecas se han convertido en un regalo ideal para San Valent\u00edn en Estados Unidos. Gracias a su tradici\u00f3n orfebre y al creciente inter\u00e9s por productos artesanales, la exportaci\u00f3n de joyer\u00eda desde Guatemala ha aumentado, alcanzando los US$2 millones en 2024.<\/p><p>Guatemala se ha consolidado como un importante productor de joyer\u00eda artesanal y de alta gama, con una creciente presencia en mercados internacionales, especialmente en Estados Unidos. La riqueza cultural y la tradici\u00f3n en la orfebrer\u00eda han permitido que\u00a0<a style=\"text-align: var(--text-align)\" href=\"https:\/\/soymigrante.com\/revista\/joyas-mayas-migrantes-jugador-de-pelota-en-accion-tallado-en-piedra-conservado-en-manhattan\/\" target=\"_blank\" rel=\"noopener\">la joyer\u00eda guatemalteca gane prestigio y reconocimiento en el extranjero.<\/a><\/p>\t\t\t\t\t\t\t\t<\/div>\n\t\t\t\t\t<\/div>\n\t\t\t\t<\/div>\n\t\t<div data-particle_enable=\"false\" data-particle-mobile-disabled=\"false\" class=\"elementor-element elementor-element-333f6d0 e-flex e-con-boxed e-con e-parent\" data-id=\"333f6d0\" data-element_type=\"container\" data-e-type=\"container\">\n\t\t\t\t\t<div class=\"e-con-inner\">\n\t\t\t\t<div class=\"elementor-element elementor-element-a3168c5 elementor-widget elementor-widget-image\" data-id=\"a3168c5\" data-element_type=\"widget\" data-e-type=\"widget\" data-widget_type=\"image.default\">\n\t\t\t\t\t\t\t\t\t\t\t\t<figure class=\"wp-caption\">\n\t\t\t\t\t\t\t\t\t\t<img fetchpriority=\"high\" decoding=\"async\" width=\"768\" height=\"512\" src=\"https:\/\/soymigrante.com\/revista\/wp-content\/uploads\/2025\/02\/jade-casa-jade-exportacion2.webp\" class=\"attachment-large size-large wp-image-25226\" alt=\"Anillo de plata con piedra de cristales en forma de coraz\u00f3n, exhibido en una joyer\u00eda, reflejando la elegancia y el estilo en accesorios de moda para mujer.\" srcset=\"https:\/\/soymigrante.com\/revista\/wp-content\/uploads\/2025\/02\/jade-casa-jade-exportacion2.webp 1024w, https:\/\/soymigrante.com\/revista\/wp-content\/uploads\/2025\/02\/jade-casa-jade-exportacion2-300x200.jpg 300w, https:\/\/soymigrante.com\/revista\/wp-content\/uploads\/2025\/02\/jade-casa-jade-exportacion2-768x512.jpg 768w, https:\/\/soymigrante.com\/revista\/wp-content\/uploads\/2025\/02\/jade-casa-jade-exportacion2-750x500.webp 750w\" sizes=\"(max-width: 768px) 100vw, 768px\" title=\"jade casa jade exportacion2 \u2013 SoyMigrante.com REVISTA\" \/>\t\t\t\t\t\t\t\t\t\t\t<figcaption class=\"widget-image-caption wp-caption-text\">Joya de anillo de plata con piedra en forma de coraz\u00f3n, perfecta para complementar outfits elegantes y de moda, en una tienda de joyer\u00eda de alta calidad.<\/figcaption>\n\t\t\t\t\t\t\t\t\t\t<\/figure>\n\t\t\t\t\t\t\t\t\t<\/div>\n\t\t\t\t\t<\/div>\n\t\t\t\t<\/div>\n\t\t<div data-particle_enable=\"false\" data-particle-mobile-disabled=\"false\" class=\"elementor-element elementor-element-497c0a4 e-flex e-con-boxed e-con e-parent\" data-id=\"497c0a4\" data-element_type=\"container\" data-e-type=\"container\">\n\t\t\t\t\t<div class=\"e-con-inner\">\n\t\t\t\t<div class=\"elementor-element elementor-element-ebecbc9 elementor-widget elementor-widget-heading\" data-id=\"ebecbc9\" data-element_type=\"widget\" data-e-type=\"widget\" data-widget_type=\"heading.default\">\n\t\t\t\t\t<h3 class=\"elementor-heading-title elementor-size-default\">Un sector con gran potencial<\/h3>\t\t\t\t<\/div>\n\t\t\t\t\t<\/div>\n\t\t\t\t<\/div>\n\t\t<div data-particle_enable=\"false\" data-particle-mobile-disabled=\"false\" class=\"elementor-element elementor-element-4966c39 e-flex e-con-boxed e-con e-parent\" data-id=\"4966c39\" data-element_type=\"container\" data-e-type=\"container\">\n\t\t\t\t\t<div class=\"e-con-inner\">\n\t\t\t\t<div class=\"elementor-element elementor-element-f88b4e5 elementor-widget elementor-widget-text-editor\" data-id=\"f88b4e5\" data-element_type=\"widget\" data-e-type=\"widget\" data-widget_type=\"text-editor.default\">\n\t\t\t\t\t\t\t\t\t<p>La exportaci\u00f3n de joyas desde Guatemala a Estados Unidos ha experimentado un notable crecimiento en los \u00faltimos a\u00f1os. Esto se debe a varios factores, incluyendo la calidad de los materiales utilizados, como la plata,\u00a0<a href=\"https:\/\/soymigrante.com\/revista\/joyas-jade-luis-prieto-emprendedores-mercado\/\" target=\"_blank\" rel=\"noopener\">el jade<\/a>\u00a0y el oro, as\u00ed como el talento artesanal de los joyeros guatemaltecos.<\/p><p>Adem\u00e1s, el Tratado de Libre Comercio entre Centroam\u00e9rica y Estados Unidos (Cafta-Dr) ha facilitado el comercio al reducir aranceles y barreras burocr\u00e1ticas.<\/p>\t\t\t\t\t\t\t\t<\/div>\n\t\t\t\t\t<\/div>\n\t\t\t\t<\/div>\n\t\t<div data-particle_enable=\"false\" data-particle-mobile-disabled=\"false\" class=\"elementor-element elementor-element-acf9dc9 e-flex e-con-boxed e-con e-parent\" data-id=\"acf9dc9\" data-element_type=\"container\" data-e-type=\"container\">\n\t\t\t\t\t<div class=\"e-con-inner\">\n\t\t\t\t<div class=\"elementor-element elementor-element-2336b52 elementor-align-center elementor-widget elementor-widget-button\" data-id=\"2336b52\" data-element_type=\"widget\" data-e-type=\"widget\" data-widget_type=\"button.default\">\n\t\t\t\t\t\t\t\t\t\t<a class=\"elementor-button elementor-button-link elementor-size-sm\" href=\"https:\/\/soymigrante.com\/mercado\/joyera-y-relojes\">\n\t\t\t\t\t\t<span class=\"elementor-button-content-wrapper\">\n\t\t\t\t\t\t\t\t\t<span class=\"elementor-button-text\">En SoyMigrante.com MERCADO Encuentra joyas \u00fanicas hechas por artesanos y expertos chapines<\/span>\n\t\t\t\t\t<\/span>\n\t\t\t\t\t<\/a>\n\t\t\t\t\t\t\t\t<\/div>\n\t\t\t\t\t<\/div>\n\t\t\t\t<\/div>\n\t\t<div data-particle_enable=\"false\" data-particle-mobile-disabled=\"false\" class=\"elementor-element elementor-element-934fae4 e-flex e-con-boxed e-con e-parent\" data-id=\"934fae4\" data-element_type=\"container\" data-e-type=\"container\">\n\t\t\t\t\t<div class=\"e-con-inner\">\n\t\t\t\t<div class=\"elementor-element elementor-element-6438979 elementor-widget elementor-widget-image\" data-id=\"6438979\" data-element_type=\"widget\" data-e-type=\"widget\" data-widget_type=\"image.default\">\n\t\t\t\t\t\t\t\t\t\t\t\t<figure class=\"wp-caption\">\n\t\t\t\t\t\t\t\t\t\t<img decoding=\"async\" width=\"768\" height=\"512\" src=\"https:\/\/soymigrante.com\/revista\/wp-content\/uploads\/2025\/02\/jade-casa-jade-exportacion.webp\" class=\"attachment-large size-large wp-image-25232\" alt=\"\u00danica escultura de rostro ind\u00edgena en cer\u00e1mica de jade con detalles en rojo y negro, representando cultura y arte latinoamericano exclusividad.\" srcset=\"https:\/\/soymigrante.com\/revista\/wp-content\/uploads\/2025\/02\/jade-casa-jade-exportacion.webp 1024w, https:\/\/soymigrante.com\/revista\/wp-content\/uploads\/2025\/02\/jade-casa-jade-exportacion-300x200.jpg 300w, https:\/\/soymigrante.com\/revista\/wp-content\/uploads\/2025\/02\/jade-casa-jade-exportacion-768x512.jpg 768w, https:\/\/soymigrante.com\/revista\/wp-content\/uploads\/2025\/02\/jade-casa-jade-exportacion-750x500.webp 750w\" sizes=\"(max-width: 768px) 100vw, 768px\" title=\"jade casa jade exportacion \u2013 SoyMigrante.com REVISTA\" \/>\t\t\t\t\t\t\t\t\t\t\t<figcaption class=\"widget-image-caption wp-caption-text\">Escultura de rostro ind\u00edgena en cer\u00e1mica de jade, destacada por detalles en rojo y negro, simboliza cultura y tradici\u00f3n art\u00edstica latinoamericana, perfecta para publicaciones relacionadas con arte y cultura mexicana.<\/figcaption>\n\t\t\t\t\t\t\t\t\t\t<\/figure>\n\t\t\t\t\t\t\t\t\t<\/div>\n\t\t\t\t\t<\/div>\n\t\t\t\t<\/div>\n\t\t<div data-particle_enable=\"false\" data-particle-mobile-disabled=\"false\" class=\"elementor-element elementor-element-fa27932 e-flex e-con-boxed e-con e-parent\" data-id=\"fa27932\" data-element_type=\"container\" data-e-type=\"container\">\n\t\t\t\t\t<div class=\"e-con-inner\">\n\t\t\t\t<div class=\"elementor-element elementor-element-4b95ee2 elementor-widget elementor-widget-heading\" data-id=\"4b95ee2\" data-element_type=\"widget\" data-e-type=\"widget\" data-widget_type=\"heading.default\">\n\t\t\t\t\t<h3 class=\"elementor-heading-title elementor-size-default\">Principales mercados y demanda<\/h3>\t\t\t\t<\/div>\n\t\t\t\t\t<\/div>\n\t\t\t\t<\/div>\n\t\t<div data-particle_enable=\"false\" data-particle-mobile-disabled=\"false\" class=\"elementor-element elementor-element-7f73d27 e-flex e-con-boxed e-con e-parent\" data-id=\"7f73d27\" data-element_type=\"container\" data-e-type=\"container\">\n\t\t\t\t\t<div class=\"e-con-inner\">\n\t\t\t\t<div class=\"elementor-element elementor-element-6b75c06 elementor-widget elementor-widget-text-editor\" data-id=\"6b75c06\" data-element_type=\"widget\" data-e-type=\"widget\" data-widget_type=\"text-editor.default\">\n\t\t\t\t\t\t\t\t\t<p>El mercado estadounidense tiene una gran apreciaci\u00f3n por las joyas hechas a mano y con historia cultural. Las ciudades con alta demanda de joyer\u00eda guatemalteca incluyen Los \u00c1ngeles, Miami, Nueva York y Chicago, donde existe una comunidad latina significativa y un p\u00fablico interesado en productos artesanales y \u00e9tnicos.<\/p><p><a style=\"text-align: var(--text-align)\" href=\"https:\/\/soymigrante.com\/revista\/brinlox-joyeria-un-sueno-familiar-convertido-en-arte-y-emprendimiento\/\" target=\"_blank\" rel=\"noopener\">Las joyas, especialmente anillos y colgantes,<\/a>\u00a0son regalos populares durante celebraciones como el D\u00eda del Cari\u00f1o. Se estima que los consumidores estadounidenses gastaron US$6 mil 400 millones en joyer\u00eda para esta fecha, de un total de US$25 mil 800 millones en regalos.\u00a0<\/p><p>Guatemala tambi\u00e9n participa en este mercado, exportando principalmente a Estados Unidos (US$2 millones), Honduras (US$139 mil) y Panam\u00e1 (US$126 mil) en el a\u00f1o 2024.<\/p>\t\t\t\t\t\t\t\t<\/div>\n\t\t\t\t\t<\/div>\n\t\t\t\t<\/div>\n\t\t<div data-particle_enable=\"false\" data-particle-mobile-disabled=\"false\" class=\"elementor-element elementor-element-792af9a e-flex e-con-boxed e-con e-parent\" data-id=\"792af9a\" data-element_type=\"container\" data-e-type=\"container\">\n\t\t\t\t\t<div class=\"e-con-inner\">\n\t\t\t\t<div class=\"elementor-element elementor-element-cdb97a1 elementor-widget elementor-widget-image\" data-id=\"cdb97a1\" data-element_type=\"widget\" data-e-type=\"widget\" data-widget_type=\"image.default\">\n\t\t\t\t\t\t\t\t\t\t\t\t<figure class=\"wp-caption\">\n\t\t\t\t\t\t\t\t\t\t<img decoding=\"async\" width=\"768\" height=\"512\" src=\"https:\/\/soymigrante.com\/revista\/wp-content\/uploads\/2025\/02\/jade-casa-jade-exportacion-3.webp\" class=\"attachment-large size-large wp-image-25233\" alt=\"Joya de perlas y amatistas en exhibici\u00f3n en tienda de accesorios de bisuter\u00eda artesanales en display de exhibici\u00f3n.\" srcset=\"https:\/\/soymigrante.com\/revista\/wp-content\/uploads\/2025\/02\/jade-casa-jade-exportacion-3.webp 1024w, https:\/\/soymigrante.com\/revista\/wp-content\/uploads\/2025\/02\/jade-casa-jade-exportacion-3-300x200.jpg 300w, https:\/\/soymigrante.com\/revista\/wp-content\/uploads\/2025\/02\/jade-casa-jade-exportacion-3-768x512.jpg 768w, https:\/\/soymigrante.com\/revista\/wp-content\/uploads\/2025\/02\/jade-casa-jade-exportacion-3-750x500.webp 750w\" sizes=\"(max-width: 768px) 100vw, 768px\" title=\"jade casa jade exportacion 3 \u2013 SoyMigrante.com REVISTA\" \/>\t\t\t\t\t\t\t\t\t\t\t<figcaption class=\"widget-image-caption wp-caption-text\">Collar y pulsera de perlas y amatistas en exhibici\u00f3n en tienda de joyer\u00eda artesanal.<\/figcaption>\n\t\t\t\t\t\t\t\t\t\t<\/figure>\n\t\t\t\t\t\t\t\t\t<\/div>\n\t\t\t\t\t<\/div>\n\t\t\t\t<\/div>\n\t\t<div data-particle_enable=\"false\" data-particle-mobile-disabled=\"false\" class=\"elementor-element elementor-element-1e7c292 e-flex e-con-boxed e-con e-parent\" data-id=\"1e7c292\" data-element_type=\"container\" data-e-type=\"container\">\n\t\t\t\t\t<div class=\"e-con-inner\">\n\t\t\t\t<div class=\"elementor-element elementor-element-a718962 elementor-widget elementor-widget-heading\" data-id=\"a718962\" data-element_type=\"widget\" data-e-type=\"widget\" data-widget_type=\"heading.default\">\n\t\t\t\t\t<h3 class=\"elementor-heading-title elementor-size-default\">Retos y oportunidades<\/h3>\t\t\t\t<\/div>\n\t\t\t\t\t<\/div>\n\t\t\t\t<\/div>\n\t\t<div data-particle_enable=\"false\" data-particle-mobile-disabled=\"false\" class=\"elementor-element elementor-element-1a0c210 e-flex e-con-boxed e-con e-parent\" data-id=\"1a0c210\" data-element_type=\"container\" data-e-type=\"container\">\n\t\t\t\t\t<div class=\"e-con-inner\">\n\t\t\t\t<div class=\"elementor-element elementor-element-be40cf3 elementor-widget elementor-widget-text-editor\" data-id=\"be40cf3\" data-element_type=\"widget\" data-e-type=\"widget\" data-widget_type=\"text-editor.default\">\n\t\t\t\t\t\t\t\t\t<p>A pesar del crecimiento del sector,\u00a0<a href=\"https:\/\/soymigrante.com\/revista\/joyas-mayas-migrantes-hombre-de-piedra-de-mas-de-2-mil-anos-se-conserva-en-new-jersey\/\" target=\"_blank\" rel=\"noopener\">la exportaci\u00f3n de joyas<\/a>\u00a0enfrenta desaf\u00edos como la competencia con grandes marcas internacionales y la necesidad de cumplir con regulaciones y est\u00e1ndares de calidad exigidos en Estados Unidos.\u00a0<\/p><p>Sin embargo, las oportunidades superan los retos, ya que el consumidor estadounidense valora cada vez m\u00e1s la autenticidad y el comercio justo, lo que abre puertas a peque\u00f1as y medianas empresas guatemaltecas.<\/p>\t\t\t\t\t\t\t\t<\/div>\n\t\t\t\t\t<\/div>\n\t\t\t\t<\/div>\n\t\t<div data-particle_enable=\"false\" data-particle-mobile-disabled=\"false\" class=\"elementor-element elementor-element-ddd8e88 e-flex e-con-boxed e-con e-parent\" data-id=\"ddd8e88\" data-element_type=\"container\" data-e-type=\"container\">\n\t\t\t\t\t<div class=\"e-con-inner\">\n\t\t\t\t<div class=\"elementor-element elementor-element-8feb696 elementor-widget elementor-widget-video\" data-id=\"8feb696\" data-element_type=\"widget\" data-e-type=\"widget\" data-settings=\"{&quot;youtube_url&quot;:&quot;https:\\\/\\\/www.youtube.com\\\/watch?v=k7fDV_J6iEw&quot;,&quot;video_type&quot;:&quot;youtube&quot;,&quot;controls&quot;:&quot;yes&quot;}\" data-widget_type=\"video.default\">\n\t\t\t\t\t\t\t<div class=\"elementor-wrapper elementor-open-inline\">\n\t\t\t<div class=\"elementor-video\"><\/div>\t\t<\/div>\n\t\t\t\t\t\t<\/div>\n\t\t\t\t\t<\/div>\n\t\t\t\t<\/div>\n\t\t<div data-particle_enable=\"false\" data-particle-mobile-disabled=\"false\" class=\"elementor-element elementor-element-22cb8c8 e-flex e-con-boxed e-con e-parent\" data-id=\"22cb8c8\" data-element_type=\"container\" data-e-type=\"container\">\n\t\t\t\t\t<div class=\"e-con-inner\">\n\t\t\t\t<div class=\"elementor-element elementor-element-d3f35e8 elementor-widget elementor-widget-heading\" data-id=\"d3f35e8\" data-element_type=\"widget\" data-e-type=\"widget\" data-widget_type=\"heading.default\">\n\t\t\t\t\t<h3 class=\"elementor-heading-title elementor-size-default\">Estrategias para una exportaci\u00f3n exitosa\n<\/h3>\t\t\t\t<\/div>\n\t\t\t\t\t<\/div>\n\t\t\t\t<\/div>\n\t\t<div data-particle_enable=\"false\" data-particle-mobile-disabled=\"false\" class=\"elementor-element elementor-element-24f909d e-flex e-con-boxed e-con e-parent\" data-id=\"24f909d\" data-element_type=\"container\" data-e-type=\"container\">\n\t\t\t\t\t<div class=\"e-con-inner\">\n\t\t\t\t<div class=\"elementor-element elementor-element-4b14f4e elementor-widget elementor-widget-text-editor\" data-id=\"4b14f4e\" data-element_type=\"widget\" data-e-type=\"widget\" data-widget_type=\"text-editor.default\">\n\t\t\t\t\t\t\t\t\t<p>Para mejorar y fortalecer la exportaci\u00f3n de joyas guatemaltecas, los productores pueden adoptar estrategias clave, tales como:<\/p><ul><li>Certificaciones y est\u00e1ndares de calidad: Cumplir con regulaciones internacionales para garantizar la aceptaci\u00f3n en el mercado estadounidense.<\/li><li>Marketing digital y comercio electr\u00f3nico: Utilizar plataformas como Etsy, Amazon Handmade , redes sociales, y por supuesto\u00a0<a href=\"https:\/\/soymigrante.com\/mercado\/joyera-y-relojes\" target=\"_blank\" rel=\"noopener\">en SoyMigrante.com MERCADO,<\/a>\u00a0para promocionar y vender sus productos.<\/li><li>Participaci\u00f3n en ferias y exposiciones: Asistir a eventos como la JCK Las Vegas o la NY NOW, que permiten conectar con compradores internacionales.<\/li><li>Alianzas estrat\u00e9gicas: Colaborar con dise\u00f1adores y tiendas en Estados Unidos para aumentar la visibilidad y distribuci\u00f3n de sus productos.<\/li><\/ul>\t\t\t\t\t\t\t\t<\/div>\n\t\t\t\t\t<\/div>\n\t\t\t\t<\/div>\n\t\t<div data-particle_enable=\"false\" data-particle-mobile-disabled=\"false\" class=\"elementor-element elementor-element-304a79a e-flex e-con-boxed e-con e-parent\" data-id=\"304a79a\" data-element_type=\"container\" data-e-type=\"container\">\n\t\t\t\t\t<div class=\"e-con-inner\">\n\t\t\t\t<div class=\"elementor-element elementor-element-e92c66e elementor-widget elementor-widget-video\" data-id=\"e92c66e\" data-element_type=\"widget\" data-e-type=\"widget\" data-settings=\"{&quot;youtube_url&quot;:&quot;https:\\\/\\\/www.youtube.com\\\/watch?v=GSU0VWqF5n8&quot;,&quot;video_type&quot;:&quot;youtube&quot;,&quot;controls&quot;:&quot;yes&quot;}\" data-widget_type=\"video.default\">\n\t\t\t\t\t\t\t<div class=\"elementor-wrapper elementor-open-inline\">\n\t\t\t<div class=\"elementor-video\"><\/div>\t\t<\/div>\n\t\t\t\t\t\t<\/div>\n\t\t\t\t\t<\/div>\n\t\t\t\t<\/div>\n\t\t<div data-particle_enable=\"false\" data-particle-mobile-disabled=\"false\" class=\"elementor-element elementor-element-0ebc69b e-flex e-con-boxed e-con e-parent\" data-id=\"0ebc69b\" data-element_type=\"container\" data-e-type=\"container\">\n\t\t\t\t\t<div class=\"e-con-inner\">\n\t\t\t\t<div class=\"elementor-element elementor-element-936a227 elementor-widget elementor-widget-text-editor\" data-id=\"936a227\" data-element_type=\"widget\" data-e-type=\"widget\" data-widget_type=\"text-editor.default\">\n\t\t\t\t\t\t\t\t\t<p>La exportaci\u00f3n de joyas\u00a0<a href=\"https:\/\/soymigrante.com\/revista\/conoce-las-equivalencias-de-titulos-academicos-entre-guatemala-y-estados-unidos\/\" target=\"_blank\" rel=\"noopener\">desde Guatemala a Estados Unidos<\/a>\u00a0representa una oportunidad significativa para los artesanos y empresarios del sector.<\/p><p>Adem\u00e1s, festividades como el D\u00eda del Cari\u00f1o refuerzan la importancia de esta industria, impulsando la demanda y creando oportunidades adicionales para el comercio exterior guatemalteco.<\/p><p><span style=\"font-weight: 400\">Con informaci\u00f3n de Agexport, National Retail Federation, Cafta DR 2023, Feria JCK Las Vegas.<\/span><\/p>\t\t\t\t\t\t\t\t<\/div>\n\t\t\t\t\t<\/div>\n\t\t\t\t<\/div>\n\t\t<div data-particle_enable=\"false\" data-particle-mobile-disabled=\"false\" class=\"elementor-element elementor-element-f9e6e29 e-flex e-con-boxed e-con e-parent\" data-id=\"f9e6e29\" data-element_type=\"container\" data-e-type=\"container\">\n\t\t\t\t\t<div class=\"e-con-inner\">\n\t\t\t\t<div class=\"elementor-element elementor-element-34d1ee4 elementor-widget elementor-widget-heading\" data-id=\"34d1ee4\" data-element_type=\"widget\" data-e-type=\"widget\" data-widget_type=\"heading.default\">\n\t\t\t\t\t<h2 class=\"elementor-heading-title elementor-size-default\">Tips para este D\u00eda de San Valent\u00edn<\/h2>\t\t\t\t<\/div>\n\t\t\t\t\t<\/div>\n\t\t\t\t<\/div>\n\t\t<div data-particle_enable=\"false\" data-particle-mobile-disabled=\"false\" class=\"elementor-element elementor-element-2ba0789 e-flex e-con-boxed e-con e-parent\" data-id=\"2ba0789\" data-element_type=\"container\" data-e-type=\"container\">\n\t\t\t\t\t<div class=\"e-con-inner\">\n\t\t\t\t<div class=\"elementor-element elementor-element-498883c elementor-grid-eael-col-3 elementor-grid-tablet-eael-col-2 elementor-grid-mobile-eael-col-1 elementor-widget elementor-widget-eael-post-grid\" data-id=\"498883c\" data-element_type=\"widget\" data-e-type=\"widget\" data-settings=\"{&quot;eael_post_grid_columns&quot;:&quot;eael-col-3&quot;,&quot;eael_post_grid_columns_tablet&quot;:&quot;eael-col-2&quot;,&quot;eael_post_grid_columns_mobile&quot;:&quot;eael-col-1&quot;}\" data-widget_type=\"eael-post-grid.default\">\n\t\t\t\t\t<div id=\"eael-post-grid-498883c\" class=\"eael-post-grid-container\">\n            <div class=\"eael-post-grid eael-post-appender eael-post-appender-498883c eael-post-grid-style-one\" data-layout-mode=\"masonry\"><article class=\"eael-grid-post  eael-post-grid-column eael-pg-post-24940 category-guate-nuestra\" data-id=\"24940\">\n        <div class=\"eael-grid-post-holder\">\n            <div class=\"eael-grid-post-holder-inner\"><div class=\"eael-entry-media\"><div class=\"eael-entry-overlay fade-in\"><i class=\"far fa-hand-pointer\" aria-hidden=\"true\"><\/i><a href=\"https:\/\/soymigrante.com\/revista\/en-el-dia-de-san-valentin-se-regalan-muchas-pero-sabes-el-significado-del-color-de-las-rosas\/\"><\/a><\/div><div class=\"eael-entry-thumbnail \">\n                <img loading=\"lazy\" decoding=\"async\" width=\"674\" height=\"674\" src=\"https:\/\/soymigrante.com\/revista\/wp-content\/uploads\/2025\/02\/significado-del-color-de-las-rosas-2.webp\" class=\"attachment-large size-large wp-image-25138\" alt=\"Blanca, amarilla y roja rosas en tallos con fondo blanco, flores de rosa en diferentes colores para cada estaci\u00f3n, s\u00edmbolo de belleza y diversidad floral. Viene el D\u00eda del Cari\u00f1o... \u00bfY a\u00fan no conoces el significado del color de las rosas ?\" srcset=\"https:\/\/soymigrante.com\/revista\/wp-content\/uploads\/2025\/02\/significado-del-color-de-las-rosas-2.webp 674w, https:\/\/soymigrante.com\/revista\/wp-content\/uploads\/2025\/02\/significado-del-color-de-las-rosas-2-300x300.jpg 300w, https:\/\/soymigrante.com\/revista\/wp-content\/uploads\/2025\/02\/significado-del-color-de-las-rosas-2-150x150.jpg 150w, https:\/\/soymigrante.com\/revista\/wp-content\/uploads\/2025\/02\/significado-del-color-de-las-rosas-2-75x75.webp 75w\" sizes=\"(max-width: 674px) 100vw, 674px\" \/>\n            <\/div>\n        <\/div><div class=\"eael-entry-wrapper\"><header class=\"eael-entry-header\"><h2 class=\"eael-entry-title\"><a class=\"eael-grid-post-link\" href=\"https:\/\/soymigrante.com\/revista\/en-el-dia-de-san-valentin-se-regalan-muchas-pero-sabes-el-significado-del-color-de-las-rosas\/\" title=\"Viene el D\u00eda del Cari\u00f1o&#8230; \u00bfY a\u00fan no conoces el significado del color de las rosas ?\">Viene el D\u00eda del Cari\u00f1o&#8230; \u00bfY a\u00fan no conoces el significado del color de las rosas ?<\/a><\/h2><\/header><div class=\"eael-entry-content\">\n                        <div class=\"eael-grid-post-excerpt\"><a href=\"https:\/\/soymigrante.com\/revista\/en-el-dia-de-san-valentin-se-regalan-muchas-pero-sabes-el-significado-del-color-de-las-rosas\/\" class=\"eael-post-elements-readmore-btn\">CONOCE SU HISTORIA <\/a><\/div>\n                    <\/div><\/div><\/div>\n        <\/div>\n    <\/article><article class=\"eael-grid-post  eael-post-grid-column eael-pg-post-24697 category-guate-nuestra\" data-id=\"24697\">\n        <div class=\"eael-grid-post-holder\">\n            <div class=\"eael-grid-post-holder-inner\"><div class=\"eael-entry-media\"><div class=\"eael-entry-overlay fade-in\"><i class=\"far fa-hand-pointer\" aria-hidden=\"true\"><\/i><a href=\"https:\/\/soymigrante.com\/revista\/feliz-dia-de-san-valentin-del-carino-guatemala-exporta-rosas\/\"><\/a><\/div><div class=\"eael-entry-thumbnail \">\n                <img loading=\"lazy\" decoding=\"async\" width=\"1024\" height=\"1010\" src=\"https:\/\/soymigrante.com\/revista\/wp-content\/uploads\/2025\/02\/rosas-exportacion-1024x1010.jpg\" class=\"attachment-large size-large wp-image-24787\" alt=\"Ramo de rosas rojas en mano, s\u00edmbolo de amor y celebraci\u00f3n, ideal para ocasiones especiales y momentos rom\u00e1nticos en la comunidad de migrantes en M\u00e9xico y Am\u00e9rica Latina.\" srcset=\"https:\/\/soymigrante.com\/revista\/wp-content\/uploads\/2025\/02\/rosas-exportacion-1024x1010.jpg 1024w, https:\/\/soymigrante.com\/revista\/wp-content\/uploads\/2025\/02\/rosas-exportacion-300x296.jpg 300w, https:\/\/soymigrante.com\/revista\/wp-content\/uploads\/2025\/02\/rosas-exportacion-768x757.jpg 768w, https:\/\/soymigrante.com\/revista\/wp-content\/uploads\/2025\/02\/rosas-exportacion-1536x1514.jpg 1536w, https:\/\/soymigrante.com\/revista\/wp-content\/uploads\/2025\/02\/rosas-exportacion-2048x2019.jpg 2048w, https:\/\/soymigrante.com\/revista\/wp-content\/uploads\/2025\/02\/rosas-exportacion-75x75.webp 75w, https:\/\/soymigrante.com\/revista\/wp-content\/uploads\/2025\/02\/rosas-exportacion-750x739.webp 750w, https:\/\/soymigrante.com\/revista\/wp-content\/uploads\/2025\/02\/rosas-exportacion-1140x1124.webp 1140w, https:\/\/soymigrante.com\/revista\/wp-content\/uploads\/2025\/02\/rosas-exportacion-scaled.webp 1920w\" sizes=\"(max-width: 1024px) 100vw, 1024px\" \/>\n            <\/div>\n        <\/div><div class=\"eael-entry-wrapper\"><header class=\"eael-entry-header\"><h2 class=\"eael-entry-title\"><a class=\"eael-grid-post-link\" href=\"https:\/\/soymigrante.com\/revista\/feliz-dia-de-san-valentin-del-carino-guatemala-exporta-rosas\/\" title=\"Guatemala exporta millones de rosas para decir Feliz D\u00eda de San Valent\u00edn \u00bfEn qu\u00e9 pa\u00edses?\">Guatemala exporta millones de rosas para decir Feliz D\u00eda de San Valent\u00edn \u00bfEn qu\u00e9 pa\u00edses?<\/a><\/h2><\/header><div class=\"eael-entry-content\">\n                        <div class=\"eael-grid-post-excerpt\"><a href=\"https:\/\/soymigrante.com\/revista\/feliz-dia-de-san-valentin-del-carino-guatemala-exporta-rosas\/\" class=\"eael-post-elements-readmore-btn\">CONOCE SU HISTORIA <\/a><\/div>\n                    <\/div><\/div><\/div>\n        <\/div>\n    <\/article><article class=\"eael-grid-post  eael-post-grid-column eael-pg-post-12036 category-bienestar\" data-id=\"12036\">\n        <div class=\"eael-grid-post-holder\">\n            <div class=\"eael-grid-post-holder-inner\"><div class=\"eael-entry-media\"><div class=\"eael-entry-overlay fade-in\"><i class=\"far fa-hand-pointer\" aria-hidden=\"true\"><\/i><a href=\"https:\/\/soymigrante.com\/revista\/de-guatemala-con-carino-que-regalos-puedo-llevar-a-usa-sin-restriccion-ni-cargos-extra\/\"><\/a><\/div><div class=\"eael-entry-thumbnail \">\n                <img loading=\"lazy\" decoding=\"async\" width=\"1024\" height=\"1024\" src=\"https:\/\/soymigrante.com\/revista\/wp-content\/uploads\/2024\/11\/restriccion-en-equipaje-usa-feature-1024x1024.jpg\" class=\"attachment-large size-large wp-image-12193\" alt=\"Viajera mujer hablando por tel\u00e9fono mientras prepara maleta con ropa en casa.\" srcset=\"https:\/\/soymigrante.com\/revista\/wp-content\/uploads\/2024\/11\/restriccion-en-equipaje-usa-feature-1024x1024.jpg 1024w, https:\/\/soymigrante.com\/revista\/wp-content\/uploads\/2024\/11\/restriccion-en-equipaje-usa-feature-300x300.webp 300w, https:\/\/soymigrante.com\/revista\/wp-content\/uploads\/2024\/11\/restriccion-en-equipaje-usa-feature-150x150.webp 150w, https:\/\/soymigrante.com\/revista\/wp-content\/uploads\/2024\/11\/restriccion-en-equipaje-usa-feature-768x768.jpg 768w, https:\/\/soymigrante.com\/revista\/wp-content\/uploads\/2024\/11\/restriccion-en-equipaje-usa-feature-1536x1536.jpg 1536w, https:\/\/soymigrante.com\/revista\/wp-content\/uploads\/2024\/11\/restriccion-en-equipaje-usa-feature-2048x2048.jpg 2048w, https:\/\/soymigrante.com\/revista\/wp-content\/uploads\/2024\/11\/restriccion-en-equipaje-usa-feature-75x75.webp 75w, https:\/\/soymigrante.com\/revista\/wp-content\/uploads\/2024\/11\/restriccion-en-equipaje-usa-feature-750x750.webp 750w, https:\/\/soymigrante.com\/revista\/wp-content\/uploads\/2024\/11\/restriccion-en-equipaje-usa-feature-1140x1140.jpg 1140w, https:\/\/soymigrante.com\/revista\/wp-content\/uploads\/2024\/11\/restriccion-en-equipaje-usa-feature-scaled.webp 1920w\" sizes=\"(max-width: 1024px) 100vw, 1024px\" \/>\n            <\/div>\n        <\/div><div class=\"eael-entry-wrapper\"><header class=\"eael-entry-header\"><h2 class=\"eael-entry-title\"><a class=\"eael-grid-post-link\" href=\"https:\/\/soymigrante.com\/revista\/de-guatemala-con-carino-que-regalos-puedo-llevar-a-usa-sin-restriccion-ni-cargos-extra\/\" title=\"De Guatemala con cari\u00f1o: Qu\u00e9 regalos puedo llevar a USA sin restricci\u00f3n ni cargos extra\">De Guatemala con cari\u00f1o: Qu\u00e9 regalos puedo llevar a USA sin restricci\u00f3n ni cargos extra<\/a><\/h2><\/header><div class=\"eael-entry-content\">\n                        <div class=\"eael-grid-post-excerpt\"><a href=\"https:\/\/soymigrante.com\/revista\/de-guatemala-con-carino-que-regalos-puedo-llevar-a-usa-sin-restriccion-ni-cargos-extra\/\" class=\"eael-post-elements-readmore-btn\">CONOCE SU HISTORIA <\/a><\/div>\n                    <\/div><\/div><\/div>\n        <\/div>\n    <\/article><\/div>\n            <div class=\"clearfix\"><\/div>\n        <\/div>\t\t\t\t<\/div>\n\t\t\t\t\t<\/div>\n\t\t\t\t<\/div>\n\t\t\t\t<\/div>\n\t\t","protected":false},"excerpt":{"rendered":"<p>El D\u00eda del Cari\u00f1o impulsa el comercio de joyas en el mercado estadounidense, donde se estima un gasto de m\u00e1s de US$6 mil 400 millones en este sector. Guatemala, con su producci\u00f3n artesanal y el uso de piedras preciosas como el jade y la plata, se posiciona como un proveedor clave para esta celebraci\u00f3n. Con [&hellip;]<\/p>\n","protected":false},"author":23,"featured_media":25238,"comment_status":"open","ping_status":"open","sticky":false,"template":"","format":"standard","meta":{"_acf_changed":false,"_eb_attr":"","footnotes":""},"categories":[58],"tags":[],"class_list":["post-25176","post","type-post","status-publish","format-standard","has-post-thumbnail","hentry","category-guate-nuestra"],"acf":[],"aioseo_notices":[],"aioseo_head":"\n\t\t<!-- All in One SEO Pro 4.9.6.2 - aioseo.com -->\n\t<meta name=\"description\" content=\"Si planeas viajar a EE.UU. o viniste de visita a Guatemala y quieres llevar recuerdos a seres queridos, es importante conocer regulaciones de equipaje en aduana\" \/>\n\t<meta name=\"robots\" content=\"max-snippet:-1, max-image-preview:large, max-video-preview:-1\" \/>\n\t<meta name=\"author\" content=\"Beatriz Tercero\"\/>\n\t<link rel=\"canonical\" href=\"https:\/\/soymigrante.com\/revista\/de-guatemala-con-carino-que-regalos-puedo-llevar-a-usa-sin-restriccion-ni-cargos-extra\/\" \/>\n\t<meta name=\"generator\" content=\"All in One SEO Pro (AIOSEO) 4.9.6.2\" \/>\n\n\t\t<link rel=\"preconnect\" href=\"https:\/\/fonts.googleapis.com\" crossorigin>\n<link rel=\"preconnect\" href=\"https:\/\/fonts.gstatic.com\" crossorigin>\n\t\t<meta property=\"og:locale\" content=\"es_ES\" \/>\n\t\t<meta property=\"og:site_name\" content=\"SoyMigrante.com REVISTA \u2013 Nuestra misi\u00f3n es reconocer y dignificar al migrante.\" \/>\n\t\t<meta property=\"og:type\" content=\"article\" \/>\n\t\t<meta property=\"og:title\" content=\"Qu\u00e9 llevar a EE. UU. sin complicaciones ni cargos extra&quot;\" \/>\n\t\t<meta property=\"og:description\" content=\"Si planeas viajar a EE.UU. o viniste de visita a Guatemala y quieres llevar recuerdos a seres queridos, es importante conocer regulaciones de equipaje en aduana\" \/>\n\t\t<meta property=\"og:url\" content=\"https:\/\/soymigrante.com\/revista\/de-guatemala-con-carino-que-regalos-puedo-llevar-a-usa-sin-restriccion-ni-cargos-extra\/\" \/>\n\t\t<meta property=\"og:image\" content=\"https:\/\/soymigrante.com\/revista\/wp-content\/uploads\/2024\/11\/restriccion-en-equipaje-usa-feature-scaled.webp\" \/>\n\t\t<meta property=\"og:image:secure_url\" content=\"https:\/\/soymigrante.com\/revista\/wp-content\/uploads\/2024\/11\/restriccion-en-equipaje-usa-feature-scaled.webp\" \/>\n\t\t<meta property=\"og:image:width\" content=\"1920\" \/>\n\t\t<meta property=\"og:image:height\" content=\"1920\" \/>\n\t\t<meta property=\"article:published_time\" content=\"2024-11-13T22:19:50+00:00\" \/>\n\t\t<meta property=\"article:modified_time\" content=\"2024-11-13T22:20:53+00:00\" \/>\n\t\t<meta property=\"article:publisher\" content=\"https:\/\/www.facebook.com\/soymigrantecom\" \/>\n\t\t<meta name=\"twitter:card\" content=\"summary_large_image\" \/>\n\t\t<meta name=\"twitter:site\" content=\"@SoyMigrante_com\" \/>\n\t\t<meta name=\"twitter:title\" content=\"Qu\u00e9 llevar a EE. UU. sin complicaciones ni cargos extra&quot;\" \/>\n\t\t<meta name=\"twitter:description\" content=\"Si planeas viajar a EE.UU. o viniste de visita a Guatemala y quieres llevar recuerdos a seres queridos, es importante conocer regulaciones de equipaje en aduana\" \/>\n\t\t<meta name=\"twitter:creator\" content=\"@SoyMigrante_com\" \/>\n\t\t<meta name=\"twitter:image\" content=\"https:\/\/soymigrante.com\/revista\/wp-content\/uploads\/2024\/11\/restriccion-en-equipaje-usa-feature-scaled.webp\" \/>\n\t\t<!-- All in One SEO Pro -->\r\n\t\t<title>Qu\u00e9 llevar a EE. UU. sin complicaciones ni cargos extra&quot;<\/title>\n\n","aioseo_head_json":{"title":"Qu\u00e9 llevar a EE. UU. sin complicaciones ni cargos extra\"","description":"Si planeas viajar a EE.UU. o viniste de visita a Guatemala y quieres llevar recuerdos a seres queridos, es importante conocer regulaciones de equipaje en aduana","canonical_url":"https:\/\/soymigrante.com\/revista\/de-guatemala-con-carino-que-regalos-puedo-llevar-a-usa-sin-restriccion-ni-cargos-extra\/","robots":"max-snippet:-1, max-image-preview:large, max-video-preview:-1","keywords":"","webmasterTools":{"miscellaneous":"&lt;link rel=\"preconnect\" href=\"https:\/\/fonts.googleapis.com\" crossorigin&gt;\n&lt;link rel=\"preconnect\" href=\"https:\/\/fonts.gstatic.com\" crossorigin&gt;"},"schema":null,"og:locale":"es_ES","og:site_name":"SoyMigrante.com REVISTA \u2013 Nuestra misi\u00f3n es reconocer y dignificar al migrante.","og:type":"article","og:title":"Qu\u00e9 llevar a EE. UU. sin complicaciones ni cargos extra&quot;","og:description":"Si planeas viajar a EE.UU. o viniste de visita a Guatemala y quieres llevar recuerdos a seres queridos, es importante conocer regulaciones de equipaje en aduana","og:url":"https:\/\/soymigrante.com\/revista\/de-guatemala-con-carino-que-regalos-puedo-llevar-a-usa-sin-restriccion-ni-cargos-extra\/","og:image":"https:\/\/soymigrante.com\/revista\/wp-content\/uploads\/2024\/11\/restriccion-en-equipaje-usa-feature-scaled.webp","og:image:secure_url":"https:\/\/soymigrante.com\/revista\/wp-content\/uploads\/2024\/11\/restriccion-en-equipaje-usa-feature-scaled.webp","og:image:width":1920,"og:image:height":1920,"article:published_time":"2024-11-13T22:19:50+00:00","article:modified_time":"2024-11-13T22:20:53+00:00","article:publisher":"https:\/\/www.facebook.com\/soymigrantecom","twitter:card":"summary_large_image","twitter:site":"@SoyMigrante_com","twitter:title":"Qu\u00e9 llevar a EE. UU. sin complicaciones ni cargos extra&quot;","twitter:description":"Si planeas viajar a EE.UU. o viniste de visita a Guatemala y quieres llevar recuerdos a seres queridos, es importante conocer regulaciones de equipaje en aduana","twitter:creator":"@SoyMigrante_com","twitter:image":"https:\/\/soymigrante.com\/revista\/wp-content\/uploads\/2024\/11\/restriccion-en-equipaje-usa-feature-scaled.webp"},"aioseo_meta_data":{"post_id":"25176","title":"Joyas guatemaltecas: el regalo perfecto en San Valent\u00edn","description":"El D\u00eda del Cari\u00f1o impulsa el comercio de joyas en el mercado estadounidense, donde se estima un gasto de m\u00e1s de US$6 mil 400 millones en este sector.","keywords":null,"keyphrases":{"focus":{"keyphrase":"D\u00eda de San Valent\u00edn","score":53,"analysis":{"keyphraseInTitle":{"score":3,"maxScore":9,"error":1},"keyphraseInDescription":{"score":3,"maxScore":9,"error":1},"keyphraseLength":{"score":6,"maxScore":9,"error":1,"length":6},"keyphraseInURL":{"score":5,"maxScore":5,"error":0}}},"additional":[{"keyphrase":"Estados Unidos","score":67,"analysis":{"keyphraseInDescription":{"score":3,"maxScore":9,"error":1},"keyphraseLength":{"score":9,"maxScore":9,"error":0,"length":2}}},{"keyphrase":"joyas guatemaltecas","score":67,"analysis":{"keyphraseInDescription":{"score":3,"maxScore":9,"error":1},"keyphraseLength":{"score":9,"maxScore":9,"error":0,"length":2}}},{"keyphrase":"jade","score":67,"analysis":{"keyphraseInDescription":{"score":3,"maxScore":9,"error":1},"keyphraseLength":{"score":9,"maxScore":9,"error":0,"length":1}}},{"keyphrase":"plata","score":67,"analysis":{"keyphraseInDescription":{"score":3,"maxScore":9,"error":1},"keyphraseLength":{"score":9,"maxScore":9,"error":0,"length":1}}},{"keyphrase":"D\u00eda del Cari\u00f1o","score":83,"analysis":{"keyphraseInDescription":{"score":9,"maxScore":9,"error":0},"keyphraseLength":{"score":6,"maxScore":9,"error":1,"length":5}}}]},"primary_term":null,"canonical_url":null,"og_title":null,"og_description":null,"og_object_type":"default","og_image_type":"default","og_image_url":null,"og_image_width":null,"og_image_height":null,"og_image_custom_url":null,"og_image_custom_fields":null,"og_video":"","og_custom_url":null,"og_article_section":null,"og_article_tags":null,"twitter_use_og":false,"twitter_card":"default","twitter_image_type":"default","twitter_image_url":null,"twitter_image_custom_url":null,"twitter_image_custom_fields":null,"twitter_title":null,"twitter_description":null,"schema":{"blockGraphs":[],"customGraphs":[],"default":{"data":{"Article":[],"Course":[],"Dataset":[],"FAQPage":[],"Movie":[],"Person":[],"Product":[],"ProductReview":[],"Car":[],"Recipe":[],"Service":[],"SoftwareApplication":[],"WebPage":[]},"graphName":"BlogPosting","isEnabled":true},"graphs":[]},"schema_type":"default","schema_type_options":null,"pillar_content":false,"robots_default":true,"robots_noindex":false,"robots_noarchive":false,"robots_nosnippet":false,"robots_nofollow":false,"robots_noimageindex":false,"robots_noodp":false,"robots_notranslate":false,"robots_max_snippet":"-1","robots_max_videopreview":"-1","robots_max_imagepreview":"large","priority":null,"frequency":"default","local_seo":null,"seo_analyzer_scan_date":"2025-10-09 02:38:15","breadcrumb_settings":null,"limit_modified_date":false,"reviewed_by":null,"open_ai":"{\"title\":{\"suggestions\":[],\"usage\":0},\"description\":{\"suggestions\":[],\"usage\":0}}","ai":null,"created":"2025-02-12 19:40:57","updated":"2026-02-04 21:13:57"},"aioseo_breadcrumb":"<div class=\"aioseo-breadcrumbs\"><span class=\"aioseo-breadcrumb\">\n\t<a href=\"https:\/\/soymigrante.com\/revista\" title=\"Home\">Home<\/a>\n<\/span><span class=\"aioseo-breadcrumb-separator\">\u00bb<\/span><span class=\"aioseo-breadcrumb\">\n\t<a href=\"https:\/\/soymigrante.com\/revista\/category\/guate-nuestra\/\" title=\"Guate Nuestra\">Guate Nuestra<\/a>\n<\/span><span class=\"aioseo-breadcrumb-separator\">\u00bb<\/span><span class=\"aioseo-breadcrumb\">\n\tJoyas guatemaltecas conquistan Estados Unidos en el D\u00eda de San Valent\u00edn y todo el a\u00f1o\n<\/span><\/div>","aioseo_breadcrumb_json":[{"label":"Home","link":"https:\/\/soymigrante.com\/revista"},{"label":"Guate Nuestra","link":"https:\/\/soymigrante.com\/revista\/category\/guate-nuestra\/"},{"label":"Joyas guatemaltecas conquistan Estados Unidos en el D\u00eda de San Valent\u00edn y todo el a\u00f1o","link":"https:\/\/soymigrante.com\/revista\/joyas-guatemaltecas-conquistan-estados-unidos-en-el-dia-de-san-valentin-y-todo-el-ano\/"}],"_links":{"self":[{"href":"https:\/\/soymigrante.com\/revista\/wp-json\/wp\/v2\/posts\/25176","targetHints":{"allow":["GET"]}}],"collection":[{"href":"https:\/\/soymigrante.com\/revista\/wp-json\/wp\/v2\/posts"}],"about":[{"href":"https:\/\/soymigrante.com\/revista\/wp-json\/wp\/v2\/types\/post"}],"author":[{"embeddable":true,"href":"https:\/\/soymigrante.com\/revista\/wp-json\/wp\/v2\/users\/23"}],"replies":[{"embeddable":true,"href":"https:\/\/soymigrante.com\/revista\/wp-json\/wp\/v2\/comments?post=25176"}],"version-history":[{"count":0,"href":"https:\/\/soymigrante.com\/revista\/wp-json\/wp\/v2\/posts\/25176\/revisions"}],"wp:featuredmedia":[{"embeddable":true,"href":"https:\/\/soymigrante.com\/revista\/wp-json\/wp\/v2\/media\/25238"}],"wp:attachment":[{"href":"https:\/\/soymigrante.com\/revista\/wp-json\/wp\/v2\/media?parent=25176"}],"wp:term":[{"taxonomy":"category","embeddable":true,"href":"https:\/\/soymigrante.com\/revista\/wp-json\/wp\/v2\/categories?post=25176"},{"taxonomy":"post_tag","embeddable":true,"href":"https:\/\/soymigrante.com\/revista\/wp-json\/wp\/v2\/tags?post=25176"}],"curies":[{"name":"wp","href":"https:\/\/api.w.org\/{rel}","templated":true}]}}