{"id":25144,"date":"2025-02-14T12:08:32","date_gmt":"2025-02-14T18:08:32","guid":{"rendered":"https:\/\/soymigrante.com\/revista\/?p=25144"},"modified":"2025-03-10T14:45:04","modified_gmt":"2025-03-10T20:45:04","slug":"siete-platillos-guatemaltecos-a-base-de-mariscos","status":"publish","type":"post","link":"https:\/\/soymigrante.com\/revista\/siete-platillos-guatemaltecos-a-base-de-mariscos\/","title":{"rendered":"Ya se siente el sabor del verano: Siete platillos guatemaltecos a base de mariscos"},"content":{"rendered":"\t\t<div data-elementor-type=\"wp-post\" data-elementor-id=\"25144\" class=\"elementor elementor-25144\" data-elementor-post-type=\"post\">\n\t\t\t\t<div data-particle_enable=\"false\" data-particle-mobile-disabled=\"false\" class=\"elementor-element elementor-element-6116f67 e-flex e-con-boxed e-con e-parent\" data-id=\"6116f67\" data-element_type=\"container\" data-e-type=\"container\">\n\t\t\t\t\t<div class=\"e-con-inner\">\n\t\t\t\t<div class=\"elementor-element elementor-element-a1cbf42 elementor-widget elementor-widget-heading\" data-id=\"a1cbf42\" data-element_type=\"widget\" data-e-type=\"widget\" data-widget_type=\"heading.default\">\n\t\t\t\t\t<h2 class=\"elementor-heading-title elementor-size-default\">Estos siete platillos guatemaltecos son un reflejo del sabor y la tradici\u00f3n del pa\u00eds, aprovechando la riqueza de sus mares y la creatividad de su gente con los mariscos.\n<\/h2>\t\t\t\t<\/div>\n\t\t\t\t\t<\/div>\n\t\t\t\t<\/div>\n\t\t<div data-particle_enable=\"false\" data-particle-mobile-disabled=\"false\" class=\"elementor-element elementor-element-a53bc2c e-flex e-con-boxed e-con e-parent\" data-id=\"a53bc2c\" data-element_type=\"container\" data-e-type=\"container\">\n\t\t\t\t\t<div class=\"e-con-inner\">\n\t\t\t\t<div class=\"elementor-element elementor-element-28e9c25 elementor-widget elementor-widget-text-editor\" data-id=\"28e9c25\" data-element_type=\"widget\" data-e-type=\"widget\" data-widget_type=\"text-editor.default\">\n\t\t\t\t\t\t\t\t\t<p><a href=\"https:\/\/soymigrante.com\/revista\/receta-guatemalteca-para-hacer-tapado-garifuna\/\" target=\"_blank\" rel=\"noopener\">La gastronom\u00eda guatemalteca es un reflejo de su riqueza natural y cultural<\/a>. Con acceso a dos oc\u00e9anos, el Pac\u00edfico y el Atl\u00e1ntico, el pa\u00eds cuenta con una gran variedad de mariscos que se han integrado a su cocina tradicional.<\/p><p>A continuaci\u00f3n, te presentamos siete platillos guatemaltecos a <a href=\"https:\/\/soymigrante.com\/revista\/receta-guatemalteca-para-hacer-tapado-garifuna\/\" target=\"_blank\" rel=\"noopener\">base de mariscos, con sus recetas,<\/a> los lugares donde son m\u00e1s consumidos y los ingredientes principales, seg\u00fan el Instituto Guatemalteco de Turismo y los Chefs, Armando Torres y Karina Acosta.<\/p>\t\t\t\t\t\t\t\t<\/div>\n\t\t\t\t\t<\/div>\n\t\t\t\t<\/div>\n\t\t<div data-particle_enable=\"false\" data-particle-mobile-disabled=\"false\" class=\"elementor-element elementor-element-96bd743 e-flex e-con-boxed e-con e-parent\" data-id=\"96bd743\" data-element_type=\"container\" data-e-type=\"container\">\n\t\t\t\t\t<div class=\"e-con-inner\">\n\t\t\t\t<div class=\"elementor-element elementor-element-3c7e9b0 elementor-widget elementor-widget-heading\" data-id=\"3c7e9b0\" data-element_type=\"widget\" data-e-type=\"widget\" data-widget_type=\"heading.default\">\n\t\t\t\t\t<h3 class=\"elementor-heading-title elementor-size-default\">1. Tapado<\/h3>\t\t\t\t<\/div>\n\t\t\t\t\t<\/div>\n\t\t\t\t<\/div>\n\t\t<div data-particle_enable=\"false\" data-particle-mobile-disabled=\"false\" class=\"elementor-element elementor-element-ac0e7e0 e-flex e-con-boxed e-con e-parent\" data-id=\"ac0e7e0\" data-element_type=\"container\" data-e-type=\"container\">\n\t\t\t\t\t<div class=\"e-con-inner\">\n\t\t\t\t<div class=\"elementor-element elementor-element-b4f3524 elementor-widget elementor-widget-text-editor\" data-id=\"b4f3524\" data-element_type=\"widget\" data-e-type=\"widget\" data-widget_type=\"text-editor.default\">\n\t\t\t\t\t\t\t\t\t<div><strong>Descripci\u00f3n:<\/strong><\/div><div>\u00a0<\/div><div>Este es un caldo espeso con mariscos y pl\u00e1tano, <a href=\"https:\/\/soymigrante.com\/revista\/receta-guatemalteca-para-hacer-tapado-garifuna\/\" target=\"_blank\" rel=\"noopener\">t\u00edpico de la costa Caribe de Guatemala, especialmente en Livingston, Izabal<\/a>. Su sabor combina lo dulce del coco con lo salado de los mariscos.<\/div><div>\u00a0<\/div><div><strong>Ingredientes:<\/strong><\/div><div>\u20221 litro de leche de coco<\/div><div>\u2022\u00bd libra de camarones<\/div><div>\u2022\u00bd libra de pescado blanco en trozos<\/div><div>\u2022\u00bd libra de cangrejo<\/div><div>\u20221 pl\u00e1tano verde y 1 maduro, cortados en rodajas<\/div><div>\u20221 cebolla picada<\/div><div>\u20222 dientes de ajo picados<\/div><div>\u20222 tomates picados<\/div><div>\u2022Sal y pimienta al gusto<\/div><div>\u20221 ramita de culantro<\/div><div>\u00a0<\/div><div><strong>Preparaci\u00f3n:<\/strong><\/div><div>1.En una olla grande, sofre\u00edr la cebolla, el ajo y el tomate.<\/div><div>2.Agregar la leche de coco y llevar a hervor.<\/div><div>3.Incorporar los mariscos y los pl\u00e1tanos. Cocinar por 20 minutos.<\/div><div>4.Sazonar con sal, pimienta y culantro. Servir caliente.<\/div><div>\u00a0<\/div><div><strong>D\u00f3nde se consume m\u00e1s:<\/strong><\/div><div>\u00a0<\/div><div>Livingston, Izabal, y la costa Caribe de Guatemala.<\/div>\t\t\t\t\t\t\t\t<\/div>\n\t\t\t\t\t<\/div>\n\t\t\t\t<\/div>\n\t\t<div data-particle_enable=\"false\" data-particle-mobile-disabled=\"false\" class=\"elementor-element elementor-element-81e7b95 e-flex e-con-boxed e-con e-parent\" data-id=\"81e7b95\" data-element_type=\"container\" data-e-type=\"container\">\n\t\t\t\t\t<div class=\"e-con-inner\">\n\t\t\t\t<div class=\"elementor-element elementor-element-de40ec8 elementor-widget elementor-widget-image\" data-id=\"de40ec8\" data-element_type=\"widget\" data-e-type=\"widget\" data-widget_type=\"image.default\">\n\t\t\t\t\t\t\t\t\t\t\t\t<figure class=\"wp-caption\">\n\t\t\t\t\t\t\t\t\t\t<img fetchpriority=\"high\" decoding=\"async\" width=\"768\" height=\"768\" src=\"https:\/\/soymigrante.com\/revista\/wp-content\/uploads\/2025\/02\/Tapado-mariscos-2-1024x1024.jpeg\" class=\"attachment-large size-large wp-image-25147\" alt=\"Pescado y mariscos en caldo tradicional, t\u00edpico de la gastronom\u00eda latina, acompa\u00f1ado de vegetales y especias frescas en un plato colorido y apetitoso.\" srcset=\"https:\/\/soymigrante.com\/revista\/wp-content\/uploads\/2025\/02\/Tapado-mariscos-2-1024x1024.jpeg 1024w, https:\/\/soymigrante.com\/revista\/wp-content\/uploads\/2025\/02\/Tapado-mariscos-2-300x300.jpeg 300w, https:\/\/soymigrante.com\/revista\/wp-content\/uploads\/2025\/02\/Tapado-mariscos-2-150x150.jpeg 150w, https:\/\/soymigrante.com\/revista\/wp-content\/uploads\/2025\/02\/Tapado-mariscos-2-768x768.jpeg 768w, https:\/\/soymigrante.com\/revista\/wp-content\/uploads\/2025\/02\/Tapado-mariscos-2-75x75.webp 75w, https:\/\/soymigrante.com\/revista\/wp-content\/uploads\/2025\/02\/Tapado-mariscos-2-750x750.webp 750w, https:\/\/soymigrante.com\/revista\/wp-content\/uploads\/2025\/02\/Tapado-mariscos-2.webp 1080w\" sizes=\"(max-width: 768px) 100vw, 768px\" title=\"Tapado mariscos 2 \u2013 SoyMigrante.com REVISTA\" \/>\t\t\t\t\t\t\t\t\t\t\t<figcaption class=\"widget-image-caption wp-caption-text\">Plato de pescados y mariscos en caldo colorido, con vegetales y especias, reflejando la riqueza de la gastronom\u00eda latina en la revista SoyMigrante.com REVISTA.<\/figcaption>\n\t\t\t\t\t\t\t\t\t\t<\/figure>\n\t\t\t\t\t\t\t\t\t<\/div>\n\t\t\t\t\t<\/div>\n\t\t\t\t<\/div>\n\t\t<div data-particle_enable=\"false\" data-particle-mobile-disabled=\"false\" class=\"elementor-element elementor-element-50c7349 e-flex e-con-boxed e-con e-parent\" data-id=\"50c7349\" data-element_type=\"container\" data-e-type=\"container\">\n\t\t\t\t\t<div class=\"e-con-inner\">\n\t\t\t\t<div class=\"elementor-element elementor-element-c5f5ec4 elementor-widget elementor-widget-heading\" data-id=\"c5f5ec4\" data-element_type=\"widget\" data-e-type=\"widget\" data-widget_type=\"heading.default\">\n\t\t\t\t\t<h3 class=\"elementor-heading-title elementor-size-default\">2. Ceviche de camar\u00f3n<\/h3>\t\t\t\t<\/div>\n\t\t\t\t\t<\/div>\n\t\t\t\t<\/div>\n\t\t<div data-particle_enable=\"false\" data-particle-mobile-disabled=\"false\" class=\"elementor-element elementor-element-1d5f1d1 e-flex e-con-boxed e-con e-parent\" data-id=\"1d5f1d1\" data-element_type=\"container\" data-e-type=\"container\">\n\t\t\t\t\t<div class=\"e-con-inner\">\n\t\t\t\t<div class=\"elementor-element elementor-element-5edb490 elementor-widget elementor-widget-text-editor\" data-id=\"5edb490\" data-element_type=\"widget\" data-e-type=\"widget\" data-widget_type=\"text-editor.default\">\n\t\t\t\t\t\t\t\t\t<div><strong>Descripci\u00f3n:<\/strong><\/div><div>\u00a0<\/div><div>El ceviche es un plato refrescante y popular en las playas del Pac\u00edfico, elaborado con camarones marinados en <a href=\"https:\/\/soymigrante.com\/revista\/receta-guatemalteca-para-hacer-tapado-garifuna\/\" target=\"_blank\" rel=\"noopener\">jugo de lim\u00f3n y mezclados con vegetales frescos.<\/a><\/div><div>\u00a0<\/div><div><strong>Ingredientes:<\/strong><\/div><div>\u20221 libra de camarones cocidos y picados<\/div><div>\u2022\u00bd taza de jugo de lim\u00f3n<\/div><div>\u2022\u00bd taza de jugo de naranja<\/div><div>\u20221 tomate picado<\/div><div>\u2022\u00bd cebolla morada picada<\/div><div>\u20221 ramita de cilantro picado<\/div><div>\u2022Sal y pimienta al gusto<\/div><div>\u2022Salsa inglesa al gusto<\/div><div>\u00a0<\/div><div><strong>Preparaci\u00f3n:<\/strong><\/div><div>1.Marinar los camarones en el jugo de lim\u00f3n y naranja por 15 minutos.<\/div><div>2.Agregar el tomate, cebolla y cilantro. Mezclar bien.<\/div><div>3.Sazonar con sal, pimienta y salsa inglesa.<\/div><div>4.Servir fr\u00edo con galletas saladas o tostadas.<\/div><div>\u00a0<\/div><div><strong>D\u00f3nde se consume m\u00e1s:<\/strong><\/div><div>\u00a0<\/div><div>Playas del Pac\u00edfico, especialmente en Puerto San Jos\u00e9, Escuintla.<\/div>\t\t\t\t\t\t\t\t<\/div>\n\t\t\t\t\t<\/div>\n\t\t\t\t<\/div>\n\t\t<div data-particle_enable=\"false\" data-particle-mobile-disabled=\"false\" class=\"elementor-element elementor-element-79dc968 e-flex e-con-boxed e-con e-parent\" data-id=\"79dc968\" data-element_type=\"container\" data-e-type=\"container\">\n\t\t\t\t\t<div class=\"e-con-inner\">\n\t\t\t\t<div class=\"elementor-element elementor-element-a3d8f32 elementor-widget elementor-widget-image\" data-id=\"a3d8f32\" data-element_type=\"widget\" data-e-type=\"widget\" data-widget_type=\"image.default\">\n\t\t\t\t\t\t\t\t\t\t\t\t<figure class=\"wp-caption\">\n\t\t\t\t\t\t\t\t\t\t<img decoding=\"async\" width=\"720\" height=\"900\" src=\"https:\/\/soymigrante.com\/revista\/wp-content\/uploads\/2025\/02\/ceviche-de-camaron.webp\" class=\"attachment-large size-large wp-image-25148\" alt=\"Refresco de ceviche con camarones y jugo de lima, en copa de vidrio, listo para disfrutar, con fondo natural y refrescante, ideal para recetas tradicionales mexicanas y cultura gastron\u00f3mica.\" srcset=\"https:\/\/soymigrante.com\/revista\/wp-content\/uploads\/2025\/02\/ceviche-de-camaron.webp 720w, https:\/\/soymigrante.com\/revista\/wp-content\/uploads\/2025\/02\/ceviche-de-camaron-240x300.jpeg 240w\" sizes=\"(max-width: 720px) 100vw, 720px\" title=\"ceviche de camaron \u2013 SoyMigrante.com REVISTA\" \/>\t\t\t\t\t\t\t\t\t\t\t<figcaption class=\"widget-image-caption wp-caption-text\">Refresco de ceviche con camarones y ingredientes frescos, presentado en copa de vidrio, perfecta para maridar con comidas t\u00edpicas mexicanas y resaltando la cultura culinaria de M\u00e9xico.<\/figcaption>\n\t\t\t\t\t\t\t\t\t\t<\/figure>\n\t\t\t\t\t\t\t\t\t<\/div>\n\t\t\t\t\t<\/div>\n\t\t\t\t<\/div>\n\t\t<div data-particle_enable=\"false\" data-particle-mobile-disabled=\"false\" class=\"elementor-element elementor-element-b25d75e e-flex e-con-boxed e-con e-parent\" data-id=\"b25d75e\" data-element_type=\"container\" data-e-type=\"container\">\n\t\t\t\t\t<div class=\"e-con-inner\">\n\t\t\t\t<div class=\"elementor-element elementor-element-fd68502 elementor-widget elementor-widget-heading\" data-id=\"fd68502\" data-element_type=\"widget\" data-e-type=\"widget\" data-widget_type=\"heading.default\">\n\t\t\t\t\t<h3 class=\"elementor-heading-title elementor-size-default\">3. Mariscada<\/h3>\t\t\t\t<\/div>\n\t\t\t\t\t<\/div>\n\t\t\t\t<\/div>\n\t\t<div data-particle_enable=\"false\" data-particle-mobile-disabled=\"false\" class=\"elementor-element elementor-element-8dec8b8 e-flex e-con-boxed e-con e-parent\" data-id=\"8dec8b8\" data-element_type=\"container\" data-e-type=\"container\">\n\t\t\t\t\t<div class=\"e-con-inner\">\n\t\t\t\t<div class=\"elementor-element elementor-element-664d102 elementor-widget elementor-widget-text-editor\" data-id=\"664d102\" data-element_type=\"widget\" data-e-type=\"widget\" data-widget_type=\"text-editor.default\">\n\t\t\t\t\t\t\t\t\t<div><strong>Descripci\u00f3n:<\/strong><\/div><div>\u00a0<\/div><div>Es una sopa espesa con diversos mariscos, similar a una sopa de mariscos pero con un toque criollo guatemalteco.<\/div><div>\u00a0<\/div><div><strong>Ingredientes:<\/strong><\/div><div>\u2022\u00bd libra de camarones<\/div><div>\u2022\u00bd libra de pescado en trozos<\/div><div>\u2022\u00bd libra de calamares<\/div><div>\u2022\u00bd libra de mejillones<\/div><div>\u20221 litro de caldo de pescado<\/div><div>\u20221 tomate picado<\/div><div>\u20221 cebolla picada<\/div><div>\u20221 chile pimiento picado<\/div><div>\u20222 dientes de ajo picados<\/div><div>\u2022\u00bd taza de crema espesa<\/div><div>\u2022Sal, pimienta y laurel al gusto<\/div><div>\u00a0<\/div><div><strong>Preparaci\u00f3n:<\/strong><\/div><div>1.Sofre\u00edr la cebolla, ajo, tomate y chile pimiento.<\/div><div>2.Agregar el caldo de pescado y llevar a ebullici\u00f3n.<\/div><div>3.A\u00f1adir los mariscos y cocinar por 15 minutos.<\/div><div>4.Incorporar la crema y sazonar. Servir caliente.<\/div><div>\u00a0<\/div><div><strong>D\u00f3nde se consume m\u00e1s:<\/strong><\/div><div>\u00a0<\/div><div>Regi\u00f3n costera del Pac\u00edfico y restaurantes de mariscos en la Ciudad de Guatemala.<\/div>\t\t\t\t\t\t\t\t<\/div>\n\t\t\t\t\t<\/div>\n\t\t\t\t<\/div>\n\t\t<div data-particle_enable=\"false\" data-particle-mobile-disabled=\"false\" class=\"elementor-element elementor-element-e4fb034 e-flex e-con-boxed e-con e-parent\" data-id=\"e4fb034\" data-element_type=\"container\" data-e-type=\"container\">\n\t\t\t\t\t<div class=\"e-con-inner\">\n\t\t\t\t<div class=\"elementor-element elementor-element-9dc94cd elementor-widget elementor-widget-image\" data-id=\"9dc94cd\" data-element_type=\"widget\" data-e-type=\"widget\" data-widget_type=\"image.default\">\n\t\t\t\t\t\t\t\t\t\t\t\t<figure class=\"wp-caption\">\n\t\t\t\t\t\t\t\t\t\t<img decoding=\"async\" width=\"768\" height=\"768\" src=\"https:\/\/soymigrante.com\/revista\/wp-content\/uploads\/2025\/02\/Mariscada-.webp\" class=\"attachment-large size-large wp-image-25149\" alt=\"Mariscos y plato t\u00edpico en la gastronom\u00eda de M\u00e9xico, representando la cultura y tradici\u00f3n culinaria mexicana, ideal para amantes de comida marina, en la revista SoyMigrante.\" srcset=\"https:\/\/soymigrante.com\/revista\/wp-content\/uploads\/2025\/02\/Mariscada-.webp 1000w, https:\/\/soymigrante.com\/revista\/wp-content\/uploads\/2025\/02\/Mariscada--300x300.jpeg 300w, https:\/\/soymigrante.com\/revista\/wp-content\/uploads\/2025\/02\/Mariscada--150x150.jpeg 150w, https:\/\/soymigrante.com\/revista\/wp-content\/uploads\/2025\/02\/Mariscada--768x768.jpeg 768w, https:\/\/soymigrante.com\/revista\/wp-content\/uploads\/2025\/02\/Mariscada--75x75.webp 75w, https:\/\/soymigrante.com\/revista\/wp-content\/uploads\/2025\/02\/Mariscada--750x750.webp 750w\" sizes=\"(max-width: 768px) 100vw, 768px\" title=\"Mariscada \u2013 SoyMigrante.com REVISTA\" \/>\t\t\t\t\t\t\t\t\t\t\t<figcaption class=\"widget-image-caption wp-caption-text\">Plato con mariscos variados y ensalada colorida, representando la gastronom\u00eda mexicana y su diversidad cultural.<\/figcaption>\n\t\t\t\t\t\t\t\t\t\t<\/figure>\n\t\t\t\t\t\t\t\t\t<\/div>\n\t\t\t\t\t<\/div>\n\t\t\t\t<\/div>\n\t\t<div data-particle_enable=\"false\" data-particle-mobile-disabled=\"false\" class=\"elementor-element elementor-element-f432ae3 e-flex e-con-boxed e-con e-parent\" data-id=\"f432ae3\" data-element_type=\"container\" data-e-type=\"container\">\n\t\t\t\t\t<div class=\"e-con-inner\">\n\t\t\t\t<div class=\"elementor-element elementor-element-2bae157 elementor-widget elementor-widget-heading\" data-id=\"2bae157\" data-element_type=\"widget\" data-e-type=\"widget\" data-widget_type=\"heading.default\">\n\t\t\t\t\t<h3 class=\"elementor-heading-title elementor-size-default\">4. Camarones a la crema<\/h3>\t\t\t\t<\/div>\n\t\t\t\t\t<\/div>\n\t\t\t\t<\/div>\n\t\t<div data-particle_enable=\"false\" data-particle-mobile-disabled=\"false\" class=\"elementor-element elementor-element-d2f5d61 e-flex e-con-boxed e-con e-parent\" data-id=\"d2f5d61\" data-element_type=\"container\" data-e-type=\"container\">\n\t\t\t\t\t<div class=\"e-con-inner\">\n\t\t\t\t<div class=\"elementor-element elementor-element-1a0d19c elementor-widget elementor-widget-text-editor\" data-id=\"1a0d19c\" data-element_type=\"widget\" data-e-type=\"widget\" data-widget_type=\"text-editor.default\">\n\t\t\t\t\t\t\t\t\t<div><strong>Descripci\u00f3n:<\/strong><\/div><div>\u00a0<\/div><div><a href=\"https:\/\/soymigrante.com\/revista\/receta-guatemalteca-para-hacer-tapado-garifuna\/\" target=\"_blank\" rel=\"noopener\">Un plato cremoso y sabroso que combina camarones<\/a> con una salsa a base de crema y especias.<\/div><div>\u00a0<\/div><div><strong>Ingredientes:<\/strong><\/div><div>\u2022\u00bd libra de camarones<\/div><div>\u2022\u00bd taza de crema<\/div><div>\u20221 diente de ajo picado<\/div><div>\u2022\u00bd cebolla picada<\/div><div>\u20221 cucharada de mantequilla<\/div><div>\u2022Sal y pimienta al gusto<\/div><div>\u00a0<\/div><div><strong>Preparaci\u00f3n:<\/strong><\/div><div>1.Derretir la mantequilla en una sart\u00e9n y sofre\u00edr el ajo y la cebolla.<\/div><div>2.Agregar los camarones y cocinar hasta que tomen color.<\/div><div>3.Incorporar la crema y sazonar. Cocinar por 5 minutos.<\/div><div>4.Servir con arroz o pan.<\/div><div>\u00a0<\/div><div><strong>D\u00f3nde se consume m\u00e1s:<\/strong><\/div><div>\u00a0<\/div><div>Restaurantes de mariscos en la Ciudad de Guatemala y la regi\u00f3n de Izabal.<\/div>\t\t\t\t\t\t\t\t<\/div>\n\t\t\t\t\t<\/div>\n\t\t\t\t<\/div>\n\t\t<div data-particle_enable=\"false\" data-particle-mobile-disabled=\"false\" class=\"elementor-element elementor-element-43cc7b7 e-flex e-con-boxed e-con e-parent\" data-id=\"43cc7b7\" data-element_type=\"container\" data-e-type=\"container\">\n\t\t\t\t\t<div class=\"e-con-inner\">\n\t\t\t\t<div class=\"elementor-element elementor-element-22bcd7e elementor-widget elementor-widget-image\" data-id=\"22bcd7e\" data-element_type=\"widget\" data-e-type=\"widget\" data-widget_type=\"image.default\">\n\t\t\t\t\t\t\t\t\t\t\t\t<figure class=\"wp-caption\">\n\t\t\t\t\t\t\t\t\t\t<img loading=\"lazy\" decoding=\"async\" width=\"700\" height=\"940\" src=\"https:\/\/soymigrante.com\/revista\/wp-content\/uploads\/2025\/02\/camarones-a-la-crema-.webp\" class=\"attachment-large size-large wp-image-25150\" alt=\"File: camarones-con-ajo-y-queso.jpg.\" srcset=\"https:\/\/soymigrante.com\/revista\/wp-content\/uploads\/2025\/02\/camarones-a-la-crema-.webp 700w, https:\/\/soymigrante.com\/revista\/wp-content\/uploads\/2025\/02\/camarones-a-la-crema--223x300.jpeg 223w\" sizes=\"(max-width: 700px) 100vw, 700px\" title=\"camarones a la crema \u2013 SoyMigrante.com REVISTA\" \/>\t\t\t\t\t\t\t\t\t\t\t<figcaption class=\"widget-image-caption wp-caption-text\">Alt: Camarones con ajo y queso en un plato, acompa\u00f1ados de pasta y finas hierbas, presentaci\u00f3n apetitosa.<\/figcaption>\n\t\t\t\t\t\t\t\t\t\t<\/figure>\n\t\t\t\t\t\t\t\t\t<\/div>\n\t\t\t\t\t<\/div>\n\t\t\t\t<\/div>\n\t\t<div data-particle_enable=\"false\" data-particle-mobile-disabled=\"false\" class=\"elementor-element elementor-element-00c9459 e-flex e-con-boxed e-con e-parent\" data-id=\"00c9459\" data-element_type=\"container\" data-e-type=\"container\">\n\t\t\t\t\t<div class=\"e-con-inner\">\n\t\t\t\t<div class=\"elementor-element elementor-element-43193cb elementor-widget elementor-widget-heading\" data-id=\"43193cb\" data-element_type=\"widget\" data-e-type=\"widget\" data-widget_type=\"heading.default\">\n\t\t\t\t\t<h3 class=\"elementor-heading-title elementor-size-default\">5. Pescado frito con tajadas<\/h3>\t\t\t\t<\/div>\n\t\t\t\t\t<\/div>\n\t\t\t\t<\/div>\n\t\t<div data-particle_enable=\"false\" data-particle-mobile-disabled=\"false\" class=\"elementor-element elementor-element-5bc48a3 e-flex e-con-boxed e-con e-parent\" data-id=\"5bc48a3\" data-element_type=\"container\" data-e-type=\"container\">\n\t\t\t\t\t<div class=\"e-con-inner\">\n\t\t\t\t<div class=\"elementor-element elementor-element-07deaa3 elementor-widget elementor-widget-text-editor\" data-id=\"07deaa3\" data-element_type=\"widget\" data-e-type=\"widget\" data-widget_type=\"text-editor.default\">\n\t\t\t\t\t\t\t\t\t<div><strong>Descripci\u00f3n:<\/strong><\/div><div>\u00a0<\/div><div>Un plato tradicional de la costa Pac\u00edfica, donde el pescado entero se fr\u00ede y se acompa\u00f1a con tajadas de pl\u00e1tano.<\/div><div>\u00a0<\/div><div><strong>Ingredientes:<\/strong><\/div><div>\u20221 pescado entero (mojarra o pargo)<\/div><div>\u20221 lim\u00f3n<\/div><div>\u2022Sal y pimienta al gusto<\/div><div>\u2022Harina para enharinar<\/div><div>\u2022Aceite para fre\u00edr<\/div><div>\u20222 pl\u00e1tanos maduros en rodajas<\/div><div>\u00a0<\/div><div><strong>Preparaci\u00f3n:<\/strong><\/div><div>1.Limpiar el pescado y marinar con lim\u00f3n, sal y pimienta.<\/div><div>2.Enharinar y fre\u00edr en aceite caliente.<\/div><div>3.Fre\u00edr las tajadas de pl\u00e1tano y servir junto al pescado.<\/div><div>\u00a0<\/div><div><strong>D\u00f3nde se consume m\u00e1s:<\/strong><\/div><div>\u00a0<\/div><div>Puerto San Jos\u00e9, Monterrico y otras playas del Pac\u00edfico.<\/div>\t\t\t\t\t\t\t\t<\/div>\n\t\t\t\t\t<\/div>\n\t\t\t\t<\/div>\n\t\t<div data-particle_enable=\"false\" data-particle-mobile-disabled=\"false\" class=\"elementor-element elementor-element-72604ba e-flex e-con-boxed e-con e-parent\" data-id=\"72604ba\" data-element_type=\"container\" data-e-type=\"container\">\n\t\t\t\t\t<div class=\"e-con-inner\">\n\t\t\t\t<div class=\"elementor-element elementor-element-42d1343 elementor-widget elementor-widget-image\" data-id=\"42d1343\" data-element_type=\"widget\" data-e-type=\"widget\" data-widget_type=\"image.default\">\n\t\t\t\t\t\t\t\t\t\t\t\t<figure class=\"wp-caption\">\n\t\t\t\t\t\t\t\t\t\t<img loading=\"lazy\" decoding=\"async\" width=\"768\" height=\"560\" src=\"https:\/\/soymigrante.com\/revista\/wp-content\/uploads\/2025\/02\/pescado-frito-.webp\" class=\"attachment-large size-large wp-image-25151\" alt=\"Pescado frito con arroz y patacones, deliciosa comida tradicional latinoamericana en un plato completo.\" srcset=\"https:\/\/soymigrante.com\/revista\/wp-content\/uploads\/2025\/02\/pescado-frito-.webp 960w, https:\/\/soymigrante.com\/revista\/wp-content\/uploads\/2025\/02\/pescado-frito--300x219.jpeg 300w, https:\/\/soymigrante.com\/revista\/wp-content\/uploads\/2025\/02\/pescado-frito--768x560.jpeg 768w, https:\/\/soymigrante.com\/revista\/wp-content\/uploads\/2025\/02\/pescado-frito--750x547.webp 750w\" sizes=\"(max-width: 768px) 100vw, 768px\" title=\"pescado frito \u2013 SoyMigrante.com REVISTA\" \/>\t\t\t\t\t\t\t\t\t\t\t<figcaption class=\"widget-image-caption wp-caption-text\">Disfruta de la gastronom\u00eda latina con pescado frito, arroz y patacones en una presentaci\u00f3n aut\u00e9ntica y sabrosa.<\/figcaption>\n\t\t\t\t\t\t\t\t\t\t<\/figure>\n\t\t\t\t\t\t\t\t\t<\/div>\n\t\t\t\t\t<\/div>\n\t\t\t\t<\/div>\n\t\t<div data-particle_enable=\"false\" data-particle-mobile-disabled=\"false\" class=\"elementor-element elementor-element-b221d9d e-flex e-con-boxed e-con e-parent\" data-id=\"b221d9d\" data-element_type=\"container\" data-e-type=\"container\">\n\t\t\t\t\t<div class=\"e-con-inner\">\n\t\t\t\t<div class=\"elementor-element elementor-element-10aa194 elementor-widget elementor-widget-heading\" data-id=\"10aa194\" data-element_type=\"widget\" data-e-type=\"widget\" data-widget_type=\"heading.default\">\n\t\t\t\t\t<h3 class=\"elementor-heading-title elementor-size-default\">6. Coctel de conchas<\/h3>\t\t\t\t<\/div>\n\t\t\t\t\t<\/div>\n\t\t\t\t<\/div>\n\t\t<div data-particle_enable=\"false\" data-particle-mobile-disabled=\"false\" class=\"elementor-element elementor-element-e8fd409 e-flex e-con-boxed e-con e-parent\" data-id=\"e8fd409\" data-element_type=\"container\" data-e-type=\"container\">\n\t\t\t\t\t<div class=\"e-con-inner\">\n\t\t\t\t<div class=\"elementor-element elementor-element-77a8df1 elementor-widget elementor-widget-text-editor\" data-id=\"77a8df1\" data-element_type=\"widget\" data-e-type=\"widget\" data-widget_type=\"text-editor.default\">\n\t\t\t\t\t\t\t\t\t<div><strong>Descripci\u00f3n:<\/strong><\/div><div>\u00a0<\/div><div>Un coctel fr\u00edo y refrescante a base de conchas negras y <a href=\"https:\/\/soymigrante.com\/revista\/receta-guatemalteca-para-hacer-tapado-garifuna\/\" target=\"_blank\" rel=\"noopener\">una mezcla de jugos c\u00edtricos.<\/a><\/div><div>\u00a0<\/div><div><strong>Ingredientes:<\/strong><\/div><div>\u20221 libra de conchas negras<\/div><div>\u2022\u00bd taza de jugo de lim\u00f3n<\/div><div>\u2022\u00bd taza de jugo de naranja<\/div><div>\u2022\u00bd cebolla picada<\/div><div>\u20221 tomate picado<\/div><div>\u20221 cucharada de salsa inglesa<\/div><div>\u2022Sal y pimienta al gusto<\/div><div>\u00a0<\/div><div><strong>Preparaci\u00f3n:<\/strong><\/div><div>1.Extraer las conchas de su caparaz\u00f3n y mezclarlas con el jugo de lim\u00f3n y naranja.<\/div><div>2.Agregar el tomate, cebolla y salsa inglesa.<\/div><div>3.Sazonar y servir fr\u00edo.<\/div><div>\u00a0<\/div><div><strong>D\u00f3nde se consume m\u00e1s:<\/strong><\/div><div>\u00a0<\/div><div>Puerto de San Jos\u00e9 y mercados de mariscos.<\/div>\t\t\t\t\t\t\t\t<\/div>\n\t\t\t\t\t<\/div>\n\t\t\t\t<\/div>\n\t\t<div data-particle_enable=\"false\" data-particle-mobile-disabled=\"false\" class=\"elementor-element elementor-element-281cc50 e-flex e-con-boxed e-con e-parent\" data-id=\"281cc50\" data-element_type=\"container\" data-e-type=\"container\">\n\t\t\t\t\t<div class=\"e-con-inner\">\n\t\t\t\t<div class=\"elementor-element elementor-element-8d092e7 elementor-widget elementor-widget-image\" data-id=\"8d092e7\" data-element_type=\"widget\" data-e-type=\"widget\" data-widget_type=\"image.default\">\n\t\t\t\t\t\t\t\t\t\t\t\t<figure class=\"wp-caption\">\n\t\t\t\t\t\t\t\t\t\t<img loading=\"lazy\" decoding=\"async\" width=\"768\" height=\"930\" src=\"https:\/\/soymigrante.com\/revista\/wp-content\/uploads\/2025\/02\/Coctel-de-conchas--846x1024.jpeg\" class=\"attachment-large size-large wp-image-25152\" alt=\"Caldillo de mariscos con salsa negra, salsa ingresa, totopos y salsa picante en una mesa de mercado mexicano.\" srcset=\"https:\/\/soymigrante.com\/revista\/wp-content\/uploads\/2025\/02\/Coctel-de-conchas--846x1024.jpeg 846w, https:\/\/soymigrante.com\/revista\/wp-content\/uploads\/2025\/02\/Coctel-de-conchas--248x300.jpeg 248w, https:\/\/soymigrante.com\/revista\/wp-content\/uploads\/2025\/02\/Coctel-de-conchas--768x929.jpeg 768w, https:\/\/soymigrante.com\/revista\/wp-content\/uploads\/2025\/02\/Coctel-de-conchas--750x908.webp 750w, https:\/\/soymigrante.com\/revista\/wp-content\/uploads\/2025\/02\/Coctel-de-conchas--1140x1379.webp 1140w, https:\/\/soymigrante.com\/revista\/wp-content\/uploads\/2025\/02\/Coctel-de-conchas-.webp 1190w\" sizes=\"(max-width: 768px) 100vw, 768px\" title=\"Coctel de conchas \u2013 SoyMigrante.com REVISTA\" \/>\t\t\t\t\t\t\t\t\t\t\t<figcaption class=\"widget-image-caption wp-caption-text\">Disfruta de un delicioso caldillo de mariscos con salsa negra en esta imagen de la revista SoyMigrante.com REVISTA, que muestra sabores tradicionales mexicanos.<\/figcaption>\n\t\t\t\t\t\t\t\t\t\t<\/figure>\n\t\t\t\t\t\t\t\t\t<\/div>\n\t\t\t\t\t<\/div>\n\t\t\t\t<\/div>\n\t\t<div data-particle_enable=\"false\" data-particle-mobile-disabled=\"false\" class=\"elementor-element elementor-element-3b4e2f4 e-flex e-con-boxed e-con e-parent\" data-id=\"3b4e2f4\" data-element_type=\"container\" data-e-type=\"container\">\n\t\t\t\t\t<div class=\"e-con-inner\">\n\t\t\t\t<div class=\"elementor-element elementor-element-31565cf elementor-widget elementor-widget-heading\" data-id=\"31565cf\" data-element_type=\"widget\" data-e-type=\"widget\" data-widget_type=\"heading.default\">\n\t\t\t\t\t<h3 class=\"elementor-heading-title elementor-size-default\">7. Arroz con mariscos<\/h3>\t\t\t\t<\/div>\n\t\t\t\t\t<\/div>\n\t\t\t\t<\/div>\n\t\t<div data-particle_enable=\"false\" data-particle-mobile-disabled=\"false\" class=\"elementor-element elementor-element-29ade44 e-flex e-con-boxed e-con e-parent\" data-id=\"29ade44\" data-element_type=\"container\" data-e-type=\"container\">\n\t\t\t\t\t<div class=\"e-con-inner\">\n\t\t\t\t<div class=\"elementor-element elementor-element-5c94628 elementor-widget elementor-widget-text-editor\" data-id=\"5c94628\" data-element_type=\"widget\" data-e-type=\"widget\" data-widget_type=\"text-editor.default\">\n\t\t\t\t\t\t\t\t\t<div><strong>Descripci\u00f3n:<\/strong><\/div><div>\u00a0<\/div><div>Un platillo de arroz salteado con diversos mariscos y especias, con influencia de la paella espa\u00f1ola.<\/div><div>\u00a0<\/div><div><strong>Ingredientes:<\/strong><\/div><div>\u20221 taza de arroz<\/div><div>\u2022\u00bd libra de camarones<\/div><div>\u2022\u00bd libra de calamares<\/div><div>\u2022\u00bd taza de almejas<\/div><div>\u20221 cebolla picada<\/div><div>\u20221 diente de ajo picado<\/div><div>\u2022\u00bd chile pimiento picado<\/div><div>\u20221 taza de caldo de mariscos<\/div><div>\u2022Sal y pimienta al gusto<\/div><div>\u00a0<\/div><div><strong>Preparaci\u00f3n:<\/strong><\/div><div>1.Sofre\u00edr la cebolla, ajo y chile pimiento.<\/div><div>2.Agregar los mariscos y cocinar por 5 minutos.<\/div><div>3.A\u00f1adir el arroz y el caldo. Cocinar hasta que el arroz est\u00e9 listo.<\/div><div>\u00a0<\/div><div><strong>D\u00f3nde se consume m\u00e1s:<\/strong><\/div><div>\u00a0<\/div><div>Puerto de San Jos\u00e9 y Ciudad de Guatemala.\u00a0<\/div><div>\u00a0<\/div><div>\u00a0<\/div>\t\t\t\t\t\t\t\t<\/div>\n\t\t\t\t\t<\/div>\n\t\t\t\t<\/div>\n\t\t<div data-particle_enable=\"false\" data-particle-mobile-disabled=\"false\" class=\"elementor-element elementor-element-8a6a087 e-flex e-con-boxed e-con e-parent\" data-id=\"8a6a087\" data-element_type=\"container\" data-e-type=\"container\">\n\t\t\t\t\t<div class=\"e-con-inner\">\n\t\t\t\t<div class=\"elementor-element elementor-element-e019e94 elementor-widget elementor-widget-image\" data-id=\"e019e94\" data-element_type=\"widget\" data-e-type=\"widget\" data-widget_type=\"image.default\">\n\t\t\t\t\t\t\t\t\t\t\t\t<figure class=\"wp-caption\">\n\t\t\t\t\t\t\t\t\t\t<img loading=\"lazy\" decoding=\"async\" width=\"768\" height=\"768\" src=\"https:\/\/soymigrante.com\/revista\/wp-content\/uploads\/2025\/02\/Arroz-con-mariscos--1024x1024.jpeg\" class=\"attachment-large size-large wp-image-25154\" alt=\"Arroz marinero con calamar, mejillones y verduras, delicioso plato de gastronom\u00eda tradicional, ideal para eventos sociales y celebraciones culturales en M\u00e9xico.\" srcset=\"https:\/\/soymigrante.com\/revista\/wp-content\/uploads\/2025\/02\/Arroz-con-mariscos--1024x1024.jpeg 1024w, https:\/\/soymigrante.com\/revista\/wp-content\/uploads\/2025\/02\/Arroz-con-mariscos--300x300.jpeg 300w, https:\/\/soymigrante.com\/revista\/wp-content\/uploads\/2025\/02\/Arroz-con-mariscos--150x150.jpeg 150w, https:\/\/soymigrante.com\/revista\/wp-content\/uploads\/2025\/02\/Arroz-con-mariscos--768x768.jpeg 768w, https:\/\/soymigrante.com\/revista\/wp-content\/uploads\/2025\/02\/Arroz-con-mariscos--75x75.webp 75w, https:\/\/soymigrante.com\/revista\/wp-content\/uploads\/2025\/02\/Arroz-con-mariscos--750x750.webp 750w, https:\/\/soymigrante.com\/revista\/wp-content\/uploads\/2025\/02\/Arroz-con-mariscos--1140x1140.webp 1140w, https:\/\/soymigrante.com\/revista\/wp-content\/uploads\/2025\/02\/Arroz-con-mariscos-.webp 1200w\" sizes=\"(max-width: 768px) 100vw, 768px\" title=\"Arroz con mariscos \u2013 SoyMigrante.com REVISTA\" \/>\t\t\t\t\t\t\t\t\t\t\t<figcaption class=\"widget-image-caption wp-caption-text\">Saborea un delicioso arroz marinero con calamares, mejillones y verduras, perfecto para amantes de la comida marina y la gastronom\u00eda mexicana.<\/figcaption>\n\t\t\t\t\t\t\t\t\t\t<\/figure>\n\t\t\t\t\t\t\t\t\t<\/div>\n\t\t\t\t\t<\/div>\n\t\t\t\t<\/div>\n\t\t<div data-particle_enable=\"false\" data-particle-mobile-disabled=\"false\" class=\"elementor-element elementor-element-363fc34 e-flex e-con-boxed e-con e-parent\" data-id=\"363fc34\" data-element_type=\"container\" data-e-type=\"container\">\n\t\t\t\t\t<div class=\"e-con-inner\">\n\t\t\t\t<div class=\"elementor-element elementor-element-bfa2c90 elementor-widget elementor-widget-heading\" data-id=\"bfa2c90\" data-element_type=\"widget\" data-e-type=\"widget\" data-widget_type=\"heading.default\">\n\t\t\t\t\t<h2 class=\"elementor-heading-title elementor-size-default\">Conoce otros platillos guatemaltecos, ac\u00e1...<\/h2>\t\t\t\t<\/div>\n\t\t\t\t\t<\/div>\n\t\t\t\t<\/div>\n\t\t<div data-particle_enable=\"false\" data-particle-mobile-disabled=\"false\" class=\"elementor-element elementor-element-6272b9d e-flex e-con-boxed e-con e-parent\" data-id=\"6272b9d\" data-element_type=\"container\" data-e-type=\"container\">\n\t\t\t\t\t<div class=\"e-con-inner\">\n\t\t\t\t<div class=\"elementor-element elementor-element-91c5409 elementor-grid-eael-col-3 elementor-grid-tablet-eael-col-2 elementor-grid-mobile-eael-col-1 elementor-widget elementor-widget-eael-post-grid\" data-id=\"91c5409\" data-element_type=\"widget\" data-e-type=\"widget\" data-settings=\"{&quot;eael_post_grid_columns&quot;:&quot;eael-col-3&quot;,&quot;eael_post_grid_columns_tablet&quot;:&quot;eael-col-2&quot;,&quot;eael_post_grid_columns_mobile&quot;:&quot;eael-col-1&quot;}\" data-widget_type=\"eael-post-grid.default\">\n\t\t\t\t\t<div id=\"eael-post-grid-91c5409\" class=\"eael-post-grid-container\">\n            <div class=\"eael-post-grid eael-post-appender eael-post-appender-91c5409 eael-post-grid-style-one\" data-layout-mode=\"masonry\"><article class=\"eael-grid-post  eael-post-grid-column eael-pg-post-7781 category-recetas-guatemaltecas\" data-id=\"7781\">\n        <div class=\"eael-grid-post-holder\">\n            <div class=\"eael-grid-post-holder-inner\"><div class=\"eael-entry-media\"><div class=\"eael-entry-overlay fade-in\"><i class=\"far fa-hand-pointer\" aria-hidden=\"true\"><\/i><a href=\"https:\/\/soymigrante.com\/revista\/tamales-de-guatemala-variedad-y-recetas-de-una-tradicion-de-sabor\/\"><\/a><\/div><div class=\"eael-entry-thumbnail \">\n                <img loading=\"lazy\" decoding=\"async\" width=\"480\" height=\"480\" src=\"https:\/\/soymigrante.com\/revista\/wp-content\/uploads\/2024\/08\/tamales-de-Guatemala.webp\" class=\"attachment-large size-large wp-image-7782\" alt=\"Mochilas de hoja de pl\u00e1tano envueltas en cuerda, utilizadas en festividades tradicionales mexicanas y eventos culturales. Perfectas para specialidades gastron\u00f3micas y celebraciones folcl\u00f3ricas.\" srcset=\"https:\/\/soymigrante.com\/revista\/wp-content\/uploads\/2024\/08\/tamales-de-Guatemala.webp 480w, https:\/\/soymigrante.com\/revista\/wp-content\/uploads\/2024\/08\/tamales-de-Guatemala-300x300.webp 300w, https:\/\/soymigrante.com\/revista\/wp-content\/uploads\/2024\/08\/tamales-de-Guatemala-150x150.webp 150w, https:\/\/soymigrante.com\/revista\/wp-content\/uploads\/2024\/08\/tamales-de-Guatemala-75x75.webp 75w\" sizes=\"(max-width: 480px) 100vw, 480px\" \/>\n            <\/div>\n        <\/div><div class=\"eael-entry-wrapper\"><header class=\"eael-entry-header\"><h2 class=\"eael-entry-title\"><a class=\"eael-grid-post-link\" href=\"https:\/\/soymigrante.com\/revista\/tamales-de-guatemala-variedad-y-recetas-de-una-tradicion-de-sabor\/\" title=\"Tamales guatemaltecos: variedad y recetascon una misma tradici\u00f3n sin fronteras\">Tamales guatemaltecos: variedad y recetascon una misma tradici\u00f3n sin fronteras<\/a><\/h2><\/header><div class=\"eael-entry-content\">\n                        <div class=\"eael-grid-post-excerpt\"><a href=\"https:\/\/soymigrante.com\/revista\/tamales-de-guatemala-variedad-y-recetas-de-una-tradicion-de-sabor\/\" class=\"eael-post-elements-readmore-btn\">CONOCE SU HISTORIA <\/a><\/div>\n                    <\/div><\/div><\/div>\n        <\/div>\n    <\/article><article class=\"eael-grid-post  eael-post-grid-column eael-pg-post-8331 category-guate-nuestra\" data-id=\"8331\">\n        <div class=\"eael-grid-post-holder\">\n            <div class=\"eael-grid-post-holder-inner\"><div class=\"eael-entry-media\"><div class=\"eael-entry-overlay fade-in\"><i class=\"far fa-hand-pointer\" aria-hidden=\"true\"><\/i><a href=\"https:\/\/soymigrante.com\/revista\/receta-guatemalteca-para-hacer-tapado-garifuna\/\"><\/a><\/div><div class=\"eael-entry-thumbnail \">\n                <img loading=\"lazy\" decoding=\"async\" width=\"1024\" height=\"1024\" src=\"https:\/\/soymigrante.com\/revista\/wp-content\/uploads\/2024\/08\/tapado-guatemalteco-2-e1724710588932-1024x1024.webp\" class=\"attachment-large size-large wp-image-8344\" alt=\"Sabores tradicionales en la revista SoyMigrante.com, con recetas, cultura y gastronom\u00eda para migrantes y comunidades latinas en el exterior.\" srcset=\"https:\/\/soymigrante.com\/revista\/wp-content\/uploads\/2024\/08\/tapado-guatemalteco-2-e1724710588932-1024x1024.webp 1024w, https:\/\/soymigrante.com\/revista\/wp-content\/uploads\/2024\/08\/tapado-guatemalteco-2-e1724710588932-300x300.webp 300w, https:\/\/soymigrante.com\/revista\/wp-content\/uploads\/2024\/08\/tapado-guatemalteco-2-e1724710588932-150x150.webp 150w, https:\/\/soymigrante.com\/revista\/wp-content\/uploads\/2024\/08\/tapado-guatemalteco-2-e1724710588932-768x768.webp 768w, https:\/\/soymigrante.com\/revista\/wp-content\/uploads\/2024\/08\/tapado-guatemalteco-2-e1724710588932-75x75.webp 75w, https:\/\/soymigrante.com\/revista\/wp-content\/uploads\/2024\/08\/tapado-guatemalteco-2-e1724710588932-750x750.webp 750w, https:\/\/soymigrante.com\/revista\/wp-content\/uploads\/2024\/08\/tapado-guatemalteco-2-e1724710588932-1140x1140.webp 1140w, https:\/\/soymigrante.com\/revista\/wp-content\/uploads\/2024\/08\/tapado-guatemalteco-2-e1724710588932.webp 1474w\" sizes=\"(max-width: 1024px) 100vw, 1024px\" \/>\n            <\/div>\n        <\/div><div class=\"eael-entry-wrapper\"><header class=\"eael-entry-header\"><h2 class=\"eael-entry-title\"><a class=\"eael-grid-post-link\" href=\"https:\/\/soymigrante.com\/revista\/receta-guatemalteca-para-hacer-tapado-garifuna\/\" title=\"Receta guatemalteca para preparar el exquisito tapado gar\u00edfuna\">Receta guatemalteca para preparar el exquisito tapado gar\u00edfuna<\/a><\/h2><\/header><div class=\"eael-entry-content\">\n                        <div class=\"eael-grid-post-excerpt\"><a href=\"https:\/\/soymigrante.com\/revista\/receta-guatemalteca-para-hacer-tapado-garifuna\/\" class=\"eael-post-elements-readmore-btn\">CONOCE SU HISTORIA <\/a><\/div>\n                    <\/div><\/div><\/div>\n        <\/div>\n    <\/article><article class=\"eael-grid-post  eael-post-grid-column eael-pg-post-8144 category-recetas-guatemaltecas\" data-id=\"8144\">\n        <div class=\"eael-grid-post-holder\">\n            <div class=\"eael-grid-post-holder-inner\"><div class=\"eael-entry-media\"><div class=\"eael-entry-overlay fade-in\"><i class=\"far fa-hand-pointer\" aria-hidden=\"true\"><\/i><a href=\"https:\/\/soymigrante.com\/revista\/recetas-chapinas-disfruta-de-frijoles-blancos-al-estilo-guatemalteco\/\"><\/a><\/div><div class=\"eael-entry-thumbnail \">\n                <img loading=\"lazy\" decoding=\"async\" width=\"905\" height=\"897\" src=\"https:\/\/soymigrante.com\/revista\/wp-content\/uploads\/2024\/08\/Captura-de-pantalla-2024-08-20-194058.webp\" class=\"attachment-large size-large wp-image-8230\" alt=\"Frijoles blancos receta chapina\" srcset=\"https:\/\/soymigrante.com\/revista\/wp-content\/uploads\/2024\/08\/Captura-de-pantalla-2024-08-20-194058.webp 905w, https:\/\/soymigrante.com\/revista\/wp-content\/uploads\/2024\/08\/Captura-de-pantalla-2024-08-20-194058-300x297.webp 300w, https:\/\/soymigrante.com\/revista\/wp-content\/uploads\/2024\/08\/Captura-de-pantalla-2024-08-20-194058-150x150.webp 150w, https:\/\/soymigrante.com\/revista\/wp-content\/uploads\/2024\/08\/Captura-de-pantalla-2024-08-20-194058-768x761.webp 768w, https:\/\/soymigrante.com\/revista\/wp-content\/uploads\/2024\/08\/Captura-de-pantalla-2024-08-20-194058-75x75.webp 75w, https:\/\/soymigrante.com\/revista\/wp-content\/uploads\/2024\/08\/Captura-de-pantalla-2024-08-20-194058-750x743.webp 750w\" sizes=\"(max-width: 905px) 100vw, 905px\" \/>\n            <\/div>\n        <\/div><div class=\"eael-entry-wrapper\"><header class=\"eael-entry-header\"><h2 class=\"eael-entry-title\"><a class=\"eael-grid-post-link\" href=\"https:\/\/soymigrante.com\/revista\/recetas-chapinas-disfruta-de-frijoles-blancos-al-estilo-guatemalteco\/\" title=\"Recetas chapinas: No hay nada como los frijoles blancos al estilo guatemalteco \u00a1Exquisitos!\">Recetas chapinas: No hay nada como los frijoles blancos al estilo guatemalteco \u00a1Exquisitos!<\/a><\/h2><\/header><div class=\"eael-entry-content\">\n                        <div class=\"eael-grid-post-excerpt\"><a href=\"https:\/\/soymigrante.com\/revista\/recetas-chapinas-disfruta-de-frijoles-blancos-al-estilo-guatemalteco\/\" class=\"eael-post-elements-readmore-btn\">CONOCE SU HISTORIA <\/a><\/div>\n                    <\/div><\/div><\/div>\n        <\/div>\n    <\/article><\/div>\n            <div class=\"clearfix\"><\/div>\n        <\/div>\t\t\t\t<\/div>\n\t\t\t\t\t<\/div>\n\t\t\t\t<\/div>\n\t\t\t\t<\/div>\n\t\t","protected":false},"excerpt":{"rendered":"<p>Estos siete platillos guatemaltecos son un reflejo del sabor y la tradici\u00f3n del pa\u00eds, aprovechando la riqueza de sus mares y la creatividad de su gente con los mariscos. La gastronom\u00eda guatemalteca es un reflejo de su riqueza natural y cultural. Con acceso a dos oc\u00e9anos, el Pac\u00edfico y el Atl\u00e1ntico, el pa\u00eds cuenta con [&hellip;]<\/p>\n","protected":false},"author":19,"featured_media":25730,"comment_status":"open","ping_status":"open","sticky":false,"template":"","format":"standard","meta":{"_acf_changed":false,"_eb_attr":"","footnotes":""},"categories":[58],"tags":[],"class_list":["post-25144","post","type-post","status-publish","format-standard","has-post-thumbnail","hentry","category-guate-nuestra"],"acf":[],"aioseo_notices":[],"aioseo_head":"\n\t\t<!-- All in One SEO Pro 4.9.6.2 - aioseo.com -->\n\t<meta name=\"description\" content=\"Los Frijoles Blancos son muy conocidos en Guatemala, ya que, es un delicioso platillo tradicional para degustar en cualquier ocasi\u00f3n y esta es su receta. El frijol blanco se produce en el oriente del pa\u00eds, especialmente en el departamento de Chiquimula donde se cultiva en mayor cantidad. Este platillo se prepara para alguna celebraci\u00f3n, cumplea\u00f1os\" \/>\n\t<meta name=\"robots\" content=\"max-snippet:-1, max-image-preview:large, max-video-preview:-1\" \/>\n\t<meta name=\"author\" content=\"Marysabel Aldana\"\/>\n\t<link rel=\"canonical\" href=\"https:\/\/soymigrante.com\/revista\/siete-platillos-guatemaltecos-a-base-de-mariscos\/\" \/>\n\t<meta name=\"generator\" content=\"All in One SEO Pro (AIOSEO) 4.9.6.2\" \/>\n\n\t\t<link rel=\"preconnect\" href=\"https:\/\/fonts.googleapis.com\" crossorigin>\n<link rel=\"preconnect\" href=\"https:\/\/fonts.gstatic.com\" crossorigin>\n\t\t<meta property=\"og:locale\" content=\"es_ES\" \/>\n\t\t<meta property=\"og:site_name\" content=\"SoyMigrante.com REVISTA \u2013 Nuestra misi\u00f3n es reconocer y dignificar al migrante.\" \/>\n\t\t<meta property=\"og:type\" content=\"article\" \/>\n\t\t<meta property=\"og:title\" content=\"Ya se siente el sabor del verano: Siete platillos guatemaltecos a base de mariscos\" \/>\n\t\t<meta property=\"og:description\" content=\"Estos siete platillos guatemaltecos son un reflejo del sabor y la tradici\u00f3n del pa\u00eds, aprovechando la riqueza de sus mares y la creatividad de su gente.\" \/>\n\t\t<meta property=\"og:url\" content=\"https:\/\/soymigrante.com\/revista\/siete-platillos-guatemaltecos-a-base-de-mariscos\/\" \/>\n\t\t<meta property=\"og:image\" content=\"https:\/\/soymigrante.com\/revista\/wp-content\/uploads\/2025\/02\/shrimp-cocktail-2024-11-25-12-43-29-utc-scaled.webp\" \/>\n\t\t<meta property=\"og:image:secure_url\" content=\"https:\/\/soymigrante.com\/revista\/wp-content\/uploads\/2025\/02\/shrimp-cocktail-2024-11-25-12-43-29-utc-scaled.webp\" \/>\n\t\t<meta property=\"og:image:width\" content=\"1920\" \/>\n\t\t<meta property=\"og:image:height\" content=\"1920\" \/>\n\t\t<meta property=\"article:published_time\" content=\"2025-02-14T18:08:32+00:00\" \/>\n\t\t<meta property=\"article:modified_time\" content=\"2025-03-10T20:45:04+00:00\" \/>\n\t\t<meta property=\"article:publisher\" content=\"https:\/\/www.facebook.com\/soymigrantecom\" \/>\n\t\t<meta name=\"twitter:card\" content=\"summary_large_image\" \/>\n\t\t<meta name=\"twitter:site\" content=\"@SoyMigrante_com\" \/>\n\t\t<meta name=\"twitter:title\" content=\"Ya se siente el sabor del verano: Siete platillos guatemaltecos a base de mariscos\" \/>\n\t\t<meta name=\"twitter:description\" content=\"Estos siete platillos guatemaltecos son un reflejo del sabor y la tradici\u00f3n del pa\u00eds, aprovechando la riqueza de sus mares y la creatividad de su gente.\" \/>\n\t\t<meta name=\"twitter:creator\" content=\"@SoyMigrante_com\" \/>\n\t\t<meta name=\"twitter:image\" content=\"https:\/\/soymigrante.com\/revista\/wp-content\/uploads\/2025\/02\/shrimp-cocktail-2024-11-25-12-43-29-utc-scaled.webp\" \/>\n\t\t<!-- All in One SEO Pro -->\r\n\t\t<title>Ya se siente el sabor del verano: Siete platillos guatemaltecos a base de mariscos<\/title>\n\n","aioseo_head_json":{"title":"Ya se siente el sabor del verano: Siete platillos guatemaltecos a base de mariscos","description":"Estos siete platillos guatemaltecos son un reflejo del sabor y la tradici\u00f3n del pa\u00eds, aprovechando la riqueza de sus mares y la creatividad de su gente.","canonical_url":"https:\/\/soymigrante.com\/revista\/siete-platillos-guatemaltecos-a-base-de-mariscos\/","robots":"max-snippet:-1, max-image-preview:large, max-video-preview:-1","keywords":"","webmasterTools":{"miscellaneous":"&lt;link rel=\"preconnect\" href=\"https:\/\/fonts.googleapis.com\" crossorigin&gt;\n&lt;link rel=\"preconnect\" href=\"https:\/\/fonts.gstatic.com\" crossorigin&gt;"},"schema":null,"og:locale":"es_ES","og:site_name":"SoyMigrante.com REVISTA \u2013 Nuestra misi\u00f3n es reconocer y dignificar al migrante.","og:type":"article","og:title":"Ya se siente el sabor del verano: Siete platillos guatemaltecos a base de mariscos","og:description":"Estos siete platillos guatemaltecos son un reflejo del sabor y la tradici\u00f3n del pa\u00eds, aprovechando la riqueza de sus mares y la creatividad de su gente.","og:url":"https:\/\/soymigrante.com\/revista\/siete-platillos-guatemaltecos-a-base-de-mariscos\/","og:image":"https:\/\/soymigrante.com\/revista\/wp-content\/uploads\/2025\/02\/shrimp-cocktail-2024-11-25-12-43-29-utc-scaled.webp","og:image:secure_url":"https:\/\/soymigrante.com\/revista\/wp-content\/uploads\/2025\/02\/shrimp-cocktail-2024-11-25-12-43-29-utc-scaled.webp","og:image:width":1920,"og:image:height":1920,"article:published_time":"2025-02-14T18:08:32+00:00","article:modified_time":"2025-03-10T20:45:04+00:00","article:publisher":"https:\/\/www.facebook.com\/soymigrantecom","twitter:card":"summary_large_image","twitter:site":"@SoyMigrante_com","twitter:title":"Ya se siente el sabor del verano: Siete platillos guatemaltecos a base de mariscos","twitter:description":"Estos siete platillos guatemaltecos son un reflejo del sabor y la tradici\u00f3n del pa\u00eds, aprovechando la riqueza de sus mares y la creatividad de su gente.","twitter:creator":"@SoyMigrante_com","twitter:image":"https:\/\/soymigrante.com\/revista\/wp-content\/uploads\/2025\/02\/shrimp-cocktail-2024-11-25-12-43-29-utc-scaled.webp"},"aioseo_meta_data":{"post_id":"25144","title":null,"description":"Estos siete platillos guatemaltecos son un reflejo del sabor y la tradici\u00f3n del pa\u00eds, aprovechando la riqueza de sus mares y la creatividad de su gente.","keywords":null,"keyphrases":{"focus":{"keyphrase":"guatemaltecos","score":100,"analysis":{"keyphraseInTitle":{"score":9,"maxScore":9,"error":0},"keyphraseInDescription":{"score":9,"maxScore":9,"error":0},"keyphraseLength":{"score":9,"maxScore":9,"error":0,"length":1},"keyphraseInURL":{"score":5,"maxScore":5,"error":0}}},"additional":[{"keyphrase":"guatemaltecos","score":100,"analysis":{"keyphraseInDescription":{"score":9,"maxScore":9,"error":0},"keyphraseLength":{"score":9,"maxScore":9,"error":0,"length":1}}},{"keyphrase":"Platillos","score":100,"analysis":{"keyphraseInDescription":{"score":9,"maxScore":9,"error":0},"keyphraseLength":{"score":9,"maxScore":9,"error":0,"length":1}}}]},"primary_term":null,"canonical_url":null,"og_title":null,"og_description":null,"og_object_type":"default","og_image_type":"default","og_image_url":null,"og_image_width":null,"og_image_height":null,"og_image_custom_url":null,"og_image_custom_fields":null,"og_video":"","og_custom_url":null,"og_article_section":null,"og_article_tags":null,"twitter_use_og":false,"twitter_card":"default","twitter_image_type":"default","twitter_image_url":null,"twitter_image_custom_url":null,"twitter_image_custom_fields":null,"twitter_title":null,"twitter_description":null,"schema":{"blockGraphs":[],"customGraphs":[],"default":{"data":{"Article":[],"Course":[],"Dataset":[],"FAQPage":[],"Movie":[],"Person":[],"Product":[],"ProductReview":[],"Car":[],"Recipe":[],"Service":[],"SoftwareApplication":[],"WebPage":[]},"graphName":"BlogPosting","isEnabled":true},"graphs":[]},"schema_type":"default","schema_type_options":null,"pillar_content":false,"robots_default":true,"robots_noindex":false,"robots_noarchive":false,"robots_nosnippet":false,"robots_nofollow":false,"robots_noimageindex":false,"robots_noodp":false,"robots_notranslate":false,"robots_max_snippet":"-1","robots_max_videopreview":"-1","robots_max_imagepreview":"large","priority":null,"frequency":"default","local_seo":null,"seo_analyzer_scan_date":"2025-10-09 02:40:01","breadcrumb_settings":null,"limit_modified_date":false,"reviewed_by":null,"open_ai":"{\"title\":{\"suggestions\":[],\"usage\":0},\"description\":{\"suggestions\":[],\"usage\":0}}","ai":null,"created":"2025-02-12 17:44:48","updated":"2026-02-04 21:16:53"},"aioseo_breadcrumb":"<div class=\"aioseo-breadcrumbs\"><span class=\"aioseo-breadcrumb\">\n\t<a href=\"https:\/\/soymigrante.com\/revista\" title=\"Home\">Home<\/a>\n<\/span><span class=\"aioseo-breadcrumb-separator\">\u00bb<\/span><span class=\"aioseo-breadcrumb\">\n\t<a href=\"https:\/\/soymigrante.com\/revista\/category\/guate-nuestra\/\" title=\"Guate Nuestra\">Guate Nuestra<\/a>\n<\/span><span class=\"aioseo-breadcrumb-separator\">\u00bb<\/span><span class=\"aioseo-breadcrumb\">\n\tYa se siente el sabor del verano: Siete platillos guatemaltecos a base de mariscos\n<\/span><\/div>","aioseo_breadcrumb_json":[{"label":"Home","link":"https:\/\/soymigrante.com\/revista"},{"label":"Guate Nuestra","link":"https:\/\/soymigrante.com\/revista\/category\/guate-nuestra\/"},{"label":"Ya se siente el sabor del verano: Siete platillos guatemaltecos a base de mariscos","link":"https:\/\/soymigrante.com\/revista\/siete-platillos-guatemaltecos-a-base-de-mariscos\/"}],"_links":{"self":[{"href":"https:\/\/soymigrante.com\/revista\/wp-json\/wp\/v2\/posts\/25144","targetHints":{"allow":["GET"]}}],"collection":[{"href":"https:\/\/soymigrante.com\/revista\/wp-json\/wp\/v2\/posts"}],"about":[{"href":"https:\/\/soymigrante.com\/revista\/wp-json\/wp\/v2\/types\/post"}],"author":[{"embeddable":true,"href":"https:\/\/soymigrante.com\/revista\/wp-json\/wp\/v2\/users\/19"}],"replies":[{"embeddable":true,"href":"https:\/\/soymigrante.com\/revista\/wp-json\/wp\/v2\/comments?post=25144"}],"version-history":[{"count":0,"href":"https:\/\/soymigrante.com\/revista\/wp-json\/wp\/v2\/posts\/25144\/revisions"}],"wp:featuredmedia":[{"embeddable":true,"href":"https:\/\/soymigrante.com\/revista\/wp-json\/wp\/v2\/media\/25730"}],"wp:attachment":[{"href":"https:\/\/soymigrante.com\/revista\/wp-json\/wp\/v2\/media?parent=25144"}],"wp:term":[{"taxonomy":"category","embeddable":true,"href":"https:\/\/soymigrante.com\/revista\/wp-json\/wp\/v2\/categories?post=25144"},{"taxonomy":"post_tag","embeddable":true,"href":"https:\/\/soymigrante.com\/revista\/wp-json\/wp\/v2\/tags?post=25144"}],"curies":[{"name":"wp","href":"https:\/\/api.w.org\/{rel}","templated":true}]}}