{"id":25109,"date":"2025-02-12T10:47:56","date_gmt":"2025-02-12T16:47:56","guid":{"rendered":"https:\/\/soymigrante.com\/revista\/?p=25109"},"modified":"2025-03-10T14:49:29","modified_gmt":"2025-03-10T20:49:29","slug":"alejandro-mencos-vibra-al-ritmo-de-un-sueno-artistico-en-los-angeles-inspirado-por-un-sabio-consejo","status":"publish","type":"post","link":"https:\/\/soymigrante.com\/revista\/alejandro-mencos-vibra-al-ritmo-de-un-sueno-artistico-en-los-angeles-inspirado-por-un-sabio-consejo\/","title":{"rendered":"Alejandro Mencos vibra al ritmo de un sue\u00f1o art\u00edstico en Los Angeles inspirado por un sabio consejo"},"content":{"rendered":"\t\t<div data-elementor-type=\"wp-post\" data-elementor-id=\"25109\" class=\"elementor elementor-25109\" data-elementor-post-type=\"post\">\n\t\t\t\t<div data-particle_enable=\"false\" data-particle-mobile-disabled=\"false\" class=\"elementor-element elementor-element-e466e09 e-flex e-con-boxed e-con e-parent\" data-id=\"e466e09\" data-element_type=\"container\" data-e-type=\"container\">\n\t\t\t\t\t<div class=\"e-con-inner\">\n\t\t\t\t<div class=\"elementor-element elementor-element-b1653f6 elementor-widget elementor-widget-heading\" data-id=\"b1653f6\" data-element_type=\"widget\" data-e-type=\"widget\" data-widget_type=\"heading.default\">\n\t\t\t\t\t<h2 class=\"elementor-heading-title elementor-size-default\"><span style=\"font-size: 31.2px\">Alejandro Mencos creci\u00f3 en la zona 21 y Antigua Guatemala; a los 18 a\u00f1os migr\u00f3 a California. Cuando trabajaba en un gimnasio lleg\u00f3 la oportunidad de actuar en dos series de Netflix. Actualmente es compositor e interpreta sus temas de m\u00fasica urbana bajo el nombre art\u00edstico Alexxzandro<\/span><\/h2>\t\t\t\t<\/div>\n\t\t\t\t\t<\/div>\n\t\t\t\t<\/div>\n\t\t<div data-particle_enable=\"false\" data-particle-mobile-disabled=\"false\" class=\"elementor-element elementor-element-bc75427 e-flex e-con-boxed e-con e-parent\" data-id=\"bc75427\" data-element_type=\"container\" data-e-type=\"container\">\n\t\t\t\t\t<div class=\"e-con-inner\">\n\t\t\t\t<div class=\"elementor-element elementor-element-e011a4d elementor-widget elementor-widget-text-editor\" data-id=\"e011a4d\" data-element_type=\"widget\" data-e-type=\"widget\" data-widget_type=\"text-editor.default\">\n\t\t\t\t\t\t\t\t\t<p>Alejandro Mencos Rodas, migrante, actor, DJ, compositor, cantante y sobre todo guatemalteco, impulsa sus composiciones llenas de ritmo y energ\u00eda bajo el nombre art\u00edstico Alexxzandro. Pero en su historia ya hay c\u00e1maras de cine y televisi\u00f3n, experiencia en modelaje para marcas de moda, as\u00ed como grandes objetivos.\u00a0<span style=\"color: var( --e-global-color-text ); text-align: var(--text-align);\">Actualmente impulsa su m\u00e1s reciente sencillo, Flow, de su autor\u00eda, pero su historia tiene giros que parecen literalmente de pel\u00edcula.<\/span><\/p><p><span style=\"color: var( --e-global-color-text ); text-align: var(--text-align);\">Pero las ra\u00edces de sus grandes sue\u00f1os est\u00e1n en Guatemala, en donde naci\u00f3 su \u00edmpetu musical. A\u00f1os despu\u00e9s, buscando nuevos rumbos en la industria\u00a0<\/span><span style=\"color: var( --e-global-color-text ); text-align: var(--text-align);\">del entretenimiento en Los \u00c1ngeles, California, contin\u00faa poniendo en pr\u00e1ctica un consejo que recibi\u00f3 cuando era apenas adolescente y tuvo que presentarse como DJ por primera vez a un p\u00fablico desde el escenario:\u00a0<\/span><\/p><p><span style=\"color: var( --e-global-color-text ); text-align: var(--text-align);\"><b>&#8220;Record\u00e1 siempre: Personalidad y actitud. Yo soy y yo puedo&#8221;.\u00a0<br \/><\/b><\/span><span style=\"color: var( --e-global-color-text ); text-align: var(--text-align);\">\u00bfQui\u00e9n le dio este consejo clave?\u00a0<br \/><\/span><span style=\"color: var( --e-global-color-text ); text-align: var(--text-align);\">Ello forma parte de este relato emotivo e inspirador.<\/span><\/p>\t\t\t\t\t\t\t\t<\/div>\n\t\t\t\t\t<\/div>\n\t\t\t\t<\/div>\n\t\t<div data-particle_enable=\"false\" data-particle-mobile-disabled=\"false\" class=\"elementor-element elementor-element-1bc6d15 e-flex e-con-boxed e-con e-parent\" data-id=\"1bc6d15\" data-element_type=\"container\" data-e-type=\"container\">\n\t\t\t\t\t<div class=\"e-con-inner\">\n\t\t\t\t<div class=\"elementor-element elementor-element-e70e801 elementor-widget elementor-widget-image\" data-id=\"e70e801\" data-element_type=\"widget\" data-e-type=\"widget\" data-widget_type=\"image.default\">\n\t\t\t\t\t\t\t\t\t\t\t\t<figure class=\"wp-caption\">\n\t\t\t\t\t\t\t\t\t\t<img fetchpriority=\"high\" decoding=\"async\" width=\"768\" height=\"768\" src=\"https:\/\/soymigrante.com\/revista\/wp-content\/uploads\/2025\/02\/alejandro-mencos-12.webp\" class=\"attachment-large size-large wp-image-25124\" alt=\"Caballo, hombre montando caballo, cultura mexicana, ranchero, estilo de vida rural, moda cowboy, caballo de color gris, cultura tradicional, vestimenta cowboy, paisaje rural, vestimenta de cowboy, cowboy con sombrero, fotograf\u00eda de campo, vida rural en M\u00e9xico, deportes ecuestres.\" srcset=\"https:\/\/soymigrante.com\/revista\/wp-content\/uploads\/2025\/02\/alejandro-mencos-12.webp 960w, https:\/\/soymigrante.com\/revista\/wp-content\/uploads\/2025\/02\/alejandro-mencos-12-300x300.jpg 300w, https:\/\/soymigrante.com\/revista\/wp-content\/uploads\/2025\/02\/alejandro-mencos-12-150x150.jpg 150w, https:\/\/soymigrante.com\/revista\/wp-content\/uploads\/2025\/02\/alejandro-mencos-12-768x768.jpg 768w, https:\/\/soymigrante.com\/revista\/wp-content\/uploads\/2025\/02\/alejandro-mencos-12-75x75.webp 75w, https:\/\/soymigrante.com\/revista\/wp-content\/uploads\/2025\/02\/alejandro-mencos-12-750x750.webp 750w\" sizes=\"(max-width: 768px) 100vw, 768px\" title=\"Alejandro Mencos vive en un \u00e1rea campestre de California y disfruta mucho de los caballos. De hecho, su imagen como cantante Alexxzandro tiene una influencia vaquera. \u2013 SoyMigrante.com REVISTA\" \/>\t\t\t\t\t\t\t\t\t\t\t<figcaption class=\"widget-image-caption wp-caption-text\">Un hombre con estilo cowboy montado en un caballo gris en un ambiente rural, vistiendo ropa de ranchero y sombrero, resaltando la cultura mexicana y la tradici\u00f3n ecuestre en un entorno campestre.<\/figcaption>\n\t\t\t\t\t\t\t\t\t\t<\/figure>\n\t\t\t\t\t\t\t\t\t<\/div>\n\t\t\t\t\t<\/div>\n\t\t\t\t<\/div>\n\t\t<div data-particle_enable=\"false\" data-particle-mobile-disabled=\"false\" class=\"elementor-element elementor-element-cd16a8e e-flex e-con-boxed e-con e-parent\" data-id=\"cd16a8e\" data-element_type=\"container\" data-e-type=\"container\">\n\t\t\t\t\t<div class=\"e-con-inner\">\n\t\t\t\t<div class=\"elementor-element elementor-element-ef1c9f2 elementor-widget elementor-widget-heading\" data-id=\"ef1c9f2\" data-element_type=\"widget\" data-e-type=\"widget\" data-widget_type=\"heading.default\">\n\t\t\t\t\t<h3 class=\"elementor-heading-title elementor-size-default\">Entre La Justo y La Antigua<\/h3>\t\t\t\t<\/div>\n\t\t\t\t\t<\/div>\n\t\t\t\t<\/div>\n\t\t<div data-particle_enable=\"false\" data-particle-mobile-disabled=\"false\" class=\"elementor-element elementor-element-847a617 e-flex e-con-boxed e-con e-parent\" data-id=\"847a617\" data-element_type=\"container\" data-e-type=\"container\">\n\t\t\t\t\t<div class=\"e-con-inner\">\n\t\t\t\t<div class=\"elementor-element elementor-element-f55817e elementor-widget elementor-widget-text-editor\" data-id=\"f55817e\" data-element_type=\"widget\" data-e-type=\"widget\" data-widget_type=\"text-editor.default\">\n\t\t\t\t\t\t\t\t\t<p><span style=\"color: var( --e-global-color-text ); text-align: var(--text-align);\">Nacido en Guatemala en 1998, Alejandro creci\u00f3 bajo el cuidado de sus t\u00edos y su abuela. Su mam\u00e1 migr\u00f3 a Estados Unidos cuando \u00e9l era ni\u00f1o en busca de un mejor porvenir.<\/span><\/p><p>&#8220;Desde ni\u00f1o, siempre sent\u00ed una gran curiosidad por la m\u00fasica&#8221;, recuerda Alejandro. &#8220;Quer\u00eda saber de d\u00f3nde sal\u00eda cada sonido, qu\u00e9 hac\u00eda cada instrumento&#8221;.\u00a0<\/p><p>Sus primeros a\u00f1os los pas\u00f3 en la colonia Justo Rufino Barrios, zona 21 capitalina, junto a sus t\u00edos. All\u00ed descubri\u00f3 su pasi\u00f3n por la m\u00fasica electr\u00f3nica. Ello lo llev\u00f3 a convertirse en DJ a una edad temprana. &#8220;Mi mam\u00e1 me mand\u00f3 una tornamesa cuando ten\u00eda 15 a\u00f1os y empec\u00e9 a practicar por mi cuenta, a experimentar, a descubrir efectos, ritmos, Flow&#8221;, cuenta.<\/p><p>Fue as\u00ed como empez\u00f3 a amenizar algunos eventos en clubes. &#8220;En Antigua Guatemala me invitaron una vez a participar en el 2012. Era para abrir un concierto de los Miseria Cumbia Band. Yo nunca me hab\u00eda presentado en p\u00fablico como DJ. Sent\u00eda muchos nervios. Fue cuando un mi t\u00edo me dio un consejo que nunca olvido:<\/p><blockquote><i>&#8216;Record\u00e1 siempre, all\u00ed arriba: Personalidad y actitud. Yo soy y yo puedo&#8217;.<\/i><\/blockquote><p>Fue un \u00e9xito y una gran sensaci\u00f3n por ser tan joven. Sigui\u00f3 en la escena musical creciendo.<\/p>\t\t\t\t\t\t\t\t<\/div>\n\t\t\t\t\t<\/div>\n\t\t\t\t<\/div>\n\t\t<div data-particle_enable=\"false\" data-particle-mobile-disabled=\"false\" class=\"elementor-element elementor-element-f70a0db e-flex e-con-boxed e-con e-parent\" data-id=\"f70a0db\" data-element_type=\"container\" data-e-type=\"container\">\n\t\t\t\t\t<div class=\"e-con-inner\">\n\t\t\t\t<div class=\"elementor-element elementor-element-64b4dbf elementor-widget elementor-widget-image\" data-id=\"64b4dbf\" data-element_type=\"widget\" data-e-type=\"widget\" data-widget_type=\"image.default\">\n\t\t\t\t\t\t\t\t\t\t\t\t<figure class=\"wp-caption\">\n\t\t\t\t\t\t\t\t\t\t<img decoding=\"async\" width=\"702\" height=\"702\" src=\"https:\/\/soymigrante.com\/revista\/wp-content\/uploads\/2025\/02\/alejandro-mencos-6.webp\" class=\"attachment-large size-large wp-image-25126\" alt=\"Alegr\u00eda de DJ en bar nocturno, mezclando m\u00fasica y creando ambiente animado para bailar y disfrutar.\" srcset=\"https:\/\/soymigrante.com\/revista\/wp-content\/uploads\/2025\/02\/alejandro-mencos-6.webp 702w, https:\/\/soymigrante.com\/revista\/wp-content\/uploads\/2025\/02\/alejandro-mencos-6-300x300.jpg 300w, https:\/\/soymigrante.com\/revista\/wp-content\/uploads\/2025\/02\/alejandro-mencos-6-150x150.jpg 150w, https:\/\/soymigrante.com\/revista\/wp-content\/uploads\/2025\/02\/alejandro-mencos-6-75x75.webp 75w\" sizes=\"(max-width: 702px) 100vw, 702px\" title=\"Los inicios de Alejandro Mencos como DJ le dejaro una amplia cultura de m\u00fasica electr\u00f3nica, hiphop, house, urbana y otros g\u00e9neros.  Retornar a su primer amor, la m\u00fasica, le abre nuevas fronteras. \u2013 SoyMigrante.com REVISTA\" \/>\t\t\t\t\t\t\t\t\t\t\t<figcaption class=\"widget-image-caption wp-caption-text\">DJ sonriendo y dando pulgar hacia arriba en bar con decoraci\u00f3n moderna, mezclando m\u00fasica para p\u00fablico joven.<\/figcaption>\n\t\t\t\t\t\t\t\t\t\t<\/figure>\n\t\t\t\t\t\t\t\t\t<\/div>\n\t\t\t\t\t<\/div>\n\t\t\t\t<\/div>\n\t\t<div data-particle_enable=\"false\" data-particle-mobile-disabled=\"false\" class=\"elementor-element elementor-element-3c80d0e e-flex e-con-boxed e-con e-parent\" data-id=\"3c80d0e\" data-element_type=\"container\" data-e-type=\"container\">\n\t\t\t\t\t<div class=\"e-con-inner\">\n\t\t\t\t<div class=\"elementor-element elementor-element-010ef93 elementor-widget elementor-widget-heading\" data-id=\"010ef93\" data-element_type=\"widget\" data-e-type=\"widget\" data-widget_type=\"heading.default\">\n\t\t\t\t\t<h3 class=\"elementor-heading-title elementor-size-default\">Un giro de vida en California<\/h3>\t\t\t\t<\/div>\n\t\t\t\t\t<\/div>\n\t\t\t\t<\/div>\n\t\t<div data-particle_enable=\"false\" data-particle-mobile-disabled=\"false\" class=\"elementor-element elementor-element-03a29ae e-flex e-con-boxed e-con e-parent\" data-id=\"03a29ae\" data-element_type=\"container\" data-e-type=\"container\">\n\t\t\t\t\t<div class=\"e-con-inner\">\n\t\t\t\t<div class=\"elementor-element elementor-element-8ce7824 elementor-widget elementor-widget-text-editor\" data-id=\"8ce7824\" data-element_type=\"widget\" data-e-type=\"widget\" data-widget_type=\"text-editor.default\">\n\t\t\t\t\t\t\t\t\t<p><span style=\"color: var( --e-global-color-text ); text-align: var(--text-align);\">Despu\u00e9s de cumplir 18 migr\u00f3 a Estados Unidos para ir a vivir con su mam\u00e1, a quien no hab\u00eda visto en a\u00f1os.<\/span><\/p><p>&#8220;Fue un momento incre\u00edble&#8221;, dice. &#8220;Casi dos d\u00e9cadas sin verla y de pronto est\u00e1bamos juntos de nuevo. Fue como si todo empezara a tomar sentido&#8221;. A la vez su camino en el arte estaba a punto de dar un giro inesperado.<\/p><p>Una oportunidad s\u00fabita en el gimnasio<\/p><p>Alejandro nunca hab\u00eda considerado la actuaci\u00f3n como una opci\u00f3n profesional hasta una casualidad trajo la pantalla a su vida.\u00a0<\/p><p>&#8220;Yo entrenaba en un gimnasio de Burbank, California. Tambi\u00e9n trabajaba all\u00ed. Me d\u00ed cuenta que una se\u00f1ora me miraba y me miraba.Despu\u00e9s de un rato se acerco para decirme que era una agente de casting de pel\u00edculas. Me dijo que ve\u00eda en m\u00ed el perfil ideal para una oportunidad en una producci\u00f3n televisiva. Al principio pens\u00e9 que era una broma&#8221; confiesa.\u00a0<\/p><p>\u00a0<\/p>\t\t\t\t\t\t\t\t<\/div>\n\t\t\t\t\t<\/div>\n\t\t\t\t<\/div>\n\t\t<div data-particle_enable=\"false\" data-particle-mobile-disabled=\"false\" class=\"elementor-element elementor-element-0ab1a4d e-flex e-con-boxed e-con e-parent\" data-id=\"0ab1a4d\" data-element_type=\"container\" data-e-type=\"container\">\n\t\t\t\t\t<div class=\"e-con-inner\">\n\t\t\t\t<div class=\"elementor-element elementor-element-0ec29e7 elementor-widget elementor-widget-image\" data-id=\"0ec29e7\" data-element_type=\"widget\" data-e-type=\"widget\" data-widget_type=\"image.default\">\n\t\t\t\t\t\t\t\t\t\t\t\t<figure class=\"wp-caption\">\n\t\t\t\t\t\t\t\t\t\t<img decoding=\"async\" width=\"768\" height=\"506\" src=\"https:\/\/soymigrante.com\/revista\/wp-content\/uploads\/2025\/02\/santacruz-1024x674.jpg\" class=\"attachment-large size-large wp-image-25129\" alt=\"Jovenes con diferentes etnias vistiendo camisetas rojas con la palabra &quot;Freedom&quot; en un espacio urbano multicultural.\" srcset=\"https:\/\/soymigrante.com\/revista\/wp-content\/uploads\/2025\/02\/santacruz-1024x674.jpg 1024w, https:\/\/soymigrante.com\/revista\/wp-content\/uploads\/2025\/02\/santacruz-300x197.jpg 300w, https:\/\/soymigrante.com\/revista\/wp-content\/uploads\/2025\/02\/santacruz-768x505.jpg 768w, https:\/\/soymigrante.com\/revista\/wp-content\/uploads\/2025\/02\/santacruz-750x493.webp 750w, https:\/\/soymigrante.com\/revista\/wp-content\/uploads\/2025\/02\/santacruz-1140x750.webp 1140w, https:\/\/soymigrante.com\/revista\/wp-content\/uploads\/2025\/02\/santacruz.webp 1160w\" sizes=\"(max-width: 768px) 100vw, 768px\" title=\"Alejandro Mencos interpret\u00f3 al personaje Santacruz, en el reparto de las temporadas 3 y 4 de la serie In the block de Netflix. \u2013 SoyMigrante.com REVISTA\" \/>\t\t\t\t\t\t\t\t\t\t\t<figcaption class=\"widget-image-caption wp-caption-text\">J\u00f3venes de diferentes or\u00edgenes \u00e9tnicos en un ambiente urbano luciendo camisetas rojas con la palabra \"Freedom\".<\/figcaption>\n\t\t\t\t\t\t\t\t\t\t<\/figure>\n\t\t\t\t\t\t\t\t\t<\/div>\n\t\t\t\t\t<\/div>\n\t\t\t\t<\/div>\n\t\t<div data-particle_enable=\"false\" data-particle-mobile-disabled=\"false\" class=\"elementor-element elementor-element-fa733a9 e-flex e-con-boxed e-con e-parent\" data-id=\"fa733a9\" data-element_type=\"container\" data-e-type=\"container\">\n\t\t\t\t\t<div class=\"e-con-inner\">\n\t\t\t\t<div class=\"elementor-element elementor-element-ff531d6 elementor-widget elementor-widget-heading\" data-id=\"ff531d6\" data-element_type=\"widget\" data-e-type=\"widget\" data-widget_type=\"heading.default\">\n\t\t\t\t\t<h3 class=\"elementor-heading-title elementor-size-default\">Muchos aspirantes en la audici\u00f3n<\/h3>\t\t\t\t<\/div>\n\t\t\t\t\t<\/div>\n\t\t\t\t<\/div>\n\t\t<div data-particle_enable=\"false\" data-particle-mobile-disabled=\"false\" class=\"elementor-element elementor-element-d648c7e e-flex e-con-boxed e-con e-parent\" data-id=\"d648c7e\" data-element_type=\"container\" data-e-type=\"container\">\n\t\t\t\t\t<div class=\"e-con-inner\">\n\t\t\t\t<div class=\"elementor-element elementor-element-107279d elementor-widget elementor-widget-text-editor\" data-id=\"107279d\" data-element_type=\"widget\" data-e-type=\"widget\" data-widget_type=\"text-editor.default\">\n\t\t\t\t\t\t\t\t\t<p><span style=\"font-family: Roboto, sans-serif; font-size: 16px; font-style: normal; font-variant-ligatures: normal; font-variant-caps: normal; font-weight: 400; color: var( --e-global-color-text ); text-align: var(--text-align);\">A pesar de su escepticismo inicial, acept\u00f3 la audici\u00f3n. &#8220;Cuando llegu\u00e9 hab\u00eda una enorme fila de aspirantes, hispanos, m\u00e1s o menos de mi complexi\u00f3n. Pero la agente de talento me dijo que entrara en otra puerta. Recuerdo bien la prueba: me dijeron imagina que vas feliz por la vida, comiendo un helado. Tu mundo es perfecto y de pronto se te cae el helado, empiezas a llorar como un ni\u00f1o&#8221;, relata.<\/span><\/p><p><span style=\"font-family: Roboto, sans-serif; font-size: 16px; font-style: normal; font-variant-ligatures: normal; font-variant-caps: normal; font-weight: 400; color: var( --e-global-color-text ); text-align: var(--text-align);\">&#8220;Se me quedaban viendo. Muy serios. \u00bfQuiz\u00e1 no lo estoy haciendo bien? Pensaba yo&#8221;.<\/span><\/p><p><span style=\"font-family: Roboto, sans-serif; font-size: 16px; font-style: normal; font-variant-ligatures: normal; font-variant-caps: normal; font-weight: 400; color: var( --e-global-color-text ); text-align: var(--text-align);\">-&#8220;Ahora <\/span><span style=\"color: var( --e-global-color-text ); text-align: var(--text-align);\">est\u00e1s en una fiesta. Es la mejor noche de tu vida pero te llama tu mam\u00e1\u00a0 para darte una mala noticia&#8221;.\u00a0 \u00a0Eso dur\u00f3 unos 15 minutos.\u00a0<br \/>Me agradecieron. Aqu\u00ed tenemos tu\u00a0 n\u00famero de tel\u00e9fono, nosotros te avisamos. Pens\u00e9, al menos ahora tengo una nueva an\u00e9cdota para contar. Justo iba saliendo por la puerta cuando la agente me dice \u00a1no te vayas! Y fui seleccionado para un personaje la tercera temorada de la serie\u00a0<\/span><span style=\"font-family: Roboto, sans-serif; font-size: 16px; font-style: normal; font-variant-ligatures: normal; font-variant-caps: normal; font-weight: 400; color: var( --e-global-color-text ); text-align: var(--text-align);\">On My Block de Netflix.<\/span><\/p><p><span style=\"color: var( --e-global-color-text ); text-align: var(--text-align);\">Este papel marc\u00f3 el inicio de su carrera en la actuaci\u00f3n. Luego llegaron m\u00e1s oportunidades, incluyendo su participaci\u00f3n en la pel\u00edcula Babysitter: Killer Queen, tambi\u00e9n de Netflix, y en la serie Justified Homicide, basada en hechos reales.\u00a0<\/span><\/p><p>Debido a su f\u00edsico, Alejandro Mencos tambi\u00e9n fue parte de campa\u00f1as para marcas como Gap y Banana Republic. &#8220;Cada nuevo proyecto me ense\u00f1aba algo nuevo&#8221;, comenta. &#8220;Era un mundo completamente distinto al que imaginaba cuando era DJ&#8221;.<\/p>\t\t\t\t\t\t\t\t<\/div>\n\t\t\t\t\t<\/div>\n\t\t\t\t<\/div>\n\t\t<div data-particle_enable=\"false\" data-particle-mobile-disabled=\"false\" class=\"elementor-element elementor-element-389abac e-flex e-con-boxed e-con e-parent\" data-id=\"389abac\" data-element_type=\"container\" data-e-type=\"container\">\n\t\t\t\t\t<div class=\"e-con-inner\">\n\t\t\t\t<div class=\"elementor-element elementor-element-88fbb61 elementor-widget elementor-widget-text-editor\" data-id=\"88fbb61\" data-element_type=\"widget\" data-e-type=\"widget\" data-widget_type=\"text-editor.default\">\n\t\t\t\t\t\t\t\t\t<blockquote><span style=\"font-style: normal; font-variant-ligatures: normal; font-variant-caps: normal; font-weight: bold; font-size: 16px; font-family: Roboto, sans-serif;\">&#8220;Record\u00e1 siempre: Personalidad y actitud. Yo soy y yo puedo&#8221;.\u00a0<\/span><\/blockquote>\t\t\t\t\t\t\t\t<\/div>\n\t\t\t\t\t<\/div>\n\t\t\t\t<\/div>\n\t\t<div data-particle_enable=\"false\" data-particle-mobile-disabled=\"false\" class=\"elementor-element elementor-element-159bce4 e-flex e-con-boxed e-con e-parent\" data-id=\"159bce4\" data-element_type=\"container\" data-e-type=\"container\">\n\t\t\t\t\t<div class=\"e-con-inner\">\n\t\t\t\t<div class=\"elementor-element elementor-element-93f8864 elementor-widget elementor-widget-image\" data-id=\"93f8864\" data-element_type=\"widget\" data-e-type=\"widget\" data-widget_type=\"image.default\">\n\t\t\t\t\t\t\t\t\t\t\t\t<figure class=\"wp-caption\">\n\t\t\t\t\t\t\t\t\t\t<img loading=\"lazy\" decoding=\"async\" width=\"768\" height=\"960\" src=\"https:\/\/soymigrante.com\/revista\/wp-content\/uploads\/2025\/02\/alejandro-mencos-1-819x1024.jpg\" class=\"attachment-large size-large wp-image-25130\" alt=\"Joven hombre sin camisa con tatuajes caminando en la playa, con el mar y cielo despejado de fondo, promoviendo temas sobre migrantes y cultura en Revista SoyMigrante.com.\" srcset=\"https:\/\/soymigrante.com\/revista\/wp-content\/uploads\/2025\/02\/alejandro-mencos-1-819x1024.jpg 819w, https:\/\/soymigrante.com\/revista\/wp-content\/uploads\/2025\/02\/alejandro-mencos-1-240x300.jpg 240w, https:\/\/soymigrante.com\/revista\/wp-content\/uploads\/2025\/02\/alejandro-mencos-1-768x960.jpg 768w, https:\/\/soymigrante.com\/revista\/wp-content\/uploads\/2025\/02\/alejandro-mencos-1-1229x1536.jpg 1229w, https:\/\/soymigrante.com\/revista\/wp-content\/uploads\/2025\/02\/alejandro-mencos-1-750x938.webp 750w, https:\/\/soymigrante.com\/revista\/wp-content\/uploads\/2025\/02\/alejandro-mencos-1-1140x1425.webp 1140w, https:\/\/soymigrante.com\/revista\/wp-content\/uploads\/2025\/02\/alejandro-mencos-1.jpg 1440w\" sizes=\"(max-width: 768px) 100vw, 768px\" title=\"Alejandro Mencos tambi\u00e9n es instructor nutricional, fisicoculturista y labora en una cadena de gimnasios de California, pero con el coraz\u00f3n siempre puesto en la creaci\u00f3n musical. En abril pr\u00f3ximo tiene planeado presentarse en Guatemala. \u2013 SoyMigrante.com REVISTA\" \/>\t\t\t\t\t\t\t\t\t\t\t<figcaption class=\"widget-image-caption wp-caption-text\">Disfruta del verano en la playa con estilo, promoviendo historias de inmigrantes y comunidad en SoyMigrante.com REVISTA.<\/figcaption>\n\t\t\t\t\t\t\t\t\t\t<\/figure>\n\t\t\t\t\t\t\t\t\t<\/div>\n\t\t\t\t\t<\/div>\n\t\t\t\t<\/div>\n\t\t<div data-particle_enable=\"false\" data-particle-mobile-disabled=\"false\" class=\"elementor-element elementor-element-0fd8e45 e-flex e-con-boxed e-con e-parent\" data-id=\"0fd8e45\" data-element_type=\"container\" data-e-type=\"container\">\n\t\t\t\t\t<div class=\"e-con-inner\">\n\t\t\t\t<div class=\"elementor-element elementor-element-332b190 elementor-widget elementor-widget-heading\" data-id=\"332b190\" data-element_type=\"widget\" data-e-type=\"widget\" data-widget_type=\"heading.default\">\n\t\t\t\t\t<h3 class=\"elementor-heading-title elementor-size-default\">La m\u00fasica vuelve a su vida<\/h3>\t\t\t\t<\/div>\n\t\t\t\t\t<\/div>\n\t\t\t\t<\/div>\n\t\t<div data-particle_enable=\"false\" data-particle-mobile-disabled=\"false\" class=\"elementor-element elementor-element-5db1b6c e-flex e-con-boxed e-con e-parent\" data-id=\"5db1b6c\" data-element_type=\"container\" data-e-type=\"container\">\n\t\t\t\t\t<div class=\"e-con-inner\">\n\t\t\t\t<div class=\"elementor-element elementor-element-6cb793a elementor-widget elementor-widget-text-editor\" data-id=\"6cb793a\" data-element_type=\"widget\" data-e-type=\"widget\" data-widget_type=\"text-editor.default\">\n\t\t\t\t\t\t\t\t\t<p><span style=\"color: var( --e-global-color-text ); text-align: var(--text-align);\">A pesar de su \u00e9xito en la actuaci\u00f3n, Alejandro nunca olvid\u00f3 su verdadera pasi\u00f3n. &#8220;Siempre supe que tarde o temprano iba a volver a la m\u00fasica&#8221;, afirma.\u00a0<\/span><\/p><p>Ahora, bajo el nombre art\u00edstico de Alexxzandro, est\u00e1 enfocado en consolidar su carrera como cantante y compositor.\u00a0<\/p><p>Su estilo fusiona el pop latino con el reguet\u00f3n, buscando una propuesta aut\u00e9ntica y con identidad propia. Su esfuerzo lo ha llevado a colaborar con Coca-Cola Studios en Los \u00c1ngeles, convirti\u00e9ndose en el primer latino en trabajar con ellos y con Racing Lab en una producci\u00f3n especial.<\/p><p><span style=\"color: var( --e-global-color-text ); text-align: var(--text-align);\">Alexxzandro adem\u00e1s sigue combinando su amor por la m\u00fasica con su pasi\u00f3n por el fitness, trabajando como asistente de manager en una cadena de gimnasios mientras desarrolla su carrera art\u00edstica.\u00a0<\/span><span style=\"color: var( --e-global-color-text ); text-align: var(--text-align);\">Con cada paso, construye un legado que inspira a otros migrantes y artistas emergentes.\u00a0<\/span><\/p><p><span style=\"color: var( --e-global-color-text ); text-align: var(--text-align);\">&#8220;A veces me detengo y pienso en todo lo que ha pasado&#8221;, reflexiona. &#8220;Y me digo a m\u00ed mismo: &#8216;wow, todo esto empez\u00f3 con una tornamesa que mi mam\u00e1 me mand\u00f3 desde Estados Unidos&#8217;. Y ahora estoy aqu\u00ed, persiguiendo mi sue\u00f1o&#8221;. En abril de 2025 habr\u00e1 otro sue\u00f1o convirti\u00e9ndose en realidad: Alexxzandro presentar\u00e1 su m\u00fasica en Antigua Guatemala.<\/span><\/p><p>Desde las calles de Guatemala hasta los sets de Hollywood y los estudios de grabaci\u00f3n en Los \u00c1ngeles, y de regreso, Alejandro Mencos Rodas es una prueba viviente de que con talento, esfuerzo y las conexiones adecuadas, los sue\u00f1os pueden seguirse convirtiendo en realidad.<\/p>\t\t\t\t\t\t\t\t<\/div>\n\t\t\t\t\t<\/div>\n\t\t\t\t<\/div>\n\t\t<div data-particle_enable=\"false\" data-particle-mobile-disabled=\"false\" class=\"elementor-element elementor-element-bd91bc1 e-flex e-con-boxed e-con e-parent\" data-id=\"bd91bc1\" data-element_type=\"container\" data-e-type=\"container\">\n\t\t\t\t\t<div class=\"e-con-inner\">\n\t\t\t\t<div class=\"elementor-element elementor-element-fd60678 elementor-widget elementor-widget-text-editor\" data-id=\"fd60678\" data-element_type=\"widget\" data-e-type=\"widget\" data-widget_type=\"text-editor.default\">\n\t\t\t\t\t\t\t\t\t<blockquote><p><span style=\"font-style: normal; font-variant-ligatures: normal; font-variant-caps: normal; font-weight: bold; font-size: 16px; font-family: Roboto, sans-serif;\">&#8220;Record\u00e1 siempre: Personalidad y actitud. Yo soy y yo puedo&#8221;.\u00a0<\/span><\/p><\/blockquote>\t\t\t\t\t\t\t\t<\/div>\n\t\t\t\t\t<\/div>\n\t\t\t\t<\/div>\n\t\t<div data-particle_enable=\"false\" data-particle-mobile-disabled=\"false\" class=\"elementor-element elementor-element-9da7880 e-flex e-con-boxed e-con e-parent\" data-id=\"9da7880\" data-element_type=\"container\" data-e-type=\"container\">\n\t\t\t\t\t<div class=\"e-con-inner\">\n\t\t\t\t<div class=\"elementor-element elementor-element-4121994 elementor-widget elementor-widget-video\" data-id=\"4121994\" data-element_type=\"widget\" data-e-type=\"widget\" data-settings=\"{&quot;youtube_url&quot;:&quot;https:\\\/\\\/www.youtube.com\\\/watch?v=33r2p48EdTA&quot;,&quot;video_type&quot;:&quot;youtube&quot;,&quot;controls&quot;:&quot;yes&quot;}\" data-widget_type=\"video.default\">\n\t\t\t\t\t\t\t<div class=\"elementor-wrapper elementor-open-inline\">\n\t\t\t<div class=\"elementor-video\"><\/div>\t\t<\/div>\n\t\t\t\t\t\t<\/div>\n\t\t\t\t\t<\/div>\n\t\t\t\t<\/div>\n\t\t<div data-particle_enable=\"false\" data-particle-mobile-disabled=\"false\" class=\"elementor-element elementor-element-f826805 e-flex e-con-boxed e-con e-parent\" data-id=\"f826805\" data-element_type=\"container\" data-e-type=\"container\">\n\t\t\t\t\t<div class=\"e-con-inner\">\n\t\t\t\t<div class=\"elementor-element elementor-element-c1027ef elementor-widget-divider--view-line elementor-widget elementor-widget-divider\" data-id=\"c1027ef\" data-element_type=\"widget\" data-e-type=\"widget\" data-widget_type=\"divider.default\">\n\t\t\t\t\t\t\t<div class=\"elementor-divider\">\n\t\t\t<span class=\"elementor-divider-separator\">\n\t\t\t\t\t\t<\/span>\n\t\t<\/div>\n\t\t\t\t\t\t<\/div>\n\t\t\t\t\t<\/div>\n\t\t\t\t<\/div>\n\t\t<div data-particle_enable=\"false\" data-particle-mobile-disabled=\"false\" class=\"elementor-element elementor-element-c3eed3f e-flex e-con-boxed e-con e-parent\" data-id=\"c3eed3f\" data-element_type=\"container\" data-e-type=\"container\">\n\t\t\t\t\t<div class=\"e-con-inner\">\n\t\t\t\t<div class=\"elementor-element elementor-element-9771c05 elementor-widget elementor-widget-heading\" data-id=\"9771c05\" data-element_type=\"widget\" data-e-type=\"widget\" data-widget_type=\"heading.default\">\n\t\t\t\t\t<h2 class=\"elementor-heading-title elementor-size-default\">El talento guatemalteco brilla sin fronteras<\/h2>\t\t\t\t<\/div>\n\t\t\t\t\t<\/div>\n\t\t\t\t<\/div>\n\t\t<div data-particle_enable=\"false\" data-particle-mobile-disabled=\"false\" class=\"elementor-element elementor-element-7303845 e-flex e-con-boxed e-con e-parent\" data-id=\"7303845\" data-element_type=\"container\" data-e-type=\"container\">\n\t\t\t\t\t<div class=\"e-con-inner\">\n\t\t\t\t<div class=\"elementor-element elementor-element-6cc3170 elementor-grid-eael-col-3 elementor-grid-tablet-eael-col-2 elementor-grid-mobile-eael-col-1 elementor-widget elementor-widget-eael-post-grid\" data-id=\"6cc3170\" data-element_type=\"widget\" data-e-type=\"widget\" data-settings=\"{&quot;eael_post_grid_columns&quot;:&quot;eael-col-3&quot;,&quot;eael_post_grid_columns_tablet&quot;:&quot;eael-col-2&quot;,&quot;eael_post_grid_columns_mobile&quot;:&quot;eael-col-1&quot;}\" data-widget_type=\"eael-post-grid.default\">\n\t\t\t\t\t<div id=\"eael-post-grid-6cc3170\" class=\"eael-post-grid-container\">\n            <div class=\"eael-post-grid eael-post-appender eael-post-appender-6cc3170 eael-post-grid-style-one\" data-layout-mode=\"masonry\"><article class=\"eael-grid-post  eael-post-grid-column eael-pg-post-22673 category-exitos\" data-id=\"22673\">\n        <div class=\"eael-grid-post-holder\">\n            <div class=\"eael-grid-post-holder-inner\"><div class=\"eael-entry-media\"><div class=\"eael-entry-overlay fade-in\"><i class=\"far fa-hand-pointer\" aria-hidden=\"true\"><\/i><a href=\"https:\/\/soymigrante.com\/revista\/el-guatemalteco-estuardo-adhemar-es-exitoso-productor-musical-fotografo-y-videografo-en-chicago\/\"><\/a><\/div><div class=\"eael-entry-thumbnail \">\n                <img loading=\"lazy\" decoding=\"async\" width=\"1024\" height=\"1024\" src=\"https:\/\/soymigrante.com\/revista\/wp-content\/uploads\/2025\/01\/estuardo-adhemar-chicago-1024x1024.jpg\" class=\"attachment-large size-large wp-image-22674\" alt=\"Guitarrista con micr\u00f3fono en estudio, promoviendo cultura y m\u00fasica en la comunidad migrante.\" srcset=\"https:\/\/soymigrante.com\/revista\/wp-content\/uploads\/2025\/01\/estuardo-adhemar-chicago-1024x1024.jpg 1024w, https:\/\/soymigrante.com\/revista\/wp-content\/uploads\/2025\/01\/estuardo-adhemar-chicago-300x300.jpg 300w, https:\/\/soymigrante.com\/revista\/wp-content\/uploads\/2025\/01\/estuardo-adhemar-chicago-150x150.jpg 150w, https:\/\/soymigrante.com\/revista\/wp-content\/uploads\/2025\/01\/estuardo-adhemar-chicago-768x768.jpg 768w, https:\/\/soymigrante.com\/revista\/wp-content\/uploads\/2025\/01\/estuardo-adhemar-chicago-75x75.jpg 75w, https:\/\/soymigrante.com\/revista\/wp-content\/uploads\/2025\/01\/estuardo-adhemar-chicago-750x750.jpg 750w, https:\/\/soymigrante.com\/revista\/wp-content\/uploads\/2025\/01\/estuardo-adhemar-chicago-1140x1140.jpg 1140w, https:\/\/soymigrante.com\/revista\/wp-content\/uploads\/2025\/01\/estuardo-adhemar-chicago.jpg 1323w\" sizes=\"(max-width: 1024px) 100vw, 1024px\" \/>\n            <\/div>\n        <\/div><div class=\"eael-entry-wrapper\"><header class=\"eael-entry-header\"><h2 class=\"eael-entry-title\"><a class=\"eael-grid-post-link\" href=\"https:\/\/soymigrante.com\/revista\/el-guatemalteco-estuardo-adhemar-es-exitoso-productor-musical-fotografo-y-videografo-en-chicago\/\" title=\"El guatemalteco Estuardo Adhemar es productor musical, fotogr\u00e1fico y audiovisual en Chicago\">El guatemalteco Estuardo Adhemar es productor musical, fotogr\u00e1fico y audiovisual en Chicago<\/a><\/h2><\/header><div class=\"eael-entry-content\">\n                        <div class=\"eael-grid-post-excerpt\"><a href=\"https:\/\/soymigrante.com\/revista\/el-guatemalteco-estuardo-adhemar-es-exitoso-productor-musical-fotografo-y-videografo-en-chicago\/\" class=\"eael-post-elements-readmore-btn\">CONOCE SU HISTORIA <\/a><\/div>\n                    <\/div><\/div><\/div>\n        <\/div>\n    <\/article><article class=\"eael-grid-post  eael-post-grid-column eael-pg-post-3056 category-exitos\" data-id=\"3056\">\n        <div class=\"eael-grid-post-holder\">\n            <div class=\"eael-grid-post-holder-inner\"><div class=\"eael-entry-media\"><div class=\"eael-entry-overlay fade-in\"><i class=\"far fa-hand-pointer\" aria-hidden=\"true\"><\/i><a href=\"https:\/\/soymigrante.com\/revista\/actriz-migrante-y-defensora-del-talento-de-la-mujer-hispana-sandra-chavarria\/\"><\/a><\/div><div class=\"eael-entry-thumbnail \">\n                <img loading=\"lazy\" decoding=\"async\" width=\"900\" height=\"855\" src=\"https:\/\/soymigrante.com\/revista\/wp-content\/uploads\/2024\/09\/actriz-sandra-chavarria.webp\" class=\"attachment-large size-large wp-image-9813\" alt=\"Medalla de oro en igualdad y migraci\u00f3n, mujer sonriendo con vestido colorido y fondo de ladrillos en revista SoyMigrante.com REVISTA.\" srcset=\"https:\/\/soymigrante.com\/revista\/wp-content\/uploads\/2024\/09\/actriz-sandra-chavarria.webp 900w, https:\/\/soymigrante.com\/revista\/wp-content\/uploads\/2024\/09\/actriz-sandra-chavarria-300x285.webp 300w, https:\/\/soymigrante.com\/revista\/wp-content\/uploads\/2024\/09\/actriz-sandra-chavarria-768x730.webp 768w, https:\/\/soymigrante.com\/revista\/wp-content\/uploads\/2024\/09\/actriz-sandra-chavarria-750x713.webp 750w\" sizes=\"(max-width: 900px) 100vw, 900px\" \/>\n            <\/div>\n        <\/div><div class=\"eael-entry-wrapper\"><header class=\"eael-entry-header\"><h2 class=\"eael-entry-title\"><a class=\"eael-grid-post-link\" href=\"https:\/\/soymigrante.com\/revista\/actriz-migrante-y-defensora-del-talento-de-la-mujer-hispana-sandra-chavarria\/\" title=\"Actriz guatemalteca Sandra Chavarr\u00eda cosecha \u00e9xitos en teatro y cine\">Actriz guatemalteca Sandra Chavarr\u00eda cosecha \u00e9xitos en teatro y cine<\/a><\/h2><\/header><div class=\"eael-entry-content\">\n                        <div class=\"eael-grid-post-excerpt\"><a href=\"https:\/\/soymigrante.com\/revista\/actriz-migrante-y-defensora-del-talento-de-la-mujer-hispana-sandra-chavarria\/\" class=\"eael-post-elements-readmore-btn\">CONOCE SU HISTORIA <\/a><\/div>\n                    <\/div><\/div><\/div>\n        <\/div>\n    <\/article><article class=\"eael-grid-post  eael-post-grid-column eael-pg-post-3582 category-exitos\" data-id=\"3582\">\n        <div class=\"eael-grid-post-holder\">\n            <div class=\"eael-grid-post-holder-inner\"><div class=\"eael-entry-media\"><div class=\"eael-entry-overlay fade-in\"><i class=\"far fa-hand-pointer\" aria-hidden=\"true\"><\/i><a href=\"https:\/\/soymigrante.com\/revista\/musico-actor-guatemalteco-migrante-en-nueva-york-domingo-lemus\/\"><\/a><\/div><div class=\"eael-entry-thumbnail \">\n                <img loading=\"lazy\" decoding=\"async\" width=\"855\" height=\"755\" src=\"https:\/\/soymigrante.com\/revista\/wp-content\/uploads\/2023\/12\/minguito.webp\" class=\"attachment-large size-large wp-image-3599\" alt=\"\" srcset=\"https:\/\/soymigrante.com\/revista\/wp-content\/uploads\/2023\/12\/minguito.webp 855w, https:\/\/soymigrante.com\/revista\/wp-content\/uploads\/2023\/12\/minguito-300x265.webp 300w, https:\/\/soymigrante.com\/revista\/wp-content\/uploads\/2023\/12\/minguito-768x678.webp 768w, https:\/\/soymigrante.com\/revista\/wp-content\/uploads\/2023\/12\/minguito-750x662.jpg 750w\" sizes=\"(max-width: 855px) 100vw, 855px\" \/>\n            <\/div>\n        <\/div><div class=\"eael-entry-wrapper\"><header class=\"eael-entry-header\"><h2 class=\"eael-entry-title\"><a class=\"eael-grid-post-link\" href=\"https:\/\/soymigrante.com\/revista\/musico-actor-guatemalteco-migrante-en-nueva-york-domingo-lemus\/\" title=\"\u201cTodos somos migrantes\u201d: Domingo Lemus, cineasta y m\u00fasico en NY\">\u201cTodos somos migrantes\u201d: Domingo Lemus, cineasta y m\u00fasico en NY<\/a><\/h2><\/header><div class=\"eael-entry-content\">\n                        <div class=\"eael-grid-post-excerpt\"><a href=\"https:\/\/soymigrante.com\/revista\/musico-actor-guatemalteco-migrante-en-nueva-york-domingo-lemus\/\" class=\"eael-post-elements-readmore-btn\">CONOCE SU HISTORIA <\/a><\/div>\n                    <\/div><\/div><\/div>\n        <\/div>\n    <\/article><\/div>\n            <div class=\"clearfix\"><\/div>\n        <\/div>\t\t\t\t<\/div>\n\t\t\t\t\t<\/div>\n\t\t\t\t<\/div>\n\t\t\t\t<\/div>\n\t\t","protected":false},"excerpt":{"rendered":"<p>Alejandro Mencos creci\u00f3 en la zona 21 y Antigua Guatemala; a los 18 a\u00f1os migr\u00f3 a California. Cuando trabajaba en un gimnasio lleg\u00f3 la oportunidad de actuar en dos series de Netflix. Actualmente es compositor e interpreta sus temas de m\u00fasica urbana bajo el nombre art\u00edstico Alexxzandro Alejandro Mencos Rodas, migrante, actor, DJ, compositor, cantante [&hellip;]<\/p>\n","protected":false},"author":7,"featured_media":25111,"comment_status":"open","ping_status":"open","sticky":false,"template":"","format":"standard","meta":{"_acf_changed":false,"_eb_attr":"","footnotes":""},"categories":[50],"tags":[],"class_list":["post-25109","post","type-post","status-publish","format-standard","has-post-thumbnail","hentry","category-exitos"],"acf":[],"aioseo_notices":[],"aioseo_head":"\n\t\t<!-- All in One SEO Pro 4.9.6.2 - aioseo.com -->\n\t<meta name=\"description\" content=\"\u201cMi vida ha sido migrante casi desde que nac\u00ed\u201d, dice el guatemalteco Domingo Lemus, cuyo rostro se hizo ic\u00f3nico por la pel\u00edcula &quot;Puro Mula&quot;, de 2011, pero cuyo talento musical, creativo y f\u00edlmico crece en EE.UU al trabajar en producciones de cine y TV. En cada llegada o salida de Guatemala, vibran emociones en la\" \/>\n\t<meta name=\"robots\" content=\"max-snippet:-1, max-image-preview:large, max-video-preview:-1\" \/>\n\t<meta name=\"author\" content=\"Gustavo Montenegro\"\/>\n\t<link rel=\"canonical\" href=\"https:\/\/soymigrante.com\/revista\/alejandro-mencos-vibra-al-ritmo-de-un-sueno-artistico-en-los-angeles-inspirado-por-un-sabio-consejo\/\" \/>\n\t<meta name=\"generator\" content=\"All in One SEO Pro (AIOSEO) 4.9.6.2\" \/>\n\n\t\t<link rel=\"preconnect\" href=\"https:\/\/fonts.googleapis.com\" crossorigin>\n<link rel=\"preconnect\" href=\"https:\/\/fonts.gstatic.com\" crossorigin>\n\t\t<meta property=\"og:locale\" content=\"es_ES\" \/>\n\t\t<meta property=\"og:site_name\" content=\"SoyMigrante.com REVISTA \u2013 Nuestra misi\u00f3n es reconocer y dignificar al migrante.\" \/>\n\t\t<meta property=\"og:type\" content=\"article\" \/>\n\t\t<meta property=\"og:title\" content=\"Un gran consejo impulsa al artista Alejandro Mencos en LA\" \/>\n\t\t<meta property=\"og:description\" content=\"Alejandro Mencos creci\u00f3 en la zona 21 y Antigua Guatemala; a los 18 migr\u00f3 a California, actu\u00f3 en dos series de Netflix. Tambi\u00e9n es DJ y cantante. Lee su historia\" \/>\n\t\t<meta property=\"og:url\" content=\"https:\/\/soymigrante.com\/revista\/alejandro-mencos-vibra-al-ritmo-de-un-sueno-artistico-en-los-angeles-inspirado-por-un-sabio-consejo\/\" \/>\n\t\t<meta property=\"og:image\" content=\"https:\/\/soymigrante.com\/revista\/wp-content\/uploads\/2025\/02\/Captura-de-pantalla-2025-02-11-225611-e1739339173204.webp\" \/>\n\t\t<meta property=\"og:image:secure_url\" content=\"https:\/\/soymigrante.com\/revista\/wp-content\/uploads\/2025\/02\/Captura-de-pantalla-2025-02-11-225611-e1739339173204.webp\" \/>\n\t\t<meta property=\"og:image:width\" content=\"566\" \/>\n\t\t<meta property=\"og:image:height\" content=\"538\" \/>\n\t\t<meta property=\"article:published_time\" content=\"2025-02-12T16:47:56+00:00\" \/>\n\t\t<meta property=\"article:modified_time\" content=\"2025-03-10T20:49:29+00:00\" \/>\n\t\t<meta property=\"article:publisher\" content=\"https:\/\/www.facebook.com\/soymigrantecom\" \/>\n\t\t<meta name=\"twitter:card\" content=\"summary_large_image\" \/>\n\t\t<meta name=\"twitter:site\" content=\"@SoyMigrante_com\" \/>\n\t\t<meta name=\"twitter:title\" content=\"Un gran consejo impulsa al artista Alejandro Mencos en LA\" \/>\n\t\t<meta name=\"twitter:description\" content=\"Alejandro Mencos creci\u00f3 en la zona 21 y Antigua Guatemala; a los 18 migr\u00f3 a California, actu\u00f3 en dos series de Netflix. Tambi\u00e9n es DJ y cantante. Lee su historia\" \/>\n\t\t<meta name=\"twitter:creator\" content=\"@SoyMigrante_com\" \/>\n\t\t<meta name=\"twitter:image\" content=\"https:\/\/soymigrante.com\/revista\/wp-content\/uploads\/2025\/02\/Captura-de-pantalla-2025-02-11-225611-e1739339173204.webp\" \/>\n\t\t<!-- All in One SEO Pro -->\r\n\t\t<title>Un gran consejo impulsa al artista Alejandro Mencos en LA<\/title>\n\n","aioseo_head_json":{"title":"Un gran consejo impulsa al artista Alejandro Mencos en LA","description":"Alejandro Mencos creci\u00f3 en la zona 21 y Antigua Guatemala; a los 18 migr\u00f3 a California, actu\u00f3 en dos series de Netflix. Tambi\u00e9n es DJ y cantante. Lee su historia","canonical_url":"https:\/\/soymigrante.com\/revista\/alejandro-mencos-vibra-al-ritmo-de-un-sueno-artistico-en-los-angeles-inspirado-por-un-sabio-consejo\/","robots":"max-snippet:-1, max-image-preview:large, max-video-preview:-1","keywords":"","webmasterTools":{"miscellaneous":"&lt;link rel=\"preconnect\" href=\"https:\/\/fonts.googleapis.com\" crossorigin&gt;\n&lt;link rel=\"preconnect\" href=\"https:\/\/fonts.gstatic.com\" crossorigin&gt;"},"schema":null,"og:locale":"es_ES","og:site_name":"SoyMigrante.com REVISTA \u2013 Nuestra misi\u00f3n es reconocer y dignificar al migrante.","og:type":"article","og:title":"Un gran consejo impulsa al artista Alejandro Mencos en LA","og:description":"Alejandro Mencos creci\u00f3 en la zona 21 y Antigua Guatemala; a los 18 migr\u00f3 a California, actu\u00f3 en dos series de Netflix. Tambi\u00e9n es DJ y cantante. Lee su historia","og:url":"https:\/\/soymigrante.com\/revista\/alejandro-mencos-vibra-al-ritmo-de-un-sueno-artistico-en-los-angeles-inspirado-por-un-sabio-consejo\/","og:image":"https:\/\/soymigrante.com\/revista\/wp-content\/uploads\/2025\/02\/Captura-de-pantalla-2025-02-11-225611-e1739339173204.webp","og:image:secure_url":"https:\/\/soymigrante.com\/revista\/wp-content\/uploads\/2025\/02\/Captura-de-pantalla-2025-02-11-225611-e1739339173204.webp","og:image:width":566,"og:image:height":538,"article:published_time":"2025-02-12T16:47:56+00:00","article:modified_time":"2025-03-10T20:49:29+00:00","article:publisher":"https:\/\/www.facebook.com\/soymigrantecom","twitter:card":"summary_large_image","twitter:site":"@SoyMigrante_com","twitter:title":"Un gran consejo impulsa al artista Alejandro Mencos en LA","twitter:description":"Alejandro Mencos creci\u00f3 en la zona 21 y Antigua Guatemala; a los 18 migr\u00f3 a California, actu\u00f3 en dos series de Netflix. Tambi\u00e9n es DJ y cantante. Lee su historia","twitter:creator":"@SoyMigrante_com","twitter:image":"https:\/\/soymigrante.com\/revista\/wp-content\/uploads\/2025\/02\/Captura-de-pantalla-2025-02-11-225611-e1739339173204.webp"},"aioseo_meta_data":{"post_id":"25109","title":"Un gran consejo impulsa al artista Alejandro Mencos en LA","description":"Alejandro Mencos creci\u00f3 en la zona 21 y Antigua Guatemala; a los 18 migr\u00f3 a California, actu\u00f3 en dos series de Netflix. Tambi\u00e9n es DJ y cantante. Lee su historia","keywords":null,"keyphrases":{"focus":{"keyphrase":"Guatemalteco","score":50,"analysis":{"keyphraseInTitle":{"score":3,"maxScore":9,"error":1},"keyphraseInDescription":{"score":3,"maxScore":9,"error":1},"keyphraseLength":{"score":9,"maxScore":9,"error":0,"length":1},"keyphraseInURL":{"score":1,"maxScore":5,"error":1}}},"additional":[{"keyphrase":"Migrante","score":67,"analysis":{"keyphraseInDescription":{"score":3,"maxScore":9,"error":1},"keyphraseLength":{"score":9,"maxScore":9,"error":0,"length":1}}},{"keyphrase":"Alejandro Mencos","score":100,"analysis":{"keyphraseInDescription":{"score":9,"maxScore":9,"error":0},"keyphraseLength":{"score":9,"maxScore":9,"error":0,"length":2}}},{"keyphrase":"California","score":100,"analysis":{"keyphraseInDescription":{"score":9,"maxScore":9,"error":0},"keyphraseLength":{"score":9,"maxScore":9,"error":0,"length":1}}}]},"primary_term":null,"canonical_url":null,"og_title":null,"og_description":null,"og_object_type":"default","og_image_type":"default","og_image_url":null,"og_image_width":null,"og_image_height":null,"og_image_custom_url":null,"og_image_custom_fields":null,"og_video":"","og_custom_url":null,"og_article_section":null,"og_article_tags":null,"twitter_use_og":false,"twitter_card":"default","twitter_image_type":"default","twitter_image_url":null,"twitter_image_custom_url":null,"twitter_image_custom_fields":null,"twitter_title":null,"twitter_description":null,"schema":{"blockGraphs":[],"customGraphs":[],"default":{"data":{"Article":[],"Course":[],"Dataset":[],"FAQPage":[],"Movie":[],"Person":[],"Product":[],"ProductReview":[],"Car":[],"Recipe":[],"Service":[],"SoftwareApplication":[],"WebPage":[]},"graphName":"BlogPosting","isEnabled":true},"graphs":[]},"schema_type":"default","schema_type_options":null,"pillar_content":false,"robots_default":true,"robots_noindex":false,"robots_noarchive":false,"robots_nosnippet":false,"robots_nofollow":false,"robots_noimageindex":false,"robots_noodp":false,"robots_notranslate":false,"robots_max_snippet":"-1","robots_max_videopreview":"-1","robots_max_imagepreview":"large","priority":null,"frequency":"default","local_seo":null,"seo_analyzer_scan_date":"2025-10-09 02:37:12","breadcrumb_settings":null,"limit_modified_date":false,"reviewed_by":null,"open_ai":"{\"title\":{\"suggestions\":[],\"usage\":0},\"description\":{\"suggestions\":[],\"usage\":0}}","ai":null,"created":"2025-02-12 05:40:10","updated":"2026-02-04 21:13:56"},"aioseo_breadcrumb":"<div class=\"aioseo-breadcrumbs\"><span class=\"aioseo-breadcrumb\">\n\t<a href=\"https:\/\/soymigrante.com\/revista\" title=\"Home\">Home<\/a>\n<\/span><span class=\"aioseo-breadcrumb-separator\">\u00bb<\/span><span class=\"aioseo-breadcrumb\">\n\t<a href=\"https:\/\/soymigrante.com\/revista\/category\/exitos\/\" title=\"\u00c9xitos\">\u00c9xitos<\/a>\n<\/span><span class=\"aioseo-breadcrumb-separator\">\u00bb<\/span><span class=\"aioseo-breadcrumb\">\n\tAlejandro Mencos vibra al ritmo de un sue\u00f1o art\u00edstico en Los Angeles inspirado por un sabio consejo\n<\/span><\/div>","aioseo_breadcrumb_json":[{"label":"Home","link":"https:\/\/soymigrante.com\/revista"},{"label":"\u00c9xitos","link":"https:\/\/soymigrante.com\/revista\/category\/exitos\/"},{"label":"Alejandro Mencos vibra al ritmo de un sue\u00f1o art\u00edstico en Los Angeles inspirado por un sabio consejo","link":"https:\/\/soymigrante.com\/revista\/alejandro-mencos-vibra-al-ritmo-de-un-sueno-artistico-en-los-angeles-inspirado-por-un-sabio-consejo\/"}],"_links":{"self":[{"href":"https:\/\/soymigrante.com\/revista\/wp-json\/wp\/v2\/posts\/25109","targetHints":{"allow":["GET"]}}],"collection":[{"href":"https:\/\/soymigrante.com\/revista\/wp-json\/wp\/v2\/posts"}],"about":[{"href":"https:\/\/soymigrante.com\/revista\/wp-json\/wp\/v2\/types\/post"}],"author":[{"embeddable":true,"href":"https:\/\/soymigrante.com\/revista\/wp-json\/wp\/v2\/users\/7"}],"replies":[{"embeddable":true,"href":"https:\/\/soymigrante.com\/revista\/wp-json\/wp\/v2\/comments?post=25109"}],"version-history":[{"count":0,"href":"https:\/\/soymigrante.com\/revista\/wp-json\/wp\/v2\/posts\/25109\/revisions"}],"wp:featuredmedia":[{"embeddable":true,"href":"https:\/\/soymigrante.com\/revista\/wp-json\/wp\/v2\/media\/25111"}],"wp:attachment":[{"href":"https:\/\/soymigrante.com\/revista\/wp-json\/wp\/v2\/media?parent=25109"}],"wp:term":[{"taxonomy":"category","embeddable":true,"href":"https:\/\/soymigrante.com\/revista\/wp-json\/wp\/v2\/categories?post=25109"},{"taxonomy":"post_tag","embeddable":true,"href":"https:\/\/soymigrante.com\/revista\/wp-json\/wp\/v2\/tags?post=25109"}],"curies":[{"name":"wp","href":"https:\/\/api.w.org\/{rel}","templated":true}]}}