{"id":2505,"date":"2024-10-10T13:21:55","date_gmt":"2024-10-10T19:21:55","guid":{"rendered":"https:\/\/soymigrante.com\/revista\/?p=2505"},"modified":"2025-09-15T16:56:19","modified_gmt":"2025-09-15T22:56:19","slug":"guatemala-danza-una-legendaria-batalla-de-moros-y-cristianos-en-la-cual-hay-a-veces-un-divertido-mico","status":"publish","type":"post","link":"https:\/\/soymigrante.com\/revista\/guatemala-danza-una-legendaria-batalla-de-moros-y-cristianos-en-la-cual-hay-a-veces-un-divertido-mico\/","title":{"rendered":"Danzas de Guatemala: el Baile de Moros y Cristianos, una batalla legendaria"},"content":{"rendered":"\t\t<div data-elementor-type=\"wp-post\" data-elementor-id=\"2505\" class=\"elementor elementor-2505\" data-elementor-post-type=\"post\">\n\t\t\t\t\t\t<section data-particle_enable=\"false\" data-particle-mobile-disabled=\"false\" class=\"elementor-section elementor-top-section elementor-element elementor-element-5601b751 elementor-section-boxed elementor-section-height-default elementor-section-height-default\" data-id=\"5601b751\" data-element_type=\"section\" data-e-type=\"section\">\n\t\t\t\t\t\t<div class=\"elementor-container elementor-column-gap-default\">\n\t\t\t\t\t<div class=\"elementor-column elementor-col-100 elementor-top-column elementor-element elementor-element-c0b76bf\" data-id=\"c0b76bf\" data-element_type=\"column\" data-e-type=\"column\">\n\t\t\t<div class=\"elementor-widget-wrap elementor-element-populated\">\n\t\t\t\t\t\t<div class=\"elementor-element elementor-element-3e054967 elementor-widget elementor-widget-heading\" data-id=\"3e054967\" data-element_type=\"widget\" data-e-type=\"widget\" data-widget_type=\"heading.default\">\n\t\t\t\t\t<h1 class=\"elementor-heading-title elementor-size-default\">Var\u00edan las m\u00e1scaras y las indumentarias seg\u00fan la regi\u00f3n, pero en esencia es la misma historia: un relato que invita a la conversi\u00f3n y a la fe que tiene lugar en la Espa\u00f1a del siglo XV pero tambi\u00e9n en cada festividad patronal.<\/h1>\t\t\t\t<\/div>\n\t\t\t\t\t<\/div>\n\t\t<\/div>\n\t\t\t\t\t<\/div>\n\t\t<\/section>\n\t\t\t\t<section data-particle_enable=\"false\" data-particle-mobile-disabled=\"false\" class=\"elementor-section elementor-top-section elementor-element elementor-element-3bff19f5 elementor-section-boxed elementor-section-height-default elementor-section-height-default\" data-id=\"3bff19f5\" data-element_type=\"section\" data-e-type=\"section\">\n\t\t\t\t\t\t<div class=\"elementor-container elementor-column-gap-default\">\n\t\t\t\t\t<div class=\"elementor-column elementor-col-100 elementor-top-column elementor-element elementor-element-5468bb25\" data-id=\"5468bb25\" data-element_type=\"column\" data-e-type=\"column\">\n\t\t\t<div class=\"elementor-widget-wrap elementor-element-populated\">\n\t\t\t\t\t\t<div class=\"elementor-element elementor-element-7ae7b40c elementor-widget elementor-widget-image\" data-id=\"7ae7b40c\" data-element_type=\"widget\" data-e-type=\"widget\" data-widget_type=\"image.default\">\n\t\t\t\t\t\t\t\t\t\t\t\t<figure class=\"wp-caption\">\n\t\t\t\t\t\t\t\t\t\t<img fetchpriority=\"high\" decoding=\"async\" width=\"680\" height=\"464\" src=\"https:\/\/soymigrante.com\/revista\/wp-content\/uploads\/2023\/09\/santa-ana-peten.webp\" class=\"attachment-large size-large wp-image-2510\" alt=\"En Santa Ana, Pet\u00e9n, tiene lugar una representaci\u00f3n de este baile hist\u00f3rico que transcurre acompa\u00f1ado de tambor y pito, pero a veces tambi\u00e9n de marimba. (Fotograf\u00eda Municipalidad de Santa Ana)\" srcset=\"https:\/\/soymigrante.com\/revista\/wp-content\/uploads\/2023\/09\/santa-ana-peten.webp 680w, https:\/\/soymigrante.com\/revista\/wp-content\/uploads\/2023\/09\/santa-ana-peten-300x205.webp 300w\" sizes=\"(max-width: 680px) 100vw, 680px\" title=\"En Santa Ana, Pet\u00e9n, tiene lugar una representaci\u00f3n de este baile hist\u00f3rico que transcurre acompa\u00f1ado de tambor y pito, pero a veces tambi\u00e9n de marimba.  (Fotograf\u00eda Municipalidad de Santa Ana) \u2013 SoyMigrante.com REVISTA\" \/>\t\t\t\t\t\t\t\t\t\t\t<figcaption class=\"widget-image-caption wp-caption-text\">En Santa Ana, Pet\u00e9n, tiene lugar una representaci\u00f3n de este baile hist\u00f3rico que transcurre acompa\u00f1ado de tambor y pito, pero a veces tambi\u00e9n de marimba.  (Fotograf\u00eda Municipalidad de Santa Ana)<\/figcaption>\n\t\t\t\t\t\t\t\t\t\t<\/figure>\n\t\t\t\t\t\t\t\t\t<\/div>\n\t\t\t\t\t<\/div>\n\t\t<\/div>\n\t\t\t\t\t<\/div>\n\t\t<\/section>\n\t\t\t\t<section data-particle_enable=\"false\" data-particle-mobile-disabled=\"false\" class=\"elementor-section elementor-top-section elementor-element elementor-element-6b4a2611 elementor-section-boxed elementor-section-height-default elementor-section-height-default\" data-id=\"6b4a2611\" data-element_type=\"section\" data-e-type=\"section\">\n\t\t\t\t\t\t<div class=\"elementor-container elementor-column-gap-default\">\n\t\t\t\t\t<div class=\"elementor-column elementor-col-100 elementor-top-column elementor-element elementor-element-57f898c6\" data-id=\"57f898c6\" data-element_type=\"column\" data-e-type=\"column\">\n\t\t\t<div class=\"elementor-widget-wrap elementor-element-populated\">\n\t\t\t\t\t\t<div class=\"elementor-element elementor-element-fecb8ad elementor-widget elementor-widget-heading\" data-id=\"fecb8ad\" data-element_type=\"widget\" data-e-type=\"widget\" data-widget_type=\"heading.default\">\n\t\t\t\t\t<h2 class=\"elementor-heading-title elementor-size-default\">Un robo y una recuperaci\u00f3n<\/h2>\t\t\t\t<\/div>\n\t\t\t\t\t<\/div>\n\t\t<\/div>\n\t\t\t\t\t<\/div>\n\t\t<\/section>\n\t\t\t\t<section data-particle_enable=\"false\" data-particle-mobile-disabled=\"false\" class=\"elementor-section elementor-top-section elementor-element elementor-element-73b40ab4 elementor-section-boxed elementor-section-height-default elementor-section-height-default\" data-id=\"73b40ab4\" data-element_type=\"section\" data-e-type=\"section\">\n\t\t\t\t\t\t<div class=\"elementor-container elementor-column-gap-default\">\n\t\t\t\t\t<div class=\"elementor-column elementor-col-100 elementor-top-column elementor-element elementor-element-29bbafaa\" data-id=\"29bbafaa\" data-element_type=\"column\" data-e-type=\"column\">\n\t\t\t<div class=\"elementor-widget-wrap elementor-element-populated\">\n\t\t\t\t\t\t<div class=\"elementor-element elementor-element-3973a0e7 elementor-widget elementor-widget-text-editor\" data-id=\"3973a0e7\" data-element_type=\"widget\" data-e-type=\"widget\" data-widget_type=\"text-editor.default\">\n\t\t\t\t\t\t\t\t\t<p>Curante 800 a\u00f1os, Espa\u00f1a estuvo ocupada por los \u00e1rabes. El territorio fue recuperado por los llamados Reyes Cat\u00f3licos. El relato detr\u00e1s de la danza evoca el robo de una corona que el Rey Fernando mand\u00f3 a hacer para la Virgen Mar\u00eda. Los moros quer\u00edan la corona para su princesa. Esto origina una batalla para recuperar la preciada y simb\u00f3lica joya.<\/p><p>Hay varias escenas, que en la danza de Mixco, tiene 9 momentos: la marcha inicial, los recitados, la llegada de los enviados, la guerra, los desaf\u00edos entre moros y cristianos, la captura del rey moro y una danza final.\u00a0 Se representa en el atrio de la Iglesia o en una plaza, pero luego los moros van bailando por las calles del pueblo en la fiesta patronal, que para algunos pueblos es el D\u00eda de la Asunci\u00f3n.<\/p>\t\t\t\t\t\t\t\t<\/div>\n\t\t\t\t\t<\/div>\n\t\t<\/div>\n\t\t\t\t\t<\/div>\n\t\t<\/section>\n\t\t\t\t<section data-particle_enable=\"false\" data-particle-mobile-disabled=\"false\" class=\"elementor-section elementor-top-section elementor-element elementor-element-5835d7ce elementor-section-boxed elementor-section-height-default elementor-section-height-default\" data-id=\"5835d7ce\" data-element_type=\"section\" data-e-type=\"section\">\n\t\t\t\t\t\t<div class=\"elementor-container elementor-column-gap-default\">\n\t\t\t\t\t<div class=\"elementor-column elementor-col-100 elementor-top-column elementor-element elementor-element-4b8313ee\" data-id=\"4b8313ee\" data-element_type=\"column\" data-e-type=\"column\">\n\t\t\t<div class=\"elementor-widget-wrap elementor-element-populated\">\n\t\t\t\t\t\t<div class=\"elementor-element elementor-element-794398b9 elementor-invisible elementor-widget elementor-widget-image\" data-id=\"794398b9\" data-element_type=\"widget\" data-e-type=\"widget\" data-settings=\"{&quot;motion_fx_motion_fx_mouse&quot;:&quot;yes&quot;,&quot;_animation&quot;:&quot;fadeInUp&quot;}\" data-widget_type=\"image.default\">\n\t\t\t\t\t\t\t\t\t\t\t\t<figure class=\"wp-caption\">\n\t\t\t\t\t\t\t\t\t\t<img decoding=\"async\" width=\"1024\" height=\"768\" src=\"https:\/\/soymigrante.com\/revista\/wp-content\/uploads\/2023\/09\/BAILE-DE-MOROS-Y-CRISTIANOS-SAN-LUCAS-SACATEPEQUEZ-1024x768.webp\" class=\"attachment-large size-large wp-image-2508\" alt=\"El grupo de baile de San Lucas Sacatep\u00e9quez ha efectuado una enorme labor para preservar con todo su esplendor y personajes esta danza tradicional (Fotograf\u00eda del FB Grupo de Danza San Lucas)\" srcset=\"https:\/\/soymigrante.com\/revista\/wp-content\/uploads\/2023\/09\/BAILE-DE-MOROS-Y-CRISTIANOS-SAN-LUCAS-SACATEPEQUEZ-1024x768.webp 1024w, https:\/\/soymigrante.com\/revista\/wp-content\/uploads\/2023\/09\/BAILE-DE-MOROS-Y-CRISTIANOS-SAN-LUCAS-SACATEPEQUEZ-300x225.webp 300w, https:\/\/soymigrante.com\/revista\/wp-content\/uploads\/2023\/09\/BAILE-DE-MOROS-Y-CRISTIANOS-SAN-LUCAS-SACATEPEQUEZ-768x576.webp 768w, https:\/\/soymigrante.com\/revista\/wp-content\/uploads\/2023\/09\/BAILE-DE-MOROS-Y-CRISTIANOS-SAN-LUCAS-SACATEPEQUEZ-750x563.webp 750w, https:\/\/soymigrante.com\/revista\/wp-content\/uploads\/2023\/09\/BAILE-DE-MOROS-Y-CRISTIANOS-SAN-LUCAS-SACATEPEQUEZ.webp 1080w\" sizes=\"(max-width: 1024px) 100vw, 1024px\" title=\"El grupo de baile de San Lucas Sacatep\u00e9quez ha efectuado una enorme labor para preservar con todo su esplendor y personajes esta danza tradicional (Fotograf\u00eda del FB Grupo de Danza San Lucas) \u2013 SoyMigrante.com REVISTA\" \/>\t\t\t\t\t\t\t\t\t\t\t<figcaption class=\"widget-image-caption wp-caption-text\">El grupo de baile de San Lucas Sacatep\u00e9quez ha efectuado una enorme labor para preservar con todo su esplendor y personajes esta danza tradicional (Fotograf\u00eda del FB Grupo de Danza San Lucas)<\/figcaption>\n\t\t\t\t\t\t\t\t\t\t<\/figure>\n\t\t\t\t\t\t\t\t\t<\/div>\n\t\t\t\t\t<\/div>\n\t\t<\/div>\n\t\t\t\t\t<\/div>\n\t\t<\/section>\n\t\t\t\t<section data-particle_enable=\"false\" data-particle-mobile-disabled=\"false\" class=\"elementor-section elementor-top-section elementor-element elementor-element-7fe70818 elementor-section-boxed elementor-section-height-default elementor-section-height-default\" data-id=\"7fe70818\" data-element_type=\"section\" data-e-type=\"section\">\n\t\t\t\t\t\t<div class=\"elementor-container elementor-column-gap-default\">\n\t\t\t\t\t<div class=\"elementor-column elementor-col-100 elementor-top-column elementor-element elementor-element-1a93ce9f\" data-id=\"1a93ce9f\" data-element_type=\"column\" data-e-type=\"column\">\n\t\t\t<div class=\"elementor-widget-wrap elementor-element-populated\">\n\t\t\t\t\t\t<div class=\"elementor-element elementor-element-63b98bd0 elementor-widget elementor-widget-heading\" data-id=\"63b98bd0\" data-element_type=\"widget\" data-e-type=\"widget\" data-widget_type=\"heading.default\">\n\t\t\t\t\t<h2 class=\"elementor-heading-title elementor-size-default\">Personajes, m\u00e1scaras y espadas<\/h2>\t\t\t\t<\/div>\n\t\t\t\t\t<\/div>\n\t\t<\/div>\n\t\t\t\t\t<\/div>\n\t\t<\/section>\n\t\t\t\t<section data-particle_enable=\"false\" data-particle-mobile-disabled=\"false\" class=\"elementor-section elementor-top-section elementor-element elementor-element-5b698502 elementor-section-boxed elementor-section-height-default elementor-section-height-default\" data-id=\"5b698502\" data-element_type=\"section\" data-e-type=\"section\">\n\t\t\t\t\t\t<div class=\"elementor-container elementor-column-gap-default\">\n\t\t\t\t\t<div class=\"elementor-column elementor-col-100 elementor-top-column elementor-element elementor-element-68dd8df4\" data-id=\"68dd8df4\" data-element_type=\"column\" data-e-type=\"column\">\n\t\t\t<div class=\"elementor-widget-wrap elementor-element-populated\">\n\t\t\t\t\t\t<div class=\"elementor-element elementor-element-284bfc74 elementor-widget elementor-widget-text-editor\" data-id=\"284bfc74\" data-element_type=\"widget\" data-e-type=\"widget\" data-widget_type=\"text-editor.default\">\n\t\t\t\t\t\t\t\t\t<p><span style=\"color: var( --e-global-color-text ); background-color: var(--ak-bg-color);\">La integraci\u00f3n de personajes abarca seis moros, seis cristianos y una princesa mora. Sin embargo puede haber un mico que hace gracias para el p\u00fablico. La indumentaria var\u00eda seg\u00fan la regi\u00f3n. En el centro y altiplano de Guatemala presentan el decorado usual de las morer\u00edas tradicionales. Los pantalones son largos para los moros y abultados para los cristianos.<br \/><\/span>En Chiquimula existe una representaci\u00f3n cuyos colores son s\u00f3lidos y las m\u00e1scaras se elaboran no en madera sino con papel mash\u00e9, aunque predominan los personajes barbados.<\/p>\t\t\t\t\t\t\t\t<\/div>\n\t\t\t\t\t<\/div>\n\t\t<\/div>\n\t\t\t\t\t<\/div>\n\t\t<\/section>\n\t\t\t\t<section data-particle_enable=\"false\" data-particle-mobile-disabled=\"false\" class=\"elementor-section elementor-top-section elementor-element elementor-element-35d89fa3 elementor-section-boxed elementor-section-height-default elementor-section-height-default\" data-id=\"35d89fa3\" data-element_type=\"section\" data-e-type=\"section\">\n\t\t\t\t\t\t<div class=\"elementor-container elementor-column-gap-default\">\n\t\t\t\t\t<div class=\"elementor-column elementor-col-100 elementor-top-column elementor-element elementor-element-384292e5\" data-id=\"384292e5\" data-element_type=\"column\" data-e-type=\"column\">\n\t\t\t<div class=\"elementor-widget-wrap elementor-element-populated\">\n\t\t\t\t\t\t<div class=\"elementor-element elementor-element-61f4b458 elementor-widget elementor-widget-image\" data-id=\"61f4b458\" data-element_type=\"widget\" data-e-type=\"widget\" data-widget_type=\"image.default\">\n\t\t\t\t\t\t\t\t\t\t\t\t<figure class=\"wp-caption\">\n\t\t\t\t\t\t\t\t\t\t<img decoding=\"async\" width=\"965\" height=\"779\" src=\"https:\/\/soymigrante.com\/revista\/wp-content\/uploads\/2023\/09\/baile-moros-y-cristianos-chiquimula-comite-pro-mejoramiento-de-chiquimula.webp\" class=\"attachment-large size-large wp-image-2506\" alt=\"El colorido de los trajes de los personajes moros y cristianos tiene notorias y originales variantes en la versi\u00f3n de esta danza para Chiquimula. (Fotograf\u00eda redes sociales del Comit\u00e9 Pro Mejoramiento de Chiquimula)\" srcset=\"https:\/\/soymigrante.com\/revista\/wp-content\/uploads\/2023\/09\/baile-moros-y-cristianos-chiquimula-comite-pro-mejoramiento-de-chiquimula.webp 965w, https:\/\/soymigrante.com\/revista\/wp-content\/uploads\/2023\/09\/baile-moros-y-cristianos-chiquimula-comite-pro-mejoramiento-de-chiquimula-300x242.webp 300w, https:\/\/soymigrante.com\/revista\/wp-content\/uploads\/2023\/09\/baile-moros-y-cristianos-chiquimula-comite-pro-mejoramiento-de-chiquimula-768x620.webp 768w, https:\/\/soymigrante.com\/revista\/wp-content\/uploads\/2023\/09\/baile-moros-y-cristianos-chiquimula-comite-pro-mejoramiento-de-chiquimula-750x605.webp 750w\" sizes=\"(max-width: 965px) 100vw, 965px\" title=\"El colorido de los trajes de los personajes moros y cristianos tiene notorias y originales variantes en la versi\u00f3n de esta danza para Chiquimula. (Fotograf\u00eda redes sociales del Comit\u00e9 Pro Mejoramiento de Chiquimula) \u2013 SoyMigrante.com REVISTA\" \/>\t\t\t\t\t\t\t\t\t\t\t<figcaption class=\"widget-image-caption wp-caption-text\">El colorido de los trajes de los personajes moros y cristianos tiene notorias y originales variantes en la versi\u00f3n de esta danza para Chiquimula. (Fotograf\u00eda redes sociales del Comit\u00e9 Pro Mejoramiento de Chiquimula)<\/figcaption>\n\t\t\t\t\t\t\t\t\t\t<\/figure>\n\t\t\t\t\t\t\t\t\t<\/div>\n\t\t\t\t\t<\/div>\n\t\t<\/div>\n\t\t\t\t\t<\/div>\n\t\t<\/section>\n\t\t\t\t<section data-particle_enable=\"false\" data-particle-mobile-disabled=\"false\" class=\"elementor-section elementor-top-section elementor-element elementor-element-1c109db elementor-section-boxed elementor-section-height-default elementor-section-height-default\" data-id=\"1c109db\" data-element_type=\"section\" data-e-type=\"section\">\n\t\t\t\t\t\t<div class=\"elementor-container elementor-column-gap-default\">\n\t\t\t\t\t<div class=\"elementor-column elementor-col-100 elementor-top-column elementor-element elementor-element-ec1075e\" data-id=\"ec1075e\" data-element_type=\"column\" data-e-type=\"column\">\n\t\t\t<div class=\"elementor-widget-wrap elementor-element-populated\">\n\t\t\t\t\t\t<div class=\"elementor-element elementor-element-261dd834 elementor-widget elementor-widget-heading\" data-id=\"261dd834\" data-element_type=\"widget\" data-e-type=\"widget\" data-widget_type=\"heading.default\">\n\t\t\t\t\t<h2 class=\"elementor-heading-title elementor-size-default\">Una batalla durante la fiesta<\/h2>\t\t\t\t<\/div>\n\t\t\t\t\t<\/div>\n\t\t<\/div>\n\t\t\t\t\t<\/div>\n\t\t<\/section>\n\t\t\t\t<section data-particle_enable=\"false\" data-particle-mobile-disabled=\"false\" class=\"elementor-section elementor-top-section elementor-element elementor-element-7a9075d5 elementor-section-boxed elementor-section-height-default elementor-section-height-default\" data-id=\"7a9075d5\" data-element_type=\"section\" data-e-type=\"section\">\n\t\t\t\t\t\t<div class=\"elementor-container elementor-column-gap-default\">\n\t\t\t\t\t<div class=\"elementor-column elementor-col-100 elementor-top-column elementor-element elementor-element-1f0a4629\" data-id=\"1f0a4629\" data-element_type=\"column\" data-e-type=\"column\">\n\t\t\t<div class=\"elementor-widget-wrap elementor-element-populated\">\n\t\t\t\t\t\t<div class=\"elementor-element elementor-element-86f2fa6 elementor-widget elementor-widget-text-editor\" data-id=\"86f2fa6\" data-element_type=\"widget\" data-e-type=\"widget\" data-widget_type=\"text-editor.default\">\n\t\t\t\t\t\t\t\t\t<p>Aunque no se trata enteramente de una representaci\u00f3n teatral, existen p\u00e1rrafos para algunos personajes, en los cuales discuten, reclaman y proclaman sus creencias. Sin embargo, lo dominante son los instrumentos, tambor y pito, mientras los guerreros se enfrentan y hacen sonar sus espadas, que en algunos casos, por cuestiones de disponibilidad de utiler\u00eda, son sustituidos por machetes.<\/p><p>En San Lucas Sacatep\u00e9quez existe una representaci\u00f3n bastante bien recuperada gracias al entusiasmo de pobladores locales. En Mixco tambi\u00e9n se representa esta danza durante la fiesta patronal dedicada a Santo Domingo de Guzm\u00e1n.<\/p>\t\t\t\t\t\t\t\t<\/div>\n\t\t\t\t\t<\/div>\n\t\t<\/div>\n\t\t\t\t\t<\/div>\n\t\t<\/section>\n\t\t\t\t<section data-particle_enable=\"false\" data-particle-mobile-disabled=\"false\" class=\"elementor-section elementor-top-section elementor-element elementor-element-5baa8630 elementor-section-boxed elementor-section-height-default elementor-section-height-default\" data-id=\"5baa8630\" data-element_type=\"section\" data-e-type=\"section\">\n\t\t\t\t\t\t<div class=\"elementor-container elementor-column-gap-default\">\n\t\t\t\t\t<div class=\"elementor-column elementor-col-100 elementor-top-column elementor-element elementor-element-22e870a4\" data-id=\"22e870a4\" data-element_type=\"column\" data-e-type=\"column\">\n\t\t\t<div class=\"elementor-widget-wrap elementor-element-populated\">\n\t\t\t\t\t\t<div class=\"elementor-element elementor-element-232ed7f9 elementor-widget elementor-widget-image\" data-id=\"232ed7f9\" data-element_type=\"widget\" data-e-type=\"widget\" data-widget_type=\"image.default\">\n\t\t\t\t\t\t\t\t\t\t\t\t<figure class=\"wp-caption\">\n\t\t\t\t\t\t\t\t\t\t<img loading=\"lazy\" decoding=\"async\" width=\"1024\" height=\"574\" src=\"https:\/\/soymigrante.com\/revista\/wp-content\/uploads\/2023\/09\/BAILE-MOROS-Y-CRISTIANOS-SAN-LUCAS-FACEBOOOK-1024x574.jpg\" class=\"attachment-large size-large wp-image-2507\" alt=\"Baile de moros y cristianos en san lucas - Existen en Guatemala varias representaciones de esta tradici\u00f3n espa\u00f1ola que b\u00e1sicamente buscaba indoctrinar a las poblaciones. (Fotograf\u00eda publicada originalmente en el Facebook Baile Moros y Cristianos San Lucas Sac.)\" srcset=\"https:\/\/soymigrante.com\/revista\/wp-content\/uploads\/2023\/09\/BAILE-MOROS-Y-CRISTIANOS-SAN-LUCAS-FACEBOOOK-1024x574.jpg 1024w, https:\/\/soymigrante.com\/revista\/wp-content\/uploads\/2023\/09\/BAILE-MOROS-Y-CRISTIANOS-SAN-LUCAS-FACEBOOOK-300x168.jpg 300w, https:\/\/soymigrante.com\/revista\/wp-content\/uploads\/2023\/09\/BAILE-MOROS-Y-CRISTIANOS-SAN-LUCAS-FACEBOOOK-768x431.jpg 768w, https:\/\/soymigrante.com\/revista\/wp-content\/uploads\/2023\/09\/BAILE-MOROS-Y-CRISTIANOS-SAN-LUCAS-FACEBOOOK-750x421.webp 750w, https:\/\/soymigrante.com\/revista\/wp-content\/uploads\/2023\/09\/BAILE-MOROS-Y-CRISTIANOS-SAN-LUCAS-FACEBOOOK-1140x639.webp 1140w, https:\/\/soymigrante.com\/revista\/wp-content\/uploads\/2023\/09\/BAILE-MOROS-Y-CRISTIANOS-SAN-LUCAS-FACEBOOOK.webp 1280w\" sizes=\"(max-width: 1024px) 100vw, 1024px\" title=\"Baile de moros y cristianos en san lucas - Existen en Guatemala varias representaciones de esta tradici\u00f3n espa\u00f1ola que b\u00e1sicamente buscaba indoctrinar a las poblaciones. (Fotograf\u00eda publicada originalmente en el Facebook Baile Moros y Cristianos San Lucas Sac.) \u2013 SoyMigrante.com REVISTA\" \/>\t\t\t\t\t\t\t\t\t\t\t<figcaption class=\"widget-image-caption wp-caption-text\">Baile de moros y cristianos en san lucas - Existen en Guatemala varias representaciones de esta tradici\u00f3n espa\u00f1ola que b\u00e1sicamente buscaba indoctrinar a las poblaciones. (Fotograf\u00eda publicada originalmente en el Facebook Baile Moros y Cristianos San Lucas Sac.)<\/figcaption>\n\t\t\t\t\t\t\t\t\t\t<\/figure>\n\t\t\t\t\t\t\t\t\t<\/div>\n\t\t\t\t\t<\/div>\n\t\t<\/div>\n\t\t\t\t\t<\/div>\n\t\t<\/section>\n\t\t\t\t<section data-particle_enable=\"false\" data-particle-mobile-disabled=\"false\" class=\"elementor-section elementor-top-section elementor-element elementor-element-7d0cc205 elementor-section-boxed elementor-section-height-default elementor-section-height-default\" data-id=\"7d0cc205\" data-element_type=\"section\" data-e-type=\"section\">\n\t\t\t\t\t\t<div class=\"elementor-container elementor-column-gap-default\">\n\t\t\t\t\t<div class=\"elementor-column elementor-col-100 elementor-top-column elementor-element elementor-element-756f3fd4\" data-id=\"756f3fd4\" data-element_type=\"column\" data-e-type=\"column\">\n\t\t\t<div class=\"elementor-widget-wrap elementor-element-populated\">\n\t\t\t\t\t\t<div class=\"elementor-element elementor-element-3ebc35f7 elementor-widget elementor-widget-heading\" data-id=\"3ebc35f7\" data-element_type=\"widget\" data-e-type=\"widget\" data-widget_type=\"heading.default\">\n\t\t\t\t\t<h2 class=\"elementor-heading-title elementor-size-default\">Distribuida por todo el pa\u00eds <\/h2>\t\t\t\t<\/div>\n\t\t\t\t\t<\/div>\n\t\t<\/div>\n\t\t\t\t\t<\/div>\n\t\t<\/section>\n\t\t\t\t<section data-particle_enable=\"false\" data-particle-mobile-disabled=\"false\" class=\"elementor-section elementor-top-section elementor-element elementor-element-4ef70d6c elementor-section-boxed elementor-section-height-default elementor-section-height-default\" data-id=\"4ef70d6c\" data-element_type=\"section\" data-e-type=\"section\">\n\t\t\t\t\t\t<div class=\"elementor-container elementor-column-gap-default\">\n\t\t\t\t\t<div class=\"elementor-column elementor-col-100 elementor-top-column elementor-element elementor-element-6014b0a4\" data-id=\"6014b0a4\" data-element_type=\"column\" data-e-type=\"column\">\n\t\t\t<div class=\"elementor-widget-wrap elementor-element-populated\">\n\t\t\t\t\t\t<div class=\"elementor-element elementor-element-3eb42865 elementor-widget elementor-widget-text-editor\" data-id=\"3eb42865\" data-element_type=\"widget\" data-e-type=\"widget\" data-widget_type=\"text-editor.default\">\n\t\t\t\t\t\t\t\t\t<p><span style=\"color: var( --e-global-color-text ); background-color: var(--ak-bg-color);\">Seg\u00fan el <a href=\"http:\/\/biblioteca.usac.edu.gt\/folleto\/USAC\/digi\/USAC_793,31_G216.pdf\">Atlas Danzario de Guatemala<\/a>, del fallecido antrop\u00f3logo Carlos Ren\u00e9 Garc\u00eda Escobar, exist\u00edan a inicios del milenio unas 43 representaciones de la Danza de Moros y Cristianos en el pa\u00eds: 10 en el departamento de Guatemala, incluyendo la de Mixco; 9 en Sacatep\u00e9quez, 7 en Escuintla; 3 en Baja Verapaz, 2 en Suchitep\u00e9quez; 2 en Chimaltenango, Pet\u00e9n y San Marcos, respectivamente, y una en Solol\u00e1, Totonicap\u00e1n, Retalhuleu, Chiquimula, Alta Verapaz y Huehuetenango.<\/span><\/p><p><span style=\"color: var( --e-global-color-text ); background-color: var(--ak-bg-color);\">El fot\u00f3grafo y devoto Isaac Tercero registr\u00f3 la m\u00e1s reciente representaci\u00f3n de la Danza de Moros y Cristianos en Mixco, Guatemala: todo un documento hist\u00f3rico que vale la pena apreciar, no solo en sus movimientos sino en los di\u00e1logos de personajes.<\/span><span style=\"background-color: var(--ak-bg-color); color: var( --e-global-color-text );\">\u00a0<\/span><\/p>\t\t\t\t\t\t\t\t<\/div>\n\t\t\t\t\t<\/div>\n\t\t<\/div>\n\t\t\t\t\t<\/div>\n\t\t<\/section>\n\t\t\t\t<section data-particle_enable=\"false\" data-particle-mobile-disabled=\"false\" class=\"elementor-section elementor-top-section elementor-element elementor-element-24d05c07 elementor-section-boxed elementor-section-height-default elementor-section-height-default\" data-id=\"24d05c07\" data-element_type=\"section\" data-e-type=\"section\">\n\t\t\t\t\t\t<div class=\"elementor-container elementor-column-gap-default\">\n\t\t\t\t\t<div class=\"elementor-column elementor-col-100 elementor-top-column elementor-element elementor-element-4267a993\" data-id=\"4267a993\" data-element_type=\"column\" data-e-type=\"column\">\n\t\t\t<div class=\"elementor-widget-wrap elementor-element-populated\">\n\t\t\t\t\t\t<div class=\"elementor-element elementor-element-226b79f5 elementor-widget elementor-widget-video\" data-id=\"226b79f5\" data-element_type=\"widget\" data-e-type=\"widget\" data-settings=\"{&quot;youtube_url&quot;:&quot;https:\\\/\\\/www.youtube.com\\\/watch?v=vKgUSAooOGQ&amp;t=85s&quot;,&quot;start&quot;:90,&quot;video_type&quot;:&quot;youtube&quot;,&quot;controls&quot;:&quot;yes&quot;}\" data-widget_type=\"video.default\">\n\t\t\t\t\t\t\t<div class=\"elementor-wrapper elementor-open-inline\">\n\t\t\t<div class=\"elementor-video\"><\/div>\t\t<\/div>\n\t\t\t\t\t\t<\/div>\n\t\t\t\t\t<\/div>\n\t\t<\/div>\n\t\t\t\t\t<\/div>\n\t\t<\/section>\n\t\t<div data-particle_enable=\"false\" data-particle-mobile-disabled=\"false\" class=\"elementor-element elementor-element-290611e e-flex e-con-boxed e-con e-parent\" data-id=\"290611e\" data-element_type=\"container\" data-e-type=\"container\">\n\t\t\t\t\t<div class=\"e-con-inner\">\n\t\t\t\t<div class=\"elementor-element elementor-element-d260eea elementor-widget elementor-widget-heading\" data-id=\"d260eea\" data-element_type=\"widget\" data-e-type=\"widget\" data-widget_type=\"heading.default\">\n\t\t\t\t\t<h2 class=\"elementor-heading-title elementor-size-default\">M\u00e1s tradiciones de Guatemala<\/h2>\t\t\t\t<\/div>\n\t\t\t\t\t<\/div>\n\t\t\t\t<\/div>\n\t\t<div data-particle_enable=\"false\" data-particle-mobile-disabled=\"false\" class=\"elementor-element elementor-element-e5b57f7 e-flex e-con-boxed e-con e-parent\" data-id=\"e5b57f7\" data-element_type=\"container\" data-e-type=\"container\">\n\t\t\t\t\t<div class=\"e-con-inner\">\n\t\t\t\t<div class=\"elementor-element elementor-element-19819ee elementor-grid-eael-col-3 elementor-grid-tablet-eael-col-2 elementor-grid-mobile-eael-col-1 elementor-widget elementor-widget-eael-post-grid\" data-id=\"19819ee\" data-element_type=\"widget\" data-e-type=\"widget\" data-settings=\"{&quot;eael_post_grid_columns&quot;:&quot;eael-col-3&quot;,&quot;eael_post_grid_columns_tablet&quot;:&quot;eael-col-2&quot;,&quot;eael_post_grid_columns_mobile&quot;:&quot;eael-col-1&quot;}\" data-widget_type=\"eael-post-grid.default\">\n\t\t\t\t\t<div id=\"eael-post-grid-19819ee\" class=\"eael-post-grid-container\">\n            <div class=\"eael-post-grid eael-post-appender eael-post-appender-19819ee eael-post-grid-style-one\" data-layout-mode=\"masonry\"><article class=\"eael-grid-post  eael-post-grid-column eael-pg-post-2390 category-guate-nuestra tags-danzas-de-guatemala\" data-id=\"2390\">\n        <div class=\"eael-grid-post-holder\">\n            <div class=\"eael-grid-post-holder-inner\"><div class=\"eael-entry-media\"><div class=\"eael-entry-overlay fade-in\"><i class=\"far fa-hand-pointer\" aria-hidden=\"true\"><\/i><a href=\"https:\/\/soymigrante.com\/revista\/guatemala-danza-el-baile-de-la-paach-de-san-marcos-es-patrimonio-de-la-humanidad\/\"><\/a><\/div><div class=\"eael-entry-thumbnail \">\n                <img loading=\"lazy\" decoding=\"async\" width=\"1000\" height=\"636\" src=\"https:\/\/soymigrante.com\/revista\/wp-content\/uploads\/2023\/09\/03672-HUG.webp\" class=\"attachment-large size-large wp-image-2424\" alt=\"La percusi\u00f3n del tambor abre paso al recorrido de los ancianos, padrinos y comunidad, en camino a la Casa de la Paazh (Fotograf\u00eda Archivo FLAAR-Unesco)\" srcset=\"https:\/\/soymigrante.com\/revista\/wp-content\/uploads\/2023\/09\/03672-HUG.webp 1000w, https:\/\/soymigrante.com\/revista\/wp-content\/uploads\/2023\/09\/03672-HUG-300x191.webp 300w, https:\/\/soymigrante.com\/revista\/wp-content\/uploads\/2023\/09\/03672-HUG-768x488.webp 768w, https:\/\/soymigrante.com\/revista\/wp-content\/uploads\/2023\/09\/03672-HUG-750x477.webp 750w\" sizes=\"(max-width: 1000px) 100vw, 1000px\" \/>\n            <\/div>\n        <\/div><div class=\"eael-entry-wrapper\"><header class=\"eael-entry-header\"><h2 class=\"eael-entry-title\"><a class=\"eael-grid-post-link\" href=\"https:\/\/soymigrante.com\/revista\/guatemala-danza-el-baile-de-la-paach-de-san-marcos-es-patrimonio-de-la-humanidad\/\" title=\"Danzas de Guatemala: El baile de La Paach, de San Marcos es Patrimonio de la Humanidad\">Danzas de Guatemala: El baile de La Paach, de San Marcos es Patrimonio de la Humanidad<\/a><\/h2><\/header><div class=\"eael-entry-content\">\n                        <div class=\"eael-grid-post-excerpt\"><a href=\"https:\/\/soymigrante.com\/revista\/guatemala-danza-el-baile-de-la-paach-de-san-marcos-es-patrimonio-de-la-humanidad\/\" class=\"eael-post-elements-readmore-btn\">CONOCE SU HISTORIA <\/a><\/div>\n                    <\/div><\/div><\/div>\n        <\/div>\n    <\/article><article class=\"eael-grid-post  eael-post-grid-column eael-pg-post-2456 category-guate-nuestra tags-danzas-de-guatemala\" data-id=\"2456\">\n        <div class=\"eael-grid-post-holder\">\n            <div class=\"eael-grid-post-holder-inner\"><div class=\"eael-entry-media\"><div class=\"eael-entry-overlay fade-in\"><i class=\"far fa-hand-pointer\" aria-hidden=\"true\"><\/i><a href=\"https:\/\/soymigrante.com\/revista\/guatemala-danza-el-palo-volador-en-joyabaj-cubulco-o-chichicastenango-siempre-es-memorable\/\"><\/a><\/div><div class=\"eael-entry-thumbnail \">\n                <img loading=\"lazy\" decoding=\"async\" width=\"1024\" height=\"604\" src=\"https:\/\/soymigrante.com\/revista\/wp-content\/uploads\/2023\/09\/Captura-de-pantalla-2023-09-04-073800-e1693837574983-1024x604.webp\" class=\"attachment-large size-large wp-image-2458\" alt=\"Los monos Hun Batz y Hun Chouen en lo alto del palo antes de descender. Captura de pantalla de video de TV Asunci\u00f3n Joyabaj.\" srcset=\"https:\/\/soymigrante.com\/revista\/wp-content\/uploads\/2023\/09\/Captura-de-pantalla-2023-09-04-073800-e1693837574983-1024x604.webp 1024w, https:\/\/soymigrante.com\/revista\/wp-content\/uploads\/2023\/09\/Captura-de-pantalla-2023-09-04-073800-e1693837574983-300x177.webp 300w, https:\/\/soymigrante.com\/revista\/wp-content\/uploads\/2023\/09\/Captura-de-pantalla-2023-09-04-073800-e1693837574983-768x453.webp 768w, https:\/\/soymigrante.com\/revista\/wp-content\/uploads\/2023\/09\/Captura-de-pantalla-2023-09-04-073800-e1693837574983-750x442.webp 750w, https:\/\/soymigrante.com\/revista\/wp-content\/uploads\/2023\/09\/Captura-de-pantalla-2023-09-04-073800-e1693837574983-1140x673.webp 1140w, https:\/\/soymigrante.com\/revista\/wp-content\/uploads\/2023\/09\/Captura-de-pantalla-2023-09-04-073800-e1693837574983.webp 1256w\" sizes=\"(max-width: 1024px) 100vw, 1024px\" \/>\n            <\/div>\n        <\/div><div class=\"eael-entry-wrapper\"><header class=\"eael-entry-header\"><h2 class=\"eael-entry-title\"><a class=\"eael-grid-post-link\" href=\"https:\/\/soymigrante.com\/revista\/guatemala-danza-el-palo-volador-en-joyabaj-cubulco-o-chichicastenango-siempre-es-memorable\/\" title=\"Danzas de Guatemala: El Palo Volador en Joyabaj, Cubulco o Chichicastenango es inolvidable\">Danzas de Guatemala: El Palo Volador en Joyabaj, Cubulco o Chichicastenango es inolvidable<\/a><\/h2><\/header><div class=\"eael-entry-content\">\n                        <div class=\"eael-grid-post-excerpt\"><a href=\"https:\/\/soymigrante.com\/revista\/guatemala-danza-el-palo-volador-en-joyabaj-cubulco-o-chichicastenango-siempre-es-memorable\/\" class=\"eael-post-elements-readmore-btn\">CONOCE SU HISTORIA <\/a><\/div>\n                    <\/div><\/div><\/div>\n        <\/div>\n    <\/article><article class=\"eael-grid-post  eael-post-grid-column eael-pg-post-2449 category-guate-nuestra tags-danzas-de-guatemala\" data-id=\"2449\">\n        <div class=\"eael-grid-post-holder\">\n            <div class=\"eael-grid-post-holder-inner\"><div class=\"eael-entry-media\"><div class=\"eael-entry-overlay fade-in\"><i class=\"far fa-hand-pointer\" aria-hidden=\"true\"><\/i><a href=\"https:\/\/soymigrante.com\/revista\/danza-guatemala-el-ancestral-baile-del-venado\/\"><\/a><\/div><div class=\"eael-entry-thumbnail \">\n                <img loading=\"lazy\" decoding=\"async\" width=\"1024\" height=\"683\" src=\"https:\/\/soymigrante.com\/revista\/wp-content\/uploads\/2023\/09\/DANZA-DEL-VENADO-CUNEN-QUICHE-1024x683.webp\" class=\"attachment-large size-large wp-image-2450\" alt=\"DANZA DEL VENADO CUNEN QUICHE\" srcset=\"https:\/\/soymigrante.com\/revista\/wp-content\/uploads\/2023\/09\/DANZA-DEL-VENADO-CUNEN-QUICHE-1024x683.webp 1024w, https:\/\/soymigrante.com\/revista\/wp-content\/uploads\/2023\/09\/DANZA-DEL-VENADO-CUNEN-QUICHE-300x200.webp 300w, https:\/\/soymigrante.com\/revista\/wp-content\/uploads\/2023\/09\/DANZA-DEL-VENADO-CUNEN-QUICHE-768x512.webp 768w, https:\/\/soymigrante.com\/revista\/wp-content\/uploads\/2023\/09\/DANZA-DEL-VENADO-CUNEN-QUICHE-1536x1024.webp 1536w, https:\/\/soymigrante.com\/revista\/wp-content\/uploads\/2023\/09\/DANZA-DEL-VENADO-CUNEN-QUICHE-750x500.webp 750w, https:\/\/soymigrante.com\/revista\/wp-content\/uploads\/2023\/09\/DANZA-DEL-VENADO-CUNEN-QUICHE-1140x760.webp 1140w, https:\/\/soymigrante.com\/revista\/wp-content\/uploads\/2023\/09\/DANZA-DEL-VENADO-CUNEN-QUICHE-600x400.webp 600w, https:\/\/soymigrante.com\/revista\/wp-content\/uploads\/2023\/09\/DANZA-DEL-VENADO-CUNEN-QUICHE.webp 1920w\" sizes=\"(max-width: 1024px) 100vw, 1024px\" \/>\n            <\/div>\n        <\/div><div class=\"eael-entry-wrapper\"><header class=\"eael-entry-header\"><h2 class=\"eael-entry-title\"><a class=\"eael-grid-post-link\" href=\"https:\/\/soymigrante.com\/revista\/danza-guatemala-el-ancestral-baile-del-venado\/\" title=\"Danzas de Guatemala: El  Baile del Venado est\u00e1 en la memoria de muchos migrantes.\">Danzas de Guatemala: El  Baile del Venado est\u00e1 en la memoria de muchos migrantes.<\/a><\/h2><\/header><div class=\"eael-entry-content\">\n                        <div class=\"eael-grid-post-excerpt\"><a href=\"https:\/\/soymigrante.com\/revista\/danza-guatemala-el-ancestral-baile-del-venado\/\" class=\"eael-post-elements-readmore-btn\">CONOCE SU HISTORIA <\/a><\/div>\n                    <\/div><\/div><\/div>\n        <\/div>\n    <\/article><\/div>\n            <div class=\"clearfix\"><\/div>\n        <\/div>\t\t\t\t<\/div>\n\t\t\t\t\t<\/div>\n\t\t\t\t<\/div>\n\t\t\t\t<\/div>\n\t\t","protected":false},"excerpt":{"rendered":"<p>Var\u00edan las m\u00e1scaras y las indumentarias seg\u00fan la regi\u00f3n, pero en esencia es la misma historia: un relato que invita a la conversi\u00f3n y a la fe que tiene lugar en la Espa\u00f1a del siglo XV pero tambi\u00e9n en cada festividad patronal. En Santa Ana, Pet\u00e9n, tiene lugar una representaci\u00f3n de este baile hist\u00f3rico que [&hellip;]<\/p>\n","protected":false},"author":7,"featured_media":2507,"comment_status":"open","ping_status":"open","sticky":false,"template":"","format":"standard","meta":{"_acf_changed":false,"_eb_attr":"","footnotes":""},"categories":[58],"tags":[244],"class_list":["post-2505","post","type-post","status-publish","format-standard","has-post-thumbnail","hentry","category-guate-nuestra","tag-danzas-de-guatemala"],"acf":[],"aioseo_notices":[],"aioseo_head":"\n\t\t<!-- All in One SEO Pro 4.9.6.2 - aioseo.com -->\n\t<meta name=\"description\" content=\"Se calcula que El Baile del Venado surgi\u00f3 hace 1,500 a\u00f1os como un ritual de cacer\u00eda; tiene unos 26 danzantes y en cada localidad donde se celebra tiene distintas caracter\u00edsticas. Tradici\u00f3n en al menos 35 comunidades El Baile del Venado es una danza ritual que surgi\u00f3 hace unos 1,500 a\u00f1os, es decir en plena \u00e9poca\" \/>\n\t<meta name=\"robots\" content=\"max-snippet:-1, max-image-preview:large, max-video-preview:-1\" \/>\n\t<meta name=\"author\" content=\"Gustavo Montenegro\"\/>\n\t<link rel=\"canonical\" href=\"https:\/\/soymigrante.com\/revista\/guatemala-danza-una-legendaria-batalla-de-moros-y-cristianos-en-la-cual-hay-a-veces-un-divertido-mico\/\" \/>\n\t<meta name=\"generator\" content=\"All in One SEO Pro (AIOSEO) 4.9.6.2\" \/>\n\n\t\t<link rel=\"preconnect\" href=\"https:\/\/fonts.googleapis.com\" crossorigin>\n<link rel=\"preconnect\" href=\"https:\/\/fonts.gstatic.com\" crossorigin>\n\t\t<meta property=\"og:locale\" content=\"es_ES\" \/>\n\t\t<meta property=\"og:site_name\" content=\"SoyMigrante.com REVISTA \u2013 Nuestra misi\u00f3n es reconocer y dignificar al migrante.\" \/>\n\t\t<meta property=\"og:type\" content=\"article\" \/>\n\t\t<meta property=\"og:title\" content=\"Danza de Moros y Cristianos: una batalla al son de la marimba\" \/>\n\t\t<meta property=\"og:description\" content=\"Esta danza guatemalteca se ambienta en la Espa\u00f1a del siglo XV y conmemora a la Virgen Mar\u00eda. Al son de marimba, los cristianos luchan por la fe.\" \/>\n\t\t<meta property=\"og:url\" content=\"https:\/\/soymigrante.com\/revista\/guatemala-danza-una-legendaria-batalla-de-moros-y-cristianos-en-la-cual-hay-a-veces-un-divertido-mico\/\" \/>\n\t\t<meta property=\"og:image\" content=\"https:\/\/soymigrante.com\/revista\/wp-content\/uploads\/2023\/09\/BAILE-MOROS-Y-CRISTIANOS-SAN-LUCAS-FACEBOOOK.webp\" \/>\n\t\t<meta property=\"og:image:secure_url\" content=\"https:\/\/soymigrante.com\/revista\/wp-content\/uploads\/2023\/09\/BAILE-MOROS-Y-CRISTIANOS-SAN-LUCAS-FACEBOOOK.webp\" \/>\n\t\t<meta property=\"og:image:width\" content=\"1280\" \/>\n\t\t<meta property=\"og:image:height\" content=\"718\" \/>\n\t\t<meta property=\"article:published_time\" content=\"2024-10-10T19:21:55+00:00\" \/>\n\t\t<meta property=\"article:modified_time\" content=\"2025-09-15T22:56:19+00:00\" \/>\n\t\t<meta property=\"article:publisher\" content=\"https:\/\/www.facebook.com\/soymigrantecom\" \/>\n\t\t<meta name=\"twitter:card\" content=\"summary_large_image\" \/>\n\t\t<meta name=\"twitter:site\" content=\"@SoyMigrante_com\" \/>\n\t\t<meta name=\"twitter:title\" content=\"Danza de Moros y Cristianos: una batalla al son de la marimba\" \/>\n\t\t<meta name=\"twitter:description\" content=\"Esta danza guatemalteca se ambienta en la Espa\u00f1a del siglo XV y conmemora a la Virgen Mar\u00eda. Al son de marimba, los cristianos luchan por la fe.\" \/>\n\t\t<meta name=\"twitter:creator\" content=\"@SoyMigrante_com\" \/>\n\t\t<meta name=\"twitter:image\" content=\"https:\/\/soymigrante.com\/revista\/wp-content\/uploads\/2023\/09\/BAILE-MOROS-Y-CRISTIANOS-SAN-LUCAS-FACEBOOOK.webp\" \/>\n\t\t<!-- All in One SEO Pro -->\r\n\t\t<title>Danza de Moros y Cristianos: una batalla al son de la marimba<\/title>\n\n","aioseo_head_json":{"title":"Danza de Moros y Cristianos: una batalla al son de la marimba","description":"Esta danza guatemalteca se ambienta en la Espa\u00f1a del siglo XV y conmemora a la Virgen Mar\u00eda. Al son de marimba, los cristianos luchan por la fe.","canonical_url":"https:\/\/soymigrante.com\/revista\/guatemala-danza-una-legendaria-batalla-de-moros-y-cristianos-en-la-cual-hay-a-veces-un-divertido-mico\/","robots":"max-snippet:-1, max-image-preview:large, max-video-preview:-1","keywords":"","webmasterTools":{"miscellaneous":"&lt;link rel=\"preconnect\" href=\"https:\/\/fonts.googleapis.com\" crossorigin&gt;\n&lt;link rel=\"preconnect\" href=\"https:\/\/fonts.gstatic.com\" crossorigin&gt;"},"schema":null,"og:locale":"es_ES","og:site_name":"SoyMigrante.com REVISTA \u2013 Nuestra misi\u00f3n es reconocer y dignificar al migrante.","og:type":"article","og:title":"Danza de Moros y Cristianos: una batalla al son de la marimba","og:description":"Esta danza guatemalteca se ambienta en la Espa\u00f1a del siglo XV y conmemora a la Virgen Mar\u00eda. Al son de marimba, los cristianos luchan por la fe.","og:url":"https:\/\/soymigrante.com\/revista\/guatemala-danza-una-legendaria-batalla-de-moros-y-cristianos-en-la-cual-hay-a-veces-un-divertido-mico\/","og:image":"https:\/\/soymigrante.com\/revista\/wp-content\/uploads\/2023\/09\/BAILE-MOROS-Y-CRISTIANOS-SAN-LUCAS-FACEBOOOK.webp","og:image:secure_url":"https:\/\/soymigrante.com\/revista\/wp-content\/uploads\/2023\/09\/BAILE-MOROS-Y-CRISTIANOS-SAN-LUCAS-FACEBOOOK.webp","og:image:width":1280,"og:image:height":718,"article:published_time":"2024-10-10T19:21:55+00:00","article:modified_time":"2025-09-15T22:56:19+00:00","article:publisher":"https:\/\/www.facebook.com\/soymigrantecom","twitter:card":"summary_large_image","twitter:site":"@SoyMigrante_com","twitter:title":"Danza de Moros y Cristianos: una batalla al son de la marimba","twitter:description":"Esta danza guatemalteca se ambienta en la Espa\u00f1a del siglo XV y conmemora a la Virgen Mar\u00eda. Al son de marimba, los cristianos luchan por la fe.","twitter:creator":"@SoyMigrante_com","twitter:image":"https:\/\/soymigrante.com\/revista\/wp-content\/uploads\/2023\/09\/BAILE-MOROS-Y-CRISTIANOS-SAN-LUCAS-FACEBOOOK.webp"},"aioseo_meta_data":{"post_id":"2505","title":"Danza de Moros y Cristianos: una batalla al son de la marimba","description":"Esta danza guatemalteca se ambienta en la Espa\u00f1a del siglo XV y conmemora a la Virgen Mar\u00eda. Al son de marimba, los cristianos luchan por la fe.","keywords":null,"keyphrases":{"focus":{"keyphrase":"Guatemala","score":65,"analysis":{"keyphraseInTitle":{"score":3,"maxScore":9,"error":1},"keyphraseInDescription":{"score":3,"maxScore":9,"error":1},"keyphraseLength":{"score":9,"maxScore":9,"error":0,"length":1},"keyphraseInURL":{"score":5,"maxScore":5,"error":0},"keyphraseInIntroduction":{"score":3,"maxScore":9,"error":1},"keyphraseInSubHeadings":{"score":3,"maxScore":9,"error":1},"keyphraseInImageAlt":{"score":9,"maxScore":9,"error":0},"keywordDensity":{"type":"best","score":9,"maxScore":9,"error":0}}},"additional":[]},"primary_term":null,"canonical_url":null,"og_title":null,"og_description":null,"og_object_type":"default","og_image_type":"default","og_image_url":null,"og_image_width":null,"og_image_height":null,"og_image_custom_url":null,"og_image_custom_fields":null,"og_video":"","og_custom_url":null,"og_article_section":null,"og_article_tags":null,"twitter_use_og":false,"twitter_card":"default","twitter_image_type":"default","twitter_image_url":null,"twitter_image_custom_url":null,"twitter_image_custom_fields":null,"twitter_title":null,"twitter_description":null,"schema":{"blockGraphs":[],"customGraphs":[],"default":{"data":{"Article":[],"Course":[],"Dataset":[],"FAQPage":[],"Movie":[],"Person":[],"Product":[],"ProductReview":[],"Car":[],"Recipe":[],"Service":[],"SoftwareApplication":[],"WebPage":[]},"graphName":"Article","isEnabled":true},"graphs":[]},"schema_type":"default","schema_type_options":null,"pillar_content":false,"robots_default":true,"robots_noindex":false,"robots_noarchive":false,"robots_nosnippet":false,"robots_nofollow":false,"robots_noimageindex":false,"robots_noodp":false,"robots_notranslate":false,"robots_max_snippet":"-1","robots_max_videopreview":"-1","robots_max_imagepreview":"large","priority":null,"frequency":"default","local_seo":null,"seo_analyzer_scan_date":"2025-10-08 23:38:21","breadcrumb_settings":null,"limit_modified_date":false,"reviewed_by":null,"open_ai":"{\"title\":{\"suggestions\":[],\"usage\":0},\"description\":{\"suggestions\":[],\"usage\":0}}","ai":null,"created":"2023-09-09 15:06:32","updated":"2026-02-04 14:55:18"},"aioseo_breadcrumb":"<div class=\"aioseo-breadcrumbs\"><span class=\"aioseo-breadcrumb\">\n\t<a href=\"https:\/\/soymigrante.com\/revista\" title=\"Home\">Home<\/a>\n<\/span><span class=\"aioseo-breadcrumb-separator\">\u00bb<\/span><span class=\"aioseo-breadcrumb\">\n\t<a href=\"https:\/\/soymigrante.com\/revista\/category\/guate-nuestra\/\" title=\"Guate Nuestra\">Guate Nuestra<\/a>\n<\/span><span class=\"aioseo-breadcrumb-separator\">\u00bb<\/span><span class=\"aioseo-breadcrumb\">\n\tDanzas de Guatemala: el Baile de Moros y Cristianos, una batalla legendaria\n<\/span><\/div>","aioseo_breadcrumb_json":[{"label":"Home","link":"https:\/\/soymigrante.com\/revista"},{"label":"Guate Nuestra","link":"https:\/\/soymigrante.com\/revista\/category\/guate-nuestra\/"},{"label":"Danzas de Guatemala: el Baile de Moros y Cristianos, una batalla legendaria","link":"https:\/\/soymigrante.com\/revista\/guatemala-danza-una-legendaria-batalla-de-moros-y-cristianos-en-la-cual-hay-a-veces-un-divertido-mico\/"}],"_links":{"self":[{"href":"https:\/\/soymigrante.com\/revista\/wp-json\/wp\/v2\/posts\/2505","targetHints":{"allow":["GET"]}}],"collection":[{"href":"https:\/\/soymigrante.com\/revista\/wp-json\/wp\/v2\/posts"}],"about":[{"href":"https:\/\/soymigrante.com\/revista\/wp-json\/wp\/v2\/types\/post"}],"author":[{"embeddable":true,"href":"https:\/\/soymigrante.com\/revista\/wp-json\/wp\/v2\/users\/7"}],"replies":[{"embeddable":true,"href":"https:\/\/soymigrante.com\/revista\/wp-json\/wp\/v2\/comments?post=2505"}],"version-history":[{"count":4,"href":"https:\/\/soymigrante.com\/revista\/wp-json\/wp\/v2\/posts\/2505\/revisions"}],"predecessor-version":[{"id":44746,"href":"https:\/\/soymigrante.com\/revista\/wp-json\/wp\/v2\/posts\/2505\/revisions\/44746"}],"wp:featuredmedia":[{"embeddable":true,"href":"https:\/\/soymigrante.com\/revista\/wp-json\/wp\/v2\/media\/2507"}],"wp:attachment":[{"href":"https:\/\/soymigrante.com\/revista\/wp-json\/wp\/v2\/media?parent=2505"}],"wp:term":[{"taxonomy":"category","embeddable":true,"href":"https:\/\/soymigrante.com\/revista\/wp-json\/wp\/v2\/categories?post=2505"},{"taxonomy":"post_tag","embeddable":true,"href":"https:\/\/soymigrante.com\/revista\/wp-json\/wp\/v2\/tags?post=2505"}],"curies":[{"name":"wp","href":"https:\/\/api.w.org\/{rel}","templated":true}]}}