{"id":2496,"date":"2023-09-14T23:12:01","date_gmt":"2023-09-14T23:12:01","guid":{"rendered":"https:\/\/soymigrante.com\/revista\/?p=2496"},"modified":"2024-07-30T13:44:21","modified_gmt":"2024-07-30T19:44:21","slug":"amor-a-la-patria-refleja-entonacion-del-himno-nacional-de-guatemala-en-idioma-kiche","status":"publish","type":"post","link":"https:\/\/soymigrante.com\/revista\/amor-a-la-patria-refleja-entonacion-del-himno-nacional-de-guatemala-en-idioma-kiche\/","title":{"rendered":"Amor a la patria refleja entonaci\u00f3n del Himno Nacional de Guatemala en idioma k&#8217;iche&#8217;"},"content":{"rendered":"\t\t<div data-elementor-type=\"wp-post\" data-elementor-id=\"2496\" class=\"elementor elementor-2496\" data-elementor-post-type=\"post\">\n\t\t\t\t\t\t<section data-particle_enable=\"false\" data-particle-mobile-disabled=\"false\" class=\"elementor-section elementor-top-section elementor-element elementor-element-351e3c0 elementor-section-boxed elementor-section-height-default elementor-section-height-default\" data-id=\"351e3c0\" data-element_type=\"section\" data-e-type=\"section\">\n\t\t\t\t\t\t<div class=\"elementor-container elementor-column-gap-default\">\n\t\t\t\t\t<div class=\"elementor-column elementor-col-100 elementor-top-column elementor-element elementor-element-a9be73e\" data-id=\"a9be73e\" data-element_type=\"column\" data-e-type=\"column\">\n\t\t\t<div class=\"elementor-widget-wrap elementor-element-populated\">\n\t\t\t\t\t\t<div class=\"elementor-element elementor-element-002f3e4 elementor-widget elementor-widget-heading\" data-id=\"002f3e4\" data-element_type=\"widget\" data-e-type=\"widget\" data-widget_type=\"heading.default\">\n\t\t\t\t\t<h1 class=\"elementor-heading-title elementor-size-default\">David Tzic es un ni\u00f1o de 8 a\u00f1os de edad originario de Chiyax Totonicap\u00e1n, Guatemala, cuya familia le ha inculcado el amor a la patria y por ello interpreta el himno nacional en idioma k'iche' predominante en el \u00e1rea de Totonicap\u00e1n.\n\n<\/h1>\t\t\t\t<\/div>\n\t\t\t\t\t<\/div>\n\t\t<\/div>\n\t\t\t\t\t<\/div>\n\t\t<\/section>\n\t\t\t\t<section data-particle_enable=\"false\" data-particle-mobile-disabled=\"false\" class=\"elementor-section elementor-top-section elementor-element elementor-element-5d488cd elementor-section-boxed elementor-section-height-default elementor-section-height-default\" data-id=\"5d488cd\" data-element_type=\"section\" data-e-type=\"section\">\n\t\t\t\t\t\t<div class=\"elementor-container elementor-column-gap-default\">\n\t\t\t\t\t<div class=\"elementor-column elementor-col-100 elementor-top-column elementor-element elementor-element-da89680\" data-id=\"da89680\" data-element_type=\"column\" data-e-type=\"column\">\n\t\t\t<div class=\"elementor-widget-wrap elementor-element-populated\">\n\t\t\t\t\t\t<div class=\"elementor-element elementor-element-345d1d3 elementor-widget elementor-widget-video\" data-id=\"345d1d3\" data-element_type=\"widget\" data-e-type=\"widget\" data-settings=\"{&quot;youtube_url&quot;:&quot;https:\\\/\\\/www.youtube.com\\\/watch?v=q3aNohf-bd4&amp;t=27s&quot;,&quot;start&quot;:&quot;28&quot;,&quot;autoplay&quot;:&quot;yes&quot;,&quot;video_type&quot;:&quot;youtube&quot;,&quot;controls&quot;:&quot;yes&quot;}\" data-widget_type=\"video.default\">\n\t\t\t\t\t\t\t<div class=\"elementor-wrapper elementor-open-inline\">\n\t\t\t<div class=\"elementor-video\"><\/div>\t\t<\/div>\n\t\t\t\t\t\t<\/div>\n\t\t\t\t\t<\/div>\n\t\t<\/div>\n\t\t\t\t\t<\/div>\n\t\t<\/section>\n\t\t\t\t<section data-particle_enable=\"false\" data-particle-mobile-disabled=\"false\" class=\"elementor-section elementor-top-section elementor-element elementor-element-540883f elementor-section-boxed elementor-section-height-default elementor-section-height-default\" data-id=\"540883f\" data-element_type=\"section\" data-e-type=\"section\">\n\t\t\t\t\t\t<div class=\"elementor-container elementor-column-gap-default\">\n\t\t\t\t\t<div class=\"elementor-column elementor-col-100 elementor-top-column elementor-element elementor-element-37c9f62\" data-id=\"37c9f62\" data-element_type=\"column\" data-e-type=\"column\">\n\t\t\t<div class=\"elementor-widget-wrap elementor-element-populated\">\n\t\t\t\t\t\t<div class=\"elementor-element elementor-element-6c64691 elementor-widget elementor-widget-heading\" data-id=\"6c64691\" data-element_type=\"widget\" data-e-type=\"widget\" data-widget_type=\"heading.default\">\n\t\t\t\t\t<h2 class=\"elementor-heading-title elementor-size-default\">El idioma materno un legado<\/h2>\t\t\t\t<\/div>\n\t\t\t\t<div class=\"elementor-element elementor-element-93b4826 elementor-widget elementor-widget-text-editor\" data-id=\"93b4826\" data-element_type=\"widget\" data-e-type=\"widget\" data-widget_type=\"text-editor.default\">\n\t\t\t\t\t\t\t\t\t<p>\u00a0<span style=\"font-weight: 400\">La familia Tzic Chuc es originaria del cant\u00f3n Chiyax, Totonicap\u00e1n, Guatemala, se caracterizan por sentirse orgullosos de sus ra\u00edces y de su comunidad, tal como lo demuestran con su hijo David; desde muy peque\u00f1o aprendi\u00f3 el idioma materno k\u2019iche. Tras vivir con sus abuelos paternos tambi\u00e9n adquiri\u00f3 conocimientos sobre su origen y tradiciones guatemaltecas.<\/span><\/p><p><span style=\"font-weight: 400\">David es un ni\u00f1o de 8 a\u00f1os de edad, aprendi\u00f3 a escribir, cantar y hablar el idioma materno K\u2019iche, aprovecha cada evento escolar para demostrar su talento y motivar a otros ni\u00f1os a valorar el idioma y su origen. Participa y recibe invitaciones de otros establecimientos para cantar el himno nacional y demostrar el amor hacia la patria.<\/span><\/p><p><span style=\"font-weight: 400\">Los conocimientos fueron inculcados a trav\u00e9s de sus padres, desde que su hijo era peque\u00f1o le\u00edan cuentos y le ense\u00f1aban el idioma k\u2019iche \u201cVenimos de una familia humilde, nuestros abuelos, nuestros pap\u00e1s y nosotros como padres manejamos el idioma K\u2019iche, por eso le inculcamos esto, para no perder la esencia de nuestra cultura e idioma, prueba de ello nuestro hijo aprendi\u00f3 las doce estrofas del himno nacional en idioma k\u2019iche\u201d dice Juan Tzic padre de David.<\/span><\/p><p><span style=\"font-weight: 400\">En \u00e9poca de pandemia David ingres\u00f3 a estudiar al nivel pre primario, clases que recibi\u00f3 de manera virtual; fue seleccionado para presentar un altar c\u00edvico en el marco de la independencia \u201cEl represent\u00f3 a su clase, nos dimos cuenta del talento y de la motivaci\u00f3n que nuestro hijo ten\u00eda\u201d, los padres de David no dudaron en apoyarlo.<\/span><\/p><p><span style=\"font-weight: 400\">Ante el talento, la expresi\u00f3n y carisma de David; Juan y Eva deciden apoyar a su hijo ense\u00f1\u00e1ndole las estrofas del himno nacional en idioma k\u2019iche, han pasado ya tres a\u00f1os y ahora David participa en las actividades de su establecimiento\u00a0 y otros eventos entonando el himno nacional, un acto esperado por alumnos, maestros e invitados.<\/span><\/p><p><span style=\"font-weight: 400\">\u201cAl ver a mi hijo desenvolverse de esa manera es un privilegio y una bendici\u00f3n, de esa manera fomentamos nuestra cultura y trasciende de generaci\u00f3n en generaci\u00f3n\u201d dice Eva madre de David.<\/span><\/p><p><span style=\"font-weight: 400\">Recuperar el idioma materno en el territorio guatemalteco es escaso sin embargo existen varios sectores que fomentan el idioma natal, como es el caso de David qui\u00e9n habla el idioma y lo comparte con la comunidad estudiantil \u201cRecordarles a todas las madres que no nos avergoncemos de nuestra vestimenta o dialecto, al contrario, debemos sentirnos orgullosos de ser guatemaltecos\u201d agrega Eva madre de David.<\/span><\/p><p><span style=\"font-weight: 400\">En un acto de reflexi\u00f3n argumenta que el uso de las herramientas tecnol\u00f3gicas como el internet puede ser \u00fatil siempre y cuando se aprovechen para adquirir conocimientos, Eva utiliza art\u00edculos y libros escritos en el idioma k\u2019iche \u201c\u00c9l aprende la pronunciaci\u00f3n, la escritura, las glotales entre otras cosas\u201d.<\/span><\/p><p><span style=\"font-weight: 400\">David Tzic es un ni\u00f1o carism\u00e1tico y creativo, al subir al escenario disfruta cantar y poner en alto a su establecimiento, \u201cMe siento feliz al pasar al escenario\u201d dice David con mucha emoci\u00f3n.<\/span><\/p>\t\t\t\t\t\t\t\t<\/div>\n\t\t\t\t\t<\/div>\n\t\t<\/div>\n\t\t\t\t\t<\/div>\n\t\t<\/section>\n\t\t\t\t<section data-particle_enable=\"false\" data-particle-mobile-disabled=\"false\" class=\"elementor-section elementor-top-section elementor-element elementor-element-b800075 elementor-section-boxed elementor-section-height-default elementor-section-height-default\" data-id=\"b800075\" data-element_type=\"section\" data-e-type=\"section\">\n\t\t\t\t\t\t<div class=\"elementor-container elementor-column-gap-default\">\n\t\t\t\t\t<div class=\"elementor-column elementor-col-100 elementor-top-column elementor-element elementor-element-b9ff825\" data-id=\"b9ff825\" data-element_type=\"column\" data-e-type=\"column\">\n\t\t\t<div class=\"elementor-widget-wrap elementor-element-populated\">\n\t\t\t\t\t\t<div class=\"elementor-element elementor-element-b6488eb elementor-widget elementor-widget-image\" data-id=\"b6488eb\" data-element_type=\"widget\" data-e-type=\"widget\" data-widget_type=\"image.default\">\n\t\t\t\t\t\t\t\t\t\t\t\t<figure class=\"wp-caption\">\n\t\t\t\t\t\t\t\t\t\t<img fetchpriority=\"high\" decoding=\"async\" width=\"768\" height=\"512\" src=\"https:\/\/soymigrante.com\/revista\/wp-content\/uploads\/2023\/09\/David-tiene-ocho-anos-de-edad-estudia-segundo-grado-de-primaria-en-la-escuela-oficial-rural-mixta-Xenajtajuyup-Canton-Chiyax-Totonicapan-768x512.webp\" class=\"attachment-medium_large size-medium_large wp-image-2497\" alt=\"David tiene ocho a\u00f1os de edad estudia segundo grado de primaria en la escuela oficial rural mixta Xenajtajuyup, Cant\u00f3n Chiyax, Totonicap\u00e1n\" srcset=\"https:\/\/soymigrante.com\/revista\/wp-content\/uploads\/2023\/09\/David-tiene-ocho-anos-de-edad-estudia-segundo-grado-de-primaria-en-la-escuela-oficial-rural-mixta-Xenajtajuyup-Canton-Chiyax-Totonicapan-768x512.webp 768w, https:\/\/soymigrante.com\/revista\/wp-content\/uploads\/2023\/09\/David-tiene-ocho-anos-de-edad-estudia-segundo-grado-de-primaria-en-la-escuela-oficial-rural-mixta-Xenajtajuyup-Canton-Chiyax-Totonicapan-300x200.webp 300w, https:\/\/soymigrante.com\/revista\/wp-content\/uploads\/2023\/09\/David-tiene-ocho-anos-de-edad-estudia-segundo-grado-de-primaria-en-la-escuela-oficial-rural-mixta-Xenajtajuyup-Canton-Chiyax-Totonicapan-1024x683.webp 1024w, https:\/\/soymigrante.com\/revista\/wp-content\/uploads\/2023\/09\/David-tiene-ocho-anos-de-edad-estudia-segundo-grado-de-primaria-en-la-escuela-oficial-rural-mixta-Xenajtajuyup-Canton-Chiyax-Totonicapan-1536x1024.webp 1536w, https:\/\/soymigrante.com\/revista\/wp-content\/uploads\/2023\/09\/David-tiene-ocho-anos-de-edad-estudia-segundo-grado-de-primaria-en-la-escuela-oficial-rural-mixta-Xenajtajuyup-Canton-Chiyax-Totonicapan-scaled.webp 1920w, https:\/\/soymigrante.com\/revista\/wp-content\/uploads\/2023\/09\/David-tiene-ocho-anos-de-edad-estudia-segundo-grado-de-primaria-en-la-escuela-oficial-rural-mixta-Xenajtajuyup-Canton-Chiyax-Totonicapan-750x500.webp 750w, https:\/\/soymigrante.com\/revista\/wp-content\/uploads\/2023\/09\/David-tiene-ocho-anos-de-edad-estudia-segundo-grado-de-primaria-en-la-escuela-oficial-rural-mixta-Xenajtajuyup-Canton-Chiyax-Totonicapan-1140x760.webp 1140w, https:\/\/soymigrante.com\/revista\/wp-content\/uploads\/2023\/09\/David-tiene-ocho-anos-de-edad-estudia-segundo-grado-de-primaria-en-la-escuela-oficial-rural-mixta-Xenajtajuyup-Canton-Chiyax-Totonicapan-600x400.webp 600w\" sizes=\"(max-width: 768px) 100vw, 768px\" title=\"David tiene ocho a\u00f1os de edad estudia segundo grado de primaria en la escuela oficial rural mixta Xenajtajuyup, Cant\u00f3n Chiyax, Totonicap\u00e1n \u2013 SoyMigrante.com REVISTA\" \/>\t\t\t\t\t\t\t\t\t\t\t<figcaption class=\"widget-image-caption wp-caption-text\">David tiene ocho a\u00f1os de edad estudia segundo grado de primaria en la escuela oficial rural mixta Xenajtajuyup, Cant\u00f3n Chiyax, Totonicap\u00e1n, Guatemala<\/figcaption>\n\t\t\t\t\t\t\t\t\t\t<\/figure>\n\t\t\t\t\t\t\t\t\t<\/div>\n\t\t\t\t\t<\/div>\n\t\t<\/div>\n\t\t\t\t\t<\/div>\n\t\t<\/section>\n\t\t\t\t<section data-particle_enable=\"false\" data-particle-mobile-disabled=\"false\" class=\"elementor-section elementor-top-section elementor-element elementor-element-ba570ad elementor-section-boxed elementor-section-height-default elementor-section-height-default\" data-id=\"ba570ad\" data-element_type=\"section\" data-e-type=\"section\">\n\t\t\t\t\t\t<div class=\"elementor-container elementor-column-gap-default\">\n\t\t\t\t\t<div class=\"elementor-column elementor-col-100 elementor-top-column elementor-element elementor-element-5e6b7a4\" data-id=\"5e6b7a4\" data-element_type=\"column\" data-e-type=\"column\">\n\t\t\t<div class=\"elementor-widget-wrap elementor-element-populated\">\n\t\t\t\t\t\t<div class=\"elementor-element elementor-element-bca8913 elementor-widget elementor-widget-heading\" data-id=\"bca8913\" data-element_type=\"widget\" data-e-type=\"widget\" data-widget_type=\"heading.default\">\n\t\t\t\t\t<h2 class=\"elementor-heading-title elementor-size-default\">Mes patrio\u00a0<\/h2>\t\t\t\t<\/div>\n\t\t\t\t<div class=\"elementor-element elementor-element-385fef7 elementor-widget elementor-widget-text-editor\" data-id=\"385fef7\" data-element_type=\"widget\" data-e-type=\"widget\" data-widget_type=\"text-editor.default\">\n\t\t\t\t\t\t\t\t\t<p><span style=\"font-weight: 400\">Durante septiembre en los diferentes establecimientos del territorio guatemalteco se celebra el mes patrio con actos c\u00edvicos, donde se conmemora los s\u00edmbolos patrios e independencia del pa\u00eds. En un acto protocolario se canta el himno nacional de Guatemala, se diserta la jura de la bandera y se desarrollan actividades en el marco de la independencia de Guatemala.<\/span><\/p><p><span style=\"font-weight: 400\">En 1,821 Guatemala celebr\u00f3 su independencia del Reino de Espa\u00f1a y cada 15 de septiembre se realizan actividades para festejar el avance de la libertad y la firma del acta de independencia. Un logro que reflej\u00f3 oportunidades de participaci\u00f3n y espacios de discusi\u00f3n para la soluci\u00f3n de problemas sociales.<\/span><\/p><p><span style=\"font-weight: 400\">Con el pasar del tiempo los movimientos y la ciudadan\u00eda han perdido el valor y la esencia de conmemorar dicha fecha. Los centros educativos del territorio guatemalteco se encargan de promover actividades c\u00edvicas que recuerdan fechas y momentos importantes del pa\u00eds.\u00a0<\/span><\/p><p><span style=\"font-weight: 400\">Guatemala es un territorio multi\u00e9tnico y la ense\u00f1anza se ha limitado a explorar la identidad cultural incluyendo el idioma, ante las nuevas formas muchos ni\u00f1os y ni\u00f1as adquieren modalidades y versiones extranjeras, dejando de un lado su identidad, cultura e idioma materno.\u00a0 A pesar de ello existen familias que inculcan valores y tradiciones para no perder ni olvidar sus ra\u00edces e identidad.<\/span><\/p>\t\t\t\t\t\t\t\t<\/div>\n\t\t\t\t\t<\/div>\n\t\t<\/div>\n\t\t\t\t\t<\/div>\n\t\t<\/section>\n\t\t\t\t<section data-particle_enable=\"false\" data-particle-mobile-disabled=\"false\" class=\"elementor-section elementor-top-section elementor-element elementor-element-9964fed elementor-section-boxed elementor-section-height-default elementor-section-height-default\" data-id=\"9964fed\" data-element_type=\"section\" data-e-type=\"section\">\n\t\t\t\t\t\t<div class=\"elementor-container elementor-column-gap-default\">\n\t\t\t\t\t<div class=\"elementor-column elementor-col-100 elementor-top-column elementor-element elementor-element-89c4438\" data-id=\"89c4438\" data-element_type=\"column\" data-e-type=\"column\">\n\t\t\t<div class=\"elementor-widget-wrap elementor-element-populated\">\n\t\t\t\t\t\t<div class=\"elementor-element elementor-element-2b187ce elementor-widget elementor-widget-heading\" data-id=\"2b187ce\" data-element_type=\"widget\" data-e-type=\"widget\" data-widget_type=\"heading.default\">\n\t\t\t\t\t<h2 class=\"elementor-heading-title elementor-size-default\">Para nuestros migrantes guatemaltecos\u00a0<\/h2>\t\t\t\t<\/div>\n\t\t\t\t<div class=\"elementor-element elementor-element-64873ae elementor-widget elementor-widget-text-editor\" data-id=\"64873ae\" data-element_type=\"widget\" data-e-type=\"widget\" data-widget_type=\"text-editor.default\">\n\t\t\t\t\t\t\t\t\t<p><span style=\"font-weight: 400\">Cuando las personas parten a otro pa\u00eds adquieren nuevas formas de vida, alterando su entorno y sus ra\u00edces sin embargo Juan y Eva motivan a los padres de familia que se encuentran fuera del territorio nacional inculcar principios y valores para recordar el origen, la historia y la identidad.<\/span><\/p><p><span style=\"font-weight: 400\">\u201cEl mensaje para nuestros migrantes es recordarles que no olviden sus ra\u00edces, principios y valores ya que eso son aspectos que nos identifican como guatemaltecos\u201d\u00a0<\/span><\/p><p><span style=\"font-weight: 400\">En estas fechas septembrinas la familia Tzic Chuc busca impulsar la verdadera libertad a trav\u00e9s del legado familiar como el idioma y reconocer que la indumentaria y el respeto son la verdadera independencia de las culturas impuestas por a\u00f1os.<\/span><\/p>\t\t\t\t\t\t\t\t<\/div>\n\t\t\t\t\t<\/div>\n\t\t<\/div>\n\t\t\t\t\t<\/div>\n\t\t<\/section>\n\t\t\t\t<section data-particle_enable=\"false\" data-particle-mobile-disabled=\"false\" class=\"elementor-section elementor-top-section elementor-element elementor-element-9e009a5 elementor-section-boxed elementor-section-height-default elementor-section-height-default\" data-id=\"9e009a5\" data-element_type=\"section\" data-e-type=\"section\">\n\t\t\t\t\t\t<div class=\"elementor-container elementor-column-gap-default\">\n\t\t\t\t\t<div class=\"elementor-column elementor-col-100 elementor-top-column elementor-element elementor-element-3e24ca4\" data-id=\"3e24ca4\" data-element_type=\"column\" data-e-type=\"column\">\n\t\t\t<div class=\"elementor-widget-wrap elementor-element-populated\">\n\t\t\t\t\t\t<div class=\"elementor-element elementor-element-552f94d elementor-arrows-position-inside elementor-pagination-position-outside elementor-widget elementor-widget-image-carousel\" data-id=\"552f94d\" data-element_type=\"widget\" data-e-type=\"widget\" data-settings=\"{&quot;slides_to_show&quot;:&quot;1&quot;,&quot;navigation&quot;:&quot;both&quot;,&quot;autoplay&quot;:&quot;yes&quot;,&quot;pause_on_hover&quot;:&quot;yes&quot;,&quot;pause_on_interaction&quot;:&quot;yes&quot;,&quot;autoplay_speed&quot;:5000,&quot;infinite&quot;:&quot;yes&quot;,&quot;effect&quot;:&quot;slide&quot;,&quot;speed&quot;:500}\" data-widget_type=\"image-carousel.default\">\n\t\t\t\t\t\t\t<div class=\"elementor-image-carousel-wrapper swiper\" role=\"region\" aria-roledescription=\"carousel\" aria-label=\"Carrusel de im\u00e1genes\" dir=\"ltr\">\n\t\t\t<div class=\"elementor-image-carousel swiper-wrapper\" aria-live=\"off\">\n\t\t\t\t\t\t\t\t<div class=\"swiper-slide\" role=\"group\" aria-roledescription=\"slide\" aria-label=\"1 de 3\"><figure class=\"swiper-slide-inner\"><img decoding=\"async\" class=\"swiper-slide-image\" src=\"https:\/\/soymigrante.com\/revista\/wp-content\/uploads\/2023\/09\/Aprendio-a-escribir-cantar-y-hablar-el-idioma-materno-Kiche-aprovecha-cada-evento-escolar-para-demostrar-su-talento-y-motivar-a-otros-ninos-a-valorar-el-idioma-y-su-origen-1-768x345.webp\" alt=\"Aprendi\u00f3 a escribir, cantar y hablar el idioma materno K\u2019iche, aprovecha cada evento escolar para demostrar su talento y motivar a otros ni\u00f1os a valorar el idioma y su origen\" \/><figcaption class=\"elementor-image-carousel-caption\">Juan y Eva son padres de David, Aprendi\u00f3 a escribir, cantar y hablar el idioma materno K\u2019iche durante la pandemia, aprovecha cada evento escolar para demostrar su talento y motivar a otros ni\u00f1os a valorar el idioma y su origen <\/figcaption><\/figure><\/div><div class=\"swiper-slide\" role=\"group\" aria-roledescription=\"slide\" aria-label=\"2 de 3\"><figure class=\"swiper-slide-inner\"><img decoding=\"async\" class=\"swiper-slide-image\" src=\"https:\/\/soymigrante.com\/revista\/wp-content\/uploads\/2023\/09\/David-768x432.webp\" alt=\"David participa en diferentes actividades c\u00edvicas de su establecimiento y recibe invitaciones de otras escuelas para canta el himno nacional de Guatemala en idioma K\u00b4iche, de tal forma promueve recuperar el id\" \/><figcaption class=\"elementor-image-carousel-caption\">David participa en diferentes actividades c\u00edvicas de su establecimiento y recibe invitaciones de otras escuelas para canta el himno nacional de Guatemala en idioma K\u00b4iche, de tal forma promueve recuperar el id<\/figcaption><\/figure><\/div><div class=\"swiper-slide\" role=\"group\" aria-roledescription=\"slide\" aria-label=\"3 de 3\"><figure class=\"swiper-slide-inner\"><img decoding=\"async\" class=\"swiper-slide-image\" src=\"https:\/\/soymigrante.com\/revista\/wp-content\/uploads\/2023\/09\/David-participo-en-el-acto-de-condecoracion-de-la-escuela-oficial-urbana-para-varones-tipo-federacion-_Atanasio-Tzul_--768x512.webp\" alt=\"David particip\u00f3 en el acto de condecoraci\u00f3n de la escuela oficial urbana para varones tipo federaci\u00f3n _Atanasio Tzul_\" \/><figcaption class=\"elementor-image-carousel-caption\">David particip\u00f3 en el acto de condecoraci\u00f3n de la escuela oficial urbana para varones tipo federaci\u00f3n _Atanasio Tzul<\/figcaption><\/figure><\/div>\t\t\t<\/div>\n\t\t\t\t\t\t\t\t\t\t\t\t<div class=\"elementor-swiper-button elementor-swiper-button-prev\" role=\"button\" tabindex=\"0\">\n\t\t\t\t\t\t<i aria-hidden=\"true\" class=\"eicon-chevron-left\"><\/i>\t\t\t\t\t<\/div>\n\t\t\t\t\t<div class=\"elementor-swiper-button elementor-swiper-button-next\" role=\"button\" tabindex=\"0\">\n\t\t\t\t\t\t<i aria-hidden=\"true\" class=\"eicon-chevron-right\"><\/i>\t\t\t\t\t<\/div>\n\t\t\t\t\n\t\t\t\t\t\t\t\t\t<div class=\"swiper-pagination\"><\/div>\n\t\t\t\t\t\t\t\t\t<\/div>\n\t\t\t\t\t\t<\/div>\n\t\t\t\t<div class=\"elementor-element elementor-element-2564cca elementor-widget elementor-widget-heading\" data-id=\"2564cca\" data-element_type=\"widget\" data-e-type=\"widget\" data-widget_type=\"heading.default\">\n\t\t\t\t\t<h2 class=\"elementor-heading-title elementor-size-default\">\u00a1Inculcar temor a Dios, amor al pr\u00f3jimo y amor a la patria!\n<\/h2>\t\t\t\t<\/div>\n\t\t\t\t\t<\/div>\n\t\t<\/div>\n\t\t\t\t\t<\/div>\n\t\t<\/section>\n\t\t\t\t<\/div>\n\t\t","protected":false},"excerpt":{"rendered":"<p>David Tzic es un ni\u00f1o de 8 a\u00f1os de edad originario de Chiyax Totonicap\u00e1n, Guatemala, cuya familia le ha inculcado el amor a la patria y por ello interpreta el himno nacional en idioma k&#8217;iche&#8217; predominante en el \u00e1rea de Totonicap\u00e1n. El idioma materno un legado La familia Tzic Chuc es originaria del cant\u00f3n Chiyax, [&hellip;]<\/p>\n","protected":false},"author":10,"featured_media":2599,"comment_status":"open","ping_status":"open","sticky":false,"template":"","format":"standard","meta":{"_acf_changed":false,"_eb_attr":"","footnotes":""},"categories":[58],"tags":[],"class_list":["post-2496","post","type-post","status-publish","format-standard","has-post-thumbnail","hentry","category-guate-nuestra"],"acf":[],"aioseo_notices":[],"aioseo_head":"\n\t\t<!-- All in One SEO Pro 4.9.6.2 - aioseo.com -->\n\t<meta name=\"description\" content=\"La ense\u00f1anza y el respeto nace del hogar; David Tzic canta el himno nacional en idioma k\u2019iche como legado familiar y respeto a su identidad David Tzic es un ni\u00f1o de 8 a\u00f1os de edad originario de Chiyax Totonicap\u00e1n, Guatemala, cuya familia le ha inculcado el amor a la patria y por ello interpreta el himno nacional en idioma k&#039;iche&#039; predominante en el \u00e1rea de Totonicap\u00e1n. El idioma materno un legado La familia Tzic Chuc es originaria del cant\u00f3n Chiyax,\" \/>\n\t<meta name=\"robots\" content=\"max-snippet:-1, max-image-preview:large, max-video-preview:-1\" \/>\n\t<meta name=\"author\" content=\"Diana Batz\"\/>\n\t<link rel=\"canonical\" href=\"https:\/\/soymigrante.com\/revista\/amor-a-la-patria-refleja-entonacion-del-himno-nacional-de-guatemala-en-idioma-kiche\/\" \/>\n\t<meta name=\"generator\" content=\"All in One SEO Pro (AIOSEO) 4.9.6.2\" \/>\n\n\t\t<link rel=\"preconnect\" href=\"https:\/\/fonts.googleapis.com\" crossorigin>\n<link rel=\"preconnect\" href=\"https:\/\/fonts.gstatic.com\" crossorigin>\n\t\t<meta property=\"og:locale\" content=\"es_ES\" \/>\n\t\t<meta property=\"og:site_name\" content=\"SoyMigrante.com REVISTA \u2013 Nuestra misi\u00f3n es reconocer y dignificar al migrante.\" \/>\n\t\t<meta property=\"og:type\" content=\"article\" \/>\n\t\t<meta property=\"og:title\" content=\"Amor a la patria refleja entonaci\u00f3n del Himno Nacional de Guatemala en idioma k\u2019iche\u2019\" \/>\n\t\t<meta property=\"og:description\" content=\"La ense\u00f1anza y el respeto nace del hogar; David Tzic canta el himno nacional en idioma k\u2019iche como legado familiar y respeto a su identidad David Tzic es un ni\u00f1o de 8 a\u00f1os de edad originario de Chiyax Totonicap\u00e1n, Guatemala, cuya familia le ha inculcado el amor a la patria y por ello interpreta el himno nacional en idioma k&#039;iche&#039; predominante en el \u00e1rea de Totonicap\u00e1n. El idioma materno un legado La familia Tzic Chuc es originaria del cant\u00f3n Chiyax,\" \/>\n\t\t<meta property=\"og:url\" content=\"https:\/\/soymigrante.com\/revista\/amor-a-la-patria-refleja-entonacion-del-himno-nacional-de-guatemala-en-idioma-kiche\/\" \/>\n\t\t<meta property=\"og:image\" content=\"https:\/\/soymigrante.com\/revista\/wp-content\/uploads\/2023\/09\/Captura-de-pantalla-2023-09-14-171644.webp\" \/>\n\t\t<meta property=\"og:image:secure_url\" content=\"https:\/\/soymigrante.com\/revista\/wp-content\/uploads\/2023\/09\/Captura-de-pantalla-2023-09-14-171644.webp\" \/>\n\t\t<meta property=\"og:image:width\" content=\"573\" \/>\n\t\t<meta property=\"og:image:height\" content=\"536\" \/>\n\t\t<meta property=\"article:published_time\" content=\"2023-09-14T23:12:01+00:00\" \/>\n\t\t<meta property=\"article:modified_time\" content=\"2024-07-30T19:44:21+00:00\" \/>\n\t\t<meta property=\"article:publisher\" content=\"https:\/\/www.facebook.com\/soymigrantecom\" \/>\n\t\t<meta name=\"twitter:card\" content=\"summary_large_image\" \/>\n\t\t<meta name=\"twitter:site\" content=\"@SoyMigrante_com\" \/>\n\t\t<meta name=\"twitter:title\" content=\"Amor a la patria refleja entonaci\u00f3n del Himno Nacional de Guatemala en idioma k\u2019iche\u2019\" \/>\n\t\t<meta name=\"twitter:description\" content=\"La ense\u00f1anza y el respeto nace del hogar; David Tzic canta el himno nacional en idioma k\u2019iche como legado familiar y respeto a su identidad David Tzic es un ni\u00f1o de 8 a\u00f1os de edad originario de Chiyax Totonicap\u00e1n, Guatemala, cuya familia le ha inculcado el amor a la patria y por ello interpreta el himno nacional en idioma k&#039;iche&#039; predominante en el \u00e1rea de Totonicap\u00e1n. El idioma materno un legado La familia Tzic Chuc es originaria del cant\u00f3n Chiyax,\" \/>\n\t\t<meta name=\"twitter:creator\" content=\"@SoyMigrante_com\" \/>\n\t\t<meta name=\"twitter:image\" content=\"https:\/\/soymigrante.com\/revista\/wp-content\/uploads\/2023\/09\/Captura-de-pantalla-2023-09-14-171644.webp\" \/>\n\t\t<!-- All in One SEO Pro -->\r\n\t\t<title>Amor a la patria refleja entonaci\u00f3n del Himno Nacional de Guatemala en idioma k\u2019iche\u2019<\/title>\n\n","aioseo_head_json":{"title":"Amor a la patria refleja entonaci\u00f3n del Himno Nacional de Guatemala en idioma k\u2019iche\u2019","description":"La ense\u00f1anza y el respeto nace del hogar; David Tzic canta el himno nacional en idioma k\u2019iche como legado familiar y respeto a su identidad David Tzic es un ni\u00f1o de 8 a\u00f1os de edad originario de Chiyax Totonicap\u00e1n, Guatemala, cuya familia le ha inculcado el amor a la patria y por ello interpreta el himno nacional en idioma k'iche' predominante en el \u00e1rea de Totonicap\u00e1n. El idioma materno un legado La familia Tzic Chuc es originaria del cant\u00f3n Chiyax,","canonical_url":"https:\/\/soymigrante.com\/revista\/amor-a-la-patria-refleja-entonacion-del-himno-nacional-de-guatemala-en-idioma-kiche\/","robots":"max-snippet:-1, max-image-preview:large, max-video-preview:-1","keywords":"","webmasterTools":{"miscellaneous":"&lt;link rel=\"preconnect\" href=\"https:\/\/fonts.googleapis.com\" crossorigin&gt;\n&lt;link rel=\"preconnect\" href=\"https:\/\/fonts.gstatic.com\" crossorigin&gt;"},"schema":null,"og:locale":"es_ES","og:site_name":"SoyMigrante.com REVISTA \u2013 Nuestra misi\u00f3n es reconocer y dignificar al migrante.","og:type":"article","og:title":"Amor a la patria refleja entonaci\u00f3n del Himno Nacional de Guatemala en idioma k\u2019iche\u2019","og:description":"La ense\u00f1anza y el respeto nace del hogar; David Tzic canta el himno nacional en idioma k\u2019iche como legado familiar y respeto a su identidad David Tzic es un ni\u00f1o de 8 a\u00f1os de edad originario de Chiyax Totonicap\u00e1n, Guatemala, cuya familia le ha inculcado el amor a la patria y por ello interpreta el himno nacional en idioma k'iche' predominante en el \u00e1rea de Totonicap\u00e1n. El idioma materno un legado La familia Tzic Chuc es originaria del cant\u00f3n Chiyax,","og:url":"https:\/\/soymigrante.com\/revista\/amor-a-la-patria-refleja-entonacion-del-himno-nacional-de-guatemala-en-idioma-kiche\/","og:image":"https:\/\/soymigrante.com\/revista\/wp-content\/uploads\/2023\/09\/Captura-de-pantalla-2023-09-14-171644.webp","og:image:secure_url":"https:\/\/soymigrante.com\/revista\/wp-content\/uploads\/2023\/09\/Captura-de-pantalla-2023-09-14-171644.webp","og:image:width":573,"og:image:height":536,"article:published_time":"2023-09-14T23:12:01+00:00","article:modified_time":"2024-07-30T19:44:21+00:00","article:publisher":"https:\/\/www.facebook.com\/soymigrantecom","twitter:card":"summary_large_image","twitter:site":"@SoyMigrante_com","twitter:title":"Amor a la patria refleja entonaci\u00f3n del Himno Nacional de Guatemala en idioma k\u2019iche\u2019","twitter:description":"La ense\u00f1anza y el respeto nace del hogar; David Tzic canta el himno nacional en idioma k\u2019iche como legado familiar y respeto a su identidad David Tzic es un ni\u00f1o de 8 a\u00f1os de edad originario de Chiyax Totonicap\u00e1n, Guatemala, cuya familia le ha inculcado el amor a la patria y por ello interpreta el himno nacional en idioma k'iche' predominante en el \u00e1rea de Totonicap\u00e1n. El idioma materno un legado La familia Tzic Chuc es originaria del cant\u00f3n Chiyax,","twitter:creator":"@SoyMigrante_com","twitter:image":"https:\/\/soymigrante.com\/revista\/wp-content\/uploads\/2023\/09\/Captura-de-pantalla-2023-09-14-171644.webp"},"aioseo_meta_data":{"post_id":"2496","title":null,"description":"La ense\u00f1anza y el respeto nace del hogar; David Tzic canta el himno nacional en idioma k\u2019iche como legado familiar y respeto a su identidad #post_excerpt","keywords":[],"keyphrases":{"focus":{"keyphrase":"guatemala","score":82,"analysis":{"keyphraseInTitle":{"score":9,"maxScore":9,"error":0},"keyphraseInDescription":{"score":9,"maxScore":9,"error":0},"keyphraseLength":{"score":9,"maxScore":9,"error":0,"length":1},"keyphraseInURL":{"score":5,"maxScore":5,"error":0},"keyphraseInIntroduction":{"score":3,"maxScore":9,"error":1},"keyphraseInSubHeadings":{"score":3,"maxScore":9,"error":1},"keyphraseInImageAlt":{"score":9,"maxScore":9,"error":0},"keywordDensity":{"type":"best","score":9,"maxScore":9,"error":0}}},"additional":[]},"primary_term":null,"canonical_url":null,"og_title":null,"og_description":null,"og_object_type":"default","og_image_type":"default","og_image_url":null,"og_image_width":null,"og_image_height":null,"og_image_custom_url":null,"og_image_custom_fields":null,"og_video":"","og_custom_url":null,"og_article_section":null,"og_article_tags":[],"twitter_use_og":false,"twitter_card":"default","twitter_image_type":"default","twitter_image_url":null,"twitter_image_custom_url":null,"twitter_image_custom_fields":null,"twitter_title":null,"twitter_description":null,"schema":{"blockGraphs":[],"customGraphs":[],"default":{"data":{"Article":[],"Course":[],"Dataset":[],"FAQPage":[],"Movie":[],"Person":[],"Product":[],"ProductReview":[],"Car":[],"Recipe":[],"Service":[],"SoftwareApplication":[],"WebPage":[]},"graphName":"BlogPosting","isEnabled":true},"graphs":[]},"schema_type":"default","schema_type_options":null,"pillar_content":false,"robots_default":true,"robots_noindex":false,"robots_noarchive":false,"robots_nosnippet":false,"robots_nofollow":false,"robots_noimageindex":false,"robots_noodp":false,"robots_notranslate":false,"robots_max_snippet":"-1","robots_max_videopreview":"-1","robots_max_imagepreview":"large","priority":null,"frequency":"default","local_seo":null,"seo_analyzer_scan_date":"2025-10-08 20:24:15","breadcrumb_settings":null,"limit_modified_date":false,"reviewed_by":null,"open_ai":null,"ai":null,"created":"2023-09-07 22:32:41","updated":"2026-02-04 09:40:44"},"aioseo_breadcrumb":"<div class=\"aioseo-breadcrumbs\"><span class=\"aioseo-breadcrumb\">\n\t<a href=\"https:\/\/soymigrante.com\/revista\" title=\"Home\">Home<\/a>\n<\/span><span class=\"aioseo-breadcrumb-separator\">\u00bb<\/span><span class=\"aioseo-breadcrumb\">\n\t<a href=\"https:\/\/soymigrante.com\/revista\/category\/guate-nuestra\/\" title=\"Guate Nuestra\">Guate Nuestra<\/a>\n<\/span><span class=\"aioseo-breadcrumb-separator\">\u00bb<\/span><span class=\"aioseo-breadcrumb\">\n\tAmor a la patria refleja entonaci\u00f3n del Himno Nacional de Guatemala en idioma k\u2019iche\u2019\n<\/span><\/div>","aioseo_breadcrumb_json":[{"label":"Home","link":"https:\/\/soymigrante.com\/revista"},{"label":"Guate Nuestra","link":"https:\/\/soymigrante.com\/revista\/category\/guate-nuestra\/"},{"label":"Amor a la patria refleja entonaci\u00f3n del Himno Nacional de Guatemala en idioma k&#8217;iche&#8217;","link":"https:\/\/soymigrante.com\/revista\/amor-a-la-patria-refleja-entonacion-del-himno-nacional-de-guatemala-en-idioma-kiche\/"}],"_links":{"self":[{"href":"https:\/\/soymigrante.com\/revista\/wp-json\/wp\/v2\/posts\/2496","targetHints":{"allow":["GET"]}}],"collection":[{"href":"https:\/\/soymigrante.com\/revista\/wp-json\/wp\/v2\/posts"}],"about":[{"href":"https:\/\/soymigrante.com\/revista\/wp-json\/wp\/v2\/types\/post"}],"author":[{"embeddable":true,"href":"https:\/\/soymigrante.com\/revista\/wp-json\/wp\/v2\/users\/10"}],"replies":[{"embeddable":true,"href":"https:\/\/soymigrante.com\/revista\/wp-json\/wp\/v2\/comments?post=2496"}],"version-history":[{"count":0,"href":"https:\/\/soymigrante.com\/revista\/wp-json\/wp\/v2\/posts\/2496\/revisions"}],"wp:featuredmedia":[{"embeddable":true,"href":"https:\/\/soymigrante.com\/revista\/wp-json\/wp\/v2\/media\/2599"}],"wp:attachment":[{"href":"https:\/\/soymigrante.com\/revista\/wp-json\/wp\/v2\/media?parent=2496"}],"wp:term":[{"taxonomy":"category","embeddable":true,"href":"https:\/\/soymigrante.com\/revista\/wp-json\/wp\/v2\/categories?post=2496"},{"taxonomy":"post_tag","embeddable":true,"href":"https:\/\/soymigrante.com\/revista\/wp-json\/wp\/v2\/tags?post=2496"}],"curies":[{"name":"wp","href":"https:\/\/api.w.org\/{rel}","templated":true}]}}