{"id":24888,"date":"2026-02-01T15:13:54","date_gmt":"2026-02-01T21:13:54","guid":{"rendered":"https:\/\/soymigrante.com\/revista\/?p=24888"},"modified":"2026-02-01T15:14:03","modified_gmt":"2026-02-01T21:14:03","slug":"que-regalar-el-dia-de-san-valentin-es-una-buena-pregunta-en-mercado-hay-respuestas-originales","status":"publish","type":"post","link":"https:\/\/soymigrante.com\/revista\/que-regalar-el-dia-de-san-valentin-es-una-buena-pregunta-en-mercado-hay-respuestas-originales\/","title":{"rendered":"Detr\u00e1s de un gran obsequio siempre hay una gran historia: adquiere productos guatemaltecos llenos de  calidad y significado"},"content":{"rendered":"\t\t<div data-elementor-type=\"wp-post\" data-elementor-id=\"24888\" class=\"elementor elementor-24888\" data-elementor-post-type=\"post\">\n\t\t\t\t<div data-particle_enable=\"false\" data-particle-mobile-disabled=\"false\" class=\"elementor-element elementor-element-e636fa0 e-flex e-con-boxed e-con e-parent\" data-id=\"e636fa0\" data-element_type=\"container\" data-e-type=\"container\">\n\t\t\t\t\t<div class=\"e-con-inner\">\n\t\t\t\t<div class=\"elementor-element elementor-element-3f6a496 elementor-widget elementor-widget-heading\" data-id=\"3f6a496\" data-element_type=\"widget\" data-e-type=\"widget\" data-widget_type=\"heading.default\">\n\t\t\t\t\t<h2 class=\"elementor-heading-title elementor-size-default\">A menudo se necesita un obsequio original y muy guatemalteco para algun cumplea\u00f1os, ocasi\u00f3n especial o simplemente para expresar amistad y cari\u00f1o. En SoyMigrante. com MERCADO hay opciones muy especiales.<\/h2>\t\t\t\t<\/div>\n\t\t\t\t\t<\/div>\n\t\t\t\t<\/div>\n\t\t<div data-particle_enable=\"false\" data-particle-mobile-disabled=\"false\" class=\"elementor-element elementor-element-2785660 e-flex e-con-boxed e-con e-parent\" data-id=\"2785660\" data-element_type=\"container\" data-e-type=\"container\">\n\t\t\t\t\t<div class=\"e-con-inner\">\n\t\t\t\t<div class=\"elementor-element elementor-element-3ccf360 elementor-widget elementor-widget-text-editor\" data-id=\"3ccf360\" data-element_type=\"widget\" data-e-type=\"widget\" data-widget_type=\"text-editor.default\">\n\t\t\t\t\t\t\t\t\t<p>Detr\u00e1s de cada obsequio de cumplea\u00f1os, por alguna conmemoraci\u00f3n o simplemente para manifestar afecto y aprecio siempre hay una historia de amor, amistad y momentos que merecen ser reflejados y concretados en un objeto original, \u00fanico, as\u00ed como <a href=\"https:\/\/soymigrante.com\/revista\/category\/guate-nuestra\/pueblos-de-guatemala\/\">somos los guatemaltecos.<\/a><\/p>\n<p>En <a href=\"https:\/\/soymigrante.com\/revista\/mercado-es-una-comunidad-digital-para-emprendedores-guatemaltecos\/\">SoyMigrante.com MERCADO<\/a> emprendedores guatemaltecos han abierto sus tiendas digitales para ofrecer productos que&nbsp; tambi\u00e9n tienen historias de creatividad, esfuerzo y mucho amor por sus familias. \u00bfQu\u00e9 tal si las hacemos confluir en un Gana Gana?&nbsp; &nbsp;Puedes elegir y comprar un obsequio especial y a la vez aportar al <a href=\"https:\/\/soymigrante.com\/revista\/emprendedores-de-mercado\/\">emprendedor <\/a>que ahora tiene un canal digital abierto para mostrar su talento.<\/p>\n<p>Estas son algunas opciones de productos e historias en SoyMigrante.com MERCADO<\/p>\t\t\t\t\t\t\t\t<\/div>\n\t\t\t\t\t<\/div>\n\t\t\t\t<\/div>\n\t\t<div data-particle_enable=\"false\" data-particle-mobile-disabled=\"false\" class=\"elementor-element elementor-element-3ef317b e-flex e-con-boxed e-con e-parent\" data-id=\"3ef317b\" data-element_type=\"container\" data-e-type=\"container\">\n\t\t\t\t\t<div class=\"e-con-inner\">\n\t\t\t\t<div class=\"elementor-element elementor-element-92c871e elementor-grid-eael-col-1 elementor-grid-tablet-eael-col-2 elementor-grid-mobile-eael-col-1 elementor-widget elementor-widget-eael-post-grid\" data-id=\"92c871e\" data-element_type=\"widget\" data-e-type=\"widget\" data-settings=\"{&quot;eael_post_grid_columns&quot;:&quot;eael-col-1&quot;,&quot;eael_post_grid_columns_tablet&quot;:&quot;eael-col-2&quot;,&quot;eael_post_grid_columns_mobile&quot;:&quot;eael-col-1&quot;}\" data-widget_type=\"eael-post-grid.default\">\n\t\t\t\t\t<div id=\"eael-post-grid-92c871e\" class=\"eael-post-grid-container\">\n            <div class=\"eael-post-grid eael-post-appender eael-post-appender-92c871e eael-post-grid-style-one\" data-layout-mode=\"masonry\"><article class=\"eael-grid-post  eael-post-grid-column eael-pg-post-15372 category-guate-nuestra tags-mercado-emprendedores\" data-id=\"15372\">\n        <div class=\"eael-grid-post-holder\">\n            <div class=\"eael-grid-post-holder-inner\"><div class=\"eael-entry-media\"><div class=\"eael-entry-overlay fade-in\"><i class=\"far fa-hand-pointer\" aria-hidden=\"true\"><\/i><a href=\"https:\/\/soymigrante.com\/revista\/regina-ruiz-borda-con-amor-y-dedicacion-en-yumei\/\"><\/a><\/div><div class=\"eael-entry-thumbnail eael-image-ratio\">\n                <img fetchpriority=\"high\" decoding=\"async\" width=\"774\" height=\"1024\" src=\"https:\/\/soymigrante.com\/revista\/wp-content\/uploads\/2024\/12\/Regina-Ruiz-es-una-emprendedora-que-hila-con-amor-2-774x1024.jpeg\" class=\"attachment-large size-large wp-image-15374\" alt=\"A mujer cosiendo bordado en bastidor, proyecto de arte y manualidades, t\u00e9cnica de costura creativa y habilidades tradicionales, en un ambiente de trabajo artesanal.\" \/>\n            <\/div>\n        <\/div><div class=\"eael-entry-wrapper\"><header class=\"eael-entry-header\"><h2 class=\"eael-entry-title\"><a class=\"eael-grid-post-link\" href=\"https:\/\/soymigrante.com\/revista\/regina-ruiz-borda-con-amor-y-dedicacion-en-yumei\/\" title=\"Regina Ruiz ofrece art\u00edculos bordados con dedicaci\u00f3n y amor en Yumei\">Regina Ruiz ofrece art\u00edculos bordados con dedicaci\u00f3n y amor en Yumei<\/a><\/h2><\/header><div class=\"eael-entry-content\">\n                        <div class=\"eael-grid-post-excerpt\"><p>Regina Ruiz es emprendedora y creadora de Yumei. Teje su historia con amor y el af\u00e1n de brindar productos que reflejen afecto, sobre todo si se destinan para ser obsequiados a una persona especial. Su tienda digital est\u00e1 en SoyMigrante.com MERCADO &#8220;Mi nombre es Carmelina Ruiz Garc\u00eda, y quiero compartirles...<\/p><a href=\"https:\/\/soymigrante.com\/revista\/regina-ruiz-borda-con-amor-y-dedicacion-en-yumei\/\" class=\"eael-post-elements-readmore-btn\">CONOCE SU HISTORIA  Y PRODUCTOS, QUIZ\u00c1 AQU\u00cd EST\u00c1 TU OBSEQUIO IDEAL<\/a><\/div>\n                    <\/div><\/div><\/div>\n        <\/div>\n    <\/article><article class=\"eael-grid-post  eael-post-grid-column eael-pg-post-21003 category-guate-nuestra tags-mercado-emprendedores\" data-id=\"21003\">\n        <div class=\"eael-grid-post-holder\">\n            <div class=\"eael-grid-post-holder-inner\"><div class=\"eael-entry-media\"><div class=\"eael-entry-overlay fade-in\"><i class=\"far fa-hand-pointer\" aria-hidden=\"true\"><\/i><a href=\"https:\/\/soymigrante.com\/revista\/bolsas-pulseras-y-collares-raices-surgen-con-la-creatividad-y-amor-familiar-de-silvia-flores\/\"><\/a><\/div><div class=\"eael-entry-thumbnail eael-image-ratio\">\n                <img decoding=\"async\" width=\"721\" height=\"721\" src=\"https:\/\/soymigrante.com\/revista\/wp-content\/uploads\/2025\/01\/silvia-patricia-raices-1.webp\" class=\"attachment-large size-large wp-image-21004\" alt=\"Artesan\u00edas y joyer\u00eda de migrantes en exclusivo mercado con enfoque en cultura y tradici\u00f3n.\" srcset=\"https:\/\/soymigrante.com\/revista\/wp-content\/uploads\/2025\/01\/silvia-patricia-raices-1.webp 721w, https:\/\/soymigrante.com\/revista\/wp-content\/uploads\/2025\/01\/silvia-patricia-raices-1-300x300.jpg 300w, https:\/\/soymigrante.com\/revista\/wp-content\/uploads\/2025\/01\/silvia-patricia-raices-1-150x150.jpg 150w, https:\/\/soymigrante.com\/revista\/wp-content\/uploads\/2025\/01\/silvia-patricia-raices-1-75x75.webp 75w\" sizes=\"(max-width: 721px) 100vw, 721px\" \/>\n            <\/div>\n        <\/div><div class=\"eael-entry-wrapper\"><header class=\"eael-entry-header\"><h2 class=\"eael-entry-title\"><a class=\"eael-grid-post-link\" href=\"https:\/\/soymigrante.com\/revista\/bolsas-pulseras-y-collares-raices-surgen-con-la-creatividad-y-amor-familiar-de-silvia-flores\/\" title=\"Bolsas, pulseras y collares Ra\u00edces surgen con la creatividad y amor familiar de Silvia Flores\">Bolsas, pulseras y collares Ra\u00edces surgen con la creatividad y amor familiar de Silvia Flores<\/a><\/h2><\/header><div class=\"eael-entry-content\">\n                        <div class=\"eael-grid-post-excerpt\"><p>Silvia Patricia Flores aprendi\u00f3 a coser a los 10 a\u00f1os, por una urgencia escolar. Nunca imagin\u00f3 entonces que aquella habilidad se convertir\u00eda en una de las claves de su emprendimiento Ra\u00edces, cuya tienda digital est\u00e1 en SoyMigrante.com MERCADO. &#8220;Cuando me pongo a elaborar pulseras o collares, a veces ya traigo...<\/p><a href=\"https:\/\/soymigrante.com\/revista\/bolsas-pulseras-y-collares-raices-surgen-con-la-creatividad-y-amor-familiar-de-silvia-flores\/\" class=\"eael-post-elements-readmore-btn\">CONOCE SU HISTORIA  Y PRODUCTOS, QUIZ\u00c1 AQU\u00cd EST\u00c1 TU OBSEQUIO IDEAL<\/a><\/div>\n                    <\/div><\/div><\/div>\n        <\/div>\n    <\/article><article class=\"eael-grid-post  eael-post-grid-column eael-pg-post-15424 category-guate-nuestra tags-mercado-emprendedores\" data-id=\"15424\">\n        <div class=\"eael-grid-post-holder\">\n            <div class=\"eael-grid-post-holder-inner\"><div class=\"eael-entry-media\"><div class=\"eael-entry-overlay fade-in\"><i class=\"far fa-hand-pointer\" aria-hidden=\"true\"><\/i><a href=\"https:\/\/soymigrante.com\/revista\/un-gran-sueno-en-coban-lleno-de-imaginacion-munecas-y-amor-por-la-cultura-maya-qeqchi\/\"><\/a><\/div><div class=\"eael-entry-thumbnail eael-image-ratio\">\n                <img decoding=\"async\" width=\"685\" height=\"685\" src=\"https:\/\/soymigrante.com\/revista\/wp-content\/uploads\/2024\/12\/munecas-emprendimiento-2.webp\" class=\"attachment-large size-large wp-image-16055\" alt=\"Diversidad cultural en celebraci\u00f3n, figura de mu\u00f1ecos de pareja con trajes tradicionales, representaci\u00f3n art\u00edstica de migrantes en la Revista SoyMigrante, enfatizando la integraci\u00f3n y cultura latinoamericana.\" srcset=\"https:\/\/soymigrante.com\/revista\/wp-content\/uploads\/2024\/12\/munecas-emprendimiento-2.webp 685w, https:\/\/soymigrante.com\/revista\/wp-content\/uploads\/2024\/12\/munecas-emprendimiento-2-300x300.jpg 300w, https:\/\/soymigrante.com\/revista\/wp-content\/uploads\/2024\/12\/munecas-emprendimiento-2-150x150.jpg 150w, https:\/\/soymigrante.com\/revista\/wp-content\/uploads\/2024\/12\/munecas-emprendimiento-2-75x75.webp 75w\" sizes=\"(max-width: 685px) 100vw, 685px\" \/>\n            <\/div>\n        <\/div><div class=\"eael-entry-wrapper\"><header class=\"eael-entry-header\"><h2 class=\"eael-entry-title\"><a class=\"eael-grid-post-link\" href=\"https:\/\/soymigrante.com\/revista\/un-gran-sueno-en-coban-lleno-de-imaginacion-munecas-y-amor-por-la-cultura-maya-qeqchi\/\" title=\"Un gran sue\u00f1o lleno de mu\u00f1ecas, creatividad y amor por la cultura q&#8217;eqchi&#8217; llega a MERCADO\">Un gran sue\u00f1o lleno de mu\u00f1ecas, creatividad y amor por la cultura q&#8217;eqchi&#8217; llega a MERCADO<\/a><\/h2><\/header><div class=\"eael-entry-content\">\n                        <div class=\"eael-grid-post-excerpt\"><p>Desde el coraz\u00f3n de Alta Verapaz, S\u00e9fora Dalila Putul Puac, una emprendedora maya q\u2019eqch\u00ed, transforma mu\u00f1ecas t\u00edpicas en embajadoras culturales. Conoce la historia de Mu\u00f1ecas y T\u00edpicos de Guatemala. En el coraz\u00f3n de Alta Verapaz, S\u00e9fora Dalila Putul Puac, una emprendedora maya q\u2019eqch\u00ed, ha encontrado en las mu\u00f1ecas t\u00edpicas una...<\/p><a href=\"https:\/\/soymigrante.com\/revista\/un-gran-sueno-en-coban-lleno-de-imaginacion-munecas-y-amor-por-la-cultura-maya-qeqchi\/\" class=\"eael-post-elements-readmore-btn\">CONOCE SU HISTORIA  Y PRODUCTOS, QUIZ\u00c1 AQU\u00cd EST\u00c1 TU OBSEQUIO IDEAL<\/a><\/div>\n                    <\/div><\/div><\/div>\n        <\/div>\n    <\/article><article class=\"eael-grid-post  eael-post-grid-column eael-pg-post-18254 category-guate-nuestra tags-mercado-emprendedores\" data-id=\"18254\">\n        <div class=\"eael-grid-post-holder\">\n            <div class=\"eael-grid-post-holder-inner\"><div class=\"eael-entry-media\"><div class=\"eael-entry-overlay fade-in\"><i class=\"far fa-hand-pointer\" aria-hidden=\"true\"><\/i><a href=\"https:\/\/soymigrante.com\/revista\/kemon-collection-tejiendo-suenos-y-conservando-tradiciones-ancestrales\/\"><\/a><\/div><div class=\"eael-entry-thumbnail eael-image-ratio\">\n                <img loading=\"lazy\" decoding=\"async\" width=\"1024\" height=\"1024\" src=\"https:\/\/soymigrante.com\/revista\/wp-content\/uploads\/2024\/12\/kemon-1024x1024.jpg\" class=\"attachment-large size-large wp-image-18269\" alt=\"Artesana mostrando textiles tradicionales en feria de cultura ind\u00edgena en M\u00e9xico.\" srcset=\"https:\/\/soymigrante.com\/revista\/wp-content\/uploads\/2024\/12\/kemon-1024x1024.jpg 1024w, https:\/\/soymigrante.com\/revista\/wp-content\/uploads\/2024\/12\/kemon-300x300.jpg 300w, https:\/\/soymigrante.com\/revista\/wp-content\/uploads\/2024\/12\/kemon-150x150.jpg 150w, https:\/\/soymigrante.com\/revista\/wp-content\/uploads\/2024\/12\/kemon-768x768.jpg 768w, https:\/\/soymigrante.com\/revista\/wp-content\/uploads\/2024\/12\/kemon-75x75.webp 75w, https:\/\/soymigrante.com\/revista\/wp-content\/uploads\/2024\/12\/kemon-750x750.webp 750w, https:\/\/soymigrante.com\/revista\/wp-content\/uploads\/2024\/12\/kemon.webp 1080w\" sizes=\"(max-width: 1024px) 100vw, 1024px\" \/>\n            <\/div>\n        <\/div><div class=\"eael-entry-wrapper\"><header class=\"eael-entry-header\"><h2 class=\"eael-entry-title\"><a class=\"eael-grid-post-link\" href=\"https:\/\/soymigrante.com\/revista\/kemon-collection-tejiendo-suenos-y-conservando-tradiciones-ancestrales\/\" title=\"Kemon Collection: Tejiendo sue\u00f1os y conservando tradiciones ancestrales\">Kemon Collection: Tejiendo sue\u00f1os y conservando tradiciones ancestrales<\/a><\/h2><\/header><div class=\"eael-entry-content\">\n                        <div class=\"eael-grid-post-excerpt\"><p>Desde su taller en Jocotenango, Sacatep\u00e9quez, Eulalia Chonay lidera Kemon Collection, una marca que naci\u00f3 de la necesidad de generar ingresos pero que se ha convertido en puente de oportunidad para tejedoras de San Juan Comalapa, de donde es originaria. Eulalia Chonay, una mujer maya kaqchikel de 33 a\u00f1os, ha...<\/p><a href=\"https:\/\/soymigrante.com\/revista\/kemon-collection-tejiendo-suenos-y-conservando-tradiciones-ancestrales\/\" class=\"eael-post-elements-readmore-btn\">CONOCE SU HISTORIA  Y PRODUCTOS, QUIZ\u00c1 AQU\u00cd EST\u00c1 TU OBSEQUIO IDEAL<\/a><\/div>\n                    <\/div><\/div><\/div>\n        <\/div>\n    <\/article><\/div>\n            <div class=\"clearfix\"><\/div>\n        <\/div>\t\t\t\t<\/div>\n\t\t\t\t\t<\/div>\n\t\t\t\t<\/div>\n\t\t<div data-particle_enable=\"false\" data-particle-mobile-disabled=\"false\" class=\"elementor-element elementor-element-eaa7b2e e-flex e-con-boxed e-con e-parent\" data-id=\"eaa7b2e\" data-element_type=\"container\" data-e-type=\"container\">\n\t\t\t\t\t<div class=\"e-con-inner\">\n\t\t\t\t<div class=\"elementor-element elementor-element-0fb905b elementor-widget elementor-widget-eael-creative-button\" data-id=\"0fb905b\" data-element_type=\"widget\" data-e-type=\"widget\" data-widget_type=\"eael-creative-button.default\">\n\t\t\t\t\t        <div class=\"eael-creative-button-wrapper\">\n\n            <a class=\"eael-creative-button eael-creative-button--default eael-cb-icon-position-\" href=\"https:\/\/soymigrante.com\/mercado\/\" data-text=\"CON GUSTO!\">\n            \t    \n                <div class=\"creative-button-inner\">\n\n                    \n                    <span class=\"cretive-button-text\">\u00bfPREFIERES EXPLORAR DIRECTO EN SOYMIGRANTE.COM MERCADO? Dale Clic<\/span>\n\n                                    <\/div>\n\t                        <\/a>\n        <\/div>\n        \t\t\t\t<\/div>\n\t\t\t\t\t<\/div>\n\t\t\t\t<\/div>\n\t\t<div data-particle_enable=\"false\" data-particle-mobile-disabled=\"false\" class=\"elementor-element elementor-element-1190347 e-flex e-con-boxed e-con e-parent\" data-id=\"1190347\" data-element_type=\"container\" data-e-type=\"container\">\n\t\t\t\t\t<div class=\"e-con-inner\">\n\t\t\t\t<div class=\"elementor-element elementor-element-ad9c4a8 elementor-widget elementor-widget-image\" data-id=\"ad9c4a8\" data-element_type=\"widget\" data-e-type=\"widget\" data-widget_type=\"image.default\">\n\t\t\t\t\t\t\t\t\t\t\t\t<figure class=\"wp-caption\">\n\t\t\t\t\t\t\t\t\t\t\t<a href=\"https:\/\/soymigrante.com\/mercado\/\">\n\t\t\t\t\t\t\t<img loading=\"lazy\" decoding=\"async\" width=\"1024\" height=\"289\" src=\"https:\/\/soymigrante.com\/revista\/wp-content\/uploads\/2025\/02\/mercado-1024x289.png\" class=\"attachment-large size-large wp-image-24906\" alt=\"Env\u00edos gratis en SoyMigrante.com Mercado, promoci\u00f3n de env\u00edo gratuito durante febrero para todas las compras en Guatemala.\" srcset=\"https:\/\/soymigrante.com\/revista\/wp-content\/uploads\/2025\/02\/mercado-1024x289.png 1024w, https:\/\/soymigrante.com\/revista\/wp-content\/uploads\/2025\/02\/mercado-300x85.png 300w, https:\/\/soymigrante.com\/revista\/wp-content\/uploads\/2025\/02\/mercado-768x217.png 768w, https:\/\/soymigrante.com\/revista\/wp-content\/uploads\/2025\/02\/mercado-1536x433.png 1536w, https:\/\/soymigrante.com\/revista\/wp-content\/uploads\/2025\/02\/mercado-750x212.webp 750w, https:\/\/soymigrante.com\/revista\/wp-content\/uploads\/2025\/02\/mercado-1140x322.webp 1140w, https:\/\/soymigrante.com\/revista\/wp-content\/uploads\/2025\/02\/mercado.webp 1800w\" sizes=\"(max-width: 1024px) 100vw, 1024px\" title=\"SoyMigrante.com MERCADO es una comunidad que uno a emprendedores y compradores de toda Guatemala. \u2013 SoyMigrante.com REVISTA\" \/>\t\t\t\t\t\t\t\t<\/a>\n\t\t\t\t\t\t\t\t\t\t\t<figcaption class=\"widget-image-caption wp-caption-text\">Disfruta de env\u00edos gratis, compra segura y entrega garantizada en SoyMigrante.com; la revista para migrantes y comunidades internacionales.<\/figcaption>\n\t\t\t\t\t\t\t\t\t\t<\/figure>\n\t\t\t\t\t\t\t\t\t<\/div>\n\t\t\t\t\t<\/div>\n\t\t\t\t<\/div>\n\t\t<div data-particle_enable=\"false\" data-particle-mobile-disabled=\"false\" class=\"elementor-element elementor-element-2d37a1e e-flex e-con-boxed e-con e-parent\" data-id=\"2d37a1e\" data-element_type=\"container\" data-e-type=\"container\">\n\t\t\t\t\t<div class=\"e-con-inner\">\n\t\t\t\t<div class=\"elementor-element elementor-element-056f1e0 elementor-widget elementor-widget-heading\" data-id=\"056f1e0\" data-element_type=\"widget\" data-e-type=\"widget\" data-widget_type=\"heading.default\">\n\t\t\t\t\t<h2 class=\"elementor-heading-title elementor-size-default\">\u00bfDeseas m\u00e1s opciones?  Hay para todos los gustos y personalidades (Con mucho cari\u00f1o)<\/h2>\t\t\t\t<\/div>\n\t\t\t\t\t<\/div>\n\t\t\t\t<\/div>\n\t\t<div data-particle_enable=\"false\" data-particle-mobile-disabled=\"false\" class=\"elementor-element elementor-element-e37fa60 e-flex e-con-boxed e-con e-parent\" data-id=\"e37fa60\" data-element_type=\"container\" data-e-type=\"container\">\n\t\t\t\t\t<div class=\"e-con-inner\">\n\t\t\t\t<div class=\"elementor-element elementor-element-db9298d elementor-grid-eael-col-1 elementor-grid-tablet-eael-col-2 elementor-grid-mobile-eael-col-1 elementor-widget elementor-widget-eael-post-grid\" data-id=\"db9298d\" data-element_type=\"widget\" data-e-type=\"widget\" data-settings=\"{&quot;eael_post_grid_columns&quot;:&quot;eael-col-1&quot;,&quot;eael_post_grid_columns_tablet&quot;:&quot;eael-col-2&quot;,&quot;eael_post_grid_columns_mobile&quot;:&quot;eael-col-1&quot;}\" data-widget_type=\"eael-post-grid.default\">\n\t\t\t\t\t<div id=\"eael-post-grid-db9298d\" class=\"eael-post-grid-container\">\n            <div class=\"eael-post-grid eael-post-appender eael-post-appender-db9298d eael-post-grid-style-one\" data-layout-mode=\"masonry\"><article class=\"eael-grid-post  eael-post-grid-column eael-pg-post-13878 category-guate-nuestra tags-mercado-emprendedores\" data-id=\"13878\">\n        <div class=\"eael-grid-post-holder\">\n            <div class=\"eael-grid-post-holder-inner\"><div class=\"eael-entry-media\"><div class=\"eael-entry-overlay fade-in\"><i class=\"far fa-hand-pointer\" aria-hidden=\"true\"><\/i><a href=\"https:\/\/soymigrante.com\/revista\/torrons-cafe-y-chocolate-sabores-unicos-de-un-sueno-emprendedor\/\"><\/a><\/div><div class=\"eael-entry-thumbnail eael-image-ratio\">\n                <img loading=\"lazy\" decoding=\"async\" width=\"586\" height=\"586\" src=\"https:\/\/soymigrante.com\/revista\/wp-content\/uploads\/2024\/11\/torrons2.webp\" class=\"attachment-large size-large wp-image-13902\" alt=\"Sabores tradicionales, chocolate mexicano con az\u00facar y canela, producto artesanal, dulce y delicioso, ideal para regalar o disfrutar en familia.\" srcset=\"https:\/\/soymigrante.com\/revista\/wp-content\/uploads\/2024\/11\/torrons2.webp 586w, https:\/\/soymigrante.com\/revista\/wp-content\/uploads\/2024\/11\/torrons2-300x300.jpg 300w, https:\/\/soymigrante.com\/revista\/wp-content\/uploads\/2024\/11\/torrons2-150x150.jpg 150w, https:\/\/soymigrante.com\/revista\/wp-content\/uploads\/2024\/11\/torrons2-75x75.webp 75w\" sizes=\"(max-width: 586px) 100vw, 586px\" \/>\n            <\/div>\n        <\/div><div class=\"eael-entry-wrapper\"><header class=\"eael-entry-header\"><h2 class=\"eael-entry-title\"><a class=\"eael-grid-post-link\" href=\"https:\/\/soymigrante.com\/revista\/torrons-cafe-y-chocolate-sabores-unicos-de-un-sueno-emprendedor\/\" title=\"Torrons Caf\u00e9 y Chocolate: sabores muy originales de un sue\u00f1o emprendedor\">Torrons Caf\u00e9 y Chocolate: sabores muy originales de un sue\u00f1o emprendedor<\/a><\/h2><\/header><div class=\"eael-entry-content\">\n                        <div class=\"eael-grid-post-excerpt\"><p>Desde un caf\u00e9 con canela hasta un chocolate amargo con berries son algunas deliciosas opciones que Torrons Caf\u00e9 y Chocolate ofrece ahora desde SoyMigrante.com MERCADO, una experiencia de sabores \u00fanicos en Guatemala. Esta es su historia. Torrons Caf\u00e9 y Chocolate combina la tradici\u00f3n guatemalteca con un toque innovador para ofrecer...<\/p><a href=\"https:\/\/soymigrante.com\/revista\/torrons-cafe-y-chocolate-sabores-unicos-de-un-sueno-emprendedor\/\" class=\"eael-post-elements-readmore-btn\">CONOCE SU HISTORIA  Y PRODUCTOS, QUIZ\u00c1 AQU\u00cd EST\u00c1 TU OBSEQUIO IDEAL<\/a><\/div>\n                    <\/div><\/div><\/div>\n        <\/div>\n    <\/article><article class=\"eael-grid-post  eael-post-grid-column eael-pg-post-19696 category-guate-nuestra tags-mercado-emprendedores\" data-id=\"19696\">\n        <div class=\"eael-grid-post-holder\">\n            <div class=\"eael-grid-post-holder-inner\"><div class=\"eael-entry-media\"><div class=\"eael-entry-overlay fade-in\"><i class=\"far fa-hand-pointer\" aria-hidden=\"true\"><\/i><a href=\"https:\/\/soymigrante.com\/revista\/hamacas-kemert-25-anos-de-historia-calidad-y-tradicion-familiar-ahora-en-mercado\/\"><\/a><\/div><div class=\"eael-entry-thumbnail eael-image-ratio\">\n                <img loading=\"lazy\" decoding=\"async\" width=\"1024\" height=\"368\" src=\"https:\/\/soymigrante.com\/revista\/wp-content\/uploads\/2025\/01\/IMG-20250108-WA0005-1024x368.jpg\" class=\"attachment-large size-large wp-image-19835\" alt=\"Entretejido artesanal colorido en mercado tradicional mexicano, exhibiendo tejidos y accesorios culturales, representando la riqueza de la cultura ind\u00edgena en comunidades rurales.\" srcset=\"https:\/\/soymigrante.com\/revista\/wp-content\/uploads\/2025\/01\/IMG-20250108-WA0005-1024x368.jpg 1024w, https:\/\/soymigrante.com\/revista\/wp-content\/uploads\/2025\/01\/IMG-20250108-WA0005-300x108.jpg 300w, https:\/\/soymigrante.com\/revista\/wp-content\/uploads\/2025\/01\/IMG-20250108-WA0005-768x276.jpg 768w, https:\/\/soymigrante.com\/revista\/wp-content\/uploads\/2025\/01\/IMG-20250108-WA0005-750x270.webp 750w, https:\/\/soymigrante.com\/revista\/wp-content\/uploads\/2025\/01\/IMG-20250108-WA0005-1140x410.webp 1140w, https:\/\/soymigrante.com\/revista\/wp-content\/uploads\/2025\/01\/IMG-20250108-WA0005.webp 1280w\" sizes=\"(max-width: 1024px) 100vw, 1024px\" \/>\n            <\/div>\n        <\/div><div class=\"eael-entry-wrapper\"><header class=\"eael-entry-header\"><h2 class=\"eael-entry-title\"><a class=\"eael-grid-post-link\" href=\"https:\/\/soymigrante.com\/revista\/hamacas-kemert-25-anos-de-historia-calidad-y-tradicion-familiar-ahora-en-mercado\/\" title=\"Hamacas Kemert: 25 a\u00f1os de  tradici\u00f3n familiar, calidad y descanso, ahora en MERCADO\">Hamacas Kemert: 25 a\u00f1os de  tradici\u00f3n familiar, calidad y descanso, ahora en MERCADO<\/a><\/h2><\/header><div class=\"eael-entry-content\">\n                        <div class=\"eael-grid-post-excerpt\"><p>Desde Pastores, Sacatep\u00e9quez, Hamacas Kemert ha tejido una historia de esfuerzo y pasi\u00f3n que abarca un cuarto de siglo. Este emprendimiento familiar, ofrece hamacas de alta calidad que ahora est\u00e1n en SoyMigrante.com MERCADO. Con 25 a\u00f1os en el mercado, Hamacas Kemert se distingue por la dedicaci\u00f3n de la familia Canil....<\/p><a href=\"https:\/\/soymigrante.com\/revista\/hamacas-kemert-25-anos-de-historia-calidad-y-tradicion-familiar-ahora-en-mercado\/\" class=\"eael-post-elements-readmore-btn\">CONOCE SU HISTORIA  Y PRODUCTOS, QUIZ\u00c1 AQU\u00cd EST\u00c1 TU OBSEQUIO IDEAL<\/a><\/div>\n                    <\/div><\/div><\/div>\n        <\/div>\n    <\/article><article class=\"eael-grid-post  eael-post-grid-column eael-pg-post-12756 category-guate-nuestra tags-mercado-emprendedores\" data-id=\"12756\">\n        <div class=\"eael-grid-post-holder\">\n            <div class=\"eael-grid-post-holder-inner\"><div class=\"eael-entry-media\"><div class=\"eael-entry-overlay fade-in\"><i class=\"far fa-hand-pointer\" aria-hidden=\"true\"><\/i><a href=\"https:\/\/soymigrante.com\/revista\/granola-del-comal-nacio-del-amor-de-marina-chen-al-esperar-a-su-bebe\/\"><\/a><\/div><div class=\"eael-entry-thumbnail eael-image-ratio\">\n                <img loading=\"lazy\" decoding=\"async\" width=\"1024\" height=\"768\" src=\"https:\/\/soymigrante.com\/revista\/wp-content\/uploads\/2024\/11\/Marina-Chen-y-su-emprendimiento-de-granola-saludable-1-1024x768.jpeg\" class=\"attachment-large size-large wp-image-12758\" alt=\"Artesan\u00eda mexicana, tradiciones culturales, cultura de M\u00e9xico, autodidacta, comunidad ind\u00edgena, belleza cultural.\" \/>\n            <\/div>\n        <\/div><div class=\"eael-entry-wrapper\"><header class=\"eael-entry-header\"><h2 class=\"eael-entry-title\"><a class=\"eael-grid-post-link\" href=\"https:\/\/soymigrante.com\/revista\/granola-del-comal-nacio-del-amor-de-marina-chen-al-esperar-a-su-bebe\/\" title=\"Granola Del Comal naci\u00f3 del amor de Marina Chen al esperar a su beb\u00e9\">Granola Del Comal naci\u00f3 del amor de Marina Chen al esperar a su beb\u00e9<\/a><\/h2><\/header><div class=\"eael-entry-content\">\n                        <div class=\"eael-grid-post-excerpt\"><p>El cuidado de tener una sana nutrici\u00f3n durante su primer embarazo impuls\u00f3 a Marina Chen a buscar una dieta natural. Esto la llev\u00f3 a elaborar su propia receta artesanal de granola, que ahora distribuye bajo su marca Del Comal, disponible ahora a trav\u00e9s de SoyMigrante.com MERCADO &#8220;Soy Gloria Marina Chen...<\/p><a href=\"https:\/\/soymigrante.com\/revista\/granola-del-comal-nacio-del-amor-de-marina-chen-al-esperar-a-su-bebe\/\" class=\"eael-post-elements-readmore-btn\">CONOCE SU HISTORIA  Y PRODUCTOS, QUIZ\u00c1 AQU\u00cd EST\u00c1 TU OBSEQUIO IDEAL<\/a><\/div>\n                    <\/div><\/div><\/div>\n        <\/div>\n    <\/article><article class=\"eael-grid-post  eael-post-grid-column eael-pg-post-23861 category-guate-nuestra tags-mercado-emprendedores\" data-id=\"23861\">\n        <div class=\"eael-grid-post-holder\">\n            <div class=\"eael-grid-post-holder-inner\"><div class=\"eael-entry-media\"><div class=\"eael-entry-overlay fade-in\"><i class=\"far fa-hand-pointer\" aria-hidden=\"true\"><\/i><a href=\"https:\/\/soymigrante.com\/revista\/brinlox-joyeria-un-sueno-familiar-convertido-en-arte-y-emprendimiento\/\"><\/a><\/div><div class=\"eael-entry-thumbnail eael-image-ratio\">\n                <img loading=\"lazy\" decoding=\"async\" width=\"478\" height=\"513\" src=\"https:\/\/soymigrante.com\/revista\/wp-content\/uploads\/2025\/02\/brinlox-3.webp\" class=\"attachment-large size-large wp-image-23915\" alt=\"Brazaletes y pendientes de oro con piedras preciosas y dise\u00f1o elegante, ideales para mujeres audaces y sofisticadas. Accesorios de alta calidad y estilo para ocasiones especiales.\" srcset=\"https:\/\/soymigrante.com\/revista\/wp-content\/uploads\/2025\/02\/brinlox-3.webp 478w, https:\/\/soymigrante.com\/revista\/wp-content\/uploads\/2025\/02\/brinlox-3-280x300.jpg 280w\" sizes=\"(max-width: 478px) 100vw, 478px\" \/>\n            <\/div>\n        <\/div><div class=\"eael-entry-wrapper\"><header class=\"eael-entry-header\"><h2 class=\"eael-entry-title\"><a class=\"eael-grid-post-link\" href=\"https:\/\/soymigrante.com\/revista\/brinlox-joyeria-un-sueno-familiar-convertido-en-arte-y-emprendimiento\/\" title=\"Brinlox Joyer\u00eda: Un sue\u00f1o familiar convertido en detalles de elegancia y distinci\u00f3n\">Brinlox Joyer\u00eda: Un sue\u00f1o familiar convertido en detalles de elegancia y distinci\u00f3n<\/a><\/h2><\/header><div class=\"eael-entry-content\">\n                        <div class=\"eael-grid-post-excerpt\"><p>Hace una d\u00e9cada, Jairo Estuardo Similox inici\u00f3 Brinlox Joyer\u00eda junto a su esposa y un familiar, enfrentando desaf\u00edos y apostando por la calidad artesanal. Sin tienda f\u00edsica, pero con determinaci\u00f3n, lograron posicionarse en el mercado con piezas exclusivas de oro y plata, combinando creatividad y tradici\u00f3n. Lo que comenz\u00f3 como...<\/p><a href=\"https:\/\/soymigrante.com\/revista\/brinlox-joyeria-un-sueno-familiar-convertido-en-arte-y-emprendimiento\/\" class=\"eael-post-elements-readmore-btn\">CONOCE SU HISTORIA  Y PRODUCTOS, QUIZ\u00c1 AQU\u00cd EST\u00c1 TU OBSEQUIO IDEAL<\/a><\/div>\n                    <\/div><\/div><\/div>\n        <\/div>\n    <\/article><\/div>\n            <div class=\"clearfix\"><\/div>\n        <\/div>\t\t\t\t<\/div>\n\t\t\t\t\t<\/div>\n\t\t\t\t<\/div>\n\t\t<div data-particle_enable=\"false\" data-particle-mobile-disabled=\"false\" class=\"elementor-element elementor-element-94920f1 e-flex e-con-boxed e-con e-parent\" data-id=\"94920f1\" data-element_type=\"container\" data-e-type=\"container\">\n\t\t\t\t\t<div class=\"e-con-inner\">\n\t\t\t\t<div class=\"elementor-element elementor-element-f0402b3 elementor-widget elementor-widget-heading\" data-id=\"f0402b3\" data-element_type=\"widget\" data-e-type=\"widget\" data-widget_type=\"heading.default\">\n\t\t\t\t\t<h2 class=\"elementor-heading-title elementor-size-default\">Hay m\u00e1s, much\u00edsimo m\u00e1s: explora y encuentra<\/h2>\t\t\t\t<\/div>\n\t\t\t\t\t<\/div>\n\t\t\t\t<\/div>\n\t\t<div data-particle_enable=\"false\" data-particle-mobile-disabled=\"false\" class=\"elementor-element elementor-element-1609805 e-flex e-con-boxed e-con e-parent\" data-id=\"1609805\" data-element_type=\"container\" data-e-type=\"container\">\n\t\t\t\t\t<div class=\"e-con-inner\">\n\t\t\t\t<div class=\"elementor-element elementor-element-4853063 elementor-widget elementor-widget-image\" data-id=\"4853063\" data-element_type=\"widget\" data-e-type=\"widget\" data-widget_type=\"image.default\">\n\t\t\t\t\t\t\t\t\t\t\t\t<figure class=\"wp-caption\">\n\t\t\t\t\t\t\t\t\t\t\t<a href=\"https:\/\/soymigrante.com\/mercado\/\">\n\t\t\t\t\t\t\t<img loading=\"lazy\" decoding=\"async\" width=\"1024\" height=\"289\" src=\"https:\/\/soymigrante.com\/revista\/wp-content\/uploads\/2025\/02\/mercado-1024x289.png\" class=\"attachment-large size-large wp-image-24906\" alt=\"Env\u00edos gratis en SoyMigrante.com Mercado, promoci\u00f3n de env\u00edo gratuito durante febrero para todas las compras en Guatemala.\" srcset=\"https:\/\/soymigrante.com\/revista\/wp-content\/uploads\/2025\/02\/mercado-1024x289.png 1024w, https:\/\/soymigrante.com\/revista\/wp-content\/uploads\/2025\/02\/mercado-300x85.png 300w, https:\/\/soymigrante.com\/revista\/wp-content\/uploads\/2025\/02\/mercado-768x217.png 768w, https:\/\/soymigrante.com\/revista\/wp-content\/uploads\/2025\/02\/mercado-1536x433.png 1536w, https:\/\/soymigrante.com\/revista\/wp-content\/uploads\/2025\/02\/mercado-750x212.webp 750w, https:\/\/soymigrante.com\/revista\/wp-content\/uploads\/2025\/02\/mercado-1140x322.webp 1140w, https:\/\/soymigrante.com\/revista\/wp-content\/uploads\/2025\/02\/mercado.webp 1800w\" sizes=\"(max-width: 1024px) 100vw, 1024px\" title=\"SoyMigrante.com MERCADO es una comunidad que uno a emprendedores y compradores de toda Guatemala. \u2013 SoyMigrante.com REVISTA\" \/>\t\t\t\t\t\t\t\t<\/a>\n\t\t\t\t\t\t\t\t\t\t\t<figcaption class=\"widget-image-caption wp-caption-text\">Disfruta de env\u00edos gratis, compra segura y entrega garantizada en SoyMigrante.com; la revista para migrantes y comunidades internacionales.<\/figcaption>\n\t\t\t\t\t\t\t\t\t\t<\/figure>\n\t\t\t\t\t\t\t\t\t<\/div>\n\t\t\t\t\t<\/div>\n\t\t\t\t<\/div>\n\t\t\t\t<\/div>\n\t\t","protected":false},"excerpt":{"rendered":"<p>A menudo se necesita un obsequio original y muy guatemalteco para algun cumplea\u00f1os, ocasi\u00f3n especial o simplemente para expresar amistad y cari\u00f1o. En SoyMigrante. com MERCADO hay opciones muy especiales. Detr\u00e1s de cada obsequio de cumplea\u00f1os, por alguna conmemoraci\u00f3n o simplemente para manifestar afecto y aprecio siempre hay una historia de amor, amistad y momentos [&hellip;]<\/p>\n","protected":false},"author":7,"featured_media":16055,"comment_status":"open","ping_status":"open","sticky":false,"template":"","format":"standard","meta":{"_acf_changed":false,"_eb_attr":"","footnotes":""},"categories":[55],"tags":[],"class_list":["post-24888","post","type-post","status-publish","format-standard","has-post-thumbnail","hentry","category-bienestar"],"acf":[],"aioseo_notices":[],"aioseo_head":"\n\t\t<!-- All in One SEO Pro 4.9.6.2 - aioseo.com -->\n\t<meta name=\"description\" content=\"Hace una d\u00e9cada, Jairo Estuardo Similox inici\u00f3 Brinlox Joyer\u00eda junto a su esposa y un familiar, enfrentando desaf\u00edos y apostando por la calidad artesanal. Sin tienda f\u00edsica, pero con determinaci\u00f3n, lograron posicionarse en el mercado con piezas exclusivas de oro y plata, combinando creatividad y tradici\u00f3n.\" \/>\n\t<meta name=\"robots\" content=\"max-snippet:-1, max-image-preview:large, max-video-preview:-1\" \/>\n\t<meta name=\"author\" content=\"Beatriz Tercero\"\/>\n\t<link rel=\"canonical\" href=\"https:\/\/soymigrante.com\/revista\/brinlox-joyeria-un-sueno-familiar-convertido-en-arte-y-emprendimiento\/\" \/>\n\t<meta name=\"generator\" content=\"All in One SEO Pro (AIOSEO) 4.9.6.2\" \/>\n\n\t\t<link rel=\"preconnect\" href=\"https:\/\/fonts.googleapis.com\" crossorigin>\n<link rel=\"preconnect\" href=\"https:\/\/fonts.gstatic.com\" crossorigin>\n\t\t<meta property=\"og:locale\" content=\"es_ES\" \/>\n\t\t<meta property=\"og:site_name\" content=\"SoyMigrante.com REVISTA \u2013 Nuestra misi\u00f3n es reconocer y dignificar al migrante.\" \/>\n\t\t<meta property=\"og:type\" content=\"article\" \/>\n\t\t<meta property=\"og:title\" content=\"Brinlox Joyer\u00eda: Un sue\u00f1o familiar convertido en arte y emprendimiento\" \/>\n\t\t<meta property=\"og:description\" content=\"Hace una d\u00e9cada, Jairo Estuardo Similox inici\u00f3 Brinlox Joyer\u00eda junto a su esposa y un familiar, enfrentando desaf\u00edos y apostando por la calidad artesanal. Sin tienda f\u00edsica, pero con determinaci\u00f3n, lograron posicionarse en el mercado con piezas exclusivas de oro y plata, combinando creatividad y tradici\u00f3n.\" \/>\n\t\t<meta property=\"og:url\" content=\"https:\/\/soymigrante.com\/revista\/brinlox-joyeria-un-sueno-familiar-convertido-en-arte-y-emprendimiento\/\" \/>\n\t\t<meta property=\"og:image\" content=\"https:\/\/soymigrante.com\/revista\/wp-content\/uploads\/2025\/02\/brinlox-3.webp\" \/>\n\t\t<meta property=\"og:image:secure_url\" content=\"https:\/\/soymigrante.com\/revista\/wp-content\/uploads\/2025\/02\/brinlox-3.webp\" \/>\n\t\t<meta property=\"og:image:width\" content=\"478\" \/>\n\t\t<meta property=\"og:image:height\" content=\"513\" \/>\n\t\t<meta property=\"article:published_time\" content=\"2025-02-05T12:30:00+00:00\" \/>\n\t\t<meta property=\"article:modified_time\" content=\"2025-07-21T18:27:14+00:00\" \/>\n\t\t<meta property=\"article:publisher\" content=\"https:\/\/www.facebook.com\/soymigrantecom\" \/>\n\t\t<meta name=\"twitter:card\" content=\"summary_large_image\" \/>\n\t\t<meta name=\"twitter:site\" content=\"@SoyMigrante_com\" \/>\n\t\t<meta name=\"twitter:title\" content=\"Brinlox Joyer\u00eda: Un sue\u00f1o familiar convertido en arte y emprendimiento\" \/>\n\t\t<meta name=\"twitter:description\" content=\"Hace una d\u00e9cada, Jairo Estuardo Similox inici\u00f3 Brinlox Joyer\u00eda junto a su esposa y un familiar, enfrentando desaf\u00edos y apostando por la calidad artesanal. Sin tienda f\u00edsica, pero con determinaci\u00f3n, lograron posicionarse en el mercado con piezas exclusivas de oro y plata, combinando creatividad y tradici\u00f3n.\" \/>\n\t\t<meta name=\"twitter:creator\" content=\"@SoyMigrante_com\" \/>\n\t\t<meta name=\"twitter:image\" content=\"https:\/\/soymigrante.com\/revista\/wp-content\/uploads\/2025\/02\/brinlox-3.webp\" \/>\n\t\t<!-- All in One SEO Pro -->\r\n\t\t<title>Brinlox Joyer\u00eda: Un sue\u00f1o familiar convertido en arte y emprendimiento<\/title>\n\n","aioseo_head_json":{"title":"Brinlox Joyer\u00eda: Un sue\u00f1o familiar convertido en arte y emprendimiento","description":"Hace una d\u00e9cada, Jairo Estuardo Similox inici\u00f3 Brinlox Joyer\u00eda junto a su esposa y un familiar, enfrentando desaf\u00edos y apostando por la calidad artesanal. Sin tienda f\u00edsica, pero con determinaci\u00f3n, lograron posicionarse en el mercado con piezas exclusivas de oro y plata, combinando creatividad y tradici\u00f3n.","canonical_url":"https:\/\/soymigrante.com\/revista\/brinlox-joyeria-un-sueno-familiar-convertido-en-arte-y-emprendimiento\/","robots":"max-snippet:-1, max-image-preview:large, max-video-preview:-1","keywords":"","webmasterTools":{"miscellaneous":"&lt;link rel=\"preconnect\" href=\"https:\/\/fonts.googleapis.com\" crossorigin&gt;\n&lt;link rel=\"preconnect\" href=\"https:\/\/fonts.gstatic.com\" crossorigin&gt;"},"schema":null,"og:locale":"es_ES","og:site_name":"SoyMigrante.com REVISTA \u2013 Nuestra misi\u00f3n es reconocer y dignificar al migrante.","og:type":"article","og:title":"Brinlox Joyer\u00eda: Un sue\u00f1o familiar convertido en arte y emprendimiento","og:description":"Hace una d\u00e9cada, Jairo Estuardo Similox inici\u00f3 Brinlox Joyer\u00eda junto a su esposa y un familiar, enfrentando desaf\u00edos y apostando por la calidad artesanal. Sin tienda f\u00edsica, pero con determinaci\u00f3n, lograron posicionarse en el mercado con piezas exclusivas de oro y plata, combinando creatividad y tradici\u00f3n.","og:url":"https:\/\/soymigrante.com\/revista\/brinlox-joyeria-un-sueno-familiar-convertido-en-arte-y-emprendimiento\/","og:image":"https:\/\/soymigrante.com\/revista\/wp-content\/uploads\/2025\/02\/brinlox-3.webp","og:image:secure_url":"https:\/\/soymigrante.com\/revista\/wp-content\/uploads\/2025\/02\/brinlox-3.webp","og:image:width":478,"og:image:height":513,"article:published_time":"2025-02-05T12:30:00+00:00","article:modified_time":"2025-07-21T18:27:14+00:00","article:publisher":"https:\/\/www.facebook.com\/soymigrantecom","twitter:card":"summary_large_image","twitter:site":"@SoyMigrante_com","twitter:title":"Brinlox Joyer\u00eda: Un sue\u00f1o familiar convertido en arte y emprendimiento","twitter:description":"Hace una d\u00e9cada, Jairo Estuardo Similox inici\u00f3 Brinlox Joyer\u00eda junto a su esposa y un familiar, enfrentando desaf\u00edos y apostando por la calidad artesanal. Sin tienda f\u00edsica, pero con determinaci\u00f3n, lograron posicionarse en el mercado con piezas exclusivas de oro y plata, combinando creatividad y tradici\u00f3n.","twitter:creator":"@SoyMigrante_com","twitter:image":"https:\/\/soymigrante.com\/revista\/wp-content\/uploads\/2025\/02\/brinlox-3.webp"},"aioseo_meta_data":{"post_id":"24888","title":"Elige obsequios originales muy guatemaltecos en MERCADO","description":"Manos guatemaltecas elaboran accesorios y detalles \u00fanicos que pueden convertirse en ese obsequio especial para un cumplea\u00f1os, una celebraci\u00f3n o expresar cari\u00f1o.","keywords":null,"keyphrases":{"focus":{"keyphrase":"Obsequio","score":76,"analysis":{"keyphraseInTitle":{"score":3,"maxScore":9,"error":1},"keyphraseInDescription":{"score":9,"maxScore":9,"error":0},"keyphraseLength":{"score":9,"maxScore":9,"error":0,"length":1},"keyphraseInURL":{"score":1,"maxScore":5,"error":1},"keyphraseInIntroduction":{"score":9,"maxScore":9,"error":0},"keyphraseInSubHeadings":{"score":9,"maxScore":9,"error":0},"keyphraseInImageAlt":{"score":3,"maxScore":9,"error":1},"keywordDensity":{"type":"best","score":9,"maxScore":9,"error":0}}},"additional":[{"keyphrase":"MERCADO","score":73,"analysis":{"keyphraseInDescription":{"score":3,"maxScore":9,"error":1},"keyphraseLength":{"score":9,"maxScore":9,"error":0,"length":1},"keyphraseInIntroduction":{"score":3,"maxScore":9,"error":1},"keyphraseInImageAlt":{"score":9,"maxScore":9,"error":0},"keywordDensity":{"type":"best","score":9,"maxScore":9,"error":0}}},{"keyphrase":"guatemalteco","score":40,"analysis":{"keyphraseInDescription":{"score":3,"maxScore":9,"error":1},"keyphraseLength":{"score":9,"maxScore":9,"error":0,"length":1},"keyphraseInIntroduction":{"score":3,"maxScore":9,"error":1},"keyphraseInImageAlt":{"score":3,"maxScore":9,"error":1},"keywordDensity":{"score":0,"type":"low","maxScore":9,"error":1}}}]},"primary_term":null,"canonical_url":null,"og_title":null,"og_description":null,"og_object_type":"default","og_image_type":"default","og_image_url":null,"og_image_width":null,"og_image_height":null,"og_image_custom_url":null,"og_image_custom_fields":null,"og_video":"","og_custom_url":null,"og_article_section":null,"og_article_tags":null,"twitter_use_og":false,"twitter_card":"default","twitter_image_type":"default","twitter_image_url":null,"twitter_image_custom_url":null,"twitter_image_custom_fields":null,"twitter_title":null,"twitter_description":null,"schema":{"blockGraphs":[],"customGraphs":[],"default":{"data":{"Article":[],"Course":[],"Dataset":[],"FAQPage":[],"Movie":[],"Person":[],"Product":[],"ProductReview":[],"Car":[],"Recipe":[],"Service":[],"SoftwareApplication":[],"WebPage":[]},"graphName":"NewsArticle","isEnabled":true},"graphs":[]},"schema_type":"default","schema_type_options":null,"pillar_content":false,"robots_default":true,"robots_noindex":false,"robots_noarchive":false,"robots_nosnippet":false,"robots_nofollow":false,"robots_noimageindex":false,"robots_noodp":false,"robots_notranslate":false,"robots_max_snippet":"-1","robots_max_videopreview":"-1","robots_max_imagepreview":"large","priority":null,"frequency":"default","local_seo":null,"seo_analyzer_scan_date":null,"breadcrumb_settings":null,"limit_modified_date":false,"reviewed_by":"0","open_ai":"{\"title\":{\"suggestions\":[],\"usage\":0},\"description\":{\"suggestions\":[],\"usage\":0}}","ai":{"faqs":[],"keyPoints":[],"titles":[],"descriptions":[],"socialPosts":{"email":[],"linkedin":[],"twitter":[],"facebook":[],"instagram":[]}},"created":"2025-02-11 16:18:52","updated":"2026-03-06 15:45:39"},"aioseo_breadcrumb":"<div class=\"aioseo-breadcrumbs\"><span class=\"aioseo-breadcrumb\">\n\t<a href=\"https:\/\/soymigrante.com\/revista\" title=\"Home\">Home<\/a>\n<\/span><span class=\"aioseo-breadcrumb-separator\">\u00bb<\/span><span class=\"aioseo-breadcrumb\">\n\t<a href=\"https:\/\/soymigrante.com\/revista\/category\/bienestar\/\" title=\"Bienestar\">Bienestar<\/a>\n<\/span><span class=\"aioseo-breadcrumb-separator\">\u00bb<\/span><span class=\"aioseo-breadcrumb\">\n\tDetr\u00e1s de un gran obsequio siempre hay una gran historia: adquiere productos guatemaltecos llenos de  calidad y significado\n<\/span><\/div>","aioseo_breadcrumb_json":[{"label":"Home","link":"https:\/\/soymigrante.com\/revista"},{"label":"Bienestar","link":"https:\/\/soymigrante.com\/revista\/category\/bienestar\/"},{"label":"Detr\u00e1s de un gran obsequio siempre hay una gran historia: adquiere productos guatemaltecos llenos de  calidad y significado","link":"https:\/\/soymigrante.com\/revista\/que-regalar-el-dia-de-san-valentin-es-una-buena-pregunta-en-mercado-hay-respuestas-originales\/"}],"_links":{"self":[{"href":"https:\/\/soymigrante.com\/revista\/wp-json\/wp\/v2\/posts\/24888","targetHints":{"allow":["GET"]}}],"collection":[{"href":"https:\/\/soymigrante.com\/revista\/wp-json\/wp\/v2\/posts"}],"about":[{"href":"https:\/\/soymigrante.com\/revista\/wp-json\/wp\/v2\/types\/post"}],"author":[{"embeddable":true,"href":"https:\/\/soymigrante.com\/revista\/wp-json\/wp\/v2\/users\/7"}],"replies":[{"embeddable":true,"href":"https:\/\/soymigrante.com\/revista\/wp-json\/wp\/v2\/comments?post=24888"}],"version-history":[{"count":1,"href":"https:\/\/soymigrante.com\/revista\/wp-json\/wp\/v2\/posts\/24888\/revisions"}],"predecessor-version":[{"id":51758,"href":"https:\/\/soymigrante.com\/revista\/wp-json\/wp\/v2\/posts\/24888\/revisions\/51758"}],"wp:featuredmedia":[{"embeddable":true,"href":"https:\/\/soymigrante.com\/revista\/wp-json\/wp\/v2\/media\/16055"}],"wp:attachment":[{"href":"https:\/\/soymigrante.com\/revista\/wp-json\/wp\/v2\/media?parent=24888"}],"wp:term":[{"taxonomy":"category","embeddable":true,"href":"https:\/\/soymigrante.com\/revista\/wp-json\/wp\/v2\/categories?post=24888"},{"taxonomy":"post_tag","embeddable":true,"href":"https:\/\/soymigrante.com\/revista\/wp-json\/wp\/v2\/tags?post=24888"}],"curies":[{"name":"wp","href":"https:\/\/api.w.org\/{rel}","templated":true}]}}