{"id":24805,"date":"2025-02-11T15:21:21","date_gmt":"2025-02-11T21:21:21","guid":{"rendered":"https:\/\/soymigrante.com\/revista\/?p=24805"},"modified":"2025-02-11T15:23:41","modified_gmt":"2025-02-11T21:23:41","slug":"santiago-atitlan-es-otro-de-los-pueblos-alrededor-del-lago-mas-bello-del-mundo","status":"publish","type":"post","link":"https:\/\/soymigrante.com\/revista\/santiago-atitlan-es-otro-de-los-pueblos-alrededor-del-lago-mas-bello-del-mundo\/","title":{"rendered":"Santiago Atitl\u00e1n es otro de los pueblos alrededor del lago m\u00e1s bello del mundo"},"content":{"rendered":"\t\t<div data-elementor-type=\"wp-post\" data-elementor-id=\"24805\" class=\"elementor elementor-24805\" data-elementor-post-type=\"post\">\n\t\t\t\t<div data-particle_enable=\"false\" data-particle-mobile-disabled=\"false\" class=\"elementor-element elementor-element-69c6533 e-flex e-con-boxed e-con e-parent\" data-id=\"69c6533\" data-element_type=\"container\" data-e-type=\"container\">\n\t\t\t\t\t<div class=\"e-con-inner\">\n\t\t\t\t<div class=\"elementor-element elementor-element-adb5db0 elementor-widget elementor-widget-heading\" data-id=\"adb5db0\" data-element_type=\"widget\" data-e-type=\"widget\" data-widget_type=\"heading.default\">\n\t\t\t\t\t<h2 class=\"elementor-heading-title elementor-size-default\">Ubicado en la ribera sur del majestuoso lago de Atitl\u00e1n, Santiago Atitl\u00e1n se erige como un basti\u00f3n de la cultura Tz'utujil, ofreciendo a visitantes y locales una rica amalgama de historia, tradiciones ancestrales y paisajes impresionantes.<\/h2>\t\t\t\t<\/div>\n\t\t\t\t\t<\/div>\n\t\t\t\t<\/div>\n\t\t<div data-particle_enable=\"false\" data-particle-mobile-disabled=\"false\" class=\"elementor-element elementor-element-7de7e52 e-flex e-con-boxed e-con e-parent\" data-id=\"7de7e52\" data-element_type=\"container\" data-e-type=\"container\">\n\t\t\t\t\t<div class=\"e-con-inner\">\n\t\t\t\t<div class=\"elementor-element elementor-element-a7bfa33 elementor-widget elementor-widget-text-editor\" data-id=\"a7bfa33\" data-element_type=\"widget\" data-e-type=\"widget\" data-widget_type=\"text-editor.default\">\n\t\t\t\t\t\t\t\t\t<p>Ubicado en la ribera sur del majestuoso lago de Atitl\u00e1n, Santiago Atitl\u00e1n se erige como un basti\u00f3n de la cultura Tz&#8217;utujil, ofreciendo a visitantes y locales una rica amalgama de historia, tradiciones ancestrales y paisajes impresionantes.<\/p><p>Descubre este pueblo sololateco a la orilla del lago de Atitl\u00e1n m\u00e1s all\u00e1: su historia m\u00edstica y singular tz&#8217;utujil.\u00a0<\/p>\t\t\t\t\t\t\t\t<\/div>\n\t\t\t\t\t<\/div>\n\t\t\t\t<\/div>\n\t\t<div data-particle_enable=\"false\" data-particle-mobile-disabled=\"false\" class=\"elementor-element elementor-element-c2aa9ce e-flex e-con-boxed e-con e-parent\" data-id=\"c2aa9ce\" data-element_type=\"container\" data-e-type=\"container\">\n\t\t\t\t\t<div class=\"e-con-inner\">\n\t\t\t\t<div class=\"elementor-element elementor-element-e0f7771 elementor-widget elementor-widget-image\" data-id=\"e0f7771\" data-element_type=\"widget\" data-e-type=\"widget\" data-widget_type=\"image.default\">\n\t\t\t\t\t\t\t\t\t\t\t\t<figure class=\"wp-caption\">\n\t\t\t\t\t\t\t\t\t\t<img fetchpriority=\"high\" decoding=\"async\" width=\"720\" height=\"540\" src=\"https:\/\/soymigrante.com\/revista\/wp-content\/uploads\/2025\/02\/santiago-atitlan-igelisa.webp\" class=\"attachment-large size-large wp-image-24848\" alt=\"Catedral colonial en un pueblo de M\u00e9xico con grupos de habitantes y visitantes en la plaza central, en un d\u00eda soleado.\" srcset=\"https:\/\/soymigrante.com\/revista\/wp-content\/uploads\/2025\/02\/santiago-atitlan-igelisa.webp 720w, https:\/\/soymigrante.com\/revista\/wp-content\/uploads\/2025\/02\/santiago-atitlan-igelisa-300x225.jpg 300w\" sizes=\"(max-width: 720px) 100vw, 720px\" title=\"santiago atitlan igelisa \u2013 SoyMigrante.com REVISTA\" \/>\t\t\t\t\t\t\t\t\t\t\t<figcaption class=\"widget-image-caption wp-caption-text\">Imagen de la catedral colonial en un pueblo mexicano, con personas congregadas en la plaza central para eventos culturales o religiosos, bajo un cielo despejado.<\/figcaption>\n\t\t\t\t\t\t\t\t\t\t<\/figure>\n\t\t\t\t\t\t\t\t\t<\/div>\n\t\t\t\t\t<\/div>\n\t\t\t\t<\/div>\n\t\t<div data-particle_enable=\"false\" data-particle-mobile-disabled=\"false\" class=\"elementor-element elementor-element-e3222f9 e-flex e-con-boxed e-con e-parent\" data-id=\"e3222f9\" data-element_type=\"container\" data-e-type=\"container\">\n\t\t\t\t\t<div class=\"e-con-inner\">\n\t\t\t\t<div class=\"elementor-element elementor-element-1d61006 elementor-widget elementor-widget-heading\" data-id=\"1d61006\" data-element_type=\"widget\" data-e-type=\"widget\" data-widget_type=\"heading.default\">\n\t\t\t\t\t<h3 class=\"elementor-heading-title elementor-size-default\">\u00bfQu\u00e9 significa Santiago Atitl\u00e1n?<\/h3>\t\t\t\t<\/div>\n\t\t\t\t\t<\/div>\n\t\t\t\t<\/div>\n\t\t<div data-particle_enable=\"false\" data-particle-mobile-disabled=\"false\" class=\"elementor-element elementor-element-897d2e8 e-flex e-con-boxed e-con e-parent\" data-id=\"897d2e8\" data-element_type=\"container\" data-e-type=\"container\">\n\t\t\t\t\t<div class=\"e-con-inner\">\n\t\t\t\t<div class=\"elementor-element elementor-element-e3545fe elementor-widget elementor-widget-text-editor\" data-id=\"e3545fe\" data-element_type=\"widget\" data-e-type=\"widget\" data-widget_type=\"text-editor.default\">\n\t\t\t\t\t\t\t\t\t<p>Santiago Atitl\u00e1n, cuyo nombre en n\u00e1huatl significa &#8220;pueblo cerca del agua&#8221;, ha sido un asentamiento significativo desde tiempos precolombinos. Originalmente conocido como Chuitinamit, fue la capital del pueblo Tz&#8217;utujil antes de la llegada de los espa\u00f1oles. Con la colonizaci\u00f3n, el pueblo fue renombrado en honor a Santiago Ap\u00f3stol, fusionando as\u00ed las tradiciones ind\u00edgenas con la fe cat\u00f3lica impuesta.<\/p><p>A lo largo de los siglos, Santiago Atitl\u00e1n ha sido testigo de eventos hist\u00f3ricos cruciales, incluyendo episodios de violencia durante el conflicto armado interno de Guatemala, como el asesinato del sacerdote Stanley Rother en 1981 y la masacre de 14 personas en 1990. <\/p>\t\t\t\t\t\t\t\t<\/div>\n\t\t\t\t\t<\/div>\n\t\t\t\t<\/div>\n\t\t<div data-particle_enable=\"false\" data-particle-mobile-disabled=\"false\" class=\"elementor-element elementor-element-e51d5be e-flex e-con-boxed e-con e-parent\" data-id=\"e51d5be\" data-element_type=\"container\" data-e-type=\"container\">\n\t\t\t\t\t<div class=\"e-con-inner\">\n\t\t\t\t<div class=\"elementor-element elementor-element-c1ecdaa elementor-widget elementor-widget-image\" data-id=\"c1ecdaa\" data-element_type=\"widget\" data-e-type=\"widget\" data-widget_type=\"image.default\">\n\t\t\t\t\t\t\t\t\t\t\t\t<figure class=\"wp-caption\">\n\t\t\t\t\t\t\t\t\t\t<img decoding=\"async\" width=\"768\" height=\"512\" src=\"https:\/\/soymigrante.com\/revista\/wp-content\/uploads\/2025\/02\/santiago-atitlan3.webp\" class=\"attachment-large size-large wp-image-24847\" alt=\"B\u00fasqueda de im\u00e1genes, naturaleza, aves ex\u00f3ticas en un \u00e1rbol, ecosistema selv\u00e1tico, fauna silvestre, conservaci\u00f3n ambiental, imagen del bosque lluvioso, biodiversidad tropical, vida salvaje en su h\u00e1bitat natural, fotograf.\" srcset=\"https:\/\/soymigrante.com\/revista\/wp-content\/uploads\/2025\/02\/santiago-atitlan3.webp 810w, https:\/\/soymigrante.com\/revista\/wp-content\/uploads\/2025\/02\/santiago-atitlan3-300x200.jpg 300w, https:\/\/soymigrante.com\/revista\/wp-content\/uploads\/2025\/02\/santiago-atitlan3-768x512.jpg 768w, https:\/\/soymigrante.com\/revista\/wp-content\/uploads\/2025\/02\/santiago-atitlan3-750x500.webp 750w\" sizes=\"(max-width: 768px) 100vw, 768px\" title=\"santiago atitlan3 \u2013 SoyMigrante.com REVISTA\" \/>\t\t\t\t\t\t\t\t\t\t\t<figcaption class=\"widget-image-caption wp-caption-text\">Revista SoyMigrante.com: biodiversidad, naturaleza, cultura migrante y actualidad en Am\u00e9rica Latina.<\/figcaption>\n\t\t\t\t\t\t\t\t\t\t<\/figure>\n\t\t\t\t\t\t\t\t\t<\/div>\n\t\t\t\t\t<\/div>\n\t\t\t\t<\/div>\n\t\t<div data-particle_enable=\"false\" data-particle-mobile-disabled=\"false\" class=\"elementor-element elementor-element-1de119c e-flex e-con-boxed e-con e-parent\" data-id=\"1de119c\" data-element_type=\"container\" data-e-type=\"container\">\n\t\t\t\t\t<div class=\"e-con-inner\">\n\t\t\t\t<div class=\"elementor-element elementor-element-f61c63a elementor-widget elementor-widget-heading\" data-id=\"f61c63a\" data-element_type=\"widget\" data-e-type=\"widget\" data-widget_type=\"heading.default\">\n\t\t\t\t\t<h3 class=\"elementor-heading-title elementor-size-default\">\u00bfQu\u00e9 cultura predomina en Santiago Atitl\u00e1n?<\/h3>\t\t\t\t<\/div>\n\t\t\t\t\t<\/div>\n\t\t\t\t<\/div>\n\t\t<div data-particle_enable=\"false\" data-particle-mobile-disabled=\"false\" class=\"elementor-element elementor-element-cfee7c3 e-flex e-con-boxed e-con e-parent\" data-id=\"cfee7c3\" data-element_type=\"container\" data-e-type=\"container\">\n\t\t\t\t\t<div class=\"e-con-inner\">\n\t\t\t\t<div class=\"elementor-element elementor-element-2704079 elementor-widget elementor-widget-text-editor\" data-id=\"2704079\" data-element_type=\"widget\" data-e-type=\"widget\" data-widget_type=\"text-editor.default\">\n\t\t\t\t\t\t\t\t\t<p>Este municipio es un epicentro de la cultura Tz&#8217;utujil. Las mujeres son reconocidas por sus habilidades en el tejido con telar de cintura, creando textiles que narran historias y simbolismos ancestrales.<\/p><p>Con una poblaci\u00f3n mayoritariamente ind\u00edgena Tz&#8217;utujil, Santiago Atitl\u00e1n ha mantenido vivas sus tradiciones y lengua a lo largo de los a\u00f1os. A pesar de los desaf\u00edos hist\u00f3ricos, la comunidad ha demostrado resiliencia y un compromiso con la preservaci\u00f3n de su identidad cultural.<\/p>\t\t\t\t\t\t\t\t<\/div>\n\t\t\t\t\t<\/div>\n\t\t\t\t<\/div>\n\t\t<div data-particle_enable=\"false\" data-particle-mobile-disabled=\"false\" class=\"elementor-element elementor-element-ab3fa88 e-flex e-con-boxed e-con e-parent\" data-id=\"ab3fa88\" data-element_type=\"container\" data-e-type=\"container\">\n\t\t\t\t\t<div class=\"e-con-inner\">\n\t\t\t\t<div class=\"elementor-element elementor-element-eef4e6d elementor-widget elementor-widget-google_maps\" data-id=\"eef4e6d\" data-element_type=\"widget\" data-e-type=\"widget\" data-widget_type=\"google_maps.default\">\n\t\t\t\t\t\t\t<div class=\"elementor-custom-embed\">\n\t\t\t<iframe loading=\"lazy\"\n\t\t\t\t\tsrc=\"https:\/\/maps.google.com\/maps?q=Municipio%20de%20Santiago%20Atitl%C3%A1n&#038;t=m&#038;z=10&#038;output=embed&#038;iwloc=near\"\n\t\t\t\t\ttitle=\"Municipio de Santiago Atitl\u00e1n\"\n\t\t\t\t\taria-label=\"Municipio de Santiago Atitl\u00e1n\"\n\t\t\t><\/iframe>\n\t\t<\/div>\n\t\t\t\t\t\t<\/div>\n\t\t\t\t\t<\/div>\n\t\t\t\t<\/div>\n\t\t<div data-particle_enable=\"false\" data-particle-mobile-disabled=\"false\" class=\"elementor-element elementor-element-408e925 e-flex e-con-boxed e-con e-parent\" data-id=\"408e925\" data-element_type=\"container\" data-e-type=\"container\">\n\t\t\t\t\t<div class=\"e-con-inner\">\n\t\t\t\t<div class=\"elementor-element elementor-element-8473ed4 elementor-widget elementor-widget-heading\" data-id=\"8473ed4\" data-element_type=\"widget\" data-e-type=\"widget\" data-widget_type=\"heading.default\">\n\t\t\t\t\t<h3 class=\"elementor-heading-title elementor-size-default\">\u00bfCu\u00e1ndo es su fiesta patronal?<\/h3>\t\t\t\t<\/div>\n\t\t\t\t\t<\/div>\n\t\t\t\t<\/div>\n\t\t<div data-particle_enable=\"false\" data-particle-mobile-disabled=\"false\" class=\"elementor-element elementor-element-286d211 e-flex e-con-boxed e-con e-parent\" data-id=\"286d211\" data-element_type=\"container\" data-e-type=\"container\">\n\t\t\t\t\t<div class=\"e-con-inner\">\n\t\t\t\t<div class=\"elementor-element elementor-element-eb0ae08 elementor-widget elementor-widget-text-editor\" data-id=\"eb0ae08\" data-element_type=\"widget\" data-e-type=\"widget\" data-widget_type=\"text-editor.default\">\n\t\t\t\t\t\t\t\t\t<p>Situado en la ribera sur del Lago de Atitl\u00e1n, en el departamento de Solol\u00e1, Santiago Atitl\u00e1n se encuentra entre los imponentes volcanes San Pedro y Tolim\u00e1n. La fiesta patronal en honor a Santiago Ap\u00f3stol se celebra el 25 de julio, con procesiones, danzas tradicionales y otras actividades culturales que reflejan la profunda devoci\u00f3n religiosa de la comunidad.<\/p>\t\t\t\t\t\t\t\t<\/div>\n\t\t\t\t\t<\/div>\n\t\t\t\t<\/div>\n\t\t<div data-particle_enable=\"false\" data-particle-mobile-disabled=\"false\" class=\"elementor-element elementor-element-5985d3b e-flex e-con-boxed e-con e-parent\" data-id=\"5985d3b\" data-element_type=\"container\" data-e-type=\"container\">\n\t\t\t\t\t<div class=\"e-con-inner\">\n\t\t\t\t<div class=\"elementor-element elementor-element-7b9032c elementor-widget elementor-widget-video\" data-id=\"7b9032c\" data-element_type=\"widget\" data-e-type=\"widget\" data-settings=\"{&quot;youtube_url&quot;:&quot;https:\\\/\\\/www.youtube.com\\\/watch?v=8f-lNlsBu9g&quot;,&quot;video_type&quot;:&quot;youtube&quot;,&quot;controls&quot;:&quot;yes&quot;}\" data-widget_type=\"video.default\">\n\t\t\t\t\t\t\t<div class=\"elementor-wrapper elementor-open-inline\">\n\t\t\t<div class=\"elementor-video\"><\/div>\t\t<\/div>\n\t\t\t\t\t\t<\/div>\n\t\t\t\t\t<\/div>\n\t\t\t\t<\/div>\n\t\t<div data-particle_enable=\"false\" data-particle-mobile-disabled=\"false\" class=\"elementor-element elementor-element-ed464c6 e-flex e-con-boxed e-con e-parent\" data-id=\"ed464c6\" data-element_type=\"container\" data-e-type=\"container\">\n\t\t\t\t\t<div class=\"e-con-inner\">\n\t\t\t\t<div class=\"elementor-element elementor-element-1b47812 elementor-widget elementor-widget-heading\" data-id=\"1b47812\" data-element_type=\"widget\" data-e-type=\"widget\" data-widget_type=\"heading.default\">\n\t\t\t\t\t<h3 class=\"elementor-heading-title elementor-size-default\">\u00bfQu\u00e9 caracteriza a Santiago Atitl\u00e1n?<\/h3>\t\t\t\t<\/div>\n\t\t\t\t\t<\/div>\n\t\t\t\t<\/div>\n\t\t<div data-particle_enable=\"false\" data-particle-mobile-disabled=\"false\" class=\"elementor-element elementor-element-907a21a e-flex e-con-boxed e-con e-parent\" data-id=\"907a21a\" data-element_type=\"container\" data-e-type=\"container\">\n\t\t\t\t\t<div class=\"e-con-inner\">\n\t\t\t\t<div class=\"elementor-element elementor-element-3359b7f elementor-widget elementor-widget-text-editor\" data-id=\"3359b7f\" data-element_type=\"widget\" data-e-type=\"widget\" data-widget_type=\"text-editor.default\">\n\t\t\t\t\t\t\t\t\t<p>Las costumbres de Santiago Atitl\u00e1n est\u00e1n profundamente arraigadas en la cosmovisi\u00f3n maya. Las ceremonias religiosas combinan elementos cat\u00f3licos e ind\u00edgenas, y las festividades locales son momentos de gran significado espiritual y comunitario.<\/p><p>El arte del tejido es una tradici\u00f3n venerada, y los textiles producidos en la regi\u00f3n son apreciados por su calidad y dise\u00f1o.<\/p>\t\t\t\t\t\t\t\t<\/div>\n\t\t\t\t\t<\/div>\n\t\t\t\t<\/div>\n\t\t<div data-particle_enable=\"false\" data-particle-mobile-disabled=\"false\" class=\"elementor-element elementor-element-93e84af e-flex e-con-boxed e-con e-parent\" data-id=\"93e84af\" data-element_type=\"container\" data-e-type=\"container\">\n\t\t\t\t\t<div class=\"e-con-inner\">\n\t\t\t\t<div class=\"elementor-element elementor-element-a2da27c elementor-widget elementor-widget-text-editor\" data-id=\"a2da27c\" data-element_type=\"widget\" data-e-type=\"widget\" data-widget_type=\"text-editor.default\">\n\t\t\t\t\t\t\t\t\t<p>Los huipiles de Santiago Atitl\u00e1n son \u00fanicos en Guatemala, pues destacan por sus dise\u00f1os elaborados y la riqueza de sus colores. Se caracterizan por figuras de p\u00e1jaros, flores y otros elementos de la naturaleza, representando la conexi\u00f3n de la comunidad con su entorno.<\/p><ul><li>Tradicionalmente, las mujeres usan huipiles con fondo blanco y bordados multicolores, diferenci\u00e1ndolos de otros pueblos del Lago de Atitl\u00e1n.<\/li><li>Fajas y cortes: Las fajas (cinturones tejidos) son accesorios esenciales en la vestimenta femenina, adornadas con figuras geom\u00e9tricas o motivos naturales.<\/li><li>El corte (falda tradicional) es una pieza de tela gruesa y tejida, con l\u00edneas de colores que le dan un aspecto distintivo.<\/li><li>Rebozos y perrajes: Los rebozos o perrajes son piezas de tela largas y decoradas que las mujeres usan para cubrirse o cargar objetos, incluyendo beb\u00e9s. Suelen estar elaborados en colores vibrantes con patrones simb\u00f3licos mayas.<\/li><li>Tejidos para decoraci\u00f3n y artesan\u00eda: Se elaboran manteles, bolsos, chales, bufandas y cojines con los mismos dise\u00f1os que los huipiles tradicionales.<\/li><\/ul>\t\t\t\t\t\t\t\t<\/div>\n\t\t\t\t\t<\/div>\n\t\t\t\t<\/div>\n\t\t<div data-particle_enable=\"false\" data-particle-mobile-disabled=\"false\" class=\"elementor-element elementor-element-4826c62 e-flex e-con-boxed e-con e-parent\" data-id=\"4826c62\" data-element_type=\"container\" data-e-type=\"container\">\n\t\t\t\t\t<div class=\"e-con-inner\">\n\t\t\t\t<div class=\"elementor-element elementor-element-568c0d3 elementor-widget elementor-widget-image\" data-id=\"568c0d3\" data-element_type=\"widget\" data-e-type=\"widget\" data-widget_type=\"image.default\">\n\t\t\t\t\t\t\t\t\t\t\t\t<figure class=\"wp-caption\">\n\t\t\t\t\t\t\t\t\t\t<img decoding=\"async\" width=\"768\" height=\"960\" src=\"https:\/\/soymigrante.com\/revista\/wp-content\/uploads\/2025\/02\/tejidos-819x1024.jpg\" class=\"attachment-large size-large wp-image-24834\" alt=\"Artesan\u00eda textil en proceso, mujeres creando tejidos tradicionales en un taller artesanal, reflejando cultura y sostenibilidad, en el contexto de revistas y medios migrantes.\" srcset=\"https:\/\/soymigrante.com\/revista\/wp-content\/uploads\/2025\/02\/tejidos-819x1024.jpg 819w, https:\/\/soymigrante.com\/revista\/wp-content\/uploads\/2025\/02\/tejidos-240x300.jpg 240w, https:\/\/soymigrante.com\/revista\/wp-content\/uploads\/2025\/02\/tejidos-768x960.jpg 768w, https:\/\/soymigrante.com\/revista\/wp-content\/uploads\/2025\/02\/tejidos-750x938.webp 750w, https:\/\/soymigrante.com\/revista\/wp-content\/uploads\/2025\/02\/tejidos.webp 1080w\" sizes=\"(max-width: 768px) 100vw, 768px\" title=\"tejidos \u2013 SoyMigrante.com REVISTA\" \/>\t\t\t\t\t\t\t\t\t\t\t<figcaption class=\"widget-image-caption wp-caption-text\">Personas tomando fotos de artesanos que trabajan en un taller de tejidos tradicionales, promoviendo la cultura y el arte textil en comunidades migrantes.<\/figcaption>\n\t\t\t\t\t\t\t\t\t\t<\/figure>\n\t\t\t\t\t\t\t\t\t<\/div>\n\t\t\t\t\t<\/div>\n\t\t\t\t<\/div>\n\t\t<div data-particle_enable=\"false\" data-particle-mobile-disabled=\"false\" class=\"elementor-element elementor-element-9ff913c e-flex e-con-boxed e-con e-parent\" data-id=\"9ff913c\" data-element_type=\"container\" data-e-type=\"container\">\n\t\t\t\t\t<div class=\"e-con-inner\">\n\t\t\t\t<div class=\"elementor-element elementor-element-f239290 elementor-widget elementor-widget-heading\" data-id=\"f239290\" data-element_type=\"widget\" data-e-type=\"widget\" data-widget_type=\"heading.default\">\n\t\t\t\t\t<h3 class=\"elementor-heading-title elementor-size-default\">\u00bfSabes cu\u00e1l es el platillo tradicional?<\/h3>\t\t\t\t<\/div>\n\t\t\t\t\t<\/div>\n\t\t\t\t<\/div>\n\t\t<div data-particle_enable=\"false\" data-particle-mobile-disabled=\"false\" class=\"elementor-element elementor-element-989367e e-flex e-con-boxed e-con e-parent\" data-id=\"989367e\" data-element_type=\"container\" data-e-type=\"container\">\n\t\t\t\t\t<div class=\"e-con-inner\">\n\t\t\t\t<div class=\"elementor-element elementor-element-6a74c6d elementor-widget elementor-widget-text-editor\" data-id=\"6a74c6d\" data-element_type=\"widget\" data-e-type=\"widget\" data-widget_type=\"text-editor.default\">\n\t\t\t\t\t\t\t\t\t<p>La gastronom\u00eda de Santiago Atitl\u00e1n es un reflejo de su herencia cultural. El &#8220;pat\u00edn&#8221; es un plato emblem\u00e1tico, elaborado con pescado del lago envuelto en hojas de mash\u00e1n y cocido con hierbas y especias locales. Este platillo es una muestra de la conexi\u00f3n profunda entre la comunidad y su entorno natural.<\/p>\t\t\t\t\t\t\t\t<\/div>\n\t\t\t\t\t<\/div>\n\t\t\t\t<\/div>\n\t\t<div data-particle_enable=\"false\" data-particle-mobile-disabled=\"false\" class=\"elementor-element elementor-element-cd696e7 e-flex e-con-boxed e-con e-parent\" data-id=\"cd696e7\" data-element_type=\"container\" data-e-type=\"container\">\n\t\t\t\t\t<div class=\"e-con-inner\">\n\t\t\t\t<div class=\"elementor-element elementor-element-12a9cd4 elementor-widget elementor-widget-video\" data-id=\"12a9cd4\" data-element_type=\"widget\" data-e-type=\"widget\" data-settings=\"{&quot;youtube_url&quot;:&quot;https:\\\/\\\/www.youtube.com\\\/watch?v=gXqbl6Lcd-w&quot;,&quot;video_type&quot;:&quot;youtube&quot;,&quot;controls&quot;:&quot;yes&quot;}\" data-widget_type=\"video.default\">\n\t\t\t\t\t\t\t<div class=\"elementor-wrapper elementor-open-inline\">\n\t\t\t<div class=\"elementor-video\"><\/div>\t\t<\/div>\n\t\t\t\t\t\t<\/div>\n\t\t\t\t\t<\/div>\n\t\t\t\t<\/div>\n\t\t<div data-particle_enable=\"false\" data-particle-mobile-disabled=\"false\" class=\"elementor-element elementor-element-cacd4c7 e-flex e-con-boxed e-con e-parent\" data-id=\"cacd4c7\" data-element_type=\"container\" data-e-type=\"container\">\n\t\t\t\t\t<div class=\"e-con-inner\">\n\t\t\t\t<div class=\"elementor-element elementor-element-c603727 elementor-widget elementor-widget-heading\" data-id=\"c603727\" data-element_type=\"widget\" data-e-type=\"widget\" data-widget_type=\"heading.default\">\n\t\t\t\t\t<h3 class=\"elementor-heading-title elementor-size-default\">M\u00e1s all\u00e1 de las tradiciones<\/h3>\t\t\t\t<\/div>\n\t\t\t\t\t<\/div>\n\t\t\t\t<\/div>\n\t\t<div data-particle_enable=\"false\" data-particle-mobile-disabled=\"false\" class=\"elementor-element elementor-element-c9f393c e-flex e-con-boxed e-con e-parent\" data-id=\"c9f393c\" data-element_type=\"container\" data-e-type=\"container\">\n\t\t\t\t\t<div class=\"e-con-inner\">\n\t\t\t\t<div class=\"elementor-element elementor-element-d35f19e elementor-widget elementor-widget-text-editor\" data-id=\"d35f19e\" data-element_type=\"widget\" data-e-type=\"widget\" data-widget_type=\"text-editor.default\">\n\t\t\t\t\t\t\t\t\t<p>Entre los principales atractivos tur\u00edsticos se encuentran la Iglesia de Santiago Ap\u00f3stol, una edificaci\u00f3n colonial que alberga valiosas im\u00e1genes religiosas; el mirador del Rey Tepepul, que ofrece vistas panor\u00e1micas del lago y los volcanes circundantes; y el mercado local, donde se pueden adquirir textiles y artesan\u00edas tradicionales.<\/p><p>Santiago Atitl\u00e1n es hogar de diversas leyendas que forman parte de su rica tradici\u00f3n oral. Una de las m\u00e1s conocidas es la de Rilaj Mam o Maxim\u00f3n, una figura venerada que representa la dualidad y es objeto de rituales y ofrendas por parte de los habitantes.<\/p>\t\t\t\t\t\t\t\t<\/div>\n\t\t\t\t\t<\/div>\n\t\t\t\t<\/div>\n\t\t<div data-particle_enable=\"false\" data-particle-mobile-disabled=\"false\" class=\"elementor-element elementor-element-db06a79 e-flex e-con-boxed e-con e-parent\" data-id=\"db06a79\" data-element_type=\"container\" data-e-type=\"container\">\n\t\t\t\t\t<div class=\"e-con-inner\">\n\t\t\t\t<div class=\"elementor-element elementor-element-df82309 elementor-widget elementor-widget-heading\" data-id=\"df82309\" data-element_type=\"widget\" data-e-type=\"widget\" data-widget_type=\"heading.default\">\n\t\t\t\t\t<h2 class=\"elementor-heading-title elementor-size-default\">Conoce Guatemala a trav\u00e9s de sus pueblos<\/h2>\t\t\t\t<\/div>\n\t\t\t\t\t<\/div>\n\t\t\t\t<\/div>\n\t\t<div data-particle_enable=\"false\" data-particle-mobile-disabled=\"false\" class=\"elementor-element elementor-element-c640eb8 e-flex e-con-boxed e-con e-parent\" data-id=\"c640eb8\" data-element_type=\"container\" data-e-type=\"container\">\n\t\t\t\t\t<div class=\"e-con-inner\">\n\t\t\t\t<div class=\"elementor-element elementor-element-30a0e88 elementor-grid-eael-col-3 elementor-grid-tablet-eael-col-2 elementor-grid-mobile-eael-col-1 elementor-widget elementor-widget-eael-post-grid\" data-id=\"30a0e88\" data-element_type=\"widget\" data-e-type=\"widget\" data-settings=\"{&quot;eael_post_grid_columns&quot;:&quot;eael-col-3&quot;,&quot;eael_post_grid_columns_tablet&quot;:&quot;eael-col-2&quot;,&quot;eael_post_grid_columns_mobile&quot;:&quot;eael-col-1&quot;}\" data-widget_type=\"eael-post-grid.default\">\n\t\t\t\t\t<div id=\"eael-post-grid-30a0e88\" class=\"eael-post-grid-container\">\n            <div class=\"eael-post-grid eael-post-appender eael-post-appender-30a0e88 eael-post-grid-style-one\" data-layout-mode=\"masonry\"><article class=\"eael-grid-post  eael-post-grid-column eael-pg-post-22978 category-guate-nuestra\" data-id=\"22978\">\n        <div class=\"eael-grid-post-holder\">\n            <div class=\"eael-grid-post-holder-inner\"><div class=\"eael-entry-media\"><div class=\"eael-entry-overlay fade-in\"><i class=\"far fa-hand-pointer\" aria-hidden=\"true\"><\/i><a href=\"https:\/\/soymigrante.com\/revista\/san-marcos-la-laguna-pueblos-del-lago-de-atitlan\/\"><\/a><\/div><div class=\"eael-entry-thumbnail \">\n                <img loading=\"lazy\" decoding=\"async\" width=\"1024\" height=\"1014\" src=\"https:\/\/soymigrante.com\/revista\/wp-content\/uploads\/2025\/01\/San-Marcos-La-Laguna-feature-1024x1014.jpg\" class=\"attachment-large size-large wp-image-23040\" alt=\"Saltando del muelle en el lago de Atitl\u00e1n con un grupo de amigos durante un d\u00eda soleado en Guatemala.\" srcset=\"https:\/\/soymigrante.com\/revista\/wp-content\/uploads\/2025\/01\/San-Marcos-La-Laguna-feature-1024x1014.jpg 1024w, https:\/\/soymigrante.com\/revista\/wp-content\/uploads\/2025\/01\/San-Marcos-La-Laguna-feature-300x297.jpg 300w, https:\/\/soymigrante.com\/revista\/wp-content\/uploads\/2025\/01\/San-Marcos-La-Laguna-feature-150x150.jpg 150w, https:\/\/soymigrante.com\/revista\/wp-content\/uploads\/2025\/01\/San-Marcos-La-Laguna-feature-768x760.jpg 768w, https:\/\/soymigrante.com\/revista\/wp-content\/uploads\/2025\/01\/San-Marcos-La-Laguna-feature-75x75.webp 75w, https:\/\/soymigrante.com\/revista\/wp-content\/uploads\/2025\/01\/San-Marcos-La-Laguna-feature-750x742.webp 750w, https:\/\/soymigrante.com\/revista\/wp-content\/uploads\/2025\/01\/San-Marcos-La-Laguna-feature.webp 1080w\" sizes=\"(max-width: 1024px) 100vw, 1024px\" \/>\n            <\/div>\n        <\/div><div class=\"eael-entry-wrapper\"><header class=\"eael-entry-header\"><h2 class=\"eael-entry-title\"><a class=\"eael-grid-post-link\" href=\"https:\/\/soymigrante.com\/revista\/san-marcos-la-laguna-pueblos-del-lago-de-atitlan\/\" title=\"San Marcos La Laguna: Un pueblo en la ribera de Atitl\u00e1n fundado por los k&#8217;aqchik&#8217;el\">San Marcos La Laguna: Un pueblo en la ribera de Atitl\u00e1n fundado por los k&#8217;aqchik&#8217;el<\/a><\/h2><\/header><div class=\"eael-entry-content\">\n                        <div class=\"eael-grid-post-excerpt\"><a href=\"https:\/\/soymigrante.com\/revista\/san-marcos-la-laguna-pueblos-del-lago-de-atitlan\/\" class=\"eael-post-elements-readmore-btn\">CONOCE SU HISTORIA <\/a><\/div>\n                    <\/div><\/div><\/div>\n        <\/div>\n    <\/article><article class=\"eael-grid-post  eael-post-grid-column eael-pg-post-22821 category-guate-nuestra\" data-id=\"22821\">\n        <div class=\"eael-grid-post-holder\">\n            <div class=\"eael-grid-post-holder-inner\"><div class=\"eael-entry-media\"><div class=\"eael-entry-overlay fade-in\"><i class=\"far fa-hand-pointer\" aria-hidden=\"true\"><\/i><a href=\"https:\/\/soymigrante.com\/revista\/san-pablo-la-laguna-tradicion-historia-y-encanto-del-pueblo-tzutujil\/\"><\/a><\/div><div class=\"eael-entry-thumbnail \">\n                <img loading=\"lazy\" decoding=\"async\" width=\"1024\" height=\"1024\" src=\"https:\/\/soymigrante.com\/revista\/wp-content\/uploads\/2025\/01\/san-pablo-la-laguna-gente-1024x1024.jpg\" class=\"attachment-large size-large wp-image-22861\" alt=\"Colombia mujer ind\u00edgena en vestimenta tradicional con flores y frutas coloridas, en una pose alegre y cultural.\" srcset=\"https:\/\/soymigrante.com\/revista\/wp-content\/uploads\/2025\/01\/san-pablo-la-laguna-gente-1024x1024.jpg 1024w, https:\/\/soymigrante.com\/revista\/wp-content\/uploads\/2025\/01\/san-pablo-la-laguna-gente-300x300.jpg 300w, https:\/\/soymigrante.com\/revista\/wp-content\/uploads\/2025\/01\/san-pablo-la-laguna-gente-150x150.jpg 150w, https:\/\/soymigrante.com\/revista\/wp-content\/uploads\/2025\/01\/san-pablo-la-laguna-gente-768x768.jpg 768w, https:\/\/soymigrante.com\/revista\/wp-content\/uploads\/2025\/01\/san-pablo-la-laguna-gente-75x75.webp 75w, https:\/\/soymigrante.com\/revista\/wp-content\/uploads\/2025\/01\/san-pablo-la-laguna-gente-750x750.webp 750w, https:\/\/soymigrante.com\/revista\/wp-content\/uploads\/2025\/01\/san-pablo-la-laguna-gente.webp 1092w\" sizes=\"(max-width: 1024px) 100vw, 1024px\" \/>\n            <\/div>\n        <\/div><div class=\"eael-entry-wrapper\"><header class=\"eael-entry-header\"><h2 class=\"eael-entry-title\"><a class=\"eael-grid-post-link\" href=\"https:\/\/soymigrante.com\/revista\/san-pablo-la-laguna-tradicion-historia-y-encanto-del-pueblo-tzutujil\/\" title=\"San Pablo La Laguna: Tradici\u00f3n, historia y encanto del pueblo tz&#8217;utujil\">San Pablo La Laguna: Tradici\u00f3n, historia y encanto del pueblo tz&#8217;utujil<\/a><\/h2><\/header><div class=\"eael-entry-content\">\n                        <div class=\"eael-grid-post-excerpt\"><a href=\"https:\/\/soymigrante.com\/revista\/san-pablo-la-laguna-tradicion-historia-y-encanto-del-pueblo-tzutujil\/\" class=\"eael-post-elements-readmore-btn\">CONOCE SU HISTORIA <\/a><\/div>\n                    <\/div><\/div><\/div>\n        <\/div>\n    <\/article><article class=\"eael-grid-post  eael-post-grid-column eael-pg-post-17128 category-estamos-unidos\" data-id=\"17128\">\n        <div class=\"eael-grid-post-holder\">\n            <div class=\"eael-grid-post-holder-inner\"><div class=\"eael-entry-media\"><div class=\"eael-entry-overlay fade-in\"><i class=\"far fa-hand-pointer\" aria-hidden=\"true\"><\/i><a href=\"https:\/\/soymigrante.com\/revista\/santa-catarina-palopo-modelo-de-turismo-sostenible-y-de-estancia-encantadora\/\"><\/a><\/div><div class=\"eael-entry-thumbnail \">\n                <img loading=\"lazy\" decoding=\"async\" width=\"1024\" height=\"609\" src=\"https:\/\/soymigrante.com\/revista\/wp-content\/uploads\/2024\/12\/santa-catarina-palopo-solola-impresionante-e1740020033470-1024x609.webp\" class=\"attachment-large size-large wp-image-17178\" alt=\"Paisaje urbano de una comunidad en una zona monta\u00f1osa, con casas coloridas y vegetaci\u00f3n abundante, destacando en un entorno natural y cultural en M\u00e9xico.\" srcset=\"https:\/\/soymigrante.com\/revista\/wp-content\/uploads\/2024\/12\/santa-catarina-palopo-solola-impresionante-e1740020033470-1024x609.webp 1024w, https:\/\/soymigrante.com\/revista\/wp-content\/uploads\/2024\/12\/santa-catarina-palopo-solola-impresionante-e1740020033470-300x178.webp 300w, https:\/\/soymigrante.com\/revista\/wp-content\/uploads\/2024\/12\/santa-catarina-palopo-solola-impresionante-e1740020033470-768x457.webp 768w, https:\/\/soymigrante.com\/revista\/wp-content\/uploads\/2024\/12\/santa-catarina-palopo-solola-impresionante-e1740020033470-750x446.webp 750w, https:\/\/soymigrante.com\/revista\/wp-content\/uploads\/2024\/12\/santa-catarina-palopo-solola-impresionante-e1740020033470.webp 1079w\" sizes=\"(max-width: 1024px) 100vw, 1024px\" \/>\n            <\/div>\n        <\/div><div class=\"eael-entry-wrapper\"><header class=\"eael-entry-header\"><h2 class=\"eael-entry-title\"><a class=\"eael-grid-post-link\" href=\"https:\/\/soymigrante.com\/revista\/santa-catarina-palopo-modelo-de-turismo-sostenible-y-de-estancia-encantadora\/\" title=\"Santa Catarina Palop\u00f3, pueblo que impulsa turismo sostenible y  estad\u00eda placentera\">Santa Catarina Palop\u00f3, pueblo que impulsa turismo sostenible y  estad\u00eda placentera<\/a><\/h2><\/header><div class=\"eael-entry-content\">\n                        <div class=\"eael-grid-post-excerpt\"><a href=\"https:\/\/soymigrante.com\/revista\/santa-catarina-palopo-modelo-de-turismo-sostenible-y-de-estancia-encantadora\/\" class=\"eael-post-elements-readmore-btn\">CONOCE SU HISTORIA <\/a><\/div>\n                    <\/div><\/div><\/div>\n        <\/div>\n    <\/article><\/div>\n            <div class=\"clearfix\"><\/div>\n        <\/div>\t\t\t\t<\/div>\n\t\t\t\t\t<\/div>\n\t\t\t\t<\/div>\n\t\t\t\t<\/div>\n\t\t","protected":false},"excerpt":{"rendered":"<p>Ubicado en la ribera sur del majestuoso lago de Atitl\u00e1n, Santiago Atitl\u00e1n se erige como un basti\u00f3n de la cultura Tz&#8217;utujil, ofreciendo a visitantes y locales una rica amalgama de historia, tradiciones ancestrales y paisajes impresionantes. Ubicado en la ribera sur del majestuoso lago de Atitl\u00e1n, Santiago Atitl\u00e1n se erige como un basti\u00f3n de la [&hellip;]<\/p>\n","protected":false},"author":23,"featured_media":24855,"comment_status":"open","ping_status":"open","sticky":false,"template":"","format":"standard","meta":{"_acf_changed":false,"_eb_attr":"","footnotes":""},"categories":[58],"tags":[],"class_list":["post-24805","post","type-post","status-publish","format-standard","has-post-thumbnail","hentry","category-guate-nuestra"],"acf":[],"aioseo_notices":[],"aioseo_head":"\n\t\t<!-- All in One SEO Pro 4.9.6.2 - aioseo.com -->\n\t<meta name=\"description\" content=\"Santa Catarina Palop\u00f3, a la orilla orilla del Lago de Atitl\u00e1n, estuvo propuesto para la lista mundial Best Tourist Villages. No fue electo, pero su magia sigue.\" \/>\n\t<meta name=\"robots\" content=\"max-snippet:-1, max-image-preview:large, max-video-preview:-1\" \/>\n\t<meta name=\"author\" content=\"Beatriz Tercero\"\/>\n\t<link rel=\"canonical\" href=\"https:\/\/soymigrante.com\/revista\/santa-catarina-palopo-modelo-de-turismo-sostenible-y-de-estancia-encantadora\/\" \/>\n\t<meta name=\"generator\" content=\"All in One SEO Pro (AIOSEO) 4.9.6.2\" \/>\n\n\t\t<link rel=\"preconnect\" href=\"https:\/\/fonts.googleapis.com\" crossorigin>\n<link rel=\"preconnect\" href=\"https:\/\/fonts.gstatic.com\" crossorigin>\n\t\t<meta property=\"og:locale\" content=\"es_ES\" \/>\n\t\t<meta property=\"og:site_name\" content=\"SoyMigrante.com REVISTA \u2013 Nuestra misi\u00f3n es reconocer y dignificar al migrante.\" \/>\n\t\t<meta property=\"og:type\" content=\"article\" \/>\n\t\t<meta property=\"og:title\" content=\"Santa Catarina Palop\u00f3, un modelo de turismo sostenible reconocido a nivel mundial\" \/>\n\t\t<meta property=\"og:description\" content=\"Santa Catarina Palop\u00f3, a la orilla orilla del Lago de Atitl\u00e1n, estuvo propuesto para la lista mundial Best Tourist Villages. No fue electo, pero su magia sigue.\" \/>\n\t\t<meta property=\"og:url\" content=\"https:\/\/soymigrante.com\/revista\/santa-catarina-palopo-modelo-de-turismo-sostenible-y-de-estancia-encantadora\/\" \/>\n\t\t<meta property=\"og:image\" content=\"https:\/\/soymigrante.com\/revista\/wp-content\/uploads\/2024\/12\/santa-catarina-palopo-solola-impresionante-e1740020033470.webp\" \/>\n\t\t<meta property=\"og:image:secure_url\" content=\"https:\/\/soymigrante.com\/revista\/wp-content\/uploads\/2024\/12\/santa-catarina-palopo-solola-impresionante-e1740020033470.webp\" \/>\n\t\t<meta property=\"og:image:width\" content=\"1079\" \/>\n\t\t<meta property=\"og:image:height\" content=\"642\" \/>\n\t\t<meta property=\"article:published_time\" content=\"2024-12-20T12:00:00+00:00\" \/>\n\t\t<meta property=\"article:modified_time\" content=\"2024-12-22T00:11:13+00:00\" \/>\n\t\t<meta property=\"article:publisher\" content=\"https:\/\/www.facebook.com\/soymigrantecom\" \/>\n\t\t<meta name=\"twitter:card\" content=\"summary_large_image\" \/>\n\t\t<meta name=\"twitter:site\" content=\"@SoyMigrante_com\" \/>\n\t\t<meta name=\"twitter:title\" content=\"Santa Catarina Palop\u00f3, un modelo de turismo sostenible reconocido a nivel mundial\" \/>\n\t\t<meta name=\"twitter:description\" content=\"Santa Catarina Palop\u00f3, a la orilla orilla del Lago de Atitl\u00e1n, estuvo propuesto para la lista mundial Best Tourist Villages. No fue electo, pero su magia sigue.\" \/>\n\t\t<meta name=\"twitter:creator\" content=\"@SoyMigrante_com\" \/>\n\t\t<meta name=\"twitter:image\" content=\"https:\/\/soymigrante.com\/revista\/wp-content\/uploads\/2024\/12\/santa-catarina-palopo-solola-impresionante-e1740020033470.webp\" \/>\n\t\t<!-- All in One SEO Pro -->\r\n\t\t<title>Santa Catarina Palop\u00f3, un modelo de turismo sostenible reconocido a nivel mundial<\/title>\n\n","aioseo_head_json":{"title":"Santa Catarina Palop\u00f3, un modelo de turismo sostenible reconocido a nivel mundial","description":"Santa Catarina Palop\u00f3, a la orilla orilla del Lago de Atitl\u00e1n, estuvo propuesto para la lista mundial Best Tourist Villages. No fue electo, pero su magia sigue.","canonical_url":"https:\/\/soymigrante.com\/revista\/santa-catarina-palopo-modelo-de-turismo-sostenible-y-de-estancia-encantadora\/","robots":"max-snippet:-1, max-image-preview:large, max-video-preview:-1","keywords":"","webmasterTools":{"miscellaneous":"&lt;link rel=\"preconnect\" href=\"https:\/\/fonts.googleapis.com\" crossorigin&gt;\n&lt;link rel=\"preconnect\" href=\"https:\/\/fonts.gstatic.com\" crossorigin&gt;"},"schema":null,"og:locale":"es_ES","og:site_name":"SoyMigrante.com REVISTA \u2013 Nuestra misi\u00f3n es reconocer y dignificar al migrante.","og:type":"article","og:title":"Santa Catarina Palop\u00f3, un modelo de turismo sostenible reconocido a nivel mundial","og:description":"Santa Catarina Palop\u00f3, a la orilla orilla del Lago de Atitl\u00e1n, estuvo propuesto para la lista mundial Best Tourist Villages. No fue electo, pero su magia sigue.","og:url":"https:\/\/soymigrante.com\/revista\/santa-catarina-palopo-modelo-de-turismo-sostenible-y-de-estancia-encantadora\/","og:image":"https:\/\/soymigrante.com\/revista\/wp-content\/uploads\/2024\/12\/santa-catarina-palopo-solola-impresionante-e1740020033470.webp","og:image:secure_url":"https:\/\/soymigrante.com\/revista\/wp-content\/uploads\/2024\/12\/santa-catarina-palopo-solola-impresionante-e1740020033470.webp","og:image:width":1079,"og:image:height":642,"article:published_time":"2024-12-20T12:00:00+00:00","article:modified_time":"2024-12-22T00:11:13+00:00","article:publisher":"https:\/\/www.facebook.com\/soymigrantecom","twitter:card":"summary_large_image","twitter:site":"@SoyMigrante_com","twitter:title":"Santa Catarina Palop\u00f3, un modelo de turismo sostenible reconocido a nivel mundial","twitter:description":"Santa Catarina Palop\u00f3, a la orilla orilla del Lago de Atitl\u00e1n, estuvo propuesto para la lista mundial Best Tourist Villages. No fue electo, pero su magia sigue.","twitter:creator":"@SoyMigrante_com","twitter:image":"https:\/\/soymigrante.com\/revista\/wp-content\/uploads\/2024\/12\/santa-catarina-palopo-solola-impresionante-e1740020033470.webp"},"aioseo_meta_data":{"post_id":"24805","title":"\u00bfSabes qu\u00e9 significa Santiago Atitl\u00e1n en nahuatl?","description":"Conocido por sus vibrantes festividades, artesan\u00edas \u00fanicas y una gastronom\u00eda que deleita los sentidos, Santiago Atitl\u00e1n invita a sumergirse en la cultura maya","keywords":null,"keyphrases":{"focus":{"keyphrase":"Santiago Atitl\u00e1n","score":100,"analysis":{"keyphraseInTitle":{"score":9,"maxScore":9,"error":0},"keyphraseInDescription":{"score":9,"maxScore":9,"error":0},"keyphraseLength":{"score":9,"maxScore":9,"error":0,"length":3},"keyphraseInURL":{"score":5,"maxScore":5,"error":0}}},"additional":[{"keyphrase":"nahuatl","score":67,"analysis":{"keyphraseInDescription":{"score":3,"maxScore":9,"error":1},"keyphraseLength":{"score":9,"maxScore":9,"error":0,"length":1}}}]},"primary_term":null,"canonical_url":null,"og_title":null,"og_description":null,"og_object_type":"default","og_image_type":"default","og_image_url":null,"og_image_width":null,"og_image_height":null,"og_image_custom_url":null,"og_image_custom_fields":null,"og_video":"","og_custom_url":null,"og_article_section":null,"og_article_tags":null,"twitter_use_og":false,"twitter_card":"default","twitter_image_type":"default","twitter_image_url":null,"twitter_image_custom_url":null,"twitter_image_custom_fields":null,"twitter_title":null,"twitter_description":null,"schema":{"blockGraphs":[],"customGraphs":[],"default":{"data":{"Article":[],"Course":[],"Dataset":[],"FAQPage":[],"Movie":[],"Person":[],"Product":[],"ProductReview":[],"Car":[],"Recipe":[],"Service":[],"SoftwareApplication":[],"WebPage":[]},"graphName":"BlogPosting","isEnabled":true},"graphs":[]},"schema_type":"default","schema_type_options":null,"pillar_content":false,"robots_default":true,"robots_noindex":false,"robots_noarchive":false,"robots_nosnippet":false,"robots_nofollow":false,"robots_noimageindex":false,"robots_noodp":false,"robots_notranslate":false,"robots_max_snippet":"-1","robots_max_videopreview":"-1","robots_max_imagepreview":"large","priority":null,"frequency":"default","local_seo":null,"seo_analyzer_scan_date":"2025-10-09 02:36:06","breadcrumb_settings":null,"limit_modified_date":false,"reviewed_by":null,"open_ai":"{\"title\":{\"suggestions\":[],\"usage\":0},\"description\":{\"suggestions\":[],\"usage\":0}}","ai":null,"created":"2025-02-10 21:55:08","updated":"2026-02-04 21:13:55"},"aioseo_breadcrumb":"<div class=\"aioseo-breadcrumbs\"><span class=\"aioseo-breadcrumb\">\n\t<a href=\"https:\/\/soymigrante.com\/revista\" title=\"Home\">Home<\/a>\n<\/span><span class=\"aioseo-breadcrumb-separator\">\u00bb<\/span><span class=\"aioseo-breadcrumb\">\n\t<a href=\"https:\/\/soymigrante.com\/revista\/category\/guate-nuestra\/\" title=\"Guate Nuestra\">Guate Nuestra<\/a>\n<\/span><span class=\"aioseo-breadcrumb-separator\">\u00bb<\/span><span class=\"aioseo-breadcrumb\">\n\tSantiago Atitl\u00e1n es otro de los pueblos alrededor del lago m\u00e1s bello del mundo\n<\/span><\/div>","aioseo_breadcrumb_json":[{"label":"Home","link":"https:\/\/soymigrante.com\/revista"},{"label":"Guate Nuestra","link":"https:\/\/soymigrante.com\/revista\/category\/guate-nuestra\/"},{"label":"Santiago Atitl\u00e1n es otro de los pueblos alrededor del lago m\u00e1s bello del mundo","link":"https:\/\/soymigrante.com\/revista\/santiago-atitlan-es-otro-de-los-pueblos-alrededor-del-lago-mas-bello-del-mundo\/"}],"_links":{"self":[{"href":"https:\/\/soymigrante.com\/revista\/wp-json\/wp\/v2\/posts\/24805","targetHints":{"allow":["GET"]}}],"collection":[{"href":"https:\/\/soymigrante.com\/revista\/wp-json\/wp\/v2\/posts"}],"about":[{"href":"https:\/\/soymigrante.com\/revista\/wp-json\/wp\/v2\/types\/post"}],"author":[{"embeddable":true,"href":"https:\/\/soymigrante.com\/revista\/wp-json\/wp\/v2\/users\/23"}],"replies":[{"embeddable":true,"href":"https:\/\/soymigrante.com\/revista\/wp-json\/wp\/v2\/comments?post=24805"}],"version-history":[{"count":0,"href":"https:\/\/soymigrante.com\/revista\/wp-json\/wp\/v2\/posts\/24805\/revisions"}],"wp:featuredmedia":[{"embeddable":true,"href":"https:\/\/soymigrante.com\/revista\/wp-json\/wp\/v2\/media\/24855"}],"wp:attachment":[{"href":"https:\/\/soymigrante.com\/revista\/wp-json\/wp\/v2\/media?parent=24805"}],"wp:term":[{"taxonomy":"category","embeddable":true,"href":"https:\/\/soymigrante.com\/revista\/wp-json\/wp\/v2\/categories?post=24805"},{"taxonomy":"post_tag","embeddable":true,"href":"https:\/\/soymigrante.com\/revista\/wp-json\/wp\/v2\/tags?post=24805"}],"curies":[{"name":"wp","href":"https:\/\/api.w.org\/{rel}","templated":true}]}}