{"id":2480,"date":"2023-09-08T17:23:34","date_gmt":"2023-09-08T17:23:34","guid":{"rendered":"https:\/\/soymigrante.com\/revista\/?p=2480"},"modified":"2024-07-30T14:29:07","modified_gmt":"2024-07-30T20:29:07","slug":"isabel-emprendedora-y-migrante-conquista-con-el-sabor-guatemalteco-en-estados-unidos","status":"publish","type":"post","link":"https:\/\/soymigrante.com\/revista\/isabel-emprendedora-y-migrante-conquista-con-el-sabor-guatemalteco-en-estados-unidos\/","title":{"rendered":"Isabel emprendedora y migrante refresca con sabor guatemalteco en Los Angeles, California"},"content":{"rendered":"\t\t<div data-elementor-type=\"wp-post\" data-elementor-id=\"2480\" class=\"elementor elementor-2480\" data-elementor-post-type=\"post\">\n\t\t\t\t\t\t<section data-particle_enable=\"false\" data-particle-mobile-disabled=\"false\" class=\"elementor-section elementor-top-section elementor-element elementor-element-f2bd0b9 elementor-section-boxed elementor-section-height-default elementor-section-height-default\" data-id=\"f2bd0b9\" data-element_type=\"section\" data-e-type=\"section\">\n\t\t\t\t\t\t<div class=\"elementor-container elementor-column-gap-default\">\n\t\t\t\t\t<div class=\"elementor-column elementor-col-100 elementor-top-column elementor-element elementor-element-ef65e56\" data-id=\"ef65e56\" data-element_type=\"column\" data-e-type=\"column\">\n\t\t\t<div class=\"elementor-widget-wrap elementor-element-populated\">\n\t\t\t\t\t\t<div class=\"elementor-element elementor-element-465aa71 elementor-widget elementor-widget-heading\" data-id=\"465aa71\" data-element_type=\"widget\" data-e-type=\"widget\" data-widget_type=\"heading.default\">\n\t\t\t\t\t<h1 class=\"elementor-heading-title elementor-size-default\">Isabel L\u00f3pez es una mujer migrante guatemalteca que emprendi\u00f3 su negocio:  Granizadas Chapinas 502 en el coraz\u00f3n de Los Angeles, California.<\/h1>\t\t\t\t<\/div>\n\t\t\t\t\t<\/div>\n\t\t<\/div>\n\t\t\t\t\t<\/div>\n\t\t<\/section>\n\t\t\t\t<section data-particle_enable=\"false\" data-particle-mobile-disabled=\"false\" class=\"elementor-section elementor-top-section elementor-element elementor-element-efcee68 elementor-section-boxed elementor-section-height-default elementor-section-height-default\" data-id=\"efcee68\" data-element_type=\"section\" data-e-type=\"section\">\n\t\t\t\t\t\t<div class=\"elementor-container elementor-column-gap-default\">\n\t\t\t\t\t<div class=\"elementor-column elementor-col-100 elementor-top-column elementor-element elementor-element-4671a78\" data-id=\"4671a78\" data-element_type=\"column\" data-e-type=\"column\">\n\t\t\t<div class=\"elementor-widget-wrap elementor-element-populated\">\n\t\t\t\t\t\t<div class=\"elementor-element elementor-element-4800649 elementor-widget elementor-widget-image\" data-id=\"4800649\" data-element_type=\"widget\" data-e-type=\"widget\" data-widget_type=\"image.default\">\n\t\t\t\t\t\t\t\t\t\t\t\t<figure class=\"wp-caption\">\n\t\t\t\t\t\t\t\t\t\t<img fetchpriority=\"high\" decoding=\"async\" width=\"768\" height=\"364\" src=\"https:\/\/soymigrante.com\/revista\/wp-content\/uploads\/2023\/09\/Isabel-llego-a-Estados-Unidos-en-busca-de-una-oportunidad-pero-fue-una-etapa-dificil-a-partir-de-ello-nace-el-emprendimiento-familiar-Granizadas-guatemaltecas-502--1024x485.webp\" class=\"attachment-large size-large wp-image-2464\" alt=\"Isabel llego a Estados Unidos en busca de una oportunidad pero fue una etapa dif\u00edcil a partir de ello nace el emprendimiento familiar Granizadas guatemaltecas 502\" srcset=\"https:\/\/soymigrante.com\/revista\/wp-content\/uploads\/2023\/09\/Isabel-llego-a-Estados-Unidos-en-busca-de-una-oportunidad-pero-fue-una-etapa-dificil-a-partir-de-ello-nace-el-emprendimiento-familiar-Granizadas-guatemaltecas-502--1024x485.webp 1024w, https:\/\/soymigrante.com\/revista\/wp-content\/uploads\/2023\/09\/Isabel-llego-a-Estados-Unidos-en-busca-de-una-oportunidad-pero-fue-una-etapa-dificil-a-partir-de-ello-nace-el-emprendimiento-familiar-Granizadas-guatemaltecas-502--300x142.webp 300w, https:\/\/soymigrante.com\/revista\/wp-content\/uploads\/2023\/09\/Isabel-llego-a-Estados-Unidos-en-busca-de-una-oportunidad-pero-fue-una-etapa-dificil-a-partir-de-ello-nace-el-emprendimiento-familiar-Granizadas-guatemaltecas-502--768x364.webp 768w, https:\/\/soymigrante.com\/revista\/wp-content\/uploads\/2023\/09\/Isabel-llego-a-Estados-Unidos-en-busca-de-una-oportunidad-pero-fue-una-etapa-dificil-a-partir-de-ello-nace-el-emprendimiento-familiar-Granizadas-guatemaltecas-502--1536x728.webp 1536w, https:\/\/soymigrante.com\/revista\/wp-content\/uploads\/2023\/09\/Isabel-llego-a-Estados-Unidos-en-busca-de-una-oportunidad-pero-fue-una-etapa-dificil-a-partir-de-ello-nace-el-emprendimiento-familiar-Granizadas-guatemaltecas-502--750x355.webp 750w, https:\/\/soymigrante.com\/revista\/wp-content\/uploads\/2023\/09\/Isabel-llego-a-Estados-Unidos-en-busca-de-una-oportunidad-pero-fue-una-etapa-dificil-a-partir-de-ello-nace-el-emprendimiento-familiar-Granizadas-guatemaltecas-502--1140x540.webp 1140w, https:\/\/soymigrante.com\/revista\/wp-content\/uploads\/2023\/09\/Isabel-llego-a-Estados-Unidos-en-busca-de-una-oportunidad-pero-fue-una-etapa-dificil-a-partir-de-ello-nace-el-emprendimiento-familiar-Granizadas-guatemaltecas-502-.webp 1600w\" sizes=\"(max-width: 768px) 100vw, 768px\" title=\"Isabel llego a Estados Unidos en busca de una oportunidad pero fue una etapa dif\u00edcil a partir de ello nace el emprendimiento familiar Granizadas guatemaltecas 502 \u2013 SoyMigrante.com REVISTA\" \/>\t\t\t\t\t\t\t\t\t\t\t<figcaption class=\"widget-image-caption wp-caption-text\">Isabel llego a Estados Unidos en busca de una oportunidad pero fue una etapa dif\u00edcil a partir de ello nace el emprendimiento familiar 502 Granizadas Chapinas<\/figcaption>\n\t\t\t\t\t\t\t\t\t\t<\/figure>\n\t\t\t\t\t\t\t\t\t<\/div>\n\t\t\t\t\t<\/div>\n\t\t<\/div>\n\t\t\t\t\t<\/div>\n\t\t<\/section>\n\t\t\t\t<section data-particle_enable=\"false\" data-particle-mobile-disabled=\"false\" class=\"elementor-section elementor-top-section elementor-element elementor-element-a6f4f18 elementor-section-boxed elementor-section-height-default elementor-section-height-default\" data-id=\"a6f4f18\" data-element_type=\"section\" data-e-type=\"section\">\n\t\t\t\t\t\t<div class=\"elementor-container elementor-column-gap-default\">\n\t\t\t\t\t<div class=\"elementor-column elementor-col-100 elementor-top-column elementor-element elementor-element-f01511f\" data-id=\"f01511f\" data-element_type=\"column\" data-e-type=\"column\">\n\t\t\t<div class=\"elementor-widget-wrap elementor-element-populated\">\n\t\t\t\t\t\t<div class=\"elementor-element elementor-element-00182c2 elementor-widget elementor-widget-heading\" data-id=\"00182c2\" data-element_type=\"widget\" data-e-type=\"widget\" data-widget_type=\"heading.default\">\n\t\t\t\t\t<h2 class=\"elementor-heading-title elementor-size-default\">Despu\u00e9s de la tormenta viene la calma\u00a0<\/h2>\t\t\t\t<\/div>\n\t\t\t\t<div class=\"elementor-element elementor-element-7ff241f elementor-widget elementor-widget-text-editor\" data-id=\"7ff241f\" data-element_type=\"widget\" data-e-type=\"widget\" data-widget_type=\"text-editor.default\">\n\t\t\t\t\t\t\t\t\t<p><span style=\"font-weight: 400\">En el a\u00f1o 2013 Isabel L\u00f3pez decidi\u00f3 migrar a Estados Unidos a reencontrarse con el amor de su vida, tambi\u00e9n para buscar una estabilidad laboral, sin embargo, el camino desde su llegada no fue f\u00e1cil.\u00a0<\/span><\/p><p><span style=\"font-weight: 400\">Isabel se enfrento a varios retos como el idioma y la discriminaci\u00f3n, con un nudo en la garganta recuerda los malos tratos que recibi\u00f3 y la forma inhumana de los due\u00f1os de la vivienda donde resid\u00edan durante la pandemia.<\/span><\/p><p><span style=\"font-weight: 400\">\u201cPrimero me dedique a la costura, eran muy exigentes, varias prendas me las tiraban en la cara y comunicarse era dif\u00edcil\u201d situaci\u00f3n que la motiv\u00f3 a dejar dicho trabajo, luego su esposo contacto un espacio en una f\u00e1brica de ropa donde \u00e9l trabaj\u00f3, ella se qued\u00f3 en el departamento de empaque y envi\u00f3.<\/span><\/p><p><span style=\"font-weight: 400\">Todo transcurr\u00eda con calma, ella trabaj\u00f3 por m\u00e1s de siete a\u00f1os, pero se avecino un gran problema que afectar\u00eda su estabilidad econ\u00f3mica y psicol\u00f3gica. La pandemia por el coronavirus fue el detonante de varias familias incluyendo la de Isabel. \u201cDesde la pandemia la due\u00f1a recort\u00f3 personal y sin previo aviso me despidi\u00f3\u201d.<\/span><\/p><p><span style=\"font-weight: 400\">A pesar de los esfuerzos para atender con fluidez a los clientes y los a\u00f1os de trabajo la due\u00f1a de dicho negocio no le dio opci\u00f3n a Isabel y ni al resto del personal. Una etapa de sufrimiento para Isabel ya que ella y su esposo viv\u00edan del d\u00eda a d\u00eda, durante esta etapa los esposo resid\u00edan en la casa de la due\u00f1a de la empresa.<\/span><\/p><p><span style=\"font-weight: 400\">Ante la necesidad Isabel opt\u00f3 por buscar nuevas oportunidades laborales sin embargo vivi\u00f3 mucho tiempo con incertidumbre y como todo guatemalteco pens\u00f3 en emprender un negocio tal como lo hac\u00eda en Guatemala \u201cEn pl\u00e1tica con mi mam\u00e1, me aconsej\u00f3 vender granizadas, as\u00ed como en mi pa\u00eds\u201d pero requer\u00eda de una inversi\u00f3n que logr\u00f3 con pr\u00e9stamos y ayuda de su familia en Guatemala.<\/span><\/p><p><span style=\"font-weight: 400\">Tras la b\u00fasqueda de un ingreso, Isabel emprendi\u00f3 su negocio, la m\u00e1quina para hacer granizadas fue enviada desde Guatemala hacia Estados Unidos, luego la demanda fue alta y \u00e9l trabajo de su esposo era incierto ya que hab\u00edan semanas de trabajo y otras no, Isabel le propuso a su esposo dedicarse al negocio de las granizadas en su totalidad.<\/span><\/p><p><span style=\"font-weight: 400\">Al tomar la decisi\u00f3n Juli\u00e1n Ju\u00e1rez esposo de Isabel decidi\u00f3 renunciar con seis meses de anticipaci\u00f3n a su actual trabajo sin embargo fue una noticia desagradable para la due\u00f1a de la empresa que decidi\u00f3 despedirlo en el momento y notificarle que ya no pod\u00edan vivir m\u00e1s en su residencia. \u201cMi esposo trabaj\u00f3 16 a\u00f1os con ella, al renunciar la due\u00f1a nos dio quince d\u00edas para desalojar su casa\u201d.<\/span><\/p><p><span style=\"font-weight: 400\">Cuando parec\u00eda que hab\u00edan encontrado el camino, ambos se derrumbaron y la presi\u00f3n por encontrar un lugar para vivir se dificulta por el alto costo y cercan\u00eda de su negocio, \u201cLa se\u00f1ora nos amenazaba con llamar a la polic\u00eda, nos trat\u00f3 muy mal y no pagaba lo mismo a todos sus empleados\u201d Juli\u00e1n sufri\u00f3 un accidente laboral y fue forzado a trabajar en esas condiciones ante la necesidad no pudo hacer nada.<\/span><\/p><p><span style=\"font-weight: 400\">La crisis y la tensi\u00f3n aument\u00f3, ambos decidieron dejar todo y empezar de nuevo, con la ayuda de una amiga encontraron una vivienda que se ubica a 40 minutos de su negocio, a pesar del alto costo y las diversas dificultades se enfrentaron a todo y se unieron como familia.<\/span><\/p>\t\t\t\t\t\t\t\t<\/div>\n\t\t\t\t\t<\/div>\n\t\t<\/div>\n\t\t\t\t\t<\/div>\n\t\t<\/section>\n\t\t\t\t<section data-particle_enable=\"false\" data-particle-mobile-disabled=\"false\" class=\"elementor-section elementor-top-section elementor-element elementor-element-55705dd elementor-section-boxed elementor-section-height-default elementor-section-height-default\" data-id=\"55705dd\" data-element_type=\"section\" data-e-type=\"section\">\n\t\t\t\t\t\t<div class=\"elementor-container elementor-column-gap-default\">\n\t\t\t\t\t<div class=\"elementor-column elementor-col-100 elementor-top-column elementor-element elementor-element-665bbc6\" data-id=\"665bbc6\" data-element_type=\"column\" data-e-type=\"column\">\n\t\t\t<div class=\"elementor-widget-wrap elementor-element-populated\">\n\t\t\t\t\t\t<div class=\"elementor-element elementor-element-7718230 elementor-widget elementor-widget-image\" data-id=\"7718230\" data-element_type=\"widget\" data-e-type=\"widget\" data-widget_type=\"image.default\">\n\t\t\t\t\t\t\t\t\t\t\t\t<figure class=\"wp-caption\">\n\t\t\t\t\t\t\t\t\t\t<img decoding=\"async\" width=\"768\" height=\"576\" src=\"https:\/\/soymigrante.com\/revista\/wp-content\/uploads\/2023\/09\/502-granizadas-chapinas-ofrece-tambien-otros-productos-como_-chicharrinas-golosinas-y-dulces-guatemaltecos--1024x768.webp\" class=\"attachment-large size-large wp-image-2466\" alt=\"502 granizadas chapinas ofrece tambi\u00e9n otros productos como_ chicharrinas, golosinas y dulces guatemaltecos\" srcset=\"https:\/\/soymigrante.com\/revista\/wp-content\/uploads\/2023\/09\/502-granizadas-chapinas-ofrece-tambien-otros-productos-como_-chicharrinas-golosinas-y-dulces-guatemaltecos--1024x768.webp 1024w, https:\/\/soymigrante.com\/revista\/wp-content\/uploads\/2023\/09\/502-granizadas-chapinas-ofrece-tambien-otros-productos-como_-chicharrinas-golosinas-y-dulces-guatemaltecos--300x225.webp 300w, https:\/\/soymigrante.com\/revista\/wp-content\/uploads\/2023\/09\/502-granizadas-chapinas-ofrece-tambien-otros-productos-como_-chicharrinas-golosinas-y-dulces-guatemaltecos--768x576.webp 768w, https:\/\/soymigrante.com\/revista\/wp-content\/uploads\/2023\/09\/502-granizadas-chapinas-ofrece-tambien-otros-productos-como_-chicharrinas-golosinas-y-dulces-guatemaltecos--1536x1152.webp 1536w, https:\/\/soymigrante.com\/revista\/wp-content\/uploads\/2023\/09\/502-granizadas-chapinas-ofrece-tambien-otros-productos-como_-chicharrinas-golosinas-y-dulces-guatemaltecos--750x563.webp 750w, https:\/\/soymigrante.com\/revista\/wp-content\/uploads\/2023\/09\/502-granizadas-chapinas-ofrece-tambien-otros-productos-como_-chicharrinas-golosinas-y-dulces-guatemaltecos--1140x855.webp 1140w, https:\/\/soymigrante.com\/revista\/wp-content\/uploads\/2023\/09\/502-granizadas-chapinas-ofrece-tambien-otros-productos-como_-chicharrinas-golosinas-y-dulces-guatemaltecos-.webp 1920w\" sizes=\"(max-width: 768px) 100vw, 768px\" title=\"502 granizadas chapinas ofrece tambi\u00e9n otros productos como_ chicharrinas, golosinas y dulces guatemaltecos \u2013 SoyMigrante.com REVISTA\" \/>\t\t\t\t\t\t\t\t\t\t\t<figcaption class=\"widget-image-caption wp-caption-text\">502 granizadas chapinas ofrece tambi\u00e9n otros productos como_ chicharrinas, golosinas y dulces guatemaltecos<\/figcaption>\n\t\t\t\t\t\t\t\t\t\t<\/figure>\n\t\t\t\t\t\t\t\t\t<\/div>\n\t\t\t\t\t<\/div>\n\t\t<\/div>\n\t\t\t\t\t<\/div>\n\t\t<\/section>\n\t\t\t\t<section data-particle_enable=\"false\" data-particle-mobile-disabled=\"false\" class=\"elementor-section elementor-top-section elementor-element elementor-element-5cd0895 elementor-section-boxed elementor-section-height-default elementor-section-height-default\" data-id=\"5cd0895\" data-element_type=\"section\" data-e-type=\"section\">\n\t\t\t\t\t\t<div class=\"elementor-container elementor-column-gap-default\">\n\t\t\t\t\t<div class=\"elementor-column elementor-col-100 elementor-top-column elementor-element elementor-element-d7a3c4c\" data-id=\"d7a3c4c\" data-element_type=\"column\" data-e-type=\"column\">\n\t\t\t<div class=\"elementor-widget-wrap elementor-element-populated\">\n\t\t\t\t\t\t<div class=\"elementor-element elementor-element-dd4b6d1 elementor-widget elementor-widget-heading\" data-id=\"dd4b6d1\" data-element_type=\"widget\" data-e-type=\"widget\" data-widget_type=\"heading.default\">\n\t\t\t\t\t<h2 class=\"elementor-heading-title elementor-size-default\">El \u00e9xito del sabor<\/h2>\t\t\t\t<\/div>\n\t\t\t\t<div class=\"elementor-element elementor-element-4b0480e elementor-widget elementor-widget-text-editor\" data-id=\"4b0480e\" data-element_type=\"widget\" data-e-type=\"widget\" data-widget_type=\"text-editor.default\">\n\t\t\t\t\t\t\t\t\t<p><span style=\"font-weight: 400\">Naci\u00f3 <\/span><b>502 granizadas chapinas<\/b><span style=\"font-weight: 400\"> un emprendimiento guatemalteco que se encuentra ubicado en la calle seis y Bonnie brae, Los \u00c1ngeles California Estados Unidos, ofrece varios sabores y combinaciones en granizadas, tambi\u00e9n est\u00e1n a la venta las tradicionales chicharrinas, golosinas y bebidas guatemaltecas.<\/span><\/p><p><span style=\"font-weight: 400\">El negocio nace con mucho amor e identidad, los sabores provienen de un negocio familiar de Isabel en Guatemala, para lograr emprender los esposos solicitaron ayuda de familiares y amigos en Estados Unidos, Isabel trabaj\u00f3 durante siete meses en un restaurante de tacos para ahorrar y obtener el capital.<\/span><\/p><p><span style=\"font-weight: 400\">Al buscar el espacio de venta, cont\u00f3 con la ayuda de otras personas quienes le tendieron la mano para ubicar su negocio \u201cMe apoyaron, empezaron a probar y as\u00ed mi negocio empez\u00f3 a crecer\u201d el apoyo de su familia fue fundamental para crecer y dar a conocer su negocio.<\/span><\/p><p><span style=\"font-weight: 400\">En temporada de calor las granizadas son el \u00e9xito, sobre todo el sabor y la preparaci\u00f3n, connacionales y locales disfrutan todos los d\u00edas \u201cGracias a Dios nos buscan, atendemos pedidos y muchas personas vienen de lejos a disfrutar\u201d<\/span><\/p><p><span style=\"font-weight: 400\">Como todo negocio fue dif\u00edcil establecerse formalmente, con la ayuda de su esposo buscaron asesor\u00eda y la documentaci\u00f3n necesaria. \u201cFue dif\u00edcil, pero logramos salir adelante con mi esposo\u201d <\/span><span style=\"font-weight: 400\">La preparaci\u00f3n de las frutas y los productos est\u00e1n al cargo de Isabel mientras su esposo e hijos apoyan en la venta. Actualmente cuentan que le dan trabajo a una connacional quien los apoya.<\/span><\/p><p><span style=\"font-weight: 400\">El negocio tiene variedad de sabores entre dulce, salado y agridulce, tal como describi\u00f3 su experiencia \u201cTenemos granizadas tipo hawaiano, chocolate, fresa, tamarindo, preparados todo lo que la gente pida\u201d. Ha tenido la visita de personas de New York, Chicago, Houston entre otros lugares para probar en especial las granizadas llamadas: El levanta muertos y lim\u00f3n con sal tradicional.<\/span><\/p>\t\t\t\t\t\t\t\t<\/div>\n\t\t\t\t\t<\/div>\n\t\t<\/div>\n\t\t\t\t\t<\/div>\n\t\t<\/section>\n\t\t\t\t<section data-particle_enable=\"false\" data-particle-mobile-disabled=\"false\" class=\"elementor-section elementor-top-section elementor-element elementor-element-ef58083 elementor-section-boxed elementor-section-height-default elementor-section-height-default\" data-id=\"ef58083\" data-element_type=\"section\" data-e-type=\"section\">\n\t\t\t\t\t\t<div class=\"elementor-container elementor-column-gap-default\">\n\t\t\t\t\t<div class=\"elementor-column elementor-col-100 elementor-top-column elementor-element elementor-element-f9596ae\" data-id=\"f9596ae\" data-element_type=\"column\" data-e-type=\"column\">\n\t\t\t<div class=\"elementor-widget-wrap elementor-element-populated\">\n\t\t\t\t\t\t<div class=\"elementor-element elementor-element-226af8a elementor-arrows-position-inside elementor-pagination-position-outside elementor-widget elementor-widget-image-carousel\" data-id=\"226af8a\" data-element_type=\"widget\" data-e-type=\"widget\" data-settings=\"{&quot;slides_to_show&quot;:&quot;1&quot;,&quot;navigation&quot;:&quot;both&quot;,&quot;autoplay&quot;:&quot;yes&quot;,&quot;pause_on_hover&quot;:&quot;yes&quot;,&quot;pause_on_interaction&quot;:&quot;yes&quot;,&quot;autoplay_speed&quot;:5000,&quot;infinite&quot;:&quot;yes&quot;,&quot;effect&quot;:&quot;slide&quot;,&quot;speed&quot;:500}\" data-widget_type=\"image-carousel.default\">\n\t\t\t\t\t\t\t<div class=\"elementor-image-carousel-wrapper swiper\" role=\"region\" aria-roledescription=\"carousel\" aria-label=\"Carrusel de im\u00e1genes\" dir=\"ltr\">\n\t\t\t<div class=\"elementor-image-carousel swiper-wrapper\" aria-live=\"off\">\n\t\t\t\t\t\t\t\t<div class=\"swiper-slide\" role=\"group\" aria-roledescription=\"slide\" aria-label=\"1 de 6\"><figure class=\"swiper-slide-inner\"><img decoding=\"async\" class=\"swiper-slide-image\" src=\"https:\/\/soymigrante.com\/revista\/wp-content\/uploads\/2023\/09\/502-granizadas-chapinas-ofrece-variedad-de-sabores-entre-salados-y-dulces--143x300.webp\" alt=\"502 granizadas chapinas ofrece variedad de sabores entre salados y dulces\" \/><\/figure><\/div><div class=\"swiper-slide\" role=\"group\" aria-roledescription=\"slide\" aria-label=\"2 de 6\"><figure class=\"swiper-slide-inner\"><img decoding=\"async\" class=\"swiper-slide-image\" src=\"https:\/\/soymigrante.com\/revista\/wp-content\/uploads\/2023\/09\/fresa-y-coco-con-gomitas--225x300.webp\" alt=\"fresa y coco con gomitas\" \/><\/figure><\/div><div class=\"swiper-slide\" role=\"group\" aria-roledescription=\"slide\" aria-label=\"3 de 6\"><figure class=\"swiper-slide-inner\"><img decoding=\"async\" class=\"swiper-slide-image\" src=\"https:\/\/soymigrante.com\/revista\/wp-content\/uploads\/2023\/09\/Granizada-de-banano-y-choco-crispi--225x300.webp\" alt=\"Granizada de banano y choco crisp\u00ed\" \/><\/figure><\/div><div class=\"swiper-slide\" role=\"group\" aria-roledescription=\"slide\" aria-label=\"4 de 6\"><figure class=\"swiper-slide-inner\"><img decoding=\"async\" class=\"swiper-slide-image\" src=\"https:\/\/soymigrante.com\/revista\/wp-content\/uploads\/2023\/09\/Granizada-de-chile-coco-y-pina-225x300.webp\" alt=\"Granizada de chile, coco y pi\u00f1a\" \/><\/figure><\/div><div class=\"swiper-slide\" role=\"group\" aria-roledescription=\"slide\" aria-label=\"5 de 6\"><figure class=\"swiper-slide-inner\"><img decoding=\"async\" class=\"swiper-slide-image\" src=\"https:\/\/soymigrante.com\/revista\/wp-content\/uploads\/2023\/09\/Granizada-de-choco-crispi-y-chocolate--225x300.webp\" alt=\"Granizada de choco crisp\u00ed y chocolate\" \/><\/figure><\/div><div class=\"swiper-slide\" role=\"group\" aria-roledescription=\"slide\" aria-label=\"6 de 6\"><figure class=\"swiper-slide-inner\"><img decoding=\"async\" class=\"swiper-slide-image\" src=\"https:\/\/soymigrante.com\/revista\/wp-content\/uploads\/2023\/09\/502-Granizadas-chapinas-es-un-negocio-de-una-emprendedora-migrante-guatemalteco-que-se-encuentra-ubicada-en-la-calle-seis-y-Bonnie-brae-Los-Angeles-California-i-300x225.webp\" alt=\"502 Granizadas chapinas es un negocio de una emprendedora migrante guatemalteco que se encuentra ubicada en la calle seis y Bonnie brea, Los \u00c1ngeles California i\" \/><\/figure><\/div>\t\t\t<\/div>\n\t\t\t\t\t\t\t\t\t\t\t\t<div class=\"elementor-swiper-button elementor-swiper-button-prev\" role=\"button\" tabindex=\"0\">\n\t\t\t\t\t\t<i aria-hidden=\"true\" class=\"eicon-chevron-left\"><\/i>\t\t\t\t\t<\/div>\n\t\t\t\t\t<div class=\"elementor-swiper-button elementor-swiper-button-next\" role=\"button\" tabindex=\"0\">\n\t\t\t\t\t\t<i aria-hidden=\"true\" class=\"eicon-chevron-right\"><\/i>\t\t\t\t\t<\/div>\n\t\t\t\t\n\t\t\t\t\t\t\t\t\t<div class=\"swiper-pagination\"><\/div>\n\t\t\t\t\t\t\t\t\t<\/div>\n\t\t\t\t\t\t<\/div>\n\t\t\t\t\t<\/div>\n\t\t<\/div>\n\t\t\t\t\t<\/div>\n\t\t<\/section>\n\t\t\t\t<section data-particle_enable=\"false\" data-particle-mobile-disabled=\"false\" class=\"elementor-section elementor-top-section elementor-element elementor-element-d004e2b elementor-section-boxed elementor-section-height-default elementor-section-height-default\" data-id=\"d004e2b\" data-element_type=\"section\" data-e-type=\"section\">\n\t\t\t\t\t\t<div class=\"elementor-container elementor-column-gap-default\">\n\t\t\t\t\t<div class=\"elementor-column elementor-col-100 elementor-top-column elementor-element elementor-element-5ed3f5e\" data-id=\"5ed3f5e\" data-element_type=\"column\" data-e-type=\"column\">\n\t\t\t<div class=\"elementor-widget-wrap elementor-element-populated\">\n\t\t\t\t\t\t<div class=\"elementor-element elementor-element-739f00c elementor-widget elementor-widget-heading\" data-id=\"739f00c\" data-element_type=\"widget\" data-e-type=\"widget\" data-widget_type=\"heading.default\">\n\t\t\t\t\t<h2 class=\"elementor-heading-title elementor-size-default\">La familia es el soporte del \u00e9xito\u00a0<\/h2>\t\t\t\t<\/div>\n\t\t\t\t<div class=\"elementor-element elementor-element-aa7a031 elementor-widget elementor-widget-text-editor\" data-id=\"aa7a031\" data-element_type=\"widget\" data-e-type=\"widget\" data-widget_type=\"text-editor.default\">\n\t\t\t\t\t\t\t\t\t<p><span style=\"font-weight: 400\">Los esposos Isabel L\u00f3pez y Juli\u00e1n Ju\u00e1rez son originarios del municipio de San Andr\u00e9s Xecul, Totonicap\u00e1n, Isabel se gradu\u00f3 de maestra en su pa\u00eds y decidi\u00f3 emigrar a Estados Unidos para casarse con su ahora esposo, han formado una familia de seis integrantes.\u00a0<\/span><\/p><p><span style=\"font-weight: 400\">Las dificultades se presentan a diario, \u201cHemos cumplido con las reglas que impone el pa\u00eds, pero tambi\u00e9n estamos en constante preocupaci\u00f3n y buscamos asesor\u00eda para que no nos retiren el negocio, nosotros siempre cumplimos\u201d<\/span><\/p><p><span style=\"font-weight: 400\">Cada dificultad lo han solucionado en pareja y se han apoyado como familia, todos los d\u00edas viajan 40 minutos hacia su negocio \u201cGracias a esto mantenemos a nuestra familia, de este negocio salen los gastos\u201d<\/span><\/p><p><span style=\"font-weight: 400\">A pesar de toda la traves\u00eda en dicho pa\u00eds, Isabel y su familia se sienten satisfechos y felices, siempre agradecen a las personas que consumen su producto, tambi\u00e9n expresa su felicidad de mostrar los sabores en otro pa\u00eds de su querida Guatemala.<\/span><\/p><p><span style=\"font-weight: 400\">En un futuro espera regresar a su tierra natal y disfrutar de la naturaleza y los alimentos propios de la tierra.<\/span><\/p><p><span style=\"font-weight: 400\">\u00a0\u00a0\u00a0<\/span><\/p>\t\t\t\t\t\t\t\t<\/div>\n\t\t\t\t\t<\/div>\n\t\t<\/div>\n\t\t\t\t\t<\/div>\n\t\t<\/section>\n\t\t\t\t<section data-particle_enable=\"false\" data-particle-mobile-disabled=\"false\" class=\"elementor-section elementor-top-section elementor-element elementor-element-80fd3c4 elementor-section-boxed elementor-section-height-default elementor-section-height-default\" data-id=\"80fd3c4\" data-element_type=\"section\" data-e-type=\"section\">\n\t\t\t\t\t\t<div class=\"elementor-container elementor-column-gap-default\">\n\t\t\t\t\t<div class=\"elementor-column elementor-col-100 elementor-top-column elementor-element elementor-element-d125ece\" data-id=\"d125ece\" data-element_type=\"column\" data-e-type=\"column\">\n\t\t\t<div class=\"elementor-widget-wrap elementor-element-populated\">\n\t\t\t\t\t\t<div class=\"elementor-element elementor-element-d02f7db elementor-widget elementor-widget-image\" data-id=\"d02f7db\" data-element_type=\"widget\" data-e-type=\"widget\" data-widget_type=\"image.default\">\n\t\t\t\t\t\t\t\t\t\t\t\t<figure class=\"wp-caption\">\n\t\t\t\t\t\t\t\t\t\t<img decoding=\"async\" width=\"768\" height=\"477\" src=\"https:\/\/soymigrante.com\/revista\/wp-content\/uploads\/2023\/09\/Isabel-junto-a-su-familia-un-hogar-que-a-conformado-por-el-pasar-del-tiempo-en-la-venta-la-ayudan-sus-hijos-y-esposo-la-familia-vive-de-este-negocio-en-Estados-Unidos-768x477.webp\" class=\"attachment-medium_large size-medium_large wp-image-2465\" alt=\"Isabel junto a su familia, un hogar que a conformado por el pasar del tiempo, en la venta la ayudan sus hijos y esposo la familia vive de este negocio en Estados Unidos\" srcset=\"https:\/\/soymigrante.com\/revista\/wp-content\/uploads\/2023\/09\/Isabel-junto-a-su-familia-un-hogar-que-a-conformado-por-el-pasar-del-tiempo-en-la-venta-la-ayudan-sus-hijos-y-esposo-la-familia-vive-de-este-negocio-en-Estados-Unidos-768x477.webp 768w, https:\/\/soymigrante.com\/revista\/wp-content\/uploads\/2023\/09\/Isabel-junto-a-su-familia-un-hogar-que-a-conformado-por-el-pasar-del-tiempo-en-la-venta-la-ayudan-sus-hijos-y-esposo-la-familia-vive-de-este-negocio-en-Estados-Unidos-300x186.webp 300w, https:\/\/soymigrante.com\/revista\/wp-content\/uploads\/2023\/09\/Isabel-junto-a-su-familia-un-hogar-que-a-conformado-por-el-pasar-del-tiempo-en-la-venta-la-ayudan-sus-hijos-y-esposo-la-familia-vive-de-este-negocio-en-Estados-Unidos-1024x636.webp 1024w, https:\/\/soymigrante.com\/revista\/wp-content\/uploads\/2023\/09\/Isabel-junto-a-su-familia-un-hogar-que-a-conformado-por-el-pasar-del-tiempo-en-la-venta-la-ayudan-sus-hijos-y-esposo-la-familia-vive-de-este-negocio-en-Estados-Unidos-1536x954.webp 1536w, https:\/\/soymigrante.com\/revista\/wp-content\/uploads\/2023\/09\/Isabel-junto-a-su-familia-un-hogar-que-a-conformado-por-el-pasar-del-tiempo-en-la-venta-la-ayudan-sus-hijos-y-esposo-la-familia-vive-de-este-negocio-en-Estados-Unidos-750x466.webp 750w, https:\/\/soymigrante.com\/revista\/wp-content\/uploads\/2023\/09\/Isabel-junto-a-su-familia-un-hogar-que-a-conformado-por-el-pasar-del-tiempo-en-la-venta-la-ayudan-sus-hijos-y-esposo-la-familia-vive-de-este-negocio-en-Estados-Unidos-1140x708.webp 1140w, https:\/\/soymigrante.com\/revista\/wp-content\/uploads\/2023\/09\/Isabel-junto-a-su-familia-un-hogar-que-a-conformado-por-el-pasar-del-tiempo-en-la-venta-la-ayudan-sus-hijos-y-esposo-la-familia-vive-de-este-negocio-en-Estados-Unidos.webp 1920w\" sizes=\"(max-width: 768px) 100vw, 768px\" title=\"Isabel junto a su familia, un hogar que a conformado por el pasar del tiempo, en la venta la ayudan sus hijos y esposo la familia vive de este negocio en Estados Unidos \u2013 SoyMigrante.com REVISTA\" \/>\t\t\t\t\t\t\t\t\t\t\t<figcaption class=\"widget-image-caption wp-caption-text\">Isabel junto a su familia, un hogar que a conformado por el pasar del tiempo, en la venta la ayudan sus hijos y esposo la familia vive de este negocio en Estados Unidos<\/figcaption>\n\t\t\t\t\t\t\t\t\t\t<\/figure>\n\t\t\t\t\t\t\t\t\t<\/div>\n\t\t\t\t\t<\/div>\n\t\t<\/div>\n\t\t\t\t\t<\/div>\n\t\t<\/section>\n\t\t\t\t<section data-particle_enable=\"false\" data-particle-mobile-disabled=\"false\" class=\"elementor-section elementor-top-section elementor-element elementor-element-3390022 elementor-section-boxed elementor-section-height-default elementor-section-height-default\" data-id=\"3390022\" data-element_type=\"section\" data-e-type=\"section\">\n\t\t\t\t\t\t<div class=\"elementor-container elementor-column-gap-default\">\n\t\t\t\t\t<div class=\"elementor-column elementor-col-100 elementor-top-column elementor-element elementor-element-0e00e22\" data-id=\"0e00e22\" data-element_type=\"column\" data-e-type=\"column\">\n\t\t\t<div class=\"elementor-widget-wrap elementor-element-populated\">\n\t\t\t\t\t\t<div class=\"elementor-element elementor-element-ab75f96 elementor-widget elementor-widget-facebook-embed\" data-id=\"ab75f96\" data-element_type=\"widget\" data-e-type=\"widget\" data-widget_type=\"facebook-embed.default\">\n\t\t\t\t\t<div style=\"min-height: 1px\" class=\"elementor-facebook-widget fb-post\" data-href=\"https:\/\/www.facebook.com\/bela.lopezlopez\/videos\/1181519468990866\" data-show-text=\"false\"><\/div>\t\t\t\t<\/div>\n\t\t\t\t\t<\/div>\n\t\t<\/div>\n\t\t\t\t\t<\/div>\n\t\t<\/section>\n\t\t\t\t<\/div>\n\t\t","protected":false},"excerpt":{"rendered":"<p>Isabel L\u00f3pez es una mujer migrante guatemalteca que emprendi\u00f3 su negocio: Granizadas Chapinas 502 en el coraz\u00f3n de Los Angeles, California. Isabel llego a Estados Unidos en busca de una oportunidad pero fue una etapa dif\u00edcil a partir de ello nace el emprendimiento familiar 502 Granizadas Chapinas Despu\u00e9s de la tormenta viene la calma En [&hellip;]<\/p>\n","protected":false},"author":10,"featured_media":2464,"comment_status":"open","ping_status":"open","sticky":false,"template":"","format":"standard","meta":{"_acf_changed":false,"_eb_attr":"","footnotes":""},"categories":[50],"tags":[],"class_list":["post-2480","post","type-post","status-publish","format-standard","has-post-thumbnail","hentry","category-exitos"],"acf":[],"aioseo_notices":[],"aioseo_head":"\n\t\t<!-- All in One SEO Pro 4.9.6.2 - aioseo.com -->\n\t<meta name=\"description\" content=\"Isabel L\u00f3pez es una mujer migrante guatemalteca que emprendi\u00f3 su negocio: Granizadas Chapinas 502 en el coraz\u00f3n de Los Angeles, California. Despu\u00e9s de la tormenta viene la calma En el a\u00f1o 2013 Isabel L\u00f3pez decidi\u00f3 migrar a Estados Unidos a reencontrarse con el amor de su vida, tambi\u00e9n para buscar una estabilidad laboral, sin embargo, Isabel L\u00f3pez es una mujer migrante guatemalteca que emprendi\u00f3 su negocio llamado 502 granizadas chapinas ofrece productos y sabores \u00fanicos de su pa\u00eds.\" \/>\n\t<meta name=\"robots\" content=\"max-snippet:-1, max-image-preview:large, max-video-preview:-1\" \/>\n\t<meta name=\"author\" content=\"Diana Batz\"\/>\n\t<link rel=\"canonical\" href=\"https:\/\/soymigrante.com\/revista\/isabel-emprendedora-y-migrante-conquista-con-el-sabor-guatemalteco-en-estados-unidos\/\" \/>\n\t<meta name=\"generator\" content=\"All in One SEO Pro (AIOSEO) 4.9.6.2\" \/>\n\n\t\t<link rel=\"preconnect\" href=\"https:\/\/fonts.googleapis.com\" crossorigin>\n<link rel=\"preconnect\" href=\"https:\/\/fonts.gstatic.com\" crossorigin>\n\t\t<meta property=\"og:locale\" content=\"es_ES\" \/>\n\t\t<meta property=\"og:site_name\" content=\"SoyMigrante.com REVISTA \u2013 Nuestra misi\u00f3n es reconocer y dignificar al migrante.\" \/>\n\t\t<meta property=\"og:type\" content=\"article\" \/>\n\t\t<meta property=\"og:title\" content=\"Isabel emprendedora y migrante refresca con sabor guatemalteco en Los Angeles, California\" \/>\n\t\t<meta property=\"og:description\" content=\"Isabel L\u00f3pez es una mujer migrante guatemalteca que emprendi\u00f3 su negocio: Granizadas Chapinas 502 en el coraz\u00f3n de Los Angeles, California. Despu\u00e9s de la tormenta viene la calma En el a\u00f1o 2013 Isabel L\u00f3pez decidi\u00f3 migrar a Estados Unidos a reencontrarse con el amor de su vida, tambi\u00e9n para buscar una estabilidad laboral, sin embargo, Isabel L\u00f3pez es una mujer migrante guatemalteca que emprendi\u00f3 su negocio llamado 502 granizadas chapinas ofrece productos y sabores \u00fanicos de su pa\u00eds.\" \/>\n\t\t<meta property=\"og:url\" content=\"https:\/\/soymigrante.com\/revista\/isabel-emprendedora-y-migrante-conquista-con-el-sabor-guatemalteco-en-estados-unidos\/\" \/>\n\t\t<meta property=\"og:image\" content=\"https:\/\/soymigrante.com\/revista\/wp-content\/uploads\/2023\/09\/Isabel-llego-a-Estados-Unidos-en-busca-de-una-oportunidad-pero-fue-una-etapa-dificil-a-partir-de-ello-nace-el-emprendimiento-familiar-Granizadas-guatemaltecas-502-.webp\" \/>\n\t\t<meta property=\"og:image:secure_url\" content=\"https:\/\/soymigrante.com\/revista\/wp-content\/uploads\/2023\/09\/Isabel-llego-a-Estados-Unidos-en-busca-de-una-oportunidad-pero-fue-una-etapa-dificil-a-partir-de-ello-nace-el-emprendimiento-familiar-Granizadas-guatemaltecas-502-.webp\" \/>\n\t\t<meta property=\"og:image:width\" content=\"1600\" \/>\n\t\t<meta property=\"og:image:height\" content=\"758\" \/>\n\t\t<meta property=\"article:published_time\" content=\"2023-09-08T17:23:34+00:00\" \/>\n\t\t<meta property=\"article:modified_time\" content=\"2024-07-30T20:29:07+00:00\" \/>\n\t\t<meta property=\"article:publisher\" content=\"https:\/\/www.facebook.com\/soymigrantecom\" \/>\n\t\t<meta name=\"twitter:card\" content=\"summary_large_image\" \/>\n\t\t<meta name=\"twitter:site\" content=\"@SoyMigrante_com\" \/>\n\t\t<meta name=\"twitter:title\" content=\"Isabel emprendedora y migrante refresca con sabor guatemalteco en Los Angeles, California\" \/>\n\t\t<meta name=\"twitter:description\" content=\"Isabel L\u00f3pez es una mujer migrante guatemalteca que emprendi\u00f3 su negocio: Granizadas Chapinas 502 en el coraz\u00f3n de Los Angeles, California. Despu\u00e9s de la tormenta viene la calma En el a\u00f1o 2013 Isabel L\u00f3pez decidi\u00f3 migrar a Estados Unidos a reencontrarse con el amor de su vida, tambi\u00e9n para buscar una estabilidad laboral, sin embargo, Isabel L\u00f3pez es una mujer migrante guatemalteca que emprendi\u00f3 su negocio llamado 502 granizadas chapinas ofrece productos y sabores \u00fanicos de su pa\u00eds.\" \/>\n\t\t<meta name=\"twitter:creator\" content=\"@SoyMigrante_com\" \/>\n\t\t<meta name=\"twitter:image\" content=\"https:\/\/soymigrante.com\/revista\/wp-content\/uploads\/2023\/09\/Isabel-llego-a-Estados-Unidos-en-busca-de-una-oportunidad-pero-fue-una-etapa-dificil-a-partir-de-ello-nace-el-emprendimiento-familiar-Granizadas-guatemaltecas-502-.webp\" \/>\n\t\t<!-- All in One SEO Pro -->\r\n\t\t<title>Isabel emprendedora y migrante refresca con sabor guatemalteco en Los Angeles, California<\/title>\n\n","aioseo_head_json":{"title":"Isabel emprendedora y migrante refresca con sabor guatemalteco en Los Angeles, California","description":"Isabel L\u00f3pez es una mujer migrante guatemalteca que emprendi\u00f3 su negocio: Granizadas Chapinas 502 en el coraz\u00f3n de Los Angeles, California. Despu\u00e9s de la tormenta viene la calma En el a\u00f1o 2013 Isabel L\u00f3pez decidi\u00f3 migrar a Estados Unidos a reencontrarse con el amor de su vida, tambi\u00e9n para buscar una estabilidad laboral, sin embargo, Isabel L\u00f3pez es una mujer migrante guatemalteca que emprendi\u00f3 su negocio llamado 502 granizadas chapinas ofrece productos y sabores \u00fanicos de su pa\u00eds.","canonical_url":"https:\/\/soymigrante.com\/revista\/isabel-emprendedora-y-migrante-conquista-con-el-sabor-guatemalteco-en-estados-unidos\/","robots":"max-snippet:-1, max-image-preview:large, max-video-preview:-1","keywords":"","webmasterTools":{"miscellaneous":"&lt;link rel=\"preconnect\" href=\"https:\/\/fonts.googleapis.com\" crossorigin&gt;\n&lt;link rel=\"preconnect\" href=\"https:\/\/fonts.gstatic.com\" crossorigin&gt;"},"schema":null,"og:locale":"es_ES","og:site_name":"SoyMigrante.com REVISTA \u2013 Nuestra misi\u00f3n es reconocer y dignificar al migrante.","og:type":"article","og:title":"Isabel emprendedora y migrante refresca con sabor guatemalteco en Los Angeles, California","og:description":"Isabel L\u00f3pez es una mujer migrante guatemalteca que emprendi\u00f3 su negocio: Granizadas Chapinas 502 en el coraz\u00f3n de Los Angeles, California. Despu\u00e9s de la tormenta viene la calma En el a\u00f1o 2013 Isabel L\u00f3pez decidi\u00f3 migrar a Estados Unidos a reencontrarse con el amor de su vida, tambi\u00e9n para buscar una estabilidad laboral, sin embargo, Isabel L\u00f3pez es una mujer migrante guatemalteca que emprendi\u00f3 su negocio llamado 502 granizadas chapinas ofrece productos y sabores \u00fanicos de su pa\u00eds.","og:url":"https:\/\/soymigrante.com\/revista\/isabel-emprendedora-y-migrante-conquista-con-el-sabor-guatemalteco-en-estados-unidos\/","og:image":"https:\/\/soymigrante.com\/revista\/wp-content\/uploads\/2023\/09\/Isabel-llego-a-Estados-Unidos-en-busca-de-una-oportunidad-pero-fue-una-etapa-dificil-a-partir-de-ello-nace-el-emprendimiento-familiar-Granizadas-guatemaltecas-502-.webp","og:image:secure_url":"https:\/\/soymigrante.com\/revista\/wp-content\/uploads\/2023\/09\/Isabel-llego-a-Estados-Unidos-en-busca-de-una-oportunidad-pero-fue-una-etapa-dificil-a-partir-de-ello-nace-el-emprendimiento-familiar-Granizadas-guatemaltecas-502-.webp","og:image:width":1600,"og:image:height":758,"article:published_time":"2023-09-08T17:23:34+00:00","article:modified_time":"2024-07-30T20:29:07+00:00","article:publisher":"https:\/\/www.facebook.com\/soymigrantecom","twitter:card":"summary_large_image","twitter:site":"@SoyMigrante_com","twitter:title":"Isabel emprendedora y migrante refresca con sabor guatemalteco en Los Angeles, California","twitter:description":"Isabel L\u00f3pez es una mujer migrante guatemalteca que emprendi\u00f3 su negocio: Granizadas Chapinas 502 en el coraz\u00f3n de Los Angeles, California. Despu\u00e9s de la tormenta viene la calma En el a\u00f1o 2013 Isabel L\u00f3pez decidi\u00f3 migrar a Estados Unidos a reencontrarse con el amor de su vida, tambi\u00e9n para buscar una estabilidad laboral, sin embargo, Isabel L\u00f3pez es una mujer migrante guatemalteca que emprendi\u00f3 su negocio llamado 502 granizadas chapinas ofrece productos y sabores \u00fanicos de su pa\u00eds.","twitter:creator":"@SoyMigrante_com","twitter:image":"https:\/\/soymigrante.com\/revista\/wp-content\/uploads\/2023\/09\/Isabel-llego-a-Estados-Unidos-en-busca-de-una-oportunidad-pero-fue-una-etapa-dificil-a-partir-de-ello-nace-el-emprendimiento-familiar-Granizadas-guatemaltecas-502-.webp"},"aioseo_meta_data":{"post_id":"2480","title":null,"description":"#post_excerpt Isabel L\u00f3pez es una mujer migrante guatemalteca que emprendi\u00f3 su negocio llamado 502 granizadas chapinas ofrece productos y sabores \u00fanicos de su pa\u00eds.","keywords":[],"keyphrases":{"focus":{"keyphrase":"migrante","score":69,"analysis":{"keyphraseInTitle":{"score":9,"maxScore":9,"error":0},"keyphraseInDescription":{"score":9,"maxScore":9,"error":0},"keyphraseLength":{"score":9,"maxScore":9,"error":0,"length":1},"keyphraseInURL":{"score":5,"maxScore":5,"error":0},"keyphraseInIntroduction":{"score":3,"maxScore":9,"error":1},"keyphraseInSubHeadings":{"score":3,"maxScore":9,"error":1},"keyphraseInImageAlt":{"score":9,"maxScore":9,"error":0},"keywordDensity":{"score":0,"type":"low","maxScore":9,"error":1}}},"additional":[]},"primary_term":null,"canonical_url":null,"og_title":null,"og_description":null,"og_object_type":"default","og_image_type":"default","og_image_url":null,"og_image_width":null,"og_image_height":null,"og_image_custom_url":null,"og_image_custom_fields":null,"og_video":"","og_custom_url":null,"og_article_section":null,"og_article_tags":[],"twitter_use_og":false,"twitter_card":"default","twitter_image_type":"default","twitter_image_url":null,"twitter_image_custom_url":null,"twitter_image_custom_fields":null,"twitter_title":null,"twitter_description":null,"schema":{"blockGraphs":[],"customGraphs":[],"default":{"data":{"Article":[],"Course":[],"Dataset":[],"FAQPage":[],"Movie":[],"Person":[],"Product":[],"ProductReview":[],"Car":[],"Recipe":[],"Service":[],"SoftwareApplication":[],"WebPage":[]},"graphName":"BlogPosting","isEnabled":true},"graphs":[]},"schema_type":"default","schema_type_options":null,"pillar_content":false,"robots_default":true,"robots_noindex":false,"robots_noarchive":false,"robots_nosnippet":false,"robots_nofollow":false,"robots_noimageindex":false,"robots_noodp":false,"robots_notranslate":false,"robots_max_snippet":"-1","robots_max_videopreview":"-1","robots_max_imagepreview":"large","priority":null,"frequency":"default","local_seo":null,"seo_analyzer_scan_date":"2025-10-08 20:23:11","breadcrumb_settings":null,"limit_modified_date":false,"reviewed_by":null,"open_ai":null,"ai":null,"created":"2023-09-06 18:49:17","updated":"2026-02-04 09:36:57"},"aioseo_breadcrumb":"<div class=\"aioseo-breadcrumbs\"><span class=\"aioseo-breadcrumb\">\n\t<a href=\"https:\/\/soymigrante.com\/revista\" title=\"Home\">Home<\/a>\n<\/span><span class=\"aioseo-breadcrumb-separator\">\u00bb<\/span><span class=\"aioseo-breadcrumb\">\n\t<a href=\"https:\/\/soymigrante.com\/revista\/category\/exitos\/\" title=\"\u00c9xitos\">\u00c9xitos<\/a>\n<\/span><span class=\"aioseo-breadcrumb-separator\">\u00bb<\/span><span class=\"aioseo-breadcrumb\">\n\tIsabel emprendedora y migrante refresca con sabor guatemalteco en Los Angeles, California\n<\/span><\/div>","aioseo_breadcrumb_json":[{"label":"Home","link":"https:\/\/soymigrante.com\/revista"},{"label":"\u00c9xitos","link":"https:\/\/soymigrante.com\/revista\/category\/exitos\/"},{"label":"Isabel emprendedora y migrante refresca con sabor guatemalteco en Los Angeles, California","link":"https:\/\/soymigrante.com\/revista\/isabel-emprendedora-y-migrante-conquista-con-el-sabor-guatemalteco-en-estados-unidos\/"}],"_links":{"self":[{"href":"https:\/\/soymigrante.com\/revista\/wp-json\/wp\/v2\/posts\/2480","targetHints":{"allow":["GET"]}}],"collection":[{"href":"https:\/\/soymigrante.com\/revista\/wp-json\/wp\/v2\/posts"}],"about":[{"href":"https:\/\/soymigrante.com\/revista\/wp-json\/wp\/v2\/types\/post"}],"author":[{"embeddable":true,"href":"https:\/\/soymigrante.com\/revista\/wp-json\/wp\/v2\/users\/10"}],"replies":[{"embeddable":true,"href":"https:\/\/soymigrante.com\/revista\/wp-json\/wp\/v2\/comments?post=2480"}],"version-history":[{"count":0,"href":"https:\/\/soymigrante.com\/revista\/wp-json\/wp\/v2\/posts\/2480\/revisions"}],"wp:featuredmedia":[{"embeddable":true,"href":"https:\/\/soymigrante.com\/revista\/wp-json\/wp\/v2\/media\/2464"}],"wp:attachment":[{"href":"https:\/\/soymigrante.com\/revista\/wp-json\/wp\/v2\/media?parent=2480"}],"wp:term":[{"taxonomy":"category","embeddable":true,"href":"https:\/\/soymigrante.com\/revista\/wp-json\/wp\/v2\/categories?post=2480"},{"taxonomy":"post_tag","embeddable":true,"href":"https:\/\/soymigrante.com\/revista\/wp-json\/wp\/v2\/tags?post=2480"}],"curies":[{"name":"wp","href":"https:\/\/api.w.org\/{rel}","templated":true}]}}