{"id":2479,"date":"2023-09-12T05:37:04","date_gmt":"2023-09-12T05:37:04","guid":{"rendered":"https:\/\/soymigrante.com\/revista\/?p=2479"},"modified":"2024-07-30T14:05:49","modified_gmt":"2024-07-30T20:05:49","slug":"actor-y-migrante-guatemalteco-arturo-castro-lanzara-bola-inicial-en-juego-de-los-dodgers","status":"publish","type":"post","link":"https:\/\/soymigrante.com\/revista\/actor-y-migrante-guatemalteco-arturo-castro-lanzara-bola-inicial-en-juego-de-los-dodgers\/","title":{"rendered":"Actor y migrante Arturo Castro lanza bola inicial en juego de Los Dodgers dedicado a Guatemala"},"content":{"rendered":"\t\t<div data-elementor-type=\"wp-post\" data-elementor-id=\"2479\" class=\"elementor elementor-2479\" data-elementor-post-type=\"post\">\n\t\t\t\t\t\t<section data-particle_enable=\"false\" data-particle-mobile-disabled=\"false\" class=\"elementor-section elementor-top-section elementor-element elementor-element-299d5cb elementor-section-boxed elementor-section-height-default elementor-section-height-default\" data-id=\"299d5cb\" data-element_type=\"section\" data-e-type=\"section\">\n\t\t\t\t\t\t<div class=\"elementor-container elementor-column-gap-default\">\n\t\t\t\t\t<div class=\"elementor-column elementor-col-100 elementor-top-column elementor-element elementor-element-e9f191e\" data-id=\"e9f191e\" data-element_type=\"column\" data-e-type=\"column\">\n\t\t\t<div class=\"elementor-widget-wrap elementor-element-populated\">\n\t\t\t\t\t\t<div class=\"elementor-element elementor-element-4bdaed7 elementor-widget elementor-widget-heading\" data-id=\"4bdaed7\" data-element_type=\"widget\" data-e-type=\"widget\" data-widget_type=\"heading.default\">\n\t\t\t\t\t<h1 class=\"elementor-heading-title elementor-size-default\">Con gran alegr\u00eda y orgullo por sus ra\u00edces, el actor y migrante guatemalteco Arturo Castro efectu\u00f3 el lanzamiento inicial en el juego de Los Dodgers de Los Angeles,  en la Noche dedicada a la Herencia Cultural de Guatemala <\/h1>\t\t\t\t<\/div>\n\t\t\t\t\t<\/div>\n\t\t<\/div>\n\t\t\t\t\t<\/div>\n\t\t<\/section>\n\t\t\t\t<section data-particle_enable=\"false\" data-particle-mobile-disabled=\"false\" class=\"elementor-section elementor-top-section elementor-element elementor-element-39ef949 elementor-section-boxed elementor-section-height-default elementor-section-height-default\" data-id=\"39ef949\" data-element_type=\"section\" data-e-type=\"section\">\n\t\t\t\t\t\t<div class=\"elementor-container elementor-column-gap-default\">\n\t\t\t\t\t<div class=\"elementor-column elementor-col-100 elementor-top-column elementor-element elementor-element-d7f1468\" data-id=\"d7f1468\" data-element_type=\"column\" data-e-type=\"column\">\n\t\t\t<div class=\"elementor-widget-wrap elementor-element-populated\">\n\t\t\t\t\t\t<div class=\"elementor-element elementor-element-fe8969f elementor-widget elementor-widget-image\" data-id=\"fe8969f\" data-element_type=\"widget\" data-e-type=\"widget\" data-widget_type=\"image.default\">\n\t\t\t\t\t\t\t\t\t\t\t\t<figure class=\"wp-caption\">\n\t\t\t\t\t\t\t\t\t\t<img fetchpriority=\"high\" decoding=\"async\" width=\"768\" height=\"771\" src=\"https:\/\/soymigrante.com\/revista\/wp-content\/uploads\/2023\/09\/arturo.webp\" class=\"attachment-large size-large wp-image-2636\" alt=\"Arturo Castro durante el memorable lanzamiento en la Guatemala Heritage NIght de Los Dodgers de Los Angeles.\" srcset=\"https:\/\/soymigrante.com\/revista\/wp-content\/uploads\/2023\/09\/arturo.webp 955w, https:\/\/soymigrante.com\/revista\/wp-content\/uploads\/2023\/09\/arturo-300x300.webp 300w, https:\/\/soymigrante.com\/revista\/wp-content\/uploads\/2023\/09\/arturo-150x150.webp 150w, https:\/\/soymigrante.com\/revista\/wp-content\/uploads\/2023\/09\/arturo-768x771.webp 768w, https:\/\/soymigrante.com\/revista\/wp-content\/uploads\/2023\/09\/arturo-75x75.webp 75w, https:\/\/soymigrante.com\/revista\/wp-content\/uploads\/2023\/09\/arturo-750x753.webp 750w\" sizes=\"(max-width: 768px) 100vw, 768px\" title=\"Arturo Castro durante el memorable lanzamiento en la Guatemala Heritage NIght de Los Dodgers de Los Angeles. \u2013 SoyMigrante.com REVISTA\" \/>\t\t\t\t\t\t\t\t\t\t\t<figcaption class=\"widget-image-caption wp-caption-text\">Arturo Castro durante el memorable lanzamiento en la Guatemala Heritage NIght de Los Dodgers de Los Angeles.<\/figcaption>\n\t\t\t\t\t\t\t\t\t\t<\/figure>\n\t\t\t\t\t\t\t\t\t<\/div>\n\t\t\t\t\t<\/div>\n\t\t<\/div>\n\t\t\t\t\t<\/div>\n\t\t<\/section>\n\t\t\t\t<section data-particle_enable=\"false\" data-particle-mobile-disabled=\"false\" class=\"elementor-section elementor-top-section elementor-element elementor-element-5f4295d elementor-section-boxed elementor-section-height-default elementor-section-height-default\" data-id=\"5f4295d\" data-element_type=\"section\" data-e-type=\"section\">\n\t\t\t\t\t\t<div class=\"elementor-container elementor-column-gap-default\">\n\t\t\t\t\t<div class=\"elementor-column elementor-col-100 elementor-top-column elementor-element elementor-element-6329ded\" data-id=\"6329ded\" data-element_type=\"column\" data-e-type=\"column\">\n\t\t\t<div class=\"elementor-widget-wrap elementor-element-populated\">\n\t\t\t\t\t\t<div class=\"elementor-element elementor-element-197ee60 elementor-widget elementor-widget-text-editor\" data-id=\"197ee60\" data-element_type=\"widget\" data-e-type=\"widget\" data-widget_type=\"text-editor.default\">\n\t\t\t\t\t\t\t\t\t<p>El equipo de b\u00e9isbol de Los Dodgers de Los Angeles dedica algunos juegos a la herencia cultural de pa\u00edses con fuerte presencia migrante en Estados Unidos. Coincidiendo con el mes de la independencia, el 20 de septiembre se celebr\u00f3 la Noche de Herencia Guatemalteca.<\/p><p>Arturo Castro, actor, migrante guatemalteco e impulsor de la innovaci\u00f3n educativa en el pa\u00eds\u00a0 fue el encargado de efectuar el lanzamiento simb\u00f3lico inicial. compatriotas acudieron a este partido para representar la riqueza y el orgullo por la identidad guatemalteca. &#8220;Arturo Castro practic\u00f3 durante varios d\u00edas en la capital de Guatemala para lograr un lanzamiento excelente.\u00a0 Durante el acto tambien particip\u00f3 la cantante guatemalteca Gaby Moreno, quien interpret\u00f3 el Himno Nacional de Guatemala y cant\u00f3 el tema Luna de Xelaj\u00fa.<\/p><p><span style=\"color: var( --e-global-color-text ); background-color: var(--ak-bg-color);\">Sigui\u00f3 practicando en otro campo de b\u00e9isbol en la zona 15 capitalina, en donde al preguntarle sobre el ser guatemalteco dijo sentirse orgulloso de pertenecer a este pueblo tan laborioso.<\/span><\/p><p>\u00a0<\/p>\t\t\t\t\t\t\t\t<\/div>\n\t\t\t\t\t<\/div>\n\t\t<\/div>\n\t\t\t\t\t<\/div>\n\t\t<\/section>\n\t\t\t\t<section data-particle_enable=\"false\" data-particle-mobile-disabled=\"false\" class=\"elementor-section elementor-top-section elementor-element elementor-element-f0e7c4d elementor-section-boxed elementor-section-height-default elementor-section-height-default\" data-id=\"f0e7c4d\" data-element_type=\"section\" data-e-type=\"section\">\n\t\t\t\t\t\t<div class=\"elementor-container elementor-column-gap-default\">\n\t\t\t\t\t<div class=\"elementor-column elementor-col-100 elementor-top-column elementor-element elementor-element-5277a0e\" data-id=\"5277a0e\" data-element_type=\"column\" data-e-type=\"column\">\n\t\t\t<div class=\"elementor-widget-wrap elementor-element-populated\">\n\t\t\t\t\t\t<div class=\"elementor-element elementor-element-b9e9646 elementor-invisible elementor-widget elementor-widget-facebook-embed\" data-id=\"b9e9646\" data-element_type=\"widget\" data-e-type=\"widget\" data-settings=\"{&quot;_animation&quot;:&quot;slideInLeft&quot;}\" data-widget_type=\"facebook-embed.default\">\n\t\t\t\t\t<div style=\"min-height: 1px\" class=\"elementor-facebook-widget fb-post\" data-href=\"https:\/\/www.facebook.com\/550627944\/videos\/984091576260161\/\" data-show-text=\"false\"><\/div>\t\t\t\t<\/div>\n\t\t\t\t\t<\/div>\n\t\t<\/div>\n\t\t\t\t\t<\/div>\n\t\t<\/section>\n\t\t\t\t<section data-particle_enable=\"false\" data-particle-mobile-disabled=\"false\" class=\"elementor-section elementor-top-section elementor-element elementor-element-4025385 elementor-section-boxed elementor-section-height-default elementor-section-height-default\" data-id=\"4025385\" data-element_type=\"section\" data-e-type=\"section\">\n\t\t\t\t\t\t<div class=\"elementor-container elementor-column-gap-default\">\n\t\t\t\t\t<div class=\"elementor-column elementor-col-100 elementor-top-column elementor-element elementor-element-eef40ef\" data-id=\"eef40ef\" data-element_type=\"column\" data-e-type=\"column\">\n\t\t\t<div class=\"elementor-widget-wrap elementor-element-populated\">\n\t\t\t\t\t\t<div class=\"elementor-element elementor-element-f575527 elementor-widget elementor-widget-heading\" data-id=\"f575527\" data-element_type=\"widget\" data-e-type=\"widget\" data-widget_type=\"heading.default\">\n\t\t\t\t\t<h2 class=\"elementor-heading-title elementor-size-default\">\"Un honor representar al pa\u00eds\"<\/h2>\t\t\t\t<\/div>\n\t\t\t\t\t<\/div>\n\t\t<\/div>\n\t\t\t\t\t<\/div>\n\t\t<\/section>\n\t\t\t\t<section data-particle_enable=\"false\" data-particle-mobile-disabled=\"false\" class=\"elementor-section elementor-top-section elementor-element elementor-element-46dae33 elementor-section-boxed elementor-section-height-default elementor-section-height-default\" data-id=\"46dae33\" data-element_type=\"section\" data-e-type=\"section\">\n\t\t\t\t\t\t<div class=\"elementor-container elementor-column-gap-default\">\n\t\t\t\t\t<div class=\"elementor-column elementor-col-100 elementor-top-column elementor-element elementor-element-a506cd1\" data-id=\"a506cd1\" data-element_type=\"column\" data-e-type=\"column\">\n\t\t\t<div class=\"elementor-widget-wrap elementor-element-populated\">\n\t\t\t\t\t\t<div class=\"elementor-element elementor-element-78af083 elementor-widget elementor-widget-text-editor\" data-id=\"78af083\" data-element_type=\"widget\" data-e-type=\"widget\" data-widget_type=\"text-editor.default\">\n\t\t\t\t\t\t\t\t\t<p><span style=\"font-family: Roboto, sans-serif; font-size: 16px; font-style: normal; font-variant-ligatures: normal; font-variant-caps: normal; font-weight: 400; color: var( --e-global-color-text ); background-color: var(--ak-bg-color);\">&#8220;Quiero hacer un lanzamiento. Ya me aconsejaron aqu\u00ed en el Diamante Trapo Torrebiarte algo del movimiento y la direcci\u00f3n y espero hacerlo muy bien&#8230; que no se vaya por un lado, ja ja&#8221;, comenta Castro, quien relata que en 2022 fue invitado por Los Dodgers para representar a Guatemala, pero no pudo acudir por compromisos de trabajo en la producci\u00f3n de una pel\u00edcula.&nbsp;<\/span><\/p>\n<p><span style=\"font-family: Roboto, sans-serif; font-size: 16px; font-style: normal; font-variant-ligatures: normal; font-variant-caps: normal; font-weight: 400; color: var( --e-global-color-text ); background-color: var(--ak-bg-color);\">&#8220;Ahora s\u00ed, no me lo pierdo. Es un honor y una gran alegr\u00eda representar a miles, millones de Guatemaltecos y lo hago con mucha humildad&#8221;, expresa el actor que ha participado en series como Narcos y Alterlatino, o en pel\u00edculas como&nbsp; El Men\u00fa, Mr. Corman o Semper Fi.<\/span><\/p>\t\t\t\t\t\t\t\t<\/div>\n\t\t\t\t\t<\/div>\n\t\t<\/div>\n\t\t\t\t\t<\/div>\n\t\t<\/section>\n\t\t\t\t<section data-particle_enable=\"false\" data-particle-mobile-disabled=\"false\" class=\"elementor-section elementor-top-section elementor-element elementor-element-544aaf1 elementor-section-boxed elementor-section-height-default elementor-section-height-default\" data-id=\"544aaf1\" data-element_type=\"section\" data-e-type=\"section\">\n\t\t\t\t\t\t<div class=\"elementor-container elementor-column-gap-default\">\n\t\t\t\t\t<div class=\"elementor-column elementor-col-100 elementor-top-column elementor-element elementor-element-6ba182c\" data-id=\"6ba182c\" data-element_type=\"column\" data-e-type=\"column\">\n\t\t\t<div class=\"elementor-widget-wrap elementor-element-populated\">\n\t\t\t\t\t\t<div class=\"elementor-element elementor-element-413f68d elementor-invisible elementor-widget elementor-widget-image\" data-id=\"413f68d\" data-element_type=\"widget\" data-e-type=\"widget\" data-settings=\"{&quot;_animation&quot;:&quot;fadeInLeft&quot;}\" data-widget_type=\"image.default\">\n\t\t\t\t\t\t\t\t\t\t\t\t\t\t\t<img decoding=\"async\" width=\"662\" height=\"306\" src=\"https:\/\/soymigrante.com\/revista\/wp-content\/uploads\/2023\/09\/Captura-de-pantalla-2023-09-06-122352.webp\" class=\"attachment-large size-large wp-image-2483\" alt=\"Arturo Castro impulsa la tecnolog\u00eda en escuelas del pa\u00eds y planea inaugurar otros cinco laboratorios de computaci\u00f3n en Guatemala antes que finalice el 2023.\" srcset=\"https:\/\/soymigrante.com\/revista\/wp-content\/uploads\/2023\/09\/Captura-de-pantalla-2023-09-06-122352.webp 662w, https:\/\/soymigrante.com\/revista\/wp-content\/uploads\/2023\/09\/Captura-de-pantalla-2023-09-06-122352-300x139.webp 300w\" sizes=\"(max-width: 662px) 100vw, 662px\" title=\"Arturo  Castro impulsa la tecnolog\u00eda en escuelas del pa\u00eds y planea inaugurar otros cinco laboratorios de computaci\u00f3n en Guatemala antes que finalice el 2023. \u2013 SoyMigrante.com REVISTA\" \/>\t\t\t\t\t\t\t\t\t\t\t\t\t\t\t<\/div>\n\t\t\t\t\t<\/div>\n\t\t<\/div>\n\t\t\t\t\t<\/div>\n\t\t<\/section>\n\t\t\t\t<section data-particle_enable=\"false\" data-particle-mobile-disabled=\"false\" class=\"elementor-section elementor-top-section elementor-element elementor-element-f826b19 elementor-section-boxed elementor-section-height-default elementor-section-height-default\" data-id=\"f826b19\" data-element_type=\"section\" data-e-type=\"section\">\n\t\t\t\t\t\t<div class=\"elementor-container elementor-column-gap-default\">\n\t\t\t\t\t<div class=\"elementor-column elementor-col-100 elementor-top-column elementor-element elementor-element-e939dc7\" data-id=\"e939dc7\" data-element_type=\"column\" data-e-type=\"column\">\n\t\t\t<div class=\"elementor-widget-wrap elementor-element-populated\">\n\t\t\t\t\t\t<div class=\"elementor-element elementor-element-09c48c5 elementor-widget elementor-widget-heading\" data-id=\"09c48c5\" data-element_type=\"widget\" data-e-type=\"widget\" data-widget_type=\"heading.default\">\n\t\t\t\t\t<h2 class=\"elementor-heading-title elementor-size-default\">Proyectos educativos siguen adelante <\/h2>\t\t\t\t<\/div>\n\t\t\t\t\t<\/div>\n\t\t<\/div>\n\t\t\t\t\t<\/div>\n\t\t<\/section>\n\t\t\t\t<section data-particle_enable=\"false\" data-particle-mobile-disabled=\"false\" class=\"elementor-section elementor-top-section elementor-element elementor-element-85f24d4 elementor-section-boxed elementor-section-height-default elementor-section-height-default\" data-id=\"85f24d4\" data-element_type=\"section\" data-e-type=\"section\">\n\t\t\t\t\t\t<div class=\"elementor-container elementor-column-gap-default\">\n\t\t\t\t\t<div class=\"elementor-column elementor-col-100 elementor-top-column elementor-element elementor-element-d13b4b1\" data-id=\"d13b4b1\" data-element_type=\"column\" data-e-type=\"column\">\n\t\t\t<div class=\"elementor-widget-wrap elementor-element-populated\">\n\t\t\t\t\t\t<div class=\"elementor-element elementor-element-5b1d78c elementor-widget elementor-widget-text-editor\" data-id=\"5b1d78c\" data-element_type=\"widget\" data-e-type=\"widget\" data-widget_type=\"text-editor.default\">\n\t\t\t\t\t\t\t\t\t<p>Aunque en este momento se encuentra en el pa\u00eds debido a una visita familiar, Arturo cuenta que espera cerrar el a\u00f1o con otros cinco laboratorios de computaci\u00f3n en el mismo n\u00famero de escuelas en el pa\u00eds. &#8220;Con el apoyo de Funsepa seguimos adelante para promover la tecnolog\u00eda escolar y con ello mejorar las oportunidades de aprendizaje&#8221;, cuenta.<br>Arturo adem\u00e1s apoya a refugios de ni\u00f1ez y adolescencia v\u00edctimas de violencia, a los cuales provee computadores, cursos de ingl\u00e9s y capacitaci\u00f3n t\u00e9cnica, para ayudarles a mejorar sus perspectivas de futuro.<br>El lanzamiento de bola del pr\u00f3ximo 20 de septiembre podr\u00eda considerarse una buena met\u00e1fora de lo que hace por los j\u00f3venes: \u00e9l les hace un lanzamiento para que ellos puedan batear un jonr\u00f3n.<\/p>\t\t\t\t\t\t\t\t<\/div>\n\t\t\t\t\t<\/div>\n\t\t<\/div>\n\t\t\t\t\t<\/div>\n\t\t<\/section>\n\t\t\t\t<section data-particle_enable=\"false\" data-particle-mobile-disabled=\"false\" class=\"elementor-section elementor-top-section elementor-element elementor-element-f57c784 elementor-section-boxed elementor-section-height-default elementor-section-height-default\" data-id=\"f57c784\" data-element_type=\"section\" data-e-type=\"section\">\n\t\t\t\t\t\t<div class=\"elementor-container elementor-column-gap-default\">\n\t\t\t\t\t<div class=\"elementor-column elementor-col-100 elementor-top-column elementor-element elementor-element-7fa3e14\" data-id=\"7fa3e14\" data-element_type=\"column\" data-e-type=\"column\">\n\t\t\t<div class=\"elementor-widget-wrap elementor-element-populated\">\n\t\t\t\t\t\t<div class=\"elementor-element elementor-element-fbd528e elementor-invisible elementor-widget elementor-widget-facebook-embed\" data-id=\"fbd528e\" data-element_type=\"widget\" data-e-type=\"widget\" data-settings=\"{&quot;_animation&quot;:&quot;slideInLeft&quot;}\" data-widget_type=\"facebook-embed.default\">\n\t\t\t\t\t<div style=\"min-height: 1px\" class=\"elementor-facebook-widget fb-post\" data-href=\"https:\/\/www.facebook.com\/550627944\/videos\/1905013296546969\/\" data-show-text=\"false\"><\/div>\t\t\t\t<\/div>\n\t\t\t\t\t<\/div>\n\t\t<\/div>\n\t\t\t\t\t<\/div>\n\t\t<\/section>\n\t\t\t\t<section data-particle_enable=\"false\" data-particle-mobile-disabled=\"false\" class=\"elementor-section elementor-top-section elementor-element elementor-element-85cf996 elementor-section-boxed elementor-section-height-default elementor-section-height-default\" data-id=\"85cf996\" data-element_type=\"section\" data-e-type=\"section\">\n\t\t\t\t\t\t<div class=\"elementor-container elementor-column-gap-default\">\n\t\t\t\t\t<div class=\"elementor-column elementor-col-100 elementor-top-column elementor-element elementor-element-e19a04e\" data-id=\"e19a04e\" data-element_type=\"column\" data-e-type=\"column\">\n\t\t\t<div class=\"elementor-widget-wrap elementor-element-populated\">\n\t\t\t\t\t\t<div class=\"elementor-element elementor-element-e1badb5 elementor-position-top elementor-invisible elementor-widget elementor-widget-image-box\" data-id=\"e1badb5\" data-element_type=\"widget\" data-e-type=\"widget\" data-settings=\"{&quot;_animation&quot;:&quot;wobble&quot;}\" data-widget_type=\"image-box.default\">\n\t\t\t\t\t<div class=\"elementor-image-box-wrapper\"><figure class=\"elementor-image-box-img\"><a href=\"https:\/\/soymigrante.com\/revista\/actor-arturo-castro\/\" tabindex=\"-1\"><img decoding=\"async\" width=\"768\" height=\"576\" src=\"https:\/\/soymigrante.com\/revista\/wp-content\/uploads\/2023\/02\/SOY-MIGRANTE-ARTURO-CASTRO-2-768x576.jpg\" class=\"attachment-medium_large size-medium_large wp-image-226\" alt=\"\u201cCuando uno tiene un sue\u00f1o, no hay plan B\u201d: actor Arturo Castro\" title=\"SOY MIGRANTE ARTURO CASTRO (2) \u2013 SoyMigrante.com REVISTA\" srcset=\"https:\/\/soymigrante.com\/revista\/wp-content\/uploads\/2023\/02\/SOY-MIGRANTE-ARTURO-CASTRO-2-768x576.jpg 768w, https:\/\/soymigrante.com\/revista\/wp-content\/uploads\/2023\/02\/SOY-MIGRANTE-ARTURO-CASTRO-2-300x225.webp 300w, https:\/\/soymigrante.com\/revista\/wp-content\/uploads\/2023\/02\/SOY-MIGRANTE-ARTURO-CASTRO-2-1024x768.jpg 1024w, https:\/\/soymigrante.com\/revista\/wp-content\/uploads\/2023\/02\/SOY-MIGRANTE-ARTURO-CASTRO-2-750x563.webp 750w, https:\/\/soymigrante.com\/revista\/wp-content\/uploads\/2023\/02\/SOY-MIGRANTE-ARTURO-CASTRO-2.webp 1080w\" sizes=\"(max-width: 768px) 100vw, 768px\" \/><\/a><\/figure><div class=\"elementor-image-box-content\"><h3 class=\"elementor-image-box-title\"><a href=\"https:\/\/soymigrante.com\/revista\/actor-arturo-castro\/\">\"Cuando tienes un sue\u00f1o, no hay plan B\"<\/a><\/h3><p class=\"elementor-image-box-description\">Quiz\u00e1s ya la hab\u00eda le\u00eddo... pero tal vez no: \nLa primera conversaci\u00f3n de SoyMigrante.com con Arturo Castro<\/p><\/div><\/div>\t\t\t\t<\/div>\n\t\t\t\t\t<\/div>\n\t\t<\/div>\n\t\t\t\t\t<\/div>\n\t\t<\/section>\n\t\t\t\t<\/div>\n\t\t","protected":false},"excerpt":{"rendered":"<p>Con gran alegr\u00eda y orgullo por sus ra\u00edces, el actor y migrante guatemalteco Arturo Castro efectu\u00f3 el lanzamiento inicial en el juego de Los Dodgers de Los Angeles, en la Noche dedicada a la Herencia Cultural de Guatemala Arturo Castro durante el memorable lanzamiento en la Guatemala Heritage NIght de Los Dodgers de Los Angeles. [&hellip;]<\/p>\n","protected":false},"author":7,"featured_media":2538,"comment_status":"open","ping_status":"open","sticky":false,"template":"","format":"standard","meta":{"_acf_changed":false,"_eb_attr":"","footnotes":""},"categories":[54],"tags":[],"class_list":["post-2479","post","type-post","status-publish","format-standard","has-post-thumbnail","hentry","category-estamos-unidos"],"acf":[],"aioseo_notices":[],"aioseo_head":"\n\t\t<!-- All in One SEO Pro 4.9.6.2 - aioseo.com -->\n\t<meta name=\"description\" content=\"Equipo de Los Dodgers dedicar\u00e1 el juego del 20 de septiembre como D\u00eda de la Herencia Cultural Guatemalteca en honor a los migrantes de Guatemala en Estados Unidos.\" \/>\n\t<meta name=\"robots\" content=\"max-snippet:-1, max-image-preview:large, max-video-preview:-1\" \/>\n\t<meta name=\"author\" content=\"Gustavo Montenegro\"\/>\n\t<link rel=\"canonical\" href=\"https:\/\/soymigrante.com\/revista\/actor-y-migrante-guatemalteco-arturo-castro-lanzara-bola-inicial-en-juego-de-los-dodgers\/\" \/>\n\t<meta name=\"generator\" content=\"All in One SEO Pro (AIOSEO) 4.9.6.2\" \/>\n\n\t\t<link rel=\"preconnect\" href=\"https:\/\/fonts.googleapis.com\" crossorigin>\n<link rel=\"preconnect\" href=\"https:\/\/fonts.gstatic.com\" crossorigin>\n\t\t<meta property=\"og:locale\" content=\"es_ES\" \/>\n\t\t<meta property=\"og:site_name\" content=\"SoyMigrante.com REVISTA \u2013 Nuestra misi\u00f3n es reconocer y dignificar al migrante.\" \/>\n\t\t<meta property=\"og:type\" content=\"article\" \/>\n\t\t<meta property=\"og:title\" content=\"Actor y migrante Arturo Castro lanza bola inicial en juego de Los Dodgers dedicado a Guatemala\" \/>\n\t\t<meta property=\"og:description\" content=\"Equipo de Los Dodgers dedicar\u00e1 el juego del 20 de septiembre como D\u00eda de la Herencia Cultural Guatemalteca en honor a los migrantes de Guatemala en Estados Unidos.\" \/>\n\t\t<meta property=\"og:url\" content=\"https:\/\/soymigrante.com\/revista\/actor-y-migrante-guatemalteco-arturo-castro-lanzara-bola-inicial-en-juego-de-los-dodgers\/\" \/>\n\t\t<meta property=\"og:image\" content=\"https:\/\/soymigrante.com\/revista\/wp-content\/uploads\/2023\/09\/Captura-de-pantalla-2023-09-11-233518.webp\" \/>\n\t\t<meta property=\"og:image:secure_url\" content=\"https:\/\/soymigrante.com\/revista\/wp-content\/uploads\/2023\/09\/Captura-de-pantalla-2023-09-11-233518.webp\" \/>\n\t\t<meta property=\"og:image:width\" content=\"1041\" \/>\n\t\t<meta property=\"og:image:height\" content=\"822\" \/>\n\t\t<meta property=\"article:published_time\" content=\"2023-09-12T05:37:04+00:00\" \/>\n\t\t<meta property=\"article:modified_time\" content=\"2024-07-30T20:05:49+00:00\" \/>\n\t\t<meta property=\"article:publisher\" content=\"https:\/\/www.facebook.com\/soymigrantecom\" \/>\n\t\t<meta name=\"twitter:card\" content=\"summary_large_image\" \/>\n\t\t<meta name=\"twitter:site\" content=\"@SoyMigrante_com\" \/>\n\t\t<meta name=\"twitter:title\" content=\"Actor y migrante Arturo Castro lanza bola inicial en juego de Los Dodgers dedicado a Guatemala\" \/>\n\t\t<meta name=\"twitter:description\" content=\"Equipo de Los Dodgers dedicar\u00e1 el juego del 20 de septiembre como D\u00eda de la Herencia Cultural Guatemalteca en honor a los migrantes de Guatemala en Estados Unidos.\" \/>\n\t\t<meta name=\"twitter:creator\" content=\"@SoyMigrante_com\" \/>\n\t\t<meta name=\"twitter:image\" content=\"https:\/\/soymigrante.com\/revista\/wp-content\/uploads\/2023\/09\/Captura-de-pantalla-2023-09-11-233518.webp\" \/>\n\t\t<!-- All in One SEO Pro -->\r\n\t\t<title>Actor y migrante Arturo Castro lanza bola inicial en juego de Los Dodgers dedicado a Guatemala<\/title>\n\n","aioseo_head_json":{"title":"Actor y migrante Arturo Castro lanza bola inicial en juego de Los Dodgers dedicado a Guatemala","description":"Equipo de Los Dodgers dedicar\u00e1 el juego del 20 de septiembre como D\u00eda de la Herencia Cultural Guatemalteca en honor a los migrantes de Guatemala en Estados Unidos.","canonical_url":"https:\/\/soymigrante.com\/revista\/actor-y-migrante-guatemalteco-arturo-castro-lanzara-bola-inicial-en-juego-de-los-dodgers\/","robots":"max-snippet:-1, max-image-preview:large, max-video-preview:-1","keywords":"","webmasterTools":{"miscellaneous":"&lt;link rel=\"preconnect\" href=\"https:\/\/fonts.googleapis.com\" crossorigin&gt;\n&lt;link rel=\"preconnect\" href=\"https:\/\/fonts.gstatic.com\" crossorigin&gt;"},"schema":null,"og:locale":"es_ES","og:site_name":"SoyMigrante.com REVISTA \u2013 Nuestra misi\u00f3n es reconocer y dignificar al migrante.","og:type":"article","og:title":"Actor y migrante Arturo Castro lanza bola inicial en juego de Los Dodgers dedicado a Guatemala","og:description":"Equipo de Los Dodgers dedicar\u00e1 el juego del 20 de septiembre como D\u00eda de la Herencia Cultural Guatemalteca en honor a los migrantes de Guatemala en Estados Unidos.","og:url":"https:\/\/soymigrante.com\/revista\/actor-y-migrante-guatemalteco-arturo-castro-lanzara-bola-inicial-en-juego-de-los-dodgers\/","og:image":"https:\/\/soymigrante.com\/revista\/wp-content\/uploads\/2023\/09\/Captura-de-pantalla-2023-09-11-233518.webp","og:image:secure_url":"https:\/\/soymigrante.com\/revista\/wp-content\/uploads\/2023\/09\/Captura-de-pantalla-2023-09-11-233518.webp","og:image:width":1041,"og:image:height":822,"article:published_time":"2023-09-12T05:37:04+00:00","article:modified_time":"2024-07-30T20:05:49+00:00","article:publisher":"https:\/\/www.facebook.com\/soymigrantecom","twitter:card":"summary_large_image","twitter:site":"@SoyMigrante_com","twitter:title":"Actor y migrante Arturo Castro lanza bola inicial en juego de Los Dodgers dedicado a Guatemala","twitter:description":"Equipo de Los Dodgers dedicar\u00e1 el juego del 20 de septiembre como D\u00eda de la Herencia Cultural Guatemalteca en honor a los migrantes de Guatemala en Estados Unidos.","twitter:creator":"@SoyMigrante_com","twitter:image":"https:\/\/soymigrante.com\/revista\/wp-content\/uploads\/2023\/09\/Captura-de-pantalla-2023-09-11-233518.webp"},"aioseo_meta_data":{"post_id":"2479","title":null,"description":"Equipo de Los Dodgers dedicar\u00e1 el juego del 20 de septiembre como D\u00eda de la Herencia Cultural Guatemalteca en honor a los migrantes de Guatemala en Estados Unidos.","keywords":[],"keyphrases":{"focus":{"keyphrase":"arturo castro","score":74,"analysis":{"keyphraseInTitle":{"score":9,"maxScore":9,"error":0},"keyphraseInDescription":{"score":3,"maxScore":9,"error":1},"keyphraseLength":{"score":9,"maxScore":9,"error":0,"length":2},"keyphraseInURL":{"score":5,"maxScore":5,"error":0},"keyphraseInIntroduction":{"score":3,"maxScore":9,"error":1},"keyphraseInSubHeadings":{"score":3,"maxScore":9,"error":1},"keyphraseInImageAlt":{"score":9,"maxScore":9,"error":0},"keywordDensity":{"type":"best","score":9,"maxScore":9,"error":0}}},"additional":[]},"primary_term":null,"canonical_url":null,"og_title":null,"og_description":null,"og_object_type":"default","og_image_type":"default","og_image_url":null,"og_image_width":null,"og_image_height":null,"og_image_custom_url":null,"og_image_custom_fields":null,"og_video":"","og_custom_url":null,"og_article_section":null,"og_article_tags":[],"twitter_use_og":false,"twitter_card":"default","twitter_image_type":"default","twitter_image_url":null,"twitter_image_custom_url":null,"twitter_image_custom_fields":null,"twitter_title":null,"twitter_description":null,"schema":{"blockGraphs":[],"customGraphs":[],"default":{"data":{"Article":[],"Course":[],"Dataset":[],"FAQPage":[],"Movie":[],"Person":[],"Product":[],"ProductReview":[],"Car":[],"Recipe":[],"Service":[],"SoftwareApplication":[],"WebPage":[]},"graphName":"BlogPosting","isEnabled":true},"graphs":[]},"schema_type":"default","schema_type_options":null,"pillar_content":false,"robots_default":true,"robots_noindex":false,"robots_noarchive":false,"robots_nosnippet":false,"robots_nofollow":false,"robots_noimageindex":false,"robots_noodp":false,"robots_notranslate":false,"robots_max_snippet":"-1","robots_max_videopreview":"-1","robots_max_imagepreview":"large","priority":null,"frequency":"default","local_seo":null,"seo_analyzer_scan_date":"2025-10-08 20:23:12","breadcrumb_settings":null,"limit_modified_date":false,"reviewed_by":null,"open_ai":null,"ai":null,"created":"2023-09-06 18:40:18","updated":"2026-02-04 09:36:57"},"aioseo_breadcrumb":"<div class=\"aioseo-breadcrumbs\"><span class=\"aioseo-breadcrumb\">\n\t<a href=\"https:\/\/soymigrante.com\/revista\" title=\"Home\">Home<\/a>\n<\/span><span class=\"aioseo-breadcrumb-separator\">\u00bb<\/span><span class=\"aioseo-breadcrumb\">\n\t<a href=\"https:\/\/soymigrante.com\/revista\/category\/estamos-unidos\/\" title=\"Estamos Unidos\">Estamos Unidos<\/a>\n<\/span><span class=\"aioseo-breadcrumb-separator\">\u00bb<\/span><span class=\"aioseo-breadcrumb\">\n\tActor y migrante Arturo Castro lanza bola inicial en juego de Los Dodgers dedicado a Guatemala\n<\/span><\/div>","aioseo_breadcrumb_json":[{"label":"Home","link":"https:\/\/soymigrante.com\/revista"},{"label":"Estamos Unidos","link":"https:\/\/soymigrante.com\/revista\/category\/estamos-unidos\/"},{"label":"Actor y migrante Arturo Castro lanza bola inicial en juego de Los Dodgers dedicado a Guatemala","link":"https:\/\/soymigrante.com\/revista\/actor-y-migrante-guatemalteco-arturo-castro-lanzara-bola-inicial-en-juego-de-los-dodgers\/"}],"_links":{"self":[{"href":"https:\/\/soymigrante.com\/revista\/wp-json\/wp\/v2\/posts\/2479","targetHints":{"allow":["GET"]}}],"collection":[{"href":"https:\/\/soymigrante.com\/revista\/wp-json\/wp\/v2\/posts"}],"about":[{"href":"https:\/\/soymigrante.com\/revista\/wp-json\/wp\/v2\/types\/post"}],"author":[{"embeddable":true,"href":"https:\/\/soymigrante.com\/revista\/wp-json\/wp\/v2\/users\/7"}],"replies":[{"embeddable":true,"href":"https:\/\/soymigrante.com\/revista\/wp-json\/wp\/v2\/comments?post=2479"}],"version-history":[{"count":0,"href":"https:\/\/soymigrante.com\/revista\/wp-json\/wp\/v2\/posts\/2479\/revisions"}],"wp:featuredmedia":[{"embeddable":true,"href":"https:\/\/soymigrante.com\/revista\/wp-json\/wp\/v2\/media\/2538"}],"wp:attachment":[{"href":"https:\/\/soymigrante.com\/revista\/wp-json\/wp\/v2\/media?parent=2479"}],"wp:term":[{"taxonomy":"category","embeddable":true,"href":"https:\/\/soymigrante.com\/revista\/wp-json\/wp\/v2\/categories?post=2479"},{"taxonomy":"post_tag","embeddable":true,"href":"https:\/\/soymigrante.com\/revista\/wp-json\/wp\/v2\/tags?post=2479"}],"curies":[{"name":"wp","href":"https:\/\/api.w.org\/{rel}","templated":true}]}}