{"id":24715,"date":"2025-02-13T05:06:00","date_gmt":"2025-02-13T11:06:00","guid":{"rendered":"https:\/\/soymigrante.com\/revista\/?p=24715"},"modified":"2025-03-04T12:21:45","modified_gmt":"2025-03-04T18:21:45","slug":"departamentos-de-guatemala-retalhuleu-tiene-148-anos-de-historia","status":"publish","type":"post","link":"https:\/\/soymigrante.com\/revista\/departamentos-de-guatemala-retalhuleu-tiene-148-anos-de-historia\/","title":{"rendered":"Departamentos de Guatemala: Retalhuleu, n\u00facleo tur\u00edstico con 148 a\u00f1os de historia"},"content":{"rendered":"\t\t<div data-elementor-type=\"wp-post\" data-elementor-id=\"24715\" class=\"elementor elementor-24715\" data-elementor-post-type=\"post\">\n\t\t\t\t<div data-particle_enable=\"false\" data-particle-mobile-disabled=\"false\" class=\"elementor-element elementor-element-b124671 e-flex e-con-boxed e-con e-parent\" data-id=\"b124671\" data-element_type=\"container\" data-e-type=\"container\">\n\t\t\t\t\t<div class=\"e-con-inner\">\n\t\t\t\t<div class=\"elementor-element elementor-element-071b1a1 elementor-widget elementor-widget-heading\" data-id=\"071b1a1\" data-element_type=\"widget\" data-e-type=\"widget\" data-widget_type=\"heading.default\">\n\t\t\t\t\t<h2 class=\"elementor-heading-title elementor-size-default\">Retalhuleu posee uno de los n\u00facleos tur\u00edsticos m\u00e1s poderosos del suroccidente, adem\u00e1s de un gran tesoro arqueol\u00f3gico y una enorme productividad econ\u00f3mica.<\/h2>\t\t\t\t<\/div>\n\t\t\t\t\t<\/div>\n\t\t\t\t<\/div>\n\t\t<div data-particle_enable=\"false\" data-particle-mobile-disabled=\"false\" class=\"elementor-element elementor-element-76b3578 e-flex e-con-boxed e-con e-parent\" data-id=\"76b3578\" data-element_type=\"container\" data-e-type=\"container\">\n\t\t\t\t\t<div class=\"e-con-inner\">\n\t\t\t\t<div class=\"elementor-element elementor-element-5900785 elementor-widget elementor-widget-text-editor\" data-id=\"5900785\" data-element_type=\"widget\" data-e-type=\"widget\" data-widget_type=\"text-editor.default\">\n\t\t\t\t\t\t\t\t\t<p><a href=\"https:\/\/soymigrante.com\/revista\/cinco-parques-tematicos-en-retalhuleu-que-si-o-si-debes-visitar\/\" target=\"_blank\" rel=\"noopener\">Retalhuleu es uno de los veintid\u00f3s departamentos que conforman la Rep\u00fablica de Guatemala<\/a>, ubicado en la regi\u00f3n suroccidental del pa\u00eds.<\/p><p>Limita al norte con Quetzaltenango, al sur con el Oc\u00e9ano Pac\u00edfico, al este con Suchitep\u00e9quez y al oeste con San Marcos.<\/p><p>Su cabecera departamental es la ciudad de Retalhuleu, situada a aproximadamente 190 kil\u00f3metros de la Ciudad de Guatemala.<\/p>\t\t\t\t\t\t\t\t<\/div>\n\t\t\t\t\t<\/div>\n\t\t\t\t<\/div>\n\t\t<div data-particle_enable=\"false\" data-particle-mobile-disabled=\"false\" class=\"elementor-element elementor-element-1186475 e-flex e-con-boxed e-con e-parent\" data-id=\"1186475\" data-element_type=\"container\" data-e-type=\"container\">\n\t\t\t\t\t<div class=\"e-con-inner\">\n\t\t\t\t<div class=\"elementor-element elementor-element-fc94d5a elementor-widget elementor-widget-google_maps\" data-id=\"fc94d5a\" data-element_type=\"widget\" data-e-type=\"widget\" data-widget_type=\"google_maps.default\">\n\t\t\t\t\t\t\t<div class=\"elementor-custom-embed\">\n\t\t\t<iframe loading=\"lazy\"\n\t\t\t\t\tsrc=\"https:\/\/maps.google.com\/maps?q=Todo%20el%20departamento%20de%20Retalhuleu&#038;t=m&#038;z=10&#038;output=embed&#038;iwloc=near\"\n\t\t\t\t\ttitle=\"Todo el departamento de Retalhuleu\"\n\t\t\t\t\taria-label=\"Todo el departamento de Retalhuleu\"\n\t\t\t><\/iframe>\n\t\t<\/div>\n\t\t\t\t\t\t<\/div>\n\t\t\t\t\t<\/div>\n\t\t\t\t<\/div>\n\t\t<div data-particle_enable=\"false\" data-particle-mobile-disabled=\"false\" class=\"elementor-element elementor-element-1d818c6 e-flex e-con-boxed e-con e-parent\" data-id=\"1d818c6\" data-element_type=\"container\" data-e-type=\"container\">\n\t\t\t\t\t<div class=\"e-con-inner\">\n\t\t\t\t<div class=\"elementor-element elementor-element-5199022 elementor-widget elementor-widget-heading\" data-id=\"5199022\" data-element_type=\"widget\" data-e-type=\"widget\" data-widget_type=\"heading.default\">\n\t\t\t\t\t<h3 class=\"elementor-heading-title elementor-size-default\">\u00bfCu\u00e1l es el origen del nombre? <\/h3>\t\t\t\t<\/div>\n\t\t\t\t\t<\/div>\n\t\t\t\t<\/div>\n\t\t<div data-particle_enable=\"false\" data-particle-mobile-disabled=\"false\" class=\"elementor-element elementor-element-dfcf384 e-flex e-con-boxed e-con e-parent\" data-id=\"dfcf384\" data-element_type=\"container\" data-e-type=\"container\">\n\t\t\t\t\t<div class=\"e-con-inner\">\n\t\t\t\t<div class=\"elementor-element elementor-element-8eb40b3 elementor-widget elementor-widget-text-editor\" data-id=\"8eb40b3\" data-element_type=\"widget\" data-e-type=\"widget\" data-widget_type=\"text-editor.default\">\n\t\t\t\t\t\t\t\t\t<p>El nombre \u201cRetalhuleu\u201d proviene de las voces quich\u00e9s \u201cretal\u201d que significa \u201cse\u00f1al\u201d, \u201chul\u201d que significa \u201choyo\u201d y \u201culeu\u201d que significa \u201ctierra\u201d, lo que se traduce como \u201cse\u00f1al de la tierra\u201d. Otra versi\u00f3n sugiere que el nombre podr\u00eda interpretarse como \u201choyo en la tierra\u201d.<\/p><p>Existe tambi\u00e9n una leyenda que atribuye el origen del nombre a una acci\u00f3n del conquistador Pedro de Alvarado, quien habr\u00eda trazado una se\u00f1al en el aire para dividir las tierras ind\u00edgenas, aunque esta versi\u00f3n carece de confirmaci\u00f3n documental.<\/p>\t\t\t\t\t\t\t\t<\/div>\n\t\t\t\t\t<\/div>\n\t\t\t\t<\/div>\n\t\t<div data-particle_enable=\"false\" data-particle-mobile-disabled=\"false\" class=\"elementor-element elementor-element-40cdb5f e-flex e-con-boxed e-con e-parent\" data-id=\"40cdb5f\" data-element_type=\"container\" data-e-type=\"container\">\n\t\t\t\t\t<div class=\"e-con-inner\">\n\t\t\t\t<div class=\"elementor-element elementor-element-f851d90 elementor-widget elementor-widget-image\" data-id=\"f851d90\" data-element_type=\"widget\" data-e-type=\"widget\" data-widget_type=\"image.default\">\n\t\t\t\t\t\t\t\t\t\t\t\t<figure class=\"wp-caption\">\n\t\t\t\t\t\t\t\t\t\t<img fetchpriority=\"high\" decoding=\"async\" width=\"768\" height=\"427\" src=\"https:\/\/soymigrante.com\/revista\/wp-content\/uploads\/2025\/02\/Retalhuleu-1.webp\" class=\"attachment-large size-large wp-image-24733\" alt=\"Retalhuleu, paisaje urbano con palmeras en Guatemala, destino tur\u00edstico popular, clima c\u00e1lido, calles anchas, transporte urbano eficiente, cultura local, agr\u00edcola, conocida por su belleza natural y patrimonio cultural.\" srcset=\"https:\/\/soymigrante.com\/revista\/wp-content\/uploads\/2025\/02\/Retalhuleu-1.webp 800w, https:\/\/soymigrante.com\/revista\/wp-content\/uploads\/2025\/02\/Retalhuleu-1-300x167.jpeg 300w, https:\/\/soymigrante.com\/revista\/wp-content\/uploads\/2025\/02\/Retalhuleu-1-768x427.jpeg 768w, https:\/\/soymigrante.com\/revista\/wp-content\/uploads\/2025\/02\/Retalhuleu-1-750x417.webp 750w\" sizes=\"(max-width: 768px) 100vw, 768px\" title=\"Departamentos de Guatemala: Retalhuleu con 148 a\u00f1os de historia \u2013 SoyMigrante.com REVISTA\" \/>\t\t\t\t\t\t\t\t\t\t\t<figcaption class=\"widget-image-caption wp-caption-text\">Retalhuleu es un departamento con distintos parques de diversiones. (Foto: INGUAT)<\/figcaption>\n\t\t\t\t\t\t\t\t\t\t<\/figure>\n\t\t\t\t\t\t\t\t\t<\/div>\n\t\t\t\t\t<\/div>\n\t\t\t\t<\/div>\n\t\t<div data-particle_enable=\"false\" data-particle-mobile-disabled=\"false\" class=\"elementor-element elementor-element-2ab95af e-flex e-con-boxed e-con e-parent\" data-id=\"2ab95af\" data-element_type=\"container\" data-e-type=\"container\">\n\t\t\t\t\t<div class=\"e-con-inner\">\n\t\t\t\t<div class=\"elementor-element elementor-element-bd970a3 elementor-widget elementor-widget-heading\" data-id=\"bd970a3\" data-element_type=\"widget\" data-e-type=\"widget\" data-widget_type=\"heading.default\">\n\t\t\t\t\t<h3 class=\"elementor-heading-title elementor-size-default\">\u00bfCu\u00e1l es la extensi\u00f3n territorial de Retalhuleu?<\/h3>\t\t\t\t<\/div>\n\t\t\t\t\t<\/div>\n\t\t\t\t<\/div>\n\t\t<div data-particle_enable=\"false\" data-particle-mobile-disabled=\"false\" class=\"elementor-element elementor-element-63e26de e-flex e-con-boxed e-con e-parent\" data-id=\"63e26de\" data-element_type=\"container\" data-e-type=\"container\">\n\t\t\t\t\t<div class=\"e-con-inner\">\n\t\t\t\t<div class=\"elementor-element elementor-element-d30a441 elementor-widget elementor-widget-text-editor\" data-id=\"d30a441\" data-element_type=\"widget\" data-e-type=\"widget\" data-widget_type=\"text-editor.default\">\n\t\t\t\t\t\t\t\t\t<p>El departamento de Retalhuleu cuenta con una extensi\u00f3n territorial de 1,856 km\u00b2. Fue creado por acuerdo del 16 de octubre de 1877, durante el gobierno del general Justo Rufino Barrios. Su territorio surgi\u00f3 a partir de dividir el departamento de Suchitep\u00e9quez.\u00a0<\/p>\t\t\t\t\t\t\t\t<\/div>\n\t\t\t\t\t<\/div>\n\t\t\t\t<\/div>\n\t\t<div data-particle_enable=\"false\" data-particle-mobile-disabled=\"false\" class=\"elementor-element elementor-element-60b96fa e-flex e-con-boxed e-con e-parent\" data-id=\"60b96fa\" data-element_type=\"container\" data-e-type=\"container\">\n\t\t\t\t\t<div class=\"e-con-inner\">\n\t\t\t\t<div class=\"elementor-element elementor-element-75ac938 elementor-widget elementor-widget-heading\" data-id=\"75ac938\" data-element_type=\"widget\" data-e-type=\"widget\" data-widget_type=\"heading.default\">\n\t\t\t\t\t<h3 class=\"elementor-heading-title elementor-size-default\">\u00bfCu\u00e1l es la poblaci\u00f3n de Retalhuleu? <\/h3>\t\t\t\t<\/div>\n\t\t\t\t\t<\/div>\n\t\t\t\t<\/div>\n\t\t<div data-particle_enable=\"false\" data-particle-mobile-disabled=\"false\" class=\"elementor-element elementor-element-e38535e e-flex e-con-boxed e-con e-parent\" data-id=\"e38535e\" data-element_type=\"container\" data-e-type=\"container\">\n\t\t\t\t\t<div class=\"e-con-inner\">\n\t\t\t\t<div class=\"elementor-element elementor-element-9fa6fa1 elementor-widget elementor-widget-text-editor\" data-id=\"9fa6fa1\" data-element_type=\"widget\" data-e-type=\"widget\" data-widget_type=\"text-editor.default\">\n\t\t\t\t\t\t\t\t\t<p>Seg\u00fan el censo de 2018, del <a href=\"https:\/\/censo2018.ine.gob.gt\/dondeestamos\" target=\"_blank\" rel=\"noopener\">Instituto Nacional de Estad\u00edstica<\/a> (INE) la poblaci\u00f3n del departamento de Retalhuleu es de 326,828 habitantes.<\/p><p>La poblaci\u00f3n se integra con un 85% de poblaci\u00f3n<a href=\"https:\/\/soymigrante.com\/revista\/pueblo-ladino-integra-raices-y-mestizajes-de-guatemala\/\"> ladina<\/a> y 15% maya. De los pueblos mayas presentes, el\u00a0 56% es <a href=\"https:\/\/soymigrante.com\/revista\/el-pueblo-kiche-es-heredero-y-continuador-de-la-tradicion-del-popol-vuh\/\">k&#8217;iche <\/a>y un 17% <a href=\"https:\/\/soymigrante.com\/revista\/el-pueblo-mam-brilla-crece-y-se-expresa-fiel-a-sus-raices-de-identidad\/\">mam<\/a>.\u00a0<\/p>\t\t\t\t\t\t\t\t<\/div>\n\t\t\t\t\t<\/div>\n\t\t\t\t<\/div>\n\t\t<div data-particle_enable=\"false\" data-particle-mobile-disabled=\"false\" class=\"elementor-element elementor-element-38c6c88 e-flex e-con-boxed e-con e-parent\" data-id=\"38c6c88\" data-element_type=\"container\" data-e-type=\"container\">\n\t\t\t\t\t<div class=\"e-con-inner\">\n\t\t\t\t<div class=\"elementor-element elementor-element-28c05f1 elementor-widget elementor-widget-heading\" data-id=\"28c05f1\" data-element_type=\"widget\" data-e-type=\"widget\" data-widget_type=\"heading.default\">\n\t\t\t\t\t<h3 class=\"elementor-heading-title elementor-size-default\">\u00bfCu\u00e1ntos municipios tiene Retalhuleu?<\/h3>\t\t\t\t<\/div>\n\t\t\t\t\t<\/div>\n\t\t\t\t<\/div>\n\t\t<div data-particle_enable=\"false\" data-particle-mobile-disabled=\"false\" class=\"elementor-element elementor-element-6d8a74f e-flex e-con-boxed e-con e-parent\" data-id=\"6d8a74f\" data-element_type=\"container\" data-e-type=\"container\">\n\t\t\t\t\t<div class=\"e-con-inner\">\n\t\t\t\t<div class=\"elementor-element elementor-element-4fab841 elementor-widget elementor-widget-text-editor\" data-id=\"4fab841\" data-element_type=\"widget\" data-e-type=\"widget\" data-widget_type=\"text-editor.default\">\n\t\t\t\t\t\t\t\t\t<div>Retalhuleu se divide en nueve municipios:<\/div><div>1.Champerico<\/div><div>2.El Asintal<\/div><div>3.Nuevo San Carlos<\/div><div>4.Retalhuleu<\/div><div>5.San Andr\u00e9s Villa Seca<\/div><div>6.San Felipe<\/div><div>7.San Mart\u00edn Zapotitl\u00e1n<\/div><div>8.San Sebasti\u00e1n<\/div><div>9.Santa Cruz Mulu\u00e1<\/div>\t\t\t\t\t\t\t\t<\/div>\n\t\t\t\t\t<\/div>\n\t\t\t\t<\/div>\n\t\t<div data-particle_enable=\"false\" data-particle-mobile-disabled=\"false\" class=\"elementor-element elementor-element-aa3ce4c e-flex e-con-boxed e-con e-parent\" data-id=\"aa3ce4c\" data-element_type=\"container\" data-e-type=\"container\">\n\t\t\t\t\t<div class=\"e-con-inner\">\n\t\t\t\t<div class=\"elementor-element elementor-element-f14ba67 elementor-widget elementor-widget-image\" data-id=\"f14ba67\" data-element_type=\"widget\" data-e-type=\"widget\" data-widget_type=\"image.default\">\n\t\t\t\t\t\t\t\t\t\t\t\t<figure class=\"wp-caption\">\n\t\t\t\t\t\t\t\t\t\t<img decoding=\"async\" width=\"768\" height=\"474\" src=\"https:\/\/soymigrante.com\/revista\/wp-content\/uploads\/2025\/02\/Retalhuleu-2-1024x632.jpeg\" class=\"attachment-large size-large wp-image-24737\" alt=\"Imponente edificio hist\u00f3rico de arquitectura colonial en Guatemala, muestra deterioro y belleza en su fachada classical.\" srcset=\"https:\/\/soymigrante.com\/revista\/wp-content\/uploads\/2025\/02\/Retalhuleu-2-1024x632.jpeg 1024w, https:\/\/soymigrante.com\/revista\/wp-content\/uploads\/2025\/02\/Retalhuleu-2-300x185.jpeg 300w, https:\/\/soymigrante.com\/revista\/wp-content\/uploads\/2025\/02\/Retalhuleu-2-768x474.jpeg 768w, https:\/\/soymigrante.com\/revista\/wp-content\/uploads\/2025\/02\/Retalhuleu-2-750x463.webp 750w, https:\/\/soymigrante.com\/revista\/wp-content\/uploads\/2025\/02\/Retalhuleu-2-1140x704.webp 1140w, https:\/\/soymigrante.com\/revista\/wp-content\/uploads\/2025\/02\/Retalhuleu-2.webp 1226w\" sizes=\"(max-width: 768px) 100vw, 768px\" title=\"Retalhuleu 2 \u2013 SoyMigrante.com REVISTA\" \/>\t\t\t\t\t\t\t\t\t\t\t<figcaption class=\"widget-image-caption wp-caption-text\">Vista de un antiguo edificio colonial en Guatemala, caracterizado por su arquitectura cl\u00e1sica y detalles ornamentales que reflejan su valor hist\u00f3rico y cultural.<\/figcaption>\n\t\t\t\t\t\t\t\t\t\t<\/figure>\n\t\t\t\t\t\t\t\t\t<\/div>\n\t\t\t\t\t<\/div>\n\t\t\t\t<\/div>\n\t\t<div data-particle_enable=\"false\" data-particle-mobile-disabled=\"false\" class=\"elementor-element elementor-element-380e8c3 e-flex e-con-boxed e-con e-parent\" data-id=\"380e8c3\" data-element_type=\"container\" data-e-type=\"container\">\n\t\t\t\t\t<div class=\"e-con-inner\">\n\t\t\t\t<div class=\"elementor-element elementor-element-a1a1fda elementor-widget elementor-widget-heading\" data-id=\"a1a1fda\" data-element_type=\"widget\" data-e-type=\"widget\" data-widget_type=\"heading.default\">\n\t\t\t\t\t<h3 class=\"elementor-heading-title elementor-size-default\">Producci\u00f3n de Retalhuleu<\/h3>\t\t\t\t<\/div>\n\t\t\t\t\t<\/div>\n\t\t\t\t<\/div>\n\t\t<div data-particle_enable=\"false\" data-particle-mobile-disabled=\"false\" class=\"elementor-element elementor-element-c0c638b e-flex e-con-boxed e-con e-parent\" data-id=\"c0c638b\" data-element_type=\"container\" data-e-type=\"container\">\n\t\t\t\t\t<div class=\"e-con-inner\">\n\t\t\t\t<div class=\"elementor-element elementor-element-44e69e4 elementor-widget elementor-widget-text-editor\" data-id=\"44e69e4\" data-element_type=\"widget\" data-e-type=\"widget\" data-widget_type=\"text-editor.default\">\n\t\t\t\t\t\t\t\t\t<p>La econom\u00eda de Retalhuleu se basa principalmente en la agricultura, destacando la producci\u00f3n de caf\u00e9, cacao, banano, ma\u00edz y frijol. Adem\u00e1s, la regi\u00f3n cuenta con extensas \u00e1reas ganaderas y es conocida por sus ricos potreros. <\/p>\t\t\t\t\t\t\t\t<\/div>\n\t\t\t\t\t<\/div>\n\t\t\t\t<\/div>\n\t\t<div data-particle_enable=\"false\" data-particle-mobile-disabled=\"false\" class=\"elementor-element elementor-element-0e0d671 e-flex e-con-boxed e-con e-parent\" data-id=\"0e0d671\" data-element_type=\"container\" data-e-type=\"container\">\n\t\t\t\t\t<div class=\"e-con-inner\">\n\t\t\t\t<div class=\"elementor-element elementor-element-14ce92b elementor-widget elementor-widget-heading\" data-id=\"14ce92b\" data-element_type=\"widget\" data-e-type=\"widget\" data-widget_type=\"heading.default\">\n\t\t\t\t\t<h3 class=\"elementor-heading-title elementor-size-default\">Atractivos tur\u00edsticos de Retalhuleu <\/h3>\t\t\t\t<\/div>\n\t\t\t\t\t<\/div>\n\t\t\t\t<\/div>\n\t\t<div data-particle_enable=\"false\" data-particle-mobile-disabled=\"false\" class=\"elementor-element elementor-element-707c54d e-flex e-con-boxed e-con e-parent\" data-id=\"707c54d\" data-element_type=\"container\" data-e-type=\"container\">\n\t\t\t\t\t<div class=\"e-con-inner\">\n\t\t\t\t<div class=\"elementor-element elementor-element-f3ba172 elementor-widget elementor-widget-text-editor\" data-id=\"f3ba172\" data-element_type=\"widget\" data-e-type=\"widget\" data-widget_type=\"text-editor.default\">\n\t\t\t\t\t\t\t\t\t<div>Retalhuleu ofrece diversos atractivos tur\u00edsticos, entre los que destacan:<\/div>\n<div><ul><li>Sitios arqueol\u00f3gicos: El sitio de Takalik Abaj, uno de los m\u00e1s antiguos de Guatemala, donde se han encontrado templos, plataformas ceremoniales y alfarer\u00eda de la civilizaci\u00f3n olmeca.&nbsp;&nbsp;<\/li><li><a href=\"https:\/\/soymigrante.com\/revista\/cinco-parques-tematicos-en-retalhuleu-que-si-o-si-debes-visitar\/\" target=\"_blank\" rel=\"noopener\">Parques tem\u00e1ticos:<\/a> El departamento alberga parques de entretenimiento, como Xetulul y Xocomil, del Instituto Guatemalteco de Recreaci\u00f3n de los Trabajadores de Guatemala, IRTRA, que ofrecen diversas atracciones para visitantes de todas las edades.&nbsp; As\u00ed tambi\u00e9n aqu\u00ed se encuentran los famosos hostales, que hospedan visitantes de Guatemala pero tambi\u00e9n de otros pa\u00edses.<\/li><li>Playas: Las playas de Champerico son conocidas por su belleza natural y son un destino popular para el turismo de playa.&nbsp;&nbsp;<\/li><\/ul><\/div>\t\t\t\t\t\t\t\t<\/div>\n\t\t\t\t\t<\/div>\n\t\t\t\t<\/div>\n\t\t<div data-particle_enable=\"false\" data-particle-mobile-disabled=\"false\" class=\"elementor-element elementor-element-8cad6a4 e-flex e-con-boxed e-con e-parent\" data-id=\"8cad6a4\" data-element_type=\"container\" data-e-type=\"container\">\n\t\t\t\t\t<div class=\"e-con-inner\">\n\t\t\t\t<div class=\"elementor-element elementor-element-9c42da0 elementor-widget elementor-widget-video\" data-id=\"9c42da0\" data-element_type=\"widget\" data-e-type=\"widget\" data-settings=\"{&quot;youtube_url&quot;:&quot;https:\\\/\\\/www.youtube.com\\\/watch?v=xKreL4Glgm4&quot;,&quot;video_type&quot;:&quot;youtube&quot;,&quot;controls&quot;:&quot;yes&quot;}\" data-widget_type=\"video.default\">\n\t\t\t\t\t\t\t<div class=\"elementor-wrapper elementor-open-inline\">\n\t\t\t<div class=\"elementor-video\"><\/div>\t\t<\/div>\n\t\t\t\t\t\t<\/div>\n\t\t\t\t\t<\/div>\n\t\t\t\t<\/div>\n\t\t<div data-particle_enable=\"false\" data-particle-mobile-disabled=\"false\" class=\"elementor-element elementor-element-feb686f e-flex e-con-boxed e-con e-parent\" data-id=\"feb686f\" data-element_type=\"container\" data-e-type=\"container\">\n\t\t\t\t\t<div class=\"e-con-inner\">\n\t\t\t\t<div class=\"elementor-element elementor-element-98e27b2 elementor-widget elementor-widget-heading\" data-id=\"98e27b2\" data-element_type=\"widget\" data-e-type=\"widget\" data-widget_type=\"heading.default\">\n\t\t\t\t\t<h3 class=\"elementor-heading-title elementor-size-default\">Remesas de migrantes<\/h3>\t\t\t\t<\/div>\n\t\t\t\t\t<\/div>\n\t\t\t\t<\/div>\n\t\t<div data-particle_enable=\"false\" data-particle-mobile-disabled=\"false\" class=\"elementor-element elementor-element-5a691e7 e-flex e-con-boxed e-con e-parent\" data-id=\"5a691e7\" data-element_type=\"container\" data-e-type=\"container\">\n\t\t\t\t\t<div class=\"e-con-inner\">\n\t\t\t\t<div class=\"elementor-element elementor-element-437d9b0 elementor-widget elementor-widget-text-editor\" data-id=\"437d9b0\" data-element_type=\"widget\" data-e-type=\"widget\" data-widget_type=\"text-editor.default\">\n\t\t\t\t\t\t\t\t\t<p>Las remesas constituyen una de las principales fuentes de ingresos para muchas familias en Retalhuleu, permiti\u00e9ndoles mejorar su calidad de vida y dinamizar la econom\u00eda local.<\/p><p>Las remesas enviadas por guatemaltecos residentes en el extranjero son una fuente significativa de ingresos para muchas familias en el Departamento de Retalhuleu.<\/p><p>Seg\u00fan la <a href=\"https:\/\/infounitnca.iom.int\/uploads\/RemesasGT2022\/Resumen_EncuestaRemesas2022_gt.pdf\" target=\"_blank\" rel=\"noopener\">Encuesta de Remesas 2022, de la OIM<\/a>, el departamento de Retalhuleu, se beneficia con el 2.5% del total de las remesas que en ese a\u00f1o fueron US$18 mil 40 millones. Eso quiere decir, que en ese a\u00f1o,<a href=\"https:\/\/infounitnca.iom.int\/uploads\/RemesasGT2022\/Resumen_EncuestaRemesas2022_gt.pdf\" target=\"_blank\" rel=\"noopener\"> familias del departamento de Retalhuleu recibieron US$ 850 millones<\/a> enviados por familiares desde Estados Unidos.<\/p><p>A nivel nacional, las remesas representaron el 19.8% del Producto Interno Bruto (PIB) en 2022.<\/p><p>En 2024 las remesas fueron de US$21 mil 500 millones.<\/p>\t\t\t\t\t\t\t\t<\/div>\n\t\t\t\t\t<\/div>\n\t\t\t\t<\/div>\n\t\t<div data-particle_enable=\"false\" data-particle-mobile-disabled=\"false\" class=\"elementor-element elementor-element-506e600 e-flex e-con-boxed e-con e-parent\" data-id=\"506e600\" data-element_type=\"container\" data-e-type=\"container\">\n\t\t\t\t\t<div class=\"e-con-inner\">\n\t\t\t\t<div class=\"elementor-element elementor-element-f9f1cf2 elementor-widget elementor-widget-heading\" data-id=\"f9f1cf2\" data-element_type=\"widget\" data-e-type=\"widget\" data-widget_type=\"heading.default\">\n\t\t\t\t\t<h2 class=\"elementor-heading-title elementor-size-default\">Conoce m\u00e1s de Guatemala, ac\u00e1...<\/h2>\t\t\t\t<\/div>\n\t\t\t\t\t<\/div>\n\t\t\t\t<\/div>\n\t\t<div data-particle_enable=\"false\" data-particle-mobile-disabled=\"false\" class=\"elementor-element elementor-element-55ac39f e-flex e-con-boxed e-con e-parent\" data-id=\"55ac39f\" data-element_type=\"container\" data-e-type=\"container\">\n\t\t\t\t\t<div class=\"e-con-inner\">\n\t\t\t\t<div class=\"elementor-element elementor-element-3106c13 elementor-grid-eael-col-3 elementor-grid-tablet-eael-col-2 elementor-grid-mobile-eael-col-1 elementor-widget elementor-widget-eael-post-grid\" data-id=\"3106c13\" data-element_type=\"widget\" data-e-type=\"widget\" data-settings=\"{&quot;eael_post_grid_columns&quot;:&quot;eael-col-3&quot;,&quot;eael_post_grid_columns_tablet&quot;:&quot;eael-col-2&quot;,&quot;eael_post_grid_columns_mobile&quot;:&quot;eael-col-1&quot;}\" data-widget_type=\"eael-post-grid.default\">\n\t\t\t\t\t<div id=\"eael-post-grid-3106c13\" class=\"eael-post-grid-container\">\n            <div class=\"eael-post-grid eael-post-appender eael-post-appender-3106c13 eael-post-grid-style-one\" data-layout-mode=\"masonry\"><article class=\"eael-grid-post  eael-post-grid-column eael-pg-post-2390 category-guate-nuestra tags-danzas-de-guatemala\" data-id=\"2390\">\n        <div class=\"eael-grid-post-holder\">\n            <div class=\"eael-grid-post-holder-inner\"><div class=\"eael-entry-media\"><div class=\"eael-entry-overlay fade-in\"><i class=\"far fa-hand-pointer\" aria-hidden=\"true\"><\/i><a href=\"https:\/\/soymigrante.com\/revista\/guatemala-danza-el-baile-de-la-paach-de-san-marcos-es-patrimonio-de-la-humanidad\/\"><\/a><\/div><div class=\"eael-entry-thumbnail \">\n                <img decoding=\"async\" width=\"1000\" height=\"636\" src=\"https:\/\/soymigrante.com\/revista\/wp-content\/uploads\/2023\/09\/03672-HUG.webp\" class=\"attachment-large size-large wp-image-2424\" alt=\"La percusi\u00f3n del tambor abre paso al recorrido de los ancianos, padrinos y comunidad, en camino a la Casa de la Paazh (Fotograf\u00eda Archivo FLAAR-Unesco)\" srcset=\"https:\/\/soymigrante.com\/revista\/wp-content\/uploads\/2023\/09\/03672-HUG.webp 1000w, https:\/\/soymigrante.com\/revista\/wp-content\/uploads\/2023\/09\/03672-HUG-300x191.webp 300w, https:\/\/soymigrante.com\/revista\/wp-content\/uploads\/2023\/09\/03672-HUG-768x488.webp 768w, https:\/\/soymigrante.com\/revista\/wp-content\/uploads\/2023\/09\/03672-HUG-750x477.webp 750w\" sizes=\"(max-width: 1000px) 100vw, 1000px\" \/>\n            <\/div>\n        <\/div><div class=\"eael-entry-wrapper\"><header class=\"eael-entry-header\"><h2 class=\"eael-entry-title\"><a class=\"eael-grid-post-link\" href=\"https:\/\/soymigrante.com\/revista\/guatemala-danza-el-baile-de-la-paach-de-san-marcos-es-patrimonio-de-la-humanidad\/\" title=\"Danzas de Guatemala: El baile de La Paach, de San Marcos es Patrimonio de la Humanidad\">Danzas de Guatemala: El baile de La Paach, de San Marcos es Patrimonio de la Humanidad<\/a><\/h2><\/header><div class=\"eael-entry-content\">\n                        <div class=\"eael-grid-post-excerpt\"><a href=\"https:\/\/soymigrante.com\/revista\/guatemala-danza-el-baile-de-la-paach-de-san-marcos-es-patrimonio-de-la-humanidad\/\" class=\"eael-post-elements-readmore-btn\">CONOCE SU HISTORIA <\/a><\/div>\n                    <\/div><\/div><\/div>\n        <\/div>\n    <\/article><article class=\"eael-grid-post  eael-post-grid-column eael-pg-post-17922 category-guate-nuestra tags-departamentos-de-guatemala\" data-id=\"17922\">\n        <div class=\"eael-grid-post-holder\">\n            <div class=\"eael-grid-post-holder-inner\"><div class=\"eael-entry-media\"><div class=\"eael-entry-overlay fade-in\"><i class=\"far fa-hand-pointer\" aria-hidden=\"true\"><\/i><a href=\"https:\/\/soymigrante.com\/revista\/baja-verapaz-tierra-de-trabajo-del-gran-rabinal-achi-y-el-salto-de-chilasco\/\"><\/a><\/div><div class=\"eael-entry-thumbnail \">\n                <img loading=\"lazy\" decoding=\"async\" width=\"706\" height=\"706\" src=\"https:\/\/soymigrante.com\/revista\/wp-content\/uploads\/2024\/12\/salto-de-chilasco-gustavo-2.webp\" class=\"attachment-large size-large wp-image-18474\" alt=\"Ca\u00edda de agua en naturaleza, cascada en la selva, paisaje de flora y r\u00edo, fotograf\u00eda de paisaje natural, belleza del bosque lluvioso, cascada proyectada en niebla, vegetaci\u00f3n exuberante en medio de la naturaleza, naturaleza en su estado puro, ecosistema selv\u00e1tico, paisaje de agua y \u00e1rboles, relevancia: alta para art\u00edculos sobre naturaleza y turismo ecol\u00f3gico.\" srcset=\"https:\/\/soymigrante.com\/revista\/wp-content\/uploads\/2024\/12\/salto-de-chilasco-gustavo-2.webp 706w, https:\/\/soymigrante.com\/revista\/wp-content\/uploads\/2024\/12\/salto-de-chilasco-gustavo-2-300x300.jpg 300w, https:\/\/soymigrante.com\/revista\/wp-content\/uploads\/2024\/12\/salto-de-chilasco-gustavo-2-150x150.jpg 150w, https:\/\/soymigrante.com\/revista\/wp-content\/uploads\/2024\/12\/salto-de-chilasco-gustavo-2-75x75.webp 75w\" sizes=\"(max-width: 706px) 100vw, 706px\" \/>\n            <\/div>\n        <\/div><div class=\"eael-entry-wrapper\"><header class=\"eael-entry-header\"><h2 class=\"eael-entry-title\"><a class=\"eael-grid-post-link\" href=\"https:\/\/soymigrante.com\/revista\/baja-verapaz-tierra-de-trabajo-del-gran-rabinal-achi-y-el-salto-de-chilasco\/\" title=\"Departamentos de Guatemala: Baja Verapaz: tierra de trabajo, del Rabinal Ach\u00ed y el salto de Chilasc\u00f3\">Departamentos de Guatemala: Baja Verapaz: tierra de trabajo, del Rabinal Ach\u00ed y el salto de Chilasc\u00f3<\/a><\/h2><\/header><div class=\"eael-entry-content\">\n                        <div class=\"eael-grid-post-excerpt\"><a href=\"https:\/\/soymigrante.com\/revista\/baja-verapaz-tierra-de-trabajo-del-gran-rabinal-achi-y-el-salto-de-chilasco\/\" class=\"eael-post-elements-readmore-btn\">CONOCE SU HISTORIA <\/a><\/div>\n                    <\/div><\/div><\/div>\n        <\/div>\n    <\/article><article class=\"eael-grid-post  eael-post-grid-column eael-pg-post-8824 category-guate-nuestra\" data-id=\"8824\">\n        <div class=\"eael-grid-post-holder\">\n            <div class=\"eael-grid-post-holder-inner\"><div class=\"eael-entry-media\"><div class=\"eael-entry-overlay fade-in\"><i class=\"far fa-hand-pointer\" aria-hidden=\"true\"><\/i><a href=\"https:\/\/soymigrante.com\/revista\/cinco-parques-tematicos-en-retalhuleu-que-si-o-si-debes-visitar\/\"><\/a><\/div><div class=\"eael-entry-thumbnail \">\n                <img loading=\"lazy\" decoding=\"async\" width=\"1024\" height=\"1024\" src=\"https:\/\/soymigrante.com\/revista\/wp-content\/uploads\/2024\/09\/IMG_2712-copia-1024x1024.webp\" class=\"attachment-large size-large wp-image-8839\" alt=\"Torre de la Independencia en la Ciudad de M\u00e9xico, s\u00edmbolo de historia y cultura mexicana. Ubicaci\u00f3n central, rodeada de \u00e1reas verdes y edificios tradicionales, ideal para visitantes y residentes.\" srcset=\"https:\/\/soymigrante.com\/revista\/wp-content\/uploads\/2024\/09\/IMG_2712-copia-1024x1024.webp 1024w, https:\/\/soymigrante.com\/revista\/wp-content\/uploads\/2024\/09\/IMG_2712-copia-300x300.webp 300w, https:\/\/soymigrante.com\/revista\/wp-content\/uploads\/2024\/09\/IMG_2712-copia-150x150.webp 150w, https:\/\/soymigrante.com\/revista\/wp-content\/uploads\/2024\/09\/IMG_2712-copia-768x768.webp 768w, https:\/\/soymigrante.com\/revista\/wp-content\/uploads\/2024\/09\/IMG_2712-copia-1536x1536.webp 1536w, https:\/\/soymigrante.com\/revista\/wp-content\/uploads\/2024\/09\/IMG_2712-copia.webp 1920w, https:\/\/soymigrante.com\/revista\/wp-content\/uploads\/2024\/09\/IMG_2712-copia-75x75.webp 75w, https:\/\/soymigrante.com\/revista\/wp-content\/uploads\/2024\/09\/IMG_2712-copia-750x750.webp 750w, https:\/\/soymigrante.com\/revista\/wp-content\/uploads\/2024\/09\/IMG_2712-copia-1140x1140.jpg 1140w\" sizes=\"(max-width: 1024px) 100vw, 1024px\" \/>\n            <\/div>\n        <\/div><div class=\"eael-entry-wrapper\"><header class=\"eael-entry-header\"><h2 class=\"eael-entry-title\"><a class=\"eael-grid-post-link\" href=\"https:\/\/soymigrante.com\/revista\/cinco-parques-tematicos-en-retalhuleu-que-si-o-si-debes-visitar\/\" title=\"Cinco parques tem\u00e1ticos en Retalhuleu, que s\u00ed o s\u00ed debes visitar\">Cinco parques tem\u00e1ticos en Retalhuleu, que s\u00ed o s\u00ed debes visitar<\/a><\/h2><\/header><div class=\"eael-entry-content\">\n                        <div class=\"eael-grid-post-excerpt\"><a href=\"https:\/\/soymigrante.com\/revista\/cinco-parques-tematicos-en-retalhuleu-que-si-o-si-debes-visitar\/\" class=\"eael-post-elements-readmore-btn\">CONOCE SU HISTORIA <\/a><\/div>\n                    <\/div><\/div><\/div>\n        <\/div>\n    <\/article><\/div>\n            <div class=\"clearfix\"><\/div>\n        <\/div>\t\t\t\t<\/div>\n\t\t\t\t\t<\/div>\n\t\t\t\t<\/div>\n\t\t\t\t<\/div>\n\t\t","protected":false},"excerpt":{"rendered":"<p>Retalhuleu posee uno de los n\u00facleos tur\u00edsticos m\u00e1s poderosos del suroccidente, adem\u00e1s de un gran tesoro arqueol\u00f3gico y una enorme productividad econ\u00f3mica. Retalhuleu es uno de los veintid\u00f3s departamentos que conforman la Rep\u00fablica de Guatemala, ubicado en la regi\u00f3n suroccidental del pa\u00eds. Limita al norte con Quetzaltenango, al sur con el Oc\u00e9ano Pac\u00edfico, al este [&hellip;]<\/p>\n","protected":false},"author":19,"featured_media":8839,"comment_status":"open","ping_status":"open","sticky":false,"template":"","format":"standard","meta":{"_acf_changed":false,"_eb_attr":"","footnotes":""},"categories":[58],"tags":[137],"class_list":["post-24715","post","type-post","status-publish","format-standard","has-post-thumbnail","hentry","category-guate-nuestra","tag-departamentos-de-guatemala"],"acf":[],"aioseo_notices":[],"aioseo_head":"\n\t\t<!-- All in One SEO Pro 4.9.6.2 - aioseo.com -->\n\t<meta name=\"description\" content=\"Guatemala es un pa\u00eds lleno de pluriculturalidad, pero tambi\u00e9n es un destino perfecto para divertirte al m\u00e1ximo con la familia, y Retalhuleu es una buena opci\u00f3n.\" \/>\n\t<meta name=\"robots\" content=\"max-snippet:-1, max-image-preview:large, max-video-preview:-1\" \/>\n\t<meta name=\"author\" content=\"Beatriz Tercero\"\/>\n\t<link rel=\"canonical\" href=\"https:\/\/soymigrante.com\/revista\/cinco-parques-tematicos-en-retalhuleu-que-si-o-si-debes-visitar\/\" \/>\n\t<meta name=\"generator\" content=\"All in One SEO Pro (AIOSEO) 4.9.6.2\" \/>\n\n\t\t<link rel=\"preconnect\" href=\"https:\/\/fonts.googleapis.com\" crossorigin>\n<link rel=\"preconnect\" href=\"https:\/\/fonts.gstatic.com\" crossorigin>\n\t\t<meta property=\"og:locale\" content=\"es_ES\" \/>\n\t\t<meta property=\"og:site_name\" content=\"SoyMigrante.com REVISTA \u2013 Nuestra misi\u00f3n es reconocer y dignificar al migrante.\" \/>\n\t\t<meta property=\"og:type\" content=\"article\" \/>\n\t\t<meta property=\"og:title\" content=\"Retalhuleu, un destino guatemalteco lleno de aventura\" \/>\n\t\t<meta property=\"og:description\" content=\"Guatemala es un pa\u00eds lleno de pluriculturalidad, pero tambi\u00e9n es un destino perfecto para divertirte al m\u00e1ximo con la familia, y Retalhuleu es una buena opci\u00f3n.\" \/>\n\t\t<meta property=\"og:url\" content=\"https:\/\/soymigrante.com\/revista\/cinco-parques-tematicos-en-retalhuleu-que-si-o-si-debes-visitar\/\" \/>\n\t\t<meta property=\"og:image\" content=\"https:\/\/soymigrante.com\/revista\/wp-content\/uploads\/2024\/09\/IMG_2712-copia.webp\" \/>\n\t\t<meta property=\"og:image:secure_url\" content=\"https:\/\/soymigrante.com\/revista\/wp-content\/uploads\/2024\/09\/IMG_2712-copia.webp\" \/>\n\t\t<meta property=\"og:image:width\" content=\"1920\" \/>\n\t\t<meta property=\"og:image:height\" content=\"1920\" \/>\n\t\t<meta property=\"article:published_time\" content=\"2024-09-05T17:14:44+00:00\" \/>\n\t\t<meta property=\"article:modified_time\" content=\"2024-09-05T17:14:46+00:00\" \/>\n\t\t<meta property=\"article:publisher\" content=\"https:\/\/www.facebook.com\/soymigrantecom\" \/>\n\t\t<meta name=\"twitter:card\" content=\"summary_large_image\" \/>\n\t\t<meta name=\"twitter:site\" content=\"@SoyMigrante_com\" \/>\n\t\t<meta name=\"twitter:title\" content=\"Retalhuleu, un destino guatemalteco lleno de aventura\" \/>\n\t\t<meta name=\"twitter:description\" content=\"Guatemala es un pa\u00eds lleno de pluriculturalidad, pero tambi\u00e9n es un destino perfecto para divertirte al m\u00e1ximo con la familia, y Retalhuleu es una buena opci\u00f3n.\" \/>\n\t\t<meta name=\"twitter:creator\" content=\"@SoyMigrante_com\" \/>\n\t\t<meta name=\"twitter:image\" content=\"https:\/\/soymigrante.com\/revista\/wp-content\/uploads\/2024\/09\/IMG_2712-copia.webp\" \/>\n\t\t<!-- All in One SEO Pro -->\r\n\t\t<title>Retalhuleu, un destino guatemalteco lleno de aventura<\/title>\n\n","aioseo_head_json":{"title":"Retalhuleu, un destino guatemalteco lleno de aventura","description":"Guatemala es un pa\u00eds lleno de pluriculturalidad, pero tambi\u00e9n es un destino perfecto para divertirte al m\u00e1ximo con la familia, y Retalhuleu es una buena opci\u00f3n.","canonical_url":"https:\/\/soymigrante.com\/revista\/cinco-parques-tematicos-en-retalhuleu-que-si-o-si-debes-visitar\/","robots":"max-snippet:-1, max-image-preview:large, max-video-preview:-1","keywords":"","webmasterTools":{"miscellaneous":"&lt;link rel=\"preconnect\" href=\"https:\/\/fonts.googleapis.com\" crossorigin&gt;\n&lt;link rel=\"preconnect\" href=\"https:\/\/fonts.gstatic.com\" crossorigin&gt;"},"schema":null,"og:locale":"es_ES","og:site_name":"SoyMigrante.com REVISTA \u2013 Nuestra misi\u00f3n es reconocer y dignificar al migrante.","og:type":"article","og:title":"Retalhuleu, un destino guatemalteco lleno de aventura","og:description":"Guatemala es un pa\u00eds lleno de pluriculturalidad, pero tambi\u00e9n es un destino perfecto para divertirte al m\u00e1ximo con la familia, y Retalhuleu es una buena opci\u00f3n.","og:url":"https:\/\/soymigrante.com\/revista\/cinco-parques-tematicos-en-retalhuleu-que-si-o-si-debes-visitar\/","og:image":"https:\/\/soymigrante.com\/revista\/wp-content\/uploads\/2024\/09\/IMG_2712-copia.webp","og:image:secure_url":"https:\/\/soymigrante.com\/revista\/wp-content\/uploads\/2024\/09\/IMG_2712-copia.webp","og:image:width":1920,"og:image:height":1920,"article:published_time":"2024-09-05T17:14:44+00:00","article:modified_time":"2024-09-05T17:14:46+00:00","article:publisher":"https:\/\/www.facebook.com\/soymigrantecom","twitter:card":"summary_large_image","twitter:site":"@SoyMigrante_com","twitter:title":"Retalhuleu, un destino guatemalteco lleno de aventura","twitter:description":"Guatemala es un pa\u00eds lleno de pluriculturalidad, pero tambi\u00e9n es un destino perfecto para divertirte al m\u00e1ximo con la familia, y Retalhuleu es una buena opci\u00f3n.","twitter:creator":"@SoyMigrante_com","twitter:image":"https:\/\/soymigrante.com\/revista\/wp-content\/uploads\/2024\/09\/IMG_2712-copia.webp"},"aioseo_meta_data":{"post_id":"24715","title":null,"description":"Retalhuleu es uno de los 22 departamentos de Guatemala, su historia tiene 148 a\u00f1os, desde su creaci\u00f3n.","keywords":null,"keyphrases":{"focus":{"keyphrase":"Retalhuleu","score":87,"analysis":{"keyphraseInTitle":{"score":9,"maxScore":9,"error":0},"keyphraseInDescription":{"score":9,"maxScore":9,"error":0},"keyphraseLength":{"score":9,"maxScore":9,"error":0,"length":1},"keyphraseInURL":{"score":5,"maxScore":5,"error":0},"keyphraseInIntroduction":{"score":9,"maxScore":9,"error":0},"keyphraseInSubHeadings":{"score":9,"maxScore":9,"error":0},"keyphraseInImageAlt":{"score":9,"maxScore":9,"error":0},"keywordDensity":{"type":"high","score":0,"maxScore":9,"error":1}}},"additional":[{"keyphrase":"Retalhuleu","score":80,"analysis":{"keyphraseInDescription":{"score":9,"maxScore":9,"error":0},"keyphraseLength":{"score":9,"maxScore":9,"error":0,"length":1},"keyphraseInIntroduction":{"score":9,"maxScore":9,"error":0},"keyphraseInImageAlt":{"score":9,"maxScore":9,"error":0},"keywordDensity":{"type":"high","score":0,"maxScore":9,"error":1}}},{"keyphrase":"Guatemala","score":100,"analysis":{"keyphraseInDescription":{"score":9,"maxScore":9,"error":0},"keyphraseLength":{"score":9,"maxScore":9,"error":0,"length":1},"keyphraseInIntroduction":{"score":9,"maxScore":9,"error":0},"keyphraseInImageAlt":{"score":9,"maxScore":9,"error":0},"keywordDensity":{"type":"best","score":9,"maxScore":9,"error":0}}}]},"primary_term":null,"canonical_url":null,"og_title":null,"og_description":null,"og_object_type":"default","og_image_type":"default","og_image_url":null,"og_image_width":null,"og_image_height":null,"og_image_custom_url":null,"og_image_custom_fields":null,"og_video":"","og_custom_url":null,"og_article_section":null,"og_article_tags":null,"twitter_use_og":false,"twitter_card":"default","twitter_image_type":"default","twitter_image_url":null,"twitter_image_custom_url":null,"twitter_image_custom_fields":null,"twitter_title":null,"twitter_description":null,"schema":{"blockGraphs":[],"customGraphs":[],"default":{"data":{"Article":[],"Course":[],"Dataset":[],"FAQPage":[],"Movie":[],"Person":[],"Product":[],"ProductReview":[],"Car":[],"Recipe":[],"Service":[],"SoftwareApplication":[],"WebPage":[]},"graphName":"BlogPosting","isEnabled":true},"graphs":[]},"schema_type":"default","schema_type_options":null,"pillar_content":false,"robots_default":true,"robots_noindex":false,"robots_noarchive":false,"robots_nosnippet":false,"robots_nofollow":false,"robots_noimageindex":false,"robots_noodp":false,"robots_notranslate":false,"robots_max_snippet":"-1","robots_max_videopreview":"-1","robots_max_imagepreview":"large","priority":null,"frequency":"default","local_seo":null,"seo_analyzer_scan_date":"2025-10-09 02:38:15","breadcrumb_settings":null,"limit_modified_date":false,"reviewed_by":null,"open_ai":"{\"title\":{\"suggestions\":[],\"usage\":0},\"description\":{\"suggestions\":[],\"usage\":0}}","ai":null,"created":"2025-02-10 19:30:45","updated":"2026-02-04 21:13:57"},"aioseo_breadcrumb":"<div class=\"aioseo-breadcrumbs\"><span class=\"aioseo-breadcrumb\">\n\t<a href=\"https:\/\/soymigrante.com\/revista\" title=\"Home\">Home<\/a>\n<\/span><span class=\"aioseo-breadcrumb-separator\">\u00bb<\/span><span class=\"aioseo-breadcrumb\">\n\t<a href=\"https:\/\/soymigrante.com\/revista\/category\/guate-nuestra\/\" title=\"Guate Nuestra\">Guate Nuestra<\/a>\n<\/span><span class=\"aioseo-breadcrumb-separator\">\u00bb<\/span><span class=\"aioseo-breadcrumb\">\n\tDepartamentos de Guatemala: Retalhuleu, n\u00facleo tur\u00edstico con 148 a\u00f1os de historia\n<\/span><\/div>","aioseo_breadcrumb_json":[{"label":"Home","link":"https:\/\/soymigrante.com\/revista"},{"label":"Guate Nuestra","link":"https:\/\/soymigrante.com\/revista\/category\/guate-nuestra\/"},{"label":"Departamentos de Guatemala: Retalhuleu, n\u00facleo tur\u00edstico con 148 a\u00f1os de historia","link":"https:\/\/soymigrante.com\/revista\/departamentos-de-guatemala-retalhuleu-tiene-148-anos-de-historia\/"}],"_links":{"self":[{"href":"https:\/\/soymigrante.com\/revista\/wp-json\/wp\/v2\/posts\/24715","targetHints":{"allow":["GET"]}}],"collection":[{"href":"https:\/\/soymigrante.com\/revista\/wp-json\/wp\/v2\/posts"}],"about":[{"href":"https:\/\/soymigrante.com\/revista\/wp-json\/wp\/v2\/types\/post"}],"author":[{"embeddable":true,"href":"https:\/\/soymigrante.com\/revista\/wp-json\/wp\/v2\/users\/19"}],"replies":[{"embeddable":true,"href":"https:\/\/soymigrante.com\/revista\/wp-json\/wp\/v2\/comments?post=24715"}],"version-history":[{"count":0,"href":"https:\/\/soymigrante.com\/revista\/wp-json\/wp\/v2\/posts\/24715\/revisions"}],"wp:featuredmedia":[{"embeddable":true,"href":"https:\/\/soymigrante.com\/revista\/wp-json\/wp\/v2\/media\/8839"}],"wp:attachment":[{"href":"https:\/\/soymigrante.com\/revista\/wp-json\/wp\/v2\/media?parent=24715"}],"wp:term":[{"taxonomy":"category","embeddable":true,"href":"https:\/\/soymigrante.com\/revista\/wp-json\/wp\/v2\/categories?post=24715"},{"taxonomy":"post_tag","embeddable":true,"href":"https:\/\/soymigrante.com\/revista\/wp-json\/wp\/v2\/tags?post=24715"}],"curies":[{"name":"wp","href":"https:\/\/api.w.org\/{rel}","templated":true}]}}