{"id":24697,"date":"2025-02-11T05:00:00","date_gmt":"2025-02-11T11:00:00","guid":{"rendered":"https:\/\/soymigrante.com\/revista\/?p=24697"},"modified":"2025-03-12T11:35:45","modified_gmt":"2025-03-12T17:35:45","slug":"feliz-dia-de-san-valentin-del-carino-guatemala-exporta-rosas","status":"publish","type":"post","link":"https:\/\/soymigrante.com\/revista\/feliz-dia-de-san-valentin-del-carino-guatemala-exporta-rosas\/","title":{"rendered":"Guatemala exporta millones de rosas para decir Feliz D\u00eda de San Valent\u00edn \u00bfEn qu\u00e9 pa\u00edses?"},"content":{"rendered":"\t\t<div data-elementor-type=\"wp-post\" data-elementor-id=\"24697\" class=\"elementor elementor-24697\" data-elementor-post-type=\"post\">\n\t\t\t\t<div data-particle_enable=\"false\" data-particle-mobile-disabled=\"false\" class=\"elementor-element elementor-element-d2941e7 e-flex e-con-boxed e-con e-parent\" data-id=\"d2941e7\" data-element_type=\"container\" data-e-type=\"container\">\n\t\t\t\t\t<div class=\"e-con-inner\">\n\t\t\t\t<div class=\"elementor-element elementor-element-9c62ad8 elementor-widget elementor-widget-heading\" data-id=\"9c62ad8\" data-element_type=\"widget\" data-e-type=\"widget\" data-widget_type=\"heading.default\">\n\t\t\t\t\t<h2 class=\"elementor-heading-title elementor-size-default\">En varios pa\u00edses ser\u00e1n rosas guatemaltecas de exportaci\u00f3n las que acompa\u00f1ar\u00e1n la frase Feliz D\u00eda del Cari\u00f1o o Feliz San Valent\u00edn. \u00bfCu\u00e1ntas rosas exporta el pa\u00eds y a qu\u00e9 pa\u00edses? Aqu\u00ed te lo contamos. Y desde ya te deseamos un Feliz D\u00eda del Amor y la Amistad.<\/h2>\t\t\t\t<\/div>\n\t\t\t\t\t<\/div>\n\t\t\t\t<\/div>\n\t\t<div data-particle_enable=\"false\" data-particle-mobile-disabled=\"false\" class=\"elementor-element elementor-element-1f5b294 e-flex e-con-boxed e-con e-parent\" data-id=\"1f5b294\" data-element_type=\"container\" data-e-type=\"container\">\n\t\t\t\t\t<div class=\"e-con-inner\">\n\t\t\t\t<div class=\"elementor-element elementor-element-c82f91b elementor-widget elementor-widget-text-editor\" data-id=\"c82f91b\" data-element_type=\"widget\" data-e-type=\"widget\" data-widget_type=\"text-editor.default\">\n\t\t\t\t\t\t\t\t\t<p>El amor viaja en forma de rosas desde Guatemala hasta el mundo. Cada a\u00f1o, millones de <a href=\"https:\/\/soymigrante.com\/revista\/isla-de-flores-en-peten-tesoro-cultural-nominado-a-la-lista-best-tourism-villages-2024\/\">estas flores<\/a> son enviadas a diferentes pa\u00edses para celebrar un Feliz D\u00eda de San Valent\u00edn, con un aumento de hasta tres veces en las exportaciones durante esta temporada.\u00a0<\/p><p>La calidad y diversidad de las rosas guatemaltecas contin\u00faan conquistando corazones y mercados internacionales.<\/p><p>Seg\u00fan datos de Agexport, cerca de 9 millones de rosas, entre otros tipos de flores y follajes,\u00a0 son exportadas\u00a0<a href=\"https:\/\/soymigrante.com\/revista\/departamentos-de-guatemala-quiche-tierra-de-rios-arboles-montanas-y-el-popol-vuh\/\" target=\"_blank\" rel=\"noopener\">desde Guatemala<\/a>\u00a0principalmente a Estados Unidos, seguido por Pa\u00edses Bajos, El Salvador, Honduras, Italia, Jap\u00f3n, B\u00e9lgica, Costa Rica, M\u00e9xico y Colombia.<\/p>\t\t\t\t\t\t\t\t<\/div>\n\t\t\t\t\t<\/div>\n\t\t\t\t<\/div>\n\t\t<div data-particle_enable=\"false\" data-particle-mobile-disabled=\"false\" class=\"elementor-element elementor-element-d2f46c9 e-flex e-con-boxed e-con e-parent\" data-id=\"d2f46c9\" data-element_type=\"container\" data-e-type=\"container\">\n\t\t\t\t\t<div class=\"e-con-inner\">\n\t\t\t\t<div class=\"elementor-element elementor-element-9414c95 elementor-widget elementor-widget-image\" data-id=\"9414c95\" data-element_type=\"widget\" data-e-type=\"widget\" data-widget_type=\"image.default\">\n\t\t\t\t\t\t\t\t\t\t\t\t<figure class=\"wp-caption\">\n\t\t\t\t\t\t\t\t\t\t<img fetchpriority=\"high\" decoding=\"async\" width=\"768\" height=\"512\" src=\"https:\/\/soymigrante.com\/revista\/wp-content\/uploads\/2025\/02\/rosas-agexport-1024x683.jpg\" class=\"attachment-large size-large wp-image-24719\" alt=\"Ramos de rosas rosas y naranjas en florescer\u00eda, ideales para celebrar el D\u00eda de la Madre, con un fondo azul y botes decorativos, representando amor, gratitud y celebraci\u00f3n familiar.\" srcset=\"https:\/\/soymigrante.com\/revista\/wp-content\/uploads\/2025\/02\/rosas-agexport-1024x683.jpg 1024w, https:\/\/soymigrante.com\/revista\/wp-content\/uploads\/2025\/02\/rosas-agexport-300x200.jpg 300w, https:\/\/soymigrante.com\/revista\/wp-content\/uploads\/2025\/02\/rosas-agexport-768x512.jpg 768w, https:\/\/soymigrante.com\/revista\/wp-content\/uploads\/2025\/02\/rosas-agexport-1536x1024.jpg 1536w, https:\/\/soymigrante.com\/revista\/wp-content\/uploads\/2025\/02\/rosas-agexport-2048x1366.jpg 2048w, https:\/\/soymigrante.com\/revista\/wp-content\/uploads\/2025\/02\/rosas-agexport-750x500.webp 750w, https:\/\/soymigrante.com\/revista\/wp-content\/uploads\/2025\/02\/rosas-agexport-1140x760.webp 1140w, https:\/\/soymigrante.com\/revista\/wp-content\/uploads\/2025\/02\/rosas-agexport.webp 1920w\" sizes=\"(max-width: 768px) 100vw, 768px\" title=\"rosas agexport \u2013 SoyMigrante.com REVISTA\" \/>\t\t\t\t\t\t\t\t\t\t\t<figcaption class=\"widget-image-caption wp-caption-text\">Diferentes arreglos florales de rosas en colores rosa y naranja presentados en poes\u00eda, perfectos para el D\u00eda de la Madre, resaltando la importancia de la familia, el cari\u00f1o y la homenaje a las madres.<\/figcaption>\n\t\t\t\t\t\t\t\t\t\t<\/figure>\n\t\t\t\t\t\t\t\t\t<\/div>\n\t\t\t\t\t<\/div>\n\t\t\t\t<\/div>\n\t\t<div data-particle_enable=\"false\" data-particle-mobile-disabled=\"false\" class=\"elementor-element elementor-element-7a79e3c e-flex e-con-boxed e-con e-parent\" data-id=\"7a79e3c\" data-element_type=\"container\" data-e-type=\"container\">\n\t\t\t\t\t<div class=\"e-con-inner\">\n\t\t\t\t<div class=\"elementor-element elementor-element-fe71fb4 elementor-widget elementor-widget-text-editor\" data-id=\"fe71fb4\" data-element_type=\"widget\" data-e-type=\"widget\" data-widget_type=\"text-editor.default\">\n\t\t\t\t\t\t\t\t\t<p>El D\u00eda del Cari\u00f1o es una de las fechas m\u00e1s significativas para el sector floricultor guatemalteco, registrando un incremento en las exportaciones de hasta tres veces en comparaci\u00f3n con otras \u00e9pocas del a\u00f1o.\u00a0<\/p><p>Las rosas rojas representan el 80% de las exportaciones, mientras que el 20% restante corresponde a colores como anaranjado, amarillo, rosado, blanco y combinaciones bicolores, seg\u00fan Dataexport.<\/p>\t\t\t\t\t\t\t\t<\/div>\n\t\t\t\t\t<\/div>\n\t\t\t\t<\/div>\n\t\t<div data-particle_enable=\"false\" data-particle-mobile-disabled=\"false\" class=\"elementor-element elementor-element-7e80a25 e-flex e-con-boxed e-con e-parent\" data-id=\"7e80a25\" data-element_type=\"container\" data-e-type=\"container\">\n\t\t\t\t\t<div class=\"e-con-inner\">\n\t\t\t\t<div class=\"elementor-element elementor-element-b71ebdd elementor-widget elementor-widget-heading\" data-id=\"b71ebdd\" data-element_type=\"widget\" data-e-type=\"widget\" data-widget_type=\"heading.default\">\n\t\t\t\t\t<h3 class=\"elementor-heading-title elementor-size-default\">Variedad vegetal para decir Feliz D\u00eda del Cari\u00f1o<\/h3>\t\t\t\t<\/div>\n\t\t\t\t\t<\/div>\n\t\t\t\t<\/div>\n\t\t<div data-particle_enable=\"false\" data-particle-mobile-disabled=\"false\" class=\"elementor-element elementor-element-ed4181d e-flex e-con-boxed e-con e-parent\" data-id=\"ed4181d\" data-element_type=\"container\" data-e-type=\"container\">\n\t\t\t\t\t<div class=\"e-con-inner\">\n\t\t\t\t<div class=\"elementor-element elementor-element-700086c elementor-widget elementor-widget-text-editor\" data-id=\"700086c\" data-element_type=\"widget\" data-e-type=\"widget\" data-widget_type=\"text-editor.default\">\n\t\t\t\t\t\t\t\t\t<p>Adem\u00e1s de las rosas, Guatemala exporta una variedad de follajes como leather leaf, aralia, eucalipto y tree fern, as\u00ed como flores ex\u00f3ticas como aves del para\u00edso y jengibres, que complementan los arreglos florales demandados en esta temporada.<\/p><p>En cuanto a las variedades de rosas cultivadas para exportaci\u00f3n, destacan la Freedom, Vendela, Topaz, Rosita Vendela, Elisa, Santa Fe y Cherry Brandy, entre otras. Estas variedades ofrecen una amplia gama de colores y caracter\u00edsticas que satisfacen las preferencias de <a href=\"https:\/\/soymigrante.com\/revista\/el-aguacate-guatemalteco-tambien-es-migrante-y-llega-al-mercado-de-ee-uu\/\">los mercados internacionales.<\/a><\/p>\t\t\t\t\t\t\t\t<\/div>\n\t\t\t\t\t<\/div>\n\t\t\t\t<\/div>\n\t\t<div data-particle_enable=\"false\" data-particle-mobile-disabled=\"false\" class=\"elementor-element elementor-element-ef32ac1 e-flex e-con-boxed e-con e-parent\" data-id=\"ef32ac1\" data-element_type=\"container\" data-e-type=\"container\">\n\t\t\t\t\t<div class=\"e-con-inner\">\n\t\t\t\t<div class=\"elementor-element elementor-element-83ef63f elementor-widget elementor-widget-video\" data-id=\"83ef63f\" data-element_type=\"widget\" data-e-type=\"widget\" data-settings=\"{&quot;youtube_url&quot;:&quot;https:\\\/\\\/www.youtube.com\\\/watch?v=fF82eqhxqOs&quot;,&quot;video_type&quot;:&quot;youtube&quot;,&quot;controls&quot;:&quot;yes&quot;}\" data-widget_type=\"video.default\">\n\t\t\t\t\t\t\t<div class=\"elementor-wrapper elementor-open-inline\">\n\t\t\t<div class=\"elementor-video\"><\/div>\t\t<\/div>\n\t\t\t\t\t\t<\/div>\n\t\t\t\t\t<\/div>\n\t\t\t\t<\/div>\n\t\t<div data-particle_enable=\"false\" data-particle-mobile-disabled=\"false\" class=\"elementor-element elementor-element-ae00cc4 e-flex e-con-boxed e-con e-parent\" data-id=\"ae00cc4\" data-element_type=\"container\" data-e-type=\"container\">\n\t\t\t\t\t<div class=\"e-con-inner\">\n\t\t\t\t<div class=\"elementor-element elementor-element-65b14f1 elementor-widget elementor-widget-heading\" data-id=\"65b14f1\" data-element_type=\"widget\" data-e-type=\"widget\" data-widget_type=\"heading.default\">\n\t\t\t\t\t<h3 class=\"elementor-heading-title elementor-size-default\">Las flores llegan por millones<\/h3>\t\t\t\t<\/div>\n\t\t\t\t\t<\/div>\n\t\t\t\t<\/div>\n\t\t<div data-particle_enable=\"false\" data-particle-mobile-disabled=\"false\" class=\"elementor-element elementor-element-ce5d19d e-flex e-con-boxed e-con e-parent\" data-id=\"ce5d19d\" data-element_type=\"container\" data-e-type=\"container\">\n\t\t\t\t\t<div class=\"e-con-inner\">\n\t\t\t\t<div class=\"elementor-element elementor-element-611c4f3 elementor-widget elementor-widget-text-editor\" data-id=\"611c4f3\" data-element_type=\"widget\" data-e-type=\"widget\" data-widget_type=\"text-editor.default\">\n\t\t\t\t\t\t\t\t\t<p>La industria de flores y plantas ornamentales en Guatemala muestra un crecimiento constante. Para el cierre del 2024, el sector report\u00f3 ingresos por m\u00e1s de US$20 millones, con un volumen de venta de 9 millones 856 mil 896 rosas y capullos exportados, <a href=\"https:\/\/www.export.com.gt\/EN\/publico\/plantas-ornamentales-follajes-y-flores\">seg\u00fan datos de Agexport<\/a>.<\/p><p>La exportaci\u00f3n de rosas y otras flores durante el D\u00eda de San Valent\u00edn no solo resalta la calidad y diversidad de la floricultura guatemalteca, sino que tambi\u00e9n subraya la importancia de esta industria en la econom\u00eda nacional y su capacidad para satisfacer las demandas de los mercados internacionales en fechas clave.<\/p>\t\t\t\t\t\t\t\t<\/div>\n\t\t\t\t\t<\/div>\n\t\t\t\t<\/div>\n\t\t<div data-particle_enable=\"false\" data-particle-mobile-disabled=\"false\" class=\"elementor-element elementor-element-22f984d e-flex e-con-boxed e-con e-parent\" data-id=\"22f984d\" data-element_type=\"container\" data-e-type=\"container\">\n\t\t\t\t\t<div class=\"e-con-inner\">\n\t\t\t\t<div class=\"elementor-element elementor-element-2ab2ec9 elementor-widget elementor-widget-video\" data-id=\"2ab2ec9\" data-element_type=\"widget\" data-e-type=\"widget\" data-settings=\"{&quot;youtube_url&quot;:&quot;https:\\\/\\\/www.youtube.com\\\/watch?v=KsguDBeeq9k&quot;,&quot;video_type&quot;:&quot;youtube&quot;,&quot;controls&quot;:&quot;yes&quot;}\" data-widget_type=\"video.default\">\n\t\t\t\t\t\t\t<div class=\"elementor-wrapper elementor-open-inline\">\n\t\t\t<div class=\"elementor-video\"><\/div>\t\t<\/div>\n\t\t\t\t\t\t<\/div>\n\t\t\t\t\t<\/div>\n\t\t\t\t<\/div>\n\t\t<div data-particle_enable=\"false\" data-particle-mobile-disabled=\"false\" class=\"elementor-element elementor-element-db8ae6d e-flex e-con-boxed e-con e-parent\" data-id=\"db8ae6d\" data-element_type=\"container\" data-e-type=\"container\">\n\t\t\t\t\t<div class=\"e-con-inner\">\n\t\t\t\t<div class=\"elementor-element elementor-element-6d9b032 elementor-widget elementor-widget-image\" data-id=\"6d9b032\" data-element_type=\"widget\" data-e-type=\"widget\" data-widget_type=\"image.default\">\n\t\t\t\t\t\t\t\t\t\t\t\t<figure class=\"wp-caption\">\n\t\t\t\t\t\t\t\t\t\t<img decoding=\"async\" width=\"768\" height=\"392\" src=\"https:\/\/soymigrante.com\/revista\/wp-content\/uploads\/2025\/02\/exportacion-de-rosas-guatemala-1024x523.jpeg\" class=\"attachment-large size-large wp-image-24900\" alt=\"Exportaci\u00f3n de flores y follajes desde Guatemala 2024, principales mercados, datos econ\u00f3micos y tendencias en floricultura internacional.\" srcset=\"https:\/\/soymigrante.com\/revista\/wp-content\/uploads\/2025\/02\/exportacion-de-rosas-guatemala-1024x523.jpeg 1024w, https:\/\/soymigrante.com\/revista\/wp-content\/uploads\/2025\/02\/exportacion-de-rosas-guatemala-300x153.jpeg 300w, https:\/\/soymigrante.com\/revista\/wp-content\/uploads\/2025\/02\/exportacion-de-rosas-guatemala-768x392.jpeg 768w, https:\/\/soymigrante.com\/revista\/wp-content\/uploads\/2025\/02\/exportacion-de-rosas-guatemala-1536x784.jpeg 1536w, https:\/\/soymigrante.com\/revista\/wp-content\/uploads\/2025\/02\/exportacion-de-rosas-guatemala-750x383.webp 750w, https:\/\/soymigrante.com\/revista\/wp-content\/uploads\/2025\/02\/exportacion-de-rosas-guatemala-1140x582.webp 1140w, https:\/\/soymigrante.com\/revista\/wp-content\/uploads\/2025\/02\/exportacion-de-rosas-guatemala.webp 1600w\" sizes=\"(max-width: 768px) 100vw, 768px\" title=\"exportacion de rosas guatemala \u2013 SoyMigrante.com REVISTA\" \/>\t\t\t\t\t\t\t\t\t\t\t<figcaption class=\"widget-image-caption wp-caption-text\">Shows exports of flowers and foliage from Guatemala in 2024, key importing countries, export figures, and trade insights for the floral industry.<\/figcaption>\n\t\t\t\t\t\t\t\t\t\t<\/figure>\n\t\t\t\t\t\t\t\t\t<\/div>\n\t\t\t\t\t<\/div>\n\t\t\t\t<\/div>\n\t\t<div data-particle_enable=\"false\" data-particle-mobile-disabled=\"false\" class=\"elementor-element elementor-element-60b8282 e-flex e-con-boxed e-con e-parent\" data-id=\"60b8282\" data-element_type=\"container\" data-e-type=\"container\">\n\t\t\t\t\t<div class=\"e-con-inner\">\n\t\t\t\t<div class=\"elementor-element elementor-element-c01c07f elementor-widget elementor-widget-heading\" data-id=\"c01c07f\" data-element_type=\"widget\" data-e-type=\"widget\" data-widget_type=\"heading.default\">\n\t\t\t\t\t<h3 class=\"elementor-heading-title elementor-size-default\">\u00bfConoces cu\u00e1l es el proceso para cultivarlas?<\/h3>\t\t\t\t<\/div>\n\t\t\t\t\t<\/div>\n\t\t\t\t<\/div>\n\t\t<div data-particle_enable=\"false\" data-particle-mobile-disabled=\"false\" class=\"elementor-element elementor-element-933f9d3 e-flex e-con-boxed e-con e-parent\" data-id=\"933f9d3\" data-element_type=\"container\" data-e-type=\"container\">\n\t\t\t\t\t<div class=\"e-con-inner\">\n\t\t\t\t<div class=\"elementor-element elementor-element-4e48402 elementor-widget elementor-widget-text-editor\" data-id=\"4e48402\" data-element_type=\"widget\" data-e-type=\"widget\" data-widget_type=\"text-editor.default\">\n\t\t\t\t\t\t\t\t\t<p><a href=\"https:\/\/soymigrante.com\/revista\/ya-viene-el-festival-de-las-flores-de-antigua-guatemala-2024\/\">El cultivo de flores<\/a> en Guatemala es un proceso que combina t\u00e9cnicas agr\u00edcolas modernas con el aprovechamiento de las condiciones clim\u00e1ticas favorables del pa\u00eds. A continuaci\u00f3n, se describen los pasos b\u00e1sicos, tomando como ejemplo el trabjo de la Finca Prima Rosa:<\/p><ul><li>Selecci\u00f3n del terreno: Se eligen suelos f\u00e9rtiles con buen drenaje y condiciones \u00f3ptimas de luz.<\/li><li>Preparaci\u00f3n del suelo: Se realiza el arado y nivelaci\u00f3n del terreno, incorporando materia org\u00e1nica y fertilizantes.<\/li><li>Elecci\u00f3n de semillas o esquejes: Se seleccionan variedades seg\u00fan la demanda del mercado, como rosas Freedom,Vendela y Cherry Brandy.<\/li><li>Siembra o propagaci\u00f3n: Dependiendo de la especie, se pueden sembrar semillas o propagar esquejes en viveros antes del trasplante.<\/li><li>Cuidado y mantenimiento: Se monitorean factores como riego, fertilizaci\u00f3n y control de plagas para garantizar un crecimiento saludable.<\/li><li>Poda y entutorado: Para mejorar la calidad de las flores, se eliminan hojas o brotes no deseados y se usan soportes para guiar el crecimiento.<\/li><li>Cosecha: Se realiza en el momento \u00f3ptimo para mantener la frescura y calidad del producto.<\/li><li>Empaque y distribuci\u00f3n: Las flores se empacan cuidadosamente para su exportaci\u00f3n a mercados internacionales.<\/li><\/ul>\t\t\t\t\t\t\t\t<\/div>\n\t\t\t\t\t<\/div>\n\t\t\t\t<\/div>\n\t\t<div data-particle_enable=\"false\" data-particle-mobile-disabled=\"false\" class=\"elementor-element elementor-element-60e192a e-flex e-con-boxed e-con e-parent\" data-id=\"60e192a\" data-element_type=\"container\" data-e-type=\"container\">\n\t\t\t\t\t<div class=\"e-con-inner\">\n\t\t\t\t<div class=\"elementor-element elementor-element-6da2d88 elementor-widget elementor-widget-video\" data-id=\"6da2d88\" data-element_type=\"widget\" data-e-type=\"widget\" data-settings=\"{&quot;youtube_url&quot;:&quot;https:\\\/\\\/www.youtube.com\\\/watch?v=fF82eqhxqOs&quot;,&quot;video_type&quot;:&quot;youtube&quot;,&quot;controls&quot;:&quot;yes&quot;}\" data-widget_type=\"video.default\">\n\t\t\t\t\t\t\t<div class=\"elementor-wrapper elementor-open-inline\">\n\t\t\t<div class=\"elementor-video\"><\/div>\t\t<\/div>\n\t\t\t\t\t\t<\/div>\n\t\t\t\t\t<\/div>\n\t\t\t\t<\/div>\n\t\t<div data-particle_enable=\"false\" data-particle-mobile-disabled=\"false\" class=\"elementor-element elementor-element-358fe49 e-flex e-con-boxed e-con e-parent\" data-id=\"358fe49\" data-element_type=\"container\" data-e-type=\"container\">\n\t\t\t\t\t<div class=\"e-con-inner\">\n\t\t\t\t<div class=\"elementor-element elementor-element-364288b elementor-widget elementor-widget-heading\" data-id=\"364288b\" data-element_type=\"widget\" data-e-type=\"widget\" data-widget_type=\"heading.default\">\n\t\t\t\t\t<h3 class=\"elementor-heading-title elementor-size-default\">\u00bfEn qu\u00e9 regiones del pa\u00eds se siembran rosas?<\/h3>\t\t\t\t<\/div>\n\t\t\t\t\t<\/div>\n\t\t\t\t<\/div>\n\t\t<div data-particle_enable=\"false\" data-particle-mobile-disabled=\"false\" class=\"elementor-element elementor-element-474a1b4 e-flex e-con-boxed e-con e-parent\" data-id=\"474a1b4\" data-element_type=\"container\" data-e-type=\"container\">\n\t\t\t\t\t<div class=\"e-con-inner\">\n\t\t\t\t<div class=\"elementor-element elementor-element-47c27d2 elementor-widget elementor-widget-text-editor\" data-id=\"47c27d2\" data-element_type=\"widget\" data-e-type=\"widget\" data-widget_type=\"text-editor.default\">\n\t\t\t\t\t\t\t\t\t<p>Guatemala cuenta con diversas zonas aptas para la producci\u00f3n de flores debido a su clima y altitud.\u00a0<\/p><p>Algunas de las principales regiones son:<\/p><ul><li><a href=\"https:\/\/soymigrante.com\/revista\/departamentos-de-guatemala-chimaltenango-tiene-montanas-tradicion-y-la-primera-capital-de-guatemala\/\">Chimaltenango<\/a>: Conocido por su producci\u00f3n de rosas y otras flores ornamentales debido a su clima templado.<\/li><li>Sacatep\u00e9quez: Destacado en la floricultura por su altitud y suelos f\u00e9rtiles, ideales para la exportaci\u00f3n. San Miguel Due\u00f1as es uno de los municipios de mayor producci\u00f3n.<\/li><li><a href=\"https:\/\/soymigrante.com\/revista\/simbolos-patrios-8-datos-de-la-monja-blanca-que-tal-vez-ya-conocias-o-quiza-no\/\">Alta Verapaz:<\/a> Produce flores tropicales como aves del para\u00edso y orqu\u00eddeas, aprovechando su clima h\u00famedo.<\/li><li><a href=\"https:\/\/soymigrante.com\/revista\/departamentos-de-guatemala-guatemala-tiene-la-mayor-area-metropolitana\/\">Guatemala:<\/a> Posee viveros especializados en flores ornamentales y follajes para exportaci\u00f3n, sobre todo en los municipios de San Juan Sacatep\u00e9quez y San Pedro Sacatep\u00e9quez..<\/li><li>San Marcos: Favorecido por su clima fresco, ideal para variedades de rosas de alta calidad.<\/li><\/ul><p>Gracias a estas regiones y su diversidad clim\u00e1tica, Guatemala sigue consolid\u00e1ndose como un importante exportador de flores en el mercado internacional.<\/p>\t\t\t\t\t\t\t\t<\/div>\n\t\t\t\t\t<\/div>\n\t\t\t\t<\/div>\n\t\t<div data-particle_enable=\"false\" data-particle-mobile-disabled=\"false\" class=\"elementor-element elementor-element-55a870d e-flex e-con-boxed e-con e-parent\" data-id=\"55a870d\" data-element_type=\"container\" data-e-type=\"container\">\n\t\t\t\t\t<div class=\"e-con-inner\">\n\t\t\t\t<div class=\"elementor-element elementor-element-ac065f6 elementor-widget elementor-widget-video\" data-id=\"ac065f6\" data-element_type=\"widget\" data-e-type=\"widget\" data-settings=\"{&quot;youtube_url&quot;:&quot;https:\\\/\\\/www.youtube.com\\\/watch?v=RVH0oKMByfs&quot;,&quot;video_type&quot;:&quot;youtube&quot;,&quot;controls&quot;:&quot;yes&quot;}\" data-widget_type=\"video.default\">\n\t\t\t\t\t\t\t<div class=\"elementor-wrapper elementor-open-inline\">\n\t\t\t<div class=\"elementor-video\"><\/div>\t\t<\/div>\n\t\t\t\t\t\t<\/div>\n\t\t\t\t\t<\/div>\n\t\t\t\t<\/div>\n\t\t<div data-particle_enable=\"false\" data-particle-mobile-disabled=\"false\" class=\"elementor-element elementor-element-b9e46d0 e-flex e-con-boxed e-con e-parent\" data-id=\"b9e46d0\" data-element_type=\"container\" data-e-type=\"container\">\n\t\t\t\t\t<div class=\"e-con-inner\">\n\t\t\t\t<div class=\"elementor-element elementor-element-18d4fc8 elementor-widget elementor-widget-heading\" data-id=\"18d4fc8\" data-element_type=\"widget\" data-e-type=\"widget\" data-widget_type=\"heading.default\">\n\t\t\t\t\t<h2 class=\"elementor-heading-title elementor-size-default\">Guatemala, un pa\u00eds pluricultural por explorar<\/h2>\t\t\t\t<\/div>\n\t\t\t\t\t<\/div>\n\t\t\t\t<\/div>\n\t\t<div data-particle_enable=\"false\" data-particle-mobile-disabled=\"false\" class=\"elementor-element elementor-element-9e64600 e-flex e-con-boxed e-con e-parent\" data-id=\"9e64600\" data-element_type=\"container\" data-e-type=\"container\">\n\t\t\t\t\t<div class=\"e-con-inner\">\n\t\t\t\t<div class=\"elementor-element elementor-element-a620d77 elementor-grid-eael-col-3 elementor-grid-tablet-eael-col-2 elementor-grid-mobile-eael-col-1 elementor-widget elementor-widget-eael-post-grid\" data-id=\"a620d77\" data-element_type=\"widget\" data-e-type=\"widget\" data-settings=\"{&quot;eael_post_grid_columns&quot;:&quot;eael-col-3&quot;,&quot;eael_post_grid_columns_tablet&quot;:&quot;eael-col-2&quot;,&quot;eael_post_grid_columns_mobile&quot;:&quot;eael-col-1&quot;}\" data-widget_type=\"eael-post-grid.default\">\n\t\t\t\t\t<div id=\"eael-post-grid-a620d77\" class=\"eael-post-grid-container\">\n            <div class=\"eael-post-grid eael-post-appender eael-post-appender-a620d77 eael-post-grid-style-one\" data-layout-mode=\"masonry\"><article class=\"eael-grid-post  eael-post-grid-column eael-pg-post-16311 category-guate-nuestra\" data-id=\"16311\">\n        <div class=\"eael-grid-post-holder\">\n            <div class=\"eael-grid-post-holder-inner\"><div class=\"eael-entry-media\"><div class=\"eael-entry-overlay fade-in\"><i class=\"far fa-hand-pointer\" aria-hidden=\"true\"><\/i><a href=\"https:\/\/soymigrante.com\/revista\/san-juan-del-obispo-pueblo-vecino-de-antigua-guatemala-reconocido-en-best-tourism-village-2024\/\"><\/a><\/div><div class=\"eael-entry-thumbnail \">\n                <img decoding=\"async\" width=\"1024\" height=\"1024\" src=\"https:\/\/soymigrante.com\/revista\/wp-content\/uploads\/2024\/12\/san-juan-del-obispo-1024x1024.jpg\" class=\"attachment-large size-large wp-image-16335\" alt=\"Antigua iglesia colonial en un pueblo mexicano, arquitectura hist\u00f3rica y cultural, turismo en M\u00e9xico, patrimonio arquitect\u00f3nico, iglesias coloniales mexicanas.\" srcset=\"https:\/\/soymigrante.com\/revista\/wp-content\/uploads\/2024\/12\/san-juan-del-obispo-1024x1024.jpg 1024w, https:\/\/soymigrante.com\/revista\/wp-content\/uploads\/2024\/12\/san-juan-del-obispo-300x300.jpg 300w, https:\/\/soymigrante.com\/revista\/wp-content\/uploads\/2024\/12\/san-juan-del-obispo-150x150.jpg 150w, https:\/\/soymigrante.com\/revista\/wp-content\/uploads\/2024\/12\/san-juan-del-obispo-768x768.jpg 768w, https:\/\/soymigrante.com\/revista\/wp-content\/uploads\/2024\/12\/san-juan-del-obispo-75x75.webp 75w, https:\/\/soymigrante.com\/revista\/wp-content\/uploads\/2024\/12\/san-juan-del-obispo-750x750.webp 750w, https:\/\/soymigrante.com\/revista\/wp-content\/uploads\/2024\/12\/san-juan-del-obispo-1140x1140.webp 1140w, https:\/\/soymigrante.com\/revista\/wp-content\/uploads\/2024\/12\/san-juan-del-obispo.webp 1173w\" sizes=\"(max-width: 1024px) 100vw, 1024px\" \/>\n            <\/div>\n        <\/div><div class=\"eael-entry-wrapper\"><header class=\"eael-entry-header\"><h2 class=\"eael-entry-title\"><a class=\"eael-grid-post-link\" href=\"https:\/\/soymigrante.com\/revista\/san-juan-del-obispo-pueblo-vecino-de-antigua-guatemala-reconocido-en-best-tourism-village-2024\/\" title=\"San Juan del Obispo,  cerca de Antigua Guatemala, es reconocido en Best Tourism Villages 2024\">San Juan del Obispo,  cerca de Antigua Guatemala, es reconocido en Best Tourism Villages 2024<\/a><\/h2><\/header><div class=\"eael-entry-content\">\n                        <div class=\"eael-grid-post-excerpt\"><a href=\"https:\/\/soymigrante.com\/revista\/san-juan-del-obispo-pueblo-vecino-de-antigua-guatemala-reconocido-en-best-tourism-village-2024\/\" class=\"eael-post-elements-readmore-btn\">CONOCE SU HISTORIA <\/a><\/div>\n                    <\/div><\/div><\/div>\n        <\/div>\n    <\/article><article class=\"eael-grid-post  eael-post-grid-column eael-pg-post-8882 category-guate-nuestra\" data-id=\"8882\">\n        <div class=\"eael-grid-post-holder\">\n            <div class=\"eael-grid-post-holder-inner\"><div class=\"eael-entry-media\"><div class=\"eael-entry-overlay fade-in\"><i class=\"far fa-hand-pointer\" aria-hidden=\"true\"><\/i><a href=\"https:\/\/soymigrante.com\/revista\/zaculeu-antigua-capital-mam-no-deja-de-sorprender\/\"><\/a><\/div><div class=\"eael-entry-thumbnail \">\n                <img loading=\"lazy\" decoding=\"async\" width=\"1024\" height=\"1024\" src=\"https:\/\/soymigrante.com\/revista\/wp-content\/uploads\/2024\/09\/Zaculue2-1024x1024.webp\" class=\"attachment-large size-large wp-image-8887\" alt=\"Ancient Mayan pyramids in Mexico, archaeological site surrounded by lush green forests, showcasing Mayan architecture and history, part of the cultural heritage featured in SoyMigrante.com REVISTA.\" srcset=\"https:\/\/soymigrante.com\/revista\/wp-content\/uploads\/2024\/09\/Zaculue2-1024x1024.webp 1024w, https:\/\/soymigrante.com\/revista\/wp-content\/uploads\/2024\/09\/Zaculue2-300x300.webp 300w, https:\/\/soymigrante.com\/revista\/wp-content\/uploads\/2024\/09\/Zaculue2-150x150.webp 150w, https:\/\/soymigrante.com\/revista\/wp-content\/uploads\/2024\/09\/Zaculue2-768x768.webp 768w, https:\/\/soymigrante.com\/revista\/wp-content\/uploads\/2024\/09\/Zaculue2-75x75.webp 75w, https:\/\/soymigrante.com\/revista\/wp-content\/uploads\/2024\/09\/Zaculue2-750x750.webp 750w, https:\/\/soymigrante.com\/revista\/wp-content\/uploads\/2024\/09\/Zaculue2.webp 1080w\" sizes=\"(max-width: 1024px) 100vw, 1024px\" \/>\n            <\/div>\n        <\/div><div class=\"eael-entry-wrapper\"><header class=\"eael-entry-header\"><h2 class=\"eael-entry-title\"><a class=\"eael-grid-post-link\" href=\"https:\/\/soymigrante.com\/revista\/zaculeu-antigua-capital-mam-no-deja-de-sorprender\/\" title=\"Zaculeu, antigua capital Mam no deja de sorprender\">Zaculeu, antigua capital Mam no deja de sorprender<\/a><\/h2><\/header><div class=\"eael-entry-content\">\n                        <div class=\"eael-grid-post-excerpt\"><a href=\"https:\/\/soymigrante.com\/revista\/zaculeu-antigua-capital-mam-no-deja-de-sorprender\/\" class=\"eael-post-elements-readmore-btn\">CONOCE SU HISTORIA <\/a><\/div>\n                    <\/div><\/div><\/div>\n        <\/div>\n    <\/article><article class=\"eael-grid-post  eael-post-grid-column eael-pg-post-1909 category-guate-nuestra\" data-id=\"1909\">\n        <div class=\"eael-grid-post-holder\">\n            <div class=\"eael-grid-post-holder-inner\"><div class=\"eael-entry-media\"><div class=\"eael-entry-overlay fade-in\"><i class=\"far fa-hand-pointer\" aria-hidden=\"true\"><\/i><a href=\"https:\/\/soymigrante.com\/revista\/concepcion-chiquirichapa-agricultura-quetzaltenango\/\"><\/a><\/div><div class=\"eael-entry-thumbnail \">\n                <img loading=\"lazy\" decoding=\"async\" width=\"1024\" height=\"683\" src=\"https:\/\/soymigrante.com\/revista\/wp-content\/uploads\/2023\/07\/Paulina-Sanchez-trabaja-desde-los-17-anos-de-edad-trabajo-que-heredo-de-su-familia-1024x683.webp\" class=\"attachment-large size-large wp-image-1919\" alt=\"Paulina S\u00e1nchez trabaja desde los 17 a\u00f1os de edad trabajo que heredo de su familia\" srcset=\"https:\/\/soymigrante.com\/revista\/wp-content\/uploads\/2023\/07\/Paulina-Sanchez-trabaja-desde-los-17-anos-de-edad-trabajo-que-heredo-de-su-familia-1024x683.webp 1024w, https:\/\/soymigrante.com\/revista\/wp-content\/uploads\/2023\/07\/Paulina-Sanchez-trabaja-desde-los-17-anos-de-edad-trabajo-que-heredo-de-su-familia-300x200.webp 300w, https:\/\/soymigrante.com\/revista\/wp-content\/uploads\/2023\/07\/Paulina-Sanchez-trabaja-desde-los-17-anos-de-edad-trabajo-que-heredo-de-su-familia-768x512.webp 768w, https:\/\/soymigrante.com\/revista\/wp-content\/uploads\/2023\/07\/Paulina-Sanchez-trabaja-desde-los-17-anos-de-edad-trabajo-que-heredo-de-su-familia-1536x1024.webp 1536w, https:\/\/soymigrante.com\/revista\/wp-content\/uploads\/2023\/07\/Paulina-Sanchez-trabaja-desde-los-17-anos-de-edad-trabajo-que-heredo-de-su-familia-scaled.webp 1920w, https:\/\/soymigrante.com\/revista\/wp-content\/uploads\/2023\/07\/Paulina-Sanchez-trabaja-desde-los-17-anos-de-edad-trabajo-que-heredo-de-su-familia-750x500.webp 750w, https:\/\/soymigrante.com\/revista\/wp-content\/uploads\/2023\/07\/Paulina-Sanchez-trabaja-desde-los-17-anos-de-edad-trabajo-que-heredo-de-su-familia-1140x760.webp 1140w, https:\/\/soymigrante.com\/revista\/wp-content\/uploads\/2023\/07\/Paulina-Sanchez-trabaja-desde-los-17-anos-de-edad-trabajo-que-heredo-de-su-familia-600x400.webp 600w\" sizes=\"(max-width: 1024px) 100vw, 1024px\" \/>\n            <\/div>\n        <\/div><div class=\"eael-entry-wrapper\"><header class=\"eael-entry-header\"><h2 class=\"eael-entry-title\"><a class=\"eael-grid-post-link\" href=\"https:\/\/soymigrante.com\/revista\/concepcion-chiquirichapa-agricultura-quetzaltenango\/\" title=\"Concepci\u00f3n Chiquirichapa: un pueblo de hortalizas y grandes esperanzas\">Concepci\u00f3n Chiquirichapa: un pueblo de hortalizas y grandes esperanzas<\/a><\/h2><\/header><div class=\"eael-entry-content\">\n                        <div class=\"eael-grid-post-excerpt\"><a href=\"https:\/\/soymigrante.com\/revista\/concepcion-chiquirichapa-agricultura-quetzaltenango\/\" class=\"eael-post-elements-readmore-btn\">CONOCE SU HISTORIA <\/a><\/div>\n                    <\/div><\/div><\/div>\n        <\/div>\n    <\/article><\/div>\n            <div class=\"clearfix\"><\/div>\n        <\/div>\t\t\t\t<\/div>\n\t\t\t\t\t<\/div>\n\t\t\t\t<\/div>\n\t\t\t\t<\/div>\n\t\t","protected":false},"excerpt":{"rendered":"<p>En varios pa\u00edses ser\u00e1n rosas guatemaltecas de exportaci\u00f3n las que acompa\u00f1ar\u00e1n la frase Feliz D\u00eda del Cari\u00f1o o Feliz San Valent\u00edn. \u00bfCu\u00e1ntas rosas exporta el pa\u00eds y a qu\u00e9 pa\u00edses? Aqu\u00ed te lo contamos. Y desde ya te deseamos un Feliz D\u00eda del Amor y la Amistad. El amor viaja en forma de rosas desde [&hellip;]<\/p>\n","protected":false},"author":23,"featured_media":24787,"comment_status":"open","ping_status":"open","sticky":false,"template":"","format":"standard","meta":{"_acf_changed":false,"_eb_attr":"","footnotes":""},"categories":[58],"tags":[],"class_list":["post-24697","post","type-post","status-publish","format-standard","has-post-thumbnail","hentry","category-guate-nuestra"],"acf":[],"aioseo_notices":[],"aioseo_head":"\n\t\t<!-- All in One SEO Pro 4.9.6.2 - aioseo.com -->\n\t<meta name=\"description\" content=\"Concepci\u00f3n Chiquirichapa se destaca por su producci\u00f3n agr\u00edcola, siendo un pilar econ\u00f3mico en Quetzaltenango y fuente de esperanza para sus habitantes.\" \/>\n\t<meta name=\"robots\" content=\"max-snippet:-1, max-image-preview:large, max-video-preview:-1\" \/>\n\t<meta name=\"author\" content=\"Diana Batz\"\/>\n\t<link rel=\"canonical\" href=\"https:\/\/soymigrante.com\/revista\/concepcion-chiquirichapa-agricultura-quetzaltenango\/\" \/>\n\t<meta name=\"generator\" content=\"All in One SEO Pro (AIOSEO) 4.9.6.2\" \/>\n\n\t\t<link rel=\"preconnect\" href=\"https:\/\/fonts.googleapis.com\" crossorigin>\n<link rel=\"preconnect\" href=\"https:\/\/fonts.gstatic.com\" crossorigin>\n\t\t<meta property=\"og:locale\" content=\"es_ES\" \/>\n\t\t<meta property=\"og:site_name\" content=\"SoyMigrante.com REVISTA \u2013 Nuestra misi\u00f3n es reconocer y dignificar al migrante.\" \/>\n\t\t<meta property=\"og:type\" content=\"article\" \/>\n\t\t<meta property=\"og:title\" content=\"Concepci\u00f3n Chiquirichapa: un pueblo de hortalizas y grandes esperanzas\" \/>\n\t\t<meta property=\"og:description\" content=\"Concepci\u00f3n Chiquirichapa se destaca por su producci\u00f3n agr\u00edcola, siendo un pilar econ\u00f3mico en Quetzaltenango y fuente de esperanza para sus habitantes.\" \/>\n\t\t<meta property=\"og:url\" content=\"https:\/\/soymigrante.com\/revista\/concepcion-chiquirichapa-agricultura-quetzaltenango\/\" \/>\n\t\t<meta property=\"og:image\" content=\"https:\/\/soymigrante.com\/revista\/wp-content\/uploads\/2023\/07\/Paulina-Sanchez-trabaja-desde-los-17-anos-de-edad-trabajo-que-heredo-de-su-familia-scaled.webp\" \/>\n\t\t<meta property=\"og:image:secure_url\" content=\"https:\/\/soymigrante.com\/revista\/wp-content\/uploads\/2023\/07\/Paulina-Sanchez-trabaja-desde-los-17-anos-de-edad-trabajo-que-heredo-de-su-familia-scaled.webp\" \/>\n\t\t<meta property=\"og:image:width\" content=\"1920\" \/>\n\t\t<meta property=\"og:image:height\" content=\"1280\" \/>\n\t\t<meta property=\"article:published_time\" content=\"2023-07-26T23:35:50+00:00\" \/>\n\t\t<meta property=\"article:modified_time\" content=\"2024-07-31T12:22:24+00:00\" \/>\n\t\t<meta property=\"article:publisher\" content=\"https:\/\/www.facebook.com\/soymigrantecom\" \/>\n\t\t<meta name=\"twitter:card\" content=\"summary_large_image\" \/>\n\t\t<meta name=\"twitter:site\" content=\"@SoyMigrante_com\" \/>\n\t\t<meta name=\"twitter:title\" content=\"Concepci\u00f3n Chiquirichapa: un pueblo de hortalizas y grandes esperanzas\" \/>\n\t\t<meta name=\"twitter:description\" content=\"Concepci\u00f3n Chiquirichapa se destaca por su producci\u00f3n agr\u00edcola, siendo un pilar econ\u00f3mico en Quetzaltenango y fuente de esperanza para sus habitantes.\" \/>\n\t\t<meta name=\"twitter:creator\" content=\"@SoyMigrante_com\" \/>\n\t\t<meta name=\"twitter:image\" content=\"https:\/\/soymigrante.com\/revista\/wp-content\/uploads\/2023\/07\/Paulina-Sanchez-trabaja-desde-los-17-anos-de-edad-trabajo-que-heredo-de-su-familia-scaled.webp\" \/>\n\t\t<!-- All in One SEO Pro -->\r\n\t\t<title>Concepci\u00f3n Chiquirichapa: un pueblo de hortalizas y grandes esperanzas<\/title>\n\n","aioseo_head_json":{"title":"Concepci\u00f3n Chiquirichapa: un pueblo de hortalizas y grandes esperanzas","description":"Concepci\u00f3n Chiquirichapa se destaca por su producci\u00f3n agr\u00edcola, siendo un pilar econ\u00f3mico en Quetzaltenango y fuente de esperanza para sus habitantes.","canonical_url":"https:\/\/soymigrante.com\/revista\/concepcion-chiquirichapa-agricultura-quetzaltenango\/","robots":"max-snippet:-1, max-image-preview:large, max-video-preview:-1","keywords":"","webmasterTools":{"miscellaneous":"&lt;link rel=\"preconnect\" href=\"https:\/\/fonts.googleapis.com\" crossorigin&gt;\n&lt;link rel=\"preconnect\" href=\"https:\/\/fonts.gstatic.com\" crossorigin&gt;"},"schema":null,"og:locale":"es_ES","og:site_name":"SoyMigrante.com REVISTA \u2013 Nuestra misi\u00f3n es reconocer y dignificar al migrante.","og:type":"article","og:title":"Concepci\u00f3n Chiquirichapa: un pueblo de hortalizas y grandes esperanzas","og:description":"Concepci\u00f3n Chiquirichapa se destaca por su producci\u00f3n agr\u00edcola, siendo un pilar econ\u00f3mico en Quetzaltenango y fuente de esperanza para sus habitantes.","og:url":"https:\/\/soymigrante.com\/revista\/concepcion-chiquirichapa-agricultura-quetzaltenango\/","og:image":"https:\/\/soymigrante.com\/revista\/wp-content\/uploads\/2023\/07\/Paulina-Sanchez-trabaja-desde-los-17-anos-de-edad-trabajo-que-heredo-de-su-familia-scaled.webp","og:image:secure_url":"https:\/\/soymigrante.com\/revista\/wp-content\/uploads\/2023\/07\/Paulina-Sanchez-trabaja-desde-los-17-anos-de-edad-trabajo-que-heredo-de-su-familia-scaled.webp","og:image:width":1920,"og:image:height":1280,"article:published_time":"2023-07-26T23:35:50+00:00","article:modified_time":"2024-07-31T12:22:24+00:00","article:publisher":"https:\/\/www.facebook.com\/soymigrantecom","twitter:card":"summary_large_image","twitter:site":"@SoyMigrante_com","twitter:title":"Concepci\u00f3n Chiquirichapa: un pueblo de hortalizas y grandes esperanzas","twitter:description":"Concepci\u00f3n Chiquirichapa se destaca por su producci\u00f3n agr\u00edcola, siendo un pilar econ\u00f3mico en Quetzaltenango y fuente de esperanza para sus habitantes.","twitter:creator":"@SoyMigrante_com","twitter:image":"https:\/\/soymigrante.com\/revista\/wp-content\/uploads\/2023\/07\/Paulina-Sanchez-trabaja-desde-los-17-anos-de-edad-trabajo-que-heredo-de-su-familia-scaled.webp"},"aioseo_meta_data":{"post_id":"24697","title":null,"description":"Guatemala se posiciona como un importante exportador de rosas, especialmente en el D\u00eda de San Valent\u00edn, cuando env\u00eda alrededor de 9 millones de flores.","keywords":null,"keyphrases":{"focus":{"keyphrase":"Rosas","score":82,"analysis":{"keyphraseInTitle":{"score":9,"maxScore":9,"error":0},"keyphraseInDescription":{"score":9,"maxScore":9,"error":0},"keyphraseLength":{"score":9,"maxScore":9,"error":0,"length":1},"keyphraseInURL":{"score":5,"maxScore":5,"error":0},"keyphraseInIntroduction":{"score":9,"maxScore":9,"error":0},"keyphraseInSubHeadings":{"score":3,"maxScore":9,"error":1},"keyphraseInImageAlt":{"score":3,"maxScore":9,"error":1},"keywordDensity":{"type":"best","score":9,"maxScore":9,"error":0}}},"additional":[{"keyphrase":"Guatemala","score":87,"analysis":{"keyphraseInDescription":{"score":9,"maxScore":9,"error":0},"keyphraseLength":{"score":9,"maxScore":9,"error":0,"length":1},"keyphraseInIntroduction":{"score":9,"maxScore":9,"error":0},"keyphraseInImageAlt":{"score":3,"maxScore":9,"error":1},"keywordDensity":{"type":"best","score":9,"maxScore":9,"error":0}}},{"keyphrase":"Exportaci\u00f3n","score":60,"analysis":{"keyphraseInDescription":{"score":3,"maxScore":9,"error":1},"keyphraseLength":{"score":9,"maxScore":9,"error":0,"length":2},"keyphraseInIntroduction":{"score":3,"maxScore":9,"error":1},"keyphraseInImageAlt":{"score":3,"maxScore":9,"error":1},"keywordDensity":{"type":"best","score":9,"maxScore":9,"error":0}}}]},"primary_term":null,"canonical_url":null,"og_title":null,"og_description":null,"og_object_type":"default","og_image_type":"default","og_image_url":null,"og_image_width":null,"og_image_height":null,"og_image_custom_url":null,"og_image_custom_fields":null,"og_video":"","og_custom_url":null,"og_article_section":null,"og_article_tags":null,"twitter_use_og":false,"twitter_card":"default","twitter_image_type":"default","twitter_image_url":null,"twitter_image_custom_url":null,"twitter_image_custom_fields":null,"twitter_title":null,"twitter_description":null,"schema":{"blockGraphs":[],"customGraphs":[],"default":{"data":{"Article":[],"Course":[],"Dataset":[],"FAQPage":[],"Movie":[],"Person":[],"Product":[],"ProductReview":[],"Car":[],"Recipe":[],"Service":[],"SoftwareApplication":[],"WebPage":[]},"graphName":"BlogPosting","isEnabled":true},"graphs":[]},"schema_type":"default","schema_type_options":null,"pillar_content":false,"robots_default":true,"robots_noindex":false,"robots_noarchive":false,"robots_nosnippet":false,"robots_nofollow":false,"robots_noimageindex":false,"robots_noodp":false,"robots_notranslate":false,"robots_max_snippet":"-1","robots_max_videopreview":"-1","robots_max_imagepreview":"large","priority":null,"frequency":"default","local_seo":null,"seo_analyzer_scan_date":"2025-10-09 02:34:39","breadcrumb_settings":null,"limit_modified_date":false,"reviewed_by":null,"open_ai":"{\"title\":{\"suggestions\":[],\"usage\":0},\"description\":{\"suggestions\":[],\"usage\":0}}","ai":null,"created":"2025-02-10 18:09:47","updated":"2026-02-04 21:12:34"},"aioseo_breadcrumb":"<div class=\"aioseo-breadcrumbs\"><span class=\"aioseo-breadcrumb\">\n\t<a href=\"https:\/\/soymigrante.com\/revista\" title=\"Home\">Home<\/a>\n<\/span><span class=\"aioseo-breadcrumb-separator\">\u00bb<\/span><span class=\"aioseo-breadcrumb\">\n\t<a href=\"https:\/\/soymigrante.com\/revista\/category\/guate-nuestra\/\" title=\"Guate Nuestra\">Guate Nuestra<\/a>\n<\/span><span class=\"aioseo-breadcrumb-separator\">\u00bb<\/span><span class=\"aioseo-breadcrumb\">\n\tGuatemala exporta millones de rosas para decir Feliz D\u00eda de San Valent\u00edn \u00bfEn qu\u00e9 pa\u00edses?\n<\/span><\/div>","aioseo_breadcrumb_json":[{"label":"Home","link":"https:\/\/soymigrante.com\/revista"},{"label":"Guate Nuestra","link":"https:\/\/soymigrante.com\/revista\/category\/guate-nuestra\/"},{"label":"Guatemala exporta millones de rosas para decir Feliz D\u00eda de San Valent\u00edn \u00bfEn qu\u00e9 pa\u00edses?","link":"https:\/\/soymigrante.com\/revista\/feliz-dia-de-san-valentin-del-carino-guatemala-exporta-rosas\/"}],"_links":{"self":[{"href":"https:\/\/soymigrante.com\/revista\/wp-json\/wp\/v2\/posts\/24697","targetHints":{"allow":["GET"]}}],"collection":[{"href":"https:\/\/soymigrante.com\/revista\/wp-json\/wp\/v2\/posts"}],"about":[{"href":"https:\/\/soymigrante.com\/revista\/wp-json\/wp\/v2\/types\/post"}],"author":[{"embeddable":true,"href":"https:\/\/soymigrante.com\/revista\/wp-json\/wp\/v2\/users\/23"}],"replies":[{"embeddable":true,"href":"https:\/\/soymigrante.com\/revista\/wp-json\/wp\/v2\/comments?post=24697"}],"version-history":[{"count":0,"href":"https:\/\/soymigrante.com\/revista\/wp-json\/wp\/v2\/posts\/24697\/revisions"}],"wp:featuredmedia":[{"embeddable":true,"href":"https:\/\/soymigrante.com\/revista\/wp-json\/wp\/v2\/media\/24787"}],"wp:attachment":[{"href":"https:\/\/soymigrante.com\/revista\/wp-json\/wp\/v2\/media?parent=24697"}],"wp:term":[{"taxonomy":"category","embeddable":true,"href":"https:\/\/soymigrante.com\/revista\/wp-json\/wp\/v2\/categories?post=24697"},{"taxonomy":"post_tag","embeddable":true,"href":"https:\/\/soymigrante.com\/revista\/wp-json\/wp\/v2\/tags?post=24697"}],"curies":[{"name":"wp","href":"https:\/\/api.w.org\/{rel}","templated":true}]}}