{"id":24677,"date":"2025-02-10T11:51:48","date_gmt":"2025-02-10T17:51:48","guid":{"rendered":"https:\/\/soymigrante.com\/revista\/?p=24677"},"modified":"2025-10-27T12:32:03","modified_gmt":"2025-10-27T18:32:03","slug":"generosidad-guatemalteca-esly-garcia-ayuda-a-quien-lo-necesite-en-connecticut","status":"publish","type":"post","link":"https:\/\/soymigrante.com\/revista\/generosidad-guatemalteca-esly-garcia-ayuda-a-quien-lo-necesite-en-connecticut\/","title":{"rendered":"Generosidad guatemalteca: Esly Garc\u00eda ayuda a quien lo necesite desde Connecticut"},"content":{"rendered":"\t\t<div data-elementor-type=\"wp-post\" data-elementor-id=\"24677\" class=\"elementor elementor-24677\" data-elementor-post-type=\"post\">\n\t\t\t\t<div data-particle_enable=\"false\" data-particle-mobile-disabled=\"false\" class=\"elementor-element elementor-element-3d96469 e-flex e-con-boxed e-con e-parent\" data-id=\"3d96469\" data-element_type=\"container\" data-e-type=\"container\">\n\t\t\t\t\t<div class=\"e-con-inner\">\n\t\t\t\t<div class=\"elementor-element elementor-element-d782a8f elementor-widget elementor-widget-heading\" data-id=\"d782a8f\" data-element_type=\"widget\" data-e-type=\"widget\" data-widget_type=\"heading.default\">\n\t\t\t\t\t<h2 class=\"elementor-heading-title elementor-size-default\"><span style=\"font-size: 31.2px\">Siempre se puede ayudar a alguien m\u00e1s es un principio de vida para Esly Garc\u00eda, migrante guatemalteca en Connecticut: siempre dice presente en ventas de comida para ayudar a un enfermo, reunir fondos para repatriar a una persona fallecida o celebrar a ni\u00f1os de comunidades rurales. Esta historia tiene una alta dosis de inspiraci\u00f3n.<\/span><\/h2>\t\t\t\t<\/div>\n\t\t\t\t<div class=\"elementor-element elementor-element-6989410 elementor-widget elementor-widget-html\" data-id=\"6989410\" data-element_type=\"widget\" data-e-type=\"widget\" data-widget_type=\"html.default\">\n\t\t\t\t\t<div id=\"buzzsprout-player-18083665\"><\/div><script src=\"https:\/\/www.buzzsprout.com\/2444168\/episodes\/18083665-esly-garcia-en-connecticut-impulsa-el-sabor-y-la-union-guatemalteca.js?container_id=buzzsprout-player-18083665&player=small\" type=\"text\/javascript\" charset=\"utf-8\"><\/script>\t\t\t\t<\/div>\n\t\t\t\t\t<\/div>\n\t\t\t\t<\/div>\n\t\t<div data-particle_enable=\"false\" data-particle-mobile-disabled=\"false\" class=\"elementor-element elementor-element-9e82d26 e-flex e-con-boxed e-con e-parent\" data-id=\"9e82d26\" data-element_type=\"container\" data-e-type=\"container\">\n\t\t\t\t\t<div class=\"e-con-inner\">\n\t\t\t\t<div class=\"elementor-element elementor-element-220b678 elementor-widget elementor-widget-text-editor\" data-id=\"220b678\" data-element_type=\"widget\" data-e-type=\"widget\" data-widget_type=\"text-editor.default\">\n\t\t\t\t\t\t\t\t\t<p>Esly Garc\u00eda es originaria de Flores, Costa Cuca, <a href=\"https:\/\/soymigrante.com\/revista\/departamentos-de-guatemala-quetzaltenango-tiene-historia-de-500-anos\/\">Quetzaltenango<\/a>. Lleva el don de ayudar a los dem\u00e1s en las manos. Es enfermera graduada, aunque nunca pudo ejercer su profesi\u00f3n en EE.UU. Vive en Connecticut desde hace m\u00e1s de dos d\u00e9cadas. En dicho Estado hay una fuerte comunidad<a href=\"https:\/\/soymigrante.com\/revista\/norma-pineda-y-su-esposo-dirigen-su-exitosa-fabrica-de-bardas-west-stamford-fence\/\"> migrante guatemalteca.<\/a><\/p><p>Siempre se cuenta con Esly en\u00a0<span style=\"color: var( --e-global-color-text ); text-align: var(--text-align);\">cada buena causa que surge: la necesidad reunir fondos para el tratamiento de un paciente cr\u00f3nico, constribuir con la repatriaci\u00f3n de restos de alg\u00fan migrante (hacia Guatemala o cualquier otro pa\u00eds hispano &#8211; &#8220;Todos somos hermanos&#8221;, dice), celebrar el D\u00eda del Ni\u00f1o o entregar obsequios navide\u00f1os en zonas rurales guatemaltecas.<\/span><\/p><p>Y regularmente su gran aporte es a trav\u00e9s de una habilidad familiar para la <a href=\"https:\/\/soymigrante.com\/revista\/thelma-carrera-cocina-con-el-sabor-de-la-generosidad-en-connecticut\/\">cocina<\/a>:\u00a0 dona los ingredientes y la preparaci\u00f3n en sus frecuentes campa\u00f1as de ayuda.\u00a0Su ejemplo siempre anima m\u00e1s migrantes a unirse, a donar ingredientes y a comprar sus platillos para degustar y aportar.\u00a0 Esta es su historia con sabor a bondad.<\/p>\t\t\t\t\t\t\t\t<\/div>\n\t\t\t\t\t<\/div>\n\t\t\t\t<\/div>\n\t\t<div data-particle_enable=\"false\" data-particle-mobile-disabled=\"false\" class=\"elementor-element elementor-element-b5fd98a e-flex e-con-boxed e-con e-parent\" data-id=\"b5fd98a\" data-element_type=\"container\" data-e-type=\"container\">\n\t\t\t\t\t<div class=\"e-con-inner\">\n\t\t\t\t<div class=\"elementor-element elementor-element-3b27e2a elementor-widget elementor-widget-image\" data-id=\"3b27e2a\" data-element_type=\"widget\" data-e-type=\"widget\" data-widget_type=\"image.default\">\n\t\t\t\t\t\t\t\t\t\t\t\t<figure class=\"wp-caption\">\n\t\t\t\t\t\t\t\t\t\t<img fetchpriority=\"high\" decoding=\"async\" width=\"720\" height=\"491\" src=\"https:\/\/soymigrante.com\/revista\/wp-content\/uploads\/2025\/02\/esly-garcia-migrante-guatemalteca-1.webp\" class=\"attachment-large size-large wp-image-24684\" alt=\"SoyMigrante.com revista; mujer con gafas y vestido azul en espacio exterior, colocando una rosa blanca en escultura de mano gigante, enfoque en migrantes y derechos humanos.\" srcset=\"https:\/\/soymigrante.com\/revista\/wp-content\/uploads\/2025\/02\/esly-garcia-migrante-guatemalteca-1.webp 720w, https:\/\/soymigrante.com\/revista\/wp-content\/uploads\/2025\/02\/esly-garcia-migrante-guatemalteca-1-300x205.jpg 300w\" sizes=\"(max-width: 720px) 100vw, 720px\" title=\"Esly Garc\u00eda estuvo en Guatemala en 2024 en apoyo del Foro TPS Guatemalteco. Particip\u00f3 en varias actividades, una de ellas en el Palacio Nacional de la Cultura. No pod\u00eda faltar la fotograf\u00eda junto al monumento conmemorativo de la Paz. \u2013 SoyMigrante.com REVISTA\" \/>\t\t\t\t\t\t\t\t\t\t\t<figcaption class=\"widget-image-caption wp-caption-text\">Mujer migrante en la cultura mexicana sosteniendo una escultura de mano, simbolizando la fortaleza y esperanza de las migrantes, en la revista SoyMigrante.com, que resalta historias y derechos de migrantes latinoamericanos.<\/figcaption>\n\t\t\t\t\t\t\t\t\t\t<\/figure>\n\t\t\t\t\t\t\t\t\t<\/div>\n\t\t\t\t\t<\/div>\n\t\t\t\t<\/div>\n\t\t<div data-particle_enable=\"false\" data-particle-mobile-disabled=\"false\" class=\"elementor-element elementor-element-0fca199 e-flex e-con-boxed e-con e-parent\" data-id=\"0fca199\" data-element_type=\"container\" data-e-type=\"container\">\n\t\t\t\t\t<div class=\"e-con-inner\">\n\t\t\t\t<div class=\"elementor-element elementor-element-07ffa2c elementor-widget elementor-widget-heading\" data-id=\"07ffa2c\" data-element_type=\"widget\" data-e-type=\"widget\" data-widget_type=\"heading.default\">\n\t\t\t\t\t<h3 class=\"elementor-heading-title elementor-size-default\">Ejemplo de trabajo y bondad de su mam\u00e1<\/h3>\t\t\t\t<\/div>\n\t\t\t\t\t<\/div>\n\t\t\t\t<\/div>\n\t\t<div data-particle_enable=\"false\" data-particle-mobile-disabled=\"false\" class=\"elementor-element elementor-element-1d77854 e-flex e-con-boxed e-con e-parent\" data-id=\"1d77854\" data-element_type=\"container\" data-e-type=\"container\">\n\t\t\t\t\t<div class=\"e-con-inner\">\n\t\t\t\t<div class=\"elementor-element elementor-element-2635286 elementor-widget elementor-widget-text-editor\" data-id=\"2635286\" data-element_type=\"widget\" data-e-type=\"widget\" data-widget_type=\"text-editor.default\">\n\t\t\t\t\t\t\t\t\t<p>Esly Garc\u00eda es originaria de Flores, Costa Cuca. Lleva el don de ayudar a los dem\u00e1s en las manos. Es enfermera graduada, aunque nunca pudo ejercer su profesi\u00f3n en EE.UU. Vive en Connecticut desde hace m\u00e1s de dos d\u00e9cadas.<\/p><p>Siempre se cuenta con Esly en\u00a0<span style=\"color: var( --e-global-color-text ); text-align: var(--text-align);\">cada buena causa que surge: la necesidad reunir fondos para el tratamiento de un paciente cr\u00f3nico, constribuir con la repatriaci\u00f3n de restos de alg\u00fan migrante (hacia Guatemala o cualquier otro pa\u00eds hispano &#8211; &#8220;Todos somos hermanos&#8221;, dice), celebrar el D\u00eda del Ni\u00f1o o <a href=\"https:\/\/soymigrante.com\/revista\/leonel-arenas-conecta-a-migrantes-en-connecticut-con-nobles-causas\/\">entregar obsequios navide\u00f1os<\/a> en zonas rurales guatemaltecas.<\/span><\/p><p>Y regularmente su gran aporte es a trav\u00e9s de una habilidad familiar para la cocina:\u00a0 dona los ingredientes y la preparaci\u00f3n en sus frecuentes campa\u00f1as de ayuda.\u00a0Su ejemplo siempre anima m\u00e1s migrantes a unirse, a donar ingredientes y a comprar sus platillos para degustar y aportar.\u00a0 Esta es su historia con sabor a bondad.<\/p><p>&#8220;Mi madre me inspir\u00f3 con su ejemplo de valor. Nos sac\u00f3 adelante a cinco hijos. Nac\u00ed en Flores Costa Cuca, Quetzaltenango, pero migramos a la capital. A todos nos dio estudio. Viv\u00edamos en Villa Hermosa, San Miguel Petapa&#8221;.<\/p>\t\t\t\t\t\t\t\t<\/div>\n\t\t\t\t\t<\/div>\n\t\t\t\t<\/div>\n\t\t<div data-particle_enable=\"false\" data-particle-mobile-disabled=\"false\" class=\"elementor-element elementor-element-c2c58a9 e-flex e-con-boxed e-con e-parent\" data-id=\"c2c58a9\" data-element_type=\"container\" data-e-type=\"container\">\n\t\t\t\t\t<div class=\"e-con-inner\">\n\t\t\t\t<div class=\"elementor-element elementor-element-1304ff1 elementor-widget elementor-widget-image\" data-id=\"1304ff1\" data-element_type=\"widget\" data-e-type=\"widget\" data-widget_type=\"image.default\">\n\t\t\t\t\t\t\t\t\t\t\t\t<figure class=\"wp-caption\">\n\t\t\t\t\t\t\t\t\t\t<img decoding=\"async\" width=\"960\" height=\"720\" src=\"https:\/\/soymigrante.com\/revista\/wp-content\/uploads\/2025\/02\/esly-garcia-migrante-guatemalteca-6.jpg\" class=\"attachment-large size-large wp-image-24685\" alt=\"Familia migrante disfrutando en un restaurante, representando comunidad y convivencia en el contexto migratorio.\" srcset=\"https:\/\/soymigrante.com\/revista\/wp-content\/uploads\/2025\/02\/esly-garcia-migrante-guatemalteca-6.jpg 960w, https:\/\/soymigrante.com\/revista\/wp-content\/uploads\/2025\/02\/esly-garcia-migrante-guatemalteca-6-300x225.jpg 300w, https:\/\/soymigrante.com\/revista\/wp-content\/uploads\/2025\/02\/esly-garcia-migrante-guatemalteca-6-768x576.jpg 768w, https:\/\/soymigrante.com\/revista\/wp-content\/uploads\/2025\/02\/esly-garcia-migrante-guatemalteca-6-750x563.webp 750w\" sizes=\"(max-width: 960px) 100vw, 960px\" title=\"Esly junto a su hija Nicole, quien tom\u00f3 la iniciativa de estudiar enfermer\u00eda, coincidentemente la profesi\u00f3n que Esly desempe\u00f1aba en Guatemala en el tiempo que decidi\u00f3 migrar a Estados Unidos. \u2013 SoyMigrante.com REVISTA\" \/>\t\t\t\t\t\t\t\t\t\t\t<figcaption class=\"widget-image-caption wp-caption-text\">En la imagen, dos mujeres migrantes comparten un momento c\u00e1lido en un ambiente acogedor, resaltando la importancia de la comunidad y la pertenencia en la vida de los migrantes.<\/figcaption>\n\t\t\t\t\t\t\t\t\t\t<\/figure>\n\t\t\t\t\t\t\t\t\t<\/div>\n\t\t\t\t\t<\/div>\n\t\t\t\t<\/div>\n\t\t<div data-particle_enable=\"false\" data-particle-mobile-disabled=\"false\" class=\"elementor-element elementor-element-b4d4957 e-flex e-con-boxed e-con e-parent\" data-id=\"b4d4957\" data-element_type=\"container\" data-e-type=\"container\">\n\t\t\t\t\t<div class=\"e-con-inner\">\n\t\t\t\t<div class=\"elementor-element elementor-element-7e9eb44 elementor-widget elementor-widget-heading\" data-id=\"7e9eb44\" data-element_type=\"widget\" data-e-type=\"widget\" data-widget_type=\"heading.default\">\n\t\t\t\t\t<h3 class=\"elementor-heading-title elementor-size-default\">Enfermera graduada y estudi\u00f3 Psicolog\u00eda<\/h3>\t\t\t\t<\/div>\n\t\t\t\t\t<\/div>\n\t\t\t\t<\/div>\n\t\t<div data-particle_enable=\"false\" data-particle-mobile-disabled=\"false\" class=\"elementor-element elementor-element-ed3fb18 e-flex e-con-boxed e-con e-parent\" data-id=\"ed3fb18\" data-element_type=\"container\" data-e-type=\"container\">\n\t\t\t\t\t<div class=\"e-con-inner\">\n\t\t\t\t<div class=\"elementor-element elementor-element-48651c7 elementor-widget elementor-widget-text-editor\" data-id=\"48651c7\" data-element_type=\"widget\" data-e-type=\"widget\" data-widget_type=\"text-editor.default\">\n\t\t\t\t\t\t\t\t\t<p><span style=\"color: var( --e-global-color-text ); text-align: var(--text-align);\">&#8220;Yo estudi\u00e9 psicolog\u00eda en la Universidad de San Carlos, cerr\u00e9 p\u00e9nsum; pero la econom\u00eda afect\u00f3 que siguiera. Hab\u00eda que trabajar. En esa etapa empec\u00e9 a estudiar enfermer\u00eda auxiliar, trabaj\u00e9 en un hospital privado, luego aprend\u00ed sobre laboratorio de Patolog\u00eda. Trabaj\u00e9 en el Hospital San Juan de Dios, en el Roosevelt&#8221;.<\/span><\/p><p>&#8220;Mi gran amiga Mayra, amiga de toda la vida, con quien trabajamos juntas en Guatemala, decidi\u00f3 migrar a EE.UU. en 1999. Y decid\u00ed viajar unto con ella. Ella es la madrina de mi hija&#8221;, cuenta.<\/p><p>El impacto de llegar a EE.UU. tras tener una profesi\u00f3n con especialidad y entrenamiento fue fuerte. &#8220;Empec\u00e9 trabajando en un Burger King.\u00a0 Me cas\u00e9, form\u00e9 una familia.\u00a0 Tengo dos hijos, Nicole y Daniel. Nicole tiene 22 a\u00f1os y se gradu\u00f3 de enfermera&#8221;.<\/p><p>Al preguntarle si ella le sugiri\u00f3 que estudiara eso dice. &#8220;No, no sab\u00eda que le atra\u00eda eso. Cuando estaba en High School me dec\u00eda, quisiera estudiar algo para estar en sala de operaciones. Mira hija, le dije, estudia lo que te guste y ella ha hecho su camino&#8221;.<\/p>\t\t\t\t\t\t\t\t<\/div>\n\t\t\t\t\t<\/div>\n\t\t\t\t<\/div>\n\t\t<div data-particle_enable=\"false\" data-particle-mobile-disabled=\"false\" class=\"elementor-element elementor-element-7804446 e-flex e-con-boxed e-con e-parent\" data-id=\"7804446\" data-element_type=\"container\" data-e-type=\"container\">\n\t\t\t\t\t<div class=\"e-con-inner\">\n\t\t\t\t<div class=\"elementor-element elementor-element-deadc5f elementor-widget elementor-widget-html\" data-id=\"deadc5f\" data-element_type=\"widget\" data-e-type=\"widget\" data-widget_type=\"html.default\">\n\t\t\t\t\t<iframe src=\"https:\/\/www.facebook.com\/plugins\/video.php?height=476&href=https%3A%2F%2Fwww.facebook.com%2F100011051644015%2Fvideos%2F1122049223042755%2F&show_text=true&width=267&t=325\" width=\"267\" height=\"591\" style=\"border:none;overflow:hidden\" scrolling=\"no\" frameborder=\"0\" allowfullscreen=\"true\" allow=\"autoplay; clipboard-write; encrypted-media; picture-in-picture; web-share\" allowFullScreen=\"true\"><\/iframe>\t\t\t\t<\/div>\n\t\t\t\t\t<\/div>\n\t\t\t\t<\/div>\n\t\t<div data-particle_enable=\"false\" data-particle-mobile-disabled=\"false\" class=\"elementor-element elementor-element-40ce185 e-flex e-con-boxed e-con e-parent\" data-id=\"40ce185\" data-element_type=\"container\" data-e-type=\"container\">\n\t\t\t\t\t<div class=\"e-con-inner\">\n\t\t\t\t<div class=\"elementor-element elementor-element-4523c3c elementor-widget elementor-widget-heading\" data-id=\"4523c3c\" data-element_type=\"widget\" data-e-type=\"widget\" data-widget_type=\"heading.default\">\n\t\t\t\t\t<h3 class=\"elementor-heading-title elementor-size-default\">Unidos por el don del servicio a los dem\u00e1s<\/h3>\t\t\t\t<\/div>\n\t\t\t\t\t<\/div>\n\t\t\t\t<\/div>\n\t\t<div data-particle_enable=\"false\" data-particle-mobile-disabled=\"false\" class=\"elementor-element elementor-element-c28db42 e-flex e-con-boxed e-con e-parent\" data-id=\"c28db42\" data-element_type=\"container\" data-e-type=\"container\">\n\t\t\t\t\t<div class=\"e-con-inner\">\n\t\t\t\t<div class=\"elementor-element elementor-element-3648bab elementor-widget elementor-widget-text-editor\" data-id=\"3648bab\" data-element_type=\"widget\" data-e-type=\"widget\" data-widget_type=\"text-editor.default\">\n\t\t\t\t\t\t\t\t\t<p><span style=\"color: var( --e-global-color-text ); text-align: var(--text-align);\">Junto a su esposo Emiliano, Esly se dedica a ayudar al pr\u00f3ximo en lo que puede. &#8220;No nos sirve de nada tener dinero si no compartimos: hay que ayudar, colaborar con la comunidad. Trabajamos mucho con repatriaciones de migrantes. A veces las familias est\u00e1n en situaci\u00f3n bastante dif\u00edcil y organizamos colectas, ventas de comida o rifas para juntar fondos y donarlos&#8221;.<\/span><\/p><p>Pero el campo de ayuda de Esly y<a href=\"https:\/\/soymigrante.com\/revista\/leonel-arenas-conecta-a-migrantes-en-connecticut-con-nobles-causas\/\"> amigos migrantes guatemaltecos<\/a> e hispanos\u00a0 ha sido amplio: &#8220;Hemos ayudado cuando hay inundaciones en Izabal, desastres en regiones de Guatemala. Yo en lo personal trabajo mucho par ni\u00f1os de mi pueblo, Flores: les celebramos el D\u00eda del Ni\u00f1o o Navidad. Gracias a Dios hemos ganado mucha confianza porque somos honrados. Se entrega hasta el \u00faltimo centavo reunido. Hemos enviado Cuerpos a Colombia, a M\u00e9xico. Hemos ayudado a pacientes de c\u00e1ncer, con par\u00e1lisis&#8221;.<\/p>\t\t\t\t\t\t\t\t<\/div>\n\t\t\t\t\t<\/div>\n\t\t\t\t<\/div>\n\t\t<div data-particle_enable=\"false\" data-particle-mobile-disabled=\"false\" class=\"elementor-element elementor-element-060ca73 e-flex e-con-boxed e-con e-parent\" data-id=\"060ca73\" data-element_type=\"container\" data-e-type=\"container\">\n\t\t\t\t\t<div class=\"e-con-inner\">\n\t\t\t\t<div class=\"elementor-element elementor-element-57957f7 elementor-invisible elementor-widget elementor-widget-testimonial\" data-id=\"57957f7\" data-element_type=\"widget\" data-e-type=\"widget\" data-settings=\"{&quot;_animation&quot;:&quot;rotateInUpRight&quot;}\" data-widget_type=\"testimonial.default\">\n\t\t\t\t\t\t\t<div class=\"elementor-testimonial-wrapper\">\n\t\t\t\t\t\t\t<div class=\"elementor-testimonial-content\">\"Gracias al apoyo de mi esposo, Emiliano, inculcamos a nuestros hijos el don de la generosidad y el servicio. Ese es un gran regalo, porque estamos unidos en el amor gracias a Dios\"<\/div>\n\t\t\t\n\t\t\t\t\t\t<div class=\"elementor-testimonial-meta elementor-has-image elementor-testimonial-image-position-aside\">\n\t\t\t\t<div class=\"elementor-testimonial-meta-inner\">\n\t\t\t\t\t\t\t\t\t\t\t<div class=\"elementor-testimonial-image\">\n\t\t\t\t\t\t\t<img decoding=\"async\" width=\"639\" height=\"639\" src=\"https:\/\/soymigrante.com\/revista\/wp-content\/uploads\/2025\/02\/esly-garcia-migrante-guatemalteca-2.webp\" class=\"attachment-full size-full wp-image-24689\" alt=\"Familia sonriente en celebraci\u00f3n familiar, inmigrantes y apoyo comunitario, importancia de la uni\u00f3n familia inmigrante, diversidad cultural en la comunidad, revista SoyMigrante.com revista de migrantes y vida familiar.\" title=\"esly garcia migrante guatemalteca 2 \u2013 SoyMigrante.com REVISTA\" srcset=\"https:\/\/soymigrante.com\/revista\/wp-content\/uploads\/2025\/02\/esly-garcia-migrante-guatemalteca-2.webp 639w, https:\/\/soymigrante.com\/revista\/wp-content\/uploads\/2025\/02\/esly-garcia-migrante-guatemalteca-2-300x300.jpg 300w, https:\/\/soymigrante.com\/revista\/wp-content\/uploads\/2025\/02\/esly-garcia-migrante-guatemalteca-2-150x150.jpg 150w, https:\/\/soymigrante.com\/revista\/wp-content\/uploads\/2025\/02\/esly-garcia-migrante-guatemalteca-2-75x75.webp 75w\" sizes=\"(max-width: 639px) 100vw, 639px\" \/>\t\t\t\t\t\t<\/div>\n\t\t\t\t\t\n\t\t\t\t\t\t\t\t\t\t<div class=\"elementor-testimonial-details\">\n\t\t\t\t\t\t\t\t\t\t\t\t\t\t<div class=\"elementor-testimonial-name\">Esly Garc\u00eda<\/div>\n\t\t\t\t\t\t\t\t\t\t\t\t\t\t\t\t\t\t\t\t\t\t<div class=\"elementor-testimonial-job\">Migrante y emprendedora guatemalteca.\nVende comida guatemalteca en Stamford, \nConnecticut, pero tambi\u00e9n la prepara para\nreunir fondos en causas ben\u00e9ficas.<\/div>\n\t\t\t\t\t\t\t\t\t\t\t\t\t<\/div>\n\t\t\t\t\t\t\t\t\t<\/div>\n\t\t\t<\/div>\n\t\t\t\t\t<\/div>\n\t\t\t\t\t\t<\/div>\n\t\t\t\t\t<\/div>\n\t\t\t\t<\/div>\n\t\t<div data-particle_enable=\"false\" data-particle-mobile-disabled=\"false\" class=\"elementor-element elementor-element-89fec9c e-flex e-con-boxed e-con e-parent\" data-id=\"89fec9c\" data-element_type=\"container\" data-e-type=\"container\">\n\t\t\t\t\t<div class=\"e-con-inner\">\n\t\t\t\t<div class=\"elementor-element elementor-element-aa04a8d elementor-widget elementor-widget-text-editor\" data-id=\"aa04a8d\" data-element_type=\"widget\" data-e-type=\"widget\" data-widget_type=\"text-editor.default\">\n\t\t\t\t\t\t\t\t\t<p><span style=\"color: var( --e-global-color-text ); text-align: var(--text-align);\">Durante la pandemia, la casa de Esly se convirti\u00f3 en una especie de cocina comunitaria. &#8220;Distribuimos comida para los enfermos y sus familias. Mucha gente donaba ingredientes o dinero, compr\u00e1bamos el resto y cocinamos para repartir, de casa en casa&#8221;.<\/span><\/p><p>Y es que Esly ha cocinado para ganarse la vida mientras cuida de sus hijos. \u00bfCu\u00e1l es el platillo especialidad de la casa? Le pregunto.<\/p><p>&#8220;<a href=\"https:\/\/soymigrante.com\/revista\/recetas-chapinas-pepian-quetzalteco-receta-tradicional-2\/\">El pepi\u00e1n<\/a>. A todos les encanta. El secreto est\u00e1 en que todos los ingredientes de traen de Guatemala. Me los trae mi mami para ac\u00e1, o mi hermana. Pero cuando empec\u00e9 a cocinar, no sab\u00eda la receta, se la pregunt\u00e9 y ella me la dict\u00f3&#8221;.<\/p><p>\u00bfC\u00f3mo se llama su mam\u00e1? Juanita Monterroso.<\/p>\t\t\t\t\t\t\t\t<\/div>\n\t\t\t\t\t<\/div>\n\t\t\t\t<\/div>\n\t\t<div data-particle_enable=\"false\" data-particle-mobile-disabled=\"false\" class=\"elementor-element elementor-element-5d2cbcd e-flex e-con-boxed e-con e-parent\" data-id=\"5d2cbcd\" data-element_type=\"container\" data-e-type=\"container\">\n\t\t\t\t\t<div class=\"e-con-inner\">\n\t\t\t\t<div class=\"elementor-element elementor-element-188defa elementor-widget elementor-widget-image\" data-id=\"188defa\" data-element_type=\"widget\" data-e-type=\"widget\" data-widget_type=\"image.default\">\n\t\t\t\t\t\t\t\t\t\t\t\t<figure class=\"wp-caption\">\n\t\t\t\t\t\t\t\t\t\t<img loading=\"lazy\" decoding=\"async\" width=\"960\" height=\"720\" src=\"https:\/\/soymigrante.com\/revista\/wp-content\/uploads\/2025\/02\/esly-garcia-migrante-guatemalteca-3.webp\" class=\"attachment-large size-large wp-image-24690\" alt=\"Libros y \u00fatiles escolares variados: cuadernos, l\u00e1pices de colores, marcadores, libretas, y art\u00edculos escolares para estudiantes y profesores.\" srcset=\"https:\/\/soymigrante.com\/revista\/wp-content\/uploads\/2025\/02\/esly-garcia-migrante-guatemalteca-3.webp 960w, https:\/\/soymigrante.com\/revista\/wp-content\/uploads\/2025\/02\/esly-garcia-migrante-guatemalteca-3-300x225.jpg 300w, https:\/\/soymigrante.com\/revista\/wp-content\/uploads\/2025\/02\/esly-garcia-migrante-guatemalteca-3-768x576.jpg 768w, https:\/\/soymigrante.com\/revista\/wp-content\/uploads\/2025\/02\/esly-garcia-migrante-guatemalteca-3-750x563.webp 750w\" sizes=\"(max-width: 960px) 100vw, 960px\" title=\"Recientemente Esly efectu\u00f3 una colecta de \u00fatiles escolares a beneficio de ni\u00f1os de comunidades rurales de su natal Flores Costa Cuca. \u2013 SoyMigrante.com REVISTA\" \/>\t\t\t\t\t\t\t\t\t\t\t<figcaption class=\"widget-image-caption wp-caption-text\">Amplia variedad de material escolar y de oficina en perfecto estado, ideal para educaci\u00f3n y actividades creativas.<\/figcaption>\n\t\t\t\t\t\t\t\t\t\t<\/figure>\n\t\t\t\t\t\t\t\t\t<\/div>\n\t\t\t\t\t<\/div>\n\t\t\t\t<\/div>\n\t\t<div data-particle_enable=\"false\" data-particle-mobile-disabled=\"false\" class=\"elementor-element elementor-element-07a0134 e-flex e-con-boxed e-con e-parent\" data-id=\"07a0134\" data-element_type=\"container\" data-e-type=\"container\">\n\t\t\t\t\t<div class=\"e-con-inner\">\n\t\t\t\t<div class=\"elementor-element elementor-element-81a0ae5 elementor-widget elementor-widget-heading\" data-id=\"81a0ae5\" data-element_type=\"widget\" data-e-type=\"widget\" data-widget_type=\"heading.default\">\n\t\t\t\t\t<h3 class=\"elementor-heading-title elementor-size-default\">Su gran sue\u00f1o ya lo est\u00e1 viviendo<\/h3>\t\t\t\t<\/div>\n\t\t\t\t\t<\/div>\n\t\t\t\t<\/div>\n\t\t<div data-particle_enable=\"false\" data-particle-mobile-disabled=\"false\" class=\"elementor-element elementor-element-bdf50bb e-flex e-con-boxed e-con e-parent\" data-id=\"bdf50bb\" data-element_type=\"container\" data-e-type=\"container\">\n\t\t\t\t\t<div class=\"e-con-inner\">\n\t\t\t\t<div class=\"elementor-element elementor-element-2fee1f5 elementor-widget elementor-widget-text-editor\" data-id=\"2fee1f5\" data-element_type=\"widget\" data-e-type=\"widget\" data-widget_type=\"text-editor.default\">\n\t\t\t\t\t\t\t\t\t<p><span style=\"color: var( --e-global-color-text ); text-align: var(--text-align);\">Esly no busca notoriedad ni elogios por su esp\u00edritu de generosidad. &#8220;Todos tenemos un sue\u00f1o. Agradezco a Dios cada uno uno de los obst\u00e1culos, adversidad, dificultades que he vivido. Mi sue\u00f1o lo estoy cumpliendo cada d\u00eda. Para muchos el sue\u00f1o americano es tener una casa grande, aqu\u00ed o en Guatemala. Posiblemente tener dinero. Pero mi sue\u00f1o es ver a mi <a href=\"https:\/\/soymigrante.com\/revista\/consejos-para-parejas-migrantes-no-discutir-o-tratar-temas-delicados-frente-a-los-hijos\/\">familia unid<\/a>a cada d\u00eda, ver a mi Madre y mis hermanos unidos con amor.<\/span><\/p><div>\u00a0<\/div>\t\t\t\t\t\t\t\t<\/div>\n\t\t\t\t\t<\/div>\n\t\t\t\t<\/div>\n\t\t<div data-particle_enable=\"false\" data-particle-mobile-disabled=\"false\" class=\"elementor-element elementor-element-06c1162 e-flex e-con-boxed e-con e-parent\" data-id=\"06c1162\" data-element_type=\"container\" data-e-type=\"container\">\n\t\t\t\t\t<div class=\"e-con-inner\">\n\t\t\t\t<div class=\"elementor-element elementor-element-5cdfca4 elementor-widget elementor-widget-heading\" data-id=\"5cdfca4\" data-element_type=\"widget\" data-e-type=\"widget\" data-widget_type=\"heading.default\">\n\t\t\t\t\t<h2 class=\"elementor-heading-title elementor-size-default\">Guatemaltecas inspiradoras y solidarias<\/h2>\t\t\t\t<\/div>\n\t\t\t\t\t<\/div>\n\t\t\t\t<\/div>\n\t\t<div data-particle_enable=\"false\" data-particle-mobile-disabled=\"false\" class=\"elementor-element elementor-element-bc7e578 e-flex e-con-boxed e-con e-parent\" data-id=\"bc7e578\" data-element_type=\"container\" data-e-type=\"container\">\n\t\t\t\t\t<div class=\"e-con-inner\">\n\t\t\t\t<div class=\"elementor-element elementor-element-36edb15 elementor-grid-eael-col-3 elementor-grid-tablet-eael-col-2 elementor-grid-mobile-eael-col-1 elementor-widget elementor-widget-eael-post-grid\" data-id=\"36edb15\" data-element_type=\"widget\" data-e-type=\"widget\" data-settings=\"{&quot;eael_post_grid_columns&quot;:&quot;eael-col-3&quot;,&quot;eael_post_grid_columns_tablet&quot;:&quot;eael-col-2&quot;,&quot;eael_post_grid_columns_mobile&quot;:&quot;eael-col-1&quot;}\" data-widget_type=\"eael-post-grid.default\">\n\t\t\t\t\t<div id=\"eael-post-grid-36edb15\" class=\"eael-post-grid-container\">\n            <div class=\"eael-post-grid eael-post-appender eael-post-appender-36edb15 eael-post-grid-style-one\" data-layout-mode=\"masonry\"><article class=\"eael-grid-post  eael-post-grid-column eael-pg-post-16900 category-exitos\" data-id=\"16900\">\n        <div class=\"eael-grid-post-holder\">\n            <div class=\"eael-grid-post-holder-inner\"><div class=\"eael-entry-media\"><div class=\"eael-entry-overlay fade-in\"><i class=\"far fa-hand-pointer\" aria-hidden=\"true\"><\/i><a href=\"https:\/\/soymigrante.com\/revista\/karolin-espana-dirige-kika-proyecto-de-ayuda-alimentaria-impulsado-por-sus-hijas\/\"><\/a><\/div><div class=\"eael-entry-thumbnail \">\n                <img loading=\"lazy\" decoding=\"async\" width=\"861\" height=\"861\" src=\"https:\/\/soymigrante.com\/revista\/wp-content\/uploads\/2024\/12\/historia-karolin-espana-KIKA.webp\" class=\"attachment-large size-large wp-image-16901\" alt=\"Ni\u00f1a en desfile cultural participando en evento de apoyo a la infancia y la nutrici\u00f3n en M\u00e9xico, con grupo de personas en vestimenta tradicional y cartel de organizaci\u00f3n KIKA, promoviendo derechos infantiles.\" srcset=\"https:\/\/soymigrante.com\/revista\/wp-content\/uploads\/2024\/12\/historia-karolin-espana-KIKA.webp 861w, https:\/\/soymigrante.com\/revista\/wp-content\/uploads\/2024\/12\/historia-karolin-espana-KIKA-300x300.jpg 300w, https:\/\/soymigrante.com\/revista\/wp-content\/uploads\/2024\/12\/historia-karolin-espana-KIKA-150x150.jpg 150w, https:\/\/soymigrante.com\/revista\/wp-content\/uploads\/2024\/12\/historia-karolin-espana-KIKA-768x768.jpg 768w, https:\/\/soymigrante.com\/revista\/wp-content\/uploads\/2024\/12\/historia-karolin-espana-KIKA-75x75.webp 75w, https:\/\/soymigrante.com\/revista\/wp-content\/uploads\/2024\/12\/historia-karolin-espana-KIKA-750x750.webp 750w\" sizes=\"(max-width: 861px) 100vw, 861px\" \/>\n            <\/div>\n        <\/div><div class=\"eael-entry-wrapper\"><header class=\"eael-entry-header\"><h2 class=\"eael-entry-title\"><a class=\"eael-grid-post-link\" href=\"https:\/\/soymigrante.com\/revista\/karolin-espana-dirige-kika-proyecto-de-ayuda-alimentaria-impulsado-por-sus-hijas\/\" title=\"Karolin Rasc\u00f3n dirige KIKA, iniciativa de ayuda alimentaria desde L.A. a Guatemala, inspirada por sus hijas Kiara y Kaili\">Karolin Rasc\u00f3n dirige KIKA, iniciativa de ayuda alimentaria desde L.A. a Guatemala, inspirada por sus hijas Kiara y Kaili<\/a><\/h2><\/header><div class=\"eael-entry-content\">\n                        <div class=\"eael-grid-post-excerpt\"><a href=\"https:\/\/soymigrante.com\/revista\/karolin-espana-dirige-kika-proyecto-de-ayuda-alimentaria-impulsado-por-sus-hijas\/\" class=\"eael-post-elements-readmore-btn\">CONOCE SU HISTORIA <\/a><\/div>\n                    <\/div><\/div><\/div>\n        <\/div>\n    <\/article><article class=\"eael-grid-post  eael-post-grid-column eael-pg-post-2623 category-exitos\" data-id=\"2623\">\n        <div class=\"eael-grid-post-holder\">\n            <div class=\"eael-grid-post-holder-inner\"><div class=\"eael-entry-media\"><div class=\"eael-entry-overlay fade-in\"><i class=\"far fa-hand-pointer\" aria-hidden=\"true\"><\/i><a href=\"https:\/\/soymigrante.com\/revista\/maestra-guatemalteca-orienta-a-migrantes-en-oklahoma-e-e-u-u\/\"><\/a><\/div><div class=\"eael-entry-thumbnail \">\n                <img loading=\"lazy\" decoding=\"async\" width=\"960\" height=\"953\" src=\"https:\/\/soymigrante.com\/revista\/wp-content\/uploads\/2023\/09\/Saidy-fue-electa-como-senora-Guatemala-en-Oklahoma-cargo-que-obtuvo-por-su-proyeccion-social-con-la-comunidad.webp\" class=\"attachment-large size-large wp-image-2631\" alt=\"Saidy fue electa como se\u00f1ora Guatemala en Oklahoma cargo que obtuvo por su proyecci\u00f3n social con la comunidad\" srcset=\"https:\/\/soymigrante.com\/revista\/wp-content\/uploads\/2023\/09\/Saidy-fue-electa-como-senora-Guatemala-en-Oklahoma-cargo-que-obtuvo-por-su-proyeccion-social-con-la-comunidad.webp 960w, https:\/\/soymigrante.com\/revista\/wp-content\/uploads\/2023\/09\/Saidy-fue-electa-como-senora-Guatemala-en-Oklahoma-cargo-que-obtuvo-por-su-proyeccion-social-con-la-comunidad-300x298.webp 300w, https:\/\/soymigrante.com\/revista\/wp-content\/uploads\/2023\/09\/Saidy-fue-electa-como-senora-Guatemala-en-Oklahoma-cargo-que-obtuvo-por-su-proyeccion-social-con-la-comunidad-150x150.webp 150w, https:\/\/soymigrante.com\/revista\/wp-content\/uploads\/2023\/09\/Saidy-fue-electa-como-senora-Guatemala-en-Oklahoma-cargo-que-obtuvo-por-su-proyeccion-social-con-la-comunidad-768x762.webp 768w, https:\/\/soymigrante.com\/revista\/wp-content\/uploads\/2023\/09\/Saidy-fue-electa-como-senora-Guatemala-en-Oklahoma-cargo-que-obtuvo-por-su-proyeccion-social-con-la-comunidad-75x75.webp 75w, https:\/\/soymigrante.com\/revista\/wp-content\/uploads\/2023\/09\/Saidy-fue-electa-como-senora-Guatemala-en-Oklahoma-cargo-que-obtuvo-por-su-proyeccion-social-con-la-comunidad-750x745.webp 750w\" sizes=\"(max-width: 960px) 100vw, 960px\" \/>\n            <\/div>\n        <\/div><div class=\"eael-entry-wrapper\"><header class=\"eael-entry-header\"><h2 class=\"eael-entry-title\"><a class=\"eael-grid-post-link\" href=\"https:\/\/soymigrante.com\/revista\/maestra-guatemalteca-orienta-a-migrantes-en-oklahoma-e-e-u-u\/\" title=\"Maestra y migrante guatemalteca Saidy Orellana orienta a compatriotas en Oklahoma, E.E.U.U.\">Maestra y migrante guatemalteca Saidy Orellana orienta a compatriotas en Oklahoma, E.E.U.U.<\/a><\/h2><\/header><div class=\"eael-entry-content\">\n                        <div class=\"eael-grid-post-excerpt\"><a href=\"https:\/\/soymigrante.com\/revista\/maestra-guatemalteca-orienta-a-migrantes-en-oklahoma-e-e-u-u\/\" class=\"eael-post-elements-readmore-btn\">CONOCE SU HISTORIA <\/a><\/div>\n                    <\/div><\/div><\/div>\n        <\/div>\n    <\/article><article class=\"eael-grid-post  eael-post-grid-column eael-pg-post-2511 category-exitos\" data-id=\"2511\">\n        <div class=\"eael-grid-post-holder\">\n            <div class=\"eael-grid-post-holder-inner\"><div class=\"eael-entry-media\"><div class=\"eael-entry-overlay fade-in\"><i class=\"far fa-hand-pointer\" aria-hidden=\"true\"><\/i><a href=\"https:\/\/soymigrante.com\/revista\/migrante-guatemalteca-cory-tzul-emprendio-su-negocio-en-alabama-y-crea-empleo-en-toto\/\"><\/a><\/div><div class=\"eael-entry-thumbnail \">\n                <img loading=\"lazy\" decoding=\"async\" width=\"508\" height=\"416\" src=\"https:\/\/soymigrante.com\/revista\/wp-content\/uploads\/2023\/09\/Captura-de-pantalla-2023-09-09-131440.webp\" class=\"attachment-large size-large wp-image-2531\" alt=\"\" srcset=\"https:\/\/soymigrante.com\/revista\/wp-content\/uploads\/2023\/09\/Captura-de-pantalla-2023-09-09-131440.webp 508w, https:\/\/soymigrante.com\/revista\/wp-content\/uploads\/2023\/09\/Captura-de-pantalla-2023-09-09-131440-300x246.webp 300w\" sizes=\"(max-width: 508px) 100vw, 508px\" \/>\n            <\/div>\n        <\/div><div class=\"eael-entry-wrapper\"><header class=\"eael-entry-header\"><h2 class=\"eael-entry-title\"><a class=\"eael-grid-post-link\" href=\"https:\/\/soymigrante.com\/revista\/migrante-guatemalteca-cory-tzul-emprendio-su-negocio-en-alabama-y-crea-empleo-en-toto\/\" title=\"Migrante guatemalteca Cori Tzul emprendi\u00f3  negocio en Alabama y genera empleo en su natal  Totonicap\u00e1n\">Migrante guatemalteca Cori Tzul emprendi\u00f3  negocio en Alabama y genera empleo en su natal  Totonicap\u00e1n<\/a><\/h2><\/header><div class=\"eael-entry-content\">\n                        <div class=\"eael-grid-post-excerpt\"><a href=\"https:\/\/soymigrante.com\/revista\/migrante-guatemalteca-cory-tzul-emprendio-su-negocio-en-alabama-y-crea-empleo-en-toto\/\" class=\"eael-post-elements-readmore-btn\">CONOCE SU HISTORIA <\/a><\/div>\n                    <\/div><\/div><\/div>\n        <\/div>\n    <\/article><\/div>\n            <div class=\"clearfix\"><\/div>\n        <\/div>\t\t\t\t<\/div>\n\t\t\t\t\t<\/div>\n\t\t\t\t<\/div>\n\t\t\t\t<\/div>\n\t\t","protected":false},"excerpt":{"rendered":"<p>Siempre se puede ayudar a alguien m\u00e1s es un principio de vida para Esly Garc\u00eda, migrante guatemalteca en Connecticut: siempre dice presente en ventas de comida para ayudar a un enfermo, reunir fondos para repatriar a una persona fallecida o celebrar a ni\u00f1os de comunidades rurales. Esta historia tiene una alta dosis de inspiraci\u00f3n. Esly [&hellip;]<\/p>\n","protected":false},"author":7,"featured_media":24939,"comment_status":"open","ping_status":"open","sticky":false,"template":"","format":"standard","meta":{"_acf_changed":false,"_eb_attr":"","footnotes":""},"categories":[50],"tags":[],"class_list":["post-24677","post","type-post","status-publish","format-standard","has-post-thumbnail","hentry","category-exitos"],"acf":[],"aioseo_notices":[],"aioseo_head":"\n\t\t<!-- All in One SEO Pro 4.9.6.2 - aioseo.com -->\n\t<meta name=\"description\" content=\"Madre, hija, migrante emprendedora, Cori Tzul lleg\u00f3 a Estados Unidos hace 25 a\u00f1os, trabaj\u00f3 en restaurantes pero hace 10 a\u00f1os sigui\u00f3 el consejo de su mam\u00e1: &quot;Inicia tu negocio propio en el pa\u00eds de la oportunidad&quot;. Y avanza... Cori se puso muy nerviosa para la entrevista. Pero lo hizo muy bien. Es originaria de la Hace una d\u00e9cada la migrante guatemalteca Cory Tzul empez\u00f3 a vender textiles mayas en Alabama, los cuales son elaborados en un taller familiar en Totonicap\u00e1n.\" \/>\n\t<meta name=\"robots\" content=\"max-snippet:-1, max-image-preview:large, max-video-preview:-1\" \/>\n\t<meta name=\"author\" content=\"Gustavo Montenegro\"\/>\n\t<link rel=\"canonical\" href=\"https:\/\/soymigrante.com\/revista\/migrante-guatemalteca-cory-tzul-emprendio-su-negocio-en-alabama-y-crea-empleo-en-toto\/\" \/>\n\t<meta name=\"generator\" content=\"All in One SEO Pro (AIOSEO) 4.9.6.2\" \/>\n\n\t\t<link rel=\"preconnect\" href=\"https:\/\/fonts.googleapis.com\" crossorigin>\n<link rel=\"preconnect\" href=\"https:\/\/fonts.gstatic.com\" crossorigin>\n\t\t<meta property=\"og:locale\" content=\"es_ES\" \/>\n\t\t<meta property=\"og:site_name\" content=\"SoyMigrante.com REVISTA \u2013 Nuestra misi\u00f3n es reconocer y dignificar al migrante.\" \/>\n\t\t<meta property=\"og:type\" content=\"article\" \/>\n\t\t<meta property=\"og:title\" content=\"Migrante guatemalteca Cori Tzul emprendi\u00f3 negocio en Alabama y genera empleo en su natal Totonicap\u00e1n\" \/>\n\t\t<meta property=\"og:description\" content=\"Madre, hija, migrante emprendedora, Cori Tzul lleg\u00f3 a Estados Unidos hace 25 a\u00f1os, trabaj\u00f3 en restaurantes pero hace 10 a\u00f1os sigui\u00f3 el consejo de su mam\u00e1: &quot;Inicia tu negocio propio en el pa\u00eds de la oportunidad&quot;. Y avanza... Cori se puso muy nerviosa para la entrevista. Pero lo hizo muy bien. Es originaria de la Hace una d\u00e9cada la migrante guatemalteca Cory Tzul empez\u00f3 a vender textiles mayas en Alabama, los cuales son elaborados en un taller familiar en Totonicap\u00e1n.\" \/>\n\t\t<meta property=\"og:url\" content=\"https:\/\/soymigrante.com\/revista\/migrante-guatemalteca-cory-tzul-emprendio-su-negocio-en-alabama-y-crea-empleo-en-toto\/\" \/>\n\t\t<meta property=\"og:image\" content=\"https:\/\/soymigrante.com\/revista\/wp-content\/uploads\/2023\/09\/Captura-de-pantalla-2023-09-09-131440.webp\" \/>\n\t\t<meta property=\"og:image:secure_url\" content=\"https:\/\/soymigrante.com\/revista\/wp-content\/uploads\/2023\/09\/Captura-de-pantalla-2023-09-09-131440.webp\" \/>\n\t\t<meta property=\"og:image:width\" content=\"508\" \/>\n\t\t<meta property=\"og:image:height\" content=\"416\" \/>\n\t\t<meta property=\"article:published_time\" content=\"2023-09-09T19:02:31+00:00\" \/>\n\t\t<meta property=\"article:modified_time\" content=\"2024-07-30T19:25:00+00:00\" \/>\n\t\t<meta property=\"article:publisher\" content=\"https:\/\/www.facebook.com\/soymigrantecom\" \/>\n\t\t<meta name=\"twitter:card\" content=\"summary_large_image\" \/>\n\t\t<meta name=\"twitter:site\" content=\"@SoyMigrante_com\" \/>\n\t\t<meta name=\"twitter:title\" content=\"Migrante guatemalteca Cori Tzul emprendi\u00f3 negocio en Alabama y genera empleo en su natal Totonicap\u00e1n\" \/>\n\t\t<meta name=\"twitter:description\" content=\"Madre, hija, migrante emprendedora, Cori Tzul lleg\u00f3 a Estados Unidos hace 25 a\u00f1os, trabaj\u00f3 en restaurantes pero hace 10 a\u00f1os sigui\u00f3 el consejo de su mam\u00e1: &quot;Inicia tu negocio propio en el pa\u00eds de la oportunidad&quot;. Y avanza... Cori se puso muy nerviosa para la entrevista. Pero lo hizo muy bien. Es originaria de la Hace una d\u00e9cada la migrante guatemalteca Cory Tzul empez\u00f3 a vender textiles mayas en Alabama, los cuales son elaborados en un taller familiar en Totonicap\u00e1n.\" \/>\n\t\t<meta name=\"twitter:creator\" content=\"@SoyMigrante_com\" \/>\n\t\t<meta name=\"twitter:image\" content=\"https:\/\/soymigrante.com\/revista\/wp-content\/uploads\/2023\/09\/Captura-de-pantalla-2023-09-09-131440.webp\" \/>\n\t\t<!-- All in One SEO Pro -->\r\n\t\t<title>Migrante guatemalteca Cori Tzul emprendi\u00f3 negocio en Alabama y genera empleo en su natal Totonicap\u00e1n<\/title>\n\n","aioseo_head_json":{"title":"Migrante guatemalteca Cori Tzul emprendi\u00f3 negocio en Alabama y genera empleo en su natal Totonicap\u00e1n","description":"Madre, hija, migrante emprendedora, Cori Tzul lleg\u00f3 a Estados Unidos hace 25 a\u00f1os, trabaj\u00f3 en restaurantes pero hace 10 a\u00f1os sigui\u00f3 el consejo de su mam\u00e1: \"Inicia tu negocio propio en el pa\u00eds de la oportunidad\". Y avanza... Cori se puso muy nerviosa para la entrevista. Pero lo hizo muy bien. Es originaria de la Hace una d\u00e9cada la migrante guatemalteca Cory Tzul empez\u00f3 a vender textiles mayas en Alabama, los cuales son elaborados en un taller familiar en Totonicap\u00e1n.","canonical_url":"https:\/\/soymigrante.com\/revista\/migrante-guatemalteca-cory-tzul-emprendio-su-negocio-en-alabama-y-crea-empleo-en-toto\/","robots":"max-snippet:-1, max-image-preview:large, max-video-preview:-1","keywords":"","webmasterTools":{"miscellaneous":"&lt;link rel=\"preconnect\" href=\"https:\/\/fonts.googleapis.com\" crossorigin&gt;\n&lt;link rel=\"preconnect\" href=\"https:\/\/fonts.gstatic.com\" crossorigin&gt;"},"schema":null,"og:locale":"es_ES","og:site_name":"SoyMigrante.com REVISTA \u2013 Nuestra misi\u00f3n es reconocer y dignificar al migrante.","og:type":"article","og:title":"Migrante guatemalteca Cori Tzul emprendi\u00f3 negocio en Alabama y genera empleo en su natal Totonicap\u00e1n","og:description":"Madre, hija, migrante emprendedora, Cori Tzul lleg\u00f3 a Estados Unidos hace 25 a\u00f1os, trabaj\u00f3 en restaurantes pero hace 10 a\u00f1os sigui\u00f3 el consejo de su mam\u00e1: &quot;Inicia tu negocio propio en el pa\u00eds de la oportunidad&quot;. Y avanza... Cori se puso muy nerviosa para la entrevista. Pero lo hizo muy bien. Es originaria de la Hace una d\u00e9cada la migrante guatemalteca Cory Tzul empez\u00f3 a vender textiles mayas en Alabama, los cuales son elaborados en un taller familiar en Totonicap\u00e1n.","og:url":"https:\/\/soymigrante.com\/revista\/migrante-guatemalteca-cory-tzul-emprendio-su-negocio-en-alabama-y-crea-empleo-en-toto\/","og:image":"https:\/\/soymigrante.com\/revista\/wp-content\/uploads\/2023\/09\/Captura-de-pantalla-2023-09-09-131440.webp","og:image:secure_url":"https:\/\/soymigrante.com\/revista\/wp-content\/uploads\/2023\/09\/Captura-de-pantalla-2023-09-09-131440.webp","og:image:width":508,"og:image:height":416,"article:published_time":"2023-09-09T19:02:31+00:00","article:modified_time":"2024-07-30T19:25:00+00:00","article:publisher":"https:\/\/www.facebook.com\/soymigrantecom","twitter:card":"summary_large_image","twitter:site":"@SoyMigrante_com","twitter:title":"Migrante guatemalteca Cori Tzul emprendi\u00f3 negocio en Alabama y genera empleo en su natal Totonicap\u00e1n","twitter:description":"Madre, hija, migrante emprendedora, Cori Tzul lleg\u00f3 a Estados Unidos hace 25 a\u00f1os, trabaj\u00f3 en restaurantes pero hace 10 a\u00f1os sigui\u00f3 el consejo de su mam\u00e1: &quot;Inicia tu negocio propio en el pa\u00eds de la oportunidad&quot;. Y avanza... Cori se puso muy nerviosa para la entrevista. Pero lo hizo muy bien. Es originaria de la Hace una d\u00e9cada la migrante guatemalteca Cory Tzul empez\u00f3 a vender textiles mayas en Alabama, los cuales son elaborados en un taller familiar en Totonicap\u00e1n.","twitter:creator":"@SoyMigrante_com","twitter:image":"https:\/\/soymigrante.com\/revista\/wp-content\/uploads\/2023\/09\/Captura-de-pantalla-2023-09-09-131440.webp"},"aioseo_meta_data":{"post_id":"24677","title":"La generosidad guatemalteca de Esly Garc\u00eda en Connecticut","description":"Ya sea una colecta para tratamiento m\u00e9dico, repatriar a un migrante fallecido o ayudar a ni\u00f1os de comunidades rurales, Esly Garc\u00eda y su familia dicen presente.","keywords":null,"keyphrases":{"focus":{"keyphrase":"Migrante guatemalteca","score":50,"analysis":{"keyphraseInTitle":{"score":3,"maxScore":9,"error":1},"keyphraseInDescription":{"score":3,"maxScore":9,"error":1},"keyphraseLength":{"score":9,"maxScore":9,"error":0,"length":2},"keyphraseInURL":{"score":1,"maxScore":5,"error":1}}},"additional":[{"keyphrase":"Esly Garc\u00eda","score":100,"analysis":{"keyphraseInDescription":{"score":9,"maxScore":9,"error":0},"keyphraseLength":{"score":9,"maxScore":9,"error":0,"length":3}}}]},"primary_term":null,"canonical_url":null,"og_title":null,"og_description":null,"og_object_type":"default","og_image_type":"default","og_image_url":null,"og_image_width":null,"og_image_height":null,"og_image_custom_url":null,"og_image_custom_fields":null,"og_video":"","og_custom_url":null,"og_article_section":null,"og_article_tags":null,"twitter_use_og":false,"twitter_card":"default","twitter_image_type":"default","twitter_image_url":null,"twitter_image_custom_url":null,"twitter_image_custom_fields":null,"twitter_title":null,"twitter_description":null,"schema":{"blockGraphs":[],"customGraphs":[],"default":{"data":{"Article":[],"Course":[],"Dataset":[],"FAQPage":[],"Movie":[],"Person":[],"Product":[],"ProductReview":[],"Car":[],"Recipe":[],"Service":[],"SoftwareApplication":[],"WebPage":[]},"graphName":"BlogPosting","isEnabled":true},"graphs":[]},"schema_type":"default","schema_type_options":null,"pillar_content":false,"robots_default":true,"robots_noindex":false,"robots_noarchive":false,"robots_nosnippet":false,"robots_nofollow":false,"robots_noimageindex":false,"robots_noodp":false,"robots_notranslate":false,"robots_max_snippet":"-1","robots_max_videopreview":"-1","robots_max_imagepreview":"large","priority":null,"frequency":"default","local_seo":null,"seo_analyzer_scan_date":"2025-10-27 18:33:06","breadcrumb_settings":null,"limit_modified_date":false,"reviewed_by":null,"open_ai":"{\"title\":{\"suggestions\":[],\"usage\":0},\"description\":{\"suggestions\":[],\"usage\":0}}","ai":null,"created":"2025-02-10 16:58:17","updated":"2026-02-04 21:12:34"},"aioseo_breadcrumb":"<div class=\"aioseo-breadcrumbs\"><span class=\"aioseo-breadcrumb\">\n\t<a href=\"https:\/\/soymigrante.com\/revista\" title=\"Home\">Home<\/a>\n<\/span><span class=\"aioseo-breadcrumb-separator\">\u00bb<\/span><span class=\"aioseo-breadcrumb\">\n\t<a href=\"https:\/\/soymigrante.com\/revista\/category\/exitos\/\" title=\"\u00c9xitos\">\u00c9xitos<\/a>\n<\/span><span class=\"aioseo-breadcrumb-separator\">\u00bb<\/span><span class=\"aioseo-breadcrumb\">\n\tGenerosidad guatemalteca: Esly Garc\u00eda ayuda a quien lo necesite desde Connecticut\n<\/span><\/div>","aioseo_breadcrumb_json":[{"label":"Home","link":"https:\/\/soymigrante.com\/revista"},{"label":"\u00c9xitos","link":"https:\/\/soymigrante.com\/revista\/category\/exitos\/"},{"label":"Generosidad guatemalteca: Esly Garc\u00eda ayuda a quien lo necesite desde Connecticut","link":"https:\/\/soymigrante.com\/revista\/generosidad-guatemalteca-esly-garcia-ayuda-a-quien-lo-necesite-en-connecticut\/"}],"_links":{"self":[{"href":"https:\/\/soymigrante.com\/revista\/wp-json\/wp\/v2\/posts\/24677","targetHints":{"allow":["GET"]}}],"collection":[{"href":"https:\/\/soymigrante.com\/revista\/wp-json\/wp\/v2\/posts"}],"about":[{"href":"https:\/\/soymigrante.com\/revista\/wp-json\/wp\/v2\/types\/post"}],"author":[{"embeddable":true,"href":"https:\/\/soymigrante.com\/revista\/wp-json\/wp\/v2\/users\/7"}],"replies":[{"embeddable":true,"href":"https:\/\/soymigrante.com\/revista\/wp-json\/wp\/v2\/comments?post=24677"}],"version-history":[{"count":3,"href":"https:\/\/soymigrante.com\/revista\/wp-json\/wp\/v2\/posts\/24677\/revisions"}],"predecessor-version":[{"id":47786,"href":"https:\/\/soymigrante.com\/revista\/wp-json\/wp\/v2\/posts\/24677\/revisions\/47786"}],"wp:featuredmedia":[{"embeddable":true,"href":"https:\/\/soymigrante.com\/revista\/wp-json\/wp\/v2\/media\/24939"}],"wp:attachment":[{"href":"https:\/\/soymigrante.com\/revista\/wp-json\/wp\/v2\/media?parent=24677"}],"wp:term":[{"taxonomy":"category","embeddable":true,"href":"https:\/\/soymigrante.com\/revista\/wp-json\/wp\/v2\/categories?post=24677"},{"taxonomy":"post_tag","embeddable":true,"href":"https:\/\/soymigrante.com\/revista\/wp-json\/wp\/v2\/tags?post=24677"}],"curies":[{"name":"wp","href":"https:\/\/api.w.org\/{rel}","templated":true}]}}