{"id":24474,"date":"2025-03-29T12:57:28","date_gmt":"2025-03-29T18:57:28","guid":{"rendered":"https:\/\/soymigrante.com\/revista\/?p=24474"},"modified":"2025-06-12T08:15:41","modified_gmt":"2025-06-12T14:15:41","slug":"ruta-volcanica-volcan-de-chicabal-concentra-la-fuerza-de-la-espiritualidad-maya","status":"publish","type":"post","link":"https:\/\/soymigrante.com\/revista\/ruta-volcanica-volcan-de-chicabal-concentra-la-fuerza-de-la-espiritualidad-maya\/","title":{"rendered":"Volc\u00e1n de Chicabal concentra la fuerza de la espiritualidad maya"},"content":{"rendered":"\t\t<div data-elementor-type=\"wp-post\" data-elementor-id=\"24474\" class=\"elementor elementor-24474\" data-elementor-post-type=\"post\">\n\t\t\t\t<div data-particle_enable=\"false\" data-particle-mobile-disabled=\"false\" class=\"elementor-element elementor-element-6f5d287 e-flex e-con-boxed e-con e-parent\" data-id=\"6f5d287\" data-element_type=\"container\" data-e-type=\"container\">\n\t\t\t\t\t<div class=\"e-con-inner\">\n\t\t\t\t<div class=\"elementor-element elementor-element-f9e04bc elementor-widget elementor-widget-heading\" data-id=\"f9e04bc\" data-element_type=\"widget\" data-e-type=\"widget\" data-widget_type=\"heading.default\">\n\t\t\t\t\t<h2 class=\"elementor-heading-title elementor-size-default\">Ubicado en el coraz\u00f3n de Quetzaltenango, el Volc\u00e1n Chicabal se erige como un s\u00edmbolo de la riqueza natural y espiritual de Guatemala, albergando en su cr\u00e1ter la sagrada Laguna Chicabal, venerada por la comunidad Mam.<\/h2>\t\t\t\t<\/div>\n\t\t\t\t\t<\/div>\n\t\t\t\t<\/div>\n\t\t<div data-particle_enable=\"false\" data-particle-mobile-disabled=\"false\" class=\"elementor-element elementor-element-4aae434 e-flex e-con-boxed e-con e-parent\" data-id=\"4aae434\" data-element_type=\"container\" data-e-type=\"container\">\n\t\t\t\t\t<div class=\"e-con-inner\">\n\t\t\t\t<div class=\"elementor-element elementor-element-f3a94f9 elementor-widget elementor-widget-text-editor\" data-id=\"f3a94f9\" data-element_type=\"widget\" data-e-type=\"widget\" data-widget_type=\"text-editor.default\">\n\t\t\t\t\t\t\t\t\t<p>El Volc\u00e1n Chicabal se encuentra en el municipio de San Mart\u00edn Sacatep\u00e9quez, en el departamento de Quetzaltenango, al suroeste de Guatemala. Forma parte de la cadena volc\u00e1nica principal del pa\u00eds y se destaca por su cr\u00e1ter que alberga la Laguna Chicabal, un sitio de gran relevancia cultural y espiritual para la comunidad Mam.\u00a0<\/p><p>Con una altitud de 2,900 metros sobre el nivel del mar, el Volc\u00e1n Chicabal ofrece a los aventureros senderos accesibles que culminan en vistas impresionantes<a href=\"https:\/\/soymigrante.com\/revista\/pueblos-de-atitlan-santa-cruz-la-laguna-es-un-joyero-cultural-y-natural\/\" target=\"_blank\" rel=\"noopener\"> de su laguna crat\u00e9rica<\/a>, un sitio de profunda importancia cultural y ecol\u00f3gica.<\/p>\t\t\t\t\t\t\t\t<\/div>\n\t\t\t\t\t<\/div>\n\t\t\t\t<\/div>\n\t\t<div data-particle_enable=\"false\" data-particle-mobile-disabled=\"false\" class=\"elementor-element elementor-element-c7a85c2 e-flex e-con-boxed e-con e-parent\" data-id=\"c7a85c2\" data-element_type=\"container\" data-e-type=\"container\">\n\t\t\t\t\t<div class=\"e-con-inner\">\n\t\t\t\t<div class=\"elementor-element elementor-element-c1731b7 elementor-widget elementor-widget-image\" data-id=\"c1731b7\" data-element_type=\"widget\" data-e-type=\"widget\" data-widget_type=\"image.default\">\n\t\t\t\t\t\t\t\t\t\t\t\t<figure class=\"wp-caption\">\n\t\t\t\t\t\t\t\t\t\t<img fetchpriority=\"high\" decoding=\"async\" width=\"768\" height=\"432\" src=\"https:\/\/soymigrante.com\/revista\/wp-content\/uploads\/2025\/02\/volcan-chicabal-exploring-guatemala-1024x576.jpg\" class=\"attachment-large size-large wp-image-24510\" alt=\"Paisaje natural de un lago en medio de un bosque con una puesta de sol en el horizonte, rodeado de vegetaci\u00f3n y monta\u00f1as, promoviendo el ecoturismo y la conexi\u00f3n con la naturaleza en M\u00e9xico.\" srcset=\"https:\/\/soymigrante.com\/revista\/wp-content\/uploads\/2025\/02\/volcan-chicabal-exploring-guatemala-1024x576.jpg 1024w, https:\/\/soymigrante.com\/revista\/wp-content\/uploads\/2025\/02\/volcan-chicabal-exploring-guatemala-300x169.jpg 300w, https:\/\/soymigrante.com\/revista\/wp-content\/uploads\/2025\/02\/volcan-chicabal-exploring-guatemala-768x432.jpg 768w, https:\/\/soymigrante.com\/revista\/wp-content\/uploads\/2025\/02\/volcan-chicabal-exploring-guatemala-1536x864.jpg 1536w, https:\/\/soymigrante.com\/revista\/wp-content\/uploads\/2025\/02\/volcan-chicabal-exploring-guatemala-750x422.webp 750w, https:\/\/soymigrante.com\/revista\/wp-content\/uploads\/2025\/02\/volcan-chicabal-exploring-guatemala-1140x641.webp 1140w, https:\/\/soymigrante.com\/revista\/wp-content\/uploads\/2025\/02\/volcan-chicabal-exploring-guatemala.webp 1920w\" sizes=\"(max-width: 768px) 100vw, 768px\" title=\"volcan chicabal exploring guatemala \u2013 SoyMigrante.com REVISTA\" \/>\t\t\t\t\t\t\t\t\t\t\t<figcaption class=\"widget-image-caption wp-caption-text\">Paisaje de selva con lago en las monta\u00f1as al atardecer, destacando la belleza natural y la conservaci\u00f3n del ecosistema en Latinoam\u00e9rica.<\/figcaption>\n\t\t\t\t\t\t\t\t\t\t<\/figure>\n\t\t\t\t\t\t\t\t\t<\/div>\n\t\t\t\t\t<\/div>\n\t\t\t\t<\/div>\n\t\t<div data-particle_enable=\"false\" data-particle-mobile-disabled=\"false\" class=\"elementor-element elementor-element-aaa7335 e-flex e-con-boxed e-con e-parent\" data-id=\"aaa7335\" data-element_type=\"container\" data-e-type=\"container\">\n\t\t\t\t\t<div class=\"e-con-inner\">\n\t\t\t\t<div class=\"elementor-element elementor-element-decda59 elementor-widget elementor-widget-heading\" data-id=\"decda59\" data-element_type=\"widget\" data-e-type=\"widget\" data-widget_type=\"heading.default\">\n\t\t\t\t\t<h3 class=\"elementor-heading-title elementor-size-default\">\u00bfCu\u00e1ndo fue la \u00faltima erupci\u00f3n del Chicabal?<\/h3>\t\t\t\t<\/div>\n\t\t\t\t\t<\/div>\n\t\t\t\t<\/div>\n\t\t<div data-particle_enable=\"false\" data-particle-mobile-disabled=\"false\" class=\"elementor-element elementor-element-31e2647 e-flex e-con-boxed e-con e-parent\" data-id=\"31e2647\" data-element_type=\"container\" data-e-type=\"container\">\n\t\t\t\t\t<div class=\"e-con-inner\">\n\t\t\t\t<div class=\"elementor-element elementor-element-a9dc728 elementor-widget elementor-widget-text-editor\" data-id=\"a9dc728\" data-element_type=\"widget\" data-e-type=\"widget\" data-widget_type=\"text-editor.default\">\n\t\t\t\t\t\t\t\t\t<p>Con una elevaci\u00f3n aproximada de 2,900 metros sobre el nivel del mar, el volc\u00e1n Chicabal es un cono volc\u00e1nico inactivo cuya formaci\u00f3n destaca por su cr\u00e1ter que contiene la laguna Chicabal. Esta laguna, situada a unos 2,712 metros de altitud, tiene una forma el\u00edptica con dimensiones de 750 metros en direcci\u00f3n sureste y 500 metros transversalmente. El entorno del volc\u00e1n est\u00e1 cubierto por un denso bosque nuboso, que contribuye a su biodiversidad y atractivo paisaj\u00edstico.<\/p><p>Aunque no se dispone de registros hist\u00f3ricos precisos sobre su \u00faltima erupci\u00f3n, se considera que ha permanecido inactivo durante un per\u00edodo prolongado, sin actividad volc\u00e1nica reciente documentada.<br \/>Accesos al volc\u00e1n Chicabal:<\/p>\t\t\t\t\t\t\t\t<\/div>\n\t\t\t\t\t<\/div>\n\t\t\t\t<\/div>\n\t\t<div data-particle_enable=\"false\" data-particle-mobile-disabled=\"false\" class=\"elementor-element elementor-element-270ce93 e-flex e-con-boxed e-con e-parent\" data-id=\"270ce93\" data-element_type=\"container\" data-e-type=\"container\">\n\t\t\t\t\t<div class=\"e-con-inner\">\n\t\t\t\t<div class=\"elementor-element elementor-element-e5cd5fd elementor-widget elementor-widget-image\" data-id=\"e5cd5fd\" data-element_type=\"widget\" data-e-type=\"widget\" data-widget_type=\"image.default\">\n\t\t\t\t\t\t\t\t\t\t\t\t<figure class=\"wp-caption\">\n\t\t\t\t\t\t\t\t\t\t<img decoding=\"async\" width=\"577\" height=\"577\" src=\"https:\/\/soymigrante.com\/revista\/wp-content\/uploads\/2025\/02\/volcan-de-chicabal-cultura-historica-guatemalteca-ca-e1748409266915.webp\" class=\"attachment-large size-large wp-image-24511\" alt=\"Paisaje volc\u00e1nico con cr\u00e1ter y lago en el Parque Nacional de Costa Rica, vista desde las alturas, naturaleza, aventura, turismo ecol\u00f3gico, exploraci\u00f3n, belleza natural, viajes sostenibles, patrimonio natural.\" srcset=\"https:\/\/soymigrante.com\/revista\/wp-content\/uploads\/2025\/02\/volcan-de-chicabal-cultura-historica-guatemalteca-ca-e1748409266915.webp 577w, https:\/\/soymigrante.com\/revista\/wp-content\/uploads\/2025\/02\/volcan-de-chicabal-cultura-historica-guatemalteca-ca-e1748409266915-300x300.webp 300w, https:\/\/soymigrante.com\/revista\/wp-content\/uploads\/2025\/02\/volcan-de-chicabal-cultura-historica-guatemalteca-ca-e1748409266915-150x150.webp 150w, https:\/\/soymigrante.com\/revista\/wp-content\/uploads\/2025\/02\/volcan-de-chicabal-cultura-historica-guatemalteca-ca-e1748409266915-75x75.webp 75w\" sizes=\"(max-width: 577px) 100vw, 577px\" title=\"volcan de chicabal cultura historica guatemalteca ca \u2013 SoyMigrante.com REVISTA\" \/>\t\t\t\t\t\t\t\t\t\t\t<figcaption class=\"widget-image-caption wp-caption-text\">La altura del volc\u00e1n de Chicabal alcanza los 2,900 metros sobre el nivel del mar. Foto: Cultura HIst\u00f3rica Guatemalteca<\/figcaption>\n\t\t\t\t\t\t\t\t\t\t<\/figure>\n\t\t\t\t\t\t\t\t\t<\/div>\n\t\t\t\t\t<\/div>\n\t\t\t\t<\/div>\n\t\t<div data-particle_enable=\"false\" data-particle-mobile-disabled=\"false\" class=\"elementor-element elementor-element-7abfc77 e-flex e-con-boxed e-con e-parent\" data-id=\"7abfc77\" data-element_type=\"container\" data-e-type=\"container\">\n\t\t\t\t\t<div class=\"e-con-inner\">\n\t\t\t\t<div class=\"elementor-element elementor-element-05943f8 elementor-widget elementor-widget-heading\" data-id=\"05943f8\" data-element_type=\"widget\" data-e-type=\"widget\" data-widget_type=\"heading.default\">\n\t\t\t\t\t<h3 class=\"elementor-heading-title elementor-size-default\">\u00bfSabes que acceso tomar y cu\u00e1nto tiempo te lleva subirlo?<\/h3>\t\t\t\t<\/div>\n\t\t\t\t\t<\/div>\n\t\t\t\t<\/div>\n\t\t<div data-particle_enable=\"false\" data-particle-mobile-disabled=\"false\" class=\"elementor-element elementor-element-5efaf2d e-flex e-con-boxed e-con e-parent\" data-id=\"5efaf2d\" data-element_type=\"container\" data-e-type=\"container\">\n\t\t\t\t\t<div class=\"e-con-inner\">\n\t\t\t\t<div class=\"elementor-element elementor-element-c7d2715 elementor-widget elementor-widget-text-editor\" data-id=\"c7d2715\" data-element_type=\"widget\" data-e-type=\"widget\" data-widget_type=\"text-editor.default\">\n\t\t\t\t\t\t\t\t\t<p>Para llegar al volc\u00e1n Chicabal, se puede tomar la Carretera Panamericana hasta la ciudad de Quetzaltenango y luego continuar por la ruta nacional hasta el municipio de San Mart\u00edn&nbsp;<a href=\"https:\/\/soymigrante.com\/revista\/festival-de-barriletes-de-santiago-sacatepequez-lleva-125-anos-de-tradicion\/\" target=\"_blank\">Sacatep\u00e9quez<\/a>, tambi\u00e9n conocido como San Mart\u00edn Chile Verde. Desde all\u00ed, existen dos rutas principales de ascenso: una que parte directamente del municipio y otra desde San Mart\u00edn Chiquito.<\/p>\n<p>Ambas rutas implican una caminata de aproximadamente cinco kil\u00f3metros hacia el sur, con una duraci\u00f3n estimada de entre una hora y media a dos horas, dependiendo del ritmo del caminante.<\/p>\t\t\t\t\t\t\t\t<\/div>\n\t\t\t\t\t<\/div>\n\t\t\t\t<\/div>\n\t\t<div data-particle_enable=\"false\" data-particle-mobile-disabled=\"false\" class=\"elementor-element elementor-element-7883958 e-flex e-con-boxed e-con e-parent\" data-id=\"7883958\" data-element_type=\"container\" data-e-type=\"container\">\n\t\t\t\t\t<div class=\"e-con-inner\">\n\t\t\t\t<div class=\"elementor-element elementor-element-4c19379 elementor-widget elementor-widget-image\" data-id=\"4c19379\" data-element_type=\"widget\" data-e-type=\"widget\" data-widget_type=\"image.default\">\n\t\t\t\t\t\t\t\t\t\t\t\t<figure class=\"wp-caption\">\n\t\t\t\t\t\t\t\t\t\t<img decoding=\"async\" width=\"768\" height=\"1024\" src=\"https:\/\/soymigrante.com\/revista\/wp-content\/uploads\/2025\/02\/exploremos-guate-chicabal-2-768x1024.jpg\" class=\"attachment-large size-large wp-image-24515\" alt=\"Pobladora ind\u00edgena expresando sus derechos y esperanza en una reuni\u00f3n comunitaria en un entorno natural en las monta\u00f1as.\" srcset=\"https:\/\/soymigrante.com\/revista\/wp-content\/uploads\/2025\/02\/exploremos-guate-chicabal-2-768x1024.jpg 768w, https:\/\/soymigrante.com\/revista\/wp-content\/uploads\/2025\/02\/exploremos-guate-chicabal-2-225x300.jpg 225w, https:\/\/soymigrante.com\/revista\/wp-content\/uploads\/2025\/02\/exploremos-guate-chicabal-2-750x1000.webp 750w, https:\/\/soymigrante.com\/revista\/wp-content\/uploads\/2025\/02\/exploremos-guate-chicabal-2.webp 960w\" sizes=\"(max-width: 768px) 100vw, 768px\" title=\"exploremos guate chicabal 2 \u2013 SoyMigrante.com REVISTA\" \/>\t\t\t\t\t\t\t\t\t\t\t<figcaption class=\"widget-image-caption wp-caption-text\">Activistas y comunidades migrantes promoviendo derechos humanos y apoyo en \u00e1reas rurales, en un contexto de solidaridad social y migratoria.<\/figcaption>\n\t\t\t\t\t\t\t\t\t\t<\/figure>\n\t\t\t\t\t\t\t\t\t<\/div>\n\t\t\t\t\t<\/div>\n\t\t\t\t<\/div>\n\t\t<div data-particle_enable=\"false\" data-particle-mobile-disabled=\"false\" class=\"elementor-element elementor-element-081d1a9 e-flex e-con-boxed e-con e-parent\" data-id=\"081d1a9\" data-element_type=\"container\" data-e-type=\"container\">\n\t\t\t\t\t<div class=\"e-con-inner\">\n\t\t\t\t<div class=\"elementor-element elementor-element-e9f43e5 elementor-widget elementor-widget-heading\" data-id=\"e9f43e5\" data-element_type=\"widget\" data-e-type=\"widget\" data-widget_type=\"heading.default\">\n\t\t\t\t\t<h3 class=\"elementor-heading-title elementor-size-default\">\u00bfCu\u00e1les son los desaf\u00edos para ascender?<\/h3>\t\t\t\t<\/div>\n\t\t\t\t\t<\/div>\n\t\t\t\t<\/div>\n\t\t<div data-particle_enable=\"false\" data-particle-mobile-disabled=\"false\" class=\"elementor-element elementor-element-3c1d0cb e-flex e-con-boxed e-con e-parent\" data-id=\"3c1d0cb\" data-element_type=\"container\" data-e-type=\"container\">\n\t\t\t\t\t<div class=\"e-con-inner\">\n\t\t\t\t<div class=\"elementor-element elementor-element-32e27b0 elementor-widget elementor-widget-text-editor\" data-id=\"32e27b0\" data-element_type=\"widget\" data-e-type=\"widget\" data-widget_type=\"text-editor.default\">\n\t\t\t\t\t\t\t\t\t<p>Aunque el ascenso al volc\u00e1n Chicabal es considerado de dificultad moderada y apto para principiantes, los senderos pueden volverse resbaladizos debido a la humedad del bosque nuboso, especialmente durante la temporada de lluvias. Adem\u00e1s, la niebla es frecuente en la zona, lo que puede reducir la visibilidad y requerir precauci\u00f3n adicional.<\/p><p>Es recomendable iniciar la caminata temprano en la ma\u00f1ana para evitar las lluvias vespertinas y llevar equipo adecuado, como calzado antideslizante y ropa impermeable.<\/p>\t\t\t\t\t\t\t\t<\/div>\n\t\t\t\t\t<\/div>\n\t\t\t\t<\/div>\n\t\t<div data-particle_enable=\"false\" data-particle-mobile-disabled=\"false\" class=\"elementor-element elementor-element-5abe85e e-flex e-con-boxed e-con e-parent\" data-id=\"5abe85e\" data-element_type=\"container\" data-e-type=\"container\">\n\t\t\t\t\t<div class=\"e-con-inner\">\n\t\t\t\t<div class=\"elementor-element elementor-element-6a0d0b7 elementor-widget elementor-widget-image\" data-id=\"6a0d0b7\" data-element_type=\"widget\" data-e-type=\"widget\" data-widget_type=\"image.default\">\n\t\t\t\t\t\t\t\t\t\t\t\t<figure class=\"wp-caption\">\n\t\t\t\t\t\t\t\t\t\t<img loading=\"lazy\" decoding=\"async\" width=\"768\" height=\"1024\" src=\"https:\/\/soymigrante.com\/revista\/wp-content\/uploads\/2025\/02\/exploremos-guate-chicabal-3-768x1024.jpg\" class=\"attachment-large size-large wp-image-24529\" alt=\"Amanecer en un entorno natural con personas participando en una ceremonia o celebraci\u00f3n junto a un r\u00edo rodeado de vegetaci\u00f3n y monta\u00f1as, reflejando cultura y tradiciones en la naturaleza.\" srcset=\"https:\/\/soymigrante.com\/revista\/wp-content\/uploads\/2025\/02\/exploremos-guate-chicabal-3-768x1024.jpg 768w, https:\/\/soymigrante.com\/revista\/wp-content\/uploads\/2025\/02\/exploremos-guate-chicabal-3-225x300.jpg 225w, https:\/\/soymigrante.com\/revista\/wp-content\/uploads\/2025\/02\/exploremos-guate-chicabal-3-750x1000.webp 750w, https:\/\/soymigrante.com\/revista\/wp-content\/uploads\/2025\/02\/exploremos-guate-chicabal-3.webp 960w\" sizes=\"(max-width: 768px) 100vw, 768px\" title=\"exploremos guate chicabal 3 \u2013 SoyMigrante.com REVISTA\" \/>\t\t\t\t\t\t\t\t\t\t\t<figcaption class=\"widget-image-caption wp-caption-text\">Peregrinaci\u00f3n migrante en zona natural junto a r\u00edo, en un acto cultural que evidencia la fe, comunidad y ra\u00edces en medio del paisaje natural, s\u00edmbolo de uni\u00f3n y resistencia.<\/figcaption>\n\t\t\t\t\t\t\t\t\t\t<\/figure>\n\t\t\t\t\t\t\t\t\t<\/div>\n\t\t\t\t\t<\/div>\n\t\t\t\t<\/div>\n\t\t<div data-particle_enable=\"false\" data-particle-mobile-disabled=\"false\" class=\"elementor-element elementor-element-1b6ee2b e-flex e-con-boxed e-con e-parent\" data-id=\"1b6ee2b\" data-element_type=\"container\" data-e-type=\"container\">\n\t\t\t\t\t<div class=\"e-con-inner\">\n\t\t\t\t<div class=\"elementor-element elementor-element-019ee6f elementor-widget elementor-widget-heading\" data-id=\"019ee6f\" data-element_type=\"widget\" data-e-type=\"widget\" data-widget_type=\"heading.default\">\n\t\t\t\t\t<h3 class=\"elementor-heading-title elementor-size-default\">\u00bfCu\u00e1l es el origien del nombre Chicabal?<\/h3>\t\t\t\t<\/div>\n\t\t\t\t\t<\/div>\n\t\t\t\t<\/div>\n\t\t<div data-particle_enable=\"false\" data-particle-mobile-disabled=\"false\" class=\"elementor-element elementor-element-f6b6561 e-flex e-con-boxed e-con e-parent\" data-id=\"f6b6561\" data-element_type=\"container\" data-e-type=\"container\">\n\t\t\t\t\t<div class=\"e-con-inner\">\n\t\t\t\t<div class=\"elementor-element elementor-element-1696583 elementor-widget elementor-widget-text-editor\" data-id=\"1696583\" data-element_type=\"widget\" data-e-type=\"widget\" data-widget_type=\"text-editor.default\">\n\t\t\t\t\t\t\t\t\t<p><span style=\"font-family: Roboto, sans-serif;font-size: 16px;font-style: normal;font-weight: 400\">El nombre &#8220;Chicabal&#8221; en lengua Mam significa &#8220;agua de esp\u00edritu dulce&#8221;. La laguna es considerada un lugar sagrado, y en sus orillas se encuentran diversos altares utilizados por los sacerdotes mayas para ceremonias y rituales ancestrales.\u00a0<\/span><\/p><p><span style=\"font-family: Roboto, sans-serif;font-size: 16px;font-style: normal;font-weight: 400\">Debido a su importancia espiritual, no se permite nadar en sus aguas, y las visitas tur\u00edsticas est\u00e1n restringidas a principios de mayo para no perturbar\u00a0<\/span><a href=\"https:\/\/soymigrante.com\/revista\/carrera-de-todos-santos-cuchumatan-un-icono-de-guatemala-y-de-la-cultura-mam\/\" target=\"_blank\" rel=\"noopener\">las celebraciones de la po<\/a><span style=\"font-family: Roboto, sans-serif;font-size: 16px;font-style: normal;font-weight: 400\">blaci\u00f3n Mam.<\/span><\/p>\t\t\t\t\t\t\t\t<\/div>\n\t\t\t\t\t<\/div>\n\t\t\t\t<\/div>\n\t\t<div data-particle_enable=\"false\" data-particle-mobile-disabled=\"false\" class=\"elementor-element elementor-element-9d5d435 e-flex e-con-boxed e-con e-parent\" data-id=\"9d5d435\" data-element_type=\"container\" data-e-type=\"container\">\n\t\t\t\t\t<div class=\"e-con-inner\">\n\t\t\t\t<div class=\"elementor-element elementor-element-a25dd5c elementor-widget elementor-widget-image\" data-id=\"a25dd5c\" data-element_type=\"widget\" data-e-type=\"widget\" data-widget_type=\"image.default\">\n\t\t\t\t\t\t\t\t\t\t\t\t<figure class=\"wp-caption\">\n\t\t\t\t\t\t\t\t\t\t<img loading=\"lazy\" decoding=\"async\" width=\"768\" height=\"960\" src=\"https:\/\/soymigrante.com\/revista\/wp-content\/uploads\/2025\/02\/exploremos-guate-chicabal.webp\" class=\"attachment-large size-large wp-image-24519\" alt=\"Paisaje del lago en Guatemala con \u00e1rboles ca\u00eddos en la orilla, reflejo en el agua y monta\u00f1as verdes al fondo, promoviendo el turismo y la exploraci\u00f3n cultural en el pa\u00eds.\" srcset=\"https:\/\/soymigrante.com\/revista\/wp-content\/uploads\/2025\/02\/exploremos-guate-chicabal.webp 768w, https:\/\/soymigrante.com\/revista\/wp-content\/uploads\/2025\/02\/exploremos-guate-chicabal-240x300.jpg 240w, https:\/\/soymigrante.com\/revista\/wp-content\/uploads\/2025\/02\/exploremos-guate-chicabal-750x938.webp 750w\" sizes=\"(max-width: 768px) 100vw, 768px\" title=\"exploremos guate chicabal \u2013 SoyMigrante.com REVISTA\" \/>\t\t\t\t\t\t\t\t\t\t\t<figcaption class=\"widget-image-caption wp-caption-text\">Exploramos Guatemala con vistas impresionantes del lago y naturaleza selv\u00e1tica, resaltando la belleza natural y la aventura en destinos tur\u00edsticos en Centroam\u00e9rica.<\/figcaption>\n\t\t\t\t\t\t\t\t\t\t<\/figure>\n\t\t\t\t\t\t\t\t\t<\/div>\n\t\t\t\t\t<\/div>\n\t\t\t\t<\/div>\n\t\t<div data-particle_enable=\"false\" data-particle-mobile-disabled=\"false\" class=\"elementor-element elementor-element-e728238 e-flex e-con-boxed e-con e-parent\" data-id=\"e728238\" data-element_type=\"container\" data-e-type=\"container\">\n\t\t\t\t\t<div class=\"e-con-inner\">\n\t\t\t\t<div class=\"elementor-element elementor-element-0fdc31c elementor-widget elementor-widget-heading\" data-id=\"0fdc31c\" data-element_type=\"widget\" data-e-type=\"widget\" data-widget_type=\"heading.default\">\n\t\t\t\t\t<h3 class=\"elementor-heading-title elementor-size-default\">\u00bfQu\u00e9 representa el Chicabal para la cultura Mam?<\/h3>\t\t\t\t<\/div>\n\t\t\t\t\t<\/div>\n\t\t\t\t<\/div>\n\t\t<div data-particle_enable=\"false\" data-particle-mobile-disabled=\"false\" class=\"elementor-element elementor-element-7a7ac2f e-flex e-con-boxed e-con e-parent\" data-id=\"7a7ac2f\" data-element_type=\"container\" data-e-type=\"container\">\n\t\t\t\t\t<div class=\"e-con-inner\">\n\t\t\t\t<div class=\"elementor-element elementor-element-a7a40c2 elementor-widget elementor-widget-text-editor\" data-id=\"a7a40c2\" data-element_type=\"widget\" data-e-type=\"widget\" data-widget_type=\"text-editor.default\">\n\t\t\t\t\t\t\t\t\t<p>El \u00e1rea alrededor del volc\u00e1n Chicabal ha sido\u00a0<a href=\"https:\/\/soymigrante.com\/revista\/el-pueblo-mam-brilla-crece-y-se-expresa-fiel-a-sus-raices-de-identidad\/\" target=\"_blank\" rel=\"noopener\">habitada principalmente por la comunidad Mam<\/a>, un grupo \u00e9tnico de origen maya. Para ellos, tanto el volc\u00e1n como la laguna son lugares sagrados, utilizados para ceremonias y rituales ancestrales.<\/p><p>Para la cultura Mam, el volc\u00e1n Chicabal y su laguna son centros fundamentales de su cosmovisi\u00f3n. Seg\u00fan las creencias locales, ambos est\u00e1n protegidos por nahuales, entidades espirituales que representan elementos de la naturaleza y que se cree que protegen a las personas desde su nacimiento.\u00a0\u00a0<\/p>\t\t\t\t\t\t\t\t<\/div>\n\t\t\t\t\t<\/div>\n\t\t\t\t<\/div>\n\t\t<div data-particle_enable=\"false\" data-particle-mobile-disabled=\"false\" class=\"elementor-element elementor-element-46e3b73 e-flex e-con-boxed e-con e-parent\" data-id=\"46e3b73\" data-element_type=\"container\" data-e-type=\"container\">\n\t\t\t\t\t<div class=\"e-con-inner\">\n\t\t\t\t<div class=\"elementor-element elementor-element-7760b64 elementor-widget elementor-widget-video\" data-id=\"7760b64\" data-element_type=\"widget\" data-e-type=\"widget\" data-settings=\"{&quot;youtube_url&quot;:&quot;https:\\\/\\\/www.youtube.com\\\/watch?v=j7Mzm9hgMq0&quot;,&quot;video_type&quot;:&quot;youtube&quot;,&quot;controls&quot;:&quot;yes&quot;}\" data-widget_type=\"video.default\">\n\t\t\t\t\t\t\t<div class=\"elementor-wrapper elementor-open-inline\">\n\t\t\t<div class=\"elementor-video\"><\/div>\t\t<\/div>\n\t\t\t\t\t\t<\/div>\n\t\t\t\t\t<\/div>\n\t\t\t\t<\/div>\n\t\t<div data-particle_enable=\"false\" data-particle-mobile-disabled=\"false\" class=\"elementor-element elementor-element-b71fe3c e-flex e-con-boxed e-con e-parent\" data-id=\"b71fe3c\" data-element_type=\"container\" data-e-type=\"container\">\n\t\t\t\t\t<div class=\"e-con-inner\">\n\t\t\t\t<div class=\"elementor-element elementor-element-4b7c8d8 elementor-widget elementor-widget-heading\" data-id=\"4b7c8d8\" data-element_type=\"widget\" data-e-type=\"widget\" data-widget_type=\"heading.default\">\n\t\t\t\t\t<h2 class=\"elementor-heading-title elementor-size-default\">Explora Guatemala desde las cimas<\/h2>\t\t\t\t<\/div>\n\t\t\t\t\t<\/div>\n\t\t\t\t<\/div>\n\t\t<div data-particle_enable=\"false\" data-particle-mobile-disabled=\"false\" class=\"elementor-element elementor-element-6f3e2e1 e-flex e-con-boxed e-con e-parent\" data-id=\"6f3e2e1\" data-element_type=\"container\" data-e-type=\"container\">\n\t\t\t\t\t<div class=\"e-con-inner\">\n\t\t\t\t<div class=\"elementor-element elementor-element-fa943b7 elementor-grid-eael-col-3 elementor-grid-tablet-eael-col-2 elementor-grid-mobile-eael-col-1 elementor-widget elementor-widget-eael-post-grid\" data-id=\"fa943b7\" data-element_type=\"widget\" data-e-type=\"widget\" data-settings=\"{&quot;eael_post_grid_columns&quot;:&quot;eael-col-3&quot;,&quot;eael_post_grid_columns_tablet&quot;:&quot;eael-col-2&quot;,&quot;eael_post_grid_columns_mobile&quot;:&quot;eael-col-1&quot;}\" data-widget_type=\"eael-post-grid.default\">\n\t\t\t\t\t<div id=\"eael-post-grid-fa943b7\" class=\"eael-post-grid-container\">\n            <div class=\"eael-post-grid eael-post-appender eael-post-appender-fa943b7 eael-post-grid-style-one\" data-layout-mode=\"masonry\"><article class=\"eael-grid-post  eael-post-grid-column eael-pg-post-10355 category-guate-nuestra tags-volcanes-de-guatemala\" data-id=\"10355\">\n        <div class=\"eael-grid-post-holder\">\n            <div class=\"eael-grid-post-holder-inner\"><div class=\"eael-entry-media\"><div class=\"eael-entry-overlay fade-in\"><i class=\"far fa-hand-pointer\" aria-hidden=\"true\"><\/i><a href=\"https:\/\/soymigrante.com\/revista\/tres-hermanos-tres-guardianes-del-lago-los-volcanes-atitlan-toliman-y-san-pedro\/\"><\/a><\/div><div class=\"eael-entry-thumbnail \">\n                <img loading=\"lazy\" decoding=\"async\" width=\"1024\" height=\"683\" src=\"https:\/\/soymigrante.com\/revista\/wp-content\/uploads\/2023\/02\/3-ATITLAN-2-1024x683.jpg\" class=\"attachment-large size-large wp-image-366\" alt=\"Los volcanes de Tolim\u00e1n y Atitl\u00e1n, en esta fotograf\u00eda, son el marco incomparable del lago. Foto Gustavo Montenegro\" srcset=\"https:\/\/soymigrante.com\/revista\/wp-content\/uploads\/2023\/02\/3-ATITLAN-2-1024x683.jpg 1024w, https:\/\/soymigrante.com\/revista\/wp-content\/uploads\/2023\/02\/3-ATITLAN-2-300x200.webp 300w, https:\/\/soymigrante.com\/revista\/wp-content\/uploads\/2023\/02\/3-ATITLAN-2-768x512.jpg 768w, https:\/\/soymigrante.com\/revista\/wp-content\/uploads\/2023\/02\/3-ATITLAN-2-1536x1024.jpg 1536w, https:\/\/soymigrante.com\/revista\/wp-content\/uploads\/2023\/02\/3-ATITLAN-2-2048x1365.jpg 2048w, https:\/\/soymigrante.com\/revista\/wp-content\/uploads\/2023\/02\/3-ATITLAN-2-750x500.webp 750w, https:\/\/soymigrante.com\/revista\/wp-content\/uploads\/2023\/02\/3-ATITLAN-2-1140x760.jpg 1140w, https:\/\/soymigrante.com\/revista\/wp-content\/uploads\/2023\/02\/3-ATITLAN-2-600x400.jpg 600w, https:\/\/soymigrante.com\/revista\/wp-content\/uploads\/2023\/02\/3-ATITLAN-2-scaled.webp 1920w\" sizes=\"(max-width: 1024px) 100vw, 1024px\" \/>\n            <\/div>\n        <\/div><div class=\"eael-entry-wrapper\"><header class=\"eael-entry-header\"><h2 class=\"eael-entry-title\"><a class=\"eael-grid-post-link\" href=\"https:\/\/soymigrante.com\/revista\/tres-hermanos-tres-guardianes-del-lago-los-volcanes-atitlan-toliman-y-san-pedro\/\" title=\"Tres gigantes custodian el lago de Atitl\u00e1n: los volcanes Atitl\u00e1n, Tolim\u00e1n y San Pedro\">Tres gigantes custodian el lago de Atitl\u00e1n: los volcanes Atitl\u00e1n, Tolim\u00e1n y San Pedro<\/a><\/h2><\/header><div class=\"eael-entry-content\">\n                        <div class=\"eael-grid-post-excerpt\"><a href=\"https:\/\/soymigrante.com\/revista\/tres-hermanos-tres-guardianes-del-lago-los-volcanes-atitlan-toliman-y-san-pedro\/\" class=\"eael-post-elements-readmore-btn\">CONOCE SU HISTORIA <\/a><\/div>\n                    <\/div><\/div><\/div>\n        <\/div>\n    <\/article><article class=\"eael-grid-post  eael-post-grid-column eael-pg-post-24053 category-guate-nuestra tags-volcanes-de-guatemala\" data-id=\"24053\">\n        <div class=\"eael-grid-post-holder\">\n            <div class=\"eael-grid-post-holder-inner\"><div class=\"eael-entry-media\"><div class=\"eael-entry-overlay fade-in\"><i class=\"far fa-hand-pointer\" aria-hidden=\"true\"><\/i><a href=\"https:\/\/soymigrante.com\/revista\/ruta-volcanica-el-imponente-volcan-de-atitlan-historia-desafios-y-consejos-para-su-ascenso\/\"><\/a><\/div><div class=\"eael-entry-thumbnail \">\n                <img loading=\"lazy\" decoding=\"async\" width=\"1024\" height=\"1024\" src=\"https:\/\/soymigrante.com\/revista\/wp-content\/uploads\/2025\/02\/atitla-arco-volcanico-1024x1024.jpg\" class=\"attachment-large size-large wp-image-24120\" alt=\"Paisaje monta\u00f1oso con nubes, volc\u00e1n y lago en el fondo en color intenso y din\u00e1mico, ideal para destacar en contenido sobre naturaleza, viajes y migraci\u00f3n en M\u00e9xico y Latinoam\u00e9rica.\" srcset=\"https:\/\/soymigrante.com\/revista\/wp-content\/uploads\/2025\/02\/atitla-arco-volcanico-1024x1024.jpg 1024w, https:\/\/soymigrante.com\/revista\/wp-content\/uploads\/2025\/02\/atitla-arco-volcanico-300x300.jpg 300w, https:\/\/soymigrante.com\/revista\/wp-content\/uploads\/2025\/02\/atitla-arco-volcanico-150x150.jpg 150w, https:\/\/soymigrante.com\/revista\/wp-content\/uploads\/2025\/02\/atitla-arco-volcanico-768x768.jpg 768w, https:\/\/soymigrante.com\/revista\/wp-content\/uploads\/2025\/02\/atitla-arco-volcanico-75x75.webp 75w, https:\/\/soymigrante.com\/revista\/wp-content\/uploads\/2025\/02\/atitla-arco-volcanico-750x750.webp 750w, https:\/\/soymigrante.com\/revista\/wp-content\/uploads\/2025\/02\/atitla-arco-volcanico-1140x1140.webp 1140w, https:\/\/soymigrante.com\/revista\/wp-content\/uploads\/2025\/02\/atitla-arco-volcanico.webp 1440w\" sizes=\"(max-width: 1024px) 100vw, 1024px\" \/>\n            <\/div>\n        <\/div><div class=\"eael-entry-wrapper\"><header class=\"eael-entry-header\"><h2 class=\"eael-entry-title\"><a class=\"eael-grid-post-link\" href=\"https:\/\/soymigrante.com\/revista\/ruta-volcanica-el-imponente-volcan-de-atitlan-historia-desafios-y-consejos-para-su-ascenso\/\" title=\"El imponente volc\u00e1n de Atitl\u00e1n, historia, desaf\u00edos y consejos para su ascenso\">El imponente volc\u00e1n de Atitl\u00e1n, historia, desaf\u00edos y consejos para su ascenso<\/a><\/h2><\/header><div class=\"eael-entry-content\">\n                        <div class=\"eael-grid-post-excerpt\"><a href=\"https:\/\/soymigrante.com\/revista\/ruta-volcanica-el-imponente-volcan-de-atitlan-historia-desafios-y-consejos-para-su-ascenso\/\" class=\"eael-post-elements-readmore-btn\">CONOCE SU HISTORIA <\/a><\/div>\n                    <\/div><\/div><\/div>\n        <\/div>\n    <\/article><article class=\"eael-grid-post  eael-post-grid-column eael-pg-post-21994 category-guate-nuestra tags-volcanes-de-guatemala\" data-id=\"21994\">\n        <div class=\"eael-grid-post-holder\">\n            <div class=\"eael-grid-post-holder-inner\"><div class=\"eael-entry-media\"><div class=\"eael-entry-overlay fade-in\"><i class=\"far fa-hand-pointer\" aria-hidden=\"true\"><\/i><a href=\"https:\/\/soymigrante.com\/revista\/ruta-volcanica-el-acatenango-historia-rutas-de-ascenso-y-consejos-esenciales\/\"><\/a><\/div><div class=\"eael-entry-thumbnail \">\n                <img loading=\"lazy\" decoding=\"async\" width=\"890\" height=\"890\" src=\"https:\/\/soymigrante.com\/revista\/wp-content\/uploads\/2025\/01\/Acatenango-abel-1.webp\" class=\"attachment-large size-large wp-image-22037\" alt=\"Mexico, volc\u00e1n Popocat\u00e9petl, atardecer en las nubes, imagen espectacular, fotograf\u00eda de paisaje, vista a\u00e9rea, naturaleza, volc\u00e1n activo, cielo colorido, amanecer, paisaje volc\u00e1nico, fen\u00f3menos naturales, turismo en M\u00e9xico, paisaje internacional.\" srcset=\"https:\/\/soymigrante.com\/revista\/wp-content\/uploads\/2025\/01\/Acatenango-abel-1.webp 890w, https:\/\/soymigrante.com\/revista\/wp-content\/uploads\/2025\/01\/Acatenango-abel-1-300x300.jpg 300w, https:\/\/soymigrante.com\/revista\/wp-content\/uploads\/2025\/01\/Acatenango-abel-1-150x150.jpg 150w, https:\/\/soymigrante.com\/revista\/wp-content\/uploads\/2025\/01\/Acatenango-abel-1-768x768.jpg 768w, https:\/\/soymigrante.com\/revista\/wp-content\/uploads\/2025\/01\/Acatenango-abel-1-75x75.webp 75w, https:\/\/soymigrante.com\/revista\/wp-content\/uploads\/2025\/01\/Acatenango-abel-1-750x750.webp 750w\" sizes=\"(max-width: 890px) 100vw, 890px\" \/>\n            <\/div>\n        <\/div><div class=\"eael-entry-wrapper\"><header class=\"eael-entry-header\"><h2 class=\"eael-entry-title\"><a class=\"eael-grid-post-link\" href=\"https:\/\/soymigrante.com\/revista\/ruta-volcanica-el-acatenango-historia-rutas-de-ascenso-y-consejos-esenciales\/\" title=\"Ruta volc\u00e1nica: El Acatenango, historia, rutas de ascenso y consejos esenciales\">Ruta volc\u00e1nica: El Acatenango, historia, rutas de ascenso y consejos esenciales<\/a><\/h2><\/header><div class=\"eael-entry-content\">\n                        <div class=\"eael-grid-post-excerpt\"><a href=\"https:\/\/soymigrante.com\/revista\/ruta-volcanica-el-acatenango-historia-rutas-de-ascenso-y-consejos-esenciales\/\" class=\"eael-post-elements-readmore-btn\">CONOCE SU HISTORIA <\/a><\/div>\n                    <\/div><\/div><\/div>\n        <\/div>\n    <\/article><\/div>\n            <div class=\"clearfix\"><\/div>\n        <\/div>\t\t\t\t<\/div>\n\t\t\t\t\t<\/div>\n\t\t\t\t<\/div>\n\t\t\t\t<\/div>\n\t\t","protected":false},"excerpt":{"rendered":"<p>Ubicado en el coraz\u00f3n de Quetzaltenango, el Volc\u00e1n Chicabal se erige como un s\u00edmbolo de la riqueza natural y espiritual de Guatemala, albergando en su cr\u00e1ter la sagrada Laguna Chicabal, venerada por la comunidad Mam. El Volc\u00e1n Chicabal se encuentra en el municipio de San Mart\u00edn Sacatep\u00e9quez, en el departamento de Quetzaltenango, al suroeste de [&hellip;]<\/p>\n","protected":false},"author":1,"featured_media":24545,"comment_status":"open","ping_status":"open","sticky":false,"template":"","format":"standard","meta":{"_acf_changed":false,"_eb_attr":"","footnotes":""},"categories":[58],"tags":[245],"class_list":["post-24474","post","type-post","status-publish","format-standard","has-post-thumbnail","hentry","category-guate-nuestra","tag-volcanes-de-guatemala"],"acf":[],"aioseo_notices":[],"aioseo_head":"\n\t\t<!-- All in One SEO Pro 4.9.6.2 - aioseo.com -->\n\t<meta name=\"description\" content=\"El ascenso al Volc\u00e1n de Acatenango no solo es una experiencia desafiante, sino tambi\u00e9n una oportunidad para sumergirse en paisajes \u00fanicos y en la historia natural de Guatemala.\" \/>\n\t<meta name=\"robots\" content=\"max-snippet:-1, max-image-preview:large, max-video-preview:-1\" \/>\n\t<meta name=\"author\" content=\"Beatriz Tercero\"\/>\n\t<link rel=\"canonical\" href=\"https:\/\/soymigrante.com\/revista\/ruta-volcanica-el-acatenango-historia-rutas-de-ascenso-y-consejos-esenciales\/\" \/>\n\t<meta name=\"generator\" content=\"All in One SEO Pro (AIOSEO) 4.9.6.2\" \/>\n\n\t\t<link rel=\"preconnect\" href=\"https:\/\/fonts.googleapis.com\" crossorigin>\n<link rel=\"preconnect\" href=\"https:\/\/fonts.gstatic.com\" crossorigin>\n\t\t<meta property=\"og:locale\" content=\"es_ES\" \/>\n\t\t<meta property=\"og:site_name\" content=\"SoyMigrante.com REVISTA \u2013 Nuestra misi\u00f3n es reconocer y dignificar al migrante.\" \/>\n\t\t<meta property=\"og:type\" content=\"article\" \/>\n\t\t<meta property=\"og:title\" content=\"Descubre la magia del volc\u00e1n de Acatenango: Historia, rutas de ascenso y consejos esenciales\" \/>\n\t\t<meta property=\"og:description\" content=\"El ascenso al Volc\u00e1n de Acatenango no solo es una experiencia desafiante, sino tambi\u00e9n una oportunidad para sumergirse en paisajes \u00fanicos y en la historia natural de Guatemala.\" \/>\n\t\t<meta property=\"og:url\" content=\"https:\/\/soymigrante.com\/revista\/ruta-volcanica-el-acatenango-historia-rutas-de-ascenso-y-consejos-esenciales\/\" \/>\n\t\t<meta property=\"og:image\" content=\"https:\/\/soymigrante.com\/revista\/wp-content\/uploads\/2025\/01\/Acatenango-abel-1.webp\" \/>\n\t\t<meta property=\"og:image:secure_url\" content=\"https:\/\/soymigrante.com\/revista\/wp-content\/uploads\/2025\/01\/Acatenango-abel-1.webp\" \/>\n\t\t<meta property=\"og:image:width\" content=\"890\" \/>\n\t\t<meta property=\"og:image:height\" content=\"890\" \/>\n\t\t<meta property=\"article:published_time\" content=\"2025-02-04T22:27:06+00:00\" \/>\n\t\t<meta property=\"article:modified_time\" content=\"2025-06-12T14:26:31+00:00\" \/>\n\t\t<meta property=\"article:publisher\" content=\"https:\/\/www.facebook.com\/soymigrantecom\" \/>\n\t\t<meta name=\"twitter:card\" content=\"summary_large_image\" \/>\n\t\t<meta name=\"twitter:site\" content=\"@SoyMigrante_com\" \/>\n\t\t<meta name=\"twitter:title\" content=\"Descubre la magia del volc\u00e1n de Acatenango: Historia, rutas de ascenso y consejos esenciales\" \/>\n\t\t<meta name=\"twitter:description\" content=\"El ascenso al Volc\u00e1n de Acatenango no solo es una experiencia desafiante, sino tambi\u00e9n una oportunidad para sumergirse en paisajes \u00fanicos y en la historia natural de Guatemala.\" \/>\n\t\t<meta name=\"twitter:creator\" content=\"@SoyMigrante_com\" \/>\n\t\t<meta name=\"twitter:image\" content=\"https:\/\/soymigrante.com\/revista\/wp-content\/uploads\/2025\/01\/Acatenango-abel-1.webp\" \/>\n\t\t<!-- All in One SEO Pro -->\r\n\t\t<title>Descubre la magia del volc\u00e1n de Acatenango: Historia, rutas de ascenso y consejos esenciales<\/title>\n\n","aioseo_head_json":{"title":"Descubre la magia del volc\u00e1n de Acatenango: Historia, rutas de ascenso y consejos esenciales","description":"El ascenso al Volc\u00e1n de Acatenango no solo es una experiencia desafiante, sino tambi\u00e9n una oportunidad para sumergirse en paisajes \u00fanicos y en la historia natural de Guatemala.","canonical_url":"https:\/\/soymigrante.com\/revista\/ruta-volcanica-el-acatenango-historia-rutas-de-ascenso-y-consejos-esenciales\/","robots":"max-snippet:-1, max-image-preview:large, max-video-preview:-1","keywords":"","webmasterTools":{"miscellaneous":"&lt;link rel=\"preconnect\" href=\"https:\/\/fonts.googleapis.com\" crossorigin&gt;\n&lt;link rel=\"preconnect\" href=\"https:\/\/fonts.gstatic.com\" crossorigin&gt;"},"schema":null,"og:locale":"es_ES","og:site_name":"SoyMigrante.com REVISTA \u2013 Nuestra misi\u00f3n es reconocer y dignificar al migrante.","og:type":"article","og:title":"Descubre la magia del volc\u00e1n de Acatenango: Historia, rutas de ascenso y consejos esenciales","og:description":"El ascenso al Volc\u00e1n de Acatenango no solo es una experiencia desafiante, sino tambi\u00e9n una oportunidad para sumergirse en paisajes \u00fanicos y en la historia natural de Guatemala.","og:url":"https:\/\/soymigrante.com\/revista\/ruta-volcanica-el-acatenango-historia-rutas-de-ascenso-y-consejos-esenciales\/","og:image":"https:\/\/soymigrante.com\/revista\/wp-content\/uploads\/2025\/01\/Acatenango-abel-1.webp","og:image:secure_url":"https:\/\/soymigrante.com\/revista\/wp-content\/uploads\/2025\/01\/Acatenango-abel-1.webp","og:image:width":890,"og:image:height":890,"article:published_time":"2025-02-04T22:27:06+00:00","article:modified_time":"2025-06-12T14:26:31+00:00","article:publisher":"https:\/\/www.facebook.com\/soymigrantecom","twitter:card":"summary_large_image","twitter:site":"@SoyMigrante_com","twitter:title":"Descubre la magia del volc\u00e1n de Acatenango: Historia, rutas de ascenso y consejos esenciales","twitter:description":"El ascenso al Volc\u00e1n de Acatenango no solo es una experiencia desafiante, sino tambi\u00e9n una oportunidad para sumergirse en paisajes \u00fanicos y en la historia natural de Guatemala.","twitter:creator":"@SoyMigrante_com","twitter:image":"https:\/\/soymigrante.com\/revista\/wp-content\/uploads\/2025\/01\/Acatenango-abel-1.webp"},"aioseo_meta_data":{"post_id":"24474","title":"Ruta volc\u00e1nica: Volc\u00e1n de Chicabal, naturaleza, cultura y espiritualidad","description":"Con una altitud de 2,900 metros sobre el nivel del mar, el Volc\u00e1n Chicabal ofrece a los aventureros senderos accesibles llenos de espiritualidad.","keywords":null,"keyphrases":{"focus":{"keyphrase":"Chicabal","score":91,"analysis":{"keyphraseInTitle":{"score":9,"maxScore":9,"error":0},"keyphraseInDescription":{"score":9,"maxScore":9,"error":0},"keyphraseLength":{"score":9,"maxScore":9,"error":0,"length":1},"keyphraseInURL":{"score":5,"maxScore":5,"error":0},"keyphraseInIntroduction":{"score":9,"maxScore":9,"error":0},"keyphraseInSubHeadings":{"score":9,"maxScore":9,"error":0},"keyphraseInImageAlt":{"score":3,"maxScore":9,"error":1},"keywordDensity":{"type":"best","score":9,"maxScore":9,"error":0}}},"additional":[{"keyphrase":"volcan chicabal","score":40,"analysis":{"keyphraseInDescription":{"score":3,"maxScore":9,"error":1},"keyphraseLength":{"score":9,"maxScore":9,"error":0,"length":2},"keyphraseInIntroduction":{"score":3,"maxScore":9,"error":1},"keyphraseInImageAlt":{"score":3,"maxScore":9,"error":1},"keywordDensity":{"score":0,"type":"low","maxScore":9,"error":1}}},{"keyphrase":"ruta volc\u00e1nica","score":40,"analysis":{"keyphraseInDescription":{"score":3,"maxScore":9,"error":1},"keyphraseLength":{"score":9,"maxScore":9,"error":0,"length":3},"keyphraseInIntroduction":{"score":3,"maxScore":9,"error":1},"keyphraseInImageAlt":{"score":3,"maxScore":9,"error":1},"keywordDensity":{"score":0,"type":"low","maxScore":9,"error":1}}},{"keyphrase":"laguna de chicabal","score":40,"analysis":{"keyphraseInDescription":{"score":3,"maxScore":9,"error":1},"keyphraseLength":{"score":9,"maxScore":9,"error":0,"length":3},"keyphraseInIntroduction":{"score":3,"maxScore":9,"error":1},"keyphraseInImageAlt":{"score":3,"maxScore":9,"error":1},"keywordDensity":{"score":0,"type":"low","maxScore":9,"error":1}}}]},"primary_term":null,"canonical_url":null,"og_title":null,"og_description":null,"og_object_type":"default","og_image_type":"default","og_image_url":null,"og_image_width":null,"og_image_height":null,"og_image_custom_url":null,"og_image_custom_fields":null,"og_video":"","og_custom_url":null,"og_article_section":null,"og_article_tags":null,"twitter_use_og":false,"twitter_card":"default","twitter_image_type":"default","twitter_image_url":null,"twitter_image_custom_url":null,"twitter_image_custom_fields":null,"twitter_title":null,"twitter_description":null,"schema":{"blockGraphs":[],"customGraphs":[],"default":{"data":{"Article":[],"Course":[],"Dataset":[],"FAQPage":[],"Movie":[],"Person":[],"Product":[],"ProductReview":[],"Car":[],"Recipe":[],"Service":[],"SoftwareApplication":[],"WebPage":[]},"graphName":"none","isEnabled":true},"graphs":[]},"schema_type":"default","schema_type_options":null,"pillar_content":false,"robots_default":true,"robots_noindex":false,"robots_noarchive":false,"robots_nosnippet":false,"robots_nofollow":false,"robots_noimageindex":false,"robots_noodp":false,"robots_notranslate":false,"robots_max_snippet":"-1","robots_max_videopreview":"-1","robots_max_imagepreview":"large","priority":null,"frequency":"default","local_seo":null,"seo_analyzer_scan_date":"2025-10-09 03:52:22","breadcrumb_settings":null,"limit_modified_date":false,"reviewed_by":"0","open_ai":"{\"title\":{\"suggestions\":[],\"usage\":0},\"description\":{\"suggestions\":[],\"usage\":0}}","ai":null,"created":"2025-02-07 17:18:42","updated":"2026-02-04 22:35:14"},"aioseo_breadcrumb":"<div class=\"aioseo-breadcrumbs\"><span class=\"aioseo-breadcrumb\">\n\t<a href=\"https:\/\/soymigrante.com\/revista\" title=\"Home\">Home<\/a>\n<\/span><span class=\"aioseo-breadcrumb-separator\">\u00bb<\/span><span class=\"aioseo-breadcrumb\">\n\t<a href=\"https:\/\/soymigrante.com\/revista\/category\/guate-nuestra\/\" title=\"Guate Nuestra\">Guate Nuestra<\/a>\n<\/span><span class=\"aioseo-breadcrumb-separator\">\u00bb<\/span><span class=\"aioseo-breadcrumb\">\n\tVolc\u00e1n de Chicabal concentra la fuerza de la espiritualidad maya\n<\/span><\/div>","aioseo_breadcrumb_json":[{"label":"Home","link":"https:\/\/soymigrante.com\/revista"},{"label":"Guate Nuestra","link":"https:\/\/soymigrante.com\/revista\/category\/guate-nuestra\/"},{"label":"Volc\u00e1n de Chicabal concentra la fuerza de la espiritualidad maya","link":"https:\/\/soymigrante.com\/revista\/ruta-volcanica-volcan-de-chicabal-concentra-la-fuerza-de-la-espiritualidad-maya\/"}],"_links":{"self":[{"href":"https:\/\/soymigrante.com\/revista\/wp-json\/wp\/v2\/posts\/24474","targetHints":{"allow":["GET"]}}],"collection":[{"href":"https:\/\/soymigrante.com\/revista\/wp-json\/wp\/v2\/posts"}],"about":[{"href":"https:\/\/soymigrante.com\/revista\/wp-json\/wp\/v2\/types\/post"}],"author":[{"embeddable":true,"href":"https:\/\/soymigrante.com\/revista\/wp-json\/wp\/v2\/users\/1"}],"replies":[{"embeddable":true,"href":"https:\/\/soymigrante.com\/revista\/wp-json\/wp\/v2\/comments?post=24474"}],"version-history":[{"count":1,"href":"https:\/\/soymigrante.com\/revista\/wp-json\/wp\/v2\/posts\/24474\/revisions"}],"predecessor-version":[{"id":36142,"href":"https:\/\/soymigrante.com\/revista\/wp-json\/wp\/v2\/posts\/24474\/revisions\/36142"}],"wp:featuredmedia":[{"embeddable":true,"href":"https:\/\/soymigrante.com\/revista\/wp-json\/wp\/v2\/media\/24545"}],"wp:attachment":[{"href":"https:\/\/soymigrante.com\/revista\/wp-json\/wp\/v2\/media?parent=24474"}],"wp:term":[{"taxonomy":"category","embeddable":true,"href":"https:\/\/soymigrante.com\/revista\/wp-json\/wp\/v2\/categories?post=24474"},{"taxonomy":"post_tag","embeddable":true,"href":"https:\/\/soymigrante.com\/revista\/wp-json\/wp\/v2\/tags?post=24474"}],"curies":[{"name":"wp","href":"https:\/\/api.w.org\/{rel}","templated":true}]}}