{"id":24378,"date":"2025-05-03T10:36:03","date_gmt":"2025-05-03T16:36:03","guid":{"rendered":"https:\/\/soymigrante.com\/revista\/?p=24378"},"modified":"2025-08-27T23:27:32","modified_gmt":"2025-08-28T05:27:32","slug":"procesion-acuatica-del-nino-dios-en-amatitlan-fe-tradicion-y-una-cronica-de-la-infancia","status":"publish","type":"post","link":"https:\/\/soymigrante.com\/revista\/procesion-acuatica-del-nino-dios-en-amatitlan-fe-tradicion-y-una-cronica-de-la-infancia\/","title":{"rendered":"Procesi\u00f3n acu\u00e1tica del Ni\u00f1o Dios en Amatitl\u00e1n: Tradici\u00f3n, memoria y presente"},"content":{"rendered":"\t\t<div data-elementor-type=\"wp-post\" data-elementor-id=\"24378\" class=\"elementor elementor-24378\" data-elementor-post-type=\"post\">\n\t\t\t\t<div data-particle_enable=\"false\" data-particle-mobile-disabled=\"false\" class=\"elementor-element elementor-element-06dafa0 e-flex e-con-boxed e-con e-parent\" data-id=\"06dafa0\" data-element_type=\"container\" data-e-type=\"container\">\n\t\t\t\t\t<div class=\"e-con-inner\">\n\t\t\t\t<div class=\"elementor-element elementor-element-1bc6600 elementor-widget elementor-widget-heading\" data-id=\"1bc6600\" data-element_type=\"widget\" data-e-type=\"widget\" data-widget_type=\"heading.default\">\n\t\t\t\t\t<h2 class=\"elementor-heading-title elementor-size-default\">La procesi\u00f3n acu\u00e1tica del Ni\u00f1o Jes\u00fas de Amatitl\u00e1n, cada 3 de mayo es una tradici\u00f3n \u00fanica en Latinoam\u00e9rica. Une a la comunidad en un homenaje lleno de fervor, donde flores, rezos y c\u00e1nticos convierten el recorrido en una celebraci\u00f3n inolvidable en mi memoria durante la infancia.<\/h2>\t\t\t\t<\/div>\n\t\t\t\t\t<\/div>\n\t\t\t\t<\/div>\n\t\t<div data-particle_enable=\"false\" data-particle-mobile-disabled=\"false\" class=\"elementor-element elementor-element-f633583 e-flex e-con-boxed e-con e-parent\" data-id=\"f633583\" data-element_type=\"container\" data-e-type=\"container\">\n\t\t\t\t\t<div class=\"e-con-inner\">\n\t\t\t\t<div class=\"elementor-element elementor-element-4ff84ff elementor-widget elementor-widget-text-editor\" data-id=\"4ff84ff\" data-element_type=\"widget\" data-e-type=\"widget\" data-widget_type=\"text-editor.default\">\n\t\t\t\t\t\t\t\t\t<p><b>Por Beatriz Tercero<\/b><\/p>\t\t\t\t\t\t\t\t<\/div>\n\t\t\t\t\t<\/div>\n\t\t\t\t<\/div>\n\t\t<div data-particle_enable=\"false\" data-particle-mobile-disabled=\"false\" class=\"elementor-element elementor-element-db30076 e-flex e-con-boxed e-con e-parent\" data-id=\"db30076\" data-element_type=\"container\" data-e-type=\"container\">\n\t\t\t\t\t<div class=\"e-con-inner\">\n\t\t\t\t<div class=\"elementor-element elementor-element-34f1a13 elementor-widget elementor-widget-text-editor\" data-id=\"34f1a13\" data-element_type=\"widget\" data-e-type=\"widget\" data-widget_type=\"text-editor.default\">\n\t\t\t\t\t\t\t\t\t<p>\u00bfAlguna vez has visto la procesi\u00f3n acu\u00e1tica del Ni\u00f1o Dios en Amatit\u00e1n? En mi ni\u00f1ez tuve la fortuna de visitar ese particular municipio cada 3 de mayo. Recuerdo que la noche antes del viaje no dorm\u00eda de la emoci\u00f3n que era salir de paseo en el carro de mi abuelo. Mi abuela se levantaba a las 3 de la ma\u00f1ana para preparar la comida. Ella siempre dijo \u201cno hay como llevar comida de casa. Y se gasta menos\u201d.<\/p><p>Mis abuelos levantaban a mi primo, tres a\u00f1os menor que yo, y a m\u00ed a las 5 de la ma\u00f1ana, ya todo estaba listo. El carro ya lo hab\u00eda revisado mi abuelo, y la comida estaba caliente a\u00fan, pero ya todo guardado en el carro, para \u201ccomer algo en el camino\u201d. As\u00ed es como comenzaba mi recorrido desde la ciudad de Guatemala hacia Amatitl\u00e1n cada 3 de mayo en la d\u00e9cada de los 90.<\/p>\t\t\t\t\t\t\t\t<\/div>\n\t\t\t\t\t<\/div>\n\t\t\t\t<\/div>\n\t\t<div data-particle_enable=\"false\" data-particle-mobile-disabled=\"false\" class=\"elementor-element elementor-element-b8be2c4 e-flex e-con-boxed e-con e-parent\" data-id=\"b8be2c4\" data-element_type=\"container\" data-e-type=\"container\">\n\t\t\t\t\t<div class=\"e-con-inner\">\n\t\t\t\t<div class=\"elementor-element elementor-element-7279b28 elementor-widget elementor-widget-image\" data-id=\"7279b28\" data-element_type=\"widget\" data-e-type=\"widget\" data-widget_type=\"image.default\">\n\t\t\t\t\t\t\t\t\t\t\t\t<figure class=\"wp-caption\">\n\t\t\t\t\t\t\t\t\t\t<img fetchpriority=\"high\" decoding=\"async\" width=\"612\" height=\"402\" src=\"https:\/\/soymigrante.com\/revista\/wp-content\/uploads\/2025\/02\/zarquito-nino-dios2.webp\" class=\"attachment-large size-large wp-image-24425\" alt=\"Ni\u00f1o en disfraz de rey en una ceremonia cultural, con trajes tradicionales y detalles dorados.\" srcset=\"https:\/\/soymigrante.com\/revista\/wp-content\/uploads\/2025\/02\/zarquito-nino-dios2.webp 612w, https:\/\/soymigrante.com\/revista\/wp-content\/uploads\/2025\/02\/zarquito-nino-dios2-300x197.jpg 300w\" sizes=\"(max-width: 612px) 100vw, 612px\" title=\"zarquito ni\u00f1o dios2 \u2013 SoyMigrante.com REVISTA\" \/>\t\t\t\t\t\t\t\t\t\t\t<figcaption class=\"widget-image-caption wp-caption-text\">Ni\u00f1o vestido de rey en celebraci\u00f3n cultural con vestimenta tradicional y accesorios dorados.<\/figcaption>\n\t\t\t\t\t\t\t\t\t\t<\/figure>\n\t\t\t\t\t\t\t\t\t<\/div>\n\t\t\t\t\t<\/div>\n\t\t\t\t<\/div>\n\t\t<div data-particle_enable=\"false\" data-particle-mobile-disabled=\"false\" class=\"elementor-element elementor-element-eff993b e-flex e-con-boxed e-con e-parent\" data-id=\"eff993b\" data-element_type=\"container\" data-e-type=\"container\">\n\t\t\t\t\t<div class=\"e-con-inner\">\n\t\t\t\t<div class=\"elementor-element elementor-element-add530e elementor-widget elementor-widget-heading\" data-id=\"add530e\" data-element_type=\"widget\" data-e-type=\"widget\" data-widget_type=\"heading.default\">\n\t\t\t\t\t<h3 class=\"elementor-heading-title elementor-size-default\">Una tradici\u00f3n \u00fanica de m\u00e1s de 70 a\u00f1os<\/h3>\t\t\t\t<\/div>\n\t\t\t\t\t<\/div>\n\t\t\t\t<\/div>\n\t\t<div data-particle_enable=\"false\" data-particle-mobile-disabled=\"false\" class=\"elementor-element elementor-element-ad7eb82 e-flex e-con-boxed e-con e-parent\" data-id=\"ad7eb82\" data-element_type=\"container\" data-e-type=\"container\">\n\t\t\t\t\t<div class=\"e-con-inner\">\n\t\t\t\t<div class=\"elementor-element elementor-element-50e3e7d elementor-widget elementor-widget-text-editor\" data-id=\"50e3e7d\" data-element_type=\"widget\" data-e-type=\"widget\" data-widget_type=\"text-editor.default\">\n\t\t\t\t\t\t\t\t\t<p>La procesi\u00f3n acu\u00e1tica del Ni\u00f1o Dios se revive una vez m\u00e1s cada 3 de mayo en Amatitl\u00e1n. Es una tradici\u00f3n \u00fanica en Latinoam\u00e9rica que se celebra cada 3 de mayo, coincidiendo con el D\u00eda de la Santa Cruz. Esta festividad combina elementos religiosos y culturales, destacando por su recorrido sobre las aguas del Lago de Amatitl\u00e1n, actualmente contaminado significativamente por la degradaci\u00f3n ambiental del \u00e1rea: desechos s\u00f3lidos, entre otros, y por las cianobacterias, que una vez se quisieran contrarrestar con \u201cagua m\u00e1gica\u201d.<\/p>\t\t\t\t\t\t\t\t<\/div>\n\t\t\t\t\t<\/div>\n\t\t\t\t<\/div>\n\t\t<div data-particle_enable=\"false\" data-particle-mobile-disabled=\"false\" class=\"elementor-element elementor-element-77abeb2 e-flex e-con-boxed e-con e-parent\" data-id=\"77abeb2\" data-element_type=\"container\" data-e-type=\"container\">\n\t\t\t\t\t<div class=\"e-con-inner\">\n\t\t\t\t<div class=\"elementor-element elementor-element-10c1f33 elementor-widget elementor-widget-video\" data-id=\"10c1f33\" data-element_type=\"widget\" data-e-type=\"widget\" data-settings=\"{&quot;youtube_url&quot;:&quot;https:\\\/\\\/www.youtube.com\\\/watch?v=M-ofwMpazSs&quot;,&quot;video_type&quot;:&quot;youtube&quot;,&quot;controls&quot;:&quot;yes&quot;}\" data-widget_type=\"video.default\">\n\t\t\t\t\t\t\t<div class=\"elementor-wrapper elementor-open-inline\">\n\t\t\t<div class=\"elementor-video\"><\/div>\t\t<\/div>\n\t\t\t\t\t\t<\/div>\n\t\t\t\t\t<\/div>\n\t\t\t\t<\/div>\n\t\t<div data-particle_enable=\"false\" data-particle-mobile-disabled=\"false\" class=\"elementor-element elementor-element-a84082a e-flex e-con-boxed e-con e-parent\" data-id=\"a84082a\" data-element_type=\"container\" data-e-type=\"container\">\n\t\t\t\t\t<div class=\"e-con-inner\">\n\t\t\t\t<div class=\"elementor-element elementor-element-00f7037 elementor-widget elementor-widget-heading\" data-id=\"00f7037\" data-element_type=\"widget\" data-e-type=\"widget\" data-widget_type=\"heading.default\">\n\t\t\t\t\t<h3 class=\"elementor-heading-title elementor-size-default\">\u00bfQui\u00e9n es el Zarquito?<\/h3>\t\t\t\t<\/div>\n\t\t\t\t\t<\/div>\n\t\t\t\t<\/div>\n\t\t<div data-particle_enable=\"false\" data-particle-mobile-disabled=\"false\" class=\"elementor-element elementor-element-d2ac978 e-flex e-con-boxed e-con e-parent\" data-id=\"d2ac978\" data-element_type=\"container\" data-e-type=\"container\">\n\t\t\t\t\t<div class=\"e-con-inner\">\n\t\t\t\t<div class=\"elementor-element elementor-element-043c6b4 elementor-widget elementor-widget-text-editor\" data-id=\"043c6b4\" data-element_type=\"widget\" data-e-type=\"widget\" data-widget_type=\"text-editor.default\">\n\t\t\t\t\t\t\t\t\t<p>Desde 1947, la procesi\u00f3n acu\u00e1tica se ha consolidado como el evento principal de la festividad. Cada 3 de mayo, la imagen del Ni\u00f1o Dios, conocida cari\u00f1osamente como &#8220;El Zarquito&#8221; por sus ojos verdes, es llevada en una embarcaci\u00f3n adornada con flores y acompa\u00f1ada por numerosas lanchas que recorren el lago.<span style=\"color: var( --e-global-color-text );text-align: var(--text-align)\">Esta manifestaci\u00f3n de fe es \u00fanica en su tipo en Latinoam\u00e9rica.<\/span><\/p>\n<p>Durante el recorrido, es com\u00fan observar alfombras<a href=\"https:\/\/soymigrante.com\/revista\/isla-de-flores-en-peten-tesoro-cultural-nominado-a-la-lista-best-tourism-villages-2024\/\" target=\"_blank\" rel=\"noopener\"> de flores&nbsp;<\/a>flotando sobre el agua, preparadas por los feligreses para honrar al Ni\u00f1o Dios. Adem\u00e1s, se realizan bailes de lanchas y se disfrutan de comidas tradicionales como dulces de az\u00facar, pescas y mojarras del lago, enriqueciendo la celebraci\u00f3n con sabores locales.<\/p>\n<p>Recuerdo una sola vez que sub\u00ed en lancha con mi abuelo para acompa\u00f1ar la procesi\u00f3n, el sonido del motor de la lancha,&nbsp;<a href=\"https:\/\/soymigrante.com\/revista\/san-marcos-la-laguna-pueblos-del-lago-de-atitlan\/\" target=\"_blank\">el golpeteo con el agua<\/a>&nbsp;y la vista de casas viejas a la orilla del lago, eran parte de un recorrido particular. Al llegar a un punto, apenas recuerdo que bajaban o extra\u00edan al Ni\u00f1o Dios de una peque\u00f1a cueva de piedras.<\/p>\t\t\t\t\t\t\t\t<\/div>\n\t\t\t\t\t<\/div>\n\t\t\t\t<\/div>\n\t\t<div data-particle_enable=\"false\" data-particle-mobile-disabled=\"false\" class=\"elementor-element elementor-element-44f4d0b e-flex e-con-boxed e-con e-parent\" data-id=\"44f4d0b\" data-element_type=\"container\" data-e-type=\"container\">\n\t\t\t\t\t<div class=\"e-con-inner\">\n\t\t\t\t<div class=\"elementor-element elementor-element-c141f6e elementor-widget elementor-widget-video\" data-id=\"c141f6e\" data-element_type=\"widget\" data-e-type=\"widget\" data-settings=\"{&quot;youtube_url&quot;:&quot;https:\\\/\\\/www.youtube.com\\\/watch?v=gHm_Vu_g7DE&quot;,&quot;video_type&quot;:&quot;youtube&quot;,&quot;controls&quot;:&quot;yes&quot;}\" data-widget_type=\"video.default\">\n\t\t\t\t\t\t\t<div class=\"elementor-wrapper elementor-open-inline\">\n\t\t\t<div class=\"elementor-video\"><\/div>\t\t<\/div>\n\t\t\t\t\t\t<\/div>\n\t\t\t\t\t<\/div>\n\t\t\t\t<\/div>\n\t\t<div data-particle_enable=\"false\" data-particle-mobile-disabled=\"false\" class=\"elementor-element elementor-element-e7baf87 e-flex e-con-boxed e-con e-parent\" data-id=\"e7baf87\" data-element_type=\"container\" data-e-type=\"container\">\n\t\t\t\t\t<div class=\"e-con-inner\">\n\t\t\t\t<div class=\"elementor-element elementor-element-e653bc3 elementor-widget elementor-widget-heading\" data-id=\"e653bc3\" data-element_type=\"widget\" data-e-type=\"widget\" data-widget_type=\"heading.default\">\n\t\t\t\t\t<h3 class=\"elementor-heading-title elementor-size-default\">Flashazos de colores, sabores y aventuras<\/h3>\t\t\t\t<\/div>\n\t\t\t\t\t<\/div>\n\t\t\t\t<\/div>\n\t\t<div data-particle_enable=\"false\" data-particle-mobile-disabled=\"false\" class=\"elementor-element elementor-element-47b23d7 e-flex e-con-boxed e-con e-parent\" data-id=\"47b23d7\" data-element_type=\"container\" data-e-type=\"container\">\n\t\t\t\t\t<div class=\"e-con-inner\">\n\t\t\t\t<div class=\"elementor-element elementor-element-b88b613 elementor-widget elementor-widget-text-editor\" data-id=\"b88b613\" data-element_type=\"widget\" data-e-type=\"widget\" data-widget_type=\"text-editor.default\">\n\t\t\t\t\t\t\t\t\t<p>Al llegar al Lago de Amatitl\u00e1n lo primero era encontrar un parqueo cerca del lago. Entre mis lejanos recuerdos, la costumbre de mi abuela que ahora tiene 87 a\u00f1os, era siempre visitar la iglesia del lugar. A veces lleg\u00e1bamos justo a la misa. As\u00ed que con mi primo impaciente esper\u00e1bamos a terminar la misa para ira a la feria.<\/p><p><a style=\"text-align: var(--text-align)\" href=\"https:\/\/soymigrante.com\/revista\/fiestas-patronales-en-guatemala-busque-su-municipio\/\" target=\"_blank\" rel=\"noopener\">La feria la ubicaban en las cercan\u00edas del lago.<\/a>El olor de la comida, sobre todo del atol de elote, era algo que siempre se deb\u00eda comprar. Las ventas de dulces t\u00edpicos era el momento perfecto para que mi abuela se consintiera y comprara mazap\u00e1n, su dulce favorito.<\/p><p>\u00a0Luego de pasear un rato, entre la caminata miraba con tanto deseo el puesto de la feria. Recuerdo que en estas sol\u00edan poner un puesto de Go Kart. No ped\u00eda m\u00e1s, solo subirme a uno de esos carros y ponerme a correr. Las primeras veces solo yo sub\u00eda pues mi primo era m\u00e1s peque\u00f1o, conforme crecimos ya pid\u00edamos competir entre ambos.<\/p><p>M\u00e1s tarde, al llegar la noche \u00edbamos ya a la feria para cenar algo. \u201cQuiere su atol de elote\u201d, \u201cPase adelante\u201d, \u201c\u00bfUn sombrero para el nene y la nena?\u201d&#8230; y as\u00ed transcurr\u00eda mi paso por la feria de Amatitl\u00e1n.<\/p>\t\t\t\t\t\t\t\t<\/div>\n\t\t\t\t\t<\/div>\n\t\t\t\t<\/div>\n\t\t<div data-particle_enable=\"false\" data-particle-mobile-disabled=\"false\" class=\"elementor-element elementor-element-d5b8e49 e-flex e-con-boxed e-con e-parent\" data-id=\"d5b8e49\" data-element_type=\"container\" data-e-type=\"container\">\n\t\t\t\t\t<div class=\"e-con-inner\">\n\t\t\t\t<div class=\"elementor-element elementor-element-32ba511 elementor-widget elementor-widget-html\" data-id=\"32ba511\" data-element_type=\"widget\" data-e-type=\"widget\" data-widget_type=\"html.default\">\n\t\t\t\t\t<iframe src=\"https:\/\/www.facebook.com\/plugins\/video.php?height=314&href=https%3A%2F%2Fwww.facebook.com%2F100076250111594%2Fvideos%2F613623515025819%2F&show_text=true&width=560&t=0\" width=\"560\" height=\"429\" style=\"border:none;overflow:hidden\" scrolling=\"no\" frameborder=\"0\" allowfullscreen=\"true\" allow=\"autoplay; clipboard-write; encrypted-media; picture-in-picture; web-share\" allowFullScreen=\"true\"><\/iframe>\t\t\t\t<\/div>\n\t\t\t\t\t<\/div>\n\t\t\t\t<\/div>\n\t\t<div data-particle_enable=\"false\" data-particle-mobile-disabled=\"false\" class=\"elementor-element elementor-element-7953cc9 e-flex e-con-boxed e-con e-parent\" data-id=\"7953cc9\" data-element_type=\"container\" data-e-type=\"container\">\n\t\t\t\t\t<div class=\"e-con-inner\">\n\t\t\t\t<div class=\"elementor-element elementor-element-ffd3603 elementor-widget elementor-widget-heading\" data-id=\"ffd3603\" data-element_type=\"widget\" data-e-type=\"widget\" data-widget_type=\"heading.default\">\n\t\t\t\t\t<h3 class=\"elementor-heading-title elementor-size-default\">\u00bfSab\u00edas que el pueblo Pampich\u00ed habit\u00f3 el lago de Amatitl\u00e1n?<\/h3>\t\t\t\t<\/div>\n\t\t\t\t\t<\/div>\n\t\t\t\t<\/div>\n\t\t<div data-particle_enable=\"false\" data-particle-mobile-disabled=\"false\" class=\"elementor-element elementor-element-a1db12f e-flex e-con-boxed e-con e-parent\" data-id=\"a1db12f\" data-element_type=\"container\" data-e-type=\"container\">\n\t\t\t\t\t<div class=\"e-con-inner\">\n\t\t\t\t<div class=\"elementor-element elementor-element-afcb103 elementor-widget elementor-widget-text-editor\" data-id=\"afcb103\" data-element_type=\"widget\" data-e-type=\"widget\" data-widget_type=\"text-editor.default\">\n\t\t\t\t\t\t\t\t\t<p><a style=\"text-align: var(--text-align)\" href=\"https:\/\/soymigrante.com\/revista\/el-robo-del-nino-dios-una-tradicion-peculiar-de-guatemala\/\" target=\"_blank\" rel=\"noopener\">La veneraci\u00f3n al Ni\u00f1o Dios<\/a>de Amatitl\u00e1n se remonta al siglo XVII, aproximadamente en 1635, cuando el pueblo Pampich\u00ed, ubicado a orillas del lago, inici\u00f3 esta tradici\u00f3n en una sencilla iglesia con techo de paja, seg\u00fan el sitio Cucuruchu En Guatemala. Con el tiempo, la devoci\u00f3n creci\u00f3, y la imagen del Ni\u00f1o Dios se convirti\u00f3 en un s\u00edmbolo de fe para los habitantes de la regi\u00f3n.<\/p>\t\t\t\t\t\t\t\t<\/div>\n\t\t\t\t\t<\/div>\n\t\t\t\t<\/div>\n\t\t<div data-particle_enable=\"false\" data-particle-mobile-disabled=\"false\" class=\"elementor-element elementor-element-ec6cdeb e-flex e-con-boxed e-con e-parent\" data-id=\"ec6cdeb\" data-element_type=\"container\" data-e-type=\"container\">\n\t\t\t\t\t<div class=\"e-con-inner\">\n\t\t\t\t<div class=\"elementor-element elementor-element-2e1df18 elementor-widget elementor-widget-video\" data-id=\"2e1df18\" data-element_type=\"widget\" data-e-type=\"widget\" data-settings=\"{&quot;youtube_url&quot;:&quot;https:\\\/\\\/www.youtube.com\\\/watch?v=YpQ5DJcI5zY&quot;,&quot;video_type&quot;:&quot;youtube&quot;,&quot;controls&quot;:&quot;yes&quot;}\" data-widget_type=\"video.default\">\n\t\t\t\t\t\t\t<div class=\"elementor-wrapper elementor-open-inline\">\n\t\t\t<div class=\"elementor-video\"><\/div>\t\t<\/div>\n\t\t\t\t\t\t<\/div>\n\t\t\t\t\t<\/div>\n\t\t\t\t<\/div>\n\t\t<div data-particle_enable=\"false\" data-particle-mobile-disabled=\"false\" class=\"elementor-element elementor-element-86bc719 e-flex e-con-boxed e-con e-parent\" data-id=\"86bc719\" data-element_type=\"container\" data-e-type=\"container\">\n\t\t\t\t\t<div class=\"e-con-inner\">\n\t\t\t\t<div class=\"elementor-element elementor-element-ae96d4f elementor-widget elementor-widget-heading\" data-id=\"ae96d4f\" data-element_type=\"widget\" data-e-type=\"widget\" data-widget_type=\"heading.default\">\n\t\t\t\t\t<h3 class=\"elementor-heading-title elementor-size-default\">El olor a las mojarras fritas<\/h3>\t\t\t\t<\/div>\n\t\t\t\t\t<\/div>\n\t\t\t\t<\/div>\n\t\t<div data-particle_enable=\"false\" data-particle-mobile-disabled=\"false\" class=\"elementor-element elementor-element-7b4afd2 e-flex e-con-boxed e-con e-parent\" data-id=\"7b4afd2\" data-element_type=\"container\" data-e-type=\"container\">\n\t\t\t\t\t<div class=\"e-con-inner\">\n\t\t\t\t<div class=\"elementor-element elementor-element-0c1d5c6 elementor-widget elementor-widget-text-editor\" data-id=\"0c1d5c6\" data-element_type=\"widget\" data-e-type=\"widget\" data-widget_type=\"text-editor.default\">\n\t\t\t\t\t\t\t\t\t<p>La procesi\u00f3n acu\u00e1tica del Ni\u00f1o Dios de Amatitl\u00e1n es m\u00e1s que una celebraci\u00f3n religiosa; es una manifestaci\u00f3n cultural\u00a0<a style=\"text-align: var(--text-align);\" href=\"https:\/\/soymigrante.com\/revista\/ecoturismo-en-guatemala\/\" target=\"_blank\" rel=\"noopener\">que fortalece la identidad de la comunidad.<\/a><\/p><p>Pero en nuestro caso, como capitalinos tambi\u00e9n aprovechamos para ir a los antiguos balnearios de &#8220;agua nacida&#8221;, comer mojarras fritas en alg\u00fan restaurante o venta a la orilla del lago, y jugar en los juegos mec\u00e1nicos de la \u00e9poca, gracias al amor de mis abuelos.<\/p><p>As\u00ed es como recuerdo el 3 de mayo en la festividad del Ni\u00f1o Dios, &#8220;El Zarquito&#8221; de Amatitl\u00e1n, en un recorrido que sal\u00eda del pueblo hacia las aguas del lago donde se obervaba la pesca y un lago, para mi edad, turbulento.<\/p><p>\u00a0<\/p>\t\t\t\t\t\t\t\t<\/div>\n\t\t\t\t\t<\/div>\n\t\t\t\t<\/div>\n\t\t<div data-particle_enable=\"false\" data-particle-mobile-disabled=\"false\" class=\"elementor-element elementor-element-09362c5 e-flex e-con-boxed e-con e-parent\" data-id=\"09362c5\" data-element_type=\"container\" data-e-type=\"container\">\n\t\t\t\t\t<div class=\"e-con-inner\">\n\t\t\t\t<div class=\"elementor-element elementor-element-ac8a5b9 elementor-widget elementor-widget-heading\" data-id=\"ac8a5b9\" data-element_type=\"widget\" data-e-type=\"widget\" data-widget_type=\"heading.default\">\n\t\t\t\t\t<h2 class=\"elementor-heading-title elementor-size-default\">Lugares por explorar<\/h2>\t\t\t\t<\/div>\n\t\t\t\t\t<\/div>\n\t\t\t\t<\/div>\n\t\t<div data-particle_enable=\"false\" data-particle-mobile-disabled=\"false\" class=\"elementor-element elementor-element-d1ff02f e-flex e-con-boxed e-con e-parent\" data-id=\"d1ff02f\" data-element_type=\"container\" data-e-type=\"container\">\n\t\t\t\t\t<div class=\"e-con-inner\">\n\t\t\t\t<div class=\"elementor-element elementor-element-d92f4a1 elementor-grid-eael-col-3 elementor-grid-tablet-eael-col-2 elementor-grid-mobile-eael-col-1 elementor-widget elementor-widget-eael-post-grid\" data-id=\"d92f4a1\" data-element_type=\"widget\" data-e-type=\"widget\" data-settings=\"{&quot;eael_post_grid_columns&quot;:&quot;eael-col-3&quot;,&quot;eael_post_grid_columns_tablet&quot;:&quot;eael-col-2&quot;,&quot;eael_post_grid_columns_mobile&quot;:&quot;eael-col-1&quot;}\" data-widget_type=\"eael-post-grid.default\">\n\t\t\t\t\t<div id=\"eael-post-grid-d92f4a1\" class=\"eael-post-grid-container\">\n            <div class=\"eael-post-grid eael-post-appender eael-post-appender-d92f4a1 eael-post-grid-style-one\" data-layout-mode=\"masonry\"><article class=\"eael-grid-post  eael-post-grid-column eael-pg-post-8528 category-guate-nuestra\" data-id=\"8528\">\n        <div class=\"eael-grid-post-holder\">\n            <div class=\"eael-grid-post-holder-inner\"><div class=\"eael-entry-media\"><div class=\"eael-entry-overlay fade-in\"><i class=\"far fa-hand-pointer\" aria-hidden=\"true\"><\/i><a href=\"https:\/\/soymigrante.com\/revista\/7-curiosidades-del-sitio-arqueologico-maya-quirigua-que-quiza-ya-sabias-o-tal-vez-no\/\"><\/a><\/div><div class=\"eael-entry-thumbnail \">\n                <img decoding=\"async\" width=\"612\" height=\"612\" src=\"https:\/\/soymigrante.com\/revista\/wp-content\/uploads\/2024\/08\/quirigua-2.webp\" class=\"attachment-large size-large wp-image-8889\" alt=\"Arte maya en piedra, escultura monumental ancestral, relieves arqueol\u00f3gicos de la cultura precolombina en M\u00e9xico.\" srcset=\"https:\/\/soymigrante.com\/revista\/wp-content\/uploads\/2024\/08\/quirigua-2.webp 612w, https:\/\/soymigrante.com\/revista\/wp-content\/uploads\/2024\/08\/quirigua-2-300x300.webp 300w, https:\/\/soymigrante.com\/revista\/wp-content\/uploads\/2024\/08\/quirigua-2-150x150.webp 150w, https:\/\/soymigrante.com\/revista\/wp-content\/uploads\/2024\/08\/quirigua-2-75x75.webp 75w\" sizes=\"(max-width: 612px) 100vw, 612px\" \/>\n            <\/div>\n        <\/div><div class=\"eael-entry-wrapper\"><header class=\"eael-entry-header\"><h2 class=\"eael-entry-title\"><a class=\"eael-grid-post-link\" href=\"https:\/\/soymigrante.com\/revista\/7-curiosidades-del-sitio-arqueologico-maya-quirigua-que-quiza-ya-sabias-o-tal-vez-no\/\" title=\"El majestuoso sitio arqueol\u00f3gico maya de Quirigu\u00e1: 7 detalles que tal vez ya conoc\u00edas (o quiz\u00e1 no)\">El majestuoso sitio arqueol\u00f3gico maya de Quirigu\u00e1: 7 detalles que tal vez ya conoc\u00edas (o quiz\u00e1 no)<\/a><\/h2><\/header><div class=\"eael-entry-content\">\n                        <div class=\"eael-grid-post-excerpt\"><a href=\"https:\/\/soymigrante.com\/revista\/7-curiosidades-del-sitio-arqueologico-maya-quirigua-que-quiza-ya-sabias-o-tal-vez-no\/\" class=\"eael-post-elements-readmore-btn\">CONOCE SU HISTORIA <\/a><\/div>\n                    <\/div><\/div><\/div>\n        <\/div>\n    <\/article><article class=\"eael-grid-post  eael-post-grid-column eael-pg-post-21465 category-guate-nuestra\" data-id=\"21465\">\n        <div class=\"eael-grid-post-holder\">\n            <div class=\"eael-grid-post-holder-inner\"><div class=\"eael-entry-media\"><div class=\"eael-entry-overlay fade-in\"><i class=\"far fa-hand-pointer\" aria-hidden=\"true\"><\/i><a href=\"https:\/\/soymigrante.com\/revista\/sabias-que-bajo-las-aguas-del-lago-atitlan-esta-el-sitio-maya-samabaj\/\"><\/a><\/div><div class=\"eael-entry-thumbnail \">\n                <img decoding=\"async\" width=\"1024\" height=\"1024\" src=\"https:\/\/soymigrante.com\/revista\/wp-content\/uploads\/2025\/01\/samabaj-atitaln-3-1024x1024.jpg\" class=\"attachment-large size-large wp-image-21510\" alt=\"Cr\u00e1ter del volc\u00e1n cerca de un lago en Indonesia con paisaje natural y vegetaci\u00f3n en primer plano.\" srcset=\"https:\/\/soymigrante.com\/revista\/wp-content\/uploads\/2025\/01\/samabaj-atitaln-3-1024x1024.jpg 1024w, https:\/\/soymigrante.com\/revista\/wp-content\/uploads\/2025\/01\/samabaj-atitaln-3-300x300.jpg 300w, https:\/\/soymigrante.com\/revista\/wp-content\/uploads\/2025\/01\/samabaj-atitaln-3-150x150.jpg 150w, https:\/\/soymigrante.com\/revista\/wp-content\/uploads\/2025\/01\/samabaj-atitaln-3-768x768.jpg 768w, https:\/\/soymigrante.com\/revista\/wp-content\/uploads\/2025\/01\/samabaj-atitaln-3-1536x1536.jpg 1536w, https:\/\/soymigrante.com\/revista\/wp-content\/uploads\/2025\/01\/samabaj-atitaln-3-2048x2048.jpg 2048w, https:\/\/soymigrante.com\/revista\/wp-content\/uploads\/2025\/01\/samabaj-atitaln-3-75x75.webp 75w, https:\/\/soymigrante.com\/revista\/wp-content\/uploads\/2025\/01\/samabaj-atitaln-3-750x750.webp 750w, https:\/\/soymigrante.com\/revista\/wp-content\/uploads\/2025\/01\/samabaj-atitaln-3-1140x1140.webp 1140w, https:\/\/soymigrante.com\/revista\/wp-content\/uploads\/2025\/01\/samabaj-atitaln-3-scaled.webp 1920w\" sizes=\"(max-width: 1024px) 100vw, 1024px\" \/>\n            <\/div>\n        <\/div><div class=\"eael-entry-wrapper\"><header class=\"eael-entry-header\"><h2 class=\"eael-entry-title\"><a class=\"eael-grid-post-link\" href=\"https:\/\/soymigrante.com\/revista\/sabias-que-bajo-las-aguas-del-lago-atitlan-esta-el-sitio-maya-samabaj\/\" title=\"\u00bfPor qu\u00e9 al sitio prehisp\u00e1nico Samabaj en Atitl\u00e1n le dicen la Atl\u00e1ntida maya?\">\u00bfPor qu\u00e9 al sitio prehisp\u00e1nico Samabaj en Atitl\u00e1n le dicen la Atl\u00e1ntida maya?<\/a><\/h2><\/header><div class=\"eael-entry-content\">\n                        <div class=\"eael-grid-post-excerpt\"><a href=\"https:\/\/soymigrante.com\/revista\/sabias-que-bajo-las-aguas-del-lago-atitlan-esta-el-sitio-maya-samabaj\/\" class=\"eael-post-elements-readmore-btn\">CONOCE SU HISTORIA <\/a><\/div>\n                    <\/div><\/div><\/div>\n        <\/div>\n    <\/article><article class=\"eael-grid-post  eael-post-grid-column eael-pg-post-17223 category-guate-nuestra\" data-id=\"17223\">\n        <div class=\"eael-grid-post-holder\">\n            <div class=\"eael-grid-post-holder-inner\"><div class=\"eael-entry-media\"><div class=\"eael-entry-overlay fade-in\"><i class=\"far fa-hand-pointer\" aria-hidden=\"true\"><\/i><a href=\"https:\/\/soymigrante.com\/revista\/isla-de-flores-en-peten-tesoro-cultural-nominado-a-la-lista-best-tourism-villages-2024\/\"><\/a><\/div><div class=\"eael-entry-thumbnail \">\n                <img loading=\"lazy\" decoding=\"async\" width=\"831\" height=\"831\" src=\"https:\/\/soymigrante.com\/revista\/wp-content\/uploads\/2024\/12\/Flores-peten-Inguat-copia.webp\" class=\"attachment-large size-large wp-image-17287\" alt=\"Puerto fluvial con casas tradicionales en un pueblo cercano a un r\u00edo, reflejando cultura y vida local, ideal para temas de migraci\u00f3n, historias de comunidad y turismo en M\u00e9xico.\" srcset=\"https:\/\/soymigrante.com\/revista\/wp-content\/uploads\/2024\/12\/Flores-peten-Inguat-copia.webp 831w, https:\/\/soymigrante.com\/revista\/wp-content\/uploads\/2024\/12\/Flores-peten-Inguat-copia-300x300.jpg 300w, https:\/\/soymigrante.com\/revista\/wp-content\/uploads\/2024\/12\/Flores-peten-Inguat-copia-150x150.jpg 150w, https:\/\/soymigrante.com\/revista\/wp-content\/uploads\/2024\/12\/Flores-peten-Inguat-copia-768x768.jpg 768w, https:\/\/soymigrante.com\/revista\/wp-content\/uploads\/2024\/12\/Flores-peten-Inguat-copia-75x75.webp 75w, https:\/\/soymigrante.com\/revista\/wp-content\/uploads\/2024\/12\/Flores-peten-Inguat-copia-750x750.webp 750w\" sizes=\"(max-width: 831px) 100vw, 831px\" \/>\n            <\/div>\n        <\/div><div class=\"eael-entry-wrapper\"><header class=\"eael-entry-header\"><h2 class=\"eael-entry-title\"><a class=\"eael-grid-post-link\" href=\"https:\/\/soymigrante.com\/revista\/isla-de-flores-en-peten-tesoro-cultural-nominado-a-la-lista-best-tourism-villages-2024\/\" title=\"Isla de Flores en Pet\u00e9n:\u00a0 Tesoro cultural nominado a la lista Best Tourism Villages 2024\">Isla de Flores en Pet\u00e9n:\u00a0 Tesoro cultural nominado a la lista Best Tourism Villages 2024<\/a><\/h2><\/header><div class=\"eael-entry-content\">\n                        <div class=\"eael-grid-post-excerpt\"><a href=\"https:\/\/soymigrante.com\/revista\/isla-de-flores-en-peten-tesoro-cultural-nominado-a-la-lista-best-tourism-villages-2024\/\" class=\"eael-post-elements-readmore-btn\">CONOCE SU HISTORIA <\/a><\/div>\n                    <\/div><\/div><\/div>\n        <\/div>\n    <\/article><\/div>\n            <div class=\"clearfix\"><\/div>\n        <\/div>\t\t\t\t<\/div>\n\t\t\t\t\t<\/div>\n\t\t\t\t<\/div>\n\t\t\t\t<\/div>\n\t\t","protected":false},"excerpt":{"rendered":"<p>La procesi\u00f3n acu\u00e1tica del Ni\u00f1o Jes\u00fas de Amatitl\u00e1n, cada 3 de mayo es una tradici\u00f3n \u00fanica en Latinoam\u00e9rica. Une a la comunidad en un homenaje lleno de fervor, donde flores, rezos y c\u00e1nticos convierten el recorrido en una celebraci\u00f3n inolvidable en mi memoria durante la infancia. Por Beatriz Tercero \u00bfAlguna vez has visto la procesi\u00f3n [&hellip;]<\/p>\n","protected":false},"author":1,"featured_media":31492,"comment_status":"open","ping_status":"open","sticky":false,"template":"","format":"standard","meta":{"_acf_changed":false,"_eb_attr":"","footnotes":""},"categories":[58],"tags":[272],"class_list":["post-24378","post","type-post","status-publish","format-standard","has-post-thumbnail","hentry","category-guate-nuestra","tag-calendario-de-ferias"],"acf":[],"aioseo_notices":[],"aioseo_head":"\n\t\t<!-- All in One SEO Pro 4.9.6.2 - aioseo.com -->\n\t<meta name=\"description\" content=\"La Isla de Flores, en el majestuoso Lago Pet\u00e9n Itz\u00e1, Guatemala fue nominada a Best Tourism Villages 2024. No pas\u00f3 a la lista final, pero su magia es innegable.\" \/>\n\t<meta name=\"robots\" content=\"max-snippet:-1, max-image-preview:large, max-video-preview:-1\" \/>\n\t<meta name=\"author\" content=\"Beatriz Tercero\"\/>\n\t<link rel=\"canonical\" href=\"https:\/\/soymigrante.com\/revista\/isla-de-flores-en-peten-tesoro-cultural-nominado-a-la-lista-best-tourism-villages-2024\/\" \/>\n\t<meta name=\"generator\" content=\"All in One SEO Pro (AIOSEO) 4.9.6.2\" \/>\n\n\t\t<link rel=\"preconnect\" href=\"https:\/\/fonts.googleapis.com\" crossorigin>\n<link rel=\"preconnect\" href=\"https:\/\/fonts.gstatic.com\" crossorigin>\n\t\t<meta property=\"og:locale\" content=\"es_ES\" \/>\n\t\t<meta property=\"og:site_name\" content=\"SoyMigrante.com REVISTA \u2013 Nuestra misi\u00f3n es reconocer y dignificar al migrante.\" \/>\n\t\t<meta property=\"og:type\" content=\"article\" \/>\n\t\t<meta property=\"og:title\" content=\"Isla de Flores: un tesoro cultural con historia y magia propia\" \/>\n\t\t<meta property=\"og:description\" content=\"La Isla de Flores, en el majestuoso Lago Pet\u00e9n Itz\u00e1, Guatemala fue nominada a Best Tourism Villages 2024. No pas\u00f3 a la lista final, pero su magia es innegable.\" \/>\n\t\t<meta property=\"og:url\" content=\"https:\/\/soymigrante.com\/revista\/isla-de-flores-en-peten-tesoro-cultural-nominado-a-la-lista-best-tourism-villages-2024\/\" \/>\n\t\t<meta property=\"og:image\" content=\"https:\/\/soymigrante.com\/revista\/wp-content\/uploads\/2024\/12\/Flores-peten-Inguat-copia.webp\" \/>\n\t\t<meta property=\"og:image:secure_url\" content=\"https:\/\/soymigrante.com\/revista\/wp-content\/uploads\/2024\/12\/Flores-peten-Inguat-copia.webp\" \/>\n\t\t<meta property=\"og:image:width\" content=\"831\" \/>\n\t\t<meta property=\"og:image:height\" content=\"831\" \/>\n\t\t<meta property=\"article:published_time\" content=\"2024-12-21T22:58:17+00:00\" \/>\n\t\t<meta property=\"article:modified_time\" content=\"2024-12-21T23:57:43+00:00\" \/>\n\t\t<meta property=\"article:publisher\" content=\"https:\/\/www.facebook.com\/soymigrantecom\" \/>\n\t\t<meta name=\"twitter:card\" content=\"summary_large_image\" \/>\n\t\t<meta name=\"twitter:site\" content=\"@SoyMigrante_com\" \/>\n\t\t<meta name=\"twitter:title\" content=\"Isla de Flores: un tesoro cultural con historia y magia propia\" \/>\n\t\t<meta name=\"twitter:description\" content=\"La Isla de Flores, en el majestuoso Lago Pet\u00e9n Itz\u00e1, Guatemala fue nominada a Best Tourism Villages 2024. No pas\u00f3 a la lista final, pero su magia es innegable.\" \/>\n\t\t<meta name=\"twitter:creator\" content=\"@SoyMigrante_com\" \/>\n\t\t<meta name=\"twitter:image\" content=\"https:\/\/soymigrante.com\/revista\/wp-content\/uploads\/2024\/12\/Flores-peten-Inguat-copia.webp\" \/>\n\t\t<!-- All in One SEO Pro -->\r\n\t\t<title>Isla de Flores: un tesoro cultural con historia y magia propia<\/title>\n\n","aioseo_head_json":{"title":"Isla de Flores: un tesoro cultural con historia y magia propia","description":"La Isla de Flores, en el majestuoso Lago Pet\u00e9n Itz\u00e1, Guatemala fue nominada a Best Tourism Villages 2024. No pas\u00f3 a la lista final, pero su magia es innegable.","canonical_url":"https:\/\/soymigrante.com\/revista\/isla-de-flores-en-peten-tesoro-cultural-nominado-a-la-lista-best-tourism-villages-2024\/","robots":"max-snippet:-1, max-image-preview:large, max-video-preview:-1","keywords":"","webmasterTools":{"miscellaneous":"&lt;link rel=\"preconnect\" href=\"https:\/\/fonts.googleapis.com\" crossorigin&gt;\n&lt;link rel=\"preconnect\" href=\"https:\/\/fonts.gstatic.com\" crossorigin&gt;"},"schema":null,"og:locale":"es_ES","og:site_name":"SoyMigrante.com REVISTA \u2013 Nuestra misi\u00f3n es reconocer y dignificar al migrante.","og:type":"article","og:title":"Isla de Flores: un tesoro cultural con historia y magia propia","og:description":"La Isla de Flores, en el majestuoso Lago Pet\u00e9n Itz\u00e1, Guatemala fue nominada a Best Tourism Villages 2024. No pas\u00f3 a la lista final, pero su magia es innegable.","og:url":"https:\/\/soymigrante.com\/revista\/isla-de-flores-en-peten-tesoro-cultural-nominado-a-la-lista-best-tourism-villages-2024\/","og:image":"https:\/\/soymigrante.com\/revista\/wp-content\/uploads\/2024\/12\/Flores-peten-Inguat-copia.webp","og:image:secure_url":"https:\/\/soymigrante.com\/revista\/wp-content\/uploads\/2024\/12\/Flores-peten-Inguat-copia.webp","og:image:width":831,"og:image:height":831,"article:published_time":"2024-12-21T22:58:17+00:00","article:modified_time":"2024-12-21T23:57:43+00:00","article:publisher":"https:\/\/www.facebook.com\/soymigrantecom","twitter:card":"summary_large_image","twitter:site":"@SoyMigrante_com","twitter:title":"Isla de Flores: un tesoro cultural con historia y magia propia","twitter:description":"La Isla de Flores, en el majestuoso Lago Pet\u00e9n Itz\u00e1, Guatemala fue nominada a Best Tourism Villages 2024. No pas\u00f3 a la lista final, pero su magia es innegable.","twitter:creator":"@SoyMigrante_com","twitter:image":"https:\/\/soymigrante.com\/revista\/wp-content\/uploads\/2024\/12\/Flores-peten-Inguat-copia.webp"},"aioseo_meta_data":{"post_id":"24378","title":"Procesi\u00f3n acu\u00e1tica del Ni\u00f1o Dios en Amatitl\u00e1n: Fe y tradici\u00f3n","description":"Las aguas del Lago de Amatitl\u00e1n reflejan m\u00e1s que paisajes: llevan consigo siglos de fe y veneraci\u00f3n al Ni\u00f1o Dios \"Zarquito\" festejados cada 3 de mayo.","keywords":null,"keyphrases":{"focus":{"keyphrase":"procesi\u00f3n acu\u00e1tica","score":51,"analysis":{"keyphraseInTitle":{"score":9,"maxScore":9,"error":0},"keyphraseInDescription":{"score":3,"maxScore":9,"error":1},"keyphraseLength":{"score":9,"maxScore":9,"error":0,"length":4},"keyphraseInURL":{"score":5,"maxScore":5,"error":0},"keyphraseInIntroduction":{"score":3,"maxScore":9,"error":1},"keyphraseInSubHeadings":{"score":3,"maxScore":9,"error":1},"keyphraseInImageAlt":{"score":3,"maxScore":9,"error":1},"keywordDensity":{"score":0,"type":"low","maxScore":9,"error":1}}},"additional":[{"keyphrase":"Amatitl\u00e1n","score":73,"analysis":{"keyphraseInDescription":{"score":9,"maxScore":9,"error":0},"keyphraseLength":{"score":9,"maxScore":9,"error":0,"length":2},"keyphraseInIntroduction":{"score":3,"maxScore":9,"error":1},"keyphraseInImageAlt":{"score":3,"maxScore":9,"error":1},"keywordDensity":{"type":"best","score":9,"maxScore":9,"error":0}}},{"keyphrase":"Ni\u00f1o Dios","score":73,"analysis":{"keyphraseInDescription":{"score":9,"maxScore":9,"error":0},"keyphraseLength":{"score":9,"maxScore":9,"error":0,"length":3},"keyphraseInIntroduction":{"score":3,"maxScore":9,"error":1},"keyphraseInImageAlt":{"score":3,"maxScore":9,"error":1},"keywordDensity":{"type":"best","score":9,"maxScore":9,"error":0}}},{"keyphrase":"Zarquito","score":53,"analysis":{"keyphraseInDescription":{"score":9,"maxScore":9,"error":0},"keyphraseLength":{"score":9,"maxScore":9,"error":0,"length":1},"keyphraseInIntroduction":{"score":3,"maxScore":9,"error":1},"keyphraseInImageAlt":{"score":3,"maxScore":9,"error":1},"keywordDensity":{"score":0,"type":"low","maxScore":9,"error":1}}},{"keyphrase":"fe y tradici\u00f3n","score":40,"analysis":{"keyphraseInDescription":{"score":3,"maxScore":9,"error":1},"keyphraseLength":{"score":9,"maxScore":9,"error":0,"length":4},"keyphraseInIntroduction":{"score":3,"maxScore":9,"error":1},"keyphraseInImageAlt":{"score":3,"maxScore":9,"error":1},"keywordDensity":{"score":0,"type":"low","maxScore":9,"error":1}}},{"keyphrase":"Guatemala","score":40,"analysis":{"keyphraseInDescription":{"score":3,"maxScore":9,"error":1},"keyphraseLength":{"score":9,"maxScore":9,"error":0,"length":1},"keyphraseInIntroduction":{"score":3,"maxScore":9,"error":1},"keyphraseInImageAlt":{"score":3,"maxScore":9,"error":1},"keywordDensity":{"score":0,"type":"low","maxScore":9,"error":1}}}]},"primary_term":null,"canonical_url":null,"og_title":null,"og_description":null,"og_object_type":"default","og_image_type":"default","og_image_url":null,"og_image_width":null,"og_image_height":null,"og_image_custom_url":null,"og_image_custom_fields":null,"og_video":"","og_custom_url":null,"og_article_section":null,"og_article_tags":null,"twitter_use_og":false,"twitter_card":"default","twitter_image_type":"default","twitter_image_url":null,"twitter_image_custom_url":null,"twitter_image_custom_fields":null,"twitter_title":null,"twitter_description":null,"schema":{"blockGraphs":[],"customGraphs":[],"default":{"data":{"Article":[],"Course":[],"Dataset":[],"FAQPage":[],"Movie":[],"Person":[],"Product":[],"ProductReview":[],"Car":[],"Recipe":[],"Service":[],"SoftwareApplication":[],"WebPage":[]},"graphName":"none","isEnabled":true},"graphs":[]},"schema_type":"default","schema_type_options":null,"pillar_content":false,"robots_default":true,"robots_noindex":false,"robots_noarchive":false,"robots_nosnippet":false,"robots_nofollow":false,"robots_noimageindex":false,"robots_noodp":false,"robots_notranslate":false,"robots_max_snippet":"-1","robots_max_videopreview":"-1","robots_max_imagepreview":"large","priority":null,"frequency":"default","local_seo":null,"seo_analyzer_scan_date":"2025-10-09 04:49:11","breadcrumb_settings":null,"limit_modified_date":false,"reviewed_by":null,"open_ai":"{\"title\":{\"suggestions\":[],\"usage\":0},\"description\":{\"suggestions\":[],\"usage\":0}}","ai":null,"created":"2025-02-06 21:46:26","updated":"2026-02-04 23:28:19"},"aioseo_breadcrumb":"<div class=\"aioseo-breadcrumbs\"><span class=\"aioseo-breadcrumb\">\n\t<a href=\"https:\/\/soymigrante.com\/revista\" title=\"Home\">Home<\/a>\n<\/span><span class=\"aioseo-breadcrumb-separator\">\u00bb<\/span><span class=\"aioseo-breadcrumb\">\n\t<a href=\"https:\/\/soymigrante.com\/revista\/category\/guate-nuestra\/\" title=\"Guate Nuestra\">Guate Nuestra<\/a>\n<\/span><span class=\"aioseo-breadcrumb-separator\">\u00bb<\/span><span class=\"aioseo-breadcrumb\">\n\tProcesi\u00f3n acu\u00e1tica del Ni\u00f1o Dios en Amatitl\u00e1n: Tradici\u00f3n, memoria y presente\n<\/span><\/div>","aioseo_breadcrumb_json":[{"label":"Home","link":"https:\/\/soymigrante.com\/revista"},{"label":"Guate Nuestra","link":"https:\/\/soymigrante.com\/revista\/category\/guate-nuestra\/"},{"label":"Procesi\u00f3n acu\u00e1tica del Ni\u00f1o Dios en Amatitl\u00e1n: Tradici\u00f3n, memoria y presente","link":"https:\/\/soymigrante.com\/revista\/procesion-acuatica-del-nino-dios-en-amatitlan-fe-tradicion-y-una-cronica-de-la-infancia\/"}],"_links":{"self":[{"href":"https:\/\/soymigrante.com\/revista\/wp-json\/wp\/v2\/posts\/24378","targetHints":{"allow":["GET"]}}],"collection":[{"href":"https:\/\/soymigrante.com\/revista\/wp-json\/wp\/v2\/posts"}],"about":[{"href":"https:\/\/soymigrante.com\/revista\/wp-json\/wp\/v2\/types\/post"}],"author":[{"embeddable":true,"href":"https:\/\/soymigrante.com\/revista\/wp-json\/wp\/v2\/users\/1"}],"replies":[{"embeddable":true,"href":"https:\/\/soymigrante.com\/revista\/wp-json\/wp\/v2\/comments?post=24378"}],"version-history":[{"count":20,"href":"https:\/\/soymigrante.com\/revista\/wp-json\/wp\/v2\/posts\/24378\/revisions"}],"predecessor-version":[{"id":32488,"href":"https:\/\/soymigrante.com\/revista\/wp-json\/wp\/v2\/posts\/24378\/revisions\/32488"}],"wp:featuredmedia":[{"embeddable":true,"href":"https:\/\/soymigrante.com\/revista\/wp-json\/wp\/v2\/media\/31492"}],"wp:attachment":[{"href":"https:\/\/soymigrante.com\/revista\/wp-json\/wp\/v2\/media?parent=24378"}],"wp:term":[{"taxonomy":"category","embeddable":true,"href":"https:\/\/soymigrante.com\/revista\/wp-json\/wp\/v2\/categories?post=24378"},{"taxonomy":"post_tag","embeddable":true,"href":"https:\/\/soymigrante.com\/revista\/wp-json\/wp\/v2\/tags?post=24378"}],"curies":[{"name":"wp","href":"https:\/\/api.w.org\/{rel}","templated":true}]}}