{"id":24306,"date":"2025-02-07T09:52:37","date_gmt":"2025-02-07T15:52:37","guid":{"rendered":"https:\/\/soymigrante.com\/revista\/?p=24306"},"modified":"2025-06-02T18:44:08","modified_gmt":"2025-06-03T00:44:08","slug":"mercaixil-productos-organicos-y-artesanales-de-calidad-elaborados-por-comunidades-del-area-ixil","status":"publish","type":"post","link":"https:\/\/soymigrante.com\/revista\/mercaixil-productos-organicos-y-artesanales-de-calidad-elaborados-por-comunidades-del-area-ixil\/","title":{"rendered":"MercaIxil: productos org\u00e1nicos de 210 comunidades del \u00e1rea Ixil tienen su tienda digital en MERCADO"},"content":{"rendered":"\t\t<div data-elementor-type=\"wp-post\" data-elementor-id=\"24306\" class=\"elementor elementor-24306\" data-elementor-post-type=\"post\">\n\t\t\t\t<div data-particle_enable=\"false\" data-particle-mobile-disabled=\"false\" class=\"elementor-element elementor-element-8d3dc5a e-flex e-con-boxed e-con e-parent\" data-id=\"8d3dc5a\" data-element_type=\"container\" data-e-type=\"container\">\n\t\t\t\t\t<div class=\"e-con-inner\">\n\t\t\t\t<div class=\"elementor-element elementor-element-1a5ba70 elementor-widget elementor-widget-heading\" data-id=\"1a5ba70\" data-element_type=\"widget\" data-e-type=\"widget\" data-widget_type=\"heading.default\">\n\t\t\t\t\t<h2 class=\"elementor-heading-title elementor-size-default\">En el coraz\u00f3n de la regi\u00f3n Ixil existen originales emprendedores con productos org\u00e1nicos y artesanales de alta calidad. MercaIxil re\u00fane art\u00edculos de m\u00e1s de 200 comunidades y ahora tienen su tienda digital  en SoyMigrante.com MERCADO. Con\u00f3celos.<\/h2>\t\t\t\t<\/div>\n\t\t\t\t<div class=\"elementor-element elementor-element-433b90f elementor-widget elementor-widget-html\" data-id=\"433b90f\" data-element_type=\"widget\" data-e-type=\"widget\" data-widget_type=\"html.default\">\n\t\t\t\t\t<div id=\"buzzsprout-player-17268015\"><\/div><script src=\"https:\/\/www.buzzsprout.com\/2444168\/episodes\/17268015-merca-ixil-productos-artesanales-comunitarios-a-tu-alcance.js?container_id=buzzsprout-player-17268015&player=small\" type=\"text\/javascript\" charset=\"utf-8\"><\/script>\t\t\t\t<\/div>\n\t\t\t\t\t<\/div>\n\t\t\t\t<\/div>\n\t\t<div data-particle_enable=\"false\" data-particle-mobile-disabled=\"false\" class=\"elementor-element elementor-element-3aff5d3 e-flex e-con-boxed e-con e-parent\" data-id=\"3aff5d3\" data-element_type=\"container\" data-e-type=\"container\">\n\t\t\t\t\t<div class=\"e-con-inner\">\n\t\t\t\t<div class=\"elementor-element elementor-element-da1270b elementor-widget elementor-widget-text-editor\" data-id=\"da1270b\" data-element_type=\"widget\" data-e-type=\"widget\" data-widget_type=\"text-editor.default\">\n\t\t\t\t\t\t\t\t\t<p>MercaIxil es una plataforma dedicada a la promoci\u00f3n y comercializaci\u00f3n de productos artesanales de la regi\u00f3n Ixil, en Quich\u00e9, Guatemala. A trav\u00e9s de este proyecto, se busca preservar las tradiciones ancestrales y generar oportunidades econ\u00f3micas para los artesanos locales, conect\u00e1ndolos con mercados nacionales e internacionales.<\/p><p><span style=\"color: var( --e-global-color-text ); text-align: var(--text-align);\"><a href=\"https:\/\/soymigrante.com\/mercado\/marketplace\/seller\/profile\/merca-ixil\">La tienda digital MercaIxil ya est\u00e1 abierta en SoyMigrante.com MERCADO<\/a>, la comunidad en l\u00ednea creada para que emprendedores y compradores guatemaltecos se encuentren: un proyecto activo, proactivo e innovador para peque\u00f1os negocios y creadores de productos elaborados a mano, detr\u00e1s de las cuales siempre hay una historia.<\/span><\/p>\t\t\t\t\t\t\t\t<\/div>\n\t\t\t\t\t<\/div>\n\t\t\t\t<\/div>\n\t\t<div data-particle_enable=\"false\" data-particle-mobile-disabled=\"false\" class=\"elementor-element elementor-element-34f6f6b e-flex e-con-boxed e-con e-parent\" data-id=\"34f6f6b\" data-element_type=\"container\" data-e-type=\"container\">\n\t\t\t\t\t<div class=\"e-con-inner\">\n\t\t\t\t<div class=\"elementor-element elementor-element-d0fb9e6 elementor-widget elementor-widget-image\" data-id=\"d0fb9e6\" data-element_type=\"widget\" data-e-type=\"widget\" data-widget_type=\"image.default\">\n\t\t\t\t\t\t\t\t\t\t\t\t<figure class=\"wp-caption\">\n\t\t\t\t\t\t\t\t\t\t<img fetchpriority=\"high\" decoding=\"async\" width=\"768\" height=\"768\" src=\"https:\/\/soymigrante.com\/revista\/wp-content\/uploads\/2025\/02\/mercaixil3-1024x1024.jpg\" class=\"attachment-large size-large wp-image-24324\" alt=\"Fresas, tomate y productos agr\u00edcolas en mercado local de M\u00e9rida, promueve alimentaci\u00f3n saludable, productos org\u00e1nicos y comercio justo en la regi\u00f3n.\" srcset=\"https:\/\/soymigrante.com\/revista\/wp-content\/uploads\/2025\/02\/mercaixil3-1024x1024.jpg 1024w, https:\/\/soymigrante.com\/revista\/wp-content\/uploads\/2025\/02\/mercaixil3-300x300.jpg 300w, https:\/\/soymigrante.com\/revista\/wp-content\/uploads\/2025\/02\/mercaixil3-150x150.jpg 150w, https:\/\/soymigrante.com\/revista\/wp-content\/uploads\/2025\/02\/mercaixil3-768x768.jpg 768w, https:\/\/soymigrante.com\/revista\/wp-content\/uploads\/2025\/02\/mercaixil3-75x75.webp 75w, https:\/\/soymigrante.com\/revista\/wp-content\/uploads\/2025\/02\/mercaixil3-750x750.webp 750w, https:\/\/soymigrante.com\/revista\/wp-content\/uploads\/2025\/02\/mercaixil3.webp 1080w\" sizes=\"(max-width: 768px) 100vw, 768px\" title=\"mercaixil3 \u2013 SoyMigrante.com REVISTA\" \/>\t\t\t\t\t\t\t\t\t\t\t<figcaption class=\"widget-image-caption wp-caption-text\">Bello mercado de productos org\u00e1nicos, frutas frescas y alimentos de la regi\u00f3n en M\u00e9rida, promoviendo el consumo de productos locales y sostenibles.<\/figcaption>\n\t\t\t\t\t\t\t\t\t\t<\/figure>\n\t\t\t\t\t\t\t\t\t<\/div>\n\t\t\t\t\t<\/div>\n\t\t\t\t<\/div>\n\t\t<div data-particle_enable=\"false\" data-particle-mobile-disabled=\"false\" class=\"elementor-element elementor-element-a480305 e-flex e-con-boxed e-con e-parent\" data-id=\"a480305\" data-element_type=\"container\" data-e-type=\"container\">\n\t\t\t\t\t<div class=\"e-con-inner\">\n\t\t\t\t<div class=\"elementor-element elementor-element-213a76b elementor-widget elementor-widget-heading\" data-id=\"213a76b\" data-element_type=\"widget\" data-e-type=\"widget\" data-widget_type=\"heading.default\">\n\t\t\t\t\t<h3 class=\"elementor-heading-title elementor-size-default\">Liderazgo joven detr\u00e1s de cada emprendimiento<\/h3>\t\t\t\t<\/div>\n\t\t\t\t\t<\/div>\n\t\t\t\t<\/div>\n\t\t<div data-particle_enable=\"false\" data-particle-mobile-disabled=\"false\" class=\"elementor-element elementor-element-4119483 e-flex e-con-boxed e-con e-parent\" data-id=\"4119483\" data-element_type=\"container\" data-e-type=\"container\">\n\t\t\t\t\t<div class=\"e-con-inner\">\n\t\t\t\t<div class=\"elementor-element elementor-element-54368d1 elementor-widget elementor-widget-text-editor\" data-id=\"54368d1\" data-element_type=\"widget\" data-e-type=\"widget\" data-widget_type=\"text-editor.default\">\n\t\t\t\t\t\t\t\t\t<p>Conformado por 210 comunidades de la regi\u00f3n Ixil, MecaIxil est\u00e1 liderado por una Junta Directiva que representa el sue\u00f1o de cientos de familias que\u00a0<a href=\"https:\/\/soymigrante.com\/revista\/kemon-collection-tejiendo-suenos-y-conservando-tradiciones-ancestrales\/\" target=\"_blank\" rel=\"noopener\">atrav\u00e9s de sus productos artesanales<\/a>\u00a0y org\u00e1nicos buscan emprender para obtener el ingreso necesario.<\/p><p>Guillermo Marcos es un joven que a penas sobrepasa los 20 a\u00f1os y es el actual representante de MercaIxil y desde hace un a\u00f1o, junto al resto de los integrantes de la Junta Directiva, trabajan de forma coordinada para que los productos artesanales y org\u00e1nicos lleguen<a href=\"https:\/\/soymigrante.com\/revista\/mayan-dog-cuando-el-carino-por-tu-mascota-se-encuentra-con-la-tradicion-textil\/\" target=\"_blank\" rel=\"noopener\"> al mercado guatemalteco<\/a>\u00a0con el objetivo de impulsar el apoyo econ\u00f3mico de la regi\u00f3n Ixil.\u00a0<\/p><p>&#8220;Al comprar en MercaIxil est\u00e1n apoyando a las comunidades de la regi\u00f3n Ixil. Es bueno apoyar a las familias&#8221;, expresa Marcos.<\/p>\t\t\t\t\t\t\t\t<\/div>\n\t\t\t\t\t<\/div>\n\t\t\t\t<\/div>\n\t\t<div data-particle_enable=\"false\" data-particle-mobile-disabled=\"false\" class=\"elementor-element elementor-element-6cdfb43 e-flex e-con-boxed e-con e-parent\" data-id=\"6cdfb43\" data-element_type=\"container\" data-e-type=\"container\">\n\t\t\t\t\t<div class=\"e-con-inner\">\n\t\t\t\t<div class=\"elementor-element elementor-element-281edca elementor-widget elementor-widget-image\" data-id=\"281edca\" data-element_type=\"widget\" data-e-type=\"widget\" data-widget_type=\"image.default\">\n\t\t\t\t\t\t\t\t\t\t\t\t<figure class=\"wp-caption\">\n\t\t\t\t\t\t\t\t\t\t\t<a href=\"https:\/\/soymigrante.com\/mercado\/marketplace\/seller\/profile\/merca-ixil\">\n\t\t\t\t\t\t\t<img decoding=\"async\" width=\"768\" height=\"394\" src=\"https:\/\/soymigrante.com\/revista\/wp-content\/uploads\/2025\/02\/mercaixil-mercado-1024x525.jpg\" class=\"attachment-large size-large wp-image-24328\" alt=\"Productos de Mercado Mercalxil en Guatemala, ofreciendo mercanc\u00eda local y ecoamigable, compartiendo la esencia con consumidores conscientes que buscan calidad en productos artesanales y de consumo diario.\" srcset=\"https:\/\/soymigrante.com\/revista\/wp-content\/uploads\/2025\/02\/mercaixil-mercado-1024x525.jpg 1024w, https:\/\/soymigrante.com\/revista\/wp-content\/uploads\/2025\/02\/mercaixil-mercado-300x154.jpg 300w, https:\/\/soymigrante.com\/revista\/wp-content\/uploads\/2025\/02\/mercaixil-mercado-768x394.jpg 768w, https:\/\/soymigrante.com\/revista\/wp-content\/uploads\/2025\/02\/mercaixil-mercado-750x384.webp 750w, https:\/\/soymigrante.com\/revista\/wp-content\/uploads\/2025\/02\/mercaixil-mercado-1140x584.webp 1140w, https:\/\/soymigrante.com\/revista\/wp-content\/uploads\/2025\/02\/mercaixil-mercado.webp 1208w\" sizes=\"(max-width: 768px) 100vw, 768px\" title=\"mercaixil mercado \u2013 SoyMigrante.com REVISTA\" \/>\t\t\t\t\t\t\t\t<\/a>\n\t\t\t\t\t\t\t\t\t\t\t<figcaption class=\"widget-image-caption wp-caption-text\">Mercalxil, mercado en Guatemala, con productos frescos y tradicionales, atenci\u00f3n a comunidad migrante, servicios de compra y entrega a domicilio en Chajul, Quich\u00e9, promocionando la econom\u00eda local y el comercio justo.<\/figcaption>\n\t\t\t\t\t\t\t\t\t\t<\/figure>\n\t\t\t\t\t\t\t\t\t<\/div>\n\t\t\t\t\t<\/div>\n\t\t\t\t<\/div>\n\t\t<div data-particle_enable=\"false\" data-particle-mobile-disabled=\"false\" class=\"elementor-element elementor-element-162291c e-flex e-con-boxed e-con e-parent\" data-id=\"162291c\" data-element_type=\"container\" data-e-type=\"container\">\n\t\t\t\t\t<div class=\"e-con-inner\">\n\t\t\t\t<div class=\"elementor-element elementor-element-baf4cd8 elementor-widget elementor-widget-heading\" data-id=\"baf4cd8\" data-element_type=\"widget\" data-e-type=\"widget\" data-widget_type=\"heading.default\">\n\t\t\t\t\t<h3 class=\"elementor-heading-title elementor-size-default\">El trabajo artesanal y org\u00e1nico de la regi\u00f3n Ixil<\/h3>\t\t\t\t<\/div>\n\t\t\t\t\t<\/div>\n\t\t\t\t<\/div>\n\t\t<div data-particle_enable=\"false\" data-particle-mobile-disabled=\"false\" class=\"elementor-element elementor-element-9f679c3 e-flex e-con-boxed e-con e-parent\" data-id=\"9f679c3\" data-element_type=\"container\" data-e-type=\"container\">\n\t\t\t\t\t<div class=\"e-con-inner\">\n\t\t\t\t<div class=\"elementor-element elementor-element-3fa89b3 elementor-widget elementor-widget-text-editor\" data-id=\"3fa89b3\" data-element_type=\"widget\" data-e-type=\"widget\" data-widget_type=\"text-editor.default\">\n\t\t\t\t\t\t\t\t\t<p>MercaIxil es una iniciativa que busca promover y comercializar productos artesanales de la regi\u00f3n Ixil, ubicada en el departamento de Quich\u00e9, Guatemala. Esta regi\u00f3n es reconocida por su riqueza cultural y la habilidad\u00a0<a href=\"https:\/\/soymigrante.com\/revista\/el-lenguaje-sagrado-de-los-textiles-mayas-y-sus-significados\/\" target=\"_blank\" rel=\"noopener\">de sus artesanos en la creaci\u00f3n de textiles,<\/a>\u00a0cer\u00e1mica, miel y otros productos tradicionales.<\/p><p>El proyecto tiene como objetivo principal apoyar a los artesanos locales, brind\u00e1ndoles una plataforma para dar a conocer y vender sus productos, tanto a nivel nacional como internacional.<a href=\"https:\/\/soymigrante.com\/revista\/el-pueblo-ixil-habito-las-tierras-bajas-de-el-mirador-peten\/\" target=\"_blank\" rel=\"noopener\">\u00a0La regi\u00f3n Ixil, conformada por los municipios de Nebaj, Chajul y Cotzal,\u00a0<\/a><span style=\"text-align: var(--text-align)\">ha enfrentado desaf\u00edos hist\u00f3ricos y econ\u00f3micos.\u00a0<\/span><\/p><p><span style=\"text-align: var(--text-align)\">Iniciativas como MercaIxil son fundamentales para impulsar el desarrollo sostenible, promoviendo el comercio justo y valorizando el patrimonio cultural de estas comunidades.<\/span><\/p>\t\t\t\t\t\t\t\t<\/div>\n\t\t\t\t\t<\/div>\n\t\t\t\t<\/div>\n\t\t<div data-particle_enable=\"false\" data-particle-mobile-disabled=\"false\" class=\"elementor-element elementor-element-9d33196 e-flex e-con-boxed e-con e-parent\" data-id=\"9d33196\" data-element_type=\"container\" data-e-type=\"container\">\n\t\t\t\t\t<div class=\"e-con-inner\">\n\t\t\t\t<div class=\"elementor-element elementor-element-4713d21 elementor-invisible elementor-widget elementor-widget-testimonial\" data-id=\"4713d21\" data-element_type=\"widget\" data-e-type=\"widget\" data-settings=\"{&quot;_animation&quot;:&quot;rotateInUpRight&quot;}\" data-widget_type=\"testimonial.default\">\n\t\t\t\t\t\t\t<div class=\"elementor-testimonial-wrapper\">\n\t\t\t\t\t\t\t<div class=\"elementor-testimonial-content\">\"Al comprar en MercaIxil est\u00e1n apoyando a las comunidades de la regi\u00f3n Ixil. Es bueno apoyar a las familias\".-<\/div>\n\t\t\t\n\t\t\t\t\t\t<div class=\"elementor-testimonial-meta\">\n\t\t\t\t<div class=\"elementor-testimonial-meta-inner\">\n\t\t\t\t\t\n\t\t\t\t\t\t\t\t\t\t<div class=\"elementor-testimonial-details\">\n\t\t\t\t\t\t\t\t\t\t\t\t\t\t<div class=\"elementor-testimonial-name\">Guillermo Marcos<\/div>\n\t\t\t\t\t\t\t\t\t\t\t\t\t\t\t\t\t\t\t\t\t\t<div class=\"elementor-testimonial-job\">Representante de MercaIxil<\/div>\n\t\t\t\t\t\t\t\t\t\t\t\t\t<\/div>\n\t\t\t\t\t\t\t\t\t<\/div>\n\t\t\t<\/div>\n\t\t\t\t\t<\/div>\n\t\t\t\t\t\t<\/div>\n\t\t\t\t\t<\/div>\n\t\t\t\t<\/div>\n\t\t<div data-particle_enable=\"false\" data-particle-mobile-disabled=\"false\" class=\"elementor-element elementor-element-f057239 e-flex e-con-boxed e-con e-parent\" data-id=\"f057239\" data-element_type=\"container\" data-e-type=\"container\">\n\t\t\t\t\t<div class=\"e-con-inner\">\n\t\t\t\t<div class=\"elementor-element elementor-element-776a81c elementor-arrows-position-inside elementor-pagination-position-outside elementor-widget elementor-widget-image-carousel\" data-id=\"776a81c\" data-element_type=\"widget\" data-e-type=\"widget\" data-settings=\"{&quot;slides_to_show&quot;:&quot;1&quot;,&quot;navigation&quot;:&quot;both&quot;,&quot;autoplay&quot;:&quot;yes&quot;,&quot;pause_on_hover&quot;:&quot;yes&quot;,&quot;pause_on_interaction&quot;:&quot;yes&quot;,&quot;autoplay_speed&quot;:5000,&quot;infinite&quot;:&quot;yes&quot;,&quot;effect&quot;:&quot;slide&quot;,&quot;speed&quot;:500}\" data-widget_type=\"image-carousel.default\">\n\t\t\t\t\t\t\t<div class=\"elementor-image-carousel-wrapper swiper\" role=\"region\" aria-roledescription=\"carousel\" aria-label=\"Carrusel de im\u00e1genes\" dir=\"ltr\">\n\t\t\t<div class=\"elementor-image-carousel swiper-wrapper\" aria-live=\"off\">\n\t\t\t\t\t\t\t\t<div class=\"swiper-slide\" role=\"group\" aria-roledescription=\"slide\" aria-label=\"1 de 6\"><figure class=\"swiper-slide-inner\"><img decoding=\"async\" class=\"swiper-slide-image\" src=\"https:\/\/soymigrante.com\/revista\/wp-content\/uploads\/2025\/02\/mercaixil-768x1024.jpg\" alt=\"Caf\u00e9 org\u00e1nico Chajulense en paquete amarillo con etiqueta que indica origen y caracter\u00edsticas del caf\u00e9, con fondo de paisaje monta\u00f1oso y vegetaci\u00f3n.\" \/><\/figure><\/div><div class=\"swiper-slide\" role=\"group\" aria-roledescription=\"slide\" aria-label=\"2 de 6\"><figure class=\"swiper-slide-inner\"><img decoding=\"async\" class=\"swiper-slide-image\" src=\"https:\/\/soymigrante.com\/revista\/wp-content\/uploads\/2025\/02\/mercaixil6-1024x1024.jpg\" alt=\"Caf\u00e9 de Guatemala en grano, ecol\u00f3gico y sustentable, producido por peque\u00f1os agricultores en San Juan Quich\u00e9, ideal para consumo en casa y para amantes del caf\u00e9 de origen, con certificaci\u00f3n de calidad y sostenibilidad.\" \/><\/figure><\/div><div class=\"swiper-slide\" role=\"group\" aria-roledescription=\"slide\" aria-label=\"3 de 6\"><figure class=\"swiper-slide-inner\"><img decoding=\"async\" class=\"swiper-slide-image\" src=\"https:\/\/soymigrante.com\/revista\/wp-content\/uploads\/2025\/02\/mercaixil5-682x1024.jpg\" alt=\"Aromas de caf\u00e9 de Guatemala con vista panor\u00e1mica del volc\u00e1n de fondo en un paisaje nublado.\" \/><\/figure><\/div><div class=\"swiper-slide\" role=\"group\" aria-roledescription=\"slide\" aria-label=\"4 de 6\"><figure class=\"swiper-slide-inner\"><img decoding=\"async\" class=\"swiper-slide-image\" src=\"https:\/\/soymigrante.com\/revista\/wp-content\/uploads\/2025\/02\/mercaixil2-768x1024.jpg\" alt=\"Caf\u00e9 de Guatemala Maya Ixil, paquetes de caf\u00e9 en grano con logo y etiquetas, resaltando la calidad y origen del caf\u00e9, ideales para amantes del caf\u00e9 de especialidad.\" \/><\/figure><\/div><div class=\"swiper-slide\" role=\"group\" aria-roledescription=\"slide\" aria-label=\"5 de 6\"><figure class=\"swiper-slide-inner\"><img decoding=\"async\" class=\"swiper-slide-image\" src=\"https:\/\/soymigrante.com\/revista\/wp-content\/uploads\/2025\/02\/maya-ixil3-768x1024.jpg\" alt=\"Refresco de miel de abeja tradicional frente a iglesia colonial en M\u00e9xico, destacando cultura migrante y productos artesanales en la revista SoyMigrante.com REVISTA.\" \/><\/figure><\/div><div class=\"swiper-slide\" role=\"group\" aria-roledescription=\"slide\" aria-label=\"6 de 6\"><figure class=\"swiper-slide-inner\"><img decoding=\"async\" class=\"swiper-slide-image\" src=\"https:\/\/soymigrante.com\/revista\/wp-content\/uploads\/2025\/02\/maya-ixil2-768x1024.jpg\" alt=\"Caf\u00e9 con cardamomo de Maya Ixle en bolsas negras sostenido por una mano y acompa\u00f1ado de una taza de cer\u00e1mica con caf\u00e9, fondo con palmeras y edificio tradicional, promoviendo cultura y sostenibilidad.\" \/><\/figure><\/div>\t\t\t<\/div>\n\t\t\t\t\t\t\t\t\t\t\t\t<div class=\"elementor-swiper-button elementor-swiper-button-prev\" role=\"button\" tabindex=\"0\">\n\t\t\t\t\t\t<i aria-hidden=\"true\" class=\"eicon-chevron-left\"><\/i>\t\t\t\t\t<\/div>\n\t\t\t\t\t<div class=\"elementor-swiper-button elementor-swiper-button-next\" role=\"button\" tabindex=\"0\">\n\t\t\t\t\t\t<i aria-hidden=\"true\" class=\"eicon-chevron-right\"><\/i>\t\t\t\t\t<\/div>\n\t\t\t\t\n\t\t\t\t\t\t\t\t\t<div class=\"swiper-pagination\"><\/div>\n\t\t\t\t\t\t\t\t\t<\/div>\n\t\t\t\t\t\t<\/div>\n\t\t\t\t\t<\/div>\n\t\t\t\t<\/div>\n\t\t<div data-particle_enable=\"false\" data-particle-mobile-disabled=\"false\" class=\"elementor-element elementor-element-f9363c6 e-flex e-con-boxed e-con e-parent\" data-id=\"f9363c6\" data-element_type=\"container\" data-e-type=\"container\">\n\t\t\t\t\t<div class=\"e-con-inner\">\n\t\t\t\t<div class=\"elementor-element elementor-element-302b2ff elementor-widget elementor-widget-heading\" data-id=\"302b2ff\" data-element_type=\"widget\" data-e-type=\"widget\" data-widget_type=\"heading.default\">\n\t\t\t\t\t<h3 class=\"elementor-heading-title elementor-size-default\">MercaIxil lo conforman 210 comunidades ixiles<\/h3>\t\t\t\t<\/div>\n\t\t\t\t\t<\/div>\n\t\t\t\t<\/div>\n\t\t<div data-particle_enable=\"false\" data-particle-mobile-disabled=\"false\" class=\"elementor-element elementor-element-b88ce21 e-flex e-con-boxed e-con e-parent\" data-id=\"b88ce21\" data-element_type=\"container\" data-e-type=\"container\">\n\t\t\t\t\t<div class=\"e-con-inner\">\n\t\t\t\t<div class=\"elementor-element elementor-element-0396227 elementor-widget elementor-widget-text-editor\" data-id=\"0396227\" data-element_type=\"widget\" data-e-type=\"widget\" data-widget_type=\"text-editor.default\">\n\t\t\t\t\t\t\t\t\t<p>MercaIxil representa una valiosa iniciativa para la promoci\u00f3n y comercializaci\u00f3n de la artesan\u00eda ixil, fortaleciendo la identidad cultural y ofreciendo oportunidades econ\u00f3micas a las comunidades de la regi\u00f3n.<\/p><p>Al comprar los productos artesanales y org\u00e1nicos de MercaIxil est\u00e1s apoyando a m\u00e1s de 200 comunidades del \u00e1rea, conformadas de esta manera:<\/p><ul><li>Nebaj 118 comunidades\u00a0<\/li><li>Chajul 60 comunidades<\/li><li>Cotzal 32 comunidades\u00a0<\/li><li>Total 210 comunidades de la regi\u00f3n Ixil\u00a0<\/li><\/ul><p>La regi\u00f3n Ixil lo conforman los tres municipios, Nebaj, Chajul y Cotzal.\u00a0Este proyecto fue impulsado en el 2024 por organizaciones como la FAO.<\/p>\t\t\t\t\t\t\t\t<\/div>\n\t\t\t\t\t<\/div>\n\t\t\t\t<\/div>\n\t\t<div data-particle_enable=\"false\" data-particle-mobile-disabled=\"false\" class=\"elementor-element elementor-element-c843a87 e-flex e-con-boxed e-con e-parent\" data-id=\"c843a87\" data-element_type=\"container\" data-e-type=\"container\">\n\t\t\t\t\t<div class=\"e-con-inner\">\n\t\t\t\t<div class=\"elementor-element elementor-element-10f189e elementor-invisible elementor-widget elementor-widget-facebook-embed\" data-id=\"10f189e\" data-element_type=\"widget\" data-e-type=\"widget\" data-settings=\"{&quot;_animation&quot;:&quot;zoomInDown&quot;}\" data-widget_type=\"facebook-embed.default\">\n\t\t\t\t\t<div style=\"min-height: 1px\" class=\"elementor-facebook-widget fb-video\" data-href=\"https:\/\/www.facebook.com\/61564764770445\/videos\/1267359080973862\" data-show-text=\"false\" data-allowfullscreen=\"false\" data-autoplay=\"false\" data-show-captions=\"false\"><\/div>\t\t\t\t<\/div>\n\t\t\t\t\t<\/div>\n\t\t\t\t<\/div>\n\t\t<div data-particle_enable=\"false\" data-particle-mobile-disabled=\"false\" class=\"elementor-element elementor-element-e7a2e90 e-flex e-con-boxed e-con e-parent\" data-id=\"e7a2e90\" data-element_type=\"container\" data-e-type=\"container\">\n\t\t\t\t\t<div class=\"e-con-inner\">\n\t\t\t\t<div class=\"elementor-element elementor-element-7614087 elementor-widget elementor-widget-heading\" data-id=\"7614087\" data-element_type=\"widget\" data-e-type=\"widget\" data-widget_type=\"heading.default\">\n\t\t\t\t\t<h2 class=\"elementor-heading-title elementor-size-default\">Emprendimientos \u00fanicos en Guatemala<\/h2>\t\t\t\t<\/div>\n\t\t\t\t\t<\/div>\n\t\t\t\t<\/div>\n\t\t<div data-particle_enable=\"false\" data-particle-mobile-disabled=\"false\" class=\"elementor-element elementor-element-93c6313 e-flex e-con-boxed e-con e-parent\" data-id=\"93c6313\" data-element_type=\"container\" data-e-type=\"container\">\n\t\t\t\t\t<div class=\"e-con-inner\">\n\t\t\t\t<div class=\"elementor-element elementor-element-86179ad elementor-grid-eael-col-3 elementor-grid-tablet-eael-col-2 elementor-grid-mobile-eael-col-1 elementor-widget elementor-widget-eael-post-grid\" data-id=\"86179ad\" data-element_type=\"widget\" data-e-type=\"widget\" data-settings=\"{&quot;eael_post_grid_columns&quot;:&quot;eael-col-3&quot;,&quot;eael_post_grid_columns_tablet&quot;:&quot;eael-col-2&quot;,&quot;eael_post_grid_columns_mobile&quot;:&quot;eael-col-1&quot;}\" data-widget_type=\"eael-post-grid.default\">\n\t\t\t\t\t<div id=\"eael-post-grid-86179ad\" class=\"eael-post-grid-container\">\n            <div class=\"eael-post-grid eael-post-appender eael-post-appender-86179ad eael-post-grid-style-one\" data-layout-mode=\"masonry\"><article class=\"eael-grid-post  eael-post-grid-column eael-pg-post-16494 category-guate-nuestra tags-mercado-emprendedores\" data-id=\"16494\">\n        <div class=\"eael-grid-post-holder\">\n            <div class=\"eael-grid-post-holder-inner\"><div class=\"eael-entry-media\"><div class=\"eael-entry-overlay fade-in\"><i class=\"far fa-hand-pointer\" aria-hidden=\"true\"><\/i><a href=\"https:\/\/soymigrante.com\/revista\/lumiz-naturals-un-emprendimiento-familiar-que-alimenta-con-amor-y-proposito\/\"><\/a><\/div><div class=\"eael-entry-thumbnail \">\n                <img decoding=\"async\" width=\"1024\" height=\"1024\" src=\"https:\/\/soymigrante.com\/revista\/wp-content\/uploads\/2024\/12\/lumiz-naturals-9-1024x1024.jpg\" class=\"attachment-large size-large wp-image-16551\" alt=\"Jarras de frutos secos y snacks caseros en envases reutilizables, ideales para alimentaci\u00f3n saludable y sostenible, con etiquetas personalizadas en el estilo de SoyMigrante.com REVISTA.\" srcset=\"https:\/\/soymigrante.com\/revista\/wp-content\/uploads\/2024\/12\/lumiz-naturals-9-1024x1024.jpg 1024w, https:\/\/soymigrante.com\/revista\/wp-content\/uploads\/2024\/12\/lumiz-naturals-9-300x300.jpg 300w, https:\/\/soymigrante.com\/revista\/wp-content\/uploads\/2024\/12\/lumiz-naturals-9-150x150.jpg 150w, https:\/\/soymigrante.com\/revista\/wp-content\/uploads\/2024\/12\/lumiz-naturals-9-768x768.jpg 768w, https:\/\/soymigrante.com\/revista\/wp-content\/uploads\/2024\/12\/lumiz-naturals-9-75x75.webp 75w, https:\/\/soymigrante.com\/revista\/wp-content\/uploads\/2024\/12\/lumiz-naturals-9-750x750.webp 750w, https:\/\/soymigrante.com\/revista\/wp-content\/uploads\/2024\/12\/lumiz-naturals-9-1140x1140.webp 1140w, https:\/\/soymigrante.com\/revista\/wp-content\/uploads\/2024\/12\/lumiz-naturals-9.webp 1536w\" sizes=\"(max-width: 1024px) 100vw, 1024px\" \/>\n            <\/div>\n        <\/div><div class=\"eael-entry-wrapper\"><header class=\"eael-entry-header\"><h2 class=\"eael-entry-title\"><a class=\"eael-grid-post-link\" href=\"https:\/\/soymigrante.com\/revista\/lumiz-naturals-un-emprendimiento-familiar-que-alimenta-con-amor-y-proposito\/\" title=\"Lumiz Naturals: Emprendimiento familiar que nutre con amor, sabor y prop\u00f3sito\">Lumiz Naturals: Emprendimiento familiar que nutre con amor, sabor y prop\u00f3sito<\/a><\/h2><\/header><div class=\"eael-entry-content\">\n                        <div class=\"eael-grid-post-excerpt\"><a href=\"https:\/\/soymigrante.com\/revista\/lumiz-naturals-un-emprendimiento-familiar-que-alimenta-con-amor-y-proposito\/\" class=\"eael-post-elements-readmore-btn\">CONOCE SU HISTORIA <\/a><\/div>\n                    <\/div><\/div><\/div>\n        <\/div>\n    <\/article><article class=\"eael-grid-post  eael-post-grid-column eael-pg-post-10732 category-guate-nuestra tags-mercado-emprendedores\" data-id=\"10732\">\n        <div class=\"eael-grid-post-holder\">\n            <div class=\"eael-grid-post-holder-inner\"><div class=\"eael-entry-media\"><div class=\"eael-entry-overlay fade-in\"><i class=\"far fa-hand-pointer\" aria-hidden=\"true\"><\/i><a href=\"https:\/\/soymigrante.com\/revista\/maderas-grissell-de-la-familia-oxom-crea-muebles-y-piezas-decorativas-en-coban\/\"><\/a><\/div><div class=\"eael-entry-thumbnail \">\n                <img loading=\"lazy\" decoding=\"async\" width=\"750\" height=\"750\" src=\"https:\/\/soymigrante.com\/revista\/wp-content\/uploads\/2024\/10\/grissell-coban.webp\" class=\"attachment-large size-large wp-image-10972\" alt=\"Espejo de pie de madera, art\u00edculos de decoraci\u00f3n y accesorios para ba\u00f1os en un espacio comercial. Muestra productos de est\u00e9tica, mobiliario y art\u00edculos de higiene personal.\" srcset=\"https:\/\/soymigrante.com\/revista\/wp-content\/uploads\/2024\/10\/grissell-coban.webp 750w, https:\/\/soymigrante.com\/revista\/wp-content\/uploads\/2024\/10\/grissell-coban-300x300.webp 300w, https:\/\/soymigrante.com\/revista\/wp-content\/uploads\/2024\/10\/grissell-coban-150x150.webp 150w, https:\/\/soymigrante.com\/revista\/wp-content\/uploads\/2024\/10\/grissell-coban-75x75.webp 75w\" sizes=\"(max-width: 750px) 100vw, 750px\" \/>\n            <\/div>\n        <\/div><div class=\"eael-entry-wrapper\"><header class=\"eael-entry-header\"><h2 class=\"eael-entry-title\"><a class=\"eael-grid-post-link\" href=\"https:\/\/soymigrante.com\/revista\/maderas-grissell-de-la-familia-oxom-crea-muebles-y-piezas-decorativas-en-coban\/\" title=\"Familia Oxom crea muebles y piezas decorativas en Maderas Gryssell que ya est\u00e1 en MERCADO\">Familia Oxom crea muebles y piezas decorativas en Maderas Gryssell que ya est\u00e1 en MERCADO<\/a><\/h2><\/header><div class=\"eael-entry-content\">\n                        <div class=\"eael-grid-post-excerpt\"><a href=\"https:\/\/soymigrante.com\/revista\/maderas-grissell-de-la-familia-oxom-crea-muebles-y-piezas-decorativas-en-coban\/\" class=\"eael-post-elements-readmore-btn\">CONOCE SU HISTORIA <\/a><\/div>\n                    <\/div><\/div><\/div>\n        <\/div>\n    <\/article><article class=\"eael-grid-post  eael-post-grid-column eael-pg-post-10385 category-guate-nuestra tags-mercado-emprendedores\" data-id=\"10385\">\n        <div class=\"eael-grid-post-holder\">\n            <div class=\"eael-grid-post-holder-inner\"><div class=\"eael-entry-media\"><div class=\"eael-entry-overlay fade-in\"><i class=\"far fa-hand-pointer\" aria-hidden=\"true\"><\/i><a href=\"https:\/\/soymigrante.com\/revista\/cooperativa-yax-transforma-una-planta-recicladora-en-huehuetenango-que-crea-y-genera-empleo\/\"><\/a><\/div><div class=\"eael-entry-thumbnail \">\n                <img loading=\"lazy\" decoding=\"async\" width=\"1024\" height=\"1024\" src=\"https:\/\/soymigrante.com\/revista\/wp-content\/uploads\/2024\/10\/yax-transforma-1024x1024.webp\" class=\"attachment-large size-large wp-image-10489\" alt=\"Transformaci\u00f3n social en eventos de SoyMigrante.com REVISTA, promoviendo inclusi\u00f3n y derechos de migrantes en Am\u00e9rica Latina.\" srcset=\"https:\/\/soymigrante.com\/revista\/wp-content\/uploads\/2024\/10\/yax-transforma-1024x1024.webp 1024w, https:\/\/soymigrante.com\/revista\/wp-content\/uploads\/2024\/10\/yax-transforma-300x300.webp 300w, https:\/\/soymigrante.com\/revista\/wp-content\/uploads\/2024\/10\/yax-transforma-150x150.webp 150w, https:\/\/soymigrante.com\/revista\/wp-content\/uploads\/2024\/10\/yax-transforma-768x768.webp 768w, https:\/\/soymigrante.com\/revista\/wp-content\/uploads\/2024\/10\/yax-transforma-75x75.webp 75w, https:\/\/soymigrante.com\/revista\/wp-content\/uploads\/2024\/10\/yax-transforma-750x750.webp 750w, https:\/\/soymigrante.com\/revista\/wp-content\/uploads\/2024\/10\/yax-transforma.webp 1049w\" sizes=\"(max-width: 1024px) 100vw, 1024px\" \/>\n            <\/div>\n        <\/div><div class=\"eael-entry-wrapper\"><header class=\"eael-entry-header\"><h2 class=\"eael-entry-title\"><a class=\"eael-grid-post-link\" href=\"https:\/\/soymigrante.com\/revista\/cooperativa-yax-transforma-una-planta-recicladora-en-huehuetenango-que-crea-y-genera-empleo\/\" title=\"Yax Transforma recolecta pl\u00e1stico y lo convierte en tablas, mesas, postes y&#8230; empleos\">Yax Transforma recolecta pl\u00e1stico y lo convierte en tablas, mesas, postes y&#8230; empleos<\/a><\/h2><\/header><div class=\"eael-entry-content\">\n                        <div class=\"eael-grid-post-excerpt\"><a href=\"https:\/\/soymigrante.com\/revista\/cooperativa-yax-transforma-una-planta-recicladora-en-huehuetenango-que-crea-y-genera-empleo\/\" class=\"eael-post-elements-readmore-btn\">CONOCE SU HISTORIA <\/a><\/div>\n                    <\/div><\/div><\/div>\n        <\/div>\n    <\/article><\/div>\n            <div class=\"clearfix\"><\/div>\n        <\/div>\t\t\t\t<\/div>\n\t\t\t\t\t<\/div>\n\t\t\t\t<\/div>\n\t\t\t\t<\/div>\n\t\t","protected":false},"excerpt":{"rendered":"<p>En el coraz\u00f3n de la regi\u00f3n Ixil existen originales emprendedores con productos org\u00e1nicos y artesanales de alta calidad. MercaIxil re\u00fane art\u00edculos de m\u00e1s de 200 comunidades y ahora tienen su tienda digital en SoyMigrante.com MERCADO. Con\u00f3celos. MercaIxil es una plataforma dedicada a la promoci\u00f3n y comercializaci\u00f3n de productos artesanales de la regi\u00f3n Ixil, en Quich\u00e9, [&hellip;]<\/p>\n","protected":false},"author":23,"featured_media":24367,"comment_status":"open","ping_status":"open","sticky":false,"template":"","format":"standard","meta":{"_acf_changed":false,"_eb_attr":"","footnotes":""},"categories":[58],"tags":[130],"class_list":["post-24306","post","type-post","status-publish","format-standard","has-post-thumbnail","hentry","category-guate-nuestra","tag-mercado-emprendedores"],"acf":[],"aioseo_notices":[],"aioseo_head":"\n\t\t<!-- All in One SEO Pro 4.9.6.2 - aioseo.com -->\n\t<meta name=\"description\" content=\"La cooperativa Yax Transforma naci\u00f3 en Jacaltenango. Recolecta pl\u00e1sticos y los torna en objetos \u00fatiles. Sus productos estar\u00e1n en SoyMigrante MERCADO. Esta es la historia\" \/>\n\t<meta name=\"robots\" content=\"max-snippet:-1, max-image-preview:large, max-video-preview:-1\" \/>\n\t<meta name=\"author\" content=\"Beatriz Tercero\"\/>\n\t<link rel=\"canonical\" href=\"https:\/\/soymigrante.com\/revista\/cooperativa-yax-transforma-una-planta-recicladora-en-huehuetenango-que-crea-y-genera-empleo\/\" \/>\n\t<meta name=\"generator\" content=\"All in One SEO Pro (AIOSEO) 4.9.6.2\" \/>\n\n\t\t<link rel=\"preconnect\" href=\"https:\/\/fonts.googleapis.com\" crossorigin>\n<link rel=\"preconnect\" href=\"https:\/\/fonts.gstatic.com\" crossorigin>\n\t\t<meta property=\"og:locale\" content=\"es_ES\" \/>\n\t\t<meta property=\"og:site_name\" content=\"SoyMigrante.com REVISTA \u2013 Nuestra misi\u00f3n es reconocer y dignificar al migrante.\" \/>\n\t\t<meta property=\"og:type\" content=\"article\" \/>\n\t\t<meta property=\"og:title\" content=\"Cooperativa Yax Transforma: Pplanta recicladora en Huehuetenango\" \/>\n\t\t<meta property=\"og:description\" content=\"La cooperativa Yax Transforma naci\u00f3 en Jacaltenango. Recolecta pl\u00e1sticos y los torna en objetos \u00fatiles. Sus productos estar\u00e1n en SoyMigrante MERCADO. Esta es la historia\" \/>\n\t\t<meta property=\"og:url\" content=\"https:\/\/soymigrante.com\/revista\/cooperativa-yax-transforma-una-planta-recicladora-en-huehuetenango-que-crea-y-genera-empleo\/\" \/>\n\t\t<meta property=\"og:image\" content=\"https:\/\/soymigrante.com\/revista\/wp-content\/uploads\/2024\/10\/yax-transforma.webp\" \/>\n\t\t<meta property=\"og:image:secure_url\" content=\"https:\/\/soymigrante.com\/revista\/wp-content\/uploads\/2024\/10\/yax-transforma.webp\" \/>\n\t\t<meta property=\"og:image:width\" content=\"1049\" \/>\n\t\t<meta property=\"og:image:height\" content=\"1049\" \/>\n\t\t<meta property=\"article:published_time\" content=\"2024-10-17T17:09:52+00:00\" \/>\n\t\t<meta property=\"article:modified_time\" content=\"2024-11-05T06:58:36+00:00\" \/>\n\t\t<meta property=\"article:publisher\" content=\"https:\/\/www.facebook.com\/soymigrantecom\" \/>\n\t\t<meta name=\"twitter:card\" content=\"summary_large_image\" \/>\n\t\t<meta name=\"twitter:site\" content=\"@SoyMigrante_com\" \/>\n\t\t<meta name=\"twitter:title\" content=\"Cooperativa Yax Transforma: Pplanta recicladora en Huehuetenango\" \/>\n\t\t<meta name=\"twitter:description\" content=\"La cooperativa Yax Transforma naci\u00f3 en Jacaltenango. Recolecta pl\u00e1sticos y los torna en objetos \u00fatiles. Sus productos estar\u00e1n en SoyMigrante MERCADO. Esta es la historia\" \/>\n\t\t<meta name=\"twitter:creator\" content=\"@SoyMigrante_com\" \/>\n\t\t<meta name=\"twitter:image\" content=\"https:\/\/soymigrante.com\/revista\/wp-content\/uploads\/2024\/10\/yax-transforma.webp\" \/>\n\t\t<!-- All in One SEO Pro -->\r\n\t\t<title>Cooperativa Yax Transforma: Pplanta recicladora en Huehuetenango<\/title>\n\n","aioseo_head_json":{"title":"Cooperativa Yax Transforma: Pplanta recicladora en Huehuetenango","description":"La cooperativa Yax Transforma naci\u00f3 en Jacaltenango. Recolecta pl\u00e1sticos y los torna en objetos \u00fatiles. Sus productos estar\u00e1n en SoyMigrante MERCADO. Esta es la historia","canonical_url":"https:\/\/soymigrante.com\/revista\/cooperativa-yax-transforma-una-planta-recicladora-en-huehuetenango-que-crea-y-genera-empleo\/","robots":"max-snippet:-1, max-image-preview:large, max-video-preview:-1","keywords":"","webmasterTools":{"miscellaneous":"&lt;link rel=\"preconnect\" href=\"https:\/\/fonts.googleapis.com\" crossorigin&gt;\n&lt;link rel=\"preconnect\" href=\"https:\/\/fonts.gstatic.com\" crossorigin&gt;"},"schema":null,"og:locale":"es_ES","og:site_name":"SoyMigrante.com REVISTA \u2013 Nuestra misi\u00f3n es reconocer y dignificar al migrante.","og:type":"article","og:title":"Cooperativa Yax Transforma: Pplanta recicladora en Huehuetenango","og:description":"La cooperativa Yax Transforma naci\u00f3 en Jacaltenango. Recolecta pl\u00e1sticos y los torna en objetos \u00fatiles. Sus productos estar\u00e1n en SoyMigrante MERCADO. Esta es la historia","og:url":"https:\/\/soymigrante.com\/revista\/cooperativa-yax-transforma-una-planta-recicladora-en-huehuetenango-que-crea-y-genera-empleo\/","og:image":"https:\/\/soymigrante.com\/revista\/wp-content\/uploads\/2024\/10\/yax-transforma.webp","og:image:secure_url":"https:\/\/soymigrante.com\/revista\/wp-content\/uploads\/2024\/10\/yax-transforma.webp","og:image:width":1049,"og:image:height":1049,"article:published_time":"2024-10-17T17:09:52+00:00","article:modified_time":"2024-11-05T06:58:36+00:00","article:publisher":"https:\/\/www.facebook.com\/soymigrantecom","twitter:card":"summary_large_image","twitter:site":"@SoyMigrante_com","twitter:title":"Cooperativa Yax Transforma: Pplanta recicladora en Huehuetenango","twitter:description":"La cooperativa Yax Transforma naci\u00f3 en Jacaltenango. Recolecta pl\u00e1sticos y los torna en objetos \u00fatiles. Sus productos estar\u00e1n en SoyMigrante MERCADO. Esta es la historia","twitter:creator":"@SoyMigrante_com","twitter:image":"https:\/\/soymigrante.com\/revista\/wp-content\/uploads\/2024\/10\/yax-transforma.webp"},"aioseo_meta_data":{"post_id":"24306","title":"MercaIxil: Comercio artesanal y org\u00e1nico en la regi\u00f3n Ixil","description":"En el coraz\u00f3n de la regi\u00f3n Ixil, un grupo de artesanos transforma su legado en piezas \u00fanicas que cuentan historias de tradici\u00f3n y resistencia. Conoce MercaIxil","keywords":null,"keyphrases":{"focus":{"keyphrase":"MercaIxil","score":91,"analysis":{"keyphraseInTitle":{"score":9,"maxScore":9,"error":0},"keyphraseInDescription":{"score":9,"maxScore":9,"error":0},"keyphraseLength":{"score":9,"maxScore":9,"error":0,"length":1},"keyphraseInURL":{"score":5,"maxScore":5,"error":0},"keyphraseInIntroduction":{"score":9,"maxScore":9,"error":0},"keyphraseInSubHeadings":{"score":9,"maxScore":9,"error":0},"keyphraseInImageAlt":{"score":3,"maxScore":9,"error":1},"keywordDensity":{"type":"best","score":9,"maxScore":9,"error":0}}},"additional":[{"keyphrase":"Nebaj","score":53,"analysis":{"keyphraseInDescription":{"score":3,"maxScore":9,"error":1},"keyphraseLength":{"score":9,"maxScore":9,"error":0,"length":1},"keyphraseInIntroduction":{"score":3,"maxScore":9,"error":1},"keyphraseInImageAlt":{"score":9,"maxScore":9,"error":0},"keywordDensity":{"score":0,"type":"low","maxScore":9,"error":1}}},{"keyphrase":"Quich\u00e9","score":53,"analysis":{"keyphraseInDescription":{"score":3,"maxScore":9,"error":1},"keyphraseLength":{"score":9,"maxScore":9,"error":0,"length":1},"keyphraseInIntroduction":{"score":9,"maxScore":9,"error":0},"keyphraseInImageAlt":{"score":3,"maxScore":9,"error":1},"keywordDensity":{"score":0,"type":"low","maxScore":9,"error":1}}},{"keyphrase":"MERCADO","score":60,"analysis":{"keyphraseInDescription":{"score":3,"maxScore":9,"error":1},"keyphraseLength":{"score":9,"maxScore":9,"error":0,"length":1},"keyphraseInIntroduction":{"score":3,"maxScore":9,"error":1},"keyphraseInImageAlt":{"score":3,"maxScore":9,"error":1},"keywordDensity":{"type":"best","score":9,"maxScore":9,"error":0}}},{"keyphrase":"emprendimiento","score":40,"analysis":{"keyphraseInDescription":{"score":3,"maxScore":9,"error":1},"keyphraseLength":{"score":9,"maxScore":9,"error":0,"length":1},"keyphraseInIntroduction":{"score":3,"maxScore":9,"error":1},"keyphraseInImageAlt":{"score":3,"maxScore":9,"error":1},"keywordDensity":{"score":0,"type":"low","maxScore":9,"error":1}}},{"keyphrase":"FAO","score":53,"analysis":{"keyphraseInDescription":{"score":3,"maxScore":9,"error":1},"keyphraseLength":{"score":9,"maxScore":9,"error":0,"length":1},"keyphraseInIntroduction":{"score":3,"maxScore":9,"error":1},"keyphraseInImageAlt":{"score":9,"maxScore":9,"error":0},"keywordDensity":{"score":0,"type":"low","maxScore":9,"error":1}}}]},"primary_term":null,"canonical_url":null,"og_title":null,"og_description":null,"og_object_type":"default","og_image_type":"default","og_image_url":null,"og_image_width":null,"og_image_height":null,"og_image_custom_url":null,"og_image_custom_fields":null,"og_video":"","og_custom_url":null,"og_article_section":null,"og_article_tags":null,"twitter_use_og":false,"twitter_card":"default","twitter_image_type":"default","twitter_image_url":null,"twitter_image_custom_url":null,"twitter_image_custom_fields":null,"twitter_title":null,"twitter_description":null,"schema":{"blockGraphs":[],"customGraphs":[],"default":{"data":{"Article":[],"Course":[],"Dataset":[],"FAQPage":[],"Movie":[],"Person":[],"Product":[],"ProductReview":[],"Car":[],"Recipe":[],"Service":[],"SoftwareApplication":[],"WebPage":[]},"graphName":"none","isEnabled":true},"graphs":[]},"schema_type":"default","schema_type_options":null,"pillar_content":false,"robots_default":true,"robots_noindex":false,"robots_noarchive":false,"robots_nosnippet":false,"robots_nofollow":false,"robots_noimageindex":false,"robots_noodp":false,"robots_notranslate":false,"robots_max_snippet":"-1","robots_max_videopreview":"-1","robots_max_imagepreview":"large","priority":null,"frequency":"default","local_seo":null,"seo_analyzer_scan_date":"2025-10-09 02:31:39","breadcrumb_settings":null,"limit_modified_date":false,"reviewed_by":"0","open_ai":"{\"title\":{\"suggestions\":[],\"usage\":0},\"description\":{\"suggestions\":[],\"usage\":0}}","ai":null,"created":"2025-02-06 19:43:10","updated":"2026-02-04 21:12:32"},"aioseo_breadcrumb":"<div class=\"aioseo-breadcrumbs\"><span class=\"aioseo-breadcrumb\">\n\t<a href=\"https:\/\/soymigrante.com\/revista\" title=\"Home\">Home<\/a>\n<\/span><span class=\"aioseo-breadcrumb-separator\">\u00bb<\/span><span class=\"aioseo-breadcrumb\">\n\t<a href=\"https:\/\/soymigrante.com\/revista\/category\/guate-nuestra\/\" title=\"Guate Nuestra\">Guate Nuestra<\/a>\n<\/span><span class=\"aioseo-breadcrumb-separator\">\u00bb<\/span><span class=\"aioseo-breadcrumb\">\n\tMercaIxil: productos org\u00e1nicos de 210 comunidades del \u00e1rea Ixil tienen su tienda digital en MERCADO\n<\/span><\/div>","aioseo_breadcrumb_json":[{"label":"Home","link":"https:\/\/soymigrante.com\/revista"},{"label":"Guate Nuestra","link":"https:\/\/soymigrante.com\/revista\/category\/guate-nuestra\/"},{"label":"MercaIxil: productos org\u00e1nicos de 210 comunidades del \u00e1rea Ixil tienen su tienda digital en MERCADO","link":"https:\/\/soymigrante.com\/revista\/mercaixil-productos-organicos-y-artesanales-de-calidad-elaborados-por-comunidades-del-area-ixil\/"}],"_links":{"self":[{"href":"https:\/\/soymigrante.com\/revista\/wp-json\/wp\/v2\/posts\/24306","targetHints":{"allow":["GET"]}}],"collection":[{"href":"https:\/\/soymigrante.com\/revista\/wp-json\/wp\/v2\/posts"}],"about":[{"href":"https:\/\/soymigrante.com\/revista\/wp-json\/wp\/v2\/types\/post"}],"author":[{"embeddable":true,"href":"https:\/\/soymigrante.com\/revista\/wp-json\/wp\/v2\/users\/23"}],"replies":[{"embeddable":true,"href":"https:\/\/soymigrante.com\/revista\/wp-json\/wp\/v2\/comments?post=24306"}],"version-history":[{"count":5,"href":"https:\/\/soymigrante.com\/revista\/wp-json\/wp\/v2\/posts\/24306\/revisions"}],"predecessor-version":[{"id":35303,"href":"https:\/\/soymigrante.com\/revista\/wp-json\/wp\/v2\/posts\/24306\/revisions\/35303"}],"wp:featuredmedia":[{"embeddable":true,"href":"https:\/\/soymigrante.com\/revista\/wp-json\/wp\/v2\/media\/24367"}],"wp:attachment":[{"href":"https:\/\/soymigrante.com\/revista\/wp-json\/wp\/v2\/media?parent=24306"}],"wp:term":[{"taxonomy":"category","embeddable":true,"href":"https:\/\/soymigrante.com\/revista\/wp-json\/wp\/v2\/categories?post=24306"},{"taxonomy":"post_tag","embeddable":true,"href":"https:\/\/soymigrante.com\/revista\/wp-json\/wp\/v2\/tags?post=24306"}],"curies":[{"name":"wp","href":"https:\/\/api.w.org\/{rel}","templated":true}]}}