{"id":24210,"date":"2025-04-05T09:05:27","date_gmt":"2025-04-05T15:05:27","guid":{"rendered":"https:\/\/soymigrante.com\/revista\/?p=24210"},"modified":"2025-10-23T10:34:26","modified_gmt":"2025-10-23T16:34:26","slug":"la-tradicion-textil-de-las-hermanas-nicolas-esta-en-mercado","status":"publish","type":"post","link":"https:\/\/soymigrante.com\/revista\/la-tradicion-textil-de-las-hermanas-nicolas-esta-en-mercado\/","title":{"rendered":"Tradici\u00f3n textil huehueteca de las hermanas Nicol\u00e1s est\u00e1 en MERCADO"},"content":{"rendered":"\t\t<div data-elementor-type=\"wp-post\" data-elementor-id=\"24210\" class=\"elementor elementor-24210\" data-elementor-post-type=\"post\">\n\t\t\t\t<div data-particle_enable=\"false\" data-particle-mobile-disabled=\"false\" class=\"elementor-element elementor-element-29645ff e-flex e-con-boxed e-con e-parent\" data-id=\"29645ff\" data-element_type=\"container\" data-e-type=\"container\">\n\t\t\t\t\t<div class=\"e-con-inner\">\n\t\t\t\t<div class=\"elementor-element elementor-element-535fc6f elementor-widget elementor-widget-heading\" data-id=\"535fc6f\" data-element_type=\"widget\" data-e-type=\"widget\" data-widget_type=\"heading.default\">\n\t\t\t\t\t<h2 class=\"elementor-heading-title elementor-size-default\">Las hermanas Nicol\u00e1s se propusieron resguardar la tradici\u00f3n textil de Huehuetenango, sus productos impactan por ser \u00fanicos y hermosos. \n<\/h2>\t\t\t\t<\/div>\n\t\t\t\t\t<\/div>\n\t\t\t\t<\/div>\n\t\t<div data-particle_enable=\"false\" data-particle-mobile-disabled=\"false\" class=\"elementor-element elementor-element-fae0f90 e-flex e-con-boxed e-con e-parent\" data-id=\"fae0f90\" data-element_type=\"container\" data-e-type=\"container\">\n\t\t\t\t\t<div class=\"e-con-inner\">\n\t\t\t\t<div class=\"elementor-element elementor-element-73d279b elementor-widget elementor-widget-text-editor\" data-id=\"73d279b\" data-element_type=\"widget\" data-e-type=\"widget\" data-widget_type=\"text-editor.default\">\n\t\t\t\t\t\t\t\t\t<p>En San Pedro Soloma, Huehuetenango, la tradici\u00f3n textil maya sigue viva gracias al esfuerzo de Dominga y Silvia Nicol\u00e1s, dos hermanas emprendedoras que han dedicado su vida a la confecci\u00f3n de indumentaria maya en el \u00e1rea kanjobal.<\/p><p>Con una visi\u00f3n clara de preservar la identidad cultural de su comunidad, han logrado no solo resguardar los tejidos tradicionales, sino tambi\u00e9n innovar con nuevos dise\u00f1os que resaltan la esencia de su tierra.<\/p>\t\t\t\t\t\t\t\t<\/div>\n\t\t\t\t\t<\/div>\n\t\t\t\t<\/div>\n\t\t<div data-particle_enable=\"false\" data-particle-mobile-disabled=\"false\" class=\"elementor-element elementor-element-c2d2489 e-flex e-con-boxed e-con e-parent\" data-id=\"c2d2489\" data-element_type=\"container\" data-e-type=\"container\">\n\t\t\t\t\t<div class=\"e-con-inner\">\n\t\t\t\t<div class=\"elementor-element elementor-element-91e5b7c elementor-widget elementor-widget-video\" data-id=\"91e5b7c\" data-element_type=\"widget\" data-e-type=\"widget\" data-settings=\"{&quot;youtube_url&quot;:&quot;https:\\\/\\\/www.youtube.com\\\/watch?v=rjaUbKfNy9o&quot;,&quot;video_type&quot;:&quot;youtube&quot;,&quot;controls&quot;:&quot;yes&quot;}\" data-widget_type=\"video.default\">\n\t\t\t\t\t\t\t<div class=\"elementor-wrapper elementor-open-inline\">\n\t\t\t<div class=\"elementor-video\"><\/div>\t\t<\/div>\n\t\t\t\t\t\t<\/div>\n\t\t\t\t<div class=\"elementor-element elementor-element-8278da6 elementor-widget elementor-widget-text-editor\" data-id=\"8278da6\" data-element_type=\"widget\" data-e-type=\"widget\" data-widget_type=\"text-editor.default\">\n\t\t\t\t\t\t\t\t\t<p>La tienda digital <a href=\"https:\/\/soymigrante.com\/mercado\/marketplace\/seller\/profile\/xajaw\" target=\"_blank\" rel=\"noopener\">Indumentaria Galaxy<\/a> ya est\u00e1 abierta en <a href=\"https:\/\/soymigrante.com\/mercado\/\" target=\"_blank\" rel=\"noopener\">SoyMigrante.com MERCADO<\/a>, la comunidad en l\u00ednea creada para que emprendedores y compradores guatemaltecos se encuentren: un proyecto activo, proactivo e innovador para peque\u00f1os negocios y creadores de productos elaborados a mano, detr\u00e1s de las cuales siempre hay una historia. Y esta es la historia de <a href=\"https:\/\/soymigrante.com\/mercado\/marketplace\/seller\/profile\/xajaw\" target=\"_blank\" rel=\"noopener\">Indumentaria Galaxy.<\/a><\/p>\t\t\t\t\t\t\t\t<\/div>\n\t\t\t\t\t<\/div>\n\t\t\t\t<\/div>\n\t\t<div data-particle_enable=\"false\" data-particle-mobile-disabled=\"false\" class=\"elementor-element elementor-element-5a0f467 e-flex e-con-boxed e-con e-parent\" data-id=\"5a0f467\" data-element_type=\"container\" data-e-type=\"container\">\n\t\t\t\t\t<div class=\"e-con-inner\">\n\t\t\t\t<div class=\"elementor-element elementor-element-2a727d0 elementor-widget elementor-widget-image\" data-id=\"2a727d0\" data-element_type=\"widget\" data-e-type=\"widget\" data-widget_type=\"image.default\">\n\t\t\t\t\t\t\t\t\t\t\t\t<figure class=\"wp-caption\">\n\t\t\t\t\t\t\t\t\t\t\t<a href=\"https:\/\/soymigrante.com\/mercado\/marketplace\/seller\/profile\/xajaw?srsltid=AfmBOorFmp2R3Fs2owB8qwfUeiIvISM7pK8WNiQ86XR_69kjwmLrroyG\">\n\t\t\t\t\t\t\t<img fetchpriority=\"high\" decoding=\"async\" width=\"1024\" height=\"418\" src=\"https:\/\/soymigrante.com\/revista\/wp-content\/uploads\/2025\/02\/Las-hermanas-Nicola\u0301s-guardianas-de-la-tradicio\u0301n-textil-esta\u0301n-en-MERCADO-1-1024x418.png\" class=\"attachment-large size-large wp-image-24214\" alt=\"Las hermanas Nicol\u00e1s guardianas de la tradici\u00f3n textil est\u00e1n en MERCADO\" srcset=\"https:\/\/soymigrante.com\/revista\/wp-content\/uploads\/2025\/02\/Las-hermanas-Nicola\u0301s-guardianas-de-la-tradicio\u0301n-textil-esta\u0301n-en-MERCADO-1-1024x418.png 1024w, https:\/\/soymigrante.com\/revista\/wp-content\/uploads\/2025\/02\/Las-hermanas-Nicola\u0301s-guardianas-de-la-tradicio\u0301n-textil-esta\u0301n-en-MERCADO-1-300x123.png 300w, https:\/\/soymigrante.com\/revista\/wp-content\/uploads\/2025\/02\/Las-hermanas-Nicola\u0301s-guardianas-de-la-tradicio\u0301n-textil-esta\u0301n-en-MERCADO-1-768x314.png 768w, https:\/\/soymigrante.com\/revista\/wp-content\/uploads\/2025\/02\/Las-hermanas-Nicola\u0301s-guardianas-de-la-tradicio\u0301n-textil-esta\u0301n-en-MERCADO-1-1536x628.png 1536w, https:\/\/soymigrante.com\/revista\/wp-content\/uploads\/2025\/02\/Las-hermanas-Nicola\u0301s-guardianas-de-la-tradicio\u0301n-textil-esta\u0301n-en-MERCADO-1-750x306.webp 750w, https:\/\/soymigrante.com\/revista\/wp-content\/uploads\/2025\/02\/Las-hermanas-Nicola\u0301s-guardianas-de-la-tradicio\u0301n-textil-esta\u0301n-en-MERCADO-1-1140x466.webp 1140w, https:\/\/soymigrante.com\/revista\/wp-content\/uploads\/2025\/02\/Las-hermanas-Nicola\u0301s-guardianas-de-la-tradicio\u0301n-textil-esta\u0301n-en-MERCADO-1.webp 1559w\" sizes=\"(max-width: 1024px) 100vw, 1024px\" title=\"Las hermanas Nicola\u0301s guardianas de la tradicio\u0301n textil esta\u0301n en MERCADO 1 \u2013 SoyMigrante.com REVISTA\" \/>\t\t\t\t\t\t\t\t<\/a>\n\t\t\t\t\t\t\t\t\t\t\t<figcaption class=\"widget-image-caption wp-caption-text\">La tienda Indumentaria Galaxy se destaca por su creatividad. (Foto: Captura de pantalla)<\/figcaption>\n\t\t\t\t\t\t\t\t\t\t<\/figure>\n\t\t\t\t\t\t\t\t\t<\/div>\n\t\t\t\t\t<\/div>\n\t\t\t\t<\/div>\n\t\t<div data-particle_enable=\"false\" data-particle-mobile-disabled=\"false\" class=\"elementor-element elementor-element-17b4477 e-flex e-con-boxed e-con e-parent\" data-id=\"17b4477\" data-element_type=\"container\" data-e-type=\"container\">\n\t\t\t\t\t<div class=\"e-con-inner\">\n\t\t\t\t<div class=\"elementor-element elementor-element-9151eda elementor-widget elementor-widget-heading\" data-id=\"9151eda\" data-element_type=\"widget\" data-e-type=\"widget\" data-widget_type=\"heading.default\">\n\t\t\t\t\t<h3 class=\"elementor-heading-title elementor-size-default\">Una historia de tradici\u00f3n desde la ni\u00f1ez <\/h3>\t\t\t\t<\/div>\n\t\t\t\t\t<\/div>\n\t\t\t\t<\/div>\n\t\t<div data-particle_enable=\"false\" data-particle-mobile-disabled=\"false\" class=\"elementor-element elementor-element-e5db1cc e-flex e-con-boxed e-con e-parent\" data-id=\"e5db1cc\" data-element_type=\"container\" data-e-type=\"container\">\n\t\t\t\t\t<div class=\"e-con-inner\">\n\t\t\t\t<div class=\"elementor-element elementor-element-98bd87d elementor-widget elementor-widget-text-editor\" data-id=\"98bd87d\" data-element_type=\"widget\" data-e-type=\"widget\" data-widget_type=\"text-editor.default\">\n\t\t\t\t\t\t\t\t\t<p>Desde ni\u00f1as, entre los 10 y 12 a\u00f1os, las hermanas aprendieron el arte del tejido, una pr\u00e1ctica transmitida por generaciones en su familia. Sin embargo, con el tiempo notaron que el uso de la indumentaria tradicional estaba disminuyendo.<\/p><p>Fue entonces cuando decidieron regresar a sus ra\u00edces y<a href=\"https:\/\/soymigrante.com\/mercado\/marketplace\/seller\/profile\/xajaw\" target=\"_blank\" rel=\"noopener\"> darle un nuevo impulso a este legado.<\/a> En 2019, comenzaron a dise\u00f1ar prendas con un toque contempor\u00e1neo, sin perder la esencia de la vestimenta maya.<\/p>\t\t\t\t\t\t\t\t<\/div>\n\t\t\t\t\t<\/div>\n\t\t\t\t<\/div>\n\t\t<div data-particle_enable=\"false\" data-particle-mobile-disabled=\"false\" class=\"elementor-element elementor-element-e3e9b48 e-flex e-con-boxed e-con e-parent\" data-id=\"e3e9b48\" data-element_type=\"container\" data-e-type=\"container\">\n\t\t\t\t\t<div class=\"e-con-inner\">\n\t\t\t\t<div class=\"elementor-element elementor-element-8223dc8 elementor-widget elementor-widget-image\" data-id=\"8223dc8\" data-element_type=\"widget\" data-e-type=\"widget\" data-widget_type=\"image.default\">\n\t\t\t\t\t\t\t\t\t\t\t\t<figure class=\"wp-caption\">\n\t\t\t\t\t\t\t\t\t\t\t<a href=\"https:\/\/soymigrante.com\/mercado\/marketplace\/seller\/profile\/xajaw\">\n\t\t\t\t\t\t\t<img decoding=\"async\" width=\"1024\" height=\"711\" src=\"https:\/\/soymigrante.com\/revista\/wp-content\/uploads\/2025\/02\/Las-hermanas-Nicola\u0301s-guardianas-de-la-tradicio\u0301n-textil-esta\u0301n-en-MERCADO-4-1024x711.png\" class=\"attachment-large size-large wp-image-24216\" alt=\"Las hermanas Nicol\u00e1s guardianas de la tradici\u00f3n textil est\u00e1n en MERCADO\" srcset=\"https:\/\/soymigrante.com\/revista\/wp-content\/uploads\/2025\/02\/Las-hermanas-Nicola\u0301s-guardianas-de-la-tradicio\u0301n-textil-esta\u0301n-en-MERCADO-4-1024x711.png 1024w, https:\/\/soymigrante.com\/revista\/wp-content\/uploads\/2025\/02\/Las-hermanas-Nicola\u0301s-guardianas-de-la-tradicio\u0301n-textil-esta\u0301n-en-MERCADO-4-300x208.png 300w, https:\/\/soymigrante.com\/revista\/wp-content\/uploads\/2025\/02\/Las-hermanas-Nicola\u0301s-guardianas-de-la-tradicio\u0301n-textil-esta\u0301n-en-MERCADO-4-768x534.png 768w, https:\/\/soymigrante.com\/revista\/wp-content\/uploads\/2025\/02\/Las-hermanas-Nicola\u0301s-guardianas-de-la-tradicio\u0301n-textil-esta\u0301n-en-MERCADO-4-750x521.png 750w, https:\/\/soymigrante.com\/revista\/wp-content\/uploads\/2025\/02\/Las-hermanas-Nicola\u0301s-guardianas-de-la-tradicio\u0301n-textil-esta\u0301n-en-MERCADO-4-1140x792.png 1140w, https:\/\/soymigrante.com\/revista\/wp-content\/uploads\/2025\/02\/Las-hermanas-Nicola\u0301s-guardianas-de-la-tradicio\u0301n-textil-esta\u0301n-en-MERCADO-4.webp 1245w\" sizes=\"(max-width: 1024px) 100vw, 1024px\" title=\"Las hermanas Nicola\u0301s guardianas de la tradicio\u0301n textil esta\u0301n en MERCADO 4 \u2013 SoyMigrante.com REVISTA\" \/>\t\t\t\t\t\t\t\t<\/a>\n\t\t\t\t\t\t\t\t\t\t\t<figcaption class=\"widget-image-caption wp-caption-text\">Algunas de las prendas que Indumentaria Galaxy tiene en MERCADO. (Foto: Captura de pantalla)<\/figcaption>\n\t\t\t\t\t\t\t\t\t\t<\/figure>\n\t\t\t\t\t\t\t\t\t<\/div>\n\t\t\t\t\t<\/div>\n\t\t\t\t<\/div>\n\t\t<div data-particle_enable=\"false\" data-particle-mobile-disabled=\"false\" class=\"elementor-element elementor-element-6c9bce2 e-flex e-con-boxed e-con e-parent\" data-id=\"6c9bce2\" data-element_type=\"container\" data-e-type=\"container\">\n\t\t\t\t\t<div class=\"e-con-inner\">\n\t\t\t\t<div class=\"elementor-element elementor-element-296cd1b elementor-widget elementor-widget-heading\" data-id=\"296cd1b\" data-element_type=\"widget\" data-e-type=\"widget\" data-widget_type=\"heading.default\">\n\t\t\t\t\t<h3 class=\"elementor-heading-title elementor-size-default\">Un emprendimiento familiar <\/h3>\t\t\t\t<\/div>\n\t\t\t\t\t<\/div>\n\t\t\t\t<\/div>\n\t\t<div data-particle_enable=\"false\" data-particle-mobile-disabled=\"false\" class=\"elementor-element elementor-element-0f8c349 e-flex e-con-boxed e-con e-parent\" data-id=\"0f8c349\" data-element_type=\"container\" data-e-type=\"container\">\n\t\t\t\t\t<div class=\"e-con-inner\">\n\t\t\t\t<div class=\"elementor-element elementor-element-249dcc0 elementor-widget elementor-widget-text-editor\" data-id=\"249dcc0\" data-element_type=\"widget\" data-e-type=\"widget\" data-widget_type=\"text-editor.default\">\n\t\t\t\t\t\t\t\t\t<p><a href=\"https:\/\/soymigrante.com\/mercado\/marketplace\/seller\/profile\/xajaw\" target=\"_blank\" rel=\"noopener\">El negocio, que involucra a toda su familia,<\/a> ha crecido a lo largo de seis a\u00f1os y hoy es un referente en textiles artesanales.<\/p><p>Unas seis personas participan en el proceso de creaci\u00f3n, aportando creatividad, conocimientos y esfuerzo para que cada prenda conserve su autenticidad.<\/p>\t\t\t\t\t\t\t\t<\/div>\n\t\t\t\t\t<\/div>\n\t\t\t\t<\/div>\n\t\t<div data-particle_enable=\"false\" data-particle-mobile-disabled=\"false\" class=\"elementor-element elementor-element-7a34422 e-flex e-con-boxed e-con e-parent\" data-id=\"7a34422\" data-element_type=\"container\" data-e-type=\"container\">\n\t\t\t\t\t<div class=\"e-con-inner\">\n\t\t\t\t<div class=\"elementor-element elementor-element-72345de elementor-widget elementor-widget-image\" data-id=\"72345de\" data-element_type=\"widget\" data-e-type=\"widget\" data-widget_type=\"image.default\">\n\t\t\t\t\t\t\t\t\t\t\t\t<figure class=\"wp-caption\">\n\t\t\t\t\t\t\t\t\t\t<img decoding=\"async\" width=\"946\" height=\"1024\" src=\"https:\/\/soymigrante.com\/revista\/wp-content\/uploads\/2025\/02\/Las-hermanas-Nicola\u0301s-guardianas-de-la-tradicio\u0301n-textil-esta\u0301n-en-MERCADO3-946x1024.jpeg\" class=\"attachment-large size-large wp-image-24217\" alt=\"Las hermanas Nicol\u00e1s guardianas de la tradici\u00f3n textil est\u00e1n en MERCADO\" srcset=\"https:\/\/soymigrante.com\/revista\/wp-content\/uploads\/2025\/02\/Las-hermanas-Nicola\u0301s-guardianas-de-la-tradicio\u0301n-textil-esta\u0301n-en-MERCADO3-946x1024.jpeg 946w, https:\/\/soymigrante.com\/revista\/wp-content\/uploads\/2025\/02\/Las-hermanas-Nicola\u0301s-guardianas-de-la-tradicio\u0301n-textil-esta\u0301n-en-MERCADO3-277x300.jpeg 277w, https:\/\/soymigrante.com\/revista\/wp-content\/uploads\/2025\/02\/Las-hermanas-Nicola\u0301s-guardianas-de-la-tradicio\u0301n-textil-esta\u0301n-en-MERCADO3-768x831.jpeg 768w, https:\/\/soymigrante.com\/revista\/wp-content\/uploads\/2025\/02\/Las-hermanas-Nicola\u0301s-guardianas-de-la-tradicio\u0301n-textil-esta\u0301n-en-MERCADO3-750x811.webp 750w, https:\/\/soymigrante.com\/revista\/wp-content\/uploads\/2025\/02\/Las-hermanas-Nicola\u0301s-guardianas-de-la-tradicio\u0301n-textil-esta\u0301n-en-MERCADO3-1140x1233.webp 1140w, https:\/\/soymigrante.com\/revista\/wp-content\/uploads\/2025\/02\/Las-hermanas-Nicola\u0301s-guardianas-de-la-tradicio\u0301n-textil-esta\u0301n-en-MERCADO3.webp 1183w\" sizes=\"(max-width: 946px) 100vw, 946px\" title=\"Las hermanas Nicola\u0301s guardianas de la tradicio\u0301n textil esta\u0301n en MERCADO3 \u2013 SoyMigrante.com REVISTA\" \/>\t\t\t\t\t\t\t\t\t\t\t<figcaption class=\"widget-image-caption wp-caption-text\">Los tejidos son cuidados rigurosamente para mantener la calidad. (Foto: Cortes\u00eda, Dominga Nicol\u00e1s)<\/figcaption>\n\t\t\t\t\t\t\t\t\t\t<\/figure>\n\t\t\t\t\t\t\t\t\t<\/div>\n\t\t\t\t\t<\/div>\n\t\t\t\t<\/div>\n\t\t<div data-particle_enable=\"false\" data-particle-mobile-disabled=\"false\" class=\"elementor-element elementor-element-8aada34 e-flex e-con-boxed e-con e-parent\" data-id=\"8aada34\" data-element_type=\"container\" data-e-type=\"container\">\n\t\t\t\t\t<div class=\"e-con-inner\">\n\t\t\t\t<div class=\"elementor-element elementor-element-07f8e75 elementor-invisible elementor-widget elementor-widget-testimonial\" data-id=\"07f8e75\" data-element_type=\"widget\" data-e-type=\"widget\" data-settings=\"{&quot;_animation&quot;:&quot;rotateInUpRight&quot;}\" data-widget_type=\"testimonial.default\">\n\t\t\t\t\t\t\t<div class=\"elementor-testimonial-wrapper\">\n\t\t\t\t\t\t\t<div class=\"elementor-testimonial-content\">\u201cEntre toda la familia nos apoyamos econ\u00f3micamente, para que nuestro trabajo siga dando fruto\u201d.<\/div>\n\t\t\t\n\t\t\t\t\t\t<div class=\"elementor-testimonial-meta elementor-has-image elementor-testimonial-image-position-aside\">\n\t\t\t\t<div class=\"elementor-testimonial-meta-inner\">\n\t\t\t\t\t\t\t\t\t\t\t<div class=\"elementor-testimonial-image\">\n\t\t\t\t\t\t\t<img loading=\"lazy\" decoding=\"async\" width=\"1440\" height=\"1920\" src=\"https:\/\/soymigrante.com\/revista\/wp-content\/uploads\/2025\/02\/Las-hermanas-Nicola\u0301s-guardianas-de-la-tradicio\u0301n-textil-esta\u0301n-en-MERCADO-4-scaled.webp\" class=\"attachment-full size-full wp-image-24215\" alt=\"\" title=\"Las hermanas Nicola\u0301s guardianas de la tradicio\u0301n textil esta\u0301n en MERCADO 4 \u2013 SoyMigrante.com REVISTA\" srcset=\"https:\/\/soymigrante.com\/revista\/wp-content\/uploads\/2025\/02\/Las-hermanas-Nicola\u0301s-guardianas-de-la-tradicio\u0301n-textil-esta\u0301n-en-MERCADO-4-scaled.webp 1440w, https:\/\/soymigrante.com\/revista\/wp-content\/uploads\/2025\/02\/Las-hermanas-Nicola\u0301s-guardianas-de-la-tradicio\u0301n-textil-esta\u0301n-en-MERCADO-4-225x300.jpeg 225w, https:\/\/soymigrante.com\/revista\/wp-content\/uploads\/2025\/02\/Las-hermanas-Nicola\u0301s-guardianas-de-la-tradicio\u0301n-textil-esta\u0301n-en-MERCADO-4-768x1024.jpeg 768w, https:\/\/soymigrante.com\/revista\/wp-content\/uploads\/2025\/02\/Las-hermanas-Nicola\u0301s-guardianas-de-la-tradicio\u0301n-textil-esta\u0301n-en-MERCADO-4-1152x1536.jpeg 1152w, https:\/\/soymigrante.com\/revista\/wp-content\/uploads\/2025\/02\/Las-hermanas-Nicola\u0301s-guardianas-de-la-tradicio\u0301n-textil-esta\u0301n-en-MERCADO-4-1536x2048.jpeg 1536w, https:\/\/soymigrante.com\/revista\/wp-content\/uploads\/2025\/02\/Las-hermanas-Nicola\u0301s-guardianas-de-la-tradicio\u0301n-textil-esta\u0301n-en-MERCADO-4-750x1000.webp 750w, https:\/\/soymigrante.com\/revista\/wp-content\/uploads\/2025\/02\/Las-hermanas-Nicola\u0301s-guardianas-de-la-tradicio\u0301n-textil-esta\u0301n-en-MERCADO-4-1140x1520.webp 1140w\" sizes=\"(max-width: 1440px) 100vw, 1440px\" \/>\t\t\t\t\t\t<\/div>\n\t\t\t\t\t\n\t\t\t\t\t\t\t\t\t\t<div class=\"elementor-testimonial-details\">\n\t\t\t\t\t\t\t\t\t\t\t\t\t\t<div class=\"elementor-testimonial-name\">Dominga Nicol\u00e1s<\/div>\n\t\t\t\t\t\t\t\t\t\t\t\t\t\t\t\t\t\t\t\t\t\t<div class=\"elementor-testimonial-job\">Emprendedora guatemalteca<\/div>\n\t\t\t\t\t\t\t\t\t\t\t\t\t<\/div>\n\t\t\t\t\t\t\t\t\t<\/div>\n\t\t\t<\/div>\n\t\t\t\t\t<\/div>\n\t\t\t\t\t\t<\/div>\n\t\t\t\t\t<\/div>\n\t\t\t\t<\/div>\n\t\t<div data-particle_enable=\"false\" data-particle-mobile-disabled=\"false\" class=\"elementor-element elementor-element-7311938 e-flex e-con-boxed e-con e-parent\" data-id=\"7311938\" data-element_type=\"container\" data-e-type=\"container\">\n\t\t\t\t\t<div class=\"e-con-inner\">\n\t\t\t\t<div class=\"elementor-element elementor-element-3c3c2bc elementor-widget elementor-widget-heading\" data-id=\"3c3c2bc\" data-element_type=\"widget\" data-e-type=\"widget\" data-widget_type=\"heading.default\">\n\t\t\t\t\t<h3 class=\"elementor-heading-title elementor-size-default\">Prendas exclusivas hechas con amor <\/h3>\t\t\t\t<\/div>\n\t\t\t\t\t<\/div>\n\t\t\t\t<\/div>\n\t\t<div data-particle_enable=\"false\" data-particle-mobile-disabled=\"false\" class=\"elementor-element elementor-element-1e4a78a e-flex e-con-boxed e-con e-parent\" data-id=\"1e4a78a\" data-element_type=\"container\" data-e-type=\"container\">\n\t\t\t\t\t<div class=\"e-con-inner\">\n\t\t\t\t<div class=\"elementor-element elementor-element-b806fb3 elementor-widget elementor-widget-text-editor\" data-id=\"b806fb3\" data-element_type=\"widget\" data-e-type=\"widget\" data-widget_type=\"text-editor.default\">\n\t\t\t\t\t\t\t\t\t<p>La elaboraci\u00f3n de una prenda exclusiva puede tomar hasta dos d\u00edas, ya que cada pieza es \u00fanica en dise\u00f1o y confecci\u00f3n.<\/p><p>Para Dominga, lo m\u00e1s gratificante es la combinaci\u00f3n de colores y la certeza de que su emprendimiento <a href=\"https:\/\/soymigrante.com\/mercado\/marketplace\/seller\/profile\/xajaw\" target=\"_blank\" rel=\"noopener\">fortalece tanto su identidad como su econom\u00eda familiar.<\/a><\/p>\t\t\t\t\t\t\t\t<\/div>\n\t\t\t\t\t<\/div>\n\t\t\t\t<\/div>\n\t\t<div data-particle_enable=\"false\" data-particle-mobile-disabled=\"false\" class=\"elementor-element elementor-element-810c21a e-flex e-con-boxed e-con e-parent\" data-id=\"810c21a\" data-element_type=\"container\" data-e-type=\"container\">\n\t\t\t\t\t<div class=\"e-con-inner\">\n\t\t\t\t<div class=\"elementor-element elementor-element-91d3c2c elementor-widget elementor-widget-image\" data-id=\"91d3c2c\" data-element_type=\"widget\" data-e-type=\"widget\" data-widget_type=\"image.default\">\n\t\t\t\t\t\t\t\t\t\t\t\t<figure class=\"wp-caption\">\n\t\t\t\t\t\t\t\t\t\t\t<a href=\"https:\/\/soymigrante.com\/mercado\/marketplace\/seller\/profile\/xajaw\">\n\t\t\t\t\t\t\t<img loading=\"lazy\" decoding=\"async\" width=\"1024\" height=\"735\" src=\"https:\/\/soymigrante.com\/revista\/wp-content\/uploads\/2025\/02\/Las-hermanas-Nicola\u0301s-guardianas-de-la-tradicio\u0301n-textil-esta\u0301n-en-MERCADO-3-1024x735.png\" class=\"attachment-large size-large wp-image-24218\" alt=\"Las hermanas Nicol\u00e1s guardianas de la tradici\u00f3n textil est\u00e1n en MERCADO\" srcset=\"https:\/\/soymigrante.com\/revista\/wp-content\/uploads\/2025\/02\/Las-hermanas-Nicola\u0301s-guardianas-de-la-tradicio\u0301n-textil-esta\u0301n-en-MERCADO-3-1024x735.png 1024w, https:\/\/soymigrante.com\/revista\/wp-content\/uploads\/2025\/02\/Las-hermanas-Nicola\u0301s-guardianas-de-la-tradicio\u0301n-textil-esta\u0301n-en-MERCADO-3-300x215.png 300w, https:\/\/soymigrante.com\/revista\/wp-content\/uploads\/2025\/02\/Las-hermanas-Nicola\u0301s-guardianas-de-la-tradicio\u0301n-textil-esta\u0301n-en-MERCADO-3-768x551.png 768w, https:\/\/soymigrante.com\/revista\/wp-content\/uploads\/2025\/02\/Las-hermanas-Nicola\u0301s-guardianas-de-la-tradicio\u0301n-textil-esta\u0301n-en-MERCADO-3-120x86.webp 120w, https:\/\/soymigrante.com\/revista\/wp-content\/uploads\/2025\/02\/Las-hermanas-Nicola\u0301s-guardianas-de-la-tradicio\u0301n-textil-esta\u0301n-en-MERCADO-3-350x250.webp 350w, https:\/\/soymigrante.com\/revista\/wp-content\/uploads\/2025\/02\/Las-hermanas-Nicola\u0301s-guardianas-de-la-tradicio\u0301n-textil-esta\u0301n-en-MERCADO-3-750x538.webp 750w, https:\/\/soymigrante.com\/revista\/wp-content\/uploads\/2025\/02\/Las-hermanas-Nicola\u0301s-guardianas-de-la-tradicio\u0301n-textil-esta\u0301n-en-MERCADO-3-1140x818.webp 1140w, https:\/\/soymigrante.com\/revista\/wp-content\/uploads\/2025\/02\/Las-hermanas-Nicola\u0301s-guardianas-de-la-tradicio\u0301n-textil-esta\u0301n-en-MERCADO-3.webp 1269w\" sizes=\"(max-width: 1024px) 100vw, 1024px\" title=\"Las hermanas Nicola\u0301s guardianas de la tradicio\u0301n textil esta\u0301n en MERCADO 3 \u2013 SoyMigrante.com REVISTA\" \/>\t\t\t\t\t\t\t\t<\/a>\n\t\t\t\t\t\t\t\t\t\t\t<figcaption class=\"widget-image-caption wp-caption-text\">Todos los productos que tiene Indumentaria Galaxy han pasado por control de calidad, para garantizar su autenticidad. (Foto: Captura de pantalla)<\/figcaption>\n\t\t\t\t\t\t\t\t\t\t<\/figure>\n\t\t\t\t\t\t\t\t\t<\/div>\n\t\t\t\t\t<\/div>\n\t\t\t\t<\/div>\n\t\t<div data-particle_enable=\"false\" data-particle-mobile-disabled=\"false\" class=\"elementor-element elementor-element-98b2f67 e-flex e-con-boxed e-con e-parent\" data-id=\"98b2f67\" data-element_type=\"container\" data-e-type=\"container\">\n\t\t\t\t\t<div class=\"e-con-inner\">\n\t\t\t\t<div class=\"elementor-element elementor-element-bb83d13 elementor-invisible elementor-widget elementor-widget-testimonial\" data-id=\"bb83d13\" data-element_type=\"widget\" data-e-type=\"widget\" data-settings=\"{&quot;_animation&quot;:&quot;rotateInUpRight&quot;}\" data-widget_type=\"testimonial.default\">\n\t\t\t\t\t\t\t<div class=\"elementor-testimonial-wrapper\">\n\t\t\t\t\t\t\t<div class=\"elementor-testimonial-content\">\u201cCada vez que hago una prenda, me pongo a pensar en que es algo m\u00edo, porque cada prenda es \u00fanica y tiene una esencia especial\u201d.\n<\/div>\n\t\t\t\n\t\t\t\t\t\t<div class=\"elementor-testimonial-meta elementor-has-image elementor-testimonial-image-position-aside\">\n\t\t\t\t<div class=\"elementor-testimonial-meta-inner\">\n\t\t\t\t\t\t\t\t\t\t\t<div class=\"elementor-testimonial-image\">\n\t\t\t\t\t\t\t<img loading=\"lazy\" decoding=\"async\" width=\"1440\" height=\"1920\" src=\"https:\/\/soymigrante.com\/revista\/wp-content\/uploads\/2025\/02\/Las-hermanas-Nicola\u0301s-guardianas-de-la-tradicio\u0301n-textil-esta\u0301n-en-MERCADO-4-scaled.webp\" class=\"attachment-full size-full wp-image-24215\" alt=\"\" title=\"Las hermanas Nicola\u0301s guardianas de la tradicio\u0301n textil esta\u0301n en MERCADO 4 \u2013 SoyMigrante.com REVISTA\" srcset=\"https:\/\/soymigrante.com\/revista\/wp-content\/uploads\/2025\/02\/Las-hermanas-Nicola\u0301s-guardianas-de-la-tradicio\u0301n-textil-esta\u0301n-en-MERCADO-4-scaled.webp 1440w, https:\/\/soymigrante.com\/revista\/wp-content\/uploads\/2025\/02\/Las-hermanas-Nicola\u0301s-guardianas-de-la-tradicio\u0301n-textil-esta\u0301n-en-MERCADO-4-225x300.jpeg 225w, https:\/\/soymigrante.com\/revista\/wp-content\/uploads\/2025\/02\/Las-hermanas-Nicola\u0301s-guardianas-de-la-tradicio\u0301n-textil-esta\u0301n-en-MERCADO-4-768x1024.jpeg 768w, https:\/\/soymigrante.com\/revista\/wp-content\/uploads\/2025\/02\/Las-hermanas-Nicola\u0301s-guardianas-de-la-tradicio\u0301n-textil-esta\u0301n-en-MERCADO-4-1152x1536.jpeg 1152w, https:\/\/soymigrante.com\/revista\/wp-content\/uploads\/2025\/02\/Las-hermanas-Nicola\u0301s-guardianas-de-la-tradicio\u0301n-textil-esta\u0301n-en-MERCADO-4-1536x2048.jpeg 1536w, https:\/\/soymigrante.com\/revista\/wp-content\/uploads\/2025\/02\/Las-hermanas-Nicola\u0301s-guardianas-de-la-tradicio\u0301n-textil-esta\u0301n-en-MERCADO-4-750x1000.webp 750w, https:\/\/soymigrante.com\/revista\/wp-content\/uploads\/2025\/02\/Las-hermanas-Nicola\u0301s-guardianas-de-la-tradicio\u0301n-textil-esta\u0301n-en-MERCADO-4-1140x1520.webp 1140w\" sizes=\"(max-width: 1440px) 100vw, 1440px\" \/>\t\t\t\t\t\t<\/div>\n\t\t\t\t\t\n\t\t\t\t\t\t\t\t\t\t<div class=\"elementor-testimonial-details\">\n\t\t\t\t\t\t\t\t\t\t\t\t\t\t<div class=\"elementor-testimonial-name\">Dominga Nicol\u00e1s<\/div>\n\t\t\t\t\t\t\t\t\t\t\t\t\t\t\t\t\t\t\t\t\t\t<div class=\"elementor-testimonial-job\">Emprendedora guatemalteca <\/div>\n\t\t\t\t\t\t\t\t\t\t\t\t\t<\/div>\n\t\t\t\t\t\t\t\t\t<\/div>\n\t\t\t<\/div>\n\t\t\t\t\t<\/div>\n\t\t\t\t\t\t<\/div>\n\t\t\t\t\t<\/div>\n\t\t\t\t<\/div>\n\t\t<div data-particle_enable=\"false\" data-particle-mobile-disabled=\"false\" class=\"elementor-element elementor-element-6d231f4 e-flex e-con-boxed e-con e-parent\" data-id=\"6d231f4\" data-element_type=\"container\" data-e-type=\"container\">\n\t\t\t\t\t<div class=\"e-con-inner\">\n\t\t\t\t<div class=\"elementor-element elementor-element-165f444 elementor-widget elementor-widget-heading\" data-id=\"165f444\" data-element_type=\"widget\" data-e-type=\"widget\" data-widget_type=\"heading.default\">\n\t\t\t\t\t<h3 class=\"elementor-heading-title elementor-size-default\">Prendas que hacen historia <\/h3>\t\t\t\t<\/div>\n\t\t\t\t\t<\/div>\n\t\t\t\t<\/div>\n\t\t<div data-particle_enable=\"false\" data-particle-mobile-disabled=\"false\" class=\"elementor-element elementor-element-d977994 e-flex e-con-boxed e-con e-parent\" data-id=\"d977994\" data-element_type=\"container\" data-e-type=\"container\">\n\t\t\t\t\t<div class=\"e-con-inner\">\n\t\t\t\t<div class=\"elementor-element elementor-element-00316d9 elementor-widget elementor-widget-text-editor\" data-id=\"00316d9\" data-element_type=\"widget\" data-e-type=\"widget\" data-widget_type=\"text-editor.default\">\n\t\t\t\t\t\t\t\t\t<p>El trabajo de las hermanas Nicol\u00e1s ha permitido que <a href=\"https:\/\/soymigrante.com\/mercado\/marketplace\/seller\/profile\/xajaw\" target=\"_blank\" rel=\"noopener\">la indumentaria maya siga siendo parte de la vida cotidiana<\/a> y ceremonial en su comunidad.<\/p><p>Sus productos, que incluyen cortes y prendas detalladamente tejidas, tienen precios que var\u00edan seg\u00fan el material utilizado, con costos aproximados de Q<strong>450<\/strong> por una prenda y <strong>Q700<\/strong> por un corte.<\/p>\t\t\t\t\t\t\t\t<\/div>\n\t\t\t\t\t<\/div>\n\t\t\t\t<\/div>\n\t\t<div data-particle_enable=\"false\" data-particle-mobile-disabled=\"false\" class=\"elementor-element elementor-element-d464f90 e-flex e-con-boxed e-con e-parent\" data-id=\"d464f90\" data-element_type=\"container\" data-e-type=\"container\">\n\t\t\t\t\t<div class=\"e-con-inner\">\n\t\t\t\t<div class=\"elementor-element elementor-element-86be342 elementor-widget elementor-widget-image\" data-id=\"86be342\" data-element_type=\"widget\" data-e-type=\"widget\" data-widget_type=\"image.default\">\n\t\t\t\t\t\t\t\t\t\t\t\t<figure class=\"wp-caption\">\n\t\t\t\t\t\t\t\t\t\t<img loading=\"lazy\" decoding=\"async\" width=\"976\" height=\"1024\" src=\"https:\/\/soymigrante.com\/revista\/wp-content\/uploads\/2025\/02\/Las-hermanas-Nicola\u0301s-guardianas-de-la-tradicio\u0301n-textil-esta\u0301n-en-MERCADO2-976x1024.jpeg\" class=\"attachment-large size-large wp-image-24220\" alt=\"Las hermanas Nicol\u00e1s guardianas de la tradici\u00f3n textil est\u00e1n en MERCADO\" srcset=\"https:\/\/soymigrante.com\/revista\/wp-content\/uploads\/2025\/02\/Las-hermanas-Nicola\u0301s-guardianas-de-la-tradicio\u0301n-textil-esta\u0301n-en-MERCADO2-976x1024.jpeg 976w, https:\/\/soymigrante.com\/revista\/wp-content\/uploads\/2025\/02\/Las-hermanas-Nicola\u0301s-guardianas-de-la-tradicio\u0301n-textil-esta\u0301n-en-MERCADO2-286x300.jpeg 286w, https:\/\/soymigrante.com\/revista\/wp-content\/uploads\/2025\/02\/Las-hermanas-Nicola\u0301s-guardianas-de-la-tradicio\u0301n-textil-esta\u0301n-en-MERCADO2-768x806.jpeg 768w, https:\/\/soymigrante.com\/revista\/wp-content\/uploads\/2025\/02\/Las-hermanas-Nicola\u0301s-guardianas-de-la-tradicio\u0301n-textil-esta\u0301n-en-MERCADO2-750x787.webp 750w, https:\/\/soymigrante.com\/revista\/wp-content\/uploads\/2025\/02\/Las-hermanas-Nicola\u0301s-guardianas-de-la-tradicio\u0301n-textil-esta\u0301n-en-MERCADO2-1140x1196.webp 1140w, https:\/\/soymigrante.com\/revista\/wp-content\/uploads\/2025\/02\/Las-hermanas-Nicola\u0301s-guardianas-de-la-tradicio\u0301n-textil-esta\u0301n-en-MERCADO2.webp 1220w\" sizes=\"(max-width: 976px) 100vw, 976px\" title=\"Las hermanas Nicola\u0301s guardianas de la tradicio\u0301n textil esta\u0301n en MERCADO2 \u2013 SoyMigrante.com REVISTA\" \/>\t\t\t\t\t\t\t\t\t\t\t<figcaption class=\"widget-image-caption wp-caption-text\">En cada prenda las hermanas se podr\u00edan tardar hasta 48 horas en elaborarla, por lo complejo de los tejidos. (Foto: Cortes\u00eda, Dominga Nicol\u00e1s)<\/figcaption>\n\t\t\t\t\t\t\t\t\t\t<\/figure>\n\t\t\t\t\t\t\t\t\t<\/div>\n\t\t\t\t\t<\/div>\n\t\t\t\t<\/div>\n\t\t<div data-particle_enable=\"false\" data-particle-mobile-disabled=\"false\" class=\"elementor-element elementor-element-7558035 e-flex e-con-boxed e-con e-parent\" data-id=\"7558035\" data-element_type=\"container\" data-e-type=\"container\">\n\t\t\t\t\t<div class=\"e-con-inner\">\n\t\t\t\t<div class=\"elementor-element elementor-element-837643e elementor-widget elementor-widget-text-editor\" data-id=\"837643e\" data-element_type=\"widget\" data-e-type=\"widget\" data-widget_type=\"text-editor.default\">\n\t\t\t\t\t\t\t\t\t<p>Gracias a su dedicaci\u00f3n y pasi\u00f3n por los textiles, Dominga y Silvia Nicol\u00e1s han logrado <a href=\"https:\/\/soymigrante.com\/mercado\/marketplace\/seller\/profile\/xajaw\" target=\"_blank\" rel=\"noopener\">convertir su arte en un emprendimiento sostenible, reafirmando la importancia de la tradici\u00f3n<\/a> y la creatividad en la preservaci\u00f3n de la cultura maya.<\/p>\t\t\t\t\t\t\t\t<\/div>\n\t\t\t\t\t<\/div>\n\t\t\t\t<\/div>\n\t\t<div data-particle_enable=\"false\" data-particle-mobile-disabled=\"false\" class=\"elementor-element elementor-element-de496e7 e-flex e-con-boxed e-con e-parent\" data-id=\"de496e7\" data-element_type=\"container\" data-e-type=\"container\">\n\t\t\t\t\t<div class=\"e-con-inner\">\n\t\t\t\t<div class=\"elementor-element elementor-element-e383d46 elementor-widget elementor-widget-heading\" data-id=\"e383d46\" data-element_type=\"widget\" data-e-type=\"widget\" data-widget_type=\"heading.default\">\n\t\t\t\t\t<h2 class=\"elementor-heading-title elementor-size-default\">Conoce m\u00e1s emprendimientos geniales <\/h2>\t\t\t\t<\/div>\n\t\t\t\t\t<\/div>\n\t\t\t\t<\/div>\n\t\t<div data-particle_enable=\"false\" data-particle-mobile-disabled=\"false\" class=\"elementor-element elementor-element-90bcf35 e-flex e-con-boxed e-con e-parent\" data-id=\"90bcf35\" data-element_type=\"container\" data-e-type=\"container\">\n\t\t\t\t\t<div class=\"e-con-inner\">\n\t\t\t\t<div class=\"elementor-element elementor-element-c8a51b7 elementor-grid-eael-col-3 elementor-grid-tablet-eael-col-2 elementor-grid-mobile-eael-col-1 elementor-widget elementor-widget-eael-post-grid\" data-id=\"c8a51b7\" data-element_type=\"widget\" data-e-type=\"widget\" data-settings=\"{&quot;eael_post_grid_columns&quot;:&quot;eael-col-3&quot;,&quot;eael_post_grid_columns_tablet&quot;:&quot;eael-col-2&quot;,&quot;eael_post_grid_columns_mobile&quot;:&quot;eael-col-1&quot;}\" data-widget_type=\"eael-post-grid.default\">\n\t\t\t\t\t<div id=\"eael-post-grid-c8a51b7\" class=\"eael-post-grid-container\">\n            <div class=\"eael-post-grid eael-post-appender eael-post-appender-c8a51b7 eael-post-grid-style-one\" data-layout-mode=\"masonry\"><article class=\"eael-grid-post  eael-post-grid-column eael-pg-post-23097 category-guate-nuestra tags-mercado-emprendedores\" data-id=\"23097\">\n        <div class=\"eael-grid-post-holder\">\n            <div class=\"eael-grid-post-holder-inner\"><div class=\"eael-entry-media\"><div class=\"eael-entry-overlay fade-in\"><i class=\"far fa-hand-pointer\" aria-hidden=\"true\"><\/i><a href=\"https:\/\/soymigrante.com\/revista\/mafer-jimenez-escritora-voluntad-guatemalteca-libros-motivacion-mercado\/\"><\/a><\/div><div class=\"eael-entry-thumbnail \">\n                <img loading=\"lazy\" decoding=\"async\" width=\"1024\" height=\"1024\" src=\"https:\/\/soymigrante.com\/revista\/wp-content\/uploads\/2025\/01\/MAFER-JIMENEZ-1-1024x1024.jpg\" class=\"attachment-large size-large wp-image-23161\" alt=\"\u00e1rea de personas con discapacidad mostrando libros de la revista SoyMigrante.com REVISTA en una rueda de personas con discapacidad, promoviendo derechos e inclusi\u00f3n en temas migratorios en M\u00e9xico.\" srcset=\"https:\/\/soymigrante.com\/revista\/wp-content\/uploads\/2025\/01\/MAFER-JIMENEZ-1-1024x1024.jpg 1024w, https:\/\/soymigrante.com\/revista\/wp-content\/uploads\/2025\/01\/MAFER-JIMENEZ-1-300x300.jpg 300w, https:\/\/soymigrante.com\/revista\/wp-content\/uploads\/2025\/01\/MAFER-JIMENEZ-1-150x150.jpg 150w, https:\/\/soymigrante.com\/revista\/wp-content\/uploads\/2025\/01\/MAFER-JIMENEZ-1-768x768.jpg 768w, https:\/\/soymigrante.com\/revista\/wp-content\/uploads\/2025\/01\/MAFER-JIMENEZ-1-75x75.webp 75w, https:\/\/soymigrante.com\/revista\/wp-content\/uploads\/2025\/01\/MAFER-JIMENEZ-1-750x750.webp 750w, https:\/\/soymigrante.com\/revista\/wp-content\/uploads\/2025\/01\/MAFER-JIMENEZ-1-1140x1140.webp 1140w, https:\/\/soymigrante.com\/revista\/wp-content\/uploads\/2025\/01\/MAFER-JIMENEZ-1.webp 1308w\" sizes=\"(max-width: 1024px) 100vw, 1024px\" \/>\n            <\/div>\n        <\/div><div class=\"eael-entry-wrapper\"><header class=\"eael-entry-header\"><h2 class=\"eael-entry-title\"><a class=\"eael-grid-post-link\" href=\"https:\/\/soymigrante.com\/revista\/mafer-jimenez-escritora-voluntad-guatemalteca-libros-motivacion-mercado\/\" title=\"Mafer Jim\u00e9nez: una mente maravillosa y voluntad sin l\u00edmites. Sus libros ahora est\u00e1n en MERCADO\">Mafer Jim\u00e9nez: una mente maravillosa y voluntad sin l\u00edmites. Sus libros ahora est\u00e1n en MERCADO<\/a><\/h2><\/header><div class=\"eael-entry-content\">\n                        <div class=\"eael-grid-post-excerpt\"><a href=\"https:\/\/soymigrante.com\/revista\/mafer-jimenez-escritora-voluntad-guatemalteca-libros-motivacion-mercado\/\" class=\"eael-post-elements-readmore-btn\">CONOCE SU HISTORIA <\/a><\/div>\n                    <\/div><\/div><\/div>\n        <\/div>\n    <\/article><article class=\"eael-grid-post  eael-post-grid-column eael-pg-post-21793 category-guate-nuestra tags-mercado-emprendedores\" data-id=\"21793\">\n        <div class=\"eael-grid-post-holder\">\n            <div class=\"eael-grid-post-holder-inner\"><div class=\"eael-entry-media\"><div class=\"eael-entry-overlay fade-in\"><i class=\"far fa-hand-pointer\" aria-hidden=\"true\"><\/i><a href=\"https:\/\/soymigrante.com\/revista\/alan-tenenbaum-es-ejemplo-de-resiliencia-voluntad-y-superacion-sus-libros-estan-en-mercado\/\"><\/a><\/div><div class=\"eael-entry-thumbnail \">\n                <img loading=\"lazy\" decoding=\"async\" width=\"685\" height=\"1024\" src=\"https:\/\/soymigrante.com\/revista\/wp-content\/uploads\/2025\/01\/Alan-1-685x1024.jpeg\" class=\"attachment-large size-large wp-image-21795\" alt=\"Libro &quot;En una silla de morfeo&quot; del autor Alan Terenbaum, mostrando diversidad e inclusi\u00f3n en la literatura, con decoraciones coloridas y fondos de libros en una sala acogedora.\" srcset=\"https:\/\/soymigrante.com\/revista\/wp-content\/uploads\/2025\/01\/Alan-1-685x1024.jpeg 685w, https:\/\/soymigrante.com\/revista\/wp-content\/uploads\/2025\/01\/Alan-1-201x300.jpeg 201w, https:\/\/soymigrante.com\/revista\/wp-content\/uploads\/2025\/01\/Alan-1-768x1148.jpeg 768w, https:\/\/soymigrante.com\/revista\/wp-content\/uploads\/2025\/01\/Alan-1-1027x1536.jpeg 1027w, https:\/\/soymigrante.com\/revista\/wp-content\/uploads\/2025\/01\/Alan-1-750x1121.webp 750w, https:\/\/soymigrante.com\/revista\/wp-content\/uploads\/2025\/01\/Alan-1.webp 1070w\" sizes=\"(max-width: 685px) 100vw, 685px\" \/>\n            <\/div>\n        <\/div><div class=\"eael-entry-wrapper\"><header class=\"eael-entry-header\"><h2 class=\"eael-entry-title\"><a class=\"eael-grid-post-link\" href=\"https:\/\/soymigrante.com\/revista\/alan-tenenbaum-es-ejemplo-de-resiliencia-voluntad-y-superacion-sus-libros-estan-en-mercado\/\" title=\"Los libros de Alan Tenembaum animan a lograr lo imposible y ahora est\u00e1n en SoyMigrante.com MERCADO\">Los libros de Alan Tenembaum animan a lograr lo imposible y ahora est\u00e1n en SoyMigrante.com MERCADO<\/a><\/h2><\/header><div class=\"eael-entry-content\">\n                        <div class=\"eael-grid-post-excerpt\"><a href=\"https:\/\/soymigrante.com\/revista\/alan-tenenbaum-es-ejemplo-de-resiliencia-voluntad-y-superacion-sus-libros-estan-en-mercado\/\" class=\"eael-post-elements-readmore-btn\">CONOCE SU HISTORIA <\/a><\/div>\n                    <\/div><\/div><\/div>\n        <\/div>\n    <\/article><article class=\"eael-grid-post  eael-post-grid-column eael-pg-post-21003 category-guate-nuestra tags-mercado-emprendedores\" data-id=\"21003\">\n        <div class=\"eael-grid-post-holder\">\n            <div class=\"eael-grid-post-holder-inner\"><div class=\"eael-entry-media\"><div class=\"eael-entry-overlay fade-in\"><i class=\"far fa-hand-pointer\" aria-hidden=\"true\"><\/i><a href=\"https:\/\/soymigrante.com\/revista\/bolsas-pulseras-y-collares-raices-surgen-con-la-creatividad-y-amor-familiar-de-silvia-flores\/\"><\/a><\/div><div class=\"eael-entry-thumbnail \">\n                <img loading=\"lazy\" decoding=\"async\" width=\"721\" height=\"721\" src=\"https:\/\/soymigrante.com\/revista\/wp-content\/uploads\/2025\/01\/silvia-patricia-raices-1.webp\" class=\"attachment-large size-large wp-image-21004\" alt=\"Artesan\u00edas y joyer\u00eda de migrantes en exclusivo mercado con enfoque en cultura y tradici\u00f3n.\" srcset=\"https:\/\/soymigrante.com\/revista\/wp-content\/uploads\/2025\/01\/silvia-patricia-raices-1.webp 721w, https:\/\/soymigrante.com\/revista\/wp-content\/uploads\/2025\/01\/silvia-patricia-raices-1-300x300.jpg 300w, https:\/\/soymigrante.com\/revista\/wp-content\/uploads\/2025\/01\/silvia-patricia-raices-1-150x150.jpg 150w, https:\/\/soymigrante.com\/revista\/wp-content\/uploads\/2025\/01\/silvia-patricia-raices-1-75x75.webp 75w\" sizes=\"(max-width: 721px) 100vw, 721px\" \/>\n            <\/div>\n        <\/div><div class=\"eael-entry-wrapper\"><header class=\"eael-entry-header\"><h2 class=\"eael-entry-title\"><a class=\"eael-grid-post-link\" href=\"https:\/\/soymigrante.com\/revista\/bolsas-pulseras-y-collares-raices-surgen-con-la-creatividad-y-amor-familiar-de-silvia-flores\/\" title=\"Bolsas, pulseras y collares Ra\u00edces surgen con la creatividad y amor familiar de Silvia Flores\">Bolsas, pulseras y collares Ra\u00edces surgen con la creatividad y amor familiar de Silvia Flores<\/a><\/h2><\/header><div class=\"eael-entry-content\">\n                        <div class=\"eael-grid-post-excerpt\"><a href=\"https:\/\/soymigrante.com\/revista\/bolsas-pulseras-y-collares-raices-surgen-con-la-creatividad-y-amor-familiar-de-silvia-flores\/\" class=\"eael-post-elements-readmore-btn\">CONOCE SU HISTORIA <\/a><\/div>\n                    <\/div><\/div><\/div>\n        <\/div>\n    <\/article><\/div>\n            <div class=\"clearfix\"><\/div>\n        <\/div>\t\t\t\t<\/div>\n\t\t\t\t\t<\/div>\n\t\t\t\t<\/div>\n\t\t\t\t<\/div>\n\t\t","protected":false},"excerpt":{"rendered":"<p>Las hermanas Nicol\u00e1s se propusieron resguardar la tradici\u00f3n textil de Huehuetenango, sus productos impactan por ser \u00fanicos y hermosos. En San Pedro Soloma, Huehuetenango, la tradici\u00f3n textil maya sigue viva gracias al esfuerzo de Dominga y Silvia Nicol\u00e1s, dos hermanas emprendedoras que han dedicado su vida a la confecci\u00f3n de indumentaria maya en el \u00e1rea [&hellip;]<\/p>\n","protected":false},"author":19,"featured_media":24213,"comment_status":"open","ping_status":"open","sticky":false,"template":"","format":"standard","meta":{"_acf_changed":false,"_eb_attr":"","footnotes":""},"categories":[58],"tags":[130],"class_list":["post-24210","post","type-post","status-publish","format-standard","has-post-thumbnail","hentry","category-guate-nuestra","tag-mercado-emprendedores"],"acf":[],"aioseo_notices":[],"aioseo_head":"\n\t\t<!-- All in One SEO Pro 4.9.6.2 - aioseo.com -->\n\t<meta name=\"description\" content=\"Familia, trabajo y creatividad son la ra\u00edz de la emprendedora de Silvia Flores. Hace collares, pulseras y bolsas Ra\u00edces. Est\u00e1 en MERCADO y esta es su historia.\" \/>\n\t<meta name=\"robots\" content=\"max-snippet:-1, max-image-preview:large, max-video-preview:-1\" \/>\n\t<meta name=\"author\" content=\"Gustavo Montenegro\"\/>\n\t<link rel=\"canonical\" href=\"https:\/\/soymigrante.com\/revista\/bolsas-pulseras-y-collares-raices-surgen-con-la-creatividad-y-amor-familiar-de-silvia-flores\/\" \/>\n\t<meta name=\"generator\" content=\"All in One SEO Pro (AIOSEO) 4.9.6.2\" \/>\n\n\t\t<link rel=\"preconnect\" href=\"https:\/\/fonts.googleapis.com\" crossorigin>\n<link rel=\"preconnect\" href=\"https:\/\/fonts.gstatic.com\" crossorigin>\n\t\t<meta property=\"og:locale\" content=\"es_ES\" \/>\n\t\t<meta property=\"og:site_name\" content=\"SoyMigrante.com REVISTA \u2013 Nuestra misi\u00f3n es reconocer y dignificar al migrante.\" \/>\n\t\t<meta property=\"og:type\" content=\"article\" \/>\n\t\t<meta property=\"og:title\" content=\"Bolsas, pulseras y collares florecen con Ra\u00edces de amor\" \/>\n\t\t<meta property=\"og:description\" content=\"Familia, trabajo y creatividad son la ra\u00edz de la emprendedora de Silvia Flores. Hace collares, pulseras y bolsas Ra\u00edces. Est\u00e1 en MERCADO y esta es su historia.\" \/>\n\t\t<meta property=\"og:url\" content=\"https:\/\/soymigrante.com\/revista\/bolsas-pulseras-y-collares-raices-surgen-con-la-creatividad-y-amor-familiar-de-silvia-flores\/\" \/>\n\t\t<meta property=\"og:image\" content=\"https:\/\/soymigrante.com\/revista\/wp-content\/uploads\/2025\/01\/silvia-patricia-raices-1.webp\" \/>\n\t\t<meta property=\"og:image:secure_url\" content=\"https:\/\/soymigrante.com\/revista\/wp-content\/uploads\/2025\/01\/silvia-patricia-raices-1.webp\" \/>\n\t\t<meta property=\"og:image:width\" content=\"721\" \/>\n\t\t<meta property=\"og:image:height\" content=\"721\" \/>\n\t\t<meta property=\"article:published_time\" content=\"2025-01-15T18:02:27+00:00\" \/>\n\t\t<meta property=\"article:modified_time\" content=\"2025-07-21T18:05:46+00:00\" \/>\n\t\t<meta property=\"article:publisher\" content=\"https:\/\/www.facebook.com\/soymigrantecom\" \/>\n\t\t<meta name=\"twitter:card\" content=\"summary_large_image\" \/>\n\t\t<meta name=\"twitter:site\" content=\"@SoyMigrante_com\" \/>\n\t\t<meta name=\"twitter:title\" content=\"Bolsas, pulseras y collares florecen con Ra\u00edces de amor\" \/>\n\t\t<meta name=\"twitter:description\" content=\"Familia, trabajo y creatividad son la ra\u00edz de la emprendedora de Silvia Flores. Hace collares, pulseras y bolsas Ra\u00edces. Est\u00e1 en MERCADO y esta es su historia.\" \/>\n\t\t<meta name=\"twitter:creator\" content=\"@SoyMigrante_com\" \/>\n\t\t<meta name=\"twitter:image\" content=\"https:\/\/soymigrante.com\/revista\/wp-content\/uploads\/2025\/01\/silvia-patricia-raices-1.webp\" \/>\n\t\t<!-- All in One SEO Pro -->\r\n\t\t<title>Bolsas, pulseras y collares florecen con Ra\u00edces de amor<\/title>\n\n","aioseo_head_json":{"title":"Bolsas, pulseras y collares florecen con Ra\u00edces de amor","description":"Familia, trabajo y creatividad son la ra\u00edz de la emprendedora de Silvia Flores. Hace collares, pulseras y bolsas Ra\u00edces. Est\u00e1 en MERCADO y esta es su historia.","canonical_url":"https:\/\/soymigrante.com\/revista\/bolsas-pulseras-y-collares-raices-surgen-con-la-creatividad-y-amor-familiar-de-silvia-flores\/","robots":"max-snippet:-1, max-image-preview:large, max-video-preview:-1","keywords":"","webmasterTools":{"miscellaneous":"&lt;link rel=\"preconnect\" href=\"https:\/\/fonts.googleapis.com\" crossorigin&gt;\n&lt;link rel=\"preconnect\" href=\"https:\/\/fonts.gstatic.com\" crossorigin&gt;"},"schema":null,"og:locale":"es_ES","og:site_name":"SoyMigrante.com REVISTA \u2013 Nuestra misi\u00f3n es reconocer y dignificar al migrante.","og:type":"article","og:title":"Bolsas, pulseras y collares florecen con Ra\u00edces de amor","og:description":"Familia, trabajo y creatividad son la ra\u00edz de la emprendedora de Silvia Flores. Hace collares, pulseras y bolsas Ra\u00edces. Est\u00e1 en MERCADO y esta es su historia.","og:url":"https:\/\/soymigrante.com\/revista\/bolsas-pulseras-y-collares-raices-surgen-con-la-creatividad-y-amor-familiar-de-silvia-flores\/","og:image":"https:\/\/soymigrante.com\/revista\/wp-content\/uploads\/2025\/01\/silvia-patricia-raices-1.webp","og:image:secure_url":"https:\/\/soymigrante.com\/revista\/wp-content\/uploads\/2025\/01\/silvia-patricia-raices-1.webp","og:image:width":721,"og:image:height":721,"article:published_time":"2025-01-15T18:02:27+00:00","article:modified_time":"2025-07-21T18:05:46+00:00","article:publisher":"https:\/\/www.facebook.com\/soymigrantecom","twitter:card":"summary_large_image","twitter:site":"@SoyMigrante_com","twitter:title":"Bolsas, pulseras y collares florecen con Ra\u00edces de amor","twitter:description":"Familia, trabajo y creatividad son la ra\u00edz de la emprendedora de Silvia Flores. Hace collares, pulseras y bolsas Ra\u00edces. Est\u00e1 en MERCADO y esta es su historia.","twitter:creator":"@SoyMigrante_com","twitter:image":"https:\/\/soymigrante.com\/revista\/wp-content\/uploads\/2025\/01\/silvia-patricia-raices-1.webp"},"aioseo_meta_data":{"post_id":"24210","title":"Textiles huehuetecos de las hermanas Nicol\u00e1s est\u00e1n en MERCADO","description":"Las hermanas Nicol\u00e1s se propusieron resguardar la tradici\u00f3n textil de Huehuetenango, sus productos impactan por ser \u00fanicos y hermosos.","keywords":null,"keyphrases":{"focus":{"keyphrase":"Textil","score":82,"analysis":{"keyphraseInTitle":{"score":3,"maxScore":9,"error":1},"keyphraseInDescription":{"score":9,"maxScore":9,"error":0},"keyphraseLength":{"score":9,"maxScore":9,"error":0,"length":1},"keyphraseInURL":{"score":5,"maxScore":5,"error":0},"keyphraseInIntroduction":{"score":9,"maxScore":9,"error":0},"keyphraseInSubHeadings":{"score":3,"maxScore":9,"error":1},"keyphraseInImageAlt":{"score":9,"maxScore":9,"error":0},"keywordDensity":{"type":"best","score":9,"maxScore":9,"error":0}}},"additional":[{"keyphrase":"Textil","score":100,"analysis":{"keyphraseInDescription":{"score":9,"maxScore":9,"error":0},"keyphraseLength":{"score":9,"maxScore":9,"error":0,"length":1},"keyphraseInIntroduction":{"score":9,"maxScore":9,"error":0},"keyphraseInImageAlt":{"score":9,"maxScore":9,"error":0},"keywordDensity":{"type":"best","score":9,"maxScore":9,"error":0}}},{"keyphrase":"Huehuetenango","score":67,"analysis":{"keyphraseInDescription":{"score":9,"maxScore":9,"error":0},"keyphraseLength":{"score":9,"maxScore":9,"error":0,"length":1},"keyphraseInIntroduction":{"score":9,"maxScore":9,"error":0},"keyphraseInImageAlt":{"score":3,"maxScore":9,"error":1},"keywordDensity":{"score":0,"type":"low","maxScore":9,"error":1}}},{"keyphrase":"Tejidos","score":40,"analysis":{"keyphraseInDescription":{"score":3,"maxScore":9,"error":1},"keyphraseLength":{"score":9,"maxScore":9,"error":0,"length":1},"keyphraseInIntroduction":{"score":3,"maxScore":9,"error":1},"keyphraseInImageAlt":{"score":3,"maxScore":9,"error":1},"keywordDensity":{"score":0,"type":"low","maxScore":9,"error":1}}},{"keyphrase":"Artesan\u00eda","score":40,"analysis":{"keyphraseInDescription":{"score":3,"maxScore":9,"error":1},"keyphraseLength":{"score":9,"maxScore":9,"error":0,"length":2},"keyphraseInIntroduction":{"score":3,"maxScore":9,"error":1},"keyphraseInImageAlt":{"score":3,"maxScore":9,"error":1},"keywordDensity":{"score":0,"type":"low","maxScore":9,"error":1}}},{"keyphrase":"Mercado","score":73,"analysis":{"keyphraseInDescription":{"score":3,"maxScore":9,"error":1},"keyphraseLength":{"score":9,"maxScore":9,"error":0,"length":1},"keyphraseInIntroduction":{"score":3,"maxScore":9,"error":1},"keyphraseInImageAlt":{"score":9,"maxScore":9,"error":0},"keywordDensity":{"type":"best","score":9,"maxScore":9,"error":0}}}]},"primary_term":null,"canonical_url":null,"og_title":null,"og_description":null,"og_object_type":"default","og_image_type":"default","og_image_url":null,"og_image_width":null,"og_image_height":null,"og_image_custom_url":null,"og_image_custom_fields":null,"og_video":"","og_custom_url":null,"og_article_section":null,"og_article_tags":null,"twitter_use_og":false,"twitter_card":"default","twitter_image_type":"default","twitter_image_url":null,"twitter_image_custom_url":null,"twitter_image_custom_fields":null,"twitter_title":null,"twitter_description":null,"schema":{"blockGraphs":[],"customGraphs":[],"default":{"data":{"Article":[],"Course":[],"Dataset":[],"FAQPage":[],"Movie":[],"Person":[],"Product":[],"ProductReview":[],"Car":[],"Recipe":[],"Service":[],"SoftwareApplication":[],"WebPage":[]},"graphName":"BlogPosting","isEnabled":true},"graphs":[]},"schema_type":"default","schema_type_options":null,"pillar_content":false,"robots_default":true,"robots_noindex":false,"robots_noarchive":false,"robots_nosnippet":false,"robots_nofollow":false,"robots_noimageindex":false,"robots_noodp":false,"robots_notranslate":false,"robots_max_snippet":"-1","robots_max_videopreview":"-1","robots_max_imagepreview":"large","priority":null,"frequency":"default","local_seo":null,"seo_analyzer_scan_date":"2025-10-23 16:35:53","breadcrumb_settings":null,"limit_modified_date":false,"reviewed_by":null,"open_ai":"{\"title\":{\"suggestions\":[],\"usage\":0},\"description\":{\"suggestions\":[],\"usage\":0}}","ai":null,"created":"2025-02-05 22:07:49","updated":"2026-02-04 22:42:01"},"aioseo_breadcrumb":"<div class=\"aioseo-breadcrumbs\"><span class=\"aioseo-breadcrumb\">\n\t<a href=\"https:\/\/soymigrante.com\/revista\" title=\"Home\">Home<\/a>\n<\/span><span class=\"aioseo-breadcrumb-separator\">\u00bb<\/span><span class=\"aioseo-breadcrumb\">\n\t<a href=\"https:\/\/soymigrante.com\/revista\/category\/guate-nuestra\/\" title=\"Guate Nuestra\">Guate Nuestra<\/a>\n<\/span><span class=\"aioseo-breadcrumb-separator\">\u00bb<\/span><span class=\"aioseo-breadcrumb\">\n\tTradici\u00f3n textil huehueteca de las hermanas Nicol\u00e1s est\u00e1 en MERCADO\n<\/span><\/div>","aioseo_breadcrumb_json":[{"label":"Home","link":"https:\/\/soymigrante.com\/revista"},{"label":"Guate Nuestra","link":"https:\/\/soymigrante.com\/revista\/category\/guate-nuestra\/"},{"label":"Tradici\u00f3n textil huehueteca de las hermanas Nicol\u00e1s est\u00e1 en MERCADO","link":"https:\/\/soymigrante.com\/revista\/la-tradicion-textil-de-las-hermanas-nicolas-esta-en-mercado\/"}],"_links":{"self":[{"href":"https:\/\/soymigrante.com\/revista\/wp-json\/wp\/v2\/posts\/24210","targetHints":{"allow":["GET"]}}],"collection":[{"href":"https:\/\/soymigrante.com\/revista\/wp-json\/wp\/v2\/posts"}],"about":[{"href":"https:\/\/soymigrante.com\/revista\/wp-json\/wp\/v2\/types\/post"}],"author":[{"embeddable":true,"href":"https:\/\/soymigrante.com\/revista\/wp-json\/wp\/v2\/users\/19"}],"replies":[{"embeddable":true,"href":"https:\/\/soymigrante.com\/revista\/wp-json\/wp\/v2\/comments?post=24210"}],"version-history":[{"count":3,"href":"https:\/\/soymigrante.com\/revista\/wp-json\/wp\/v2\/posts\/24210\/revisions"}],"predecessor-version":[{"id":47567,"href":"https:\/\/soymigrante.com\/revista\/wp-json\/wp\/v2\/posts\/24210\/revisions\/47567"}],"wp:featuredmedia":[{"embeddable":true,"href":"https:\/\/soymigrante.com\/revista\/wp-json\/wp\/v2\/media\/24213"}],"wp:attachment":[{"href":"https:\/\/soymigrante.com\/revista\/wp-json\/wp\/v2\/media?parent=24210"}],"wp:term":[{"taxonomy":"category","embeddable":true,"href":"https:\/\/soymigrante.com\/revista\/wp-json\/wp\/v2\/categories?post=24210"},{"taxonomy":"post_tag","embeddable":true,"href":"https:\/\/soymigrante.com\/revista\/wp-json\/wp\/v2\/tags?post=24210"}],"curies":[{"name":"wp","href":"https:\/\/api.w.org\/{rel}","templated":true}]}}