{"id":2415,"date":"2023-09-04T14:48:55","date_gmt":"2023-09-04T14:48:55","guid":{"rendered":"https:\/\/soymigrante.com\/revista\/?p=2415"},"modified":"2025-04-22T08:54:40","modified_gmt":"2025-04-22T14:54:40","slug":"roldan-jose-es-un-migrante-guatemalteco-orgulloso-de-su-raiz-y-de-ser-un-mico-bailador","status":"publish","type":"post","link":"https:\/\/soymigrante.com\/revista\/roldan-jose-es-un-migrante-guatemalteco-orgulloso-de-su-raiz-y-de-ser-un-mico-bailador\/","title":{"rendered":"Rold\u00e1n Jos\u00e9 es un  migrante guatemalteco orgulloso de ser mico bailador momosteco en NY"},"content":{"rendered":"\t\t<div data-elementor-type=\"wp-post\" data-elementor-id=\"2415\" class=\"elementor elementor-2415\" data-elementor-post-type=\"post\">\n\t\t\t\t\t\t<section data-particle_enable=\"false\" data-particle-mobile-disabled=\"false\" class=\"elementor-section elementor-top-section elementor-element elementor-element-687ad2d elementor-section-boxed elementor-section-height-default elementor-section-height-default\" data-id=\"687ad2d\" data-element_type=\"section\" data-e-type=\"section\">\n\t\t\t\t\t\t<div class=\"elementor-container elementor-column-gap-default\">\n\t\t\t\t\t<div class=\"elementor-column elementor-col-100 elementor-top-column elementor-element elementor-element-6ce45e4\" data-id=\"6ce45e4\" data-element_type=\"column\" data-e-type=\"column\">\n\t\t\t<div class=\"elementor-widget-wrap elementor-element-populated\">\n\t\t\t\t\t\t<div class=\"elementor-element elementor-element-9403c00 elementor-widget elementor-widget-heading\" data-id=\"9403c00\" data-element_type=\"widget\" data-e-type=\"widget\" data-widget_type=\"heading.default\">\n\t\t\t\t\t<h2 class=\"elementor-heading-title elementor-size-default\">Roldan Jos\u00e9 Wix deja  huella en los corazones de los guatemaltecos migrantes y de las personas que lo rodean, dar a conocer  su origen y tradiciones es el objetivo de publicar fotos ataviado con traje de mico de danza tradicional de Momostenango.<\/h2>\t\t\t\t<\/div>\n\t\t\t\t\t<\/div>\n\t\t<\/div>\n\t\t\t\t\t<\/div>\n\t\t<\/section>\n\t\t\t\t<section data-particle_enable=\"false\" data-particle-mobile-disabled=\"false\" class=\"elementor-section elementor-top-section elementor-element elementor-element-ccc89bb elementor-section-boxed elementor-section-height-default elementor-section-height-default\" data-id=\"ccc89bb\" data-element_type=\"section\" data-e-type=\"section\">\n\t\t\t\t\t\t<div class=\"elementor-container elementor-column-gap-default\">\n\t\t\t\t\t<div class=\"elementor-column elementor-col-100 elementor-top-column elementor-element elementor-element-76b010d\" data-id=\"76b010d\" data-element_type=\"column\" data-e-type=\"column\">\n\t\t\t<div class=\"elementor-widget-wrap elementor-element-populated\">\n\t\t\t\t\t\t<div class=\"elementor-element elementor-element-bb252c4 elementor-widget elementor-widget-image\" data-id=\"bb252c4\" data-element_type=\"widget\" data-e-type=\"widget\" data-widget_type=\"image.default\">\n\t\t\t\t\t\t\t\t\t\t\t\t<figure class=\"wp-caption\">\n\t\t\t\t\t\t\t\t\t\t<img fetchpriority=\"high\" decoding=\"async\" width=\"768\" height=\"1094\" src=\"https:\/\/soymigrante.com\/revista\/wp-content\/uploads\/2023\/08\/El-objetivo-de-Jose-es-dar-a-conocer-las-tradiciones-de-su-pueblo-de-origen-su-meta-es-visitar-varias-ciudades-de-Estados-Unidos-y-plasmar-su-visita-a-traves-de-una-fotografia-768x1094.webp\" class=\"attachment-medium_large size-medium_large wp-image-2363\" alt=\"Jos\u00e9 dejar una huella en los corazones de los guatemaltecos migrantes y de las personas que lo rodean, dar a conocer que su origen est\u00e1 lleno de belleza natural y tradiciones \u00fanicas\" srcset=\"https:\/\/soymigrante.com\/revista\/wp-content\/uploads\/2023\/08\/El-objetivo-de-Jose-es-dar-a-conocer-las-tradiciones-de-su-pueblo-de-origen-su-meta-es-visitar-varias-ciudades-de-Estados-Unidos-y-plasmar-su-visita-a-traves-de-una-fotografia-768x1094.webp 768w, https:\/\/soymigrante.com\/revista\/wp-content\/uploads\/2023\/08\/El-objetivo-de-Jose-es-dar-a-conocer-las-tradiciones-de-su-pueblo-de-origen-su-meta-es-visitar-varias-ciudades-de-Estados-Unidos-y-plasmar-su-visita-a-traves-de-una-fotografia-211x300.webp 211w, https:\/\/soymigrante.com\/revista\/wp-content\/uploads\/2023\/08\/El-objetivo-de-Jose-es-dar-a-conocer-las-tradiciones-de-su-pueblo-de-origen-su-meta-es-visitar-varias-ciudades-de-Estados-Unidos-y-plasmar-su-visita-a-traves-de-una-fotografia-719x1024.webp 719w, https:\/\/soymigrante.com\/revista\/wp-content\/uploads\/2023\/08\/El-objetivo-de-Jose-es-dar-a-conocer-las-tradiciones-de-su-pueblo-de-origen-su-meta-es-visitar-varias-ciudades-de-Estados-Unidos-y-plasmar-su-visita-a-traves-de-una-fotografia-1078x1536.webp 1078w, https:\/\/soymigrante.com\/revista\/wp-content\/uploads\/2023\/08\/El-objetivo-de-Jose-es-dar-a-conocer-las-tradiciones-de-su-pueblo-de-origen-su-meta-es-visitar-varias-ciudades-de-Estados-Unidos-y-plasmar-su-visita-a-traves-de-una-fotografia-750x1069.webp 750w, https:\/\/soymigrante.com\/revista\/wp-content\/uploads\/2023\/08\/El-objetivo-de-Jose-es-dar-a-conocer-las-tradiciones-de-su-pueblo-de-origen-su-meta-es-visitar-varias-ciudades-de-Estados-Unidos-y-plasmar-su-visita-a-traves-de-una-fotografia.webp 1123w\" sizes=\"(max-width: 768px) 100vw, 768px\" title=\"cJos\u00e9 dejar una huella en los corazones de los guatemaltecos migrantes y de las personas que lo rodean, dar a conocer que su origen est\u00e1 lleno de belleza natural y tradiciones \u00fanicas \u2013 SoyMigrante.com REVISTA\" \/>\t\t\t\t\t\t\t\t\t\t\t<figcaption class=\"widget-image-caption wp-caption-text\">Roldan Jos\u00e9 luce el traje de los bailes ancestrales de Momostenango, Totonicap\u00e1n, en Estados Unidos, es orgulloso de su tierra.<\/figcaption>\n\t\t\t\t\t\t\t\t\t\t<\/figure>\n\t\t\t\t\t\t\t\t\t<\/div>\n\t\t\t\t\t<\/div>\n\t\t<\/div>\n\t\t\t\t\t<\/div>\n\t\t<\/section>\n\t\t<div data-particle_enable=\"false\" data-particle-mobile-disabled=\"false\" class=\"elementor-element elementor-element-e49fa08 e-flex e-con-boxed e-con e-parent\" data-id=\"e49fa08\" data-element_type=\"container\" data-e-type=\"container\">\n\t\t\t\t\t<div class=\"e-con-inner\">\n\t\t\t\t<div class=\"elementor-element elementor-element-30dd59f elementor-widget elementor-widget-heading\" data-id=\"30dd59f\" data-element_type=\"widget\" data-e-type=\"widget\" data-widget_type=\"heading.default\">\n\t\t\t\t\t<h3 class=\"elementor-heading-title elementor-size-default\">Orgulloso de sus ra\u00edces mayas<\/h3>\t\t\t\t<\/div>\n\t\t\t\t\t<\/div>\n\t\t\t\t<\/div>\n\t\t\t\t<section data-particle_enable=\"false\" data-particle-mobile-disabled=\"false\" class=\"elementor-section elementor-top-section elementor-element elementor-element-0a8b083 elementor-section-boxed elementor-section-height-default elementor-section-height-default\" data-id=\"0a8b083\" data-element_type=\"section\" data-e-type=\"section\">\n\t\t\t\t\t\t<div class=\"elementor-container elementor-column-gap-default\">\n\t\t\t\t\t<div class=\"elementor-column elementor-col-100 elementor-top-column elementor-element elementor-element-99f81ef\" data-id=\"99f81ef\" data-element_type=\"column\" data-e-type=\"column\">\n\t\t\t<div class=\"elementor-widget-wrap elementor-element-populated\">\n\t\t\t\t\t\t<div class=\"elementor-element elementor-element-22bc9f2 elementor-widget elementor-widget-text-editor\" data-id=\"22bc9f2\" data-element_type=\"widget\" data-e-type=\"widget\" data-widget_type=\"text-editor.default\">\n\t\t\t\t\t\t\t\t\t<p><span style=\"font-weight: 400\">Roldan Jos\u00e9 es originario de la comunidad de Rachoquel, Xequemeya, Momostenango, Totonicap\u00e1n, Guatemala desde peque\u00f1o admira las tradiciones de su tierra, su objetivo es trascender y plasmar sus ra\u00edces. \u201cDesde que ten\u00eda 15 a\u00f1os anhelaba bailar en la feria de Momostenango, pero no tuve la oportunidad\u201d.\u00a0<\/span><\/p><p><span style=\"font-weight: 400\">\u201cEn Guatemala ten\u00eda amigos que se dedican al turismo, entonces me iba con ellos y los ayudaba, escalaba volcanes, monta\u00f1as y varios lugares\u201d disfrutaba mucho de mi pa\u00eds. Actualmente reside en New York, Estados Unidos, trabaja en una empresa de consumo diario.<\/span><\/p><p><span style=\"font-weight: 400\">El tiempo paso, pero Jos\u00e9 ten\u00eda la inquietud de bailar, entonces form\u00f3 parte del convite de su aldea Rachoquel (personas que se disfrazan con trajes de personajes en celebraciones de la aldea). Al bailar en los trajes descubri\u00f3 pasi\u00f3n y felicidad que se prometi\u00f3 continuar participando en varios eventos.\u00a0<\/span><\/p><p><span style=\"font-weight: 400\">Jos\u00e9 tiene tatuado las ra\u00edces no solo en su coraz\u00f3n, tambi\u00e9n plasmado en su piel cuenta: \u201cMi primer tatuaje fue un mono y tambi\u00e9n tengo plasmado los riscos de Momostenango, mi sue\u00f1o era demostrarle al mundo lo nuestro\u201d.\u00a0<\/span><\/p><p><span style=\"font-weight: 400\">Tras sentirse orgulloso Jos\u00e9 se prometi\u00f3 poner en alto el nombre de Guatemala y de su municipio fuera de su tierra natal, un sue\u00f1o que parec\u00eda imposible, sin embargo, encontr\u00f3 una oportunidad que le cambi\u00f3 la vida. \u201cTuve que emigrar a Estados Unidos por necesidad, fue una oportunidad, pero tambi\u00e9n fue dif\u00edcil\u201d.<\/span><\/p>\t\t\t\t\t\t\t\t<\/div>\n\t\t\t\t\t<\/div>\n\t\t<\/div>\n\t\t\t\t\t<\/div>\n\t\t<\/section>\n\t\t\t\t<section data-particle_enable=\"false\" data-particle-mobile-disabled=\"false\" class=\"elementor-section elementor-top-section elementor-element elementor-element-010f687 elementor-section-boxed elementor-section-height-default elementor-section-height-default\" data-id=\"010f687\" data-element_type=\"section\" data-e-type=\"section\">\n\t\t\t\t\t\t<div class=\"elementor-container elementor-column-gap-default\">\n\t\t\t\t\t<div class=\"elementor-column elementor-col-100 elementor-top-column elementor-element elementor-element-da518fc\" data-id=\"da518fc\" data-element_type=\"column\" data-e-type=\"column\">\n\t\t\t<div class=\"elementor-widget-wrap elementor-element-populated\">\n\t\t\t\t\t\t<div class=\"elementor-element elementor-element-21a929c elementor-widget elementor-widget-image\" data-id=\"21a929c\" data-element_type=\"widget\" data-e-type=\"widget\" data-widget_type=\"image.default\">\n\t\t\t\t\t\t\t\t\t\t\t\t<figure class=\"wp-caption\">\n\t\t\t\t\t\t\t\t\t\t<img decoding=\"async\" width=\"867\" height=\"627\" src=\"https:\/\/soymigrante.com\/revista\/wp-content\/uploads\/2023\/09\/Captura-de-pantalla-2023-09-04-084745.webp\" class=\"attachment-large size-large wp-image-2462\" alt=\"\" srcset=\"https:\/\/soymigrante.com\/revista\/wp-content\/uploads\/2023\/09\/Captura-de-pantalla-2023-09-04-084745.webp 867w, https:\/\/soymigrante.com\/revista\/wp-content\/uploads\/2023\/09\/Captura-de-pantalla-2023-09-04-084745-300x217.webp 300w, https:\/\/soymigrante.com\/revista\/wp-content\/uploads\/2023\/09\/Captura-de-pantalla-2023-09-04-084745-768x555.webp 768w, https:\/\/soymigrante.com\/revista\/wp-content\/uploads\/2023\/09\/Captura-de-pantalla-2023-09-04-084745-120x86.webp 120w, https:\/\/soymigrante.com\/revista\/wp-content\/uploads\/2023\/09\/Captura-de-pantalla-2023-09-04-084745-750x542.webp 750w\" sizes=\"(max-width: 867px) 100vw, 867px\" title=\"Captura de pantalla 2023-09-04 084745 \u2013 SoyMigrante.com REVISTA\" \/>\t\t\t\t\t\t\t\t\t\t\t<figcaption class=\"widget-image-caption wp-caption-text\"><\/figcaption>\n\t\t\t\t\t\t\t\t\t\t<\/figure>\n\t\t\t\t\t\t\t\t\t<\/div>\n\t\t\t\t\t<\/div>\n\t\t<\/div>\n\t\t\t\t\t<\/div>\n\t\t<\/section>\n\t\t<div data-particle_enable=\"false\" data-particle-mobile-disabled=\"false\" class=\"elementor-element elementor-element-09e8fb6 e-flex e-con-boxed e-con e-parent\" data-id=\"09e8fb6\" data-element_type=\"container\" data-e-type=\"container\">\n\t\t\t\t\t<div class=\"e-con-inner\">\n\t\t\t\t<div class=\"elementor-element elementor-element-63dd8f3 elementor-widget elementor-widget-heading\" data-id=\"63dd8f3\" data-element_type=\"widget\" data-e-type=\"widget\" data-widget_type=\"heading.default\">\n\t\t\t\t\t<h3 class=\"elementor-heading-title elementor-size-default\">El dolor de dejar su pueblo<\/h3>\t\t\t\t<\/div>\n\t\t\t\t\t<\/div>\n\t\t\t\t<\/div>\n\t\t\t\t<section data-particle_enable=\"false\" data-particle-mobile-disabled=\"false\" class=\"elementor-section elementor-top-section elementor-element elementor-element-69d65ef elementor-section-boxed elementor-section-height-default elementor-section-height-default\" data-id=\"69d65ef\" data-element_type=\"section\" data-e-type=\"section\">\n\t\t\t\t\t\t<div class=\"elementor-container elementor-column-gap-default\">\n\t\t\t\t\t<div class=\"elementor-column elementor-col-100 elementor-top-column elementor-element elementor-element-82c13d7\" data-id=\"82c13d7\" data-element_type=\"column\" data-e-type=\"column\">\n\t\t\t<div class=\"elementor-widget-wrap elementor-element-populated\">\n\t\t\t\t\t\t<div class=\"elementor-element elementor-element-3d2b57f elementor-widget elementor-widget-text-editor\" data-id=\"3d2b57f\" data-element_type=\"widget\" data-e-type=\"widget\" data-widget_type=\"text-editor.default\">\n\t\t\t\t\t\t\t\t\t<p><span style=\"font-weight: 400\">El 28 de febrero del a\u00f1o 2021, Roldan Jos\u00e9 decide salir de su tierra tras enfrentarse a una crisis financiera de su negocio, tambi\u00e9n para apoyar a su cu\u00f1ada qui\u00e9n se reencontrar\u00e1 con su esposo en Estados Unidos. \u201cLos propietarios de la renta de mi negocio ya no me quisieron renovar mi contrato, se destruy\u00f3 mi sue\u00f1o\u201d.<\/span><\/p><p><span style=\"font-weight: 400\">\u201cMe puse de acuerdo con mi hermano, \u00e9l me ayud\u00f3 y fue por eso que me anime, pero no es porque en Guatemala no se pueda salir adelante, simplemente en mi caso se dio la situaci\u00f3n\u201d. Entonces emigr\u00f3 junto a su cu\u00f1ada, una experiencia que declara fuerte, cansado y de angustia.<\/span><\/p><p><span style=\"font-weight: 400\">Las cicatrices todav\u00eda est\u00e1n en las rodillas y en el coraz\u00f3n, \u201cDejar una familia, un hijo ha sido dif\u00edcil, verlo solo por fotograf\u00edas\u201d pero la traves\u00eda tambi\u00e9n le caus\u00f3 dolor, desde su llegada a M\u00e9xico, d\u00edas intensos y largos en el furg\u00f3n desde Tapachula hacia Puebla, sin comida, agua y largas distancias.<\/span><\/p><p><span style=\"font-weight: 400\">\u201cLa primera vez que nos fuimos, nos encerraron y nos hicieron esperar muchas horas, entre toda la gente se vive el miedo y la desesperaci\u00f3n, la gente se desmayaba, el calor y olor eran insoportables, pero resistimos\u201d despu\u00e9s ambos estuvieron retenidos por m\u00e1s de 15 d\u00edas sin comunicaci\u00f3n, dinero y comida.<\/span><\/p><p><span style=\"font-weight: 400\">Al mes lograron cruzar parte de la traves\u00eda, sin embargo, se encontraron con una pelea entre supuestos grupos de narcotraficantes y zetas (agrupaciones que controlan el territorio) al quedarse sin nada deciden cruzar el r\u00edo bravo a las tres de la ma\u00f1ana.<\/span><\/p><p><span style=\"font-weight: 400\">\u201cEl agua nos llegaba hasta arriba, la corriente fuerte, mi cu\u00f1ada deja sus pertenencias de la desesperaci\u00f3n\u201d luego arrodillados y agachados pasaron por el t\u00fanel que los llevar\u00eda cerca a su destino\u00a0<\/span><\/p><p><span style=\"font-weight: 400\">\u201cLlegamos y cr\u00e9anme que yo estaba feliz, mi cu\u00f1ada estaba feliz, pero lo logramos hasta la tercera vez, pasamos muchas cosas\u201d El camino se extendi\u00f3 ante las dificultades, pero lograron llegar a su destino.<\/span><\/p>\t\t\t\t\t\t\t\t<\/div>\n\t\t\t\t\t<\/div>\n\t\t<\/div>\n\t\t\t\t\t<\/div>\n\t\t<\/section>\n\t\t<div data-particle_enable=\"false\" data-particle-mobile-disabled=\"false\" class=\"elementor-element elementor-element-b006990 e-flex e-con-boxed e-con e-parent\" data-id=\"b006990\" data-element_type=\"container\" data-e-type=\"container\">\n\t\t\t\t\t<div class=\"e-con-inner\">\n\t\t\t\t<div class=\"elementor-element elementor-element-c1e109e elementor-widget elementor-widget-heading\" data-id=\"c1e109e\" data-element_type=\"widget\" data-e-type=\"widget\" data-widget_type=\"heading.default\">\n\t\t\t\t\t<h3 class=\"elementor-heading-title elementor-size-default\">Plasmar la cultura y trascender<\/h3>\t\t\t\t<\/div>\n\t\t\t\t\t<\/div>\n\t\t\t\t<\/div>\n\t\t\t\t<section data-particle_enable=\"false\" data-particle-mobile-disabled=\"false\" class=\"elementor-section elementor-top-section elementor-element elementor-element-21b91c9 elementor-section-boxed elementor-section-height-default elementor-section-height-default\" data-id=\"21b91c9\" data-element_type=\"section\" data-e-type=\"section\">\n\t\t\t\t\t\t<div class=\"elementor-container elementor-column-gap-default\">\n\t\t\t\t\t<div class=\"elementor-column elementor-col-100 elementor-top-column elementor-element elementor-element-01651ef\" data-id=\"01651ef\" data-element_type=\"column\" data-e-type=\"column\">\n\t\t\t<div class=\"elementor-widget-wrap elementor-element-populated\">\n\t\t\t\t\t\t<div class=\"elementor-element elementor-element-e6d2914 elementor-widget elementor-widget-text-editor\" data-id=\"e6d2914\" data-element_type=\"widget\" data-e-type=\"widget\" data-widget_type=\"text-editor.default\">\n\t\t\t\t\t\t\t\t\t<p><span style=\"font-weight: 400\">En pl\u00e1ticas con familiares Jos\u00e9 so\u00f1aba con llevar un traje de los bailes de su lugar de origen a otros pa\u00edses, sin darse cuenta que la decisi\u00f3n de migrar era una oportunidad perfecta, recuerda: \u201cLe dec\u00eda a un familiar si alg\u00fan d\u00eda voy a estar lejos, sue\u00f1o primero con tener un traje y luego lucirlo\u201d.<\/span><\/p><p><span style=\"font-weight: 400\">Estados Unidos record\u00f3 las promesas y decidi\u00f3 ahorrar para comprar un traje de los bailes tradicionales de su lugar de origen. Con mucho esfuerzo y trabajo logr\u00f3 comprar su primer traje que tuvo que ser enviado desde Guatemala, traje que vali\u00f3 la pena cada centavo invertido.\u00a0<\/span><\/p><p><span style=\"font-weight: 400\">Jos\u00e9 ahora se enfrentaba a una breve dificultad, el miedo y c\u00f3mo las personas iban a reaccionar, la primera vez que se coloc\u00f3 el traje Jos\u00e9 tuvo sentimientos encontrados e inexplicables que lo motivaron a salir a recorrer las calles de Estados Unidos y tomarse fotograf\u00edas que permanecieron en reserva por mucho tiempo.<\/span><\/p><p><span style=\"font-weight: 400\">Varias personas del lugar desconocen la cultura guatemalteca y para muchos la vestimenta y los personajes eran una burla o discriminaci\u00f3n tal como se lo dijo un local \u201cpor que te burlas de mi\u201d Jos\u00e9 t\u00edmido brind\u00f3 una breve explicaci\u00f3n y su significado, d\u00e1ndole a las personas de conocer mas sobre su cultura y tradiciones.<\/span><\/p><p><span style=\"font-weight: 400\">Despu\u00e9s de ocho meses de trabajo y ahorro Jos\u00e9 mand\u00f3 a traer su traje, estuvo 15 d\u00edas en reserva ya que sent\u00eda inseguridad de usarlo y salir a las calles. Cuando se acerc\u00f3 la fecha de la feria titular de su tierra Momostenango, decidi\u00f3 colocarse el traje y tomarse fotograf\u00edas que public\u00f3 en su red social y otras las reserv\u00f3.<\/span><\/p><p><span style=\"font-weight: 400\">Luego de un tiempo las fotograf\u00edas que Jos\u00e9 hab\u00eda tomado decidi\u00f3 compartirlas a varias p\u00e1ginas en redes sociales, sin esperar que estas se hicieran virales, los resultados fueron imparables \u201cCr\u00e9ame que de la noche a la ma\u00f1ana las fotograf\u00edas ten\u00edan miles de reacciones\u201d<\/span><\/p><p><span style=\"font-weight: 400\">Las im\u00e1genes impactaron a muchas personas, que motivaron a Jos\u00e9 a lucir el traje origen de sus ra\u00edces, \u201cVestirme con cosas de Guatemala para m\u00ed es un orgullo, no me gusta vestirme con ropa de marca por que no me representa, al usar una playera guatemalteca con bordado t\u00edpico me hace recordar y entender de donde soy\u201d.<\/span><\/p>\t\t\t\t\t\t\t\t<\/div>\n\t\t\t\t\t<\/div>\n\t\t<\/div>\n\t\t\t\t\t<\/div>\n\t\t<\/section>\n\t\t\t\t<section data-particle_enable=\"false\" data-particle-mobile-disabled=\"false\" class=\"elementor-section elementor-top-section elementor-element elementor-element-bd6eec3 elementor-section-boxed elementor-section-height-default elementor-section-height-default\" data-id=\"bd6eec3\" data-element_type=\"section\" data-e-type=\"section\">\n\t\t\t\t\t\t<div class=\"elementor-container elementor-column-gap-default\">\n\t\t\t\t\t<div class=\"elementor-column elementor-col-100 elementor-top-column elementor-element elementor-element-f7f1f83\" data-id=\"f7f1f83\" data-element_type=\"column\" data-e-type=\"column\">\n\t\t\t<div class=\"elementor-widget-wrap elementor-element-populated\">\n\t\t\t\t\t\t<div class=\"elementor-element elementor-element-99dbef6 elementor-arrows-position-inside elementor-pagination-position-outside elementor-widget elementor-widget-image-carousel\" data-id=\"99dbef6\" data-element_type=\"widget\" data-e-type=\"widget\" data-settings=\"{&quot;slides_to_show&quot;:&quot;1&quot;,&quot;navigation&quot;:&quot;both&quot;,&quot;autoplay&quot;:&quot;yes&quot;,&quot;pause_on_hover&quot;:&quot;yes&quot;,&quot;pause_on_interaction&quot;:&quot;yes&quot;,&quot;autoplay_speed&quot;:5000,&quot;infinite&quot;:&quot;yes&quot;,&quot;effect&quot;:&quot;slide&quot;,&quot;speed&quot;:500}\" data-widget_type=\"image-carousel.default\">\n\t\t\t\t\t\t\t<div class=\"elementor-image-carousel-wrapper swiper\" role=\"region\" aria-roledescription=\"carousel\" aria-label=\"Carrusel de im\u00e1genes\" dir=\"ltr\">\n\t\t\t<div class=\"elementor-image-carousel swiper-wrapper\" aria-live=\"off\">\n\t\t\t\t\t\t\t\t<div class=\"swiper-slide\" role=\"group\" aria-roledescription=\"slide\" aria-label=\"1 de 2\"><figure class=\"swiper-slide-inner\"><img decoding=\"async\" class=\"swiper-slide-image\" src=\"https:\/\/soymigrante.com\/revista\/wp-content\/uploads\/2023\/08\/Mascaras-chinchines-de-madera-llaveros-y-diferentes-accesorios-le-recuerdan-la-feria-patronal-de-su-pais-768x1364.webp\" alt=\"M\u00e1scaras, chinchines de madera, llaveros y diferentes accesorios le recuerdan la feria patronal de su pa\u00eds\" \/><figcaption class=\"elementor-image-carousel-caption\">M\u00e1scaras, chinchines de madera, llaveros y diferentes accesorios le recuerdan la feria patronal de su pa\u00eds<\/figcaption><\/figure><\/div><div class=\"swiper-slide\" role=\"group\" aria-roledescription=\"slide\" aria-label=\"2 de 2\"><figure class=\"swiper-slide-inner\"><img decoding=\"async\" class=\"swiper-slide-image\" src=\"https:\/\/soymigrante.com\/revista\/wp-content\/uploads\/2023\/08\/Las-mascaras-son-talladas-en-madera-que-representan-a-un-mono-o-animal-es-elaborado-a-mano-por-artesanos-y-escultores-originarios-del-territorio-guatemalteco--768x1364.webp\" alt=\"Las m\u00e1scaras son talladas en madera que representan a un mono o animal, es elaborado a mano por artesanos y escultores originarios del territorio guatemalteco\" \/><figcaption class=\"elementor-image-carousel-caption\">Las m\u00e1scaras son talladas en madera que representan a un mono o animal, es elaborado a mano por artesanos y escultores originarios del territorio guatemalteco<\/figcaption><\/figure><\/div>\t\t\t<\/div>\n\t\t\t\t\t\t\t\t\t\t\t\t<div class=\"elementor-swiper-button elementor-swiper-button-prev\" role=\"button\" tabindex=\"0\">\n\t\t\t\t\t\t<i aria-hidden=\"true\" class=\"eicon-chevron-left\"><\/i>\t\t\t\t\t<\/div>\n\t\t\t\t\t<div class=\"elementor-swiper-button elementor-swiper-button-next\" role=\"button\" tabindex=\"0\">\n\t\t\t\t\t\t<i aria-hidden=\"true\" class=\"eicon-chevron-right\"><\/i>\t\t\t\t\t<\/div>\n\t\t\t\t\n\t\t\t\t\t\t\t\t\t<div class=\"swiper-pagination\"><\/div>\n\t\t\t\t\t\t\t\t\t<\/div>\n\t\t\t\t\t\t<\/div>\n\t\t\t\t\t<\/div>\n\t\t<\/div>\n\t\t\t\t\t<\/div>\n\t\t<\/section>\n\t\t<div data-particle_enable=\"false\" data-particle-mobile-disabled=\"false\" class=\"elementor-element elementor-element-c15577c e-flex e-con-boxed e-con e-parent\" data-id=\"c15577c\" data-element_type=\"container\" data-e-type=\"container\">\n\t\t\t\t\t<div class=\"e-con-inner\">\n\t\t\t\t<div class=\"elementor-element elementor-element-38fbf9b elementor-widget elementor-widget-heading\" data-id=\"38fbf9b\" data-element_type=\"widget\" data-e-type=\"widget\" data-widget_type=\"heading.default\">\n\t\t\t\t\t<h3 class=\"elementor-heading-title elementor-size-default\">Momostenango sin fronteras<\/h3>\t\t\t\t<\/div>\n\t\t\t\t\t<\/div>\n\t\t\t\t<\/div>\n\t\t\t\t<section data-particle_enable=\"false\" data-particle-mobile-disabled=\"false\" class=\"elementor-section elementor-top-section elementor-element elementor-element-b07e6ef elementor-section-boxed elementor-section-height-default elementor-section-height-default\" data-id=\"b07e6ef\" data-element_type=\"section\" data-e-type=\"section\">\n\t\t\t\t\t\t<div class=\"elementor-container elementor-column-gap-default\">\n\t\t\t\t\t<div class=\"elementor-column elementor-col-100 elementor-top-column elementor-element elementor-element-2a11851\" data-id=\"2a11851\" data-element_type=\"column\" data-e-type=\"column\">\n\t\t\t<div class=\"elementor-widget-wrap elementor-element-populated\">\n\t\t\t\t\t\t<div class=\"elementor-element elementor-element-d072b36 elementor-widget elementor-widget-text-editor\" data-id=\"d072b36\" data-element_type=\"widget\" data-e-type=\"widget\" data-widget_type=\"text-editor.default\">\n\t\t\t\t\t\t\t\t\t<p><span style=\"font-weight: 400\">Luego de su gran impacto Jos\u00e9 impulsa su p\u00e1gina: Momos sin fronteras una red que le permite subir contenido fotogr\u00e1fico de los trajes del baile ancestral de micos que luce en los diferentes estados de Estados Unidos.<\/span><\/p><p><span style=\"font-weight: 400\">\u201cEl concepto es demostrar lo nuestro y ser un ejemplo de la cultura e identidad, tambi\u00e9n representar a mi aldea, pueblo de Momostenango\u201d El traje lo luce en diferentes lugares, el m\u00e1s reciente fue en el estadio de Estados Unidos en el encuentro que sostuvo Guatemala.<\/span><\/p><p><span style=\"font-weight: 400\">En esta aventura lo han acompa\u00f1ado dos amigos Marvin Linares y Jorge Colop quienes en ocasiones se han puesto los trajes para lucirlos y tomarse las fotograf\u00edas. El sue\u00f1o de Jos\u00e9 es conformar un grupo con los personajes completos y realizar presentaciones en Estados Unidos.<\/span><\/p>\t\t\t\t\t\t\t\t<\/div>\n\t\t\t\t\t<\/div>\n\t\t<\/div>\n\t\t\t\t\t<\/div>\n\t\t<\/section>\n\t\t<div data-particle_enable=\"false\" data-particle-mobile-disabled=\"false\" class=\"elementor-element elementor-element-9e887b0 e-flex e-con-boxed e-con e-parent\" data-id=\"9e887b0\" data-element_type=\"container\" data-e-type=\"container\">\n\t\t\t\t\t<div class=\"e-con-inner\">\n\t\t\t\t<div class=\"elementor-element elementor-element-2446729 elementor-arrows-position-inside elementor-pagination-position-outside elementor-widget elementor-widget-image-carousel\" data-id=\"2446729\" data-element_type=\"widget\" data-e-type=\"widget\" data-settings=\"{&quot;slides_to_show&quot;:&quot;1&quot;,&quot;navigation&quot;:&quot;both&quot;,&quot;autoplay&quot;:&quot;yes&quot;,&quot;pause_on_hover&quot;:&quot;yes&quot;,&quot;pause_on_interaction&quot;:&quot;yes&quot;,&quot;autoplay_speed&quot;:5000,&quot;infinite&quot;:&quot;yes&quot;,&quot;effect&quot;:&quot;slide&quot;,&quot;speed&quot;:500}\" data-widget_type=\"image-carousel.default\">\n\t\t\t\t\t\t\t<div class=\"elementor-image-carousel-wrapper swiper\" role=\"region\" aria-roledescription=\"carousel\" aria-label=\"Carrusel de im\u00e1genes\" dir=\"ltr\">\n\t\t\t<div class=\"elementor-image-carousel swiper-wrapper\" aria-live=\"off\">\n\t\t\t\t\t\t\t\t<div class=\"swiper-slide\" role=\"group\" aria-roledescription=\"slide\" aria-label=\"1 de 3\"><figure class=\"swiper-slide-inner\"><img decoding=\"async\" class=\"swiper-slide-image\" src=\"https:\/\/soymigrante.com\/revista\/wp-content\/uploads\/2023\/08\/ROLDAN1-478x1024.webp\" alt=\"Roldan Jos\u00e9 es originario de la comunidad de Rachoquel, Xequemeya, Momostenango, Totonicap\u00e1n, Guatemala desde peque\u00f1o admira las tradiciones de su tierra, su objetivo es trascender y plasmar sus ra\u00edces\" \/><figcaption class=\"elementor-image-carousel-caption\">Roldan Jos\u00e9 es originario de la comunidad de Rachoquel, Xequemeya, Momostenango, Totonicap\u00e1n, Guatemala desde peque\u00f1o admira las tradiciones de su tierra, su objetivo es trascender y plasmar sus ra\u00edces<\/figcaption><\/figure><\/div><div class=\"swiper-slide\" role=\"group\" aria-roledescription=\"slide\" aria-label=\"2 de 3\"><figure class=\"swiper-slide-inner\"><img decoding=\"async\" class=\"swiper-slide-image\" src=\"https:\/\/soymigrante.com\/revista\/wp-content\/uploads\/2023\/08\/Una-aventura-que-a-conquistado-a-los-lugarenos-y-recordar-las-raices-de-los-connacionales-Jose-acompanado-de-su-amigo-y-companero-Marvin-Lares-Foto_-Momos-sin-Fronteras--683x1024.webp\" alt=\"Una aventura que a conquistado a los lugare\u00f1os y recordar las ra\u00edces de los connacionales, Jos\u00e9 acompa\u00f1ado de su amigo y compa\u00f1ero Marvin Lares Foto_ Momos sin Fronteras\" \/><figcaption class=\"elementor-image-carousel-caption\">Una aventura que a conquistado a los lugare\u00f1os y recordar las ra\u00edces de los connacionales, Jos\u00e9 acompa\u00f1ado de su amigo y compa\u00f1ero Marvin Lares Foto_ Momos sin Fronteras<\/figcaption><\/figure><\/div><div class=\"swiper-slide\" role=\"group\" aria-roledescription=\"slide\" aria-label=\"3 de 3\"><figure class=\"swiper-slide-inner\"><img decoding=\"async\" class=\"swiper-slide-image\" src=\"https:\/\/soymigrante.com\/revista\/wp-content\/uploads\/2023\/08\/ELSUEO1-590x1024.webp\" alt=\"Jos\u00e9 desea dejar una huella en los corazones de los connacionales y locales\" \/><figcaption class=\"elementor-image-carousel-caption\">Jos\u00e9 desea dejar una huella en los corazones de los connacionales y locales <\/figcaption><\/figure><\/div>\t\t\t<\/div>\n\t\t\t\t\t\t\t\t\t\t\t\t<div class=\"elementor-swiper-button elementor-swiper-button-prev\" role=\"button\" tabindex=\"0\">\n\t\t\t\t\t\t<i aria-hidden=\"true\" class=\"eicon-chevron-left\"><\/i>\t\t\t\t\t<\/div>\n\t\t\t\t\t<div class=\"elementor-swiper-button elementor-swiper-button-next\" role=\"button\" tabindex=\"0\">\n\t\t\t\t\t\t<i aria-hidden=\"true\" class=\"eicon-chevron-right\"><\/i>\t\t\t\t\t<\/div>\n\t\t\t\t\n\t\t\t\t\t\t\t\t\t<div class=\"swiper-pagination\"><\/div>\n\t\t\t\t\t\t\t\t\t<\/div>\n\t\t\t\t\t\t<\/div>\n\t\t\t\t\t<\/div>\n\t\t\t\t<\/div>\n\t\t<div data-particle_enable=\"false\" data-particle-mobile-disabled=\"false\" class=\"elementor-element elementor-element-6936fe8 e-flex e-con-boxed e-con e-parent\" data-id=\"6936fe8\" data-element_type=\"container\" data-e-type=\"container\">\n\t\t\t\t\t<div class=\"e-con-inner\">\n\t\t\t\t<div class=\"elementor-element elementor-element-9c81389 elementor-widget elementor-widget-heading\" data-id=\"9c81389\" data-element_type=\"widget\" data-e-type=\"widget\" data-widget_type=\"heading.default\">\n\t\t\t\t\t<h3 class=\"elementor-heading-title elementor-size-default\">Llevar algo de Guatemala a los migrantes<\/h3>\t\t\t\t<\/div>\n\t\t\t\t\t<\/div>\n\t\t\t\t<\/div>\n\t\t\t\t<section data-particle_enable=\"false\" data-particle-mobile-disabled=\"false\" class=\"elementor-section elementor-top-section elementor-element elementor-element-569bebe elementor-section-boxed elementor-section-height-default elementor-section-height-default\" data-id=\"569bebe\" data-element_type=\"section\" data-e-type=\"section\">\n\t\t\t\t\t\t<div class=\"elementor-container elementor-column-gap-default\">\n\t\t\t\t\t<div class=\"elementor-column elementor-col-100 elementor-top-column elementor-element elementor-element-eaf2b21\" data-id=\"eaf2b21\" data-element_type=\"column\" data-e-type=\"column\">\n\t\t\t<div class=\"elementor-widget-wrap elementor-element-populated\">\n\t\t\t\t\t\t<div class=\"elementor-element elementor-element-effa527 elementor-widget elementor-widget-text-editor\" data-id=\"effa527\" data-element_type=\"widget\" data-e-type=\"widget\" data-widget_type=\"text-editor.default\">\n\t\t\t\t\t\t\t\t\t<p><span style=\"font-weight: 400;\">\u201c&#8221;En septiembre de 2023 nos invitaron a estar North Carolina disfrutando y dando a conocer a nuestro pueblo de Momostenango\u201d, tambi\u00e9n en las presentaciones vende algunos art\u00edculos como llaveros, recuerdos, chinchines de su pa\u00eds.<\/span><\/p><p><span style=\"font-weight: 400;\">Es importante para Jos\u00e9 dejar una huella en los corazones de los guatemaltecos migrantes y de las personas que lo rodean, dar a conocer que su origen est\u00e1 lleno de belleza natural y tradiciones \u00fanicas.<\/span><\/p><p><span style=\"font-weight: 400;\">\u201cMe gustar\u00eda que la gente tambi\u00e9n lo hiciera desde el lugar que este, que muestre su cultura y se sienta orgullo de donde es\u201d Jos\u00e9 tiene claro que su objetivo es continuar demostrando su cultura a trav\u00e9s de los trajes de bailes ancestrales.<\/span><\/p>\t\t\t\t\t\t\t\t<\/div>\n\t\t\t\t\t<\/div>\n\t\t<\/div>\n\t\t\t\t\t<\/div>\n\t\t<\/section>\n\t\t\t\t<section data-particle_enable=\"false\" data-particle-mobile-disabled=\"false\" class=\"elementor-section elementor-top-section elementor-element elementor-element-9a806b1 elementor-section-boxed elementor-section-height-default elementor-section-height-default\" data-id=\"9a806b1\" data-element_type=\"section\" data-e-type=\"section\">\n\t\t\t\t\t\t<div class=\"elementor-container elementor-column-gap-default\">\n\t\t\t\t\t<div class=\"elementor-column elementor-col-100 elementor-top-column elementor-element elementor-element-0ac07ad\" data-id=\"0ac07ad\" data-element_type=\"column\" data-e-type=\"column\">\n\t\t\t<div class=\"elementor-widget-wrap\">\n\t\t\t\t\t\t\t<\/div>\n\t\t<\/div>\n\t\t\t\t\t<\/div>\n\t\t<\/section>\n\t\t\t\t<section data-particle_enable=\"false\" data-particle-mobile-disabled=\"false\" class=\"elementor-section elementor-top-section elementor-element elementor-element-d636dda elementor-section-boxed elementor-section-height-default elementor-section-height-default\" data-id=\"d636dda\" data-element_type=\"section\" data-e-type=\"section\">\n\t\t\t\t\t\t<div class=\"elementor-container elementor-column-gap-default\">\n\t\t\t\t\t<div class=\"elementor-column elementor-col-100 elementor-top-column elementor-element elementor-element-081c919\" data-id=\"081c919\" data-element_type=\"column\" data-e-type=\"column\">\n\t\t\t<div class=\"elementor-widget-wrap elementor-element-populated\">\n\t\t\t\t\t\t<div class=\"elementor-element elementor-element-3eb48fc elementor-widget elementor-widget-facebook-embed\" data-id=\"3eb48fc\" data-element_type=\"widget\" data-e-type=\"widget\" data-widget_type=\"facebook-embed.default\">\n\t\t\t\t\t<div style=\"min-height: 1px\" class=\"elementor-facebook-widget fb-post\" data-href=\"https:\/\/www.facebook.com\/100093717045665\/videos\/1307106239992884\" data-show-text=\"false\"><\/div>\t\t\t\t<\/div>\n\t\t\t\t\t<\/div>\n\t\t<\/div>\n\t\t\t\t\t<\/div>\n\t\t<\/section>\n\t\t<div data-particle_enable=\"false\" data-particle-mobile-disabled=\"false\" class=\"elementor-element elementor-element-ae97d3e e-flex e-con-boxed e-con e-parent\" data-id=\"ae97d3e\" data-element_type=\"container\" data-e-type=\"container\">\n\t\t\t\t\t<div class=\"e-con-inner\">\n\t\t\t\t<div class=\"elementor-element elementor-element-9cb7420 elementor-widget elementor-widget-heading\" data-id=\"9cb7420\" data-element_type=\"widget\" data-e-type=\"widget\" data-widget_type=\"heading.default\">\n\t\t\t\t\t<h2 class=\"elementor-heading-title elementor-size-default\">Momostenango es un pueblo especial<\/h2>\t\t\t\t<\/div>\n\t\t\t\t\t<\/div>\n\t\t\t\t<\/div>\n\t\t<div data-particle_enable=\"false\" data-particle-mobile-disabled=\"false\" class=\"elementor-element elementor-element-5241c15 e-flex e-con-boxed e-con e-parent\" data-id=\"5241c15\" data-element_type=\"container\" data-e-type=\"container\">\n\t\t\t\t\t<div class=\"e-con-inner\">\n\t\t\t\t<div class=\"elementor-element elementor-element-827f539 elementor-grid-eael-col-3 elementor-grid-tablet-eael-col-2 elementor-grid-mobile-eael-col-1 elementor-widget elementor-widget-eael-post-grid\" data-id=\"827f539\" data-element_type=\"widget\" data-e-type=\"widget\" data-settings=\"{&quot;eael_post_grid_columns&quot;:&quot;eael-col-3&quot;,&quot;eael_post_grid_columns_tablet&quot;:&quot;eael-col-2&quot;,&quot;eael_post_grid_columns_mobile&quot;:&quot;eael-col-1&quot;}\" data-widget_type=\"eael-post-grid.default\">\n\t\t\t\t\t<div id=\"eael-post-grid-827f539\" class=\"eael-post-grid-container\">\n            <div class=\"eael-post-grid eael-post-appender eael-post-appender-827f539 eael-post-grid-style-one\" data-layout-mode=\"masonry\"><article class=\"eael-grid-post  eael-post-grid-column eael-pg-post-30984 category-guate-nuestra\" data-id=\"30984\">\n        <div class=\"eael-grid-post-holder\">\n            <div class=\"eael-grid-post-holder-inner\"><div class=\"eael-entry-media\"><div class=\"eael-entry-overlay fade-in\"><i class=\"far fa-hand-pointer\" aria-hidden=\"true\"><\/i><a href=\"https:\/\/soymigrante.com\/revista\/el-fervor-de-semana-santa-en-momostenango-refleja-el-fotografo-marcos-zarate\/\"><\/a><\/div><div class=\"eael-entry-thumbnail \">\n                <img decoding=\"async\" width=\"1024\" height=\"1024\" src=\"https:\/\/soymigrante.com\/revista\/wp-content\/uploads\/2025\/04\/momostenango-foto-marcos-zarate-1024x1024.jpg\" class=\"attachment-large size-large wp-image-31051\" alt=\"Ni\u00f1o con casco romano en una celebraci\u00f3n cultural en la revista SoyMigrante.\" srcset=\"https:\/\/soymigrante.com\/revista\/wp-content\/uploads\/2025\/04\/momostenango-foto-marcos-zarate-1024x1024.jpg 1024w, https:\/\/soymigrante.com\/revista\/wp-content\/uploads\/2025\/04\/momostenango-foto-marcos-zarate-300x300.jpg 300w, https:\/\/soymigrante.com\/revista\/wp-content\/uploads\/2025\/04\/momostenango-foto-marcos-zarate-150x150.jpg 150w, https:\/\/soymigrante.com\/revista\/wp-content\/uploads\/2025\/04\/momostenango-foto-marcos-zarate-768x768.jpg 768w, https:\/\/soymigrante.com\/revista\/wp-content\/uploads\/2025\/04\/momostenango-foto-marcos-zarate-75x75.webp 75w, https:\/\/soymigrante.com\/revista\/wp-content\/uploads\/2025\/04\/momostenango-foto-marcos-zarate-750x750.webp 750w, https:\/\/soymigrante.com\/revista\/wp-content\/uploads\/2025\/04\/momostenango-foto-marcos-zarate-1140x1140.webp 1140w, https:\/\/soymigrante.com\/revista\/wp-content\/uploads\/2025\/04\/momostenango-foto-marcos-zarate.webp 1365w\" sizes=\"(max-width: 1024px) 100vw, 1024px\" \/>\n            <\/div>\n        <\/div><div class=\"eael-entry-wrapper\"><header class=\"eael-entry-header\"><h2 class=\"eael-entry-title\"><a class=\"eael-grid-post-link\" href=\"https:\/\/soymigrante.com\/revista\/el-fervor-de-semana-santa-en-momostenango-refleja-el-fotografo-marcos-zarate\/\" title=\"El fervor de Viernes Santo en Momostenango retrata el fot\u00f3grafo Marcos Z\u00e1rate\">El fervor de Viernes Santo en Momostenango retrata el fot\u00f3grafo Marcos Z\u00e1rate<\/a><\/h2><\/header><div class=\"eael-entry-content\">\n                        <div class=\"eael-grid-post-excerpt\"><a href=\"https:\/\/soymigrante.com\/revista\/el-fervor-de-semana-santa-en-momostenango-refleja-el-fotografo-marcos-zarate\/\" class=\"eael-post-elements-readmore-btn\">CONOCE SU HISTORIA <\/a><\/div>\n                    <\/div><\/div><\/div>\n        <\/div>\n    <\/article><article class=\"eael-grid-post  eael-post-grid-column eael-pg-post-1070 category-estamos-unidos\" data-id=\"1070\">\n        <div class=\"eael-grid-post-holder\">\n            <div class=\"eael-grid-post-holder-inner\"><div class=\"eael-entry-media\"><div class=\"eael-entry-overlay fade-in\"><i class=\"far fa-hand-pointer\" aria-hidden=\"true\"><\/i><a href=\"https:\/\/soymigrante.com\/revista\/comunicado-de-prensa-momostenango-26-de-mayo-2023\/\"><\/a><\/div><div class=\"eael-entry-thumbnail \">\n                <img loading=\"lazy\" decoding=\"async\" width=\"1000\" height=\"665\" src=\"https:\/\/soymigrante.com\/revista\/wp-content\/uploads\/2023\/05\/COMUNICADO-DE-PRENSA-Momostenango-26-de-mayo-de-2023-1.webp\" class=\"attachment-large size-large wp-image-1076\" alt=\"EMOTIVO LANZAMIENTO DEL EMPRENDIMIENTO DIGITAL SOYMIGRANTE.COM\" srcset=\"https:\/\/soymigrante.com\/revista\/wp-content\/uploads\/2023\/05\/COMUNICADO-DE-PRENSA-Momostenango-26-de-mayo-de-2023-1.webp 1000w, https:\/\/soymigrante.com\/revista\/wp-content\/uploads\/2023\/05\/COMUNICADO-DE-PRENSA-Momostenango-26-de-mayo-de-2023-1-300x200.webp 300w, https:\/\/soymigrante.com\/revista\/wp-content\/uploads\/2023\/05\/COMUNICADO-DE-PRENSA-Momostenango-26-de-mayo-de-2023-1-768x511.jpg 768w, https:\/\/soymigrante.com\/revista\/wp-content\/uploads\/2023\/05\/COMUNICADO-DE-PRENSA-Momostenango-26-de-mayo-de-2023-1-750x499.webp 750w, https:\/\/soymigrante.com\/revista\/wp-content\/uploads\/2023\/05\/COMUNICADO-DE-PRENSA-Momostenango-26-de-mayo-de-2023-1-600x400.jpg 600w\" sizes=\"(max-width: 1000px) 100vw, 1000px\" \/>\n            <\/div>\n        <\/div><div class=\"eael-entry-wrapper\"><header class=\"eael-entry-header\"><h2 class=\"eael-entry-title\"><a class=\"eael-grid-post-link\" href=\"https:\/\/soymigrante.com\/revista\/comunicado-de-prensa-momostenango-26-de-mayo-2023\/\" title=\"COMUNICADO DE PRENSA Momostenango 26 de mayo de 2023\">COMUNICADO DE PRENSA Momostenango 26 de mayo de 2023<\/a><\/h2><\/header><div class=\"eael-entry-content\">\n                        <div class=\"eael-grid-post-excerpt\"><a href=\"https:\/\/soymigrante.com\/revista\/comunicado-de-prensa-momostenango-26-de-mayo-2023\/\" class=\"eael-post-elements-readmore-btn\">CONOCE SU HISTORIA <\/a><\/div>\n                    <\/div><\/div><\/div>\n        <\/div>\n    <\/article><article class=\"eael-grid-post  eael-post-grid-column eael-pg-post-812 category-exitos\" data-id=\"812\">\n        <div class=\"eael-grid-post-holder\">\n            <div class=\"eael-grid-post-holder-inner\"><div class=\"eael-entry-media\"><div class=\"eael-entry-overlay fade-in\"><i class=\"far fa-hand-pointer\" aria-hidden=\"true\"><\/i><a href=\"https:\/\/soymigrante.com\/revista\/angel-ambrocio-realiza-el-gran-sueno-de-volver-a-vivir-en-su-tierra-natal\/\"><\/a><\/div><div class=\"eael-entry-thumbnail \">\n                <img loading=\"lazy\" decoding=\"async\" width=\"1024\" height=\"683\" src=\"https:\/\/soymigrante.com\/revista\/wp-content\/uploads\/2023\/03\/ANGEL-AMBROCIO-2016-FUEGO-1024x683.jpg\" class=\"attachment-large size-large wp-image-820\" alt=\"ANGEL AMBROCIO\" srcset=\"https:\/\/soymigrante.com\/revista\/wp-content\/uploads\/2023\/03\/ANGEL-AMBROCIO-2016-FUEGO-1024x683.jpg 1024w, https:\/\/soymigrante.com\/revista\/wp-content\/uploads\/2023\/03\/ANGEL-AMBROCIO-2016-FUEGO-300x200.webp 300w, https:\/\/soymigrante.com\/revista\/wp-content\/uploads\/2023\/03\/ANGEL-AMBROCIO-2016-FUEGO-768x512.jpg 768w, https:\/\/soymigrante.com\/revista\/wp-content\/uploads\/2023\/03\/ANGEL-AMBROCIO-2016-FUEGO-1536x1024.jpg 1536w, https:\/\/soymigrante.com\/revista\/wp-content\/uploads\/2023\/03\/ANGEL-AMBROCIO-2016-FUEGO-750x500.webp 750w, https:\/\/soymigrante.com\/revista\/wp-content\/uploads\/2023\/03\/ANGEL-AMBROCIO-2016-FUEGO-1140x760.jpg 1140w, https:\/\/soymigrante.com\/revista\/wp-content\/uploads\/2023\/03\/ANGEL-AMBROCIO-2016-FUEGO-600x400.jpg 600w, https:\/\/soymigrante.com\/revista\/wp-content\/uploads\/2023\/03\/ANGEL-AMBROCIO-2016-FUEGO.webp 1920w\" sizes=\"(max-width: 1024px) 100vw, 1024px\" \/>\n            <\/div>\n        <\/div><div class=\"eael-entry-wrapper\"><header class=\"eael-entry-header\"><h2 class=\"eael-entry-title\"><a class=\"eael-grid-post-link\" href=\"https:\/\/soymigrante.com\/revista\/angel-ambrocio-realiza-el-gran-sueno-de-volver-a-vivir-en-su-tierra-natal\/\" title=\"\u00c1ngel Ambrocio realiza el gran sue\u00f1o de volver a vivir en su Guatemala natal\">\u00c1ngel Ambrocio realiza el gran sue\u00f1o de volver a vivir en su Guatemala natal<\/a><\/h2><\/header><div class=\"eael-entry-content\">\n                        <div class=\"eael-grid-post-excerpt\"><a href=\"https:\/\/soymigrante.com\/revista\/angel-ambrocio-realiza-el-gran-sueno-de-volver-a-vivir-en-su-tierra-natal\/\" class=\"eael-post-elements-readmore-btn\">CONOCE SU HISTORIA <\/a><\/div>\n                    <\/div><\/div><\/div>\n        <\/div>\n    <\/article><\/div>\n            <div class=\"clearfix\"><\/div>\n        <\/div>\t\t\t\t<\/div>\n\t\t\t\t\t<\/div>\n\t\t\t\t<\/div>\n\t\t\t\t<\/div>\n\t\t","protected":false},"excerpt":{"rendered":"<p>Roldan Jos\u00e9 Wix deja huella en los corazones de los guatemaltecos migrantes y de las personas que lo rodean, dar a conocer su origen y tradiciones es el objetivo de publicar fotos ataviado con traje de mico de danza tradicional de Momostenango. Roldan Jos\u00e9 luce el traje de los bailes ancestrales de Momostenango, Totonicap\u00e1n, en [&hellip;]<\/p>\n","protected":false},"author":10,"featured_media":2365,"comment_status":"open","ping_status":"open","sticky":false,"template":"","format":"standard","meta":{"_acf_changed":false,"_eb_attr":"","footnotes":""},"categories":[50],"tags":[],"class_list":["post-2415","post","type-post","status-publish","format-standard","has-post-thumbnail","hentry","category-exitos"],"acf":[],"aioseo_notices":[],"aioseo_head":"\n\t\t<!-- All in One SEO Pro 4.9.6.2 - aioseo.com -->\n\t<meta name=\"description\" content=\"Trabajando en la cocina de un restaurante franc\u00e9s de Washington D.C., pudo descubrir, valorar y exaltar el valor de las ra\u00edces artesanales del negocio familiar. Angel Ambrocio Abac est\u00e1 al frente de Momostip\u00e1n, una empresa familiar localizada en Momostenango, Totonicap\u00e1n, su pueblo de origen. Migr\u00f3 a EE.UU. en donde descubri\u00f3 algo que antes no valoraba\" \/>\n\t<meta name=\"robots\" content=\"max-snippet:-1, max-image-preview:large, max-video-preview:-1\" \/>\n\t<meta name=\"author\" content=\"SoyMigrante.com REVISTA\"\/>\n\t<link rel=\"canonical\" href=\"https:\/\/soymigrante.com\/revista\/angel-ambrocio-realiza-el-gran-sueno-de-volver-a-vivir-en-su-tierra-natal\/\" \/>\n\t<meta name=\"generator\" content=\"All in One SEO Pro (AIOSEO) 4.9.6.2\" \/>\n\n\t\t<link rel=\"preconnect\" href=\"https:\/\/fonts.googleapis.com\" crossorigin>\n<link rel=\"preconnect\" href=\"https:\/\/fonts.gstatic.com\" crossorigin>\n\t\t<meta property=\"og:locale\" content=\"es_ES\" \/>\n\t\t<meta property=\"og:site_name\" content=\"SoyMigrante.com REVISTA \u2013 Nuestra misi\u00f3n es reconocer y dignificar al migrante.\" \/>\n\t\t<meta property=\"og:type\" content=\"article\" \/>\n\t\t<meta property=\"og:title\" content=\"\u00c1ngel Ambrocio realiza el gran sue\u00f1o de volver a vivir en su Guatemala natal\" \/>\n\t\t<meta property=\"og:description\" content=\"Trabajando en la cocina de un restaurante franc\u00e9s de Washington D.C., pudo descubrir, valorar y exaltar el valor de las ra\u00edces artesanales del negocio familiar. Angel Ambrocio Abac est\u00e1 al frente de Momostip\u00e1n, una empresa familiar localizada en Momostenango, Totonicap\u00e1n, su pueblo de origen. Migr\u00f3 a EE.UU. en donde descubri\u00f3 algo que antes no valoraba\" \/>\n\t\t<meta property=\"og:url\" content=\"https:\/\/soymigrante.com\/revista\/angel-ambrocio-realiza-el-gran-sueno-de-volver-a-vivir-en-su-tierra-natal\/\" \/>\n\t\t<meta property=\"og:image\" content=\"https:\/\/soymigrante.com\/revista\/wp-content\/uploads\/2023\/03\/ANGEL-AMBROCIO-2016-FUEGO.webp\" \/>\n\t\t<meta property=\"og:image:secure_url\" content=\"https:\/\/soymigrante.com\/revista\/wp-content\/uploads\/2023\/03\/ANGEL-AMBROCIO-2016-FUEGO.webp\" \/>\n\t\t<meta property=\"og:image:width\" content=\"1920\" \/>\n\t\t<meta property=\"og:image:height\" content=\"1280\" \/>\n\t\t<meta property=\"article:published_time\" content=\"2023-05-26T08:13:12+00:00\" \/>\n\t\t<meta property=\"article:modified_time\" content=\"2024-11-01T16:00:58+00:00\" \/>\n\t\t<meta property=\"article:publisher\" content=\"https:\/\/www.facebook.com\/soymigrantecom\" \/>\n\t\t<meta name=\"twitter:card\" content=\"summary_large_image\" \/>\n\t\t<meta name=\"twitter:site\" content=\"@SoyMigrante_com\" \/>\n\t\t<meta name=\"twitter:title\" content=\"\u00c1ngel Ambrocio realiza el gran sue\u00f1o de volver a vivir en su Guatemala natal\" \/>\n\t\t<meta name=\"twitter:description\" content=\"Trabajando en la cocina de un restaurante franc\u00e9s de Washington D.C., pudo descubrir, valorar y exaltar el valor de las ra\u00edces artesanales del negocio familiar. Angel Ambrocio Abac est\u00e1 al frente de Momostip\u00e1n, una empresa familiar localizada en Momostenango, Totonicap\u00e1n, su pueblo de origen. Migr\u00f3 a EE.UU. en donde descubri\u00f3 algo que antes no valoraba\" \/>\n\t\t<meta name=\"twitter:creator\" content=\"@SoyMigrante_com\" \/>\n\t\t<meta name=\"twitter:image\" content=\"https:\/\/soymigrante.com\/revista\/wp-content\/uploads\/2023\/03\/ANGEL-AMBROCIO-2016-FUEGO.webp\" \/>\n\t\t<!-- All in One SEO Pro -->\r\n\t\t<title>\u00c1ngel Ambrocio realiza el gran sue\u00f1o de volver a vivir en su Guatemala natal<\/title>\n\n","aioseo_head_json":{"title":"\u00c1ngel Ambrocio realiza el gran sue\u00f1o de volver a vivir en su Guatemala natal","description":"Trabajando en la cocina de un restaurante franc\u00e9s de Washington D.C., pudo descubrir, valorar y exaltar el valor de las ra\u00edces artesanales del negocio familiar. Angel Ambrocio Abac est\u00e1 al frente de Momostip\u00e1n, una empresa familiar localizada en Momostenango, Totonicap\u00e1n, su pueblo de origen. Migr\u00f3 a EE.UU. en donde descubri\u00f3 algo que antes no valoraba","canonical_url":"https:\/\/soymigrante.com\/revista\/angel-ambrocio-realiza-el-gran-sueno-de-volver-a-vivir-en-su-tierra-natal\/","robots":"max-snippet:-1, max-image-preview:large, max-video-preview:-1","keywords":"","webmasterTools":{"miscellaneous":"&lt;link rel=\"preconnect\" href=\"https:\/\/fonts.googleapis.com\" crossorigin&gt;\n&lt;link rel=\"preconnect\" href=\"https:\/\/fonts.gstatic.com\" crossorigin&gt;"},"schema":null,"og:locale":"es_ES","og:site_name":"SoyMigrante.com REVISTA \u2013 Nuestra misi\u00f3n es reconocer y dignificar al migrante.","og:type":"article","og:title":"\u00c1ngel Ambrocio realiza el gran sue\u00f1o de volver a vivir en su Guatemala natal","og:description":"Trabajando en la cocina de un restaurante franc\u00e9s de Washington D.C., pudo descubrir, valorar y exaltar el valor de las ra\u00edces artesanales del negocio familiar. Angel Ambrocio Abac est\u00e1 al frente de Momostip\u00e1n, una empresa familiar localizada en Momostenango, Totonicap\u00e1n, su pueblo de origen. Migr\u00f3 a EE.UU. en donde descubri\u00f3 algo que antes no valoraba","og:url":"https:\/\/soymigrante.com\/revista\/angel-ambrocio-realiza-el-gran-sueno-de-volver-a-vivir-en-su-tierra-natal\/","og:image":"https:\/\/soymigrante.com\/revista\/wp-content\/uploads\/2023\/03\/ANGEL-AMBROCIO-2016-FUEGO.webp","og:image:secure_url":"https:\/\/soymigrante.com\/revista\/wp-content\/uploads\/2023\/03\/ANGEL-AMBROCIO-2016-FUEGO.webp","og:image:width":1920,"og:image:height":1280,"article:published_time":"2023-05-26T08:13:12+00:00","article:modified_time":"2024-11-01T16:00:58+00:00","article:publisher":"https:\/\/www.facebook.com\/soymigrantecom","twitter:card":"summary_large_image","twitter:site":"@SoyMigrante_com","twitter:title":"\u00c1ngel Ambrocio realiza el gran sue\u00f1o de volver a vivir en su Guatemala natal","twitter:description":"Trabajando en la cocina de un restaurante franc\u00e9s de Washington D.C., pudo descubrir, valorar y exaltar el valor de las ra\u00edces artesanales del negocio familiar. Angel Ambrocio Abac est\u00e1 al frente de Momostip\u00e1n, una empresa familiar localizada en Momostenango, Totonicap\u00e1n, su pueblo de origen. Migr\u00f3 a EE.UU. en donde descubri\u00f3 algo que antes no valoraba","twitter:creator":"@SoyMigrante_com","twitter:image":"https:\/\/soymigrante.com\/revista\/wp-content\/uploads\/2023\/03\/ANGEL-AMBROCIO-2016-FUEGO.webp"},"aioseo_meta_data":{"post_id":"2415","title":null,"description":"#post_excerpt Roldan Jos\u00e9 luce trajes de personajes de los bailes tradicionales de su natal Momostenango en Estados Unidos, es migrante guatemalteco orgullo de sus ra\u00edces.","keywords":[],"keyphrases":{"focus":{"keyphrase":"guatemalteco","score":69,"analysis":{"keyphraseInTitle":{"score":9,"maxScore":9,"error":0},"keyphraseInDescription":{"score":9,"maxScore":9,"error":0},"keyphraseLength":{"score":9,"maxScore":9,"error":0,"length":1},"keyphraseInURL":{"score":5,"maxScore":5,"error":0},"keyphraseInIntroduction":{"score":3,"maxScore":9,"error":1},"keyphraseInSubHeadings":{"score":3,"maxScore":9,"error":1},"keyphraseInImageAlt":{"score":9,"maxScore":9,"error":0},"keywordDensity":{"score":0,"type":"low","maxScore":9,"error":1}}},"additional":[]},"primary_term":null,"canonical_url":null,"og_title":null,"og_description":null,"og_object_type":"default","og_image_type":"default","og_image_url":null,"og_image_width":null,"og_image_height":null,"og_image_custom_url":null,"og_image_custom_fields":null,"og_video":"","og_custom_url":null,"og_article_section":null,"og_article_tags":[],"twitter_use_og":false,"twitter_card":"default","twitter_image_type":"default","twitter_image_url":null,"twitter_image_custom_url":null,"twitter_image_custom_fields":null,"twitter_title":null,"twitter_description":null,"schema":{"blockGraphs":[],"customGraphs":[],"default":{"data":{"Article":[],"Course":[],"Dataset":[],"FAQPage":[],"Movie":[],"Person":[],"Product":[],"ProductReview":[],"Car":[],"Recipe":[],"Service":[],"SoftwareApplication":[],"WebPage":[]},"graphName":"BlogPosting","isEnabled":true},"graphs":[]},"schema_type":"default","schema_type_options":null,"pillar_content":false,"robots_default":true,"robots_noindex":false,"robots_noarchive":false,"robots_nosnippet":false,"robots_nofollow":false,"robots_noimageindex":false,"robots_noodp":false,"robots_notranslate":false,"robots_max_snippet":"-1","robots_max_videopreview":"-1","robots_max_imagepreview":"large","priority":null,"frequency":"default","local_seo":null,"seo_analyzer_scan_date":"2025-10-08 20:21:30","breadcrumb_settings":null,"limit_modified_date":false,"reviewed_by":null,"open_ai":null,"ai":null,"created":"2023-09-01 18:42:13","updated":"2026-02-04 09:36:57"},"aioseo_breadcrumb":"<div class=\"aioseo-breadcrumbs\"><span class=\"aioseo-breadcrumb\">\n\t<a href=\"https:\/\/soymigrante.com\/revista\" title=\"Home\">Home<\/a>\n<\/span><span class=\"aioseo-breadcrumb-separator\">\u00bb<\/span><span class=\"aioseo-breadcrumb\">\n\t<a href=\"https:\/\/soymigrante.com\/revista\/category\/exitos\/\" title=\"\u00c9xitos\">\u00c9xitos<\/a>\n<\/span><span class=\"aioseo-breadcrumb-separator\">\u00bb<\/span><span class=\"aioseo-breadcrumb\">\n\tRold\u00e1n Jos\u00e9 es un  migrante guatemalteco orgulloso de ser mico bailador momosteco en NY\n<\/span><\/div>","aioseo_breadcrumb_json":[{"label":"Home","link":"https:\/\/soymigrante.com\/revista"},{"label":"\u00c9xitos","link":"https:\/\/soymigrante.com\/revista\/category\/exitos\/"},{"label":"Rold\u00e1n Jos\u00e9 es un  migrante guatemalteco orgulloso de ser mico bailador momosteco en NY","link":"https:\/\/soymigrante.com\/revista\/roldan-jose-es-un-migrante-guatemalteco-orgulloso-de-su-raiz-y-de-ser-un-mico-bailador\/"}],"_links":{"self":[{"href":"https:\/\/soymigrante.com\/revista\/wp-json\/wp\/v2\/posts\/2415","targetHints":{"allow":["GET"]}}],"collection":[{"href":"https:\/\/soymigrante.com\/revista\/wp-json\/wp\/v2\/posts"}],"about":[{"href":"https:\/\/soymigrante.com\/revista\/wp-json\/wp\/v2\/types\/post"}],"author":[{"embeddable":true,"href":"https:\/\/soymigrante.com\/revista\/wp-json\/wp\/v2\/users\/10"}],"replies":[{"embeddable":true,"href":"https:\/\/soymigrante.com\/revista\/wp-json\/wp\/v2\/comments?post=2415"}],"version-history":[{"count":3,"href":"https:\/\/soymigrante.com\/revista\/wp-json\/wp\/v2\/posts\/2415\/revisions"}],"predecessor-version":[{"id":31661,"href":"https:\/\/soymigrante.com\/revista\/wp-json\/wp\/v2\/posts\/2415\/revisions\/31661"}],"wp:featuredmedia":[{"embeddable":true,"href":"https:\/\/soymigrante.com\/revista\/wp-json\/wp\/v2\/media\/2365"}],"wp:attachment":[{"href":"https:\/\/soymigrante.com\/revista\/wp-json\/wp\/v2\/media?parent=2415"}],"wp:term":[{"taxonomy":"category","embeddable":true,"href":"https:\/\/soymigrante.com\/revista\/wp-json\/wp\/v2\/categories?post=2415"},{"taxonomy":"post_tag","embeddable":true,"href":"https:\/\/soymigrante.com\/revista\/wp-json\/wp\/v2\/tags?post=2415"}],"curies":[{"name":"wp","href":"https:\/\/api.w.org\/{rel}","templated":true}]}}