{"id":24053,"date":"2025-02-05T15:08:15","date_gmt":"2025-02-05T21:08:15","guid":{"rendered":"https:\/\/soymigrante.com\/revista\/?p=24053"},"modified":"2025-06-12T08:23:35","modified_gmt":"2025-06-12T14:23:35","slug":"ruta-volcanica-el-imponente-volcan-de-atitlan-historia-desafios-y-consejos-para-su-ascenso","status":"publish","type":"post","link":"https:\/\/soymigrante.com\/revista\/ruta-volcanica-el-imponente-volcan-de-atitlan-historia-desafios-y-consejos-para-su-ascenso\/","title":{"rendered":"El imponente volc\u00e1n de Atitl\u00e1n, historia, desaf\u00edos y consejos para su ascenso"},"content":{"rendered":"\t\t<div data-elementor-type=\"wp-post\" data-elementor-id=\"24053\" class=\"elementor elementor-24053\" data-elementor-post-type=\"post\">\n\t\t\t\t<div data-particle_enable=\"false\" data-particle-mobile-disabled=\"false\" class=\"elementor-element elementor-element-772ca61 e-flex e-con-boxed e-con e-parent\" data-id=\"772ca61\" data-element_type=\"container\" data-e-type=\"container\">\n\t\t\t\t\t<div class=\"e-con-inner\">\n\t\t\t\t<div class=\"elementor-element elementor-element-f07664b elementor-widget elementor-widget-heading\" data-id=\"f07664b\" data-element_type=\"widget\" data-e-type=\"widget\" data-widget_type=\"heading.default\">\n\t\t\t\t\t<h2 class=\"elementor-heading-title elementor-size-default\">El Volc\u00e1n de Atitl\u00e1n, un estratovolc\u00e1n activo que domina el paisaje del Lago de Atitl\u00e1n, es un destino codiciado por aventureros y amantes de la naturaleza. Descubre m\u00e1s sobre este coloso si entre tus planes est\u00e1 subirlo alguna vez en tu vida.<\/h2>\t\t\t\t<\/div>\n\t\t\t\t\t<\/div>\n\t\t\t\t<\/div>\n\t\t<div data-particle_enable=\"false\" data-particle-mobile-disabled=\"false\" class=\"elementor-element elementor-element-a0b9403 e-flex e-con-boxed e-con e-parent\" data-id=\"a0b9403\" data-element_type=\"container\" data-e-type=\"container\">\n\t\t\t\t\t<div class=\"e-con-inner\">\n\t\t\t\t<div class=\"elementor-element elementor-element-b72accb elementor-widget elementor-widget-text-editor\" data-id=\"b72accb\" data-element_type=\"widget\" data-e-type=\"widget\" data-widget_type=\"text-editor.default\">\n\t\t\t\t\t\t\t\t\t<p>Aunque su ascenso implica desaf\u00edos f\u00edsicos y log\u00edsticos, su riqueza cultural, mitos ancestrales y espectaculares panor\u00e1micas hacen que la experiencia valga la pena. As\u00ed es como se puede describir a este coloso\u00a0<\/p><p>Ubicado en el suroeste de Guatemala, el Volc\u00e1n de Atitl\u00e1n\u00a0<a href=\"https:\/\/soymigrante.com\/revista\/ruta-volcanica-el-acatenango-historia-rutas-de-ascenso-y-consejos-esenciales\/\" target=\"_blank\" rel=\"noopener\">es una de las cumbres m\u00e1s impresionantes del pa\u00eds,<\/a>\u00a0con 3,535 metros de altura y una historia geol\u00f3gica fascinante. Su ascenso es un reto para excursionistas debido a su pendiente pronunciada y variaciones clim\u00e1ticas, pero la recompensa es una vista inigualable\u00a0<a style=\"text-align: var(--text-align)\" href=\"https:\/\/soymigrante.com\/revista\/san-marcos-la-laguna-pueblos-del-lago-de-atitlan\/\" target=\"_blank\" rel=\"noopener\">del Lago de Atitl\u00e1n y sus alrededores.<\/a><\/p>\t\t\t\t\t\t\t\t<\/div>\n\t\t\t\t\t<\/div>\n\t\t\t\t<\/div>\n\t\t<div data-particle_enable=\"false\" data-particle-mobile-disabled=\"false\" class=\"elementor-element elementor-element-2cb8105 e-flex e-con-boxed e-con e-parent\" data-id=\"2cb8105\" data-element_type=\"container\" data-e-type=\"container\">\n\t\t\t\t\t<div class=\"e-con-inner\">\n\t\t\t\t<div class=\"elementor-element elementor-element-edbb87a elementor-widget elementor-widget-image\" data-id=\"edbb87a\" data-element_type=\"widget\" data-e-type=\"widget\" data-widget_type=\"image.default\">\n\t\t\t\t\t\t\t\t\t\t\t\t<figure class=\"wp-caption\">\n\t\t\t\t\t\t\t\t\t\t<img fetchpriority=\"high\" decoding=\"async\" width=\"541\" height=\"405\" src=\"https:\/\/soymigrante.com\/revista\/wp-content\/uploads\/2025\/02\/atitlan-getyourguides.webp\" class=\"attachment-large size-large wp-image-24113\" alt=\"Espectacular vista del volc\u00e1n y lago con cielo azul, en un paisaje natural en Guatemala, ideal para contenidos relacionados con naturaleza, turismo y migraci\u00f3n.\" srcset=\"https:\/\/soymigrante.com\/revista\/wp-content\/uploads\/2025\/02\/atitlan-getyourguides.webp 541w, https:\/\/soymigrante.com\/revista\/wp-content\/uploads\/2025\/02\/atitlan-getyourguides-300x225.jpg 300w\" sizes=\"(max-width: 541px) 100vw, 541px\" title=\"atitlan getyourguides \u2013 SoyMigrante.com REVISTA\" \/>\t\t\t\t\t\t\t\t\t\t\t<figcaption class=\"widget-image-caption wp-caption-text\">Disfruta de una impresionante vista del volc\u00e1n y lago en Guatemala, en un paisaje natural perfecto para art\u00edculos sobre viajes, migrantes y cultura en Am\u00e9rica Central.<\/figcaption>\n\t\t\t\t\t\t\t\t\t\t<\/figure>\n\t\t\t\t\t\t\t\t\t<\/div>\n\t\t\t\t\t<\/div>\n\t\t\t\t<\/div>\n\t\t<div data-particle_enable=\"false\" data-particle-mobile-disabled=\"false\" class=\"elementor-element elementor-element-9f1eff5 e-flex e-con-boxed e-con e-parent\" data-id=\"9f1eff5\" data-element_type=\"container\" data-e-type=\"container\">\n\t\t\t\t\t<div class=\"e-con-inner\">\n\t\t\t\t<div class=\"elementor-element elementor-element-34ad42a elementor-widget elementor-widget-heading\" data-id=\"34ad42a\" data-element_type=\"widget\" data-e-type=\"widget\" data-widget_type=\"heading.default\">\n\t\t\t\t\t<h3 class=\"elementor-heading-title elementor-size-default\">\u00bfSab\u00edas que el Atitl\u00e1n es parte de un arco volc\u00e1nico?<\/h3>\t\t\t\t<\/div>\n\t\t\t\t\t<\/div>\n\t\t\t\t<\/div>\n\t\t<div data-particle_enable=\"false\" data-particle-mobile-disabled=\"false\" class=\"elementor-element elementor-element-070155b e-flex e-con-boxed e-con e-parent\" data-id=\"070155b\" data-element_type=\"container\" data-e-type=\"container\">\n\t\t\t\t\t<div class=\"e-con-inner\">\n\t\t\t\t<div class=\"elementor-element elementor-element-6a04250 elementor-widget elementor-widget-text-editor\" data-id=\"6a04250\" data-element_type=\"widget\" data-e-type=\"widget\" data-widget_type=\"text-editor.default\">\n\t\t\t\t\t\t\t\t\t<p>Este estratovolc\u00e1n se sit\u00faa cerca de localidades como Santiago Atitl\u00e1n y San Lucas Tolim\u00e1n, siendo\u00a0<a href=\"https:\/\/soymigrante.com\/revista\/chiabal-conecta-cultura-y-naturaleza-en-lo-alto-de-los-cuchumatanes\/\" target=\"_blank\" rel=\"noopener\">un punto de referencia geogr\u00e1fico\u00a0<\/a>y cultural en la regi\u00f3n. Su proximidad al lago y a estas comunidades lo convierte en un destino popular para turistas y monta\u00f1istas.<\/p><p>Forma parte del Arco Volc\u00e1nico Centroamericano, una cadena de volcanes que se extiende a lo largo de la costa occidental de Am\u00e9rica Central. Junto con los volcanes Tolim\u00e1n y San Pedro, crea un paisaje impresionante alrededor del lago.<\/p>\t\t\t\t\t\t\t\t<\/div>\n\t\t\t\t\t<\/div>\n\t\t\t\t<\/div>\n\t\t<div data-particle_enable=\"false\" data-particle-mobile-disabled=\"false\" class=\"elementor-element elementor-element-5c4cdd3 e-flex e-con-boxed e-con e-parent\" data-id=\"5c4cdd3\" data-element_type=\"container\" data-e-type=\"container\">\n\t\t\t\t\t<div class=\"e-con-inner\">\n\t\t\t\t<div class=\"elementor-element elementor-element-09e5e72 elementor-invisible elementor-widget elementor-widget-facebook-embed\" data-id=\"09e5e72\" data-element_type=\"widget\" data-e-type=\"widget\" data-settings=\"{&quot;_animation&quot;:&quot;zoomInDown&quot;}\" data-widget_type=\"facebook-embed.default\">\n\t\t\t\t\t<div style=\"min-height: 1px\" class=\"elementor-facebook-widget fb-post\" data-href=\"https:\/\/www.facebook.com\/photo?fbid=620209220659767&#038;set=pcb.620211943992828\" data-show-text=\"false\"><\/div>\t\t\t\t<\/div>\n\t\t\t\t\t<\/div>\n\t\t\t\t<\/div>\n\t\t<div data-particle_enable=\"false\" data-particle-mobile-disabled=\"false\" class=\"elementor-element elementor-element-50d768f e-flex e-con-boxed e-con e-parent\" data-id=\"50d768f\" data-element_type=\"container\" data-e-type=\"container\">\n\t\t\t\t\t<div class=\"e-con-inner\">\n\t\t\t\t<div class=\"elementor-element elementor-element-d15de8e elementor-widget elementor-widget-heading\" data-id=\"d15de8e\" data-element_type=\"widget\" data-e-type=\"widget\" data-widget_type=\"heading.default\">\n\t\t\t\t\t<h3 class=\"elementor-heading-title elementor-size-default\">\u00bfSabes cu\u00e1ndo fue la \u00faltima vez que hizo erupci\u00f3n?<\/h3>\t\t\t\t<\/div>\n\t\t\t\t\t<\/div>\n\t\t\t\t<\/div>\n\t\t<div data-particle_enable=\"false\" data-particle-mobile-disabled=\"false\" class=\"elementor-element elementor-element-be9e593 e-flex e-con-boxed e-con e-parent\" data-id=\"be9e593\" data-element_type=\"container\" data-e-type=\"container\">\n\t\t\t\t\t<div class=\"e-con-inner\">\n\t\t\t\t<div class=\"elementor-element elementor-element-1f71ef1 elementor-widget elementor-widget-text-editor\" data-id=\"1f71ef1\" data-element_type=\"widget\" data-e-type=\"widget\" data-widget_type=\"text-editor.default\">\n\t\t\t\t\t\t\t\t\t<p>Con una altura de 3,535 metros sobre el nivel del mar, el volc\u00e1n de Atitl\u00e1n es el m\u00e1s elevado de los\u00a0<a href=\"https:\/\/soymigrante.com\/revista\/sabias-que-bajo-las-aguas-del-lago-atitlan-esta-el-sitio-maya-samabaj\/\" target=\"_blank\" rel=\"noopener\">que rodean el lago de Atitl\u00e1n.<\/a>\u00a0Es un estratovolc\u00e1n, compuesto por capas de lava y ceniza, lo que le confiere su forma c\u00f3nica caracter\u00edstica.<\/p><p>Hist\u00f3ricamente, ha registrado m\u00e1s de una docena de erupciones entre 1469 y 1853, siendo esta \u00faltima la m\u00e1s reciente. Estas actividades volc\u00e1nicas han moldeado el paisaje circundante y han influido en la geolog\u00eda de la regi\u00f3n.<\/p>\t\t\t\t\t\t\t\t<\/div>\n\t\t\t\t\t<\/div>\n\t\t\t\t<\/div>\n\t\t<div data-particle_enable=\"false\" data-particle-mobile-disabled=\"false\" class=\"elementor-element elementor-element-b9bc22a e-flex e-con-boxed e-con e-parent\" data-id=\"b9bc22a\" data-element_type=\"container\" data-e-type=\"container\">\n\t\t\t\t\t<div class=\"e-con-inner\">\n\t\t\t\t<div class=\"elementor-element elementor-element-e78a64d elementor-widget elementor-widget-image\" data-id=\"e78a64d\" data-element_type=\"widget\" data-e-type=\"widget\" data-widget_type=\"image.default\">\n\t\t\t\t\t\t\t\t\t\t\t\t<figure class=\"wp-caption\">\n\t\t\t\t\t\t\t\t\t\t<img decoding=\"async\" width=\"768\" height=\"768\" src=\"https:\/\/soymigrante.com\/revista\/wp-content\/uploads\/2025\/02\/atitla-arco-volcanico-1024x1024.jpg\" class=\"attachment-large size-large wp-image-24120\" alt=\"Paisaje monta\u00f1oso con nubes, volc\u00e1n y lago en el fondo en color intenso y din\u00e1mico, ideal para destacar en contenido sobre naturaleza, viajes y migraci\u00f3n en M\u00e9xico y Latinoam\u00e9rica.\" srcset=\"https:\/\/soymigrante.com\/revista\/wp-content\/uploads\/2025\/02\/atitla-arco-volcanico-1024x1024.jpg 1024w, https:\/\/soymigrante.com\/revista\/wp-content\/uploads\/2025\/02\/atitla-arco-volcanico-300x300.jpg 300w, https:\/\/soymigrante.com\/revista\/wp-content\/uploads\/2025\/02\/atitla-arco-volcanico-150x150.jpg 150w, https:\/\/soymigrante.com\/revista\/wp-content\/uploads\/2025\/02\/atitla-arco-volcanico-768x768.jpg 768w, https:\/\/soymigrante.com\/revista\/wp-content\/uploads\/2025\/02\/atitla-arco-volcanico-75x75.webp 75w, https:\/\/soymigrante.com\/revista\/wp-content\/uploads\/2025\/02\/atitla-arco-volcanico-750x750.webp 750w, https:\/\/soymigrante.com\/revista\/wp-content\/uploads\/2025\/02\/atitla-arco-volcanico-1140x1140.webp 1140w, https:\/\/soymigrante.com\/revista\/wp-content\/uploads\/2025\/02\/atitla-arco-volcanico.webp 1440w\" sizes=\"(max-width: 768px) 100vw, 768px\" title=\"atitla arco volcanico \u2013 SoyMigrante.com REVISTA\" \/>\t\t\t\t\t\t\t\t\t\t\t<figcaption class=\"widget-image-caption wp-caption-text\">Hermoso paisaje de monta\u00f1a con volc\u00e1n y lago, perfecto para ilustrar art\u00edculos sobre naturaleza, viajes y migraci\u00f3n en M\u00e9xico y Latinoam\u00e9rica.<\/figcaption>\n\t\t\t\t\t\t\t\t\t\t<\/figure>\n\t\t\t\t\t\t\t\t\t<\/div>\n\t\t\t\t\t<\/div>\n\t\t\t\t<\/div>\n\t\t<div data-particle_enable=\"false\" data-particle-mobile-disabled=\"false\" class=\"elementor-element elementor-element-2ef1f43 e-flex e-con-boxed e-con e-parent\" data-id=\"2ef1f43\" data-element_type=\"container\" data-e-type=\"container\">\n\t\t\t\t\t<div class=\"e-con-inner\">\n\t\t\t\t<div class=\"elementor-element elementor-element-0b1fe26 elementor-widget elementor-widget-heading\" data-id=\"0b1fe26\" data-element_type=\"widget\" data-e-type=\"widget\" data-widget_type=\"heading.default\">\n\t\t\t\t\t<h3 class=\"elementor-heading-title elementor-size-default\">\u00bfPor qu\u00e9 este coloso puede ser dificultoso para subirlo?<\/h3>\t\t\t\t<\/div>\n\t\t\t\t\t<\/div>\n\t\t\t\t<\/div>\n\t\t<div data-particle_enable=\"false\" data-particle-mobile-disabled=\"false\" class=\"elementor-element elementor-element-5d5dac8 e-flex e-con-boxed e-con e-parent\" data-id=\"5d5dac8\" data-element_type=\"container\" data-e-type=\"container\">\n\t\t\t\t\t<div class=\"e-con-inner\">\n\t\t\t\t<div class=\"elementor-element elementor-element-c94aedc elementor-widget elementor-widget-text-editor\" data-id=\"c94aedc\" data-element_type=\"widget\" data-e-type=\"widget\" data-widget_type=\"text-editor.default\">\n\t\t\t\t\t\t\t\t\t<p>El ascenso al volc\u00e1n de Atitl\u00e1n es considerado uno de los m\u00e1s desafiantes en Guatemala. La ruta es empinada y atraviesa diversos ecosistemas, desde bosques densos hasta zonas rocosas y expuestas cerca de la cumbre. La pendiente pronunciada y la altitud pueden presentar retos significativos para los excursionistas.<\/p><p>Adem\u00e1s, las condiciones clim\u00e1ticas pueden variar r\u00e1pidamente, con temperaturas m\u00e1s fr\u00edas y vientos fuertes en las elevaciones superiores. Es esencial estar bien preparado f\u00edsicamente y contar con el equipo adecuado para enfrentar estos desaf\u00edos.<\/p>\t\t\t\t\t\t\t\t<\/div>\n\t\t\t\t\t<\/div>\n\t\t\t\t<\/div>\n\t\t<div data-particle_enable=\"false\" data-particle-mobile-disabled=\"false\" class=\"elementor-element elementor-element-ad3efa7 e-flex e-con-boxed e-con e-parent\" data-id=\"ad3efa7\" data-element_type=\"container\" data-e-type=\"container\">\n\t\t\t\t\t<div class=\"e-con-inner\">\n\t\t\t\t<div class=\"elementor-element elementor-element-a6cf5ba elementor-widget elementor-widget-video\" data-id=\"a6cf5ba\" data-element_type=\"widget\" data-e-type=\"widget\" data-settings=\"{&quot;youtube_url&quot;:&quot;https:\\\/\\\/www.youtube.com\\\/watch?v=1j6uwBMNHAQ&quot;,&quot;video_type&quot;:&quot;youtube&quot;,&quot;controls&quot;:&quot;yes&quot;}\" data-widget_type=\"video.default\">\n\t\t\t\t\t\t\t<div class=\"elementor-wrapper elementor-open-inline\">\n\t\t\t<div class=\"elementor-video\"><\/div>\t\t<\/div>\n\t\t\t\t\t\t<\/div>\n\t\t\t\t\t<\/div>\n\t\t\t\t<\/div>\n\t\t<div data-particle_enable=\"false\" data-particle-mobile-disabled=\"false\" class=\"elementor-element elementor-element-96058c0 e-flex e-con-boxed e-con e-parent\" data-id=\"96058c0\" data-element_type=\"container\" data-e-type=\"container\">\n\t\t\t\t\t<div class=\"e-con-inner\">\n\t\t\t\t<div class=\"elementor-element elementor-element-90a23be elementor-widget elementor-widget-heading\" data-id=\"90a23be\" data-element_type=\"widget\" data-e-type=\"widget\" data-widget_type=\"heading.default\">\n\t\t\t\t\t<h3 class=\"elementor-heading-title elementor-size-default\">\u00bfCu\u00e1l es la comunidad ind\u00edgena que habita en las faldas del volc\u00e1n?<\/h3>\t\t\t\t<\/div>\n\t\t\t\t\t<\/div>\n\t\t\t\t<\/div>\n\t\t<div data-particle_enable=\"false\" data-particle-mobile-disabled=\"false\" class=\"elementor-element elementor-element-644c600 e-flex e-con-boxed e-con e-parent\" data-id=\"644c600\" data-element_type=\"container\" data-e-type=\"container\">\n\t\t\t\t\t<div class=\"e-con-inner\">\n\t\t\t\t<div class=\"elementor-element elementor-element-0ea05d5 elementor-widget elementor-widget-text-editor\" data-id=\"0ea05d5\" data-element_type=\"widget\" data-e-type=\"widget\" data-widget_type=\"text-editor.default\">\n\t\t\t\t\t\t\t\t\t<p>Las faldas del volc\u00e1n de Atitl\u00e1n han sido habitadas por comunidades ind\u00edgenas,\u00a0<a href=\"https:\/\/soymigrante.com\/revista\/san-pablo-la-laguna-tradicion-historia-y-encanto-del-pueblo-tzutujil\/\" target=\"_blank\" rel=\"noopener\">principalmente de la etnia Tz&#8217;utujil, durante siglos.<\/a>\u00a0Estas comunidades han desarrollado una relaci\u00f3n simbi\u00f3tica con el volc\u00e1n, integr\u00e1ndolo en sus pr\u00e1cticas agr\u00edcolas, culturales y espirituales.<\/p><p>La fertilidad de los suelos volc\u00e1nicos ha permitido el cultivo de diversas plantas, y el volc\u00e1n ha sido una fuente de recursos naturales. Sin embargo, tambi\u00e9n ha representado una amenaza debido a sus erupciones hist\u00f3ricas, lo que ha influido en los patrones de asentamiento y en la cultura local.<\/p>\t\t\t\t\t\t\t\t<\/div>\n\t\t\t\t\t<\/div>\n\t\t\t\t<\/div>\n\t\t<div data-particle_enable=\"false\" data-particle-mobile-disabled=\"false\" class=\"elementor-element elementor-element-637b455 e-flex e-con-boxed e-con e-parent\" data-id=\"637b455\" data-element_type=\"container\" data-e-type=\"container\">\n\t\t\t\t\t<div class=\"e-con-inner\">\n\t\t\t\t<div class=\"elementor-element elementor-element-ae9413c elementor-widget elementor-widget-heading\" data-id=\"ae9413c\" data-element_type=\"widget\" data-e-type=\"widget\" data-widget_type=\"heading.default\">\n\t\t\t\t\t<h3 class=\"elementor-heading-title elementor-size-default\">\u00bfCu\u00e1l es la comunidad ind\u00edgena que habita en las faldas del volc\u00e1n?<\/h3>\t\t\t\t<\/div>\n\t\t\t\t\t<\/div>\n\t\t\t\t<\/div>\n\t\t<div data-particle_enable=\"false\" data-particle-mobile-disabled=\"false\" class=\"elementor-element elementor-element-4ca3919 e-flex e-con-boxed e-con e-parent\" data-id=\"4ca3919\" data-element_type=\"container\" data-e-type=\"container\">\n\t\t\t\t\t<div class=\"e-con-inner\">\n\t\t\t\t<div class=\"elementor-element elementor-element-2c4503a elementor-widget elementor-widget-text-editor\" data-id=\"2c4503a\" data-element_type=\"widget\" data-e-type=\"widget\" data-widget_type=\"text-editor.default\">\n\t\t\t\t\t\t\t\t\t<p>El volc\u00e1n de Atitl\u00e1n est\u00e1 profundamente arraigado en la cosmovisi\u00f3n de las comunidades locales. Seg\u00fan la tradici\u00f3n oral, se le atribuyen cualidades sagradas y se le considera la morada de esp\u00edritus protectores.<\/p><p>Una leyenda popular narra que el volc\u00e1n es el guardi\u00e1n del lago y de los pueblos circundantes, protegi\u00e9ndolos de desastres naturales y otras calamidades. Estas historias reflejan\u00a0<a href=\"https:\/\/soymigrante.com\/revista\/santa-catarina-palopo-modelo-de-turismo-sostenible-y-de-estancia-encantadora\/\" target=\"_blank\" rel=\"noopener\">la profunda conexi\u00f3n entre la poblaci\u00f3n local y el volc\u00e1n,\u00a0<\/a>y c\u00f3mo este ha influido en su identidad cultural.<\/p>\t\t\t\t\t\t\t\t<\/div>\n\t\t\t\t\t<\/div>\n\t\t\t\t<\/div>\n\t\t<div data-particle_enable=\"false\" data-particle-mobile-disabled=\"false\" class=\"elementor-element elementor-element-493e39f e-flex e-con-boxed e-con e-parent\" data-id=\"493e39f\" data-element_type=\"container\" data-e-type=\"container\">\n\t\t\t\t\t<div class=\"e-con-inner\">\n\t\t\t\t<div class=\"elementor-element elementor-element-0e3ff59 elementor-widget elementor-widget-video\" data-id=\"0e3ff59\" data-element_type=\"widget\" data-e-type=\"widget\" data-settings=\"{&quot;youtube_url&quot;:&quot;https:\\\/\\\/www.youtube.com\\\/watch?v=sa2aj4hRewc&quot;,&quot;video_type&quot;:&quot;youtube&quot;,&quot;controls&quot;:&quot;yes&quot;}\" data-widget_type=\"video.default\">\n\t\t\t\t\t\t\t<div class=\"elementor-wrapper elementor-open-inline\">\n\t\t\t<div class=\"elementor-video\"><\/div>\t\t<\/div>\n\t\t\t\t\t\t<\/div>\n\t\t\t\t\t<\/div>\n\t\t\t\t<\/div>\n\t\t<div data-particle_enable=\"false\" data-particle-mobile-disabled=\"false\" class=\"elementor-element elementor-element-772e2f1 e-flex e-con-boxed e-con e-parent\" data-id=\"772e2f1\" data-element_type=\"container\" data-e-type=\"container\">\n\t\t\t\t\t<div class=\"e-con-inner\">\n\t\t\t\t<div class=\"elementor-element elementor-element-45e18c3 elementor-widget elementor-widget-heading\" data-id=\"45e18c3\" data-element_type=\"widget\" data-e-type=\"widget\" data-widget_type=\"heading.default\">\n\t\t\t\t\t<h3 class=\"elementor-heading-title elementor-size-default\">\u00bfSabes qu\u00e9 accesos hay para subir el Atitl\u00e1n?<\/h3>\t\t\t\t<\/div>\n\t\t\t\t\t<\/div>\n\t\t\t\t<\/div>\n\t\t<div data-particle_enable=\"false\" data-particle-mobile-disabled=\"false\" class=\"elementor-element elementor-element-66aa521 e-flex e-con-boxed e-con e-parent\" data-id=\"66aa521\" data-element_type=\"container\" data-e-type=\"container\">\n\t\t\t\t\t<div class=\"e-con-inner\">\n\t\t\t\t<div class=\"elementor-element elementor-element-8cb32de elementor-widget elementor-widget-text-editor\" data-id=\"8cb32de\" data-element_type=\"widget\" data-e-type=\"widget\" data-widget_type=\"text-editor.default\">\n\t\t\t\t\t\t\t\t\t<p>Existen varias rutas para ascender al Volc\u00e1n de Atitl\u00e1n, siendo las m\u00e1s comunes las que parten desde Santiago Atitl\u00e1n y San Lucas Tolim\u00e1n. Desde Santiago Atitl\u00e1n, el sendero\u00a0<a href=\"https:\/\/soymigrante.com\/revista\/torrons-cafe-y-chocolate-sabores-unicos-de-un-sueno-emprendedor\/\" target=\"_blank\" rel=\"noopener\">atraviesa plantaciones de caf\u00e9\u00a0<\/a>y bosques densos antes de llegar a la cumbre.<\/p><p>Otra ruta popular inicia en San Lucas Tolim\u00e1n, ofreciendo vistas panor\u00e1micas del lago y los volcanes vecinos durante el ascenso. Es recomendable contar con un gu\u00eda local experimentado para garantizar una experiencia segura y enriquecedora.<\/p>\t\t\t\t\t\t\t\t<\/div>\n\t\t\t\t\t<\/div>\n\t\t\t\t<\/div>\n\t\t<div data-particle_enable=\"false\" data-particle-mobile-disabled=\"false\" class=\"elementor-element elementor-element-d65780d e-flex e-con-boxed e-con e-parent\" data-id=\"d65780d\" data-element_type=\"container\" data-e-type=\"container\">\n\t\t\t\t\t<div class=\"e-con-inner\">\n\t\t\t\t<div class=\"elementor-element elementor-element-d2ad234 elementor-widget elementor-widget-video\" data-id=\"d2ad234\" data-element_type=\"widget\" data-e-type=\"widget\" data-settings=\"{&quot;youtube_url&quot;:&quot;https:\\\/\\\/www.youtube.com\\\/watch?v=Wx43DX9NFgo&quot;,&quot;video_type&quot;:&quot;youtube&quot;,&quot;controls&quot;:&quot;yes&quot;}\" data-widget_type=\"video.default\">\n\t\t\t\t\t\t\t<div class=\"elementor-wrapper elementor-open-inline\">\n\t\t\t<div class=\"elementor-video\"><\/div>\t\t<\/div>\n\t\t\t\t\t\t<\/div>\n\t\t\t\t\t<\/div>\n\t\t\t\t<\/div>\n\t\t<div data-particle_enable=\"false\" data-particle-mobile-disabled=\"false\" class=\"elementor-element elementor-element-13c9409 e-flex e-con-boxed e-con e-parent\" data-id=\"13c9409\" data-element_type=\"container\" data-e-type=\"container\">\n\t\t\t\t\t<div class=\"e-con-inner\">\n\t\t\t\t<div class=\"elementor-element elementor-element-8f6276e elementor-widget elementor-widget-heading\" data-id=\"8f6276e\" data-element_type=\"widget\" data-e-type=\"widget\" data-widget_type=\"heading.default\">\n\t\t\t\t\t<h3 class=\"elementor-heading-title elementor-size-default\">Sigue estas recomendacines:<\/h3>\t\t\t\t<\/div>\n\t\t\t\t\t<\/div>\n\t\t\t\t<\/div>\n\t\t<div data-particle_enable=\"false\" data-particle-mobile-disabled=\"false\" class=\"elementor-element elementor-element-61fcc5f e-flex e-con-boxed e-con e-parent\" data-id=\"61fcc5f\" data-element_type=\"container\" data-e-type=\"container\">\n\t\t\t\t\t<div class=\"e-con-inner\">\n\t\t\t\t<div class=\"elementor-element elementor-element-5aecf73 elementor-widget elementor-widget-text-editor\" data-id=\"5aecf73\" data-element_type=\"widget\" data-e-type=\"widget\" data-widget_type=\"text-editor.default\">\n\t\t\t\t\t\t\t\t\t<ul>\n<li>Preparaci\u00f3n F\u00edsica:<a href=\"https:\/\/soymigrante.com\/revista\/pensando-en-escalar-algun-volcan-de-guatemala-consejos-para-una-buena-experiencia\/\" target=\"_blank\"> Debido a la exigencia del ascenso,<\/a>&nbsp;es aconsejable estar en buena condici\u00f3n f\u00edsica y haber realizado caminatas previas en terrenos similares.<\/li>\n<li>Equipo adecuado: Llevar ropa y calzado apropiados para senderismo, protecci\u00f3n contra la lluvia y el fr\u00edo, as\u00ed como suficiente agua y alimentos energ\u00e9ticos.<\/li>\n<li>Gu\u00eda local: Contratar a un gu\u00eda con experiencia en la zona puede mejorar la seguridad y proporcionar informaci\u00f3n valiosa sobre la flora, fauna y cultura local.<\/li>\n<li>Condiciones clim\u00e1ticas: Consultar el pron\u00f3stico del tiempo antes del ascenso y estar preparado para cambios repentinos en las condiciones meteorol\u00f3gicas.<\/li>\n<li>Respeto al entorno: Seguir las pr\u00e1cticas de &#8220;No Dejar Rastro&#8221;, respetando la naturaleza y las comunidades locales durante la caminata.<\/li>\n<\/ul>\n<p>Con informaci\u00f3n del Inguat, GuateValley, Volcano Discovery y Atitl\u00e1n Reserva.<\/p>\t\t\t\t\t\t\t\t<\/div>\n\t\t\t\t\t<\/div>\n\t\t\t\t<\/div>\n\t\t<div data-particle_enable=\"false\" data-particle-mobile-disabled=\"false\" class=\"elementor-element elementor-element-3bcdef3 e-flex e-con-boxed e-con e-parent\" data-id=\"3bcdef3\" data-element_type=\"container\" data-e-type=\"container\">\n\t\t\t\t\t<div class=\"e-con-inner\">\n\t\t\t\t<div class=\"elementor-element elementor-element-37b5920 elementor-widget elementor-widget-heading\" data-id=\"37b5920\" data-element_type=\"widget\" data-e-type=\"widget\" data-widget_type=\"heading.default\">\n\t\t\t\t\t<h2 class=\"elementor-heading-title elementor-size-default\">Lee estas recomendaciones...<\/h2>\t\t\t\t<\/div>\n\t\t\t\t\t<\/div>\n\t\t\t\t<\/div>\n\t\t<div data-particle_enable=\"false\" data-particle-mobile-disabled=\"false\" class=\"elementor-element elementor-element-4a4d5d1 e-flex e-con-boxed e-con e-parent\" data-id=\"4a4d5d1\" data-element_type=\"container\" data-e-type=\"container\">\n\t\t\t\t\t<div class=\"e-con-inner\">\n\t\t\t\t<div class=\"elementor-element elementor-element-df7818c elementor-grid-eael-col-3 elementor-grid-tablet-eael-col-2 elementor-grid-mobile-eael-col-1 elementor-widget elementor-widget-eael-post-grid\" data-id=\"df7818c\" data-element_type=\"widget\" data-e-type=\"widget\" data-settings=\"{&quot;eael_post_grid_columns&quot;:&quot;eael-col-3&quot;,&quot;eael_post_grid_columns_tablet&quot;:&quot;eael-col-2&quot;,&quot;eael_post_grid_columns_mobile&quot;:&quot;eael-col-1&quot;}\" data-widget_type=\"eael-post-grid.default\">\n\t\t\t\t\t<div id=\"eael-post-grid-df7818c\" class=\"eael-post-grid-container\">\n            <div class=\"eael-post-grid eael-post-appender eael-post-appender-df7818c eael-post-grid-style-one\" data-layout-mode=\"masonry\"><article class=\"eael-grid-post  eael-post-grid-column eael-pg-post-21994 category-guate-nuestra tags-volcanes-de-guatemala\" data-id=\"21994\">\n        <div class=\"eael-grid-post-holder\">\n            <div class=\"eael-grid-post-holder-inner\"><div class=\"eael-entry-media\"><div class=\"eael-entry-overlay fade-in\"><i class=\"far fa-hand-pointer\" aria-hidden=\"true\"><\/i><a href=\"https:\/\/soymigrante.com\/revista\/ruta-volcanica-el-acatenango-historia-rutas-de-ascenso-y-consejos-esenciales\/\"><\/a><\/div><div class=\"eael-entry-thumbnail \">\n                <img decoding=\"async\" width=\"890\" height=\"890\" src=\"https:\/\/soymigrante.com\/revista\/wp-content\/uploads\/2025\/01\/Acatenango-abel-1.webp\" class=\"attachment-large size-large wp-image-22037\" alt=\"Mexico, volc\u00e1n Popocat\u00e9petl, atardecer en las nubes, imagen espectacular, fotograf\u00eda de paisaje, vista a\u00e9rea, naturaleza, volc\u00e1n activo, cielo colorido, amanecer, paisaje volc\u00e1nico, fen\u00f3menos naturales, turismo en M\u00e9xico, paisaje internacional.\" srcset=\"https:\/\/soymigrante.com\/revista\/wp-content\/uploads\/2025\/01\/Acatenango-abel-1.webp 890w, https:\/\/soymigrante.com\/revista\/wp-content\/uploads\/2025\/01\/Acatenango-abel-1-300x300.jpg 300w, https:\/\/soymigrante.com\/revista\/wp-content\/uploads\/2025\/01\/Acatenango-abel-1-150x150.jpg 150w, https:\/\/soymigrante.com\/revista\/wp-content\/uploads\/2025\/01\/Acatenango-abel-1-768x768.jpg 768w, https:\/\/soymigrante.com\/revista\/wp-content\/uploads\/2025\/01\/Acatenango-abel-1-75x75.webp 75w, https:\/\/soymigrante.com\/revista\/wp-content\/uploads\/2025\/01\/Acatenango-abel-1-750x750.webp 750w\" sizes=\"(max-width: 890px) 100vw, 890px\" \/>\n            <\/div>\n        <\/div><div class=\"eael-entry-wrapper\"><header class=\"eael-entry-header\"><h2 class=\"eael-entry-title\"><a class=\"eael-grid-post-link\" href=\"https:\/\/soymigrante.com\/revista\/ruta-volcanica-el-acatenango-historia-rutas-de-ascenso-y-consejos-esenciales\/\" title=\"Ruta volc\u00e1nica: El Acatenango, historia, rutas de ascenso y consejos esenciales\">Ruta volc\u00e1nica: El Acatenango, historia, rutas de ascenso y consejos esenciales<\/a><\/h2><\/header><div class=\"eael-entry-content\">\n                        <div class=\"eael-grid-post-excerpt\"><a href=\"https:\/\/soymigrante.com\/revista\/ruta-volcanica-el-acatenango-historia-rutas-de-ascenso-y-consejos-esenciales\/\" class=\"eael-post-elements-readmore-btn\">CONOCE SU HISTORIA <\/a><\/div>\n                    <\/div><\/div><\/div>\n        <\/div>\n    <\/article><article class=\"eael-grid-post  eael-post-grid-column eael-pg-post-21370 category-guate-nuestra tags-volcanes-de-guatemala\" data-id=\"21370\">\n        <div class=\"eael-grid-post-holder\">\n            <div class=\"eael-grid-post-holder-inner\"><div class=\"eael-entry-media\"><div class=\"eael-entry-overlay fade-in\"><i class=\"far fa-hand-pointer\" aria-hidden=\"true\"><\/i><a href=\"https:\/\/soymigrante.com\/revista\/pensando-en-escalar-algun-volcan-de-guatemala-consejos-para-una-buena-experiencia\/\"><\/a><\/div><div class=\"eael-entry-thumbnail \">\n                <img loading=\"lazy\" decoding=\"async\" width=\"893\" height=\"893\" src=\"https:\/\/soymigrante.com\/revista\/wp-content\/uploads\/2025\/01\/escalar-volcanes-foto-Envato.webp\" class=\"attachment-large size-large wp-image-23544\" alt=\"Exploradora caminando en una monta\u00f1a volc\u00e1nica con equipo de senderismo, representando aventura y superaci\u00f3n.\" srcset=\"https:\/\/soymigrante.com\/revista\/wp-content\/uploads\/2025\/01\/escalar-volcanes-foto-Envato.webp 893w, https:\/\/soymigrante.com\/revista\/wp-content\/uploads\/2025\/01\/escalar-volcanes-foto-Envato-300x300.png 300w, https:\/\/soymigrante.com\/revista\/wp-content\/uploads\/2025\/01\/escalar-volcanes-foto-Envato-150x150.png 150w, https:\/\/soymigrante.com\/revista\/wp-content\/uploads\/2025\/01\/escalar-volcanes-foto-Envato-768x768.png 768w, https:\/\/soymigrante.com\/revista\/wp-content\/uploads\/2025\/01\/escalar-volcanes-foto-Envato-75x75.webp 75w, https:\/\/soymigrante.com\/revista\/wp-content\/uploads\/2025\/01\/escalar-volcanes-foto-Envato-750x750.webp 750w\" sizes=\"(max-width: 893px) 100vw, 893px\" \/>\n            <\/div>\n        <\/div><div class=\"eael-entry-wrapper\"><header class=\"eael-entry-header\"><h2 class=\"eael-entry-title\"><a class=\"eael-grid-post-link\" href=\"https:\/\/soymigrante.com\/revista\/pensando-en-escalar-algun-volcan-de-guatemala-consejos-para-una-buena-experiencia\/\" title=\"\u00bfPensando en escalar alg\u00fan volc\u00e1n de Guatemala? Consejos para  una buena experiencia\">\u00bfPensando en escalar alg\u00fan volc\u00e1n de Guatemala? Consejos para  una buena experiencia<\/a><\/h2><\/header><div class=\"eael-entry-content\">\n                        <div class=\"eael-grid-post-excerpt\"><a href=\"https:\/\/soymigrante.com\/revista\/pensando-en-escalar-algun-volcan-de-guatemala-consejos-para-una-buena-experiencia\/\" class=\"eael-post-elements-readmore-btn\">CONOCE SU HISTORIA <\/a><\/div>\n                    <\/div><\/div><\/div>\n        <\/div>\n    <\/article><article class=\"eael-grid-post  eael-post-grid-column eael-pg-post-17897 category-guate-nuestra tags-volcanes-de-guatemala\" data-id=\"17897\">\n        <div class=\"eael-grid-post-holder\">\n            <div class=\"eael-grid-post-holder-inner\"><div class=\"eael-entry-media\"><div class=\"eael-entry-overlay fade-in\"><i class=\"far fa-hand-pointer\" aria-hidden=\"true\"><\/i><a href=\"https:\/\/soymigrante.com\/revista\/cronica-de-un-ascenso-al-volcan-tajumulco-el-mas-alto-de-guatemala-y-centro-america\/\"><\/a><\/div><div class=\"eael-entry-thumbnail \">\n                <img loading=\"lazy\" decoding=\"async\" width=\"1024\" height=\"1024\" src=\"https:\/\/soymigrante.com\/revista\/wp-content\/uploads\/2024\/12\/Ana-Karina-Lopez-Hun-soy-migrante-3-1024x1024.jpeg\" class=\"attachment-large size-large wp-image-17966\" alt=\"Joven excursionista en la monta\u00f1a con mochila y bast\u00f3n en un paisaje volc\u00e1nico.\" srcset=\"https:\/\/soymigrante.com\/revista\/wp-content\/uploads\/2024\/12\/Ana-Karina-Lopez-Hun-soy-migrante-3-1024x1024.jpeg 1024w, https:\/\/soymigrante.com\/revista\/wp-content\/uploads\/2024\/12\/Ana-Karina-Lopez-Hun-soy-migrante-3-300x300.jpeg 300w, https:\/\/soymigrante.com\/revista\/wp-content\/uploads\/2024\/12\/Ana-Karina-Lopez-Hun-soy-migrante-3-150x150.jpeg 150w, https:\/\/soymigrante.com\/revista\/wp-content\/uploads\/2024\/12\/Ana-Karina-Lopez-Hun-soy-migrante-3-768x768.jpeg 768w, https:\/\/soymigrante.com\/revista\/wp-content\/uploads\/2024\/12\/Ana-Karina-Lopez-Hun-soy-migrante-3-75x75.webp 75w, https:\/\/soymigrante.com\/revista\/wp-content\/uploads\/2024\/12\/Ana-Karina-Lopez-Hun-soy-migrante-3-750x750.webp 750w, https:\/\/soymigrante.com\/revista\/wp-content\/uploads\/2024\/12\/Ana-Karina-Lopez-Hun-soy-migrante-3.webp 1080w\" sizes=\"(max-width: 1024px) 100vw, 1024px\" \/>\n            <\/div>\n        <\/div><div class=\"eael-entry-wrapper\"><header class=\"eael-entry-header\"><h2 class=\"eael-entry-title\"><a class=\"eael-grid-post-link\" href=\"https:\/\/soymigrante.com\/revista\/cronica-de-un-ascenso-al-volcan-tajumulco-el-mas-alto-de-guatemala-y-centro-america\/\" title=\"Cr\u00f3nica de un ascenso al volc\u00e1n Tajumulco, el m\u00e1s alto de Guatemala y Centro Am\u00e9rica\">Cr\u00f3nica de un ascenso al volc\u00e1n Tajumulco, el m\u00e1s alto de Guatemala y Centro Am\u00e9rica<\/a><\/h2><\/header><div class=\"eael-entry-content\">\n                        <div class=\"eael-grid-post-excerpt\"><a href=\"https:\/\/soymigrante.com\/revista\/cronica-de-un-ascenso-al-volcan-tajumulco-el-mas-alto-de-guatemala-y-centro-america\/\" class=\"eael-post-elements-readmore-btn\">CONOCE SU HISTORIA <\/a><\/div>\n                    <\/div><\/div><\/div>\n        <\/div>\n    <\/article><\/div>\n            <div class=\"clearfix\"><\/div>\n        <\/div>\t\t\t\t<\/div>\n\t\t\t\t\t<\/div>\n\t\t\t\t<\/div>\n\t\t\t\t<\/div>\n\t\t","protected":false},"excerpt":{"rendered":"<p>El Volc\u00e1n de Atitl\u00e1n, un estratovolc\u00e1n activo que domina el paisaje del Lago de Atitl\u00e1n, es un destino codiciado por aventureros y amantes de la naturaleza. Descubre m\u00e1s sobre este coloso si entre tus planes est\u00e1 subirlo alguna vez en tu vida. Aunque su ascenso implica desaf\u00edos f\u00edsicos y log\u00edsticos, su riqueza cultural, mitos ancestrales [&hellip;]<\/p>\n","protected":false},"author":23,"featured_media":24120,"comment_status":"open","ping_status":"open","sticky":false,"template":"","format":"standard","meta":{"_acf_changed":false,"_eb_attr":"","footnotes":""},"categories":[58],"tags":[245],"class_list":["post-24053","post","type-post","status-publish","format-standard","has-post-thumbnail","hentry","category-guate-nuestra","tag-volcanes-de-guatemala"],"acf":[],"aioseo_notices":[],"aioseo_head":"\n\t\t<!-- All in One SEO Pro 4.9.6.2 - aioseo.com -->\n\t<meta name=\"description\" content=\"La maestra Ana Karmina, amante de la naturaleza y las aventura comparte la experiencia de escalar el volc\u00e1n m\u00e1s alto de Guatemala: el Tajumulco\" \/>\n\t<meta name=\"robots\" content=\"max-snippet:-1, max-image-preview:large, max-video-preview:-1\" \/>\n\t<meta name=\"author\" content=\"Beatriz Tercero\"\/>\n\t<link rel=\"canonical\" href=\"https:\/\/soymigrante.com\/revista\/cronica-de-un-ascenso-al-volcan-tajumulco-el-mas-alto-de-guatemala-y-centro-america\/\" \/>\n\t<meta name=\"generator\" content=\"All in One SEO Pro (AIOSEO) 4.9.6.2\" \/>\n\n\t\t<link rel=\"preconnect\" href=\"https:\/\/fonts.googleapis.com\" crossorigin>\n<link rel=\"preconnect\" href=\"https:\/\/fonts.gstatic.com\" crossorigin>\n\t\t<meta property=\"og:locale\" content=\"es_ES\" \/>\n\t\t<meta property=\"og:site_name\" content=\"SoyMigrante.com REVISTA \u2013 Nuestra misi\u00f3n es reconocer y dignificar al migrante.\" \/>\n\t\t<meta property=\"og:type\" content=\"article\" \/>\n\t\t<meta property=\"og:title\" content=\"Cr\u00f3nica de un ascenso al volc\u00e1n Tajumulco, el m\u00e1s alto de C.A.\" \/>\n\t\t<meta property=\"og:description\" content=\"La maestra Ana Karmina, amante de la naturaleza y las aventura comparte la experiencia de escalar el volc\u00e1n m\u00e1s alto de Guatemala: el Tajumulco\" \/>\n\t\t<meta property=\"og:url\" content=\"https:\/\/soymigrante.com\/revista\/cronica-de-un-ascenso-al-volcan-tajumulco-el-mas-alto-de-guatemala-y-centro-america\/\" \/>\n\t\t<meta property=\"og:image\" content=\"https:\/\/soymigrante.com\/revista\/wp-content\/uploads\/2024\/12\/Ana-Karina-Lopez-Hun-soy-migrante-3.webp\" \/>\n\t\t<meta property=\"og:image:secure_url\" content=\"https:\/\/soymigrante.com\/revista\/wp-content\/uploads\/2024\/12\/Ana-Karina-Lopez-Hun-soy-migrante-3.webp\" \/>\n\t\t<meta property=\"og:image:width\" content=\"1080\" \/>\n\t\t<meta property=\"og:image:height\" content=\"1080\" \/>\n\t\t<meta property=\"article:published_time\" content=\"2024-12-26T14:39:46+00:00\" \/>\n\t\t<meta property=\"article:modified_time\" content=\"2025-06-12T14:28:43+00:00\" \/>\n\t\t<meta property=\"article:publisher\" content=\"https:\/\/www.facebook.com\/soymigrantecom\" \/>\n\t\t<meta name=\"twitter:card\" content=\"summary_large_image\" \/>\n\t\t<meta name=\"twitter:site\" content=\"@SoyMigrante_com\" \/>\n\t\t<meta name=\"twitter:title\" content=\"Cr\u00f3nica de un ascenso al volc\u00e1n Tajumulco, el m\u00e1s alto de C.A.\" \/>\n\t\t<meta name=\"twitter:description\" content=\"La maestra Ana Karmina, amante de la naturaleza y las aventura comparte la experiencia de escalar el volc\u00e1n m\u00e1s alto de Guatemala: el Tajumulco\" \/>\n\t\t<meta name=\"twitter:creator\" content=\"@SoyMigrante_com\" \/>\n\t\t<meta name=\"twitter:image\" content=\"https:\/\/soymigrante.com\/revista\/wp-content\/uploads\/2024\/12\/Ana-Karina-Lopez-Hun-soy-migrante-3.webp\" \/>\n\t\t<!-- All in One SEO Pro -->\r\n\t\t<title>Cr\u00f3nica de un ascenso al volc\u00e1n Tajumulco, el m\u00e1s alto de C.A.<\/title>\n\n","aioseo_head_json":{"title":"Cr\u00f3nica de un ascenso al volc\u00e1n Tajumulco, el m\u00e1s alto de C.A.","description":"La maestra Ana Karmina, amante de la naturaleza y las aventura comparte la experiencia de escalar el volc\u00e1n m\u00e1s alto de Guatemala: el Tajumulco","canonical_url":"https:\/\/soymigrante.com\/revista\/cronica-de-un-ascenso-al-volcan-tajumulco-el-mas-alto-de-guatemala-y-centro-america\/","robots":"max-snippet:-1, max-image-preview:large, max-video-preview:-1","keywords":"","webmasterTools":{"miscellaneous":"&lt;link rel=\"preconnect\" href=\"https:\/\/fonts.googleapis.com\" crossorigin&gt;\n&lt;link rel=\"preconnect\" href=\"https:\/\/fonts.gstatic.com\" crossorigin&gt;"},"schema":null,"og:locale":"es_ES","og:site_name":"SoyMigrante.com REVISTA \u2013 Nuestra misi\u00f3n es reconocer y dignificar al migrante.","og:type":"article","og:title":"Cr\u00f3nica de un ascenso al volc\u00e1n Tajumulco, el m\u00e1s alto de C.A.","og:description":"La maestra Ana Karmina, amante de la naturaleza y las aventura comparte la experiencia de escalar el volc\u00e1n m\u00e1s alto de Guatemala: el Tajumulco","og:url":"https:\/\/soymigrante.com\/revista\/cronica-de-un-ascenso-al-volcan-tajumulco-el-mas-alto-de-guatemala-y-centro-america\/","og:image":"https:\/\/soymigrante.com\/revista\/wp-content\/uploads\/2024\/12\/Ana-Karina-Lopez-Hun-soy-migrante-3.webp","og:image:secure_url":"https:\/\/soymigrante.com\/revista\/wp-content\/uploads\/2024\/12\/Ana-Karina-Lopez-Hun-soy-migrante-3.webp","og:image:width":1080,"og:image:height":1080,"article:published_time":"2024-12-26T14:39:46+00:00","article:modified_time":"2025-06-12T14:28:43+00:00","article:publisher":"https:\/\/www.facebook.com\/soymigrantecom","twitter:card":"summary_large_image","twitter:site":"@SoyMigrante_com","twitter:title":"Cr\u00f3nica de un ascenso al volc\u00e1n Tajumulco, el m\u00e1s alto de C.A.","twitter:description":"La maestra Ana Karmina, amante de la naturaleza y las aventura comparte la experiencia de escalar el volc\u00e1n m\u00e1s alto de Guatemala: el Tajumulco","twitter:creator":"@SoyMigrante_com","twitter:image":"https:\/\/soymigrante.com\/revista\/wp-content\/uploads\/2024\/12\/Ana-Karina-Lopez-Hun-soy-migrante-3.webp"},"aioseo_meta_data":{"post_id":"24053","title":"El Volc\u00e1n de Atitl\u00e1n: historia, desaf\u00edos y consejos para su ascenso","description":"El Volc\u00e1n de Atitl\u00e1n, un estratovolc\u00e1n activo que domina el paisaje del Lago de Atitl\u00e1n, es un destino codiciado por aventureros y amantes de la naturaleza.","keywords":null,"keyphrases":{"focus":{"keyphrase":"volcan de atitlan","score":43,"analysis":{"keyphraseInTitle":{"score":3,"maxScore":9,"error":1},"keyphraseInDescription":{"score":3,"maxScore":9,"error":1},"keyphraseLength":{"score":9,"maxScore":9,"error":0,"length":3},"keyphraseInURL":{"score":5,"maxScore":5,"error":0},"keyphraseInIntroduction":{"score":3,"maxScore":9,"error":1},"keyphraseInSubHeadings":{"score":3,"maxScore":9,"error":1},"keyphraseInImageAlt":{"score":3,"maxScore":9,"error":1},"keywordDensity":{"score":0,"type":"low","maxScore":9,"error":1}}},"additional":[{"keyphrase":"atitl\u00e1n","score":73,"analysis":{"keyphraseInDescription":{"score":9,"maxScore":9,"error":0},"keyphraseLength":{"score":9,"maxScore":9,"error":0,"length":2},"keyphraseInIntroduction":{"score":3,"maxScore":9,"error":1},"keyphraseInImageAlt":{"score":3,"maxScore":9,"error":1},"keywordDensity":{"type":"best","score":9,"maxScore":9,"error":0}}},{"keyphrase":"Guatemala","score":40,"analysis":{"keyphraseInDescription":{"score":3,"maxScore":9,"error":1},"keyphraseLength":{"score":9,"maxScore":9,"error":0,"length":1},"keyphraseInIntroduction":{"score":3,"maxScore":9,"error":1},"keyphraseInImageAlt":{"score":3,"maxScore":9,"error":1},"keywordDensity":{"score":0,"type":"low","maxScore":9,"error":1}}},{"keyphrase":"ruta volc\u00e1nica","score":40,"analysis":{"keyphraseInDescription":{"score":3,"maxScore":9,"error":1},"keyphraseLength":{"score":9,"maxScore":9,"error":0,"length":3},"keyphraseInIntroduction":{"score":3,"maxScore":9,"error":1},"keyphraseInImageAlt":{"score":3,"maxScore":9,"error":1},"keywordDensity":{"score":0,"type":"low","maxScore":9,"error":1}}},{"keyphrase":"Soy Migrante","score":40,"analysis":{"keyphraseInDescription":{"score":3,"maxScore":9,"error":1},"keyphraseLength":{"score":9,"maxScore":9,"error":0,"length":2},"keyphraseInIntroduction":{"score":3,"maxScore":9,"error":1},"keyphraseInImageAlt":{"score":3,"maxScore":9,"error":1},"keywordDensity":{"score":0,"type":"low","maxScore":9,"error":1}}}]},"primary_term":null,"canonical_url":null,"og_title":null,"og_description":null,"og_object_type":"default","og_image_type":"default","og_image_url":null,"og_image_width":null,"og_image_height":null,"og_image_custom_url":null,"og_image_custom_fields":null,"og_video":"","og_custom_url":null,"og_article_section":null,"og_article_tags":null,"twitter_use_og":false,"twitter_card":"default","twitter_image_type":"default","twitter_image_url":null,"twitter_image_custom_url":null,"twitter_image_custom_fields":null,"twitter_title":null,"twitter_description":null,"schema":{"blockGraphs":[],"customGraphs":[],"default":{"data":{"Article":[],"Course":[],"Dataset":[],"FAQPage":[],"Movie":[],"Person":[],"Product":[],"ProductReview":[],"Car":[],"Recipe":[],"Service":[],"SoftwareApplication":[],"WebPage":[]},"graphName":"none","isEnabled":true},"graphs":[]},"schema_type":"default","schema_type_options":null,"pillar_content":false,"robots_default":true,"robots_noindex":false,"robots_noarchive":false,"robots_nosnippet":false,"robots_nofollow":false,"robots_noimageindex":false,"robots_noodp":false,"robots_notranslate":false,"robots_max_snippet":"-1","robots_max_videopreview":"-1","robots_max_imagepreview":"large","priority":null,"frequency":"default","local_seo":null,"seo_analyzer_scan_date":"2025-10-09 02:27:15","breadcrumb_settings":null,"limit_modified_date":false,"reviewed_by":"0","open_ai":"{\"title\":{\"suggestions\":[],\"usage\":0},\"description\":{\"suggestions\":[],\"usage\":0}}","ai":null,"created":"2025-02-05 19:13:44","updated":"2026-02-04 21:09:28"},"aioseo_breadcrumb":"<div class=\"aioseo-breadcrumbs\"><span class=\"aioseo-breadcrumb\">\n\t<a href=\"https:\/\/soymigrante.com\/revista\" title=\"Home\">Home<\/a>\n<\/span><span class=\"aioseo-breadcrumb-separator\">\u00bb<\/span><span class=\"aioseo-breadcrumb\">\n\t<a href=\"https:\/\/soymigrante.com\/revista\/category\/guate-nuestra\/\" title=\"Guate Nuestra\">Guate Nuestra<\/a>\n<\/span><span class=\"aioseo-breadcrumb-separator\">\u00bb<\/span><span class=\"aioseo-breadcrumb\">\n\tEl imponente volc\u00e1n de Atitl\u00e1n, historia, desaf\u00edos y consejos para su ascenso\n<\/span><\/div>","aioseo_breadcrumb_json":[{"label":"Home","link":"https:\/\/soymigrante.com\/revista"},{"label":"Guate Nuestra","link":"https:\/\/soymigrante.com\/revista\/category\/guate-nuestra\/"},{"label":"El imponente volc\u00e1n de Atitl\u00e1n, historia, desaf\u00edos y consejos para su ascenso","link":"https:\/\/soymigrante.com\/revista\/ruta-volcanica-el-imponente-volcan-de-atitlan-historia-desafios-y-consejos-para-su-ascenso\/"}],"_links":{"self":[{"href":"https:\/\/soymigrante.com\/revista\/wp-json\/wp\/v2\/posts\/24053","targetHints":{"allow":["GET"]}}],"collection":[{"href":"https:\/\/soymigrante.com\/revista\/wp-json\/wp\/v2\/posts"}],"about":[{"href":"https:\/\/soymigrante.com\/revista\/wp-json\/wp\/v2\/types\/post"}],"author":[{"embeddable":true,"href":"https:\/\/soymigrante.com\/revista\/wp-json\/wp\/v2\/users\/23"}],"replies":[{"embeddable":true,"href":"https:\/\/soymigrante.com\/revista\/wp-json\/wp\/v2\/comments?post=24053"}],"version-history":[{"count":7,"href":"https:\/\/soymigrante.com\/revista\/wp-json\/wp\/v2\/posts\/24053\/revisions"}],"predecessor-version":[{"id":36148,"href":"https:\/\/soymigrante.com\/revista\/wp-json\/wp\/v2\/posts\/24053\/revisions\/36148"}],"wp:featuredmedia":[{"embeddable":true,"href":"https:\/\/soymigrante.com\/revista\/wp-json\/wp\/v2\/media\/24120"}],"wp:attachment":[{"href":"https:\/\/soymigrante.com\/revista\/wp-json\/wp\/v2\/media?parent=24053"}],"wp:term":[{"taxonomy":"category","embeddable":true,"href":"https:\/\/soymigrante.com\/revista\/wp-json\/wp\/v2\/categories?post=24053"},{"taxonomy":"post_tag","embeddable":true,"href":"https:\/\/soymigrante.com\/revista\/wp-json\/wp\/v2\/tags?post=24053"}],"curies":[{"name":"wp","href":"https:\/\/api.w.org\/{rel}","templated":true}]}}