{"id":2396,"date":"2023-08-30T19:37:36","date_gmt":"2023-08-30T19:37:36","guid":{"rendered":"https:\/\/soymigrante.com\/revista\/?p=2396"},"modified":"2024-07-30T16:26:50","modified_gmt":"2024-07-30T22:26:50","slug":"hombre-de-maiz-poema-de-clemente-ajtziij-migrante-guatemalteco-en-massachussets","status":"publish","type":"post","link":"https:\/\/soymigrante.com\/revista\/hombre-de-maiz-poema-de-clemente-ajtziij-migrante-guatemalteco-en-massachussets\/","title":{"rendered":"Hombre de Ma\u00edz, poema de Clemente Aj&#8217;Tziij, migrante guatemalteco  en Massachussets"},"content":{"rendered":"\t\t<div data-elementor-type=\"wp-post\" data-elementor-id=\"2396\" class=\"elementor elementor-2396\" data-elementor-post-type=\"post\">\n\t\t\t\t\t\t<section data-particle_enable=\"false\" data-particle-mobile-disabled=\"false\" class=\"elementor-section elementor-top-section elementor-element elementor-element-1978d29 elementor-section-boxed elementor-section-height-default elementor-section-height-default\" data-id=\"1978d29\" data-element_type=\"section\" data-e-type=\"section\">\n\t\t\t\t\t\t<div class=\"elementor-container elementor-column-gap-default\">\n\t\t\t\t\t<div class=\"elementor-column elementor-col-100 elementor-top-column elementor-element elementor-element-496b082\" data-id=\"496b082\" data-element_type=\"column\" data-e-type=\"column\">\n\t\t\t<div class=\"elementor-widget-wrap elementor-element-populated\">\n\t\t\t\t\t\t<div class=\"elementor-element elementor-element-ed67382 elementor-widget elementor-widget-heading\" data-id=\"ed67382\" data-element_type=\"widget\" data-e-type=\"widget\" data-widget_type=\"heading.default\">\n\t\t\t\t\t<h1 class=\"elementor-heading-title elementor-size-default\">Este texto est\u00e1 dedicado al esfuerzo y anhelo de los migrantes guatemaltecos por un pa\u00eds democr\u00e1tico y el respeto al voto popular y soberano.<\/h1>\t\t\t\t<\/div>\n\t\t\t\t\t<\/div>\n\t\t<\/div>\n\t\t\t\t\t<\/div>\n\t\t<\/section>\n\t\t\t\t<section data-particle_enable=\"false\" data-particle-mobile-disabled=\"false\" class=\"elementor-section elementor-top-section elementor-element elementor-element-8324fbb elementor-section-boxed elementor-section-height-default elementor-section-height-default\" data-id=\"8324fbb\" data-element_type=\"section\" data-e-type=\"section\">\n\t\t\t\t\t\t<div class=\"elementor-container elementor-column-gap-default\">\n\t\t\t\t\t<div class=\"elementor-column elementor-col-100 elementor-top-column elementor-element elementor-element-95a88c6\" data-id=\"95a88c6\" data-element_type=\"column\" data-e-type=\"column\">\n\t\t\t<div class=\"elementor-widget-wrap elementor-element-populated\">\n\t\t\t\t\t\t<div class=\"elementor-element elementor-element-1be69f5 elementor-widget elementor-widget-image\" data-id=\"1be69f5\" data-element_type=\"widget\" data-e-type=\"widget\" data-widget_type=\"image.default\">\n\t\t\t\t\t\t\t\t\t\t\t\t\t\t\t<img fetchpriority=\"high\" decoding=\"async\" width=\"768\" height=\"431\" src=\"https:\/\/soymigrante.com\/revista\/wp-content\/uploads\/2023\/08\/clemente-ajtzij-migrante-guatemalteco-1024x574.webp\" class=\"attachment-large size-large wp-image-2398\" alt=\"Clemente Ajtziij migrante guatemalteco es tambi\u00e9n artista visual e impulsor de mejoras para la comunidad guatemalteca en Massachussets.\" srcset=\"https:\/\/soymigrante.com\/revista\/wp-content\/uploads\/2023\/08\/clemente-ajtzij-migrante-guatemalteco-1024x574.webp 1024w, https:\/\/soymigrante.com\/revista\/wp-content\/uploads\/2023\/08\/clemente-ajtzij-migrante-guatemalteco-300x168.webp 300w, https:\/\/soymigrante.com\/revista\/wp-content\/uploads\/2023\/08\/clemente-ajtzij-migrante-guatemalteco-768x431.webp 768w, https:\/\/soymigrante.com\/revista\/wp-content\/uploads\/2023\/08\/clemente-ajtzij-migrante-guatemalteco-750x421.webp 750w, https:\/\/soymigrante.com\/revista\/wp-content\/uploads\/2023\/08\/clemente-ajtzij-migrante-guatemalteco-1140x639.webp 1140w, https:\/\/soymigrante.com\/revista\/wp-content\/uploads\/2023\/08\/clemente-ajtzij-migrante-guatemalteco.webp 1284w\" sizes=\"(max-width: 768px) 100vw, 768px\" title=\"Clemente Ajtziij migrante guatemalteco es tambi\u00e9n artista visual e impulsor de mejoras para la comunidad guatemalteca en Massachussets. \u2013 SoyMigrante.com REVISTA\" \/>\t\t\t\t\t\t\t\t\t\t\t\t\t\t\t<\/div>\n\t\t\t\t\t<\/div>\n\t\t<\/div>\n\t\t\t\t\t<\/div>\n\t\t<\/section>\n\t\t\t\t<section data-particle_enable=\"false\" data-particle-mobile-disabled=\"false\" class=\"elementor-section elementor-top-section elementor-element elementor-element-c83cf63 elementor-section-boxed elementor-section-height-default elementor-section-height-default\" data-id=\"c83cf63\" data-element_type=\"section\" data-e-type=\"section\">\n\t\t\t\t\t\t<div class=\"elementor-container elementor-column-gap-default\">\n\t\t\t\t\t<div class=\"elementor-column elementor-col-100 elementor-top-column elementor-element elementor-element-9ec1cd0\" data-id=\"9ec1cd0\" data-element_type=\"column\" data-e-type=\"column\">\n\t\t\t<div class=\"elementor-widget-wrap elementor-element-populated\">\n\t\t\t\t\t\t<div class=\"elementor-element elementor-element-690d16f elementor-widget elementor-widget-text-editor\" data-id=\"690d16f\" data-element_type=\"widget\" data-e-type=\"widget\" data-widget_type=\"text-editor.default\">\n\t\t\t\t\t\t\t\t\t<p>HOMBRE DE MA\u00cdZ, por Clemente Aj&#8217;Tziij<\/p><p>Aqu\u00ed voy otra vez&nbsp;<br><span style=\"color: var( --e-global-color-text ); background-color: var(--ak-bg-color);\">frente a otro ciclo de cambio.<br><\/span><span style=\"background-color: var(--ak-bg-color); color: var( --e-global-color-text );\">Vientos huracanados que me han hecho huir&nbsp; siempre&nbsp;<br><\/span><span style=\"color: var( --e-global-color-text ); background-color: var(--ak-bg-color);\">como ni\u00f1o en soledad,<br><\/span><span style=\"color: var( --e-global-color-text ); background-color: var(--ak-bg-color);\">como hu\u00e9rfano sin alguna paz&nbsp;<br><\/span><span style=\"color: var( --e-global-color-text ); background-color: var(--ak-bg-color);\">como el m\u00e1s peque\u00f1o pez ante la oscuridad <br>y la inmensidad de la mar.<\/span><\/p>\n<p>Tiemblo y cuestiono<br><span style=\"color: var( --e-global-color-text ); background-color: var(--ak-bg-color);\">los ideales y h\u00e1bitos con los que crec\u00ed,<br><\/span><span style=\"color: var( --e-global-color-text ); background-color: var(--ak-bg-color);\">el mundo que un d\u00eda conoc\u00ed<br><\/span><span style=\"color: var( --e-global-color-text ); background-color: var(--ak-bg-color);\">y la vida que comprend\u00ed.<br><\/span><span style=\"color: var( --e-global-color-text ); background-color: var(--ak-bg-color);\">En esta&nbsp; pecera que constru\u00ed&nbsp;<br><\/span><span style=\"color: var( --e-global-color-text ); background-color: var(--ak-bg-color);\">Y que ya no parece aplicar por aqu\u00ed&nbsp;<\/span><\/p>\n<p>Entre el caos y la lucha<br><span style=\"color: var( --e-global-color-text ); background-color: var(--ak-bg-color);\">quiero huir sin rumbo<br><\/span><span style=\"color: var( --e-global-color-text ); background-color: var(--ak-bg-color);\">\u00a1Qu\u00e9 importa pa&#8217; donde!&nbsp;<\/span><\/p>\n<p><span style=\"color: var( --e-global-color-text ); background-color: var(--ak-bg-color);\">Si alguna vez ordenara algo<br><\/span><span style=\"background-color: var(--ak-bg-color); color: var( --e-global-color-text );\">seria este momento<br><\/span><span style=\"color: var( --e-global-color-text ); background-color: var(--ak-bg-color);\">para la que la tierra se abriera<br><\/span><span style=\"color: var( --e-global-color-text ); background-color: var(--ak-bg-color);\">y me adopte en sus brazos para siempre,<br><\/span><span style=\"color: var( --e-global-color-text ); background-color: var(--ak-bg-color);\">sin volver&nbsp; siquiera.<\/span><\/p>\n<p><span style=\"color: var( --e-global-color-text ); background-color: var(--ak-bg-color);\">Quiero huir de esta pecera\u2026<br><\/span><span style=\"color: var( --e-global-color-text ); background-color: var(--ak-bg-color);\">Pero luego me acuerdo que aqu\u00ed mismo<br><\/span><span style=\"color: var( --e-global-color-text ); background-color: var(--ak-bg-color);\">Quiz\u00e1s tenga las herramientas,<br><\/span><span style=\"color: var( --e-global-color-text ); background-color: var(--ak-bg-color);\">la lupa de la escuela con cual ver<br><\/span><span style=\"color: var( --e-global-color-text ); background-color: var(--ak-bg-color);\">este mundo nuevo y tan confuso<\/span><\/p>\n<p>S\u00ed, a<span style=\"color: var( --e-global-color-text ); background-color: var(--ak-bg-color);\">qu\u00ed,<br><\/span><span style=\"color: var( --e-global-color-text ); background-color: var(--ak-bg-color);\">en esta pecera<br><\/span><span style=\"color: var( --e-global-color-text ); background-color: var(--ak-bg-color);\">puedo encontrar a ese viejo loco, y so\u00f1ador<br><\/span><span style=\"color: var( --e-global-color-text ); background-color: var(--ak-bg-color);\">que en un d\u00eda de escuela<br><\/span><span style=\"color: var( --e-global-color-text ); background-color: var(--ak-bg-color);\">se par\u00f3 ante un micr\u00f3fono y dijo una vez:<br><\/span><span style=\"color: var( --e-global-color-text ); background-color: var(--ak-bg-color);\">&#8220;Que sea yo como la mar<br><\/span><span style=\"color: var( --e-global-color-text ); background-color: var(--ak-bg-color);\">que a pesar de su inmensidad&nbsp;<br><\/span><span style=\"color: var( --e-global-color-text ); background-color: var(--ak-bg-color);\">est\u00e1 por debajo de toda superficie<br><\/span><span style=\"background-color: var(--ak-bg-color); color: var( --e-global-color-text );\">Ya que solo as\u00ed logra que los r\u00edos lleguen a&nbsp; \u00e9l&#8221;.<\/span><\/p>\n<p><span style=\"color: var( --e-global-color-text ); background-color: var(--ak-bg-color);\">Entonces me detengo un momento y me digo:<br><\/span><span style=\"color: var( --e-global-color-text ); background-color: var(--ak-bg-color);\">C\u00e1lmate, <br>que tal si piensas diferente<br><\/span><span style=\"color: var( --e-global-color-text ); background-color: var(--ak-bg-color);\">que tal si el tama\u00f1o no importa<br><\/span><span style=\"color: var( --e-global-color-text ); background-color: var(--ak-bg-color);\">que tal si eres como el quetzal:<br><\/span><span style=\"color: var( --e-global-color-text ); background-color: var(--ak-bg-color);\">un peque\u00f1o p\u00e1jaro tan vulnerable<br><\/span><span style=\"color: var( --e-global-color-text ); background-color: var(--ak-bg-color);\">que se muere al privarlo de su libertad,<br><\/span><span style=\"color: var( --e-global-color-text ); background-color: var(--ak-bg-color);\">pero que con hambre<br><\/span><span style=\"color: var( --e-global-color-text ); background-color: var(--ak-bg-color);\">es sin duda alguna un depredador furtivo&nbsp;&nbsp;<\/span><\/p>\n<p><span style=\"background-color: var(--ak-bg-color); color: var( --e-global-color-text );\">\u00a1Agarro mi pecera y lo tiro con toda ira&nbsp;<br><\/span><span style=\"background-color: var(--ak-bg-color); color: var( --e-global-color-text );\">en el vasto oscuro oc\u00e9ano!<\/span><\/p>\t\t\t\t\t\t\t\t<\/div>\n\t\t\t\t\t<\/div>\n\t\t<\/div>\n\t\t\t\t\t<\/div>\n\t\t<\/section>\n\t\t\t\t<section data-particle_enable=\"false\" data-particle-mobile-disabled=\"false\" class=\"elementor-section elementor-top-section elementor-element elementor-element-7d7e583 elementor-section-boxed elementor-section-height-default elementor-section-height-default\" data-id=\"7d7e583\" data-element_type=\"section\" data-e-type=\"section\">\n\t\t\t\t\t\t<div class=\"elementor-container elementor-column-gap-default\">\n\t\t\t\t\t<div class=\"elementor-column elementor-col-100 elementor-top-column elementor-element elementor-element-d478681\" data-id=\"d478681\" data-element_type=\"column\" data-e-type=\"column\">\n\t\t\t<div class=\"elementor-widget-wrap elementor-element-populated\">\n\t\t\t\t\t\t<div class=\"elementor-element elementor-element-fc43415 elementor-widget elementor-widget-image\" data-id=\"fc43415\" data-element_type=\"widget\" data-e-type=\"widget\" data-widget_type=\"image.default\">\n\t\t\t\t\t\t\t\t\t\t\t\t<figure class=\"wp-caption\">\n\t\t\t\t\t\t\t\t\t\t<img decoding=\"async\" width=\"768\" height=\"576\" src=\"https:\/\/soymigrante.com\/revista\/wp-content\/uploads\/2023\/08\/279089180_10216472280478258_3796771368867053176_n-1024x768.webp\" class=\"attachment-large size-large wp-image-2399\" alt=\"Clemente Aj Tziij espera que el proceso democr\u00e1tico de guatemala siga su curso y que se respete a la ciudadan\u00eda que manifest\u00f3 su voluntad a trav\u00e9s del voto, dentro y fuera de Guatemala.\" srcset=\"https:\/\/soymigrante.com\/revista\/wp-content\/uploads\/2023\/08\/279089180_10216472280478258_3796771368867053176_n-1024x768.webp 1024w, https:\/\/soymigrante.com\/revista\/wp-content\/uploads\/2023\/08\/279089180_10216472280478258_3796771368867053176_n-300x225.webp 300w, https:\/\/soymigrante.com\/revista\/wp-content\/uploads\/2023\/08\/279089180_10216472280478258_3796771368867053176_n-768x576.webp 768w, https:\/\/soymigrante.com\/revista\/wp-content\/uploads\/2023\/08\/279089180_10216472280478258_3796771368867053176_n-1536x1152.webp 1536w, https:\/\/soymigrante.com\/revista\/wp-content\/uploads\/2023\/08\/279089180_10216472280478258_3796771368867053176_n-750x563.webp 750w, https:\/\/soymigrante.com\/revista\/wp-content\/uploads\/2023\/08\/279089180_10216472280478258_3796771368867053176_n-1140x855.webp 1140w, https:\/\/soymigrante.com\/revista\/wp-content\/uploads\/2023\/08\/279089180_10216472280478258_3796771368867053176_n.webp 1920w\" sizes=\"(max-width: 768px) 100vw, 768px\" title=\"Clemente Aj Tziij espera que el proceso democr\u00e1tico de guatemala siga su curso y que se respete a la ciudadan\u00eda que manifest\u00f3 su voluntad a trav\u00e9s del voto, dentro y fuera de Guatemala. \u2013 SoyMigrante.com REVISTA\" \/>\t\t\t\t\t\t\t\t\t\t\t<figcaption class=\"widget-image-caption wp-caption-text\">Clemente Aj Tziij espera que el proceso democr\u00e1tico de guatemala siga su curso y que se respete a la ciudadan\u00eda que manifest\u00f3 su voluntad a trav\u00e9s del voto, dentro y fuera de Guatemala.<\/figcaption>\n\t\t\t\t\t\t\t\t\t\t<\/figure>\n\t\t\t\t\t\t\t\t\t<\/div>\n\t\t\t\t\t<\/div>\n\t\t<\/div>\n\t\t\t\t\t<\/div>\n\t\t<\/section>\n\t\t\t\t<\/div>\n\t\t","protected":false},"excerpt":{"rendered":"<p>Este texto est\u00e1 dedicado al esfuerzo y anhelo de los migrantes guatemaltecos por un pa\u00eds democr\u00e1tico y el respeto al voto popular y soberano. HOMBRE DE MA\u00cdZ, por Clemente Aj&#8217;Tziij Aqu\u00ed voy otra vez&nbsp; frente a otro ciclo de cambio. Vientos huracanados que me han hecho huir&nbsp; siempre&nbsp; como ni\u00f1o en soledad, como hu\u00e9rfano sin [&hellip;]<\/p>\n","protected":false},"author":1,"featured_media":2397,"comment_status":"open","ping_status":"open","sticky":false,"template":"","format":"standard","meta":{"_acf_changed":false,"_eb_attr":"","footnotes":""},"categories":[56],"tags":[],"class_list":["post-2396","post","type-post","status-publish","format-standard","has-post-thumbnail","hentry","category-lugar-de-voces"],"acf":[],"aioseo_notices":[],"aioseo_head":"\n\t\t<!-- All in One SEO Pro 4.9.6.2 - aioseo.com -->\n\t<meta name=\"description\" content=\"Este texto est\u00e1 dedicado al esfuerzo y anhelo de los migrantes guatemaltecos por un pa\u00eds democr\u00e1tico y el respeto al voto popular y soberano. HOMBRE DE MA\u00cdZ, por Clemente Aj\u2019Tziij Aqu\u00ed voy otra vez frente a otro ciclo de cambio.Vientos huracanados que me han hecho huir siempre como ni\u00f1o en soledad,como hu\u00e9rfano sin alguna paz como el m\u00e1s\" \/>\n\t<meta name=\"robots\" content=\"max-snippet:-1, max-image-preview:large, max-video-preview:-1\" \/>\n\t<meta name=\"author\" content=\"SoyMigrante.com REVISTA\"\/>\n\t<link rel=\"canonical\" href=\"https:\/\/soymigrante.com\/revista\/hombre-de-maiz-poema-de-clemente-ajtziij-migrante-guatemalteco-en-massachussets\/\" \/>\n\t<meta name=\"generator\" content=\"All in One SEO Pro (AIOSEO) 4.9.6.2\" \/>\n\n\t\t<link rel=\"preconnect\" href=\"https:\/\/fonts.googleapis.com\" crossorigin>\n<link rel=\"preconnect\" href=\"https:\/\/fonts.gstatic.com\" crossorigin>\n\t\t<meta property=\"og:locale\" content=\"es_ES\" \/>\n\t\t<meta property=\"og:site_name\" content=\"SoyMigrante.com REVISTA \u2013 Nuestra misi\u00f3n es reconocer y dignificar al migrante.\" \/>\n\t\t<meta property=\"og:type\" content=\"article\" \/>\n\t\t<meta property=\"og:title\" content=\"Hombre de Ma\u00edz, poema de Clemente Aj\u2019Tziij, migrante guatemalteco en Massachussets\" \/>\n\t\t<meta property=\"og:description\" content=\"Este texto est\u00e1 dedicado al esfuerzo y anhelo de los migrantes guatemaltecos por un pa\u00eds democr\u00e1tico y el respeto al voto popular y soberano. HOMBRE DE MA\u00cdZ, por Clemente Aj\u2019Tziij Aqu\u00ed voy otra vez frente a otro ciclo de cambio.Vientos huracanados que me han hecho huir siempre como ni\u00f1o en soledad,como hu\u00e9rfano sin alguna paz como el m\u00e1s\" \/>\n\t\t<meta property=\"og:url\" content=\"https:\/\/soymigrante.com\/revista\/hombre-de-maiz-poema-de-clemente-ajtziij-migrante-guatemalteco-en-massachussets\/\" \/>\n\t\t<meta property=\"og:image\" content=\"https:\/\/soymigrante.com\/revista\/wp-content\/uploads\/2023\/08\/clementino.webp\" \/>\n\t\t<meta property=\"og:image:secure_url\" content=\"https:\/\/soymigrante.com\/revista\/wp-content\/uploads\/2023\/08\/clementino.webp\" \/>\n\t\t<meta property=\"og:image:width\" content=\"1524\" \/>\n\t\t<meta property=\"og:image:height\" content=\"1032\" \/>\n\t\t<meta property=\"article:published_time\" content=\"2023-08-30T19:37:36+00:00\" \/>\n\t\t<meta property=\"article:modified_time\" content=\"2024-07-30T22:26:50+00:00\" \/>\n\t\t<meta property=\"article:publisher\" content=\"https:\/\/www.facebook.com\/soymigrantecom\" \/>\n\t\t<meta name=\"twitter:card\" content=\"summary_large_image\" \/>\n\t\t<meta name=\"twitter:site\" content=\"@SoyMigrante_com\" \/>\n\t\t<meta name=\"twitter:title\" content=\"Hombre de Ma\u00edz, poema de Clemente Aj\u2019Tziij, migrante guatemalteco en Massachussets\" \/>\n\t\t<meta name=\"twitter:description\" content=\"Este texto est\u00e1 dedicado al esfuerzo y anhelo de los migrantes guatemaltecos por un pa\u00eds democr\u00e1tico y el respeto al voto popular y soberano. HOMBRE DE MA\u00cdZ, por Clemente Aj\u2019Tziij Aqu\u00ed voy otra vez frente a otro ciclo de cambio.Vientos huracanados que me han hecho huir siempre como ni\u00f1o en soledad,como hu\u00e9rfano sin alguna paz como el m\u00e1s\" \/>\n\t\t<meta name=\"twitter:creator\" content=\"@SoyMigrante_com\" \/>\n\t\t<meta name=\"twitter:image\" content=\"https:\/\/soymigrante.com\/revista\/wp-content\/uploads\/2023\/08\/clementino.webp\" \/>\n\t\t<!-- All in One SEO Pro -->\r\n\t\t<title>Hombre de Ma\u00edz, poema de Clemente Aj\u2019Tziij, migrante guatemalteco en Massachussets<\/title>\n\n","aioseo_head_json":{"title":"Hombre de Ma\u00edz, poema de Clemente Aj\u2019Tziij, migrante guatemalteco en Massachussets","description":"Este texto est\u00e1 dedicado al esfuerzo y anhelo de los migrantes guatemaltecos por un pa\u00eds democr\u00e1tico y el respeto al voto popular y soberano. HOMBRE DE MA\u00cdZ, por Clemente Aj\u2019Tziij Aqu\u00ed voy otra vez frente a otro ciclo de cambio.Vientos huracanados que me han hecho huir siempre como ni\u00f1o en soledad,como hu\u00e9rfano sin alguna paz como el m\u00e1s","canonical_url":"https:\/\/soymigrante.com\/revista\/hombre-de-maiz-poema-de-clemente-ajtziij-migrante-guatemalteco-en-massachussets\/","robots":"max-snippet:-1, max-image-preview:large, max-video-preview:-1","keywords":"","webmasterTools":{"miscellaneous":"&lt;link rel=\"preconnect\" href=\"https:\/\/fonts.googleapis.com\" crossorigin&gt;\n&lt;link rel=\"preconnect\" href=\"https:\/\/fonts.gstatic.com\" crossorigin&gt;"},"schema":null,"og:locale":"es_ES","og:site_name":"SoyMigrante.com REVISTA \u2013 Nuestra misi\u00f3n es reconocer y dignificar al migrante.","og:type":"article","og:title":"Hombre de Ma\u00edz, poema de Clemente Aj\u2019Tziij, migrante guatemalteco en Massachussets","og:description":"Este texto est\u00e1 dedicado al esfuerzo y anhelo de los migrantes guatemaltecos por un pa\u00eds democr\u00e1tico y el respeto al voto popular y soberano. HOMBRE DE MA\u00cdZ, por Clemente Aj\u2019Tziij Aqu\u00ed voy otra vez frente a otro ciclo de cambio.Vientos huracanados que me han hecho huir siempre como ni\u00f1o en soledad,como hu\u00e9rfano sin alguna paz como el m\u00e1s","og:url":"https:\/\/soymigrante.com\/revista\/hombre-de-maiz-poema-de-clemente-ajtziij-migrante-guatemalteco-en-massachussets\/","og:image":"https:\/\/soymigrante.com\/revista\/wp-content\/uploads\/2023\/08\/clementino.webp","og:image:secure_url":"https:\/\/soymigrante.com\/revista\/wp-content\/uploads\/2023\/08\/clementino.webp","og:image:width":1524,"og:image:height":1032,"article:published_time":"2023-08-30T19:37:36+00:00","article:modified_time":"2024-07-30T22:26:50+00:00","article:publisher":"https:\/\/www.facebook.com\/soymigrantecom","twitter:card":"summary_large_image","twitter:site":"@SoyMigrante_com","twitter:title":"Hombre de Ma\u00edz, poema de Clemente Aj\u2019Tziij, migrante guatemalteco en Massachussets","twitter:description":"Este texto est\u00e1 dedicado al esfuerzo y anhelo de los migrantes guatemaltecos por un pa\u00eds democr\u00e1tico y el respeto al voto popular y soberano. HOMBRE DE MA\u00cdZ, por Clemente Aj\u2019Tziij Aqu\u00ed voy otra vez frente a otro ciclo de cambio.Vientos huracanados que me han hecho huir siempre como ni\u00f1o en soledad,como hu\u00e9rfano sin alguna paz como el m\u00e1s","twitter:creator":"@SoyMigrante_com","twitter:image":"https:\/\/soymigrante.com\/revista\/wp-content\/uploads\/2023\/08\/clementino.webp"},"aioseo_meta_data":{"post_id":"2396","title":null,"description":null,"keywords":[],"keyphrases":{"focus":{"keyphrase":"guatemalteco","score":64,"analysis":{"keyphraseInTitle":{"score":9,"maxScore":9,"error":0},"keyphraseInDescription":{"score":3,"maxScore":9,"error":1},"keyphraseLength":{"score":9,"maxScore":9,"error":0,"length":1},"keyphraseInURL":{"score":5,"maxScore":5,"error":0},"keyphraseInIntroduction":{"score":3,"maxScore":9,"error":1},"keyphraseInSubHeadings":[],"keyphraseInImageAlt":{"score":9,"maxScore":9,"error":0},"keywordDensity":{"score":0,"type":"low","maxScore":9,"error":1}}},"additional":[]},"primary_term":null,"canonical_url":null,"og_title":null,"og_description":null,"og_object_type":"default","og_image_type":"default","og_image_url":null,"og_image_width":null,"og_image_height":null,"og_image_custom_url":null,"og_image_custom_fields":null,"og_video":"","og_custom_url":null,"og_article_section":null,"og_article_tags":[],"twitter_use_og":false,"twitter_card":"default","twitter_image_type":"default","twitter_image_url":null,"twitter_image_custom_url":null,"twitter_image_custom_fields":null,"twitter_title":null,"twitter_description":null,"schema":{"blockGraphs":[],"customGraphs":[],"default":{"data":{"Article":[],"Course":[],"Dataset":[],"FAQPage":[],"Movie":[],"Person":[],"Product":[],"ProductReview":[],"Car":[],"Recipe":[],"Service":[],"SoftwareApplication":[],"WebPage":[]},"graphName":"BlogPosting","isEnabled":true},"graphs":[]},"schema_type":"default","schema_type_options":null,"pillar_content":false,"robots_default":true,"robots_noindex":false,"robots_noarchive":false,"robots_nosnippet":false,"robots_nofollow":false,"robots_noimageindex":false,"robots_noodp":false,"robots_notranslate":false,"robots_max_snippet":"-1","robots_max_videopreview":"-1","robots_max_imagepreview":"large","priority":null,"frequency":"default","local_seo":null,"seo_analyzer_scan_date":"2025-10-08 20:20:03","breadcrumb_settings":null,"limit_modified_date":false,"reviewed_by":null,"open_ai":null,"ai":null,"created":"2023-08-30 19:13:02","updated":"2026-02-04 09:31:47"},"aioseo_breadcrumb":"<div class=\"aioseo-breadcrumbs\"><span class=\"aioseo-breadcrumb\">\n\t<a href=\"https:\/\/soymigrante.com\/revista\" title=\"Home\">Home<\/a>\n<\/span><span class=\"aioseo-breadcrumb-separator\">\u00bb<\/span><span class=\"aioseo-breadcrumb\">\n\t<a href=\"https:\/\/soymigrante.com\/revista\/category\/estamos-unidos\/\" title=\"Estamos Unidos\">Estamos Unidos<\/a>\n<\/span><span class=\"aioseo-breadcrumb-separator\">\u00bb<\/span><span class=\"aioseo-breadcrumb\">\n\t<a href=\"https:\/\/soymigrante.com\/revista\/category\/estamos-unidos\/lugar-de-voces\/\" title=\"Lugar de Voces\">Lugar de Voces<\/a>\n<\/span><span class=\"aioseo-breadcrumb-separator\">\u00bb<\/span><span class=\"aioseo-breadcrumb\">\n\tHombre de Ma\u00edz, poema de Clemente Aj\u2019Tziij, migrante guatemalteco  en Massachussets\n<\/span><\/div>","aioseo_breadcrumb_json":[{"label":"Home","link":"https:\/\/soymigrante.com\/revista"},{"label":"Estamos Unidos","link":"https:\/\/soymigrante.com\/revista\/category\/estamos-unidos\/"},{"label":"Lugar de Voces","link":"https:\/\/soymigrante.com\/revista\/category\/estamos-unidos\/lugar-de-voces\/"},{"label":"Hombre de Ma\u00edz, poema de Clemente Aj&#8217;Tziij, migrante guatemalteco  en Massachussets","link":"https:\/\/soymigrante.com\/revista\/hombre-de-maiz-poema-de-clemente-ajtziij-migrante-guatemalteco-en-massachussets\/"}],"_links":{"self":[{"href":"https:\/\/soymigrante.com\/revista\/wp-json\/wp\/v2\/posts\/2396","targetHints":{"allow":["GET"]}}],"collection":[{"href":"https:\/\/soymigrante.com\/revista\/wp-json\/wp\/v2\/posts"}],"about":[{"href":"https:\/\/soymigrante.com\/revista\/wp-json\/wp\/v2\/types\/post"}],"author":[{"embeddable":true,"href":"https:\/\/soymigrante.com\/revista\/wp-json\/wp\/v2\/users\/1"}],"replies":[{"embeddable":true,"href":"https:\/\/soymigrante.com\/revista\/wp-json\/wp\/v2\/comments?post=2396"}],"version-history":[{"count":0,"href":"https:\/\/soymigrante.com\/revista\/wp-json\/wp\/v2\/posts\/2396\/revisions"}],"wp:featuredmedia":[{"embeddable":true,"href":"https:\/\/soymigrante.com\/revista\/wp-json\/wp\/v2\/media\/2397"}],"wp:attachment":[{"href":"https:\/\/soymigrante.com\/revista\/wp-json\/wp\/v2\/media?parent=2396"}],"wp:term":[{"taxonomy":"category","embeddable":true,"href":"https:\/\/soymigrante.com\/revista\/wp-json\/wp\/v2\/categories?post=2396"},{"taxonomy":"post_tag","embeddable":true,"href":"https:\/\/soymigrante.com\/revista\/wp-json\/wp\/v2\/tags?post=2396"}],"curies":[{"name":"wp","href":"https:\/\/api.w.org\/{rel}","templated":true}]}}