{"id":23918,"date":"2025-02-05T07:30:00","date_gmt":"2025-02-05T13:30:00","guid":{"rendered":"https:\/\/soymigrante.com\/revista\/?p=23918"},"modified":"2025-02-04T23:45:03","modified_gmt":"2025-02-05T05:45:03","slug":"claves-para-cuidarte-de-lesiones-musculares-si-tu-trabajo-exige-fuerza-fisica","status":"publish","type":"post","link":"https:\/\/soymigrante.com\/revista\/claves-para-cuidarte-de-lesiones-musculares-si-tu-trabajo-exige-fuerza-fisica\/","title":{"rendered":"Claves para cuidarte de lesiones musculares si tu trabajo exige fuerza f\u00edsica"},"content":{"rendered":"\t\t<div data-elementor-type=\"wp-post\" data-elementor-id=\"23918\" class=\"elementor elementor-23918\" data-elementor-post-type=\"post\">\n\t\t\t\t<div data-particle_enable=\"false\" data-particle-mobile-disabled=\"false\" class=\"elementor-element elementor-element-24171ec e-flex e-con-boxed e-con e-parent\" data-id=\"24171ec\" data-element_type=\"container\" data-e-type=\"container\">\n\t\t\t\t\t<div class=\"e-con-inner\">\n\t\t\t\t<div class=\"elementor-element elementor-element-d38d625 elementor-widget elementor-widget-heading\" data-id=\"d38d625\" data-element_type=\"widget\" data-e-type=\"widget\" data-widget_type=\"heading.default\">\n\t\t\t\t\t<h2 class=\"elementor-heading-title elementor-size-default\">Trabajar en labores f\u00edsicas en EE.UU. puede ser agotador, pero con los cuidados adecuados, es posible proteger los m\u00fasculos y evitar lesiones a largo plazo.\n<\/h2>\t\t\t\t<\/div>\n\t\t\t\t\t<\/div>\n\t\t\t\t<\/div>\n\t\t<div data-particle_enable=\"false\" data-particle-mobile-disabled=\"false\" class=\"elementor-element elementor-element-8385c0e e-flex e-con-boxed e-con e-parent\" data-id=\"8385c0e\" data-element_type=\"container\" data-e-type=\"container\">\n\t\t\t\t\t<div class=\"e-con-inner\">\n\t\t\t\t<div class=\"elementor-element elementor-element-bba919d elementor-widget elementor-widget-text-editor\" data-id=\"bba919d\" data-element_type=\"widget\" data-e-type=\"widget\" data-widget_type=\"text-editor.default\">\n\t\t\t\t\t\t\t\t\t<p>Muchos migrantes guatemaltecos en Estados Unidos encuentran empleo en sectores como la construcci\u00f3n, bodegas, mudanzas y f\u00e1bricas, donde levantar, cargar o jalar objetos pesados es parte del d\u00eda a d\u00eda.<\/p><p>Sin embargo, <a href=\"https:\/\/soymigrante.com\/revista\/sueno-que-ocurre-si-no-duermo-bien-descanso\/\" target=\"_blank\" rel=\"noopener\">el esfuerzo f\u00edsico constante puede causar lesiones musculares, dolor cr\u00f3nico e incluso afectar la movilidad a largo plazo<\/a>, seg\u00fan el fisioterapeuta, Andr\u00e9 Calvo, es importante cuiar los musculos, m\u00e1s si se trabaja con ellos.<\/p>\t\t\t\t\t\t\t\t<\/div>\n\t\t\t\t\t<\/div>\n\t\t\t\t<\/div>\n\t\t<div data-particle_enable=\"false\" data-particle-mobile-disabled=\"false\" class=\"elementor-element elementor-element-bf46f30 e-flex e-con-boxed e-con e-parent\" data-id=\"bf46f30\" data-element_type=\"container\" data-e-type=\"container\">\n\t\t\t\t\t<div class=\"e-con-inner\">\n\t\t\t\t<div class=\"elementor-element elementor-element-e2abf3c elementor-widget elementor-widget-heading\" data-id=\"e2abf3c\" data-element_type=\"widget\" data-e-type=\"widget\" data-widget_type=\"heading.default\">\n\t\t\t\t\t<h3 class=\"elementor-heading-title elementor-size-default\">Cuidados esenciales para los m\u00fasculos<\/h3>\t\t\t\t<\/div>\n\t\t\t\t\t<\/div>\n\t\t\t\t<\/div>\n\t\t<div data-particle_enable=\"false\" data-particle-mobile-disabled=\"false\" class=\"elementor-element elementor-element-492c3e2 e-flex e-con-boxed e-con e-parent\" data-id=\"492c3e2\" data-element_type=\"container\" data-e-type=\"container\">\n\t\t\t\t\t<div class=\"e-con-inner\">\n\t\t\t\t<div class=\"elementor-element elementor-element-7695d9b elementor-widget elementor-widget-heading\" data-id=\"7695d9b\" data-element_type=\"widget\" data-e-type=\"widget\" data-widget_type=\"heading.default\">\n\t\t\t\t\t<h3 class=\"elementor-heading-title elementor-size-default\">1. Calentamiento antes de empezar<\/h3>\t\t\t\t<\/div>\n\t\t\t\t\t<\/div>\n\t\t\t\t<\/div>\n\t\t<div data-particle_enable=\"false\" data-particle-mobile-disabled=\"false\" class=\"elementor-element elementor-element-073ec67 e-flex e-con-boxed e-con e-parent\" data-id=\"073ec67\" data-element_type=\"container\" data-e-type=\"container\">\n\t\t\t\t\t<div class=\"e-con-inner\">\n\t\t\t\t<div class=\"elementor-element elementor-element-a17487a elementor-widget elementor-widget-text-editor\" data-id=\"a17487a\" data-element_type=\"widget\" data-e-type=\"widget\" data-widget_type=\"text-editor.default\">\n\t\t\t\t\t\t\t\t\t<div>Antes de cargar peso, es fundamental preparar el cuerpo. <a href=\"https:\/\/soymigrante.com\/revista\/sueno-que-ocurre-si-no-duermo-bien-descanso\/\" target=\"_blank\" rel=\"noopener\">Un calentamiento de 5 a 10 minutos con estiramientos din\u00e1micos a<\/a>yuda a evitar lesiones. Algunas opciones incluyen:<\/div><div>\u2022Movimientos circulares de brazos y hombros.<\/div><div>\u2022Inclinaciones laterales y hacia adelante.<\/div><div>\u2022Estiramientos de piernas y espalda baja.<\/div>\t\t\t\t\t\t\t\t<\/div>\n\t\t\t\t\t<\/div>\n\t\t\t\t<\/div>\n\t\t<div data-particle_enable=\"false\" data-particle-mobile-disabled=\"false\" class=\"elementor-element elementor-element-40912bc e-flex e-con-boxed e-con e-parent\" data-id=\"40912bc\" data-element_type=\"container\" data-e-type=\"container\">\n\t\t\t\t\t<div class=\"e-con-inner\">\n\t\t\t\t<div class=\"elementor-element elementor-element-157583e elementor-widget elementor-widget-heading\" data-id=\"157583e\" data-element_type=\"widget\" data-e-type=\"widget\" data-widget_type=\"heading.default\">\n\t\t\t\t\t<h3 class=\"elementor-heading-title elementor-size-default\">2. T\u00e9cnica correcta al levantar peso<\/h3>\t\t\t\t<\/div>\n\t\t\t\t\t<\/div>\n\t\t\t\t<\/div>\n\t\t<div data-particle_enable=\"false\" data-particle-mobile-disabled=\"false\" class=\"elementor-element elementor-element-4833203 e-flex e-con-boxed e-con e-parent\" data-id=\"4833203\" data-element_type=\"container\" data-e-type=\"container\">\n\t\t\t\t\t<div class=\"e-con-inner\">\n\t\t\t\t<div class=\"elementor-element elementor-element-504dcc1 elementor-widget elementor-widget-text-editor\" data-id=\"504dcc1\" data-element_type=\"widget\" data-e-type=\"widget\" data-widget_type=\"text-editor.default\">\n\t\t\t\t\t\t\t\t\t<div><a href=\"https:\/\/soymigrante.com\/revista\/sueno-que-ocurre-si-no-duermo-bien-descanso\/\" target=\"_blank\" rel=\"noopener\">Muchas lesiones ocurren por una mala postura al levantar objetos<\/a>. Para reducir el riesgo de da\u00f1o muscular:<\/div><div>\u2022Dobla las rodillas, no la espalda.<\/div><div>\u2022Mant\u00e9n la carga cerca del cuerpo.<\/div><div>\u2022Usa la fuerza de las piernas para levantarte.<\/div><div>\u2022Evita giros bruscos con peso en las manos.<\/div>\t\t\t\t\t\t\t\t<\/div>\n\t\t\t\t\t<\/div>\n\t\t\t\t<\/div>\n\t\t<div data-particle_enable=\"false\" data-particle-mobile-disabled=\"false\" class=\"elementor-element elementor-element-00e246d e-flex e-con-boxed e-con e-parent\" data-id=\"00e246d\" data-element_type=\"container\" data-e-type=\"container\">\n\t\t\t\t\t<div class=\"e-con-inner\">\n\t\t\t\t<div class=\"elementor-element elementor-element-afa6f71 elementor-widget elementor-widget-image\" data-id=\"afa6f71\" data-element_type=\"widget\" data-e-type=\"widget\" data-widget_type=\"image.default\">\n\t\t\t\t\t\t\t\t\t\t\t\t<figure class=\"wp-caption\">\n\t\t\t\t\t\t\t\t\t\t<img fetchpriority=\"high\" decoding=\"async\" width=\"768\" height=\"514\" src=\"https:\/\/soymigrante.com\/revista\/wp-content\/uploads\/2025\/02\/Co\u0301mo-cuidar-los-mu\u0301sculos-si-trabajas-en-labores-fi\u0301sicas-1-1024x685.jpg\" class=\"attachment-large size-large wp-image-23929\" alt=\"C\u00f3mo cuidar los m\u00fasculos si trabajas en labores f\u00edsicas\" srcset=\"https:\/\/soymigrante.com\/revista\/wp-content\/uploads\/2025\/02\/Co\u0301mo-cuidar-los-mu\u0301sculos-si-trabajas-en-labores-fi\u0301sicas-1-1024x685.jpg 1024w, https:\/\/soymigrante.com\/revista\/wp-content\/uploads\/2025\/02\/Co\u0301mo-cuidar-los-mu\u0301sculos-si-trabajas-en-labores-fi\u0301sicas-1-300x201.jpg 300w, https:\/\/soymigrante.com\/revista\/wp-content\/uploads\/2025\/02\/Co\u0301mo-cuidar-los-mu\u0301sculos-si-trabajas-en-labores-fi\u0301sicas-1-768x514.jpg 768w, https:\/\/soymigrante.com\/revista\/wp-content\/uploads\/2025\/02\/Co\u0301mo-cuidar-los-mu\u0301sculos-si-trabajas-en-labores-fi\u0301sicas-1-1536x1028.jpg 1536w, https:\/\/soymigrante.com\/revista\/wp-content\/uploads\/2025\/02\/Co\u0301mo-cuidar-los-mu\u0301sculos-si-trabajas-en-labores-fi\u0301sicas-1-2048x1371.jpg 2048w, https:\/\/soymigrante.com\/revista\/wp-content\/uploads\/2025\/02\/Co\u0301mo-cuidar-los-mu\u0301sculos-si-trabajas-en-labores-fi\u0301sicas-1-750x502.webp 750w, https:\/\/soymigrante.com\/revista\/wp-content\/uploads\/2025\/02\/Co\u0301mo-cuidar-los-mu\u0301sculos-si-trabajas-en-labores-fi\u0301sicas-1-1140x763.webp 1140w, https:\/\/soymigrante.com\/revista\/wp-content\/uploads\/2025\/02\/Co\u0301mo-cuidar-los-mu\u0301sculos-si-trabajas-en-labores-fi\u0301sicas-1-scaled.webp 1920w\" sizes=\"(max-width: 768px) 100vw, 768px\" title=\"Co\u0301mo cuidar los mu\u0301sculos si trabajas en labores fi\u0301sicas 1 \u2013 SoyMigrante.com REVISTA\" \/>\t\t\t\t\t\t\t\t\t\t\t<figcaption class=\"widget-image-caption wp-caption-text\">Cuidar los m\u00fasculos es esencial para la calidad de vida. (Foto: Pexels)<\/figcaption>\n\t\t\t\t\t\t\t\t\t\t<\/figure>\n\t\t\t\t\t\t\t\t\t<\/div>\n\t\t\t\t\t<\/div>\n\t\t\t\t<\/div>\n\t\t<div data-particle_enable=\"false\" data-particle-mobile-disabled=\"false\" class=\"elementor-element elementor-element-4f1fb8a e-flex e-con-boxed e-con e-parent\" data-id=\"4f1fb8a\" data-element_type=\"container\" data-e-type=\"container\">\n\t\t\t\t\t<div class=\"e-con-inner\">\n\t\t\t\t<div class=\"elementor-element elementor-element-3987964 elementor-widget elementor-widget-heading\" data-id=\"3987964\" data-element_type=\"widget\" data-e-type=\"widget\" data-widget_type=\"heading.default\">\n\t\t\t\t\t<h3 class=\"elementor-heading-title elementor-size-default\">3. Uso de equipo de apoyo<\/h3>\t\t\t\t<\/div>\n\t\t\t\t\t<\/div>\n\t\t\t\t<\/div>\n\t\t<div data-particle_enable=\"false\" data-particle-mobile-disabled=\"false\" class=\"elementor-element elementor-element-1146bac e-flex e-con-boxed e-con e-parent\" data-id=\"1146bac\" data-element_type=\"container\" data-e-type=\"container\">\n\t\t\t\t\t<div class=\"e-con-inner\">\n\t\t\t\t<div class=\"elementor-element elementor-element-3aa1142 elementor-widget elementor-widget-text-editor\" data-id=\"3aa1142\" data-element_type=\"widget\" data-e-type=\"widget\" data-widget_type=\"text-editor.default\">\n\t\t\t\t\t\t\t\t\t<div><a href=\"https:\/\/soymigrante.com\/revista\/sueno-que-ocurre-si-no-duermo-bien-descanso\/\" target=\"_blank\" rel=\"noopener\">Si el trabajo requiere cargar peso con frecuencia<\/a>, es recomendable usar herramientas como:<\/div><div>\u2022Fajas lumbares para reducir la tensi\u00f3n en la espalda.<\/div><div>\u2022Guantes de trabajo para mejorar el agarre y evitar lesiones en las manos.<\/div><div>\u2022Carretillas o montacargas para trasladar objetos pesados sin sobrecargar el cuerpo.<\/div>\t\t\t\t\t\t\t\t<\/div>\n\t\t\t\t\t<\/div>\n\t\t\t\t<\/div>\n\t\t<div data-particle_enable=\"false\" data-particle-mobile-disabled=\"false\" class=\"elementor-element elementor-element-f5e4dfb e-flex e-con-boxed e-con e-parent\" data-id=\"f5e4dfb\" data-element_type=\"container\" data-e-type=\"container\">\n\t\t\t\t\t<div class=\"e-con-inner\">\n\t\t\t\t<div class=\"elementor-element elementor-element-ee0f3e4 elementor-widget elementor-widget-heading\" data-id=\"ee0f3e4\" data-element_type=\"widget\" data-e-type=\"widget\" data-widget_type=\"heading.default\">\n\t\t\t\t\t<h3 class=\"elementor-heading-title elementor-size-default\">4. Hidrataci\u00f3n y alimentaci\u00f3n adecuada<\/h3>\t\t\t\t<\/div>\n\t\t\t\t\t<\/div>\n\t\t\t\t<\/div>\n\t\t<div data-particle_enable=\"false\" data-particle-mobile-disabled=\"false\" class=\"elementor-element elementor-element-d48b548 e-flex e-con-boxed e-con e-parent\" data-id=\"d48b548\" data-element_type=\"container\" data-e-type=\"container\">\n\t\t\t\t\t<div class=\"e-con-inner\">\n\t\t\t\t<div class=\"elementor-element elementor-element-43d6ead elementor-widget elementor-widget-text-editor\" data-id=\"43d6ead\" data-element_type=\"widget\" data-e-type=\"widget\" data-widget_type=\"text-editor.default\">\n\t\t\t\t\t\t\t\t\t<div><a href=\"https:\/\/soymigrante.com\/revista\/sueno-que-ocurre-si-no-duermo-bien-descanso\/\" target=\"_blank\" rel=\"noopener\">Los m\u00fasculos necesitan agua y nutrientes para funcionar correctamente<\/a>. Para mantener la fuerza y resistencia, es importante:<\/div><div>\u2022Tomar suficiente agua durante la jornada.<\/div><div>\u2022Consumir prote\u00ednas (pollo, huevos, frijoles) para la recuperaci\u00f3n muscular.<\/div><div>\u2022Incluir frutas y verduras para obtener vitaminas esenciales.<\/div>\t\t\t\t\t\t\t\t<\/div>\n\t\t\t\t\t<\/div>\n\t\t\t\t<\/div>\n\t\t<div data-particle_enable=\"false\" data-particle-mobile-disabled=\"false\" class=\"elementor-element elementor-element-4ffe519 e-flex e-con-boxed e-con e-parent\" data-id=\"4ffe519\" data-element_type=\"container\" data-e-type=\"container\">\n\t\t\t\t\t<div class=\"e-con-inner\">\n\t\t\t\t<div class=\"elementor-element elementor-element-fb63c49 elementor-widget elementor-widget-image\" data-id=\"fb63c49\" data-element_type=\"widget\" data-e-type=\"widget\" data-widget_type=\"image.default\">\n\t\t\t\t\t\t\t\t\t\t\t\t<figure class=\"wp-caption\">\n\t\t\t\t\t\t\t\t\t\t<img decoding=\"async\" width=\"577\" height=\"1024\" src=\"https:\/\/soymigrante.com\/revista\/wp-content\/uploads\/2025\/02\/Co\u0301mo-cuidar-los-mu\u0301sculos-si-trabajas-en-labores-fi\u0301sicas-4-577x1024.jpg\" class=\"attachment-large size-large wp-image-23930\" alt=\"C\u00f3mo cuidar los m\u00fasculos si trabajas en labores f\u00edsicas\" srcset=\"https:\/\/soymigrante.com\/revista\/wp-content\/uploads\/2025\/02\/Co\u0301mo-cuidar-los-mu\u0301sculos-si-trabajas-en-labores-fi\u0301sicas-4-577x1024.jpg 577w, https:\/\/soymigrante.com\/revista\/wp-content\/uploads\/2025\/02\/Co\u0301mo-cuidar-los-mu\u0301sculos-si-trabajas-en-labores-fi\u0301sicas-4-169x300.jpg 169w, https:\/\/soymigrante.com\/revista\/wp-content\/uploads\/2025\/02\/Co\u0301mo-cuidar-los-mu\u0301sculos-si-trabajas-en-labores-fi\u0301sicas-4-768x1363.jpg 768w, https:\/\/soymigrante.com\/revista\/wp-content\/uploads\/2025\/02\/Co\u0301mo-cuidar-los-mu\u0301sculos-si-trabajas-en-labores-fi\u0301sicas-4-865x1536.jpg 865w, https:\/\/soymigrante.com\/revista\/wp-content\/uploads\/2025\/02\/Co\u0301mo-cuidar-los-mu\u0301sculos-si-trabajas-en-labores-fi\u0301sicas-4-1154x2048.jpg 1154w, https:\/\/soymigrante.com\/revista\/wp-content\/uploads\/2025\/02\/Co\u0301mo-cuidar-los-mu\u0301sculos-si-trabajas-en-labores-fi\u0301sicas-4-750x1332.webp 750w, https:\/\/soymigrante.com\/revista\/wp-content\/uploads\/2025\/02\/Co\u0301mo-cuidar-los-mu\u0301sculos-si-trabajas-en-labores-fi\u0301sicas-4-1140x2024.webp 1081w, https:\/\/soymigrante.com\/revista\/wp-content\/uploads\/2025\/02\/Co\u0301mo-cuidar-los-mu\u0301sculos-si-trabajas-en-labores-fi\u0301sicas-4-scaled.webp 1082w\" sizes=\"(max-width: 577px) 100vw, 577px\" title=\"Co\u0301mo cuidar los mu\u0301sculos si trabajas en labores fi\u0301sicas 4 \u2013 SoyMigrante.com REVISTA\" \/>\t\t\t\t\t\t\t\t\t\t\t<figcaption class=\"widget-image-caption wp-caption-text\">No exigirle dem\u00e1s a los m\u00fasculos es una de las recomendaciones del profesional. (Foto: Pexels)<\/figcaption>\n\t\t\t\t\t\t\t\t\t\t<\/figure>\n\t\t\t\t\t\t\t\t\t<\/div>\n\t\t\t\t\t<\/div>\n\t\t\t\t<\/div>\n\t\t<div data-particle_enable=\"false\" data-particle-mobile-disabled=\"false\" class=\"elementor-element elementor-element-e2e6b2e e-flex e-con-boxed e-con e-parent\" data-id=\"e2e6b2e\" data-element_type=\"container\" data-e-type=\"container\">\n\t\t\t\t\t<div class=\"e-con-inner\">\n\t\t\t\t<div class=\"elementor-element elementor-element-6cae979 elementor-widget elementor-widget-heading\" data-id=\"6cae979\" data-element_type=\"widget\" data-e-type=\"widget\" data-widget_type=\"heading.default\">\n\t\t\t\t\t<h3 class=\"elementor-heading-title elementor-size-default\">5. Descanso y recuperaci\u00f3n<\/h3>\t\t\t\t<\/div>\n\t\t\t\t\t<\/div>\n\t\t\t\t<\/div>\n\t\t<div data-particle_enable=\"false\" data-particle-mobile-disabled=\"false\" class=\"elementor-element elementor-element-3fa27b6 e-flex e-con-boxed e-con e-parent\" data-id=\"3fa27b6\" data-element_type=\"container\" data-e-type=\"container\">\n\t\t\t\t\t<div class=\"e-con-inner\">\n\t\t\t\t<div class=\"elementor-element elementor-element-62a0906 elementor-widget elementor-widget-text-editor\" data-id=\"62a0906\" data-element_type=\"widget\" data-e-type=\"widget\" data-widget_type=\"text-editor.default\">\n\t\t\t\t\t\t\t\t\t<div><a href=\"https:\/\/soymigrante.com\/revista\/sueno-que-ocurre-si-no-duermo-bien-descanso\/\" target=\"_blank\" rel=\"noopener\">El cuerpo necesita tiempo para recuperarse<\/a>. Algunas formas de cuidar los m\u00fasculos despu\u00e9s del trabajo son:<\/div><div>\u2022Aplicar compresas fr\u00edas o calientes en zonas adoloridas.<\/div><div>\u2022Hacer estiramientos antes de dormir.<\/div><div>\u2022Dormir al menos 7 horas por noche para la regeneraci\u00f3n muscular.<\/div>\t\t\t\t\t\t\t\t<\/div>\n\t\t\t\t\t<\/div>\n\t\t\t\t<\/div>\n\t\t<div data-particle_enable=\"false\" data-particle-mobile-disabled=\"false\" class=\"elementor-element elementor-element-a0053df e-flex e-con-boxed e-con e-parent\" data-id=\"a0053df\" data-element_type=\"container\" data-e-type=\"container\">\n\t\t\t\t\t<div class=\"e-con-inner\">\n\t\t\t\t<div class=\"elementor-element elementor-element-a268bec elementor-widget elementor-widget-heading\" data-id=\"a268bec\" data-element_type=\"widget\" data-e-type=\"widget\" data-widget_type=\"heading.default\">\n\t\t\t\t\t<h3 class=\"elementor-heading-title elementor-size-default\">6. Escuchar al cuerpo y buscar atenci\u00f3n m\u00e9dica<\/h3>\t\t\t\t<\/div>\n\t\t\t\t\t<\/div>\n\t\t\t\t<\/div>\n\t\t<div data-particle_enable=\"false\" data-particle-mobile-disabled=\"false\" class=\"elementor-element elementor-element-65e796c e-flex e-con-boxed e-con e-parent\" data-id=\"65e796c\" data-element_type=\"container\" data-e-type=\"container\">\n\t\t\t\t\t<div class=\"e-con-inner\">\n\t\t\t\t<div class=\"elementor-element elementor-element-2d772bd elementor-widget elementor-widget-text-editor\" data-id=\"2d772bd\" data-element_type=\"widget\" data-e-type=\"widget\" data-widget_type=\"text-editor.default\">\n\t\t\t\t\t\t\t\t\t<p>\u201cSi el dolor persiste o se presentan s\u00edntomas como inflamaci\u00f3n, hormigueo o p\u00e9rdida de fuerza, es importante consultar con los profesionales. Ignorar las se\u00f1ales del cuerpo puede llevar a problemas cr\u00f3nicos o lesiones m\u00e1s graves\u201d, mencion\u00f3, Calvo.<\/p><p>Adoptar h\u00e1bitos saludables y utilizar las herramientas correctas no solo mejora el rendimiento en el trabajo, <a href=\"https:\/\/soymigrante.com\/revista\/sueno-que-ocurre-si-no-duermo-bien-descanso\/\" target=\"_blank\" rel=\"noopener\">sino que tambi\u00e9n garantiza una mejor calidad de vida.<\/a><\/p>\t\t\t\t\t\t\t\t<\/div>\n\t\t\t\t\t<\/div>\n\t\t\t\t<\/div>\n\t\t<div data-particle_enable=\"false\" data-particle-mobile-disabled=\"false\" class=\"elementor-element elementor-element-ad4d8b6 e-flex e-con-boxed e-con e-parent\" data-id=\"ad4d8b6\" data-element_type=\"container\" data-e-type=\"container\">\n\t\t\t\t\t<div class=\"e-con-inner\">\n\t\t\t\t<div class=\"elementor-element elementor-element-078c074 elementor-widget elementor-widget-heading\" data-id=\"078c074\" data-element_type=\"widget\" data-e-type=\"widget\" data-widget_type=\"heading.default\">\n\t\t\t\t\t<h2 class=\"elementor-heading-title elementor-size-default\">Te puede ayudar al cuerpo y la mente...<\/h2>\t\t\t\t<\/div>\n\t\t\t\t\t<\/div>\n\t\t\t\t<\/div>\n\t\t<div data-particle_enable=\"false\" data-particle-mobile-disabled=\"false\" class=\"elementor-element elementor-element-2390091 e-flex e-con-boxed e-con e-parent\" data-id=\"2390091\" data-element_type=\"container\" data-e-type=\"container\">\n\t\t\t\t\t<div class=\"e-con-inner\">\n\t\t\t\t<div class=\"elementor-element elementor-element-7373f0a elementor-grid-eael-col-3 elementor-grid-tablet-eael-col-2 elementor-grid-mobile-eael-col-1 elementor-widget elementor-widget-eael-post-grid\" data-id=\"7373f0a\" data-element_type=\"widget\" data-e-type=\"widget\" data-settings=\"{&quot;eael_post_grid_columns&quot;:&quot;eael-col-3&quot;,&quot;eael_post_grid_columns_tablet&quot;:&quot;eael-col-2&quot;,&quot;eael_post_grid_columns_mobile&quot;:&quot;eael-col-1&quot;}\" data-widget_type=\"eael-post-grid.default\">\n\t\t\t\t\t<div id=\"eael-post-grid-7373f0a\" class=\"eael-post-grid-container\">\n            <div class=\"eael-post-grid eael-post-appender eael-post-appender-7373f0a eael-post-grid-style-one\" data-layout-mode=\"masonry\"><article class=\"eael-grid-post  eael-post-grid-column eael-pg-post-10377 category-bienestar\" data-id=\"10377\">\n        <div class=\"eael-grid-post-holder\">\n            <div class=\"eael-grid-post-holder-inner\"><div class=\"eael-entry-media\"><div class=\"eael-entry-overlay fade-in\"><i class=\"far fa-hand-pointer\" aria-hidden=\"true\"><\/i><a href=\"https:\/\/soymigrante.com\/revista\/la-importancia-de-descansar-cuerpo-y-mente-piden-pausa\/\"><\/a><\/div><div class=\"eael-entry-thumbnail \">\n                <img decoding=\"async\" width=\"1024\" height=\"682\" src=\"https:\/\/soymigrante.com\/revista\/wp-content\/uploads\/2024\/10\/La-importancia-de-descansar-el-cuerpo-y-la-mente-piden-pausa2-1024x682.webp\" class=\"attachment-large size-large wp-image-10378\" alt=\"Dormilona con cabello rizado descansando en la cama, mostrando la importancia del descanso y bienestar en la comunidad migrante.\" srcset=\"https:\/\/soymigrante.com\/revista\/wp-content\/uploads\/2024\/10\/La-importancia-de-descansar-el-cuerpo-y-la-mente-piden-pausa2-1024x682.webp 1024w, https:\/\/soymigrante.com\/revista\/wp-content\/uploads\/2024\/10\/La-importancia-de-descansar-el-cuerpo-y-la-mente-piden-pausa2-300x200.webp 300w, https:\/\/soymigrante.com\/revista\/wp-content\/uploads\/2024\/10\/La-importancia-de-descansar-el-cuerpo-y-la-mente-piden-pausa2-768x511.webp 768w, https:\/\/soymigrante.com\/revista\/wp-content\/uploads\/2024\/10\/La-importancia-de-descansar-el-cuerpo-y-la-mente-piden-pausa2-1536x1022.webp 1536w, https:\/\/soymigrante.com\/revista\/wp-content\/uploads\/2024\/10\/La-importancia-de-descansar-el-cuerpo-y-la-mente-piden-pausa2-scaled.webp 1920w, https:\/\/soymigrante.com\/revista\/wp-content\/uploads\/2024\/10\/La-importancia-de-descansar-el-cuerpo-y-la-mente-piden-pausa2-750x499.webp 750w, https:\/\/soymigrante.com\/revista\/wp-content\/uploads\/2024\/10\/La-importancia-de-descansar-el-cuerpo-y-la-mente-piden-pausa2-1140x759.webp 1140w\" sizes=\"(max-width: 1024px) 100vw, 1024px\" \/>\n            <\/div>\n        <\/div><div class=\"eael-entry-wrapper\"><header class=\"eael-entry-header\"><h2 class=\"eael-entry-title\"><a class=\"eael-grid-post-link\" href=\"https:\/\/soymigrante.com\/revista\/la-importancia-de-descansar-cuerpo-y-mente-piden-pausa\/\" title=\"La importancia de descansar: cuerpo y mente piden pausa\">La importancia de descansar: cuerpo y mente piden pausa<\/a><\/h2><\/header><div class=\"eael-entry-content\">\n                        <div class=\"eael-grid-post-excerpt\"><a href=\"https:\/\/soymigrante.com\/revista\/la-importancia-de-descansar-cuerpo-y-mente-piden-pausa\/\" class=\"eael-post-elements-readmore-btn\">CONOCE SU HISTORIA <\/a><\/div>\n                    <\/div><\/div><\/div>\n        <\/div>\n    <\/article><article class=\"eael-grid-post  eael-post-grid-column eael-pg-post-8254 category-bienestar\" data-id=\"8254\">\n        <div class=\"eael-grid-post-holder\">\n            <div class=\"eael-grid-post-holder-inner\"><div class=\"eael-entry-media\"><div class=\"eael-entry-overlay fade-in\"><i class=\"far fa-hand-pointer\" aria-hidden=\"true\"><\/i><a href=\"https:\/\/soymigrante.com\/revista\/hablarles-a-los-hijos-con-la-verdad-siempre-sera-el-camino\/\"><\/a><\/div><div class=\"eael-entry-thumbnail \">\n                <img loading=\"lazy\" decoding=\"async\" width=\"771\" height=\"771\" src=\"https:\/\/soymigrante.com\/revista\/wp-content\/uploads\/2024\/08\/familia-hablarle-hijos.webp\" class=\"attachment-large size-large wp-image-8286\" alt=\"Familia en silhouette disfrutando del atardecer, simbolizando uni\u00f3n y esperanza, en una imagen inspiradora sobre migraci\u00f3n y comunidad en SoyMigrante.com REVISTA.\" srcset=\"https:\/\/soymigrante.com\/revista\/wp-content\/uploads\/2024\/08\/familia-hablarle-hijos.webp 771w, https:\/\/soymigrante.com\/revista\/wp-content\/uploads\/2024\/08\/familia-hablarle-hijos-300x300.webp 300w, https:\/\/soymigrante.com\/revista\/wp-content\/uploads\/2024\/08\/familia-hablarle-hijos-150x150.webp 150w, https:\/\/soymigrante.com\/revista\/wp-content\/uploads\/2024\/08\/familia-hablarle-hijos-768x768.webp 768w, https:\/\/soymigrante.com\/revista\/wp-content\/uploads\/2024\/08\/familia-hablarle-hijos-75x75.webp 75w, https:\/\/soymigrante.com\/revista\/wp-content\/uploads\/2024\/08\/familia-hablarle-hijos-750x750.webp 750w\" sizes=\"(max-width: 771px) 100vw, 771px\" \/>\n            <\/div>\n        <\/div><div class=\"eael-entry-wrapper\"><header class=\"eael-entry-header\"><h2 class=\"eael-entry-title\"><a class=\"eael-grid-post-link\" href=\"https:\/\/soymigrante.com\/revista\/hablarles-a-los-hijos-con-la-verdad-siempre-sera-el-camino\/\" title=\"Hablarles a los hijos con la verdad, siempre ser\u00e1 el camino\">Hablarles a los hijos con la verdad, siempre ser\u00e1 el camino<\/a><\/h2><\/header><div class=\"eael-entry-content\">\n                        <div class=\"eael-grid-post-excerpt\"><a href=\"https:\/\/soymigrante.com\/revista\/hablarles-a-los-hijos-con-la-verdad-siempre-sera-el-camino\/\" class=\"eael-post-elements-readmore-btn\">CONOCE SU HISTORIA <\/a><\/div>\n                    <\/div><\/div><\/div>\n        <\/div>\n    <\/article><article class=\"eael-grid-post  eael-post-grid-column eael-pg-post-1235 category-bienestar\" data-id=\"1235\">\n        <div class=\"eael-grid-post-holder\">\n            <div class=\"eael-grid-post-holder-inner\"><div class=\"eael-entry-media\"><div class=\"eael-entry-overlay fade-in\"><i class=\"far fa-hand-pointer\" aria-hidden=\"true\"><\/i><a href=\"https:\/\/soymigrante.com\/revista\/superar-emociones-negativas-al-migrar\/\"><\/a><\/div><div class=\"eael-entry-thumbnail \">\n                <img loading=\"lazy\" decoding=\"async\" width=\"1024\" height=\"1024\" src=\"https:\/\/soymigrante.com\/revista\/wp-content\/uploads\/2023\/06\/SUPERAR-MIGRACION-ARTICULO-HENRY-ARMAS-1-1024x1024.png\" class=\"attachment-large size-large wp-image-1236\" alt=\"\" srcset=\"https:\/\/soymigrante.com\/revista\/wp-content\/uploads\/2023\/06\/SUPERAR-MIGRACION-ARTICULO-HENRY-ARMAS-1-1024x1024.png 1024w, https:\/\/soymigrante.com\/revista\/wp-content\/uploads\/2023\/06\/SUPERAR-MIGRACION-ARTICULO-HENRY-ARMAS-1-300x300.webp 300w, https:\/\/soymigrante.com\/revista\/wp-content\/uploads\/2023\/06\/SUPERAR-MIGRACION-ARTICULO-HENRY-ARMAS-1-150x150.webp 150w, https:\/\/soymigrante.com\/revista\/wp-content\/uploads\/2023\/06\/SUPERAR-MIGRACION-ARTICULO-HENRY-ARMAS-1-768x768.png 768w, https:\/\/soymigrante.com\/revista\/wp-content\/uploads\/2023\/06\/SUPERAR-MIGRACION-ARTICULO-HENRY-ARMAS-1-1536x1536.png 1536w, https:\/\/soymigrante.com\/revista\/wp-content\/uploads\/2023\/06\/SUPERAR-MIGRACION-ARTICULO-HENRY-ARMAS-1-2048x2048.png 2048w, https:\/\/soymigrante.com\/revista\/wp-content\/uploads\/2023\/06\/SUPERAR-MIGRACION-ARTICULO-HENRY-ARMAS-1-75x75.webp 75w, https:\/\/soymigrante.com\/revista\/wp-content\/uploads\/2023\/06\/SUPERAR-MIGRACION-ARTICULO-HENRY-ARMAS-1-750x750.webp 750w, https:\/\/soymigrante.com\/revista\/wp-content\/uploads\/2023\/06\/SUPERAR-MIGRACION-ARTICULO-HENRY-ARMAS-1-1140x1140.png 1140w, https:\/\/soymigrante.com\/revista\/wp-content\/uploads\/2023\/06\/SUPERAR-MIGRACION-ARTICULO-HENRY-ARMAS-1-600x600.png 600w, https:\/\/soymigrante.com\/revista\/wp-content\/uploads\/2023\/06\/SUPERAR-MIGRACION-ARTICULO-HENRY-ARMAS-1.webp 1919w\" sizes=\"(max-width: 1024px) 100vw, 1024px\" \/>\n            <\/div>\n        <\/div><div class=\"eael-entry-wrapper\"><header class=\"eael-entry-header\"><h2 class=\"eael-entry-title\"><a class=\"eael-grid-post-link\" href=\"https:\/\/soymigrante.com\/revista\/superar-emociones-negativas-al-migrar\/\" title=\"Cinco herramientas para superar emociones negativas al migrar\">Cinco herramientas para superar emociones negativas al migrar<\/a><\/h2><\/header><div class=\"eael-entry-content\">\n                        <div class=\"eael-grid-post-excerpt\"><a href=\"https:\/\/soymigrante.com\/revista\/superar-emociones-negativas-al-migrar\/\" class=\"eael-post-elements-readmore-btn\">CONOCE SU HISTORIA <\/a><\/div>\n                    <\/div><\/div><\/div>\n        <\/div>\n    <\/article><\/div>\n            <div class=\"clearfix\"><\/div>\n        <\/div>\t\t\t\t<\/div>\n\t\t\t\t\t<\/div>\n\t\t\t\t<\/div>\n\t\t\t\t<\/div>\n\t\t","protected":false},"excerpt":{"rendered":"<p>Trabajar en labores f\u00edsicas en EE.UU. puede ser agotador, pero con los cuidados adecuados, es posible proteger los m\u00fasculos y evitar lesiones a largo plazo. Muchos migrantes guatemaltecos en Estados Unidos encuentran empleo en sectores como la construcci\u00f3n, bodegas, mudanzas y f\u00e1bricas, donde levantar, cargar o jalar objetos pesados es parte del d\u00eda a d\u00eda. [&hellip;]<\/p>\n","protected":false},"author":19,"featured_media":23919,"comment_status":"open","ping_status":"open","sticky":false,"template":"","format":"standard","meta":{"_acf_changed":false,"_eb_attr":"","footnotes":""},"categories":[55],"tags":[],"class_list":["post-23918","post","type-post","status-publish","format-standard","has-post-thumbnail","hentry","category-bienestar"],"acf":[],"aioseo_notices":[],"aioseo_head":"\n\t\t<!-- All in One SEO Pro 4.9.6.2 - aioseo.com -->\n\t<meta name=\"description\" content=\"Existen emociones y sentimientos que pueden afectar el desempe\u00f1o, la visi\u00f3n y las convicciones del migrante guatemalteco que busca un mejor futuro. Pero tambi\u00e9n hay herramientas para controlar tales sensaciones: estas son cinco de ellas. Por Andr\u00e9 Armas Bran, educador y consejero de bienestar radicado en Guatemala. Un migrante tarde o temprano experimenta emociones negativas.\" \/>\n\t<meta name=\"robots\" content=\"max-snippet:-1, max-image-preview:large, max-video-preview:-1\" \/>\n\t<meta name=\"author\" content=\"SoyMigrante.com REVISTA\"\/>\n\t<link rel=\"canonical\" href=\"https:\/\/soymigrante.com\/revista\/superar-emociones-negativas-al-migrar\/\" \/>\n\t<meta name=\"generator\" content=\"All in One SEO Pro (AIOSEO) 4.9.6.2\" \/>\n\n\t\t<link rel=\"preconnect\" href=\"https:\/\/fonts.googleapis.com\" crossorigin>\n<link rel=\"preconnect\" href=\"https:\/\/fonts.gstatic.com\" crossorigin>\n\t\t<meta property=\"og:locale\" content=\"es_ES\" \/>\n\t\t<meta property=\"og:site_name\" content=\"SoyMigrante.com REVISTA \u2013 Nuestra misi\u00f3n es reconocer y dignificar al migrante.\" \/>\n\t\t<meta property=\"og:type\" content=\"article\" \/>\n\t\t<meta property=\"og:title\" content=\"Cinco herramientas para superar emociones negativas al migrar\" \/>\n\t\t<meta property=\"og:description\" content=\"Existen emociones y sentimientos que pueden afectar el desempe\u00f1o, la visi\u00f3n y las convicciones del migrante guatemalteco que busca un mejor futuro. Pero tambi\u00e9n hay herramientas para controlar tales sensaciones: estas son cinco de ellas. Por Andr\u00e9 Armas Bran, educador y consejero de bienestar radicado en Guatemala. Un migrante tarde o temprano experimenta emociones negativas.\" \/>\n\t\t<meta property=\"og:url\" content=\"https:\/\/soymigrante.com\/revista\/superar-emociones-negativas-al-migrar\/\" \/>\n\t\t<meta property=\"og:image\" content=\"https:\/\/soymigrante.com\/revista\/wp-content\/uploads\/2023\/06\/SUPERAR-MIGRACION-ARTICULO-HENRY-ARMAS-1.webp\" \/>\n\t\t<meta property=\"og:image:secure_url\" content=\"https:\/\/soymigrante.com\/revista\/wp-content\/uploads\/2023\/06\/SUPERAR-MIGRACION-ARTICULO-HENRY-ARMAS-1.webp\" \/>\n\t\t<meta property=\"og:image:width\" content=\"1919\" \/>\n\t\t<meta property=\"og:image:height\" content=\"1920\" \/>\n\t\t<meta property=\"article:published_time\" content=\"2023-06-06T20:56:55+00:00\" \/>\n\t\t<meta property=\"article:modified_time\" content=\"2024-11-01T10:44:59+00:00\" \/>\n\t\t<meta property=\"article:publisher\" content=\"https:\/\/www.facebook.com\/soymigrantecom\" \/>\n\t\t<meta name=\"twitter:card\" content=\"summary_large_image\" \/>\n\t\t<meta name=\"twitter:site\" content=\"@SoyMigrante_com\" \/>\n\t\t<meta name=\"twitter:title\" content=\"Cinco herramientas para superar emociones negativas al migrar\" \/>\n\t\t<meta name=\"twitter:description\" content=\"Existen emociones y sentimientos que pueden afectar el desempe\u00f1o, la visi\u00f3n y las convicciones del migrante guatemalteco que busca un mejor futuro. Pero tambi\u00e9n hay herramientas para controlar tales sensaciones: estas son cinco de ellas. Por Andr\u00e9 Armas Bran, educador y consejero de bienestar radicado en Guatemala. Un migrante tarde o temprano experimenta emociones negativas.\" \/>\n\t\t<meta name=\"twitter:creator\" content=\"@SoyMigrante_com\" \/>\n\t\t<meta name=\"twitter:image\" content=\"https:\/\/soymigrante.com\/revista\/wp-content\/uploads\/2023\/06\/SUPERAR-MIGRACION-ARTICULO-HENRY-ARMAS-1.webp\" \/>\n\t\t<!-- All in One SEO Pro -->\r\n\t\t<title>Cinco herramientas para superar emociones negativas al migrar<\/title>\n\n","aioseo_head_json":{"title":"Cinco herramientas para superar emociones negativas al migrar","description":"Existen emociones y sentimientos que pueden afectar el desempe\u00f1o, la visi\u00f3n y las convicciones del migrante guatemalteco que busca un mejor futuro. Pero tambi\u00e9n hay herramientas para controlar tales sensaciones: estas son cinco de ellas. Por Andr\u00e9 Armas Bran, educador y consejero de bienestar radicado en Guatemala. Un migrante tarde o temprano experimenta emociones negativas.","canonical_url":"https:\/\/soymigrante.com\/revista\/superar-emociones-negativas-al-migrar\/","robots":"max-snippet:-1, max-image-preview:large, max-video-preview:-1","keywords":"","webmasterTools":{"miscellaneous":"&lt;link rel=\"preconnect\" href=\"https:\/\/fonts.googleapis.com\" crossorigin&gt;\n&lt;link rel=\"preconnect\" href=\"https:\/\/fonts.gstatic.com\" crossorigin&gt;"},"schema":null,"og:locale":"es_ES","og:site_name":"SoyMigrante.com REVISTA \u2013 Nuestra misi\u00f3n es reconocer y dignificar al migrante.","og:type":"article","og:title":"Cinco herramientas para superar emociones negativas al migrar","og:description":"Existen emociones y sentimientos que pueden afectar el desempe\u00f1o, la visi\u00f3n y las convicciones del migrante guatemalteco que busca un mejor futuro. Pero tambi\u00e9n hay herramientas para controlar tales sensaciones: estas son cinco de ellas. Por Andr\u00e9 Armas Bran, educador y consejero de bienestar radicado en Guatemala. Un migrante tarde o temprano experimenta emociones negativas.","og:url":"https:\/\/soymigrante.com\/revista\/superar-emociones-negativas-al-migrar\/","og:image":"https:\/\/soymigrante.com\/revista\/wp-content\/uploads\/2023\/06\/SUPERAR-MIGRACION-ARTICULO-HENRY-ARMAS-1.webp","og:image:secure_url":"https:\/\/soymigrante.com\/revista\/wp-content\/uploads\/2023\/06\/SUPERAR-MIGRACION-ARTICULO-HENRY-ARMAS-1.webp","og:image:width":1919,"og:image:height":1920,"article:published_time":"2023-06-06T20:56:55+00:00","article:modified_time":"2024-11-01T10:44:59+00:00","article:publisher":"https:\/\/www.facebook.com\/soymigrantecom","twitter:card":"summary_large_image","twitter:site":"@SoyMigrante_com","twitter:title":"Cinco herramientas para superar emociones negativas al migrar","twitter:description":"Existen emociones y sentimientos que pueden afectar el desempe\u00f1o, la visi\u00f3n y las convicciones del migrante guatemalteco que busca un mejor futuro. Pero tambi\u00e9n hay herramientas para controlar tales sensaciones: estas son cinco de ellas. Por Andr\u00e9 Armas Bran, educador y consejero de bienestar radicado en Guatemala. Un migrante tarde o temprano experimenta emociones negativas.","twitter:creator":"@SoyMigrante_com","twitter:image":"https:\/\/soymigrante.com\/revista\/wp-content\/uploads\/2023\/06\/SUPERAR-MIGRACION-ARTICULO-HENRY-ARMAS-1.webp"},"aioseo_meta_data":{"post_id":"23918","title":null,"description":"Trabajar en labores f\u00edsicas en EE.UU. puede ser agotador, pero con los cuidados adecuados, es posible proteger los m\u00fasculos y evitar lesiones a largo plazo.","keywords":null,"keyphrases":{"focus":{"keyphrase":"m\u00fasculos","score":100,"analysis":{"keyphraseInTitle":{"score":9,"maxScore":9,"error":0},"keyphraseInDescription":{"score":9,"maxScore":9,"error":0},"keyphraseLength":{"score":9,"maxScore":9,"error":0,"length":2},"keyphraseInURL":{"score":5,"maxScore":5,"error":0}}},"additional":[{"keyphrase":"m\u00fasculos","score":100,"analysis":{"keyphraseInDescription":{"score":9,"maxScore":9,"error":0},"keyphraseLength":{"score":9,"maxScore":9,"error":0,"length":2}}}]},"primary_term":null,"canonical_url":null,"og_title":null,"og_description":null,"og_object_type":"default","og_image_type":"default","og_image_url":null,"og_image_width":null,"og_image_height":null,"og_image_custom_url":null,"og_image_custom_fields":null,"og_video":"","og_custom_url":null,"og_article_section":null,"og_article_tags":null,"twitter_use_og":false,"twitter_card":"default","twitter_image_type":"default","twitter_image_url":null,"twitter_image_custom_url":null,"twitter_image_custom_fields":null,"twitter_title":null,"twitter_description":null,"schema":{"blockGraphs":[],"customGraphs":[],"default":{"data":{"Article":[],"Course":[],"Dataset":[],"FAQPage":[],"Movie":[],"Person":[],"Product":[],"ProductReview":[],"Car":[],"Recipe":[],"Service":[],"SoftwareApplication":[],"WebPage":[]},"graphName":"BlogPosting","isEnabled":true},"graphs":[]},"schema_type":"default","schema_type_options":null,"pillar_content":false,"robots_default":true,"robots_noindex":false,"robots_noarchive":false,"robots_nosnippet":false,"robots_nofollow":false,"robots_noimageindex":false,"robots_noodp":false,"robots_notranslate":false,"robots_max_snippet":"-1","robots_max_videopreview":"-1","robots_max_imagepreview":"large","priority":null,"frequency":"default","local_seo":null,"seo_analyzer_scan_date":"2025-10-09 02:25:14","breadcrumb_settings":null,"limit_modified_date":false,"reviewed_by":null,"open_ai":"{\"title\":{\"suggestions\":[],\"usage\":0},\"description\":{\"suggestions\":[],\"usage\":0}}","ai":null,"created":"2025-02-04 21:36:54","updated":"2026-02-04 21:06:49"},"aioseo_breadcrumb":"<div class=\"aioseo-breadcrumbs\"><span class=\"aioseo-breadcrumb\">\n\t<a href=\"https:\/\/soymigrante.com\/revista\" title=\"Home\">Home<\/a>\n<\/span><span class=\"aioseo-breadcrumb-separator\">\u00bb<\/span><span class=\"aioseo-breadcrumb\">\n\t<a href=\"https:\/\/soymigrante.com\/revista\/category\/bienestar\/\" title=\"Bienestar\">Bienestar<\/a>\n<\/span><span class=\"aioseo-breadcrumb-separator\">\u00bb<\/span><span class=\"aioseo-breadcrumb\">\n\tClaves para cuidarte de lesiones musculares si tu trabajo exige fuerza f\u00edsica\n<\/span><\/div>","aioseo_breadcrumb_json":[{"label":"Home","link":"https:\/\/soymigrante.com\/revista"},{"label":"Bienestar","link":"https:\/\/soymigrante.com\/revista\/category\/bienestar\/"},{"label":"Claves para cuidarte de lesiones musculares si tu trabajo exige fuerza f\u00edsica","link":"https:\/\/soymigrante.com\/revista\/claves-para-cuidarte-de-lesiones-musculares-si-tu-trabajo-exige-fuerza-fisica\/"}],"_links":{"self":[{"href":"https:\/\/soymigrante.com\/revista\/wp-json\/wp\/v2\/posts\/23918","targetHints":{"allow":["GET"]}}],"collection":[{"href":"https:\/\/soymigrante.com\/revista\/wp-json\/wp\/v2\/posts"}],"about":[{"href":"https:\/\/soymigrante.com\/revista\/wp-json\/wp\/v2\/types\/post"}],"author":[{"embeddable":true,"href":"https:\/\/soymigrante.com\/revista\/wp-json\/wp\/v2\/users\/19"}],"replies":[{"embeddable":true,"href":"https:\/\/soymigrante.com\/revista\/wp-json\/wp\/v2\/comments?post=23918"}],"version-history":[{"count":0,"href":"https:\/\/soymigrante.com\/revista\/wp-json\/wp\/v2\/posts\/23918\/revisions"}],"wp:featuredmedia":[{"embeddable":true,"href":"https:\/\/soymigrante.com\/revista\/wp-json\/wp\/v2\/media\/23919"}],"wp:attachment":[{"href":"https:\/\/soymigrante.com\/revista\/wp-json\/wp\/v2\/media?parent=23918"}],"wp:term":[{"taxonomy":"category","embeddable":true,"href":"https:\/\/soymigrante.com\/revista\/wp-json\/wp\/v2\/categories?post=23918"},{"taxonomy":"post_tag","embeddable":true,"href":"https:\/\/soymigrante.com\/revista\/wp-json\/wp\/v2\/tags?post=23918"}],"curies":[{"name":"wp","href":"https:\/\/api.w.org\/{rel}","templated":true}]}}