{"id":2390,"date":"2026-02-01T15:08:19","date_gmt":"2026-02-01T21:08:19","guid":{"rendered":"https:\/\/soymigrante.com\/revista\/?p=2390"},"modified":"2026-02-01T15:08:27","modified_gmt":"2026-02-01T21:08:27","slug":"guatemala-danza-el-baile-de-la-paach-de-san-marcos-es-patrimonio-de-la-humanidad","status":"publish","type":"post","link":"https:\/\/soymigrante.com\/revista\/guatemala-danza-el-baile-de-la-paach-de-san-marcos-es-patrimonio-de-la-humanidad\/","title":{"rendered":"Danzas de Guatemala: El baile de La Paach, de San Marcos es Patrimonio de la Humanidad"},"content":{"rendered":"\t\t<div data-elementor-type=\"wp-post\" data-elementor-id=\"2390\" class=\"elementor elementor-2390\" data-elementor-post-type=\"post\">\n\t\t\t\t\t\t<section data-particle_enable=\"false\" data-particle-mobile-disabled=\"false\" class=\"elementor-section elementor-top-section elementor-element elementor-element-bbda437 elementor-section-boxed elementor-section-height-default elementor-section-height-default\" data-id=\"bbda437\" data-element_type=\"section\" data-e-type=\"section\">\n\t\t\t\t\t\t<div class=\"elementor-container elementor-column-gap-default\">\n\t\t\t\t\t<div class=\"elementor-column elementor-col-100 elementor-top-column elementor-element elementor-element-b4065d6\" data-id=\"b4065d6\" data-element_type=\"column\" data-e-type=\"column\">\n\t\t\t<div class=\"elementor-widget-wrap elementor-element-populated\">\n\t\t\t\t\t\t<div class=\"elementor-element elementor-element-cb686c1 elementor-widget elementor-widget-heading\" data-id=\"cb686c1\" data-element_type=\"widget\" data-e-type=\"widget\" data-widget_type=\"heading.default\">\n\t\t\t\t\t<h1 class=\"elementor-heading-title elementor-size-default\">Festejo del trabajo, la tierra y del ma\u00edz: la Danza de la Pa'ach, de San Marcos fue declarada Patrimonio Mundial Intangible de la Humanidad en 2013 por su riqueza tradicional y simb\u00f3lica. Se celebra en octubre de cada a\u00f1o.<\/h1>\t\t\t\t<\/div>\n\t\t\t\t\t<\/div>\n\t\t<\/div>\n\t\t\t\t\t<\/div>\n\t\t<\/section>\n\t\t\t\t<section data-particle_enable=\"false\" data-particle-mobile-disabled=\"false\" class=\"elementor-section elementor-top-section elementor-element elementor-element-a4ae1d4 elementor-section-boxed elementor-section-height-default elementor-section-height-default\" data-id=\"a4ae1d4\" data-element_type=\"section\" data-e-type=\"section\">\n\t\t\t\t\t\t<div class=\"elementor-container elementor-column-gap-default\">\n\t\t\t\t\t<div class=\"elementor-column elementor-col-100 elementor-top-column elementor-element elementor-element-3fb62dd\" data-id=\"3fb62dd\" data-element_type=\"column\" data-e-type=\"column\">\n\t\t\t<div class=\"elementor-widget-wrap elementor-element-populated\">\n\t\t\t\t\t\t<div class=\"elementor-element elementor-element-4710b32 elementor-widget elementor-widget-image\" data-id=\"4710b32\" data-element_type=\"widget\" data-e-type=\"widget\" data-widget_type=\"image.default\">\n\t\t\t\t\t\t\t\t\t\t\t\t<figure class=\"wp-caption\">\n\t\t\t\t\t\t\t\t\t\t<img fetchpriority=\"high\" decoding=\"async\" width=\"976\" height=\"720\" src=\"https:\/\/soymigrante.com\/revista\/wp-content\/uploads\/2023\/09\/03663-HUG.webp\" class=\"attachment-large size-large wp-image-2423\" alt=\"Las mejores mazorcas son seleccionadas, ataviadas con telas artesanales y preparadas para el ritual de agradecimiento. (Fotograf\u00eda FLAAR-Unesco)\" srcset=\"https:\/\/soymigrante.com\/revista\/wp-content\/uploads\/2023\/09\/03663-HUG.webp 976w, https:\/\/soymigrante.com\/revista\/wp-content\/uploads\/2023\/09\/03663-HUG-300x221.webp 300w, https:\/\/soymigrante.com\/revista\/wp-content\/uploads\/2023\/09\/03663-HUG-768x567.webp 768w, https:\/\/soymigrante.com\/revista\/wp-content\/uploads\/2023\/09\/03663-HUG-750x553.webp 750w\" sizes=\"(max-width: 976px) 100vw, 976px\" title=\"Las mejores mazorcas son seleccionadas, ataviadas con telas artesanales y preparadas para el ritual de agradecimiento. (Fotograf\u00eda FLAAR-Unesco) \u2013 SoyMigrante.com REVISTA\" \/>\t\t\t\t\t\t\t\t\t\t\t<figcaption class=\"widget-image-caption wp-caption-text\">Las mejores mazorcas son seleccionadas, ataviadas con telas artesanales y preparadas para el ritual de agradecimiento. (Fotograf\u00eda FLAAR-Unesco)<\/figcaption>\n\t\t\t\t\t\t\t\t\t\t<\/figure>\n\t\t\t\t\t\t\t\t\t<\/div>\n\t\t\t\t\t<\/div>\n\t\t<\/div>\n\t\t\t\t\t<\/div>\n\t\t<\/section>\n\t\t\t\t<section data-particle_enable=\"false\" data-particle-mobile-disabled=\"false\" class=\"elementor-section elementor-top-section elementor-element elementor-element-20094c5 elementor-section-boxed elementor-section-height-default elementor-section-height-default\" data-id=\"20094c5\" data-element_type=\"section\" data-e-type=\"section\">\n\t\t\t\t\t\t<div class=\"elementor-container elementor-column-gap-default\">\n\t\t\t\t\t<div class=\"elementor-column elementor-col-100 elementor-top-column elementor-element elementor-element-a81e0a8\" data-id=\"a81e0a8\" data-element_type=\"column\" data-e-type=\"column\">\n\t\t\t<div class=\"elementor-widget-wrap elementor-element-populated\">\n\t\t\t\t\t\t<div class=\"elementor-element elementor-element-a4fc760 elementor-widget elementor-widget-heading\" data-id=\"a4fc760\" data-element_type=\"widget\" data-e-type=\"widget\" data-widget_type=\"heading.default\">\n\t\t\t\t\t<h2 class=\"elementor-heading-title elementor-size-default\">Agradecimiento por las cosechas<\/h2>\t\t\t\t<\/div>\n\t\t\t\t\t<\/div>\n\t\t<\/div>\n\t\t\t\t\t<\/div>\n\t\t<\/section>\n\t\t\t\t<section data-particle_enable=\"false\" data-particle-mobile-disabled=\"false\" class=\"elementor-section elementor-top-section elementor-element elementor-element-a81f853 elementor-section-boxed elementor-section-height-default elementor-section-height-default\" data-id=\"a81f853\" data-element_type=\"section\" data-e-type=\"section\">\n\t\t\t\t\t\t<div class=\"elementor-container elementor-column-gap-default\">\n\t\t\t\t\t<div class=\"elementor-column elementor-col-100 elementor-top-column elementor-element elementor-element-9151751\" data-id=\"9151751\" data-element_type=\"column\" data-e-type=\"column\">\n\t\t\t<div class=\"elementor-widget-wrap elementor-element-populated\">\n\t\t\t\t\t\t<div class=\"elementor-element elementor-element-3bbfa96 elementor-widget elementor-widget-text-editor\" data-id=\"3bbfa96\" data-element_type=\"widget\" data-e-type=\"widget\" data-widget_type=\"text-editor.default\">\n\t\t\t\t\t\t\t\t\t<p>El Baile de La Paach se celebra en varios municipios de San Marcos. Ha sido heredado de generaci\u00f3n en generaci\u00f3n como parte de rituales prehisp\u00e1nicos dedicados a agradecer por el grano b\u00e1sico de la alimentaci\u00f3n: el ma\u00edz, que sigue siendo fundamental en el d\u00eda a d\u00eda de los guatemaltecos.\u00a0<\/p><p>De all\u00ed su gran significado y simbolismo, siempre actual. Representa el acto de la &#8220;tapisca&#8221; o sea la recolecci\u00f3n de mazorcas en los plant\u00edos de milpas ya dobladas. Todas las plegarias y di\u00e1logos se efect\u00faan en idioma maya mam.<\/p><p>Esta ceremonia y danza tiene especial arraigo en San Pedro Sacatep\u00e9quez, San Marcos, pero tambi\u00e9n en municipios como San Jos\u00e9 Ojetenam.<\/p>\t\t\t\t\t\t\t\t<\/div>\n\t\t\t\t\t<\/div>\n\t\t<\/div>\n\t\t\t\t\t<\/div>\n\t\t<\/section>\n\t\t\t\t<section data-particle_enable=\"false\" data-particle-mobile-disabled=\"false\" class=\"elementor-section elementor-top-section elementor-element elementor-element-0429b5e elementor-section-boxed elementor-section-height-default elementor-section-height-default\" data-id=\"0429b5e\" data-element_type=\"section\" data-e-type=\"section\">\n\t\t\t\t\t\t<div class=\"elementor-container elementor-column-gap-default\">\n\t\t\t\t\t<div class=\"elementor-column elementor-col-100 elementor-top-column elementor-element elementor-element-cb9db30\" data-id=\"cb9db30\" data-element_type=\"column\" data-e-type=\"column\">\n\t\t\t<div class=\"elementor-widget-wrap elementor-element-populated\">\n\t\t\t\t\t\t<div class=\"elementor-element elementor-element-892ca1f elementor-invisible elementor-widget elementor-widget-image\" data-id=\"892ca1f\" data-element_type=\"widget\" data-e-type=\"widget\" data-settings=\"{&quot;motion_fx_motion_fx_mouse&quot;:&quot;yes&quot;,&quot;_animation&quot;:&quot;fadeInUp&quot;}\" data-widget_type=\"image.default\">\n\t\t\t\t\t\t\t\t\t\t\t\t<figure class=\"wp-caption\">\n\t\t\t\t\t\t\t\t\t\t<img decoding=\"async\" width=\"550\" height=\"720\" src=\"https:\/\/soymigrante.com\/revista\/wp-content\/uploads\/2023\/09\/03668-HUG.webp\" class=\"attachment-large size-large wp-image-2422\" alt=\"Padrinos, madrinas y participantes recorren el pueblo agradeciendo por la cosecha de maiz que dar\u00e1 de comer a la comunidad. (Fotograf\u00eda archivo FLAAR-Unesco)\" srcset=\"https:\/\/soymigrante.com\/revista\/wp-content\/uploads\/2023\/09\/03668-HUG.webp 550w, https:\/\/soymigrante.com\/revista\/wp-content\/uploads\/2023\/09\/03668-HUG-229x300.webp 229w\" sizes=\"(max-width: 550px) 100vw, 550px\" title=\"Padrinos, madrinas y participantes recorren el pueblo agradeciendo por la cosecha de maiz que dar\u00e1 de comer a la comunidad. (Fotograf\u00eda archivo FLAAR-Unesco) \u2013 SoyMigrante.com REVISTA\" \/>\t\t\t\t\t\t\t\t\t\t\t<figcaption class=\"widget-image-caption wp-caption-text\">Padrinos, madrinas y participantes recorren el pueblo agradeciendo por la cosecha de maiz que dar\u00e1 de comer a la comunidad. (Fotograf\u00eda archivo FLAAR-Unesco)<\/figcaption>\n\t\t\t\t\t\t\t\t\t\t<\/figure>\n\t\t\t\t\t\t\t\t\t<\/div>\n\t\t\t\t\t<\/div>\n\t\t<\/div>\n\t\t\t\t\t<\/div>\n\t\t<\/section>\n\t\t\t\t<section data-particle_enable=\"false\" data-particle-mobile-disabled=\"false\" class=\"elementor-section elementor-top-section elementor-element elementor-element-2689ac2 elementor-section-boxed elementor-section-height-default elementor-section-height-default\" data-id=\"2689ac2\" data-element_type=\"section\" data-e-type=\"section\">\n\t\t\t\t\t\t<div class=\"elementor-container elementor-column-gap-default\">\n\t\t\t\t\t<div class=\"elementor-column elementor-col-100 elementor-top-column elementor-element elementor-element-60d6cac\" data-id=\"60d6cac\" data-element_type=\"column\" data-e-type=\"column\">\n\t\t\t<div class=\"elementor-widget-wrap elementor-element-populated\">\n\t\t\t\t\t\t<div class=\"elementor-element elementor-element-521a8cc elementor-widget elementor-widget-heading\" data-id=\"521a8cc\" data-element_type=\"widget\" data-e-type=\"widget\" data-widget_type=\"heading.default\">\n\t\t\t\t\t<h2 class=\"elementor-heading-title elementor-size-default\">Mazorcas son las protagonistas<\/h2>\t\t\t\t<\/div>\n\t\t\t\t\t<\/div>\n\t\t<\/div>\n\t\t\t\t\t<\/div>\n\t\t<\/section>\n\t\t\t\t<section data-particle_enable=\"false\" data-particle-mobile-disabled=\"false\" class=\"elementor-section elementor-top-section elementor-element elementor-element-3882482 elementor-section-boxed elementor-section-height-default elementor-section-height-default\" data-id=\"3882482\" data-element_type=\"section\" data-e-type=\"section\">\n\t\t\t\t\t\t<div class=\"elementor-container elementor-column-gap-default\">\n\t\t\t\t\t<div class=\"elementor-column elementor-col-100 elementor-top-column elementor-element elementor-element-25848f1\" data-id=\"25848f1\" data-element_type=\"column\" data-e-type=\"column\">\n\t\t\t<div class=\"elementor-widget-wrap elementor-element-populated\">\n\t\t\t\t\t\t<div class=\"elementor-element elementor-element-b1cdc59 elementor-widget elementor-widget-text-editor\" data-id=\"b1cdc59\" data-element_type=\"widget\" data-e-type=\"widget\" data-widget_type=\"text-editor.default\">\n\t\t\t\t\t\t\t\t\t<p>El agradecimiento se refleja a trav\u00e9s de la selecci\u00f3n de las mejores mazorcas, sobre todo aquellas que nacieron dobles o triples.\u00a0 Los pobladores las decoran y las trasladan en un canasto o en un arreglo. La palabra paach significa &#8220;dos cabezas&#8221;\u00a0 y hace alusi\u00f3n a esa bendici\u00f3n de abundancia en la cosecha.\u00a0<\/p><p>Llegan hasta una casa en donde hay un altar. Aqu\u00ed se efect\u00faa el ritual de &#8220;sentada del Ni\u00f1o&#8221;, que hace evocaci\u00f3n al Ni\u00f1o Jes\u00fas. A continuaci\u00f3n viene la fiesta.<\/p>\t\t\t\t\t\t\t\t<\/div>\n\t\t\t\t\t<\/div>\n\t\t<\/div>\n\t\t\t\t\t<\/div>\n\t\t<\/section>\n\t\t\t\t<section data-particle_enable=\"false\" data-particle-mobile-disabled=\"false\" class=\"elementor-section elementor-top-section elementor-element elementor-element-eb0536f elementor-section-boxed elementor-section-height-default elementor-section-height-default\" data-id=\"eb0536f\" data-element_type=\"section\" data-e-type=\"section\">\n\t\t\t\t\t\t<div class=\"elementor-container elementor-column-gap-default\">\n\t\t\t\t\t<div class=\"elementor-column elementor-col-100 elementor-top-column elementor-element elementor-element-bd8efa7\" data-id=\"bd8efa7\" data-element_type=\"column\" data-e-type=\"column\">\n\t\t\t<div class=\"elementor-widget-wrap elementor-element-populated\">\n\t\t\t\t\t\t<div class=\"elementor-element elementor-element-4fe8b02 elementor-widget elementor-widget-image\" data-id=\"4fe8b02\" data-element_type=\"widget\" data-e-type=\"widget\" data-widget_type=\"image.default\">\n\t\t\t\t\t\t\t\t\t\t\t\t<figure class=\"wp-caption\">\n\t\t\t\t\t\t\t\t\t\t<img decoding=\"async\" width=\"1000\" height=\"636\" src=\"https:\/\/soymigrante.com\/revista\/wp-content\/uploads\/2023\/09\/03672-HUG.webp\" class=\"attachment-large size-large wp-image-2424\" alt=\"La percusi\u00f3n del tambor abre paso al recorrido de los ancianos, padrinos y comunidad, en camino a la Casa de la Paazh (Fotograf\u00eda Archivo FLAAR-Unesco)\" srcset=\"https:\/\/soymigrante.com\/revista\/wp-content\/uploads\/2023\/09\/03672-HUG.webp 1000w, https:\/\/soymigrante.com\/revista\/wp-content\/uploads\/2023\/09\/03672-HUG-300x191.webp 300w, https:\/\/soymigrante.com\/revista\/wp-content\/uploads\/2023\/09\/03672-HUG-768x488.webp 768w, https:\/\/soymigrante.com\/revista\/wp-content\/uploads\/2023\/09\/03672-HUG-750x477.webp 750w\" sizes=\"(max-width: 1000px) 100vw, 1000px\" title=\"La percusi\u00f3n del tambor abre paso al recorrido de los ancianos, padrinos y comunidad, en camino a la Casa de la Paazh (Fotograf\u00eda Archivo FLAAR-Unesco) \u2013 SoyMigrante.com REVISTA\" \/>\t\t\t\t\t\t\t\t\t\t\t<figcaption class=\"widget-image-caption wp-caption-text\">La percusi\u00f3n del tambor abre paso al recorrido de los ancianos, padrinos y comunidad, en camino a la Casa de la Paazh (Fotograf\u00eda Archivo FLAAR-Unesco)<\/figcaption>\n\t\t\t\t\t\t\t\t\t\t<\/figure>\n\t\t\t\t\t\t\t\t\t<\/div>\n\t\t\t\t\t<\/div>\n\t\t<\/div>\n\t\t\t\t\t<\/div>\n\t\t<\/section>\n\t\t\t\t<section data-particle_enable=\"false\" data-particle-mobile-disabled=\"false\" class=\"elementor-section elementor-top-section elementor-element elementor-element-d26ecb2 elementor-section-boxed elementor-section-height-default elementor-section-height-default\" data-id=\"d26ecb2\" data-element_type=\"section\" data-e-type=\"section\">\n\t\t\t\t\t\t<div class=\"elementor-container elementor-column-gap-default\">\n\t\t\t\t\t<div class=\"elementor-column elementor-col-100 elementor-top-column elementor-element elementor-element-f57c447\" data-id=\"f57c447\" data-element_type=\"column\" data-e-type=\"column\">\n\t\t\t<div class=\"elementor-widget-wrap elementor-element-populated\">\n\t\t\t\t\t\t<div class=\"elementor-element elementor-element-4dd09b1 elementor-widget elementor-widget-heading\" data-id=\"4dd09b1\" data-element_type=\"widget\" data-e-type=\"widget\" data-widget_type=\"heading.default\">\n\t\t\t\t\t<h2 class=\"elementor-heading-title elementor-size-default\">Tambor, tun, chirim\u00eda y hormigo<\/h2>\t\t\t\t<\/div>\n\t\t\t\t\t<\/div>\n\t\t<\/div>\n\t\t\t\t\t<\/div>\n\t\t<\/section>\n\t\t\t\t<section data-particle_enable=\"false\" data-particle-mobile-disabled=\"false\" class=\"elementor-section elementor-top-section elementor-element elementor-element-c2219fd elementor-section-boxed elementor-section-height-default elementor-section-height-default\" data-id=\"c2219fd\" data-element_type=\"section\" data-e-type=\"section\">\n\t\t\t\t\t\t<div class=\"elementor-container elementor-column-gap-default\">\n\t\t\t\t\t<div class=\"elementor-column elementor-col-100 elementor-top-column elementor-element elementor-element-39885e0\" data-id=\"39885e0\" data-element_type=\"column\" data-e-type=\"column\">\n\t\t\t<div class=\"elementor-widget-wrap elementor-element-populated\">\n\t\t\t\t\t\t<div class=\"elementor-element elementor-element-30ce2b2 elementor-widget elementor-widget-text-editor\" data-id=\"30ce2b2\" data-element_type=\"widget\" data-e-type=\"widget\" data-widget_type=\"text-editor.default\">\n\t\t\t\t\t\t\t\t\t<p>El recorrido solemne se efect\u00faa con el ritmo del .tambor y melod\u00edas de chirim\u00eda, seg\u00fan explica el Atlas Danzario de Guatemala. La cantidad de m\u00fasicos depende de las posibilidades econ\u00f3micas del &#8220;padrino&#8221; o &#8220;madrina&#8221; de la Paach.<\/p><p>Una vez terminada la procesi\u00f3n y completado el altar, se desarrolla la danza, ante las mazorcas e im\u00e1genes religiosas. Un danzante representa el acto de sembrar, cuidar y cosechar la milpa, hasta que viene la cosecha y le aparece &#8220;la paach&#8221;, esa mazorca doble o triple que es un regalo del Coraz\u00f3n del Cielo.<\/p>\t\t\t\t\t\t\t\t<\/div>\n\t\t\t\t\t<\/div>\n\t\t<\/div>\n\t\t\t\t\t<\/div>\n\t\t<\/section>\n\t\t\t\t<section data-particle_enable=\"false\" data-particle-mobile-disabled=\"false\" class=\"elementor-section elementor-top-section elementor-element elementor-element-edd30e2 elementor-section-boxed elementor-section-height-default elementor-section-height-default\" data-id=\"edd30e2\" data-element_type=\"section\" data-e-type=\"section\">\n\t\t\t\t\t\t<div class=\"elementor-container elementor-column-gap-default\">\n\t\t\t\t\t<div class=\"elementor-column elementor-col-100 elementor-top-column elementor-element elementor-element-9f9c2d5\" data-id=\"9f9c2d5\" data-element_type=\"column\" data-e-type=\"column\">\n\t\t\t<div class=\"elementor-widget-wrap elementor-element-populated\">\n\t\t\t\t\t\t<div class=\"elementor-element elementor-element-ad50693 elementor-widget elementor-widget-image\" data-id=\"ad50693\" data-element_type=\"widget\" data-e-type=\"widget\" data-widget_type=\"image.default\">\n\t\t\t\t\t\t\t\t\t\t\t\t<figure class=\"wp-caption\">\n\t\t\t\t\t\t\t\t\t\t<img loading=\"lazy\" decoding=\"async\" width=\"767\" height=\"501\" src=\"https:\/\/soymigrante.com\/revista\/wp-content\/uploads\/2023\/09\/Captura-de-pantalla-2023-09-01-102755.webp\" class=\"attachment-large size-large wp-image-2429\" alt=\"Ni\u00f1os y j\u00f3venes de varias escuelas de San Marcos aprenden y realizan la Danza de la Paach en conmemoraciones populares.\" srcset=\"https:\/\/soymigrante.com\/revista\/wp-content\/uploads\/2023\/09\/Captura-de-pantalla-2023-09-01-102755.webp 767w, https:\/\/soymigrante.com\/revista\/wp-content\/uploads\/2023\/09\/Captura-de-pantalla-2023-09-01-102755-300x196.webp 300w, https:\/\/soymigrante.com\/revista\/wp-content\/uploads\/2023\/09\/Captura-de-pantalla-2023-09-01-102755-750x490.webp 750w\" sizes=\"(max-width: 767px) 100vw, 767px\" title=\"Ni\u00f1os y j\u00f3venes de varias escuelas de San Marcos aprenden y realizan la Danza de la Paach en conmemoraciones populares. \u2013 SoyMigrante.com REVISTA\" \/>\t\t\t\t\t\t\t\t\t\t\t<figcaption class=\"widget-image-caption wp-caption-text\">Ni\u00f1os y j\u00f3venes de varias escuelas de San Marcos aprenden y realizan la Danza de la Paach en conmemoraciones populares.<\/figcaption>\n\t\t\t\t\t\t\t\t\t\t<\/figure>\n\t\t\t\t\t\t\t\t\t<\/div>\n\t\t\t\t\t<\/div>\n\t\t<\/div>\n\t\t\t\t\t<\/div>\n\t\t<\/section>\n\t\t\t\t<section data-particle_enable=\"false\" data-particle-mobile-disabled=\"false\" class=\"elementor-section elementor-top-section elementor-element elementor-element-af4a017 elementor-section-boxed elementor-section-height-default elementor-section-height-default\" data-id=\"af4a017\" data-element_type=\"section\" data-e-type=\"section\">\n\t\t\t\t\t\t<div class=\"elementor-container elementor-column-gap-default\">\n\t\t\t\t\t<div class=\"elementor-column elementor-col-100 elementor-top-column elementor-element elementor-element-a544b63\" data-id=\"a544b63\" data-element_type=\"column\" data-e-type=\"column\">\n\t\t\t<div class=\"elementor-widget-wrap elementor-element-populated\">\n\t\t\t\t\t\t<div class=\"elementor-element elementor-element-cabfb1c elementor-widget elementor-widget-heading\" data-id=\"cabfb1c\" data-element_type=\"widget\" data-e-type=\"widget\" data-widget_type=\"heading.default\">\n\t\t\t\t\t<h2 class=\"elementor-heading-title elementor-size-default\">Hombres y mujeres de maiz <\/h2>\t\t\t\t<\/div>\n\t\t\t\t\t<\/div>\n\t\t<\/div>\n\t\t\t\t\t<\/div>\n\t\t<\/section>\n\t\t\t\t<section data-particle_enable=\"false\" data-particle-mobile-disabled=\"false\" class=\"elementor-section elementor-top-section elementor-element elementor-element-0dcad55 elementor-section-boxed elementor-section-height-default elementor-section-height-default\" data-id=\"0dcad55\" data-element_type=\"section\" data-e-type=\"section\">\n\t\t\t\t\t\t<div class=\"elementor-container elementor-column-gap-default\">\n\t\t\t\t\t<div class=\"elementor-column elementor-col-100 elementor-top-column elementor-element elementor-element-d84943f\" data-id=\"d84943f\" data-element_type=\"column\" data-e-type=\"column\">\n\t\t\t<div class=\"elementor-widget-wrap elementor-element-populated\">\n\t\t\t\t\t\t<div class=\"elementor-element elementor-element-c0e1240 elementor-widget elementor-widget-text-editor\" data-id=\"c0e1240\" data-element_type=\"widget\" data-e-type=\"widget\" data-widget_type=\"text-editor.default\">\n\t\t\t\t\t\t\t\t\t<p>Dos ancianos agradecen y reverencian las Paach o mazorcas de la ofrenda. Luego bailan en direcci\u00f3n de los cuatro puntos cardinales, sosteni\u00e9ndolas en las manos y dando gracias. Despu\u00e9s entregan el relevo a otras personas que deseen participar.<\/p><p>La Paach simboliza la vida comunitaria, el trabajo dedicado y tambi\u00e9n la solidaridad y la paz. Una vez pasado este ritual todos bailan danzas alegres al son de marimba.\u00a0<\/p><p>&#8220;De la observaci\u00f3n directa y las informaciones obtenidas se comprueba que la m\u00fasica que acompa\u00f1a a este ritual bailable ha tomado tiempo extraordinariamente prolongado de hasta tres horas, ininterrumpidamente&#8221;, expone Carlos Ren\u00e9 Garc\u00eda Escobar (+) en su Atlas Danzario de Guatemala.<\/p>\t\t\t\t\t\t\t\t<\/div>\n\t\t\t\t\t<\/div>\n\t\t<\/div>\n\t\t\t\t\t<\/div>\n\t\t<\/section>\n\t\t\t\t<section data-particle_enable=\"false\" data-particle-mobile-disabled=\"false\" class=\"elementor-section elementor-top-section elementor-element elementor-element-ec9b638 elementor-section-boxed elementor-section-height-default elementor-section-height-default\" data-id=\"ec9b638\" data-element_type=\"section\" data-e-type=\"section\">\n\t\t\t\t\t\t<div class=\"elementor-container elementor-column-gap-default\">\n\t\t\t\t\t<div class=\"elementor-column elementor-col-100 elementor-top-column elementor-element elementor-element-cd83d54\" data-id=\"cd83d54\" data-element_type=\"column\" data-e-type=\"column\">\n\t\t\t<div class=\"elementor-widget-wrap elementor-element-populated\">\n\t\t\t\t\t\t<div class=\"elementor-element elementor-element-aa085e0 elementor-widget elementor-widget-video\" data-id=\"aa085e0\" data-element_type=\"widget\" data-e-type=\"widget\" data-settings=\"{&quot;youtube_url&quot;:&quot;https:\\\/\\\/www.youtube.com\\\/watch?v=sIyTY-GHwQU&amp;t=38s&quot;,&quot;start&quot;:345,&quot;video_type&quot;:&quot;youtube&quot;,&quot;controls&quot;:&quot;yes&quot;}\" data-widget_type=\"video.default\">\n\t\t\t\t\t\t\t<div class=\"elementor-wrapper elementor-open-inline\">\n\t\t\t<div class=\"elementor-video\"><\/div>\t\t<\/div>\n\t\t\t\t\t\t<\/div>\n\t\t\t\t\t<\/div>\n\t\t<\/div>\n\t\t\t\t\t<\/div>\n\t\t<\/section>\n\t\t\t\t<\/div>\n\t\t","protected":false},"excerpt":{"rendered":"<p>Festejo del trabajo, la tierra y del ma\u00edz: la Danza de la Pa&#8217;ach, de San Marcos fue declarada Patrimonio Mundial Intangible de la Humanidad en 2013 por su riqueza tradicional y simb\u00f3lica. Se celebra en octubre de cada a\u00f1o. Las mejores mazorcas son seleccionadas, ataviadas con telas artesanales y preparadas para el ritual de agradecimiento. [&hellip;]<\/p>\n","protected":false},"author":7,"featured_media":2424,"comment_status":"open","ping_status":"open","sticky":false,"template":"","format":"standard","meta":{"_acf_changed":false,"_eb_attr":"","footnotes":""},"categories":[58],"tags":[244],"class_list":["post-2390","post","type-post","status-publish","format-standard","has-post-thumbnail","hentry","category-guate-nuestra","tag-danzas-de-guatemala"],"acf":[],"aioseo_notices":[],"aioseo_head":"\n\t\t<!-- All in One SEO Pro 4.9.6.2 - aioseo.com -->\n\t<meta name=\"description\" content=\"La Paach es una ceremonia dedicada al maiz y se efect\u00faa en San Marcos. Es Patrimonio Cultural Inmaterial declarada por la Unesco. Conoce m\u00e1s sobre ella.\" \/>\n\t<meta name=\"robots\" content=\"max-snippet:-1, max-image-preview:large, max-video-preview:-1\" \/>\n\t<meta name=\"author\" content=\"Gustavo Montenegro\"\/>\n\t<link rel=\"canonical\" href=\"https:\/\/soymigrante.com\/revista\/guatemala-danza-el-baile-de-la-paach-de-san-marcos-es-patrimonio-de-la-humanidad\/\" \/>\n\t<meta name=\"generator\" content=\"All in One SEO Pro (AIOSEO) 4.9.6.2\" \/>\n\n\t\t<link rel=\"preconnect\" href=\"https:\/\/fonts.googleapis.com\" crossorigin>\n<link rel=\"preconnect\" href=\"https:\/\/fonts.gstatic.com\" crossorigin>\n\t\t<meta property=\"og:locale\" content=\"es_ES\" \/>\n\t\t<meta property=\"og:site_name\" content=\"SoyMigrante.com REVISTA \u2013 Nuestra misi\u00f3n es reconocer y dignificar al migrante.\" \/>\n\t\t<meta property=\"og:type\" content=\"article\" \/>\n\t\t<meta property=\"og:title\" content=\"Baile de La Paach tambi\u00e9n es Patrimonio de la Humanidad\" \/>\n\t\t<meta property=\"og:description\" content=\"La Paach es una ceremonia dedicada al maiz y se efect\u00faa en San Marcos. Es Patrimonio Cultural Inmaterial declarada por la Unesco. Conoce m\u00e1s sobre ella.\" \/>\n\t\t<meta property=\"og:url\" content=\"https:\/\/soymigrante.com\/revista\/guatemala-danza-el-baile-de-la-paach-de-san-marcos-es-patrimonio-de-la-humanidad\/\" \/>\n\t\t<meta property=\"og:image\" content=\"https:\/\/soymigrante.com\/revista\/wp-content\/uploads\/2023\/09\/03672-HUG.webp\" \/>\n\t\t<meta property=\"og:image:secure_url\" content=\"https:\/\/soymigrante.com\/revista\/wp-content\/uploads\/2023\/09\/03672-HUG.webp\" \/>\n\t\t<meta property=\"og:image:width\" content=\"1000\" \/>\n\t\t<meta property=\"og:image:height\" content=\"636\" \/>\n\t\t<meta property=\"article:published_time\" content=\"2026-02-01T21:08:19+00:00\" \/>\n\t\t<meta property=\"article:modified_time\" content=\"2026-02-01T21:08:27+00:00\" \/>\n\t\t<meta property=\"article:publisher\" content=\"https:\/\/www.facebook.com\/soymigrantecom\" \/>\n\t\t<meta name=\"twitter:card\" content=\"summary_large_image\" \/>\n\t\t<meta name=\"twitter:site\" content=\"@SoyMigrante_com\" \/>\n\t\t<meta name=\"twitter:title\" content=\"Baile de La Paach tambi\u00e9n es Patrimonio de la Humanidad\" \/>\n\t\t<meta name=\"twitter:description\" content=\"La Paach es una ceremonia dedicada al maiz y se efect\u00faa en San Marcos. Es Patrimonio Cultural Inmaterial declarada por la Unesco. Conoce m\u00e1s sobre ella.\" \/>\n\t\t<meta name=\"twitter:creator\" content=\"@SoyMigrante_com\" \/>\n\t\t<meta name=\"twitter:image\" content=\"https:\/\/soymigrante.com\/revista\/wp-content\/uploads\/2023\/09\/03672-HUG.webp\" \/>\n\t\t<!-- All in One SEO Pro -->\r\n\t\t<title>Baile de La Paach tambi\u00e9n es Patrimonio de la Humanidad<\/title>\n\n","aioseo_head_json":{"title":"Baile de La Paach tambi\u00e9n es Patrimonio de la Humanidad","description":"La Paach es una ceremonia dedicada al maiz y se efect\u00faa en San Marcos. Es Patrimonio Cultural Inmaterial declarada por la Unesco. Conoce m\u00e1s sobre ella.","canonical_url":"https:\/\/soymigrante.com\/revista\/guatemala-danza-el-baile-de-la-paach-de-san-marcos-es-patrimonio-de-la-humanidad\/","robots":"max-snippet:-1, max-image-preview:large, max-video-preview:-1","keywords":"","webmasterTools":{"miscellaneous":"&lt;link rel=\"preconnect\" href=\"https:\/\/fonts.googleapis.com\" crossorigin&gt;\n&lt;link rel=\"preconnect\" href=\"https:\/\/fonts.gstatic.com\" crossorigin&gt;"},"schema":null,"og:locale":"es_ES","og:site_name":"SoyMigrante.com REVISTA \u2013 Nuestra misi\u00f3n es reconocer y dignificar al migrante.","og:type":"article","og:title":"Baile de La Paach tambi\u00e9n es Patrimonio de la Humanidad","og:description":"La Paach es una ceremonia dedicada al maiz y se efect\u00faa en San Marcos. Es Patrimonio Cultural Inmaterial declarada por la Unesco. Conoce m\u00e1s sobre ella.","og:url":"https:\/\/soymigrante.com\/revista\/guatemala-danza-el-baile-de-la-paach-de-san-marcos-es-patrimonio-de-la-humanidad\/","og:image":"https:\/\/soymigrante.com\/revista\/wp-content\/uploads\/2023\/09\/03672-HUG.webp","og:image:secure_url":"https:\/\/soymigrante.com\/revista\/wp-content\/uploads\/2023\/09\/03672-HUG.webp","og:image:width":1000,"og:image:height":636,"article:published_time":"2026-02-01T21:08:19+00:00","article:modified_time":"2026-02-01T21:08:27+00:00","article:publisher":"https:\/\/www.facebook.com\/soymigrantecom","twitter:card":"summary_large_image","twitter:site":"@SoyMigrante_com","twitter:title":"Baile de La Paach tambi\u00e9n es Patrimonio de la Humanidad","twitter:description":"La Paach es una ceremonia dedicada al maiz y se efect\u00faa en San Marcos. Es Patrimonio Cultural Inmaterial declarada por la Unesco. Conoce m\u00e1s sobre ella.","twitter:creator":"@SoyMigrante_com","twitter:image":"https:\/\/soymigrante.com\/revista\/wp-content\/uploads\/2023\/09\/03672-HUG.webp"},"aioseo_meta_data":{"post_id":"2390","title":"Baile de La Paach tambi\u00e9n es Patrimonio de la Humanidad","description":"La Paach es una ceremonia dedicada al maiz y se efect\u00faa en San Marcos. Es Patrimonio Cultural Inmaterial declarada por la Unesco. Conoce m\u00e1s sobre ella.","keywords":null,"keyphrases":{"focus":{"keyphrase":"San Marcos","score":82,"analysis":{"keyphraseInTitle":{"score":3,"maxScore":9,"error":1},"keyphraseInDescription":{"score":9,"maxScore":9,"error":0},"keyphraseLength":{"score":9,"maxScore":9,"error":0,"length":2},"keyphraseInURL":{"score":5,"maxScore":5,"error":0},"keyphraseInIntroduction":{"score":9,"maxScore":9,"error":0},"keyphraseInSubHeadings":{"score":3,"maxScore":9,"error":1},"keyphraseInImageAlt":{"score":9,"maxScore":9,"error":0},"keywordDensity":{"type":"best","score":9,"maxScore":9,"error":0}}},"additional":[]},"primary_term":null,"canonical_url":null,"og_title":null,"og_description":null,"og_object_type":"default","og_image_type":"default","og_image_url":null,"og_image_width":null,"og_image_height":null,"og_image_custom_url":null,"og_image_custom_fields":null,"og_video":"","og_custom_url":null,"og_article_section":null,"og_article_tags":null,"twitter_use_og":false,"twitter_card":"default","twitter_image_type":"default","twitter_image_url":null,"twitter_image_custom_url":null,"twitter_image_custom_fields":null,"twitter_title":null,"twitter_description":null,"schema":{"blockGraphs":[],"customGraphs":[],"default":{"data":{"Article":[],"Course":[],"Dataset":[],"FAQPage":[],"Movie":[],"Person":[],"Product":[],"ProductReview":[],"Car":[],"Recipe":[],"Service":[],"SoftwareApplication":[],"WebPage":[]},"graphName":"NewsArticle","isEnabled":true},"graphs":[]},"schema_type":"default","schema_type_options":null,"pillar_content":false,"robots_default":true,"robots_noindex":false,"robots_noarchive":false,"robots_nosnippet":false,"robots_nofollow":false,"robots_noimageindex":false,"robots_noodp":false,"robots_notranslate":false,"robots_max_snippet":"-1","robots_max_videopreview":"-1","robots_max_imagepreview":"large","priority":null,"frequency":"default","local_seo":null,"seo_analyzer_scan_date":null,"breadcrumb_settings":null,"limit_modified_date":false,"reviewed_by":"0","open_ai":null,"ai":{"faqs":[],"keyPoints":[],"titles":[],"descriptions":[],"socialPosts":{"email":[],"linkedin":[],"twitter":[],"facebook":[],"instagram":[]}},"created":"2023-09-01 15:43:09","updated":"2026-03-06 15:45:39"},"aioseo_breadcrumb":"<div class=\"aioseo-breadcrumbs\"><span class=\"aioseo-breadcrumb\">\n\t<a href=\"https:\/\/soymigrante.com\/revista\" title=\"Home\">Home<\/a>\n<\/span><span class=\"aioseo-breadcrumb-separator\">\u00bb<\/span><span class=\"aioseo-breadcrumb\">\n\t<a href=\"https:\/\/soymigrante.com\/revista\/category\/guate-nuestra\/\" title=\"Guate Nuestra\">Guate Nuestra<\/a>\n<\/span><span class=\"aioseo-breadcrumb-separator\">\u00bb<\/span><span class=\"aioseo-breadcrumb\">\n\tDanzas de Guatemala: El baile de La Paach, de San Marcos es Patrimonio de la Humanidad\n<\/span><\/div>","aioseo_breadcrumb_json":[{"label":"Home","link":"https:\/\/soymigrante.com\/revista"},{"label":"Guate Nuestra","link":"https:\/\/soymigrante.com\/revista\/category\/guate-nuestra\/"},{"label":"Danzas de Guatemala: El baile de La Paach, de San Marcos es Patrimonio de la Humanidad","link":"https:\/\/soymigrante.com\/revista\/guatemala-danza-el-baile-de-la-paach-de-san-marcos-es-patrimonio-de-la-humanidad\/"}],"_links":{"self":[{"href":"https:\/\/soymigrante.com\/revista\/wp-json\/wp\/v2\/posts\/2390","targetHints":{"allow":["GET"]}}],"collection":[{"href":"https:\/\/soymigrante.com\/revista\/wp-json\/wp\/v2\/posts"}],"about":[{"href":"https:\/\/soymigrante.com\/revista\/wp-json\/wp\/v2\/types\/post"}],"author":[{"embeddable":true,"href":"https:\/\/soymigrante.com\/revista\/wp-json\/wp\/v2\/users\/7"}],"replies":[{"embeddable":true,"href":"https:\/\/soymigrante.com\/revista\/wp-json\/wp\/v2\/comments?post=2390"}],"version-history":[{"count":7,"href":"https:\/\/soymigrante.com\/revista\/wp-json\/wp\/v2\/posts\/2390\/revisions"}],"predecessor-version":[{"id":51755,"href":"https:\/\/soymigrante.com\/revista\/wp-json\/wp\/v2\/posts\/2390\/revisions\/51755"}],"wp:featuredmedia":[{"embeddable":true,"href":"https:\/\/soymigrante.com\/revista\/wp-json\/wp\/v2\/media\/2424"}],"wp:attachment":[{"href":"https:\/\/soymigrante.com\/revista\/wp-json\/wp\/v2\/media?parent=2390"}],"wp:term":[{"taxonomy":"category","embeddable":true,"href":"https:\/\/soymigrante.com\/revista\/wp-json\/wp\/v2\/categories?post=2390"},{"taxonomy":"post_tag","embeddable":true,"href":"https:\/\/soymigrante.com\/revista\/wp-json\/wp\/v2\/tags?post=2390"}],"curies":[{"name":"wp","href":"https:\/\/api.w.org\/{rel}","templated":true}]}}