{"id":23696,"date":"2025-02-05T11:12:11","date_gmt":"2025-02-05T17:12:11","guid":{"rendered":"https:\/\/soymigrante.com\/revista\/?p=23696"},"modified":"2025-02-05T11:12:11","modified_gmt":"2025-02-05T17:12:11","slug":"acompanamiento-en-la-incertidumbre-un-pilar-de-fortaleza-para-los-migrantes","status":"publish","type":"post","link":"https:\/\/soymigrante.com\/revista\/acompanamiento-en-la-incertidumbre-un-pilar-de-fortaleza-para-los-migrantes\/","title":{"rendered":"Acompa\u00f1amiento en la incertidumbre: Un pilar de fortaleza para los migrantes"},"content":{"rendered":"\t\t<div data-elementor-type=\"wp-post\" data-elementor-id=\"23696\" class=\"elementor elementor-23696\" data-elementor-post-type=\"post\">\n\t\t\t\t<div data-particle_enable=\"false\" data-particle-mobile-disabled=\"false\" class=\"elementor-element elementor-element-8f43961 e-flex e-con-boxed e-con e-parent\" data-id=\"8f43961\" data-element_type=\"container\" data-e-type=\"container\">\n\t\t\t\t\t<div class=\"e-con-inner\">\n\t\t\t\t<div class=\"elementor-element elementor-element-7e5683a elementor-widget elementor-widget-heading\" data-id=\"7e5683a\" data-element_type=\"widget\" data-e-type=\"widget\" data-widget_type=\"heading.default\">\n\t\t\t\t\t<h2 class=\"elementor-heading-title elementor-size-default\">El acompa\u00f1amiento emocional es vital para los migrantes guatemaltecos en EE.UU. En un proceso lleno de incertidumbre, saber que cuentan con el apoyo de su familia les da la fuerza para seguir adelante.<\/h2>\t\t\t\t<\/div>\n\t\t\t\t\t<\/div>\n\t\t\t\t<\/div>\n\t\t<div data-particle_enable=\"false\" data-particle-mobile-disabled=\"false\" class=\"elementor-element elementor-element-890a94f e-flex e-con-boxed e-con e-parent\" data-id=\"890a94f\" data-element_type=\"container\" data-e-type=\"container\">\n\t\t\t\t\t<div class=\"e-con-inner\">\n\t\t\t\t<div class=\"elementor-element elementor-element-d0f3d04 elementor-widget elementor-widget-text-editor\" data-id=\"d0f3d04\" data-element_type=\"widget\" data-e-type=\"widget\" data-widget_type=\"text-editor.default\">\n\t\t\t\t\t\t\t\t\t<p>Migrar a Estados Unidos representa un reto lleno de incertidumbre para<a href=\"https:\/\/soymigrante.com\/revista\/migracion-jovenes-guatemaltecos-falta-oportunidades-necesitamos-desarrollo\/\" target=\"_blank\" rel=\"noopener\"> miles de guatemaltecos que buscan mejores oportunidades<\/a>.<\/p><p>Desde la llegada, enfrentan barreras como el idioma, la falta de empleo, el temor a la deportaci\u00f3n y la distancia de sus seres queridos.<\/p>\t\t\t\t\t\t\t\t<\/div>\n\t\t\t\t\t<\/div>\n\t\t\t\t<\/div>\n\t\t<div data-particle_enable=\"false\" data-particle-mobile-disabled=\"false\" class=\"elementor-element elementor-element-3d6e0ac e-flex e-con-boxed e-con e-parent\" data-id=\"3d6e0ac\" data-element_type=\"container\" data-e-type=\"container\">\n\t\t\t\t\t<div class=\"e-con-inner\">\n\t\t\t\t<div class=\"elementor-element elementor-element-8d9762c elementor-widget elementor-widget-text-editor\" data-id=\"8d9762c\" data-element_type=\"widget\" data-e-type=\"widget\" data-widget_type=\"text-editor.default\">\n\t\t\t\t\t\t\t\t\t<p>En este proceso, el acompa\u00f1amiento emocional y el apoyo de la familia se convierten en un factor clave para su bienestar y estabilidad.<\/p>\t\t\t\t\t\t\t\t<\/div>\n\t\t\t\t\t<\/div>\n\t\t\t\t<\/div>\n\t\t<div data-particle_enable=\"false\" data-particle-mobile-disabled=\"false\" class=\"elementor-element elementor-element-73d9e58 e-flex e-con-boxed e-con e-parent\" data-id=\"73d9e58\" data-element_type=\"container\" data-e-type=\"container\">\n\t\t\t\t\t<div class=\"e-con-inner\">\n\t\t\t\t<div class=\"elementor-element elementor-element-88bc80e elementor-widget elementor-widget-heading\" data-id=\"88bc80e\" data-element_type=\"widget\" data-e-type=\"widget\" data-widget_type=\"heading.default\">\n\t\t\t\t\t<h3 class=\"elementor-heading-title elementor-size-default\">El peso de la incertidumbre<\/h3>\t\t\t\t<\/div>\n\t\t\t\t\t<\/div>\n\t\t\t\t<\/div>\n\t\t<div data-particle_enable=\"false\" data-particle-mobile-disabled=\"false\" class=\"elementor-element elementor-element-48a65b6 e-flex e-con-boxed e-con e-parent\" data-id=\"48a65b6\" data-element_type=\"container\" data-e-type=\"container\">\n\t\t\t\t\t<div class=\"e-con-inner\">\n\t\t\t\t<div class=\"elementor-element elementor-element-9871aeb elementor-widget elementor-widget-text-editor\" data-id=\"9871aeb\" data-element_type=\"widget\" data-e-type=\"widget\" data-widget_type=\"text-editor.default\">\n\t\t\t\t\t\t\t\t\t<p><a href=\"https:\/\/soymigrante.com\/revista\/migracion-jovenes-guatemaltecos-falta-oportunidades-necesitamos-desarrollo\/\" target=\"_blank\" rel=\"noopener\">Los migrantes guatemaltecos llegan con la esperanza de un futuro mejor<\/a>, pero muchas veces se encuentran con una realidad compleja. La espera de documentos, la dificultad para encontrar trabajo estable y la adaptaci\u00f3n a un nuevo entorno generan estr\u00e9s y ansiedad.<\/p><p>Para quienes dejan a sus familias en Guatemala, la soledad se vuelve un peso emocional dif\u00edcil de sobrellevar, seg\u00fan la psic\u00f3loga, \u00c1ngela Contreras.<\/p>\t\t\t\t\t\t\t\t<\/div>\n\t\t\t\t\t<\/div>\n\t\t\t\t<\/div>\n\t\t<div data-particle_enable=\"false\" data-particle-mobile-disabled=\"false\" class=\"elementor-element elementor-element-fa7ad85 e-flex e-con-boxed e-con e-parent\" data-id=\"fa7ad85\" data-element_type=\"container\" data-e-type=\"container\">\n\t\t\t\t\t<div class=\"e-con-inner\">\n\t\t\t\t<div class=\"elementor-element elementor-element-ab357b9 elementor-widget elementor-widget-text-editor\" data-id=\"ab357b9\" data-element_type=\"widget\" data-e-type=\"widget\" data-widget_type=\"text-editor.default\">\n\t\t\t\t\t\t\t\t\t<p>\u201cUno siente que est\u00e1 en un limbo, que no pertenece ni aqu\u00ed ni all\u00e1. A veces no sabemos si las cosas van a salir bien o si nos van a deportar de un d\u00eda para otro\u201d, cuenta Carlos, un migrante guatemalteco en California.<\/p>\t\t\t\t\t\t\t\t<\/div>\n\t\t\t\t\t<\/div>\n\t\t\t\t<\/div>\n\t\t<div data-particle_enable=\"false\" data-particle-mobile-disabled=\"false\" class=\"elementor-element elementor-element-729cb80 e-flex e-con-boxed e-con e-parent\" data-id=\"729cb80\" data-element_type=\"container\" data-e-type=\"container\">\n\t\t\t\t\t<div class=\"e-con-inner\">\n\t\t\t\t<div class=\"elementor-element elementor-element-500baf6 elementor-widget elementor-widget-image\" data-id=\"500baf6\" data-element_type=\"widget\" data-e-type=\"widget\" data-widget_type=\"image.default\">\n\t\t\t\t\t\t\t\t\t\t\t\t<figure class=\"wp-caption\">\n\t\t\t\t\t\t\t\t\t\t<img fetchpriority=\"high\" decoding=\"async\" width=\"768\" height=\"512\" src=\"https:\/\/soymigrante.com\/revista\/wp-content\/uploads\/2025\/02\/El-acompanamiento-en-la-incertidumbre-Un-pilar-para-los-migrantes-1-1024x682.jpg\" class=\"attachment-large size-large wp-image-23701\" alt=\"Amor maternal entre madre e hija en un entorno hogare\u00f1o, reflejando sentimientos de uni\u00f3n y protecci\u00f3n en la comunidad migrante.\" srcset=\"https:\/\/soymigrante.com\/revista\/wp-content\/uploads\/2025\/02\/El-acompanamiento-en-la-incertidumbre-Un-pilar-para-los-migrantes-1-1024x682.jpg 1024w, https:\/\/soymigrante.com\/revista\/wp-content\/uploads\/2025\/02\/El-acompanamiento-en-la-incertidumbre-Un-pilar-para-los-migrantes-1-300x200.jpg 300w, https:\/\/soymigrante.com\/revista\/wp-content\/uploads\/2025\/02\/El-acompanamiento-en-la-incertidumbre-Un-pilar-para-los-migrantes-1-768x512.jpg 768w, https:\/\/soymigrante.com\/revista\/wp-content\/uploads\/2025\/02\/El-acompanamiento-en-la-incertidumbre-Un-pilar-para-los-migrantes-1-750x500.webp 750w, https:\/\/soymigrante.com\/revista\/wp-content\/uploads\/2025\/02\/El-acompanamiento-en-la-incertidumbre-Un-pilar-para-los-migrantes-1-1140x760.webp 1140w, https:\/\/soymigrante.com\/revista\/wp-content\/uploads\/2025\/02\/El-acompanamiento-en-la-incertidumbre-Un-pilar-para-los-migrantes-1.webp 1280w\" sizes=\"(max-width: 768px) 100vw, 768px\" title=\"El acompa\u00f1amiento en la incertidumbre Un pilar para los migrantes 1 \u2013 SoyMigrante.com REVISTA\" \/>\t\t\t\t\t\t\t\t\t\t\t<figcaption class=\"widget-image-caption wp-caption-text\">Madre e hija compartiendo un abrazo, simbolizando cari\u00f1o y seguridad en el hogar, tema frecuente en la revista SoyMigrante.com REVISTA.<\/figcaption>\n\t\t\t\t\t\t\t\t\t\t<\/figure>\n\t\t\t\t\t\t\t\t\t<\/div>\n\t\t\t\t\t<\/div>\n\t\t\t\t<\/div>\n\t\t<div data-particle_enable=\"false\" data-particle-mobile-disabled=\"false\" class=\"elementor-element elementor-element-c934cf3 e-flex e-con-boxed e-con e-parent\" data-id=\"c934cf3\" data-element_type=\"container\" data-e-type=\"container\">\n\t\t\t\t\t<div class=\"e-con-inner\">\n\t\t\t\t<div class=\"elementor-element elementor-element-42a7804 elementor-widget elementor-widget-heading\" data-id=\"42a7804\" data-element_type=\"widget\" data-e-type=\"widget\" data-widget_type=\"heading.default\">\n\t\t\t\t\t<h3 class=\"elementor-heading-title elementor-size-default\">El rol de la familia en Guatemala<\/h3>\t\t\t\t<\/div>\n\t\t\t\t\t<\/div>\n\t\t\t\t<\/div>\n\t\t<div data-particle_enable=\"false\" data-particle-mobile-disabled=\"false\" class=\"elementor-element elementor-element-c7223aa e-flex e-con-boxed e-con e-parent\" data-id=\"c7223aa\" data-element_type=\"container\" data-e-type=\"container\">\n\t\t\t\t\t<div class=\"e-con-inner\">\n\t\t\t\t<div class=\"elementor-element elementor-element-3198d4c elementor-widget elementor-widget-text-editor\" data-id=\"3198d4c\" data-element_type=\"widget\" data-e-type=\"widget\" data-widget_type=\"text-editor.default\">\n\t\t\t\t\t\t\t\t\t<p><a href=\"https:\/\/soymigrante.com\/revista\/migracion-jovenes-guatemaltecos-falta-oportunidades-necesitamos-desarrollo\/\" target=\"_blank\" rel=\"noopener\">La familia juega un papel fundamental en la estabilidad emocional del migrante<\/a>. Un mensaje de apoyo, una llamada o incluso una conversaci\u00f3n cotidiana pueden hacer la diferencia.<\/p><p>Saber que hay alguien esperando y preocup\u00e1ndose por ellos les da fuerzas para seguir adelante.<\/p>\t\t\t\t\t\t\t\t<\/div>\n\t\t\t\t\t<\/div>\n\t\t\t\t<\/div>\n\t\t<div data-particle_enable=\"false\" data-particle-mobile-disabled=\"false\" class=\"elementor-element elementor-element-98ba18d e-flex e-con-boxed e-con e-parent\" data-id=\"98ba18d\" data-element_type=\"container\" data-e-type=\"container\">\n\t\t\t\t\t<div class=\"e-con-inner\">\n\t\t\t\t<div class=\"elementor-element elementor-element-2910c90 elementor-widget elementor-widget-heading\" data-id=\"2910c90\" data-element_type=\"widget\" data-e-type=\"widget\" data-widget_type=\"heading.default\">\n\t\t\t\t\t<h3 class=\"elementor-heading-title elementor-size-default\">Algunas formas en que la familia en Guatemala puede brindar apoyo incluyen:<\/h3>\t\t\t\t<\/div>\n\t\t\t\t\t<\/div>\n\t\t\t\t<\/div>\n\t\t<div data-particle_enable=\"false\" data-particle-mobile-disabled=\"false\" class=\"elementor-element elementor-element-ec418cb e-flex e-con-boxed e-con e-parent\" data-id=\"ec418cb\" data-element_type=\"container\" data-e-type=\"container\">\n\t\t\t\t\t<div class=\"e-con-inner\">\n\t\t\t\t<div class=\"elementor-element elementor-element-9173c8a elementor-widget elementor-widget-text-editor\" data-id=\"9173c8a\" data-element_type=\"widget\" data-e-type=\"widget\" data-widget_type=\"text-editor.default\">\n\t\t\t\t\t\t\t\t\t<div>\u2022 Mantener la comunicaci\u00f3n constante, mostrando inter\u00e9s por su bienestar.<\/div><div>\u2022Evitar presiones econ\u00f3micas excesivas, entendiendo que la vida en EE.UU. es costosa y que no siempre es posible enviar dinero de inmediato.<\/div><div>\u2022Brindar apoyo emocional, escuchando y alentando en los momentos dif\u00edciles.<\/div><div>\u2022Respetar los tiempos del migrante, entendiendo que la adaptaci\u00f3n es un proceso que lleva tiempo.<\/div>\t\t\t\t\t\t\t\t<\/div>\n\t\t\t\t\t<\/div>\n\t\t\t\t<\/div>\n\t\t<div data-particle_enable=\"false\" data-particle-mobile-disabled=\"false\" class=\"elementor-element elementor-element-9c5f6a3 e-flex e-con-boxed e-con e-parent\" data-id=\"9c5f6a3\" data-element_type=\"container\" data-e-type=\"container\">\n\t\t\t\t\t<div class=\"e-con-inner\">\n\t\t\t\t<div class=\"elementor-element elementor-element-90500f9 elementor-widget elementor-widget-image\" data-id=\"90500f9\" data-element_type=\"widget\" data-e-type=\"widget\" data-widget_type=\"image.default\">\n\t\t\t\t\t\t\t\t\t\t\t\t<figure class=\"wp-caption\">\n\t\t\t\t\t\t\t\t\t\t<img decoding=\"async\" width=\"768\" height=\"512\" src=\"https:\/\/soymigrante.com\/revista\/wp-content\/uploads\/2025\/02\/El-acompanamiento-en-la-incertidumbre-Un-pilar-para-los-migrantes-3-1024x682.jpg\" class=\"attachment-large size-large wp-image-23702\" alt=\"Ni\u00f1a y mujer sonriendo juntos, toc\u00e1ndose la frente en un momento emotivo, en un entorno natural, simbolizando amor y conexi\u00f3n familiar.\" srcset=\"https:\/\/soymigrante.com\/revista\/wp-content\/uploads\/2025\/02\/El-acompanamiento-en-la-incertidumbre-Un-pilar-para-los-migrantes-3-1024x682.jpg 1024w, https:\/\/soymigrante.com\/revista\/wp-content\/uploads\/2025\/02\/El-acompanamiento-en-la-incertidumbre-Un-pilar-para-los-migrantes-3-300x200.jpg 300w, https:\/\/soymigrante.com\/revista\/wp-content\/uploads\/2025\/02\/El-acompanamiento-en-la-incertidumbre-Un-pilar-para-los-migrantes-3-768x512.jpg 768w, https:\/\/soymigrante.com\/revista\/wp-content\/uploads\/2025\/02\/El-acompanamiento-en-la-incertidumbre-Un-pilar-para-los-migrantes-3-750x500.webp 750w, https:\/\/soymigrante.com\/revista\/wp-content\/uploads\/2025\/02\/El-acompanamiento-en-la-incertidumbre-Un-pilar-para-los-migrantes-3-1140x760.webp 1140w, https:\/\/soymigrante.com\/revista\/wp-content\/uploads\/2025\/02\/El-acompanamiento-en-la-incertidumbre-Un-pilar-para-los-migrantes-3.webp 1280w\" sizes=\"(max-width: 768px) 100vw, 768px\" title=\"El acompa\u00f1amiento en la incertidumbre Un pilar para los migrantes 3 \u2013 SoyMigrante.com REVISTA\" \/>\t\t\t\t\t\t\t\t\t\t\t<figcaption class=\"widget-image-caption wp-caption-text\">Una adolescente y una joven mujer compartiendo un momento de cari\u00f1o al aire libre, mostrando uni\u00f3n y afecto en un escenario natural con fondo difuminado.<\/figcaption>\n\t\t\t\t\t\t\t\t\t\t<\/figure>\n\t\t\t\t\t\t\t\t\t<\/div>\n\t\t\t\t\t<\/div>\n\t\t\t\t<\/div>\n\t\t<div data-particle_enable=\"false\" data-particle-mobile-disabled=\"false\" class=\"elementor-element elementor-element-62e2c23 e-flex e-con-boxed e-con e-parent\" data-id=\"62e2c23\" data-element_type=\"container\" data-e-type=\"container\">\n\t\t\t\t\t<div class=\"e-con-inner\">\n\t\t\t\t<div class=\"elementor-element elementor-element-07bdede elementor-widget elementor-widget-heading\" data-id=\"07bdede\" data-element_type=\"widget\" data-e-type=\"widget\" data-widget_type=\"heading.default\">\n\t\t\t\t\t<h3 class=\"elementor-heading-title elementor-size-default\">Las redes de apoyo en EE.UU.<\/h3>\t\t\t\t<\/div>\n\t\t\t\t\t<\/div>\n\t\t\t\t<\/div>\n\t\t<div data-particle_enable=\"false\" data-particle-mobile-disabled=\"false\" class=\"elementor-element elementor-element-2b50d89 e-flex e-con-boxed e-con e-parent\" data-id=\"2b50d89\" data-element_type=\"container\" data-e-type=\"container\">\n\t\t\t\t\t<div class=\"e-con-inner\">\n\t\t\t\t<div class=\"elementor-element elementor-element-8450a15 elementor-widget elementor-widget-text-editor\" data-id=\"8450a15\" data-element_type=\"widget\" data-e-type=\"widget\" data-widget_type=\"text-editor.default\">\n\t\t\t\t\t\t\t\t\t<p>Adem\u00e1s del respaldo familiar, las comunidades guatemaltecas en Estados Unidos juegan un papel clave.<\/p><p>Iglesias, grupos comunitarios y organizaciones sin fines de lucro ofrecen asesor\u00eda legal, ayuda con el idioma y apoyo emocional.<a href=\"https:\/\/soymigrante.com\/revista\/migracion-jovenes-guatemaltecos-falta-oportunidades-necesitamos-desarrollo\/\" target=\"_blank\" rel=\"noopener\"> Para muchos, encontrar a otros guatemaltecos que han pasado por la misma experiencia les da un sentido de pertenencia y esperanza.<\/a><\/p><p>M\u00e1s all\u00e1 del dinero o los bienes materiales, lo m\u00e1s valioso que pueden recibir es comprensi\u00f3n, paciencia y amor.<\/p>\t\t\t\t\t\t\t\t<\/div>\n\t\t\t\t\t<\/div>\n\t\t\t\t<\/div>\n\t\t<div data-particle_enable=\"false\" data-particle-mobile-disabled=\"false\" class=\"elementor-element elementor-element-dea966e e-flex e-con-boxed e-con e-parent\" data-id=\"dea966e\" data-element_type=\"container\" data-e-type=\"container\">\n\t\t\t\t\t<div class=\"e-con-inner\">\n\t\t\t\t<div class=\"elementor-element elementor-element-0d8732a elementor-widget elementor-widget-heading\" data-id=\"0d8732a\" data-element_type=\"widget\" data-e-type=\"widget\" data-widget_type=\"heading.default\">\n\t\t\t\t\t<h2 class=\"elementor-heading-title elementor-size-default\">As\u00ed son los migrantes guatemaltecos en Estados Unidos, con\u00f3celos...<\/h2>\t\t\t\t<\/div>\n\t\t\t\t\t<\/div>\n\t\t\t\t<\/div>\n\t\t<div data-particle_enable=\"false\" data-particle-mobile-disabled=\"false\" class=\"elementor-element elementor-element-4376fd2 e-flex e-con-boxed e-con e-parent\" data-id=\"4376fd2\" data-element_type=\"container\" data-e-type=\"container\">\n\t\t\t\t\t<div class=\"e-con-inner\">\n\t\t\t\t<div class=\"elementor-element elementor-element-7402d67 elementor-grid-eael-col-3 elementor-grid-tablet-eael-col-2 elementor-grid-mobile-eael-col-1 elementor-widget elementor-widget-eael-post-grid\" data-id=\"7402d67\" data-element_type=\"widget\" data-e-type=\"widget\" data-settings=\"{&quot;eael_post_grid_columns&quot;:&quot;eael-col-3&quot;,&quot;eael_post_grid_columns_tablet&quot;:&quot;eael-col-2&quot;,&quot;eael_post_grid_columns_mobile&quot;:&quot;eael-col-1&quot;}\" data-widget_type=\"eael-post-grid.default\">\n\t\t\t\t\t<div id=\"eael-post-grid-7402d67\" class=\"eael-post-grid-container\">\n            <div class=\"eael-post-grid eael-post-appender eael-post-appender-7402d67 eael-post-grid-style-one\" data-layout-mode=\"masonry\"><article class=\"eael-grid-post  eael-post-grid-column eael-pg-post-2674 category-exitos\" data-id=\"2674\">\n        <div class=\"eael-grid-post-holder\">\n            <div class=\"eael-grid-post-holder-inner\"><div class=\"eael-entry-media\"><div class=\"eael-entry-overlay fade-in\"><i class=\"far fa-hand-pointer\" aria-hidden=\"true\"><\/i><a href=\"https:\/\/soymigrante.com\/revista\/animado-corazon-migrante-de-raiz-guatemalteca-el-exitoso-productor-eric-tran\/\"><\/a><\/div><div class=\"eael-entry-thumbnail \">\n                <img decoding=\"async\" width=\"584\" height=\"440\" src=\"https:\/\/soymigrante.com\/revista\/wp-content\/uploads\/2023\/09\/otra-sipson-e1695655800134.webp\" class=\"attachment-large size-large wp-image-2689\" alt=\"Eric Tran, animador y cineasta estadounidense, de madre migrante guatemalteca\" srcset=\"https:\/\/soymigrante.com\/revista\/wp-content\/uploads\/2023\/09\/otra-sipson-e1695655800134.webp 584w, https:\/\/soymigrante.com\/revista\/wp-content\/uploads\/2023\/09\/otra-sipson-e1695655800134-300x226.webp 300w\" sizes=\"(max-width: 584px) 100vw, 584px\" \/>\n            <\/div>\n        <\/div><div class=\"eael-entry-wrapper\"><header class=\"eael-entry-header\"><h2 class=\"eael-entry-title\"><a class=\"eael-grid-post-link\" href=\"https:\/\/soymigrante.com\/revista\/animado-corazon-migrante-de-raiz-guatemalteca-el-exitoso-productor-eric-tran\/\" title=\"Un coraz\u00f3n migrante de ra\u00edz guatemalteca: el exitoso productor y animador Erick Tran\">Un coraz\u00f3n migrante de ra\u00edz guatemalteca: el exitoso productor y animador Erick Tran<\/a><\/h2><\/header><div class=\"eael-entry-content\">\n                        <div class=\"eael-grid-post-excerpt\"><a href=\"https:\/\/soymigrante.com\/revista\/animado-corazon-migrante-de-raiz-guatemalteca-el-exitoso-productor-eric-tran\/\" class=\"eael-post-elements-readmore-btn\">CONOCE SU HISTORIA <\/a><\/div>\n                    <\/div><\/div><\/div>\n        <\/div>\n    <\/article><article class=\"eael-grid-post  eael-post-grid-column eael-pg-post-2479 category-estamos-unidos\" data-id=\"2479\">\n        <div class=\"eael-grid-post-holder\">\n            <div class=\"eael-grid-post-holder-inner\"><div class=\"eael-entry-media\"><div class=\"eael-entry-overlay fade-in\"><i class=\"far fa-hand-pointer\" aria-hidden=\"true\"><\/i><a href=\"https:\/\/soymigrante.com\/revista\/actor-y-migrante-guatemalteco-arturo-castro-lanzara-bola-inicial-en-juego-de-los-dodgers\/\"><\/a><\/div><div class=\"eael-entry-thumbnail \">\n                <img loading=\"lazy\" decoding=\"async\" width=\"1024\" height=\"809\" src=\"https:\/\/soymigrante.com\/revista\/wp-content\/uploads\/2023\/09\/Captura-de-pantalla-2023-09-11-233518-1024x809.webp\" class=\"attachment-large size-large wp-image-2538\" alt=\"Arturo Castro, actor y migrante guatemalteco\" srcset=\"https:\/\/soymigrante.com\/revista\/wp-content\/uploads\/2023\/09\/Captura-de-pantalla-2023-09-11-233518-1024x809.webp 1024w, https:\/\/soymigrante.com\/revista\/wp-content\/uploads\/2023\/09\/Captura-de-pantalla-2023-09-11-233518-300x237.webp 300w, https:\/\/soymigrante.com\/revista\/wp-content\/uploads\/2023\/09\/Captura-de-pantalla-2023-09-11-233518-768x606.webp 768w, https:\/\/soymigrante.com\/revista\/wp-content\/uploads\/2023\/09\/Captura-de-pantalla-2023-09-11-233518-750x592.webp 750w, https:\/\/soymigrante.com\/revista\/wp-content\/uploads\/2023\/09\/Captura-de-pantalla-2023-09-11-233518.webp 1041w\" sizes=\"(max-width: 1024px) 100vw, 1024px\" \/>\n            <\/div>\n        <\/div><div class=\"eael-entry-wrapper\"><header class=\"eael-entry-header\"><h2 class=\"eael-entry-title\"><a class=\"eael-grid-post-link\" href=\"https:\/\/soymigrante.com\/revista\/actor-y-migrante-guatemalteco-arturo-castro-lanzara-bola-inicial-en-juego-de-los-dodgers\/\" title=\"Actor y migrante Arturo Castro lanza bola inicial en juego de Los Dodgers dedicado a Guatemala\">Actor y migrante Arturo Castro lanza bola inicial en juego de Los Dodgers dedicado a Guatemala<\/a><\/h2><\/header><div class=\"eael-entry-content\">\n                        <div class=\"eael-grid-post-excerpt\"><a href=\"https:\/\/soymigrante.com\/revista\/actor-y-migrante-guatemalteco-arturo-castro-lanzara-bola-inicial-en-juego-de-los-dodgers\/\" class=\"eael-post-elements-readmore-btn\">CONOCE SU HISTORIA <\/a><\/div>\n                    <\/div><\/div><\/div>\n        <\/div>\n    <\/article><article class=\"eael-grid-post  eael-post-grid-column eael-pg-post-1695 category-exitos\" data-id=\"1695\">\n        <div class=\"eael-grid-post-holder\">\n            <div class=\"eael-grid-post-holder-inner\"><div class=\"eael-entry-media\"><div class=\"eael-entry-overlay fade-in\"><i class=\"far fa-hand-pointer\" aria-hidden=\"true\"><\/i><a href=\"https:\/\/soymigrante.com\/revista\/ervin-hernandez-migrante-emprendedor-guatemalteco\/\"><\/a><\/div><div class=\"eael-entry-thumbnail \">\n                <img loading=\"lazy\" decoding=\"async\" width=\"1024\" height=\"765\" src=\"https:\/\/soymigrante.com\/revista\/wp-content\/uploads\/2023\/06\/MIgrante-Ervin-Hernandez-1024x765.webp\" class=\"attachment-large size-large wp-image-1697\" alt=\"Ervin Hern\u00e1ndez se march\u00f3 en 1992 y recientemente lanz\u00f3 su restaurante, Celestia, en carretera a El Salvador, ciudad de Guatemala. Fotograf\u00eda: G. Montenegro\" srcset=\"https:\/\/soymigrante.com\/revista\/wp-content\/uploads\/2023\/06\/MIgrante-Ervin-Hernandez-1024x765.webp 1024w, https:\/\/soymigrante.com\/revista\/wp-content\/uploads\/2023\/06\/MIgrante-Ervin-Hernandez-300x224.webp 300w, https:\/\/soymigrante.com\/revista\/wp-content\/uploads\/2023\/06\/MIgrante-Ervin-Hernandez-768x574.webp 768w, https:\/\/soymigrante.com\/revista\/wp-content\/uploads\/2023\/06\/MIgrante-Ervin-Hernandez-750x561.webp 750w, https:\/\/soymigrante.com\/revista\/wp-content\/uploads\/2023\/06\/MIgrante-Ervin-Hernandez-1140x852.webp 1140w, https:\/\/soymigrante.com\/revista\/wp-content\/uploads\/2023\/06\/MIgrante-Ervin-Hernandez.webp 1255w\" sizes=\"(max-width: 1024px) 100vw, 1024px\" \/>\n            <\/div>\n        <\/div><div class=\"eael-entry-wrapper\"><header class=\"eael-entry-header\"><h2 class=\"eael-entry-title\"><a class=\"eael-grid-post-link\" href=\"https:\/\/soymigrante.com\/revista\/ervin-hernandez-migrante-emprendedor-guatemalteco\/\" title=\"Migrante y emprendedor Ervin Hern\u00e1ndez invierte en Guatemala\">Migrante y emprendedor Ervin Hern\u00e1ndez invierte en Guatemala<\/a><\/h2><\/header><div class=\"eael-entry-content\">\n                        <div class=\"eael-grid-post-excerpt\"><a href=\"https:\/\/soymigrante.com\/revista\/ervin-hernandez-migrante-emprendedor-guatemalteco\/\" class=\"eael-post-elements-readmore-btn\">CONOCE SU HISTORIA <\/a><\/div>\n                    <\/div><\/div><\/div>\n        <\/div>\n    <\/article><\/div>\n            <div class=\"clearfix\"><\/div>\n        <\/div>\t\t\t\t<\/div>\n\t\t\t\t\t<\/div>\n\t\t\t\t<\/div>\n\t\t\t\t<\/div>\n\t\t","protected":false},"excerpt":{"rendered":"<p>El acompa\u00f1amiento emocional es vital para los migrantes guatemaltecos en EE.UU. En un proceso lleno de incertidumbre, saber que cuentan con el apoyo de su familia les da la fuerza para seguir adelante. Migrar a Estados Unidos representa un reto lleno de incertidumbre para miles de guatemaltecos que buscan mejores oportunidades. Desde la llegada, enfrentan [&hellip;]<\/p>\n","protected":false},"author":19,"featured_media":23711,"comment_status":"open","ping_status":"open","sticky":false,"template":"","format":"standard","meta":{"_acf_changed":false,"_eb_attr":"","footnotes":""},"categories":[54],"tags":[],"class_list":["post-23696","post","type-post","status-publish","format-standard","has-post-thumbnail","hentry","category-estamos-unidos"],"acf":[],"aioseo_notices":[],"aioseo_head":"\n\t\t<!-- All in One SEO Pro 4.9.6.2 - aioseo.com -->\n\t<meta name=\"description\" content=\"Ervin Hern\u00e1ndez, migrante guatemalteco, triunfa en EE.UU. y regresa para invertir en su pa\u00eds con el restaurante Celestia. Descubre su inspiradora historia.\" \/>\n\t<meta name=\"robots\" content=\"max-snippet:-1, max-image-preview:large, max-video-preview:-1\" \/>\n\t<meta name=\"author\" content=\"Gustavo Montenegro\"\/>\n\t<link rel=\"canonical\" href=\"https:\/\/soymigrante.com\/revista\/ervin-hernandez-migrante-emprendedor-guatemalteco\/\" \/>\n\t<meta name=\"generator\" content=\"All in One SEO Pro (AIOSEO) 4.9.6.2\" \/>\n\n\t\t<link rel=\"preconnect\" href=\"https:\/\/fonts.googleapis.com\" crossorigin>\n<link rel=\"preconnect\" href=\"https:\/\/fonts.gstatic.com\" crossorigin>\n\t\t<meta property=\"og:locale\" content=\"es_ES\" \/>\n\t\t<meta property=\"og:site_name\" content=\"SoyMigrante.com REVISTA \u2013 Nuestra misi\u00f3n es reconocer y dignificar al migrante.\" \/>\n\t\t<meta property=\"og:type\" content=\"article\" \/>\n\t\t<meta property=\"og:title\" content=\"Migrante y emprendedor Ervin Hern\u00e1ndez invierte en Guatemala\" \/>\n\t\t<meta property=\"og:description\" content=\"Ervin Hern\u00e1ndez, migrante guatemalteco, triunfa en EE.UU. y regresa para invertir en su pa\u00eds con el restaurante Celestia. Descubre su inspiradora historia.\" \/>\n\t\t<meta property=\"og:url\" content=\"https:\/\/soymigrante.com\/revista\/ervin-hernandez-migrante-emprendedor-guatemalteco\/\" \/>\n\t\t<meta property=\"og:image\" content=\"https:\/\/soymigrante.com\/revista\/wp-content\/uploads\/2023\/06\/MIgrante-Ervin-Hernandez.webp\" \/>\n\t\t<meta property=\"og:image:secure_url\" content=\"https:\/\/soymigrante.com\/revista\/wp-content\/uploads\/2023\/06\/MIgrante-Ervin-Hernandez.webp\" \/>\n\t\t<meta property=\"og:image:width\" content=\"1255\" \/>\n\t\t<meta property=\"og:image:height\" content=\"938\" \/>\n\t\t<meta property=\"article:published_time\" content=\"2023-06-30T21:10:40+00:00\" \/>\n\t\t<meta property=\"article:modified_time\" content=\"2024-11-01T20:59:34+00:00\" \/>\n\t\t<meta property=\"article:publisher\" content=\"https:\/\/www.facebook.com\/soymigrantecom\" \/>\n\t\t<meta name=\"twitter:card\" content=\"summary_large_image\" \/>\n\t\t<meta name=\"twitter:site\" content=\"@SoyMigrante_com\" \/>\n\t\t<meta name=\"twitter:title\" content=\"Migrante y emprendedor Ervin Hern\u00e1ndez invierte en Guatemala\" \/>\n\t\t<meta name=\"twitter:description\" content=\"Ervin Hern\u00e1ndez, migrante guatemalteco, triunfa en EE.UU. y regresa para invertir en su pa\u00eds con el restaurante Celestia. Descubre su inspiradora historia.\" \/>\n\t\t<meta name=\"twitter:creator\" content=\"@SoyMigrante_com\" \/>\n\t\t<meta name=\"twitter:image\" content=\"https:\/\/soymigrante.com\/revista\/wp-content\/uploads\/2023\/06\/MIgrante-Ervin-Hernandez.webp\" \/>\n\t\t<!-- All in One SEO Pro -->\r\n\t\t<title>Migrante y emprendedor Ervin Hern\u00e1ndez invierte en Guatemala<\/title>\n\n","aioseo_head_json":{"title":"Migrante y emprendedor Ervin Hern\u00e1ndez invierte en Guatemala","description":"Ervin Hern\u00e1ndez, migrante guatemalteco, triunfa en EE.UU. y regresa para invertir en su pa\u00eds con el restaurante Celestia. Descubre su inspiradora historia.","canonical_url":"https:\/\/soymigrante.com\/revista\/ervin-hernandez-migrante-emprendedor-guatemalteco\/","robots":"max-snippet:-1, max-image-preview:large, max-video-preview:-1","keywords":"","webmasterTools":{"miscellaneous":"&lt;link rel=\"preconnect\" href=\"https:\/\/fonts.googleapis.com\" crossorigin&gt;\n&lt;link rel=\"preconnect\" href=\"https:\/\/fonts.gstatic.com\" crossorigin&gt;"},"schema":null,"og:locale":"es_ES","og:site_name":"SoyMigrante.com REVISTA \u2013 Nuestra misi\u00f3n es reconocer y dignificar al migrante.","og:type":"article","og:title":"Migrante y emprendedor Ervin Hern\u00e1ndez invierte en Guatemala","og:description":"Ervin Hern\u00e1ndez, migrante guatemalteco, triunfa en EE.UU. y regresa para invertir en su pa\u00eds con el restaurante Celestia. Descubre su inspiradora historia.","og:url":"https:\/\/soymigrante.com\/revista\/ervin-hernandez-migrante-emprendedor-guatemalteco\/","og:image":"https:\/\/soymigrante.com\/revista\/wp-content\/uploads\/2023\/06\/MIgrante-Ervin-Hernandez.webp","og:image:secure_url":"https:\/\/soymigrante.com\/revista\/wp-content\/uploads\/2023\/06\/MIgrante-Ervin-Hernandez.webp","og:image:width":1255,"og:image:height":938,"article:published_time":"2023-06-30T21:10:40+00:00","article:modified_time":"2024-11-01T20:59:34+00:00","article:publisher":"https:\/\/www.facebook.com\/soymigrantecom","twitter:card":"summary_large_image","twitter:site":"@SoyMigrante_com","twitter:title":"Migrante y emprendedor Ervin Hern\u00e1ndez invierte en Guatemala","twitter:description":"Ervin Hern\u00e1ndez, migrante guatemalteco, triunfa en EE.UU. y regresa para invertir en su pa\u00eds con el restaurante Celestia. Descubre su inspiradora historia.","twitter:creator":"@SoyMigrante_com","twitter:image":"https:\/\/soymigrante.com\/revista\/wp-content\/uploads\/2023\/06\/MIgrante-Ervin-Hernandez.webp"},"aioseo_meta_data":{"post_id":"23696","title":null,"description":"El acompa\u00f1amiento emocional es vital para los migrantes guatemaltecos en EE.UU. En un proceso lleno de incertidumbre, pero tener a su familia les da fuerza.","keywords":null,"keyphrases":{"focus":{"keyphrase":"migrantes","score":100,"analysis":{"keyphraseInTitle":{"score":9,"maxScore":9,"error":0},"keyphraseInDescription":{"score":9,"maxScore":9,"error":0},"keyphraseLength":{"score":9,"maxScore":9,"error":0,"length":1},"keyphraseInURL":{"score":5,"maxScore":5,"error":0}}},"additional":[{"keyphrase":"migrantes","score":100,"analysis":{"keyphraseInDescription":{"score":9,"maxScore":9,"error":0},"keyphraseLength":{"score":9,"maxScore":9,"error":0,"length":1}}},{"keyphrase":"Incertidumbre","score":100,"analysis":{"keyphraseInDescription":{"score":9,"maxScore":9,"error":0},"keyphraseLength":{"score":9,"maxScore":9,"error":0,"length":1}}}]},"primary_term":null,"canonical_url":null,"og_title":null,"og_description":null,"og_object_type":"default","og_image_type":"default","og_image_url":null,"og_image_width":null,"og_image_height":null,"og_image_custom_url":null,"og_image_custom_fields":null,"og_video":"","og_custom_url":null,"og_article_section":null,"og_article_tags":null,"twitter_use_og":false,"twitter_card":"default","twitter_image_type":"default","twitter_image_url":null,"twitter_image_custom_url":null,"twitter_image_custom_fields":null,"twitter_title":null,"twitter_description":null,"schema":{"blockGraphs":[],"customGraphs":[],"default":{"data":{"Article":[],"Course":[],"Dataset":[],"FAQPage":[],"Movie":[],"Person":[],"Product":[],"ProductReview":[],"Car":[],"Recipe":[],"Service":[],"SoftwareApplication":[],"WebPage":[]},"graphName":"BlogPosting","isEnabled":true},"graphs":[]},"schema_type":"default","schema_type_options":null,"pillar_content":false,"robots_default":true,"robots_noindex":false,"robots_noarchive":false,"robots_nosnippet":false,"robots_nofollow":false,"robots_noimageindex":false,"robots_noodp":false,"robots_notranslate":false,"robots_max_snippet":"-1","robots_max_videopreview":"-1","robots_max_imagepreview":"large","priority":null,"frequency":"default","local_seo":null,"seo_analyzer_scan_date":"2025-10-09 02:25:15","breadcrumb_settings":null,"limit_modified_date":false,"reviewed_by":null,"open_ai":"{\"title\":{\"suggestions\":[],\"usage\":0},\"description\":{\"suggestions\":[],\"usage\":0}}","ai":null,"created":"2025-02-03 23:05:30","updated":"2026-02-04 21:09:27"},"aioseo_breadcrumb":"<div class=\"aioseo-breadcrumbs\"><span class=\"aioseo-breadcrumb\">\n\t<a href=\"https:\/\/soymigrante.com\/revista\" title=\"Home\">Home<\/a>\n<\/span><span class=\"aioseo-breadcrumb-separator\">\u00bb<\/span><span class=\"aioseo-breadcrumb\">\n\t<a href=\"https:\/\/soymigrante.com\/revista\/category\/estamos-unidos\/\" title=\"Estamos Unidos\">Estamos Unidos<\/a>\n<\/span><span class=\"aioseo-breadcrumb-separator\">\u00bb<\/span><span class=\"aioseo-breadcrumb\">\n\tAcompa\u00f1amiento en la incertidumbre: Un pilar de fortaleza para los migrantes\n<\/span><\/div>","aioseo_breadcrumb_json":[{"label":"Home","link":"https:\/\/soymigrante.com\/revista"},{"label":"Estamos Unidos","link":"https:\/\/soymigrante.com\/revista\/category\/estamos-unidos\/"},{"label":"Acompa\u00f1amiento en la incertidumbre: Un pilar de fortaleza para los migrantes","link":"https:\/\/soymigrante.com\/revista\/acompanamiento-en-la-incertidumbre-un-pilar-de-fortaleza-para-los-migrantes\/"}],"_links":{"self":[{"href":"https:\/\/soymigrante.com\/revista\/wp-json\/wp\/v2\/posts\/23696","targetHints":{"allow":["GET"]}}],"collection":[{"href":"https:\/\/soymigrante.com\/revista\/wp-json\/wp\/v2\/posts"}],"about":[{"href":"https:\/\/soymigrante.com\/revista\/wp-json\/wp\/v2\/types\/post"}],"author":[{"embeddable":true,"href":"https:\/\/soymigrante.com\/revista\/wp-json\/wp\/v2\/users\/19"}],"replies":[{"embeddable":true,"href":"https:\/\/soymigrante.com\/revista\/wp-json\/wp\/v2\/comments?post=23696"}],"version-history":[{"count":0,"href":"https:\/\/soymigrante.com\/revista\/wp-json\/wp\/v2\/posts\/23696\/revisions"}],"wp:featuredmedia":[{"embeddable":true,"href":"https:\/\/soymigrante.com\/revista\/wp-json\/wp\/v2\/media\/23711"}],"wp:attachment":[{"href":"https:\/\/soymigrante.com\/revista\/wp-json\/wp\/v2\/media?parent=23696"}],"wp:term":[{"taxonomy":"category","embeddable":true,"href":"https:\/\/soymigrante.com\/revista\/wp-json\/wp\/v2\/categories?post=23696"},{"taxonomy":"post_tag","embeddable":true,"href":"https:\/\/soymigrante.com\/revista\/wp-json\/wp\/v2\/tags?post=23696"}],"curies":[{"name":"wp","href":"https:\/\/api.w.org\/{rel}","templated":true}]}}