{"id":2368,"date":"2023-08-29T18:36:14","date_gmt":"2023-08-29T18:36:14","guid":{"rendered":"https:\/\/soymigrante.com\/revista\/?p=2368"},"modified":"2024-07-30T17:33:49","modified_gmt":"2024-07-30T23:33:49","slug":"elizabeth-coti-maestra-espanol-texas-guatemala","status":"publish","type":"post","link":"https:\/\/soymigrante.com\/revista\/elizabeth-coti-maestra-espanol-texas-guatemala\/","title":{"rendered":"Elizabeth Cot\u00ed: La maestra texana con ra\u00edces guatemaltecas que ense\u00f1a espa\u00f1ol"},"content":{"rendered":"\t\t<div data-elementor-type=\"wp-post\" data-elementor-id=\"2368\" class=\"elementor elementor-2368\" data-elementor-post-type=\"post\">\n\t\t\t\t\t\t<section data-particle_enable=\"false\" data-particle-mobile-disabled=\"false\" class=\"elementor-section elementor-top-section elementor-element elementor-element-4bd8615 elementor-section-boxed elementor-section-height-default elementor-section-height-default\" data-id=\"4bd8615\" data-element_type=\"section\" data-e-type=\"section\">\n\t\t\t\t\t\t<div class=\"elementor-container elementor-column-gap-default\">\n\t\t\t\t\t<div class=\"elementor-column elementor-col-100 elementor-top-column elementor-element elementor-element-3a82cd3\" data-id=\"3a82cd3\" data-element_type=\"column\" data-e-type=\"column\">\n\t\t\t<div class=\"elementor-widget-wrap elementor-element-populated\">\n\t\t\t\t\t\t<div class=\"elementor-element elementor-element-535525c elementor-widget elementor-widget-heading\" data-id=\"535525c\" data-element_type=\"widget\" data-e-type=\"widget\" data-widget_type=\"heading.default\">\n\t\t\t\t\t<h1 class=\"elementor-heading-title elementor-size-default\">Sus padres Guadalupe y H\u00e9ctor Cot\u00ed son la base de sus valores y su amor a la Tierra del Quetzal. La maestra Elizabeth Cot\u00ed  se hizo viral por sus din\u00e1mico m\u00e9todo para ense\u00f1ar espa\u00f1ol y en su aula no falta la bandera de Guatemala. <\/h1>\t\t\t\t<\/div>\n\t\t\t\t\t<\/div>\n\t\t<\/div>\n\t\t\t\t\t<\/div>\n\t\t<\/section>\n\t\t\t\t<section data-particle_enable=\"false\" data-particle-mobile-disabled=\"false\" class=\"elementor-section elementor-top-section elementor-element elementor-element-9e5934f elementor-section-boxed elementor-section-height-default elementor-section-height-default\" data-id=\"9e5934f\" data-element_type=\"section\" data-e-type=\"section\">\n\t\t\t\t\t\t<div class=\"elementor-container elementor-column-gap-default\">\n\t\t\t\t\t<div class=\"elementor-column elementor-col-100 elementor-top-column elementor-element elementor-element-b75ca64\" data-id=\"b75ca64\" data-element_type=\"column\" data-e-type=\"column\">\n\t\t\t<div class=\"elementor-widget-wrap elementor-element-populated\">\n\t\t\t\t\t\t<div class=\"elementor-element elementor-element-3d2a610 elementor-widget elementor-widget-facebook-embed\" data-id=\"3d2a610\" data-element_type=\"widget\" data-e-type=\"widget\" data-widget_type=\"facebook-embed.default\">\n\t\t\t\t\t<div style=\"min-height: 1px\" class=\"elementor-facebook-widget fb-post\" data-href=\"https:\/\/www.facebook.com\/ecoti\/videos\/1945707255809465\" data-show-text=\"false\"><\/div>\t\t\t\t<\/div>\n\t\t\t\t\t<\/div>\n\t\t<\/div>\n\t\t\t\t\t<\/div>\n\t\t<\/section>\n\t\t\t\t<section data-particle_enable=\"false\" data-particle-mobile-disabled=\"false\" class=\"elementor-section elementor-top-section elementor-element elementor-element-f67706f elementor-section-boxed elementor-section-height-default elementor-section-height-default\" data-id=\"f67706f\" data-element_type=\"section\" data-e-type=\"section\">\n\t\t\t\t\t\t<div class=\"elementor-container elementor-column-gap-default\">\n\t\t\t\t\t<div class=\"elementor-column elementor-col-100 elementor-top-column elementor-element elementor-element-832d784\" data-id=\"832d784\" data-element_type=\"column\" data-e-type=\"column\">\n\t\t\t<div class=\"elementor-widget-wrap elementor-element-populated\">\n\t\t\t\t\t\t<div class=\"elementor-element elementor-element-823c80e elementor-widget elementor-widget-heading\" data-id=\"823c80e\" data-element_type=\"widget\" data-e-type=\"widget\" data-widget_type=\"heading.default\">\n\t\t\t\t\t<h2 class=\"elementor-heading-title elementor-size-default\">\"Me encanta compartir la cultura\" <\/h2>\t\t\t\t<\/div>\n\t\t\t\t\t<\/div>\n\t\t<\/div>\n\t\t\t\t\t<\/div>\n\t\t<\/section>\n\t\t\t\t<section data-particle_enable=\"false\" data-particle-mobile-disabled=\"false\" class=\"elementor-section elementor-top-section elementor-element elementor-element-58d6dd6 elementor-section-boxed elementor-section-height-default elementor-section-height-default\" data-id=\"58d6dd6\" data-element_type=\"section\" data-e-type=\"section\">\n\t\t\t\t\t\t<div class=\"elementor-container elementor-column-gap-default\">\n\t\t\t\t\t<div class=\"elementor-column elementor-col-100 elementor-top-column elementor-element elementor-element-f002f6d\" data-id=\"f002f6d\" data-element_type=\"column\" data-e-type=\"column\">\n\t\t\t<div class=\"elementor-widget-wrap elementor-element-populated\">\n\t\t\t\t\t\t<div class=\"elementor-element elementor-element-e2f2e43 elementor-widget elementor-widget-text-editor\" data-id=\"e2f2e43\" data-element_type=\"widget\" data-e-type=\"widget\" data-widget_type=\"text-editor.default\">\n\t\t\t\t\t\t\t\t\t<p>Elizabeth Cot\u00ed naci\u00f3 en Houston, Texas, Estados Unidos hace 28 a\u00f1os. S<a href=\"https:\/\/soymigrante.com\/revista\/amor-servicio-y-valores-son-el-exito-de-hector-y-lupe-coti-esposos-migrantes-guatemaltecos\/\">us padres son H\u00e9ctor y Guadalupe, migrantes guatemaltecos.<\/a> Aunque su idioma primario era el ingl\u00e9s, ella emprendi\u00f3 el descubrimiento del espa\u00f1ol y tambi\u00e9n de la cultura chapina a los 10 a\u00f1os.\u00a0<\/p><p>&#8220;<span style=\"color: var( --e-global-color-text ); background-color: var(--ak-bg-color);\">A m\u00ed me encanta la cultura guatemalteca, me encanta ser chapina americana, amo Guatemala y me encanta mi pa\u00eds, por eso me gusta ense\u00f1ar espa\u00f1ol a mis estudiantes&#8221;, expresa la maestra de castellano de Sabine High School, de Liberty City. &#8220;Este es mi quinto a\u00f1o como maestra de espa\u00f1ol y el tercero en Sabine High School&#8221;, explica.<\/span><\/p><p><span style=\"color: var( --e-global-color-text ); background-color: var(--ak-bg-color);\">Apenas en mayo se hizo viral en redes sociales por varios videos en los cuales utiliza videos con canciones artistas populares como Bad Bunny o Peso Pluma para ense\u00f1ar espa\u00f1ol a j\u00f3venes angloamericanos.\u00a0<\/span><\/p><p><span style=\"color: var( --e-global-color-text ); background-color: var(--ak-bg-color);\">&#8220;Los estudiantes de Liberty son en mayor\u00eda americanos y no saben espa\u00f1ol en absoluto. Les dijo \u00a1Hola! y no saben qu\u00e9 responder. Yo les entiendo, porque tambi\u00e9n en alg\u00fan punto de mi inicio de aprendizaje yo tampoco entend\u00eda el espa\u00f1ol&#8221;, relata la maestra, cuyos padres son migrantes guatemaltecos que llegaron en la d\u00e9cada 1980 a Estados Unidos.<\/span><\/p>\t\t\t\t\t\t\t\t<\/div>\n\t\t\t\t\t<\/div>\n\t\t<\/div>\n\t\t\t\t\t<\/div>\n\t\t<\/section>\n\t\t\t\t<section data-particle_enable=\"false\" data-particle-mobile-disabled=\"false\" class=\"elementor-section elementor-top-section elementor-element elementor-element-a942302 elementor-section-boxed elementor-section-height-default elementor-section-height-default\" data-id=\"a942302\" data-element_type=\"section\" data-e-type=\"section\">\n\t\t\t\t\t\t<div class=\"elementor-container elementor-column-gap-default\">\n\t\t\t\t\t<div class=\"elementor-column elementor-col-100 elementor-top-column elementor-element elementor-element-925849a\" data-id=\"925849a\" data-element_type=\"column\" data-e-type=\"column\">\n\t\t\t<div class=\"elementor-widget-wrap elementor-element-populated\">\n\t\t\t\t\t\t<div class=\"elementor-element elementor-element-d851023 elementor-widget elementor-widget-image\" data-id=\"d851023\" data-element_type=\"widget\" data-e-type=\"widget\" data-widget_type=\"image.default\">\n\t\t\t\t\t\t\t\t\t\t\t\t<figure class=\"wp-caption\">\n\t\t\t\t\t\t\t\t\t\t<img fetchpriority=\"high\" decoding=\"async\" width=\"720\" height=\"960\" src=\"https:\/\/soymigrante.com\/revista\/wp-content\/uploads\/2023\/08\/119177477_10217752559151366_4777664917268223146_n.webp\" class=\"attachment-large size-large wp-image-2370\" alt=\"Elizabeth Cot\u00ed, hija de padres migrantes guatemaltecos se siente muy orgullosa de las ra\u00edces quetzaltecas de su pap\u00e1, H\u00e9ctor Cot\u00ed. Aqu\u00ed luce el traje tradicional de Xela.\" srcset=\"https:\/\/soymigrante.com\/revista\/wp-content\/uploads\/2023\/08\/119177477_10217752559151366_4777664917268223146_n.webp 720w, https:\/\/soymigrante.com\/revista\/wp-content\/uploads\/2023\/08\/119177477_10217752559151366_4777664917268223146_n-225x300.webp 225w\" sizes=\"(max-width: 720px) 100vw, 720px\" title=\"Elizabeth Cot\u00ed, hija de padres migrantes guatemaltecos se siente muy orgullosa de las ra\u00edces quetzaltecas de su pap\u00e1, H\u00e9ctor Cot\u00ed. Aqu\u00ed luce el traje tradicional de Xela. \u2013 SoyMigrante.com REVISTA\" \/>\t\t\t\t\t\t\t\t\t\t\t<figcaption class=\"widget-image-caption wp-caption-text\">Elizabeth Cot\u00ed, hija de padres migrantes guatemaltecos se siente muy orgullosa de las ra\u00edces quetzaltecas de su pap\u00e1, H\u00e9ctor Cot\u00ed. Aqu\u00ed luce el traje tradicional de Xela.<\/figcaption>\n\t\t\t\t\t\t\t\t\t\t<\/figure>\n\t\t\t\t\t\t\t\t\t<\/div>\n\t\t\t\t\t<\/div>\n\t\t<\/div>\n\t\t\t\t\t<\/div>\n\t\t<\/section>\n\t\t\t\t<section data-particle_enable=\"false\" data-particle-mobile-disabled=\"false\" class=\"elementor-section elementor-top-section elementor-element elementor-element-73d95cc elementor-section-boxed elementor-section-height-default elementor-section-height-default\" data-id=\"73d95cc\" data-element_type=\"section\" data-e-type=\"section\">\n\t\t\t\t\t\t<div class=\"elementor-container elementor-column-gap-default\">\n\t\t\t\t\t<div class=\"elementor-column elementor-col-100 elementor-top-column elementor-element elementor-element-8c268c1\" data-id=\"8c268c1\" data-element_type=\"column\" data-e-type=\"column\">\n\t\t\t<div class=\"elementor-widget-wrap elementor-element-populated\">\n\t\t\t\t\t\t<div class=\"elementor-element elementor-element-55de82b elementor-widget elementor-widget-heading\" data-id=\"55de82b\" data-element_type=\"widget\" data-e-type=\"widget\" data-widget_type=\"heading.default\">\n\t\t\t\t\t<h2 class=\"elementor-heading-title elementor-size-default\">\"El objetivo es que valoren la cultura latinoamericana y guatemalteca\"<\/h2>\t\t\t\t<\/div>\n\t\t\t\t\t<\/div>\n\t\t<\/div>\n\t\t\t\t\t<\/div>\n\t\t<\/section>\n\t\t\t\t<section data-particle_enable=\"false\" data-particle-mobile-disabled=\"false\" class=\"elementor-section elementor-top-section elementor-element elementor-element-c6548fd elementor-section-boxed elementor-section-height-default elementor-section-height-default\" data-id=\"c6548fd\" data-element_type=\"section\" data-e-type=\"section\">\n\t\t\t\t\t\t<div class=\"elementor-container elementor-column-gap-default\">\n\t\t\t\t\t<div class=\"elementor-column elementor-col-100 elementor-top-column elementor-element elementor-element-9efd2ae\" data-id=\"9efd2ae\" data-element_type=\"column\" data-e-type=\"column\">\n\t\t\t<div class=\"elementor-widget-wrap elementor-element-populated\">\n\t\t\t\t\t\t<div class=\"elementor-element elementor-element-f3e8a91 elementor-widget elementor-widget-text-editor\" data-id=\"f3e8a91\" data-element_type=\"widget\" data-e-type=\"widget\" data-widget_type=\"text-editor.default\">\n\t\t\t\t\t\t\t\t\t<p><span style=\"font-family: Roboto, sans-serif; font-size: 16px; font-style: normal; font-variant-ligatures: normal; font-variant-caps: normal; font-weight: 400; color: var( --e-global-color-text ); background-color: var(--ak-bg-color);\">&#8220;Mi pap\u00e1 es de Xela y mi mam\u00e1 es de la capital. El se llama H\u00e9ctor Cot\u00ed y mi madre Lupe. El trabaj\u00f3 muchos a\u00f1os como camionero, manejando &#8220;trockas&#8221;. MI mam\u00e1 atend\u00eda en la cafeter\u00eda de la High School, donde yo estudi\u00e9. Empec\u00e9 a ser maestra hace cinco a\u00f1os&#8221;, prosigue Elizabeth su relato.<\/span><\/p><p><span style=\"font-family: Roboto, sans-serif; font-size: 16px; font-style: normal; font-variant-ligatures: normal; font-variant-caps: normal; font-weight: 400; color: var( --e-global-color-text ); background-color: var(--ak-bg-color);\">Al preguntarle la reacci\u00f3n de ellos cuando su metodolog\u00eda de clase se volvi\u00f3 viral, responde: &#8220;Ellos se sent\u00edan ya muy orgullosos de m\u00ed por ser maestra, sobre todo mi mam\u00e1 porque trabaj\u00f3 muchos a\u00f1os en esta escuela. Luego familiares y amigos me llamaban para decirme: Te vimos en las noticias, est\u00e1s en las redes. Fue muy emocionante y me motiva a seguir adelante&#8221;.<\/span><\/p><p><span style=\"font-family: Roboto, sans-serif; font-size: 16px; font-style: normal; font-variant-ligatures: normal; font-variant-caps: normal; font-weight: 400; color: var( --e-global-color-text ); background-color: var(--ak-bg-color);\">&#8220;Mi objetivo es que los estudiantes estadounidenses conozcan las culturas de Latinoam\u00e9rica, que vean la riqueza que hay. El espa\u00f1ol une a muchos pa\u00edses paro hay mucha historia y tradiciones&#8221;, agrega siempre sonriente.<\/span><\/p>\t\t\t\t\t\t\t\t<\/div>\n\t\t\t\t\t<\/div>\n\t\t<\/div>\n\t\t\t\t\t<\/div>\n\t\t<\/section>\n\t\t\t\t<section data-particle_enable=\"false\" data-particle-mobile-disabled=\"false\" class=\"elementor-section elementor-top-section elementor-element elementor-element-4f9306c elementor-section-boxed elementor-section-height-default elementor-section-height-default\" data-id=\"4f9306c\" data-element_type=\"section\" data-e-type=\"section\">\n\t\t\t\t\t\t<div class=\"elementor-container elementor-column-gap-default\">\n\t\t\t\t\t<div class=\"elementor-column elementor-col-100 elementor-top-column elementor-element elementor-element-1de66ba\" data-id=\"1de66ba\" data-element_type=\"column\" data-e-type=\"column\">\n\t\t\t<div class=\"elementor-widget-wrap elementor-element-populated\">\n\t\t\t\t\t\t<div class=\"elementor-element elementor-element-a909da8 elementor-widget elementor-widget-image\" data-id=\"a909da8\" data-element_type=\"widget\" data-e-type=\"widget\" data-widget_type=\"image.default\">\n\t\t\t\t\t\t\t\t\t\t\t\t<figure class=\"wp-caption\">\n\t\t\t\t\t\t\t\t\t\t<img decoding=\"async\" width=\"768\" height=\"959\" src=\"https:\/\/soymigrante.com\/revista\/wp-content\/uploads\/2023\/08\/233623103_10219867193095893_6337167785029108727_n-820x1024.webp\" class=\"attachment-large size-large wp-image-2371\" alt=\"\u00a1Bienvenidos a clases! Esta es la fotograf\u00eda con la cual Elizabeth Cot\u00ed, hija de migrantes guatemaltecos, recibe a sus estudiantes en el sitio web de Sabine High School, de Liberty City, Houston.\" srcset=\"https:\/\/soymigrante.com\/revista\/wp-content\/uploads\/2023\/08\/233623103_10219867193095893_6337167785029108727_n-820x1024.webp 820w, https:\/\/soymigrante.com\/revista\/wp-content\/uploads\/2023\/08\/233623103_10219867193095893_6337167785029108727_n-240x300.webp 240w, https:\/\/soymigrante.com\/revista\/wp-content\/uploads\/2023\/08\/233623103_10219867193095893_6337167785029108727_n-768x959.webp 768w, https:\/\/soymigrante.com\/revista\/wp-content\/uploads\/2023\/08\/233623103_10219867193095893_6337167785029108727_n-1229x1536.webp 1229w, https:\/\/soymigrante.com\/revista\/wp-content\/uploads\/2023\/08\/233623103_10219867193095893_6337167785029108727_n-750x937.webp 750w, https:\/\/soymigrante.com\/revista\/wp-content\/uploads\/2023\/08\/233623103_10219867193095893_6337167785029108727_n-1140x1424.webp 1140w, https:\/\/soymigrante.com\/revista\/wp-content\/uploads\/2023\/08\/233623103_10219867193095893_6337167785029108727_n.webp 1440w\" sizes=\"(max-width: 768px) 100vw, 768px\" title=\"\u00a1Bienvenidos a clases! Esta es la fotograf\u00eda con la cual Elizabeth Cot\u00ed, hija de migrantes guatemaltecos, recibe a sus estudiantes en el sitio web de Sabine High School, de Liberty City, Houston. \u2013 SoyMigrante.com REVISTA\" \/>\t\t\t\t\t\t\t\t\t\t\t<figcaption class=\"widget-image-caption wp-caption-text\">\u00a1Bienvenidos a clases! Esta es la fotograf\u00eda con la cual Elizabeth Cot\u00ed, hija de migrantes guatemaltecos, recibe a sus estudiantes en el sitio web de Sabine High School, de Liberty City, Houston.<\/figcaption>\n\t\t\t\t\t\t\t\t\t\t<\/figure>\n\t\t\t\t\t\t\t\t\t<\/div>\n\t\t\t\t\t<\/div>\n\t\t<\/div>\n\t\t\t\t\t<\/div>\n\t\t<\/section>\n\t\t\t\t<section data-particle_enable=\"false\" data-particle-mobile-disabled=\"false\" class=\"elementor-section elementor-top-section elementor-element elementor-element-a71e2d3 elementor-section-boxed elementor-section-height-default elementor-section-height-default\" data-id=\"a71e2d3\" data-element_type=\"section\" data-e-type=\"section\">\n\t\t\t\t\t\t<div class=\"elementor-container elementor-column-gap-default\">\n\t\t\t\t\t<div class=\"elementor-column elementor-col-100 elementor-top-column elementor-element elementor-element-8f8d69b\" data-id=\"8f8d69b\" data-element_type=\"column\" data-e-type=\"column\">\n\t\t\t<div class=\"elementor-widget-wrap elementor-element-populated\">\n\t\t\t\t\t\t<div class=\"elementor-element elementor-element-fb995c9 elementor-widget elementor-widget-heading\" data-id=\"fb995c9\" data-element_type=\"widget\" data-e-type=\"widget\" data-widget_type=\"heading.default\">\n\t\t\t\t\t<h2 class=\"elementor-heading-title elementor-size-default\">\"Quiero regresar a visitar Guatemala muy pronto\" <\/h2>\t\t\t\t<\/div>\n\t\t\t\t\t<\/div>\n\t\t<\/div>\n\t\t\t\t\t<\/div>\n\t\t<\/section>\n\t\t\t\t<section data-particle_enable=\"false\" data-particle-mobile-disabled=\"false\" class=\"elementor-section elementor-top-section elementor-element elementor-element-dd7582f elementor-section-boxed elementor-section-height-default elementor-section-height-default\" data-id=\"dd7582f\" data-element_type=\"section\" data-e-type=\"section\">\n\t\t\t\t\t\t<div class=\"elementor-container elementor-column-gap-default\">\n\t\t\t\t\t<div class=\"elementor-column elementor-col-100 elementor-top-column elementor-element elementor-element-b837383\" data-id=\"b837383\" data-element_type=\"column\" data-e-type=\"column\">\n\t\t\t<div class=\"elementor-widget-wrap elementor-element-populated\">\n\t\t\t\t\t\t<div class=\"elementor-element elementor-element-dd740cf elementor-widget elementor-widget-text-editor\" data-id=\"dd740cf\" data-element_type=\"widget\" data-e-type=\"widget\" data-widget_type=\"text-editor.default\">\n\t\t\t\t\t\t\t\t\t<p>La m\u00e1s reciente visita de Elizabeth a Guatemala fue en 2022. &#8220;La primera vez que viaj\u00e9 a conocer a mis t\u00edos y primos yo ten\u00eda 10 a\u00f1os. Ahora viajo cada dos o tres a\u00f1os y amo visitar Antigua Guatemala, Atitl\u00e1n que es mi lugar favorito, pasamos una semana en Quetzaltenango. Me encanta la hospitalidad de la gente y tambi\u00e9n la comida como el pepi\u00e1n&#8221;, cuenta.<\/p><p>&#8220;Mi pap\u00e1 en cada Navidad siempre prepara paches quetzaltecos. Muchos amigos de la comunidad de Liberty dicen \u00a1son tamales! y yo les digo, \u00a1son paches! y cuando los prueban, wow, qu\u00e9 delicia, dicen&#8230; s\u00ed son distintos&#8221;.<\/p>\t\t\t\t\t\t\t\t<\/div>\n\t\t\t\t\t<\/div>\n\t\t<\/div>\n\t\t\t\t\t<\/div>\n\t\t<\/section>\n\t\t\t\t<section data-particle_enable=\"false\" data-particle-mobile-disabled=\"false\" class=\"elementor-section elementor-top-section elementor-element elementor-element-6554245 elementor-section-boxed elementor-section-height-default elementor-section-height-default\" data-id=\"6554245\" data-element_type=\"section\" data-e-type=\"section\">\n\t\t\t\t\t\t<div class=\"elementor-container elementor-column-gap-default\">\n\t\t\t\t\t<div class=\"elementor-column elementor-col-100 elementor-top-column elementor-element elementor-element-1d4a13d\" data-id=\"1d4a13d\" data-element_type=\"column\" data-e-type=\"column\">\n\t\t\t<div class=\"elementor-widget-wrap elementor-element-populated\">\n\t\t\t\t\t\t<div class=\"elementor-element elementor-element-ff517c2 elementor-arrows-position-inside elementor-pagination-position-outside elementor-widget elementor-widget-image-carousel\" data-id=\"ff517c2\" data-element_type=\"widget\" data-e-type=\"widget\" data-settings=\"{&quot;slides_to_show&quot;:&quot;1&quot;,&quot;navigation&quot;:&quot;both&quot;,&quot;autoplay&quot;:&quot;yes&quot;,&quot;pause_on_hover&quot;:&quot;yes&quot;,&quot;pause_on_interaction&quot;:&quot;yes&quot;,&quot;autoplay_speed&quot;:5000,&quot;infinite&quot;:&quot;yes&quot;,&quot;effect&quot;:&quot;slide&quot;,&quot;speed&quot;:500}\" data-widget_type=\"image-carousel.default\">\n\t\t\t\t\t\t\t<div class=\"elementor-image-carousel-wrapper swiper\" role=\"region\" aria-roledescription=\"carousel\" aria-label=\"Carrusel de im\u00e1genes\" dir=\"ltr\">\n\t\t\t<div class=\"elementor-image-carousel swiper-wrapper\" aria-live=\"off\">\n\t\t\t\t\t\t\t\t<div class=\"swiper-slide\" role=\"group\" aria-roledescription=\"slide\" aria-label=\"1 de 5\"><figure class=\"swiper-slide-inner\"><img decoding=\"async\" class=\"swiper-slide-image\" src=\"https:\/\/soymigrante.com\/revista\/wp-content\/uploads\/2023\/08\/236312521_10219893150304807_352350528833846254_n.webp\" alt=\"La bandera de Guatemala, acompa\u00f1ada de las de otros pa\u00edses latinoamericanos, preside el aula donde Elizabeth Cot\u00ed imparte clases de espa\u00f1ol en Sabine High School, en Liberty City, Houston, Texas.\" \/><figcaption class=\"elementor-image-carousel-caption\">La bandera de Guatemala, acompa\u00f1ada de las de otros pa\u00edses latinoamericanos, preside el aula donde Elizabeth Cot\u00ed imparte clases de espa\u00f1ol en Sabine High School, en Liberty City, Houston, Texas.<\/figcaption><\/figure><\/div><div class=\"swiper-slide\" role=\"group\" aria-roledescription=\"slide\" aria-label=\"2 de 5\"><figure class=\"swiper-slide-inner\"><img decoding=\"async\" class=\"swiper-slide-image\" src=\"https:\/\/soymigrante.com\/revista\/wp-content\/uploads\/2023\/08\/287845429_10221422085007219_6062777825048195445_n-768x1024.webp\" alt=\"El lago de Atitl\u00e1n es un destino infaltable para Elizabeth en cada visita que hace a Guatemala\" \/><figcaption class=\"elementor-image-carousel-caption\">El lago de Atitl\u00e1n es un destino infaltable para Elizabeth en cada visita que hace a Guatemala<\/figcaption><\/figure><\/div><div class=\"swiper-slide\" role=\"group\" aria-roledescription=\"slide\" aria-label=\"3 de 5\"><figure class=\"swiper-slide-inner\"><img decoding=\"async\" class=\"swiper-slide-image\" src=\"https:\/\/soymigrante.com\/revista\/wp-content\/uploads\/2023\/08\/E_Vcn_8WYAEcDLW-820x1024.webp\" alt=\"&quot;Antigua Guatemala me fascina&quot;, dice la maestra Elizabeth Cot\u00ed, quien siempre lleva fotos y recuerdos a sus estudiantes de espa\u00f1ol en Houston.\" \/><figcaption class=\"elementor-image-carousel-caption\">\"Antigua Guatemala me fascina\", dice la maestra Elizabeth Cot\u00ed, quien siempre lleva fotos y recuerdos a sus estudiantes de espa\u00f1ol en Houston.<\/figcaption><\/figure><\/div><div class=\"swiper-slide\" role=\"group\" aria-roledescription=\"slide\" aria-label=\"4 de 5\"><figure class=\"swiper-slide-inner\"><img decoding=\"async\" class=\"swiper-slide-image\" src=\"https:\/\/soymigrante.com\/revista\/wp-content\/uploads\/2023\/08\/E_Vcn_8XoAMFsT6-821x1024.webp\" alt=\"Los paisajes guatemaltecos fascinan a Elizabeth, pero la cualidad que m\u00e1s valora es la hospitalidad y la generosidad de todos los compatriotas.\" \/><figcaption class=\"elementor-image-carousel-caption\">Los paisajes guatemaltecos  fascinan a Elizabeth, pero la cualidad que m\u00e1s valora es la hospitalidad y la generosidad de todos los compatriotas.<\/figcaption><\/figure><\/div><div class=\"swiper-slide\" role=\"group\" aria-roledescription=\"slide\" aria-label=\"5 de 5\"><figure class=\"swiper-slide-inner\"><img decoding=\"async\" class=\"swiper-slide-image\" src=\"https:\/\/soymigrante.com\/revista\/wp-content\/uploads\/2023\/08\/E_VcoC5WQAca89i-821x1024.webp\" alt=\"En la iglesia de Salcaj\u00e1, cerca de Quetzaltenango, de donde es originario H\u00e9ctor Cot\u00ed, su padre, migrante guatemalteco.\" \/><figcaption class=\"elementor-image-carousel-caption\">En la iglesia de Salcaj\u00e1, cerca de Quetzaltenango, de donde es originario H\u00e9ctor Cot\u00ed, su padre, migrante guatemalteco.<\/figcaption><\/figure><\/div>\t\t\t<\/div>\n\t\t\t\t\t\t\t\t\t\t\t\t<div class=\"elementor-swiper-button elementor-swiper-button-prev\" role=\"button\" tabindex=\"0\">\n\t\t\t\t\t\t<i aria-hidden=\"true\" class=\"eicon-chevron-left\"><\/i>\t\t\t\t\t<\/div>\n\t\t\t\t\t<div class=\"elementor-swiper-button elementor-swiper-button-next\" role=\"button\" tabindex=\"0\">\n\t\t\t\t\t\t<i aria-hidden=\"true\" class=\"eicon-chevron-right\"><\/i>\t\t\t\t\t<\/div>\n\t\t\t\t\n\t\t\t\t\t\t\t\t\t<div class=\"swiper-pagination\"><\/div>\n\t\t\t\t\t\t\t\t\t<\/div>\n\t\t\t\t\t\t<\/div>\n\t\t\t\t\t<\/div>\n\t\t<\/div>\n\t\t\t\t\t<\/div>\n\t\t<\/section>\n\t\t\t\t<section data-particle_enable=\"false\" data-particle-mobile-disabled=\"false\" class=\"elementor-section elementor-top-section elementor-element elementor-element-eb89046 elementor-section-boxed elementor-section-height-default elementor-section-height-default\" data-id=\"eb89046\" data-element_type=\"section\" data-e-type=\"section\">\n\t\t\t\t\t\t<div class=\"elementor-container elementor-column-gap-default\">\n\t\t\t\t\t<div class=\"elementor-column elementor-col-100 elementor-top-column elementor-element elementor-element-b94005d\" data-id=\"b94005d\" data-element_type=\"column\" data-e-type=\"column\">\n\t\t\t<div class=\"elementor-widget-wrap elementor-element-populated\">\n\t\t\t\t\t\t<div class=\"elementor-element elementor-element-2a0d1f3 elementor-position-top elementor-widget elementor-widget-image-box\" data-id=\"2a0d1f3\" data-element_type=\"widget\" data-e-type=\"widget\" data-widget_type=\"image-box.default\">\n\t\t\t\t\t<div class=\"elementor-image-box-wrapper\"><figure class=\"elementor-image-box-img\"><a href=\"https:\/\/soymigrante.com\/revista\/amor-servicio-y-valores-son-el-exito-de-hector-y-lupe-coti-esposos-migrantes-guatemaltecos\/\" tabindex=\"-1\"><img decoding=\"async\" width=\"1920\" height=\"1280\" src=\"https:\/\/soymigrante.com\/revista\/wp-content\/uploads\/2023\/08\/Esposos-Coti-son-migrantes-guatemaltecos-se-enamoraron-bajo-la-luna-de-Xelaju-Quetzaltenango-ella-se-fue-como-migrante-y-el-decidio-seguirla-se-casaron-luego-de-tres-anos-scaled.webp\" class=\"attachment-full size-full wp-image-2314\" alt=\"Esposos Coti son migrantes guatemaltecos se enamoraron bajo la luna de Xelaj\u00fa, Quetzaltenango, ella se fue como migrante y \u00e9l decidi\u00f3 seguirla, se casaron luego de tres a\u00f1os\" title=\"Esposos Coti son migrantes guatemaltecos se enamoraron bajo la luna de Xelaj\u00fa, Quetzaltenango, ella se fue como migrante y \u00e9l decidi\u00f3 seguirla, se casaron luego de tres a\u00f1os \u2013 SoyMigrante.com REVISTA\" srcset=\"https:\/\/soymigrante.com\/revista\/wp-content\/uploads\/2023\/08\/Esposos-Coti-son-migrantes-guatemaltecos-se-enamoraron-bajo-la-luna-de-Xelaju-Quetzaltenango-ella-se-fue-como-migrante-y-el-decidio-seguirla-se-casaron-luego-de-tres-anos-scaled.webp 1920w, https:\/\/soymigrante.com\/revista\/wp-content\/uploads\/2023\/08\/Esposos-Coti-son-migrantes-guatemaltecos-se-enamoraron-bajo-la-luna-de-Xelaju-Quetzaltenango-ella-se-fue-como-migrante-y-el-decidio-seguirla-se-casaron-luego-de-tres-anos-300x200.webp 300w, https:\/\/soymigrante.com\/revista\/wp-content\/uploads\/2023\/08\/Esposos-Coti-son-migrantes-guatemaltecos-se-enamoraron-bajo-la-luna-de-Xelaju-Quetzaltenango-ella-se-fue-como-migrante-y-el-decidio-seguirla-se-casaron-luego-de-tres-anos-1024x683.webp 1024w, https:\/\/soymigrante.com\/revista\/wp-content\/uploads\/2023\/08\/Esposos-Coti-son-migrantes-guatemaltecos-se-enamoraron-bajo-la-luna-de-Xelaju-Quetzaltenango-ella-se-fue-como-migrante-y-el-decidio-seguirla-se-casaron-luego-de-tres-anos-768x512.webp 768w, https:\/\/soymigrante.com\/revista\/wp-content\/uploads\/2023\/08\/Esposos-Coti-son-migrantes-guatemaltecos-se-enamoraron-bajo-la-luna-de-Xelaju-Quetzaltenango-ella-se-fue-como-migrante-y-el-decidio-seguirla-se-casaron-luego-de-tres-anos-1536x1024.webp 1536w, https:\/\/soymigrante.com\/revista\/wp-content\/uploads\/2023\/08\/Esposos-Coti-son-migrantes-guatemaltecos-se-enamoraron-bajo-la-luna-de-Xelaju-Quetzaltenango-ella-se-fue-como-migrante-y-el-decidio-seguirla-se-casaron-luego-de-tres-anos-750x500.webp 750w, https:\/\/soymigrante.com\/revista\/wp-content\/uploads\/2023\/08\/Esposos-Coti-son-migrantes-guatemaltecos-se-enamoraron-bajo-la-luna-de-Xelaju-Quetzaltenango-ella-se-fue-como-migrante-y-el-decidio-seguirla-se-casaron-luego-de-tres-anos-1140x760.webp 1140w, https:\/\/soymigrante.com\/revista\/wp-content\/uploads\/2023\/08\/Esposos-Coti-son-migrantes-guatemaltecos-se-enamoraron-bajo-la-luna-de-Xelaju-Quetzaltenango-ella-se-fue-como-migrante-y-el-decidio-seguirla-se-casaron-luego-de-tres-anos-600x400.webp 600w\" sizes=\"(max-width: 1920px) 100vw, 1920px\" \/><\/a><\/figure><div class=\"elementor-image-box-content\"><h3 class=\"elementor-image-box-title\"><a href=\"https:\/\/soymigrante.com\/revista\/amor-servicio-y-valores-son-el-exito-de-hector-y-lupe-coti-esposos-migrantes-guatemaltecos\/\">La historia de H\u00e9ctor y Guadalupe Cot\u00ed, padres de la maestra Elizabeth. Un amor sin fronteras<br>DALE CLIC<\/a><\/h3><\/div><\/div>\t\t\t\t<\/div>\n\t\t\t\t\t<\/div>\n\t\t<\/div>\n\t\t\t\t\t<\/div>\n\t\t<\/section>\n\t\t\t\t<\/div>\n\t\t","protected":false},"excerpt":{"rendered":"<p>Sus padres Guadalupe y H\u00e9ctor Cot\u00ed son la base de sus valores y su amor a la Tierra del Quetzal. La maestra Elizabeth Cot\u00ed se hizo viral por sus din\u00e1mico m\u00e9todo para ense\u00f1ar espa\u00f1ol y en su aula no falta la bandera de Guatemala. &#8220;Me encanta compartir la cultura&#8221; Elizabeth Cot\u00ed naci\u00f3 en Houston, Texas, [&hellip;]<\/p>\n","protected":false},"author":7,"featured_media":2369,"comment_status":"open","ping_status":"open","sticky":false,"template":"","format":"standard","meta":{"_acf_changed":false,"_eb_attr":"","footnotes":""},"categories":[50],"tags":[],"class_list":["post-2368","post","type-post","status-publish","format-standard","has-post-thumbnail","hentry","category-exitos"],"acf":[],"aioseo_notices":[],"aioseo_head":"\n\t\t<!-- All in One SEO Pro 4.9.6.2 - aioseo.com -->\n\t<meta name=\"description\" content=\"Elizabeth Cot\u00ed, nacida en Texas y con padres guatemaltecos, se ha destacado por su din\u00e1mico m\u00e9todo para ense\u00f1ar espa\u00f1ol, conectando culturas y tradiciones.\" \/>\n\t<meta name=\"robots\" content=\"max-snippet:-1, max-image-preview:large, max-video-preview:-1\" \/>\n\t<meta name=\"author\" content=\"Gustavo Montenegro\"\/>\n\t<link rel=\"canonical\" href=\"https:\/\/soymigrante.com\/revista\/elizabeth-coti-maestra-espanol-texas-guatemala\/\" \/>\n\t<meta name=\"generator\" content=\"All in One SEO Pro (AIOSEO) 4.9.6.2\" \/>\n\n\t\t<link rel=\"preconnect\" href=\"https:\/\/fonts.googleapis.com\" crossorigin>\n<link rel=\"preconnect\" href=\"https:\/\/fonts.gstatic.com\" crossorigin>\n\t\t<meta property=\"og:locale\" content=\"es_ES\" \/>\n\t\t<meta property=\"og:site_name\" content=\"SoyMigrante.com REVISTA \u2013 Nuestra misi\u00f3n es reconocer y dignificar al migrante.\" \/>\n\t\t<meta property=\"og:type\" content=\"article\" \/>\n\t\t<meta property=\"og:title\" content=\"Elizabeth Cot\u00ed: La maestra texana con ra\u00edces guatemaltecas que ense\u00f1a espa\u00f1ol \u2013\" \/>\n\t\t<meta property=\"og:description\" content=\"Elizabeth Cot\u00ed, nacida en Texas y con padres guatemaltecos, se ha destacado por su din\u00e1mico m\u00e9todo para ense\u00f1ar espa\u00f1ol, conectando culturas y tradiciones.\" \/>\n\t\t<meta property=\"og:url\" content=\"https:\/\/soymigrante.com\/revista\/elizabeth-coti-maestra-espanol-texas-guatemala\/\" \/>\n\t\t<meta property=\"og:image\" content=\"https:\/\/soymigrante.com\/revista\/wp-content\/uploads\/2023\/08\/705345_4157588903679_1136987468_o-e1693334157790.webp\" \/>\n\t\t<meta property=\"og:image:secure_url\" content=\"https:\/\/soymigrante.com\/revista\/wp-content\/uploads\/2023\/08\/705345_4157588903679_1136987468_o-e1693334157790.webp\" \/>\n\t\t<meta property=\"og:image:width\" content=\"1774\" \/>\n\t\t<meta property=\"og:image:height\" content=\"1266\" \/>\n\t\t<meta property=\"article:published_time\" content=\"2023-08-29T18:36:14+00:00\" \/>\n\t\t<meta property=\"article:modified_time\" content=\"2024-07-30T23:33:49+00:00\" \/>\n\t\t<meta property=\"article:publisher\" content=\"https:\/\/www.facebook.com\/soymigrantecom\" \/>\n\t\t<meta name=\"twitter:card\" content=\"summary_large_image\" \/>\n\t\t<meta name=\"twitter:site\" content=\"@SoyMigrante_com\" \/>\n\t\t<meta name=\"twitter:title\" content=\"Elizabeth Cot\u00ed: La maestra texana con ra\u00edces guatemaltecas que ense\u00f1a espa\u00f1ol \u2013\" \/>\n\t\t<meta name=\"twitter:description\" content=\"Elizabeth Cot\u00ed, nacida en Texas y con padres guatemaltecos, se ha destacado por su din\u00e1mico m\u00e9todo para ense\u00f1ar espa\u00f1ol, conectando culturas y tradiciones.\" \/>\n\t\t<meta name=\"twitter:creator\" content=\"@SoyMigrante_com\" \/>\n\t\t<meta name=\"twitter:image\" content=\"https:\/\/soymigrante.com\/revista\/wp-content\/uploads\/2023\/08\/705345_4157588903679_1136987468_o-e1693334157790.webp\" \/>\n\t\t<!-- All in One SEO Pro -->\r\n\t\t<title>Elizabeth Cot\u00ed: La maestra texana con ra\u00edces guatemaltecas que ense\u00f1a espa\u00f1ol \u2013<\/title>\n\n","aioseo_head_json":{"title":"Elizabeth Cot\u00ed: La maestra texana con ra\u00edces guatemaltecas que ense\u00f1a espa\u00f1ol \u2013","description":"Elizabeth Cot\u00ed, nacida en Texas y con padres guatemaltecos, se ha destacado por su din\u00e1mico m\u00e9todo para ense\u00f1ar espa\u00f1ol, conectando culturas y tradiciones.","canonical_url":"https:\/\/soymigrante.com\/revista\/elizabeth-coti-maestra-espanol-texas-guatemala\/","robots":"max-snippet:-1, max-image-preview:large, max-video-preview:-1","keywords":"","webmasterTools":{"miscellaneous":"&lt;link rel=\"preconnect\" href=\"https:\/\/fonts.googleapis.com\" crossorigin&gt;\n&lt;link rel=\"preconnect\" href=\"https:\/\/fonts.gstatic.com\" crossorigin&gt;"},"schema":null,"og:locale":"es_ES","og:site_name":"SoyMigrante.com REVISTA \u2013 Nuestra misi\u00f3n es reconocer y dignificar al migrante.","og:type":"article","og:title":"Elizabeth Cot\u00ed: La maestra texana con ra\u00edces guatemaltecas que ense\u00f1a espa\u00f1ol \u2013","og:description":"Elizabeth Cot\u00ed, nacida en Texas y con padres guatemaltecos, se ha destacado por su din\u00e1mico m\u00e9todo para ense\u00f1ar espa\u00f1ol, conectando culturas y tradiciones.","og:url":"https:\/\/soymigrante.com\/revista\/elizabeth-coti-maestra-espanol-texas-guatemala\/","og:image":"https:\/\/soymigrante.com\/revista\/wp-content\/uploads\/2023\/08\/705345_4157588903679_1136987468_o-e1693334157790.webp","og:image:secure_url":"https:\/\/soymigrante.com\/revista\/wp-content\/uploads\/2023\/08\/705345_4157588903679_1136987468_o-e1693334157790.webp","og:image:width":1774,"og:image:height":1266,"article:published_time":"2023-08-29T18:36:14+00:00","article:modified_time":"2024-07-30T23:33:49+00:00","article:publisher":"https:\/\/www.facebook.com\/soymigrantecom","twitter:card":"summary_large_image","twitter:site":"@SoyMigrante_com","twitter:title":"Elizabeth Cot\u00ed: La maestra texana con ra\u00edces guatemaltecas que ense\u00f1a espa\u00f1ol \u2013","twitter:description":"Elizabeth Cot\u00ed, nacida en Texas y con padres guatemaltecos, se ha destacado por su din\u00e1mico m\u00e9todo para ense\u00f1ar espa\u00f1ol, conectando culturas y tradiciones.","twitter:creator":"@SoyMigrante_com","twitter:image":"https:\/\/soymigrante.com\/revista\/wp-content\/uploads\/2023\/08\/705345_4157588903679_1136987468_o-e1693334157790.webp"},"aioseo_meta_data":{"post_id":"2368","title":"#post_title #separator_sa","description":"Elizabeth Cot\u00ed, nacida en Texas y con padres guatemaltecos, se ha destacado por su din\u00e1mico m\u00e9todo para ense\u00f1ar espa\u00f1ol, conectando culturas y tradiciones.","keywords":[],"keyphrases":{"focus":{"keyphrase":"migrante","score":65,"analysis":{"keyphraseInTitle":{"score":3,"maxScore":9,"error":1},"keyphraseInDescription":{"score":3,"maxScore":9,"error":1},"keyphraseLength":{"score":9,"maxScore":9,"error":0,"length":1},"keyphraseInURL":{"score":5,"maxScore":5,"error":0},"keyphraseInIntroduction":{"score":3,"maxScore":9,"error":1},"keyphraseInSubHeadings":{"score":3,"maxScore":9,"error":1},"keyphraseInImageAlt":{"score":9,"maxScore":9,"error":0},"keywordDensity":{"type":"best","score":9,"maxScore":9,"error":0}}},"additional":[]},"primary_term":null,"canonical_url":null,"og_title":null,"og_description":null,"og_object_type":"default","og_image_type":"default","og_image_url":null,"og_image_width":null,"og_image_height":null,"og_image_custom_url":null,"og_image_custom_fields":null,"og_video":"","og_custom_url":null,"og_article_section":null,"og_article_tags":[],"twitter_use_og":false,"twitter_card":"default","twitter_image_type":"default","twitter_image_url":null,"twitter_image_custom_url":null,"twitter_image_custom_fields":null,"twitter_title":null,"twitter_description":null,"schema":{"blockGraphs":[],"customGraphs":[],"default":{"data":{"Article":[],"Course":[],"Dataset":[],"FAQPage":[],"Movie":[],"Person":[],"Product":[],"ProductReview":[],"Car":[],"Recipe":[],"Service":[],"SoftwareApplication":[],"WebPage":[]},"graphName":"BlogPosting","isEnabled":true},"graphs":[]},"schema_type":"default","schema_type_options":null,"pillar_content":false,"robots_default":true,"robots_noindex":false,"robots_noarchive":false,"robots_nosnippet":false,"robots_nofollow":false,"robots_noimageindex":false,"robots_noodp":false,"robots_notranslate":false,"robots_max_snippet":"-1","robots_max_videopreview":"-1","robots_max_imagepreview":"large","priority":null,"frequency":"default","local_seo":null,"seo_analyzer_scan_date":"2025-10-08 20:17:24","breadcrumb_settings":null,"limit_modified_date":false,"reviewed_by":null,"open_ai":null,"ai":null,"created":"2023-08-29 17:15:03","updated":"2026-02-04 09:31:46"},"aioseo_breadcrumb":"<div class=\"aioseo-breadcrumbs\"><span class=\"aioseo-breadcrumb\">\n\t<a href=\"https:\/\/soymigrante.com\/revista\" title=\"Home\">Home<\/a>\n<\/span><span class=\"aioseo-breadcrumb-separator\">\u00bb<\/span><span class=\"aioseo-breadcrumb\">\n\t<a href=\"https:\/\/soymigrante.com\/revista\/category\/exitos\/\" title=\"\u00c9xitos\">\u00c9xitos<\/a>\n<\/span><span class=\"aioseo-breadcrumb-separator\">\u00bb<\/span><span class=\"aioseo-breadcrumb\">\n\tElizabeth Cot\u00ed: La maestra texana con ra\u00edces guatemaltecas que ense\u00f1a espa\u00f1ol\n<\/span><\/div>","aioseo_breadcrumb_json":[{"label":"Home","link":"https:\/\/soymigrante.com\/revista"},{"label":"\u00c9xitos","link":"https:\/\/soymigrante.com\/revista\/category\/exitos\/"},{"label":"Elizabeth Cot\u00ed: La maestra texana con ra\u00edces guatemaltecas que ense\u00f1a espa\u00f1ol","link":"https:\/\/soymigrante.com\/revista\/elizabeth-coti-maestra-espanol-texas-guatemala\/"}],"_links":{"self":[{"href":"https:\/\/soymigrante.com\/revista\/wp-json\/wp\/v2\/posts\/2368","targetHints":{"allow":["GET"]}}],"collection":[{"href":"https:\/\/soymigrante.com\/revista\/wp-json\/wp\/v2\/posts"}],"about":[{"href":"https:\/\/soymigrante.com\/revista\/wp-json\/wp\/v2\/types\/post"}],"author":[{"embeddable":true,"href":"https:\/\/soymigrante.com\/revista\/wp-json\/wp\/v2\/users\/7"}],"replies":[{"embeddable":true,"href":"https:\/\/soymigrante.com\/revista\/wp-json\/wp\/v2\/comments?post=2368"}],"version-history":[{"count":0,"href":"https:\/\/soymigrante.com\/revista\/wp-json\/wp\/v2\/posts\/2368\/revisions"}],"wp:featuredmedia":[{"embeddable":true,"href":"https:\/\/soymigrante.com\/revista\/wp-json\/wp\/v2\/media\/2369"}],"wp:attachment":[{"href":"https:\/\/soymigrante.com\/revista\/wp-json\/wp\/v2\/media?parent=2368"}],"wp:term":[{"taxonomy":"category","embeddable":true,"href":"https:\/\/soymigrante.com\/revista\/wp-json\/wp\/v2\/categories?post=2368"},{"taxonomy":"post_tag","embeddable":true,"href":"https:\/\/soymigrante.com\/revista\/wp-json\/wp\/v2\/tags?post=2368"}],"curies":[{"name":"wp","href":"https:\/\/api.w.org\/{rel}","templated":true}]}}