{"id":23501,"date":"2025-06-10T17:47:03","date_gmt":"2025-06-10T23:47:03","guid":{"rendered":"https:\/\/soymigrante.com\/revista\/?p=23501"},"modified":"2025-06-12T15:48:48","modified_gmt":"2025-06-12T21:48:48","slug":"donde-encontrar-ayuda-legal-para-tu-caso-de-migracion-en-usa","status":"publish","type":"post","link":"https:\/\/soymigrante.com\/revista\/donde-encontrar-ayuda-legal-para-tu-caso-de-migracion-en-usa\/","title":{"rendered":"\u00bfD\u00f3nde consigo un abogado que me brinde ayuda legal para mi caso de migraci\u00f3n en USA?"},"content":{"rendered":"\t\t<div data-elementor-type=\"wp-post\" data-elementor-id=\"23501\" class=\"elementor elementor-23501\" data-elementor-post-type=\"post\">\n\t\t\t\t<div data-particle_enable=\"false\" data-particle-mobile-disabled=\"false\" class=\"elementor-element elementor-element-becaa4a e-flex e-con-boxed e-con e-parent\" data-id=\"becaa4a\" data-element_type=\"container\" data-e-type=\"container\">\n\t\t\t\t\t<div class=\"e-con-inner\">\n\t\t\t\t<div class=\"elementor-element elementor-element-326bdb6 elementor-widget elementor-widget-heading\" data-id=\"326bdb6\" data-element_type=\"widget\" data-e-type=\"widget\" data-widget_type=\"heading.default\">\n\t\t\t\t\t<h2 class=\"elementor-heading-title elementor-size-default\">Desde agencias sin fines de lucro hasta abogados privados, conocer los costos, requisitos y formas de colaboraci\u00f3n con tu representante legal har\u00e1 que el proceso de inmigraci\u00f3n sea m\u00e1s claro y eficiente. Aqu\u00ed te compartimos m\u00e1s informaci\u00f3n.<\/h2>\t\t\t\t<\/div>\n\t\t\t\t\t<\/div>\n\t\t\t\t<\/div>\n\t\t<div data-particle_enable=\"false\" data-particle-mobile-disabled=\"false\" class=\"elementor-element elementor-element-c5afb03 e-flex e-con-boxed e-con e-parent\" data-id=\"c5afb03\" data-element_type=\"container\" data-e-type=\"container\">\n\t\t\t\t\t<div class=\"e-con-inner\">\n\t\t\t\t<div class=\"elementor-element elementor-element-7e0ae0a elementor-widget elementor-widget-text-editor\" data-id=\"7e0ae0a\" data-element_type=\"widget\" data-e-type=\"widget\" data-widget_type=\"text-editor.default\">\n\t\t\t\t\t\t\t\t\t<p>Buscar ayuda legal para tu caso de inmigraci\u00f3n puede parecer complicado, pero existen opciones accesibles. Desde agencias sin fines de lucro hasta abogados privados, conocer los costos, requisitos y formas de colaboraci\u00f3n\u00a0<a style=\"text-align: var(--text-align)\" href=\"https:\/\/soymigrante.com\/revista\/acciones-antimigrantes-afectaran-economia-y-suministro-de-alimentos-senala-estudio-de-harvard\/\" target=\"_blank\" rel=\"noopener\">con tu representante legal har\u00e1 que el proceso sea m\u00e1s claro y eficiente.<\/a><\/p><p>Si necesitas ayuda legal para tu caso de inmigraci\u00f3n, puedes recurrir a agencias sin fines de lucro o abogados privados especializados. Las agencias ofrecen asistencia gratuita o de bajo costo, mientras que los abogados privados establecen honorarios espec\u00edficos.\u00a0<\/p>\t\t\t\t\t\t\t\t<\/div>\n\t\t\t\t\t<\/div>\n\t\t\t\t<\/div>\n\t\t<div data-particle_enable=\"false\" data-particle-mobile-disabled=\"false\" class=\"elementor-element elementor-element-0acf438 e-flex e-con-boxed e-con e-parent\" data-id=\"0acf438\" data-element_type=\"container\" data-e-type=\"container\">\n\t\t\t\t\t<div class=\"e-con-inner\">\n\t\t\t\t<div class=\"elementor-element elementor-element-7ae4ae2 elementor-widget elementor-widget-image\" data-id=\"7ae4ae2\" data-element_type=\"widget\" data-e-type=\"widget\" data-widget_type=\"image.default\">\n\t\t\t\t\t\t\t\t\t\t\t\t<figure class=\"wp-caption\">\n\t\t\t\t\t\t\t\t\t\t<img fetchpriority=\"high\" decoding=\"async\" width=\"768\" height=\"512\" src=\"https:\/\/soymigrante.com\/revista\/wp-content\/uploads\/2025\/02\/trabajo-de-limpieza-usa2-1024x683.jpg\" class=\"attachment-large size-large wp-image-23650\" alt=\"Cuidado con el cartel de advertencia de limpieza en proceso en un pasillo de hospital o cl\u00ednica. Personal de limpieza trabajando en interiores, se\u00f1alizaci\u00f3n de seguridad en espacios p\u00fablicos y sanitarios.\" srcset=\"https:\/\/soymigrante.com\/revista\/wp-content\/uploads\/2025\/02\/trabajo-de-limpieza-usa2-1024x683.jpg 1024w, https:\/\/soymigrante.com\/revista\/wp-content\/uploads\/2025\/02\/trabajo-de-limpieza-usa2-300x200.jpg 300w, https:\/\/soymigrante.com\/revista\/wp-content\/uploads\/2025\/02\/trabajo-de-limpieza-usa2-768x512.jpg 768w, https:\/\/soymigrante.com\/revista\/wp-content\/uploads\/2025\/02\/trabajo-de-limpieza-usa2-1536x1025.jpg 1536w, https:\/\/soymigrante.com\/revista\/wp-content\/uploads\/2025\/02\/trabajo-de-limpieza-usa2-2048x1366.jpg 2048w, https:\/\/soymigrante.com\/revista\/wp-content\/uploads\/2025\/02\/trabajo-de-limpieza-usa2-750x500.webp 750w, https:\/\/soymigrante.com\/revista\/wp-content\/uploads\/2025\/02\/trabajo-de-limpieza-usa2-1140x760.webp 1140w, https:\/\/soymigrante.com\/revista\/wp-content\/uploads\/2025\/02\/trabajo-de-limpieza-usa2-scaled.webp 1920w\" sizes=\"(max-width: 768px) 100vw, 768px\" title=\"trabajo de limpieza usa2 \u2013 SoyMigrante.com REVISTA\" \/>\t\t\t\t\t\t\t\t\t\t\t<figcaption class=\"widget-image-caption wp-caption-text\">Personal de limpieza profesional trabajando en un edificio de oficina durante la jornada laboral.<\/figcaption>\n\t\t\t\t\t\t\t\t\t\t<\/figure>\n\t\t\t\t\t\t\t\t\t<\/div>\n\t\t\t\t\t<\/div>\n\t\t\t\t<\/div>\n\t\t<div data-particle_enable=\"false\" data-particle-mobile-disabled=\"false\" class=\"elementor-element elementor-element-182f593 e-flex e-con-boxed e-con e-parent\" data-id=\"182f593\" data-element_type=\"container\" data-e-type=\"container\">\n\t\t\t\t\t<div class=\"e-con-inner\">\n\t\t\t\t<div class=\"elementor-element elementor-element-1fb1851 elementor-widget elementor-widget-heading\" data-id=\"1fb1851\" data-element_type=\"widget\" data-e-type=\"widget\" data-widget_type=\"heading.default\">\n\t\t\t\t\t<h3 class=\"elementor-heading-title elementor-size-default\">\u00bfD\u00f3nde puedo obtener ayuda legal para mi caso de migraci\u00f3n?\n<\/h3>\t\t\t\t<\/div>\n\t\t\t\t\t<\/div>\n\t\t\t\t<\/div>\n\t\t<div data-particle_enable=\"false\" data-particle-mobile-disabled=\"false\" class=\"elementor-element elementor-element-7140cad e-flex e-con-boxed e-con e-parent\" data-id=\"7140cad\" data-element_type=\"container\" data-e-type=\"container\">\n\t\t\t\t\t<div class=\"e-con-inner\">\n\t\t\t\t<div class=\"elementor-element elementor-element-d6eea74 elementor-widget elementor-widget-text-editor\" data-id=\"d6eea74\" data-element_type=\"widget\" data-e-type=\"widget\" data-widget_type=\"text-editor.default\">\n\t\t\t\t\t\t\t\t\t<p>Puedes buscar asistencia en una agencia sin fines de lucro calificada o contratar\u00a0<a style=\"text-align: var(--text-align)\" href=\"https:\/\/soymigrante.com\/revista\/todo-migrante-tiene-derechos-la-union-americana-de-libertades-civiles-recomienda\/\" target=\"_blank\" rel=\"noopener\">a un abogado privado especializado en inmigraci\u00f3n.<\/a><\/p>\t\t\t\t\t\t\t\t<\/div>\n\t\t\t\t\t<\/div>\n\t\t\t\t<\/div>\n\t\t<div data-particle_enable=\"false\" data-particle-mobile-disabled=\"false\" class=\"elementor-element elementor-element-7551e3a e-flex e-con-boxed e-con e-parent\" data-id=\"7551e3a\" data-element_type=\"container\" data-e-type=\"container\">\n\t\t\t\t\t<div class=\"e-con-inner\">\n\t\t\t\t<div class=\"elementor-element elementor-element-81b4d91 elementor-widget elementor-widget-heading\" data-id=\"81b4d91\" data-element_type=\"widget\" data-e-type=\"widget\" data-widget_type=\"heading.default\">\n\t\t\t\t\t<h3 class=\"elementor-heading-title elementor-size-default\">\u00bfQu\u00e9 es una agencia sin fines de lucro calificada?\n<\/h3>\t\t\t\t<\/div>\n\t\t\t\t\t<\/div>\n\t\t\t\t<\/div>\n\t\t<div data-particle_enable=\"false\" data-particle-mobile-disabled=\"false\" class=\"elementor-element elementor-element-43f2c3d e-flex e-con-boxed e-con e-parent\" data-id=\"43f2c3d\" data-element_type=\"container\" data-e-type=\"container\">\n\t\t\t\t\t<div class=\"e-con-inner\">\n\t\t\t\t<div class=\"elementor-element elementor-element-df0f796 elementor-widget elementor-widget-text-editor\" data-id=\"df0f796\" data-element_type=\"widget\" data-e-type=\"widget\" data-widget_type=\"text-editor.default\">\n\t\t\t\t\t\t\t\t\t<p>Son organizaciones con abogados o representantes acreditados por la Junta de Apelaciones de Inmigraci\u00f3n (BIA) que pueden ayudarte con tu caso. Para encontrar una, busca en sitios especializados seg\u00fan tu estado y verifica los servicios que ofrecen.<\/p>\t\t\t\t\t\t\t\t<\/div>\n\t\t\t\t\t<\/div>\n\t\t\t\t<\/div>\n\t\t<div data-particle_enable=\"false\" data-particle-mobile-disabled=\"false\" class=\"elementor-element elementor-element-5bb5e78 e-flex e-con-boxed e-con e-parent\" data-id=\"5bb5e78\" data-element_type=\"container\" data-e-type=\"container\">\n\t\t\t\t\t<div class=\"e-con-inner\">\n\t\t\t\t<div class=\"elementor-element elementor-element-e9aa480 elementor-widget elementor-widget-heading\" data-id=\"e9aa480\" data-element_type=\"widget\" data-e-type=\"widget\" data-widget_type=\"heading.default\">\n\t\t\t\t\t<h3 class=\"elementor-heading-title elementor-size-default\">\u00bfTengo que pagar por la ayuda de una agencia sin fines de lucro?\n\n<\/h3>\t\t\t\t<\/div>\n\t\t\t\t\t<\/div>\n\t\t\t\t<\/div>\n\t\t<div data-particle_enable=\"false\" data-particle-mobile-disabled=\"false\" class=\"elementor-element elementor-element-1e60a9e e-flex e-con-boxed e-con e-parent\" data-id=\"1e60a9e\" data-element_type=\"container\" data-e-type=\"container\">\n\t\t\t\t\t<div class=\"e-con-inner\">\n\t\t\t\t<div class=\"elementor-element elementor-element-1430558 elementor-widget elementor-widget-text-editor\" data-id=\"1430558\" data-element_type=\"widget\" data-e-type=\"widget\" data-widget_type=\"text-editor.default\">\n\t\t\t\t\t\t\t\t\t<p>La asistencia de estas agencias es gratuita o de bajo costo para personas de bajos ingresos. Sin embargo, si decides contratar a un abogado privado, deber\u00e1s pagar sus honorarios.<\/p>\t\t\t\t\t\t\t\t<\/div>\n\t\t\t\t\t<\/div>\n\t\t\t\t<\/div>\n\t\t<div data-particle_enable=\"false\" data-particle-mobile-disabled=\"false\" class=\"elementor-element elementor-element-38c768f e-flex e-con-boxed e-con e-parent\" data-id=\"38c768f\" data-element_type=\"container\" data-e-type=\"container\">\n\t\t\t\t\t<div class=\"e-con-inner\">\n\t\t\t\t<div class=\"elementor-element elementor-element-62c3762 elementor-widget elementor-widget-image\" data-id=\"62c3762\" data-element_type=\"widget\" data-e-type=\"widget\" data-widget_type=\"image.default\">\n\t\t\t\t\t\t\t\t\t\t\t\t<figure class=\"wp-caption\">\n\t\t\t\t\t\t\t\t\t\t<img decoding=\"async\" width=\"768\" height=\"432\" src=\"https:\/\/soymigrante.com\/revista\/wp-content\/uploads\/2025\/02\/trabajo-construccion-5-1024x576.jpg\" class=\"attachment-large size-large wp-image-23654\" alt=\"Trabajadora en obra de construcci\u00f3n revisando materiales en un sitio de remodelaci\u00f3n.\" srcset=\"https:\/\/soymigrante.com\/revista\/wp-content\/uploads\/2025\/02\/trabajo-construccion-5-1024x576.jpg 1024w, https:\/\/soymigrante.com\/revista\/wp-content\/uploads\/2025\/02\/trabajo-construccion-5-300x169.jpg 300w, https:\/\/soymigrante.com\/revista\/wp-content\/uploads\/2025\/02\/trabajo-construccion-5-768x432.jpg 768w, https:\/\/soymigrante.com\/revista\/wp-content\/uploads\/2025\/02\/trabajo-construccion-5-1536x864.jpg 1536w, https:\/\/soymigrante.com\/revista\/wp-content\/uploads\/2025\/02\/trabajo-construccion-5-2048x1152.jpg 2048w, https:\/\/soymigrante.com\/revista\/wp-content\/uploads\/2025\/02\/trabajo-construccion-5-750x422.webp 750w, https:\/\/soymigrante.com\/revista\/wp-content\/uploads\/2025\/02\/trabajo-construccion-5-1140x641.webp 1140w, https:\/\/soymigrante.com\/revista\/wp-content\/uploads\/2025\/02\/trabajo-construccion-5-scaled.webp 1920w\" sizes=\"(max-width: 768px) 100vw, 768px\" title=\"trabajo construccion 5 \u2013 SoyMigrante.com REVISTA\" \/>\t\t\t\t\t\t\t\t\t\t\t<figcaption class=\"widget-image-caption wp-caption-text\">Mujer obrera revisando planos y materiales de construcci\u00f3n en obra, promoviendo la participaci\u00f3n de migrantes en empleos formales y especializados.<\/figcaption>\n\t\t\t\t\t\t\t\t\t\t<\/figure>\n\t\t\t\t\t\t\t\t\t<\/div>\n\t\t\t\t\t<\/div>\n\t\t\t\t<\/div>\n\t\t<div data-particle_enable=\"false\" data-particle-mobile-disabled=\"false\" class=\"elementor-element elementor-element-8b1238a e-flex e-con-boxed e-con e-parent\" data-id=\"8b1238a\" data-element_type=\"container\" data-e-type=\"container\">\n\t\t\t\t\t<div class=\"e-con-inner\">\n\t\t\t\t<div class=\"elementor-element elementor-element-ee22546 elementor-widget elementor-widget-heading\" data-id=\"ee22546\" data-element_type=\"widget\" data-e-type=\"widget\" data-widget_type=\"heading.default\">\n\t\t\t\t\t<h3 class=\"elementor-heading-title elementor-size-default\">\u00bfCuesta dinero hablar con un abogado?\n\n\n<\/h3>\t\t\t\t<\/div>\n\t\t\t\t\t<\/div>\n\t\t\t\t<\/div>\n\t\t<div data-particle_enable=\"false\" data-particle-mobile-disabled=\"false\" class=\"elementor-element elementor-element-1648e15 e-flex e-con-boxed e-con e-parent\" data-id=\"1648e15\" data-element_type=\"container\" data-e-type=\"container\">\n\t\t\t\t\t<div class=\"e-con-inner\">\n\t\t\t\t<div class=\"elementor-element elementor-element-82b48a2 elementor-widget elementor-widget-text-editor\" data-id=\"82b48a2\" data-element_type=\"widget\" data-e-type=\"widget\" data-widget_type=\"text-editor.default\">\n\t\t\t\t\t\t\t\t\t<p>Algunos abogados cobran por la consulta inicial. Antes de agendar una cita, pregunta si hay una tarifa y de cu\u00e1nto es. Hablar con un abogado no garantiza que aceptar\u00e1 tu caso.<\/p>\t\t\t\t\t\t\t\t<\/div>\n\t\t\t\t\t<\/div>\n\t\t\t\t<\/div>\n\t\t<div data-particle_enable=\"false\" data-particle-mobile-disabled=\"false\" class=\"elementor-element elementor-element-8c29ad1 e-flex e-con-boxed e-con e-parent\" data-id=\"8c29ad1\" data-element_type=\"container\" data-e-type=\"container\">\n\t\t\t\t\t<div class=\"e-con-inner\">\n\t\t\t\t<div class=\"elementor-element elementor-element-e647d95 elementor-widget elementor-widget-heading\" data-id=\"e647d95\" data-element_type=\"widget\" data-e-type=\"widget\" data-widget_type=\"heading.default\">\n\t\t\t\t\t<h3 class=\"elementor-heading-title elementor-size-default\">\u00bfC\u00f3mo encuentro un abogado privado si una agencia no puede ayudarme?\n\n\n\n<\/h3>\t\t\t\t<\/div>\n\t\t\t\t\t<\/div>\n\t\t\t\t<\/div>\n\t\t<div data-particle_enable=\"false\" data-particle-mobile-disabled=\"false\" class=\"elementor-element elementor-element-9292b36 e-flex e-con-boxed e-con e-parent\" data-id=\"9292b36\" data-element_type=\"container\" data-e-type=\"container\">\n\t\t\t\t\t<div class=\"e-con-inner\">\n\t\t\t\t<div class=\"elementor-element elementor-element-e337658 elementor-widget elementor-widget-text-editor\" data-id=\"e337658\" data-element_type=\"widget\" data-e-type=\"widget\" data-widget_type=\"text-editor.default\">\n\t\t\t\t\t\t\t\t\t<p>Puedes buscar abogados especializados en inmigraci\u00f3n a trav\u00e9s de\u00a0<a style=\"text-align: var(--text-align)\" href=\"https:\/\/www.aila.org\/\" target=\"_blank\" rel=\"noopener\">la Asociaci\u00f3n Americana de Abogados de Inmigraci\u00f3n (AILA).<\/a><\/p>\t\t\t\t\t\t\t\t<\/div>\n\t\t\t\t\t<\/div>\n\t\t\t\t<\/div>\n\t\t<div data-particle_enable=\"false\" data-particle-mobile-disabled=\"false\" class=\"elementor-element elementor-element-d4f2ef3 e-flex e-con-boxed e-con e-parent\" data-id=\"d4f2ef3\" data-element_type=\"container\" data-e-type=\"container\">\n\t\t\t\t\t<div class=\"e-con-inner\">\n\t\t\t\t<div class=\"elementor-element elementor-element-7f79332 elementor-widget elementor-widget-heading\" data-id=\"7f79332\" data-element_type=\"widget\" data-e-type=\"widget\" data-widget_type=\"heading.default\">\n\t\t\t\t\t<h3 class=\"elementor-heading-title elementor-size-default\">\u00bfCu\u00e1nto cobra un abogado privado?\n\n\n\n<\/h3>\t\t\t\t<\/div>\n\t\t\t\t\t<\/div>\n\t\t\t\t<\/div>\n\t\t<div data-particle_enable=\"false\" data-particle-mobile-disabled=\"false\" class=\"elementor-element elementor-element-664f524 e-flex e-con-boxed e-con e-parent\" data-id=\"664f524\" data-element_type=\"container\" data-e-type=\"container\">\n\t\t\t\t\t<div class=\"e-con-inner\">\n\t\t\t\t<div class=\"elementor-element elementor-element-63fc7cc elementor-widget elementor-widget-text-editor\" data-id=\"63fc7cc\" data-element_type=\"widget\" data-e-type=\"widget\" data-widget_type=\"text-editor.default\">\n\t\t\t\t\t\t\t\t\t<p>Los abogados suelen cobrar por la primera consulta y luego presentan un acuerdo con los costos detallados. Antes de firmar, aseg\u00farate de recibir:<\/p><ul><li>Un estimado por escrito de los honorarios.<br \/>Una lista de los servicios incluidos.<\/li><li>Una descripci\u00f3n de los documentos o informaci\u00f3n que necesitas proporcionar.<\/li><li>Un estimado del tiempo que tomar\u00e1 tu caso.<\/li><li>\u00bfC\u00f3mo puedo ayudar en mi caso de inmigraci\u00f3n?<\/li><li>S\u00e9 honesto y proporciona toda la informaci\u00f3n relevante.<\/li><li>Re\u00fane documentos esenciales como pasaporte, identificaci\u00f3n y registros fiscales.<\/li><li>Mantente en contacto con tu abogado o agencia y actualiza tu informaci\u00f3n si cambias de direcci\u00f3n o n\u00famero de tel\u00e9fono.<\/li><\/ul>\t\t\t\t\t\t\t\t<\/div>\n\t\t\t\t\t<\/div>\n\t\t\t\t<\/div>\n\t\t<div data-particle_enable=\"false\" data-particle-mobile-disabled=\"false\" class=\"elementor-element elementor-element-aeb7cb8 e-flex e-con-boxed e-con e-parent\" data-id=\"aeb7cb8\" data-element_type=\"container\" data-e-type=\"container\">\n\t\t\t\t\t<div class=\"e-con-inner\">\n\t\t\t\t<div class=\"elementor-element elementor-element-391f3f3 elementor-widget elementor-widget-image\" data-id=\"391f3f3\" data-element_type=\"widget\" data-e-type=\"widget\" data-widget_type=\"image.default\">\n\t\t\t\t\t\t\t\t\t\t\t\t<figure class=\"wp-caption\">\n\t\t\t\t\t\t\t\t\t\t<img decoding=\"async\" width=\"768\" height=\"512\" src=\"https:\/\/soymigrante.com\/revista\/wp-content\/uploads\/2025\/02\/trabajo-en-el-campo-usa-1024x683.jpg\" class=\"attachment-large size-large wp-image-23658\" alt=\"Cosecha de fresas en un huerto, usuario con guantes y botas en tareas agr\u00edcolas, promoviendo la agricultura sostenible y el trabajo digno de migrantes en el sector agr\u00edcola.\" srcset=\"https:\/\/soymigrante.com\/revista\/wp-content\/uploads\/2025\/02\/trabajo-en-el-campo-usa-1024x683.jpg 1024w, https:\/\/soymigrante.com\/revista\/wp-content\/uploads\/2025\/02\/trabajo-en-el-campo-usa-300x200.jpg 300w, https:\/\/soymigrante.com\/revista\/wp-content\/uploads\/2025\/02\/trabajo-en-el-campo-usa-768x512.jpg 768w, https:\/\/soymigrante.com\/revista\/wp-content\/uploads\/2025\/02\/trabajo-en-el-campo-usa-1536x1024.jpg 1536w, https:\/\/soymigrante.com\/revista\/wp-content\/uploads\/2025\/02\/trabajo-en-el-campo-usa-2048x1365.jpg 2048w, https:\/\/soymigrante.com\/revista\/wp-content\/uploads\/2025\/02\/trabajo-en-el-campo-usa-750x500.webp 750w, https:\/\/soymigrante.com\/revista\/wp-content\/uploads\/2025\/02\/trabajo-en-el-campo-usa-1140x760.webp 1140w, https:\/\/soymigrante.com\/revista\/wp-content\/uploads\/2025\/02\/trabajo-en-el-campo-usa-scaled.webp 1920w\" sizes=\"(max-width: 768px) 100vw, 768px\" title=\"trabajo en el campo usa \u2013 SoyMigrante.com REVISTA\" \/>\t\t\t\t\t\t\t\t\t\t\t<figcaption class=\"widget-image-caption wp-caption-text\">Labor agr\u00edcola en un huerto con cultivo de fresas, mostrando trabajo de migrantes en actividades agr\u00edcolas, resaltando la importancia del campo y la agricultura en la econom\u00eda.<\/figcaption>\n\t\t\t\t\t\t\t\t\t\t<\/figure>\n\t\t\t\t\t\t\t\t\t<\/div>\n\t\t\t\t\t<\/div>\n\t\t\t\t<\/div>\n\t\t<div data-particle_enable=\"false\" data-particle-mobile-disabled=\"false\" class=\"elementor-element elementor-element-0cb4525 e-flex e-con-boxed e-con e-parent\" data-id=\"0cb4525\" data-element_type=\"container\" data-e-type=\"container\">\n\t\t\t\t\t<div class=\"e-con-inner\">\n\t\t\t\t<div class=\"elementor-element elementor-element-6ebba47 elementor-widget elementor-widget-heading\" data-id=\"6ebba47\" data-element_type=\"widget\" data-e-type=\"widget\" data-widget_type=\"heading.default\">\n\t\t\t\t\t<h3 class=\"elementor-heading-title elementor-size-default\">Recurso migratorios a los que puedes optar:<\/h3>\t\t\t\t<\/div>\n\t\t\t\t\t<\/div>\n\t\t\t\t<\/div>\n\t\t<div data-particle_enable=\"false\" data-particle-mobile-disabled=\"false\" class=\"elementor-element elementor-element-765028b e-flex e-con-boxed e-con e-parent\" data-id=\"765028b\" data-element_type=\"container\" data-e-type=\"container\">\n\t\t\t\t\t<div class=\"e-con-inner\">\n\t\t\t\t<div class=\"elementor-element elementor-element-ed1e6bf elementor-widget elementor-widget-text-editor\" data-id=\"ed1e6bf\" data-element_type=\"widget\" data-e-type=\"widget\" data-widget_type=\"text-editor.default\">\n\t\t\t\t\t\t\t\t\t<ul><li><a href=\"https:\/\/www.lsc.gov\/about-lsc\/what-legal-aid\/i-need-legal-help\">Corporaci\u00f3n de servicio legales<\/a><\/li><li><a href=\"https:\/\/www.immigrationlawhelp.org\/\">ImmigrationLawHelp.org<\/a><\/li><li><a href=\"https:\/\/www.justice.gov\/eoir\/list-pro-bono-legal-service-providers\">Lista en ingl\u00e9s de abogados pro bono de la Oficina Ejecutiva para la Revisi\u00f3n de Casos de Inmigraci\u00f3n (EOIR,\u00a0 en ingl\u00e9s)<\/a>.<\/li><li><a href=\"https:\/\/www.lawhelp.org\/\">Lawhelp.org (en ingl\u00e9s)<\/a><\/li><li><a href=\"https:\/\/lawhelpinteractive.org\/\">Law Help Interactive<\/a><\/li><\/ul><p>Con informaci\u00f3n de Immigration Law Help.org y USA Gov.<\/p>\t\t\t\t\t\t\t\t<\/div>\n\t\t\t\t\t<\/div>\n\t\t\t\t<\/div>\n\t\t<div data-particle_enable=\"false\" data-particle-mobile-disabled=\"false\" class=\"elementor-element elementor-element-40cb0d7 e-flex e-con-boxed e-con e-parent\" data-id=\"40cb0d7\" data-element_type=\"container\" data-e-type=\"container\">\n\t\t\t\t\t<div class=\"e-con-inner\">\n\t\t\t\t<div class=\"elementor-element elementor-element-3e6c672 elementor-widget elementor-widget-heading\" data-id=\"3e6c672\" data-element_type=\"widget\" data-e-type=\"widget\" data-widget_type=\"heading.default\">\n\t\t\t\t\t<h2 class=\"elementor-heading-title elementor-size-default\">No dejes de leer estas recomendaciones<\/h2>\t\t\t\t<\/div>\n\t\t\t\t\t<\/div>\n\t\t\t\t<\/div>\n\t\t<div data-particle_enable=\"false\" data-particle-mobile-disabled=\"false\" class=\"elementor-element elementor-element-cb7cb94 e-flex e-con-boxed e-con e-parent\" data-id=\"cb7cb94\" data-element_type=\"container\" data-e-type=\"container\">\n\t\t\t\t\t<div class=\"e-con-inner\">\n\t\t\t\t<div class=\"elementor-element elementor-element-f1da2e8 elementor-grid-eael-col-3 elementor-grid-tablet-eael-col-2 elementor-grid-mobile-eael-col-1 elementor-widget elementor-widget-eael-post-grid\" data-id=\"f1da2e8\" data-element_type=\"widget\" data-e-type=\"widget\" data-settings=\"{&quot;eael_post_grid_columns&quot;:&quot;eael-col-3&quot;,&quot;eael_post_grid_columns_tablet&quot;:&quot;eael-col-2&quot;,&quot;eael_post_grid_columns_mobile&quot;:&quot;eael-col-1&quot;}\" data-widget_type=\"eael-post-grid.default\">\n\t\t\t\t\t<div id=\"eael-post-grid-f1da2e8\" class=\"eael-post-grid-container\">\n            <div class=\"eael-post-grid eael-post-appender eael-post-appender-f1da2e8 eael-post-grid-style-one\" data-layout-mode=\"masonry\"><article class=\"eael-grid-post  eael-post-grid-column eael-pg-post-22328 category-recursos-migratorios\" data-id=\"22328\">\n        <div class=\"eael-grid-post-holder\">\n            <div class=\"eael-grid-post-holder-inner\"><div class=\"eael-entry-media\"><div class=\"eael-entry-overlay fade-in\"><i class=\"far fa-hand-pointer\" aria-hidden=\"true\"><\/i><a href=\"https:\/\/soymigrante.com\/revista\/experto-en-migracion-radicado-en-texas-responde-preguntas-sobre-medidas-migratorias\/\"><\/a><\/div><div class=\"eael-entry-thumbnail \">\n                <img loading=\"lazy\" decoding=\"async\" width=\"1024\" height=\"1024\" src=\"https:\/\/soymigrante.com\/revista\/wp-content\/uploads\/2025\/01\/inmigracion-1024x1024.jpg\" class=\"attachment-large size-large wp-image-22388\" alt=\"Joven con mochila y bandera estadounidense en una marcha o celebraci\u00f3n, representando el migrante y la comunidad en Estados Unidos, en contexto de inmigraci\u00f3n y diversidad cultural.\" srcset=\"https:\/\/soymigrante.com\/revista\/wp-content\/uploads\/2025\/01\/inmigracion-1024x1024.jpg 1024w, https:\/\/soymigrante.com\/revista\/wp-content\/uploads\/2025\/01\/inmigracion-300x300.jpg 300w, https:\/\/soymigrante.com\/revista\/wp-content\/uploads\/2025\/01\/inmigracion-150x150.jpg 150w, https:\/\/soymigrante.com\/revista\/wp-content\/uploads\/2025\/01\/inmigracion-768x768.jpg 768w, https:\/\/soymigrante.com\/revista\/wp-content\/uploads\/2025\/01\/inmigracion-1536x1536.jpg 1536w, https:\/\/soymigrante.com\/revista\/wp-content\/uploads\/2025\/01\/inmigracion-2048x2048.jpg 2048w, https:\/\/soymigrante.com\/revista\/wp-content\/uploads\/2025\/01\/inmigracion-75x75.webp 75w, https:\/\/soymigrante.com\/revista\/wp-content\/uploads\/2025\/01\/inmigracion-750x750.webp 750w, https:\/\/soymigrante.com\/revista\/wp-content\/uploads\/2025\/01\/inmigracion-1140x1140.webp 1140w, https:\/\/soymigrante.com\/revista\/wp-content\/uploads\/2025\/01\/inmigracion-scaled.webp 1920w\" sizes=\"(max-width: 1024px) 100vw, 1024px\" \/>\n            <\/div>\n        <\/div><div class=\"eael-entry-wrapper\"><header class=\"eael-entry-header\"><h2 class=\"eael-entry-title\"><a class=\"eael-grid-post-link\" href=\"https:\/\/soymigrante.com\/revista\/experto-en-migracion-radicado-en-texas-responde-preguntas-sobre-medidas-migratorias\/\" title=\"Experto en migraci\u00f3n radicado en Texas responde preguntas sobre medidas migratorias\">Experto en migraci\u00f3n radicado en Texas responde preguntas sobre medidas migratorias<\/a><\/h2><\/header><div class=\"eael-entry-content\">\n                        <div class=\"eael-grid-post-excerpt\"><a href=\"https:\/\/soymigrante.com\/revista\/experto-en-migracion-radicado-en-texas-responde-preguntas-sobre-medidas-migratorias\/\" class=\"eael-post-elements-readmore-btn\">CONOCE SU HISTORIA <\/a><\/div>\n                    <\/div><\/div><\/div>\n        <\/div>\n    <\/article><article class=\"eael-grid-post  eael-post-grid-column eael-pg-post-13152 category-bienestar\" data-id=\"13152\">\n        <div class=\"eael-grid-post-holder\">\n            <div class=\"eael-grid-post-holder-inner\"><div class=\"eael-entry-media\"><div class=\"eael-entry-overlay fade-in\"><i class=\"far fa-hand-pointer\" aria-hidden=\"true\"><\/i><a href=\"https:\/\/soymigrante.com\/revista\/como-va-mi-caso-sigue-tu-solicitud-de-inmigracion-en-usa-en-tiempo-real\/\"><\/a><\/div><div class=\"eael-entry-thumbnail \">\n                <img loading=\"lazy\" decoding=\"async\" width=\"1024\" height=\"1024\" src=\"https:\/\/soymigrante.com\/revista\/wp-content\/uploads\/2024\/11\/estatus-migratorio-usa3-1024x1024.webp\" class=\"attachment-large size-large wp-image-13174\" alt=\"Pasaporte con sellos de viaje, teclado de computadora y bot\u00f3n de visa en l\u00ednea, representando temas de migraci\u00f3n y tr\u00e1mites digitales para inmigrantes en la revista SoyMigrante.com REVISTA.\" srcset=\"https:\/\/soymigrante.com\/revista\/wp-content\/uploads\/2024\/11\/estatus-migratorio-usa3-1024x1024.webp 1024w, https:\/\/soymigrante.com\/revista\/wp-content\/uploads\/2024\/11\/estatus-migratorio-usa3-300x300.webp 300w, https:\/\/soymigrante.com\/revista\/wp-content\/uploads\/2024\/11\/estatus-migratorio-usa3-150x150.webp 150w, https:\/\/soymigrante.com\/revista\/wp-content\/uploads\/2024\/11\/estatus-migratorio-usa3-768x768.webp 768w, https:\/\/soymigrante.com\/revista\/wp-content\/uploads\/2024\/11\/estatus-migratorio-usa3-1536x1536.webp 1536w, https:\/\/soymigrante.com\/revista\/wp-content\/uploads\/2024\/11\/estatus-migratorio-usa3-scaled.webp 1920w, https:\/\/soymigrante.com\/revista\/wp-content\/uploads\/2024\/11\/estatus-migratorio-usa3-75x75.webp 75w, https:\/\/soymigrante.com\/revista\/wp-content\/uploads\/2024\/11\/estatus-migratorio-usa3-750x750.webp 750w, https:\/\/soymigrante.com\/revista\/wp-content\/uploads\/2024\/11\/estatus-migratorio-usa3-1140x1140.webp 1140w\" sizes=\"(max-width: 1024px) 100vw, 1024px\" \/>\n            <\/div>\n        <\/div><div class=\"eael-entry-wrapper\"><header class=\"eael-entry-header\"><h2 class=\"eael-entry-title\"><a class=\"eael-grid-post-link\" href=\"https:\/\/soymigrante.com\/revista\/como-va-mi-caso-sigue-tu-solicitud-de-inmigracion-en-usa-en-tiempo-real\/\" title=\"\u00bfC\u00f3mo va mi caso? Sigue tu solicitud de inmigraci\u00f3n en USA en tiempo real\">\u00bfC\u00f3mo va mi caso? Sigue tu solicitud de inmigraci\u00f3n en USA en tiempo real<\/a><\/h2><\/header><div class=\"eael-entry-content\">\n                        <div class=\"eael-grid-post-excerpt\"><a href=\"https:\/\/soymigrante.com\/revista\/como-va-mi-caso-sigue-tu-solicitud-de-inmigracion-en-usa-en-tiempo-real\/\" class=\"eael-post-elements-readmore-btn\">CONOCE SU HISTORIA <\/a><\/div>\n                    <\/div><\/div><\/div>\n        <\/div>\n    <\/article><article class=\"eael-grid-post  eael-post-grid-column eael-pg-post-432 category-estamos-unidos\" data-id=\"432\">\n        <div class=\"eael-grid-post-holder\">\n            <div class=\"eael-grid-post-holder-inner\"><div class=\"eael-entry-media\"><div class=\"eael-entry-overlay fade-in\"><i class=\"far fa-hand-pointer\" aria-hidden=\"true\"><\/i><a href=\"https:\/\/soymigrante.com\/revista\/realidades-y-analisis-de-la-migracion\/\"><\/a><\/div><div class=\"eael-entry-thumbnail \">\n                <img loading=\"lazy\" decoding=\"async\" width=\"1024\" height=\"683\" src=\"https:\/\/soymigrante.com\/revista\/wp-content\/uploads\/2023\/02\/MURAL-SAN-FRANCISCO-e1678987270795-1024x683.jpg\" class=\"attachment-large size-large wp-image-666\" alt=\"\" srcset=\"https:\/\/soymigrante.com\/revista\/wp-content\/uploads\/2023\/02\/MURAL-SAN-FRANCISCO-e1678987270795-1024x683.jpg 1024w, https:\/\/soymigrante.com\/revista\/wp-content\/uploads\/2023\/02\/MURAL-SAN-FRANCISCO-e1678987270795-300x200.webp 300w, https:\/\/soymigrante.com\/revista\/wp-content\/uploads\/2023\/02\/MURAL-SAN-FRANCISCO-e1678987270795-768x512.jpg 768w, https:\/\/soymigrante.com\/revista\/wp-content\/uploads\/2023\/02\/MURAL-SAN-FRANCISCO-e1678987270795-1536x1024.jpg 1536w, https:\/\/soymigrante.com\/revista\/wp-content\/uploads\/2023\/02\/MURAL-SAN-FRANCISCO-e1678987270795-750x500.webp 750w, https:\/\/soymigrante.com\/revista\/wp-content\/uploads\/2023\/02\/MURAL-SAN-FRANCISCO-e1678987270795-1140x760.jpg 1140w, https:\/\/soymigrante.com\/revista\/wp-content\/uploads\/2023\/02\/MURAL-SAN-FRANCISCO-e1678987270795-600x400.jpg 600w, https:\/\/soymigrante.com\/revista\/wp-content\/uploads\/2023\/02\/MURAL-SAN-FRANCISCO-e1678987270795.webp 1800w\" sizes=\"(max-width: 1024px) 100vw, 1024px\" \/>\n            <\/div>\n        <\/div><div class=\"eael-entry-wrapper\"><header class=\"eael-entry-header\"><h2 class=\"eael-entry-title\"><a class=\"eael-grid-post-link\" href=\"https:\/\/soymigrante.com\/revista\/realidades-y-analisis-de-la-migracion\/\" title=\"Algunos datos de la migraci\u00f3n desde el Tri\u00e1ngulo Norte\">Algunos datos de la migraci\u00f3n desde el Tri\u00e1ngulo Norte<\/a><\/h2><\/header><div class=\"eael-entry-content\">\n                        <div class=\"eael-grid-post-excerpt\"><a href=\"https:\/\/soymigrante.com\/revista\/realidades-y-analisis-de-la-migracion\/\" class=\"eael-post-elements-readmore-btn\">CONOCE SU HISTORIA <\/a><\/div>\n                    <\/div><\/div><\/div>\n        <\/div>\n    <\/article><\/div>\n            <div class=\"clearfix\"><\/div>\n        <\/div>\t\t\t\t<\/div>\n\t\t\t\t\t<\/div>\n\t\t\t\t<\/div>\n\t\t\t\t<\/div>\n\t\t","protected":false},"excerpt":{"rendered":"<p>Desde agencias sin fines de lucro hasta abogados privados, conocer los costos, requisitos y formas de colaboraci\u00f3n con tu representante legal har\u00e1 que el proceso de inmigraci\u00f3n sea m\u00e1s claro y eficiente. Aqu\u00ed te compartimos m\u00e1s informaci\u00f3n. Buscar ayuda legal para tu caso de inmigraci\u00f3n puede parecer complicado, pero existen opciones accesibles. Desde agencias sin [&hellip;]<\/p>\n","protected":false},"author":23,"featured_media":23669,"comment_status":"open","ping_status":"open","sticky":false,"template":"","format":"standard","meta":{"_acf_changed":false,"_eb_attr":"","footnotes":""},"categories":[59],"tags":[],"class_list":["post-23501","post","type-post","status-publish","format-standard","has-post-thumbnail","hentry","category-recursos-migratorios"],"acf":[],"aioseo_notices":[],"aioseo_head":"\n\t\t<!-- All in One SEO Pro 4.9.6.2 - aioseo.com -->\n\t<meta name=\"description\" content=\"Aunque exist\u00edan reportes de migraci\u00f3n de centroamericanos a Estados Unidos en las d\u00e9cadas 1960 y 1970, fue en la d\u00e9cada 1980 que se agudiz\u00f3 este fen\u00f3meno a causa de los conflictos armados internos de cada pa\u00eds, que generaron violencia, pobreza y falta de oportunidades. Seg\u00fan el estudio Siguiendo los pasos del migrante, publicado por el\" \/>\n\t<meta name=\"robots\" content=\"max-snippet:-1, max-image-preview:large, max-video-preview:-1\" \/>\n\t<meta name=\"author\" content=\"SoyMigrante.com REVISTA\"\/>\n\t<link rel=\"canonical\" href=\"https:\/\/soymigrante.com\/revista\/realidades-y-analisis-de-la-migracion\/\" \/>\n\t<meta name=\"generator\" content=\"All in One SEO Pro (AIOSEO) 4.9.6.2\" \/>\n\n\t\t<link rel=\"preconnect\" href=\"https:\/\/fonts.googleapis.com\" crossorigin>\n<link rel=\"preconnect\" href=\"https:\/\/fonts.gstatic.com\" crossorigin>\n\t\t<meta property=\"og:locale\" content=\"es_ES\" \/>\n\t\t<meta property=\"og:site_name\" content=\"SoyMigrante.com REVISTA \u2013 Nuestra misi\u00f3n es reconocer y dignificar al migrante.\" \/>\n\t\t<meta property=\"og:type\" content=\"article\" \/>\n\t\t<meta property=\"og:title\" content=\"Algunos datos de la migraci\u00f3n desde el Tri\u00e1ngulo Norte\" \/>\n\t\t<meta property=\"og:description\" content=\"Aunque exist\u00edan reportes de migraci\u00f3n de centroamericanos a Estados Unidos en las d\u00e9cadas 1960 y 1970, fue en la d\u00e9cada 1980 que se agudiz\u00f3 este fen\u00f3meno a causa de los conflictos armados internos de cada pa\u00eds, que generaron violencia, pobreza y falta de oportunidades. Seg\u00fan el estudio Siguiendo los pasos del migrante, publicado por el\" \/>\n\t\t<meta property=\"og:url\" content=\"https:\/\/soymigrante.com\/revista\/realidades-y-analisis-de-la-migracion\/\" \/>\n\t\t<meta property=\"og:image\" content=\"https:\/\/soymigrante.com\/revista\/wp-content\/uploads\/2023\/02\/MURAL-SAN-FRANCISCO-e1678987270795.webp\" \/>\n\t\t<meta property=\"og:image:secure_url\" content=\"https:\/\/soymigrante.com\/revista\/wp-content\/uploads\/2023\/02\/MURAL-SAN-FRANCISCO-e1678987270795.webp\" \/>\n\t\t<meta property=\"og:image:width\" content=\"1800\" \/>\n\t\t<meta property=\"og:image:height\" content=\"1200\" \/>\n\t\t<meta property=\"article:published_time\" content=\"2023-05-26T00:21:02+00:00\" \/>\n\t\t<meta property=\"article:modified_time\" content=\"2024-06-25T22:44:35+00:00\" \/>\n\t\t<meta property=\"article:publisher\" content=\"https:\/\/www.facebook.com\/soymigrantecom\" \/>\n\t\t<meta name=\"twitter:card\" content=\"summary_large_image\" \/>\n\t\t<meta name=\"twitter:site\" content=\"@SoyMigrante_com\" \/>\n\t\t<meta name=\"twitter:title\" content=\"Algunos datos de la migraci\u00f3n desde el Tri\u00e1ngulo Norte\" \/>\n\t\t<meta name=\"twitter:description\" content=\"Aunque exist\u00edan reportes de migraci\u00f3n de centroamericanos a Estados Unidos en las d\u00e9cadas 1960 y 1970, fue en la d\u00e9cada 1980 que se agudiz\u00f3 este fen\u00f3meno a causa de los conflictos armados internos de cada pa\u00eds, que generaron violencia, pobreza y falta de oportunidades. Seg\u00fan el estudio Siguiendo los pasos del migrante, publicado por el\" \/>\n\t\t<meta name=\"twitter:creator\" content=\"@SoyMigrante_com\" \/>\n\t\t<meta name=\"twitter:image\" content=\"https:\/\/soymigrante.com\/revista\/wp-content\/uploads\/2023\/02\/MURAL-SAN-FRANCISCO-e1678987270795.webp\" \/>\n\t\t<!-- All in One SEO Pro -->\r\n\t\t<title>Algunos datos de la migraci\u00f3n desde el Tri\u00e1ngulo Norte<\/title>\n\n","aioseo_head_json":{"title":"Algunos datos de la migraci\u00f3n desde el Tri\u00e1ngulo Norte","description":"Aunque exist\u00edan reportes de migraci\u00f3n de centroamericanos a Estados Unidos en las d\u00e9cadas 1960 y 1970, fue en la d\u00e9cada 1980 que se agudiz\u00f3 este fen\u00f3meno a causa de los conflictos armados internos de cada pa\u00eds, que generaron violencia, pobreza y falta de oportunidades. Seg\u00fan el estudio Siguiendo los pasos del migrante, publicado por el","canonical_url":"https:\/\/soymigrante.com\/revista\/realidades-y-analisis-de-la-migracion\/","robots":"max-snippet:-1, max-image-preview:large, max-video-preview:-1","keywords":"","webmasterTools":{"miscellaneous":"&lt;link rel=\"preconnect\" href=\"https:\/\/fonts.googleapis.com\" crossorigin&gt;\n&lt;link rel=\"preconnect\" href=\"https:\/\/fonts.gstatic.com\" crossorigin&gt;"},"schema":null,"og:locale":"es_ES","og:site_name":"SoyMigrante.com REVISTA \u2013 Nuestra misi\u00f3n es reconocer y dignificar al migrante.","og:type":"article","og:title":"Algunos datos de la migraci\u00f3n desde el Tri\u00e1ngulo Norte","og:description":"Aunque exist\u00edan reportes de migraci\u00f3n de centroamericanos a Estados Unidos en las d\u00e9cadas 1960 y 1970, fue en la d\u00e9cada 1980 que se agudiz\u00f3 este fen\u00f3meno a causa de los conflictos armados internos de cada pa\u00eds, que generaron violencia, pobreza y falta de oportunidades. Seg\u00fan el estudio Siguiendo los pasos del migrante, publicado por el","og:url":"https:\/\/soymigrante.com\/revista\/realidades-y-analisis-de-la-migracion\/","og:image":"https:\/\/soymigrante.com\/revista\/wp-content\/uploads\/2023\/02\/MURAL-SAN-FRANCISCO-e1678987270795.webp","og:image:secure_url":"https:\/\/soymigrante.com\/revista\/wp-content\/uploads\/2023\/02\/MURAL-SAN-FRANCISCO-e1678987270795.webp","og:image:width":1800,"og:image:height":1200,"article:published_time":"2023-05-26T00:21:02+00:00","article:modified_time":"2024-06-25T22:44:35+00:00","article:publisher":"https:\/\/www.facebook.com\/soymigrantecom","twitter:card":"summary_large_image","twitter:site":"@SoyMigrante_com","twitter:title":"Algunos datos de la migraci\u00f3n desde el Tri\u00e1ngulo Norte","twitter:description":"Aunque exist\u00edan reportes de migraci\u00f3n de centroamericanos a Estados Unidos en las d\u00e9cadas 1960 y 1970, fue en la d\u00e9cada 1980 que se agudiz\u00f3 este fen\u00f3meno a causa de los conflictos armados internos de cada pa\u00eds, que generaron violencia, pobreza y falta de oportunidades. Seg\u00fan el estudio Siguiendo los pasos del migrante, publicado por el","twitter:creator":"@SoyMigrante_com","twitter:image":"https:\/\/soymigrante.com\/revista\/wp-content\/uploads\/2023\/02\/MURAL-SAN-FRANCISCO-e1678987270795.webp"},"aioseo_meta_data":{"post_id":"23501","title":"D\u00f3nde encontrar ayuda legal para tu caso de migraci\u00f3n en USA","description":"Buscar ayuda legal para tu caso de inmigraci\u00f3n puede parecer complicado, pero existen opciones accesibles. Solo hay que saber buscar la entidad m\u00e1s cercana.","keywords":null,"keyphrases":{"focus":{"keyphrase":"ayuda legal","score":69,"analysis":{"keyphraseInTitle":{"score":9,"maxScore":9,"error":0},"keyphraseInDescription":{"score":9,"maxScore":9,"error":0},"keyphraseLength":{"score":9,"maxScore":9,"error":0,"length":2},"keyphraseInURL":{"score":5,"maxScore":5,"error":0},"keyphraseInIntroduction":{"score":9,"maxScore":9,"error":0},"keyphraseInSubHeadings":{"score":3,"maxScore":9,"error":1},"keyphraseInImageAlt":{"score":3,"maxScore":9,"error":1},"keywordDensity":{"score":0,"type":"low","maxScore":9,"error":1}}},"additional":[{"keyphrase":"migraci\u00f3n","score":60,"analysis":{"keyphraseInDescription":{"score":3,"maxScore":9,"error":1},"keyphraseLength":{"score":9,"maxScore":9,"error":0,"length":2},"keyphraseInIntroduction":{"score":3,"maxScore":9,"error":1},"keyphraseInImageAlt":{"score":3,"maxScore":9,"error":1},"keywordDensity":{"type":"best","score":9,"maxScore":9,"error":0}}},{"keyphrase":"inmigraci\u00f3n","score":87,"analysis":{"keyphraseInDescription":{"score":9,"maxScore":9,"error":0},"keyphraseLength":{"score":9,"maxScore":9,"error":0,"length":2},"keyphraseInIntroduction":{"score":9,"maxScore":9,"error":0},"keyphraseInImageAlt":{"score":3,"maxScore":9,"error":1},"keywordDensity":{"type":"best","score":9,"maxScore":9,"error":0}}},{"keyphrase":"USA","score":40,"analysis":{"keyphraseInDescription":{"score":3,"maxScore":9,"error":1},"keyphraseLength":{"score":9,"maxScore":9,"error":0,"length":1},"keyphraseInIntroduction":{"score":3,"maxScore":9,"error":1},"keyphraseInImageAlt":{"score":3,"maxScore":9,"error":1},"keywordDensity":{"score":0,"type":"low","maxScore":9,"error":1}}},{"keyphrase":"Estados Unidos","score":40,"analysis":{"keyphraseInDescription":{"score":3,"maxScore":9,"error":1},"keyphraseLength":{"score":9,"maxScore":9,"error":0,"length":2},"keyphraseInIntroduction":{"score":3,"maxScore":9,"error":1},"keyphraseInImageAlt":{"score":3,"maxScore":9,"error":1},"keywordDensity":{"score":0,"type":"low","maxScore":9,"error":1}}},{"keyphrase":"Donald Trump","score":40,"analysis":{"keyphraseInDescription":{"score":3,"maxScore":9,"error":1},"keyphraseLength":{"score":9,"maxScore":9,"error":0,"length":2},"keyphraseInIntroduction":{"score":3,"maxScore":9,"error":1},"keyphraseInImageAlt":{"score":3,"maxScore":9,"error":1},"keywordDensity":{"score":0,"type":"low","maxScore":9,"error":1}}}]},"primary_term":null,"canonical_url":null,"og_title":null,"og_description":null,"og_object_type":"default","og_image_type":"default","og_image_url":null,"og_image_width":null,"og_image_height":null,"og_image_custom_url":null,"og_image_custom_fields":null,"og_video":"","og_custom_url":null,"og_article_section":null,"og_article_tags":null,"twitter_use_og":false,"twitter_card":"default","twitter_image_type":"default","twitter_image_url":null,"twitter_image_custom_url":null,"twitter_image_custom_fields":null,"twitter_title":null,"twitter_description":null,"schema":{"blockGraphs":[],"customGraphs":[],"default":{"data":{"Article":[],"Course":[],"Dataset":[],"FAQPage":[],"Movie":[],"Person":[],"Product":[],"ProductReview":[],"Car":[],"Recipe":[],"Service":[],"SoftwareApplication":[],"WebPage":[]},"graphName":"none","isEnabled":true},"graphs":[]},"schema_type":"default","schema_type_options":null,"pillar_content":false,"robots_default":true,"robots_noindex":false,"robots_noarchive":false,"robots_nosnippet":false,"robots_nofollow":false,"robots_noimageindex":false,"robots_noodp":false,"robots_notranslate":false,"robots_max_snippet":"-1","robots_max_videopreview":"-1","robots_max_imagepreview":"large","priority":null,"frequency":"default","local_seo":null,"seo_analyzer_scan_date":"2025-10-09 05:47:53","breadcrumb_settings":null,"limit_modified_date":false,"reviewed_by":"0","open_ai":"{\"title\":{\"suggestions\":[],\"usage\":0},\"description\":{\"suggestions\":[],\"usage\":0}}","ai":null,"created":"2025-01-31 19:39:45","updated":"2026-02-05 00:54:12"},"aioseo_breadcrumb":"<div class=\"aioseo-breadcrumbs\"><span class=\"aioseo-breadcrumb\">\n\t<a href=\"https:\/\/soymigrante.com\/revista\" title=\"Home\">Home<\/a>\n<\/span><span class=\"aioseo-breadcrumb-separator\">\u00bb<\/span><span class=\"aioseo-breadcrumb\">\n\t<a href=\"https:\/\/soymigrante.com\/revista\/category\/recursos-migratorios\/\" title=\"Recursos Migratorios\">Recursos Migratorios<\/a>\n<\/span><span class=\"aioseo-breadcrumb-separator\">\u00bb<\/span><span class=\"aioseo-breadcrumb\">\n\t\u00bfD\u00f3nde consigo un abogado que me brinde ayuda legal para mi caso de migraci\u00f3n en USA?\n<\/span><\/div>","aioseo_breadcrumb_json":[{"label":"Home","link":"https:\/\/soymigrante.com\/revista"},{"label":"Recursos Migratorios","link":"https:\/\/soymigrante.com\/revista\/category\/recursos-migratorios\/"},{"label":"\u00bfD\u00f3nde consigo un abogado que me brinde ayuda legal para mi caso de migraci\u00f3n en USA?","link":"https:\/\/soymigrante.com\/revista\/donde-encontrar-ayuda-legal-para-tu-caso-de-migracion-en-usa\/"}],"_links":{"self":[{"href":"https:\/\/soymigrante.com\/revista\/wp-json\/wp\/v2\/posts\/23501","targetHints":{"allow":["GET"]}}],"collection":[{"href":"https:\/\/soymigrante.com\/revista\/wp-json\/wp\/v2\/posts"}],"about":[{"href":"https:\/\/soymigrante.com\/revista\/wp-json\/wp\/v2\/types\/post"}],"author":[{"embeddable":true,"href":"https:\/\/soymigrante.com\/revista\/wp-json\/wp\/v2\/users\/23"}],"replies":[{"embeddable":true,"href":"https:\/\/soymigrante.com\/revista\/wp-json\/wp\/v2\/comments?post=23501"}],"version-history":[{"count":2,"href":"https:\/\/soymigrante.com\/revista\/wp-json\/wp\/v2\/posts\/23501\/revisions"}],"predecessor-version":[{"id":36198,"href":"https:\/\/soymigrante.com\/revista\/wp-json\/wp\/v2\/posts\/23501\/revisions\/36198"}],"wp:featuredmedia":[{"embeddable":true,"href":"https:\/\/soymigrante.com\/revista\/wp-json\/wp\/v2\/media\/23669"}],"wp:attachment":[{"href":"https:\/\/soymigrante.com\/revista\/wp-json\/wp\/v2\/media?parent=23501"}],"wp:term":[{"taxonomy":"category","embeddable":true,"href":"https:\/\/soymigrante.com\/revista\/wp-json\/wp\/v2\/categories?post=23501"},{"taxonomy":"post_tag","embeddable":true,"href":"https:\/\/soymigrante.com\/revista\/wp-json\/wp\/v2\/tags?post=23501"}],"curies":[{"name":"wp","href":"https:\/\/api.w.org\/{rel}","templated":true}]}}