{"id":235,"date":"2023-05-26T00:48:12","date_gmt":"2023-05-26T00:48:12","guid":{"rendered":"https:\/\/soymigrante.wpengine.com\/?p=235"},"modified":"2024-06-25T16:20:19","modified_gmt":"2024-06-25T22:20:19","slug":"cronologia-ricardo-arjona","status":"publish","type":"post","link":"https:\/\/soymigrante.com\/revista\/cronologia-ricardo-arjona\/","title":{"rendered":"Ricardo Arjona: una cronolog\u00eda migrante desde antes de nacer"},"content":{"rendered":"\n<p> <\/p>\n\n\n\n<h2 class=\"wp-block-heading\">Sus giras le llevan como un ave migratoria por Am\u00e9rica y Europa: ha vivido en M\u00e9xico, Estados Unidos, Argentina, Espa\u00f1a y por supuesto, su natal Guatemala.<\/h2>\n\n\n\n<p><strong>Por  Mynor McNight<\/strong><\/p>\n\n\n\n<p>Ser migrante fue un salto de fe para el cantautor guatemalteco Ricardo Arjona. Al igual que para muchos otros connacionales que se han marchado fuera del pa\u00eds, especialmente a EE.UU., en busca de oportunidades de \u00e9xito, no fue un camino sencillo ni breve. Con base en una autobiograf\u00eda publicada como parte del folleto de un \u00e1lbum en 2005 y datos de diversas entrevistas durante sus giras, se construye esta cronolog\u00eda que inicia hace m\u00e1s de siglo y medio.<\/p>\n\n\n\n<p>1855: Nace Juan Arjona, hijo de Jos\u00e9 Arjona y do\u00f1a Josefa Vartelo, en C\u00e1diz, Espa\u00f1a. Entre sus hijos figura Ricardo Arjona Fassen, nacido en 1891, quien emigr\u00f3 a Guatemala y se radic\u00f3 en Tecp\u00e1n, Chimaltenango.<\/p>\n\n\n\n<p>1932. Nace Ricardo Arjona Moscoso, quien crece en Tecp\u00e1n. A los 15 a\u00f1os migra a la cabecera de Chimaltenango, para estudiar en la escuela para maestros La Alameda. Tres a\u00f1os despu\u00e9s&nbsp; de graduarse, migra nuevamente al municipio de San Agust\u00edn Acasagustl\u00e1n, El Progreso, en donde conoce a su esposa Mim\u00ed. Juntos vuelven a emigrar. Arjona Moscoso trabaj\u00f3 como profesor en la escuela de Jocotenango, Sacatep\u00e9quez.<\/p>\n\n\n\n<p>1964. Nace Ricardo Arjona Morales en Jocotenango pero durante su ni\u00f1ez la familia migra a la capital de Guatemala. Su padre le obsequia una guitarra a los 7 a\u00f1os, un regalo que marcar\u00e1 toda su vida. Comienza a cantar y en 1976 gana el concurso musical Juventud, del colegio Salesiano Don Bosco, con una composici\u00f3n de su padre.<\/p>\n\n\n\n<p>1988. Tras haber publicado dos discos, el cantautor Ricardo Arjona viaja a Argentina para representar a Guatemala en el concurso internacional de la canci\u00f3n OTI. Interpret\u00f3 \u201cUn estrella en el vientre\u201d, de su autor\u00eda. No gan\u00f3, pero decidi\u00f3 quedarse como migrante en aquel pa\u00eds. Trabajaba cantando y tocando el piano. Es la etapa a la que hace alusi\u00f3n en su canci\u00f3n Animal Nocturno.<\/p>\n\n\n\n<p>1989. Regresa brevemente a Guatemala y se decide marcharse a Espa\u00f1a, pero hace escala en M\u00e9xico, en donde se queda por casi tres a\u00f1os, indocumentado. Su situaci\u00f3n migratoria le obliga a trabajar en condiciones adversas y a componer canciones para otros artistas. Por varias de ellas no recibi\u00f3 regal\u00edas pese a que fueron \u00e9xitos.<\/p>\n\n\n\n<figure class=\"wp-block-gallery has-nested-images columns-default is-cropped wp-block-gallery-1 is-layout-flex wp-block-gallery-is-layout-flex\">\n<figure class=\"wp-block-image\"><img decoding=\"async\" data-id=\"237\" src=\"https:\/\/soymigrante.wpengine.com\/wp-content\/uploads\/2023\/02\/1-EXITOS-ARJONA-B.jpg\" alt=\"\" class=\"wp-image-237\"\/><\/figure>\n\n\n\n<figure class=\"wp-block-image\"><img decoding=\"async\" data-id=\"238\" src=\"https:\/\/soymigrante.wpengine.com\/wp-content\/uploads\/2023\/02\/1-EXITOS-ARJONA-C.jpg\" alt=\"\" class=\"wp-image-238\"\/><figcaption class=\"wp-element-caption\">Concierto de 2021 Hecho a la Antigua<\/figcaption><\/figure>\n<\/figure>\n\n\n\n<p>1991. Lanza en M\u00e9xico Del otro lado del Sol, un disco que &nbsp; tuvo poca difusi\u00f3n. Esta canci\u00f3n hace alusi\u00f3n a una especie de \u201cmigrante\u201d espacial que dice: \u201cVine desde mi galaxia a investigar este mundo;&nbsp; lo encontr\u00e9 detr\u00e1s de una esquina y me bast\u00f3 un segundo, para saber que aqu\u00ed flotan de la mano lo trivial y lo profundo,&nbsp; en el c\u00edrculo vicioso del hombre y sus haza\u00f1as descubr\u00ed cosas de buena apariencia pero sin entra\u00f1as\u201d. El \u00e9xito sigue sin llegar.<\/p>\n\n\n\n<p>1992. El \u00e1lbum Animal Nocturno se convierte en un \u00e9xito. Varias de sus canciones fueron compuestas a lo largo de las estad\u00edas fuera de Guatemala, al igual que las de su siguiente disco: Historias, con el cual obtiene reconocimiento internacional.&nbsp;<\/p>\n\n\n\n<p>Esta fue la primera gran gira internacional del Ricardo Arjona, quien pr\u00e1cticamente ha recorrido toda Am\u00e9rica Latina, una y otra vez en sus conciertos a lo largo de 30 a\u00f1os.&nbsp;<\/p>\n\n\n\n<p>De hecho en 2023 est\u00e1 comenzando una segunda vuelta de su m\u00e1s reciente producci\u00f3n Blanco y Negro, por ciudades de Norteam\u00e9rica.<\/p>\n\n\n\n<p>La canci\u00f3n Mojado caus\u00f3 gran impacto en 2005, porque expon\u00eda el drama de los migrantes indocumentados.<\/p>\n\n\n\n<figure class=\"wp-block-embed is-type-video is-provider-youtube wp-block-embed-youtube wp-embed-aspect-4-3 wp-has-aspect-ratio\"><div class=\"wp-block-embed__wrapper\">\n<iframe title=\"Ricardo Arjona - Mojado (Video Oficial)\" width=\"500\" height=\"375\" src=\"https:\/\/www.youtube.com\/embed\/37XEYep0rvM?feature=oembed\" frameborder=\"0\" allow=\"accelerometer; autoplay; clipboard-write; encrypted-media; gyroscope; picture-in-picture; web-share\" referrerpolicy=\"strict-origin-when-cross-origin\" allowfullscreen><\/iframe>\n<\/div><\/figure>\n","protected":false},"excerpt":{"rendered":"<p>Ser migrante fue un salto de fe para el cantautor guatemalteco Ricardo Arjona. Al igual que para muchos otros connacionales que se han marchado fuera del pa\u00eds, especialmente a EE.UU., en busca de oportunidades de \u00e9xito, no fue un camino sencillo ni breve. Con base en una autobiograf\u00eda publicada como parte del folleto de un \u00e1lbum en 2005 y datos de diversas entrevistas durante sus giras, se construye esta cronolog\u00eda que inicia hace m\u00e1s de siglo y medio.<\/p>\n","protected":false},"author":1,"featured_media":236,"comment_status":"open","ping_status":"open","sticky":false,"template":"","format":"standard","meta":{"_acf_changed":false,"_eb_attr":"","footnotes":""},"categories":[50],"tags":[],"class_list":["post-235","post","type-post","status-publish","format-standard","has-post-thumbnail","hentry","category-exitos"],"acf":[],"aioseo_notices":[],"aioseo_head":"\n\t\t<!-- All in One SEO Pro 4.9.6.2 - aioseo.com -->\n\t<meta name=\"description\" content=\"Ser migrante fue un salto de fe para el cantautor guatemalteco Ricardo Arjona. Al igual que para muchos otros connacionales que se han marchado fuera del pa\u00eds, especialmente a EE.UU., en busca de oportunidades de \u00e9xito, no fue un camino sencillo ni breve. Con base en una autobiograf\u00eda publicada como parte del folleto de un \u00e1lbum en 2005 y datos de diversas entrevistas durante sus giras, se construye esta cronolog\u00eda que inicia hace m\u00e1s de siglo y medio.\" \/>\n\t<meta name=\"robots\" content=\"max-snippet:-1, max-image-preview:large, max-video-preview:-1\" \/>\n\t<meta name=\"author\" content=\"SoyMigrante.com REVISTA\"\/>\n\t<link rel=\"canonical\" href=\"https:\/\/soymigrante.com\/revista\/cronologia-ricardo-arjona\/\" \/>\n\t<meta name=\"generator\" content=\"All in One SEO Pro (AIOSEO) 4.9.6.2\" \/>\n\n\t\t<link rel=\"preconnect\" href=\"https:\/\/fonts.googleapis.com\" crossorigin>\n<link rel=\"preconnect\" href=\"https:\/\/fonts.gstatic.com\" crossorigin>\n\t\t<meta property=\"og:locale\" content=\"es_ES\" \/>\n\t\t<meta property=\"og:site_name\" content=\"SoyMigrante.com REVISTA \u2013 Nuestra misi\u00f3n es reconocer y dignificar al migrante.\" \/>\n\t\t<meta property=\"og:type\" content=\"article\" \/>\n\t\t<meta property=\"og:title\" content=\"Ricardo Arjona: una cronolog\u00eda migrante desde antes de nacer\" \/>\n\t\t<meta property=\"og:description\" content=\"Ser migrante fue un salto de fe para el cantautor guatemalteco Ricardo Arjona. Al igual que para muchos otros connacionales que se han marchado fuera del pa\u00eds, especialmente a EE.UU., en busca de oportunidades de \u00e9xito, no fue un camino sencillo ni breve. Con base en una autobiograf\u00eda publicada como parte del folleto de un \u00e1lbum en 2005 y datos de diversas entrevistas durante sus giras, se construye esta cronolog\u00eda que inicia hace m\u00e1s de siglo y medio.\" \/>\n\t\t<meta property=\"og:url\" content=\"https:\/\/soymigrante.com\/revista\/cronologia-ricardo-arjona\/\" \/>\n\t\t<meta property=\"og:image\" content=\"https:\/\/soymigrante.com\/revista\/wp-content\/uploads\/2023\/02\/1-EXITOS-ARJONA-A.webp\" \/>\n\t\t<meta property=\"og:image:secure_url\" content=\"https:\/\/soymigrante.com\/revista\/wp-content\/uploads\/2023\/02\/1-EXITOS-ARJONA-A.webp\" \/>\n\t\t<meta property=\"og:image:width\" content=\"1280\" \/>\n\t\t<meta property=\"og:image:height\" content=\"720\" \/>\n\t\t<meta property=\"article:published_time\" content=\"2023-05-26T00:48:12+00:00\" \/>\n\t\t<meta property=\"article:modified_time\" content=\"2024-06-25T22:20:19+00:00\" \/>\n\t\t<meta property=\"article:publisher\" content=\"https:\/\/www.facebook.com\/soymigrantecom\" \/>\n\t\t<meta name=\"twitter:card\" content=\"summary_large_image\" \/>\n\t\t<meta name=\"twitter:site\" content=\"@SoyMigrante_com\" \/>\n\t\t<meta name=\"twitter:title\" content=\"Ricardo Arjona: una cronolog\u00eda migrante desde antes de nacer\" \/>\n\t\t<meta name=\"twitter:description\" content=\"Ser migrante fue un salto de fe para el cantautor guatemalteco Ricardo Arjona. Al igual que para muchos otros connacionales que se han marchado fuera del pa\u00eds, especialmente a EE.UU., en busca de oportunidades de \u00e9xito, no fue un camino sencillo ni breve. Con base en una autobiograf\u00eda publicada como parte del folleto de un \u00e1lbum en 2005 y datos de diversas entrevistas durante sus giras, se construye esta cronolog\u00eda que inicia hace m\u00e1s de siglo y medio.\" \/>\n\t\t<meta name=\"twitter:creator\" content=\"@SoyMigrante_com\" \/>\n\t\t<meta name=\"twitter:image\" content=\"https:\/\/soymigrante.com\/revista\/wp-content\/uploads\/2023\/02\/1-EXITOS-ARJONA-A.webp\" \/>\n\t\t<!-- All in One SEO Pro -->\r\n\t\t<title>Ricardo Arjona: una cronolog\u00eda migrante desde antes de nacer<\/title>\n\n","aioseo_head_json":{"title":"Ricardo Arjona: una cronolog\u00eda migrante desde antes de nacer","description":"Ser migrante fue un salto de fe para el cantautor guatemalteco Ricardo Arjona. Al igual que para muchos otros connacionales que se han marchado fuera del pa\u00eds, especialmente a EE.UU., en busca de oportunidades de \u00e9xito, no fue un camino sencillo ni breve. Con base en una autobiograf\u00eda publicada como parte del folleto de un \u00e1lbum en 2005 y datos de diversas entrevistas durante sus giras, se construye esta cronolog\u00eda que inicia hace m\u00e1s de siglo y medio.","canonical_url":"https:\/\/soymigrante.com\/revista\/cronologia-ricardo-arjona\/","robots":"max-snippet:-1, max-image-preview:large, max-video-preview:-1","keywords":"","webmasterTools":{"miscellaneous":"&lt;link rel=\"preconnect\" href=\"https:\/\/fonts.googleapis.com\" crossorigin&gt;\n&lt;link rel=\"preconnect\" href=\"https:\/\/fonts.gstatic.com\" crossorigin&gt;"},"schema":null,"og:locale":"es_ES","og:site_name":"SoyMigrante.com REVISTA \u2013 Nuestra misi\u00f3n es reconocer y dignificar al migrante.","og:type":"article","og:title":"Ricardo Arjona: una cronolog\u00eda migrante desde antes de nacer","og:description":"Ser migrante fue un salto de fe para el cantautor guatemalteco Ricardo Arjona. Al igual que para muchos otros connacionales que se han marchado fuera del pa\u00eds, especialmente a EE.UU., en busca de oportunidades de \u00e9xito, no fue un camino sencillo ni breve. Con base en una autobiograf\u00eda publicada como parte del folleto de un \u00e1lbum en 2005 y datos de diversas entrevistas durante sus giras, se construye esta cronolog\u00eda que inicia hace m\u00e1s de siglo y medio.","og:url":"https:\/\/soymigrante.com\/revista\/cronologia-ricardo-arjona\/","og:image":"https:\/\/soymigrante.com\/revista\/wp-content\/uploads\/2023\/02\/1-EXITOS-ARJONA-A.webp","og:image:secure_url":"https:\/\/soymigrante.com\/revista\/wp-content\/uploads\/2023\/02\/1-EXITOS-ARJONA-A.webp","og:image:width":1280,"og:image:height":720,"article:published_time":"2023-05-26T00:48:12+00:00","article:modified_time":"2024-06-25T22:20:19+00:00","article:publisher":"https:\/\/www.facebook.com\/soymigrantecom","twitter:card":"summary_large_image","twitter:site":"@SoyMigrante_com","twitter:title":"Ricardo Arjona: una cronolog\u00eda migrante desde antes de nacer","twitter:description":"Ser migrante fue un salto de fe para el cantautor guatemalteco Ricardo Arjona. Al igual que para muchos otros connacionales que se han marchado fuera del pa\u00eds, especialmente a EE.UU., en busca de oportunidades de \u00e9xito, no fue un camino sencillo ni breve. Con base en una autobiograf\u00eda publicada como parte del folleto de un \u00e1lbum en 2005 y datos de diversas entrevistas durante sus giras, se construye esta cronolog\u00eda que inicia hace m\u00e1s de siglo y medio.","twitter:creator":"@SoyMigrante_com","twitter:image":"https:\/\/soymigrante.com\/revista\/wp-content\/uploads\/2023\/02\/1-EXITOS-ARJONA-A.webp"},"aioseo_meta_data":{"post_id":"235","title":null,"description":null,"keywords":null,"keyphrases":{"focus":{"keyphrase":"Migrante","score":74,"analysis":{"keyphraseInTitle":{"score":9,"maxScore":9,"error":0},"keyphraseInDescription":{"score":9,"maxScore":9,"error":0},"keyphraseLength":{"score":9,"maxScore":9,"error":0,"length":1},"keyphraseInURL":{"score":5,"maxScore":5,"error":0},"keyphraseInIntroduction":{"score":3,"maxScore":9,"error":1},"keyphraseInSubHeadings":{"score":3,"maxScore":9,"error":1},"keyphraseInImageAlt":{"score":3,"maxScore":9,"error":1},"keywordDensity":{"type":"best","score":9,"maxScore":9,"error":0}}},"additional":[{"keyphrase":"Arjona","score":73,"analysis":{"keyphraseInDescription":{"score":9,"maxScore":9,"error":0},"keyphraseLength":{"score":9,"maxScore":9,"error":0,"length":1},"keyphraseInIntroduction":{"score":3,"maxScore":9,"error":1},"keyphraseInImageAlt":{"score":3,"maxScore":9,"error":1},"keywordDensity":{"type":"best","score":9,"maxScore":9,"error":0}}}]},"primary_term":null,"canonical_url":null,"og_title":null,"og_description":null,"og_object_type":"default","og_image_type":"default","og_image_url":null,"og_image_width":null,"og_image_height":null,"og_image_custom_url":null,"og_image_custom_fields":null,"og_video":"","og_custom_url":null,"og_article_section":null,"og_article_tags":null,"twitter_use_og":false,"twitter_card":"default","twitter_image_type":"default","twitter_image_url":null,"twitter_image_custom_url":null,"twitter_image_custom_fields":null,"twitter_title":null,"twitter_description":null,"schema":{"blockGraphs":[],"customGraphs":[],"default":{"data":{"Article":[],"Course":[],"Dataset":[],"FAQPage":[],"Movie":[],"Person":[],"Product":[],"ProductReview":[],"Car":[],"Recipe":[],"Service":[],"SoftwareApplication":[],"WebPage":[]},"graphName":"Article","isEnabled":true},"graphs":[]},"schema_type":"default","schema_type_options":null,"pillar_content":false,"robots_default":true,"robots_noindex":false,"robots_noarchive":false,"robots_nosnippet":false,"robots_nofollow":false,"robots_noimageindex":false,"robots_noodp":false,"robots_notranslate":false,"robots_max_snippet":"-1","robots_max_videopreview":"-1","robots_max_imagepreview":"large","priority":null,"frequency":"default","local_seo":null,"seo_analyzer_scan_date":"2025-10-08 19:47:15","breadcrumb_settings":null,"limit_modified_date":false,"reviewed_by":null,"open_ai":"{\"title\":{\"suggestions\":[],\"usage\":0},\"description\":{\"suggestions\":[],\"usage\":0}}","ai":null,"created":"2023-08-17 09:14:02","updated":"2026-02-04 04:30:40"},"aioseo_breadcrumb":"<div class=\"aioseo-breadcrumbs\"><span class=\"aioseo-breadcrumb\">\n\t<a href=\"https:\/\/soymigrante.com\/revista\" title=\"Home\">Home<\/a>\n<\/span><span class=\"aioseo-breadcrumb-separator\">\u00bb<\/span><span class=\"aioseo-breadcrumb\">\n\t<a href=\"https:\/\/soymigrante.com\/revista\/category\/exitos\/\" title=\"\u00c9xitos\">\u00c9xitos<\/a>\n<\/span><span class=\"aioseo-breadcrumb-separator\">\u00bb<\/span><span class=\"aioseo-breadcrumb\">\n\tRicardo Arjona: una cronolog\u00eda migrante desde antes de nacer\n<\/span><\/div>","aioseo_breadcrumb_json":[{"label":"Home","link":"https:\/\/soymigrante.com\/revista"},{"label":"\u00c9xitos","link":"https:\/\/soymigrante.com\/revista\/category\/exitos\/"},{"label":"Ricardo Arjona: una cronolog\u00eda migrante desde antes de nacer","link":"https:\/\/soymigrante.com\/revista\/cronologia-ricardo-arjona\/"}],"_links":{"self":[{"href":"https:\/\/soymigrante.com\/revista\/wp-json\/wp\/v2\/posts\/235","targetHints":{"allow":["GET"]}}],"collection":[{"href":"https:\/\/soymigrante.com\/revista\/wp-json\/wp\/v2\/posts"}],"about":[{"href":"https:\/\/soymigrante.com\/revista\/wp-json\/wp\/v2\/types\/post"}],"author":[{"embeddable":true,"href":"https:\/\/soymigrante.com\/revista\/wp-json\/wp\/v2\/users\/1"}],"replies":[{"embeddable":true,"href":"https:\/\/soymigrante.com\/revista\/wp-json\/wp\/v2\/comments?post=235"}],"version-history":[{"count":0,"href":"https:\/\/soymigrante.com\/revista\/wp-json\/wp\/v2\/posts\/235\/revisions"}],"wp:featuredmedia":[{"embeddable":true,"href":"https:\/\/soymigrante.com\/revista\/wp-json\/wp\/v2\/media\/236"}],"wp:attachment":[{"href":"https:\/\/soymigrante.com\/revista\/wp-json\/wp\/v2\/media?parent=235"}],"wp:term":[{"taxonomy":"category","embeddable":true,"href":"https:\/\/soymigrante.com\/revista\/wp-json\/wp\/v2\/categories?post=235"},{"taxonomy":"post_tag","embeddable":true,"href":"https:\/\/soymigrante.com\/revista\/wp-json\/wp\/v2\/tags?post=235"}],"curies":[{"name":"wp","href":"https:\/\/api.w.org\/{rel}","templated":true}]}}