{"id":23443,"date":"2025-02-03T07:00:00","date_gmt":"2025-02-03T13:00:00","guid":{"rendered":"https:\/\/soymigrante.com\/revista\/?p=23443"},"modified":"2026-03-17T17:30:20","modified_gmt":"2026-03-17T23:30:20","slug":"departamentos-de-guatemala-peten-es-un-baul-de-tesoros-prehispanicos-y-ecologicos","status":"publish","type":"post","link":"https:\/\/soymigrante.com\/revista\/departamentos-de-guatemala-peten-es-un-baul-de-tesoros-prehispanicos-y-ecologicos\/","title":{"rendered":"Departamentos de Guatemala: Pet\u00e9n es un ba\u00fal de tesoros culturales, arqueol\u00f3gico y naturales"},"content":{"rendered":"\t\t<div data-elementor-type=\"wp-post\" data-elementor-id=\"23443\" class=\"elementor elementor-23443\" data-elementor-post-type=\"post\">\n\t\t\t\t<div data-particle_enable=\"false\" data-particle-mobile-disabled=\"false\" class=\"elementor-element elementor-element-f4dba68 e-flex e-con-boxed e-con e-parent\" data-id=\"f4dba68\" data-element_type=\"container\" data-e-type=\"container\">\n\t\t\t\t\t<div class=\"e-con-inner\">\n\t\t\t\t<div class=\"elementor-element elementor-element-df9db3e elementor-widget elementor-widget-heading\" data-id=\"df9db3e\" data-element_type=\"widget\" data-e-type=\"widget\" data-widget_type=\"heading.default\">\n\t\t\t\t\t<h2 class=\"elementor-heading-title elementor-size-default\">Pet\u00e9n es el departamento m\u00e1s grande de Guatemala, est\u00e1 lleno de historias, cultura y lugares maravillosos. <br><\/h2>\t\t\t\t<\/div>\n\t\t\t\t<div class=\"elementor-element elementor-element-b37d983 elementor-widget elementor-widget-html\" data-id=\"b37d983\" data-element_type=\"widget\" data-e-type=\"widget\" data-widget_type=\"html.default\">\n\t\t\t\t\t<div id=\"buzzsprout-player-17199916\"><\/div><script src=\"https:\/\/www.buzzsprout.com\/2444168\/episodes\/17199916-tesoros-prehispanicos-cultura-maya-y-remesas.js?container_id=buzzsprout-player-17199916&player=small\" type=\"text\/javascript\" charset=\"utf-8\"><\/script>\t\t\t\t<\/div>\n\t\t\t\t\t<\/div>\n\t\t\t\t<\/div>\n\t\t<div data-particle_enable=\"false\" data-particle-mobile-disabled=\"false\" class=\"elementor-element elementor-element-7e5f82a e-flex e-con-boxed e-con e-parent\" data-id=\"7e5f82a\" data-element_type=\"container\" data-e-type=\"container\">\n\t\t\t\t\t<div class=\"e-con-inner\">\n\t\t\t\t<div class=\"elementor-element elementor-element-c08826c elementor-widget elementor-widget-text-editor\" data-id=\"c08826c\" data-element_type=\"widget\" data-e-type=\"widget\" data-widget_type=\"text-editor.default\">\n\t\t\t\t\t\t\t\t\t<p>Pet\u00e9n, el departamento m\u00e1s septentrional de Guatemala, se destaca por su vasta extensi\u00f3n territorial y su rica herencia cultural e hist\u00f3rica.<\/p><p>Con una superficie de 35,854 km\u00b2, representa aproximadamente un tercio del territorio nacional, <a href=\"https:\/\/soymigrante.com\/revista\/7-datos-que-ya-sabias-o-quiza-no-sobre-el-gran-jaguar-y-tikal\/\" target=\"_blank\" rel=\"noopener\">lo que lo convierte en el departamento m\u00e1s grande del pa\u00eds.<\/a><\/p><p>Su nombre proviene del t\u00e9rmino itz\u00e1 \u201cNoj Pet\u00e9n\u201d, que se traduce como \u201cGran Isla\u201d, en referencia a la isla donde se asienta la ciudad de Flores, la cabecera departamental.<\/p>\t\t\t\t\t\t\t\t<\/div>\n\t\t\t\t\t<\/div>\n\t\t\t\t<\/div>\n\t\t<div data-particle_enable=\"false\" data-particle-mobile-disabled=\"false\" class=\"elementor-element elementor-element-cc0ddda e-flex e-con-boxed e-con e-parent\" data-id=\"cc0ddda\" data-element_type=\"container\" data-e-type=\"container\">\n\t\t\t\t\t<div class=\"e-con-inner\">\n\t\t\t\t<div class=\"elementor-element elementor-element-9b488e9 elementor-widget elementor-widget-html\" data-id=\"9b488e9\" data-element_type=\"widget\" data-e-type=\"widget\" data-widget_type=\"html.default\">\n\t\t\t\t\t<iframe src=\"https:\/\/www.google.com\/maps\/embed?pb=!4v1773790077119!6m8!1m7!1sEQQPlKE7fwwpG9o4HxkLsA!2m2!1d16.9280675451781!2d-89.89096180251275!3f134.62424509674148!4f0.6216931061468927!5f0.7820865974627469\" width=\"600\" height=\"450\" style=\"border:0;\" allowfullscreen=\"\" loading=\"lazy\" referrerpolicy=\"no-referrer-when-downgrade\"><\/iframe>\t\t\t\t<\/div>\n\t\t\t\t\t<\/div>\n\t\t\t\t<\/div>\n\t\t<div data-particle_enable=\"false\" data-particle-mobile-disabled=\"false\" class=\"elementor-element elementor-element-50f9b2b e-flex e-con-boxed e-con e-parent\" data-id=\"50f9b2b\" data-element_type=\"container\" data-e-type=\"container\">\n\t\t\t\t\t<div class=\"e-con-inner\">\n\t\t\t\t<div class=\"elementor-element elementor-element-8870b6c elementor-widget elementor-widget-heading\" data-id=\"8870b6c\" data-element_type=\"widget\" data-e-type=\"widget\" data-widget_type=\"heading.default\">\n\t\t\t\t\t<h3 class=\"elementor-heading-title elementor-size-default\">Historia y origen del nombre<\/h3>\t\t\t\t<\/div>\n\t\t\t\t\t<\/div>\n\t\t\t\t<\/div>\n\t\t<div data-particle_enable=\"false\" data-particle-mobile-disabled=\"false\" class=\"elementor-element elementor-element-38474bc e-flex e-con-boxed e-con e-parent\" data-id=\"38474bc\" data-element_type=\"container\" data-e-type=\"container\">\n\t\t\t\t\t<div class=\"e-con-inner\">\n\t\t\t\t<div class=\"elementor-element elementor-element-069b196 elementor-widget elementor-widget-text-editor\" data-id=\"069b196\" data-element_type=\"widget\" data-e-type=\"widget\" data-widget_type=\"text-editor.default\">\n\t\t\t\t\t\t\t\t\t<p>Antes de la llegada de los espa\u00f1oles, la <a href=\"https:\/\/soymigrante.com\/revista\/isla-de-flores-en-peten-tesoro-cultural-nominado-a-la-lista-best-tourism-villages-2024\/\" target=\"_blank\" rel=\"noopener\">isla de Flores era conocida como \u201cNoj Pet\u00e9n<\/a>\u201d, que significa \u201cIsla Principal\u201d. All\u00ed existi\u00f3 el sitio maya Tayasal, que no pudo ser conquistado por los espa\u00f1oles sino hasta 1697.<\/p><p><span style=\"color: var( --e-global-color-text ); text-align: var(--text-align);\">En 1825 Pet\u00e9n era uno de los distritos dependientes originales del Estado de Guatemala pero formaba parte\u00a0 de la provincia de la Verapaz, cuya cabecera era Cob\u00e1n, e inclu\u00eda a los municipios de Cob\u00e1n, Cahab\u00f3n, Tactic, Salam\u00e1 y Rabinal, adem\u00e1s del distrito de Pet\u00e9n.<\/span><\/p><p><span style=\"color: var( --e-global-color-text ); text-align: var(--text-align);\">Pet\u00e9n fue declarado departamento el 8 de mayo de 1866.<\/span><\/p>\t\t\t\t\t\t\t\t<\/div>\n\t\t\t\t\t<\/div>\n\t\t\t\t<\/div>\n\t\t<div data-particle_enable=\"false\" data-particle-mobile-disabled=\"false\" class=\"elementor-element elementor-element-f3c7019 e-flex e-con-boxed e-con e-parent\" data-id=\"f3c7019\" data-element_type=\"container\" data-e-type=\"container\">\n\t\t\t\t\t<div class=\"e-con-inner\">\n\t\t\t\t<div class=\"elementor-element elementor-element-78862b1 elementor-widget elementor-widget-heading\" data-id=\"78862b1\" data-element_type=\"widget\" data-e-type=\"widget\" data-widget_type=\"heading.default\">\n\t\t\t\t\t<h3 class=\"elementor-heading-title elementor-size-default\">\u00bfCu\u00e1ntos municipios tiene Pet\u00e9n? <\/h3>\t\t\t\t<\/div>\n\t\t\t\t\t<\/div>\n\t\t\t\t<\/div>\n\t\t<div data-particle_enable=\"false\" data-particle-mobile-disabled=\"false\" class=\"elementor-element elementor-element-d447e0b e-flex e-con-boxed e-con e-parent\" data-id=\"d447e0b\" data-element_type=\"container\" data-e-type=\"container\">\n\t\t\t\t\t<div class=\"e-con-inner\">\n\t\t\t\t<div class=\"elementor-element elementor-element-2c42db0 elementor-widget elementor-widget-text-editor\" data-id=\"2c42db0\" data-element_type=\"widget\" data-e-type=\"widget\" data-widget_type=\"text-editor.default\">\n\t\t\t\t\t\t\t\t\t<p>Administrativamente, Pet\u00e9n se divide en 14 municipios: <\/p><ol><li>Dolores<\/li><li>El Chal<\/li><li>Flores (Cabecera)<\/li><li>La Libertad<\/li><li>Las Cruces<\/li><li>Melchor de Mencos<\/li><li>Popt\u00fan<\/li><li>San Andr\u00e9s<\/li><li>San Benito<\/li><li>San Francisco<\/li><li>San Jos\u00e9<\/li><li>San Luis<\/li><li>Santa Ana<\/li><li>Sayaxch\u00e9.<\/li><\/ol>\t\t\t\t\t\t\t\t<\/div>\n\t\t\t\t\t<\/div>\n\t\t\t\t<\/div>\n\t\t<div data-particle_enable=\"false\" data-particle-mobile-disabled=\"false\" class=\"elementor-element elementor-element-49dc271 e-flex e-con-boxed e-con e-parent\" data-id=\"49dc271\" data-element_type=\"container\" data-e-type=\"container\">\n\t\t\t\t\t<div class=\"e-con-inner\">\n\t\t\t\t<div class=\"elementor-element elementor-element-6c00969 elementor-widget elementor-widget-image\" data-id=\"6c00969\" data-element_type=\"widget\" data-e-type=\"widget\" data-widget_type=\"image.default\">\n\t\t\t\t\t\t\t\t\t\t\t\t<figure class=\"wp-caption\">\n\t\t\t\t\t\t\t\t\t\t<img fetchpriority=\"high\" decoding=\"async\" width=\"550\" height=\"412\" src=\"https:\/\/soymigrante.com\/revista\/wp-content\/uploads\/2025\/01\/Departamentos-de-Guatemala-Pete\u0301n-y-su-riqueza-cultural-2.webp\" class=\"attachment-large size-large wp-image-23466\" alt=\"Departamentos de Guatemala: Pet\u00e9n y su riqueza cultural\" srcset=\"https:\/\/soymigrante.com\/revista\/wp-content\/uploads\/2025\/01\/Departamentos-de-Guatemala-Pete\u0301n-y-su-riqueza-cultural-2.webp 550w, https:\/\/soymigrante.com\/revista\/wp-content\/uploads\/2025\/01\/Departamentos-de-Guatemala-Pete\u0301n-y-su-riqueza-cultural-2-300x225.jpeg 300w\" sizes=\"(max-width: 550px) 100vw, 550px\" title=\"Departamentos de Guatemala Pete\u0301n y su riqueza cultural 2 \u2013 SoyMigrante.com REVISTA\" \/>\t\t\t\t\t\t\t\t\t\t\t<figcaption class=\"widget-image-caption wp-caption-text\">Pet\u00e9n es el departamento m\u00e1s grande de Guatemala y en su interior se encuentran ciudades mayas de fama mundial, tal como Tikal, Patrimonio Cultural de la Humanidad.<\/figcaption>\n\t\t\t\t\t\t\t\t\t\t<\/figure>\n\t\t\t\t\t\t\t\t\t<\/div>\n\t\t\t\t\t<\/div>\n\t\t\t\t<\/div>\n\t\t<div data-particle_enable=\"false\" data-particle-mobile-disabled=\"false\" class=\"elementor-element elementor-element-fc6a380 e-flex e-con-boxed e-con e-parent\" data-id=\"fc6a380\" data-element_type=\"container\" data-e-type=\"container\">\n\t\t\t\t\t<div class=\"e-con-inner\">\n\t\t\t\t<div class=\"elementor-element elementor-element-36887dc elementor-widget elementor-widget-heading\" data-id=\"36887dc\" data-element_type=\"widget\" data-e-type=\"widget\" data-widget_type=\"heading.default\">\n\t\t\t\t\t<h3 class=\"elementor-heading-title elementor-size-default\">\u00bfCu\u00e1nta poblaci\u00f3n tiene Pet\u00e9n? <\/h3>\t\t\t\t<\/div>\n\t\t\t\t\t<\/div>\n\t\t\t\t<\/div>\n\t\t<div data-particle_enable=\"false\" data-particle-mobile-disabled=\"false\" class=\"elementor-element elementor-element-c7dac81 e-flex e-con-boxed e-con e-parent\" data-id=\"c7dac81\" data-element_type=\"container\" data-e-type=\"container\">\n\t\t\t\t\t<div class=\"e-con-inner\">\n\t\t\t\t<div class=\"elementor-element elementor-element-056dd9e elementor-widget elementor-widget-text-editor\" data-id=\"056dd9e\" data-element_type=\"widget\" data-e-type=\"widget\" data-widget_type=\"text-editor.default\">\n\t\t\t\t\t\t\t\t\t<p>Seg\u00fan estimaciones del Instituto Nacional de Estad\u00edstica (INE), de 2018, la poblaci\u00f3n del departamento es de aproximadamente 595,548 habitantes.<\/p><p>Seg\u00fan el Censo, el 30.2% de la poblaci\u00f3n es maya, el 63% es ladina.<\/p><p>De los pueblos mayas, el 90% son de la etnia q&#8217;eqchi&#8217;; pero las comunidades que son originarias del departamento de Pet\u00e9n son los <a href=\"https:\/\/soymigrante.com\/revista\/el-itza-es-el-idioma-maya-que-lucha-por-sobrevivir\/\">Itz\u00e1<\/a> y los <a href=\"https:\/\/soymigrante.com\/revista\/el-pueblo-mopan-surgio-junto-a-un-rio-que-une-peten-y-belice\/\">Mopan <\/a>(1% cada uno) cuya cantidad de hablantes se ha reducido.<\/p><p>La poblaci\u00f3n indigena que predomina en Pet\u00e9n son los Itz\u00e1, ubicados sobre todo en el municipio de San Jos\u00e9 y<a href=\"https:\/\/soymigrante.com\/revista\/el-pueblo-mopan-surgio-junto-a-un-rio-que-une-peten-y-belice\/\"> los Mop\u00e1n<\/a>, ubicados en el municipio de San Luis.<\/p>\t\t\t\t\t\t\t\t<\/div>\n\t\t\t\t\t<\/div>\n\t\t\t\t<\/div>\n\t\t<div data-particle_enable=\"false\" data-particle-mobile-disabled=\"false\" class=\"elementor-element elementor-element-179cdda e-flex e-con-boxed e-con e-parent\" data-id=\"179cdda\" data-element_type=\"container\" data-e-type=\"container\">\n\t\t\t\t\t<div class=\"e-con-inner\">\n\t\t\t\t<div class=\"elementor-element elementor-element-6c59a0f elementor-widget elementor-widget-heading\" data-id=\"6c59a0f\" data-element_type=\"widget\" data-e-type=\"widget\" data-widget_type=\"heading.default\">\n\t\t\t\t\t<h3 class=\"elementor-heading-title elementor-size-default\">\u00bfCu\u00e1l es su econom\u00eda y producci\u00f3n?<\/h3>\t\t\t\t<\/div>\n\t\t\t\t\t<\/div>\n\t\t\t\t<\/div>\n\t\t<div data-particle_enable=\"false\" data-particle-mobile-disabled=\"false\" class=\"elementor-element elementor-element-951e9fd e-flex e-con-boxed e-con e-parent\" data-id=\"951e9fd\" data-element_type=\"container\" data-e-type=\"container\">\n\t\t\t\t\t<div class=\"e-con-inner\">\n\t\t\t\t<div class=\"elementor-element elementor-element-a3d889f elementor-widget elementor-widget-text-editor\" data-id=\"a3d889f\" data-element_type=\"widget\" data-e-type=\"widget\" data-widget_type=\"text-editor.default\">\n\t\t\t\t\t\t\t\t\t<p>La econom\u00eda de Pet\u00e9n es diversa y se sustenta en varias actividades productivas. El comercio es la principal actividad econ\u00f3mica, ocupando al 40% de la poblaci\u00f3n. La agricultura tambi\u00e9n es significativa, empleando al 13% de los habitantes, con cultivos predominantes como ma\u00edz, frijol y arroz.<\/p><p><a href=\"https:\/\/soymigrante.com\/revista\/7-datos-que-ya-sabias-o-quiza-no-sobre-el-gran-jaguar-y-tikal\/\" target=\"_blank\" rel=\"noopener\">El turismo representa el 21% de la actividad econ\u00f3mica,<\/a> gracias a la riqueza arqueol\u00f3gica y natural de la regi\u00f3n. Otras actividades incluyen el transporte (3%) y la artesan\u00eda (1%). \ufffc<\/p>\t\t\t\t\t\t\t\t<\/div>\n\t\t\t\t\t<\/div>\n\t\t\t\t<\/div>\n\t\t<div data-particle_enable=\"false\" data-particle-mobile-disabled=\"false\" class=\"elementor-element elementor-element-438d778 e-flex e-con-boxed e-con e-parent\" data-id=\"438d778\" data-element_type=\"container\" data-e-type=\"container\">\n\t\t\t\t\t<div class=\"e-con-inner\">\n\t\t\t\t<div class=\"elementor-element elementor-element-38c6304 elementor-grid-eael-col-3 elementor-grid-tablet-eael-col-2 elementor-grid-mobile-eael-col-1 elementor-widget elementor-widget-eael-post-grid\" data-id=\"38c6304\" data-element_type=\"widget\" data-e-type=\"widget\" data-settings=\"{&quot;eael_post_grid_columns&quot;:&quot;eael-col-3&quot;,&quot;eael_post_grid_columns_tablet&quot;:&quot;eael-col-2&quot;,&quot;eael_post_grid_columns_mobile&quot;:&quot;eael-col-1&quot;}\" data-widget_type=\"eael-post-grid.default\">\n\t\t\t\t\t<div id=\"eael-post-grid-38c6304\" class=\"eael-post-grid-container\">\n            <div class=\"eael-post-grid eael-post-appender eael-post-appender-38c6304 eael-post-grid-style-one\" data-layout-mode=\"masonry\"><article class=\"eael-grid-post  eael-post-grid-column eael-pg-post-10625 category-guate-nuestra\" data-id=\"10625\">\n        <div class=\"eael-grid-post-holder\">\n            <div class=\"eael-grid-post-holder-inner\"><div class=\"eael-entry-media\"><div class=\"eael-entry-overlay fade-in\"><i class=\"far fa-hand-pointer\" aria-hidden=\"true\"><\/i><a href=\"https:\/\/soymigrante.com\/revista\/aguateca-una-ciudad-maya-prehispanica-fortificada\/\"><\/a><\/div><div class=\"eael-entry-thumbnail \">\n                <img decoding=\"async\" width=\"1024\" height=\"1024\" src=\"https:\/\/soymigrante.com\/revista\/wp-content\/uploads\/2024\/10\/Aguateca-La-ciudad-maya-fortificada-en-el-corazon-de-Peten-1-1-e1729630120727-1024x1024.webp\" class=\"attachment-large size-large wp-image-10627\" alt=\"Restauraci\u00f3n de ruinas mayas en un entorno selv\u00e1tico, destacando la historia y cultura antigua de M\u00e9xico y Centroam\u00e9rica.\" srcset=\"https:\/\/soymigrante.com\/revista\/wp-content\/uploads\/2024\/10\/Aguateca-La-ciudad-maya-fortificada-en-el-corazon-de-Peten-1-1-e1729630120727-1024x1024.webp 1024w, https:\/\/soymigrante.com\/revista\/wp-content\/uploads\/2024\/10\/Aguateca-La-ciudad-maya-fortificada-en-el-corazon-de-Peten-1-1-e1729630120727-300x300.webp 300w, https:\/\/soymigrante.com\/revista\/wp-content\/uploads\/2024\/10\/Aguateca-La-ciudad-maya-fortificada-en-el-corazon-de-Peten-1-1-e1729630120727-150x150.webp 150w, https:\/\/soymigrante.com\/revista\/wp-content\/uploads\/2024\/10\/Aguateca-La-ciudad-maya-fortificada-en-el-corazon-de-Peten-1-1-e1729630120727-768x768.webp 768w, https:\/\/soymigrante.com\/revista\/wp-content\/uploads\/2024\/10\/Aguateca-La-ciudad-maya-fortificada-en-el-corazon-de-Peten-1-1-e1729630120727-75x75.webp 75w, https:\/\/soymigrante.com\/revista\/wp-content\/uploads\/2024\/10\/Aguateca-La-ciudad-maya-fortificada-en-el-corazon-de-Peten-1-1-e1729630120727-750x750.webp 750w, https:\/\/soymigrante.com\/revista\/wp-content\/uploads\/2024\/10\/Aguateca-La-ciudad-maya-fortificada-en-el-corazon-de-Peten-1-1-e1729630120727-1140x1140.webp 1140w, https:\/\/soymigrante.com\/revista\/wp-content\/uploads\/2024\/10\/Aguateca-La-ciudad-maya-fortificada-en-el-corazon-de-Peten-1-1-e1729630120727.webp 1440w\" sizes=\"(max-width: 1024px) 100vw, 1024px\" \/>\n            <\/div>\n        <\/div><div class=\"eael-entry-wrapper\"><header class=\"eael-entry-header\"><h2 class=\"eael-entry-title\"><a class=\"eael-grid-post-link\" href=\"https:\/\/soymigrante.com\/revista\/aguateca-una-ciudad-maya-prehispanica-fortificada\/\" title=\"Aguateca, la impresionante ciudad maya fortificada en Pet\u00e9n\">Aguateca, la impresionante ciudad maya fortificada en Pet\u00e9n<\/a><\/h2><\/header><div class=\"eael-entry-content\">\n                        <div class=\"eael-grid-post-excerpt\"><a href=\"https:\/\/soymigrante.com\/revista\/aguateca-una-ciudad-maya-prehispanica-fortificada\/\" class=\"eael-post-elements-readmore-btn\">CONOCE SU HISTORIA <\/a><\/div>\n                    <\/div><\/div><\/div>\n        <\/div>\n    <\/article><article class=\"eael-grid-post  eael-post-grid-column eael-pg-post-10441 category-guate-nuestra\" data-id=\"10441\">\n        <div class=\"eael-grid-post-holder\">\n            <div class=\"eael-grid-post-holder-inner\"><div class=\"eael-entry-media\"><div class=\"eael-entry-overlay fade-in\"><i class=\"far fa-hand-pointer\" aria-hidden=\"true\"><\/i><a href=\"https:\/\/soymigrante.com\/revista\/uaxactun-la-ciudad-maya-que-sigue-viva-en-la-selva\/\"><\/a><\/div><div class=\"eael-entry-thumbnail \">\n                <img decoding=\"async\" width=\"1024\" height=\"768\" src=\"https:\/\/soymigrante.com\/revista\/wp-content\/uploads\/2024\/10\/Uaxactun-La-ciudad-maya-que-sigue-viva-en-la-selva-4-1024x768.webp\" class=\"attachment-large size-large wp-image-10442\" alt=\"Ruinas mayas antiguas en medio de la selva, patrimonio cultural e hist\u00f3rica de M\u00e9xico, fascinante historia y arquitectura impresionante, ideal para explorar y aprender sobre las civilizaciones antiguas.\" srcset=\"https:\/\/soymigrante.com\/revista\/wp-content\/uploads\/2024\/10\/Uaxactun-La-ciudad-maya-que-sigue-viva-en-la-selva-4-1024x768.webp 1024w, https:\/\/soymigrante.com\/revista\/wp-content\/uploads\/2024\/10\/Uaxactun-La-ciudad-maya-que-sigue-viva-en-la-selva-4-300x225.webp 300w, https:\/\/soymigrante.com\/revista\/wp-content\/uploads\/2024\/10\/Uaxactun-La-ciudad-maya-que-sigue-viva-en-la-selva-4-768x576.webp 768w, https:\/\/soymigrante.com\/revista\/wp-content\/uploads\/2024\/10\/Uaxactun-La-ciudad-maya-que-sigue-viva-en-la-selva-4-1536x1152.webp 1536w, https:\/\/soymigrante.com\/revista\/wp-content\/uploads\/2024\/10\/Uaxactun-La-ciudad-maya-que-sigue-viva-en-la-selva-4-750x563.webp 750w, https:\/\/soymigrante.com\/revista\/wp-content\/uploads\/2024\/10\/Uaxactun-La-ciudad-maya-que-sigue-viva-en-la-selva-4-1140x855.webp 1140w, https:\/\/soymigrante.com\/revista\/wp-content\/uploads\/2024\/10\/Uaxactun-La-ciudad-maya-que-sigue-viva-en-la-selva-4.webp 1600w\" sizes=\"(max-width: 1024px) 100vw, 1024px\" \/>\n            <\/div>\n        <\/div><div class=\"eael-entry-wrapper\"><header class=\"eael-entry-header\"><h2 class=\"eael-entry-title\"><a class=\"eael-grid-post-link\" href=\"https:\/\/soymigrante.com\/revista\/uaxactun-la-ciudad-maya-que-sigue-viva-en-la-selva\/\" title=\"Uaxact\u00fan: La ciudad maya que sigue viva en la selva\">Uaxact\u00fan: La ciudad maya que sigue viva en la selva<\/a><\/h2><\/header><div class=\"eael-entry-content\">\n                        <div class=\"eael-grid-post-excerpt\"><a href=\"https:\/\/soymigrante.com\/revista\/uaxactun-la-ciudad-maya-que-sigue-viva-en-la-selva\/\" class=\"eael-post-elements-readmore-btn\">CONOCE SU HISTORIA <\/a><\/div>\n                    <\/div><\/div><\/div>\n        <\/div>\n    <\/article><article class=\"eael-grid-post  eael-post-grid-column eael-pg-post-6808 category-guate-nuestra\" data-id=\"6808\">\n        <div class=\"eael-grid-post-holder\">\n            <div class=\"eael-grid-post-holder-inner\"><div class=\"eael-entry-media\"><div class=\"eael-entry-overlay fade-in\"><i class=\"far fa-hand-pointer\" aria-hidden=\"true\"><\/i><a href=\"https:\/\/soymigrante.com\/revista\/la-danta-de-el-mirador-la-mayor-piramide-del-mundo-7-datos\/\"><\/a><\/div><div class=\"eael-entry-thumbnail \">\n                <img loading=\"lazy\" decoding=\"async\" width=\"466\" height=\"466\" src=\"https:\/\/soymigrante.com\/revista\/wp-content\/uploads\/2024\/06\/la-danta.webp\" class=\"attachment-large size-large wp-image-6810\" alt=\"Formaci\u00f3n geol\u00f3gica con formaciones destacadas en un paisaje \u00e1rido, resaltando la belleza natural y la importancia del medio ambiente en el contexto de la migraci\u00f3n y la cultura.\" srcset=\"https:\/\/soymigrante.com\/revista\/wp-content\/uploads\/2024\/06\/la-danta.webp 466w, https:\/\/soymigrante.com\/revista\/wp-content\/uploads\/2024\/06\/la-danta-300x300.webp 300w, https:\/\/soymigrante.com\/revista\/wp-content\/uploads\/2024\/06\/la-danta-150x150.webp 150w, https:\/\/soymigrante.com\/revista\/wp-content\/uploads\/2024\/06\/la-danta-75x75.webp 75w\" sizes=\"(max-width: 466px) 100vw, 466px\" \/>\n            <\/div>\n        <\/div><div class=\"eael-entry-wrapper\"><header class=\"eael-entry-header\"><h2 class=\"eael-entry-title\"><a class=\"eael-grid-post-link\" href=\"https:\/\/soymigrante.com\/revista\/la-danta-de-el-mirador-la-mayor-piramide-del-mundo-7-datos\/\" title=\"La Danta de El Mirador, la mayor pir\u00e1mide del mundo: 7 datos\">La Danta de El Mirador, la mayor pir\u00e1mide del mundo: 7 datos<\/a><\/h2><\/header><div class=\"eael-entry-content\">\n                        <div class=\"eael-grid-post-excerpt\"><a href=\"https:\/\/soymigrante.com\/revista\/la-danta-de-el-mirador-la-mayor-piramide-del-mundo-7-datos\/\" class=\"eael-post-elements-readmore-btn\">CONOCE SU HISTORIA <\/a><\/div>\n                    <\/div><\/div><\/div>\n        <\/div>\n    <\/article><\/div>\n            <div class=\"clearfix\"><\/div>\n        <\/div>\t\t\t\t<\/div>\n\t\t\t\t\t<\/div>\n\t\t\t\t<\/div>\n\t\t<div data-particle_enable=\"false\" data-particle-mobile-disabled=\"false\" class=\"elementor-element elementor-element-123efc6 e-flex e-con-boxed e-con e-parent\" data-id=\"123efc6\" data-element_type=\"container\" data-e-type=\"container\">\n\t\t\t\t\t<div class=\"e-con-inner\">\n\t\t\t\t<div class=\"elementor-element elementor-element-b5035a0 elementor-widget elementor-widget-heading\" data-id=\"b5035a0\" data-element_type=\"widget\" data-e-type=\"widget\" data-widget_type=\"heading.default\">\n\t\t\t\t\t<h3 class=\"elementor-heading-title elementor-size-default\">Atractivos tur\u00edsticos<\/h3>\t\t\t\t<\/div>\n\t\t\t\t\t<\/div>\n\t\t\t\t<\/div>\n\t\t<div data-particle_enable=\"false\" data-particle-mobile-disabled=\"false\" class=\"elementor-element elementor-element-2fc48b1 e-flex e-con-boxed e-con e-parent\" data-id=\"2fc48b1\" data-element_type=\"container\" data-e-type=\"container\">\n\t\t\t\t\t<div class=\"e-con-inner\">\n\t\t\t\t<div class=\"elementor-element elementor-element-c55a98b elementor-widget elementor-widget-text-editor\" data-id=\"c55a98b\" data-element_type=\"widget\" data-e-type=\"widget\" data-widget_type=\"text-editor.default\">\n\t\t\t\t\t\t\t\t\t<div>Pet\u00e9n es reconocido por sus impresionantes sitios arqueol\u00f3gicos y bellezas naturales. Entre los principales atractivos se encuentran:<\/div><div><strong>\u2022Parque Nacional Tikal:<\/strong> <a href=\"https:\/\/soymigrante.com\/revista\/7-datos-que-ya-sabias-o-quiza-no-sobre-el-gran-jaguar-y-tikal\/\" target=\"_blank\" rel=\"noopener\">Declarado Patrimonio de la Humanidad por la UNESCO, es uno de los sitios arqueol\u00f3gicos m\u00e1s emblem\u00e1ticos de la civilizaci\u00f3n maya,<\/a> con majestuosas pir\u00e1mides y templos que emergen entre la selva.<\/div><div>\u2022<strong>Yaxh\u00e1:<\/strong> Ubicado cerca de lagunas y rodeado de selva, este sitio arqueol\u00f3gico ofrece una experiencia \u00fanica con sus estructuras antiguas y vistas panor\u00e1micas.<\/div><div><strong>\u2022Uaxact\u00fan:<\/strong> <a href=\"https:\/\/soymigrante.com\/revista\/uaxactun-el-legado-astronomico-y-cultural-de-los-mayas-en-el-corazon-del-peten\/\" target=\"_blank\" rel=\"noopener\">Conocido por sus observatorios astron\u00f3micos y estructuras antiguas,<\/a> es un testimonio del avanzado conocimiento astron\u00f3mico de los mayas.<\/div><div>\u2022<strong>Lago Pet\u00e9n Itz\u00e1:<\/strong> <a href=\"https:\/\/soymigrante.com\/revista\/10-cosas-que-ya-conocias-o-quiza-no-del-lago-peten-itza\/\" target=\"_blank\" rel=\"noopener\">Un hermoso lago que alberga la isla de Flores<\/a>, conocida por su encanto colonial y calles empedradas.<\/div><div><p><strong>\u2022Parque Nacional El Mirador:<\/strong> Hogar de la antigua ciudad maya de El Mirador, famosa por sus enormes pir\u00e1mides y su relevancia hist\u00f3rica.<br \/><strong style=\"font-style: normal; font-variant-ligatures: normal; font-variant-caps: normal; font-size: 16px; font-family: Roboto, sans-serif;\">\u2022<\/strong><span style=\"color: var( --e-global-color-text ); text-align: var(--text-align);\"><b>La Isla de Flores Pet\u00e9n<\/b>, que en este 2024 particip\u00f3 en la convocatoria de Best Tourism Villages, de la Organizaci\u00f3n Mundial del Turismo.<\/span><\/p><\/div>\t\t\t\t\t\t\t\t<\/div>\n\t\t\t\t\t<\/div>\n\t\t\t\t<\/div>\n\t\t<div data-particle_enable=\"false\" data-particle-mobile-disabled=\"false\" class=\"elementor-element elementor-element-09cd2a9 e-flex e-con-boxed e-con e-parent\" data-id=\"09cd2a9\" data-element_type=\"container\" data-e-type=\"container\">\n\t\t\t\t\t<div class=\"e-con-inner\">\n\t\t\t\t<div class=\"elementor-element elementor-element-9ba9f8b elementor-widget elementor-widget-html\" data-id=\"9ba9f8b\" data-element_type=\"widget\" data-e-type=\"widget\" data-widget_type=\"html.default\">\n\t\t\t\t\t<iframe width=\"560\" height=\"315\" src=\"https:\/\/www.youtube.com\/embed\/CvCD7KxYgUY?si=1c02CSjKWuszeqz8\" title=\"YouTube video player\" frameborder=\"0\" allow=\"accelerometer; autoplay; clipboard-write; encrypted-media; gyroscope; picture-in-picture; web-share\" referrerpolicy=\"strict-origin-when-cross-origin\" allowfullscreen><\/iframe>\t\t\t\t<\/div>\n\t\t\t\t\t<\/div>\n\t\t\t\t<\/div>\n\t\t<div data-particle_enable=\"false\" data-particle-mobile-disabled=\"false\" class=\"elementor-element elementor-element-18273be e-flex e-con-boxed e-con e-parent\" data-id=\"18273be\" data-element_type=\"container\" data-e-type=\"container\">\n\t\t\t\t\t<div class=\"e-con-inner\">\n\t\t\t\t<div class=\"elementor-element elementor-element-3bf9cbc elementor-widget elementor-widget-heading\" data-id=\"3bf9cbc\" data-element_type=\"widget\" data-e-type=\"widget\" data-widget_type=\"heading.default\">\n\t\t\t\t\t<h3 class=\"elementor-heading-title elementor-size-default\">Remesas de migrantes<\/h3>\t\t\t\t<\/div>\n\t\t\t\t\t<\/div>\n\t\t\t\t<\/div>\n\t\t<div data-particle_enable=\"false\" data-particle-mobile-disabled=\"false\" class=\"elementor-element elementor-element-c84871d e-flex e-con-boxed e-con e-parent\" data-id=\"c84871d\" data-element_type=\"container\" data-e-type=\"container\">\n\t\t\t\t\t<div class=\"e-con-inner\">\n\t\t\t\t<div class=\"elementor-element elementor-element-14ca27c elementor-widget elementor-widget-text-editor\" data-id=\"14ca27c\" data-element_type=\"widget\" data-e-type=\"widget\" data-widget_type=\"text-editor.default\">\n\t\t\t\t\t\t\t\t\t<p>Las remesas constituyen una de las principales fuentes de ingresos para muchas familias en Pet\u00e9n, permiti\u00e9ndoles mejorar su calidad de vida y dinamizar la econom\u00eda local.<\/p><p>Las remesas enviadas por guatemaltecos residentes en el extranjero son una fuente significativa de ingresos para muchas familias en el Departamento de Pet\u00e9n.<\/p><p>Seg\u00fan <a href=\"https:\/\/infounitnca.iom.int\/uploads\/RemesasGT2022\/Resumen_EncuestaRemesas2022_gt.pdf\" target=\"_blank\" rel=\"noopener\">la Encuesta de Remesas 2022, de la OIM,<\/a> el departamento de Pet\u00e9n, se beneficia con el 2.8% del total de las remesas que en ese a\u00f1o fueron US$18 mil 40 millones. Eso quiere decir, que en ese a\u00f1o, familias del departamento de Pet\u00e9n recibieron US$ 500 millones enviados por familiares desde Estados Unidos.<\/p><p>A nivel nacional, las remesas representaron el 19.8% del Producto Interno Bruto (PIB) en 2022.<\/p><p>En 2024 las remesas fueron de US$21 mil 500 millones.<\/p>\t\t\t\t\t\t\t\t<\/div>\n\t\t\t\t\t<\/div>\n\t\t\t\t<\/div>\n\t\t<div data-particle_enable=\"false\" data-particle-mobile-disabled=\"false\" class=\"elementor-element elementor-element-20629ff e-flex e-con-boxed e-con e-parent\" data-id=\"20629ff\" data-element_type=\"container\" data-e-type=\"container\">\n\t\t\t\t\t<div class=\"e-con-inner\">\n\t\t\t\t<div class=\"elementor-element elementor-element-5c63a8d elementor-widget elementor-widget-text-editor\" data-id=\"5c63a8d\" data-element_type=\"widget\" data-e-type=\"widget\" data-widget_type=\"text-editor.default\">\n\t\t\t\t\t\t\t\t\t<p><a href=\"https:\/\/soymigrante.com\/revista\/7-datos-que-ya-sabias-o-quiza-no-sobre-el-gran-jaguar-y-tikal\/\" target=\"_blank\" rel=\"noopener\">Pet\u00e9n es una regi\u00f3n de Guatemala que combina una rica herencia cultural<\/a> e hist\u00f3rica con desaf\u00edos contempor\u00e1neos en t\u00e9rminos de desarrollo y conservaci\u00f3n.<\/p><p>Su vasto territorio alberga tesoros arqueol\u00f3gicos y naturales que atraen a visitantes de todo el mundo, mientras que sus comunidades trabajan para equilibrar el progreso econ\u00f3mico con la sostenibilidad ambiental.<\/p>\t\t\t\t\t\t\t\t<\/div>\n\t\t\t\t\t<\/div>\n\t\t\t\t<\/div>\n\t\t<div data-particle_enable=\"false\" data-particle-mobile-disabled=\"false\" class=\"elementor-element elementor-element-3e131ef e-flex e-con-boxed e-con e-parent\" data-id=\"3e131ef\" data-element_type=\"container\" data-e-type=\"container\">\n\t\t\t\t\t<div class=\"e-con-inner\">\n\t\t\t\t<div class=\"elementor-element elementor-element-f0f1802 elementor-widget elementor-widget-heading\" data-id=\"f0f1802\" data-element_type=\"widget\" data-e-type=\"widget\" data-widget_type=\"heading.default\">\n\t\t\t\t\t<h2 class=\"elementor-heading-title elementor-size-default\">Pet\u00e9n tiene grandes tesoros<\/h2>\t\t\t\t<\/div>\n\t\t\t\t\t<\/div>\n\t\t\t\t<\/div>\n\t\t<div data-particle_enable=\"false\" data-particle-mobile-disabled=\"false\" class=\"elementor-element elementor-element-2d60d9c e-flex e-con-boxed e-con e-parent\" data-id=\"2d60d9c\" data-element_type=\"container\" data-e-type=\"container\">\n\t\t\t\t\t<div class=\"e-con-inner\">\n\t\t\t\t<div class=\"elementor-element elementor-element-c453803 elementor-grid-eael-col-3 elementor-grid-tablet-eael-col-2 elementor-grid-mobile-eael-col-1 elementor-widget elementor-widget-eael-post-grid\" data-id=\"c453803\" data-element_type=\"widget\" data-e-type=\"widget\" data-settings=\"{&quot;eael_post_grid_columns&quot;:&quot;eael-col-3&quot;,&quot;eael_post_grid_columns_tablet&quot;:&quot;eael-col-2&quot;,&quot;eael_post_grid_columns_mobile&quot;:&quot;eael-col-1&quot;}\" data-widget_type=\"eael-post-grid.default\">\n\t\t\t\t\t<div id=\"eael-post-grid-c453803\" class=\"eael-post-grid-container\">\n            <div class=\"eael-post-grid eael-post-appender eael-post-appender-c453803 eael-post-grid-style-one\" data-layout-mode=\"masonry\"><article class=\"eael-grid-post  eael-post-grid-column eael-pg-post-17223 category-guate-nuestra\" data-id=\"17223\">\n        <div class=\"eael-grid-post-holder\">\n            <div class=\"eael-grid-post-holder-inner\"><div class=\"eael-entry-media\"><div class=\"eael-entry-overlay fade-in\"><i class=\"far fa-hand-pointer\" aria-hidden=\"true\"><\/i><a href=\"https:\/\/soymigrante.com\/revista\/isla-de-flores-en-peten-tesoro-cultural-nominado-a-la-lista-best-tourism-villages-2024\/\"><\/a><\/div><div class=\"eael-entry-thumbnail \">\n                <img loading=\"lazy\" decoding=\"async\" width=\"831\" height=\"831\" src=\"https:\/\/soymigrante.com\/revista\/wp-content\/uploads\/2024\/12\/Flores-peten-Inguat-copia.webp\" class=\"attachment-large size-large wp-image-17287\" alt=\"Puerto fluvial con casas tradicionales en un pueblo cercano a un r\u00edo, reflejando cultura y vida local, ideal para temas de migraci\u00f3n, historias de comunidad y turismo en M\u00e9xico.\" srcset=\"https:\/\/soymigrante.com\/revista\/wp-content\/uploads\/2024\/12\/Flores-peten-Inguat-copia.webp 831w, https:\/\/soymigrante.com\/revista\/wp-content\/uploads\/2024\/12\/Flores-peten-Inguat-copia-300x300.jpg 300w, https:\/\/soymigrante.com\/revista\/wp-content\/uploads\/2024\/12\/Flores-peten-Inguat-copia-150x150.jpg 150w, https:\/\/soymigrante.com\/revista\/wp-content\/uploads\/2024\/12\/Flores-peten-Inguat-copia-768x768.jpg 768w, https:\/\/soymigrante.com\/revista\/wp-content\/uploads\/2024\/12\/Flores-peten-Inguat-copia-75x75.webp 75w, https:\/\/soymigrante.com\/revista\/wp-content\/uploads\/2024\/12\/Flores-peten-Inguat-copia-750x750.webp 750w\" sizes=\"(max-width: 831px) 100vw, 831px\" \/>\n            <\/div>\n        <\/div><div class=\"eael-entry-wrapper\"><header class=\"eael-entry-header\"><h2 class=\"eael-entry-title\"><a class=\"eael-grid-post-link\" href=\"https:\/\/soymigrante.com\/revista\/isla-de-flores-en-peten-tesoro-cultural-nominado-a-la-lista-best-tourism-villages-2024\/\" title=\"Isla de Flores en Pet\u00e9n:\u00a0 Tesoro cultural nominado a la lista Best Tourism Villages 2024\">Isla de Flores en Pet\u00e9n:\u00a0 Tesoro cultural nominado a la lista Best Tourism Villages 2024<\/a><\/h2><\/header><div class=\"eael-entry-content\">\n                        <div class=\"eael-grid-post-excerpt\"><a href=\"https:\/\/soymigrante.com\/revista\/isla-de-flores-en-peten-tesoro-cultural-nominado-a-la-lista-best-tourism-villages-2024\/\" class=\"eael-post-elements-readmore-btn\">CONOCE SU HISTORIA <\/a><\/div>\n                    <\/div><\/div><\/div>\n        <\/div>\n    <\/article><article class=\"eael-grid-post  eael-post-grid-column eael-pg-post-9471 category-guate-nuestra\" data-id=\"9471\">\n        <div class=\"eael-grid-post-holder\">\n            <div class=\"eael-grid-post-holder-inner\"><div class=\"eael-entry-media\"><div class=\"eael-entry-overlay fade-in\"><i class=\"far fa-hand-pointer\" aria-hidden=\"true\"><\/i><a href=\"https:\/\/soymigrante.com\/revista\/vuelo-de-jovenes-guacamayas-liberadas-en-peten-es-simbolo-de-esperanza\/\"><\/a><\/div><div class=\"eael-entry-thumbnail \">\n                <img loading=\"lazy\" decoding=\"async\" width=\"550\" height=\"550\" src=\"https:\/\/soymigrante.com\/revista\/wp-content\/uploads\/2024\/09\/guacamayas-rojas-soy-migrante3.webp\" class=\"attachment-large size-large wp-image-9476\" alt=\"Selva tropical con loro rojo volando entre las hojas.\" srcset=\"https:\/\/soymigrante.com\/revista\/wp-content\/uploads\/2024\/09\/guacamayas-rojas-soy-migrante3.webp 550w, https:\/\/soymigrante.com\/revista\/wp-content\/uploads\/2024\/09\/guacamayas-rojas-soy-migrante3-300x300.webp 300w, https:\/\/soymigrante.com\/revista\/wp-content\/uploads\/2024\/09\/guacamayas-rojas-soy-migrante3-150x150.webp 150w, https:\/\/soymigrante.com\/revista\/wp-content\/uploads\/2024\/09\/guacamayas-rojas-soy-migrante3-75x75.webp 75w\" sizes=\"(max-width: 550px) 100vw, 550px\" \/>\n            <\/div>\n        <\/div><div class=\"eael-entry-wrapper\"><header class=\"eael-entry-header\"><h2 class=\"eael-entry-title\"><a class=\"eael-grid-post-link\" href=\"https:\/\/soymigrante.com\/revista\/vuelo-de-jovenes-guacamayas-liberadas-en-peten-es-simbolo-de-esperanza\/\" title=\"Vuelo de j\u00f3venes guacamayas liberadas en Pet\u00e9n es s\u00edmbolo de esperanza\">Vuelo de j\u00f3venes guacamayas liberadas en Pet\u00e9n es s\u00edmbolo de esperanza<\/a><\/h2><\/header><div class=\"eael-entry-content\">\n                        <div class=\"eael-grid-post-excerpt\"><a href=\"https:\/\/soymigrante.com\/revista\/vuelo-de-jovenes-guacamayas-liberadas-en-peten-es-simbolo-de-esperanza\/\" class=\"eael-post-elements-readmore-btn\">CONOCE SU HISTORIA <\/a><\/div>\n                    <\/div><\/div><\/div>\n        <\/div>\n    <\/article><article class=\"eael-grid-post  eael-post-grid-column eael-pg-post-1536 category-guate-nuestra\" data-id=\"1536\">\n        <div class=\"eael-grid-post-holder\">\n            <div class=\"eael-grid-post-holder-inner\"><div class=\"eael-entry-media\"><div class=\"eael-entry-overlay fade-in\"><i class=\"far fa-hand-pointer\" aria-hidden=\"true\"><\/i><a href=\"https:\/\/soymigrante.com\/revista\/7-datos-que-ya-sabias-o-quiza-no-sobre-el-gran-jaguar-y-tikal\/\"><\/a><\/div><div class=\"eael-entry-thumbnail \">\n                <img loading=\"lazy\" decoding=\"async\" width=\"1024\" height=\"475\" src=\"https:\/\/soymigrante.com\/revista\/wp-content\/uploads\/2023\/06\/Captura-de-pantalla-2023-06-21-143338-1024x475.webp\" class=\"attachment-large size-large wp-image-1538\" alt=\"Tikal: 7 datos que ya sab\u00edas (o quiz\u00e1 no) sobre el Templo I o Gran Jaguar\" srcset=\"https:\/\/soymigrante.com\/revista\/wp-content\/uploads\/2023\/06\/Captura-de-pantalla-2023-06-21-143338-1024x475.webp 1024w, https:\/\/soymigrante.com\/revista\/wp-content\/uploads\/2023\/06\/Captura-de-pantalla-2023-06-21-143338-300x139.webp 300w, https:\/\/soymigrante.com\/revista\/wp-content\/uploads\/2023\/06\/Captura-de-pantalla-2023-06-21-143338-768x356.webp 768w, https:\/\/soymigrante.com\/revista\/wp-content\/uploads\/2023\/06\/Captura-de-pantalla-2023-06-21-143338-750x348.webp 750w, https:\/\/soymigrante.com\/revista\/wp-content\/uploads\/2023\/06\/Captura-de-pantalla-2023-06-21-143338-1140x529.webp 1140w, https:\/\/soymigrante.com\/revista\/wp-content\/uploads\/2023\/06\/Captura-de-pantalla-2023-06-21-143338.webp 1427w\" sizes=\"(max-width: 1024px) 100vw, 1024px\" \/>\n            <\/div>\n        <\/div><div class=\"eael-entry-wrapper\"><header class=\"eael-entry-header\"><h2 class=\"eael-entry-title\"><a class=\"eael-grid-post-link\" href=\"https:\/\/soymigrante.com\/revista\/7-datos-que-ya-sabias-o-quiza-no-sobre-el-gran-jaguar-y-tikal\/\" title=\"Tikal: 7 datos que ya sab\u00edas (o quiz\u00e1 no) sobre el Templo I o Gran Jaguar\">Tikal: 7 datos que ya sab\u00edas (o quiz\u00e1 no) sobre el Templo I o Gran Jaguar<\/a><\/h2><\/header><div class=\"eael-entry-content\">\n                        <div class=\"eael-grid-post-excerpt\"><a href=\"https:\/\/soymigrante.com\/revista\/7-datos-que-ya-sabias-o-quiza-no-sobre-el-gran-jaguar-y-tikal\/\" class=\"eael-post-elements-readmore-btn\">CONOCE SU HISTORIA <\/a><\/div>\n                    <\/div><\/div><\/div>\n        <\/div>\n    <\/article><\/div>\n            <div class=\"clearfix\"><\/div>\n        <\/div>\t\t\t\t<\/div>\n\t\t\t\t\t<\/div>\n\t\t\t\t<\/div>\n\t\t\t\t<\/div>\n\t\t","protected":false},"excerpt":{"rendered":"<p>Pet\u00e9n es el departamento m\u00e1s grande de Guatemala, est\u00e1 lleno de historias, cultura y lugares maravillosos. Pet\u00e9n, el departamento m\u00e1s septentrional de Guatemala, se destaca por su vasta extensi\u00f3n territorial y su rica herencia cultural e hist\u00f3rica. Con una superficie de 35,854 km\u00b2, representa aproximadamente un tercio del territorio nacional, lo que lo convierte en [&hellip;]<\/p>\n","protected":false},"author":19,"featured_media":10279,"comment_status":"open","ping_status":"open","sticky":false,"template":"","format":"standard","meta":{"_acf_changed":false,"_eb_attr":"","footnotes":""},"categories":[58],"tags":[137],"class_list":["post-23443","post","type-post","status-publish","format-standard","has-post-thumbnail","hentry","category-guate-nuestra","tag-departamentos-de-guatemala"],"acf":[],"aioseo_notices":[],"aioseo_head":"\n\t\t<!-- All in One SEO Pro 4.9.6.2 - aioseo.com -->\n\t<meta name=\"description\" content=\"\u00cdcono mundial, Patrimonio Cultural de la Humanidad de la Humanidad desde 1979, Tikal a\u00fan refleja la magnificencia maya prehisp\u00e1nica e inspira recuerdos en muchos migrantes guatemaltecos. El Templo I de Tikal, m\u00e1s conocido como El Gran Jaguar, es uno de los \u00edconos mundiales de Guatemala y de la legendaria ciudad maya, enclavada en el centro\" \/>\n\t<meta name=\"robots\" content=\"max-snippet:-1, max-image-preview:large, max-video-preview:-1\" \/>\n\t<meta name=\"author\" content=\"Gustavo Montenegro\"\/>\n\t<link rel=\"canonical\" href=\"https:\/\/soymigrante.com\/revista\/7-datos-que-ya-sabias-o-quiza-no-sobre-el-gran-jaguar-y-tikal\/\" \/>\n\t<meta name=\"generator\" content=\"All in One SEO Pro (AIOSEO) 4.9.6.2\" \/>\n\n\t\t<link rel=\"preconnect\" href=\"https:\/\/fonts.googleapis.com\" crossorigin>\n<link rel=\"preconnect\" href=\"https:\/\/fonts.gstatic.com\" crossorigin>\n\t\t<meta property=\"og:locale\" content=\"es_ES\" \/>\n\t\t<meta property=\"og:site_name\" content=\"SoyMigrante.com REVISTA \u2013 Nuestra misi\u00f3n es reconocer y dignificar al migrante.\" \/>\n\t\t<meta property=\"og:type\" content=\"article\" \/>\n\t\t<meta property=\"og:title\" content=\"Tikal: 7 datos que ya sab\u00edas (o quiz\u00e1 no) sobre el Templo I o Gran Jaguar\" \/>\n\t\t<meta property=\"og:description\" content=\"\u00cdcono mundial, Patrimonio Cultural de la Humanidad de la Humanidad desde 1979, Tikal a\u00fan refleja la magnificencia maya prehisp\u00e1nica e inspira recuerdos en muchos migrantes guatemaltecos. El Templo I de Tikal, m\u00e1s conocido como El Gran Jaguar, es uno de los \u00edconos mundiales de Guatemala y de la legendaria ciudad maya, enclavada en el centro\" \/>\n\t\t<meta property=\"og:url\" content=\"https:\/\/soymigrante.com\/revista\/7-datos-que-ya-sabias-o-quiza-no-sobre-el-gran-jaguar-y-tikal\/\" \/>\n\t\t<meta property=\"og:image\" content=\"https:\/\/soymigrante.com\/revista\/wp-content\/uploads\/2023\/06\/Captura-de-pantalla-2023-06-21-143338.webp\" \/>\n\t\t<meta property=\"og:image:secure_url\" content=\"https:\/\/soymigrante.com\/revista\/wp-content\/uploads\/2023\/06\/Captura-de-pantalla-2023-06-21-143338.webp\" \/>\n\t\t<meta property=\"og:image:width\" content=\"1427\" \/>\n\t\t<meta property=\"og:image:height\" content=\"662\" \/>\n\t\t<meta property=\"article:published_time\" content=\"2023-06-22T20:28:51+00:00\" \/>\n\t\t<meta property=\"article:modified_time\" content=\"2025-09-15T23:22:23+00:00\" \/>\n\t\t<meta property=\"article:publisher\" content=\"https:\/\/www.facebook.com\/soymigrantecom\" \/>\n\t\t<meta name=\"twitter:card\" content=\"summary_large_image\" \/>\n\t\t<meta name=\"twitter:site\" content=\"@SoyMigrante_com\" \/>\n\t\t<meta name=\"twitter:title\" content=\"Tikal: 7 datos que ya sab\u00edas (o quiz\u00e1 no) sobre el Templo I o Gran Jaguar\" \/>\n\t\t<meta name=\"twitter:description\" content=\"\u00cdcono mundial, Patrimonio Cultural de la Humanidad de la Humanidad desde 1979, Tikal a\u00fan refleja la magnificencia maya prehisp\u00e1nica e inspira recuerdos en muchos migrantes guatemaltecos. El Templo I de Tikal, m\u00e1s conocido como El Gran Jaguar, es uno de los \u00edconos mundiales de Guatemala y de la legendaria ciudad maya, enclavada en el centro\" \/>\n\t\t<meta name=\"twitter:creator\" content=\"@SoyMigrante_com\" \/>\n\t\t<meta name=\"twitter:image\" content=\"https:\/\/soymigrante.com\/revista\/wp-content\/uploads\/2023\/06\/Captura-de-pantalla-2023-06-21-143338.webp\" \/>\n\t\t<!-- All in One SEO Pro -->\r\n\t\t<title>Tikal: 7 datos que ya sab\u00edas (o quiz\u00e1 no) sobre el Templo I o Gran Jaguar<\/title>\n\n","aioseo_head_json":{"title":"Tikal: 7 datos que ya sab\u00edas (o quiz\u00e1 no) sobre el Templo I o Gran Jaguar","description":"\u00cdcono mundial, Patrimonio Cultural de la Humanidad de la Humanidad desde 1979, Tikal a\u00fan refleja la magnificencia maya prehisp\u00e1nica e inspira recuerdos en muchos migrantes guatemaltecos. El Templo I de Tikal, m\u00e1s conocido como El Gran Jaguar, es uno de los \u00edconos mundiales de Guatemala y de la legendaria ciudad maya, enclavada en el centro","canonical_url":"https:\/\/soymigrante.com\/revista\/7-datos-que-ya-sabias-o-quiza-no-sobre-el-gran-jaguar-y-tikal\/","robots":"max-snippet:-1, max-image-preview:large, max-video-preview:-1","keywords":"","webmasterTools":{"miscellaneous":"&lt;link rel=\"preconnect\" href=\"https:\/\/fonts.googleapis.com\" crossorigin&gt;\n&lt;link rel=\"preconnect\" href=\"https:\/\/fonts.gstatic.com\" crossorigin&gt;"},"schema":null,"og:locale":"es_ES","og:site_name":"SoyMigrante.com REVISTA \u2013 Nuestra misi\u00f3n es reconocer y dignificar al migrante.","og:type":"article","og:title":"Tikal: 7 datos que ya sab\u00edas (o quiz\u00e1 no) sobre el Templo I o Gran Jaguar","og:description":"\u00cdcono mundial, Patrimonio Cultural de la Humanidad de la Humanidad desde 1979, Tikal a\u00fan refleja la magnificencia maya prehisp\u00e1nica e inspira recuerdos en muchos migrantes guatemaltecos. El Templo I de Tikal, m\u00e1s conocido como El Gran Jaguar, es uno de los \u00edconos mundiales de Guatemala y de la legendaria ciudad maya, enclavada en el centro","og:url":"https:\/\/soymigrante.com\/revista\/7-datos-que-ya-sabias-o-quiza-no-sobre-el-gran-jaguar-y-tikal\/","og:image":"https:\/\/soymigrante.com\/revista\/wp-content\/uploads\/2023\/06\/Captura-de-pantalla-2023-06-21-143338.webp","og:image:secure_url":"https:\/\/soymigrante.com\/revista\/wp-content\/uploads\/2023\/06\/Captura-de-pantalla-2023-06-21-143338.webp","og:image:width":1427,"og:image:height":662,"article:published_time":"2023-06-22T20:28:51+00:00","article:modified_time":"2025-09-15T23:22:23+00:00","article:publisher":"https:\/\/www.facebook.com\/soymigrantecom","twitter:card":"summary_large_image","twitter:site":"@SoyMigrante_com","twitter:title":"Tikal: 7 datos que ya sab\u00edas (o quiz\u00e1 no) sobre el Templo I o Gran Jaguar","twitter:description":"\u00cdcono mundial, Patrimonio Cultural de la Humanidad de la Humanidad desde 1979, Tikal a\u00fan refleja la magnificencia maya prehisp\u00e1nica e inspira recuerdos en muchos migrantes guatemaltecos. El Templo I de Tikal, m\u00e1s conocido como El Gran Jaguar, es uno de los \u00edconos mundiales de Guatemala y de la legendaria ciudad maya, enclavada en el centro","twitter:creator":"@SoyMigrante_com","twitter:image":"https:\/\/soymigrante.com\/revista\/wp-content\/uploads\/2023\/06\/Captura-de-pantalla-2023-06-21-143338.webp"},"aioseo_meta_data":{"post_id":"23443","title":"Pet\u00e9n es un ba\u00fal de tesoros prehisp\u00e1nicos y naturales","description":"Pet\u00e9n es el departamento m\u00e1s grande de Guatemala. Parte de su territorio es la Reserva de la Bi\u00f3sfera Maya, cuya selva enmarca grandes ciudades mayas.","keywords":null,"keyphrases":{"focus":{"keyphrase":"Pet\u00e9n","score":87,"analysis":{"keyphraseInTitle":{"score":9,"maxScore":9,"error":0},"keyphraseInDescription":{"score":9,"maxScore":9,"error":0},"keyphraseLength":{"score":9,"maxScore":9,"error":0,"length":2},"keyphraseInURL":{"score":5,"maxScore":5,"error":0},"keyphraseInIntroduction":{"score":9,"maxScore":9,"error":0},"keyphraseInSubHeadings":{"score":9,"maxScore":9,"error":0},"keyphraseInImageAlt":{"score":9,"maxScore":9,"error":0},"keywordDensity":{"type":"high","score":0,"maxScore":9,"error":1}}},"additional":[{"keyphrase":"Pet\u00e9n","score":80,"analysis":{"keyphraseInDescription":{"score":9,"maxScore":9,"error":0},"keyphraseLength":{"score":9,"maxScore":9,"error":0,"length":2},"keyphraseInIntroduction":{"score":9,"maxScore":9,"error":0},"keyphraseInImageAlt":{"score":9,"maxScore":9,"error":0},"keywordDensity":{"type":"high","score":0,"maxScore":9,"error":1}}}]},"primary_term":null,"canonical_url":null,"og_title":null,"og_description":null,"og_object_type":"default","og_image_type":"default","og_image_url":null,"og_image_width":null,"og_image_height":null,"og_image_custom_url":null,"og_image_custom_fields":null,"og_video":"","og_custom_url":null,"og_article_section":null,"og_article_tags":null,"twitter_use_og":false,"twitter_card":"default","twitter_image_type":"default","twitter_image_url":null,"twitter_image_custom_url":null,"twitter_image_custom_fields":null,"twitter_title":null,"twitter_description":null,"schema":{"blockGraphs":[],"customGraphs":[],"default":{"data":{"Article":[],"Course":[],"Dataset":[],"FAQPage":[],"Movie":[],"Person":[],"Product":[],"ProductReview":[],"Car":[],"Recipe":[],"Service":[],"SoftwareApplication":[],"WebPage":[]},"graphName":"BlogPosting","isEnabled":true},"graphs":[]},"schema_type":"default","schema_type_options":null,"pillar_content":false,"robots_default":true,"robots_noindex":false,"robots_noarchive":false,"robots_nosnippet":false,"robots_nofollow":false,"robots_noimageindex":false,"robots_noodp":false,"robots_notranslate":false,"robots_max_snippet":"-1","robots_max_videopreview":"-1","robots_max_imagepreview":"large","priority":null,"frequency":"default","local_seo":null,"seo_analyzer_scan_date":null,"breadcrumb_settings":null,"limit_modified_date":false,"reviewed_by":null,"open_ai":"{\"title\":{\"suggestions\":[],\"usage\":0},\"description\":{\"suggestions\":[],\"usage\":0}}","ai":null,"created":"2025-01-31 18:36:46","updated":"2026-03-18 00:41:51"},"aioseo_breadcrumb":"<div class=\"aioseo-breadcrumbs\"><span class=\"aioseo-breadcrumb\">\n\t<a href=\"https:\/\/soymigrante.com\/revista\" title=\"Home\">Home<\/a>\n<\/span><span class=\"aioseo-breadcrumb-separator\">\u00bb<\/span><span class=\"aioseo-breadcrumb\">\n\t<a href=\"https:\/\/soymigrante.com\/revista\/category\/guate-nuestra\/\" title=\"Guate Nuestra\">Guate Nuestra<\/a>\n<\/span><span class=\"aioseo-breadcrumb-separator\">\u00bb<\/span><span class=\"aioseo-breadcrumb\">\n\tDepartamentos de Guatemala: Pet\u00e9n es un ba\u00fal de tesoros culturales, arqueol\u00f3gico y naturales\n<\/span><\/div>","aioseo_breadcrumb_json":[{"label":"Home","link":"https:\/\/soymigrante.com\/revista"},{"label":"Guate Nuestra","link":"https:\/\/soymigrante.com\/revista\/category\/guate-nuestra\/"},{"label":"Departamentos de Guatemala: Pet\u00e9n es un ba\u00fal de tesoros culturales, arqueol\u00f3gico y naturales","link":"https:\/\/soymigrante.com\/revista\/departamentos-de-guatemala-peten-es-un-baul-de-tesoros-prehispanicos-y-ecologicos\/"}],"_links":{"self":[{"href":"https:\/\/soymigrante.com\/revista\/wp-json\/wp\/v2\/posts\/23443","targetHints":{"allow":["GET"]}}],"collection":[{"href":"https:\/\/soymigrante.com\/revista\/wp-json\/wp\/v2\/posts"}],"about":[{"href":"https:\/\/soymigrante.com\/revista\/wp-json\/wp\/v2\/types\/post"}],"author":[{"embeddable":true,"href":"https:\/\/soymigrante.com\/revista\/wp-json\/wp\/v2\/users\/19"}],"replies":[{"embeddable":true,"href":"https:\/\/soymigrante.com\/revista\/wp-json\/wp\/v2\/comments?post=23443"}],"version-history":[{"count":9,"href":"https:\/\/soymigrante.com\/revista\/wp-json\/wp\/v2\/posts\/23443\/revisions"}],"predecessor-version":[{"id":53809,"href":"https:\/\/soymigrante.com\/revista\/wp-json\/wp\/v2\/posts\/23443\/revisions\/53809"}],"wp:featuredmedia":[{"embeddable":true,"href":"https:\/\/soymigrante.com\/revista\/wp-json\/wp\/v2\/media\/10279"}],"wp:attachment":[{"href":"https:\/\/soymigrante.com\/revista\/wp-json\/wp\/v2\/media?parent=23443"}],"wp:term":[{"taxonomy":"category","embeddable":true,"href":"https:\/\/soymigrante.com\/revista\/wp-json\/wp\/v2\/categories?post=23443"},{"taxonomy":"post_tag","embeddable":true,"href":"https:\/\/soymigrante.com\/revista\/wp-json\/wp\/v2\/tags?post=23443"}],"curies":[{"name":"wp","href":"https:\/\/api.w.org\/{rel}","templated":true}]}}