{"id":2344,"date":"2023-08-28T21:40:25","date_gmt":"2023-08-28T21:40:25","guid":{"rendered":"https:\/\/soymigrante.com\/revista\/?p=2344"},"modified":"2024-07-30T17:13:46","modified_gmt":"2024-07-30T23:13:46","slug":"leonel-garcia-cosperacha-migrante-cantautor-repostero-guatemalteco","status":"publish","type":"post","link":"https:\/\/soymigrante.com\/revista\/leonel-garcia-cosperacha-migrante-cantautor-repostero-guatemalteco\/","title":{"rendered":"Leonel Garc\u00eda cantautor, repostero y migrante guatemalteco"},"content":{"rendered":"\t\t<div data-elementor-type=\"wp-post\" data-elementor-id=\"2344\" class=\"elementor elementor-2344\" data-elementor-post-type=\"post\">\n\t\t\t\t\t\t<section data-particle_enable=\"false\" data-particle-mobile-disabled=\"false\" class=\"elementor-section elementor-top-section elementor-element elementor-element-6f41428 elementor-section-boxed elementor-section-height-default elementor-section-height-default\" data-id=\"6f41428\" data-element_type=\"section\" data-e-type=\"section\">\n\t\t\t\t\t\t<div class=\"elementor-container elementor-column-gap-default\">\n\t\t\t\t\t<div class=\"elementor-column elementor-col-100 elementor-top-column elementor-element elementor-element-b602697\" data-id=\"b602697\" data-element_type=\"column\" data-e-type=\"column\">\n\t\t\t<div class=\"elementor-widget-wrap elementor-element-populated\">\n\t\t\t\t\t\t<div class=\"elementor-element elementor-element-af3ee8b elementor-widget elementor-widget-heading\" data-id=\"af3ee8b\" data-element_type=\"widget\" data-e-type=\"widget\" data-widget_type=\"heading.default\">\n\t\t\t\t\t<h1 class=\"elementor-heading-title elementor-size-default\">Se ha convertido en un maestro en la preparaci\u00f3n y horneo de pastelillos coreanos en un restaurante, pero el coraz\u00f3n de este migrante guatemalteco vibra con cada composici\u00f3n que integra amor, respeto y nostalgia.<\/h1>\t\t\t\t<\/div>\n\t\t\t\t\t<\/div>\n\t\t<\/div>\n\t\t\t\t\t<\/div>\n\t\t<\/section>\n\t\t\t\t<section data-particle_enable=\"false\" data-particle-mobile-disabled=\"false\" class=\"elementor-section elementor-top-section elementor-element elementor-element-c289215 elementor-section-boxed elementor-section-height-default elementor-section-height-default\" data-id=\"c289215\" data-element_type=\"section\" data-e-type=\"section\">\n\t\t\t\t\t\t<div class=\"elementor-container elementor-column-gap-default\">\n\t\t\t\t\t<div class=\"elementor-column elementor-col-100 elementor-top-column elementor-element elementor-element-cac6a80\" data-id=\"cac6a80\" data-element_type=\"column\" data-e-type=\"column\">\n\t\t\t<div class=\"elementor-widget-wrap elementor-element-populated\">\n\t\t\t\t\t\t<div class=\"elementor-element elementor-element-a2d220a elementor-widget elementor-widget-image\" data-id=\"a2d220a\" data-element_type=\"widget\" data-e-type=\"widget\" data-widget_type=\"image.default\">\n\t\t\t\t\t\t\t\t\t\t\t\t<figure class=\"wp-caption\">\n\t\t\t\t\t\t\t\t\t\t<img fetchpriority=\"high\" decoding=\"async\" width=\"768\" height=\"615\" src=\"https:\/\/soymigrante.com\/revista\/wp-content\/uploads\/2023\/08\/mapa-cosperacha-1024x820.webp\" class=\"attachment-large size-large wp-image-2347\" alt=\"Un migrante desde antes de nacer: Leonel Garc\u00eda cuenta que sus abuelos eran originarios de Joyabaj, Quich\u00e9; luego su familia se traslad\u00f3 a Pachalum, en el mismo departamento y \u00e9l naci\u00f3 en San Juan Sacatep\u00e9quez, aunque pasaba temporadas de trabajo en Pachalum. (Google Maps)\" srcset=\"https:\/\/soymigrante.com\/revista\/wp-content\/uploads\/2023\/08\/mapa-cosperacha-1024x820.webp 1024w, https:\/\/soymigrante.com\/revista\/wp-content\/uploads\/2023\/08\/mapa-cosperacha-300x240.webp 300w, https:\/\/soymigrante.com\/revista\/wp-content\/uploads\/2023\/08\/mapa-cosperacha-768x615.webp 768w, https:\/\/soymigrante.com\/revista\/wp-content\/uploads\/2023\/08\/mapa-cosperacha-750x600.webp 750w, https:\/\/soymigrante.com\/revista\/wp-content\/uploads\/2023\/08\/mapa-cosperacha.webp 1077w\" sizes=\"(max-width: 768px) 100vw, 768px\" title=\"Un migrante desde antes de nacer: Leonel Garc\u00eda cuenta que sus abuelos eran originarios de Joyabaj, Quich\u00e9; luego su familia se traslad\u00f3 a Pachalum, en el mismo departamento y \u00e9l naci\u00f3 en San Juan Sacatep\u00e9quez, aunque pasaba temporadas de trabajo en Pachalum. (Google Maps) \u2013 SoyMigrante.com REVISTA\" \/>\t\t\t\t\t\t\t\t\t\t\t<figcaption class=\"widget-image-caption wp-caption-text\">Un migrante desde antes de nacer: Leonel Garc\u00eda cuenta que sus abuelos eran originarios de Joyabaj, Quich\u00e9; luego su familia se traslad\u00f3 a Pachalum, en el mismo departamento y \u00e9l naci\u00f3 en San Juan Sacatep\u00e9quez, aunque pasaba temporadas de trabajo en Pachalum. (Google Maps)<\/figcaption>\n\t\t\t\t\t\t\t\t\t\t<\/figure>\n\t\t\t\t\t\t\t\t\t<\/div>\n\t\t\t\t\t<\/div>\n\t\t<\/div>\n\t\t\t\t\t<\/div>\n\t\t<\/section>\n\t\t\t\t<section data-particle_enable=\"false\" data-particle-mobile-disabled=\"false\" class=\"elementor-section elementor-top-section elementor-element elementor-element-97bdcba elementor-section-boxed elementor-section-height-default elementor-section-height-default\" data-id=\"97bdcba\" data-element_type=\"section\" data-e-type=\"section\">\n\t\t\t\t\t\t<div class=\"elementor-container elementor-column-gap-default\">\n\t\t\t\t\t<div class=\"elementor-column elementor-col-100 elementor-top-column elementor-element elementor-element-ba89d5e\" data-id=\"ba89d5e\" data-element_type=\"column\" data-e-type=\"column\">\n\t\t\t<div class=\"elementor-widget-wrap elementor-element-populated\">\n\t\t\t\t\t\t<div class=\"elementor-element elementor-element-f0cb89e elementor-widget elementor-widget-text-editor\" data-id=\"f0cb89e\" data-element_type=\"widget\" data-e-type=\"widget\" data-widget_type=\"text-editor.default\">\n\t\t\t\t\t\t\t\t\t<p>Humilde y aut\u00e9ntico, sencillo pero muy inspirado, un guatemalteco trabajador y muy creativo como tantos migrantes en Estados Unidos. Leonel Garc\u00eda lleg\u00f3 a New Jersey, Estados Unidos en 2006, cuando apenas ten\u00eda 16 a\u00f1os.\u00a0<\/p><p>&#8220;Quer\u00eda superarme, trabajar, ayudar a mi familia y por eso migr\u00e9 desde Guatemala. MI familia ha sido migrante: mis abuelos eran de Joyabaj, Quich\u00e9. Ellos migraron a Pachalum, y despu\u00e9s mis padres cruzaron el R\u00edo Motagua, para vivir en\u00a0 San Juan Sacatep\u00e9quez, Guatemala&#8221;, cuenta el migrante guatemalteco radicado en Nueva York.<\/p><p>Al llegar empez\u00f3 a trabajar en construcci\u00f3n unos d\u00edas. &#8220;Compa\u00f1eros de apartamento me consiguieron empleo en un restaurante como un preparador (el encargado de pelar verduras y cortarlas en pedazos) pero solo lo hice un par de d\u00edas. Despu\u00e9s me bajaron a lavaplatos&#8221;.<\/p>\t\t\t\t\t\t\t\t<\/div>\n\t\t\t\t\t<\/div>\n\t\t<\/div>\n\t\t\t\t\t<\/div>\n\t\t<\/section>\n\t\t\t\t<section data-particle_enable=\"false\" data-particle-mobile-disabled=\"false\" class=\"elementor-section elementor-top-section elementor-element elementor-element-8c4e9f8 elementor-section-boxed elementor-section-height-default elementor-section-height-default\" data-id=\"8c4e9f8\" data-element_type=\"section\" data-e-type=\"section\">\n\t\t\t\t\t\t<div class=\"elementor-container elementor-column-gap-default\">\n\t\t\t\t\t<div class=\"elementor-column elementor-col-100 elementor-top-column elementor-element elementor-element-52718a9\" data-id=\"52718a9\" data-element_type=\"column\" data-e-type=\"column\">\n\t\t\t<div class=\"elementor-widget-wrap elementor-element-populated\">\n\t\t\t\t\t\t<div class=\"elementor-element elementor-element-8ce0bb1 elementor-widget elementor-widget-image\" data-id=\"8ce0bb1\" data-element_type=\"widget\" data-e-type=\"widget\" data-widget_type=\"image.default\">\n\t\t\t\t\t\t\t\t\t\t\t\t<figure class=\"wp-caption\">\n\t\t\t\t\t\t\t\t\t\t<img decoding=\"async\" width=\"390\" height=\"276\" src=\"https:\/\/soymigrante.com\/revista\/wp-content\/uploads\/2023\/08\/cosperacha-1.webp\" class=\"attachment-1536x1536 size-1536x1536 wp-image-2348\" alt=\"Leonel Garc\u00eda, Cosperacha, busca que sus composiciones rom\u00e1nticas y nost\u00e1lgicas motiven valores positivos.\" srcset=\"https:\/\/soymigrante.com\/revista\/wp-content\/uploads\/2023\/08\/cosperacha-1.webp 390w, https:\/\/soymigrante.com\/revista\/wp-content\/uploads\/2023\/08\/cosperacha-1-300x212.webp 300w, https:\/\/soymigrante.com\/revista\/wp-content\/uploads\/2023\/08\/cosperacha-1-120x86.webp 120w\" sizes=\"(max-width: 390px) 100vw, 390px\" title=\"Leonel Garc\u00eda, Cosperacha, busca que sus composiciones rom\u00e1nticas y nost\u00e1lgicas motiven valores positivos. \u2013 SoyMigrante.com REVISTA\" \/>\t\t\t\t\t\t\t\t\t\t\t<figcaption class=\"widget-image-caption wp-caption-text\">Leonel Garc\u00eda, Cosperacha, busca que sus composiciones rom\u00e1nticas y nost\u00e1lgicas motiven valores positivos.<\/figcaption>\n\t\t\t\t\t\t\t\t\t\t<\/figure>\n\t\t\t\t\t\t\t\t\t<\/div>\n\t\t\t\t\t<\/div>\n\t\t<\/div>\n\t\t\t\t\t<\/div>\n\t\t<\/section>\n\t\t\t\t<section data-particle_enable=\"false\" data-particle-mobile-disabled=\"false\" class=\"elementor-section elementor-top-section elementor-element elementor-element-b623b4c elementor-section-boxed elementor-section-height-default elementor-section-height-default\" data-id=\"b623b4c\" data-element_type=\"section\" data-e-type=\"section\">\n\t\t\t\t\t\t<div class=\"elementor-container elementor-column-gap-default\">\n\t\t\t\t\t<div class=\"elementor-column elementor-col-100 elementor-top-column elementor-element elementor-element-d72792d\" data-id=\"d72792d\" data-element_type=\"column\" data-e-type=\"column\">\n\t\t\t<div class=\"elementor-widget-wrap elementor-element-populated\">\n\t\t\t\t\t\t<div class=\"elementor-element elementor-element-6851381 elementor-widget elementor-widget-heading\" data-id=\"6851381\" data-element_type=\"widget\" data-e-type=\"widget\" data-widget_type=\"heading.default\">\n\t\t\t\t\t<h2 class=\"elementor-heading-title elementor-size-default\">\"Que siempre te vean haciendo algo\"<\/h2>\t\t\t\t<\/div>\n\t\t\t\t\t<\/div>\n\t\t<\/div>\n\t\t\t\t\t<\/div>\n\t\t<\/section>\n\t\t\t\t<section data-particle_enable=\"false\" data-particle-mobile-disabled=\"false\" class=\"elementor-section elementor-top-section elementor-element elementor-element-3636cb6 elementor-section-boxed elementor-section-height-default elementor-section-height-default\" data-id=\"3636cb6\" data-element_type=\"section\" data-e-type=\"section\">\n\t\t\t\t\t\t<div class=\"elementor-container elementor-column-gap-default\">\n\t\t\t\t\t<div class=\"elementor-column elementor-col-100 elementor-top-column elementor-element elementor-element-ade6b27\" data-id=\"ade6b27\" data-element_type=\"column\" data-e-type=\"column\">\n\t\t\t<div class=\"elementor-widget-wrap elementor-element-populated\">\n\t\t\t\t\t\t<div class=\"elementor-element elementor-element-f76b835 elementor-widget elementor-widget-text-editor\" data-id=\"f76b835\" data-element_type=\"widget\" data-e-type=\"widget\" data-widget_type=\"text-editor.default\">\n\t\t\t\t\t\t\t\t\t<p>Un amigo que lo recomend\u00f3 le hizo una sugerencia clave: &#8220;Que nunca te vean sin hacer nada. Si se termina la labor que est\u00e1s haciendo, ponte a limpiar, a barrer, a hacer algo. Por eso al terminar de lavar platos buscaba qu\u00e9 hacer y fue as\u00ed como me regresaron a preparador. Mi abuelito en Guatemala nos ense\u00f1\u00f3 a cocinar y tambi\u00e9n a lavar trastes, as\u00ed que yo estaba acostumbrado a eso&#8221;, relata.<\/p>\n<p>Lo m\u00e1s dif\u00edcil de adaptarse al idioma y a la cultura coreana. &#8220;Nunca hab\u00eda probado nada de comida coreana, pero fui aprendiendo los nombres en ese idioma. Fueron ocho meses. Pagu\u00e9 mi deuda por el viaje a Estados Unidos y me sal\u00ed.&nbsp; Llegu\u00e9 a la l\u00ednea de sartenes del restaurante, a seguir las comandas \u00a1en coreano! y volv\u00ed a la construcci\u00f3n porque se ganaba mejor. Pero tambi\u00e9n se gastaba much\u00edsimo m\u00e1s, en herramientas. Me regres\u00e9 a la cafeter\u00eda&#8221;.<\/p>\n<p>&#8220;Como ya hab\u00eda pasado por varias \u00e1reas del restaurante, entraba a las 10 de la ma\u00f1ana y sal\u00eda a las 10 de la noche. Conoc\u00eda qu\u00e9 hacer en cada una. Pero me especialic\u00e9 en la reposter\u00eda asi\u00e1tica. En la pasteler\u00eda entro a las 2 de la ma\u00f1ana y salgo a las 10 de la ma\u00f1ana<span style=\"color: var( --e-global-color-text ); background-color: var(--ak-bg-color);\">&#8220;, cuenta.<\/span><\/p>\n<p>Al preguntarle el sabor guatemalteco que m\u00e1s extra\u00f1a, dice: &#8220;Las hierbitas, el chipil\u00edn, el macuy,&nbsp; los frijolitos con loroco y el caldo de res los domingos. Aqu\u00ed en Estados Unidos lo podemos preparar pero ya no sabe igual. No hay nada como la saz\u00f3n de mi abuelita&#8230; La llamo cada ocho d\u00edas, los martes&#8221;.<\/p>\n<p><\/p>\t\t\t\t\t\t\t\t<\/div>\n\t\t\t\t\t<\/div>\n\t\t<\/div>\n\t\t\t\t\t<\/div>\n\t\t<\/section>\n\t\t\t\t<section data-particle_enable=\"false\" data-particle-mobile-disabled=\"false\" class=\"elementor-section elementor-top-section elementor-element elementor-element-120d7f6 elementor-section-boxed elementor-section-height-default elementor-section-height-default\" data-id=\"120d7f6\" data-element_type=\"section\" data-e-type=\"section\">\n\t\t\t\t\t\t<div class=\"elementor-container elementor-column-gap-default\">\n\t\t\t\t\t<div class=\"elementor-column elementor-col-100 elementor-top-column elementor-element elementor-element-8bef839\" data-id=\"8bef839\" data-element_type=\"column\" data-e-type=\"column\">\n\t\t\t<div class=\"elementor-widget-wrap elementor-element-populated\">\n\t\t\t\t\t\t<div class=\"elementor-element elementor-element-bce06ab elementor-widget elementor-widget-facebook-embed\" data-id=\"bce06ab\" data-element_type=\"widget\" data-e-type=\"widget\" data-widget_type=\"facebook-embed.default\">\n\t\t\t\t\t<div style=\"min-height: 1px\" class=\"elementor-facebook-widget fb-post\" data-href=\"https:\/\/www.facebook.com\/100010478049276\/videos\/737295474690734\" data-show-text=\"false\"><\/div>\t\t\t\t<\/div>\n\t\t\t\t\t<\/div>\n\t\t<\/div>\n\t\t\t\t\t<\/div>\n\t\t<\/section>\n\t\t\t\t<section data-particle_enable=\"false\" data-particle-mobile-disabled=\"false\" class=\"elementor-section elementor-top-section elementor-element elementor-element-c99e40a elementor-section-boxed elementor-section-height-default elementor-section-height-default\" data-id=\"c99e40a\" data-element_type=\"section\" data-e-type=\"section\">\n\t\t\t\t\t\t<div class=\"elementor-container elementor-column-gap-default\">\n\t\t\t\t\t<div class=\"elementor-column elementor-col-100 elementor-top-column elementor-element elementor-element-3f4104c\" data-id=\"3f4104c\" data-element_type=\"column\" data-e-type=\"column\">\n\t\t\t<div class=\"elementor-widget-wrap elementor-element-populated\">\n\t\t\t\t\t\t<div class=\"elementor-element elementor-element-abc9988 elementor-widget elementor-widget-heading\" data-id=\"abc9988\" data-element_type=\"widget\" data-e-type=\"widget\" data-widget_type=\"heading.default\">\n\t\t\t\t\t<h2 class=\"elementor-heading-title elementor-size-default\">Sue\u00f1o musical en marcha<\/h2>\t\t\t\t<\/div>\n\t\t\t\t\t<\/div>\n\t\t<\/div>\n\t\t\t\t\t<\/div>\n\t\t<\/section>\n\t\t\t\t<section data-particle_enable=\"false\" data-particle-mobile-disabled=\"false\" class=\"elementor-section elementor-top-section elementor-element elementor-element-181e56e elementor-section-boxed elementor-section-height-default elementor-section-height-default\" data-id=\"181e56e\" data-element_type=\"section\" data-e-type=\"section\">\n\t\t\t\t\t\t<div class=\"elementor-container elementor-column-gap-default\">\n\t\t\t\t\t<div class=\"elementor-column elementor-col-100 elementor-top-column elementor-element elementor-element-32493c8\" data-id=\"32493c8\" data-element_type=\"column\" data-e-type=\"column\">\n\t\t\t<div class=\"elementor-widget-wrap elementor-element-populated\">\n\t\t\t\t\t\t<div class=\"elementor-element elementor-element-7919966 elementor-widget elementor-widget-text-editor\" data-id=\"7919966\" data-element_type=\"widget\" data-e-type=\"widget\" data-widget_type=\"text-editor.default\">\n\t\t\t\t\t\t\t\t\t<p>Desde ni\u00f1o, a Leonel le encantaba cantar. Sus t\u00edos tocaban guitarra y requinto. \u00c9l quer\u00eda aprender a tocar viol\u00edn pero por las limitaciones econ\u00f3micas no fue posible. Ya en Estados Unidos, se dio cuenta de que grabar una canci\u00f3n en estudio no era tan caro: alrededor de US$500 d\u00f3lares por pieza. &#8220;Mi mam\u00e1 tambi\u00e9n tocaba en un grupo de la iglesia llamado Conjunto Amanecer&#8221;.<\/p>\n<p>Leonel adopt\u00f3 el nombre art\u00edstico Cosperacha porque le pareci\u00f3 f\u00e1cil de reconocer. &#8220;Me gustan cantantes cl\u00e1sicos como Jos\u00e9 Luis Perales, Camilo Sesto, Jos\u00e9 Luis Rodr\u00edguez o Rafael. Yo quiero hacer m\u00fasica con sentimiento, con sentido, y sin vulgaridad. Hoy hay muchos cantantes famosos que irrespetan a la mujer y la ven solo como un objeto&#8230; yo no quiero eso&#8221;, expresa el migrante guatemalteco.<\/p>\n<p>&#8220;No s\u00e9 escribir m\u00fasica, pero s\u00ed tengo sentimiento y he contratado a m\u00fasicos para trabajar los arreglos, con instrumentos digitales o con orquesta.&nbsp; Mi primer canci\u00f3n es El d\u00eda en que te v\u00ed. Tambi\u00e9n tengo una llamada L\u00e1grimas del Coraz\u00f3n, dedicada a mi abuelito In\u00e9s Garc\u00eda, quien me ense\u00f1\u00f3 tanto pero muri\u00f3 hace a\u00f1os y no pude ir a sepultarlo por mi situaci\u00f3n migratoria&#8221;.<\/p>\t\t\t\t\t\t\t\t<\/div>\n\t\t\t\t\t<\/div>\n\t\t<\/div>\n\t\t\t\t\t<\/div>\n\t\t<\/section>\n\t\t\t\t<section data-particle_enable=\"false\" data-particle-mobile-disabled=\"false\" class=\"elementor-section elementor-top-section elementor-element elementor-element-887862b elementor-section-boxed elementor-section-height-default elementor-section-height-default\" data-id=\"887862b\" data-element_type=\"section\" data-e-type=\"section\">\n\t\t\t\t\t\t<div class=\"elementor-container elementor-column-gap-default\">\n\t\t\t\t\t<div class=\"elementor-column elementor-col-100 elementor-top-column elementor-element elementor-element-d6bed31\" data-id=\"d6bed31\" data-element_type=\"column\" data-e-type=\"column\">\n\t\t\t<div class=\"elementor-widget-wrap elementor-element-populated\">\n\t\t\t\t\t\t<div class=\"elementor-element elementor-element-0879060 elementor-arrows-position-inside elementor-pagination-position-outside elementor-widget elementor-widget-image-carousel\" data-id=\"0879060\" data-element_type=\"widget\" data-e-type=\"widget\" data-settings=\"{&quot;slides_to_show&quot;:&quot;1&quot;,&quot;navigation&quot;:&quot;both&quot;,&quot;autoplay&quot;:&quot;yes&quot;,&quot;pause_on_hover&quot;:&quot;yes&quot;,&quot;pause_on_interaction&quot;:&quot;yes&quot;,&quot;autoplay_speed&quot;:5000,&quot;infinite&quot;:&quot;yes&quot;,&quot;effect&quot;:&quot;slide&quot;,&quot;speed&quot;:500}\" data-widget_type=\"image-carousel.default\">\n\t\t\t\t\t\t\t<div class=\"elementor-image-carousel-wrapper swiper\" role=\"region\" aria-roledescription=\"carousel\" aria-label=\"Carrusel de im\u00e1genes\" dir=\"ltr\">\n\t\t\t<div class=\"elementor-image-carousel swiper-wrapper\" aria-live=\"off\">\n\t\t\t\t\t\t\t\t<div class=\"swiper-slide\" role=\"group\" aria-roledescription=\"slide\" aria-label=\"1 de 7\"><figure class=\"swiper-slide-inner\"><img decoding=\"async\" class=\"swiper-slide-image\" src=\"https:\/\/soymigrante.com\/revista\/wp-content\/uploads\/2023\/08\/WhatsApp-Image-2023-08-09-at-4.55.01-PM-647x1024.webp\" alt=\"Leonel Garc\u00eda creci\u00f3 entre San Juan Sacatep\u00e9quez, Guatemala y Pachalum, Quich\u00e9. Su mam\u00e1 fue madre sola y le dio un gran ejemplo de esfuerzo y trabajo. En esta foto ten\u00eda seis a\u00f1os.\" \/><\/figure><\/div><div class=\"swiper-slide\" role=\"group\" aria-roledescription=\"slide\" aria-label=\"2 de 7\"><figure class=\"swiper-slide-inner\"><img decoding=\"async\" class=\"swiper-slide-image\" src=\"https:\/\/soymigrante.com\/revista\/wp-content\/uploads\/2023\/08\/WhatsApp-Image-2023-08-09-at-4.50.29-PM.webp\" alt=\"M\u00e1quina del tiempo: El migrante guatemalteco Leonel Garc\u00eda, con 16 a\u00f1os, reci\u00e9n llegado a los Estados Unidos. Se dedic\u00f3 a trabajar duro y comenz\u00f3 a tomar cursos de ingl\u00e9s, el cual domina a la perfecci\u00f3n actualmente.\" \/><\/figure><\/div><div class=\"swiper-slide\" role=\"group\" aria-roledescription=\"slide\" aria-label=\"3 de 7\"><figure class=\"swiper-slide-inner\"><img decoding=\"async\" class=\"swiper-slide-image\" src=\"https:\/\/soymigrante.com\/revista\/wp-content\/uploads\/2023\/08\/WhatsApp-Image-2023-08-09-at-5.03.36-PM.webp\" alt=\"El migrante guatemalteco dej\u00f3 temporalmente el trabajo de cocina para dedicarse a la construcci\u00f3n, pero consider\u00f3 que era demasiado caro tener que estar comprando herramientas y suministros, por lo cual regres\u00f3 a la gastronom\u00eda asi\u00e1tica en la cual se ha especializado.\" \/><\/figure><\/div><div class=\"swiper-slide\" role=\"group\" aria-roledescription=\"slide\" aria-label=\"4 de 7\"><figure class=\"swiper-slide-inner\"><img decoding=\"async\" class=\"swiper-slide-image\" src=\"https:\/\/soymigrante.com\/revista\/wp-content\/uploads\/2023\/08\/WhatsApp-Image-2023-08-10-at-6.58.17-AM-768x1024.webp\" alt=\"El secreto de un buen pastelillo coreano comienza desde la preparaci\u00f3n de la harina, cuenta Leonel Garc\u00eda, migrante guatemalteco.\" \/><\/figure><\/div><div class=\"swiper-slide\" role=\"group\" aria-roledescription=\"slide\" aria-label=\"5 de 7\"><figure class=\"swiper-slide-inner\"><img decoding=\"async\" class=\"swiper-slide-image\" src=\"https:\/\/soymigrante.com\/revista\/wp-content\/uploads\/2023\/08\/WhatsApp-Image-2023-08-10-at-6.58.52-AM-768x1024.webp\" alt=\"El migrante guatemalteco Leonel Garc\u00eda en plena faena de preparaci\u00f3n de pastelillos asi\u00e1ticos\" \/><\/figure><\/div><div class=\"swiper-slide\" role=\"group\" aria-roledescription=\"slide\" aria-label=\"6 de 7\"><figure class=\"swiper-slide-inner\"><img decoding=\"async\" class=\"swiper-slide-image\" src=\"https:\/\/soymigrante.com\/revista\/wp-content\/uploads\/2023\/08\/cosperachita-1.webp\" alt=\"En el estudio de grabaci\u00f3n, Cosperacha libera sus emociones y sentimientos; ha tenido oportunidad de recibir el apoyo de m\u00fasicos y arreglistas para grabar sus temas.\" \/><\/figure><\/div><div class=\"swiper-slide\" role=\"group\" aria-roledescription=\"slide\" aria-label=\"7 de 7\"><figure class=\"swiper-slide-inner\"><img decoding=\"async\" class=\"swiper-slide-image\" src=\"https:\/\/soymigrante.com\/revista\/wp-content\/uploads\/2023\/08\/cosperacha.webp\" alt=\"&quot;Aprend\u00ed a trabajar fuerte y mi mayor anhelo ahora es que m\u00e1s gente pueda conocer mis composiciones musicales&quot;, expresa el migrante guatemalteco Leonel Garc\u00eda, de nombre art\u00edstico Cosperacha.\" \/><\/figure><\/div>\t\t\t<\/div>\n\t\t\t\t\t\t\t\t\t\t\t\t<div class=\"elementor-swiper-button elementor-swiper-button-prev\" role=\"button\" tabindex=\"0\">\n\t\t\t\t\t\t<i aria-hidden=\"true\" class=\"eicon-chevron-left\"><\/i>\t\t\t\t\t<\/div>\n\t\t\t\t\t<div class=\"elementor-swiper-button elementor-swiper-button-next\" role=\"button\" tabindex=\"0\">\n\t\t\t\t\t\t<i aria-hidden=\"true\" class=\"eicon-chevron-right\"><\/i>\t\t\t\t\t<\/div>\n\t\t\t\t\n\t\t\t\t\t\t\t\t\t<div class=\"swiper-pagination\"><\/div>\n\t\t\t\t\t\t\t\t\t<\/div>\n\t\t\t\t\t\t<\/div>\n\t\t\t\t\t<\/div>\n\t\t<\/div>\n\t\t\t\t\t<\/div>\n\t\t<\/section>\n\t\t\t\t<section data-particle_enable=\"false\" data-particle-mobile-disabled=\"false\" class=\"elementor-section elementor-top-section elementor-element elementor-element-a90dc90 elementor-section-boxed elementor-section-height-default elementor-section-height-default\" data-id=\"a90dc90\" data-element_type=\"section\" data-e-type=\"section\">\n\t\t\t\t\t\t<div class=\"elementor-container elementor-column-gap-default\">\n\t\t\t\t\t<div class=\"elementor-column elementor-col-100 elementor-top-column elementor-element elementor-element-60b39b3\" data-id=\"60b39b3\" data-element_type=\"column\" data-e-type=\"column\">\n\t\t\t<div class=\"elementor-widget-wrap elementor-element-populated\">\n\t\t\t\t\t\t<div class=\"elementor-element elementor-element-3ce7185 elementor-invisible elementor-widget elementor-widget-facebook-page\" data-id=\"3ce7185\" data-element_type=\"widget\" data-e-type=\"widget\" data-settings=\"{&quot;_animation&quot;:&quot;fadeInRight&quot;}\" data-widget_type=\"facebook-page.default\">\n\t\t\t\t\t<div class=\"elementor-facebook-widget fb-page\" data-href=\"https:\/\/www.facebook.com\/profile.php?id=61550324064194\" data-tabs=\"timeline\" data-height=\"500px\" data-width=\"500px\" data-small-header=\"false\" data-hide-cover=\"false\" data-show-facepile=\"true\" data-hide-cta=\"false\" style=\"min-height: 1px;height:500px\"><\/div>\t\t\t\t<\/div>\n\t\t\t\t\t<\/div>\n\t\t<\/div>\n\t\t\t\t\t<\/div>\n\t\t<\/section>\n\t\t\t\t<\/div>\n\t\t","protected":false},"excerpt":{"rendered":"<p>Se ha convertido en un maestro en la preparaci\u00f3n y horneo de pastelillos coreanos en un restaurante, pero el coraz\u00f3n de este migrante guatemalteco vibra con cada composici\u00f3n que integra amor, respeto y nostalgia. Un migrante desde antes de nacer: Leonel Garc\u00eda cuenta que sus abuelos eran originarios de Joyabaj, Quich\u00e9; luego su familia se [&hellip;]<\/p>\n","protected":false},"author":7,"featured_media":2349,"comment_status":"open","ping_status":"open","sticky":false,"template":"","format":"standard","meta":{"_acf_changed":false,"_eb_attr":"","footnotes":""},"categories":[50],"tags":[],"class_list":["post-2344","post","type-post","status-publish","format-standard","has-post-thumbnail","hentry","category-exitos"],"acf":[],"aioseo_notices":[],"aioseo_head":"\n\t\t<!-- All in One SEO Pro 4.9.6.2 - aioseo.com -->\n\t<meta name=\"description\" content=\"Conoce a Leonel Garc\u00eda, migrante guatemalteco en EE.UU. que combina su talento en la reposter\u00eda coreana con su pasi\u00f3n por la m\u00fasica rom\u00e1ntica\" \/>\n\t<meta name=\"robots\" content=\"max-snippet:-1, max-image-preview:large, max-video-preview:-1\" \/>\n\t<meta name=\"author\" content=\"Gustavo Montenegro\"\/>\n\t<link rel=\"canonical\" href=\"https:\/\/soymigrante.com\/revista\/leonel-garcia-cosperacha-migrante-cantautor-repostero-guatemalteco\/\" \/>\n\t<meta name=\"generator\" content=\"All in One SEO Pro (AIOSEO) 4.9.6.2\" \/>\n\n\t\t<link rel=\"preconnect\" href=\"https:\/\/fonts.googleapis.com\" crossorigin>\n<link rel=\"preconnect\" href=\"https:\/\/fonts.gstatic.com\" crossorigin>\n\t\t<meta property=\"og:locale\" content=\"es_ES\" \/>\n\t\t<meta property=\"og:site_name\" content=\"SoyMigrante.com REVISTA \u2013 Nuestra misi\u00f3n es reconocer y dignificar al migrante.\" \/>\n\t\t<meta property=\"og:type\" content=\"article\" \/>\n\t\t<meta property=\"og:title\" content=\"Leonel Garc\u00eda cantautor, repostero y migrante guatemalteco\" \/>\n\t\t<meta property=\"og:description\" content=\"Conoce a Leonel Garc\u00eda, migrante guatemalteco en EE.UU. que combina su talento en la reposter\u00eda coreana con su pasi\u00f3n por la m\u00fasica rom\u00e1ntica\" \/>\n\t\t<meta property=\"og:url\" content=\"https:\/\/soymigrante.com\/revista\/leonel-garcia-cosperacha-migrante-cantautor-repostero-guatemalteco\/\" \/>\n\t\t<meta property=\"og:image\" content=\"https:\/\/soymigrante.com\/revista\/wp-content\/uploads\/2023\/08\/cosperachita-1.webp\" \/>\n\t\t<meta property=\"og:image:secure_url\" content=\"https:\/\/soymigrante.com\/revista\/wp-content\/uploads\/2023\/08\/cosperachita-1.webp\" \/>\n\t\t<meta property=\"og:image:width\" content=\"720\" \/>\n\t\t<meta property=\"og:image:height\" content=\"720\" \/>\n\t\t<meta property=\"article:published_time\" content=\"2023-08-28T21:40:25+00:00\" \/>\n\t\t<meta property=\"article:modified_time\" content=\"2024-07-30T23:13:46+00:00\" \/>\n\t\t<meta property=\"article:publisher\" content=\"https:\/\/www.facebook.com\/soymigrantecom\" \/>\n\t\t<meta name=\"twitter:card\" content=\"summary_large_image\" \/>\n\t\t<meta name=\"twitter:site\" content=\"@SoyMigrante_com\" \/>\n\t\t<meta name=\"twitter:title\" content=\"Leonel Garc\u00eda cantautor, repostero y migrante guatemalteco\" \/>\n\t\t<meta name=\"twitter:description\" content=\"Conoce a Leonel Garc\u00eda, migrante guatemalteco en EE.UU. que combina su talento en la reposter\u00eda coreana con su pasi\u00f3n por la m\u00fasica rom\u00e1ntica\" \/>\n\t\t<meta name=\"twitter:creator\" content=\"@SoyMigrante_com\" \/>\n\t\t<meta name=\"twitter:image\" content=\"https:\/\/soymigrante.com\/revista\/wp-content\/uploads\/2023\/08\/cosperachita-1.webp\" \/>\n\t\t<!-- All in One SEO Pro -->\r\n\t\t<title>Leonel Garc\u00eda cantautor, repostero y migrante guatemalteco<\/title>\n\n","aioseo_head_json":{"title":"Leonel Garc\u00eda cantautor, repostero y migrante guatemalteco","description":"Conoce a Leonel Garc\u00eda, migrante guatemalteco en EE.UU. que combina su talento en la reposter\u00eda coreana con su pasi\u00f3n por la m\u00fasica rom\u00e1ntica","canonical_url":"https:\/\/soymigrante.com\/revista\/leonel-garcia-cosperacha-migrante-cantautor-repostero-guatemalteco\/","robots":"max-snippet:-1, max-image-preview:large, max-video-preview:-1","keywords":"","webmasterTools":{"miscellaneous":"&lt;link rel=\"preconnect\" href=\"https:\/\/fonts.googleapis.com\" crossorigin&gt;\n&lt;link rel=\"preconnect\" href=\"https:\/\/fonts.gstatic.com\" crossorigin&gt;"},"schema":null,"og:locale":"es_ES","og:site_name":"SoyMigrante.com REVISTA \u2013 Nuestra misi\u00f3n es reconocer y dignificar al migrante.","og:type":"article","og:title":"Leonel Garc\u00eda cantautor, repostero y migrante guatemalteco","og:description":"Conoce a Leonel Garc\u00eda, migrante guatemalteco en EE.UU. que combina su talento en la reposter\u00eda coreana con su pasi\u00f3n por la m\u00fasica rom\u00e1ntica","og:url":"https:\/\/soymigrante.com\/revista\/leonel-garcia-cosperacha-migrante-cantautor-repostero-guatemalteco\/","og:image":"https:\/\/soymigrante.com\/revista\/wp-content\/uploads\/2023\/08\/cosperachita-1.webp","og:image:secure_url":"https:\/\/soymigrante.com\/revista\/wp-content\/uploads\/2023\/08\/cosperachita-1.webp","og:image:width":720,"og:image:height":720,"article:published_time":"2023-08-28T21:40:25+00:00","article:modified_time":"2024-07-30T23:13:46+00:00","article:publisher":"https:\/\/www.facebook.com\/soymigrantecom","twitter:card":"summary_large_image","twitter:site":"@SoyMigrante_com","twitter:title":"Leonel Garc\u00eda cantautor, repostero y migrante guatemalteco","twitter:description":"Conoce a Leonel Garc\u00eda, migrante guatemalteco en EE.UU. que combina su talento en la reposter\u00eda coreana con su pasi\u00f3n por la m\u00fasica rom\u00e1ntica","twitter:creator":"@SoyMigrante_com","twitter:image":"https:\/\/soymigrante.com\/revista\/wp-content\/uploads\/2023\/08\/cosperachita-1.webp"},"aioseo_meta_data":{"post_id":"2344","title":"Leonel Garc\u00eda cantautor, repostero y migrante guatemalteco","description":"Conoce a Leonel Garc\u00eda, migrante guatemalteco en EE.UU. que combina su talento en la reposter\u00eda coreana con su pasi\u00f3n por la m\u00fasica rom\u00e1ntica","keywords":[],"keyphrases":{"focus":{"keyphrase":"migrante guatemalteco","score":63,"analysis":{"keyphraseInTitle":{"score":9,"maxScore":9,"error":0},"keyphraseInDescription":{"score":9,"maxScore":9,"error":0},"keyphraseLength":{"score":9,"maxScore":9,"error":0,"length":2},"keyphraseInURL":{"score":1,"maxScore":5,"error":1},"keyphraseInIntroduction":{"score":3,"maxScore":9,"error":1},"keyphraseInSubHeadings":{"score":3,"maxScore":9,"error":1},"keyphraseInImageAlt":{"score":9,"maxScore":9,"error":0},"keywordDensity":{"score":0,"type":"low","maxScore":9,"error":1}}},"additional":[]},"primary_term":null,"canonical_url":null,"og_title":null,"og_description":null,"og_object_type":"default","og_image_type":"default","og_image_url":null,"og_image_width":null,"og_image_height":null,"og_image_custom_url":null,"og_image_custom_fields":null,"og_video":"","og_custom_url":null,"og_article_section":null,"og_article_tags":[],"twitter_use_og":false,"twitter_card":"default","twitter_image_type":"default","twitter_image_url":null,"twitter_image_custom_url":null,"twitter_image_custom_fields":null,"twitter_title":null,"twitter_description":null,"schema":{"blockGraphs":[],"customGraphs":[],"default":{"data":{"Article":[],"Course":[],"Dataset":[],"FAQPage":[],"Movie":[],"Person":[],"Product":[],"ProductReview":[],"Car":[],"Recipe":[],"Service":[],"SoftwareApplication":[],"WebPage":[]},"graphName":"BlogPosting","isEnabled":true},"graphs":[]},"schema_type":"default","schema_type_options":null,"pillar_content":false,"robots_default":true,"robots_noindex":false,"robots_noarchive":false,"robots_nosnippet":false,"robots_nofollow":false,"robots_noimageindex":false,"robots_noodp":false,"robots_notranslate":false,"robots_max_snippet":"-1","robots_max_videopreview":"-1","robots_max_imagepreview":"large","priority":null,"frequency":"default","local_seo":null,"seo_analyzer_scan_date":"2025-10-08 20:17:23","breadcrumb_settings":null,"limit_modified_date":false,"reviewed_by":null,"open_ai":null,"ai":null,"created":"2023-08-28 19:37:42","updated":"2026-02-04 09:31:46"},"aioseo_breadcrumb":"<div class=\"aioseo-breadcrumbs\"><span class=\"aioseo-breadcrumb\">\n\t<a href=\"https:\/\/soymigrante.com\/revista\" title=\"Home\">Home<\/a>\n<\/span><span class=\"aioseo-breadcrumb-separator\">\u00bb<\/span><span class=\"aioseo-breadcrumb\">\n\t<a href=\"https:\/\/soymigrante.com\/revista\/category\/exitos\/\" title=\"\u00c9xitos\">\u00c9xitos<\/a>\n<\/span><span class=\"aioseo-breadcrumb-separator\">\u00bb<\/span><span class=\"aioseo-breadcrumb\">\n\tLeonel Garc\u00eda cantautor, repostero y migrante guatemalteco\n<\/span><\/div>","aioseo_breadcrumb_json":[{"label":"Home","link":"https:\/\/soymigrante.com\/revista"},{"label":"\u00c9xitos","link":"https:\/\/soymigrante.com\/revista\/category\/exitos\/"},{"label":"Leonel Garc\u00eda cantautor, repostero y migrante guatemalteco","link":"https:\/\/soymigrante.com\/revista\/leonel-garcia-cosperacha-migrante-cantautor-repostero-guatemalteco\/"}],"_links":{"self":[{"href":"https:\/\/soymigrante.com\/revista\/wp-json\/wp\/v2\/posts\/2344","targetHints":{"allow":["GET"]}}],"collection":[{"href":"https:\/\/soymigrante.com\/revista\/wp-json\/wp\/v2\/posts"}],"about":[{"href":"https:\/\/soymigrante.com\/revista\/wp-json\/wp\/v2\/types\/post"}],"author":[{"embeddable":true,"href":"https:\/\/soymigrante.com\/revista\/wp-json\/wp\/v2\/users\/7"}],"replies":[{"embeddable":true,"href":"https:\/\/soymigrante.com\/revista\/wp-json\/wp\/v2\/comments?post=2344"}],"version-history":[{"count":0,"href":"https:\/\/soymigrante.com\/revista\/wp-json\/wp\/v2\/posts\/2344\/revisions"}],"wp:featuredmedia":[{"embeddable":true,"href":"https:\/\/soymigrante.com\/revista\/wp-json\/wp\/v2\/media\/2349"}],"wp:attachment":[{"href":"https:\/\/soymigrante.com\/revista\/wp-json\/wp\/v2\/media?parent=2344"}],"wp:term":[{"taxonomy":"category","embeddable":true,"href":"https:\/\/soymigrante.com\/revista\/wp-json\/wp\/v2\/categories?post=2344"},{"taxonomy":"post_tag","embeddable":true,"href":"https:\/\/soymigrante.com\/revista\/wp-json\/wp\/v2\/tags?post=2344"}],"curies":[{"name":"wp","href":"https:\/\/api.w.org\/{rel}","templated":true}]}}