{"id":23420,"date":"2025-02-21T09:35:02","date_gmt":"2025-02-21T15:35:02","guid":{"rendered":"https:\/\/soymigrante.com\/revista\/?p=23420"},"modified":"2025-02-21T13:10:48","modified_gmt":"2025-02-21T19:10:48","slug":"un-instrumento-ancestral-de-timbre-inolvidable-la-chirimia","status":"publish","type":"post","link":"https:\/\/soymigrante.com\/revista\/un-instrumento-ancestral-de-timbre-inolvidable-la-chirimia\/","title":{"rendered":"Un instrumento ancestral de timbre inolvidable: la chirim\u00eda"},"content":{"rendered":"\t\t<div data-elementor-type=\"wp-post\" data-elementor-id=\"23420\" class=\"elementor elementor-23420\" data-elementor-post-type=\"post\">\n\t\t\t\t<div data-particle_enable=\"false\" data-particle-mobile-disabled=\"false\" class=\"elementor-element elementor-element-31ee5a1 e-flex e-con-boxed e-con e-parent\" data-id=\"31ee5a1\" data-element_type=\"container\" data-e-type=\"container\">\n\t\t\t\t\t<div class=\"e-con-inner\">\n\t\t\t\t<div class=\"elementor-element elementor-element-78ee38c elementor-widget elementor-widget-heading\" data-id=\"78ee38c\" data-element_type=\"widget\" data-e-type=\"widget\" data-widget_type=\"heading.default\">\n\t\t\t\t\t<h2 class=\"elementor-heading-title elementor-size-default\">La chirim\u00eda es un instrumento de viento-madera de doble leng\u00fceta, considerado el antecesor directo del oboe. Consiste en un tubo c\u00f3nico con varios orificios que permiten la modulaci\u00f3n del sonido. \n<\/h2>\t\t\t\t<\/div>\n\t\t\t\t\t<\/div>\n\t\t\t\t<\/div>\n\t\t<div data-particle_enable=\"false\" data-particle-mobile-disabled=\"false\" class=\"elementor-element elementor-element-4397dd6 e-flex e-con-boxed e-con e-parent\" data-id=\"4397dd6\" data-element_type=\"container\" data-e-type=\"container\">\n\t\t\t\t\t<div class=\"e-con-inner\">\n\t\t\t\t<div class=\"elementor-element elementor-element-f74e1c7 elementor-widget elementor-widget-text-editor\" data-id=\"f74e1c7\" data-element_type=\"widget\" data-e-type=\"widget\" data-widget_type=\"text-editor.default\">\n\t\t\t\t\t\t\t\t\t<p>La chirim\u00eda es un instrumento musical de viento-madera que, aunque de origen europeo, ha sido adoptado en Guatemala como parte esencial de sus festividades y expresiones culturales.\u00a0<\/p><p>Utilizada en procesiones religiosas, celebraciones patronales y danzas tradicionales, su sonido caracter\u00edstico representa la fusi\u00f3n entre la herencia espa\u00f1ola y las tradiciones ind\u00edgenas, consolid\u00e1ndose como un s\u00edmbolo de identidad y resistencia cultural en el pa\u00eds.<\/p>\t\t\t\t\t\t\t\t<\/div>\n\t\t\t\t\t<\/div>\n\t\t\t\t<\/div>\n\t\t<div data-particle_enable=\"false\" data-particle-mobile-disabled=\"false\" class=\"elementor-element elementor-element-cdc603a e-flex e-con-boxed e-con e-parent\" data-id=\"cdc603a\" data-element_type=\"container\" data-e-type=\"container\">\n\t\t\t\t\t<div class=\"e-con-inner\">\n\t\t\t\t<div class=\"elementor-element elementor-element-8f8ff92 elementor-widget elementor-widget-image\" data-id=\"8f8ff92\" data-element_type=\"widget\" data-e-type=\"widget\" data-widget_type=\"image.default\">\n\t\t\t\t\t\t\t\t\t\t\t\t<figure class=\"wp-caption\">\n\t\t\t\t\t\t\t\t\t\t<img fetchpriority=\"high\" decoding=\"async\" width=\"460\" height=\"324\" src=\"https:\/\/soymigrante.com\/revista\/wp-content\/uploads\/2025\/01\/chirimia2.webp\" class=\"attachment-large size-large wp-image-23491\" alt=\"M\u00fasicos tradicionales tocando en la calle, parte de la cultura migrante en Am\u00e9rica Latina.\" srcset=\"https:\/\/soymigrante.com\/revista\/wp-content\/uploads\/2025\/01\/chirimia2.webp 460w, https:\/\/soymigrante.com\/revista\/wp-content\/uploads\/2025\/01\/chirimia2-300x211.jpg 300w, https:\/\/soymigrante.com\/revista\/wp-content\/uploads\/2025\/01\/chirimia2-120x86.webp 120w\" sizes=\"(max-width: 460px) 100vw, 460px\" title=\"chirimia2 \u2013 SoyMigrante.com REVISTA\" \/>\t\t\t\t\t\t\t\t\t\t\t<figcaption class=\"widget-image-caption wp-caption-text\">Dos m\u00fasicos con instrumentos tradicionales en una escena cultural latina, resaltando la influencia de la m\u00fasica en la migraci\u00f3n y la identidad cultural.<\/figcaption>\n\t\t\t\t\t\t\t\t\t\t<\/figure>\n\t\t\t\t\t\t\t\t\t<\/div>\n\t\t\t\t\t<\/div>\n\t\t\t\t<\/div>\n\t\t<div data-particle_enable=\"false\" data-particle-mobile-disabled=\"false\" class=\"elementor-element elementor-element-aa6c004 e-flex e-con-boxed e-con e-parent\" data-id=\"aa6c004\" data-element_type=\"container\" data-e-type=\"container\">\n\t\t\t\t\t<div class=\"e-con-inner\">\n\t\t\t\t<div class=\"elementor-element elementor-element-d34583e elementor-widget elementor-widget-heading\" data-id=\"d34583e\" data-element_type=\"widget\" data-e-type=\"widget\" data-widget_type=\"heading.default\">\n\t\t\t\t\t<h3 class=\"elementor-heading-title elementor-size-default\">\u00bfC\u00f3mo surge el nombre de chirim\u00eda?<\/h3>\t\t\t\t<\/div>\n\t\t\t\t\t<\/div>\n\t\t\t\t<\/div>\n\t\t<div data-particle_enable=\"false\" data-particle-mobile-disabled=\"false\" class=\"elementor-element elementor-element-6b0338f e-flex e-con-boxed e-con e-parent\" data-id=\"6b0338f\" data-element_type=\"container\" data-e-type=\"container\">\n\t\t\t\t\t<div class=\"e-con-inner\">\n\t\t\t\t<div class=\"elementor-element elementor-element-8e64fa4 elementor-widget elementor-widget-text-editor\" data-id=\"8e64fa4\" data-element_type=\"widget\" data-e-type=\"widget\" data-widget_type=\"text-editor.default\">\n\t\t\t\t\t\t\t\t\t<p>El origen se remonta a Europa, donde fue ampliamente utilizado desde el siglo XIII, y su nombre proviene del franc\u00e9s &#8220;chalemelle&#8221;, derivado del griego &#8220;calamos&#8221;.<\/p>\t\t\t\t\t\t\t\t<\/div>\n\t\t\t\t\t<\/div>\n\t\t\t\t<\/div>\n\t\t<div data-particle_enable=\"false\" data-particle-mobile-disabled=\"false\" class=\"elementor-element elementor-element-b3b9195 e-flex e-con-boxed e-con e-parent\" data-id=\"b3b9195\" data-element_type=\"container\" data-e-type=\"container\">\n\t\t\t\t\t<div class=\"e-con-inner\">\n\t\t\t\t<div class=\"elementor-element elementor-element-9e709f3 elementor-widget elementor-widget-heading\" data-id=\"9e709f3\" data-element_type=\"widget\" data-e-type=\"widget\" data-widget_type=\"heading.default\">\n\t\t\t\t\t<h3 class=\"elementor-heading-title elementor-size-default\">Entonces, \u00bfes un instrumento prehisp\u00e1nico?<\/h3>\t\t\t\t<\/div>\n\t\t\t\t\t<\/div>\n\t\t\t\t<\/div>\n\t\t<div data-particle_enable=\"false\" data-particle-mobile-disabled=\"false\" class=\"elementor-element elementor-element-825ae5d e-flex e-con-boxed e-con e-parent\" data-id=\"825ae5d\" data-element_type=\"container\" data-e-type=\"container\">\n\t\t\t\t\t<div class=\"e-con-inner\">\n\t\t\t\t<div class=\"elementor-element elementor-element-170e66c elementor-widget elementor-widget-text-editor\" data-id=\"170e66c\" data-element_type=\"widget\" data-e-type=\"widget\" data-widget_type=\"text-editor.default\">\n\t\t\t\t\t\t\t\t\t<p>Antes de la llegada de los espa\u00f1oles,\u00a0<a href=\"https:\/\/soymigrante.com\/revista\/atol-de-elote-es-una-bebida-ancestral-que-endulza-muchas-tardes-guatemaltecas\/\" target=\"_blank\" rel=\"noopener\">las civilizaciones prehisp\u00e1nicas de Guatemala,<\/a>\u00a0como la maya, utilizaban una variedad de instrumentos de viento, percusi\u00f3n y cuerda en sus rituales y ceremonias. Sin embargo, la chirim\u00eda, tal como se conoce hoy, fue introducida en Am\u00e9rica por los colonizadores espa\u00f1oles en el siglo XVI , seg\u00fan el documento <i>Ra\u00edces de la m\u00fasica tadicional ind\u00edgena en Guatemala:el caso de la chiim\u00eda, por Matthias St\u00f6ckli.<\/i><\/p><p>Aunque no es un instrumento de origen prehisp\u00e1nico, su incorporaci\u00f3n en las pr\u00e1cticas musicales ind\u00edgenas y mestizas ha sido significativa, adapt\u00e1ndose y fusion\u00e1ndose con las tradiciones locales a lo largo de los siglos.<\/p>\t\t\t\t\t\t\t\t<\/div>\n\t\t\t\t\t<\/div>\n\t\t\t\t<\/div>\n\t\t<div data-particle_enable=\"false\" data-particle-mobile-disabled=\"false\" class=\"elementor-element elementor-element-00797c2 e-flex e-con-boxed e-con e-parent\" data-id=\"00797c2\" data-element_type=\"container\" data-e-type=\"container\">\n\t\t\t\t\t<div class=\"e-con-inner\">\n\t\t\t\t<div class=\"elementor-element elementor-element-6526ca7 elementor-widget elementor-widget-video\" data-id=\"6526ca7\" data-element_type=\"widget\" data-e-type=\"widget\" data-settings=\"{&quot;youtube_url&quot;:&quot;https:\\\/\\\/www.youtube.com\\\/watch?v=R0yMEsXgWt0&quot;,&quot;video_type&quot;:&quot;youtube&quot;,&quot;controls&quot;:&quot;yes&quot;}\" data-widget_type=\"video.default\">\n\t\t\t\t\t\t\t<div class=\"elementor-wrapper elementor-open-inline\">\n\t\t\t<div class=\"elementor-video\"><\/div>\t\t<\/div>\n\t\t\t\t\t\t<\/div>\n\t\t\t\t\t<\/div>\n\t\t\t\t<\/div>\n\t\t<div data-particle_enable=\"false\" data-particle-mobile-disabled=\"false\" class=\"elementor-element elementor-element-e434956 e-flex e-con-boxed e-con e-parent\" data-id=\"e434956\" data-element_type=\"container\" data-e-type=\"container\">\n\t\t\t\t\t<div class=\"e-con-inner\">\n\t\t\t\t<div class=\"elementor-element elementor-element-1ff1367 elementor-widget elementor-widget-heading\" data-id=\"1ff1367\" data-element_type=\"widget\" data-e-type=\"widget\" data-widget_type=\"heading.default\">\n\t\t\t\t\t<h3 class=\"elementor-heading-title elementor-size-default\">\u00bfQu\u00e9 representa la chirim\u00eda en Guatemala?<\/h3>\t\t\t\t<\/div>\n\t\t\t\t\t<\/div>\n\t\t\t\t<\/div>\n\t\t<div data-particle_enable=\"false\" data-particle-mobile-disabled=\"false\" class=\"elementor-element elementor-element-1996769 e-flex e-con-boxed e-con e-parent\" data-id=\"1996769\" data-element_type=\"container\" data-e-type=\"container\">\n\t\t\t\t\t<div class=\"e-con-inner\">\n\t\t\t\t<div class=\"elementor-element elementor-element-361aebe elementor-widget elementor-widget-text-editor\" data-id=\"361aebe\" data-element_type=\"widget\" data-e-type=\"widget\" data-widget_type=\"text-editor.default\">\n\t\t\t\t\t\t\t\t\t<p>En Guatemala, la chirim\u00eda se ha convertido en un elemento esencial en diversas celebraciones tanto mayas como mestizas. Es com\u00fan escucharla en procesiones religiosas, festividades patronales y danzas tradicionales. A menudo, la chirim\u00eda se acompa\u00f1a del &#8220;tum&#8221; o tambor, creando una combinaci\u00f3n sonora caracter\u00edstica que enriquece las celebraciones culturales del pa\u00eds.<\/p><p>La chirim\u00eda representa una fusi\u00f3n cultural entre las tradiciones ind\u00edgenas y las influencias espa\u00f1olas. A lo largo del tiempo, este instrumento ha sido adoptado y adaptado por diversas comunidades guatemaltecas, convirti\u00e9ndose en un s\u00edmbolo de identidad cultural y resistencia. Su sonido distintivo evoca la riqueza y diversidad de las expresiones musicales del pa\u00eds, manteniendo vivas las tradiciones ancestrales y fortaleciendo el sentido de pertenencia comunitaria.<\/p>\t\t\t\t\t\t\t\t<\/div>\n\t\t\t\t\t<\/div>\n\t\t\t\t<\/div>\n\t\t<div data-particle_enable=\"false\" data-particle-mobile-disabled=\"false\" class=\"elementor-element elementor-element-6b3f5e5 e-flex e-con-boxed e-con e-parent\" data-id=\"6b3f5e5\" data-element_type=\"container\" data-e-type=\"container\">\n\t\t\t\t\t<div class=\"e-con-inner\">\n\t\t\t\t<div class=\"elementor-element elementor-element-15c1d37 elementor-widget elementor-widget-video\" data-id=\"15c1d37\" data-element_type=\"widget\" data-e-type=\"widget\" data-settings=\"{&quot;youtube_url&quot;:&quot;https:\\\/\\\/www.youtube.com\\\/watch?v=6LF13tTDJu0&quot;,&quot;video_type&quot;:&quot;youtube&quot;,&quot;controls&quot;:&quot;yes&quot;}\" data-widget_type=\"video.default\">\n\t\t\t\t\t\t\t<div class=\"elementor-wrapper elementor-open-inline\">\n\t\t\t<div class=\"elementor-video\"><\/div>\t\t<\/div>\n\t\t\t\t\t\t<\/div>\n\t\t\t\t\t<\/div>\n\t\t\t\t<\/div>\n\t\t<div data-particle_enable=\"false\" data-particle-mobile-disabled=\"false\" class=\"elementor-element elementor-element-0713951 e-flex e-con-boxed e-con e-parent\" data-id=\"0713951\" data-element_type=\"container\" data-e-type=\"container\">\n\t\t\t\t\t<div class=\"e-con-inner\">\n\t\t\t\t<div class=\"elementor-element elementor-element-36d7291 elementor-widget elementor-widget-heading\" data-id=\"36d7291\" data-element_type=\"widget\" data-e-type=\"widget\" data-widget_type=\"heading.default\">\n\t\t\t\t\t<h3 class=\"elementor-heading-title elementor-size-default\">La chirim\u00eda y el sonido particular\n<\/h3>\t\t\t\t<\/div>\n\t\t\t\t\t<\/div>\n\t\t\t\t<\/div>\n\t\t<div data-particle_enable=\"false\" data-particle-mobile-disabled=\"false\" class=\"elementor-element elementor-element-24852e4 e-flex e-con-boxed e-con e-parent\" data-id=\"24852e4\" data-element_type=\"container\" data-e-type=\"container\">\n\t\t\t\t\t<div class=\"e-con-inner\">\n\t\t\t\t<div class=\"elementor-element elementor-element-f8c9edd elementor-widget elementor-widget-text-editor\" data-id=\"f8c9edd\" data-element_type=\"widget\" data-e-type=\"widget\" data-widget_type=\"text-editor.default\">\n\t\t\t\t\t\t\t\t\t<p>La interpretaci\u00f3n con la chirim\u00eda requiere habilidad y conocimiento de las melod\u00edas tradicionales. Los m\u00fasicos que la ejecutan suelen aprender de manera oral, transmitiendo repertorios y t\u00e9cnicas de generaci\u00f3n en generaci\u00f3n. Las melod\u00edas interpretadas var\u00edan seg\u00fan la regi\u00f3n y la ocasi\u00f3n, pero generalmente est\u00e1n ligadas a rituales religiosos, danzas ceremoniales y festividades locales.<\/p><p><a style=\"text-align: var(--text-align)\" href=\"https:\/\/soymigrante.com\/revista\/la-chirimia-el-tun-y-el-tzijolaj-conectan-generaciones-y-raices-mayas\/\" target=\"_blank\" rel=\"noopener\">La chirim\u00eda, junto con el tambor, marca ritmos y melod\u00edas<\/a>que gu\u00edan a los participantes en las celebraciones, creando una atm\u00f3sfera festiva y solemne.<\/p>\t\t\t\t\t\t\t\t<\/div>\n\t\t\t\t\t<\/div>\n\t\t\t\t<\/div>\n\t\t<div data-particle_enable=\"false\" data-particle-mobile-disabled=\"false\" class=\"elementor-element elementor-element-2cb28ca e-flex e-con-boxed e-con e-parent\" data-id=\"2cb28ca\" data-element_type=\"container\" data-e-type=\"container\">\n\t\t\t\t\t<div class=\"e-con-inner\">\n\t\t\t\t<div class=\"elementor-element elementor-element-879a33f elementor-widget elementor-widget-video\" data-id=\"879a33f\" data-element_type=\"widget\" data-e-type=\"widget\" data-settings=\"{&quot;youtube_url&quot;:&quot;https:\\\/\\\/www.youtube.com\\\/watch?v=lFCXButnlfY&quot;,&quot;video_type&quot;:&quot;youtube&quot;,&quot;controls&quot;:&quot;yes&quot;}\" data-widget_type=\"video.default\">\n\t\t\t\t\t\t\t<div class=\"elementor-wrapper elementor-open-inline\">\n\t\t\t<div class=\"elementor-video\"><\/div>\t\t<\/div>\n\t\t\t\t\t\t<\/div>\n\t\t\t\t\t<\/div>\n\t\t\t\t<\/div>\n\t\t<div data-particle_enable=\"false\" data-particle-mobile-disabled=\"false\" class=\"elementor-element elementor-element-6c7d14a e-flex e-con-boxed e-con e-parent\" data-id=\"6c7d14a\" data-element_type=\"container\" data-e-type=\"container\">\n\t\t\t\t\t<div class=\"e-con-inner\">\n\t\t\t\t<div class=\"elementor-element elementor-element-32edb71 elementor-widget elementor-widget-heading\" data-id=\"32edb71\" data-element_type=\"widget\" data-e-type=\"widget\" data-widget_type=\"heading.default\">\n\t\t\t\t\t<h3 class=\"elementor-heading-title elementor-size-default\">La estructura de la chirim\u00eda<\/h3>\t\t\t\t<\/div>\n\t\t\t\t\t<\/div>\n\t\t\t\t<\/div>\n\t\t<div data-particle_enable=\"false\" data-particle-mobile-disabled=\"false\" class=\"elementor-element elementor-element-e213c30 e-flex e-con-boxed e-con e-parent\" data-id=\"e213c30\" data-element_type=\"container\" data-e-type=\"container\">\n\t\t\t\t\t<div class=\"e-con-inner\">\n\t\t\t\t<div class=\"elementor-element elementor-element-f037d28 elementor-widget elementor-widget-text-editor\" data-id=\"f037d28\" data-element_type=\"widget\" data-e-type=\"widget\" data-widget_type=\"text-editor.default\">\n\t\t\t\t\t\t\t\t\t<p>Tradicionalmente, la chirim\u00eda se elabora con madera, seleccionada por su densidad y capacidad para producir un sonido resonante. El instrumento consta de un tubo c\u00f3nico con varios orificios que permiten la modulaci\u00f3n del sonido. La boquilla est\u00e1 equipada con una doble leng\u00fceta, similar a la del oboe, que se fabrica a partir de ca\u00f1a o carrizo. La precisi\u00f3n en la construcci\u00f3n y el material utilizado son fundamentales para garantizar la calidad sonora y la afinaci\u00f3n del instrumento.<\/p><p>En resumen, la chirim\u00eda en Guatemala es m\u00e1s que un instrumento musical; es un s\u00edmbolo de la rica herencia cultural del pa\u00eds, reflejando la amalgama de influencias prehisp\u00e1nicas y coloniales que han dado forma a las tradiciones musicales guatemaltecas.<\/p>\t\t\t\t\t\t\t\t<\/div>\n\t\t\t\t\t<\/div>\n\t\t\t\t<\/div>\n\t\t<div data-particle_enable=\"false\" data-particle-mobile-disabled=\"false\" class=\"elementor-element elementor-element-a451967 e-flex e-con-boxed e-con e-parent\" data-id=\"a451967\" data-element_type=\"container\" data-e-type=\"container\">\n\t\t\t\t\t<div class=\"e-con-inner\">\n\t\t\t\t<div class=\"elementor-element elementor-element-8e7cbef elementor-widget elementor-widget-text-editor\" data-id=\"8e7cbef\" data-element_type=\"widget\" data-e-type=\"widget\" data-widget_type=\"text-editor.default\">\n\t\t\t\t\t\t\t\t\t<p><span style=\"font-family: Roboto, sans-serif;font-size: 16px;font-style: normal;font-weight: 400;color: var( --e-global-color-text );text-align: var(--text-align)\">El documento<a href=\"https:\/\/repositorio.cesmeca.mx\/bitstream\/handle\/11595\/499\/anuario%20articulo%206.pdf?sequence=1&amp;isAllowed=y\"><em> Ra\u00edces de la m\u00fasica tadicional ind\u00edgena en Guatemala:el caso de la chirim\u00eda<\/em><\/a><\/span><em>\u00a0<\/em>plantea un problema historiogr\u00e1fico al comparar las chirim\u00edas del siglo XVI con las actuales en Guatemala. Destaca diferencias en tama\u00f1o, forma del tubo interior y n\u00famero de agujeros de digitaci\u00f3n. Las chirim\u00edas coloniales, usadas en contextos eclesi\u00e1sticos y cortesanos, eran m\u00e1s grandes (m\u00ednimo 45 cm), con tubo c\u00f3nico y siete agujeros. En cambio, las contempor\u00e1neas miden 35-37 cm, tienen tubo cil\u00edndrico y seis agujeros, con un acabado menos refinado. Esto sugiere cambios en la fabricaci\u00f3n y uso del instrumento a lo largo del tiempo.<\/p>\t\t\t\t\t\t\t\t<\/div>\n\t\t\t\t\t<\/div>\n\t\t\t\t<\/div>\n\t\t<div data-particle_enable=\"false\" data-particle-mobile-disabled=\"false\" class=\"elementor-element elementor-element-0a85fbd e-flex e-con-boxed e-con e-parent\" data-id=\"0a85fbd\" data-element_type=\"container\" data-e-type=\"container\">\n\t\t\t\t\t<div class=\"e-con-inner\">\n\t\t\t\t<div class=\"elementor-element elementor-element-ebd6e9b elementor-widget elementor-widget-heading\" data-id=\"ebd6e9b\" data-element_type=\"widget\" data-e-type=\"widget\" data-widget_type=\"heading.default\">\n\t\t\t\t\t<h2 class=\"elementor-heading-title elementor-size-default\">M\u00e1s all\u00e1 de la historia de los pueblos...<\/h2>\t\t\t\t<\/div>\n\t\t\t\t\t<\/div>\n\t\t\t\t<\/div>\n\t\t<div data-particle_enable=\"false\" data-particle-mobile-disabled=\"false\" class=\"elementor-element elementor-element-3c9957e e-flex e-con-boxed e-con e-parent\" data-id=\"3c9957e\" data-element_type=\"container\" data-e-type=\"container\">\n\t\t\t\t\t<div class=\"e-con-inner\">\n\t\t\t\t<div class=\"elementor-element elementor-element-55b3149 elementor-grid-eael-col-3 elementor-grid-tablet-eael-col-2 elementor-grid-mobile-eael-col-1 elementor-widget elementor-widget-eael-post-grid\" data-id=\"55b3149\" data-element_type=\"widget\" data-e-type=\"widget\" data-settings=\"{&quot;eael_post_grid_columns&quot;:&quot;eael-col-3&quot;,&quot;eael_post_grid_columns_tablet&quot;:&quot;eael-col-2&quot;,&quot;eael_post_grid_columns_mobile&quot;:&quot;eael-col-1&quot;}\" data-widget_type=\"eael-post-grid.default\">\n\t\t\t\t\t<div id=\"eael-post-grid-55b3149\" class=\"eael-post-grid-container\">\n            <div class=\"eael-post-grid eael-post-appender eael-post-appender-55b3149 eael-post-grid-style-one\" data-layout-mode=\"masonry\"><article class=\"eael-grid-post  eael-post-grid-column eael-pg-post-9323 category-pueblos-de-guatemala\" data-id=\"9323\">\n        <div class=\"eael-grid-post-holder\">\n            <div class=\"eael-grid-post-holder-inner\"><div class=\"eael-entry-media\"><div class=\"eael-entry-overlay fade-in\"><i class=\"far fa-hand-pointer\" aria-hidden=\"true\"><\/i><a href=\"https:\/\/soymigrante.com\/revista\/el-idioma-del-pueblo-sipakapense-fue-reconocido-hasta-1987\/\"><\/a><\/div><div class=\"eael-entry-thumbnail \">\n                <img decoding=\"async\" width=\"703\" height=\"703\" src=\"https:\/\/soymigrante.com\/revista\/wp-content\/uploads\/2024\/09\/producciones-ixchel.webp\" class=\"attachment-large size-large wp-image-9324\" alt=\"Orgullosa mujer ind\u00edgena en vestimenta tradicional con banda que dice &quot;Soy Migrante&quot; en evento cultural.\" srcset=\"https:\/\/soymigrante.com\/revista\/wp-content\/uploads\/2024\/09\/producciones-ixchel.webp 703w, https:\/\/soymigrante.com\/revista\/wp-content\/uploads\/2024\/09\/producciones-ixchel-300x300.webp 300w, https:\/\/soymigrante.com\/revista\/wp-content\/uploads\/2024\/09\/producciones-ixchel-150x150.webp 150w, https:\/\/soymigrante.com\/revista\/wp-content\/uploads\/2024\/09\/producciones-ixchel-75x75.webp 75w\" sizes=\"(max-width: 703px) 100vw, 703px\" \/>\n            <\/div>\n        <\/div><div class=\"eael-entry-wrapper\"><header class=\"eael-entry-header\"><h2 class=\"eael-entry-title\"><a class=\"eael-grid-post-link\" href=\"https:\/\/soymigrante.com\/revista\/el-idioma-del-pueblo-sipakapense-fue-reconocido-hasta-1987\/\" title=\"El idioma del Pueblo Sipakapense fue reconocido hasta 1987\">El idioma del Pueblo Sipakapense fue reconocido hasta 1987<\/a><\/h2><\/header><div class=\"eael-entry-content\">\n                        <div class=\"eael-grid-post-excerpt\"><a href=\"https:\/\/soymigrante.com\/revista\/el-idioma-del-pueblo-sipakapense-fue-reconocido-hasta-1987\/\" class=\"eael-post-elements-readmore-btn\">CONOCE SU HISTORIA <\/a><\/div>\n                    <\/div><\/div><\/div>\n        <\/div>\n    <\/article><article class=\"eael-grid-post  eael-post-grid-column eael-pg-post-9006 category-pueblos-de-guatemala\" data-id=\"9006\">\n        <div class=\"eael-grid-post-holder\">\n            <div class=\"eael-grid-post-holder-inner\"><div class=\"eael-entry-media\"><div class=\"eael-entry-overlay fade-in\"><i class=\"far fa-hand-pointer\" aria-hidden=\"true\"><\/i><a href=\"https:\/\/soymigrante.com\/revista\/tzunun-tzii-es-el-nombre-prehispanico-del-pueblo-uspanteko-y-su-nahual-es-un-colibri\/\"><\/a><\/div><div class=\"eael-entry-thumbnail \">\n                <img decoding=\"async\" width=\"1024\" height=\"1024\" src=\"https:\/\/soymigrante.com\/revista\/wp-content\/uploads\/2024\/09\/uspanteko-1024x1024.webp\" class=\"attachment-large size-large wp-image-9460\" alt=\"Princesas del pueblo Uspanteko, foto Muni Uspantan\" srcset=\"https:\/\/soymigrante.com\/revista\/wp-content\/uploads\/2024\/09\/uspanteko-1024x1024.webp 1024w, https:\/\/soymigrante.com\/revista\/wp-content\/uploads\/2024\/09\/uspanteko-300x300.webp 300w, https:\/\/soymigrante.com\/revista\/wp-content\/uploads\/2024\/09\/uspanteko-150x150.webp 150w, https:\/\/soymigrante.com\/revista\/wp-content\/uploads\/2024\/09\/uspanteko-768x768.webp 768w, https:\/\/soymigrante.com\/revista\/wp-content\/uploads\/2024\/09\/uspanteko-75x75.webp 75w, https:\/\/soymigrante.com\/revista\/wp-content\/uploads\/2024\/09\/uspanteko-750x750.webp 750w, https:\/\/soymigrante.com\/revista\/wp-content\/uploads\/2024\/09\/uspanteko-1140x1140.webp 1140w, https:\/\/soymigrante.com\/revista\/wp-content\/uploads\/2024\/09\/uspanteko.webp 1401w\" sizes=\"(max-width: 1024px) 100vw, 1024px\" \/>\n            <\/div>\n        <\/div><div class=\"eael-entry-wrapper\"><header class=\"eael-entry-header\"><h2 class=\"eael-entry-title\"><a class=\"eael-grid-post-link\" href=\"https:\/\/soymigrante.com\/revista\/tzunun-tzii-es-el-nombre-prehispanico-del-pueblo-uspanteko-y-su-nahual-es-un-colibri\/\" title=\"Tz&#8217;unun Tziij es el nombre prehisp\u00e1nico del pueblo Uspanteko y su nahual es un colibr\u00ed\">Tz&#8217;unun Tziij es el nombre prehisp\u00e1nico del pueblo Uspanteko y su nahual es un colibr\u00ed<\/a><\/h2><\/header><div class=\"eael-entry-content\">\n                        <div class=\"eael-grid-post-excerpt\"><a href=\"https:\/\/soymigrante.com\/revista\/tzunun-tzii-es-el-nombre-prehispanico-del-pueblo-uspanteko-y-su-nahual-es-un-colibri\/\" class=\"eael-post-elements-readmore-btn\">CONOCE SU HISTORIA <\/a><\/div>\n                    <\/div><\/div><\/div>\n        <\/div>\n    <\/article><article class=\"eael-grid-post  eael-post-grid-column eael-pg-post-1909 category-guate-nuestra\" data-id=\"1909\">\n        <div class=\"eael-grid-post-holder\">\n            <div class=\"eael-grid-post-holder-inner\"><div class=\"eael-entry-media\"><div class=\"eael-entry-overlay fade-in\"><i class=\"far fa-hand-pointer\" aria-hidden=\"true\"><\/i><a href=\"https:\/\/soymigrante.com\/revista\/concepcion-chiquirichapa-agricultura-quetzaltenango\/\"><\/a><\/div><div class=\"eael-entry-thumbnail \">\n                <img loading=\"lazy\" decoding=\"async\" width=\"1024\" height=\"683\" src=\"https:\/\/soymigrante.com\/revista\/wp-content\/uploads\/2023\/07\/Paulina-Sanchez-trabaja-desde-los-17-anos-de-edad-trabajo-que-heredo-de-su-familia-1024x683.webp\" class=\"attachment-large size-large wp-image-1919\" alt=\"Paulina S\u00e1nchez trabaja desde los 17 a\u00f1os de edad trabajo que heredo de su familia\" srcset=\"https:\/\/soymigrante.com\/revista\/wp-content\/uploads\/2023\/07\/Paulina-Sanchez-trabaja-desde-los-17-anos-de-edad-trabajo-que-heredo-de-su-familia-1024x683.webp 1024w, https:\/\/soymigrante.com\/revista\/wp-content\/uploads\/2023\/07\/Paulina-Sanchez-trabaja-desde-los-17-anos-de-edad-trabajo-que-heredo-de-su-familia-300x200.webp 300w, https:\/\/soymigrante.com\/revista\/wp-content\/uploads\/2023\/07\/Paulina-Sanchez-trabaja-desde-los-17-anos-de-edad-trabajo-que-heredo-de-su-familia-768x512.webp 768w, https:\/\/soymigrante.com\/revista\/wp-content\/uploads\/2023\/07\/Paulina-Sanchez-trabaja-desde-los-17-anos-de-edad-trabajo-que-heredo-de-su-familia-1536x1024.webp 1536w, https:\/\/soymigrante.com\/revista\/wp-content\/uploads\/2023\/07\/Paulina-Sanchez-trabaja-desde-los-17-anos-de-edad-trabajo-que-heredo-de-su-familia-scaled.webp 1920w, https:\/\/soymigrante.com\/revista\/wp-content\/uploads\/2023\/07\/Paulina-Sanchez-trabaja-desde-los-17-anos-de-edad-trabajo-que-heredo-de-su-familia-750x500.webp 750w, https:\/\/soymigrante.com\/revista\/wp-content\/uploads\/2023\/07\/Paulina-Sanchez-trabaja-desde-los-17-anos-de-edad-trabajo-que-heredo-de-su-familia-1140x760.webp 1140w, https:\/\/soymigrante.com\/revista\/wp-content\/uploads\/2023\/07\/Paulina-Sanchez-trabaja-desde-los-17-anos-de-edad-trabajo-que-heredo-de-su-familia-600x400.webp 600w\" sizes=\"(max-width: 1024px) 100vw, 1024px\" \/>\n            <\/div>\n        <\/div><div class=\"eael-entry-wrapper\"><header class=\"eael-entry-header\"><h2 class=\"eael-entry-title\"><a class=\"eael-grid-post-link\" href=\"https:\/\/soymigrante.com\/revista\/concepcion-chiquirichapa-agricultura-quetzaltenango\/\" title=\"Concepci\u00f3n Chiquirichapa: un pueblo de hortalizas y grandes esperanzas\">Concepci\u00f3n Chiquirichapa: un pueblo de hortalizas y grandes esperanzas<\/a><\/h2><\/header><div class=\"eael-entry-content\">\n                        <div class=\"eael-grid-post-excerpt\"><a href=\"https:\/\/soymigrante.com\/revista\/concepcion-chiquirichapa-agricultura-quetzaltenango\/\" class=\"eael-post-elements-readmore-btn\">CONOCE SU HISTORIA <\/a><\/div>\n                    <\/div><\/div><\/div>\n        <\/div>\n    <\/article><\/div>\n            <div class=\"clearfix\"><\/div>\n        <\/div>\t\t\t\t<\/div>\n\t\t\t\t\t<\/div>\n\t\t\t\t<\/div>\n\t\t\t\t<\/div>\n\t\t","protected":false},"excerpt":{"rendered":"<p>La chirim\u00eda es un instrumento de viento-madera de doble leng\u00fceta, considerado el antecesor directo del oboe. Consiste en un tubo c\u00f3nico con varios orificios que permiten la modulaci\u00f3n del sonido. La chirim\u00eda es un instrumento musical de viento-madera que, aunque de origen europeo, ha sido adoptado en Guatemala como parte esencial de sus festividades y [&hellip;]<\/p>\n","protected":false},"author":23,"featured_media":23499,"comment_status":"open","ping_status":"open","sticky":false,"template":"","format":"standard","meta":{"_acf_changed":false,"_eb_attr":"","footnotes":""},"categories":[58],"tags":[],"class_list":["post-23420","post","type-post","status-publish","format-standard","has-post-thumbnail","hentry","category-guate-nuestra"],"acf":[],"aioseo_notices":[],"aioseo_head":"\n\t\t<!-- All in One SEO Pro 4.9.6.2 - aioseo.com -->\n\t<meta name=\"description\" content=\"Concepci\u00f3n Chiquirichapa se destaca por su producci\u00f3n agr\u00edcola, siendo un pilar econ\u00f3mico en Quetzaltenango y fuente de esperanza para sus habitantes.\" \/>\n\t<meta name=\"robots\" content=\"max-snippet:-1, max-image-preview:large, max-video-preview:-1\" \/>\n\t<meta name=\"author\" content=\"Diana Batz\"\/>\n\t<link rel=\"canonical\" href=\"https:\/\/soymigrante.com\/revista\/concepcion-chiquirichapa-agricultura-quetzaltenango\/\" \/>\n\t<meta name=\"generator\" content=\"All in One SEO Pro (AIOSEO) 4.9.6.2\" \/>\n\n\t\t<link rel=\"preconnect\" href=\"https:\/\/fonts.googleapis.com\" crossorigin>\n<link rel=\"preconnect\" href=\"https:\/\/fonts.gstatic.com\" crossorigin>\n\t\t<meta property=\"og:locale\" content=\"es_ES\" \/>\n\t\t<meta property=\"og:site_name\" content=\"SoyMigrante.com REVISTA \u2013 Nuestra misi\u00f3n es reconocer y dignificar al migrante.\" \/>\n\t\t<meta property=\"og:type\" content=\"article\" \/>\n\t\t<meta property=\"og:title\" content=\"Concepci\u00f3n Chiquirichapa: un pueblo de hortalizas y grandes esperanzas\" \/>\n\t\t<meta property=\"og:description\" content=\"Concepci\u00f3n Chiquirichapa se destaca por su producci\u00f3n agr\u00edcola, siendo un pilar econ\u00f3mico en Quetzaltenango y fuente de esperanza para sus habitantes.\" \/>\n\t\t<meta property=\"og:url\" content=\"https:\/\/soymigrante.com\/revista\/concepcion-chiquirichapa-agricultura-quetzaltenango\/\" \/>\n\t\t<meta property=\"og:image\" content=\"https:\/\/soymigrante.com\/revista\/wp-content\/uploads\/2023\/07\/Paulina-Sanchez-trabaja-desde-los-17-anos-de-edad-trabajo-que-heredo-de-su-familia-scaled.webp\" \/>\n\t\t<meta property=\"og:image:secure_url\" content=\"https:\/\/soymigrante.com\/revista\/wp-content\/uploads\/2023\/07\/Paulina-Sanchez-trabaja-desde-los-17-anos-de-edad-trabajo-que-heredo-de-su-familia-scaled.webp\" \/>\n\t\t<meta property=\"og:image:width\" content=\"1920\" \/>\n\t\t<meta property=\"og:image:height\" content=\"1280\" \/>\n\t\t<meta property=\"article:published_time\" content=\"2023-07-26T23:35:50+00:00\" \/>\n\t\t<meta property=\"article:modified_time\" content=\"2024-07-31T12:22:24+00:00\" \/>\n\t\t<meta property=\"article:publisher\" content=\"https:\/\/www.facebook.com\/soymigrantecom\" \/>\n\t\t<meta name=\"twitter:card\" content=\"summary_large_image\" \/>\n\t\t<meta name=\"twitter:site\" content=\"@SoyMigrante_com\" \/>\n\t\t<meta name=\"twitter:title\" content=\"Concepci\u00f3n Chiquirichapa: un pueblo de hortalizas y grandes esperanzas\" \/>\n\t\t<meta name=\"twitter:description\" content=\"Concepci\u00f3n Chiquirichapa se destaca por su producci\u00f3n agr\u00edcola, siendo un pilar econ\u00f3mico en Quetzaltenango y fuente de esperanza para sus habitantes.\" \/>\n\t\t<meta name=\"twitter:creator\" content=\"@SoyMigrante_com\" \/>\n\t\t<meta name=\"twitter:image\" content=\"https:\/\/soymigrante.com\/revista\/wp-content\/uploads\/2023\/07\/Paulina-Sanchez-trabaja-desde-los-17-anos-de-edad-trabajo-que-heredo-de-su-familia-scaled.webp\" \/>\n\t\t<!-- All in One SEO Pro -->\r\n\t\t<title>Concepci\u00f3n Chiquirichapa: un pueblo de hortalizas y grandes esperanzas<\/title>\n\n","aioseo_head_json":{"title":"Concepci\u00f3n Chiquirichapa: un pueblo de hortalizas y grandes esperanzas","description":"Concepci\u00f3n Chiquirichapa se destaca por su producci\u00f3n agr\u00edcola, siendo un pilar econ\u00f3mico en Quetzaltenango y fuente de esperanza para sus habitantes.","canonical_url":"https:\/\/soymigrante.com\/revista\/concepcion-chiquirichapa-agricultura-quetzaltenango\/","robots":"max-snippet:-1, max-image-preview:large, max-video-preview:-1","keywords":"","webmasterTools":{"miscellaneous":"&lt;link rel=\"preconnect\" href=\"https:\/\/fonts.googleapis.com\" crossorigin&gt;\n&lt;link rel=\"preconnect\" href=\"https:\/\/fonts.gstatic.com\" crossorigin&gt;"},"schema":null,"og:locale":"es_ES","og:site_name":"SoyMigrante.com REVISTA \u2013 Nuestra misi\u00f3n es reconocer y dignificar al migrante.","og:type":"article","og:title":"Concepci\u00f3n Chiquirichapa: un pueblo de hortalizas y grandes esperanzas","og:description":"Concepci\u00f3n Chiquirichapa se destaca por su producci\u00f3n agr\u00edcola, siendo un pilar econ\u00f3mico en Quetzaltenango y fuente de esperanza para sus habitantes.","og:url":"https:\/\/soymigrante.com\/revista\/concepcion-chiquirichapa-agricultura-quetzaltenango\/","og:image":"https:\/\/soymigrante.com\/revista\/wp-content\/uploads\/2023\/07\/Paulina-Sanchez-trabaja-desde-los-17-anos-de-edad-trabajo-que-heredo-de-su-familia-scaled.webp","og:image:secure_url":"https:\/\/soymigrante.com\/revista\/wp-content\/uploads\/2023\/07\/Paulina-Sanchez-trabaja-desde-los-17-anos-de-edad-trabajo-que-heredo-de-su-familia-scaled.webp","og:image:width":1920,"og:image:height":1280,"article:published_time":"2023-07-26T23:35:50+00:00","article:modified_time":"2024-07-31T12:22:24+00:00","article:publisher":"https:\/\/www.facebook.com\/soymigrantecom","twitter:card":"summary_large_image","twitter:site":"@SoyMigrante_com","twitter:title":"Concepci\u00f3n Chiquirichapa: un pueblo de hortalizas y grandes esperanzas","twitter:description":"Concepci\u00f3n Chiquirichapa se destaca por su producci\u00f3n agr\u00edcola, siendo un pilar econ\u00f3mico en Quetzaltenango y fuente de esperanza para sus habitantes.","twitter:creator":"@SoyMigrante_com","twitter:image":"https:\/\/soymigrante.com\/revista\/wp-content\/uploads\/2023\/07\/Paulina-Sanchez-trabaja-desde-los-17-anos-de-edad-trabajo-que-heredo-de-su-familia-scaled.webp"},"aioseo_meta_data":{"post_id":"23420","title":"\u00bfEs la chirim\u00eda un instrumento ancestral?","description":"Sab\u00edas qu\u00e9 la chirim\u00eda es un instrumento de viento-madera de doble leng\u00fceta, considerado el antecesor directo del oboe.","keywords":null,"keyphrases":{"focus":{"keyphrase":"chirim\u00eda","score":91,"analysis":{"keyphraseInTitle":{"score":9,"maxScore":9,"error":0},"keyphraseInDescription":{"score":9,"maxScore":9,"error":0},"keyphraseLength":{"score":9,"maxScore":9,"error":0,"length":2},"keyphraseInURL":{"score":5,"maxScore":5,"error":0},"keyphraseInIntroduction":{"score":9,"maxScore":9,"error":0},"keyphraseInSubHeadings":{"score":9,"maxScore":9,"error":0},"keyphraseInImageAlt":{"score":3,"maxScore":9,"error":1},"keywordDensity":{"type":"best","score":9,"maxScore":9,"error":0}}},"additional":[{"keyphrase":"instrumento","score":87,"analysis":{"keyphraseInDescription":{"score":9,"maxScore":9,"error":0},"keyphraseLength":{"score":9,"maxScore":9,"error":0,"length":1},"keyphraseInIntroduction":{"score":9,"maxScore":9,"error":0},"keyphraseInImageAlt":{"score":3,"maxScore":9,"error":1},"keywordDensity":{"type":"best","score":9,"maxScore":9,"error":0}}},{"keyphrase":"ancestral","score":40,"analysis":{"keyphraseInDescription":{"score":3,"maxScore":9,"error":1},"keyphraseLength":{"score":9,"maxScore":9,"error":0,"length":1},"keyphraseInIntroduction":{"score":3,"maxScore":9,"error":1},"keyphraseInImageAlt":{"score":3,"maxScore":9,"error":1},"keywordDensity":{"score":0,"type":"low","maxScore":9,"error":1}}}]},"primary_term":null,"canonical_url":null,"og_title":null,"og_description":null,"og_object_type":"default","og_image_type":"default","og_image_url":null,"og_image_width":null,"og_image_height":null,"og_image_custom_url":null,"og_image_custom_fields":null,"og_video":"","og_custom_url":null,"og_article_section":null,"og_article_tags":null,"twitter_use_og":false,"twitter_card":"default","twitter_image_type":"default","twitter_image_url":null,"twitter_image_custom_url":null,"twitter_image_custom_fields":null,"twitter_title":null,"twitter_description":null,"schema":{"blockGraphs":[],"customGraphs":[],"default":{"data":{"Article":[],"Course":[],"Dataset":[],"FAQPage":[],"Movie":[],"Person":[],"Product":[],"ProductReview":[],"Car":[],"Recipe":[],"Service":[],"SoftwareApplication":[],"WebPage":[]},"graphName":"BlogPosting","isEnabled":true},"graphs":[]},"schema_type":"default","schema_type_options":null,"pillar_content":false,"robots_default":true,"robots_noindex":false,"robots_noarchive":false,"robots_nosnippet":false,"robots_nofollow":false,"robots_noimageindex":false,"robots_noodp":false,"robots_notranslate":false,"robots_max_snippet":"-1","robots_max_videopreview":"-1","robots_max_imagepreview":"large","priority":null,"frequency":"default","local_seo":null,"seo_analyzer_scan_date":"2025-10-09 02:50:57","breadcrumb_settings":null,"limit_modified_date":false,"reviewed_by":null,"open_ai":"{\"title\":{\"suggestions\":[],\"usage\":0},\"description\":{\"suggestions\":[],\"usage\":0}}","ai":null,"created":"2025-01-31 17:49:48","updated":"2026-02-04 21:47:51"},"aioseo_breadcrumb":"<div class=\"aioseo-breadcrumbs\"><span class=\"aioseo-breadcrumb\">\n\t<a href=\"https:\/\/soymigrante.com\/revista\" title=\"Home\">Home<\/a>\n<\/span><span class=\"aioseo-breadcrumb-separator\">\u00bb<\/span><span class=\"aioseo-breadcrumb\">\n\t<a href=\"https:\/\/soymigrante.com\/revista\/category\/guate-nuestra\/\" title=\"Guate Nuestra\">Guate Nuestra<\/a>\n<\/span><span class=\"aioseo-breadcrumb-separator\">\u00bb<\/span><span class=\"aioseo-breadcrumb\">\n\tUn instrumento ancestral de timbre inolvidable: la chirim\u00eda\n<\/span><\/div>","aioseo_breadcrumb_json":[{"label":"Home","link":"https:\/\/soymigrante.com\/revista"},{"label":"Guate Nuestra","link":"https:\/\/soymigrante.com\/revista\/category\/guate-nuestra\/"},{"label":"Un instrumento ancestral de timbre inolvidable: la chirim\u00eda","link":"https:\/\/soymigrante.com\/revista\/un-instrumento-ancestral-de-timbre-inolvidable-la-chirimia\/"}],"_links":{"self":[{"href":"https:\/\/soymigrante.com\/revista\/wp-json\/wp\/v2\/posts\/23420","targetHints":{"allow":["GET"]}}],"collection":[{"href":"https:\/\/soymigrante.com\/revista\/wp-json\/wp\/v2\/posts"}],"about":[{"href":"https:\/\/soymigrante.com\/revista\/wp-json\/wp\/v2\/types\/post"}],"author":[{"embeddable":true,"href":"https:\/\/soymigrante.com\/revista\/wp-json\/wp\/v2\/users\/23"}],"replies":[{"embeddable":true,"href":"https:\/\/soymigrante.com\/revista\/wp-json\/wp\/v2\/comments?post=23420"}],"version-history":[{"count":0,"href":"https:\/\/soymigrante.com\/revista\/wp-json\/wp\/v2\/posts\/23420\/revisions"}],"wp:featuredmedia":[{"embeddable":true,"href":"https:\/\/soymigrante.com\/revista\/wp-json\/wp\/v2\/media\/23499"}],"wp:attachment":[{"href":"https:\/\/soymigrante.com\/revista\/wp-json\/wp\/v2\/media?parent=23420"}],"wp:term":[{"taxonomy":"category","embeddable":true,"href":"https:\/\/soymigrante.com\/revista\/wp-json\/wp\/v2\/categories?post=23420"},{"taxonomy":"post_tag","embeddable":true,"href":"https:\/\/soymigrante.com\/revista\/wp-json\/wp\/v2\/tags?post=23420"}],"curies":[{"name":"wp","href":"https:\/\/api.w.org\/{rel}","templated":true}]}}