{"id":23419,"date":"2025-01-31T12:27:36","date_gmt":"2025-01-31T18:27:36","guid":{"rendered":"https:\/\/soymigrante.com\/revista\/?p=23419"},"modified":"2025-02-03T16:03:50","modified_gmt":"2025-02-03T22:03:50","slug":"pelicula-guatemalteca-dionicio-virvez-actor-migrante-2025","status":"publish","type":"post","link":"https:\/\/soymigrante.com\/revista\/pelicula-guatemalteca-dionicio-virvez-actor-migrante-2025\/","title":{"rendered":"Actor migrante Dionicio Virvez participar\u00e1 en pel\u00edcula de acci\u00f3n producida en Guatemala"},"content":{"rendered":"\t\t<div data-elementor-type=\"wp-post\" data-elementor-id=\"23419\" class=\"elementor elementor-23419\" data-elementor-post-type=\"post\">\n\t\t\t\t<div data-particle_enable=\"false\" data-particle-mobile-disabled=\"false\" class=\"elementor-element elementor-element-9481401 e-flex e-con-boxed e-con e-parent\" data-id=\"9481401\" data-element_type=\"container\" data-e-type=\"container\">\n\t\t\t\t\t<div class=\"e-con-inner\">\n\t\t\t\t<div class=\"elementor-element elementor-element-5a0944e elementor-widget elementor-widget-heading\" data-id=\"5a0944e\" data-element_type=\"widget\" data-e-type=\"widget\" data-widget_type=\"heading.default\">\n\t\t\t\t\t<h2 class=\"elementor-heading-title elementor-size-default\"><span style=\"font-size: 31.2px\">\"Carretera de supervivencia\" es el t\u00edtulo de la pel\u00edcula escrita y dirigida por el director guatemalteco Rodrigo Garc\u00eda Chapet\u00f3n, que se filmar\u00e1 en Guatemala este 2025 y en la cual actuar\u00e1 el actor maya q\u2019anjob\u2019al Dionicio Virvez<\/span><\/h2>\t\t\t\t<\/div>\n\t\t\t\t\t<\/div>\n\t\t\t\t<\/div>\n\t\t<div data-particle_enable=\"false\" data-particle-mobile-disabled=\"false\" class=\"elementor-element elementor-element-6a715ac e-flex e-con-boxed e-con e-parent\" data-id=\"6a715ac\" data-element_type=\"container\" data-e-type=\"container\">\n\t\t\t\t\t<div class=\"e-con-inner\">\n\t\t\t\t<div class=\"elementor-element elementor-element-349a321 elementor-widget elementor-widget-text-editor\" data-id=\"349a321\" data-element_type=\"widget\" data-e-type=\"widget\" data-widget_type=\"text-editor.default\">\n\t\t\t\t\t\t\t\t\t<p>Un asalto a una gasolinera en Solol\u00e1 desata una persecuci\u00f3n que da inicio a una trama llena de desesperaci\u00f3n y giros sorpresivos: esa es la premisa de la pel\u00edcula Carretera de Supervivencia, cuyo gui\u00f3n es oba del director guatemalteco Rodrigo Garc\u00eda Chapet\u00f3n, quien tambi\u00e9n la dirigir\u00e1.\u00a0<\/p><p>Esta producci\u00f3n guatemalteca, que se producir\u00e1 en este 2025, contar\u00e1 con la participaci\u00f3n del actor migrante maya q&#8217;anjob&#8217;al <a href=\"https:\/\/soymigrante.com\/revista\/actor-maya-guatemalteco-dionicio-virvez-aconseja-nunca-rendirse-al-buscar-un-sueno\/\">Dionicio Virvez, quien lleg\u00f3 a Estados Unidos en la d\u00e9cada 1980<\/a> con el objetivo de trabajar en cine y cuya vida es una lecci\u00f3n de perseverancia y creatividad. Virvez adem\u00e1s impulsa la formaci\u00f3n de talento cinematogr\u00e1fico guatemalteco<a href=\"https:\/\/soymigrante.com\/revista\/actor-migrante-maya-dionicio-virvez-visita-su-tierra-santa-eulalia-y-anima-vocaciones-de-cine\/\"> a trav\u00e9s del certamen para una beca en Hollywood, que a\u00fan est\u00e1 abierto.<\/a><\/p>\t\t\t\t\t\t\t\t<\/div>\n\t\t\t\t\t<\/div>\n\t\t\t\t<\/div>\n\t\t<div data-particle_enable=\"false\" data-particle-mobile-disabled=\"false\" class=\"elementor-element elementor-element-534e630 e-flex e-con-boxed e-con e-parent\" data-id=\"534e630\" data-element_type=\"container\" data-e-type=\"container\">\n\t\t\t\t\t<div class=\"e-con-inner\">\n\t\t\t\t<div class=\"elementor-element elementor-element-d051594 elementor-widget elementor-widget-image\" data-id=\"d051594\" data-element_type=\"widget\" data-e-type=\"widget\" data-widget_type=\"image.default\">\n\t\t\t\t\t\t\t\t\t\t\t\t<figure class=\"wp-caption\">\n\t\t\t\t\t\t\t\t\t\t<img fetchpriority=\"high\" decoding=\"async\" width=\"661\" height=\"1024\" src=\"https:\/\/soymigrante.com\/revista\/wp-content\/uploads\/2025\/01\/poster-pelicula-dionicio-virvez-661x1024.jpg\" class=\"attachment-large size-large wp-image-23426\" alt=\"Hombres caminando con bolsas en un ambiente oscuro con efecto en rojo y negro.\" srcset=\"https:\/\/soymigrante.com\/revista\/wp-content\/uploads\/2025\/01\/poster-pelicula-dionicio-virvez-661x1024.jpg 661w, https:\/\/soymigrante.com\/revista\/wp-content\/uploads\/2025\/01\/poster-pelicula-dionicio-virvez-194x300.jpg 194w, https:\/\/soymigrante.com\/revista\/wp-content\/uploads\/2025\/01\/poster-pelicula-dionicio-virvez.webp 711w\" sizes=\"(max-width: 661px) 100vw, 661px\" title=\"Poster preliminar de Carretera de Supervivencia, pel\u00edcula de acci\u00f3n que se filmar\u00e1 en Guatemala, dirigida por Rodrigo Garc\u00eda Chapeton. \u2013 SoyMigrante.com REVISTA\" \/>\t\t\t\t\t\t\t\t\t\t\t<figcaption class=\"widget-image-caption wp-caption-text\">Carretera de supervivencia, pel\u00edcula de Rodrigo Garc\u00eda Chapej\u00f3n, sobre la migraci\u00f3n y la lucha por la supervivencia en un entorno hostil.<\/figcaption>\n\t\t\t\t\t\t\t\t\t\t<\/figure>\n\t\t\t\t\t\t\t\t\t<\/div>\n\t\t\t\t\t<\/div>\n\t\t\t\t<\/div>\n\t\t<div data-particle_enable=\"false\" data-particle-mobile-disabled=\"false\" class=\"elementor-element elementor-element-7ca0c64 e-flex e-con-boxed e-con e-parent\" data-id=\"7ca0c64\" data-element_type=\"container\" data-e-type=\"container\">\n\t\t\t\t\t<div class=\"e-con-inner\">\n\t\t\t\t<div class=\"elementor-element elementor-element-d9fc7aa elementor-widget elementor-widget-text-editor\" data-id=\"d9fc7aa\" data-element_type=\"widget\" data-e-type=\"widget\" data-widget_type=\"text-editor.default\">\n\t\t\t\t\t\t\t\t\t<p><span style=\"color: var( --e-global-color-text ); text-align: var(--text-align);\">Carretera de Supervivencia es un proyecto de la productora Macarena Boys y Transmediavisi\u00f3n. Se le clasifica como un thriller\/western que contar\u00e1 con la participaci\u00f3n de otros actores y personal de producci\u00f3n guatemalteco, aunque tambi\u00e9n de otros pa\u00edses. La grabaci\u00f3n de escenas se efectuar\u00e1 en Guatemala.<\/span><\/p><p>&#8220;Dos hermanos Tz&#8217;utujiles son los protagonistas de esta aventura&#8221;, comparte Dionicio Virvez, quien se encuentra muy emocionado de poder actuar por primera vez en un proyecto en su natal Guatemala.\u00a0<\/p><p>La agencia estadounidense que representa a Dionicio Virvez confirm\u00f3 la participaci\u00f3n del actor guatemalteco en esta producci\u00f3n internacional. \u201cEs un placer trabajar con grandes talentos guatemaltecos incluyendo al director Rodrigo Garcia Chapet\u00f3n. Carretera de Supervivencia tiene todos los ingredientes necesarios para una gran producci\u00f3n que gira en torno de la fantas\u00eda y acci\u00f3n&#8221;, puntualiz\u00f3 Virvez en una rueda de prensa en Los Angeles, California.<\/p><p><b><a href=\"https:\/\/www.youtube.com\/watch?v=IkChAGPFvpk&amp;rco=1\">Este es un teaser o corto preliminar de Carretera de Supervivencia pero por restricciones solo se puede visualizar directamente en Youtube. Clic aqu\u00ed.<\/a><\/b><\/p>\t\t\t\t\t\t\t\t<\/div>\n\t\t\t\t\t<\/div>\n\t\t\t\t<\/div>\n\t\t<div data-particle_enable=\"false\" data-particle-mobile-disabled=\"false\" class=\"elementor-element elementor-element-7e4ad63 e-flex e-con-boxed e-con e-parent\" data-id=\"7e4ad63\" data-element_type=\"container\" data-e-type=\"container\">\n\t\t\t\t\t<div class=\"e-con-inner\">\n\t\t\t\t<div class=\"elementor-element elementor-element-5210c6d elementor-widget elementor-widget-image\" data-id=\"5210c6d\" data-element_type=\"widget\" data-e-type=\"widget\" data-widget_type=\"image.default\">\n\t\t\t\t\t\t\t\t\t\t\t\t<figure class=\"wp-caption\">\n\t\t\t\t\t\t\t\t\t\t<img decoding=\"async\" width=\"768\" height=\"800\" src=\"https:\/\/soymigrante.com\/revista\/wp-content\/uploads\/2025\/01\/dionicio-virvez-y-rodrigo-garcia-983x1024.jpg\" class=\"attachment-large size-large wp-image-23427\" alt=\"Persona sonriendo en un ambiente acogedor, representando la comunidad migrante y la cultura en la revista SoyMigrante.com REVISTA, promoviendo inclusi\u00f3n y diversidad.\" srcset=\"https:\/\/soymigrante.com\/revista\/wp-content\/uploads\/2025\/01\/dionicio-virvez-y-rodrigo-garcia-983x1024.jpg 983w, https:\/\/soymigrante.com\/revista\/wp-content\/uploads\/2025\/01\/dionicio-virvez-y-rodrigo-garcia-288x300.jpg 288w, https:\/\/soymigrante.com\/revista\/wp-content\/uploads\/2025\/01\/dionicio-virvez-y-rodrigo-garcia-768x800.jpg 768w, https:\/\/soymigrante.com\/revista\/wp-content\/uploads\/2025\/01\/dionicio-virvez-y-rodrigo-garcia-750x781.webp 750w, https:\/\/soymigrante.com\/revista\/wp-content\/uploads\/2025\/01\/dionicio-virvez-y-rodrigo-garcia-1140x1188.webp 1140w, https:\/\/soymigrante.com\/revista\/wp-content\/uploads\/2025\/01\/dionicio-virvez-y-rodrigo-garcia.webp 1314w\" sizes=\"(max-width: 768px) 100vw, 768px\" title=\"En la reciente estad\u00eda de Dionicio Virvez en Guatemala, a finales de 2024, se reuni\u00f3 con el director Rodrigo Garc\u00eda Chapet\u00f3n para acordar detalles de la producci\u00f3n Carretera de Supervivencia. \u2013 SoyMigrante.com REVISTA\" \/>\t\t\t\t\t\t\t\t\t\t\t<figcaption class=\"widget-image-caption wp-caption-text\">Recuperando conexiones humanas: dos personas felices en un encuentro que celebra la cultura migrante, con \u00e9nfasis en temas sociales y de integraci\u00f3n en la revista SoyMigrante.com.<\/figcaption>\n\t\t\t\t\t\t\t\t\t\t<\/figure>\n\t\t\t\t\t\t\t\t\t<\/div>\n\t\t\t\t\t<\/div>\n\t\t\t\t<\/div>\n\t\t<div data-particle_enable=\"false\" data-particle-mobile-disabled=\"false\" class=\"elementor-element elementor-element-0b9f3e4 e-flex e-con-boxed e-con e-parent\" data-id=\"0b9f3e4\" data-element_type=\"container\" data-e-type=\"container\">\n\t\t\t\t\t<div class=\"e-con-inner\">\n\t\t\t\t<div class=\"elementor-element elementor-element-e988659 elementor-widget elementor-widget-text-editor\" data-id=\"e988659\" data-element_type=\"widget\" data-e-type=\"widget\" data-widget_type=\"text-editor.default\">\n\t\t\t\t\t\t\t\t\t<p><span style=\"color: var( --e-global-color-text ); text-align: var(--text-align);\">Dionicio Virvez es un actor guatemalteco, de ascendencia <a href=\"https:\/\/soymigrante.com\/revista\/el-pueblo-qanjobal-tiene-el-corazon-en-jolom-konob\/\">maya q&#8217;anjob&#8217;al<\/a>, originario de Santa Eulalia, Huehuetenango, quien ha forjado una impresionante carrera en cine y televisi\u00f3n a trav\u00e9s de producciones como: \u201cIs it Real\u201d de National Geographic Channel, \u201cWestworld\u201d serie de HBO, \u201cEcho\u201d, serie de Marvel Universe, &#8220;Killers of the flower moon\u201d,\u00a0 de Apple TV, Stone Cold y Sons Of anarchy. entre otros.<\/span><\/p><p>Adem\u00e1s es vicepresidente de la Academia Multicultural de Ciencias CInematogr\u00e1ficas MMPA entidad que promueve la inclusi\u00f3n de la comunidad multicultural en la cinematograf\u00eda mundial y la televisi\u00f3n desde 1992.<\/p><div>\u00a0<\/div>\t\t\t\t\t\t\t\t<\/div>\n\t\t\t\t\t<\/div>\n\t\t\t\t<\/div>\n\t\t<div data-particle_enable=\"false\" data-particle-mobile-disabled=\"false\" class=\"elementor-element elementor-element-b4fbeef e-flex e-con-boxed e-con e-parent\" data-id=\"b4fbeef\" data-element_type=\"container\" data-e-type=\"container\">\n\t\t\t\t\t<div class=\"e-con-inner\">\n\t\t\t\t<div class=\"elementor-element elementor-element-297dcb6 elementor-widget elementor-widget-image\" data-id=\"297dcb6\" data-element_type=\"widget\" data-e-type=\"widget\" data-widget_type=\"image.default\">\n\t\t\t\t\t\t\t\t\t\t\t\t<figure class=\"wp-caption\">\n\t\t\t\t\t\t\t\t\t\t<img decoding=\"async\" width=\"768\" height=\"450\" src=\"https:\/\/soymigrante.com\/revista\/wp-content\/uploads\/2025\/01\/dionicio-virvez-1024x600.jpg\" class=\"attachment-large size-large wp-image-23429\" alt=\"Forjado de la imagen en el contexto de SoyMigrante.com REVISTA, la fotograf\u00eda muestra a un hombre con un aspecto serio, vistiendo chaleco t\u00e1ctico y rodeado de municiones, en un escenario al aire libre con fondo difuso. La imagen refleja temas de migraci\u00f3n, seguridad y resistencia, aline\u00e1ndose con contenidos relevantes para la comunidad migrante y noticias de inter\u00e9s social y pol\u00edtico.\" srcset=\"https:\/\/soymigrante.com\/revista\/wp-content\/uploads\/2025\/01\/dionicio-virvez-1024x600.jpg 1024w, https:\/\/soymigrante.com\/revista\/wp-content\/uploads\/2025\/01\/dionicio-virvez-300x176.jpg 300w, https:\/\/soymigrante.com\/revista\/wp-content\/uploads\/2025\/01\/dionicio-virvez-768x450.jpg 768w, https:\/\/soymigrante.com\/revista\/wp-content\/uploads\/2025\/01\/dionicio-virvez-1536x900.jpg 1536w, https:\/\/soymigrante.com\/revista\/wp-content\/uploads\/2025\/01\/dionicio-virvez-2048x1199.jpg 2048w, https:\/\/soymigrante.com\/revista\/wp-content\/uploads\/2025\/01\/dionicio-virvez-750x439.webp 750w, https:\/\/soymigrante.com\/revista\/wp-content\/uploads\/2025\/01\/dionicio-virvez-1140x668.webp 1140w, https:\/\/soymigrante.com\/revista\/wp-content\/uploads\/2025\/01\/dionicio-virvez-scaled.webp 1920w\" sizes=\"(max-width: 768px) 100vw, 768px\" title=\"Dionicio Virvez espera que esta producci\u00f3n f\u00edlmica en Guatemala contribuya al surgimiento y fortalecimiento de m\u00e1s vocaciones de cineastas en todas las \u00e1reas de producci\u00f3n. \u2013 SoyMigrante.com REVISTA\" \/>\t\t\t\t\t\t\t\t\t\t\t<figcaption class=\"widget-image-caption wp-caption-text\">Hombre ind\u00edgena con armas y collar de balas en un ambiente exterior, en un contexto de cultura y resistencia ind\u00edgena mexicana.<\/figcaption>\n\t\t\t\t\t\t\t\t\t\t<\/figure>\n\t\t\t\t\t\t\t\t\t<\/div>\n\t\t\t\t\t<\/div>\n\t\t\t\t<\/div>\n\t\t<div data-particle_enable=\"false\" data-particle-mobile-disabled=\"false\" class=\"elementor-element elementor-element-a7ec1ec e-flex e-con-boxed e-con e-parent\" data-id=\"a7ec1ec\" data-element_type=\"container\" data-e-type=\"container\">\n\t\t\t\t\t<div class=\"e-con-inner\">\n\t\t\t\t<div class=\"elementor-element elementor-element-f75f604 elementor-widget elementor-widget-text-editor\" data-id=\"f75f604\" data-element_type=\"widget\" data-e-type=\"widget\" data-widget_type=\"text-editor.default\">\n\t\t\t\t\t\t\t\t\t<p><a href=\"https:\/\/www.rodrigogch.com\/\">Rodrigo Garc\u00eda Chapet\u00f3n<\/a> es licenciado en Ciencias de la Comunicaci\u00f3n con \u00e9nfasis en comunicaci\u00f3n para el desarrollo social, egresado de la Universidad Rafael Land\u00edvar. Adem\u00e1s, tiene el M\u00e1ster de Guion, narrativa y creatividad audiovisual de la Universidad de Sevilla.\u00a0<\/p><p>Cuenta con experiencia en la direcci\u00f3n, producci\u00f3n y edici\u00f3n de proyectos audiovisuales como tambi\u00e9n en la escritura y edici\u00f3n de textos. Es fundador de la productora audiovisual <a href=\"https:\/\/macarenaboys.portfoliobox.net\/\">Macarena Boy<\/a>s Ha trabajado para USAID, Care, Unicef, Fundaci\u00f3n Myrna Mack, ESPN Digital, entre otros.<\/p>\t\t\t\t\t\t\t\t<\/div>\n\t\t\t\t\t<\/div>\n\t\t\t\t<\/div>\n\t\t<div data-particle_enable=\"false\" data-particle-mobile-disabled=\"false\" class=\"elementor-element elementor-element-49e5551 e-flex e-con-boxed e-con e-parent\" data-id=\"49e5551\" data-element_type=\"container\" data-e-type=\"container\">\n\t\t\t\t\t<div class=\"e-con-inner\">\n\t\t\t\t<div class=\"elementor-element elementor-element-b04431f elementor-widget elementor-widget-heading\" data-id=\"b04431f\" data-element_type=\"widget\" data-e-type=\"widget\" data-widget_type=\"heading.default\">\n\t\t\t\t\t<h3 class=\"elementor-heading-title elementor-size-default\">Grabaci\u00f3n del corto preliminar o teaser de Carretera de Supervivencia, dirigida por Rodrigo Garc\u00eda Chapet\u00f3n<\/h3>\t\t\t\t<\/div>\n\t\t\t\t\t<\/div>\n\t\t\t\t<\/div>\n\t\t<div data-particle_enable=\"false\" data-particle-mobile-disabled=\"false\" class=\"elementor-element elementor-element-61c5669 e-flex e-con-boxed e-con e-parent\" data-id=\"61c5669\" data-element_type=\"container\" data-e-type=\"container\">\n\t\t\t\t\t<div class=\"e-con-inner\">\n\t\t\t\t<div class=\"elementor-element elementor-element-cd62998 elementor-arrows-position-inside elementor-pagination-position-outside elementor-widget elementor-widget-image-carousel\" data-id=\"cd62998\" data-element_type=\"widget\" data-e-type=\"widget\" data-settings=\"{&quot;slides_to_show&quot;:&quot;1&quot;,&quot;navigation&quot;:&quot;both&quot;,&quot;autoplay&quot;:&quot;yes&quot;,&quot;pause_on_hover&quot;:&quot;yes&quot;,&quot;pause_on_interaction&quot;:&quot;yes&quot;,&quot;autoplay_speed&quot;:5000,&quot;infinite&quot;:&quot;yes&quot;,&quot;effect&quot;:&quot;slide&quot;,&quot;speed&quot;:500}\" data-widget_type=\"image-carousel.default\">\n\t\t\t\t\t\t\t<div class=\"elementor-image-carousel-wrapper swiper\" role=\"region\" aria-roledescription=\"carousel\" aria-label=\"Carrusel de im\u00e1genes\" dir=\"ltr\">\n\t\t\t<div class=\"elementor-image-carousel swiper-wrapper\" aria-live=\"off\">\n\t\t\t\t\t\t\t\t<div class=\"swiper-slide\" role=\"group\" aria-roledescription=\"slide\" aria-label=\"1 de 6\"><figure class=\"swiper-slide-inner\"><img decoding=\"async\" class=\"swiper-slide-image\" src=\"https:\/\/soymigrante.com\/revista\/wp-content\/uploads\/2025\/01\/carretera-de-supervivencia-grabacion-de-teaser-1-1024x683.jpg\" alt=\"- Mujer en rodaje de la revista SoyMigrante.com, produciendo contenidos sobre migrantes y cultura en M\u00e9xico y Am\u00e9rica Latina.\" \/><\/figure><\/div><div class=\"swiper-slide\" role=\"group\" aria-roledescription=\"slide\" aria-label=\"2 de 6\"><figure class=\"swiper-slide-inner\"><img decoding=\"async\" class=\"swiper-slide-image\" src=\"https:\/\/soymigrante.com\/revista\/wp-content\/uploads\/2025\/01\/carretera-de-supervivencia-grabacion-de-teaser-2-1024x683.jpg\" alt=\"Refugiados y migrantes en di\u00e1logo, abordando temas de integraci\u00f3n y derechos en la comunidad migrante.\" \/><\/figure><\/div><div class=\"swiper-slide\" role=\"group\" aria-roledescription=\"slide\" aria-label=\"3 de 6\"><figure class=\"swiper-slide-inner\"><img decoding=\"async\" class=\"swiper-slide-image\" src=\"https:\/\/soymigrante.com\/revista\/wp-content\/uploads\/2025\/01\/carretera-de-supervivencia-grabacion-de-teaser-3-1024x683.jpg\" alt=\"Imagen de un hombre con pelo largo y expresi\u00f3n seria, en un ambiente interior con iluminaci\u00f3n c\u00e1lida, junto a una nevera y fondo de muebles y objetos diversos.\" \/><\/figure><\/div><div class=\"swiper-slide\" role=\"group\" aria-roledescription=\"slide\" aria-label=\"4 de 6\"><figure class=\"swiper-slide-inner\"><img decoding=\"async\" class=\"swiper-slide-image\" src=\"https:\/\/soymigrante.com\/revista\/wp-content\/uploads\/2025\/01\/carretera-de-supervivencia-grabacion-de-teaser-4-1024x683.jpg\" alt=\"Video de producci\u00f3n de contenido para SoyMigrante.com revista sobre migrantes y cultura.\" \/><\/figure><\/div><div class=\"swiper-slide\" role=\"group\" aria-roledescription=\"slide\" aria-label=\"5 de 6\"><figure class=\"swiper-slide-inner\"><img decoding=\"async\" class=\"swiper-slide-image\" src=\"https:\/\/soymigrante.com\/revista\/wp-content\/uploads\/2025\/01\/carretera-de-supervivencia-grabacion-de-teaser-5-1024x683.jpg\" alt=\"C\u00e1mara en mano y equipo de grabaci\u00f3n durante la producci\u00f3n de contenido para SoyMigrante.com revista, enfocado en inmigrantes, derechos y cultura en Am\u00e9rica Latina.\" \/><\/figure><\/div><div class=\"swiper-slide\" role=\"group\" aria-roledescription=\"slide\" aria-label=\"6 de 6\"><figure class=\"swiper-slide-inner\"><img decoding=\"async\" class=\"swiper-slide-image\" src=\"https:\/\/soymigrante.com\/revista\/wp-content\/uploads\/2025\/01\/carretera-de-supervivencia-grabacion-de-teaser-6-1024x683.jpg\" alt=\"Estudiantes y profesionales en una grabaci\u00f3n nocturna en un entorno exterior, usando iluminaci\u00f3n artificial para capturar un escenario cinematogr\u00e1fico o audiovisual en un ambiente oscuro.\" \/><\/figure><\/div>\t\t\t<\/div>\n\t\t\t\t\t\t\t\t\t\t\t\t<div class=\"elementor-swiper-button elementor-swiper-button-prev\" role=\"button\" tabindex=\"0\">\n\t\t\t\t\t\t<i aria-hidden=\"true\" class=\"eicon-chevron-left\"><\/i>\t\t\t\t\t<\/div>\n\t\t\t\t\t<div class=\"elementor-swiper-button elementor-swiper-button-next\" role=\"button\" tabindex=\"0\">\n\t\t\t\t\t\t<i aria-hidden=\"true\" class=\"eicon-chevron-right\"><\/i>\t\t\t\t\t<\/div>\n\t\t\t\t\n\t\t\t\t\t\t\t\t\t<div class=\"swiper-pagination\"><\/div>\n\t\t\t\t\t\t\t\t\t<\/div>\n\t\t\t\t\t\t<\/div>\n\t\t\t\t\t<\/div>\n\t\t\t\t<\/div>\n\t\t<div data-particle_enable=\"false\" data-particle-mobile-disabled=\"false\" class=\"elementor-element elementor-element-afd98a8 e-flex e-con-boxed e-con e-parent\" data-id=\"afd98a8\" data-element_type=\"container\" data-e-type=\"container\">\n\t\t\t\t\t<div class=\"e-con-inner\">\n\t\t\t\t<div class=\"elementor-element elementor-element-f9c2401 elementor-widget elementor-widget-heading\" data-id=\"f9c2401\" data-element_type=\"widget\" data-e-type=\"widget\" data-widget_type=\"heading.default\">\n\t\t\t\t\t<h2 class=\"elementor-heading-title elementor-size-default\">Talento f\u00edlmico guatemalteco sin fronteras<\/h2>\t\t\t\t<\/div>\n\t\t\t\t\t<\/div>\n\t\t\t\t<\/div>\n\t\t<div data-particle_enable=\"false\" data-particle-mobile-disabled=\"false\" class=\"elementor-element elementor-element-86c31bc e-flex e-con-boxed e-con e-parent\" data-id=\"86c31bc\" data-element_type=\"container\" data-e-type=\"container\">\n\t\t\t\t\t<div class=\"e-con-inner\">\n\t\t\t\t<div class=\"elementor-element elementor-element-64c6f8f elementor-grid-eael-col-3 elementor-grid-tablet-eael-col-2 elementor-grid-mobile-eael-col-1 elementor-widget elementor-widget-eael-post-grid\" data-id=\"64c6f8f\" data-element_type=\"widget\" data-e-type=\"widget\" data-settings=\"{&quot;eael_post_grid_columns&quot;:&quot;eael-col-3&quot;,&quot;eael_post_grid_columns_tablet&quot;:&quot;eael-col-2&quot;,&quot;eael_post_grid_columns_mobile&quot;:&quot;eael-col-1&quot;}\" data-widget_type=\"eael-post-grid.default\">\n\t\t\t\t\t<div id=\"eael-post-grid-64c6f8f\" class=\"eael-post-grid-container\">\n            <div class=\"eael-post-grid eael-post-appender eael-post-appender-64c6f8f eael-post-grid-style-one\" data-layout-mode=\"masonry\"><article class=\"eael-grid-post  eael-post-grid-column eael-pg-post-17201 category-exitos\" data-id=\"17201\">\n        <div class=\"eael-grid-post-holder\">\n            <div class=\"eael-grid-post-holder-inner\"><div class=\"eael-entry-media\"><div class=\"eael-entry-overlay fade-in\"><i class=\"far fa-hand-pointer\" aria-hidden=\"true\"><\/i><a href=\"https:\/\/soymigrante.com\/revista\/y-cuando-evelyn-desperto-su-gran-sueno-todavia-estaba-alli\/\"><\/a><\/div><div class=\"eael-entry-thumbnail \">\n                <img loading=\"lazy\" decoding=\"async\" width=\"1024\" height=\"1024\" src=\"https:\/\/soymigrante.com\/revista\/wp-content\/uploads\/2024\/12\/evelyn-lorena-actriz-guatemalteca-1024x1024.jpg\" class=\"attachment-large size-large wp-image-17203\" alt=\"Versi\u00f3n en Espa\u00f1ol:.\" srcset=\"https:\/\/soymigrante.com\/revista\/wp-content\/uploads\/2024\/12\/evelyn-lorena-actriz-guatemalteca-1024x1024.jpg 1024w, https:\/\/soymigrante.com\/revista\/wp-content\/uploads\/2024\/12\/evelyn-lorena-actriz-guatemalteca-300x300.jpg 300w, https:\/\/soymigrante.com\/revista\/wp-content\/uploads\/2024\/12\/evelyn-lorena-actriz-guatemalteca-150x150.jpg 150w, https:\/\/soymigrante.com\/revista\/wp-content\/uploads\/2024\/12\/evelyn-lorena-actriz-guatemalteca-768x768.jpg 768w, https:\/\/soymigrante.com\/revista\/wp-content\/uploads\/2024\/12\/evelyn-lorena-actriz-guatemalteca-1536x1536.jpg 1536w, https:\/\/soymigrante.com\/revista\/wp-content\/uploads\/2024\/12\/evelyn-lorena-actriz-guatemalteca-75x75.webp 75w, https:\/\/soymigrante.com\/revista\/wp-content\/uploads\/2024\/12\/evelyn-lorena-actriz-guatemalteca-750x750.webp 750w, https:\/\/soymigrante.com\/revista\/wp-content\/uploads\/2024\/12\/evelyn-lorena-actriz-guatemalteca-1140x1140.webp 1140w, https:\/\/soymigrante.com\/revista\/wp-content\/uploads\/2024\/12\/evelyn-lorena-actriz-guatemalteca.webp 1920w\" sizes=\"(max-width: 1024px) 100vw, 1024px\" \/>\n            <\/div>\n        <\/div><div class=\"eael-entry-wrapper\"><header class=\"eael-entry-header\"><h2 class=\"eael-entry-title\"><a class=\"eael-grid-post-link\" href=\"https:\/\/soymigrante.com\/revista\/y-cuando-evelyn-desperto-su-gran-sueno-todavia-estaba-alli\/\" title=\"Y cuando Evelyn despert\u00f3, su gran sue\u00f1o de cine todav\u00eda estaba all\u00ed\">Y cuando Evelyn despert\u00f3, su gran sue\u00f1o de cine todav\u00eda estaba all\u00ed<\/a><\/h2><\/header><div class=\"eael-entry-content\">\n                        <div class=\"eael-grid-post-excerpt\"><a href=\"https:\/\/soymigrante.com\/revista\/y-cuando-evelyn-desperto-su-gran-sueno-todavia-estaba-alli\/\" class=\"eael-post-elements-readmore-btn\">CONOCE SU HISTORIA <\/a><\/div>\n                    <\/div><\/div><\/div>\n        <\/div>\n    <\/article><article class=\"eael-grid-post  eael-post-grid-column eael-pg-post-4741 category-exitos\" data-id=\"4741\">\n        <div class=\"eael-grid-post-holder\">\n            <div class=\"eael-grid-post-holder-inner\"><div class=\"eael-entry-media\"><div class=\"eael-entry-overlay fade-in\"><i class=\"far fa-hand-pointer\" aria-hidden=\"true\"><\/i><a href=\"https:\/\/soymigrante.com\/revista\/actor-maya-guatemalteco-dionicio-virvez-aconseja-nunca-rendirse-al-buscar-un-sueno\/\"><\/a><\/div><div class=\"eael-entry-thumbnail \">\n                <img loading=\"lazy\" decoding=\"async\" width=\"1024\" height=\"733\" src=\"https:\/\/soymigrante.com\/revista\/wp-content\/uploads\/2024\/02\/dionix-1024x733.webp\" class=\"attachment-large size-large wp-image-4751\" alt=\"\" srcset=\"https:\/\/soymigrante.com\/revista\/wp-content\/uploads\/2024\/02\/dionix-1024x733.webp 1024w, https:\/\/soymigrante.com\/revista\/wp-content\/uploads\/2024\/02\/dionix-300x215.webp 300w, https:\/\/soymigrante.com\/revista\/wp-content\/uploads\/2024\/02\/dionix-768x550.webp 768w, https:\/\/soymigrante.com\/revista\/wp-content\/uploads\/2024\/02\/dionix-1536x1099.webp 1536w, https:\/\/soymigrante.com\/revista\/wp-content\/uploads\/2024\/02\/dionix-120x86.webp 120w, https:\/\/soymigrante.com\/revista\/wp-content\/uploads\/2024\/02\/dionix-350x250.webp 350w, https:\/\/soymigrante.com\/revista\/wp-content\/uploads\/2024\/02\/dionix-750x537.webp 750w, https:\/\/soymigrante.com\/revista\/wp-content\/uploads\/2024\/02\/dionix-1140x816.webp 1140w, https:\/\/soymigrante.com\/revista\/wp-content\/uploads\/2024\/02\/dionix.webp 1601w\" sizes=\"(max-width: 1024px) 100vw, 1024px\" \/>\n            <\/div>\n        <\/div><div class=\"eael-entry-wrapper\"><header class=\"eael-entry-header\"><h2 class=\"eael-entry-title\"><a class=\"eael-grid-post-link\" href=\"https:\/\/soymigrante.com\/revista\/actor-maya-guatemalteco-dionicio-virvez-aconseja-nunca-rendirse-al-buscar-un-sueno\/\" title=\"Acci\u00f3n, drama y ficci\u00f3n cruzan la vida del actor migrante maya Dionicio Virvez\">Acci\u00f3n, drama y ficci\u00f3n cruzan la vida del actor migrante maya Dionicio Virvez<\/a><\/h2><\/header><div class=\"eael-entry-content\">\n                        <div class=\"eael-grid-post-excerpt\"><a href=\"https:\/\/soymigrante.com\/revista\/actor-maya-guatemalteco-dionicio-virvez-aconseja-nunca-rendirse-al-buscar-un-sueno\/\" class=\"eael-post-elements-readmore-btn\">CONOCE SU HISTORIA <\/a><\/div>\n                    <\/div><\/div><\/div>\n        <\/div>\n    <\/article><article class=\"eael-grid-post  eael-post-grid-column eael-pg-post-223 category-exitos-guatemala tags-nueva-york\" data-id=\"223\">\n        <div class=\"eael-grid-post-holder\">\n            <div class=\"eael-grid-post-holder-inner\"><div class=\"eael-entry-media\"><div class=\"eael-entry-overlay fade-in\"><i class=\"far fa-hand-pointer\" aria-hidden=\"true\"><\/i><a href=\"https:\/\/soymigrante.com\/revista\/actor-arturo-castro\/\"><\/a><\/div><div class=\"eael-entry-thumbnail \">\n                <img loading=\"lazy\" decoding=\"async\" width=\"1024\" height=\"576\" src=\"https:\/\/soymigrante.com\/revista\/wp-content\/uploads\/2023\/02\/artennat-1024x576.jpg\" class=\"attachment-large size-large wp-image-739\" alt=\"\" srcset=\"https:\/\/soymigrante.com\/revista\/wp-content\/uploads\/2023\/02\/artennat-1024x576.jpg 1024w, https:\/\/soymigrante.com\/revista\/wp-content\/uploads\/2023\/02\/artennat-300x169.webp 300w, https:\/\/soymigrante.com\/revista\/wp-content\/uploads\/2023\/02\/artennat-768x432.jpg 768w, https:\/\/soymigrante.com\/revista\/wp-content\/uploads\/2023\/02\/artennat-750x422.webp 750w, https:\/\/soymigrante.com\/revista\/wp-content\/uploads\/2023\/02\/artennat-1140x641.jpg 1140w, https:\/\/soymigrante.com\/revista\/wp-content\/uploads\/2023\/02\/artennat.webp 1280w\" sizes=\"(max-width: 1024px) 100vw, 1024px\" \/>\n            <\/div>\n        <\/div><div class=\"eael-entry-wrapper\"><header class=\"eael-entry-header\"><h2 class=\"eael-entry-title\"><a class=\"eael-grid-post-link\" href=\"https:\/\/soymigrante.com\/revista\/actor-arturo-castro\/\" title=\"&#8220;Cuando uno tiene un sue\u00f1o, no hay plan B&#8221;: actor Arturo Castro\">&#8220;Cuando uno tiene un sue\u00f1o, no hay plan B&#8221;: actor Arturo Castro<\/a><\/h2><\/header><div class=\"eael-entry-content\">\n                        <div class=\"eael-grid-post-excerpt\"><a href=\"https:\/\/soymigrante.com\/revista\/actor-arturo-castro\/\" class=\"eael-post-elements-readmore-btn\">CONOCE SU HISTORIA <\/a><\/div>\n                    <\/div><\/div><\/div>\n        <\/div>\n    <\/article><\/div>\n            <div class=\"clearfix\"><\/div>\n        <\/div>\t\t\t\t<\/div>\n\t\t\t\t\t<\/div>\n\t\t\t\t<\/div>\n\t\t\t\t<\/div>\n\t\t","protected":false},"excerpt":{"rendered":"<p>&#8220;Carretera de supervivencia&#8221; es el t\u00edtulo de la pel\u00edcula escrita y dirigida por el director guatemalteco Rodrigo Garc\u00eda Chapet\u00f3n, que se filmar\u00e1 en Guatemala este 2025 y en la cual actuar\u00e1 el actor maya q\u2019anjob\u2019al Dionicio Virvez Un asalto a una gasolinera en Solol\u00e1 desata una persecuci\u00f3n que da inicio a una trama llena de [&hellip;]<\/p>\n","protected":false},"author":7,"featured_media":23422,"comment_status":"open","ping_status":"open","sticky":false,"template":"","format":"standard","meta":{"_acf_changed":false,"_eb_attr":"","footnotes":""},"categories":[54],"tags":[],"class_list":["post-23419","post","type-post","status-publish","format-standard","has-post-thumbnail","hentry","category-estamos-unidos"],"acf":[],"aioseo_notices":[],"aioseo_head":"\n\t\t<!-- All in One SEO Pro 4.9.6.2 - aioseo.com -->\n\t<meta name=\"description\" content=\"Considera el ser guatemalteco un \u201csuperpoder\u201d y ve en los migrantes hispanos radicados de EE.UU. una hermandad sin fronteras. Se r\u00ede de los estereotipos discriminatorios precisamente para desarmarlos a trav\u00e9s de su participaci\u00f3n en la serie Alternatino.\u200b El actor Arturo Castro figura en el reparto de The Menu, una pel\u00edcula elogiada por la cr\u00edtica y\" \/>\n\t<meta name=\"robots\" content=\"max-snippet:-1, max-image-preview:large, max-video-preview:-1\" \/>\n\t<meta name=\"author\" content=\"Gustavo Montenegro\"\/>\n\t<link rel=\"canonical\" href=\"https:\/\/soymigrante.com\/revista\/actor-arturo-castro\/\" \/>\n\t<meta name=\"generator\" content=\"All in One SEO Pro (AIOSEO) 4.9.6.2\" \/>\n\n\t\t<link rel=\"preconnect\" href=\"https:\/\/fonts.googleapis.com\" crossorigin>\n<link rel=\"preconnect\" href=\"https:\/\/fonts.gstatic.com\" crossorigin>\n\t\t<meta property=\"og:locale\" content=\"es_ES\" \/>\n\t\t<meta property=\"og:site_name\" content=\"SoyMigrante.com REVISTA \u2013 Nuestra misi\u00f3n es reconocer y dignificar al migrante.\" \/>\n\t\t<meta property=\"og:type\" content=\"article\" \/>\n\t\t<meta property=\"og:title\" content=\"\u201cCuando uno tiene un sue\u00f1o, no hay plan B\u201d: actor Arturo Castro\" \/>\n\t\t<meta property=\"og:description\" content=\"Considera el ser guatemalteco un \u201csuperpoder\u201d y ve en los migrantes hispanos radicados de EE.UU. una hermandad sin fronteras. Se r\u00ede de los estereotipos discriminatorios precisamente para desarmarlos a trav\u00e9s de su participaci\u00f3n en la serie Alternatino.\u200b El actor Arturo Castro figura en el reparto de The Menu, una pel\u00edcula elogiada por la cr\u00edtica y\" \/>\n\t\t<meta property=\"og:url\" content=\"https:\/\/soymigrante.com\/revista\/actor-arturo-castro\/\" \/>\n\t\t<meta property=\"og:image\" content=\"https:\/\/soymigrante.com\/revista\/wp-content\/uploads\/2023\/02\/artennat.webp\" \/>\n\t\t<meta property=\"og:image:secure_url\" content=\"https:\/\/soymigrante.com\/revista\/wp-content\/uploads\/2023\/02\/artennat.webp\" \/>\n\t\t<meta property=\"og:image:width\" content=\"1280\" \/>\n\t\t<meta property=\"og:image:height\" content=\"720\" \/>\n\t\t<meta property=\"article:published_time\" content=\"2023-05-26T00:12:51+00:00\" \/>\n\t\t<meta property=\"article:modified_time\" content=\"2026-03-11T20:41:43+00:00\" \/>\n\t\t<meta property=\"article:publisher\" content=\"https:\/\/www.facebook.com\/soymigrantecom\" \/>\n\t\t<meta name=\"twitter:card\" content=\"summary_large_image\" \/>\n\t\t<meta name=\"twitter:site\" content=\"@SoyMigrante_com\" \/>\n\t\t<meta name=\"twitter:title\" content=\"\u201cCuando uno tiene un sue\u00f1o, no hay plan B\u201d: actor Arturo Castro\" \/>\n\t\t<meta name=\"twitter:description\" content=\"Considera el ser guatemalteco un \u201csuperpoder\u201d y ve en los migrantes hispanos radicados de EE.UU. una hermandad sin fronteras. Se r\u00ede de los estereotipos discriminatorios precisamente para desarmarlos a trav\u00e9s de su participaci\u00f3n en la serie Alternatino.\u200b El actor Arturo Castro figura en el reparto de The Menu, una pel\u00edcula elogiada por la cr\u00edtica y\" \/>\n\t\t<meta name=\"twitter:creator\" content=\"@SoyMigrante_com\" \/>\n\t\t<meta name=\"twitter:image\" content=\"https:\/\/soymigrante.com\/revista\/wp-content\/uploads\/2023\/02\/artennat.webp\" \/>\n\t\t<!-- All in One SEO Pro -->\r\n\t\t<title>\u201cCuando uno tiene un sue\u00f1o, no hay plan B\u201d: actor Arturo Castro<\/title>\n\n","aioseo_head_json":{"title":"\u201cCuando uno tiene un sue\u00f1o, no hay plan B\u201d: actor Arturo Castro","description":"Considera el ser guatemalteco un \u201csuperpoder\u201d y ve en los migrantes hispanos radicados de EE.UU. una hermandad sin fronteras. Se r\u00ede de los estereotipos discriminatorios precisamente para desarmarlos a trav\u00e9s de su participaci\u00f3n en la serie Alternatino.\u200b El actor Arturo Castro figura en el reparto de The Menu, una pel\u00edcula elogiada por la cr\u00edtica y","canonical_url":"https:\/\/soymigrante.com\/revista\/actor-arturo-castro\/","robots":"max-snippet:-1, max-image-preview:large, max-video-preview:-1","keywords":"","webmasterTools":{"miscellaneous":"&lt;link rel=\"preconnect\" href=\"https:\/\/fonts.googleapis.com\" crossorigin&gt;\n&lt;link rel=\"preconnect\" href=\"https:\/\/fonts.gstatic.com\" crossorigin&gt;"},"schema":null,"og:locale":"es_ES","og:site_name":"SoyMigrante.com REVISTA \u2013 Nuestra misi\u00f3n es reconocer y dignificar al migrante.","og:type":"article","og:title":"\u201cCuando uno tiene un sue\u00f1o, no hay plan B\u201d: actor Arturo Castro","og:description":"Considera el ser guatemalteco un \u201csuperpoder\u201d y ve en los migrantes hispanos radicados de EE.UU. una hermandad sin fronteras. Se r\u00ede de los estereotipos discriminatorios precisamente para desarmarlos a trav\u00e9s de su participaci\u00f3n en la serie Alternatino.\u200b El actor Arturo Castro figura en el reparto de The Menu, una pel\u00edcula elogiada por la cr\u00edtica y","og:url":"https:\/\/soymigrante.com\/revista\/actor-arturo-castro\/","og:image":"https:\/\/soymigrante.com\/revista\/wp-content\/uploads\/2023\/02\/artennat.webp","og:image:secure_url":"https:\/\/soymigrante.com\/revista\/wp-content\/uploads\/2023\/02\/artennat.webp","og:image:width":1280,"og:image:height":720,"article:published_time":"2023-05-26T00:12:51+00:00","article:modified_time":"2026-03-11T20:41:43+00:00","article:publisher":"https:\/\/www.facebook.com\/soymigrantecom","twitter:card":"summary_large_image","twitter:site":"@SoyMigrante_com","twitter:title":"\u201cCuando uno tiene un sue\u00f1o, no hay plan B\u201d: actor Arturo Castro","twitter:description":"Considera el ser guatemalteco un \u201csuperpoder\u201d y ve en los migrantes hispanos radicados de EE.UU. una hermandad sin fronteras. Se r\u00ede de los estereotipos discriminatorios precisamente para desarmarlos a trav\u00e9s de su participaci\u00f3n en la serie Alternatino.\u200b El actor Arturo Castro figura en el reparto de The Menu, una pel\u00edcula elogiada por la cr\u00edtica y","twitter:creator":"@SoyMigrante_com","twitter:image":"https:\/\/soymigrante.com\/revista\/wp-content\/uploads\/2023\/02\/artennat.webp"},"aioseo_meta_data":{"post_id":"23419","title":"Actor Dionicio Virvez filmar\u00e1 pel\u00edcula de acci\u00f3n en Guatemala","description":"El proyecto se llama Carretera de Supervivencia, bajo la direcci\u00f3n del guatemalteco Rodrigo Garc\u00eda Chapet\u00f3n. Se producir\u00e1 en suelo guatemalteco en este 2025.","keywords":null,"keyphrases":{"focus":{"keyphrase":"Actor","score":74,"analysis":{"keyphraseInTitle":{"score":9,"maxScore":9,"error":0},"keyphraseInDescription":{"score":3,"maxScore":9,"error":1},"keyphraseLength":{"score":9,"maxScore":9,"error":0,"length":1},"keyphraseInURL":{"score":5,"maxScore":5,"error":0},"keyphraseInIntroduction":{"score":3,"maxScore":9,"error":1},"keyphraseInSubHeadings":{"score":9,"maxScore":9,"error":0},"keyphraseInImageAlt":{"score":3,"maxScore":9,"error":1},"keywordDensity":{"type":"best","score":9,"maxScore":9,"error":0}}},"additional":[{"keyphrase":"Migrante","score":40,"analysis":{"keyphraseInDescription":{"score":3,"maxScore":9,"error":1},"keyphraseLength":{"score":9,"maxScore":9,"error":0,"length":1},"keyphraseInIntroduction":{"score":3,"maxScore":9,"error":1},"keyphraseInImageAlt":{"score":3,"maxScore":9,"error":1},"keywordDensity":{"score":0,"type":"low","maxScore":9,"error":1}}},{"keyphrase":"Pel\u00edcula","score":67,"analysis":{"keyphraseInDescription":{"score":3,"maxScore":9,"error":1},"keyphraseLength":{"score":9,"maxScore":9,"error":0,"length":2},"keyphraseInIntroduction":{"score":9,"maxScore":9,"error":0},"keyphraseInImageAlt":{"score":9,"maxScore":9,"error":0},"keywordDensity":{"score":0,"type":"low","maxScore":9,"error":1}}},{"keyphrase":"Dionicio Virvez","score":73,"analysis":{"keyphraseInDescription":{"score":3,"maxScore":9,"error":1},"keyphraseLength":{"score":9,"maxScore":9,"error":0,"length":2},"keyphraseInIntroduction":{"score":3,"maxScore":9,"error":1},"keyphraseInImageAlt":{"score":9,"maxScore":9,"error":0},"keywordDensity":{"type":"best","score":9,"maxScore":9,"error":0}}}]},"primary_term":null,"canonical_url":null,"og_title":null,"og_description":null,"og_object_type":"default","og_image_type":"default","og_image_url":null,"og_image_width":null,"og_image_height":null,"og_image_custom_url":null,"og_image_custom_fields":null,"og_video":"","og_custom_url":null,"og_article_section":null,"og_article_tags":null,"twitter_use_og":false,"twitter_card":"default","twitter_image_type":"default","twitter_image_url":null,"twitter_image_custom_url":null,"twitter_image_custom_fields":null,"twitter_title":null,"twitter_description":null,"schema":{"blockGraphs":[],"customGraphs":[],"default":{"data":{"Article":[],"Course":[],"Dataset":[],"FAQPage":[],"Movie":[],"Person":[],"Product":[],"ProductReview":[],"Car":[],"Recipe":[],"Service":[],"SoftwareApplication":[],"WebPage":[]},"graphName":"BlogPosting","isEnabled":true},"graphs":[]},"schema_type":"default","schema_type_options":null,"pillar_content":false,"robots_default":true,"robots_noindex":false,"robots_noarchive":false,"robots_nosnippet":false,"robots_nofollow":false,"robots_noimageindex":false,"robots_noodp":false,"robots_notranslate":false,"robots_max_snippet":"-1","robots_max_videopreview":"-1","robots_max_imagepreview":"large","priority":null,"frequency":"default","local_seo":null,"seo_analyzer_scan_date":"2025-10-09 02:18:29","breadcrumb_settings":null,"limit_modified_date":false,"reviewed_by":null,"open_ai":"{\"title\":{\"suggestions\":[],\"usage\":0},\"description\":{\"suggestions\":[],\"usage\":0}}","ai":null,"created":"2025-01-31 17:26:47","updated":"2026-02-04 21:04:40"},"aioseo_breadcrumb":"<div class=\"aioseo-breadcrumbs\"><span class=\"aioseo-breadcrumb\">\n\t<a href=\"https:\/\/soymigrante.com\/revista\" title=\"Home\">Home<\/a>\n<\/span><span class=\"aioseo-breadcrumb-separator\">\u00bb<\/span><span class=\"aioseo-breadcrumb\">\n\t<a href=\"https:\/\/soymigrante.com\/revista\/category\/estamos-unidos\/\" title=\"Estamos Unidos\">Estamos Unidos<\/a>\n<\/span><span class=\"aioseo-breadcrumb-separator\">\u00bb<\/span><span class=\"aioseo-breadcrumb\">\n\tActor migrante Dionicio Virvez participar\u00e1 en pel\u00edcula de acci\u00f3n producida en Guatemala\n<\/span><\/div>","aioseo_breadcrumb_json":[{"label":"Home","link":"https:\/\/soymigrante.com\/revista"},{"label":"Estamos Unidos","link":"https:\/\/soymigrante.com\/revista\/category\/estamos-unidos\/"},{"label":"Actor migrante Dionicio Virvez participar\u00e1 en pel\u00edcula de acci\u00f3n producida en Guatemala","link":"https:\/\/soymigrante.com\/revista\/pelicula-guatemalteca-dionicio-virvez-actor-migrante-2025\/"}],"_links":{"self":[{"href":"https:\/\/soymigrante.com\/revista\/wp-json\/wp\/v2\/posts\/23419","targetHints":{"allow":["GET"]}}],"collection":[{"href":"https:\/\/soymigrante.com\/revista\/wp-json\/wp\/v2\/posts"}],"about":[{"href":"https:\/\/soymigrante.com\/revista\/wp-json\/wp\/v2\/types\/post"}],"author":[{"embeddable":true,"href":"https:\/\/soymigrante.com\/revista\/wp-json\/wp\/v2\/users\/7"}],"replies":[{"embeddable":true,"href":"https:\/\/soymigrante.com\/revista\/wp-json\/wp\/v2\/comments?post=23419"}],"version-history":[{"count":0,"href":"https:\/\/soymigrante.com\/revista\/wp-json\/wp\/v2\/posts\/23419\/revisions"}],"wp:featuredmedia":[{"embeddable":true,"href":"https:\/\/soymigrante.com\/revista\/wp-json\/wp\/v2\/media\/23422"}],"wp:attachment":[{"href":"https:\/\/soymigrante.com\/revista\/wp-json\/wp\/v2\/media?parent=23419"}],"wp:term":[{"taxonomy":"category","embeddable":true,"href":"https:\/\/soymigrante.com\/revista\/wp-json\/wp\/v2\/categories?post=23419"},{"taxonomy":"post_tag","embeddable":true,"href":"https:\/\/soymigrante.com\/revista\/wp-json\/wp\/v2\/tags?post=23419"}],"curies":[{"name":"wp","href":"https:\/\/api.w.org\/{rel}","templated":true}]}}