{"id":23333,"date":"2025-02-11T06:30:00","date_gmt":"2025-02-11T12:30:00","guid":{"rendered":"https:\/\/soymigrante.com\/revista\/?p=23333"},"modified":"2025-08-27T23:39:04","modified_gmt":"2025-08-28T05:39:04","slug":"los-migrantes-en-estados-unidos-siempre-necesitan-del-carino-de-su-familia-para-seguir-adelante","status":"publish","type":"post","link":"https:\/\/soymigrante.com\/revista\/los-migrantes-en-estados-unidos-siempre-necesitan-del-carino-de-su-familia-para-seguir-adelante\/","title":{"rendered":"Los migrantes en Estados Unidos siempre necesitan del cari\u00f1o de su familia para seguir adelante"},"content":{"rendered":"\t\t<div data-elementor-type=\"wp-post\" data-elementor-id=\"23333\" class=\"elementor elementor-23333\" data-elementor-post-type=\"post\">\n\t\t\t\t<div data-particle_enable=\"false\" data-particle-mobile-disabled=\"false\" class=\"elementor-element elementor-element-f50ed7b e-flex e-con-boxed e-con e-parent\" data-id=\"f50ed7b\" data-element_type=\"container\" data-e-type=\"container\">\n\t\t\t\t\t<div class=\"e-con-inner\">\n\t\t\t\t<div class=\"elementor-element elementor-element-2b8af20 elementor-widget elementor-widget-heading\" data-id=\"2b8af20\" data-element_type=\"widget\" data-e-type=\"widget\" data-widget_type=\"heading.default\">\n\t\t\t\t\t<h2 class=\"elementor-heading-title elementor-size-default\">Los migrantes en Estados Unidos se encuentran a miles de kil\u00f3metros de su hogar, pero sus familias pueden mostrar cercan\u00eda con gestos de afecto, durante todo el a\u00f1o, pero especialmente en febrero. Desear un Feliz D\u00eda del Cari\u00f1o nunca est\u00e1 de m\u00e1s. <\/h2>\t\t\t\t<\/div>\n\t\t\t\t\t<\/div>\n\t\t\t\t<\/div>\n\t\t<div data-particle_enable=\"false\" data-particle-mobile-disabled=\"false\" class=\"elementor-element elementor-element-e559387 e-flex e-con-boxed e-con e-parent\" data-id=\"e559387\" data-element_type=\"container\" data-e-type=\"container\">\n\t\t\t\t\t<div class=\"e-con-inner\">\n\t\t\t\t<div class=\"elementor-element elementor-element-314f8bf elementor-widget elementor-widget-text-editor\" data-id=\"314f8bf\" data-element_type=\"widget\" data-e-type=\"widget\" data-widget_type=\"text-editor.default\">\n\t\t\t\t\t\t\t\t\t<p>Cada d\u00eda, miles de migrantes guatemaltecos en Estados Unidos env\u00edan remesas a sus familias en Guatemala. No es solo dinero; es un recordatorio de que, a pesar de la distancia, el amor y el compromiso siguen intactos. Trabajo de largas horas, a veces de uno, dos y hasta tres empleos como un acto de amor y responsabilidad.<\/p><p>Pero <a href=\"https:\/\/soymigrante.com\/revista\/consejos-para-parejas-migrantes-no-discutir-o-tratar-temas-delicados-frente-a-los-hijos\/\" target=\"_blank\" rel=\"noopener\">as\u00ed como ellos ayudan econ\u00f3micamente, tambi\u00e9n necesitan apoyo emocional<\/a>. La migraci\u00f3n no es solo un cambio de pa\u00eds, sino un desaf\u00edo constante lleno de incertidumbre, sacrificios y nostalgia. Recibir cari\u00f1o es una motivaci\u00f3n y no solo en el D\u00eda del Amor y de la Amistad, sino todas las semanas y d\u00edas del a\u00f1o.<\/p>\t\t\t\t\t\t\t\t<\/div>\n\t\t\t\t\t<\/div>\n\t\t\t\t<\/div>\n\t\t<div data-particle_enable=\"false\" data-particle-mobile-disabled=\"false\" class=\"elementor-element elementor-element-73465f4 e-flex e-con-boxed e-con e-parent\" data-id=\"73465f4\" data-element_type=\"container\" data-e-type=\"container\">\n\t\t\t\t\t<div class=\"e-con-inner\">\n\t\t\t\t<div class=\"elementor-element elementor-element-5afaf43 elementor-widget elementor-widget-heading\" data-id=\"5afaf43\" data-element_type=\"widget\" data-e-type=\"widget\" data-widget_type=\"heading.default\">\n\t\t\t\t\t<h3 class=\"elementor-heading-title elementor-size-default\">Mensajes y llamadas: la conexi\u00f3n que sostiene a los migrantes<\/h3>\t\t\t\t<\/div>\n\t\t\t\t\t<\/div>\n\t\t\t\t<\/div>\n\t\t<div data-particle_enable=\"false\" data-particle-mobile-disabled=\"false\" class=\"elementor-element elementor-element-e9188b8 e-flex e-con-boxed e-con e-parent\" data-id=\"e9188b8\" data-element_type=\"container\" data-e-type=\"container\">\n\t\t\t\t\t<div class=\"e-con-inner\">\n\t\t\t\t<div class=\"elementor-element elementor-element-9e389c5 elementor-widget elementor-widget-text-editor\" data-id=\"9e389c5\" data-element_type=\"widget\" data-e-type=\"widget\" data-widget_type=\"text-editor.default\">\n\t\t\t\t\t\t\t\t\t<p>Juan Carlos, originario de San Marcos, migr\u00f3 a Estados Unidos hace cinco a\u00f1os con la esperanza de mejorar la vida de sus padres y hermanos. Desde entonces, su rutina incluye una llamada diaria a su mam\u00e1.<\/p><p>\u201cCuando uno est\u00e1 lejos, la voz de la familia es el mejor consuelo. A veces, despu\u00e9s de un d\u00eda dif\u00edcil, solo escuchar un \u2018te extra\u00f1o\u2019 me da fuerzas para seguir\u201d, cuenta Juan Carlos.<\/p><p>Como \u00e9l, <a href=\"https:\/\/soymigrante.com\/revista\/consejos-para-parejas-migrantes-no-discutir-o-tratar-temas-delicados-frente-a-los-hijos\/\" target=\"_blank\" rel=\"noopener\">muchos migrantes se apoyan en videollamadas y mensajes de WhatsApp para sentir que siguen siendo parte del hogar.<\/a><\/p><p>Las familias en Guatemala juegan un papel fundamental al estar pendientes de sus seres queridos, envi\u00e1ndoles palabras de \u00e1nimo y record\u00e1ndoles que no est\u00e1n solos.<\/p>\t\t\t\t\t\t\t\t<\/div>\n\t\t\t\t\t<\/div>\n\t\t\t\t<\/div>\n\t\t<div data-particle_enable=\"false\" data-particle-mobile-disabled=\"false\" class=\"elementor-element elementor-element-08cab32 e-flex e-con-boxed e-con e-parent\" data-id=\"08cab32\" data-element_type=\"container\" data-e-type=\"container\">\n\t\t\t\t\t<div class=\"e-con-inner\">\n\t\t\t\t<div class=\"elementor-element elementor-element-8dbb6b0 elementor-widget elementor-widget-image\" data-id=\"8dbb6b0\" data-element_type=\"widget\" data-e-type=\"widget\" data-widget_type=\"image.default\">\n\t\t\t\t\t\t\t\t\t\t\t\t<figure class=\"wp-caption\">\n\t\t\t\t\t\t\t\t\t\t<img fetchpriority=\"high\" decoding=\"async\" width=\"683\" height=\"1024\" src=\"https:\/\/soymigrante.com\/revista\/wp-content\/uploads\/2025\/01\/Los-migrantes-en-Estados-Unidos-siempre-necesita-a-su-familia1-683x1024.jpg\" class=\"attachment-large size-large wp-image-23339\" alt=\"Cultivo de pi\u00f1a en un campo agr\u00edcola, mostrando trabajo rural y agricultura sostenible para fortalecer la econom\u00eda de inmigrantes en M\u00e9xico.\" srcset=\"https:\/\/soymigrante.com\/revista\/wp-content\/uploads\/2025\/01\/Los-migrantes-en-Estados-Unidos-siempre-necesita-a-su-familia1-683x1024.jpg 683w, https:\/\/soymigrante.com\/revista\/wp-content\/uploads\/2025\/01\/Los-migrantes-en-Estados-Unidos-siempre-necesita-a-su-familia1-200x300.jpg 200w, https:\/\/soymigrante.com\/revista\/wp-content\/uploads\/2025\/01\/Los-migrantes-en-Estados-Unidos-siempre-necesita-a-su-familia1-768x1151.jpg 768w, https:\/\/soymigrante.com\/revista\/wp-content\/uploads\/2025\/01\/Los-migrantes-en-Estados-Unidos-siempre-necesita-a-su-familia1-1025x1536.jpg 1025w, https:\/\/soymigrante.com\/revista\/wp-content\/uploads\/2025\/01\/Los-migrantes-en-Estados-Unidos-siempre-necesita-a-su-familia1-1366x2048.jpg 1366w, https:\/\/soymigrante.com\/revista\/wp-content\/uploads\/2025\/01\/Los-migrantes-en-Estados-Unidos-siempre-necesita-a-su-familia1-750x1124.webp 750w, https:\/\/soymigrante.com\/revista\/wp-content\/uploads\/2025\/01\/Los-migrantes-en-Estados-Unidos-siempre-necesita-a-su-familia1-1140x1709.webp 1140w, https:\/\/soymigrante.com\/revista\/wp-content\/uploads\/2025\/01\/Los-migrantes-en-Estados-Unidos-siempre-necesita-a-su-familia1-scaled.webp 1281w\" sizes=\"(max-width: 683px) 100vw, 683px\" title=\"Los migrantes en Estados Unidos siempre necesita a su familia1 \u2013 SoyMigrante.com REVISTA\" \/>\t\t\t\t\t\t\t\t\t\t\t<figcaption class=\"widget-image-caption wp-caption-text\">Trabajador agr\u00edcola cultivando pi\u00f1as en un campo, promoviendo la agricultura y el trabajo rural en comunidades inmigrantes mexicanas.<\/figcaption>\n\t\t\t\t\t\t\t\t\t\t<\/figure>\n\t\t\t\t\t\t\t\t\t<\/div>\n\t\t\t\t\t<\/div>\n\t\t\t\t<\/div>\n\t\t<div data-particle_enable=\"false\" data-particle-mobile-disabled=\"false\" class=\"elementor-element elementor-element-23d86aa e-flex e-con-boxed e-con e-parent\" data-id=\"23d86aa\" data-element_type=\"container\" data-e-type=\"container\">\n\t\t\t\t\t<div class=\"e-con-inner\">\n\t\t\t\t<div class=\"elementor-element elementor-element-3c9d5b0 elementor-widget elementor-widget-heading\" data-id=\"3c9d5b0\" data-element_type=\"widget\" data-e-type=\"widget\" data-widget_type=\"heading.default\">\n\t\t\t\t\t<h3 class=\"elementor-heading-title elementor-size-default\">Las remesas: m\u00e1s que dinero, un puente de amor<\/h3>\t\t\t\t<\/div>\n\t\t\t\t\t<\/div>\n\t\t\t\t<\/div>\n\t\t<div data-particle_enable=\"false\" data-particle-mobile-disabled=\"false\" class=\"elementor-element elementor-element-9c10210 e-flex e-con-boxed e-con e-parent\" data-id=\"9c10210\" data-element_type=\"container\" data-e-type=\"container\">\n\t\t\t\t\t<div class=\"e-con-inner\">\n\t\t\t\t<div class=\"elementor-element elementor-element-3e191b3 elementor-widget elementor-widget-text-editor\" data-id=\"3e191b3\" data-element_type=\"widget\" data-e-type=\"widget\" data-widget_type=\"text-editor.default\">\n\t\t\t\t\t\t\t\t\t<p>Las remesas son el reflejo del esfuerzo diario de los migrantes. Mariana, una madre soltera en Quetzaltenango, recibe dinero de su hija Ana, quien trabaja en un restaurante en Nueva York. Pero lo que m\u00e1s la emociona son los mensajes que acompa\u00f1an cada env\u00edo. \u201cElla siempre me escribe: \u2018Mam\u00e1, c\u00f3mprate algo bonito\u2019 o \u2018Espero que esto te ayude con la luz y el agua\u2019. Me hace sentir que sigue aqu\u00ed conmigo\u201d, dice Mariana.<\/p><p>En muchos hogares guatemaltecos, las remesas no solo cubren gastos b\u00e1sicos, <a href=\"https:\/\/soymigrante.com\/revista\/consejos-para-parejas-migrantes-no-discutir-o-tratar-temas-delicados-frente-a-los-hijos\/\" target=\"_blank\" rel=\"noopener\">sino que tambi\u00e9n refuerzan la uni\u00f3n familiar.<\/a> Son la manera en que los migrantes dicen \u201cno me olvido de ustedes\u201d, y a su vez, esperan sentir el mismo cari\u00f1o de regreso.<\/p>\t\t\t\t\t\t\t\t<\/div>\n\t\t\t\t\t<\/div>\n\t\t\t\t<\/div>\n\t\t<div data-particle_enable=\"false\" data-particle-mobile-disabled=\"false\" class=\"elementor-element elementor-element-8cfd49a e-flex e-con-boxed e-con e-parent\" data-id=\"8cfd49a\" data-element_type=\"container\" data-e-type=\"container\">\n\t\t\t\t\t<div class=\"e-con-inner\">\n\t\t\t\t<div class=\"elementor-element elementor-element-856f4f8 elementor-widget elementor-widget-image\" data-id=\"856f4f8\" data-element_type=\"widget\" data-e-type=\"widget\" data-widget_type=\"image.default\">\n\t\t\t\t\t\t\t\t\t\t\t\t<figure class=\"wp-caption\">\n\t\t\t\t\t\t\t\t\t\t<img decoding=\"async\" width=\"1024\" height=\"683\" src=\"https:\/\/soymigrante.com\/revista\/wp-content\/uploads\/2025\/01\/Los-migrantes-en-Estados-Unidos-siempre-necesita-a-su-familia4-1024x683.jpg\" class=\"attachment-large size-large wp-image-23340\" alt=\"Cuidado y poda de cultivos, agricultura sostenible, trabajador agr\u00edcola con herramientas, jardines, plantas verdes, t\u00e9cnicas de cultivo, mantenimiento agr\u00edcola, agricultura ecol\u00f3gica.\" srcset=\"https:\/\/soymigrante.com\/revista\/wp-content\/uploads\/2025\/01\/Los-migrantes-en-Estados-Unidos-siempre-necesita-a-su-familia4-1024x683.jpg 1024w, https:\/\/soymigrante.com\/revista\/wp-content\/uploads\/2025\/01\/Los-migrantes-en-Estados-Unidos-siempre-necesita-a-su-familia4-300x200.jpg 300w, https:\/\/soymigrante.com\/revista\/wp-content\/uploads\/2025\/01\/Los-migrantes-en-Estados-Unidos-siempre-necesita-a-su-familia4-768x512.jpg 768w, https:\/\/soymigrante.com\/revista\/wp-content\/uploads\/2025\/01\/Los-migrantes-en-Estados-Unidos-siempre-necesita-a-su-familia4-1536x1024.jpg 1536w, https:\/\/soymigrante.com\/revista\/wp-content\/uploads\/2025\/01\/Los-migrantes-en-Estados-Unidos-siempre-necesita-a-su-familia4-2048x1365.jpg 2048w, https:\/\/soymigrante.com\/revista\/wp-content\/uploads\/2025\/01\/Los-migrantes-en-Estados-Unidos-siempre-necesita-a-su-familia4-750x500.webp 750w, https:\/\/soymigrante.com\/revista\/wp-content\/uploads\/2025\/01\/Los-migrantes-en-Estados-Unidos-siempre-necesita-a-su-familia4-1140x760.webp 1140w, https:\/\/soymigrante.com\/revista\/wp-content\/uploads\/2025\/01\/Los-migrantes-en-Estados-Unidos-siempre-necesita-a-su-familia4-scaled.webp 1920w\" sizes=\"(max-width: 1024px) 100vw, 1024px\" title=\"Los migrantes en Estados Unidos siempre necesita a su familia4 \u2013 SoyMigrante.com REVISTA\" \/>\t\t\t\t\t\t\t\t\t\t\t<figcaption class=\"widget-image-caption wp-caption-text\">Un trabajador usando tijeras de poda en un campo de cultivo verde y frondoso en un entorno agr\u00edcola, promoviendo pr\u00e1cticas de agricultura sostenible y cuidado de plantas.<\/figcaption>\n\t\t\t\t\t\t\t\t\t\t<\/figure>\n\t\t\t\t\t\t\t\t\t<\/div>\n\t\t\t\t\t<\/div>\n\t\t\t\t<\/div>\n\t\t<div data-particle_enable=\"false\" data-particle-mobile-disabled=\"false\" class=\"elementor-element elementor-element-b3cbaa2 e-flex e-con-boxed e-con e-parent\" data-id=\"b3cbaa2\" data-element_type=\"container\" data-e-type=\"container\">\n\t\t\t\t\t<div class=\"e-con-inner\">\n\t\t\t\t<div class=\"elementor-element elementor-element-830a441 elementor-widget elementor-widget-heading\" data-id=\"830a441\" data-element_type=\"widget\" data-e-type=\"widget\" data-widget_type=\"heading.default\">\n\t\t\t\t\t<h3 class=\"elementor-heading-title elementor-size-default\">Apoyarse en la incertidumbre<\/h3>\t\t\t\t<\/div>\n\t\t\t\t\t<\/div>\n\t\t\t\t<\/div>\n\t\t<div data-particle_enable=\"false\" data-particle-mobile-disabled=\"false\" class=\"elementor-element elementor-element-e565d3a e-flex e-con-boxed e-con e-parent\" data-id=\"e565d3a\" data-element_type=\"container\" data-e-type=\"container\">\n\t\t\t\t\t<div class=\"e-con-inner\">\n\t\t\t\t<div class=\"elementor-element elementor-element-074ae6c elementor-widget elementor-widget-text-editor\" data-id=\"074ae6c\" data-element_type=\"widget\" data-e-type=\"widget\" data-widget_type=\"text-editor.default\">\n\t\t\t\t\t\t\t\t\t<p><a href=\"https:\/\/soymigrante.com\/revista\/consejos-para-parejas-migrantes-no-discutir-o-tratar-temas-delicados-frente-a-los-hijos\/\" target=\"_blank\" rel=\"noopener\">La vida de un migrante est\u00e1 llena de retos.<\/a> Desde la soledad y la discriminaci\u00f3n hasta la incertidumbre sobre su futuro legal, el camino no siempre es f\u00e1cil.<\/p><p>Durante la pandemia, Pedro, un migrante en Los \u00c1ngeles, perdi\u00f3 su empleo y pas\u00f3 semanas sin ingresos. Su familia en Guatemala, en lugar de esperar su ayuda econ\u00f3mica, decidi\u00f3 apoyarlo. \u201cMe mandaban mensajes todos los d\u00edas y, aunque no ten\u00edan mucho, me ofrecieron enviarme algo de dinero para que comiera. Eso me hizo sentir que no estaba solo\u201d, relata Pedro.<\/p>\t\t\t\t\t\t\t\t<\/div>\n\t\t\t\t\t<\/div>\n\t\t\t\t<\/div>\n\t\t<div data-particle_enable=\"false\" data-particle-mobile-disabled=\"false\" class=\"elementor-element elementor-element-884520d e-flex e-con-boxed e-con e-parent\" data-id=\"884520d\" data-element_type=\"container\" data-e-type=\"container\">\n\t\t\t\t\t<div class=\"e-con-inner\">\n\t\t\t\t<div class=\"elementor-element elementor-element-5ad1afa elementor-widget elementor-widget-text-editor\" data-id=\"5ad1afa\" data-element_type=\"widget\" data-e-type=\"widget\" data-widget_type=\"text-editor.default\">\n\t\t\t\t\t\t\t\t\t<p>Las familias tambi\u00e9n enfrentan dificultades cuando un ser querido migra. <a href=\"https:\/\/soymigrante.com\/revista\/consejos-para-parejas-migrantes-no-discutir-o-tratar-temas-delicados-frente-a-los-hijos\/\" target=\"_blank\" rel=\"noopener\">La ausencia pesa, y en muchos casos, la distancia genera malentendidos o resentimientos.<\/a> Sin embargo, la clave est\u00e1 en el apoyo mutuo.<\/p><p>Seg\u00fan la psic\u00f3loga \u00c1ngela Contreras, asegura, que los migrantes no solo esperan las gracias por las remesas, si no es m\u00e1s un mensaje de apoyo y amor, que no son olvidados por sus familias.<\/p>\t\t\t\t\t\t\t\t<\/div>\n\t\t\t\t\t<\/div>\n\t\t\t\t<\/div>\n\t\t<div data-particle_enable=\"false\" data-particle-mobile-disabled=\"false\" class=\"elementor-element elementor-element-1375d1c e-flex e-con-boxed e-con e-parent\" data-id=\"1375d1c\" data-element_type=\"container\" data-e-type=\"container\">\n\t\t\t\t\t<div class=\"e-con-inner\">\n\t\t\t\t<div class=\"elementor-element elementor-element-737684a elementor-widget elementor-widget-image\" data-id=\"737684a\" data-element_type=\"widget\" data-e-type=\"widget\" data-widget_type=\"image.default\">\n\t\t\t\t\t\t\t\t\t\t\t\t<figure class=\"wp-caption\">\n\t\t\t\t\t\t\t\t\t\t<img decoding=\"async\" width=\"683\" height=\"1024\" src=\"https:\/\/soymigrante.com\/revista\/wp-content\/uploads\/2025\/01\/Los-migrantes-en-Estados-Unidos-siempre-necesita-a-su-familia2-683x1024.jpg\" class=\"attachment-large size-large wp-image-23341\" alt=\"Trabajador agr\u00edcola cosechando plantas en un entorno natural sostenible y ecol\u00f3gico.\" srcset=\"https:\/\/soymigrante.com\/revista\/wp-content\/uploads\/2025\/01\/Los-migrantes-en-Estados-Unidos-siempre-necesita-a-su-familia2-683x1024.jpg 683w, https:\/\/soymigrante.com\/revista\/wp-content\/uploads\/2025\/01\/Los-migrantes-en-Estados-Unidos-siempre-necesita-a-su-familia2-200x300.jpg 200w, https:\/\/soymigrante.com\/revista\/wp-content\/uploads\/2025\/01\/Los-migrantes-en-Estados-Unidos-siempre-necesita-a-su-familia2-768x1152.jpg 768w, https:\/\/soymigrante.com\/revista\/wp-content\/uploads\/2025\/01\/Los-migrantes-en-Estados-Unidos-siempre-necesita-a-su-familia2-1024x1536.jpg 1024w, https:\/\/soymigrante.com\/revista\/wp-content\/uploads\/2025\/01\/Los-migrantes-en-Estados-Unidos-siempre-necesita-a-su-familia2-1365x2048.jpg 1365w, https:\/\/soymigrante.com\/revista\/wp-content\/uploads\/2025\/01\/Los-migrantes-en-Estados-Unidos-siempre-necesita-a-su-familia2-750x1125.webp 750w, https:\/\/soymigrante.com\/revista\/wp-content\/uploads\/2025\/01\/Los-migrantes-en-Estados-Unidos-siempre-necesita-a-su-familia2-1140x1710.webp 1140w, https:\/\/soymigrante.com\/revista\/wp-content\/uploads\/2025\/01\/Los-migrantes-en-Estados-Unidos-siempre-necesita-a-su-familia2-scaled.webp 1280w\" sizes=\"(max-width: 683px) 100vw, 683px\" title=\"Los migrantes en Estados Unidos siempre necesita a su familia2 \u2013 SoyMigrante.com REVISTA\" \/>\t\t\t\t\t\t\t\t\t\t\t<figcaption class=\"widget-image-caption wp-caption-text\">Cosecha en agricultura sostenible, trabajador en el campo con plantas verdes y frondosas, enfoque en trabajo agr\u00edcola y medio ambiente.<\/figcaption>\n\t\t\t\t\t\t\t\t\t\t<\/figure>\n\t\t\t\t\t\t\t\t\t<\/div>\n\t\t\t\t\t<\/div>\n\t\t\t\t<\/div>\n\t\t<div data-particle_enable=\"false\" data-particle-mobile-disabled=\"false\" class=\"elementor-element elementor-element-15af918 e-flex e-con-boxed e-con e-parent\" data-id=\"15af918\" data-element_type=\"container\" data-e-type=\"container\">\n\t\t\t\t\t<div class=\"e-con-inner\">\n\t\t\t\t<div class=\"elementor-element elementor-element-b769d5f elementor-widget elementor-widget-heading\" data-id=\"b769d5f\" data-element_type=\"widget\" data-e-type=\"widget\" data-widget_type=\"heading.default\">\n\t\t\t\t\t<h3 class=\"elementor-heading-title elementor-size-default\">M\u00e1s all\u00e1 del dinero: el valor de la presencia emocional<\/h3>\t\t\t\t<\/div>\n\t\t\t\t\t<\/div>\n\t\t\t\t<\/div>\n\t\t<div data-particle_enable=\"false\" data-particle-mobile-disabled=\"false\" class=\"elementor-element elementor-element-6e2149e e-flex e-con-boxed e-con e-parent\" data-id=\"6e2149e\" data-element_type=\"container\" data-e-type=\"container\">\n\t\t\t\t\t<div class=\"e-con-inner\">\n\t\t\t\t<div class=\"elementor-element elementor-element-13c2252 elementor-widget elementor-widget-text-editor\" data-id=\"13c2252\" data-element_type=\"widget\" data-e-type=\"widget\" data-widget_type=\"text-editor.default\">\n\t\t\t\t\t\t\t\t\t<p><a href=\"https:\/\/soymigrante.com\/revista\/consejos-para-parejas-migrantes-no-discutir-o-tratar-temas-delicados-frente-a-los-hijos\/\" target=\"_blank\" rel=\"noopener\">El migrante necesita saber que su sacrificio vale la pena<\/a>, pero tambi\u00e9n que sigue siendo parte de su familia.<\/p><p>\u201cNo siempre podr\u00e1 estar presente en cumplea\u00f1os, Navidades o momentos dif\u00edciles, pero el amor no tiene fronteras. Un mensaje, una llamada o una oraci\u00f3n pueden ser el mejor regalo\u201d, coment\u00f3 la profesional.<\/p>\t\t\t\t\t\t\t\t<\/div>\n\t\t\t\t\t<\/div>\n\t\t\t\t<\/div>\n\t\t<div data-particle_enable=\"false\" data-particle-mobile-disabled=\"false\" class=\"elementor-element elementor-element-99a601c e-flex e-con-boxed e-con e-parent\" data-id=\"99a601c\" data-element_type=\"container\" data-e-type=\"container\">\n\t\t\t\t\t<div class=\"e-con-inner\">\n\t\t\t\t<div class=\"elementor-element elementor-element-b4c5f67 elementor-widget elementor-widget-text-editor\" data-id=\"b4c5f67\" data-element_type=\"widget\" data-e-type=\"widget\" data-widget_type=\"text-editor.default\">\n\t\t\t\t\t\t\t\t\t<p>La distancia separa cuerpos, pero no corazones. <a href=\"https:\/\/soymigrante.com\/revista\/consejos-para-parejas-migrantes-no-discutir-o-tratar-temas-delicados-frente-a-los-hijos\/\" target=\"_blank\" rel=\"noopener\">Migrar es un acto de valent\u00eda, y el apoyo familiar es el lazo que permite seguir adelante.<\/a> Porque al final, el migrante siempre necesita a su familia, y la familia siempre necesita al migrante.<\/p>\t\t\t\t\t\t\t\t<\/div>\n\t\t\t\t\t<\/div>\n\t\t\t\t<\/div>\n\t\t<div data-particle_enable=\"false\" data-particle-mobile-disabled=\"false\" class=\"elementor-element elementor-element-88385ed e-flex e-con-boxed e-con e-parent\" data-id=\"88385ed\" data-element_type=\"container\" data-e-type=\"container\">\n\t\t\t\t\t<div class=\"e-con-inner\">\n\t\t\t\t<div class=\"elementor-element elementor-element-99f9c23 elementor-widget elementor-widget-heading\" data-id=\"99f9c23\" data-element_type=\"widget\" data-e-type=\"widget\" data-widget_type=\"heading.default\">\n\t\t\t\t\t<h2 class=\"elementor-heading-title elementor-size-default\">Conoce como puedes estar cerca de tu familia, as\u00ed\u2026<\/h2>\t\t\t\t<\/div>\n\t\t\t\t\t<\/div>\n\t\t\t\t<\/div>\n\t\t<div data-particle_enable=\"false\" data-particle-mobile-disabled=\"false\" class=\"elementor-element elementor-element-2edb107 e-flex e-con-boxed e-con e-parent\" data-id=\"2edb107\" data-element_type=\"container\" data-e-type=\"container\">\n\t\t\t\t\t<div class=\"e-con-inner\">\n\t\t\t\t<div class=\"elementor-element elementor-element-9868145 elementor-grid-eael-col-3 elementor-grid-tablet-eael-col-2 elementor-grid-mobile-eael-col-1 elementor-widget elementor-widget-eael-post-grid\" data-id=\"9868145\" data-element_type=\"widget\" data-e-type=\"widget\" data-settings=\"{&quot;eael_post_grid_columns&quot;:&quot;eael-col-3&quot;,&quot;eael_post_grid_columns_tablet&quot;:&quot;eael-col-2&quot;,&quot;eael_post_grid_columns_mobile&quot;:&quot;eael-col-1&quot;}\" data-widget_type=\"eael-post-grid.default\">\n\t\t\t\t\t<div id=\"eael-post-grid-9868145\" class=\"eael-post-grid-container\">\n            <div class=\"eael-post-grid eael-post-appender eael-post-appender-9868145 eael-post-grid-style-one\" data-layout-mode=\"masonry\"><article class=\"eael-grid-post  eael-post-grid-column eael-pg-post-9130 category-bienestar\" data-id=\"9130\">\n        <div class=\"eael-grid-post-holder\">\n            <div class=\"eael-grid-post-holder-inner\"><div class=\"eael-entry-media\"><div class=\"eael-entry-overlay fade-in\"><i class=\"far fa-hand-pointer\" aria-hidden=\"true\"><\/i><a href=\"https:\/\/soymigrante.com\/revista\/estas-lejos-de-tus-hijos-seis-claves-para-mantener-una-comunicacion-efectiva\/\"><\/a><\/div><div class=\"eael-entry-thumbnail \">\n                <img loading=\"lazy\" decoding=\"async\" width=\"693\" height=\"693\" src=\"https:\/\/soymigrante.com\/revista\/wp-content\/uploads\/2024\/09\/hijos-videollamada.webp\" class=\"attachment-large size-large wp-image-9215\" alt=\"Conexi\u00f3n familiar, maternidad, tecnolog\u00eda para ni\u00f1os, educaci\u00f3n digital, entretenimiento infantil, interacci\u00f3n madre e hija, uso responsable de dispositivos, aprendizaje y diversi\u00f3n, innovaci\u00f3n en la educaci\u00f3n familiar.\" srcset=\"https:\/\/soymigrante.com\/revista\/wp-content\/uploads\/2024\/09\/hijos-videollamada.webp 693w, https:\/\/soymigrante.com\/revista\/wp-content\/uploads\/2024\/09\/hijos-videollamada-300x300.webp 300w, https:\/\/soymigrante.com\/revista\/wp-content\/uploads\/2024\/09\/hijos-videollamada-150x150.webp 150w, https:\/\/soymigrante.com\/revista\/wp-content\/uploads\/2024\/09\/hijos-videollamada-75x75.webp 75w\" sizes=\"(max-width: 693px) 100vw, 693px\" \/>\n            <\/div>\n        <\/div><div class=\"eael-entry-wrapper\"><header class=\"eael-entry-header\"><h2 class=\"eael-entry-title\"><a class=\"eael-grid-post-link\" href=\"https:\/\/soymigrante.com\/revista\/estas-lejos-de-tus-hijos-seis-claves-para-mantener-una-comunicacion-efectiva\/\" title=\"\u00bfEst\u00e1s lejos de tus hijos? Seis claves para mantener una comunicaci\u00f3n efectiva\">\u00bfEst\u00e1s lejos de tus hijos? Seis claves para mantener una comunicaci\u00f3n efectiva<\/a><\/h2><\/header><div class=\"eael-entry-content\">\n                        <div class=\"eael-grid-post-excerpt\"><a href=\"https:\/\/soymigrante.com\/revista\/estas-lejos-de-tus-hijos-seis-claves-para-mantener-una-comunicacion-efectiva\/\" class=\"eael-post-elements-readmore-btn\">CONOCE SU HISTORIA <\/a><\/div>\n                    <\/div><\/div><\/div>\n        <\/div>\n    <\/article><article class=\"eael-grid-post  eael-post-grid-column eael-pg-post-2715 category-guate-nuestra tags-en-familia\" data-id=\"2715\">\n        <div class=\"eael-grid-post-holder\">\n            <div class=\"eael-grid-post-holder-inner\"><div class=\"eael-entry-media\"><div class=\"eael-entry-overlay fade-in\"><i class=\"far fa-hand-pointer\" aria-hidden=\"true\"><\/i><a href=\"https:\/\/soymigrante.com\/revista\/la-fe-de-las-familias-acompana-a-migrantes-guatemaltecos-que-buscan-salir-adelante\/\"><\/a><\/div><div class=\"eael-entry-thumbnail \">\n                <img loading=\"lazy\" decoding=\"async\" width=\"1024\" height=\"682\" src=\"https:\/\/soymigrante.com\/revista\/wp-content\/uploads\/2023\/09\/Las-celebraciones-de-misa-acuden-familiares-madres-esposas-e-hijos-de-migrantes-guatemaltecos-1024x682.webp\" class=\"attachment-large size-large wp-image-2725\" alt=\"Las celebraciones de misa acuden familiares madres, esposas e hijos de migrantes guatemaltecos\" srcset=\"https:\/\/soymigrante.com\/revista\/wp-content\/uploads\/2023\/09\/Las-celebraciones-de-misa-acuden-familiares-madres-esposas-e-hijos-de-migrantes-guatemaltecos-1024x682.webp 1024w, https:\/\/soymigrante.com\/revista\/wp-content\/uploads\/2023\/09\/Las-celebraciones-de-misa-acuden-familiares-madres-esposas-e-hijos-de-migrantes-guatemaltecos-300x200.webp 300w, https:\/\/soymigrante.com\/revista\/wp-content\/uploads\/2023\/09\/Las-celebraciones-de-misa-acuden-familiares-madres-esposas-e-hijos-de-migrantes-guatemaltecos-768x512.webp 768w, https:\/\/soymigrante.com\/revista\/wp-content\/uploads\/2023\/09\/Las-celebraciones-de-misa-acuden-familiares-madres-esposas-e-hijos-de-migrantes-guatemaltecos-1536x1023.webp 1536w, https:\/\/soymigrante.com\/revista\/wp-content\/uploads\/2023\/09\/Las-celebraciones-de-misa-acuden-familiares-madres-esposas-e-hijos-de-migrantes-guatemaltecos-750x500.webp 750w, https:\/\/soymigrante.com\/revista\/wp-content\/uploads\/2023\/09\/Las-celebraciones-de-misa-acuden-familiares-madres-esposas-e-hijos-de-migrantes-guatemaltecos-1140x760.webp 1140w, https:\/\/soymigrante.com\/revista\/wp-content\/uploads\/2023\/09\/Las-celebraciones-de-misa-acuden-familiares-madres-esposas-e-hijos-de-migrantes-guatemaltecos-600x400.webp 600w, https:\/\/soymigrante.com\/revista\/wp-content\/uploads\/2023\/09\/Las-celebraciones-de-misa-acuden-familiares-madres-esposas-e-hijos-de-migrantes-guatemaltecos.webp 1600w\" sizes=\"(max-width: 1024px) 100vw, 1024px\" \/>\n            <\/div>\n        <\/div><div class=\"eael-entry-wrapper\"><header class=\"eael-entry-header\"><h2 class=\"eael-entry-title\"><a class=\"eael-grid-post-link\" href=\"https:\/\/soymigrante.com\/revista\/la-fe-de-las-familias-acompana-a-migrantes-guatemaltecos-que-buscan-salir-adelante\/\" title=\"La fe de las familias acompa\u00f1a a migrantes guatemaltecos que buscan salir adelante\">La fe de las familias acompa\u00f1a a migrantes guatemaltecos que buscan salir adelante<\/a><\/h2><\/header><div class=\"eael-entry-content\">\n                        <div class=\"eael-grid-post-excerpt\"><a href=\"https:\/\/soymigrante.com\/revista\/la-fe-de-las-familias-acompana-a-migrantes-guatemaltecos-que-buscan-salir-adelante\/\" class=\"eael-post-elements-readmore-btn\">CONOCE SU HISTORIA <\/a><\/div>\n                    <\/div><\/div><\/div>\n        <\/div>\n    <\/article><article class=\"eael-grid-post  eael-post-grid-column eael-pg-post-1413 category-en-familia\" data-id=\"1413\">\n        <div class=\"eael-grid-post-holder\">\n            <div class=\"eael-grid-post-holder-inner\"><div class=\"eael-entry-media\"><div class=\"eael-entry-overlay fade-in\"><i class=\"far fa-hand-pointer\" aria-hidden=\"true\"><\/i><a href=\"https:\/\/soymigrante.com\/revista\/consejos-para-parejas-migrantes-no-discutir-o-tratar-temas-delicados-frente-a-los-hijos\/\"><\/a><\/div><div class=\"eael-entry-thumbnail \">\n                <img loading=\"lazy\" decoding=\"async\" width=\"1024\" height=\"659\" src=\"https:\/\/soymigrante.com\/revista\/wp-content\/uploads\/2023\/06\/Las-discusiones-de-padres-frente-a-los-hijos-son-inconvenientes-y-daninas-2-1024x659.webp\" class=\"attachment-large size-large wp-image-1418\" alt=\"\" srcset=\"https:\/\/soymigrante.com\/revista\/wp-content\/uploads\/2023\/06\/Las-discusiones-de-padres-frente-a-los-hijos-son-inconvenientes-y-daninas-2-1024x659.webp 1024w, https:\/\/soymigrante.com\/revista\/wp-content\/uploads\/2023\/06\/Las-discusiones-de-padres-frente-a-los-hijos-son-inconvenientes-y-daninas-2-300x193.webp 300w, https:\/\/soymigrante.com\/revista\/wp-content\/uploads\/2023\/06\/Las-discusiones-de-padres-frente-a-los-hijos-son-inconvenientes-y-daninas-2-768x494.webp 768w, https:\/\/soymigrante.com\/revista\/wp-content\/uploads\/2023\/06\/Las-discusiones-de-padres-frente-a-los-hijos-son-inconvenientes-y-daninas-2-750x483.webp 750w, https:\/\/soymigrante.com\/revista\/wp-content\/uploads\/2023\/06\/Las-discusiones-de-padres-frente-a-los-hijos-son-inconvenientes-y-daninas-2-1140x734.webp 1140w, https:\/\/soymigrante.com\/revista\/wp-content\/uploads\/2023\/06\/Las-discusiones-de-padres-frente-a-los-hijos-son-inconvenientes-y-daninas-2.webp 1345w\" sizes=\"(max-width: 1024px) 100vw, 1024px\" \/>\n            <\/div>\n        <\/div><div class=\"eael-entry-wrapper\"><header class=\"eael-entry-header\"><h2 class=\"eael-entry-title\"><a class=\"eael-grid-post-link\" href=\"https:\/\/soymigrante.com\/revista\/consejos-para-parejas-migrantes-no-discutir-o-tratar-temas-delicados-frente-a-los-hijos\/\" title=\"Claves para abordar temas y situaciones dif\u00edciles en pareja\">Claves para abordar temas y situaciones dif\u00edciles en pareja<\/a><\/h2><\/header><div class=\"eael-entry-content\">\n                        <div class=\"eael-grid-post-excerpt\"><a href=\"https:\/\/soymigrante.com\/revista\/consejos-para-parejas-migrantes-no-discutir-o-tratar-temas-delicados-frente-a-los-hijos\/\" class=\"eael-post-elements-readmore-btn\">CONOCE SU HISTORIA <\/a><\/div>\n                    <\/div><\/div><\/div>\n        <\/div>\n    <\/article><\/div>\n            <div class=\"clearfix\"><\/div>\n        <\/div>\t\t\t\t<\/div>\n\t\t\t\t\t<\/div>\n\t\t\t\t<\/div>\n\t\t\t\t<\/div>\n\t\t","protected":false},"excerpt":{"rendered":"<p>Los migrantes en Estados Unidos se encuentran a miles de kil\u00f3metros de su hogar, pero sus familias pueden mostrar cercan\u00eda con gestos de afecto, durante todo el a\u00f1o, pero especialmente en febrero. Desear un Feliz D\u00eda del Cari\u00f1o nunca est\u00e1 de m\u00e1s. Cada d\u00eda, miles de migrantes guatemaltecos en Estados Unidos env\u00edan remesas a sus [&hellip;]<\/p>\n","protected":false},"author":19,"featured_media":23334,"comment_status":"open","ping_status":"open","sticky":false,"template":"","format":"standard","meta":{"_acf_changed":false,"_eb_attr":"","footnotes":""},"categories":[54],"tags":[81],"class_list":["post-23333","post","type-post","status-publish","format-standard","has-post-thumbnail","hentry","category-estamos-unidos","tag-en-familia"],"acf":[],"aioseo_notices":[],"aioseo_head":"\n\t\t<!-- All in One SEO Pro 4.9.6.2 - aioseo.com -->\n\t<meta name=\"description\" content=\"Nunca faltan dificultades, imprevistos y cambios sobre todo en la vida de familias migrantes. El psic\u00f3logo y orientador familiar guatemalteco Roberto L\u00f3pez brinda algunas claves sencillas para enfrentar con di\u00e1logo y asertividad estos momentos. \u00bfQu\u00e9 ocurre cuando los padres hablan de problemas econ\u00f3micos o dificultades de la vida migrante, en presencia de ni\u00f1os? Esto puede\" \/>\n\t<meta name=\"robots\" content=\"max-snippet:-1, max-image-preview:large, max-video-preview:-1\" \/>\n\t<meta name=\"author\" content=\"Gustavo Montenegro\"\/>\n\t<link rel=\"canonical\" href=\"https:\/\/soymigrante.com\/revista\/consejos-para-parejas-migrantes-no-discutir-o-tratar-temas-delicados-frente-a-los-hijos\/\" \/>\n\t<meta name=\"generator\" content=\"All in One SEO Pro (AIOSEO) 4.9.6.2\" \/>\n\n\t\t<link rel=\"preconnect\" href=\"https:\/\/fonts.googleapis.com\" crossorigin>\n<link rel=\"preconnect\" href=\"https:\/\/fonts.gstatic.com\" crossorigin>\n\t\t<meta property=\"og:locale\" content=\"es_ES\" \/>\n\t\t<meta property=\"og:site_name\" content=\"SoyMigrante.com REVISTA \u2013 Nuestra misi\u00f3n es reconocer y dignificar al migrante.\" \/>\n\t\t<meta property=\"og:type\" content=\"article\" \/>\n\t\t<meta property=\"og:title\" content=\"Claves para abordar temas y situaciones dif\u00edciles en pareja\" \/>\n\t\t<meta property=\"og:description\" content=\"Nunca faltan dificultades, imprevistos y cambios sobre todo en la vida de familias migrantes. El psic\u00f3logo y orientador familiar guatemalteco Roberto L\u00f3pez brinda algunas claves sencillas para enfrentar con di\u00e1logo y asertividad estos momentos. \u00bfQu\u00e9 ocurre cuando los padres hablan de problemas econ\u00f3micos o dificultades de la vida migrante, en presencia de ni\u00f1os? Esto puede\" \/>\n\t\t<meta property=\"og:url\" content=\"https:\/\/soymigrante.com\/revista\/consejos-para-parejas-migrantes-no-discutir-o-tratar-temas-delicados-frente-a-los-hijos\/\" \/>\n\t\t<meta property=\"og:image\" content=\"https:\/\/soymigrante.com\/revista\/wp-content\/uploads\/2023\/06\/Las-discusiones-de-padres-frente-a-los-hijos-son-inconvenientes-y-daninas-2.webp\" \/>\n\t\t<meta property=\"og:image:secure_url\" content=\"https:\/\/soymigrante.com\/revista\/wp-content\/uploads\/2023\/06\/Las-discusiones-de-padres-frente-a-los-hijos-son-inconvenientes-y-daninas-2.webp\" \/>\n\t\t<meta property=\"og:image:width\" content=\"1345\" \/>\n\t\t<meta property=\"og:image:height\" content=\"866\" \/>\n\t\t<meta property=\"article:published_time\" content=\"2023-06-16T17:44:03+00:00\" \/>\n\t\t<meta property=\"article:modified_time\" content=\"2025-08-28T05:44:02+00:00\" \/>\n\t\t<meta property=\"article:publisher\" content=\"https:\/\/www.facebook.com\/soymigrantecom\" \/>\n\t\t<meta name=\"twitter:card\" content=\"summary_large_image\" \/>\n\t\t<meta name=\"twitter:site\" content=\"@SoyMigrante_com\" \/>\n\t\t<meta name=\"twitter:title\" content=\"Claves para abordar temas y situaciones dif\u00edciles en pareja\" \/>\n\t\t<meta name=\"twitter:description\" content=\"Nunca faltan dificultades, imprevistos y cambios sobre todo en la vida de familias migrantes. El psic\u00f3logo y orientador familiar guatemalteco Roberto L\u00f3pez brinda algunas claves sencillas para enfrentar con di\u00e1logo y asertividad estos momentos. \u00bfQu\u00e9 ocurre cuando los padres hablan de problemas econ\u00f3micos o dificultades de la vida migrante, en presencia de ni\u00f1os? Esto puede\" \/>\n\t\t<meta name=\"twitter:creator\" content=\"@SoyMigrante_com\" \/>\n\t\t<meta name=\"twitter:image\" content=\"https:\/\/soymigrante.com\/revista\/wp-content\/uploads\/2023\/06\/Las-discusiones-de-padres-frente-a-los-hijos-son-inconvenientes-y-daninas-2.webp\" \/>\n\t\t<!-- All in One SEO Pro -->\r\n\t\t<title>Claves para abordar temas y situaciones dif\u00edciles en pareja<\/title>\n\n","aioseo_head_json":{"title":"Claves para abordar temas y situaciones dif\u00edciles en pareja","description":"Nunca faltan dificultades, imprevistos y cambios sobre todo en la vida de familias migrantes. El psic\u00f3logo y orientador familiar guatemalteco Roberto L\u00f3pez brinda algunas claves sencillas para enfrentar con di\u00e1logo y asertividad estos momentos. \u00bfQu\u00e9 ocurre cuando los padres hablan de problemas econ\u00f3micos o dificultades de la vida migrante, en presencia de ni\u00f1os? Esto puede","canonical_url":"https:\/\/soymigrante.com\/revista\/consejos-para-parejas-migrantes-no-discutir-o-tratar-temas-delicados-frente-a-los-hijos\/","robots":"max-snippet:-1, max-image-preview:large, max-video-preview:-1","keywords":"","webmasterTools":{"miscellaneous":"&lt;link rel=\"preconnect\" href=\"https:\/\/fonts.googleapis.com\" crossorigin&gt;\n&lt;link rel=\"preconnect\" href=\"https:\/\/fonts.gstatic.com\" crossorigin&gt;"},"schema":null,"og:locale":"es_ES","og:site_name":"SoyMigrante.com REVISTA \u2013 Nuestra misi\u00f3n es reconocer y dignificar al migrante.","og:type":"article","og:title":"Claves para abordar temas y situaciones dif\u00edciles en pareja","og:description":"Nunca faltan dificultades, imprevistos y cambios sobre todo en la vida de familias migrantes. El psic\u00f3logo y orientador familiar guatemalteco Roberto L\u00f3pez brinda algunas claves sencillas para enfrentar con di\u00e1logo y asertividad estos momentos. \u00bfQu\u00e9 ocurre cuando los padres hablan de problemas econ\u00f3micos o dificultades de la vida migrante, en presencia de ni\u00f1os? Esto puede","og:url":"https:\/\/soymigrante.com\/revista\/consejos-para-parejas-migrantes-no-discutir-o-tratar-temas-delicados-frente-a-los-hijos\/","og:image":"https:\/\/soymigrante.com\/revista\/wp-content\/uploads\/2023\/06\/Las-discusiones-de-padres-frente-a-los-hijos-son-inconvenientes-y-daninas-2.webp","og:image:secure_url":"https:\/\/soymigrante.com\/revista\/wp-content\/uploads\/2023\/06\/Las-discusiones-de-padres-frente-a-los-hijos-son-inconvenientes-y-daninas-2.webp","og:image:width":1345,"og:image:height":866,"article:published_time":"2023-06-16T17:44:03+00:00","article:modified_time":"2025-08-28T05:44:02+00:00","article:publisher":"https:\/\/www.facebook.com\/soymigrantecom","twitter:card":"summary_large_image","twitter:site":"@SoyMigrante_com","twitter:title":"Claves para abordar temas y situaciones dif\u00edciles en pareja","twitter:description":"Nunca faltan dificultades, imprevistos y cambios sobre todo en la vida de familias migrantes. El psic\u00f3logo y orientador familiar guatemalteco Roberto L\u00f3pez brinda algunas claves sencillas para enfrentar con di\u00e1logo y asertividad estos momentos. \u00bfQu\u00e9 ocurre cuando los padres hablan de problemas econ\u00f3micos o dificultades de la vida migrante, en presencia de ni\u00f1os? Esto puede","twitter:creator":"@SoyMigrante_com","twitter:image":"https:\/\/soymigrante.com\/revista\/wp-content\/uploads\/2023\/06\/Las-discusiones-de-padres-frente-a-los-hijos-son-inconvenientes-y-daninas-2.webp"},"aioseo_meta_data":{"post_id":"23333","title":"#post_title","description":"Los migrantes en Estados Unidos est\u00e1n lejos, pero siempre quieren estar cerca de sus familias.","keywords":null,"keyphrases":{"focus":{"keyphrase":"migrantes","score":100,"analysis":{"keyphraseInTitle":{"score":9,"maxScore":9,"error":0},"keyphraseInDescription":{"score":9,"maxScore":9,"error":0},"keyphraseLength":{"score":9,"maxScore":9,"error":0,"length":1},"keyphraseInURL":{"score":5,"maxScore":5,"error":0},"keyphraseInIntroduction":{"score":9,"maxScore":9,"error":0},"keyphraseInSubHeadings":{"score":9,"maxScore":9,"error":0},"keyphraseInImageAlt":{"score":9,"maxScore":9,"error":0},"keywordDensity":{"type":"best","score":9,"maxScore":9,"error":0}}},"additional":[{"keyphrase":"migrantes","score":100,"analysis":{"keyphraseInDescription":{"score":9,"maxScore":9,"error":0},"keyphraseLength":{"score":9,"maxScore":9,"error":0,"length":1},"keyphraseInIntroduction":{"score":9,"maxScore":9,"error":0},"keyphraseInImageAlt":{"score":9,"maxScore":9,"error":0},"keywordDensity":{"type":"best","score":9,"maxScore":9,"error":0}}},{"keyphrase":"Estados Unidos","score":100,"analysis":{"keyphraseInDescription":{"score":9,"maxScore":9,"error":0},"keyphraseLength":{"score":9,"maxScore":9,"error":0,"length":2},"keyphraseInIntroduction":{"score":9,"maxScore":9,"error":0},"keyphraseInImageAlt":{"score":9,"maxScore":9,"error":0},"keywordDensity":{"type":"best","score":9,"maxScore":9,"error":0}}}]},"primary_term":null,"canonical_url":null,"og_title":null,"og_description":null,"og_object_type":"default","og_image_type":"default","og_image_url":null,"og_image_width":null,"og_image_height":null,"og_image_custom_url":null,"og_image_custom_fields":null,"og_video":"","og_custom_url":null,"og_article_section":null,"og_article_tags":null,"twitter_use_og":false,"twitter_card":"default","twitter_image_type":"default","twitter_image_url":null,"twitter_image_custom_url":null,"twitter_image_custom_fields":null,"twitter_title":null,"twitter_description":null,"schema":{"blockGraphs":[],"customGraphs":[],"default":{"data":{"Article":[],"Course":[],"Dataset":[],"FAQPage":[],"Movie":[],"Person":[],"Product":[],"ProductReview":[],"Car":[],"Recipe":[],"Service":[],"SoftwareApplication":[],"WebPage":[]},"graphName":"BlogPosting","isEnabled":true},"graphs":[]},"schema_type":"default","schema_type_options":null,"pillar_content":false,"robots_default":true,"robots_noindex":false,"robots_noarchive":false,"robots_nosnippet":false,"robots_nofollow":false,"robots_noimageindex":false,"robots_noodp":false,"robots_notranslate":false,"robots_max_snippet":"-1","robots_max_videopreview":"-1","robots_max_imagepreview":"large","priority":null,"frequency":"default","local_seo":null,"seo_analyzer_scan_date":"2025-10-09 02:34:40","breadcrumb_settings":null,"limit_modified_date":false,"reviewed_by":null,"open_ai":"{\"title\":{\"suggestions\":[],\"usage\":0},\"description\":{\"suggestions\":[],\"usage\":0}}","ai":null,"created":"2025-01-30 18:57:35","updated":"2026-02-04 21:13:55"},"aioseo_breadcrumb":"<div class=\"aioseo-breadcrumbs\"><span class=\"aioseo-breadcrumb\">\n\t<a href=\"https:\/\/soymigrante.com\/revista\" title=\"Home\">Home<\/a>\n<\/span><span class=\"aioseo-breadcrumb-separator\">\u00bb<\/span><span class=\"aioseo-breadcrumb\">\n\t<a href=\"https:\/\/soymigrante.com\/revista\/category\/estamos-unidos\/\" title=\"Estamos Unidos\">Estamos Unidos<\/a>\n<\/span><span class=\"aioseo-breadcrumb-separator\">\u00bb<\/span><span class=\"aioseo-breadcrumb\">\n\tLos migrantes en Estados Unidos siempre necesitan del cari\u00f1o de su familia para seguir adelante\n<\/span><\/div>","aioseo_breadcrumb_json":[{"label":"Home","link":"https:\/\/soymigrante.com\/revista"},{"label":"Estamos Unidos","link":"https:\/\/soymigrante.com\/revista\/category\/estamos-unidos\/"},{"label":"Los migrantes en Estados Unidos siempre necesitan del cari\u00f1o de su familia para seguir adelante","link":"https:\/\/soymigrante.com\/revista\/los-migrantes-en-estados-unidos-siempre-necesitan-del-carino-de-su-familia-para-seguir-adelante\/"}],"_links":{"self":[{"href":"https:\/\/soymigrante.com\/revista\/wp-json\/wp\/v2\/posts\/23333","targetHints":{"allow":["GET"]}}],"collection":[{"href":"https:\/\/soymigrante.com\/revista\/wp-json\/wp\/v2\/posts"}],"about":[{"href":"https:\/\/soymigrante.com\/revista\/wp-json\/wp\/v2\/types\/post"}],"author":[{"embeddable":true,"href":"https:\/\/soymigrante.com\/revista\/wp-json\/wp\/v2\/users\/19"}],"replies":[{"embeddable":true,"href":"https:\/\/soymigrante.com\/revista\/wp-json\/wp\/v2\/comments?post=23333"}],"version-history":[{"count":1,"href":"https:\/\/soymigrante.com\/revista\/wp-json\/wp\/v2\/posts\/23333\/revisions"}],"predecessor-version":[{"id":43009,"href":"https:\/\/soymigrante.com\/revista\/wp-json\/wp\/v2\/posts\/23333\/revisions\/43009"}],"wp:featuredmedia":[{"embeddable":true,"href":"https:\/\/soymigrante.com\/revista\/wp-json\/wp\/v2\/media\/23334"}],"wp:attachment":[{"href":"https:\/\/soymigrante.com\/revista\/wp-json\/wp\/v2\/media?parent=23333"}],"wp:term":[{"taxonomy":"category","embeddable":true,"href":"https:\/\/soymigrante.com\/revista\/wp-json\/wp\/v2\/categories?post=23333"},{"taxonomy":"post_tag","embeddable":true,"href":"https:\/\/soymigrante.com\/revista\/wp-json\/wp\/v2\/tags?post=23333"}],"curies":[{"name":"wp","href":"https:\/\/api.w.org\/{rel}","templated":true}]}}