{"id":23208,"date":"2025-01-29T14:21:22","date_gmt":"2025-01-29T20:21:22","guid":{"rendered":"https:\/\/soymigrante.com\/revista\/?p=23208"},"modified":"2025-06-05T11:24:51","modified_gmt":"2025-06-05T17:24:51","slug":"remesas-han-sido-el-recurso-mas-efectivo-para-reducir-pobreza-afirma-economista-guillermo-diaz","status":"publish","type":"post","link":"https:\/\/soymigrante.com\/revista\/remesas-han-sido-el-recurso-mas-efectivo-para-reducir-pobreza-afirma-economista-guillermo-diaz\/","title":{"rendered":"Remesas migrantes han reducido la pobreza m\u00e1s que cualquier otro factor: economista Guillermo D\u00edaz"},"content":{"rendered":"\t\t<div data-elementor-type=\"wp-post\" data-elementor-id=\"23208\" class=\"elementor elementor-23208\" data-elementor-post-type=\"post\">\n\t\t\t\t<div data-particle_enable=\"false\" data-particle-mobile-disabled=\"false\" class=\"elementor-element elementor-element-c19b335 e-flex e-con-boxed e-con e-parent\" data-id=\"c19b335\" data-element_type=\"container\" data-e-type=\"container\">\n\t\t\t\t\t<div class=\"e-con-inner\">\n\t\t\t\t<div class=\"elementor-element elementor-element-63a7a47 elementor-widget elementor-widget-heading\" data-id=\"63a7a47\" data-element_type=\"widget\" data-e-type=\"widget\" data-widget_type=\"heading.default\">\n\t\t\t\t\t<h2 class=\"elementor-heading-title elementor-size-default\"><span style=\"font-size: 31.2px\">Al estudiar el efecto de las remesas enviadas por migrantes guatemaltecos a su familias, un estudio dirigido por el economista Guillermo D\u00edaz, investigador de la Universidad Rafael Land\u00edvar, muestra que reducen m\u00e1s la pobreza de comunidades que los programas estatales.<\/span><\/h2>\t\t\t\t<\/div>\n\t\t\t\t\t<\/div>\n\t\t\t\t<\/div>\n\t\t<div data-particle_enable=\"false\" data-particle-mobile-disabled=\"false\" class=\"elementor-element elementor-element-75daa95 e-flex e-con-boxed e-con e-parent\" data-id=\"75daa95\" data-element_type=\"container\" data-e-type=\"container\">\n\t\t\t\t\t<div class=\"e-con-inner\">\n\t\t\t\t<div class=\"elementor-element elementor-element-84975dd elementor-widget elementor-widget-text-editor\" data-id=\"84975dd\" data-element_type=\"widget\" data-e-type=\"widget\" data-widget_type=\"text-editor.default\">\n\t\t\t\t\t\t\t\t\t<p><strong>Por Alejandra \u00c1lvarez, especial para SoyMigrante.com<\/strong><\/p>\t\t\t\t\t\t\t\t<\/div>\n\t\t\t\t\t<\/div>\n\t\t\t\t<\/div>\n\t\t<div data-particle_enable=\"false\" data-particle-mobile-disabled=\"false\" class=\"elementor-element elementor-element-5556ce3 e-flex e-con-boxed e-con e-parent\" data-id=\"5556ce3\" data-element_type=\"container\" data-e-type=\"container\">\n\t\t\t\t\t<div class=\"e-con-inner\">\n\t\t\t\t<div class=\"elementor-element elementor-element-33beb34 elementor-widget elementor-widget-html\" data-id=\"33beb34\" data-element_type=\"widget\" data-e-type=\"widget\" data-widget_type=\"html.default\">\n\t\t\t\t\t<div id=\"buzzsprout-player-16532808\"><\/div><script src=\"https:\/\/www.buzzsprout.com\/2444168\/episodes\/16532808-las-remesas-remesas_-el-motor-de-la-reduccion-de-pobreza-en-guatemala.js?container_id=buzzsprout-player-16532808&player=small\" type=\"text\/javascript\" charset=\"utf-8\"><\/script>\t\t\t\t<\/div>\n\t\t\t\t<div class=\"elementor-element elementor-element-0e982be elementor-widget elementor-widget-text-editor\" data-id=\"0e982be\" data-element_type=\"widget\" data-e-type=\"widget\" data-widget_type=\"text-editor.default\">\n\t\t\t\t\t\t\t\t\t<p>\u00a0<\/p><p>En 2024 se public\u00f3 el estudio sobre el i<a href=\"https:\/\/sie.url.edu.gt\/ac_vrip_remesas-2024\/\">mpacto de las remesas en Guatemala,<\/a> liderado por el Dr. Guillermo D\u00edaz, coordinador del departamento de Ciencias Econ\u00f3micas del Instituto de Investigaciones en Ciencias Socio Humanistas, de la Universidad Rafael Land\u00edvar. Seg\u00fan dicho an\u00e1lisis las remesas <a href=\"https:\/\/soymigrante.com\/revista\/los-guatemaltecos-estan-acostumbrados-a-superar-condiciones-adversas-pedro-pablo-solares-experto-migratorio\/\">migrantes<\/a>\u00a0 han sido un pilar fundamental en la reducci\u00f3n de la pobreza y\u00a0 superan incluso a las pol\u00edticas p\u00fablicas en t\u00e9rminos de mejora de vida para las comunidades m\u00e1s vulnerables.<\/p><p>A trav\u00e9s de un an\u00e1lisis territorial detallado, el estudio muestra que <a href=\"https:\/\/soymigrante.com\/revista\/remesas-de-migrantes-guatemaltecos-superan-los-us21-mil-millones-en-2024\/\">las remesas<\/a> no solo impulsan el consumo, sino que transforman la estructura social y cultural en los municipios guatemaltecos, mejorando la vivienda, la alimentaci\u00f3n y la educaci\u00f3n.\u00a0<\/p><p>Sin embargo, surgen desaf\u00edos, que representan un alto costo, tales como la separaci\u00f3n de familias o\u00a0 la dependencia econ\u00f3mica, lo que plantea la necesidad de redirigir estos recursos hacia proyectos productivos y sostenibles para garantizar un impacto duradero. A ello se suman los efectos de las pol\u00edticas antimigrantes impulsadas por el presidente Donald Trump desde el 20 de enero de 2025.<\/p><p>En entrevista\u00a0 el investigador comparte los hallazgos clave y las perspectivas sobre el futuro de las migraciones y su influencia en la econom\u00eda nacional.<\/p>\t\t\t\t\t\t\t\t<\/div>\n\t\t\t\t\t<\/div>\n\t\t\t\t<\/div>\n\t\t<div data-particle_enable=\"false\" data-particle-mobile-disabled=\"false\" class=\"elementor-element elementor-element-d50ec58 e-flex e-con-boxed e-con e-parent\" data-id=\"d50ec58\" data-element_type=\"container\" data-e-type=\"container\">\n\t\t\t\t\t<div class=\"e-con-inner\">\n\t\t\t\t<div class=\"elementor-element elementor-element-a884c89 elementor-widget elementor-widget-image\" data-id=\"a884c89\" data-element_type=\"widget\" data-e-type=\"widget\" data-widget_type=\"image.default\">\n\t\t\t\t\t\t\t\t\t\t\t\t<figure class=\"wp-caption\">\n\t\t\t\t\t\t\t\t\t\t<img fetchpriority=\"high\" decoding=\"async\" width=\"768\" height=\"768\" src=\"https:\/\/soymigrante.com\/revista\/wp-content\/uploads\/2025\/01\/migrantes-remesas-analisis-2.webp\" class=\"attachment-large size-large wp-image-23246\" alt=\"Manos sembrando y cosechando hortalizas en un campo agr\u00edcola en un atardecer, destacando la labor de los migrantes y agricultores en la producci\u00f3n alimentaria en M\u00e9xico y su importancia en la econom\u00eda agr\u00edcola.\" srcset=\"https:\/\/soymigrante.com\/revista\/wp-content\/uploads\/2025\/01\/migrantes-remesas-analisis-2.webp 1024w, https:\/\/soymigrante.com\/revista\/wp-content\/uploads\/2025\/01\/migrantes-remesas-analisis-2-300x300.png 300w, https:\/\/soymigrante.com\/revista\/wp-content\/uploads\/2025\/01\/migrantes-remesas-analisis-2-150x150.png 150w, https:\/\/soymigrante.com\/revista\/wp-content\/uploads\/2025\/01\/migrantes-remesas-analisis-2-768x768.png 768w, https:\/\/soymigrante.com\/revista\/wp-content\/uploads\/2025\/01\/migrantes-remesas-analisis-2-75x75.webp 75w, https:\/\/soymigrante.com\/revista\/wp-content\/uploads\/2025\/01\/migrantes-remesas-analisis-2-750x750.webp 750w\" sizes=\"(max-width: 768px) 100vw, 768px\" title=\"migrantes remesas analisis 2 \u2013 SoyMigrante.com REVISTA\" \/>\t\t\t\t\t\t\t\t\t\t\t<figcaption class=\"widget-image-caption wp-caption-text\">Trabajadores agr\u00edcolas migrantes cosechando verduras en un campo, destacando la labor de los migrantes en la agricultura mexicana y la importancia de la agricultura en la econom\u00eda y seguridad alimentaria en M\u00e9xico.<\/figcaption>\n\t\t\t\t\t\t\t\t\t\t<\/figure>\n\t\t\t\t\t\t\t\t\t<\/div>\n\t\t\t\t\t<\/div>\n\t\t\t\t<\/div>\n\t\t<div data-particle_enable=\"false\" data-particle-mobile-disabled=\"false\" class=\"elementor-element elementor-element-ee85dd6 e-flex e-con-boxed e-con e-parent\" data-id=\"ee85dd6\" data-element_type=\"container\" data-e-type=\"container\">\n\t\t\t\t\t<div class=\"e-con-inner\">\n\t\t\t\t<div class=\"elementor-element elementor-element-d5a834c elementor-widget elementor-widget-text-editor\" data-id=\"d5a834c\" data-element_type=\"widget\" data-e-type=\"widget\" data-widget_type=\"text-editor.default\">\n\t\t\t\t\t\t\t\t\t<p><b style=\"color: var( --e-global-color-text ); text-align: var(--text-align);\">\u00bfCu\u00e1l fue el objetivo de realizar este estudio?<\/b><\/p><p>En realidad, le tengo que confesar, yo no estaba estudiando migraciones. La becaria que estuvo conmigo, <a href=\"https:\/\/sie.url.edu.gt\/ac_vrip_remesas-2024\/\">Natalie Burke<\/a>, quer\u00eda estudiar migraciones por el impacto clim\u00e1tico y todo. Yo le dije que iba a ser muy dif\u00edcil y empezamos a ver c\u00f3mo pod\u00eda ella reorientar su investigaci\u00f3n.<\/p><p>Vimos que se ha escrito mucho sobre las causas de la migraci\u00f3n, pero hab\u00eda un vac\u00edo\u00a0 acerca de los efectos. Buscamos datos. Por ejemplo, la importancia de esos 18 mil 500 millones de d\u00f3lares que se recibieron en 2023, que impulsan el consumo y sostienen la econom\u00eda nacional. Pero no hab\u00eda algo reciente.\u00a0<\/p><p>Hab\u00eda algunos estudios, pero con encuestas un poco antiguas. As\u00ed empezamos a trabajar con la migraci\u00f3n de municipios, su nivel de pobreza y otros variables.\u00a0 Ah\u00ed surgi\u00f3 la pregunta si las remesas est\u00e1n contribuyendo o no a la reducci\u00f3n de la pobreza en las comunidades de origen.<\/p>\t\t\t\t\t\t\t\t<\/div>\n\t\t\t\t\t<\/div>\n\t\t\t\t<\/div>\n\t\t<div data-particle_enable=\"false\" data-particle-mobile-disabled=\"false\" class=\"elementor-element elementor-element-0cfad6a e-flex e-con-boxed e-con e-parent\" data-id=\"0cfad6a\" data-element_type=\"container\" data-e-type=\"container\">\n\t\t\t\t\t<div class=\"e-con-inner\">\n\t\t\t\t<div class=\"elementor-element elementor-element-b87fdc5 elementor-grid-eael-col-1 elementor-grid-tablet-eael-col-2 elementor-grid-mobile-eael-col-1 elementor-widget elementor-widget-eael-post-grid\" data-id=\"b87fdc5\" data-element_type=\"widget\" data-e-type=\"widget\" data-settings=\"{&quot;eael_post_grid_columns&quot;:&quot;eael-col-1&quot;,&quot;eael_post_grid_columns_tablet&quot;:&quot;eael-col-2&quot;,&quot;eael_post_grid_columns_mobile&quot;:&quot;eael-col-1&quot;}\" data-widget_type=\"eael-post-grid.default\">\n\t\t\t\t\t<div id=\"eael-post-grid-b87fdc5\" class=\"eael-post-grid-container\">\n            <div class=\"eael-post-grid eael-post-appender eael-post-appender-b87fdc5 eael-post-grid-style-one\" data-layout-mode=\"masonry\"><article class=\"eael-grid-post  eael-post-grid-column eael-pg-post-6131 category-estamos-unidos tags-remesas-migrantes\" data-id=\"6131\">\n        <div class=\"eael-grid-post-holder\">\n            <div class=\"eael-grid-post-holder-inner\"><div class=\"eael-entry-media\"><div class=\"eael-entry-overlay fade-in\"><i class=\"far fa-hand-pointer\" aria-hidden=\"true\"><\/i><a href=\"https:\/\/soymigrante.com\/revista\/arquitectura-de-remesas-vivienda-transformacion-migrants\/\"><\/a><\/div><div class=\"eael-entry-thumbnail eael-image-ratio\">\n                <img decoding=\"async\" width=\"1024\" height=\"392\" src=\"https:\/\/soymigrante.com\/revista\/wp-content\/uploads\/2024\/04\/Durante-los-primeros-60-dias-del-2024-Guatemala-recibio-US2-mil-996-millones-por-remesas-familiares-1024x392.webp\" class=\"attachment-large size-large wp-image-6132\" alt=\"Cargando un paisaje de alias de viviendas en un \u00e1rea rural de color blanco en una ladera monta\u00f1osa.\" srcset=\"https:\/\/soymigrante.com\/revista\/wp-content\/uploads\/2024\/04\/Durante-los-primeros-60-dias-del-2024-Guatemala-recibio-US2-mil-996-millones-por-remesas-familiares-1024x392.webp 1024w, https:\/\/soymigrante.com\/revista\/wp-content\/uploads\/2024\/04\/Durante-los-primeros-60-dias-del-2024-Guatemala-recibio-US2-mil-996-millones-por-remesas-familiares-300x115.webp 300w, https:\/\/soymigrante.com\/revista\/wp-content\/uploads\/2024\/04\/Durante-los-primeros-60-dias-del-2024-Guatemala-recibio-US2-mil-996-millones-por-remesas-familiares-768x294.webp 768w, https:\/\/soymigrante.com\/revista\/wp-content\/uploads\/2024\/04\/Durante-los-primeros-60-dias-del-2024-Guatemala-recibio-US2-mil-996-millones-por-remesas-familiares-750x287.webp 750w, https:\/\/soymigrante.com\/revista\/wp-content\/uploads\/2024\/04\/Durante-los-primeros-60-dias-del-2024-Guatemala-recibio-US2-mil-996-millones-por-remesas-familiares-1140x437.webp 1140w, https:\/\/soymigrante.com\/revista\/wp-content\/uploads\/2024\/04\/Durante-los-primeros-60-dias-del-2024-Guatemala-recibio-US2-mil-996-millones-por-remesas-familiares.webp 1449w\" sizes=\"(max-width: 1024px) 100vw, 1024px\" \/>\n            <\/div>\n        <\/div><div class=\"eael-entry-wrapper\"><header class=\"eael-entry-header\"><h2 class=\"eael-entry-title\"><a class=\"eael-grid-post-link\" href=\"https:\/\/soymigrante.com\/revista\/arquitectura-de-remesas-vivienda-transformacion-migrants\/\" title=\"Remesas migrantes transforman  viviendas y pueblos del occidente guatemalteco\">Remesas migrantes transforman  viviendas y pueblos del occidente guatemalteco<\/a><\/h2><\/header><div class=\"eael-entry-content\">\n                        <div class=\"eael-grid-post-excerpt\"><a href=\"https:\/\/soymigrante.com\/revista\/arquitectura-de-remesas-vivienda-transformacion-migrants\/\" class=\"eael-post-elements-readmore-btn\">CLIC PARA LEER ESTE ART\u00cdCULO<\/a><\/div>\n                    <\/div><\/div><\/div>\n        <\/div>\n    <\/article><\/div>\n            <div class=\"clearfix\"><\/div>\n        <\/div>\t\t\t\t<\/div>\n\t\t\t\t\t<\/div>\n\t\t\t\t<\/div>\n\t\t<div data-particle_enable=\"false\" data-particle-mobile-disabled=\"false\" class=\"elementor-element elementor-element-fb37eae e-flex e-con-boxed e-con e-parent\" data-id=\"fb37eae\" data-element_type=\"container\" data-e-type=\"container\">\n\t\t\t\t\t<div class=\"e-con-inner\">\n\t\t\t\t<div class=\"elementor-element elementor-element-6b8befd elementor-widget elementor-widget-text-editor\" data-id=\"6b8befd\" data-element_type=\"widget\" data-e-type=\"widget\" data-widget_type=\"text-editor.default\">\n\t\t\t\t\t\t\t\t\t<p><b style=\"color: var( --e-global-color-text ); text-align: var(--text-align);\">\u00bfCu\u00e1les son los hallazgos que m\u00e1s le sorprendieron?<\/b><\/p><p>Uno de los hallazgos que m\u00e1s llam\u00f3 la atenci\u00f3n fue que las remesas tienen un impacto mayor que las pol\u00edticas p\u00fablicas o estatales en la reducci\u00f3n de la pobreza. La colega Natalie Burke, quien es parte de esta investigaci\u00f3n,\u00a0 lo resaltaba. Considero que no somos un pa\u00eds con una tradici\u00f3n fuerte en pol\u00edtica p\u00fablica o gasto social. En el modelo que incluimos en la investigaci\u00f3n, medimos cu\u00e1nto de la inversi\u00f3n p\u00fablica del presupuesto se dedica en cada municipio, y aunque tiene un impacto, este es menor al de las remesas.<\/p><p>Otro hallazgo importante fue sobre la educaci\u00f3n. La educaci\u00f3n es una variable determinante, no solo aqu\u00ed, sino en toda Am\u00e9rica Latina. Realic\u00e9 un estudio sobre las tasas de pobreza en Am\u00e9rica Latina hasta 2016, y not\u00e9 que nuestra pobreza hab\u00eda subido, mientras que en otros pa\u00edses de la regi\u00f3n hab\u00eda bajado. Descubr\u00ed que esos pa\u00edses hab\u00edan invertido mucho m\u00e1s en educaci\u00f3n, especialmente en niveles m\u00e1s all\u00e1 de la primaria, logrando tasas de escolaridad secundaria bastante altas.<\/p><p>La educaci\u00f3n tiene un efecto importante, al igual que el empleo formal. En los municipios donde hay m\u00e1s empleo formal o m\u00e1s trabajadores con IGSS, las tasas de pobreza son m\u00e1s bajas. Pero entre todas estas variables, las remesas son las que tienen el mayor impacto.<\/p><p>Esto se explica porque las remesas son un ingreso directo a los hogares. Seg\u00fan la Organizaci\u00f3n Internacional para las Migraciones, OIM, en su \u00faltima encuesta de 2022, se calcul\u00f3 que las familias receptoras reciben un promedio de Q850 quetzales mensuales. Hay unas 600,000 familias receptoras, lo que representa aproximadamente 3 millones de personas beneficiadas por las remesas. Un 25% de esas familias menciona que las remesas son su principal fuente de ingreso y otro 25% se\u00f1ala que son su ingreso complementario. En total, el 50% depende en gran medida de las remesas.<\/p>\t\t\t\t\t\t\t\t<\/div>\n\t\t\t\t\t<\/div>\n\t\t\t\t<\/div>\n\t\t<div data-particle_enable=\"false\" data-particle-mobile-disabled=\"false\" class=\"elementor-element elementor-element-5de156f e-flex e-con-boxed e-con e-parent\" data-id=\"5de156f\" data-element_type=\"container\" data-e-type=\"container\">\n\t\t\t\t\t<div class=\"e-con-inner\">\n\t\t\t\t<div class=\"elementor-element elementor-element-320eeab elementor-widget elementor-widget-image\" data-id=\"320eeab\" data-element_type=\"widget\" data-e-type=\"widget\" data-widget_type=\"image.default\">\n\t\t\t\t\t\t\t\t\t\t\t\t<figure class=\"wp-caption\">\n\t\t\t\t\t\t\t\t\t\t<img decoding=\"async\" width=\"768\" height=\"497\" src=\"https:\/\/soymigrante.com\/revista\/wp-content\/uploads\/2023\/09\/Captura-de-pantalla-2023-09-06-183106.webp\" class=\"attachment-large size-large wp-image-2489\" alt=\"Mapa elaborado para la Encuesta Nacional de Remesas 2022 para mostrar a los departamentos con mayor cantidad de receptores de remesas. Los m\u00e1s oscuros tienen m\u00e1s, los m\u00e1s claros, menos.\" srcset=\"https:\/\/soymigrante.com\/revista\/wp-content\/uploads\/2023\/09\/Captura-de-pantalla-2023-09-06-183106.webp 1016w, https:\/\/soymigrante.com\/revista\/wp-content\/uploads\/2023\/09\/Captura-de-pantalla-2023-09-06-183106-300x194.webp 300w, https:\/\/soymigrante.com\/revista\/wp-content\/uploads\/2023\/09\/Captura-de-pantalla-2023-09-06-183106-768x497.webp 768w, https:\/\/soymigrante.com\/revista\/wp-content\/uploads\/2023\/09\/Captura-de-pantalla-2023-09-06-183106-750x486.webp 750w\" sizes=\"(max-width: 768px) 100vw, 768px\" title=\"Mapa elaborado para la Encuesta Nacional de Remesas 2022 para mostrar a los departamentos con mayor cantidad de receptores de remesas. Los m\u00e1s oscuros tienen m\u00e1s, los m\u00e1s claros, menos. \u2013 SoyMigrante.com REVISTA\" \/>\t\t\t\t\t\t\t\t\t\t\t<figcaption class=\"widget-image-caption wp-caption-text\">Mapa elaborado para la Encuesta Nacional de Remesas 2022 de la OIM para mostrar a los departamentos con mayor cantidad de receptores de remesas. Los m\u00e1s oscuros tienen m\u00e1s, los m\u00e1s claros, menos.<\/figcaption>\n\t\t\t\t\t\t\t\t\t\t<\/figure>\n\t\t\t\t\t\t\t\t\t<\/div>\n\t\t\t\t\t<\/div>\n\t\t\t\t<\/div>\n\t\t<div data-particle_enable=\"false\" data-particle-mobile-disabled=\"false\" class=\"elementor-element elementor-element-1452520 e-flex e-con-boxed e-con e-parent\" data-id=\"1452520\" data-element_type=\"container\" data-e-type=\"container\">\n\t\t\t\t\t<div class=\"e-con-inner\">\n\t\t\t\t<div class=\"elementor-element elementor-element-0e2f0bc elementor-widget elementor-widget-text-editor\" data-id=\"0e2f0bc\" data-element_type=\"widget\" data-e-type=\"widget\" data-widget_type=\"text-editor.default\">\n\t\t\t\t\t\t\t\t\t<p><b style=\"color: var( --e-global-color-text ); text-align: var(--text-align);\">\u00bfCu\u00e1les son los municipios que m\u00e1s destacan en este estudio en cuanto al beneficio de las remesas?<\/b><\/p><p>Las remesas est\u00e1n m\u00e1s concentradas en el \u00e1rea metropolitana, especialmente en el departamento de Guatemala: la capital, Villanueva y Mixco. A nivel departamental, tambi\u00e9n destacan Quetzaltenango, San Marcos y Huehuetenango. Dentro de estos departamentos, sobresalen lugares como Salcaj\u00e1 en Quetzaltenango. En general, la migraci\u00f3n tiende a ser un fen\u00f3meno m\u00e1s urbano, aunque tambi\u00e9n hay municipios rurales pr\u00f3ximos a las cabeceras que reciben remesas.<\/p><p><b>\u00bfQu\u00e9 otros efectos encontraron?<\/b><\/p><p>Al reducir la pobreza, las remesas mejoran los niveles de bienestar de las personas. Esto se traduce en inversi\u00f3n en educaci\u00f3n, salud y otros rubros. Por ejemplo, se mejora el acceso a la salud y la calidad de la educaci\u00f3n.<\/p><p>En una investigaci\u00f3n posterior realizada en comunidades espec\u00edficas, encontramos que las remesas se invierten principalmente en vivienda: las casas son m\u00e1s urbanas, con techos de losa y pisos cer\u00e1micos, en lugar de pisos de tierra. Tambi\u00e9n se mejora la alimentaci\u00f3n, aunque no siempre en todos los casos. Las comunidades mayas reflejan mejoras en su vestimenta, como huipiles y trajes tradicionales m\u00e1s elaborados, lo que denota la recepci\u00f3n de remesas.<\/p><p>Sin embargo, hay costos humanos significativos, como la disociaci\u00f3n familiar. Aunque la tecnolog\u00eda facilita la comunicaci\u00f3n, hay un sentimiento de soledad, especialmente entre mujeres que quedan a cargo de mayores responsabilidades. Adem\u00e1s, encontramos casos en los que las mujeres no tienen autonom\u00eda en el manejo de los recursos enviados, lo que genera frustraci\u00f3n.<\/p>\t\t\t\t\t\t\t\t<\/div>\n\t\t\t\t\t<\/div>\n\t\t\t\t<\/div>\n\t\t<div data-particle_enable=\"false\" data-particle-mobile-disabled=\"false\" class=\"elementor-element elementor-element-f62e267 e-flex e-con-boxed e-con e-parent\" data-id=\"f62e267\" data-element_type=\"container\" data-e-type=\"container\">\n\t\t\t\t\t<div class=\"e-con-inner\">\n\t\t\t\t<div class=\"elementor-element elementor-element-27233ba elementor-widget elementor-widget-image\" data-id=\"27233ba\" data-element_type=\"widget\" data-e-type=\"widget\" data-widget_type=\"image.default\">\n\t\t\t\t\t\t\t\t\t\t\t\t<figure class=\"wp-caption\">\n\t\t\t\t\t\t\t\t\t\t<img loading=\"lazy\" decoding=\"async\" width=\"768\" height=\"419\" src=\"https:\/\/soymigrante.com\/revista\/wp-content\/uploads\/2025\/01\/MIGRANTE-REMESAS-ENVATO-LABS-1024x559.png\" class=\"attachment-large size-large wp-image-23247\" alt=\"Trabajadores en construcci\u00f3n en un edificio en proceso, ilustraci\u00f3n digital.\" srcset=\"https:\/\/soymigrante.com\/revista\/wp-content\/uploads\/2025\/01\/MIGRANTE-REMESAS-ENVATO-LABS-1024x559.png 1024w, https:\/\/soymigrante.com\/revista\/wp-content\/uploads\/2025\/01\/MIGRANTE-REMESAS-ENVATO-LABS-300x164.png 300w, https:\/\/soymigrante.com\/revista\/wp-content\/uploads\/2025\/01\/MIGRANTE-REMESAS-ENVATO-LABS-768x419.png 768w, https:\/\/soymigrante.com\/revista\/wp-content\/uploads\/2025\/01\/MIGRANTE-REMESAS-ENVATO-LABS-750x409.webp 750w, https:\/\/soymigrante.com\/revista\/wp-content\/uploads\/2025\/01\/MIGRANTE-REMESAS-ENVATO-LABS-1140x622.webp 1140w, https:\/\/soymigrante.com\/revista\/wp-content\/uploads\/2025\/01\/MIGRANTE-REMESAS-ENVATO-LABS.webp 1408w\" sizes=\"(max-width: 768px) 100vw, 768px\" title=\"La construcci\u00f3n y reparaci\u00f3n de edificios y casas es otra \u00e1rea que ocupa mucha mano de obra migrante guatemalteca, incluso a pesar de que muchos trabajadores son indocumentados. \u2013 SoyMigrante.com REVISTA\" \/>\t\t\t\t\t\t\t\t\t\t\t<figcaption class=\"widget-image-caption wp-caption-text\">Obra en construcci\u00f3n con trabajadores en acci\u00f3n en un parque de viviendas o edificio en proceso de edificaci\u00f3n.<\/figcaption>\n\t\t\t\t\t\t\t\t\t\t<\/figure>\n\t\t\t\t\t\t\t\t\t<\/div>\n\t\t\t\t\t<\/div>\n\t\t\t\t<\/div>\n\t\t<div data-particle_enable=\"false\" data-particle-mobile-disabled=\"false\" class=\"elementor-element elementor-element-9966acd e-flex e-con-boxed e-con e-parent\" data-id=\"9966acd\" data-element_type=\"container\" data-e-type=\"container\">\n\t\t\t\t\t<div class=\"e-con-inner\">\n\t\t\t\t<div class=\"elementor-element elementor-element-3f36208 elementor-widget elementor-widget-text-editor\" data-id=\"3f36208\" data-element_type=\"widget\" data-e-type=\"widget\" data-widget_type=\"text-editor.default\">\n\t\t\t\t\t\t\t\t\t<p><b style=\"color: var( --e-global-color-text ); text-align: var(--text-align);\">\u00bfUstedes identificaron s\u00ed a largo plazo las personas creen que el costo de oportunidad, es decir, separarse de la familia, ha valido la pena?<\/b><\/p><p>Aunque no se abord\u00f3 directamente, algunos testimonios sugieren que muchos consideran que ha valido la pena por la mejora econ\u00f3mica lograda. Sin embargo, esta mejora es relativa. Hay casos en los que se observan\u00a0 \u201ccasas vac\u00edas\u201d, donde los padres de los migrantes no habitan las nuevas construcciones y permanecen en sus viviendas antiguas esperando el regreso.\u00a0<\/p><p><b>\u00bfHabr\u00e1 un impacto significativo sobre la remesa con Donald Trump en la presidencia de EE. UU.?<\/b><\/p><p>El impacto de las deportaciones masivas anunciadas por Trump no ser\u00eda tan inmediato ni tan sencillo. Aunque se estima que hay unos 12 millones de migrantes ilegales en EE. UU., deportar a tantos requerir\u00eda muchos recursos log\u00edsticos y legales. Adem\u00e1s, hay sectores clave como la construcci\u00f3n, agricultura y servicios que dependen de estos migrantes, lo que podr\u00eda frenar las deportaciones.<\/p><p>En cuanto a las remesas, si las deportaciones aumentan, se podr\u00eda generar una reducci\u00f3n. Sin embargo, no creemos que haya una ca\u00edda dr\u00e1stica. Las remesas seguir\u00e1n creciendo, aunque a un ritmo m\u00e1s bajo, alrededor del 4% en 2025, por lo que no prevemos un colapso total del flujo de dinero.<\/p>\t\t\t\t\t\t\t\t<\/div>\n\t\t\t\t\t<\/div>\n\t\t\t\t<\/div>\n\t\t<div data-particle_enable=\"false\" data-particle-mobile-disabled=\"false\" class=\"elementor-element elementor-element-30aaf22 e-flex e-con-boxed e-con e-parent\" data-id=\"30aaf22\" data-element_type=\"container\" data-e-type=\"container\">\n\t\t\t\t\t<div class=\"e-con-inner\">\n\t\t\t\t<div class=\"elementor-element elementor-element-b2753ef elementor-invisible elementor-widget elementor-widget-testimonial\" data-id=\"b2753ef\" data-element_type=\"widget\" data-e-type=\"widget\" data-settings=\"{&quot;_animation&quot;:&quot;rotateInUpRight&quot;}\" data-widget_type=\"testimonial.default\">\n\t\t\t\t\t\t\t<div class=\"elementor-testimonial-wrapper\">\n\t\t\t\t\t\t\t<div class=\"elementor-testimonial-content\"><div style=\"text-align: start\"><span style=\"color: var( --e-global-color-text );font-family: Roboto, sans-serif;font-size: 16px\"> <\/span><span style=\"color: var( --e-global-color-text );font-family: Roboto, sans-serif;font-size: 21px;font-weight: 500;background-color: var( --e-global-color-2aee0aa )\">\"L<\/span><span style=\"text-align: center;background-color: var( --e-global-color-2aee0aa )\">as remesas se invierten principalmente en vivienda: las casas son m\u00e1s urbanas, con techos de losa y pisos cer\u00e1micos, en lugar de pisos de tierra. Tambi\u00e9n se mejora la alimentaci\u00f3n... Las comunidades mayas reflejan mejoras en su vestimenta, como huipiles y trajes tradicionales m\u00e1s elaborados\"<\/span><\/div><\/div>\n\t\t\t\n\t\t\t\t\t\t<div class=\"elementor-testimonial-meta elementor-has-image elementor-testimonial-image-position-aside\">\n\t\t\t\t<div class=\"elementor-testimonial-meta-inner\">\n\t\t\t\t\t\t\t\t\t\t\t<div class=\"elementor-testimonial-image\">\n\t\t\t\t\t\t\t<img loading=\"lazy\" decoding=\"async\" width=\"903\" height=\"859\" src=\"https:\/\/soymigrante.com\/revista\/wp-content\/uploads\/2025\/01\/Captura-de-pantalla-2025-01-29-142047.webp\" class=\"attachment-full size-full wp-image-23248\" alt=\"Agente de migraci\u00f3n en una conferencia o evento, vistiendo traje formal y corbata, con expresi\u00f3n amigable y profesional, en un entorno exterior con fondo de naturaleza, promoviendo derechos y procesos migratorios en Am\u00e9rica Latina.\" title=\"Guillermo D\u00edaz sociologo y economista. Investigador que dirigi\u00f3 un estudio de Remesas de la Universidad Rafael Land\u00edvar \u2013 SoyMigrante.com REVISTA\" srcset=\"https:\/\/soymigrante.com\/revista\/wp-content\/uploads\/2025\/01\/Captura-de-pantalla-2025-01-29-142047.webp 903w, https:\/\/soymigrante.com\/revista\/wp-content\/uploads\/2025\/01\/Captura-de-pantalla-2025-01-29-142047-300x285.jpg 300w, https:\/\/soymigrante.com\/revista\/wp-content\/uploads\/2025\/01\/Captura-de-pantalla-2025-01-29-142047-768x731.jpg 768w, https:\/\/soymigrante.com\/revista\/wp-content\/uploads\/2025\/01\/Captura-de-pantalla-2025-01-29-142047-750x713.webp 750w\" sizes=\"(max-width: 903px) 100vw, 903px\" \/>\t\t\t\t\t\t<\/div>\n\t\t\t\t\t\n\t\t\t\t\t\t\t\t\t\t<div class=\"elementor-testimonial-details\">\n\t\t\t\t\t\t\t\t\t\t\t\t\t\t<div class=\"elementor-testimonial-name\">Guillermo D\u00edaz<\/div>\n\t\t\t\t\t\t\t\t\t\t\t\t\t\t\t\t\t\t\t\t\t\t<div class=\"elementor-testimonial-job\">Soci\u00f3logo, economista e investigador\ndel Instituto de Investigaci\u00f3n de \nCiencias Socio-Human\u00edsticas de\nla Universidad Rafael Land\u00edvar<\/div>\n\t\t\t\t\t\t\t\t\t\t\t\t\t<\/div>\n\t\t\t\t\t\t\t\t\t<\/div>\n\t\t\t<\/div>\n\t\t\t\t\t<\/div>\n\t\t\t\t\t\t<\/div>\n\t\t\t\t\t<\/div>\n\t\t\t\t<\/div>\n\t\t<div data-particle_enable=\"false\" data-particle-mobile-disabled=\"false\" class=\"elementor-element elementor-element-f720105 e-flex e-con-boxed e-con e-parent\" data-id=\"f720105\" data-element_type=\"container\" data-e-type=\"container\">\n\t\t\t\t\t<div class=\"e-con-inner\">\n\t\t\t\t<div class=\"elementor-element elementor-element-a61736b elementor-widget elementor-widget-text-editor\" data-id=\"a61736b\" data-element_type=\"widget\" data-e-type=\"widget\" data-widget_type=\"text-editor.default\">\n\t\t\t\t\t\t\t\t\t<p><b style=\"color: var( --e-global-color-text ); text-align: var(--text-align);\">\u00bfQu\u00e9 impacto tienen las remesas en las generaciones m\u00e1s j\u00f3venes?<\/b><\/p><p>En algunos casos, las remesas han permitido que las generaciones m\u00e1s j\u00f3venes contin\u00faen estudiando y accedan a mejores oportunidades. Sin embargo, tambi\u00e9n encontramos un patr\u00f3n preocupante: muchos j\u00f3venes ven en la migraci\u00f3n la \u00fanica opci\u00f3n viable para prosperar, ya que perciben pocas oportunidades en el pa\u00eds. Esto perpet\u00faa el ciclo migratorio, aunque tambi\u00e9n contribuye a mantener la econom\u00eda local a trav\u00e9s de las remesas que env\u00edan.<\/p><p><b>\u00bfQu\u00e9 desaf\u00edos surgen a partir de la dependencia de las remesas?<\/b><\/p><p>El principal desaf\u00edo es generar un desarrollo estructural. Aunque las remesas mejoran las condiciones econ\u00f3micas de las familias a corto plazo, no est\u00e1n vinculadas a pol\u00edticas que promuevan empleo, inversi\u00f3n o educaci\u00f3n de manera sostenible.\u00a0<\/p><p>Otro desaf\u00edo es la vulnerabilidad. Si bien las remesas ayudan a reducir la pobreza, las familias quedan expuestas a los cambios en las pol\u00edticas migratorias de otros pa\u00edses, como Estados Unidos, o a factores econ\u00f3micos externos. Esto deja en evidencia la necesidad de diversificar las fuentes de ingreso y fortalecer la econom\u00eda local.<\/p>\t\t\t\t\t\t\t\t<\/div>\n\t\t\t\t\t<\/div>\n\t\t\t\t<\/div>\n\t\t<div data-particle_enable=\"false\" data-particle-mobile-disabled=\"false\" class=\"elementor-element elementor-element-190056b e-flex e-con-boxed e-con e-parent\" data-id=\"190056b\" data-element_type=\"container\" data-e-type=\"container\">\n\t\t\t\t\t<div class=\"e-con-inner\">\n\t\t\t\t<div class=\"elementor-element elementor-element-b0c33a6 elementor-widget elementor-widget-heading\" data-id=\"b0c33a6\" data-element_type=\"widget\" data-e-type=\"widget\" data-widget_type=\"heading.default\">\n\t\t\t\t\t<h4 class=\"elementor-heading-title elementor-size-default\">Destacada trayectoria del entrevistado<\/h4>\t\t\t\t<\/div>\n\t\t\t\t\t<\/div>\n\t\t\t\t<\/div>\n\t\t<div data-particle_enable=\"false\" data-particle-mobile-disabled=\"false\" class=\"elementor-element elementor-element-f766386 e-flex e-con-boxed e-con e-parent\" data-id=\"f766386\" data-element_type=\"container\" data-e-type=\"container\">\n\t\t\t\t\t<div class=\"e-con-inner\">\n\t\t\t\t<div class=\"elementor-element elementor-element-c2d6a48 elementor-widget elementor-widget-text-editor\" data-id=\"c2d6a48\" data-element_type=\"widget\" data-e-type=\"widget\" data-widget_type=\"text-editor.default\">\n\t\t\t\t\t\t\t\t\t<ul><li><i>Guillermo D\u00edaz es Doctor en sociolog\u00eda por la Universidad Pontificia de Salamanca, magister en econom\u00eda empresarial por INCAE Business School, magister en docencia universitaria por la Universidad Rafael Land\u00edvar y licenciado en econom\u00eda por la Universidad de San Carlos de Guatemala.\u00a0<\/i><\/li><li><i>En la Universidad Rafael Land\u00edvar ha sido docente, director del departamento de econom\u00eda empresarial y vicedecano de la facultad de ciencias econ\u00f3micas y empresariales. En la actualidad es coordinador del departamento de ciencias econ\u00f3micas del Instituto de Investigaciones en Ciencias Socio Humanistas de la Universidad Rafael Land\u00edvar.\u00a0\u00a0<\/i><\/li><li><i>Su producci\u00f3n acad\u00e9mica comprende 7 textos y\u00a0 alrededor de 50 art\u00edculos publicados en revistas acad\u00e9micas de M\u00e9xico, Costa Rica, Ecuador, Chile, Brasil, Espa\u00f1a, Dinamarca y Estados Unidos, los cuales est\u00e1n disponibles en las p\u00e1ginas web de www.academia.edu y www.researchgate.net bajo el nombre Guillermo D\u00edaz. Ha impartido conferencias en Estados Unidos, M\u00e9xico, Honduras, Panam\u00e1, Brasil y Uruguay.<\/i><\/li><\/ul><div>\u00a0<\/div>\t\t\t\t\t\t\t\t<\/div>\n\t\t\t\t\t<\/div>\n\t\t\t\t<\/div>\n\t\t<div data-particle_enable=\"false\" data-particle-mobile-disabled=\"false\" class=\"elementor-element elementor-element-b72ba3f e-flex e-con-boxed e-con e-parent\" data-id=\"b72ba3f\" data-element_type=\"container\" data-e-type=\"container\">\n\t\t\t\t\t<div class=\"e-con-inner\">\n\t\t\t\t<div class=\"elementor-element elementor-element-d119c67 elementor-widget elementor-widget-heading\" data-id=\"d119c67\" data-element_type=\"widget\" data-e-type=\"widget\" data-widget_type=\"heading.default\">\n\t\t\t\t\t<h2 class=\"elementor-heading-title elementor-size-default\">M\u00e1s an\u00e1lisis sobre el tema remesas<\/h2>\t\t\t\t<\/div>\n\t\t\t\t\t<\/div>\n\t\t\t\t<\/div>\n\t\t<div data-particle_enable=\"false\" data-particle-mobile-disabled=\"false\" class=\"elementor-element elementor-element-a76044f e-flex e-con-boxed e-con e-parent\" data-id=\"a76044f\" data-element_type=\"container\" data-e-type=\"container\">\n\t\t\t\t\t<div class=\"e-con-inner\">\n\t\t\t\t<div class=\"elementor-element elementor-element-92a1fa7 elementor-grid-eael-col-1 elementor-grid-tablet-eael-col-2 elementor-grid-mobile-eael-col-1 elementor-widget elementor-widget-eael-post-grid\" data-id=\"92a1fa7\" data-element_type=\"widget\" data-e-type=\"widget\" data-settings=\"{&quot;eael_post_grid_columns&quot;:&quot;eael-col-1&quot;,&quot;eael_post_grid_columns_tablet&quot;:&quot;eael-col-2&quot;,&quot;eael_post_grid_columns_mobile&quot;:&quot;eael-col-1&quot;}\" data-widget_type=\"eael-post-grid.default\">\n\t\t\t\t\t<div id=\"eael-post-grid-92a1fa7\" class=\"eael-post-grid-container\">\n            <div class=\"eael-post-grid eael-post-appender eael-post-appender-92a1fa7 eael-post-grid-style-one\" data-layout-mode=\"grid\"><article class=\"eael-grid-post  eael-post-grid-column eael-pg-post-4301 category-estamos-unidos tags-remesas-migrantes\" data-id=\"4301\">\n        <div class=\"eael-grid-post-holder\">\n            <div class=\"eael-grid-post-holder-inner\"><div class=\"eael-entry-media\"><div class=\"eael-entry-overlay fade-in\"><i class=\"far fa-hand-pointer\" aria-hidden=\"true\"><\/i><a href=\"https:\/\/soymigrante.com\/revista\/remesas-migrantes-cifra-record-guatemala-economia-dependenc\/\"><\/a><\/div><div class=\"eael-entry-thumbnail \">\n                <img loading=\"lazy\" decoding=\"async\" width=\"1024\" height=\"555\" src=\"https:\/\/soymigrante.com\/revista\/wp-content\/uploads\/2024\/01\/Captura-de-pantalla-2024-01-09-112350-1024x555.webp\" class=\"attachment-large size-large wp-image-4302\" alt=\"\" srcset=\"https:\/\/soymigrante.com\/revista\/wp-content\/uploads\/2024\/01\/Captura-de-pantalla-2024-01-09-112350-1024x555.webp 1024w, https:\/\/soymigrante.com\/revista\/wp-content\/uploads\/2024\/01\/Captura-de-pantalla-2024-01-09-112350-300x163.webp 300w, https:\/\/soymigrante.com\/revista\/wp-content\/uploads\/2024\/01\/Captura-de-pantalla-2024-01-09-112350-768x416.webp 768w, https:\/\/soymigrante.com\/revista\/wp-content\/uploads\/2024\/01\/Captura-de-pantalla-2024-01-09-112350-750x406.webp 750w, https:\/\/soymigrante.com\/revista\/wp-content\/uploads\/2024\/01\/Captura-de-pantalla-2024-01-09-112350-1140x618.webp 1140w, https:\/\/soymigrante.com\/revista\/wp-content\/uploads\/2024\/01\/Captura-de-pantalla-2024-01-09-112350.webp 1451w\" sizes=\"(max-width: 1024px) 100vw, 1024px\" \/>\n            <\/div>\n        <\/div><div class=\"eael-entry-wrapper\"><header class=\"eael-entry-header\"><h2 class=\"eael-entry-title\"><a class=\"eael-grid-post-link\" href=\"https:\/\/soymigrante.com\/revista\/remesas-migrantes-cifra-record-guatemala-economia-dependenc\/\" title=\"An\u00e1lisis: Econom\u00eda guatemalteca depende cada vez m\u00e1s de remesas migrantes\">An\u00e1lisis: Econom\u00eda guatemalteca depende cada vez m\u00e1s de remesas migrantes<\/a><\/h2><\/header><div class=\"eael-entry-content\">\n                        <div class=\"eael-grid-post-excerpt\"><a href=\"https:\/\/soymigrante.com\/revista\/remesas-migrantes-cifra-record-guatemala-economia-dependenc\/\" class=\"eael-post-elements-readmore-btn\">CONOCE SU HISTORIA <\/a><\/div>\n                    <\/div><\/div><\/div>\n        <\/div>\n    <\/article><article class=\"eael-grid-post  eael-post-grid-column eael-pg-post-1650 category-estamos-unidos tags-remesas-migrantes\" data-id=\"1650\">\n        <div class=\"eael-grid-post-holder\">\n            <div class=\"eael-grid-post-holder-inner\"><div class=\"eael-entry-media\"><div class=\"eael-entry-overlay fade-in\"><i class=\"far fa-hand-pointer\" aria-hidden=\"true\"><\/i><a href=\"https:\/\/soymigrante.com\/revista\/impacto-remesas-guatemala-desde-eeuu\/\"><\/a><\/div><div class=\"eael-entry-thumbnail \">\n                <img loading=\"lazy\" decoding=\"async\" width=\"1024\" height=\"700\" src=\"https:\/\/soymigrante.com\/revista\/wp-content\/uploads\/2023\/06\/Captura-de-pantalla-2023-06-28-124853-1024x700.webp\" class=\"attachment-large size-large wp-image-1651\" alt=\"Ilustraci\u00f3n de d\u00f3lares para ilustrar tema de remesas migrantes de Estados Unidos a Guatemala\" \/>\n            <\/div>\n        <\/div><div class=\"eael-entry-wrapper\"><header class=\"eael-entry-header\"><h2 class=\"eael-entry-title\"><a class=\"eael-grid-post-link\" href=\"https:\/\/soymigrante.com\/revista\/impacto-remesas-guatemala-desde-eeuu\/\" title=\"\u00bfA d\u00f3nde van las remesas enviadas por migrantes guatemaltecos desde Estados Unidos?\">\u00bfA d\u00f3nde van las remesas enviadas por migrantes guatemaltecos desde Estados Unidos?<\/a><\/h2><\/header><div class=\"eael-entry-content\">\n                        <div class=\"eael-grid-post-excerpt\"><a href=\"https:\/\/soymigrante.com\/revista\/impacto-remesas-guatemala-desde-eeuu\/\" class=\"eael-post-elements-readmore-btn\">CONOCE SU HISTORIA <\/a><\/div>\n                    <\/div><\/div><\/div>\n        <\/div>\n    <\/article><\/div>\n            <div class=\"clearfix\"><\/div>\n        <\/div>\t\t\t\t<\/div>\n\t\t\t\t\t<\/div>\n\t\t\t\t<\/div>\n\t\t\t\t<\/div>\n\t\t","protected":false},"excerpt":{"rendered":"<p>Al estudiar el efecto de las remesas enviadas por migrantes guatemaltecos a su familias, un estudio dirigido por el economista Guillermo D\u00edaz, investigador de la Universidad Rafael Land\u00edvar, muestra que reducen m\u00e1s la pobreza de comunidades que los programas estatales. Por Alejandra \u00c1lvarez, especial para SoyMigrante.com \u00a0 En 2024 se public\u00f3 el estudio sobre el [&hellip;]<\/p>\n","protected":false},"author":1,"featured_media":23210,"comment_status":"open","ping_status":"open","sticky":false,"template":"","format":"standard","meta":{"_acf_changed":false,"_eb_attr":"","footnotes":""},"categories":[54],"tags":[],"class_list":["post-23208","post","type-post","status-publish","format-standard","has-post-thumbnail","hentry","category-estamos-unidos"],"acf":[],"aioseo_notices":[],"aioseo_head":"\n\t\t<!-- All in One SEO Pro 4.9.6.2 - aioseo.com -->\n\t<meta name=\"description\" content=\"Las remesas de migrantes guatemaltecos en EE.UU. juegan un papel crucial en la econom\u00eda de Guatemala.\" \/>\n\t<meta name=\"robots\" content=\"max-snippet:-1, max-image-preview:large, max-video-preview:-1\" \/>\n\t<meta name=\"author\" content=\"Gustavo Montenegro\"\/>\n\t<link rel=\"canonical\" href=\"https:\/\/soymigrante.com\/revista\/impacto-remesas-guatemala-desde-eeuu\/\" \/>\n\t<meta name=\"generator\" content=\"All in One SEO Pro (AIOSEO) 4.9.6.2\" \/>\n\n\t\t<link rel=\"preconnect\" href=\"https:\/\/fonts.googleapis.com\" crossorigin>\n<link rel=\"preconnect\" href=\"https:\/\/fonts.gstatic.com\" crossorigin>\n\t\t<meta property=\"og:locale\" content=\"es_ES\" \/>\n\t\t<meta property=\"og:site_name\" content=\"SoyMigrante.com REVISTA \u2013 Nuestra misi\u00f3n es reconocer y dignificar al migrante.\" \/>\n\t\t<meta property=\"og:type\" content=\"article\" \/>\n\t\t<meta property=\"og:title\" content=\"Migrantes guatemaltecos en EE.UU.: El poder econ\u00f3mico de las remesas\" \/>\n\t\t<meta property=\"og:description\" content=\"Las remesas de migrantes guatemaltecos en EE.UU. juegan un papel crucial en la econom\u00eda de Guatemala.\" \/>\n\t\t<meta property=\"og:url\" content=\"https:\/\/soymigrante.com\/revista\/impacto-remesas-guatemala-desde-eeuu\/\" \/>\n\t\t<meta property=\"og:image\" content=\"https:\/\/soymigrante.com\/revista\/wp-content\/uploads\/2023\/06\/Captura-de-pantalla-2023-06-28-124853-e1732033990885.webp\" \/>\n\t\t<meta property=\"og:image:secure_url\" content=\"https:\/\/soymigrante.com\/revista\/wp-content\/uploads\/2023\/06\/Captura-de-pantalla-2023-06-28-124853-e1732033990885.webp\" \/>\n\t\t<meta property=\"og:image:width\" content=\"890\" \/>\n\t\t<meta property=\"og:image:height\" content=\"890\" \/>\n\t\t<meta property=\"article:published_time\" content=\"2023-06-28T20:08:14+00:00\" \/>\n\t\t<meta property=\"article:modified_time\" content=\"2024-07-31T18:32:02+00:00\" \/>\n\t\t<meta property=\"article:publisher\" content=\"https:\/\/www.facebook.com\/soymigrantecom\" \/>\n\t\t<meta name=\"twitter:card\" content=\"summary_large_image\" \/>\n\t\t<meta name=\"twitter:site\" content=\"@SoyMigrante_com\" \/>\n\t\t<meta name=\"twitter:title\" content=\"Migrantes guatemaltecos en EE.UU.: El poder econ\u00f3mico de las remesas\" \/>\n\t\t<meta name=\"twitter:description\" content=\"Las remesas de migrantes guatemaltecos en EE.UU. juegan un papel crucial en la econom\u00eda de Guatemala.\" \/>\n\t\t<meta name=\"twitter:creator\" content=\"@SoyMigrante_com\" \/>\n\t\t<meta name=\"twitter:image\" content=\"https:\/\/soymigrante.com\/revista\/wp-content\/uploads\/2023\/06\/Captura-de-pantalla-2023-06-28-124853-e1732033990885.webp\" \/>\n\t\t<!-- All in One SEO Pro -->\r\n\t\t<title>Migrantes guatemaltecos en EE.UU.: El poder econ\u00f3mico de las remesas<\/title>\n\n","aioseo_head_json":{"title":"Migrantes guatemaltecos en EE.UU.: El poder econ\u00f3mico de las remesas","description":"Las remesas de migrantes guatemaltecos en EE.UU. juegan un papel crucial en la econom\u00eda de Guatemala.","canonical_url":"https:\/\/soymigrante.com\/revista\/impacto-remesas-guatemala-desde-eeuu\/","robots":"max-snippet:-1, max-image-preview:large, max-video-preview:-1","keywords":"","webmasterTools":{"miscellaneous":"&lt;link rel=\"preconnect\" href=\"https:\/\/fonts.googleapis.com\" crossorigin&gt;\n&lt;link rel=\"preconnect\" href=\"https:\/\/fonts.gstatic.com\" crossorigin&gt;"},"schema":null,"og:locale":"es_ES","og:site_name":"SoyMigrante.com REVISTA \u2013 Nuestra misi\u00f3n es reconocer y dignificar al migrante.","og:type":"article","og:title":"Migrantes guatemaltecos en EE.UU.: El poder econ\u00f3mico de las remesas","og:description":"Las remesas de migrantes guatemaltecos en EE.UU. juegan un papel crucial en la econom\u00eda de Guatemala.","og:url":"https:\/\/soymigrante.com\/revista\/impacto-remesas-guatemala-desde-eeuu\/","og:image":"https:\/\/soymigrante.com\/revista\/wp-content\/uploads\/2023\/06\/Captura-de-pantalla-2023-06-28-124853-e1732033990885.webp","og:image:secure_url":"https:\/\/soymigrante.com\/revista\/wp-content\/uploads\/2023\/06\/Captura-de-pantalla-2023-06-28-124853-e1732033990885.webp","og:image:width":890,"og:image:height":890,"article:published_time":"2023-06-28T20:08:14+00:00","article:modified_time":"2024-07-31T18:32:02+00:00","article:publisher":"https:\/\/www.facebook.com\/soymigrantecom","twitter:card":"summary_large_image","twitter:site":"@SoyMigrante_com","twitter:title":"Migrantes guatemaltecos en EE.UU.: El poder econ\u00f3mico de las remesas","twitter:description":"Las remesas de migrantes guatemaltecos en EE.UU. juegan un papel crucial en la econom\u00eda de Guatemala.","twitter:creator":"@SoyMigrante_com","twitter:image":"https:\/\/soymigrante.com\/revista\/wp-content\/uploads\/2023\/06\/Captura-de-pantalla-2023-06-28-124853-e1732033990885.webp"},"aioseo_meta_data":{"post_id":"23208","title":"Remesas migrantes son el mejor recurso para reducir pobreza","description":"M\u00e1s que cualquier estrategia estal, las remesas enviadas por migrantes a sus familias han combatido la pobreza en comunidades, declara investigador guatemalteco.","keywords":null,"keyphrases":{"focus":{"keyphrase":"Remesas migrantes","score":63,"analysis":{"keyphraseInTitle":{"score":9,"maxScore":9,"error":0},"keyphraseInDescription":{"score":3,"maxScore":9,"error":1},"keyphraseLength":{"score":9,"maxScore":9,"error":0,"length":2},"keyphraseInURL":{"score":1,"maxScore":5,"error":1},"keyphraseInIntroduction":{"score":3,"maxScore":9,"error":1},"keyphraseInSubHeadings":{"score":9,"maxScore":9,"error":0},"keyphraseInImageAlt":{"score":9,"maxScore":9,"error":0},"keywordDensity":{"score":0,"type":"low","maxScore":9,"error":1}}},"additional":[{"keyphrase":"Guatemaltecos","score":53,"analysis":{"keyphraseInDescription":{"score":3,"maxScore":9,"error":1},"keyphraseLength":{"score":9,"maxScore":9,"error":0,"length":1},"keyphraseInIntroduction":{"score":3,"maxScore":9,"error":1},"keyphraseInImageAlt":{"score":9,"maxScore":9,"error":0},"keywordDensity":{"score":0,"type":"low","maxScore":9,"error":1}}},{"keyphrase":"Pobreza","score":73,"analysis":{"keyphraseInDescription":{"score":9,"maxScore":9,"error":0},"keyphraseLength":{"score":9,"maxScore":9,"error":0,"length":1},"keyphraseInIntroduction":{"score":3,"maxScore":9,"error":1},"keyphraseInImageAlt":{"score":3,"maxScore":9,"error":1},"keywordDensity":{"type":"best","score":9,"maxScore":9,"error":0}}}]},"primary_term":null,"canonical_url":null,"og_title":null,"og_description":null,"og_object_type":"default","og_image_type":"default","og_image_url":null,"og_image_width":null,"og_image_height":null,"og_image_custom_url":null,"og_image_custom_fields":null,"og_video":"","og_custom_url":null,"og_article_section":null,"og_article_tags":null,"twitter_use_og":false,"twitter_card":"default","twitter_image_type":"default","twitter_image_url":null,"twitter_image_custom_url":null,"twitter_image_custom_fields":null,"twitter_title":null,"twitter_description":null,"schema":{"blockGraphs":[],"customGraphs":[],"default":{"data":{"Article":[],"Course":[],"Dataset":[],"FAQPage":[],"Movie":[],"Person":[],"Product":[],"ProductReview":[],"Car":[],"Recipe":[],"Service":[],"SoftwareApplication":[],"WebPage":[]},"graphName":"none","isEnabled":true},"graphs":[]},"schema_type":"default","schema_type_options":null,"pillar_content":false,"robots_default":true,"robots_noindex":false,"robots_noarchive":false,"robots_nosnippet":false,"robots_nofollow":false,"robots_noimageindex":false,"robots_noodp":false,"robots_notranslate":false,"robots_max_snippet":"-1","robots_max_videopreview":"-1","robots_max_imagepreview":"large","priority":null,"frequency":"default","local_seo":null,"seo_analyzer_scan_date":"2025-10-09 02:15:14","breadcrumb_settings":null,"limit_modified_date":false,"reviewed_by":"0","open_ai":"{\"title\":{\"suggestions\":[],\"usage\":0},\"description\":{\"suggestions\":[],\"usage\":0}}","ai":null,"created":"2025-01-29 18:29:20","updated":"2026-02-04 21:04:38"},"aioseo_breadcrumb":"<div class=\"aioseo-breadcrumbs\"><span class=\"aioseo-breadcrumb\">\n\t<a href=\"https:\/\/soymigrante.com\/revista\" title=\"Home\">Home<\/a>\n<\/span><span class=\"aioseo-breadcrumb-separator\">\u00bb<\/span><span class=\"aioseo-breadcrumb\">\n\t<a href=\"https:\/\/soymigrante.com\/revista\/category\/estamos-unidos\/\" title=\"Estamos Unidos\">Estamos Unidos<\/a>\n<\/span><span class=\"aioseo-breadcrumb-separator\">\u00bb<\/span><span class=\"aioseo-breadcrumb\">\n\tRemesas migrantes han reducido la pobreza m\u00e1s que cualquier otro factor: economista Guillermo D\u00edaz\n<\/span><\/div>","aioseo_breadcrumb_json":[{"label":"Home","link":"https:\/\/soymigrante.com\/revista"},{"label":"Estamos Unidos","link":"https:\/\/soymigrante.com\/revista\/category\/estamos-unidos\/"},{"label":"Remesas migrantes han reducido la pobreza m\u00e1s que cualquier otro factor: economista Guillermo D\u00edaz","link":"https:\/\/soymigrante.com\/revista\/remesas-han-sido-el-recurso-mas-efectivo-para-reducir-pobreza-afirma-economista-guillermo-diaz\/"}],"_links":{"self":[{"href":"https:\/\/soymigrante.com\/revista\/wp-json\/wp\/v2\/posts\/23208","targetHints":{"allow":["GET"]}}],"collection":[{"href":"https:\/\/soymigrante.com\/revista\/wp-json\/wp\/v2\/posts"}],"about":[{"href":"https:\/\/soymigrante.com\/revista\/wp-json\/wp\/v2\/types\/post"}],"author":[{"embeddable":true,"href":"https:\/\/soymigrante.com\/revista\/wp-json\/wp\/v2\/users\/1"}],"replies":[{"embeddable":true,"href":"https:\/\/soymigrante.com\/revista\/wp-json\/wp\/v2\/comments?post=23208"}],"version-history":[{"count":2,"href":"https:\/\/soymigrante.com\/revista\/wp-json\/wp\/v2\/posts\/23208\/revisions"}],"predecessor-version":[{"id":35603,"href":"https:\/\/soymigrante.com\/revista\/wp-json\/wp\/v2\/posts\/23208\/revisions\/35603"}],"wp:featuredmedia":[{"embeddable":true,"href":"https:\/\/soymigrante.com\/revista\/wp-json\/wp\/v2\/media\/23210"}],"wp:attachment":[{"href":"https:\/\/soymigrante.com\/revista\/wp-json\/wp\/v2\/media?parent=23208"}],"wp:term":[{"taxonomy":"category","embeddable":true,"href":"https:\/\/soymigrante.com\/revista\/wp-json\/wp\/v2\/categories?post=23208"},{"taxonomy":"post_tag","embeddable":true,"href":"https:\/\/soymigrante.com\/revista\/wp-json\/wp\/v2\/tags?post=23208"}],"curies":[{"name":"wp","href":"https:\/\/api.w.org\/{rel}","templated":true}]}}