{"id":23205,"date":"2025-01-30T06:30:00","date_gmt":"2025-01-30T12:30:00","guid":{"rendered":"https:\/\/soymigrante.com\/revista\/?p=23205"},"modified":"2025-02-03T16:08:20","modified_gmt":"2025-02-03T22:08:20","slug":"acciones-antimigrantes-afectaran-economia-y-suministro-de-alimentos-senala-estudio-de-harvard","status":"publish","type":"post","link":"https:\/\/soymigrante.com\/revista\/acciones-antimigrantes-afectaran-economia-y-suministro-de-alimentos-senala-estudio-de-harvard\/","title":{"rendered":"Estudio de Harvard resalta importancia de la mano de obra migrante en agricultura"},"content":{"rendered":"\t\t<div data-elementor-type=\"wp-post\" data-elementor-id=\"23205\" class=\"elementor elementor-23205\" data-elementor-post-type=\"post\">\n\t\t\t\t<div data-particle_enable=\"false\" data-particle-mobile-disabled=\"false\" class=\"elementor-element elementor-element-936d370 e-flex e-con-boxed e-con e-parent\" data-id=\"936d370\" data-element_type=\"container\" data-e-type=\"container\">\n\t\t\t\t\t<div class=\"e-con-inner\">\n\t\t\t\t<div class=\"elementor-element elementor-element-4a145db elementor-widget elementor-widget-heading\" data-id=\"4a145db\" data-element_type=\"widget\" data-e-type=\"widget\" data-widget_type=\"heading.default\">\n\t\t\t\t\t<h2 class=\"elementor-heading-title elementor-size-default\">El aporte laboral de los migrantes en diversas \u00e1reas productivas de Estados Unidos  es muy importante. Un ejemplo es la agricultura. Facilitar v\u00edas legales, temporales y dignas de trabajo migrante es una alternativa.<\/h2>\t\t\t\t<\/div>\n\t\t\t\t\t<\/div>\n\t\t\t\t<\/div>\n\t\t<div data-particle_enable=\"false\" data-particle-mobile-disabled=\"false\" class=\"elementor-element elementor-element-8446b0b e-flex e-con-boxed e-con e-parent\" data-id=\"8446b0b\" data-element_type=\"container\" data-e-type=\"container\">\n\t\t\t\t\t<div class=\"e-con-inner\">\n\t\t\t\t<div class=\"elementor-element elementor-element-d784723 elementor-widget elementor-widget-text-editor\" data-id=\"d784723\" data-element_type=\"widget\" data-e-type=\"widget\" data-widget_type=\"text-editor.default\">\n\t\t\t\t\t\t\t\t\t<p>Un reciente estudio de la Universidad de Harvard resalta que la mano obra migrante es un activo muy fuerte en la agricultura de Estados Unidos. Dicho an\u00e1lisis resalta que muchos de esos migrantes est\u00e1n indocumentados pero a\u00fan as\u00ed trabajan, producen e incluso tributan, por lo cual se deber\u00eda analizar v\u00edas de integrarlos legalmente al panorama legal, en lugar de solo pensar en efectuar detenciones y deportaciones.<\/p><p>Seg\u00fan el informe, <strong>cerca del 42%<\/strong> de los trabajadores agr\u00edcolas en el pa\u00eds no tienen un estatus migratorio legal, lo que los convierte en el principal grupo vulnerable ante las pol\u00edticas de deportaci\u00f3n.\u00a0<\/p><p>Las dif\u00edciles condiciones de trabajo <a href=\"https:\/\/soymigrante.com\/revista\/migrantes-ocupan-trabajos-que-estadounidenses-no-desean-afirma-estudio-del-pew-center\/\">hacen esta labor poco atractiva para pobladores locales;<\/a> adem\u00e1s, algunos productores se aprovechan de la condici\u00f3n de indocumentados para pagar salarios por debajo del promedio, con lo cual obtienen mejores ganancias y tener mejores precios. Sin embargo, de llegar a reducirse dr\u00e1sticamente la mano de obra migrante esto puede impactar el desempe\u00f1o productivo de estas empresas.<\/p>\t\t\t\t\t\t\t\t<\/div>\n\t\t\t\t\t<\/div>\n\t\t\t\t<\/div>\n\t\t<div data-particle_enable=\"false\" data-particle-mobile-disabled=\"false\" class=\"elementor-element elementor-element-3c9cfcd e-flex e-con-boxed e-con e-parent\" data-id=\"3c9cfcd\" data-element_type=\"container\" data-e-type=\"container\">\n\t\t\t\t\t<div class=\"e-con-inner\">\n\t\t\t\t<div class=\"elementor-element elementor-element-827e90d elementor-widget elementor-widget-heading\" data-id=\"827e90d\" data-element_type=\"widget\" data-e-type=\"widget\" data-widget_type=\"heading.default\">\n\t\t\t\t\t<h3 class=\"elementor-heading-title elementor-size-default\">Dependencia del sector agr\u00edcola en trabajadores migrantes<\/h3>\t\t\t\t<\/div>\n\t\t\t\t\t<\/div>\n\t\t\t\t<\/div>\n\t\t<div data-particle_enable=\"false\" data-particle-mobile-disabled=\"false\" class=\"elementor-element elementor-element-bc550a0 e-flex e-con-boxed e-con e-parent\" data-id=\"bc550a0\" data-element_type=\"container\" data-e-type=\"container\">\n\t\t\t\t\t<div class=\"e-con-inner\">\n\t\t\t\t<div class=\"elementor-element elementor-element-b46a4d1 elementor-widget elementor-widget-text-editor\" data-id=\"b46a4d1\" data-element_type=\"widget\" data-e-type=\"widget\" data-widget_type=\"text-editor.default\">\n\t\t\t\t\t\t\t\t\t<p>Estados Unidos depende en gran medida de la mano de obra inmigrante para el cultivo y cosecha de productos frescos, indica el informe de Harvard.<\/p><p>De acuerdo con datos del <a href=\"https:\/\/www-usa-gov.translate.goog\/es\/agencias\/departamento-del-trabajo?_x_tr_sl=es&amp;_x_tr_tl=en&amp;_x_tr_hl=en&amp;_x_tr_pto=sc\" target=\"_blank\" rel=\"noopener\">Departamento de Trabajo de EE.UU.<\/a>, el 61% de los trabajadores agr\u00edcolas son inmigrantes, y una parte significativa de ellos son indocumentados.<\/p><p>El informe destaca que una eventual deportaci\u00f3n de estos trabajadores no solo reducir\u00eda la disponibilidad de mano de obra, sino que tambi\u00e9n <a href=\"https:\/\/www-usa-gov.translate.goog\/es\/agencias\/departamento-del-trabajo?_x_tr_sl=es&amp;_x_tr_tl=en&amp;_x_tr_hl=en&amp;_x_tr_pto=sc\" target=\"_blank\" rel=\"noopener\">incrementar\u00eda los costos de producci\u00f3n<\/a>, lo que afectar\u00eda el precio de los alimentos en los supermercados. Productos como fresas, ar\u00e1ndanos y vegetales de cosecha manual podr\u00edan volverse bienes de lujo debido a la falta de personal capacitado para su recolecci\u00f3n.<\/p><p>Una alternativa clara para compensar esta p\u00e9rdida podr\u00eda se ofrecer <a href=\"https:\/\/soymigrante.com\/revista\/guatemalteco-dennys-mejia-experiencia-usa-trabajo-temporal-visa\/\">alternativas de trabajo temporal en labores agr\u00edcolas o no agr\u00edcolas.\u00a0<\/a><\/p>\t\t\t\t\t\t\t\t<\/div>\n\t\t\t\t\t<\/div>\n\t\t\t\t<\/div>\n\t\t<div data-particle_enable=\"false\" data-particle-mobile-disabled=\"false\" class=\"elementor-element elementor-element-b733487 e-flex e-con-boxed e-con e-parent\" data-id=\"b733487\" data-element_type=\"container\" data-e-type=\"container\">\n\t\t\t\t\t<div class=\"e-con-inner\">\n\t\t\t\t<div class=\"elementor-element elementor-element-a571ec5 elementor-widget elementor-widget-image\" data-id=\"a571ec5\" data-element_type=\"widget\" data-e-type=\"widget\" data-widget_type=\"image.default\">\n\t\t\t\t\t\t\t\t\t\t\t\t<figure class=\"wp-caption\">\n\t\t\t\t\t\t\t\t\t\t<img fetchpriority=\"high\" decoding=\"async\" width=\"768\" height=\"768\" src=\"https:\/\/soymigrante.com\/revista\/wp-content\/uploads\/2025\/01\/migrantes-remesas-analisis-3.webp\" class=\"attachment-large size-large wp-image-23315\" alt=\"Tomateros recolectando tomates en un invernadero con cielo al atardecer, representando trabajo agr\u00edcola y agricultura sostenible.\" srcset=\"https:\/\/soymigrante.com\/revista\/wp-content\/uploads\/2025\/01\/migrantes-remesas-analisis-3.webp 1024w, https:\/\/soymigrante.com\/revista\/wp-content\/uploads\/2025\/01\/migrantes-remesas-analisis-3-300x300.png 300w, https:\/\/soymigrante.com\/revista\/wp-content\/uploads\/2025\/01\/migrantes-remesas-analisis-3-150x150.png 150w, https:\/\/soymigrante.com\/revista\/wp-content\/uploads\/2025\/01\/migrantes-remesas-analisis-3-768x768.png 768w, https:\/\/soymigrante.com\/revista\/wp-content\/uploads\/2025\/01\/migrantes-remesas-analisis-3-75x75.webp 75w, https:\/\/soymigrante.com\/revista\/wp-content\/uploads\/2025\/01\/migrantes-remesas-analisis-3-750x750.webp 750w\" sizes=\"(max-width: 768px) 100vw, 768px\" title=\"Al menos un 42$ de trabajadores agr\u00edcolas en Estados Unidos son migrantes indocumentados, muchos de ellos provenientes de pa\u00edses  hispanos que llegaron en busca de oportunidades, para trabajar, pagar tributos y producir. \u2013 SoyMigrante.com REVISTA\" \/>\t\t\t\t\t\t\t\t\t\t\t<figcaption class=\"widget-image-caption wp-caption-text\">Recolecci\u00f3n de tomates en huerto agr\u00edcola bajo un cielo soleado, resaltando la importancia del trabajo de agricultores y la producci\u00f3n de alimentos.<\/figcaption>\n\t\t\t\t\t\t\t\t\t\t<\/figure>\n\t\t\t\t\t\t\t\t\t<\/div>\n\t\t\t\t\t<\/div>\n\t\t\t\t<\/div>\n\t\t<div data-particle_enable=\"false\" data-particle-mobile-disabled=\"false\" class=\"elementor-element elementor-element-f2b733f e-flex e-con-boxed e-con e-parent\" data-id=\"f2b733f\" data-element_type=\"container\" data-e-type=\"container\">\n\t\t\t\t\t<div class=\"e-con-inner\">\n\t\t\t\t<div class=\"elementor-element elementor-element-c590af0 elementor-widget elementor-widget-heading\" data-id=\"c590af0\" data-element_type=\"widget\" data-e-type=\"widget\" data-widget_type=\"heading.default\">\n\t\t\t\t\t<h3 class=\"elementor-heading-title elementor-size-default\">El impacto en los precios y la disponibilidad de alimentos<\/h3>\t\t\t\t<\/div>\n\t\t\t\t\t<\/div>\n\t\t\t\t<\/div>\n\t\t<div data-particle_enable=\"false\" data-particle-mobile-disabled=\"false\" class=\"elementor-element elementor-element-7bee449 e-flex e-con-boxed e-con e-parent\" data-id=\"7bee449\" data-element_type=\"container\" data-e-type=\"container\">\n\t\t\t\t\t<div class=\"e-con-inner\">\n\t\t\t\t<div class=\"elementor-element elementor-element-6bb9af8 elementor-widget elementor-widget-text-editor\" data-id=\"6bb9af8\" data-element_type=\"widget\" data-e-type=\"widget\" data-widget_type=\"text-editor.default\">\n\t\t\t\t\t\t\t\t\t<p>El estudio tambi\u00e9n considera que hay combinaciones de factores. Si se pierden trabajadores migrantes, pero a la vez\u00a0 se imponen posibles aranceles a productos importados de M\u00e9xico y Canad\u00e1, podr\u00eda generar una situaci\u00f3n de crisis en suministros alimentarios en EE.UU.<\/p><p>Actualmente, m\u00e1s de<strong>l 50% de las frutas frescas<\/strong> consumidas en el pa\u00eds provienen del extranjero, principalmente de M\u00e9xico. Con aranceles adicionales, el costo de importaci\u00f3n aumentar\u00eda, afectando directamente a los consumidores.<\/p><p>La situaci\u00f3n se vuelve m\u00e1s complicada con el programa de visas H-2A, que permite a los agricultores contratar trabajadores extranjeros de forma temporal. Aunque la demanda de estas visas ha aumentado, su proceso de solicitud es costoso y lento, lo que limita su efectividad para cubrir la demanda laboral en el campo.<\/p><p>En California, por ejemplo, el salario m\u00ednimo para trabajadores con visa H-2A es de<strong> $19.97<\/strong> por hora, adem\u00e1s de costos adicionales en alimentaci\u00f3n y hospedaje, lo que representa un <strong>57%<\/strong> m\u00e1s en comparaci\u00f3n con los salarios regulares del sector.<\/p><p>Esto ha llevado a muchos agricultores a depender cada vez m\u00e1s de la mano de obra indocumentada para mantenerse competitivos.<\/p>\t\t\t\t\t\t\t\t<\/div>\n\t\t\t\t\t<\/div>\n\t\t\t\t<\/div>\n\t\t<div data-particle_enable=\"false\" data-particle-mobile-disabled=\"false\" class=\"elementor-element elementor-element-d9ff772 e-flex e-con-boxed e-con e-parent\" data-id=\"d9ff772\" data-element_type=\"container\" data-e-type=\"container\">\n\t\t\t\t\t<div class=\"e-con-inner\">\n\t\t\t\t<div class=\"elementor-element elementor-element-7d01d69 elementor-widget elementor-widget-image\" data-id=\"7d01d69\" data-element_type=\"widget\" data-e-type=\"widget\" data-widget_type=\"image.default\">\n\t\t\t\t\t\t\t\t\t\t\t\t<figure class=\"wp-caption\">\n\t\t\t\t\t\t\t\t\t\t<img decoding=\"async\" width=\"684\" height=\"1024\" src=\"https:\/\/soymigrante.com\/revista\/wp-content\/uploads\/2025\/01\/Redadas-contra-migrantes-podri\u0301an-afectar-el-suministro-alimentario-en-EEUU_-684x1024.jpg\" class=\"attachment-large size-large wp-image-23211\" alt=\"Redadas contra migrantes podr\u00edan afectar el suministro alimentario en EE.UU., se\u00f1ala estudio\" srcset=\"https:\/\/soymigrante.com\/revista\/wp-content\/uploads\/2025\/01\/Redadas-contra-migrantes-podri\u0301an-afectar-el-suministro-alimentario-en-EEUU_-684x1024.jpg 684w, https:\/\/soymigrante.com\/revista\/wp-content\/uploads\/2025\/01\/Redadas-contra-migrantes-podri\u0301an-afectar-el-suministro-alimentario-en-EEUU_-200x300.jpg 200w, https:\/\/soymigrante.com\/revista\/wp-content\/uploads\/2025\/01\/Redadas-contra-migrantes-podri\u0301an-afectar-el-suministro-alimentario-en-EEUU_-768x1150.jpg 768w, https:\/\/soymigrante.com\/revista\/wp-content\/uploads\/2025\/01\/Redadas-contra-migrantes-podri\u0301an-afectar-el-suministro-alimentario-en-EEUU_-1026x1536.jpg 1026w, https:\/\/soymigrante.com\/revista\/wp-content\/uploads\/2025\/01\/Redadas-contra-migrantes-podri\u0301an-afectar-el-suministro-alimentario-en-EEUU_-1368x2048.jpg 1368w, https:\/\/soymigrante.com\/revista\/wp-content\/uploads\/2025\/01\/Redadas-contra-migrantes-podri\u0301an-afectar-el-suministro-alimentario-en-EEUU_-750x1123.webp 750w, https:\/\/soymigrante.com\/revista\/wp-content\/uploads\/2025\/01\/Redadas-contra-migrantes-podri\u0301an-afectar-el-suministro-alimentario-en-EEUU_-1140x1707.webp 1140w, https:\/\/soymigrante.com\/revista\/wp-content\/uploads\/2025\/01\/Redadas-contra-migrantes-podri\u0301an-afectar-el-suministro-alimentario-en-EEUU_-scaled.webp 1283w\" sizes=\"(max-width: 684px) 100vw, 684px\" title=\"Redadas contra migrantes podri\u0301an afectar el suministro alimentario en EEUU \u2013 SoyMigrante.com REVISTA\" \/>\t\t\t\t\t\t\t\t\t\t\t<figcaption class=\"widget-image-caption wp-caption-text\">Los trabajadores agr\u00edcolas aportan a la alimentaci\u00f3n de millones de personas. (Foto: Pexels)<\/figcaption>\n\t\t\t\t\t\t\t\t\t\t<\/figure>\n\t\t\t\t\t\t\t\t\t<\/div>\n\t\t\t\t\t<\/div>\n\t\t\t\t<\/div>\n\t\t<div data-particle_enable=\"false\" data-particle-mobile-disabled=\"false\" class=\"elementor-element elementor-element-12b4986 e-flex e-con-boxed e-con e-parent\" data-id=\"12b4986\" data-element_type=\"container\" data-e-type=\"container\">\n\t\t\t\t\t<div class=\"e-con-inner\">\n\t\t\t\t<div class=\"elementor-element elementor-element-0be362e elementor-widget elementor-widget-heading\" data-id=\"0be362e\" data-element_type=\"widget\" data-e-type=\"widget\" data-widget_type=\"heading.default\">\n\t\t\t\t\t<h3 class=\"elementor-heading-title elementor-size-default\">Migrantes suplen mano de obra local que no resiste dif\u00edciles condiciones agr\u00edcolas<\/h3>\t\t\t\t<\/div>\n\t\t\t\t\t<\/div>\n\t\t\t\t<\/div>\n\t\t<div data-particle_enable=\"false\" data-particle-mobile-disabled=\"false\" class=\"elementor-element elementor-element-c9fd83a e-flex e-con-boxed e-con e-parent\" data-id=\"c9fd83a\" data-element_type=\"container\" data-e-type=\"container\">\n\t\t\t\t\t<div class=\"e-con-inner\">\n\t\t\t\t<div class=\"elementor-element elementor-element-f0c9b26 elementor-widget elementor-widget-text-editor\" data-id=\"f0c9b26\" data-element_type=\"widget\" data-e-type=\"widget\" data-widget_type=\"text-editor.default\">\n\t\t\t\t\t\t\t\t\t<p><a href=\"https:\/\/soymigrante.com\/revista\/migrantes-ocupan-trabajos-que-estadounidenses-no-desean-afirma-estudio-del-pew-center\/\" target=\"_blank\" rel=\"noopener\">Otro factor que agrava la crisis es la falta de inter\u00e9s de los estadounidenses por trabajar en la agricultura.<\/a> Seg\u00fan el informe, cuando se ofrecen empleos agr\u00edcolas a ciudadanos estadounidenses, solo una de cada 20 personas acepta, y la mayor\u00eda renuncia poco despu\u00e9s debido a las duras condiciones laborales.<\/p><p>El envejecimiento de la fuerza laboral tambi\u00e9n es un problema. En el Medio Oeste, la edad promedio de los trabajadores agr\u00edcolas pas\u00f3 de <strong>51 a 56 a\u00f1os entre 2012 y 2021,<\/strong> reduciendo la disponibilidad de mano de obra joven para el sector.<\/p>\t\t\t\t\t\t\t\t<\/div>\n\t\t\t\t\t<\/div>\n\t\t\t\t<\/div>\n\t\t<div data-particle_enable=\"false\" data-particle-mobile-disabled=\"false\" class=\"elementor-element elementor-element-3cdc840 e-flex e-con-boxed e-con e-parent\" data-id=\"3cdc840\" data-element_type=\"container\" data-e-type=\"container\">\n\t\t\t\t\t<div class=\"e-con-inner\">\n\t\t\t\t<div class=\"elementor-element elementor-element-7fd7016 elementor-widget elementor-widget-heading\" data-id=\"7fd7016\" data-element_type=\"widget\" data-e-type=\"widget\" data-widget_type=\"heading.default\">\n\t\t\t\t\t<h3 class=\"elementor-heading-title elementor-size-default\">Posibles soluciones <\/h3>\t\t\t\t<\/div>\n\t\t\t\t\t<\/div>\n\t\t\t\t<\/div>\n\t\t<div data-particle_enable=\"false\" data-particle-mobile-disabled=\"false\" class=\"elementor-element elementor-element-d2b6412 e-flex e-con-boxed e-con e-parent\" data-id=\"d2b6412\" data-element_type=\"container\" data-e-type=\"container\">\n\t\t\t\t\t<div class=\"e-con-inner\">\n\t\t\t\t<div class=\"elementor-element elementor-element-a8bfda0 elementor-widget elementor-widget-text-editor\" data-id=\"a8bfda0\" data-element_type=\"widget\" data-e-type=\"widget\" data-widget_type=\"text-editor.default\">\n\t\t\t\t\t\t\t\t\t<div><a href=\"https:\/\/www-usa-gov.translate.goog\/es\/agencias\/departamento-del-trabajo?_x_tr_sl=es&amp;_x_tr_tl=en&amp;_x_tr_hl=en&amp;_x_tr_pto=sc\" target=\"_blank\" rel=\"noopener\">Los expertos sugieren que Estados Unidos debe reformar sus pol\u00edticas migratorias<\/a> para evitar un colapso en la producci\u00f3n de alimentos. Entre las propuestas destacan:<\/div><div>\u00a0<\/div><div><a href=\"https:\/\/soymigrante.com\/revista\/guatemalteco-dennys-mejia-experiencia-usa-trabajo-temporal-visa\/\">\u2022Facilitar la obtenci\u00f3n de visas<strong> H-2A<\/strong> para trabajadores agr\u00edcolas, agilizando los tr\u00e1mites y reduciendo costos para los empleadores.<\/a><\/div><div>\u00a0<\/div><div>\u2022Establecer programas de trabajadores invitados, similares al modelo que Canad\u00e1 mantiene con M\u00e9xico, permitiendo una fuerza laboral m\u00e1s estable y predecible.<\/div><div>\u00a0<\/div><div>\u2022Explorar opciones para regularizar a trabajadores indocumentados, especialmente aquellos que han contribuido durante d\u00e9cadas al sector agr\u00edcola y pagan impuestos.<\/div>\t\t\t\t\t\t\t\t<\/div>\n\t\t\t\t\t<\/div>\n\t\t\t\t<\/div>\n\t\t<div data-particle_enable=\"false\" data-particle-mobile-disabled=\"false\" class=\"elementor-element elementor-element-7df14ca e-flex e-con-boxed e-con e-parent\" data-id=\"7df14ca\" data-element_type=\"container\" data-e-type=\"container\">\n\t\t\t\t\t<div class=\"e-con-inner\">\n\t\t\t\t<div class=\"elementor-element elementor-element-4fe36a9 elementor-widget elementor-widget-image\" data-id=\"4fe36a9\" data-element_type=\"widget\" data-e-type=\"widget\" data-widget_type=\"image.default\">\n\t\t\t\t\t\t\t\t\t\t\t\t<figure class=\"wp-caption\">\n\t\t\t\t\t\t\t\t\t\t<img decoding=\"async\" width=\"768\" height=\"513\" src=\"https:\/\/soymigrante.com\/revista\/wp-content\/uploads\/2025\/01\/Redadas-contra-migrantes-podri\u0301an-afectar-el-suministro-alimentario-en-EEUU1_-1024x684.jpg\" class=\"attachment-large size-large wp-image-23217\" alt=\"Redadas contra migrantes podr\u00edan afectar el suministro alimentario en EE.UU., se\u00f1ala estudio\" srcset=\"https:\/\/soymigrante.com\/revista\/wp-content\/uploads\/2025\/01\/Redadas-contra-migrantes-podri\u0301an-afectar-el-suministro-alimentario-en-EEUU1_-1024x684.jpg 1024w, https:\/\/soymigrante.com\/revista\/wp-content\/uploads\/2025\/01\/Redadas-contra-migrantes-podri\u0301an-afectar-el-suministro-alimentario-en-EEUU1_-300x200.jpg 300w, https:\/\/soymigrante.com\/revista\/wp-content\/uploads\/2025\/01\/Redadas-contra-migrantes-podri\u0301an-afectar-el-suministro-alimentario-en-EEUU1_-768x513.jpg 768w, https:\/\/soymigrante.com\/revista\/wp-content\/uploads\/2025\/01\/Redadas-contra-migrantes-podri\u0301an-afectar-el-suministro-alimentario-en-EEUU1_-1536x1026.jpg 1536w, https:\/\/soymigrante.com\/revista\/wp-content\/uploads\/2025\/01\/Redadas-contra-migrantes-podri\u0301an-afectar-el-suministro-alimentario-en-EEUU1_-2048x1368.jpg 2048w, https:\/\/soymigrante.com\/revista\/wp-content\/uploads\/2025\/01\/Redadas-contra-migrantes-podri\u0301an-afectar-el-suministro-alimentario-en-EEUU1_-750x501.webp 750w, https:\/\/soymigrante.com\/revista\/wp-content\/uploads\/2025\/01\/Redadas-contra-migrantes-podri\u0301an-afectar-el-suministro-alimentario-en-EEUU1_-1140x761.webp 1140w, https:\/\/soymigrante.com\/revista\/wp-content\/uploads\/2025\/01\/Redadas-contra-migrantes-podri\u0301an-afectar-el-suministro-alimentario-en-EEUU1_-scaled.webp 1920w\" sizes=\"(max-width: 768px) 100vw, 768px\" title=\"Redadas contra migrantes podri\u0301an afectar el suministro alimentario en EEUU1 \u2013 SoyMigrante.com REVISTA\" \/>\t\t\t\t\t\t\t\t\t\t\t<figcaption class=\"widget-image-caption wp-caption-text\">El estudio tambi\u00e9n advierte que las deportaciones masivas generaran un impacto negativo en la econom\u00eda. (Foto: Pexels) <\/figcaption>\n\t\t\t\t\t\t\t\t\t\t<\/figure>\n\t\t\t\t\t\t\t\t\t<\/div>\n\t\t\t\t\t<\/div>\n\t\t\t\t<\/div>\n\t\t<div data-particle_enable=\"false\" data-particle-mobile-disabled=\"false\" class=\"elementor-element elementor-element-91cd35d e-flex e-con-boxed e-con e-parent\" data-id=\"91cd35d\" data-element_type=\"container\" data-e-type=\"container\">\n\t\t\t\t\t<div class=\"e-con-inner\">\n\t\t\t\t<div class=\"elementor-element elementor-element-6e34daa elementor-widget elementor-widget-text-editor\" data-id=\"6e34daa\" data-element_type=\"widget\" data-e-type=\"widget\" data-widget_type=\"text-editor.default\">\n\t\t\t\t\t\t\t\t\t<p>Adem\u00e1s, algunos productores est\u00e1n invirtiendo en tecnolog\u00eda rob\u00f3tica para automatizar la cosecha, pero estos avances a\u00fan est\u00e1n en desarrollo y no pueden sustituir completamente la mano de obra humana en el corto plazo.<\/p>\t\t\t\t\t\t\t\t<\/div>\n\t\t\t\t\t<\/div>\n\t\t\t\t<\/div>\n\t\t<div data-particle_enable=\"false\" data-particle-mobile-disabled=\"false\" class=\"elementor-element elementor-element-cd30166 e-flex e-con-boxed e-con e-parent\" data-id=\"cd30166\" data-element_type=\"container\" data-e-type=\"container\">\n\t\t\t\t\t<div class=\"e-con-inner\">\n\t\t\t\t<div class=\"elementor-element elementor-element-b1df2e2 elementor-widget elementor-widget-text-editor\" data-id=\"b1df2e2\" data-element_type=\"widget\" data-e-type=\"widget\" data-widget_type=\"text-editor.default\">\n\t\t\t\t\t\t\t\t\t<p>El<a href=\"https:\/\/www-usa-gov.translate.goog\/es\/agencias\/departamento-del-trabajo?_x_tr_sl=es&amp;_x_tr_tl=en&amp;_x_tr_hl=en&amp;_x_tr_pto=sc\" target=\"_blank\" rel=\"noopener\"> informe de Harvard concluye que<\/a>, de implementarse deportaciones masivas sin alternativas viables para el sector agr\u00edcola, Estados Unidos podr\u00eda enfrentar una crisis en el suministro de alimentos frescos, elevando los precios y reduciendo la accesibilidad de productos esenciales para la dieta de millones de personas.<\/p>\t\t\t\t\t\t\t\t<\/div>\n\t\t\t\t\t<\/div>\n\t\t\t\t<\/div>\n\t\t<div data-particle_enable=\"false\" data-particle-mobile-disabled=\"false\" class=\"elementor-element elementor-element-80c9efa e-flex e-con-boxed e-con e-parent\" data-id=\"80c9efa\" data-element_type=\"container\" data-e-type=\"container\">\n\t\t\t\t\t<div class=\"e-con-inner\">\n\t\t\t\t<div class=\"elementor-element elementor-element-21065cf elementor-widget elementor-widget-heading\" data-id=\"21065cf\" data-element_type=\"widget\" data-e-type=\"widget\" data-widget_type=\"heading.default\">\n\t\t\t\t\t<h2 class=\"elementor-heading-title elementor-size-default\">Conoce sobre la importancia de los migrantes en Estados Unidos, ac\u00e1...<\/h2>\t\t\t\t<\/div>\n\t\t\t\t\t<\/div>\n\t\t\t\t<\/div>\n\t\t<div data-particle_enable=\"false\" data-particle-mobile-disabled=\"false\" class=\"elementor-element elementor-element-08477f5 e-flex e-con-boxed e-con e-parent\" data-id=\"08477f5\" data-element_type=\"container\" data-e-type=\"container\">\n\t\t\t\t\t<div class=\"e-con-inner\">\n\t\t\t\t<div class=\"elementor-element elementor-element-256ede1 elementor-grid-eael-col-3 elementor-grid-tablet-eael-col-2 elementor-grid-mobile-eael-col-1 elementor-widget elementor-widget-eael-post-grid\" data-id=\"256ede1\" data-element_type=\"widget\" data-e-type=\"widget\" data-settings=\"{&quot;eael_post_grid_columns&quot;:&quot;eael-col-3&quot;,&quot;eael_post_grid_columns_tablet&quot;:&quot;eael-col-2&quot;,&quot;eael_post_grid_columns_mobile&quot;:&quot;eael-col-1&quot;}\" data-widget_type=\"eael-post-grid.default\">\n\t\t\t\t\t<div id=\"eael-post-grid-256ede1\" class=\"eael-post-grid-container\">\n            <div class=\"eael-post-grid eael-post-appender eael-post-appender-256ede1 eael-post-grid-style-one\" data-layout-mode=\"masonry\"><article class=\"eael-grid-post  eael-post-grid-column eael-pg-post-22222 category-estamos-unidos\" data-id=\"22222\">\n        <div class=\"eael-grid-post-holder\">\n            <div class=\"eael-grid-post-holder-inner\"><div class=\"eael-entry-media\"><div class=\"eael-entry-overlay fade-in\"><i class=\"far fa-hand-pointer\" aria-hidden=\"true\"><\/i><a href=\"https:\/\/soymigrante.com\/revista\/migrantes-ocupan-trabajos-que-estadounidenses-no-desean-afirma-estudio-del-pew-center\/\"><\/a><\/div><div class=\"eael-entry-thumbnail \">\n                <img loading=\"lazy\" decoding=\"async\" width=\"1024\" height=\"1024\" src=\"https:\/\/soymigrante.com\/revista\/wp-content\/uploads\/2025\/01\/trabajo-de-limpieza-usa-copia-1024x1024.jpg\" class=\"attachment-large size-large wp-image-22259\" alt=\"Trabajador de restauraci\u00f3n limpiando en cocina profesional, ambiente de gastronom\u00eda moderna, enfoque en higiene y trabajo en equipo para la excelencia culinaria.\" srcset=\"https:\/\/soymigrante.com\/revista\/wp-content\/uploads\/2025\/01\/trabajo-de-limpieza-usa-copia-1024x1024.jpg 1024w, https:\/\/soymigrante.com\/revista\/wp-content\/uploads\/2025\/01\/trabajo-de-limpieza-usa-copia-300x300.jpg 300w, https:\/\/soymigrante.com\/revista\/wp-content\/uploads\/2025\/01\/trabajo-de-limpieza-usa-copia-150x150.jpg 150w, https:\/\/soymigrante.com\/revista\/wp-content\/uploads\/2025\/01\/trabajo-de-limpieza-usa-copia-768x768.jpg 768w, https:\/\/soymigrante.com\/revista\/wp-content\/uploads\/2025\/01\/trabajo-de-limpieza-usa-copia-1536x1536.jpg 1536w, https:\/\/soymigrante.com\/revista\/wp-content\/uploads\/2025\/01\/trabajo-de-limpieza-usa-copia-2048x2048.jpg 2048w, https:\/\/soymigrante.com\/revista\/wp-content\/uploads\/2025\/01\/trabajo-de-limpieza-usa-copia-75x75.webp 75w, https:\/\/soymigrante.com\/revista\/wp-content\/uploads\/2025\/01\/trabajo-de-limpieza-usa-copia-750x750.webp 750w, https:\/\/soymigrante.com\/revista\/wp-content\/uploads\/2025\/01\/trabajo-de-limpieza-usa-copia-1140x1140.webp 1140w, https:\/\/soymigrante.com\/revista\/wp-content\/uploads\/2025\/01\/trabajo-de-limpieza-usa-copia-scaled.webp 1920w\" sizes=\"(max-width: 1024px) 100vw, 1024px\" \/>\n            <\/div>\n        <\/div><div class=\"eael-entry-wrapper\"><header class=\"eael-entry-header\"><h2 class=\"eael-entry-title\"><a class=\"eael-grid-post-link\" href=\"https:\/\/soymigrante.com\/revista\/migrantes-ocupan-trabajos-que-estadounidenses-no-desean-afirma-estudio-del-pew-center\/\" title=\"Migrantes desempe\u00f1an trabajos que ciudadanos no desean, afirma estudio del Pew Center\">Migrantes desempe\u00f1an trabajos que ciudadanos no desean, afirma estudio del Pew Center<\/a><\/h2><\/header><div class=\"eael-entry-content\">\n                        <div class=\"eael-grid-post-excerpt\"><a href=\"https:\/\/soymigrante.com\/revista\/migrantes-ocupan-trabajos-que-estadounidenses-no-desean-afirma-estudio-del-pew-center\/\" class=\"eael-post-elements-readmore-btn\">CONOCE SU HISTORIA <\/a><\/div>\n                    <\/div><\/div><\/div>\n        <\/div>\n    <\/article><article class=\"eael-grid-post  eael-post-grid-column eael-pg-post-16791 category-estamos-unidos\" data-id=\"16791\">\n        <div class=\"eael-grid-post-holder\">\n            <div class=\"eael-grid-post-holder-inner\"><div class=\"eael-entry-media\"><div class=\"eael-entry-overlay fade-in\"><i class=\"far fa-hand-pointer\" aria-hidden=\"true\"><\/i><a href=\"https:\/\/soymigrante.com\/revista\/dia-del-migrante-fuerza-laboral-llegada-de-otros-paises-a-ee-uu-tiene-un-papel-vital\/\"><\/a><\/div><div class=\"eael-entry-thumbnail \">\n                <img loading=\"lazy\" decoding=\"async\" width=\"1024\" height=\"1024\" src=\"https:\/\/soymigrante.com\/revista\/wp-content\/uploads\/2024\/12\/migrante-2-1024x1024.jpg\" class=\"attachment-large size-large wp-image-16836\" alt=\"Reparaci\u00f3n de paredes por un trabajador en interior de edificio, renovaci\u00f3n y trabajo de pintura, servicio de mantenimiento, limpieza y rehabilitaci\u00f3n de espacios.\" srcset=\"https:\/\/soymigrante.com\/revista\/wp-content\/uploads\/2024\/12\/migrante-2-1024x1024.jpg 1024w, https:\/\/soymigrante.com\/revista\/wp-content\/uploads\/2024\/12\/migrante-2-300x300.jpg 300w, https:\/\/soymigrante.com\/revista\/wp-content\/uploads\/2024\/12\/migrante-2-150x150.jpg 150w, https:\/\/soymigrante.com\/revista\/wp-content\/uploads\/2024\/12\/migrante-2-768x768.jpg 768w, https:\/\/soymigrante.com\/revista\/wp-content\/uploads\/2024\/12\/migrante-2-1536x1536.jpg 1536w, https:\/\/soymigrante.com\/revista\/wp-content\/uploads\/2024\/12\/migrante-2-2048x2048.jpg 2048w, https:\/\/soymigrante.com\/revista\/wp-content\/uploads\/2024\/12\/migrante-2-75x75.webp 75w, https:\/\/soymigrante.com\/revista\/wp-content\/uploads\/2024\/12\/migrante-2-750x750.webp 750w, https:\/\/soymigrante.com\/revista\/wp-content\/uploads\/2024\/12\/migrante-2-1140x1140.webp 1140w, https:\/\/soymigrante.com\/revista\/wp-content\/uploads\/2024\/12\/migrante-2-scaled.webp 1920w\" sizes=\"(max-width: 1024px) 100vw, 1024px\" \/>\n            <\/div>\n        <\/div><div class=\"eael-entry-wrapper\"><header class=\"eael-entry-header\"><h2 class=\"eael-entry-title\"><a class=\"eael-grid-post-link\" href=\"https:\/\/soymigrante.com\/revista\/dia-del-migrante-fuerza-laboral-llegada-de-otros-paises-a-ee-uu-tiene-un-papel-vital\/\" title=\"D\u00eda del Migrante: Fuerza laboral llegada de otros pa\u00edses a EE.UU. tiene un papel vital\">D\u00eda del Migrante: Fuerza laboral llegada de otros pa\u00edses a EE.UU. tiene un papel vital<\/a><\/h2><\/header><div class=\"eael-entry-content\">\n                        <div class=\"eael-grid-post-excerpt\"><a href=\"https:\/\/soymigrante.com\/revista\/dia-del-migrante-fuerza-laboral-llegada-de-otros-paises-a-ee-uu-tiene-un-papel-vital\/\" class=\"eael-post-elements-readmore-btn\">CONOCE SU HISTORIA <\/a><\/div>\n                    <\/div><\/div><\/div>\n        <\/div>\n    <\/article><article class=\"eael-grid-post  eael-post-grid-column eael-pg-post-10600 category-estamos-unidos\" data-id=\"10600\">\n        <div class=\"eael-grid-post-holder\">\n            <div class=\"eael-grid-post-holder-inner\"><div class=\"eael-entry-media\"><div class=\"eael-entry-overlay fade-in\"><i class=\"far fa-hand-pointer\" aria-hidden=\"true\"><\/i><a href=\"https:\/\/soymigrante.com\/revista\/guatemaltecos-son-el-6-de-la-fuerza-laboral-migrante-hispana-en-ee-uu\/\"><\/a><\/div><div class=\"eael-entry-thumbnail \">\n                <img loading=\"lazy\" decoding=\"async\" width=\"842\" height=\"842\" src=\"https:\/\/soymigrante.com\/revista\/wp-content\/uploads\/2024\/10\/guatemaltecos-desfile-hispanidad.webp\" class=\"attachment-large size-large wp-image-10609\" alt=\"Guatemaltecos en una manifestaci\u00f3n en la ciudad de Nueva York con la bandera de Guatemala. Participaci\u00f3n en eventos culturales y sociales de la comunidad migrante en EE.UU.\" srcset=\"https:\/\/soymigrante.com\/revista\/wp-content\/uploads\/2024\/10\/guatemaltecos-desfile-hispanidad.webp 842w, https:\/\/soymigrante.com\/revista\/wp-content\/uploads\/2024\/10\/guatemaltecos-desfile-hispanidad-300x300.webp 300w, https:\/\/soymigrante.com\/revista\/wp-content\/uploads\/2024\/10\/guatemaltecos-desfile-hispanidad-150x150.webp 150w, https:\/\/soymigrante.com\/revista\/wp-content\/uploads\/2024\/10\/guatemaltecos-desfile-hispanidad-768x768.webp 768w, https:\/\/soymigrante.com\/revista\/wp-content\/uploads\/2024\/10\/guatemaltecos-desfile-hispanidad-75x75.webp 75w, https:\/\/soymigrante.com\/revista\/wp-content\/uploads\/2024\/10\/guatemaltecos-desfile-hispanidad-750x750.webp 750w\" sizes=\"(max-width: 842px) 100vw, 842px\" \/>\n            <\/div>\n        <\/div><div class=\"eael-entry-wrapper\"><header class=\"eael-entry-header\"><h2 class=\"eael-entry-title\"><a class=\"eael-grid-post-link\" href=\"https:\/\/soymigrante.com\/revista\/guatemaltecos-son-el-6-de-la-fuerza-laboral-migrante-hispana-en-ee-uu\/\" title=\"Guatemaltecos son el 6% de la fuerza laboral migrante hispana en EE.UU.\">Guatemaltecos son el 6% de la fuerza laboral migrante hispana en EE.UU.<\/a><\/h2><\/header><div class=\"eael-entry-content\">\n                        <div class=\"eael-grid-post-excerpt\"><a href=\"https:\/\/soymigrante.com\/revista\/guatemaltecos-son-el-6-de-la-fuerza-laboral-migrante-hispana-en-ee-uu\/\" class=\"eael-post-elements-readmore-btn\">CONOCE SU HISTORIA <\/a><\/div>\n                    <\/div><\/div><\/div>\n        <\/div>\n    <\/article><\/div>\n            <div class=\"clearfix\"><\/div>\n        <\/div>\t\t\t\t<\/div>\n\t\t\t\t\t<\/div>\n\t\t\t\t<\/div>\n\t\t\t\t<\/div>\n\t\t","protected":false},"excerpt":{"rendered":"<p>El aporte laboral de los migrantes en diversas \u00e1reas productivas de Estados Unidos es muy importante. Un ejemplo es la agricultura. Facilitar v\u00edas legales, temporales y dignas de trabajo migrante es una alternativa. Un reciente estudio de la Universidad de Harvard resalta que la mano obra migrante es un activo muy fuerte en la agricultura [&hellip;]<\/p>\n","protected":false},"author":19,"featured_media":23312,"comment_status":"open","ping_status":"open","sticky":false,"template":"","format":"standard","meta":{"_acf_changed":false,"_eb_attr":"","footnotes":""},"categories":[54],"tags":[],"class_list":["post-23205","post","type-post","status-publish","format-standard","has-post-thumbnail","hentry","category-estamos-unidos"],"acf":[],"aioseo_notices":[],"aioseo_head":"\n\t\t<!-- All in One SEO Pro 4.9.6.2 - aioseo.com -->\n\t<meta name=\"description\" content=\"Entre 2012 y 2024 se ha duplicado la cifra de migrantes guatemaltecos trabajando en EE.UU. Conoce otras cifras de este informe basado en datos de US Census.\" \/>\n\t<meta name=\"robots\" content=\"max-snippet:-1, max-image-preview:large, max-video-preview:-1\" \/>\n\t<meta name=\"author\" content=\"Beatriz Tercero\"\/>\n\t<link rel=\"canonical\" href=\"https:\/\/soymigrante.com\/revista\/guatemaltecos-son-el-6-de-la-fuerza-laboral-migrante-hispana-en-ee-uu\/\" \/>\n\t<meta name=\"generator\" content=\"All in One SEO Pro (AIOSEO) 4.9.6.2\" \/>\n\n\t\t<link rel=\"preconnect\" href=\"https:\/\/fonts.googleapis.com\" crossorigin>\n<link rel=\"preconnect\" href=\"https:\/\/fonts.gstatic.com\" crossorigin>\n\t\t<meta property=\"og:locale\" content=\"es_ES\" \/>\n\t\t<meta property=\"og:site_name\" content=\"SoyMigrante.com REVISTA \u2013 Nuestra misi\u00f3n es reconocer y dignificar al migrante.\" \/>\n\t\t<meta property=\"og:type\" content=\"article\" \/>\n\t\t<meta property=\"og:title\" content=\"Guatemaltecos son 6% de fuerza laboral migrante en USA\" \/>\n\t\t<meta property=\"og:description\" content=\"Entre 2012 y 2024 se ha duplicado la cifra de migrantes guatemaltecos trabajando en EE.UU. Conoce otras cifras de este informe basado en datos de US Census.\" \/>\n\t\t<meta property=\"og:url\" content=\"https:\/\/soymigrante.com\/revista\/guatemaltecos-son-el-6-de-la-fuerza-laboral-migrante-hispana-en-ee-uu\/\" \/>\n\t\t<meta property=\"og:image\" content=\"https:\/\/soymigrante.com\/revista\/wp-content\/uploads\/2024\/10\/guatemaltecos-desfile-hispanidad.webp\" \/>\n\t\t<meta property=\"og:image:secure_url\" content=\"https:\/\/soymigrante.com\/revista\/wp-content\/uploads\/2024\/10\/guatemaltecos-desfile-hispanidad.webp\" \/>\n\t\t<meta property=\"og:image:width\" content=\"842\" \/>\n\t\t<meta property=\"og:image:height\" content=\"842\" \/>\n\t\t<meta property=\"article:published_time\" content=\"2024-10-22T19:50:10+00:00\" \/>\n\t\t<meta property=\"article:modified_time\" content=\"2024-11-26T14:18:01+00:00\" \/>\n\t\t<meta property=\"article:publisher\" content=\"https:\/\/www.facebook.com\/soymigrantecom\" \/>\n\t\t<meta name=\"twitter:card\" content=\"summary_large_image\" \/>\n\t\t<meta name=\"twitter:site\" content=\"@SoyMigrante_com\" \/>\n\t\t<meta name=\"twitter:title\" content=\"Guatemaltecos son 6% de fuerza laboral migrante en USA\" \/>\n\t\t<meta name=\"twitter:description\" content=\"Entre 2012 y 2024 se ha duplicado la cifra de migrantes guatemaltecos trabajando en EE.UU. Conoce otras cifras de este informe basado en datos de US Census.\" \/>\n\t\t<meta name=\"twitter:creator\" content=\"@SoyMigrante_com\" \/>\n\t\t<meta name=\"twitter:image\" content=\"https:\/\/soymigrante.com\/revista\/wp-content\/uploads\/2024\/10\/guatemaltecos-desfile-hispanidad.webp\" \/>\n\t\t<!-- All in One SEO Pro -->\r\n\t\t<title>Guatemaltecos son 6% de fuerza laboral migrante en USA<\/title>\n\n","aioseo_head_json":{"title":"Guatemaltecos son 6% de fuerza laboral migrante en USA","description":"Entre 2012 y 2024 se ha duplicado la cifra de migrantes guatemaltecos trabajando en EE.UU. Conoce otras cifras de este informe basado en datos de US Census.","canonical_url":"https:\/\/soymigrante.com\/revista\/guatemaltecos-son-el-6-de-la-fuerza-laboral-migrante-hispana-en-ee-uu\/","robots":"max-snippet:-1, max-image-preview:large, max-video-preview:-1","keywords":"","webmasterTools":{"miscellaneous":"&lt;link rel=\"preconnect\" href=\"https:\/\/fonts.googleapis.com\" crossorigin&gt;\n&lt;link rel=\"preconnect\" href=\"https:\/\/fonts.gstatic.com\" crossorigin&gt;"},"schema":null,"og:locale":"es_ES","og:site_name":"SoyMigrante.com REVISTA \u2013 Nuestra misi\u00f3n es reconocer y dignificar al migrante.","og:type":"article","og:title":"Guatemaltecos son 6% de fuerza laboral migrante en USA","og:description":"Entre 2012 y 2024 se ha duplicado la cifra de migrantes guatemaltecos trabajando en EE.UU. Conoce otras cifras de este informe basado en datos de US Census.","og:url":"https:\/\/soymigrante.com\/revista\/guatemaltecos-son-el-6-de-la-fuerza-laboral-migrante-hispana-en-ee-uu\/","og:image":"https:\/\/soymigrante.com\/revista\/wp-content\/uploads\/2024\/10\/guatemaltecos-desfile-hispanidad.webp","og:image:secure_url":"https:\/\/soymigrante.com\/revista\/wp-content\/uploads\/2024\/10\/guatemaltecos-desfile-hispanidad.webp","og:image:width":842,"og:image:height":842,"article:published_time":"2024-10-22T19:50:10+00:00","article:modified_time":"2024-11-26T14:18:01+00:00","article:publisher":"https:\/\/www.facebook.com\/soymigrantecom","twitter:card":"summary_large_image","twitter:site":"@SoyMigrante_com","twitter:title":"Guatemaltecos son 6% de fuerza laboral migrante en USA","twitter:description":"Entre 2012 y 2024 se ha duplicado la cifra de migrantes guatemaltecos trabajando en EE.UU. Conoce otras cifras de este informe basado en datos de US Census.","twitter:creator":"@SoyMigrante_com","twitter:image":"https:\/\/soymigrante.com\/revista\/wp-content\/uploads\/2024\/10\/guatemaltecos-desfile-hispanidad.webp"},"aioseo_meta_data":{"post_id":"23205","title":"Estudio de Harvard resalta importancia de migrantes en agricultura","description":"Un an\u00e1lisis de la Universidad de Harvard expone la gran cantidad de trabajadores migrantes que desarrollan tareas agr\u00edcolas en EE.UU.","keywords":null,"keyphrases":{"focus":{"keyphrase":"migrantes","score":100,"analysis":{"keyphraseInTitle":{"score":9,"maxScore":9,"error":0},"keyphraseInDescription":{"score":9,"maxScore":9,"error":0},"keyphraseLength":{"score":9,"maxScore":9,"error":0,"length":1},"keyphraseInURL":{"score":5,"maxScore":5,"error":0},"keyphraseInIntroduction":{"score":9,"maxScore":9,"error":0},"keyphraseInSubHeadings":{"score":9,"maxScore":9,"error":0},"keyphraseInImageAlt":{"score":9,"maxScore":9,"error":0},"keywordDensity":{"type":"best","score":9,"maxScore":9,"error":0}}},"additional":[{"keyphrase":"Migrantes","score":100,"analysis":{"keyphraseInDescription":{"score":9,"maxScore":9,"error":0},"keyphraseLength":{"score":9,"maxScore":9,"error":0,"length":1},"keyphraseInIntroduction":{"score":9,"maxScore":9,"error":0},"keyphraseInImageAlt":{"score":9,"maxScore":9,"error":0},"keywordDensity":{"type":"best","score":9,"maxScore":9,"error":0}}}]},"primary_term":null,"canonical_url":null,"og_title":null,"og_description":null,"og_object_type":"default","og_image_type":"default","og_image_url":null,"og_image_width":null,"og_image_height":null,"og_image_custom_url":null,"og_image_custom_fields":null,"og_video":"","og_custom_url":null,"og_article_section":null,"og_article_tags":null,"twitter_use_og":false,"twitter_card":"default","twitter_image_type":"default","twitter_image_url":null,"twitter_image_custom_url":null,"twitter_image_custom_fields":null,"twitter_title":null,"twitter_description":null,"schema":{"blockGraphs":[],"customGraphs":[],"default":{"data":{"Article":[],"Course":[],"Dataset":[],"FAQPage":[],"Movie":[],"Person":[],"Product":[],"ProductReview":[],"Car":[],"Recipe":[],"Service":[],"SoftwareApplication":[],"WebPage":[]},"graphName":"BlogPosting","isEnabled":true},"graphs":[]},"schema_type":"default","schema_type_options":null,"pillar_content":false,"robots_default":true,"robots_noindex":false,"robots_noarchive":false,"robots_nosnippet":false,"robots_nofollow":false,"robots_noimageindex":false,"robots_noodp":false,"robots_notranslate":false,"robots_max_snippet":"-1","robots_max_videopreview":"-1","robots_max_imagepreview":"large","priority":null,"frequency":"default","local_seo":null,"seo_analyzer_scan_date":"2025-10-09 02:17:11","breadcrumb_settings":null,"limit_modified_date":false,"reviewed_by":null,"open_ai":"{\"title\":{\"suggestions\":[],\"usage\":0},\"description\":{\"suggestions\":[],\"usage\":0}}","ai":null,"created":"2025-01-29 18:21:23","updated":"2026-02-04 21:04:39"},"aioseo_breadcrumb":"<div class=\"aioseo-breadcrumbs\"><span class=\"aioseo-breadcrumb\">\n\t<a href=\"https:\/\/soymigrante.com\/revista\" title=\"Home\">Home<\/a>\n<\/span><span class=\"aioseo-breadcrumb-separator\">\u00bb<\/span><span class=\"aioseo-breadcrumb\">\n\t<a href=\"https:\/\/soymigrante.com\/revista\/category\/estamos-unidos\/\" title=\"Estamos Unidos\">Estamos Unidos<\/a>\n<\/span><span class=\"aioseo-breadcrumb-separator\">\u00bb<\/span><span class=\"aioseo-breadcrumb\">\n\tEstudio de Harvard resalta importancia de la mano de obra migrante en agricultura\n<\/span><\/div>","aioseo_breadcrumb_json":[{"label":"Home","link":"https:\/\/soymigrante.com\/revista"},{"label":"Estamos Unidos","link":"https:\/\/soymigrante.com\/revista\/category\/estamos-unidos\/"},{"label":"Estudio de Harvard resalta importancia de la mano de obra migrante en agricultura","link":"https:\/\/soymigrante.com\/revista\/acciones-antimigrantes-afectaran-economia-y-suministro-de-alimentos-senala-estudio-de-harvard\/"}],"_links":{"self":[{"href":"https:\/\/soymigrante.com\/revista\/wp-json\/wp\/v2\/posts\/23205","targetHints":{"allow":["GET"]}}],"collection":[{"href":"https:\/\/soymigrante.com\/revista\/wp-json\/wp\/v2\/posts"}],"about":[{"href":"https:\/\/soymigrante.com\/revista\/wp-json\/wp\/v2\/types\/post"}],"author":[{"embeddable":true,"href":"https:\/\/soymigrante.com\/revista\/wp-json\/wp\/v2\/users\/19"}],"replies":[{"embeddable":true,"href":"https:\/\/soymigrante.com\/revista\/wp-json\/wp\/v2\/comments?post=23205"}],"version-history":[{"count":0,"href":"https:\/\/soymigrante.com\/revista\/wp-json\/wp\/v2\/posts\/23205\/revisions"}],"wp:featuredmedia":[{"embeddable":true,"href":"https:\/\/soymigrante.com\/revista\/wp-json\/wp\/v2\/media\/23312"}],"wp:attachment":[{"href":"https:\/\/soymigrante.com\/revista\/wp-json\/wp\/v2\/media?parent=23205"}],"wp:term":[{"taxonomy":"category","embeddable":true,"href":"https:\/\/soymigrante.com\/revista\/wp-json\/wp\/v2\/categories?post=23205"},{"taxonomy":"post_tag","embeddable":true,"href":"https:\/\/soymigrante.com\/revista\/wp-json\/wp\/v2\/tags?post=23205"}],"curies":[{"name":"wp","href":"https:\/\/api.w.org\/{rel}","templated":true}]}}