{"id":2319,"date":"2023-08-26T17:17:41","date_gmt":"2023-08-26T17:17:41","guid":{"rendered":"https:\/\/soymigrante.com\/revista\/?p=2319"},"modified":"2024-07-30T17:30:09","modified_gmt":"2024-07-30T23:30:09","slug":"defensa-libre-emision-pensamiento-guatemala","status":"publish","type":"post","link":"https:\/\/soymigrante.com\/revista\/defensa-libre-emision-pensamiento-guatemala\/","title":{"rendered":"Editorial: Defendiendo la Libre Emisi\u00f3n del Pensamiento en Guatemala"},"content":{"rendered":"\t\t<div data-elementor-type=\"wp-post\" data-elementor-id=\"2319\" class=\"elementor elementor-2319\" data-elementor-post-type=\"post\">\n\t\t\t\t\t\t<section data-particle_enable=\"false\" data-particle-mobile-disabled=\"false\" class=\"elementor-section elementor-top-section elementor-element elementor-element-3abf6bc elementor-section-boxed elementor-section-height-default elementor-section-height-default\" data-id=\"3abf6bc\" data-element_type=\"section\" data-e-type=\"section\">\n\t\t\t\t\t\t<div class=\"elementor-container elementor-column-gap-default\">\n\t\t\t\t\t<div class=\"elementor-column elementor-col-100 elementor-top-column elementor-element elementor-element-6d04985\" data-id=\"6d04985\" data-element_type=\"column\" data-e-type=\"column\">\n\t\t\t<div class=\"elementor-widget-wrap elementor-element-populated\">\n\t\t\t\t\t\t<div class=\"elementor-element elementor-element-7cacbad elementor-widget elementor-widget-heading\" data-id=\"7cacbad\" data-element_type=\"widget\" data-e-type=\"widget\" data-widget_type=\"heading.default\">\n\t\t\t\t\t<h1 class=\"elementor-heading-title elementor-size-default\">Recurso de la Fiscal General ante la Corte de Constitucionalidad para pedir represi\u00f3n contra cr\u00edticas y protestas ciudadanas pac\u00edficas  implica peligro para la garant\u00eda constitucional de Libre Emisi\u00f3n del Pensamiento y debe ser rechazado.<\/h1>\t\t\t\t<\/div>\n\t\t\t\t\t<\/div>\n\t\t<\/div>\n\t\t\t\t\t<\/div>\n\t\t<\/section>\n\t\t\t\t<section data-particle_enable=\"false\" data-particle-mobile-disabled=\"false\" class=\"elementor-section elementor-top-section elementor-element elementor-element-ddc706e elementor-section-boxed elementor-section-height-default elementor-section-height-default\" data-id=\"ddc706e\" data-element_type=\"section\" data-e-type=\"section\">\n\t\t\t\t\t\t<div class=\"elementor-container elementor-column-gap-default\">\n\t\t\t\t\t<div class=\"elementor-column elementor-col-100 elementor-top-column elementor-element elementor-element-2868ef0\" data-id=\"2868ef0\" data-element_type=\"column\" data-e-type=\"column\">\n\t\t\t<div class=\"elementor-widget-wrap elementor-element-populated\">\n\t\t\t\t\t\t<div class=\"elementor-element elementor-element-67ddb5c elementor-widget elementor-widget-image\" data-id=\"67ddb5c\" data-element_type=\"widget\" data-e-type=\"widget\" data-widget_type=\"image.default\">\n\t\t\t\t\t\t\t\t\t\t\t\t<figure class=\"wp-caption\">\n\t\t\t\t\t\t\t\t\t\t<img fetchpriority=\"high\" decoding=\"async\" width=\"768\" height=\"570\" src=\"https:\/\/soymigrante.com\/revista\/wp-content\/uploads\/2023\/08\/Captura-de-pantalla-2023-08-26-104359.webp\" class=\"attachment-large size-large wp-image-2323\" alt=\"Fragmentos de un mural del talentoso artista huehueteco Armando Seb. Imagen utilizada solo con fines ilustrativos.\" srcset=\"https:\/\/soymigrante.com\/revista\/wp-content\/uploads\/2023\/08\/Captura-de-pantalla-2023-08-26-104359.webp 842w, https:\/\/soymigrante.com\/revista\/wp-content\/uploads\/2023\/08\/Captura-de-pantalla-2023-08-26-104359-300x223.webp 300w, https:\/\/soymigrante.com\/revista\/wp-content\/uploads\/2023\/08\/Captura-de-pantalla-2023-08-26-104359-768x570.webp 768w, https:\/\/soymigrante.com\/revista\/wp-content\/uploads\/2023\/08\/Captura-de-pantalla-2023-08-26-104359-750x557.webp 750w\" sizes=\"(max-width: 768px) 100vw, 768px\" title=\"Fragmentos de un mural del talentoso artista huehueteco Armando Seb. Imagen utilizada solo con fines ilustrativos. \u2013 SoyMigrante.com REVISTA\" \/>\t\t\t\t\t\t\t\t\t\t\t<figcaption class=\"widget-image-caption wp-caption-text\">Fragmentos de un mural del talentoso artista huehueteco Armando Seb. Imagen utilizada solo con fines ilustrativos.<\/figcaption>\n\t\t\t\t\t\t\t\t\t\t<\/figure>\n\t\t\t\t\t\t\t\t\t<\/div>\n\t\t\t\t\t<\/div>\n\t\t<\/div>\n\t\t\t\t\t<\/div>\n\t\t<\/section>\n\t\t\t\t<section data-particle_enable=\"false\" data-particle-mobile-disabled=\"false\" class=\"elementor-section elementor-top-section elementor-element elementor-element-5d6791a elementor-section-boxed elementor-section-height-default elementor-section-height-default\" data-id=\"5d6791a\" data-element_type=\"section\" data-e-type=\"section\">\n\t\t\t\t\t\t<div class=\"elementor-container elementor-column-gap-default\">\n\t\t\t\t\t<div class=\"elementor-column elementor-col-100 elementor-top-column elementor-element elementor-element-07cf4ca\" data-id=\"07cf4ca\" data-element_type=\"column\" data-e-type=\"column\">\n\t\t\t<div class=\"elementor-widget-wrap elementor-element-populated\">\n\t\t\t\t\t\t<div class=\"elementor-element elementor-element-a3923b6 elementor-widget elementor-widget-text-editor\" data-id=\"a3923b6\" data-element_type=\"widget\" data-e-type=\"widget\" data-widget_type=\"text-editor.default\">\n\t\t\t\t\t\t\t\t\t<p>Acciones del Ministerio P\u00fablico en contra del Tribunal Supremo Electoral desarrolladas despu\u00e9s de la primera vuelta electoral, del 25 de junio pasado, buscaron&nbsp; impedir la participaci\u00f3n del partido Movimiento Semilla en la segunda vuelta pero un amparo de la Corte de Constitucionalidad garantiz\u00f3 la realizaci\u00f3n de esta votaci\u00f3n, el 20 de agosto \u00faltimo.&nbsp;<\/p><p>Por voto de 2.3 millones de guatemaltecos, el candidato Bernardo Ar\u00e9valo es el presidente electo seg\u00fan los datos preliminares y para la siguiente semana se espera la oficializaci\u00f3n de los resultados.<\/p>\n<p>El voto de la ciudadan\u00eda es la m\u00e1xima expresi\u00f3n de la soberana voluntad en un marco democr\u00e1tico. Cualquier intento por bloquearlo es il\u00edcito y constituye un posible delito, lo cual es a\u00fan m\u00e1s grave si es impulsado por funcionarios p\u00fablicos.<\/p>\n<p>El 23 de agosto, apenas 3 d\u00edas despu\u00e9s de los comicios, el&nbsp; Ministerio P\u00fablico, cuya titular es la Fiscal General Consuelo Porras, solicit\u00f3 el retiro de antejuicio contra tres magistrados del TSE, por el caso de la fallida inscripci\u00f3n de Manuel Baldiz\u00f3n, expresidenciable y exconvicto por lavado de dinero narco en Estados Unidos. Dicha inscripci\u00f3n fue anulada por el pleno de magistrados del TSE, pero el MP se basa en denuncias previas, una de las cuales ya fue retirada por su interponente.<\/p>\n<p>Grupos ciudadanos han manifestado de manera pac\u00edfica durante varias semanas frente a la sede del Ministerio P\u00fablico, en el barrio Gerona, zona 1 capitalina, en contra del acoso del MP en contra del Partido Semilla, cuya cancelaci\u00f3n pidi\u00f3 el fiscal Rafael Curruchiche, pero que es inviable por prohibici\u00f3n expresa en la Ley Electoral y de Partidos Pol\u00edticos, que tiene rango constitucional.&nbsp;<\/p>\n<p>Tras la victoria de Ar\u00e9valo en las urnas, prosiguen las acciones que a todas luces buscan socavar la voluntad manifestada en las urnas. A trav\u00e9s de redes sociales, medios de comunicaci\u00f3n y en plantones, cientos, miles de ciudadanos expresan su desacuerdo y adem\u00e1s demandan la dimisi\u00f3n de la Fiscal General porque sus decisiones son claramente antidemocr\u00e1ticas.&nbsp;<\/p>\n<p><br><\/p>\n<p><\/p>\t\t\t\t\t\t\t\t<\/div>\n\t\t\t\t\t<\/div>\n\t\t<\/div>\n\t\t\t\t\t<\/div>\n\t\t<\/section>\n\t\t\t\t<section data-particle_enable=\"false\" data-particle-mobile-disabled=\"false\" class=\"elementor-section elementor-top-section elementor-element elementor-element-53d1318 elementor-section-boxed elementor-section-height-default elementor-section-height-default\" data-id=\"53d1318\" data-element_type=\"section\" data-e-type=\"section\">\n\t\t\t\t\t\t<div class=\"elementor-container elementor-column-gap-default\">\n\t\t\t\t\t<div class=\"elementor-column elementor-col-100 elementor-top-column elementor-element elementor-element-5f98a16\" data-id=\"5f98a16\" data-element_type=\"column\" data-e-type=\"column\">\n\t\t\t<div class=\"elementor-widget-wrap elementor-element-populated\">\n\t\t\t\t\t\t<div class=\"elementor-element elementor-element-b57d484 elementor-widget elementor-widget-image\" data-id=\"b57d484\" data-element_type=\"widget\" data-e-type=\"widget\" data-widget_type=\"image.default\">\n\t\t\t\t\t\t\t\t\t\t\t\t<figure class=\"wp-caption\">\n\t\t\t\t\t\t\t\t\t\t<img decoding=\"async\" width=\"768\" height=\"467\" src=\"https:\/\/soymigrante.com\/revista\/wp-content\/uploads\/2023\/08\/Captura-de-pantalla-2023-08-26-104237-1024x622.webp\" class=\"attachment-large size-large wp-image-2321\" alt=\"Detalle de un mural del talentoso artista visual huehueteco Armando Seb\" srcset=\"https:\/\/soymigrante.com\/revista\/wp-content\/uploads\/2023\/08\/Captura-de-pantalla-2023-08-26-104237-1024x622.webp 1024w, https:\/\/soymigrante.com\/revista\/wp-content\/uploads\/2023\/08\/Captura-de-pantalla-2023-08-26-104237-300x182.webp 300w, https:\/\/soymigrante.com\/revista\/wp-content\/uploads\/2023\/08\/Captura-de-pantalla-2023-08-26-104237-768x466.webp 768w, https:\/\/soymigrante.com\/revista\/wp-content\/uploads\/2023\/08\/Captura-de-pantalla-2023-08-26-104237-750x455.webp 750w, https:\/\/soymigrante.com\/revista\/wp-content\/uploads\/2023\/08\/Captura-de-pantalla-2023-08-26-104237-1140x692.webp 1140w, https:\/\/soymigrante.com\/revista\/wp-content\/uploads\/2023\/08\/Captura-de-pantalla-2023-08-26-104237.webp 1146w\" sizes=\"(max-width: 768px) 100vw, 768px\" title=\"Detalle de un mural del talentoso artista visual huehueteco Armando Seb \u2013 SoyMigrante.com REVISTA\" \/>\t\t\t\t\t\t\t\t\t\t\t<figcaption class=\"widget-image-caption wp-caption-text\">Detalle de un mural del talentoso artista visual huehueteco Armando Seb<\/figcaption>\n\t\t\t\t\t\t\t\t\t\t<\/figure>\n\t\t\t\t\t\t\t\t\t<\/div>\n\t\t\t\t\t<\/div>\n\t\t<\/div>\n\t\t\t\t\t<\/div>\n\t\t<\/section>\n\t\t\t\t<section data-particle_enable=\"false\" data-particle-mobile-disabled=\"false\" class=\"elementor-section elementor-top-section elementor-element elementor-element-d99b23b elementor-section-boxed elementor-section-height-default elementor-section-height-default\" data-id=\"d99b23b\" data-element_type=\"section\" data-e-type=\"section\">\n\t\t\t\t\t\t<div class=\"elementor-container elementor-column-gap-default\">\n\t\t\t\t\t<div class=\"elementor-column elementor-col-100 elementor-top-column elementor-element elementor-element-dc22b97\" data-id=\"dc22b97\" data-element_type=\"column\" data-e-type=\"column\">\n\t\t\t<div class=\"elementor-widget-wrap elementor-element-populated\">\n\t\t\t\t\t\t<div class=\"elementor-element elementor-element-3f0e6a9 elementor-widget elementor-widget-text-editor\" data-id=\"3f0e6a9\" data-element_type=\"widget\" data-e-type=\"widget\" data-widget_type=\"text-editor.default\">\n\t\t\t\t\t\t\t\t\t<p><span style=\"font-family: Roboto, sans-serif; font-size: 16px; font-style: normal; font-variant-ligatures: normal; font-variant-caps: normal; font-weight: 400; color: var( --e-global-color-text ); background-color: var(--ak-bg-color);\">El &#8220;amparo&#8221; solicitado a la CC es venenoso porque exige acallar las protestas e incluso llama al Presidente, al ministro de Gobernaci\u00f3n y al director de la Polic\u00eda a utilizar la fuerza en contra de los ciudadanos, a pesar de que son manifestaciones pac\u00edficas. El derecho de solicitar amparo es de todo ciudadano pero es il\u00f3gico que se use para vedar otros derechos claramente fijados en la Constituci\u00f3n.<\/span><\/p>\n<p style=\"font-style: normal; font-variant-ligatures: normal; font-variant-caps: normal; font-weight: 400; font-size: 16px; font-family: Roboto, sans-serif;\">Dicho &#8220;amparo&#8221;&nbsp; NO&nbsp; debe ser otorgado porque es una censura, porque veda garant\u00edas como el derecho de petici\u00f3n, el derecho de acci\u00f3n y el derecho de libre expresi\u00f3n. La Constituci\u00f3n misma se\u00f1ala que no constituyen delito las cr\u00edticas en contra de funcionarios p\u00fablicos por actos efectuados en el ejercicio de dichos puestos.&nbsp;<\/p>\n<p style=\"font-style: normal; font-variant-ligatures: normal; font-variant-caps: normal; font-weight: 400; font-size: 16px; font-family: Roboto, sans-serif;\">SoyMigrante.com rechaza todo intento de criminalizar la libre expresi\u00f3n. Todo funcionario p\u00fablico est\u00e1 sujeto a la ley y debe rendir cuentas de sus actos. Atentar contra la democracia, irrespetar la voluntad soberana o intentar un sabotaje a la oficializaci\u00f3n de resultados constituyen serios delitos y una expresi\u00f3n deleznable de prepotencia y abuso de poder.<\/p>\n<p style=\"font-style: normal; font-variant-ligatures: normal; font-variant-caps: normal; font-weight: 400; font-size: 16px; font-family: Roboto, sans-serif;\">La Libre Emisi\u00f3n del Pensamiento es la piedra fundamental de la democracia y no puede ser vetada, amenazada o reprimida por ninguna autoridad, porque de hacerlo desacata&nbsp;el sustento que le da raz\u00f3n de ser a su funci\u00f3n. Las libertades constitucionales deben prevalecer y el respeto a la voluntad ciudadana en los comicios debe imperar.<\/p><p style=\"font-style: normal; font-variant-ligatures: normal; font-variant-caps: normal; font-weight: 400; font-size: 16px; font-family: Roboto, sans-serif;\">As\u00ed como la CC defendi\u00f3 la segunda vuelta electoral debe defender, con ah\u00ednco, la Libre Expresi\u00f3n o dejar\u00eda de cumplir su funci\u00f3n institucional.<\/p>\t\t\t\t\t\t\t\t<\/div>\n\t\t\t\t<div class=\"elementor-element elementor-element-f8b42b0 elementor-widget elementor-widget-image\" data-id=\"f8b42b0\" data-element_type=\"widget\" data-e-type=\"widget\" data-widget_type=\"image.default\">\n\t\t\t\t\t\t\t\t\t\t\t\t<figure class=\"wp-caption\">\n\t\t\t\t\t\t\t\t\t\t<img decoding=\"async\" width=\"768\" height=\"379\" src=\"https:\/\/soymigrante.com\/revista\/wp-content\/uploads\/2023\/08\/Captura-de-pantalla-2023-08-26-104302-1024x505.webp\" class=\"attachment-large size-large wp-image-2320\" alt=\"Mural del talentoso artista huehueteco Armando Seb. Imagen utilizada solo con fines ilustrativos.\" srcset=\"https:\/\/soymigrante.com\/revista\/wp-content\/uploads\/2023\/08\/Captura-de-pantalla-2023-08-26-104302-1024x505.webp 1024w, https:\/\/soymigrante.com\/revista\/wp-content\/uploads\/2023\/08\/Captura-de-pantalla-2023-08-26-104302-300x148.webp 300w, https:\/\/soymigrante.com\/revista\/wp-content\/uploads\/2023\/08\/Captura-de-pantalla-2023-08-26-104302-768x379.webp 768w, https:\/\/soymigrante.com\/revista\/wp-content\/uploads\/2023\/08\/Captura-de-pantalla-2023-08-26-104302-750x370.webp 750w, https:\/\/soymigrante.com\/revista\/wp-content\/uploads\/2023\/08\/Captura-de-pantalla-2023-08-26-104302-1140x562.webp 1140w, https:\/\/soymigrante.com\/revista\/wp-content\/uploads\/2023\/08\/Captura-de-pantalla-2023-08-26-104302.webp 1486w\" sizes=\"(max-width: 768px) 100vw, 768px\" title=\"Mural del talentoso artista huehueteco Armando Seb. Imagen utilizada solo con fines ilustrativos. \u2013 SoyMigrante.com REVISTA\" \/>\t\t\t\t\t\t\t\t\t\t\t<figcaption class=\"widget-image-caption wp-caption-text\">Mural del talentoso artista huehueteco Armando Seb. Imagen utilizada solo con fines ilustrativos.<\/figcaption>\n\t\t\t\t\t\t\t\t\t\t<\/figure>\n\t\t\t\t\t\t\t\t\t<\/div>\n\t\t\t\t\t<\/div>\n\t\t<\/div>\n\t\t\t\t\t<\/div>\n\t\t<\/section>\n\t\t\t\t<\/div>\n\t\t","protected":false},"excerpt":{"rendered":"<p>Recurso de la Fiscal General ante la Corte de Constitucionalidad para pedir represi\u00f3n contra cr\u00edticas y protestas ciudadanas pac\u00edficas implica peligro para la garant\u00eda constitucional de Libre Emisi\u00f3n del Pensamiento y debe ser rechazado. Fragmentos de un mural del talentoso artista huehueteco Armando Seb. Imagen utilizada solo con fines ilustrativos. Acciones del Ministerio P\u00fablico en [&hellip;]<\/p>\n","protected":false},"author":1,"featured_media":2326,"comment_status":"open","ping_status":"open","sticky":false,"template":"","format":"standard","meta":{"_acf_changed":false,"_eb_attr":"","footnotes":""},"categories":[54],"tags":[],"class_list":["post-2319","post","type-post","status-publish","format-standard","has-post-thumbnail","hentry","category-estamos-unidos"],"acf":[],"aioseo_notices":[],"aioseo_head":"\n\t\t<!-- All in One SEO Pro 4.9.6.2 - aioseo.com -->\n\t<meta name=\"description\" content=\"SoyMigrante.com se posiciona en defensa de la democracia y la libre expresi\u00f3n en Guatemala, destacando la relevancia de respetar la voluntad ciudadana.\" \/>\n\t<meta name=\"robots\" content=\"max-snippet:-1, max-image-preview:large, max-video-preview:-1\" \/>\n\t<meta name=\"author\" content=\"SoyMigrante.com REVISTA\"\/>\n\t<link rel=\"canonical\" href=\"https:\/\/soymigrante.com\/revista\/defensa-libre-emision-pensamiento-guatemala\/\" \/>\n\t<meta name=\"generator\" content=\"All in One SEO Pro (AIOSEO) 4.9.6.2\" \/>\n\n\t\t<link rel=\"preconnect\" href=\"https:\/\/fonts.googleapis.com\" crossorigin>\n<link rel=\"preconnect\" href=\"https:\/\/fonts.gstatic.com\" crossorigin>\n\t\t<meta property=\"og:locale\" content=\"es_ES\" \/>\n\t\t<meta property=\"og:site_name\" content=\"SoyMigrante.com REVISTA \u2013 Nuestra misi\u00f3n es reconocer y dignificar al migrante.\" \/>\n\t\t<meta property=\"og:type\" content=\"article\" \/>\n\t\t<meta property=\"og:title\" content=\"Editorial: Defendiendo la Libre Emisi\u00f3n del Pensamiento en Guatemala\" \/>\n\t\t<meta property=\"og:description\" content=\"SoyMigrante.com se posiciona en defensa de la democracia y la libre expresi\u00f3n en Guatemala, destacando la relevancia de respetar la voluntad ciudadana.\" \/>\n\t\t<meta property=\"og:url\" content=\"https:\/\/soymigrante.com\/revista\/defensa-libre-emision-pensamiento-guatemala\/\" \/>\n\t\t<meta property=\"og:image\" content=\"https:\/\/soymigrante.com\/revista\/wp-content\/uploads\/2023\/08\/Captura-de-pantalla-2023-08-26-112423.webp\" \/>\n\t\t<meta property=\"og:image:secure_url\" content=\"https:\/\/soymigrante.com\/revista\/wp-content\/uploads\/2023\/08\/Captura-de-pantalla-2023-08-26-112423.webp\" \/>\n\t\t<meta property=\"og:image:width\" content=\"888\" \/>\n\t\t<meta property=\"og:image:height\" content=\"740\" \/>\n\t\t<meta property=\"article:published_time\" content=\"2023-08-26T17:17:41+00:00\" \/>\n\t\t<meta property=\"article:modified_time\" content=\"2024-07-30T23:30:09+00:00\" \/>\n\t\t<meta property=\"article:publisher\" content=\"https:\/\/www.facebook.com\/soymigrantecom\" \/>\n\t\t<meta name=\"twitter:card\" content=\"summary_large_image\" \/>\n\t\t<meta name=\"twitter:site\" content=\"@SoyMigrante_com\" \/>\n\t\t<meta name=\"twitter:title\" content=\"Editorial: Defendiendo la Libre Emisi\u00f3n del Pensamiento en Guatemala\" \/>\n\t\t<meta name=\"twitter:description\" content=\"SoyMigrante.com se posiciona en defensa de la democracia y la libre expresi\u00f3n en Guatemala, destacando la relevancia de respetar la voluntad ciudadana.\" \/>\n\t\t<meta name=\"twitter:creator\" content=\"@SoyMigrante_com\" \/>\n\t\t<meta name=\"twitter:image\" content=\"https:\/\/soymigrante.com\/revista\/wp-content\/uploads\/2023\/08\/Captura-de-pantalla-2023-08-26-112423.webp\" \/>\n\t\t<!-- All in One SEO Pro -->\r\n\t\t<title>Editorial: Defendiendo la Libre Emisi\u00f3n del Pensamiento en Guatemala<\/title>\n\n","aioseo_head_json":{"title":"Editorial: Defendiendo la Libre Emisi\u00f3n del Pensamiento en Guatemala","description":"SoyMigrante.com se posiciona en defensa de la democracia y la libre expresi\u00f3n en Guatemala, destacando la relevancia de respetar la voluntad ciudadana.","canonical_url":"https:\/\/soymigrante.com\/revista\/defensa-libre-emision-pensamiento-guatemala\/","robots":"max-snippet:-1, max-image-preview:large, max-video-preview:-1","keywords":"","webmasterTools":{"miscellaneous":"&lt;link rel=\"preconnect\" href=\"https:\/\/fonts.googleapis.com\" crossorigin&gt;\n&lt;link rel=\"preconnect\" href=\"https:\/\/fonts.gstatic.com\" crossorigin&gt;"},"schema":null,"og:locale":"es_ES","og:site_name":"SoyMigrante.com REVISTA \u2013 Nuestra misi\u00f3n es reconocer y dignificar al migrante.","og:type":"article","og:title":"Editorial: Defendiendo la Libre Emisi\u00f3n del Pensamiento en Guatemala","og:description":"SoyMigrante.com se posiciona en defensa de la democracia y la libre expresi\u00f3n en Guatemala, destacando la relevancia de respetar la voluntad ciudadana.","og:url":"https:\/\/soymigrante.com\/revista\/defensa-libre-emision-pensamiento-guatemala\/","og:image":"https:\/\/soymigrante.com\/revista\/wp-content\/uploads\/2023\/08\/Captura-de-pantalla-2023-08-26-112423.webp","og:image:secure_url":"https:\/\/soymigrante.com\/revista\/wp-content\/uploads\/2023\/08\/Captura-de-pantalla-2023-08-26-112423.webp","og:image:width":888,"og:image:height":740,"article:published_time":"2023-08-26T17:17:41+00:00","article:modified_time":"2024-07-30T23:30:09+00:00","article:publisher":"https:\/\/www.facebook.com\/soymigrantecom","twitter:card":"summary_large_image","twitter:site":"@SoyMigrante_com","twitter:title":"Editorial: Defendiendo la Libre Emisi\u00f3n del Pensamiento en Guatemala","twitter:description":"SoyMigrante.com se posiciona en defensa de la democracia y la libre expresi\u00f3n en Guatemala, destacando la relevancia de respetar la voluntad ciudadana.","twitter:creator":"@SoyMigrante_com","twitter:image":"https:\/\/soymigrante.com\/revista\/wp-content\/uploads\/2023\/08\/Captura-de-pantalla-2023-08-26-112423.webp"},"aioseo_meta_data":{"post_id":"2319","title":"#post_title","description":"SoyMigrante.com se posiciona en defensa de la democracia y la libre expresi\u00f3n en Guatemala, destacando la relevancia de respetar la voluntad ciudadana.","keywords":[],"keyphrases":{"focus":{"keyphrase":"Libre Emisi\u00f3n del Pensamiento","score":42,"analysis":{"keyphraseInTitle":{"score":9,"maxScore":9,"error":0},"keyphraseInDescription":{"score":3,"maxScore":9,"error":1},"keyphraseLength":{"score":6,"maxScore":9,"error":1,"length":5},"keyphraseInURL":{"score":1,"maxScore":5,"error":1},"keyphraseInIntroduction":{"score":3,"maxScore":9,"error":1},"keyphraseInSubHeadings":[],"keyphraseInImageAlt":{"score":3,"maxScore":9,"error":1},"keywordDensity":{"score":0,"type":"low","maxScore":9,"error":1}}},"additional":[]},"primary_term":null,"canonical_url":null,"og_title":null,"og_description":null,"og_object_type":"default","og_image_type":"default","og_image_url":null,"og_image_width":null,"og_image_height":null,"og_image_custom_url":null,"og_image_custom_fields":null,"og_video":"","og_custom_url":null,"og_article_section":null,"og_article_tags":[],"twitter_use_og":false,"twitter_card":"default","twitter_image_type":"default","twitter_image_url":null,"twitter_image_custom_url":null,"twitter_image_custom_fields":null,"twitter_title":null,"twitter_description":null,"schema":{"blockGraphs":[],"customGraphs":[],"default":{"data":{"Article":[],"Course":[],"Dataset":[],"FAQPage":[],"Movie":[],"Person":[],"Product":[],"ProductReview":[],"Car":[],"Recipe":[],"Service":[],"SoftwareApplication":[],"WebPage":[]},"graphName":"BlogPosting","isEnabled":true},"graphs":[]},"schema_type":"default","schema_type_options":null,"pillar_content":false,"robots_default":true,"robots_noindex":false,"robots_noarchive":false,"robots_nosnippet":false,"robots_nofollow":false,"robots_noimageindex":false,"robots_noodp":false,"robots_notranslate":false,"robots_max_snippet":"-1","robots_max_videopreview":"-1","robots_max_imagepreview":"large","priority":null,"frequency":"default","local_seo":null,"seo_analyzer_scan_date":"2025-10-08 20:16:12","breadcrumb_settings":null,"limit_modified_date":false,"reviewed_by":null,"open_ai":null,"ai":null,"created":"2023-08-26 16:45:58","updated":"2026-02-04 09:30:14"},"aioseo_breadcrumb":"<div class=\"aioseo-breadcrumbs\"><span class=\"aioseo-breadcrumb\">\n\t<a href=\"https:\/\/soymigrante.com\/revista\" title=\"Home\">Home<\/a>\n<\/span><span class=\"aioseo-breadcrumb-separator\">\u00bb<\/span><span class=\"aioseo-breadcrumb\">\n\t<a href=\"https:\/\/soymigrante.com\/revista\/category\/estamos-unidos\/\" title=\"Estamos Unidos\">Estamos Unidos<\/a>\n<\/span><span class=\"aioseo-breadcrumb-separator\">\u00bb<\/span><span class=\"aioseo-breadcrumb\">\n\tEditorial: Defendiendo la Libre Emisi\u00f3n del Pensamiento en Guatemala\n<\/span><\/div>","aioseo_breadcrumb_json":[{"label":"Home","link":"https:\/\/soymigrante.com\/revista"},{"label":"Estamos Unidos","link":"https:\/\/soymigrante.com\/revista\/category\/estamos-unidos\/"},{"label":"Editorial: Defendiendo la Libre Emisi\u00f3n del Pensamiento en Guatemala","link":"https:\/\/soymigrante.com\/revista\/defensa-libre-emision-pensamiento-guatemala\/"}],"_links":{"self":[{"href":"https:\/\/soymigrante.com\/revista\/wp-json\/wp\/v2\/posts\/2319","targetHints":{"allow":["GET"]}}],"collection":[{"href":"https:\/\/soymigrante.com\/revista\/wp-json\/wp\/v2\/posts"}],"about":[{"href":"https:\/\/soymigrante.com\/revista\/wp-json\/wp\/v2\/types\/post"}],"author":[{"embeddable":true,"href":"https:\/\/soymigrante.com\/revista\/wp-json\/wp\/v2\/users\/1"}],"replies":[{"embeddable":true,"href":"https:\/\/soymigrante.com\/revista\/wp-json\/wp\/v2\/comments?post=2319"}],"version-history":[{"count":0,"href":"https:\/\/soymigrante.com\/revista\/wp-json\/wp\/v2\/posts\/2319\/revisions"}],"wp:featuredmedia":[{"embeddable":true,"href":"https:\/\/soymigrante.com\/revista\/wp-json\/wp\/v2\/media\/2326"}],"wp:attachment":[{"href":"https:\/\/soymigrante.com\/revista\/wp-json\/wp\/v2\/media?parent=2319"}],"wp:term":[{"taxonomy":"category","embeddable":true,"href":"https:\/\/soymigrante.com\/revista\/wp-json\/wp\/v2\/categories?post=2319"},{"taxonomy":"post_tag","embeddable":true,"href":"https:\/\/soymigrante.com\/revista\/wp-json\/wp\/v2\/tags?post=2319"}],"curies":[{"name":"wp","href":"https:\/\/api.w.org\/{rel}","templated":true}]}}