{"id":2318,"date":"2023-08-29T19:23:12","date_gmt":"2023-08-29T19:23:12","guid":{"rendered":"https:\/\/soymigrante.com\/revista\/?p=2318"},"modified":"2024-07-30T17:35:33","modified_gmt":"2024-07-30T23:35:33","slug":"historia-migrantes-guatemaltecos-hector-lupe","status":"publish","type":"post","link":"https:\/\/soymigrante.com\/revista\/historia-migrantes-guatemaltecos-hector-lupe\/","title":{"rendered":"El Legado de Dos Migrantes Guatemaltecos Apasionados"},"content":{"rendered":"\t\t<div data-elementor-type=\"wp-post\" data-elementor-id=\"2318\" class=\"elementor elementor-2318\" data-elementor-post-type=\"post\">\n\t\t\t\t\t\t<section data-particle_enable=\"false\" data-particle-mobile-disabled=\"false\" class=\"elementor-section elementor-top-section elementor-element elementor-element-954e29b elementor-section-boxed elementor-section-height-default elementor-section-height-default\" data-id=\"954e29b\" data-element_type=\"section\" data-e-type=\"section\">\n\t\t\t\t\t\t<div class=\"elementor-container elementor-column-gap-default\">\n\t\t\t\t\t<div class=\"elementor-column elementor-col-100 elementor-top-column elementor-element elementor-element-3594eba\" data-id=\"3594eba\" data-element_type=\"column\" data-e-type=\"column\">\n\t\t\t<div class=\"elementor-widget-wrap elementor-element-populated\">\n\t\t\t\t\t\t<div class=\"elementor-element elementor-element-48824de elementor-widget elementor-widget-heading\" data-id=\"48824de\" data-element_type=\"widget\" data-e-type=\"widget\" data-widget_type=\"heading.default\">\n\t\t\t\t\t<h1 class=\"elementor-heading-title elementor-size-default\">Los migrantes guatemaltecos Guadalupe y H\u00e9ctor vinieron de vacaciones a Guatemala este agosto de 2023. Viven en Houston, Texas desde 1979 en formaron una familia con  amor por Guatemala. Tienen tres hijos y la menor de ellos, Elizabeth, se hizo viral por su labor como maestra\n<\/h1>\t\t\t\t<\/div>\n\t\t\t\t\t<\/div>\n\t\t<\/div>\n\t\t\t\t\t<\/div>\n\t\t<\/section>\n\t\t\t\t<section data-particle_enable=\"false\" data-particle-mobile-disabled=\"false\" class=\"elementor-section elementor-top-section elementor-element elementor-element-63bf0f0 elementor-section-boxed elementor-section-height-default elementor-section-height-default\" data-id=\"63bf0f0\" data-element_type=\"section\" data-e-type=\"section\">\n\t\t\t\t\t\t<div class=\"elementor-container elementor-column-gap-default\">\n\t\t\t\t\t<div class=\"elementor-column elementor-col-100 elementor-top-column elementor-element elementor-element-67890be\" data-id=\"67890be\" data-element_type=\"column\" data-e-type=\"column\">\n\t\t\t<div class=\"elementor-widget-wrap elementor-element-populated\">\n\t\t\t\t\t\t<div class=\"elementor-element elementor-element-c9f88ae elementor-widget elementor-widget-image\" data-id=\"c9f88ae\" data-element_type=\"widget\" data-e-type=\"widget\" data-widget_type=\"image.default\">\n\t\t\t\t\t\t\t\t\t\t\t\t<figure class=\"wp-caption\">\n\t\t\t\t\t\t\t\t\t\t<img fetchpriority=\"high\" decoding=\"async\" width=\"768\" height=\"512\" src=\"https:\/\/soymigrante.com\/revista\/wp-content\/uploads\/2023\/08\/Esposos-Coti-son-migrantes-guatemaltecos-se-enamoraron-bajo-la-luna-de-Xelaju-Quetzaltenango-ella-se-fue-como-migrante-y-el-decidio-seguirla-se-casaron-luego-de-tres-anos-1024x683.webp\" class=\"attachment-large size-large wp-image-2314\" alt=\"Esposos Coti son migrantes guatemaltecos se enamoraron bajo la luna de Xelaj\u00fa, Quetzaltenango, ella se fue como migrante y \u00e9l decidi\u00f3 seguirla, se casaron luego de tres a\u00f1os\" srcset=\"https:\/\/soymigrante.com\/revista\/wp-content\/uploads\/2023\/08\/Esposos-Coti-son-migrantes-guatemaltecos-se-enamoraron-bajo-la-luna-de-Xelaju-Quetzaltenango-ella-se-fue-como-migrante-y-el-decidio-seguirla-se-casaron-luego-de-tres-anos-1024x683.webp 1024w, https:\/\/soymigrante.com\/revista\/wp-content\/uploads\/2023\/08\/Esposos-Coti-son-migrantes-guatemaltecos-se-enamoraron-bajo-la-luna-de-Xelaju-Quetzaltenango-ella-se-fue-como-migrante-y-el-decidio-seguirla-se-casaron-luego-de-tres-anos-300x200.webp 300w, https:\/\/soymigrante.com\/revista\/wp-content\/uploads\/2023\/08\/Esposos-Coti-son-migrantes-guatemaltecos-se-enamoraron-bajo-la-luna-de-Xelaju-Quetzaltenango-ella-se-fue-como-migrante-y-el-decidio-seguirla-se-casaron-luego-de-tres-anos-768x512.webp 768w, https:\/\/soymigrante.com\/revista\/wp-content\/uploads\/2023\/08\/Esposos-Coti-son-migrantes-guatemaltecos-se-enamoraron-bajo-la-luna-de-Xelaju-Quetzaltenango-ella-se-fue-como-migrante-y-el-decidio-seguirla-se-casaron-luego-de-tres-anos-1536x1024.webp 1536w, https:\/\/soymigrante.com\/revista\/wp-content\/uploads\/2023\/08\/Esposos-Coti-son-migrantes-guatemaltecos-se-enamoraron-bajo-la-luna-de-Xelaju-Quetzaltenango-ella-se-fue-como-migrante-y-el-decidio-seguirla-se-casaron-luego-de-tres-anos-scaled.webp 1920w, https:\/\/soymigrante.com\/revista\/wp-content\/uploads\/2023\/08\/Esposos-Coti-son-migrantes-guatemaltecos-se-enamoraron-bajo-la-luna-de-Xelaju-Quetzaltenango-ella-se-fue-como-migrante-y-el-decidio-seguirla-se-casaron-luego-de-tres-anos-750x500.webp 750w, https:\/\/soymigrante.com\/revista\/wp-content\/uploads\/2023\/08\/Esposos-Coti-son-migrantes-guatemaltecos-se-enamoraron-bajo-la-luna-de-Xelaju-Quetzaltenango-ella-se-fue-como-migrante-y-el-decidio-seguirla-se-casaron-luego-de-tres-anos-1140x760.webp 1140w, https:\/\/soymigrante.com\/revista\/wp-content\/uploads\/2023\/08\/Esposos-Coti-son-migrantes-guatemaltecos-se-enamoraron-bajo-la-luna-de-Xelaju-Quetzaltenango-ella-se-fue-como-migrante-y-el-decidio-seguirla-se-casaron-luego-de-tres-anos-600x400.webp 600w\" sizes=\"(max-width: 768px) 100vw, 768px\" title=\"Esposos Coti son migrantes guatemaltecos se enamoraron bajo la luna de Xelaj\u00fa, Quetzaltenango, ella se fue como migrante y \u00e9l decidi\u00f3 seguirla, se casaron luego de tres a\u00f1os \u2013 SoyMigrante.com REVISTA\" \/>\t\t\t\t\t\t\t\t\t\t\t<figcaption class=\"widget-image-caption wp-caption-text\">Esposos Coti son migrantes guatemaltecos se enamoraron bajo la luna de Xelaj\u00fa, Quetzaltenango, ella se fue como migrante y \u00e9l decidi\u00f3 seguirla para casarse y formar un hogar.<\/figcaption>\n\t\t\t\t\t\t\t\t\t\t<\/figure>\n\t\t\t\t\t\t\t\t\t<\/div>\n\t\t\t\t\t<\/div>\n\t\t<\/div>\n\t\t\t\t\t<\/div>\n\t\t<\/section>\n\t\t\t\t<section data-particle_enable=\"false\" data-particle-mobile-disabled=\"false\" class=\"elementor-section elementor-top-section elementor-element elementor-element-f46c7e8 elementor-section-boxed elementor-section-height-default elementor-section-height-default\" data-id=\"f46c7e8\" data-element_type=\"section\" data-e-type=\"section\">\n\t\t\t\t\t\t<div class=\"elementor-container elementor-column-gap-default\">\n\t\t\t\t\t<div class=\"elementor-column elementor-col-100 elementor-top-column elementor-element elementor-element-a06f034\" data-id=\"a06f034\" data-element_type=\"column\" data-e-type=\"column\">\n\t\t\t<div class=\"elementor-widget-wrap elementor-element-populated\">\n\t\t\t\t\t\t<div class=\"elementor-element elementor-element-e661dfc elementor-widget elementor-widget-heading\" data-id=\"e661dfc\" data-element_type=\"widget\" data-e-type=\"widget\" data-widget_type=\"heading.default\">\n\t\t\t\t\t<h2 class=\"elementor-heading-title elementor-size-default\">Amor sin fronteras&nbsp;<\/h2>\t\t\t\t<\/div>\n\t\t\t\t<div class=\"elementor-element elementor-element-0b73c9f elementor-widget elementor-widget-text-editor\" data-id=\"0b73c9f\" data-element_type=\"widget\" data-e-type=\"widget\" data-widget_type=\"text-editor.default\">\n\t\t\t\t\t\t\t\t\t<p><span style=\"font-weight: 400;\">Guadalupe y H\u00e9ctor se conocieron en una cafeter\u00eda pr\u00f3xima al parque Central de Quetzaltenango, Guatemala. La visita de H\u00e9ctor era constante. \u00c9l disfrutaba de los desayunos y almuerzos que vend\u00eda la t\u00eda de Guadalupe, mientras ella ayudaba. As\u00ed la magia ocurri\u00f3 entre dos j\u00f3venes con sue\u00f1os y amor.<\/span><\/p><p><span style=\"font-weight: 400;\">Tras una temporada econ\u00f3mica dif\u00edcil ella toma la decisi\u00f3n de migrar a Estados Unidos. Esto dej\u00f3 el coraz\u00f3n roto a H\u00e9ctor. Ambos se prometieron llamarse y enviarse mensajes \u201cNos escrib\u00edamos y llam\u00e1bamos por medio de Guatel, en aquel entonces. Us\u00e1bamos las cabinas 3 y 8\u201d, recuerda \u00e9l.<\/span><\/p><p><span style=\"font-weight: 400; color: var( --e-global-color-text ); background-color: var(--ak-bg-color);\">Despu\u00e9s de tres a\u00f1os H\u00e9ctor decide migrar a Estados Unidos. Dej\u00f3 estudios y familia, por situaciones econ\u00f3micas, pero tambi\u00e9n para reencontrarse con el amor de su vida, aunque fue una decisi\u00f3n riesgosa fue un total \u00e9xito amoroso. \u201cA los tres meses nos casamos en Estados Unidos y empezamos a formar nuestro hogar\u201d, recuerda ella.<\/span><\/p><p><span style=\"font-weight: 400;\">Fruto de su matrimonio en Estados Unidos nacen sus tres hijos: Laura, Yonathan y Elizabeth, quienes a pesar de nacer en dicho pa\u00eds admiran y valorar las tradiciones culturales del pa\u00eds de origen de sus padres ,<\/span><a style=\"background-color: var(--ak-bg-color);\" href=\"https:\/\/soymigrante.com\/revista\/amo-a-guatemala-elizabeth-coti-maestra-de-espanol-en-texas-sus-padres-son-migrantes-guatemaltecos\/\" target=\"_blank\" rel=\"noopener\">tal como lo demuestra Elizabeth en las clases de espa\u00f1ol que imparte en escuelas de Estados Unidos.<\/a>\u00a0Por ello al momento de las fotograf\u00edas, luc\u00edan playeras dedicadas a ella.<\/p><p><span style=\"font-weight: 400;\">\u201cCrec\u00ed y me desarroll\u00e9 bajo las actividades culturales en las que participaba como reina ind\u00edgena y bailes tradicionales, por eso tratamos de inculcar nuestra identidad cultural\u201d. Los esposos Cot\u00ed llevan ya m\u00e1s de 40 a\u00f1os de casados.<\/span><\/p>\t\t\t\t\t\t\t\t<\/div>\n\t\t\t\t\t<\/div>\n\t\t<\/div>\n\t\t\t\t\t<\/div>\n\t\t<\/section>\n\t\t\t\t<section data-particle_enable=\"false\" data-particle-mobile-disabled=\"false\" class=\"elementor-section elementor-top-section elementor-element elementor-element-e70edab elementor-section-boxed elementor-section-height-default elementor-section-height-default\" data-id=\"e70edab\" data-element_type=\"section\" data-e-type=\"section\">\n\t\t\t\t\t\t<div class=\"elementor-container elementor-column-gap-default\">\n\t\t\t\t\t<div class=\"elementor-column elementor-col-100 elementor-top-column elementor-element elementor-element-ebed899\" data-id=\"ebed899\" data-element_type=\"column\" data-e-type=\"column\">\n\t\t\t<div class=\"elementor-widget-wrap elementor-element-populated\">\n\t\t\t\t\t\t<div class=\"elementor-element elementor-element-73a6794 elementor-arrows-position-inside elementor-pagination-position-outside elementor-invisible elementor-widget elementor-widget-image-carousel\" data-id=\"73a6794\" data-element_type=\"widget\" data-e-type=\"widget\" data-settings=\"{&quot;slides_to_show&quot;:&quot;1&quot;,&quot;_animation&quot;:&quot;rotateInDownLeft&quot;,&quot;navigation&quot;:&quot;both&quot;,&quot;autoplay&quot;:&quot;yes&quot;,&quot;pause_on_hover&quot;:&quot;yes&quot;,&quot;pause_on_interaction&quot;:&quot;yes&quot;,&quot;autoplay_speed&quot;:5000,&quot;infinite&quot;:&quot;yes&quot;,&quot;effect&quot;:&quot;slide&quot;,&quot;speed&quot;:500}\" data-widget_type=\"image-carousel.default\">\n\t\t\t\t\t\t\t<div class=\"elementor-image-carousel-wrapper swiper\" role=\"region\" aria-roledescription=\"carousel\" aria-label=\"Carrusel de im\u00e1genes\" dir=\"ltr\">\n\t\t\t<div class=\"elementor-image-carousel swiper-wrapper\" aria-live=\"off\">\n\t\t\t\t\t\t\t\t<div class=\"swiper-slide\" role=\"group\" aria-roledescription=\"slide\" aria-label=\"1 de 6\"><figure class=\"swiper-slide-inner\"><img decoding=\"async\" class=\"swiper-slide-image\" src=\"https:\/\/soymigrante.com\/revista\/wp-content\/uploads\/2023\/08\/Cada-que-pueden-regresan-para-visitar-a-su-familia-y-disfrutar-del-lugar-que-los-vio-nacer-disfrutan-de-la-comida-y-las-actividades-guatemaltecas-768x512.webp\" alt=\"Cada que pueden regresan para visitar a su familia y disfrutar del lugar que los vio nacer, disfrutan de la comida y las actividades guatemaltecas\" \/><figcaption class=\"elementor-image-carousel-caption\">Cada que pueden regresan para visitar a su familia y disfrutar del lugar que los vio nacer, disfrutan de la comida y las actividades guatemaltecas, en esta fotograf\u00eda los acompa\u00f1a: Anselmo y su esposa hermano mayor de H\u00e9ctor y Vilma hermana de Guadalupe<\/figcaption><\/figure><\/div><div class=\"swiper-slide\" role=\"group\" aria-roledescription=\"slide\" aria-label=\"2 de 6\"><figure class=\"swiper-slide-inner\"><img decoding=\"async\" class=\"swiper-slide-image\" src=\"https:\/\/soymigrante.com\/revista\/wp-content\/uploads\/2023\/08\/El-exito-de-la-familia-es-inculcar-amor-pasion-y-valor-de-sus-raices-transimiten-calidez-humildad-768x512.webp\" alt=\"El \u00e9xito de la familia es inculcar amor, pasi\u00f3n y valor de sus ra\u00edces, transmiten calidez, humildad\" \/><figcaption class=\"elementor-image-carousel-caption\">El \u00e9xito de la familia es inculcar amor, pasi\u00f3n y valor de sus ra\u00edces, transmiten calidez, humildad<\/figcaption><\/figure><\/div><div class=\"swiper-slide\" role=\"group\" aria-roledescription=\"slide\" aria-label=\"3 de 6\"><figure class=\"swiper-slide-inner\"><img decoding=\"async\" class=\"swiper-slide-image\" src=\"https:\/\/soymigrante.com\/revista\/wp-content\/uploads\/2023\/08\/Durante-su-visita-a-su-tierra-natal-Guadalupe-y-su-hermana-luce-una-playera-en-honor-a-Elizabeth-hija-de-Guadalupe-768x512.jpg\" alt=\"Durante su visita a su tierra natal, Guadalupe y su hermana luce una playera en honor a Elizabeth hija de Guadalupe.\" \/><figcaption class=\"elementor-image-carousel-caption\">Durante su visita a su tierra natal, Guadalupe y su hermana luce una playera en honor a Elizabeth hija de Guadalupe.<\/figcaption><\/figure><\/div><div class=\"swiper-slide\" role=\"group\" aria-roledescription=\"slide\" aria-label=\"4 de 6\"><figure class=\"swiper-slide-inner\"><img decoding=\"async\" class=\"swiper-slide-image\" src=\"https:\/\/soymigrante.com\/revista\/wp-content\/uploads\/2023\/08\/Formaron-una-familia-integrada-pos-sus-dos-hijas-e-hijo-aman-y-disfrutan-cada-vez-que-regresan-a-Guatemala-disfrutan-de-el-calor-familiar-y-de-las-tradiciones-768x512.webp\" alt=\"Formaron una familia integrada por Laura, Yonathan y Elizabeth, los esposos disfrutan cada vez que regresan a Guatemala, el calor de familiar y de las tradiciones\" \/><figcaption class=\"elementor-image-carousel-caption\">Formaron una familia integrada por Laura, Yonathan y Elizabeth, los esposos disfrutan cada vez que regresan a Guatemala, el calor de familiar y de las tradiciones<\/figcaption><\/figure><\/div><div class=\"swiper-slide\" role=\"group\" aria-roledescription=\"slide\" aria-label=\"5 de 6\"><figure class=\"swiper-slide-inner\"><img decoding=\"async\" class=\"swiper-slide-image\" src=\"https:\/\/soymigrante.com\/revista\/wp-content\/uploads\/2023\/08\/Guadalupe-Coti-es-migrante-es-originaria-de-la-cidad-capital-Guatemala-orgullosa-de-sus-tres-hijos-y-agradecida-con-los-maestros-de-su-pais-por-su-arduo-trabajo-en-la-educacion-768x512.webp\" alt=\"Guadalupe Coti es migrante es originaria de la cidad capital Guatemala, orgullosa de sus tres hijos y agradecida con los maestros de su pa\u00eds por su arduo trabajo en la educaci\u00f3n\" \/><figcaption class=\"elementor-image-carousel-caption\">Guadalupe Coti es migrante es originaria de la ciudad capital Guatemala, orgullosa de sus tres hijos y agradecida con los maestros de su pa\u00eds por su arduo trabajo en la educaci\u00f3n<\/figcaption><\/figure><\/div><div class=\"swiper-slide\" role=\"group\" aria-roledescription=\"slide\" aria-label=\"6 de 6\"><figure class=\"swiper-slide-inner\"><img decoding=\"async\" class=\"swiper-slide-image\" src=\"https:\/\/soymigrante.com\/revista\/wp-content\/uploads\/2023\/08\/Hector-Coti-es-orginario-de-Quetzaltenango-disfruta-la-vida-los-sabores-y-colores-de-su-pais-inculca-la-cultura-y-valores-a-sus-hijos-en-Estados-Unidos-768x512.webp\" alt=\"H\u00e9ctor Coti es orginario de Quetzaltenango disfruta la vida, los sabores y colores de su pa\u00eds, inculca la cultura y valores a sus hijos en Estados Unidos\" \/><figcaption class=\"elementor-image-carousel-caption\">H\u00e9ctor Coti es orginario de Quetzaltenango disfruta la vida, los sabores y colores de su pa\u00eds, inculca la cultura y valores a sus hijos en Estados Unidos<\/figcaption><\/figure><\/div>\t\t\t<\/div>\n\t\t\t\t\t\t\t\t\t\t\t\t<div class=\"elementor-swiper-button elementor-swiper-button-prev\" role=\"button\" tabindex=\"0\">\n\t\t\t\t\t\t<i aria-hidden=\"true\" class=\"eicon-chevron-left\"><\/i>\t\t\t\t\t<\/div>\n\t\t\t\t\t<div class=\"elementor-swiper-button elementor-swiper-button-next\" role=\"button\" tabindex=\"0\">\n\t\t\t\t\t\t<i aria-hidden=\"true\" class=\"eicon-chevron-right\"><\/i>\t\t\t\t\t<\/div>\n\t\t\t\t\n\t\t\t\t\t\t\t\t\t<div class=\"swiper-pagination\"><\/div>\n\t\t\t\t\t\t\t\t\t<\/div>\n\t\t\t\t\t\t<\/div>\n\t\t\t\t\t<\/div>\n\t\t<\/div>\n\t\t\t\t\t<\/div>\n\t\t<\/section>\n\t\t\t\t<section data-particle_enable=\"false\" data-particle-mobile-disabled=\"false\" class=\"elementor-section elementor-top-section elementor-element elementor-element-ac136bf elementor-section-boxed elementor-section-height-default elementor-section-height-default\" data-id=\"ac136bf\" data-element_type=\"section\" data-e-type=\"section\">\n\t\t\t\t\t\t<div class=\"elementor-container elementor-column-gap-default\">\n\t\t\t\t\t<div class=\"elementor-column elementor-col-100 elementor-top-column elementor-element elementor-element-882722f\" data-id=\"882722f\" data-element_type=\"column\" data-e-type=\"column\">\n\t\t\t<div class=\"elementor-widget-wrap elementor-element-populated\">\n\t\t\t\t\t\t<div class=\"elementor-element elementor-element-6ce82fd elementor-widget elementor-widget-heading\" data-id=\"6ce82fd\" data-element_type=\"widget\" data-e-type=\"widget\" data-widget_type=\"heading.default\">\n\t\t\t\t\t<h2 class=\"elementor-heading-title elementor-size-default\">De visita en la bella Xelaj\u00fa&nbsp;<\/h2>\t\t\t\t<\/div>\n\t\t\t\t<div class=\"elementor-element elementor-element-257b4c6 elementor-widget elementor-widget-text-editor\" data-id=\"257b4c6\" data-element_type=\"widget\" data-e-type=\"widget\" data-widget_type=\"text-editor.default\">\n\t\t\t\t\t\t\t\t\t<p><span style=\"font-weight: 400;\">En 1,989 llegan de visita a Guatemala luego de diez a\u00f1os en Estados Unidos, un lapso largo y esperado para reencontrarse con su familia, despu\u00e9s logran su estabilidad y les permiten viajar durante vacaciones.<\/span><\/p><p><span style=\"font-weight: 400;\">Siempre que pueden los esposos Coti visitan Guatemala en especial el departamento de Quetzaltenango, por su ambiente, costumbre y platillos tradicionales que le hacen recordar su ni\u00f1ez y el amor que naci\u00f3 por esposa Guadalupe<\/span><\/p><p><span style=\"font-weight: 400;\">\u201cXela me vio nacer y trato de inculcar valores a mis hijos sobre nuestras ra\u00edces, por ejemplo, hace tres a\u00f1os traje a mi hijo mayor con sus hijos y esposa y les encanto\u201d, dice \u00e9l.\u00a0<\/span><\/p><p><span style=\"font-weight: 400;\">El objetivo de los esposos Coti es inculcar y no perder las ra\u00edces, ya que forman parte de su historia y sobre todo de la identidad como guatemaltecos. \u201cLograr inculcar a mis nietos sobre nuestra cultura y disfrutar Guatemala\u201d, expresa Lupe.<\/span><\/p><p><span style=\"font-weight: 400;\">H\u00e9ctor se ha dedicado a trabajar en una compa\u00f1\u00eda de piezas para sacar petr\u00f3leo y chofer de camiones de carga.\u00a0<\/span><\/p><p><span style=\"font-weight: 400;\">Guadalupe se dedic\u00f3 18 a\u00f1os a trabajar en la High School Sabine en el \u00e1rea de caja, actualmente se encuentra jubilada y \u00e9l espera hacerlo en los pr\u00f3ximos a\u00f1os para disfrutar m\u00e1s seguido de su tierra natal con su familia y en especial con su esposa.<\/span><\/p>\t\t\t\t\t\t\t\t<\/div>\n\t\t\t\t\t<\/div>\n\t\t<\/div>\n\t\t\t\t\t<\/div>\n\t\t<\/section>\n\t\t\t\t<section data-particle_enable=\"false\" data-particle-mobile-disabled=\"false\" class=\"elementor-section elementor-top-section elementor-element elementor-element-68f563e elementor-section-boxed elementor-section-height-default elementor-section-height-default\" data-id=\"68f563e\" data-element_type=\"section\" data-e-type=\"section\">\n\t\t\t\t\t\t<div class=\"elementor-container elementor-column-gap-default\">\n\t\t\t\t\t<div class=\"elementor-column elementor-col-100 elementor-top-column elementor-element elementor-element-a30f72d\" data-id=\"a30f72d\" data-element_type=\"column\" data-e-type=\"column\">\n\t\t\t<div class=\"elementor-widget-wrap elementor-element-populated\">\n\t\t\t\t\t\t<div class=\"elementor-element elementor-element-738c604 elementor-position-top elementor-invisible elementor-widget elementor-widget-image-box\" data-id=\"738c604\" data-element_type=\"widget\" data-e-type=\"widget\" data-settings=\"{&quot;_animation&quot;:&quot;fadeInRight&quot;}\" data-widget_type=\"image-box.default\">\n\t\t\t\t\t<div class=\"elementor-image-box-wrapper\"><figure class=\"elementor-image-box-img\"><a href=\"https:\/\/soymigrante.com\/revista\/amo-a-guatemala-elizabeth-coti-maestra-de-espanol-en-texas-sus-padres-son-migrantes-guatemaltecos\/\" tabindex=\"-1\"><img decoding=\"async\" width=\"1536\" height=\"1096\" src=\"https:\/\/soymigrante.com\/revista\/wp-content\/uploads\/2023\/08\/705345_4157588903679_1136987468_o-e1693334157790-1536x1096.webp\" class=\"attachment-1536x1536 size-1536x1536 wp-image-2369\" alt=\"El cari\u00f1o de sus padres H\u00e9ctor y Guadalupe ense\u00f1\u00f3 a Elizabeth a valorar la multiculturalidad guatemalteca.\" title=\"El cari\u00f1o de sus padres H\u00e9ctor y Guadalupe ense\u00f1\u00f3 a Elizabeth a valorar la multiculturalidad guatemalteca. \u2013 SoyMigrante.com REVISTA\" srcset=\"https:\/\/soymigrante.com\/revista\/wp-content\/uploads\/2023\/08\/705345_4157588903679_1136987468_o-e1693334157790-1536x1096.webp 1536w, https:\/\/soymigrante.com\/revista\/wp-content\/uploads\/2023\/08\/705345_4157588903679_1136987468_o-e1693334157790-300x214.webp 300w, https:\/\/soymigrante.com\/revista\/wp-content\/uploads\/2023\/08\/705345_4157588903679_1136987468_o-e1693334157790-1024x731.webp 1024w, https:\/\/soymigrante.com\/revista\/wp-content\/uploads\/2023\/08\/705345_4157588903679_1136987468_o-e1693334157790-768x548.webp 768w, https:\/\/soymigrante.com\/revista\/wp-content\/uploads\/2023\/08\/705345_4157588903679_1136987468_o-e1693334157790-120x86.webp 120w, https:\/\/soymigrante.com\/revista\/wp-content\/uploads\/2023\/08\/705345_4157588903679_1136987468_o-e1693334157790-350x250.webp 350w, https:\/\/soymigrante.com\/revista\/wp-content\/uploads\/2023\/08\/705345_4157588903679_1136987468_o-e1693334157790-750x535.webp 750w, https:\/\/soymigrante.com\/revista\/wp-content\/uploads\/2023\/08\/705345_4157588903679_1136987468_o-e1693334157790-1140x814.webp 1140w, https:\/\/soymigrante.com\/revista\/wp-content\/uploads\/2023\/08\/705345_4157588903679_1136987468_o-e1693334157790.webp 1774w\" sizes=\"(max-width: 1536px) 100vw, 1536px\" \/><\/a><\/figure><div class=\"elementor-image-box-content\"><h3 class=\"elementor-image-box-title\"><a href=\"https:\/\/soymigrante.com\/revista\/amo-a-guatemala-elizabeth-coti-maestra-de-espanol-en-texas-sus-padres-son-migrantes-guatemaltecos\/\">Conozca a la maestra de espa\u00f1ol Elizabeth Cot\u00ed, hija de Guadalupe y H\u00e9ctor. CLIC AC\u00c1<br><\/a><\/h3><\/div><\/div>\t\t\t\t<\/div>\n\t\t\t\t\t<\/div>\n\t\t<\/div>\n\t\t\t\t\t<\/div>\n\t\t<\/section>\n\t\t\t\t<section data-particle_enable=\"false\" data-particle-mobile-disabled=\"false\" class=\"elementor-section elementor-top-section elementor-element elementor-element-97c699b elementor-section-boxed elementor-section-height-default elementor-section-height-default\" data-id=\"97c699b\" data-element_type=\"section\" data-e-type=\"section\">\n\t\t\t\t\t\t<div class=\"elementor-container elementor-column-gap-default\">\n\t\t\t\t\t<div class=\"elementor-column elementor-col-100 elementor-top-column elementor-element elementor-element-a5339b5\" data-id=\"a5339b5\" data-element_type=\"column\" data-e-type=\"column\">\n\t\t\t<div class=\"elementor-widget-wrap elementor-element-populated\">\n\t\t\t\t\t\t<div class=\"elementor-element elementor-element-58e8876 elementor-widget elementor-widget-heading\" data-id=\"58e8876\" data-element_type=\"widget\" data-e-type=\"widget\" data-widget_type=\"heading.default\">\n\t\t\t\t\t<h2 class=\"elementor-heading-title elementor-size-default\">Comparten&nbsp;orgullo y alegr\u00eda<\/h2>\t\t\t\t<\/div>\n\t\t\t\t<div class=\"elementor-element elementor-element-e9eb1f2 elementor-widget elementor-widget-text-editor\" data-id=\"e9eb1f2\" data-element_type=\"widget\" data-e-type=\"widget\" data-widget_type=\"text-editor.default\">\n\t\t\t\t\t\t\t\t\t<p><span style=\"font-weight: 400\">Con l\u00e1grimas de felicidad Guadalupe expresa: \u201cEstoy muy agradecida con el pueblo guatemalteco y la comunidad hispana por el apoyo que le han brindado a mi hija, los maestros han formado a grandes profesionales, m\u00e9dicos, ingenieros\u201d.<\/span><\/p><p><span style=\"font-weight: 400\">Por muchas circunstancias las personas dejan su tierra y el camino que lleva el migrante es sufrido y peligroso, \u201cEl sue\u00f1o americano lleva un proceso dif\u00edcil; hambre, fr\u00edo, muertes y por eso se debe pensar. En cualquier pa\u00eds hay recursos, pero depende de c\u00f3mo nosotros lo desarrollamos\u201d<\/span><\/p><p><span style=\"font-weight: 400\">El \u00e9xito de la familia Coti se basa en respeto, confianza, valores y humildad. \u201cPrimero gracias a Dios por la familia, doy gracias porque logrado mantener a mi familia y hemos tratado de inculcar buenos valores para no olvidar nuestras ra\u00edces\u201d.<\/span><\/p>\t\t\t\t\t\t\t\t<\/div>\n\t\t\t\t\t<\/div>\n\t\t<\/div>\n\t\t\t\t\t<\/div>\n\t\t<\/section>\n\t\t\t\t<section data-particle_enable=\"false\" data-particle-mobile-disabled=\"false\" class=\"elementor-section elementor-top-section elementor-element elementor-element-08fb546 elementor-section-boxed elementor-section-height-default elementor-section-height-default\" data-id=\"08fb546\" data-element_type=\"section\" data-e-type=\"section\">\n\t\t\t\t\t\t<div class=\"elementor-container elementor-column-gap-default\">\n\t\t\t\t\t<div class=\"elementor-column elementor-col-100 elementor-top-column elementor-element elementor-element-fde4360\" data-id=\"fde4360\" data-element_type=\"column\" data-e-type=\"column\">\n\t\t\t<div class=\"elementor-widget-wrap elementor-element-populated\">\n\t\t\t\t\t\t<div class=\"elementor-element elementor-element-90260ed elementor-widget elementor-widget-video\" data-id=\"90260ed\" data-element_type=\"widget\" data-e-type=\"widget\" data-settings=\"{&quot;youtube_url&quot;:&quot;https:\\\/\\\/youtu.be\\\/UtFjDt_s3ec&quot;,&quot;video_type&quot;:&quot;youtube&quot;,&quot;controls&quot;:&quot;yes&quot;}\" data-widget_type=\"video.default\">\n\t\t\t\t\t\t\t<div class=\"elementor-wrapper elementor-open-inline\">\n\t\t\t<div class=\"elementor-video\"><\/div>\t\t<\/div>\n\t\t\t\t\t\t<\/div>\n\t\t\t\t\t<\/div>\n\t\t<\/div>\n\t\t\t\t\t<\/div>\n\t\t<\/section>\n\t\t\t\t<\/div>\n\t\t","protected":false},"excerpt":{"rendered":"<p>Los migrantes guatemaltecos Guadalupe y H\u00e9ctor vinieron de vacaciones a Guatemala este agosto de 2023. Viven en Houston, Texas desde 1979 en formaron una familia con amor por Guatemala. Tienen tres hijos y la menor de ellos, Elizabeth, se hizo viral por su labor como maestra Esposos Coti son migrantes guatemaltecos se enamoraron bajo la [&hellip;]<\/p>\n","protected":false},"author":10,"featured_media":2315,"comment_status":"open","ping_status":"open","sticky":false,"template":"","format":"standard","meta":{"_acf_changed":false,"_eb_attr":"","footnotes":""},"categories":[50],"tags":[],"class_list":["post-2318","post","type-post","status-publish","format-standard","has-post-thumbnail","hentry","category-exitos"],"acf":[],"aioseo_notices":[],"aioseo_head":"\n\t\t<!-- All in One SEO Pro 4.9.6.2 - aioseo.com -->\n\t<meta name=\"description\" content=\"Conoce a H\u00e9ctor y Lupe: Una pareja de migrantes guatemaltecos en Texas que mantienen vivas sus ra\u00edces y valores guatemaltecos.\" \/>\n\t<meta name=\"robots\" content=\"max-snippet:-1, max-image-preview:large, max-video-preview:-1\" \/>\n\t<meta name=\"author\" content=\"Diana Batz\"\/>\n\t<link rel=\"canonical\" href=\"https:\/\/soymigrante.com\/revista\/historia-migrantes-guatemaltecos-hector-lupe\/\" \/>\n\t<meta name=\"generator\" content=\"All in One SEO Pro (AIOSEO) 4.9.6.2\" \/>\n\n\t\t<link rel=\"preconnect\" href=\"https:\/\/fonts.googleapis.com\" crossorigin>\n<link rel=\"preconnect\" href=\"https:\/\/fonts.gstatic.com\" crossorigin>\n\t\t<meta property=\"og:locale\" content=\"es_ES\" \/>\n\t\t<meta property=\"og:site_name\" content=\"SoyMigrante.com REVISTA \u2013 Nuestra misi\u00f3n es reconocer y dignificar al migrante.\" \/>\n\t\t<meta property=\"og:type\" content=\"article\" \/>\n\t\t<meta property=\"og:title\" content=\"El legado de dos migrantes Guatemaltecos apasionados\" \/>\n\t\t<meta property=\"og:description\" content=\"Conoce a H\u00e9ctor y Lupe: Una pareja de migrantes guatemaltecos en Texas que mantienen vivas sus ra\u00edces y valores guatemaltecos.\" \/>\n\t\t<meta property=\"og:url\" content=\"https:\/\/soymigrante.com\/revista\/historia-migrantes-guatemaltecos-hector-lupe\/\" \/>\n\t\t<meta property=\"og:image\" content=\"https:\/\/soymigrante.com\/revista\/wp-content\/uploads\/2023\/08\/Formaron-una-familia-integrada-pos-sus-dos-hijas-e-hijo-aman-y-disfrutan-cada-vez-que-regresan-a-Guatemala-disfrutan-de-el-calor-familiar-y-de-las-tradiciones-scaled.webp\" \/>\n\t\t<meta property=\"og:image:secure_url\" content=\"https:\/\/soymigrante.com\/revista\/wp-content\/uploads\/2023\/08\/Formaron-una-familia-integrada-pos-sus-dos-hijas-e-hijo-aman-y-disfrutan-cada-vez-que-regresan-a-Guatemala-disfrutan-de-el-calor-familiar-y-de-las-tradiciones-scaled.webp\" \/>\n\t\t<meta property=\"og:image:width\" content=\"1920\" \/>\n\t\t<meta property=\"og:image:height\" content=\"1280\" \/>\n\t\t<meta property=\"article:published_time\" content=\"2023-08-29T19:23:12+00:00\" \/>\n\t\t<meta property=\"article:modified_time\" content=\"2024-07-30T23:35:33+00:00\" \/>\n\t\t<meta property=\"article:publisher\" content=\"https:\/\/www.facebook.com\/soymigrantecom\" \/>\n\t\t<meta name=\"twitter:card\" content=\"summary_large_image\" \/>\n\t\t<meta name=\"twitter:site\" content=\"@SoyMigrante_com\" \/>\n\t\t<meta name=\"twitter:title\" content=\"El legado de dos migrantes Guatemaltecos apasionados\" \/>\n\t\t<meta name=\"twitter:description\" content=\"Conoce a H\u00e9ctor y Lupe: Una pareja de migrantes guatemaltecos en Texas que mantienen vivas sus ra\u00edces y valores guatemaltecos.\" \/>\n\t\t<meta name=\"twitter:creator\" content=\"@SoyMigrante_com\" \/>\n\t\t<meta name=\"twitter:image\" content=\"https:\/\/soymigrante.com\/revista\/wp-content\/uploads\/2023\/08\/Formaron-una-familia-integrada-pos-sus-dos-hijas-e-hijo-aman-y-disfrutan-cada-vez-que-regresan-a-Guatemala-disfrutan-de-el-calor-familiar-y-de-las-tradiciones-scaled.webp\" \/>\n\t\t<!-- All in One SEO Pro -->\r\n\t\t<title>El legado de dos migrantes Guatemaltecos apasionados<\/title>\n\n","aioseo_head_json":{"title":"El legado de dos migrantes Guatemaltecos apasionados","description":"Conoce a H\u00e9ctor y Lupe: Una pareja de migrantes guatemaltecos en Texas que mantienen vivas sus ra\u00edces y valores guatemaltecos.","canonical_url":"https:\/\/soymigrante.com\/revista\/historia-migrantes-guatemaltecos-hector-lupe\/","robots":"max-snippet:-1, max-image-preview:large, max-video-preview:-1","keywords":"","webmasterTools":{"miscellaneous":"&lt;link rel=\"preconnect\" href=\"https:\/\/fonts.googleapis.com\" crossorigin&gt;\n&lt;link rel=\"preconnect\" href=\"https:\/\/fonts.gstatic.com\" crossorigin&gt;"},"schema":null,"og:locale":"es_ES","og:site_name":"SoyMigrante.com REVISTA \u2013 Nuestra misi\u00f3n es reconocer y dignificar al migrante.","og:type":"article","og:title":"El legado de dos migrantes Guatemaltecos apasionados","og:description":"Conoce a H\u00e9ctor y Lupe: Una pareja de migrantes guatemaltecos en Texas que mantienen vivas sus ra\u00edces y valores guatemaltecos.","og:url":"https:\/\/soymigrante.com\/revista\/historia-migrantes-guatemaltecos-hector-lupe\/","og:image":"https:\/\/soymigrante.com\/revista\/wp-content\/uploads\/2023\/08\/Formaron-una-familia-integrada-pos-sus-dos-hijas-e-hijo-aman-y-disfrutan-cada-vez-que-regresan-a-Guatemala-disfrutan-de-el-calor-familiar-y-de-las-tradiciones-scaled.webp","og:image:secure_url":"https:\/\/soymigrante.com\/revista\/wp-content\/uploads\/2023\/08\/Formaron-una-familia-integrada-pos-sus-dos-hijas-e-hijo-aman-y-disfrutan-cada-vez-que-regresan-a-Guatemala-disfrutan-de-el-calor-familiar-y-de-las-tradiciones-scaled.webp","og:image:width":1920,"og:image:height":1280,"article:published_time":"2023-08-29T19:23:12+00:00","article:modified_time":"2024-07-30T23:35:33+00:00","article:publisher":"https:\/\/www.facebook.com\/soymigrantecom","twitter:card":"summary_large_image","twitter:site":"@SoyMigrante_com","twitter:title":"El legado de dos migrantes Guatemaltecos apasionados","twitter:description":"Conoce a H\u00e9ctor y Lupe: Una pareja de migrantes guatemaltecos en Texas que mantienen vivas sus ra\u00edces y valores guatemaltecos.","twitter:creator":"@SoyMigrante_com","twitter:image":"https:\/\/soymigrante.com\/revista\/wp-content\/uploads\/2023\/08\/Formaron-una-familia-integrada-pos-sus-dos-hijas-e-hijo-aman-y-disfrutan-cada-vez-que-regresan-a-Guatemala-disfrutan-de-el-calor-familiar-y-de-las-tradiciones-scaled.webp"},"aioseo_meta_data":{"post_id":"2318","title":"El legado de dos migrantes Guatemaltecos apasionados","description":"Conoce a H\u00e9ctor y Lupe: Una pareja de migrantes guatemaltecos en Texas que mantienen vivas sus ra\u00edces y valores guatemaltecos.","keywords":[],"keyphrases":{"focus":{"keyphrase":"Legado migrantes guatemaltecos","score":0,"analysis":[]}},"primary_term":null,"canonical_url":null,"og_title":null,"og_description":null,"og_object_type":"default","og_image_type":"default","og_image_url":null,"og_image_width":null,"og_image_height":null,"og_image_custom_url":null,"og_image_custom_fields":null,"og_video":"","og_custom_url":null,"og_article_section":null,"og_article_tags":[],"twitter_use_og":false,"twitter_card":"default","twitter_image_type":"default","twitter_image_url":null,"twitter_image_custom_url":null,"twitter_image_custom_fields":null,"twitter_title":null,"twitter_description":null,"schema":{"blockGraphs":[],"customGraphs":[],"default":{"data":{"Article":[],"Course":[],"Dataset":[],"FAQPage":[],"Movie":[],"Person":[],"Product":[],"ProductReview":[],"Car":[],"Recipe":[],"Service":[],"SoftwareApplication":[],"WebPage":[]},"graphName":"BlogPosting","isEnabled":true},"graphs":[]},"schema_type":"default","schema_type_options":null,"pillar_content":false,"robots_default":true,"robots_noindex":false,"robots_noarchive":false,"robots_nosnippet":false,"robots_nofollow":false,"robots_noimageindex":false,"robots_noodp":false,"robots_notranslate":false,"robots_max_snippet":"-1","robots_max_videopreview":"-1","robots_max_imagepreview":"large","priority":null,"frequency":"default","local_seo":null,"seo_analyzer_scan_date":"2026-01-12 17:47:06","breadcrumb_settings":null,"limit_modified_date":false,"reviewed_by":null,"open_ai":null,"ai":null,"created":"2023-08-25 15:50:30","updated":"2026-02-04 09:31:47"},"aioseo_breadcrumb":"<div class=\"aioseo-breadcrumbs\"><span class=\"aioseo-breadcrumb\">\n\t<a href=\"https:\/\/soymigrante.com\/revista\" title=\"Home\">Home<\/a>\n<\/span><span class=\"aioseo-breadcrumb-separator\">\u00bb<\/span><span class=\"aioseo-breadcrumb\">\n\t<a href=\"https:\/\/soymigrante.com\/revista\/category\/exitos\/\" title=\"\u00c9xitos\">\u00c9xitos<\/a>\n<\/span><span class=\"aioseo-breadcrumb-separator\">\u00bb<\/span><span class=\"aioseo-breadcrumb\">\n\tEl Legado de Dos Migrantes Guatemaltecos Apasionados\n<\/span><\/div>","aioseo_breadcrumb_json":[{"label":"Home","link":"https:\/\/soymigrante.com\/revista"},{"label":"\u00c9xitos","link":"https:\/\/soymigrante.com\/revista\/category\/exitos\/"},{"label":"El Legado de Dos Migrantes Guatemaltecos Apasionados","link":"https:\/\/soymigrante.com\/revista\/historia-migrantes-guatemaltecos-hector-lupe\/"}],"_links":{"self":[{"href":"https:\/\/soymigrante.com\/revista\/wp-json\/wp\/v2\/posts\/2318","targetHints":{"allow":["GET"]}}],"collection":[{"href":"https:\/\/soymigrante.com\/revista\/wp-json\/wp\/v2\/posts"}],"about":[{"href":"https:\/\/soymigrante.com\/revista\/wp-json\/wp\/v2\/types\/post"}],"author":[{"embeddable":true,"href":"https:\/\/soymigrante.com\/revista\/wp-json\/wp\/v2\/users\/10"}],"replies":[{"embeddable":true,"href":"https:\/\/soymigrante.com\/revista\/wp-json\/wp\/v2\/comments?post=2318"}],"version-history":[{"count":0,"href":"https:\/\/soymigrante.com\/revista\/wp-json\/wp\/v2\/posts\/2318\/revisions"}],"wp:featuredmedia":[{"embeddable":true,"href":"https:\/\/soymigrante.com\/revista\/wp-json\/wp\/v2\/media\/2315"}],"wp:attachment":[{"href":"https:\/\/soymigrante.com\/revista\/wp-json\/wp\/v2\/media?parent=2318"}],"wp:term":[{"taxonomy":"category","embeddable":true,"href":"https:\/\/soymigrante.com\/revista\/wp-json\/wp\/v2\/categories?post=2318"},{"taxonomy":"post_tag","embeddable":true,"href":"https:\/\/soymigrante.com\/revista\/wp-json\/wp\/v2\/tags?post=2318"}],"curies":[{"name":"wp","href":"https:\/\/api.w.org\/{rel}","templated":true}]}}