{"id":23097,"date":"2025-01-29T07:41:00","date_gmt":"2025-01-29T13:41:00","guid":{"rendered":"https:\/\/soymigrante.com\/revista\/?p=23097"},"modified":"2025-07-21T14:55:51","modified_gmt":"2025-07-21T20:55:51","slug":"mafer-jimenez-escritora-voluntad-guatemalteca-libros-motivacion-mercado","status":"publish","type":"post","link":"https:\/\/soymigrante.com\/revista\/mafer-jimenez-escritora-voluntad-guatemalteca-libros-motivacion-mercado\/","title":{"rendered":"Mafer Jim\u00e9nez: una mente maravillosa y voluntad sin l\u00edmites. Sus libros ahora est\u00e1n en MERCADO"},"content":{"rendered":"\t\t<div data-elementor-type=\"wp-post\" data-elementor-id=\"23097\" class=\"elementor elementor-23097\" data-elementor-post-type=\"post\">\n\t\t\t\t<div data-particle_enable=\"false\" data-particle-mobile-disabled=\"false\" class=\"elementor-element elementor-element-662b443 e-flex e-con-boxed e-con e-parent\" data-id=\"662b443\" data-element_type=\"container\" data-e-type=\"container\">\n\t\t\t\t\t<div class=\"e-con-inner\">\n\t\t\t\t<div class=\"elementor-element elementor-element-ec78581 elementor-widget elementor-widget-heading\" data-id=\"ec78581\" data-element_type=\"widget\" data-e-type=\"widget\" data-widget_type=\"heading.default\">\n\t\t\t\t\t<h2 class=\"elementor-heading-title elementor-size-default\">Mar\u00eda Fernanda Jim\u00e9nez, rompe cualquier limitaci\u00f3n a trav\u00e9s de la escritura. En sus libros para ni\u00f1os y adultos plasma su propio testimonio c\u00f3mo ha vencido barreras para demostrar que no hay imposibles. <\/h2>\t\t\t\t<\/div>\n\t\t\t\t\t<\/div>\n\t\t\t\t<\/div>\n\t\t<div data-particle_enable=\"false\" data-particle-mobile-disabled=\"false\" class=\"elementor-element elementor-element-6b9869c e-flex e-con-boxed e-con e-parent\" data-id=\"6b9869c\" data-element_type=\"container\" data-e-type=\"container\">\n\t\t\t\t\t<div class=\"e-con-inner\">\n\t\t\t\t<div class=\"elementor-element elementor-element-0981a31 elementor-widget elementor-widget-text-editor\" data-id=\"0981a31\" data-element_type=\"widget\" data-e-type=\"widget\" data-widget_type=\"text-editor.default\">\n\t\t\t\t\t\t\t\t\t<p>Mar\u00eda Fernanda Jim\u00e9nez, &#8220;Mafer&#8221; para todos sus muchos amigos, es una mujer so\u00f1adora que ha convertido su historia en una fuente de inspiraci\u00f3n para muchas personas.\u00a0<\/p><p>Es psicopedagoga, escritora y sobre todo una mente brillante que\u00a0<span style=\"color: var( --e-global-color-text ); text-align: var(--text-align);\">busca derribar barreras y demostrar que la discapacidad no est\u00e1 en las personas, sino en el entorno que las rodea, pero que no hay l\u00edmites para el potencial personal.<\/span><\/p><p><span style=\"color: var( --e-global-color-text ); text-align: var(--text-align);\">Ahora sus libros llenos de motivaci\u00f3n e ideas frescas para superar adversidades est\u00e1n disponibles para poder ser adquiridos y entregados en cualquier parte de Guatemala.<\/span><\/p>\t\t\t\t\t\t\t\t<\/div>\n\t\t\t\t\t<\/div>\n\t\t\t\t<\/div>\n\t\t<div data-particle_enable=\"false\" data-particle-mobile-disabled=\"false\" class=\"elementor-element elementor-element-b14b013 e-flex e-con-boxed e-con e-parent\" data-id=\"b14b013\" data-element_type=\"container\" data-e-type=\"container\">\n\t\t\t\t\t<div class=\"e-con-inner\">\n\t\t\t\t<div class=\"elementor-element elementor-element-f0cdfd6 elementor-widget elementor-widget-text-editor\" data-id=\"f0cdfd6\" data-element_type=\"widget\" data-e-type=\"widget\" data-widget_type=\"text-editor.default\">\n\t\t\t\t\t\t\t\t\t<p>La tienda digital <a href=\"https:\/\/soymigrante.com\/mercado\/marketplace\/seller\/profile\/potenciare\">Potenciare<\/a> ya est\u00e1 abierta en <a href=\"https:\/\/soymigrante.com\/mercado\/\" target=\"_blank\" rel=\"noopener\">SoyMigrante.com MERCADO<\/a>, la comunidad en l\u00ednea creada para que emprendedores y compradores guatemaltecos se encuentren: un proyecto activo, proactivo e innovador para peque\u00f1os negocios y creadores de productos elaborados a mano, detr\u00e1s de las cuales siempre hay una historia. Y esta es la historia de Mafer.<\/p>\t\t\t\t\t\t\t\t<\/div>\n\t\t\t\t\t<\/div>\n\t\t\t\t<\/div>\n\t\t<div data-particle_enable=\"false\" data-particle-mobile-disabled=\"false\" class=\"elementor-element elementor-element-af22daa e-flex e-con-boxed e-con e-parent\" data-id=\"af22daa\" data-element_type=\"container\" data-e-type=\"container\">\n\t\t\t\t\t<div class=\"e-con-inner\">\n\t\t\t\t<div class=\"elementor-element elementor-element-e013759 elementor-widget elementor-widget-image\" data-id=\"e013759\" data-element_type=\"widget\" data-e-type=\"widget\" data-widget_type=\"image.default\">\n\t\t\t\t\t\t\t\t\t\t\t\t<figure class=\"wp-caption\">\n\t\t\t\t\t\t\t\t\t\t\t<a href=\"https:\/\/soymigrante.com\/mercado\/marketplace\/seller\/profile\/potenciare\">\n\t\t\t\t\t\t\t<img fetchpriority=\"high\" decoding=\"async\" width=\"768\" height=\"343\" src=\"https:\/\/soymigrante.com\/revista\/wp-content\/uploads\/2025\/01\/Captura-de-pantalla-2025-01-28-a-las-174641-1024x457.png\" class=\"attachment-large size-large wp-image-23100\" alt=\"Revista digital SoyMigrante.com, cultura hispana y art\u00edculos sobre migraci\u00f3n, igualdad y derechos para la comunidad latina en Estados Unidos y pa\u00edses de habla hispana.\" srcset=\"https:\/\/soymigrante.com\/revista\/wp-content\/uploads\/2025\/01\/Captura-de-pantalla-2025-01-28-a-las-174641-1024x457.png 1024w, https:\/\/soymigrante.com\/revista\/wp-content\/uploads\/2025\/01\/Captura-de-pantalla-2025-01-28-a-las-174641-300x134.png 300w, https:\/\/soymigrante.com\/revista\/wp-content\/uploads\/2025\/01\/Captura-de-pantalla-2025-01-28-a-las-174641-768x342.png 768w, https:\/\/soymigrante.com\/revista\/wp-content\/uploads\/2025\/01\/Captura-de-pantalla-2025-01-28-a-las-174641-750x334.webp 750w, https:\/\/soymigrante.com\/revista\/wp-content\/uploads\/2025\/01\/Captura-de-pantalla-2025-01-28-a-las-174641-1140x508.webp 1140w, https:\/\/soymigrante.com\/revista\/wp-content\/uploads\/2025\/01\/Captura-de-pantalla-2025-01-28-a-las-174641.webp 1496w\" sizes=\"(max-width: 768px) 100vw, 768px\" title=\"Captura de pantalla 2025-01-28 a las 174641 \u2013 SoyMigrante.com REVISTA\" \/>\t\t\t\t\t\t\t\t<\/a>\n\t\t\t\t\t\t\t\t\t\t\t<figcaption class=\"widget-image-caption wp-caption-text\">Revista SoyMigrante.com: Enfocada en cultura, migraci\u00f3n y derechos humanos para la comunidad hispana y latina en Estados Unidos y Am\u00e9rica Latina.<\/figcaption>\n\t\t\t\t\t\t\t\t\t\t<\/figure>\n\t\t\t\t\t\t\t\t\t<\/div>\n\t\t\t\t\t<\/div>\n\t\t\t\t<\/div>\n\t\t<div data-particle_enable=\"false\" data-particle-mobile-disabled=\"false\" class=\"elementor-element elementor-element-a0625eb e-flex e-con-boxed e-con e-parent\" data-id=\"a0625eb\" data-element_type=\"container\" data-e-type=\"container\">\n\t\t\t\t\t<div class=\"e-con-inner\">\n\t\t\t\t<div class=\"elementor-element elementor-element-7b92976 elementor-widget elementor-widget-text-editor\" data-id=\"7b92976\" data-element_type=\"widget\" data-e-type=\"widget\" data-widget_type=\"text-editor.default\">\n\t\t\t\t\t\t\t\t\t<p>El camino no fue f\u00e1cil. Durante su infancia, Mar\u00eda Fernanda sufri\u00f3 de bullying por el simple hecho de usar una silla de ruedas. Sus compa\u00f1eros, e incluso un profesor, la hicieron sentir diferente de una manera dolorosa.\u00a0<span style=\"color: var( --e-global-color-text ); text-align: var(--text-align);\">\u201cYo llor\u00e9 todos los d\u00edas hasta llegar a cuarto primaria porque sufr\u00ed bullying, incluso de un profesor\u201d, recuerda.<\/span><\/p><p>Pero en lugar de dejar que el dolor la venciera, Mar\u00eda Fernanda encontr\u00f3 fortaleza y esperanza a trav\u00e9s de la escritura una forma de expresarse y, al mismo tiempo, de dar voz a otros ni\u00f1os con discapacidad.\u00a0<\/p><p><span style=\"color: var( --e-global-color-text ); text-align: var(--text-align);\">En 2019, <\/span>public\u00f3 su primer libro con un prop\u00f3sito claro: mostrar la realidad de quienes viven con una discapacidad<span style=\"color: var( --e-global-color-text ); text-align: var(--text-align);\"> desde la perspectiva de un ni\u00f1o. Escrito en primera persona, su obra permite que los lectores comprendan lo que significa crecer en un mundo que no siempre est\u00e1 dise\u00f1ado para todos. Esos est\u00e1n disponibles para quien desee adquirirlos.<\/span><\/p>\t\t\t\t\t\t\t\t<\/div>\n\t\t\t\t\t<\/div>\n\t\t\t\t<\/div>\n\t\t<div data-particle_enable=\"false\" data-particle-mobile-disabled=\"false\" class=\"elementor-element elementor-element-73bb8f5 e-flex e-con-boxed e-con e-parent\" data-id=\"73bb8f5\" data-element_type=\"container\" data-e-type=\"container\">\n\t\t\t\t\t<div class=\"e-con-inner\">\n\t\t\t\t<div class=\"elementor-element elementor-element-893e0b6 elementor-widget elementor-widget-video\" data-id=\"893e0b6\" data-element_type=\"widget\" data-e-type=\"widget\" data-settings=\"{&quot;youtube_url&quot;:&quot;https:\\\/\\\/www.youtube.com\\\/watch?v=Isa7-uo598I&quot;,&quot;video_type&quot;:&quot;youtube&quot;,&quot;controls&quot;:&quot;yes&quot;}\" data-widget_type=\"video.default\">\n\t\t\t\t\t\t\t<div class=\"elementor-wrapper elementor-open-inline\">\n\t\t\t<div class=\"elementor-video\"><\/div>\t\t<\/div>\n\t\t\t\t\t\t<\/div>\n\t\t\t\t\t<\/div>\n\t\t\t\t<\/div>\n\t\t<div data-particle_enable=\"false\" data-particle-mobile-disabled=\"false\" class=\"elementor-element elementor-element-f188269 e-flex e-con-boxed e-con e-parent\" data-id=\"f188269\" data-element_type=\"container\" data-e-type=\"container\">\n\t\t\t\t\t<div class=\"e-con-inner\">\n\t\t\t\t<div class=\"elementor-element elementor-element-8655a34 elementor-widget elementor-widget-heading\" data-id=\"8655a34\" data-element_type=\"widget\" data-e-type=\"widget\" data-widget_type=\"heading.default\">\n\t\t\t\t\t<h3 class=\"elementor-heading-title elementor-size-default\">Una infancia de retos y aprendizajes<\/h3>\t\t\t\t<\/div>\n\t\t\t\t\t<\/div>\n\t\t\t\t<\/div>\n\t\t<div data-particle_enable=\"false\" data-particle-mobile-disabled=\"false\" class=\"elementor-element elementor-element-fbd17b1 e-flex e-con-boxed e-con e-parent\" data-id=\"fbd17b1\" data-element_type=\"container\" data-e-type=\"container\">\n\t\t\t\t\t<div class=\"e-con-inner\">\n\t\t\t\t<div class=\"elementor-element elementor-element-5e08924 elementor-widget elementor-widget-text-editor\" data-id=\"5e08924\" data-element_type=\"widget\" data-e-type=\"widget\" data-widget_type=\"text-editor.default\">\n\t\t\t\t\t\t\t\t\t<p>Desde peque\u00f1a, Mar\u00eda Fernanda enfrent\u00f3 dificultades para adaptarse a su entorno. Mientras otros ni\u00f1os corr\u00edan y jugaban sin esfuerzo, ella sent\u00eda que el mundo se mov\u00eda a un ritmo diferente para ella. Esto se deb\u00eda a una discapacidad muscular que provoca debilidad en todo su cuerpo.<\/p><p>A medida que avanzaba en la escuela, not\u00f3 que caminar se volv\u00eda cada vez m\u00e1s dif\u00edcil. Fue entonces cuando tom\u00f3 la decisi\u00f3n de usar una silla de ruedas, comprendiendo que lejos de ser una limitaci\u00f3n, le dar\u00eda una nueva forma de libertad. Sin embargo, sus padres le advirtieron que la sociedad podr\u00eda no estar preparada para aceptarla tal como era.<\/p>\t\t\t\t\t\t\t\t<\/div>\n\t\t\t\t\t<\/div>\n\t\t\t\t<\/div>\n\t\t<div data-particle_enable=\"false\" data-particle-mobile-disabled=\"false\" class=\"elementor-element elementor-element-2856311 e-flex e-con-boxed e-con e-parent\" data-id=\"2856311\" data-element_type=\"container\" data-e-type=\"container\">\n\t\t\t\t\t<div class=\"e-con-inner\">\n\t\t\t\t<div class=\"elementor-element elementor-element-5fe8be5 elementor-widget elementor-widget-text-editor\" data-id=\"5fe8be5\" data-element_type=\"widget\" data-e-type=\"widget\" data-widget_type=\"text-editor.default\">\n\t\t\t\t\t\t\t\t\t<p>\u201cNo te preocupes, las personas te van a ver\u201d, le dijeron. Pero Mar\u00eda Fernanda decidi\u00f3 no preocuparse por las miradas ajenas, sino por construir su propio camino.<\/p>\t\t\t\t\t\t\t\t<\/div>\n\t\t\t\t\t<\/div>\n\t\t\t\t<\/div>\n\t\t<div data-particle_enable=\"false\" data-particle-mobile-disabled=\"false\" class=\"elementor-element elementor-element-9643262 e-flex e-con-boxed e-con e-parent\" data-id=\"9643262\" data-element_type=\"container\" data-e-type=\"container\">\n\t\t\t\t\t<div class=\"e-con-inner\">\n\t\t\t\t<div class=\"elementor-element elementor-element-ac55dad elementor-widget elementor-widget-image\" data-id=\"ac55dad\" data-element_type=\"widget\" data-e-type=\"widget\" data-widget_type=\"image.default\">\n\t\t\t\t\t\t\t\t\t\t\t\t<figure class=\"wp-caption\">\n\t\t\t\t\t\t\t\t\t\t\t<a href=\"https:\/\/soymigrante.com\/mercado\/marketplace\/seller\/profile\/potenciare\">\n\t\t\t\t\t\t\t<img decoding=\"async\" width=\"473\" height=\"1024\" src=\"https:\/\/soymigrante.com\/revista\/wp-content\/uploads\/2025\/01\/Mari\u0301a-Fernanda-Jime\u0301nez3-473x1024.jpg\" class=\"attachment-large size-large wp-image-23101\" alt=\"Mar\u00eda Fernanda Jim\u00e9nez ha superado retos desde su silla de ruedas, porque su mente y su voluntad son libres y no tienen l\u00edmite. Su m\u00e1s reciente libro se inspira en la funci\u00f3n de una br\u00fajula: orientar una direcci\u00f3n correcta. (Foto: Cortes\u00eda, Mar\u00eda Fernanda Jim\u00e9nez)\" srcset=\"https:\/\/soymigrante.com\/revista\/wp-content\/uploads\/2025\/01\/Mari\u0301a-Fernanda-Jime\u0301nez3-473x1024.jpg 473w, https:\/\/soymigrante.com\/revista\/wp-content\/uploads\/2025\/01\/Mari\u0301a-Fernanda-Jime\u0301nez3-139x300.jpg 139w, https:\/\/soymigrante.com\/revista\/wp-content\/uploads\/2025\/01\/Mari\u0301a-Fernanda-Jime\u0301nez3-768x1662.jpg 768w, https:\/\/soymigrante.com\/revista\/wp-content\/uploads\/2025\/01\/Mari\u0301a-Fernanda-Jime\u0301nez3-710x1536.jpg 710w, https:\/\/soymigrante.com\/revista\/wp-content\/uploads\/2025\/01\/Mari\u0301a-Fernanda-Jime\u0301nez3-946x2048.jpg 946w, https:\/\/soymigrante.com\/revista\/wp-content\/uploads\/2025\/01\/Mari\u0301a-Fernanda-Jime\u0301nez3-750x1623.webp 750w, https:\/\/soymigrante.com\/revista\/wp-content\/uploads\/2025\/01\/Mari\u0301a-Fernanda-Jime\u0301nez3-scaled.webp 887w\" sizes=\"(max-width: 473px) 100vw, 473px\" title=\"Mar\u00eda Fernanda Jim\u00e9nez ha superado retos desde su silla de ruedas, porque su  mente y su voluntad son libres y no tienen l\u00edmite. Su m\u00e1s reciente libro se inspira en la funci\u00f3n de una br\u00fajula: orientar una direcci\u00f3n correcta. (Foto: Cortes\u00eda, Mar\u00eda Fernanda Jim\u00e9nez) \u2013 SoyMigrante.com REVISTA\" \/>\t\t\t\t\t\t\t\t<\/a>\n\t\t\t\t\t\t\t\t\t\t\t<figcaption class=\"widget-image-caption wp-caption-text\">Mar\u00eda Fernanda Jim\u00e9nez ha superado retos desde su silla de ruedas, porque su  mente y su voluntad son libres y no tienen l\u00edmite. Su m\u00e1s reciente libro se inspira en la funci\u00f3n de una br\u00fajula: orientar una direcci\u00f3n correcta. (Foto: Cortes\u00eda, Mar\u00eda Fernanda Jim\u00e9nez) <\/figcaption>\n\t\t\t\t\t\t\t\t\t\t<\/figure>\n\t\t\t\t\t\t\t\t\t<\/div>\n\t\t\t\t\t<\/div>\n\t\t\t\t<\/div>\n\t\t<div data-particle_enable=\"false\" data-particle-mobile-disabled=\"false\" class=\"elementor-element elementor-element-823eefe e-flex e-con-boxed e-con e-parent\" data-id=\"823eefe\" data-element_type=\"container\" data-e-type=\"container\">\n\t\t\t\t\t<div class=\"e-con-inner\">\n\t\t\t\t<div class=\"elementor-element elementor-element-45f7833 elementor-widget elementor-widget-heading\" data-id=\"45f7833\" data-element_type=\"widget\" data-e-type=\"widget\" data-widget_type=\"heading.default\">\n\t\t\t\t\t<h3 class=\"elementor-heading-title elementor-size-default\">El diagn\u00f3stico que tard\u00f3 en llegar<\/h3>\t\t\t\t<\/div>\n\t\t\t\t\t<\/div>\n\t\t\t\t<\/div>\n\t\t<div data-particle_enable=\"false\" data-particle-mobile-disabled=\"false\" class=\"elementor-element elementor-element-2090d3c e-flex e-con-boxed e-con e-parent\" data-id=\"2090d3c\" data-element_type=\"container\" data-e-type=\"container\">\n\t\t\t\t\t<div class=\"e-con-inner\">\n\t\t\t\t<div class=\"elementor-element elementor-element-865e89c elementor-widget elementor-widget-text-editor\" data-id=\"865e89c\" data-element_type=\"widget\" data-e-type=\"widget\" data-widget_type=\"text-editor.default\">\n\t\t\t\t\t\t\t\t\t<p>Mar\u00eda Fernanda y su hermana nacieron con la misma condici\u00f3n, pero durante mucho tiempo los m\u00e9dicos en Guatemala no pudieron determinar qu\u00e9 ten\u00edan.\u00a0<span style=\"color: var( --e-global-color-text ); text-align: var(--text-align);\">En busca de respuestas, sus padres las llevaron a Estados Unidos, donde finalmente obtuvieron un diagn\u00f3stico.\u00a0<\/span><\/p><p><span style=\"color: var( --e-global-color-text ); text-align: var(--text-align);\">&#8220;M\u00e1s all\u00e1 del nombre de mi enfermedad, lo que quer\u00eda era demostrar que con voluntad no hay ning\u00fan l\u00edmite posible&#8221;. Fue as\u00ed como Mafer, como le llaman cari\u00f1osamente, lleg\u00f3 a un poderoso concepto: Ser una persona br\u00fajula. Alguien que oriente a otros, que tenga un rumbo definido.\u00a0<\/span><\/p><p><span style=\"color: var( --e-global-color-text ); text-align: var(--text-align);\">Mar\u00eda Fernanda tiene licenciatura y maestr\u00eda en Psicopedagog\u00eda por la Universidad Galileo; desde esa profesi\u00f3n ayuda a ni\u00f1os y j\u00f3venes para encontrar su potencial; pero a la vez desarrolla una misi\u00f3n especial de generar esperanza en personas que enfrentan una discapacidad. Suele participar con instituciones de servicio, fundaciones y tambi\u00e9n centros educativos.<\/span><\/p><p><span style=\"color: var( --e-global-color-text ); text-align: var(--text-align);\">Su m\u00e1s reciente libro, publicado en 2024 es &#8220;La br\u00fajula en tu interior&#8221;, una invitaci\u00f3n a potenciar ese talento y trazar nuevos rumbos. Su contenido es inspirado por cinco atletas con discapacidades intelectuales que son aut\u00e9nticos gu\u00edas de inspiraci\u00f3n y superaci\u00f3n.<\/span><\/p>\t\t\t\t\t\t\t\t<\/div>\n\t\t\t\t\t<\/div>\n\t\t\t\t<\/div>\n\t\t<div data-particle_enable=\"false\" data-particle-mobile-disabled=\"false\" class=\"elementor-element elementor-element-7c220d0 e-flex e-con-boxed e-con e-parent\" data-id=\"7c220d0\" data-element_type=\"container\" data-e-type=\"container\">\n\t\t\t\t\t<div class=\"e-con-inner\">\n\t\t\t\t<div class=\"elementor-element elementor-element-fa63e7f elementor-invisible elementor-widget elementor-widget-facebook-embed\" data-id=\"fa63e7f\" data-element_type=\"widget\" data-e-type=\"widget\" data-settings=\"{&quot;_animation&quot;:&quot;zoomInDown&quot;}\" data-widget_type=\"facebook-embed.default\">\n\t\t\t\t\t<div style=\"min-height: 1px\" class=\"elementor-facebook-widget fb-post\" data-href=\"https:\/\/www.facebook.com\/photo.php?fbid=571934573330547&#038;set=pb.100015420273788.-2207520000&#038;type=3\" data-show-text=\"false\"><\/div>\t\t\t\t<\/div>\n\t\t\t\t\t<\/div>\n\t\t\t\t<\/div>\n\t\t<div data-particle_enable=\"false\" data-particle-mobile-disabled=\"false\" class=\"elementor-element elementor-element-419b284 e-flex e-con-boxed e-con e-parent\" data-id=\"419b284\" data-element_type=\"container\" data-e-type=\"container\">\n\t\t\t\t\t<div class=\"e-con-inner\">\n\t\t\t\t<div class=\"elementor-element elementor-element-af4915c elementor-widget elementor-widget-heading\" data-id=\"af4915c\" data-element_type=\"widget\" data-e-type=\"widget\" data-widget_type=\"heading.default\">\n\t\t\t\t\t<h3 class=\"elementor-heading-title elementor-size-default\">Cinco libros para cambiar la percepci\u00f3n de la discapacidad<\/h3>\t\t\t\t<\/div>\n\t\t\t\t\t<\/div>\n\t\t\t\t<\/div>\n\t\t<div data-particle_enable=\"false\" data-particle-mobile-disabled=\"false\" class=\"elementor-element elementor-element-da4fea5 e-flex e-con-boxed e-con e-parent\" data-id=\"da4fea5\" data-element_type=\"container\" data-e-type=\"container\">\n\t\t\t\t\t<div class=\"e-con-inner\">\n\t\t\t\t<div class=\"elementor-element elementor-element-693ab09 elementor-widget elementor-widget-heading\" data-id=\"693ab09\" data-element_type=\"widget\" data-e-type=\"widget\" data-widget_type=\"heading.default\">\n\t\t\t\t\t<h4 class=\"elementor-heading-title elementor-size-default\">Retos para grandes peque\u00f1os \u2013 2019<\/h4>\t\t\t\t<\/div>\n\t\t\t\t\t<\/div>\n\t\t\t\t<\/div>\n\t\t<div data-particle_enable=\"false\" data-particle-mobile-disabled=\"false\" class=\"elementor-element elementor-element-977ee44 e-flex e-con-boxed e-con e-parent\" data-id=\"977ee44\" data-element_type=\"container\" data-e-type=\"container\">\n\t\t\t\t\t<div class=\"e-con-inner\">\n\t\t\t\t<div class=\"elementor-element elementor-element-c7aa1a7 elementor-widget elementor-widget-text-editor\" data-id=\"c7aa1a7\" data-element_type=\"widget\" data-e-type=\"widget\" data-widget_type=\"text-editor.default\">\n\t\t\t\t\t\t\t\t\t<p>Es la br\u00fajula que busca indicarles el rumbo correcto a los padres, maestros, terapistas y familiares de ni\u00f1os que enfrentan diversidad de retos. <a href=\"https:\/\/soymigrante.com\/mercado\/libro-grandes-pequenos-amigos-por-mafer-jimenez\" target=\"_blank\" rel=\"noopener\">En sus p\u00e1ginas, encuentran estrategias pr\u00e1cticas que les permiten liberar el potencial.<\/a><\/p>\t\t\t\t\t\t\t\t<\/div>\n\t\t\t\t\t<\/div>\n\t\t\t\t<\/div>\n\t\t<div data-particle_enable=\"false\" data-particle-mobile-disabled=\"false\" class=\"elementor-element elementor-element-8a78dbb e-flex e-con-boxed e-con e-parent\" data-id=\"8a78dbb\" data-element_type=\"container\" data-e-type=\"container\">\n\t\t\t\t\t<div class=\"e-con-inner\">\n\t\t\t\t<div class=\"elementor-element elementor-element-e76e435 elementor-widget elementor-widget-heading\" data-id=\"e76e435\" data-element_type=\"widget\" data-e-type=\"widget\" data-widget_type=\"heading.default\">\n\t\t\t\t\t<h4 class=\"elementor-heading-title elementor-size-default\">Grandes peque\u00f1os amigos \u2013 2020<\/h4>\t\t\t\t<\/div>\n\t\t\t\t\t<\/div>\n\t\t\t\t<\/div>\n\t\t<div data-particle_enable=\"false\" data-particle-mobile-disabled=\"false\" class=\"elementor-element elementor-element-e22bdb1 e-flex e-con-boxed e-con e-parent\" data-id=\"e22bdb1\" data-element_type=\"container\" data-e-type=\"container\">\n\t\t\t\t\t<div class=\"e-con-inner\">\n\t\t\t\t<div class=\"elementor-element elementor-element-7ee444f elementor-widget elementor-widget-text-editor\" data-id=\"7ee444f\" data-element_type=\"widget\" data-e-type=\"widget\" data-widget_type=\"text-editor.default\">\n\t\t\t\t\t\t\t\t\t<p>Es una aventura que los ni\u00f1os llenan de color para comprender la inclusi\u00f3n, desde la perspectiva de la amistad. <a href=\"https:\/\/soymigrante.com\/mercado\/libro-retos-para-grandes-pequenos-por-mafer-jimenez\" target=\"_blank\" rel=\"noopener\">En sus p\u00e1ginas, los ni\u00f1os pintar\u00e1n la inclusi\u00f3n dentro de sus corazones.<\/a><\/p>\t\t\t\t\t\t\t\t<\/div>\n\t\t\t\t\t<\/div>\n\t\t\t\t<\/div>\n\t\t<div data-particle_enable=\"false\" data-particle-mobile-disabled=\"false\" class=\"elementor-element elementor-element-8376163 e-flex e-con-boxed e-con e-parent\" data-id=\"8376163\" data-element_type=\"container\" data-e-type=\"container\">\n\t\t\t\t\t<div class=\"e-con-inner\">\n\t\t\t\t<div class=\"elementor-element elementor-element-75e27f1 elementor-widget elementor-widget-heading\" data-id=\"75e27f1\" data-element_type=\"widget\" data-e-type=\"widget\" data-widget_type=\"heading.default\">\n\t\t\t\t\t<h4 class=\"elementor-heading-title elementor-size-default\">Encender la mente al conectarla con el coraz\u00f3n \u2013 2022<\/h4>\t\t\t\t<\/div>\n\t\t\t\t\t<\/div>\n\t\t\t\t<\/div>\n\t\t<div data-particle_enable=\"false\" data-particle-mobile-disabled=\"false\" class=\"elementor-element elementor-element-683a173 e-flex e-con-boxed e-con e-parent\" data-id=\"683a173\" data-element_type=\"container\" data-e-type=\"container\">\n\t\t\t\t\t<div class=\"e-con-inner\">\n\t\t\t\t<div class=\"elementor-element elementor-element-49b744a elementor-widget elementor-widget-text-editor\" data-id=\"49b744a\" data-element_type=\"widget\" data-e-type=\"widget\" data-widget_type=\"text-editor.default\">\n\t\t\t\t\t\t\t\t\t<p>La oscuridad, adem\u00e1s de inevitable, es necesaria porque te permite encontrar los mecanismos para generar una luz a\u00fan m\u00e1s intensa en tu interior. <a href=\"https:\/\/soymigrante.com\/mercado\/libro-encender-la-mente-al-conectarla-con-el-corazon-por-mafer-jimenez\" target=\"_blank\" rel=\"noopener\">Tu mirada es el faro que ilumina las p\u00e1ginas de estas historias que encienden tu mente<\/a> al conectarla con el coraz\u00f3n.<\/p>\t\t\t\t\t\t\t\t<\/div>\n\t\t\t\t\t<\/div>\n\t\t\t\t<\/div>\n\t\t<div data-particle_enable=\"false\" data-particle-mobile-disabled=\"false\" class=\"elementor-element elementor-element-79109cb e-flex e-con-boxed e-con e-parent\" data-id=\"79109cb\" data-element_type=\"container\" data-e-type=\"container\">\n\t\t\t\t\t<div class=\"e-con-inner\">\n\t\t\t\t<div class=\"elementor-element elementor-element-983f3b5 elementor-widget elementor-widget-heading\" data-id=\"983f3b5\" data-element_type=\"widget\" data-e-type=\"widget\" data-widget_type=\"heading.default\">\n\t\t\t\t\t<h4 class=\"elementor-heading-title elementor-size-default\">La m\u00e1quina de las emociones \u2013 2023<\/h4>\t\t\t\t<\/div>\n\t\t\t\t\t<\/div>\n\t\t\t\t<\/div>\n\t\t<div data-particle_enable=\"false\" data-particle-mobile-disabled=\"false\" class=\"elementor-element elementor-element-bb8cc0b e-flex e-con-boxed e-con e-parent\" data-id=\"bb8cc0b\" data-element_type=\"container\" data-e-type=\"container\">\n\t\t\t\t\t<div class=\"e-con-inner\">\n\t\t\t\t<div class=\"elementor-element elementor-element-3d875a3 elementor-widget elementor-widget-text-editor\" data-id=\"3d875a3\" data-element_type=\"widget\" data-e-type=\"widget\" data-widget_type=\"text-editor.default\">\n\t\t\t\t\t\t\t\t\t<p>Dentro de la m\u00e1quina habitan las emociones que llenan la vida de color. Aprender a conectarlas es importante para encender lo mejor dentro de nosotros. <a href=\"https:\/\/soymigrante.com\/mercado\/libro-la-maquina-de-las-emociones-por-mafer-jimenez\" target=\"_blank\" rel=\"noopener\">En este libro, los grandes peques fortalecen su bienestar emocional.<\/a><\/p>\t\t\t\t\t\t\t\t<\/div>\n\t\t\t\t\t<\/div>\n\t\t\t\t<\/div>\n\t\t<div data-particle_enable=\"false\" data-particle-mobile-disabled=\"false\" class=\"elementor-element elementor-element-758735e e-flex e-con-boxed e-con e-parent\" data-id=\"758735e\" data-element_type=\"container\" data-e-type=\"container\">\n\t\t\t\t\t<div class=\"e-con-inner\">\n\t\t\t\t<div class=\"elementor-element elementor-element-1620c0b elementor-widget elementor-widget-heading\" data-id=\"1620c0b\" data-element_type=\"widget\" data-e-type=\"widget\" data-widget_type=\"heading.default\">\n\t\t\t\t\t<h4 class=\"elementor-heading-title elementor-size-default\">La br\u00fajula en tu interior \u2013 2024<\/h4>\t\t\t\t<\/div>\n\t\t\t\t\t<\/div>\n\t\t\t\t<\/div>\n\t\t<div data-particle_enable=\"false\" data-particle-mobile-disabled=\"false\" class=\"elementor-element elementor-element-07ca98c e-flex e-con-boxed e-con e-parent\" data-id=\"07ca98c\" data-element_type=\"container\" data-e-type=\"container\">\n\t\t\t\t\t<div class=\"e-con-inner\">\n\t\t\t\t<div class=\"elementor-element elementor-element-4aa0b4b elementor-widget elementor-widget-text-editor\" data-id=\"4aa0b4b\" data-element_type=\"widget\" data-e-type=\"widget\" data-widget_type=\"text-editor.default\">\n\t\t\t\t\t\t\t\t\t<p><a href=\"https:\/\/soymigrante.com\/mercado\/libro-la-brujula-en-tu-interior-por-mafer-jimenez\" target=\"_blank\" rel=\"noopener\">En las p\u00e1ginas de &#8220;La br\u00fajula en tu interior&#8221; tu coraz\u00f3n encontrar\u00e1 nuevos rumbos,<\/a> junto a atletas l\u00edderes de Olimpiadas Especiales Guatemala, que han derribado todas las barreras para brillar gracias a sus talentos.<\/p>\t\t\t\t\t\t\t\t<\/div>\n\t\t\t\t\t<\/div>\n\t\t\t\t<\/div>\n\t\t<div data-particle_enable=\"false\" data-particle-mobile-disabled=\"false\" class=\"elementor-element elementor-element-6f2a124 e-flex e-con-boxed e-con e-parent\" data-id=\"6f2a124\" data-element_type=\"container\" data-e-type=\"container\">\n\t\t\t\t\t<div class=\"e-con-inner\">\n\t\t\t\t<div class=\"elementor-element elementor-element-d2f601e elementor-widget elementor-widget-text-editor\" data-id=\"d2f601e\" data-element_type=\"widget\" data-e-type=\"widget\" data-widget_type=\"text-editor.default\">\n\t\t\t\t\t\t\t\t\t<p>Para Mar\u00eda Fernanda, la escritura es una herramienta de cambio social. A trav\u00e9s de sus libros, busca que m\u00e1s personas comprendan que la discapacidad no es un obst\u00e1culo para so\u00f1ar, crear y vivir plenamente.<\/p>\t\t\t\t\t\t\t\t<\/div>\n\t\t\t\t\t<\/div>\n\t\t\t\t<\/div>\n\t\t<div data-particle_enable=\"false\" data-particle-mobile-disabled=\"false\" class=\"elementor-element elementor-element-ba16283 e-flex e-con-boxed e-con e-parent\" data-id=\"ba16283\" data-element_type=\"container\" data-e-type=\"container\">\n\t\t\t\t\t<div class=\"e-con-inner\">\n\t\t\t\t<div class=\"elementor-element elementor-element-3aac0f0 elementor-widget elementor-widget-image\" data-id=\"3aac0f0\" data-element_type=\"widget\" data-e-type=\"widget\" data-widget_type=\"image.default\">\n\t\t\t\t\t\t\t\t\t\t\t\t<figure class=\"wp-caption\">\n\t\t\t\t\t\t\t\t\t\t\t<a href=\"https:\/\/soymigrante.com\/mercado\/marketplace\/seller\/profile\/potenciare\">\n\t\t\t\t\t\t\t<img decoding=\"async\" width=\"768\" height=\"756\" src=\"https:\/\/soymigrante.com\/revista\/wp-content\/uploads\/2025\/01\/Mari\u0301a-Fernanda-Jime\u0301nez1-scaled-e1738128095981-1024x1008.webp\" class=\"attachment-large size-large wp-image-23102\" alt=\"Mar\u00eda Fernanda Jim\u00e9nez: La emprendedora que encontr\u00f3 en la educaci\u00f3n su mayor herramienta y que ahora est\u00e1 en MERCADO\" srcset=\"https:\/\/soymigrante.com\/revista\/wp-content\/uploads\/2025\/01\/Mari\u0301a-Fernanda-Jime\u0301nez1-scaled-e1738128095981-1024x1008.webp 1024w, https:\/\/soymigrante.com\/revista\/wp-content\/uploads\/2025\/01\/Mari\u0301a-Fernanda-Jime\u0301nez1-scaled-e1738128095981-300x295.webp 300w, https:\/\/soymigrante.com\/revista\/wp-content\/uploads\/2025\/01\/Mari\u0301a-Fernanda-Jime\u0301nez1-scaled-e1738128095981-768x756.webp 768w, https:\/\/soymigrante.com\/revista\/wp-content\/uploads\/2025\/01\/Mari\u0301a-Fernanda-Jime\u0301nez1-scaled-e1738128095981-75x75.webp 75w, https:\/\/soymigrante.com\/revista\/wp-content\/uploads\/2025\/01\/Mari\u0301a-Fernanda-Jime\u0301nez1-scaled-e1738128095981-750x738.webp 750w, https:\/\/soymigrante.com\/revista\/wp-content\/uploads\/2025\/01\/Mari\u0301a-Fernanda-Jime\u0301nez1-scaled-e1738128095981-1140x1122.webp 1140w, https:\/\/soymigrante.com\/revista\/wp-content\/uploads\/2025\/01\/Mari\u0301a-Fernanda-Jime\u0301nez1-scaled-e1738128095981.webp 1280w\" sizes=\"(max-width: 768px) 100vw, 768px\" title=\"Mari\u0301a Fernanda Jime\u0301nez1 \u2013 SoyMigrante.com REVISTA\" \/>\t\t\t\t\t\t\t\t<\/a>\n\t\t\t\t\t\t\t\t\t\t\t<figcaption class=\"widget-image-caption wp-caption-text\">Mar\u00eda Fernanda se ha encargado de darle voz a todas las personas que desean desafiar cualquier l\u00edmite y crecer hasta lo inimaginable para ser Personas Br\u00fajula. (Foto: Cortes\u00eda, Mar\u00eda Fernanda Jim\u00e9nez)<\/figcaption>\n\t\t\t\t\t\t\t\t\t\t<\/figure>\n\t\t\t\t\t\t\t\t\t<\/div>\n\t\t\t\t\t<\/div>\n\t\t\t\t<\/div>\n\t\t<div data-particle_enable=\"false\" data-particle-mobile-disabled=\"false\" class=\"elementor-element elementor-element-a881bc2 e-flex e-con-boxed e-con e-parent\" data-id=\"a881bc2\" data-element_type=\"container\" data-e-type=\"container\">\n\t\t\t\t\t<div class=\"e-con-inner\">\n\t\t\t\t<div class=\"elementor-element elementor-element-2a4e06a elementor-widget elementor-widget-heading\" data-id=\"2a4e06a\" data-element_type=\"widget\" data-e-type=\"widget\" data-widget_type=\"heading.default\">\n\t\t\t\t\t<h3 class=\"elementor-heading-title elementor-size-default\">Un mensaje de gratitud y esperanza<\/h3>\t\t\t\t<\/div>\n\t\t\t\t\t<\/div>\n\t\t\t\t<\/div>\n\t\t<div data-particle_enable=\"false\" data-particle-mobile-disabled=\"false\" class=\"elementor-element elementor-element-780c35f e-flex e-con-boxed e-con e-parent\" data-id=\"780c35f\" data-element_type=\"container\" data-e-type=\"container\">\n\t\t\t\t\t<div class=\"e-con-inner\">\n\t\t\t\t<div class=\"elementor-element elementor-element-54ca4e0 elementor-widget elementor-widget-text-editor\" data-id=\"54ca4e0\" data-element_type=\"widget\" data-e-type=\"widget\" data-widget_type=\"text-editor.default\">\n\t\t\t\t\t\t\t\t\t<p>A pesar de los desaf\u00edos, Mar\u00eda Fernanda se siente agradecida por su camino.<\/p>\n<p>\u201cLlena de gratitud, siento que es un mundo de agradecimientos por todo lo que vivimos\u201d, dice con convicci\u00f3n.<\/p>\n<p><a href=\"https:\/\/soymigrante.com\/mercado\/marketplace\/seller\/profile\/potenciare\">Su historia demuestra <\/a>que la educaci\u00f3n y la literatura pueden ser un motor de cambio y que la verdadera inclusi\u00f3n comienza cuando aprendemos a ver a las personas por lo que son, y no por sus limitaciones.<\/p>\t\t\t\t\t\t\t\t<\/div>\n\t\t\t\t\t<\/div>\n\t\t\t\t<\/div>\n\t\t<div data-particle_enable=\"false\" data-particle-mobile-disabled=\"false\" class=\"elementor-element elementor-element-0a04194 e-flex e-con-boxed e-con e-parent\" data-id=\"0a04194\" data-element_type=\"container\" data-e-type=\"container\">\n\t\t\t\t\t<div class=\"e-con-inner\">\n\t\t\t\t<div class=\"elementor-element elementor-element-6fbd9d7 elementor-widget elementor-widget-heading\" data-id=\"6fbd9d7\" data-element_type=\"widget\" data-e-type=\"widget\" data-widget_type=\"heading.default\">\n\t\t\t\t\t<h2 class=\"elementor-heading-title elementor-size-default\">M\u00e1s emprendedores sin barreras<\/h2>\t\t\t\t<\/div>\n\t\t\t\t\t<\/div>\n\t\t\t\t<\/div>\n\t\t<div data-particle_enable=\"false\" data-particle-mobile-disabled=\"false\" class=\"elementor-element elementor-element-5748f06 e-flex e-con-boxed e-con e-parent\" data-id=\"5748f06\" data-element_type=\"container\" data-e-type=\"container\">\n\t\t\t\t\t<div class=\"e-con-inner\">\n\t\t\t\t<div class=\"elementor-element elementor-element-24fcfa3 elementor-grid-eael-col-3 elementor-grid-tablet-eael-col-2 elementor-grid-mobile-eael-col-1 elementor-widget elementor-widget-eael-post-grid\" data-id=\"24fcfa3\" data-element_type=\"widget\" data-e-type=\"widget\" data-settings=\"{&quot;eael_post_grid_columns&quot;:&quot;eael-col-3&quot;,&quot;eael_post_grid_columns_tablet&quot;:&quot;eael-col-2&quot;,&quot;eael_post_grid_columns_mobile&quot;:&quot;eael-col-1&quot;}\" data-widget_type=\"eael-post-grid.default\">\n\t\t\t\t\t<div id=\"eael-post-grid-24fcfa3\" class=\"eael-post-grid-container\">\n            <div class=\"eael-post-grid eael-post-appender eael-post-appender-24fcfa3 eael-post-grid-style-one\" data-layout-mode=\"masonry\"><article class=\"eael-grid-post  eael-post-grid-column eael-pg-post-21003 category-guate-nuestra tags-mercado-emprendedores\" data-id=\"21003\">\n        <div class=\"eael-grid-post-holder\">\n            <div class=\"eael-grid-post-holder-inner\"><div class=\"eael-entry-media\"><div class=\"eael-entry-overlay fade-in\"><i class=\"far fa-hand-pointer\" aria-hidden=\"true\"><\/i><a href=\"https:\/\/soymigrante.com\/revista\/bolsas-pulseras-y-collares-raices-surgen-con-la-creatividad-y-amor-familiar-de-silvia-flores\/\"><\/a><\/div><div class=\"eael-entry-thumbnail \">\n                <img loading=\"lazy\" decoding=\"async\" width=\"721\" height=\"721\" src=\"https:\/\/soymigrante.com\/revista\/wp-content\/uploads\/2025\/01\/silvia-patricia-raices-1.webp\" class=\"attachment-large size-large wp-image-21004\" alt=\"Artesan\u00edas y joyer\u00eda de migrantes en exclusivo mercado con enfoque en cultura y tradici\u00f3n.\" srcset=\"https:\/\/soymigrante.com\/revista\/wp-content\/uploads\/2025\/01\/silvia-patricia-raices-1.webp 721w, https:\/\/soymigrante.com\/revista\/wp-content\/uploads\/2025\/01\/silvia-patricia-raices-1-300x300.jpg 300w, https:\/\/soymigrante.com\/revista\/wp-content\/uploads\/2025\/01\/silvia-patricia-raices-1-150x150.jpg 150w, https:\/\/soymigrante.com\/revista\/wp-content\/uploads\/2025\/01\/silvia-patricia-raices-1-75x75.webp 75w\" sizes=\"(max-width: 721px) 100vw, 721px\" \/>\n            <\/div>\n        <\/div><div class=\"eael-entry-wrapper\"><header class=\"eael-entry-header\"><h2 class=\"eael-entry-title\"><a class=\"eael-grid-post-link\" href=\"https:\/\/soymigrante.com\/revista\/bolsas-pulseras-y-collares-raices-surgen-con-la-creatividad-y-amor-familiar-de-silvia-flores\/\" title=\"Bolsas, pulseras y collares Ra\u00edces surgen con la creatividad y amor familiar de Silvia Flores\">Bolsas, pulseras y collares Ra\u00edces surgen con la creatividad y amor familiar de Silvia Flores<\/a><\/h2><\/header><div class=\"eael-entry-content\">\n                        <div class=\"eael-grid-post-excerpt\"><a href=\"https:\/\/soymigrante.com\/revista\/bolsas-pulseras-y-collares-raices-surgen-con-la-creatividad-y-amor-familiar-de-silvia-flores\/\" class=\"eael-post-elements-readmore-btn\">CONOCE SU HISTORIA <\/a><\/div>\n                    <\/div><\/div><\/div>\n        <\/div>\n    <\/article><article class=\"eael-grid-post  eael-post-grid-column eael-pg-post-20419 category-guate-nuestra tags-mercado-emprendedores\" data-id=\"20419\">\n        <div class=\"eael-grid-post-holder\">\n            <div class=\"eael-grid-post-holder-inner\"><div class=\"eael-entry-media\"><div class=\"eael-entry-overlay fade-in\"><i class=\"far fa-hand-pointer\" aria-hidden=\"true\"><\/i><a href=\"https:\/\/soymigrante.com\/revista\/calzado-ninnke-nacio-del-amor-de-una-mama-y-la-pasion-por-crear-un-estilo-unico\/\"><\/a><\/div><div class=\"eael-entry-thumbnail \">\n                <img loading=\"lazy\" decoding=\"async\" width=\"960\" height=\"960\" src=\"https:\/\/soymigrante.com\/revista\/wp-content\/uploads\/2025\/01\/ninnke-zapatos.webp\" class=\"attachment-large size-large wp-image-20421\" alt=\"Zapatos de tac\u00f3n dorados y pantalones blancos casuales con blusa azul claro, sentada en una silla en una tienda de zapatos con exhibici\u00f3n de sandalias y gafas en el fondo.\" srcset=\"https:\/\/soymigrante.com\/revista\/wp-content\/uploads\/2025\/01\/ninnke-zapatos.webp 960w, https:\/\/soymigrante.com\/revista\/wp-content\/uploads\/2025\/01\/ninnke-zapatos-300x300.jpg 300w, https:\/\/soymigrante.com\/revista\/wp-content\/uploads\/2025\/01\/ninnke-zapatos-150x150.jpg 150w, https:\/\/soymigrante.com\/revista\/wp-content\/uploads\/2025\/01\/ninnke-zapatos-768x768.jpg 768w, https:\/\/soymigrante.com\/revista\/wp-content\/uploads\/2025\/01\/ninnke-zapatos-75x75.webp 75w, https:\/\/soymigrante.com\/revista\/wp-content\/uploads\/2025\/01\/ninnke-zapatos-750x750.webp 750w\" sizes=\"(max-width: 960px) 100vw, 960px\" \/>\n            <\/div>\n        <\/div><div class=\"eael-entry-wrapper\"><header class=\"eael-entry-header\"><h2 class=\"eael-entry-title\"><a class=\"eael-grid-post-link\" href=\"https:\/\/soymigrante.com\/revista\/calzado-ninnke-nacio-del-amor-de-una-mama-y-la-pasion-por-crear-un-estilo-unico\/\" title=\"Calzado Ninnke naci\u00f3 del amor de una mam\u00e1 y la pasi\u00f3n por crear un estilo \u00fanico: ahora est\u00e1 en MERCADO\">Calzado Ninnke naci\u00f3 del amor de una mam\u00e1 y la pasi\u00f3n por crear un estilo \u00fanico: ahora est\u00e1 en MERCADO<\/a><\/h2><\/header><div class=\"eael-entry-content\">\n                        <div class=\"eael-grid-post-excerpt\"><a href=\"https:\/\/soymigrante.com\/revista\/calzado-ninnke-nacio-del-amor-de-una-mama-y-la-pasion-por-crear-un-estilo-unico\/\" class=\"eael-post-elements-readmore-btn\">CONOCE SU HISTORIA <\/a><\/div>\n                    <\/div><\/div><\/div>\n        <\/div>\n    <\/article><article class=\"eael-grid-post  eael-post-grid-column eael-pg-post-3037 category-bienestar\" data-id=\"3037\">\n        <div class=\"eael-grid-post-holder\">\n            <div class=\"eael-grid-post-holder-inner\"><div class=\"eael-entry-media\"><div class=\"eael-entry-overlay fade-in\"><i class=\"far fa-hand-pointer\" aria-hidden=\"true\"><\/i><a href=\"https:\/\/soymigrante.com\/revista\/guatemalteco-alan-tenembaum-expone-3-lecciones-ante-la-dificultad\/\"><\/a><\/div><div class=\"eael-entry-thumbnail \">\n                <img loading=\"lazy\" decoding=\"async\" width=\"624\" height=\"684\" src=\"https:\/\/soymigrante.com\/revista\/wp-content\/uploads\/2023\/10\/ALAN-1.webp\" class=\"attachment-large size-large wp-image-3041\" alt=\"\" srcset=\"https:\/\/soymigrante.com\/revista\/wp-content\/uploads\/2023\/10\/ALAN-1.webp 624w, https:\/\/soymigrante.com\/revista\/wp-content\/uploads\/2023\/10\/ALAN-1-274x300.webp 274w\" sizes=\"(max-width: 624px) 100vw, 624px\" \/>\n            <\/div>\n        <\/div><div class=\"eael-entry-wrapper\"><header class=\"eael-entry-header\"><h2 class=\"eael-entry-title\"><a class=\"eael-grid-post-link\" href=\"https:\/\/soymigrante.com\/revista\/guatemalteco-alan-tenembaum-expone-3-lecciones-ante-la-dificultad\/\" title=\"Guatemalteco Alan Tenembaum expone 3 lecciones ante la dificultad\">Guatemalteco Alan Tenembaum expone 3 lecciones ante la dificultad<\/a><\/h2><\/header><div class=\"eael-entry-content\">\n                        <div class=\"eael-grid-post-excerpt\"><a href=\"https:\/\/soymigrante.com\/revista\/guatemalteco-alan-tenembaum-expone-3-lecciones-ante-la-dificultad\/\" class=\"eael-post-elements-readmore-btn\">CONOCE SU HISTORIA <\/a><\/div>\n                    <\/div><\/div><\/div>\n        <\/div>\n    <\/article><\/div>\n            <div class=\"clearfix\"><\/div>\n        <\/div>\t\t\t\t<\/div>\n\t\t\t\t\t<\/div>\n\t\t\t\t<\/div>\n\t\t\t\t<\/div>\n\t\t","protected":false},"excerpt":{"rendered":"<p>Mar\u00eda Fernanda Jim\u00e9nez, rompe cualquier limitaci\u00f3n a trav\u00e9s de la escritura. En sus libros para ni\u00f1os y adultos plasma su propio testimonio c\u00f3mo ha vencido barreras para demostrar que no hay imposibles. Mar\u00eda Fernanda Jim\u00e9nez, &#8220;Mafer&#8221; para todos sus muchos amigos, es una mujer so\u00f1adora que ha convertido su historia en una fuente de inspiraci\u00f3n [&hellip;]<\/p>\n","protected":false},"author":19,"featured_media":23161,"comment_status":"open","ping_status":"open","sticky":false,"template":"","format":"standard","meta":{"_acf_changed":false,"_eb_attr":"","footnotes":""},"categories":[58],"tags":[130],"class_list":["post-23097","post","type-post","status-publish","format-standard","has-post-thumbnail","hentry","category-guate-nuestra","tag-mercado-emprendedores"],"acf":[],"aioseo_notices":[],"aioseo_head":"\n\t\t<!-- All in One SEO Pro 4.9.6.2 - aioseo.com -->\n\t<meta name=\"description\" content=\"Escritor, conferencista y motivador guatemalteco, Alan Tenembaum comparte mensajes de actitud proactiva y lo hace desde el testimonio de sufrir un grave accidente en 2008 que cambi\u00f3 por completo su vida. Lanzarse a la piscina en un d\u00eda de descanso es lo \u00faltimo que recuerda el conferencista guatemalteco Alan Tenembaum (1982) antes de quedar cuadripl\u00e9gico.\" \/>\n\t<meta name=\"robots\" content=\"max-snippet:-1, max-image-preview:large, max-video-preview:-1\" \/>\n\t<meta name=\"author\" content=\"Marysabel Aldana\"\/>\n\t<link rel=\"canonical\" href=\"https:\/\/soymigrante.com\/revista\/mafer-jimenez-escritora-voluntad-guatemalteca-libros-motivacion-mercado\/\" \/>\n\t<meta name=\"generator\" content=\"All in One SEO Pro (AIOSEO) 4.9.6.2\" \/>\n\n\t\t<link rel=\"preconnect\" href=\"https:\/\/fonts.googleapis.com\" crossorigin>\n<link rel=\"preconnect\" href=\"https:\/\/fonts.gstatic.com\" crossorigin>\n\t\t<meta property=\"og:locale\" content=\"es_ES\" \/>\n\t\t<meta property=\"og:site_name\" content=\"SoyMigrante.com REVISTA \u2013 Nuestra misi\u00f3n es reconocer y dignificar al migrante.\" \/>\n\t\t<meta property=\"og:type\" content=\"article\" \/>\n\t\t<meta property=\"og:title\" content=\"Inspiraci\u00f3n sin barreras brilla en los libros de Mafer Jim\u00e9nez\" \/>\n\t\t<meta property=\"og:description\" content=\"Mafer Jim\u00e9nez es psicopedagoga, escritora y conferencista. Sus libros son un testimonio real de como superar desaf\u00edos de todo tipo. Ahora est\u00e1n en MERCADO\" \/>\n\t\t<meta property=\"og:url\" content=\"https:\/\/soymigrante.com\/revista\/mafer-jimenez-escritora-voluntad-guatemalteca-libros-motivacion-mercado\/\" \/>\n\t\t<meta property=\"og:image\" content=\"https:\/\/soymigrante.com\/revista\/wp-content\/uploads\/2025\/01\/MAFER-JIMENEZ-1.webp\" \/>\n\t\t<meta property=\"og:image:secure_url\" content=\"https:\/\/soymigrante.com\/revista\/wp-content\/uploads\/2025\/01\/MAFER-JIMENEZ-1.webp\" \/>\n\t\t<meta property=\"og:image:width\" content=\"1308\" \/>\n\t\t<meta property=\"og:image:height\" content=\"1308\" \/>\n\t\t<meta property=\"article:published_time\" content=\"2025-01-29T13:41:00+00:00\" \/>\n\t\t<meta property=\"article:modified_time\" content=\"2025-07-21T20:55:51+00:00\" \/>\n\t\t<meta property=\"article:publisher\" content=\"https:\/\/www.facebook.com\/soymigrantecom\" \/>\n\t\t<meta name=\"twitter:card\" content=\"summary_large_image\" \/>\n\t\t<meta name=\"twitter:site\" content=\"@SoyMigrante_com\" \/>\n\t\t<meta name=\"twitter:title\" content=\"Inspiraci\u00f3n sin barreras brilla en los libros de Mafer Jim\u00e9nez\" \/>\n\t\t<meta name=\"twitter:description\" content=\"Mafer Jim\u00e9nez es psicopedagoga, escritora y conferencista. Sus libros son un testimonio real de como superar desaf\u00edos de todo tipo. Ahora est\u00e1n en MERCADO\" \/>\n\t\t<meta name=\"twitter:creator\" content=\"@SoyMigrante_com\" \/>\n\t\t<meta name=\"twitter:image\" content=\"https:\/\/soymigrante.com\/revista\/wp-content\/uploads\/2025\/01\/MAFER-JIMENEZ-1.webp\" \/>\n\t\t<!-- All in One SEO Pro -->\r\n\t\t<title>Inspiraci\u00f3n sin barreras brilla en los libros de Mafer Jim\u00e9nez<\/title>\n\n","aioseo_head_json":{"title":"Inspiraci\u00f3n sin barreras brilla en los libros de Mafer Jim\u00e9nez","description":"Mafer Jim\u00e9nez es psicopedagoga, escritora y conferencista. Sus libros son un testimonio real de como superar desaf\u00edos de todo tipo. Ahora est\u00e1n en MERCADO","canonical_url":"https:\/\/soymigrante.com\/revista\/mafer-jimenez-escritora-voluntad-guatemalteca-libros-motivacion-mercado\/","robots":"max-snippet:-1, max-image-preview:large, max-video-preview:-1","keywords":"","webmasterTools":{"miscellaneous":"&lt;link rel=\"preconnect\" href=\"https:\/\/fonts.googleapis.com\" crossorigin&gt;\n&lt;link rel=\"preconnect\" href=\"https:\/\/fonts.gstatic.com\" crossorigin&gt;"},"schema":null,"og:locale":"es_ES","og:site_name":"SoyMigrante.com REVISTA \u2013 Nuestra misi\u00f3n es reconocer y dignificar al migrante.","og:type":"article","og:title":"Inspiraci\u00f3n sin barreras brilla en los libros de Mafer Jim\u00e9nez","og:description":"Mafer Jim\u00e9nez es psicopedagoga, escritora y conferencista. Sus libros son un testimonio real de como superar desaf\u00edos de todo tipo. Ahora est\u00e1n en MERCADO","og:url":"https:\/\/soymigrante.com\/revista\/mafer-jimenez-escritora-voluntad-guatemalteca-libros-motivacion-mercado\/","og:image":"https:\/\/soymigrante.com\/revista\/wp-content\/uploads\/2025\/01\/MAFER-JIMENEZ-1.webp","og:image:secure_url":"https:\/\/soymigrante.com\/revista\/wp-content\/uploads\/2025\/01\/MAFER-JIMENEZ-1.webp","og:image:width":1308,"og:image:height":1308,"article:published_time":"2025-01-29T13:41:00+00:00","article:modified_time":"2025-07-21T20:55:51+00:00","article:publisher":"https:\/\/www.facebook.com\/soymigrantecom","twitter:card":"summary_large_image","twitter:site":"@SoyMigrante_com","twitter:title":"Inspiraci\u00f3n sin barreras brilla en los libros de Mafer Jim\u00e9nez","twitter:description":"Mafer Jim\u00e9nez es psicopedagoga, escritora y conferencista. Sus libros son un testimonio real de como superar desaf\u00edos de todo tipo. Ahora est\u00e1n en MERCADO","twitter:creator":"@SoyMigrante_com","twitter:image":"https:\/\/soymigrante.com\/revista\/wp-content\/uploads\/2025\/01\/MAFER-JIMENEZ-1.webp"},"aioseo_meta_data":{"post_id":"23097","title":"Inspiraci\u00f3n sin barreras brilla en los libros de Mafer Jim\u00e9nez","description":"Mafer Jim\u00e9nez es psicopedagoga, escritora y conferencista. Sus libros son un testimonio real de como superar desaf\u00edos de todo tipo. Ahora est\u00e1n en MERCADO","keywords":null,"keyphrases":{"focus":{"keyphrase":"Mar\u00eda Fernanda","score":68,"analysis":{"keyphraseInTitle":{"score":3,"maxScore":9,"error":1},"keyphraseInDescription":{"score":3,"maxScore":9,"error":1},"keyphraseLength":{"score":9,"maxScore":9,"error":0,"length":3},"keyphraseInURL":{"score":1,"maxScore":5,"error":1},"keyphraseInIntroduction":{"score":9,"maxScore":9,"error":0},"keyphraseInSubHeadings":{"score":3,"maxScore":9,"error":1},"keyphraseInImageAlt":{"score":9,"maxScore":9,"error":0},"keywordDensity":{"type":"best","score":9,"maxScore":9,"error":0}}},"additional":[{"keyphrase":"Mar\u00eda Fernanda","score":87,"analysis":{"keyphraseInDescription":{"score":3,"maxScore":9,"error":1},"keyphraseLength":{"score":9,"maxScore":9,"error":0,"length":3},"keyphraseInIntroduction":{"score":9,"maxScore":9,"error":0},"keyphraseInImageAlt":{"score":9,"maxScore":9,"error":0},"keywordDensity":{"type":"best","score":9,"maxScore":9,"error":0}}}]},"primary_term":null,"canonical_url":null,"og_title":null,"og_description":null,"og_object_type":"default","og_image_type":"default","og_image_url":null,"og_image_width":null,"og_image_height":null,"og_image_custom_url":null,"og_image_custom_fields":null,"og_video":"","og_custom_url":null,"og_article_section":null,"og_article_tags":null,"twitter_use_og":false,"twitter_card":"default","twitter_image_type":"default","twitter_image_url":null,"twitter_image_custom_url":null,"twitter_image_custom_fields":null,"twitter_title":null,"twitter_description":null,"schema":{"blockGraphs":[],"customGraphs":[],"default":{"data":{"Article":[],"Course":[],"Dataset":[],"FAQPage":[],"Movie":[],"Person":[],"Product":[],"ProductReview":[],"Car":[],"Recipe":[],"Service":[],"SoftwareApplication":[],"WebPage":[]},"graphName":"BlogPosting","isEnabled":true},"graphs":[]},"schema_type":"default","schema_type_options":null,"pillar_content":false,"robots_default":true,"robots_noindex":false,"robots_noarchive":false,"robots_nosnippet":false,"robots_nofollow":false,"robots_noimageindex":false,"robots_noodp":false,"robots_notranslate":false,"robots_max_snippet":"-1","robots_max_videopreview":"-1","robots_max_imagepreview":"large","priority":null,"frequency":"default","local_seo":null,"seo_analyzer_scan_date":"2025-10-09 02:15:11","breadcrumb_settings":null,"limit_modified_date":false,"reviewed_by":null,"open_ai":"{\"title\":{\"suggestions\":[],\"usage\":0},\"description\":{\"suggestions\":[],\"usage\":0}}","ai":null,"created":"2025-01-28 23:52:36","updated":"2026-02-04 20:53:52"},"aioseo_breadcrumb":"<div class=\"aioseo-breadcrumbs\"><span class=\"aioseo-breadcrumb\">\n\t<a href=\"https:\/\/soymigrante.com\/revista\" title=\"Home\">Home<\/a>\n<\/span><span class=\"aioseo-breadcrumb-separator\">\u00bb<\/span><span class=\"aioseo-breadcrumb\">\n\t<a href=\"https:\/\/soymigrante.com\/revista\/category\/guate-nuestra\/\" title=\"Guate Nuestra\">Guate Nuestra<\/a>\n<\/span><span class=\"aioseo-breadcrumb-separator\">\u00bb<\/span><span class=\"aioseo-breadcrumb\">\n\tMafer Jim\u00e9nez: una mente maravillosa y voluntad sin l\u00edmites. Sus libros ahora est\u00e1n en MERCADO\n<\/span><\/div>","aioseo_breadcrumb_json":[{"label":"Home","link":"https:\/\/soymigrante.com\/revista"},{"label":"Guate Nuestra","link":"https:\/\/soymigrante.com\/revista\/category\/guate-nuestra\/"},{"label":"Mafer Jim\u00e9nez: una mente maravillosa y voluntad sin l\u00edmites. Sus libros ahora est\u00e1n en MERCADO","link":"https:\/\/soymigrante.com\/revista\/mafer-jimenez-escritora-voluntad-guatemalteca-libros-motivacion-mercado\/"}],"_links":{"self":[{"href":"https:\/\/soymigrante.com\/revista\/wp-json\/wp\/v2\/posts\/23097","targetHints":{"allow":["GET"]}}],"collection":[{"href":"https:\/\/soymigrante.com\/revista\/wp-json\/wp\/v2\/posts"}],"about":[{"href":"https:\/\/soymigrante.com\/revista\/wp-json\/wp\/v2\/types\/post"}],"author":[{"embeddable":true,"href":"https:\/\/soymigrante.com\/revista\/wp-json\/wp\/v2\/users\/19"}],"replies":[{"embeddable":true,"href":"https:\/\/soymigrante.com\/revista\/wp-json\/wp\/v2\/comments?post=23097"}],"version-history":[{"count":6,"href":"https:\/\/soymigrante.com\/revista\/wp-json\/wp\/v2\/posts\/23097\/revisions"}],"predecessor-version":[{"id":39991,"href":"https:\/\/soymigrante.com\/revista\/wp-json\/wp\/v2\/posts\/23097\/revisions\/39991"}],"wp:featuredmedia":[{"embeddable":true,"href":"https:\/\/soymigrante.com\/revista\/wp-json\/wp\/v2\/media\/23161"}],"wp:attachment":[{"href":"https:\/\/soymigrante.com\/revista\/wp-json\/wp\/v2\/media?parent=23097"}],"wp:term":[{"taxonomy":"category","embeddable":true,"href":"https:\/\/soymigrante.com\/revista\/wp-json\/wp\/v2\/categories?post=23097"},{"taxonomy":"post_tag","embeddable":true,"href":"https:\/\/soymigrante.com\/revista\/wp-json\/wp\/v2\/tags?post=23097"}],"curies":[{"name":"wp","href":"https:\/\/api.w.org\/{rel}","templated":true}]}}