{"id":22978,"date":"2025-02-04T05:00:00","date_gmt":"2025-02-04T11:00:00","guid":{"rendered":"https:\/\/soymigrante.com\/revista\/?p=22978"},"modified":"2025-03-06T14:39:16","modified_gmt":"2025-03-06T20:39:16","slug":"san-marcos-la-laguna-pueblos-del-lago-de-atitlan","status":"publish","type":"post","link":"https:\/\/soymigrante.com\/revista\/san-marcos-la-laguna-pueblos-del-lago-de-atitlan\/","title":{"rendered":"San Marcos La Laguna: Un pueblo en la ribera de Atitl\u00e1n fundado por los k&#8217;aqchik&#8217;el"},"content":{"rendered":"\t\t<div data-elementor-type=\"wp-post\" data-elementor-id=\"22978\" class=\"elementor elementor-22978\" data-elementor-post-type=\"post\">\n\t\t\t\t<div data-particle_enable=\"false\" data-particle-mobile-disabled=\"false\" class=\"elementor-element elementor-element-cf5e52c e-flex e-con-boxed e-con e-parent\" data-id=\"cf5e52c\" data-element_type=\"container\" data-e-type=\"container\">\n\t\t\t\t\t<div class=\"e-con-inner\">\n\t\t\t\t<div class=\"elementor-element elementor-element-46de542 elementor-widget elementor-widget-heading\" data-id=\"46de542\" data-element_type=\"widget\" data-e-type=\"widget\" data-widget_type=\"heading.default\">\n\t\t\t\t\t<h2 class=\"elementor-heading-title elementor-size-default\">San Marcos La Laguna, conocido por su tranquilidad y belleza natural, tiene una rica historia que lo conecta con la cosmovisi\u00f3n maya y una cultura vibrante. <\/h2>\t\t\t\t<\/div>\n\t\t\t\t\t<\/div>\n\t\t\t\t<\/div>\n\t\t<div data-particle_enable=\"false\" data-particle-mobile-disabled=\"false\" class=\"elementor-element elementor-element-84a32e1 e-flex e-con-boxed e-con e-parent\" data-id=\"84a32e1\" data-element_type=\"container\" data-e-type=\"container\">\n\t\t\t\t\t<div class=\"e-con-inner\">\n\t\t\t\t<div class=\"elementor-element elementor-element-fa33a16 elementor-widget elementor-widget-text-editor\" data-id=\"fa33a16\" data-element_type=\"widget\" data-e-type=\"widget\" data-widget_type=\"text-editor.default\">\n\t\t\t\t\t\t\t\t\t<p>Ubicado a orillas del majestuoso Lago de Atitl\u00e1n, San Marcos La Laguna se ha convertido en un destino fascinante que combina historia, tradiciones y un profundo sentido espiritual. Este peque\u00f1o pueblo de Guatemala esconde grandes historias y costumbres que reflejan la esencia de su comunidad.<\/p><p><a href=\"https:\/\/soymigrante.com\/revista\/van-a-quemar-el-torito-una-tradicion-de-polvora-y-luces-al-final-de-la-procesion\/\">Entre tradiciones ancestrales,<\/a> gastronom\u00eda aut\u00e9ntica y paisajes \u00fanicos, este rinc\u00f3n del Lago de Atitl\u00e1n es un lugar que vale la pena descubrir.<\/p>\t\t\t\t\t\t\t\t<\/div>\n\t\t\t\t\t<\/div>\n\t\t\t\t<\/div>\n\t\t<div data-particle_enable=\"false\" data-particle-mobile-disabled=\"false\" class=\"elementor-element elementor-element-4af5ff0 e-flex e-con-boxed e-con e-parent\" data-id=\"4af5ff0\" data-element_type=\"container\" data-e-type=\"container\">\n\t\t\t\t\t<div class=\"e-con-inner\">\n\t\t\t\t<div class=\"elementor-element elementor-element-55d0ffe elementor-widget elementor-widget-image\" data-id=\"55d0ffe\" data-element_type=\"widget\" data-e-type=\"widget\" data-widget_type=\"image.default\">\n\t\t\t\t\t\t\t\t\t\t\t\t<figure class=\"wp-caption\">\n\t\t\t\t\t\t\t\t\t\t<img fetchpriority=\"high\" decoding=\"async\" width=\"768\" height=\"512\" src=\"https:\/\/soymigrante.com\/revista\/wp-content\/uploads\/2025\/01\/San-Marcos-La-Laguna-muni-1024x683.jpg\" class=\"attachment-large size-large wp-image-23007\" alt=\"Vestido tradicional guatemalteco, ceremonia cultural ind\u00edgena, eventos para la comunidad, celebraci\u00f3n de cultura mayas, identidad \u00e9tnica en Guatemala.\" srcset=\"https:\/\/soymigrante.com\/revista\/wp-content\/uploads\/2025\/01\/San-Marcos-La-Laguna-muni-1024x683.jpg 1024w, https:\/\/soymigrante.com\/revista\/wp-content\/uploads\/2025\/01\/San-Marcos-La-Laguna-muni-300x200.jpg 300w, https:\/\/soymigrante.com\/revista\/wp-content\/uploads\/2025\/01\/San-Marcos-La-Laguna-muni-768x512.jpg 768w, https:\/\/soymigrante.com\/revista\/wp-content\/uploads\/2025\/01\/San-Marcos-La-Laguna-muni-1536x1024.jpg 1536w, https:\/\/soymigrante.com\/revista\/wp-content\/uploads\/2025\/01\/San-Marcos-La-Laguna-muni-750x500.webp 750w, https:\/\/soymigrante.com\/revista\/wp-content\/uploads\/2025\/01\/San-Marcos-La-Laguna-muni-1140x760.webp 1140w, https:\/\/soymigrante.com\/revista\/wp-content\/uploads\/2025\/01\/San-Marcos-La-Laguna-muni.webp 1920w\" sizes=\"(max-width: 768px) 100vw, 768px\" title=\"San Marcos La Laguna muni \u2013 SoyMigrante.com REVISTA\" \/>\t\t\t\t\t\t\t\t\t\t\t<figcaption class=\"widget-image-caption wp-caption-text\">Pueblo de San Marcos de La Laguna. Foto: Municipalidad de San Marcos La Laguna<\/figcaption>\n\t\t\t\t\t\t\t\t\t\t<\/figure>\n\t\t\t\t\t\t\t\t\t<\/div>\n\t\t\t\t\t<\/div>\n\t\t\t\t<\/div>\n\t\t<div data-particle_enable=\"false\" data-particle-mobile-disabled=\"false\" class=\"elementor-element elementor-element-b4c0fdc e-flex e-con-boxed e-con e-parent\" data-id=\"b4c0fdc\" data-element_type=\"container\" data-e-type=\"container\">\n\t\t\t\t\t<div class=\"e-con-inner\">\n\t\t\t\t<div class=\"elementor-element elementor-element-68af5e7 elementor-widget elementor-widget-heading\" data-id=\"68af5e7\" data-element_type=\"widget\" data-e-type=\"widget\" data-widget_type=\"heading.default\">\n\t\t\t\t\t<h3 class=\"elementor-heading-title elementor-size-default\">La importancia de San Marcos La Laguna<\/h3>\t\t\t\t<\/div>\n\t\t\t\t\t<\/div>\n\t\t\t\t<\/div>\n\t\t<div data-particle_enable=\"false\" data-particle-mobile-disabled=\"false\" class=\"elementor-element elementor-element-a487bb0 e-flex e-con-boxed e-con e-parent\" data-id=\"a487bb0\" data-element_type=\"container\" data-e-type=\"container\">\n\t\t\t\t\t<div class=\"e-con-inner\">\n\t\t\t\t<div class=\"elementor-element elementor-element-85e585d elementor-widget elementor-widget-text-editor\" data-id=\"85e585d\" data-element_type=\"widget\" data-e-type=\"widget\" data-widget_type=\"text-editor.default\">\n\t\t\t\t\t\t\t\t\t<p>San Marcos La Laguna es uno de los pueblos que bordean el Lago de Atitl\u00e1n, ubicado en el departamento de Solol\u00e1, Guatemala. Este lugar no solo destaca por sus imponentes vistas al lago, sino tambi\u00e9n por su rol como un centro espiritual y cultural que atrae a visitantes de todo el mundo.<\/p><p>San Marcos ha ganado renombre como un espacio para el turismo de bienestar, con una fuerte presencia de retiros de yoga, terapias hol\u00edsticas y actividades relacionadas con la meditaci\u00f3n y la sanaci\u00f3n.<\/p>\t\t\t\t\t\t\t\t<\/div>\n\t\t\t\t\t<\/div>\n\t\t\t\t<\/div>\n\t\t<div data-particle_enable=\"false\" data-particle-mobile-disabled=\"false\" class=\"elementor-element elementor-element-6ef329b e-flex e-con-boxed e-con e-parent\" data-id=\"6ef329b\" data-element_type=\"container\" data-e-type=\"container\">\n\t\t\t\t\t<div class=\"e-con-inner\">\n\t\t\t\t<div class=\"elementor-element elementor-element-c731345 elementor-widget elementor-widget-image\" data-id=\"c731345\" data-element_type=\"widget\" data-e-type=\"widget\" data-widget_type=\"image.default\">\n\t\t\t\t\t\t\t\t\t\t\t\t<figure class=\"wp-caption\">\n\t\t\t\t\t\t\t\t\t\t<img decoding=\"async\" width=\"768\" height=\"576\" src=\"https:\/\/soymigrante.com\/revista\/wp-content\/uploads\/2025\/01\/san-marcos-la-laguna-4.webp\" class=\"attachment-large size-large wp-image-23008\" alt=\"Paisaje de monta\u00f1as verdes y un lago en un entorno natural en Colombia, en una publicaci\u00f3n de SoyMigrante.com REVISTA sobre vida y cultura en Am\u00e9rica Latina.\" srcset=\"https:\/\/soymigrante.com\/revista\/wp-content\/uploads\/2025\/01\/san-marcos-la-laguna-4.webp 960w, https:\/\/soymigrante.com\/revista\/wp-content\/uploads\/2025\/01\/san-marcos-la-laguna-4-300x225.jpg 300w, https:\/\/soymigrante.com\/revista\/wp-content\/uploads\/2025\/01\/san-marcos-la-laguna-4-768x576.jpg 768w, https:\/\/soymigrante.com\/revista\/wp-content\/uploads\/2025\/01\/san-marcos-la-laguna-4-750x563.webp 750w\" sizes=\"(max-width: 768px) 100vw, 768px\" title=\"san marcos la laguna 4 \u2013 SoyMigrante.com REVISTA\" \/>\t\t\t\t\t\t\t\t\t\t\t<figcaption class=\"widget-image-caption wp-caption-text\">Hermoso paisaje monta\u00f1oso y lago en Colombia, destacado en SoyMigrante.com REVISTA para promover la cultura y naturaleza latinoamericana.<\/figcaption>\n\t\t\t\t\t\t\t\t\t\t<\/figure>\n\t\t\t\t\t\t\t\t\t<\/div>\n\t\t\t\t\t<\/div>\n\t\t\t\t<\/div>\n\t\t<div data-particle_enable=\"false\" data-particle-mobile-disabled=\"false\" class=\"elementor-element elementor-element-da2c2c0 e-flex e-con-boxed e-con e-parent\" data-id=\"da2c2c0\" data-element_type=\"container\" data-e-type=\"container\">\n\t\t\t\t\t<div class=\"e-con-inner\">\n\t\t\t\t<div class=\"elementor-element elementor-element-d6bed86 elementor-widget elementor-widget-heading\" data-id=\"d6bed86\" data-element_type=\"widget\" data-e-type=\"widget\" data-widget_type=\"heading.default\">\n\t\t\t\t\t<h3 class=\"elementor-heading-title elementor-size-default\">Ubicaci\u00f3n y acceso\n<\/h3>\t\t\t\t<\/div>\n\t\t\t\t\t<\/div>\n\t\t\t\t<\/div>\n\t\t<div data-particle_enable=\"false\" data-particle-mobile-disabled=\"false\" class=\"elementor-element elementor-element-2712be5 e-flex e-con-boxed e-con e-parent\" data-id=\"2712be5\" data-element_type=\"container\" data-e-type=\"container\">\n\t\t\t\t\t<div class=\"e-con-inner\">\n\t\t\t\t<div class=\"elementor-element elementor-element-0c37f3e elementor-widget elementor-widget-text-editor\" data-id=\"0c37f3e\" data-element_type=\"widget\" data-e-type=\"widget\" data-widget_type=\"text-editor.default\">\n\t\t\t\t\t\t\t\t\t<p>San Marcos La Laguna se encuentra en la ribera norte del Lago de Atitl\u00e1n, rodeado por los imponentes volcanes San Pedro, Atitl\u00e1n y Tolim\u00e1n. Se puede llegar al pueblo tanto por lancha, saliendo desde Panajachel o San Pedro La Laguna, como por carretera, aunque los accesos terrestres son menos comunes debido a las limitaciones en infraestructura.<\/p>\t\t\t\t\t\t\t\t<\/div>\n\t\t\t\t\t<\/div>\n\t\t\t\t<\/div>\n\t\t<div data-particle_enable=\"false\" data-particle-mobile-disabled=\"false\" class=\"elementor-element elementor-element-9cde361 e-flex e-con-boxed e-con e-parent\" data-id=\"9cde361\" data-element_type=\"container\" data-e-type=\"container\">\n\t\t\t\t\t<div class=\"e-con-inner\">\n\t\t\t\t<div class=\"elementor-element elementor-element-3b8fcc2 elementor-widget elementor-widget-google_maps\" data-id=\"3b8fcc2\" data-element_type=\"widget\" data-e-type=\"widget\" data-widget_type=\"google_maps.default\">\n\t\t\t\t\t\t\t<div class=\"elementor-custom-embed\">\n\t\t\t<iframe loading=\"lazy\"\n\t\t\t\t\tsrc=\"https:\/\/maps.google.com\/maps?q=San%20Marcos%20La%20Laguna&#038;t=m&#038;z=10&#038;output=embed&#038;iwloc=near\"\n\t\t\t\t\ttitle=\"San Marcos La Laguna\"\n\t\t\t\t\taria-label=\"San Marcos La Laguna\"\n\t\t\t><\/iframe>\n\t\t<\/div>\n\t\t\t\t\t\t<\/div>\n\t\t\t\t\t<\/div>\n\t\t\t\t<\/div>\n\t\t<div data-particle_enable=\"false\" data-particle-mobile-disabled=\"false\" class=\"elementor-element elementor-element-7c5fb0e e-flex e-con-boxed e-con e-parent\" data-id=\"7c5fb0e\" data-element_type=\"container\" data-e-type=\"container\">\n\t\t\t\t\t<div class=\"e-con-inner\">\n\t\t\t\t<div class=\"elementor-element elementor-element-30964cf elementor-widget elementor-widget-heading\" data-id=\"30964cf\" data-element_type=\"widget\" data-e-type=\"widget\" data-widget_type=\"heading.default\">\n\t\t\t\t\t<h3 class=\"elementor-heading-title elementor-size-default\">Kaqchikeles, los primeros en llegar<\/h3>\t\t\t\t<\/div>\n\t\t\t\t\t<\/div>\n\t\t\t\t<\/div>\n\t\t<div data-particle_enable=\"false\" data-particle-mobile-disabled=\"false\" class=\"elementor-element elementor-element-0829975 e-flex e-con-boxed e-con e-parent\" data-id=\"0829975\" data-element_type=\"container\" data-e-type=\"container\">\n\t\t\t\t\t<div class=\"e-con-inner\">\n\t\t\t\t<div class=\"elementor-element elementor-element-cb4d36a elementor-widget elementor-widget-text-editor\" data-id=\"cb4d36a\" data-element_type=\"widget\" data-e-type=\"widget\" data-widget_type=\"text-editor.default\">\n\t\t\t\t\t\t\t\t\t<p>La historia de San Marcos La Laguna est\u00e1 profundamente ligada a la cultura maya. Los primeros registros indican que fue fundado\u00a0<a href=\"https:\/\/soymigrante.com\/revista\/el-pueblo-kaqchikel-abarca-a-1-millon-68-mil-guatemaltecos\/\">por grupos kaqchikeles,<\/a> una de las principales etnias mayas de Guatemala. Seg\u00fan los relatos orales, el pueblo fue un lugar de intercambio comercial y espiritual desde la \u00e9poca precolombina.<\/p><p>Actualmente, San Marcos cu<a href=\"https:\/\/soymigrante.com\/revista\/el-pueblo-kaqchikel-abarca-a-1-millon-68-mil-guatemaltecos\/\">enta con una poblaci\u00f3n de aproximadamente 3,500 habitantes, la mayor\u00eda de\u00a0<\/a>los cuales pertenecen a la etnia maya kaqchikel y hablan tanto su idioma ancestral como el espa\u00f1ol.<\/p>\t\t\t\t\t\t\t\t<\/div>\n\t\t\t\t\t<\/div>\n\t\t\t\t<\/div>\n\t\t<div data-particle_enable=\"false\" data-particle-mobile-disabled=\"false\" class=\"elementor-element elementor-element-cb7e883 e-flex e-con-boxed e-con e-parent\" data-id=\"cb7e883\" data-element_type=\"container\" data-e-type=\"container\">\n\t\t\t\t\t<div class=\"e-con-inner\">\n\t\t\t\t<div class=\"elementor-element elementor-element-c3a9301 elementor-widget elementor-widget-image\" data-id=\"c3a9301\" data-element_type=\"widget\" data-e-type=\"widget\" data-widget_type=\"image.default\">\n\t\t\t\t\t\t\t\t\t\t\t\t<figure class=\"wp-caption\">\n\t\t\t\t\t\t\t\t\t\t<img decoding=\"async\" width=\"768\" height=\"768\" src=\"https:\/\/soymigrante.com\/revista\/wp-content\/uploads\/2024\/09\/banner-cuadrado-San-Antonio-y-Sta-Catarina-Palolopo-1024x1024.webp\" class=\"attachment-large size-large wp-image-8857\" alt=\"Barcas de pesca y mujeres ind\u00edgenas en la ribera de un lago, con un cielo nublado, representando la vida y cultura de las comunidades originarias en M\u00e9xico.\" srcset=\"https:\/\/soymigrante.com\/revista\/wp-content\/uploads\/2024\/09\/banner-cuadrado-San-Antonio-y-Sta-Catarina-Palolopo-1024x1024.webp 1024w, https:\/\/soymigrante.com\/revista\/wp-content\/uploads\/2024\/09\/banner-cuadrado-San-Antonio-y-Sta-Catarina-Palolopo-300x300.webp 300w, https:\/\/soymigrante.com\/revista\/wp-content\/uploads\/2024\/09\/banner-cuadrado-San-Antonio-y-Sta-Catarina-Palolopo-150x150.webp 150w, https:\/\/soymigrante.com\/revista\/wp-content\/uploads\/2024\/09\/banner-cuadrado-San-Antonio-y-Sta-Catarina-Palolopo-768x768.webp 768w, https:\/\/soymigrante.com\/revista\/wp-content\/uploads\/2024\/09\/banner-cuadrado-San-Antonio-y-Sta-Catarina-Palolopo-1536x1536.webp 1536w, https:\/\/soymigrante.com\/revista\/wp-content\/uploads\/2024\/09\/banner-cuadrado-San-Antonio-y-Sta-Catarina-Palolopo.webp 1920w, https:\/\/soymigrante.com\/revista\/wp-content\/uploads\/2024\/09\/banner-cuadrado-San-Antonio-y-Sta-Catarina-Palolopo-75x75.webp 75w, https:\/\/soymigrante.com\/revista\/wp-content\/uploads\/2024\/09\/banner-cuadrado-San-Antonio-y-Sta-Catarina-Palolopo-750x750.jpg 750w, https:\/\/soymigrante.com\/revista\/wp-content\/uploads\/2024\/09\/banner-cuadrado-San-Antonio-y-Sta-Catarina-Palolopo-1140x1140.jpg 1140w\" sizes=\"(max-width: 768px) 100vw, 768px\" title=\"banner cuadrado San Antonio y Sta Catarina Palolop\u00f3 \u2013 SoyMigrante.com REVISTA\" \/>\t\t\t\t\t\t\t\t\t\t\t<figcaption class=\"widget-image-caption wp-caption-text\">Revista SoyMigrante: cultura, migraci\u00f3n y comunidades ind\u00edgenas de M\u00e9xico en una ilustraci\u00f3n.<\/figcaption>\n\t\t\t\t\t\t\t\t\t\t<\/figure>\n\t\t\t\t\t\t\t\t\t<\/div>\n\t\t\t\t\t<\/div>\n\t\t\t\t<\/div>\n\t\t<div data-particle_enable=\"false\" data-particle-mobile-disabled=\"false\" class=\"elementor-element elementor-element-61ea1d4 e-flex e-con-boxed e-con e-parent\" data-id=\"61ea1d4\" data-element_type=\"container\" data-e-type=\"container\">\n\t\t\t\t\t<div class=\"e-con-inner\">\n\t\t\t\t<div class=\"elementor-element elementor-element-f90c309 elementor-widget elementor-widget-heading\" data-id=\"f90c309\" data-element_type=\"widget\" data-e-type=\"widget\" data-widget_type=\"heading.default\">\n\t\t\t\t\t<h3 class=\"elementor-heading-title elementor-size-default\">La gastronom\u00eda aut\u00f3ctona\n<\/h3>\t\t\t\t<\/div>\n\t\t\t\t\t<\/div>\n\t\t\t\t<\/div>\n\t\t<div data-particle_enable=\"false\" data-particle-mobile-disabled=\"false\" class=\"elementor-element elementor-element-73c184f e-flex e-con-boxed e-con e-parent\" data-id=\"73c184f\" data-element_type=\"container\" data-e-type=\"container\">\n\t\t\t\t\t<div class=\"e-con-inner\">\n\t\t\t\t<div class=\"elementor-element elementor-element-ddd310b elementor-widget elementor-widget-text-editor\" data-id=\"ddd310b\" data-element_type=\"widget\" data-e-type=\"widget\" data-widget_type=\"text-editor.default\">\n\t\t\t\t\t\t\t\t\t<p>La comida tradicional de San Marcos La Laguna refleja las ra\u00edces mayas del pueblo. Uno de los platos m\u00e1s representativos es el &#8220;boxbol&#8221;, una preparaci\u00f3n a base de masa de ma\u00edz envuelta en hojas de m\u00e1ripa o pl\u00e1tano, que se acompa\u00f1a con salsa de tomate y hierbas locales.\u00a0<\/p><p>Adem\u00e1s, el pueblo tambi\u00e9n ofrece otros platillos tradicionales como los tamales y\u00a0<a href=\"https:\/\/soymigrante.com\/revista\/recetas-chapinas-pepian-quetzalteco-receta-tradicional-2\/\" target=\"_blank\" rel=\"noopener\">el pepi\u00e1n,<\/a>\u00a0preparados con ingredientes frescos y aut\u00f3ctonos.<\/p>\t\t\t\t\t\t\t\t<\/div>\n\t\t\t\t\t<\/div>\n\t\t\t\t<\/div>\n\t\t<div data-particle_enable=\"false\" data-particle-mobile-disabled=\"false\" class=\"elementor-element elementor-element-a179aa4 e-flex e-con-boxed e-con e-parent\" data-id=\"a179aa4\" data-element_type=\"container\" data-e-type=\"container\">\n\t\t\t\t\t<div class=\"e-con-inner\">\n\t\t\t\t<div class=\"elementor-element elementor-element-b760dc9 elementor-widget elementor-widget-video\" data-id=\"b760dc9\" data-element_type=\"widget\" data-e-type=\"widget\" data-settings=\"{&quot;youtube_url&quot;:&quot;https:\\\/\\\/www.youtube.com\\\/shorts\\\/moax0yt9Ym0&quot;,&quot;video_type&quot;:&quot;youtube&quot;,&quot;controls&quot;:&quot;yes&quot;}\" data-widget_type=\"video.default\">\n\t\t\t\t\t\t\t<div class=\"elementor-wrapper elementor-open-inline\">\n\t\t\t<div class=\"elementor-video\"><\/div>\t\t<\/div>\n\t\t\t\t\t\t<\/div>\n\t\t\t\t\t<\/div>\n\t\t\t\t<\/div>\n\t\t<div data-particle_enable=\"false\" data-particle-mobile-disabled=\"false\" class=\"elementor-element elementor-element-7cfbb90 e-flex e-con-boxed e-con e-parent\" data-id=\"7cfbb90\" data-element_type=\"container\" data-e-type=\"container\">\n\t\t\t\t\t<div class=\"e-con-inner\">\n\t\t\t\t<div class=\"elementor-element elementor-element-c953f01 elementor-widget elementor-widget-heading\" data-id=\"c953f01\" data-element_type=\"widget\" data-e-type=\"widget\" data-widget_type=\"heading.default\">\n\t\t\t\t\t<h3 class=\"elementor-heading-title elementor-size-default\">Principales atractivos tur\u00edsticos\n<\/h3>\t\t\t\t<\/div>\n\t\t\t\t\t<\/div>\n\t\t\t\t<\/div>\n\t\t<div data-particle_enable=\"false\" data-particle-mobile-disabled=\"false\" class=\"elementor-element elementor-element-c7eb725 e-flex e-con-boxed e-con e-parent\" data-id=\"c7eb725\" data-element_type=\"container\" data-e-type=\"container\">\n\t\t\t\t\t<div class=\"e-con-inner\">\n\t\t\t\t<div class=\"elementor-element elementor-element-853458c elementor-widget elementor-widget-text-editor\" data-id=\"853458c\" data-element_type=\"widget\" data-e-type=\"widget\" data-widget_type=\"text-editor.default\">\n\t\t\t\t\t\t\t\t\t<p>San Marcos La Laguna es reconocido por su enfoque en el turismo sostenible y espiritual. Entre los principales atractivos se encuentran:<\/p><ul><li>El Cerro Tzankujil: Este parque natural es ideal para hacer senderismo y nadar en las aguas cristalinas del lago. Adem\u00e1s, alberga un altar maya donde se realizan ceremonias tradicionales.<\/li><li>Retiro de yoga y meditaci\u00f3n:\u00a0<a href=\"https:\/\/soymigrante.com\/revista\/10-pueblos-a-la-orilla-del-lago-de-atitlan-que-debes-descubrir\/\" target=\"_blank\" rel=\"noopener\">El pueblo cuenta con m\u00faltiples centros que ofrecen retiros y talleres<\/a>, lo que lo ha posicionado como un destino clave para el turismo hol\u00edstico.<\/li><li>Arte y cultura local: Los visitantes pueden disfrutar de las coloridas artesan\u00edas elaboradas por los habitantes locales, as\u00ed como de las presentaciones de m\u00fasica y danza tradicional.<\/li><li>Las vistas al Lago de Atitl\u00e1n: Los paisajes que ofrece San Marcos son inigualables, especialmente al atardecer, cuando los volcanes y el lago se ti\u00f1en de colores espectaculares.<\/li><\/ul>\t\t\t\t\t\t\t\t<\/div>\n\t\t\t\t\t<\/div>\n\t\t\t\t<\/div>\n\t\t<div data-particle_enable=\"false\" data-particle-mobile-disabled=\"false\" class=\"elementor-element elementor-element-797b8e2 e-flex e-con-boxed e-con e-parent\" data-id=\"797b8e2\" data-element_type=\"container\" data-e-type=\"container\">\n\t\t\t\t\t<div class=\"e-con-inner\">\n\t\t\t\t<div class=\"elementor-element elementor-element-5e1ace2 elementor-widget elementor-widget-video\" data-id=\"5e1ace2\" data-element_type=\"widget\" data-e-type=\"widget\" data-settings=\"{&quot;youtube_url&quot;:&quot;https:\\\/\\\/www.youtube.com\\\/watch?v=ZDtQHuOwLps&quot;,&quot;video_type&quot;:&quot;youtube&quot;,&quot;controls&quot;:&quot;yes&quot;}\" data-widget_type=\"video.default\">\n\t\t\t\t\t\t\t<div class=\"elementor-wrapper elementor-open-inline\">\n\t\t\t<div class=\"elementor-video\"><\/div>\t\t<\/div>\n\t\t\t\t\t\t<\/div>\n\t\t\t\t\t<\/div>\n\t\t\t\t<\/div>\n\t\t<div data-particle_enable=\"false\" data-particle-mobile-disabled=\"false\" class=\"elementor-element elementor-element-885bb31 e-flex e-con-boxed e-con e-parent\" data-id=\"885bb31\" data-element_type=\"container\" data-e-type=\"container\">\n\t\t\t\t\t<div class=\"e-con-inner\">\n\t\t\t\t<div class=\"elementor-element elementor-element-e2d3099 elementor-widget elementor-widget-heading\" data-id=\"e2d3099\" data-element_type=\"widget\" data-e-type=\"widget\" data-widget_type=\"heading.default\">\n\t\t\t\t\t<h3 class=\"elementor-heading-title elementor-size-default\">Entre mitos y leyendas<\/h3>\t\t\t\t<\/div>\n\t\t\t\t\t<\/div>\n\t\t\t\t<\/div>\n\t\t<div data-particle_enable=\"false\" data-particle-mobile-disabled=\"false\" class=\"elementor-element elementor-element-e47327f e-flex e-con-boxed e-con e-parent\" data-id=\"e47327f\" data-element_type=\"container\" data-e-type=\"container\">\n\t\t\t\t\t<div class=\"e-con-inner\">\n\t\t\t\t<div class=\"elementor-element elementor-element-060ac03 elementor-widget elementor-widget-text-editor\" data-id=\"060ac03\" data-element_type=\"widget\" data-e-type=\"widget\" data-widget_type=\"text-editor.default\">\n\t\t\t\t\t\t\t\t\t<p>San Marcos La Laguna tambi\u00e9n es rico en historias y relatos que forman parte de su herencia oral. Entre los mitos y leyendas locales, destacan:<\/p><ul><li>El guardi\u00e1n del lago: Se dice que el lago est\u00e1 protegido por un esp\u00edritu ancestral\u00a0<a href=\"https:\/\/soymigrante.com\/revista\/se-pueden-trazar-metas-espirituales-como-lograr-una-mejora-interna\/\" target=\"_blank\" rel=\"noopener\">que cuida su equilibrio natural.\u00a0<\/a>Los pescadores cuentan historias de c\u00f3mo han sido salvados por esta entidad en momentos de tormenta o peligro.<\/li><li>La cueva de los espiritistas: En las cercan\u00edas del Cerro Tzankujil existe una cueva que, seg\u00fan la tradici\u00f3n, es un portal hacia otras dimensiones. Los antiguos pobladores realizaban rituales en este lugar, y se cree que a\u00fan alberga energ\u00edas m\u00e1gicas.<\/li><li>El tesoro escondido: Una leyenda popular narra que en tiempos de la conquista espa\u00f1ola, los ancestros escondieron un gran tesoro en los alrededores del pueblo para protegerlo. Aunque muchos han buscado este tesoro, nunca ha sido encontrado.<\/li><\/ul><div>Con informaci\u00f3n de Guate Aventura, Visit Guatemala, INE y Ministerio de Cultura y Deporte.<\/div>\t\t\t\t\t\t\t\t<\/div>\n\t\t\t\t\t<\/div>\n\t\t\t\t<\/div>\n\t\t<div data-particle_enable=\"false\" data-particle-mobile-disabled=\"false\" class=\"elementor-element elementor-element-63791e2 e-flex e-con-boxed e-con e-parent\" data-id=\"63791e2\" data-element_type=\"container\" data-e-type=\"container\">\n\t\t\t\t\t<div class=\"e-con-inner\">\n\t\t\t\t<div class=\"elementor-element elementor-element-5d7bbff elementor-widget elementor-widget-video\" data-id=\"5d7bbff\" data-element_type=\"widget\" data-e-type=\"widget\" data-settings=\"{&quot;youtube_url&quot;:&quot;https:\\\/\\\/www.youtube.com\\\/watch?v=278s-Dhhyco&quot;,&quot;video_type&quot;:&quot;youtube&quot;,&quot;controls&quot;:&quot;yes&quot;}\" data-widget_type=\"video.default\">\n\t\t\t\t\t\t\t<div class=\"elementor-wrapper elementor-open-inline\">\n\t\t\t<div class=\"elementor-video\"><\/div>\t\t<\/div>\n\t\t\t\t\t\t<\/div>\n\t\t\t\t\t<\/div>\n\t\t\t\t<\/div>\n\t\t<div data-particle_enable=\"false\" data-particle-mobile-disabled=\"false\" class=\"elementor-element elementor-element-d7422ab e-flex e-con-boxed e-con e-parent\" data-id=\"d7422ab\" data-element_type=\"container\" data-e-type=\"container\">\n\t\t\t\t\t<div class=\"e-con-inner\">\n\t\t\t\t<div class=\"elementor-element elementor-element-8ddcae6 elementor-widget elementor-widget-heading\" data-id=\"8ddcae6\" data-element_type=\"widget\" data-e-type=\"widget\" data-widget_type=\"heading.default\">\n\t\t\t\t\t<h2 class=\"elementor-heading-title elementor-size-default\">Guatemala y sus pueblos m\u00e1gicos<\/h2>\t\t\t\t<\/div>\n\t\t\t\t\t<\/div>\n\t\t\t\t<\/div>\n\t\t<div data-particle_enable=\"false\" data-particle-mobile-disabled=\"false\" class=\"elementor-element elementor-element-38b7335 e-flex e-con-boxed e-con e-parent\" data-id=\"38b7335\" data-element_type=\"container\" data-e-type=\"container\">\n\t\t\t\t\t<div class=\"e-con-inner\">\n\t\t\t\t<div class=\"elementor-element elementor-element-3e5c8e3 elementor-grid-eael-col-3 elementor-grid-tablet-eael-col-2 elementor-grid-mobile-eael-col-1 elementor-widget elementor-widget-eael-post-grid\" data-id=\"3e5c8e3\" data-element_type=\"widget\" data-e-type=\"widget\" data-settings=\"{&quot;eael_post_grid_columns&quot;:&quot;eael-col-3&quot;,&quot;eael_post_grid_columns_tablet&quot;:&quot;eael-col-2&quot;,&quot;eael_post_grid_columns_mobile&quot;:&quot;eael-col-1&quot;}\" data-widget_type=\"eael-post-grid.default\">\n\t\t\t\t\t<div id=\"eael-post-grid-3e5c8e3\" class=\"eael-post-grid-container\">\n            <div class=\"eael-post-grid eael-post-appender eael-post-appender-3e5c8e3 eael-post-grid-style-one\" data-layout-mode=\"masonry\"><article class=\"eael-grid-post  eael-post-grid-column eael-pg-post-16274 category-guate-nuestra\" data-id=\"16274\">\n        <div class=\"eael-grid-post-holder\">\n            <div class=\"eael-grid-post-holder-inner\"><div class=\"eael-entry-media\"><div class=\"eael-entry-overlay fade-in\"><i class=\"far fa-hand-pointer\" aria-hidden=\"true\"><\/i><a href=\"https:\/\/soymigrante.com\/revista\/uaxactun-el-legado-astronomico-y-cultural-de-los-mayas-en-el-corazon-del-peten\/\"><\/a><\/div><div class=\"eael-entry-thumbnail \">\n                <img loading=\"lazy\" decoding=\"async\" width=\"334\" height=\"334\" src=\"https:\/\/soymigrante.com\/revista\/wp-content\/uploads\/2024\/12\/uaxactun-4-1.webp\" class=\"attachment-large size-large wp-image-16306\" alt=\"Restos arqueol\u00f3gicos de una antigua ciudad en las ruinas de un sitio prehisp\u00e1nico en M\u00e9xico, muestra vestigios hist\u00f3ricos y culturales en un entorno natural verde y selv\u00e1tico.\" srcset=\"https:\/\/soymigrante.com\/revista\/wp-content\/uploads\/2024\/12\/uaxactun-4-1.webp 334w, https:\/\/soymigrante.com\/revista\/wp-content\/uploads\/2024\/12\/uaxactun-4-1-300x300.jpg 300w, https:\/\/soymigrante.com\/revista\/wp-content\/uploads\/2024\/12\/uaxactun-4-1-150x150.jpg 150w, https:\/\/soymigrante.com\/revista\/wp-content\/uploads\/2024\/12\/uaxactun-4-1-75x75.webp 75w\" sizes=\"(max-width: 334px) 100vw, 334px\" \/>\n            <\/div>\n        <\/div><div class=\"eael-entry-wrapper\"><header class=\"eael-entry-header\"><h2 class=\"eael-entry-title\"><a class=\"eael-grid-post-link\" href=\"https:\/\/soymigrante.com\/revista\/uaxactun-el-legado-astronomico-y-cultural-de-los-mayas-en-el-corazon-del-peten\/\" title=\"Comunidad y sitio maya Uaxact\u00fan, en Pet\u00e9n figura en la lista Best Tourism Villages de la ONU\">Comunidad y sitio maya Uaxact\u00fan, en Pet\u00e9n figura en la lista Best Tourism Villages de la ONU<\/a><\/h2><\/header><div class=\"eael-entry-content\">\n                        <div class=\"eael-grid-post-excerpt\"><a href=\"https:\/\/soymigrante.com\/revista\/uaxactun-el-legado-astronomico-y-cultural-de-los-mayas-en-el-corazon-del-peten\/\" class=\"eael-post-elements-readmore-btn\">CONOCE SU HISTORIA <\/a><\/div>\n                    <\/div><\/div><\/div>\n        <\/div>\n    <\/article><article class=\"eael-grid-post  eael-post-grid-column eael-pg-post-17223 category-guate-nuestra\" data-id=\"17223\">\n        <div class=\"eael-grid-post-holder\">\n            <div class=\"eael-grid-post-holder-inner\"><div class=\"eael-entry-media\"><div class=\"eael-entry-overlay fade-in\"><i class=\"far fa-hand-pointer\" aria-hidden=\"true\"><\/i><a href=\"https:\/\/soymigrante.com\/revista\/isla-de-flores-en-peten-tesoro-cultural-nominado-a-la-lista-best-tourism-villages-2024\/\"><\/a><\/div><div class=\"eael-entry-thumbnail \">\n                <img loading=\"lazy\" decoding=\"async\" width=\"831\" height=\"831\" src=\"https:\/\/soymigrante.com\/revista\/wp-content\/uploads\/2024\/12\/Flores-peten-Inguat-copia.webp\" class=\"attachment-large size-large wp-image-17287\" alt=\"Puerto fluvial con casas tradicionales en un pueblo cercano a un r\u00edo, reflejando cultura y vida local, ideal para temas de migraci\u00f3n, historias de comunidad y turismo en M\u00e9xico.\" srcset=\"https:\/\/soymigrante.com\/revista\/wp-content\/uploads\/2024\/12\/Flores-peten-Inguat-copia.webp 831w, https:\/\/soymigrante.com\/revista\/wp-content\/uploads\/2024\/12\/Flores-peten-Inguat-copia-300x300.jpg 300w, https:\/\/soymigrante.com\/revista\/wp-content\/uploads\/2024\/12\/Flores-peten-Inguat-copia-150x150.jpg 150w, https:\/\/soymigrante.com\/revista\/wp-content\/uploads\/2024\/12\/Flores-peten-Inguat-copia-768x768.jpg 768w, https:\/\/soymigrante.com\/revista\/wp-content\/uploads\/2024\/12\/Flores-peten-Inguat-copia-75x75.webp 75w, https:\/\/soymigrante.com\/revista\/wp-content\/uploads\/2024\/12\/Flores-peten-Inguat-copia-750x750.webp 750w\" sizes=\"(max-width: 831px) 100vw, 831px\" \/>\n            <\/div>\n        <\/div><div class=\"eael-entry-wrapper\"><header class=\"eael-entry-header\"><h2 class=\"eael-entry-title\"><a class=\"eael-grid-post-link\" href=\"https:\/\/soymigrante.com\/revista\/isla-de-flores-en-peten-tesoro-cultural-nominado-a-la-lista-best-tourism-villages-2024\/\" title=\"Isla de Flores en Pet\u00e9n:\u00a0 Tesoro cultural nominado a la lista Best Tourism Villages 2024\">Isla de Flores en Pet\u00e9n:\u00a0 Tesoro cultural nominado a la lista Best Tourism Villages 2024<\/a><\/h2><\/header><div class=\"eael-entry-content\">\n                        <div class=\"eael-grid-post-excerpt\"><a href=\"https:\/\/soymigrante.com\/revista\/isla-de-flores-en-peten-tesoro-cultural-nominado-a-la-lista-best-tourism-villages-2024\/\" class=\"eael-post-elements-readmore-btn\">CONOCE SU HISTORIA <\/a><\/div>\n                    <\/div><\/div><\/div>\n        <\/div>\n    <\/article><article class=\"eael-grid-post  eael-post-grid-column eael-pg-post-16311 category-guate-nuestra\" data-id=\"16311\">\n        <div class=\"eael-grid-post-holder\">\n            <div class=\"eael-grid-post-holder-inner\"><div class=\"eael-entry-media\"><div class=\"eael-entry-overlay fade-in\"><i class=\"far fa-hand-pointer\" aria-hidden=\"true\"><\/i><a href=\"https:\/\/soymigrante.com\/revista\/san-juan-del-obispo-pueblo-vecino-de-antigua-guatemala-reconocido-en-best-tourism-village-2024\/\"><\/a><\/div><div class=\"eael-entry-thumbnail \">\n                <img loading=\"lazy\" decoding=\"async\" width=\"1024\" height=\"1024\" src=\"https:\/\/soymigrante.com\/revista\/wp-content\/uploads\/2024\/12\/san-juan-del-obispo-1024x1024.jpg\" class=\"attachment-large size-large wp-image-16335\" alt=\"Antigua iglesia colonial en un pueblo mexicano, arquitectura hist\u00f3rica y cultural, turismo en M\u00e9xico, patrimonio arquitect\u00f3nico, iglesias coloniales mexicanas.\" srcset=\"https:\/\/soymigrante.com\/revista\/wp-content\/uploads\/2024\/12\/san-juan-del-obispo-1024x1024.jpg 1024w, https:\/\/soymigrante.com\/revista\/wp-content\/uploads\/2024\/12\/san-juan-del-obispo-300x300.jpg 300w, https:\/\/soymigrante.com\/revista\/wp-content\/uploads\/2024\/12\/san-juan-del-obispo-150x150.jpg 150w, https:\/\/soymigrante.com\/revista\/wp-content\/uploads\/2024\/12\/san-juan-del-obispo-768x768.jpg 768w, https:\/\/soymigrante.com\/revista\/wp-content\/uploads\/2024\/12\/san-juan-del-obispo-75x75.webp 75w, https:\/\/soymigrante.com\/revista\/wp-content\/uploads\/2024\/12\/san-juan-del-obispo-750x750.webp 750w, https:\/\/soymigrante.com\/revista\/wp-content\/uploads\/2024\/12\/san-juan-del-obispo-1140x1140.webp 1140w, https:\/\/soymigrante.com\/revista\/wp-content\/uploads\/2024\/12\/san-juan-del-obispo.webp 1173w\" sizes=\"(max-width: 1024px) 100vw, 1024px\" \/>\n            <\/div>\n        <\/div><div class=\"eael-entry-wrapper\"><header class=\"eael-entry-header\"><h2 class=\"eael-entry-title\"><a class=\"eael-grid-post-link\" href=\"https:\/\/soymigrante.com\/revista\/san-juan-del-obispo-pueblo-vecino-de-antigua-guatemala-reconocido-en-best-tourism-village-2024\/\" title=\"San Juan del Obispo,  cerca de Antigua Guatemala, es reconocido en Best Tourism Villages 2024\">San Juan del Obispo,  cerca de Antigua Guatemala, es reconocido en Best Tourism Villages 2024<\/a><\/h2><\/header><div class=\"eael-entry-content\">\n                        <div class=\"eael-grid-post-excerpt\"><a href=\"https:\/\/soymigrante.com\/revista\/san-juan-del-obispo-pueblo-vecino-de-antigua-guatemala-reconocido-en-best-tourism-village-2024\/\" class=\"eael-post-elements-readmore-btn\">CONOCE SU HISTORIA <\/a><\/div>\n                    <\/div><\/div><\/div>\n        <\/div>\n    <\/article><\/div>\n            <div class=\"clearfix\"><\/div>\n        <\/div>\t\t\t\t<\/div>\n\t\t\t\t\t<\/div>\n\t\t\t\t<\/div>\n\t\t\t\t<\/div>\n\t\t","protected":false},"excerpt":{"rendered":"<p>San Marcos La Laguna, conocido por su tranquilidad y belleza natural, tiene una rica historia que lo conecta con la cosmovisi\u00f3n maya y una cultura vibrante. Ubicado a orillas del majestuoso Lago de Atitl\u00e1n, San Marcos La Laguna se ha convertido en un destino fascinante que combina historia, tradiciones y un profundo sentido espiritual. Este [&hellip;]<\/p>\n","protected":false},"author":23,"featured_media":23040,"comment_status":"open","ping_status":"open","sticky":false,"template":"","format":"standard","meta":{"_acf_changed":false,"_eb_attr":"","footnotes":""},"categories":[58],"tags":[],"class_list":["post-22978","post","type-post","status-publish","format-standard","has-post-thumbnail","hentry","category-guate-nuestra"],"acf":[],"aioseo_notices":[],"aioseo_head":"\n\t\t<!-- All in One SEO Pro 4.9.6.2 - aioseo.com -->\n\t<meta name=\"description\" content=\"A los pies del majestuoso Volc\u00e1n de Agua, San Juan del Obispo guarda siglos de historia y cultura. Listado mundial reconoce este tesoro tur\u00edstico de Guatemala\" \/>\n\t<meta name=\"robots\" content=\"max-snippet:-1, max-image-preview:large, max-video-preview:-1\" \/>\n\t<meta name=\"author\" content=\"Beatriz Tercero\"\/>\n\t<link rel=\"canonical\" href=\"https:\/\/soymigrante.com\/revista\/san-juan-del-obispo-pueblo-vecino-de-antigua-guatemala-reconocido-en-best-tourism-village-2024\/\" \/>\n\t<meta name=\"generator\" content=\"All in One SEO Pro (AIOSEO) 4.9.6.2\" \/>\n\n\t\t<link rel=\"preconnect\" href=\"https:\/\/fonts.googleapis.com\" crossorigin>\n<link rel=\"preconnect\" href=\"https:\/\/fonts.gstatic.com\" crossorigin>\n\t\t<meta property=\"og:locale\" content=\"es_ES\" \/>\n\t\t<meta property=\"og:site_name\" content=\"SoyMigrante.com REVISTA \u2013 Nuestra misi\u00f3n es reconocer y dignificar al migrante.\" \/>\n\t\t<meta property=\"og:type\" content=\"article\" \/>\n\t\t<meta property=\"og:title\" content=\"San Juan del Obispo: Historia, tradici\u00f3n y un legado reconocido por la ONU\" \/>\n\t\t<meta property=\"og:description\" content=\"A los pies del majestuoso Volc\u00e1n de Agua, San Juan del Obispo guarda siglos de historia y cultura. Listado mundial reconoce este tesoro tur\u00edstico de Guatemala\" \/>\n\t\t<meta property=\"og:url\" content=\"https:\/\/soymigrante.com\/revista\/san-juan-del-obispo-pueblo-vecino-de-antigua-guatemala-reconocido-en-best-tourism-village-2024\/\" \/>\n\t\t<meta property=\"og:image\" content=\"https:\/\/soymigrante.com\/revista\/wp-content\/uploads\/2024\/12\/san-juan-del-obispo.webp\" \/>\n\t\t<meta property=\"og:image:secure_url\" content=\"https:\/\/soymigrante.com\/revista\/wp-content\/uploads\/2024\/12\/san-juan-del-obispo.webp\" \/>\n\t\t<meta property=\"og:image:width\" content=\"1173\" \/>\n\t\t<meta property=\"og:image:height\" content=\"1173\" \/>\n\t\t<meta property=\"article:published_time\" content=\"2024-12-13T14:29:37+00:00\" \/>\n\t\t<meta property=\"article:modified_time\" content=\"2024-12-14T15:49:41+00:00\" \/>\n\t\t<meta property=\"article:publisher\" content=\"https:\/\/www.facebook.com\/soymigrantecom\" \/>\n\t\t<meta name=\"twitter:card\" content=\"summary_large_image\" \/>\n\t\t<meta name=\"twitter:site\" content=\"@SoyMigrante_com\" \/>\n\t\t<meta name=\"twitter:title\" content=\"San Juan del Obispo: Historia, tradici\u00f3n y un legado reconocido por la ONU\" \/>\n\t\t<meta name=\"twitter:description\" content=\"A los pies del majestuoso Volc\u00e1n de Agua, San Juan del Obispo guarda siglos de historia y cultura. Listado mundial reconoce este tesoro tur\u00edstico de Guatemala\" \/>\n\t\t<meta name=\"twitter:creator\" content=\"@SoyMigrante_com\" \/>\n\t\t<meta name=\"twitter:image\" content=\"https:\/\/soymigrante.com\/revista\/wp-content\/uploads\/2024\/12\/san-juan-del-obispo.webp\" \/>\n\t\t<!-- All in One SEO Pro -->\r\n\t\t<title>San Juan del Obispo: Historia, tradici\u00f3n y un legado reconocido por la ONU<\/title>\n\n","aioseo_head_json":{"title":"San Juan del Obispo: Historia, tradici\u00f3n y un legado reconocido por la ONU","description":"A los pies del majestuoso Volc\u00e1n de Agua, San Juan del Obispo guarda siglos de historia y cultura. Listado mundial reconoce este tesoro tur\u00edstico de Guatemala","canonical_url":"https:\/\/soymigrante.com\/revista\/san-juan-del-obispo-pueblo-vecino-de-antigua-guatemala-reconocido-en-best-tourism-village-2024\/","robots":"max-snippet:-1, max-image-preview:large, max-video-preview:-1","keywords":"","webmasterTools":{"miscellaneous":"&lt;link rel=\"preconnect\" href=\"https:\/\/fonts.googleapis.com\" crossorigin&gt;\n&lt;link rel=\"preconnect\" href=\"https:\/\/fonts.gstatic.com\" crossorigin&gt;"},"schema":null,"og:locale":"es_ES","og:site_name":"SoyMigrante.com REVISTA \u2013 Nuestra misi\u00f3n es reconocer y dignificar al migrante.","og:type":"article","og:title":"San Juan del Obispo: Historia, tradici\u00f3n y un legado reconocido por la ONU","og:description":"A los pies del majestuoso Volc\u00e1n de Agua, San Juan del Obispo guarda siglos de historia y cultura. Listado mundial reconoce este tesoro tur\u00edstico de Guatemala","og:url":"https:\/\/soymigrante.com\/revista\/san-juan-del-obispo-pueblo-vecino-de-antigua-guatemala-reconocido-en-best-tourism-village-2024\/","og:image":"https:\/\/soymigrante.com\/revista\/wp-content\/uploads\/2024\/12\/san-juan-del-obispo.webp","og:image:secure_url":"https:\/\/soymigrante.com\/revista\/wp-content\/uploads\/2024\/12\/san-juan-del-obispo.webp","og:image:width":1173,"og:image:height":1173,"article:published_time":"2024-12-13T14:29:37+00:00","article:modified_time":"2024-12-14T15:49:41+00:00","article:publisher":"https:\/\/www.facebook.com\/soymigrantecom","twitter:card":"summary_large_image","twitter:site":"@SoyMigrante_com","twitter:title":"San Juan del Obispo: Historia, tradici\u00f3n y un legado reconocido por la ONU","twitter:description":"A los pies del majestuoso Volc\u00e1n de Agua, San Juan del Obispo guarda siglos de historia y cultura. Listado mundial reconoce este tesoro tur\u00edstico de Guatemala","twitter:creator":"@SoyMigrante_com","twitter:image":"https:\/\/soymigrante.com\/revista\/wp-content\/uploads\/2024\/12\/san-juan-del-obispo.webp"},"aioseo_meta_data":{"post_id":"22978","title":"San Marcos La Laguna: Un pueblo fundado por kakquichiles","description":"San Marcos La Laguna, con su historia rica, tradiciones vibrantes y belleza natural, se mantiene como un lugar que inspira a quienes lo visitan.","keywords":null,"keyphrases":{"focus":{"keyphrase":"San Marcos La Laguna","score":82,"analysis":{"keyphraseInTitle":{"score":9,"maxScore":9,"error":0},"keyphraseInDescription":{"score":9,"maxScore":9,"error":0},"keyphraseLength":{"score":9,"maxScore":9,"error":0,"length":4},"keyphraseInURL":{"score":5,"maxScore":5,"error":0},"keyphraseInIntroduction":{"score":9,"maxScore":9,"error":0},"keyphraseInSubHeadings":{"score":3,"maxScore":9,"error":1},"keyphraseInImageAlt":{"score":3,"maxScore":9,"error":1},"keywordDensity":{"type":"best","score":9,"maxScore":9,"error":0}}},"additional":[{"keyphrase":"solol\u00e1","score":40,"analysis":{"keyphraseInDescription":{"score":3,"maxScore":9,"error":1},"keyphraseLength":{"score":9,"maxScore":9,"error":0,"length":1},"keyphraseInIntroduction":{"score":3,"maxScore":9,"error":1},"keyphraseInImageAlt":{"score":3,"maxScore":9,"error":1},"keywordDensity":{"score":0,"type":"low","maxScore":9,"error":1}}},{"keyphrase":"Atitl\u00e1n","score":87,"analysis":{"keyphraseInDescription":{"score":3,"maxScore":9,"error":1},"keyphraseLength":{"score":9,"maxScore":9,"error":0,"length":2},"keyphraseInIntroduction":{"score":9,"maxScore":9,"error":0},"keyphraseInImageAlt":{"score":9,"maxScore":9,"error":0},"keywordDensity":{"type":"best","score":9,"maxScore":9,"error":0}}},{"keyphrase":"Guatemala","score":73,"analysis":{"keyphraseInDescription":{"score":3,"maxScore":9,"error":1},"keyphraseLength":{"score":9,"maxScore":9,"error":0,"length":1},"keyphraseInIntroduction":{"score":9,"maxScore":9,"error":0},"keyphraseInImageAlt":{"score":3,"maxScore":9,"error":1},"keywordDensity":{"type":"best","score":9,"maxScore":9,"error":0}}},{"keyphrase":"lago atitl\u00e1n","score":40,"analysis":{"keyphraseInDescription":{"score":3,"maxScore":9,"error":1},"keyphraseLength":{"score":9,"maxScore":9,"error":0,"length":3},"keyphraseInIntroduction":{"score":3,"maxScore":9,"error":1},"keyphraseInImageAlt":{"score":3,"maxScore":9,"error":1},"keywordDensity":{"score":0,"type":"low","maxScore":9,"error":1}}},{"keyphrase":"kaqchikeles","score":40,"analysis":{"keyphraseInDescription":{"score":3,"maxScore":9,"error":1},"keyphraseLength":{"score":9,"maxScore":9,"error":0,"length":1},"keyphraseInIntroduction":{"score":3,"maxScore":9,"error":1},"keyphraseInImageAlt":{"score":3,"maxScore":9,"error":1},"keywordDensity":{"score":0,"type":"low","maxScore":9,"error":1}}}]},"primary_term":null,"canonical_url":null,"og_title":null,"og_description":null,"og_object_type":"default","og_image_type":"default","og_image_url":null,"og_image_width":null,"og_image_height":null,"og_image_custom_url":null,"og_image_custom_fields":null,"og_video":"","og_custom_url":null,"og_article_section":null,"og_article_tags":null,"twitter_use_og":false,"twitter_card":"default","twitter_image_type":"default","twitter_image_url":null,"twitter_image_custom_url":null,"twitter_image_custom_fields":null,"twitter_title":null,"twitter_description":null,"schema":{"blockGraphs":[],"customGraphs":[],"default":{"data":{"Article":[],"Course":[],"Dataset":[],"FAQPage":[],"Movie":[],"Person":[],"Product":[],"ProductReview":[],"Car":[],"Recipe":[],"Service":[],"SoftwareApplication":[],"WebPage":[]},"graphName":"BlogPosting","isEnabled":true},"graphs":[]},"schema_type":"default","schema_type_options":null,"pillar_content":false,"robots_default":true,"robots_noindex":false,"robots_noarchive":false,"robots_nosnippet":false,"robots_nofollow":false,"robots_noimageindex":false,"robots_noodp":false,"robots_notranslate":false,"robots_max_snippet":"-1","robots_max_videopreview":"-1","robots_max_imagepreview":"large","priority":null,"frequency":"default","local_seo":null,"seo_analyzer_scan_date":"2025-10-09 02:22:42","breadcrumb_settings":null,"limit_modified_date":false,"reviewed_by":null,"open_ai":"{\"title\":{\"suggestions\":[],\"usage\":0},\"description\":{\"suggestions\":[],\"usage\":0}}","ai":null,"created":"2025-01-28 20:02:44","updated":"2026-02-04 21:06:48"},"aioseo_breadcrumb":"<div class=\"aioseo-breadcrumbs\"><span class=\"aioseo-breadcrumb\">\n\t<a href=\"https:\/\/soymigrante.com\/revista\" title=\"Home\">Home<\/a>\n<\/span><span class=\"aioseo-breadcrumb-separator\">\u00bb<\/span><span class=\"aioseo-breadcrumb\">\n\t<a href=\"https:\/\/soymigrante.com\/revista\/category\/guate-nuestra\/\" title=\"Guate Nuestra\">Guate Nuestra<\/a>\n<\/span><span class=\"aioseo-breadcrumb-separator\">\u00bb<\/span><span class=\"aioseo-breadcrumb\">\n\tSan Marcos La Laguna: Un pueblo en la ribera de Atitl\u00e1n fundado por los k\u2019aqchik\u2019el\n<\/span><\/div>","aioseo_breadcrumb_json":[{"label":"Home","link":"https:\/\/soymigrante.com\/revista"},{"label":"Guate Nuestra","link":"https:\/\/soymigrante.com\/revista\/category\/guate-nuestra\/"},{"label":"San Marcos La Laguna: Un pueblo en la ribera de Atitl\u00e1n fundado por los k&#8217;aqchik&#8217;el","link":"https:\/\/soymigrante.com\/revista\/san-marcos-la-laguna-pueblos-del-lago-de-atitlan\/"}],"_links":{"self":[{"href":"https:\/\/soymigrante.com\/revista\/wp-json\/wp\/v2\/posts\/22978","targetHints":{"allow":["GET"]}}],"collection":[{"href":"https:\/\/soymigrante.com\/revista\/wp-json\/wp\/v2\/posts"}],"about":[{"href":"https:\/\/soymigrante.com\/revista\/wp-json\/wp\/v2\/types\/post"}],"author":[{"embeddable":true,"href":"https:\/\/soymigrante.com\/revista\/wp-json\/wp\/v2\/users\/23"}],"replies":[{"embeddable":true,"href":"https:\/\/soymigrante.com\/revista\/wp-json\/wp\/v2\/comments?post=22978"}],"version-history":[{"count":0,"href":"https:\/\/soymigrante.com\/revista\/wp-json\/wp\/v2\/posts\/22978\/revisions"}],"wp:featuredmedia":[{"embeddable":true,"href":"https:\/\/soymigrante.com\/revista\/wp-json\/wp\/v2\/media\/23040"}],"wp:attachment":[{"href":"https:\/\/soymigrante.com\/revista\/wp-json\/wp\/v2\/media?parent=22978"}],"wp:term":[{"taxonomy":"category","embeddable":true,"href":"https:\/\/soymigrante.com\/revista\/wp-json\/wp\/v2\/categories?post=22978"},{"taxonomy":"post_tag","embeddable":true,"href":"https:\/\/soymigrante.com\/revista\/wp-json\/wp\/v2\/tags?post=22978"}],"curies":[{"name":"wp","href":"https:\/\/api.w.org\/{rel}","templated":true}]}}