{"id":2296,"date":"2023-08-26T17:53:37","date_gmt":"2023-08-26T17:53:37","guid":{"rendered":"https:\/\/soymigrante.com\/revista\/?p=2296"},"modified":"2024-07-30T18:18:50","modified_gmt":"2024-07-31T00:18:50","slug":"programa-inacif-busqueda-migrantes-desaparecidos","status":"publish","type":"post","link":"https:\/\/soymigrante.com\/revista\/programa-inacif-busqueda-migrantes-desaparecidos\/","title":{"rendered":"El ADN como m\u00e9todo para encontrar familiares de migrantes guatemaltecos"},"content":{"rendered":"\t\t<div data-elementor-type=\"wp-post\" data-elementor-id=\"2296\" class=\"elementor elementor-2296\" data-elementor-post-type=\"post\">\n\t\t\t\t\t\t<section data-particle_enable=\"false\" data-particle-mobile-disabled=\"false\" class=\"elementor-section elementor-top-section elementor-element elementor-element-0c95dd5 elementor-section-boxed elementor-section-height-default elementor-section-height-default\" data-id=\"0c95dd5\" data-element_type=\"section\" data-e-type=\"section\">\n\t\t\t\t\t\t<div class=\"elementor-container elementor-column-gap-default\">\n\t\t\t\t\t<div class=\"elementor-column elementor-col-100 elementor-top-column elementor-element elementor-element-a574d9e\" data-id=\"a574d9e\" data-element_type=\"column\" data-e-type=\"column\">\n\t\t\t<div class=\"elementor-widget-wrap elementor-element-populated\">\n\t\t\t\t\t\t<div class=\"elementor-element elementor-element-8d2cabc elementor-widget elementor-widget-heading\" data-id=\"8d2cabc\" data-element_type=\"widget\" data-e-type=\"widget\" data-widget_type=\"heading.default\">\n\t\t\t\t\t<h1 class=\"elementor-heading-title elementor-size-default\">Lamentablemente, muchos guatemaltecos pierden la vida al cruzar el desierto en busca de la frontera de Estados Unidos. Familiares pueden acudir al programa \u201cPara tu temor m\u00e1s grande\u201d, del Inacif para tratar de identificar a migrantes que se encuentran desaparecidos o fallecidos<\/h1>\t\t\t\t<\/div>\n\t\t\t\t\t<\/div>\n\t\t<\/div>\n\t\t\t\t\t<\/div>\n\t\t<\/section>\n\t\t\t\t<section data-particle_enable=\"false\" data-particle-mobile-disabled=\"false\" class=\"elementor-section elementor-top-section elementor-element elementor-element-7eab8b5 elementor-section-boxed elementor-section-height-default elementor-section-height-default\" data-id=\"7eab8b5\" data-element_type=\"section\" data-e-type=\"section\">\n\t\t\t\t\t\t<div class=\"elementor-container elementor-column-gap-default\">\n\t\t\t\t\t<div class=\"elementor-column elementor-col-100 elementor-top-column elementor-element elementor-element-1f98d76\" data-id=\"1f98d76\" data-element_type=\"column\" data-e-type=\"column\">\n\t\t\t<div class=\"elementor-widget-wrap elementor-element-populated\">\n\t\t\t\t\t\t<div class=\"elementor-element elementor-element-deb0a6c elementor-widget elementor-widget-video\" data-id=\"deb0a6c\" data-element_type=\"widget\" data-e-type=\"widget\" data-settings=\"{&quot;youtube_url&quot;:&quot;https:\\\/\\\/youtube.com\\\/watch?v=oR1segOvjcE&amp;si=TVdvaeCr8hYbylpX&quot;,&quot;video_type&quot;:&quot;youtube&quot;,&quot;controls&quot;:&quot;yes&quot;}\" data-widget_type=\"video.default\">\n\t\t\t\t\t\t\t<div class=\"elementor-wrapper elementor-open-inline\">\n\t\t\t<div class=\"elementor-video\"><\/div>\t\t<\/div>\n\t\t\t\t\t\t<\/div>\n\t\t\t\t\t<\/div>\n\t\t<\/div>\n\t\t\t\t\t<\/div>\n\t\t<\/section>\n\t\t\t\t<section data-particle_enable=\"false\" data-particle-mobile-disabled=\"false\" class=\"elementor-section elementor-top-section elementor-element elementor-element-b7669da elementor-section-boxed elementor-section-height-default elementor-section-height-default\" data-id=\"b7669da\" data-element_type=\"section\" data-e-type=\"section\">\n\t\t\t\t\t\t<div class=\"elementor-container elementor-column-gap-default\">\n\t\t\t\t\t<div class=\"elementor-column elementor-col-100 elementor-top-column elementor-element elementor-element-3d57ff9\" data-id=\"3d57ff9\" data-element_type=\"column\" data-e-type=\"column\">\n\t\t\t<div class=\"elementor-widget-wrap elementor-element-populated\">\n\t\t\t\t\t\t<div class=\"elementor-element elementor-element-ec8c2b7 elementor-widget elementor-widget-text-editor\" data-id=\"ec8c2b7\" data-element_type=\"widget\" data-e-type=\"widget\" data-widget_type=\"text-editor.default\">\n\t\t\t\t\t\t\t\t\t<p><span style=\"font-weight: 400\">Se han documentado m\u00e1s de 6 mil 900 muertes durante procesos migratorios, en su mayor\u00eda en el cruce fronterizo entre M\u00e9xico y Estados Unidos seg\u00fan el \u00faltimo informe de la Organizaci\u00f3n Internacional para las Migraciones (OIM) de las Naciones Unidas.<\/span><\/p><p><span style=\"font-weight: 400\">En el proceso migratorio las personas enfrentan varios riesgos\u00a0 f\u00edsicos y psicol\u00f3gicos. Cada ruta es incierta y los sucesos como accidentes y peleas entre grupos criminales provocan la desaparici\u00f3n o muerte de los migrantes.\u00a0<\/span><\/p><p><span style=\"font-weight: 400\">Los principales afectados son padres, hijos y esposas que quedan en su lugar de origen, al perder comunicaci\u00f3n la familia crea incertidumbre y angustia al no contar con acceso inmediato de informaci\u00f3n sobre su pariente,\u00a0 \u00a0los recursos y distancia tambi\u00e9n influye.<\/span><\/p>\t\t\t\t\t\t\t\t<\/div>\n\t\t\t\t\t<\/div>\n\t\t<\/div>\n\t\t\t\t\t<\/div>\n\t\t<\/section>\n\t\t\t\t<section data-particle_enable=\"false\" data-particle-mobile-disabled=\"false\" class=\"elementor-section elementor-top-section elementor-element elementor-element-63eaecd elementor-section-boxed elementor-section-height-default elementor-section-height-default\" data-id=\"63eaecd\" data-element_type=\"section\" data-e-type=\"section\">\n\t\t\t\t\t\t<div class=\"elementor-container elementor-column-gap-default\">\n\t\t\t\t\t<div class=\"elementor-column elementor-col-100 elementor-top-column elementor-element elementor-element-7c89e0e\" data-id=\"7c89e0e\" data-element_type=\"column\" data-e-type=\"column\">\n\t\t\t<div class=\"elementor-widget-wrap elementor-element-populated\">\n\t\t\t\t\t\t<div class=\"elementor-element elementor-element-ce4710d elementor-widget elementor-widget-heading\" data-id=\"ce4710d\" data-element_type=\"widget\" data-e-type=\"widget\" data-widget_type=\"heading.default\">\n\t\t\t\t\t<h2 class=\"elementor-heading-title elementor-size-default\">\u201cPara tu temor m\u00e1s grande\u201d<\/h2>\t\t\t\t<\/div>\n\t\t\t\t<div class=\"elementor-element elementor-element-c3f6849 elementor-widget elementor-widget-text-editor\" data-id=\"c3f6849\" data-element_type=\"widget\" data-e-type=\"widget\" data-widget_type=\"text-editor.default\">\n\t\t\t\t\t\t\t\t\t<p><span style=\"font-weight: 400\">El Instituto Nacional de Ciencias Forenses (INACIF) y el Ministerio de Relaciones Exteriores lanza la campa\u00f1a denominada: \u201cPara tu temor m\u00e1s grande\u201d, pretende identificar a migrantes que se encuentren desaparecidos a trav\u00e9s de la <\/span><span style=\"font-weight: 400\">obtenci\u00f3n de una muestra de saliva.\u00a0<\/span><\/p><p><span style=\"font-weight: 400\">Nancy Say Coordinadora del banco gen\u00e9tico de datos de l\u00ednea de (INACIF) informa sobre este procedimiento sencillo que facilitar\u00e1 a las familias guatemaltecas encontrar informaci\u00f3n de su familiar.<\/span><\/p><p><span style=\"font-weight: 400\">\u00a0<\/span><span style=\"font-weight: 400\">\u201cMuchas familias de nuestro pa\u00eds tienen alg\u00fan familiar que migr\u00f3 y en alg\u00fan momento dejaron de tener contacto con ellos, desconocen que pas\u00f3 y no han tenido noticias\u201d.<\/span><\/p>\t\t\t\t\t\t\t\t<\/div>\n\t\t\t\t\t<\/div>\n\t\t<\/div>\n\t\t\t\t\t<\/div>\n\t\t<\/section>\n\t\t\t\t<section data-particle_enable=\"false\" data-particle-mobile-disabled=\"false\" class=\"elementor-section elementor-top-section elementor-element elementor-element-6e174ff elementor-section-boxed elementor-section-height-default elementor-section-height-default\" data-id=\"6e174ff\" data-element_type=\"section\" data-e-type=\"section\">\n\t\t\t\t\t\t<div class=\"elementor-container elementor-column-gap-default\">\n\t\t\t\t\t<div class=\"elementor-column elementor-col-100 elementor-top-column elementor-element elementor-element-60575f0\" data-id=\"60575f0\" data-element_type=\"column\" data-e-type=\"column\">\n\t\t\t<div class=\"elementor-widget-wrap elementor-element-populated\">\n\t\t\t\t\t\t<div class=\"elementor-element elementor-element-1855dfd elementor-widget elementor-widget-image\" data-id=\"1855dfd\" data-element_type=\"widget\" data-e-type=\"widget\" data-widget_type=\"image.default\">\n\t\t\t\t\t\t\t\t\t\t\t\t<figure class=\"wp-caption\">\n\t\t\t\t\t\t\t\t\t\t<img fetchpriority=\"high\" decoding=\"async\" width=\"768\" height=\"427\" src=\"https:\/\/soymigrante.com\/revista\/wp-content\/uploads\/2023\/08\/La-campana-se-lanzo-el-11-de-julio-de-2023-las-entidades-esperan-obtener-mas-resultados-para-apoyar-a-las-familias-guatemaltecas-Foto_-INACIF-1024x569.webp\" class=\"attachment-large size-large wp-image-2297\" alt=\"La campa\u00f1a se lanz\u00f3 el 11 de julio de 2023, las entidades esperan obtener m\u00e1s resultados para apoyar a las familias guatemaltecas Foto_ INACIF\" srcset=\"https:\/\/soymigrante.com\/revista\/wp-content\/uploads\/2023\/08\/La-campana-se-lanzo-el-11-de-julio-de-2023-las-entidades-esperan-obtener-mas-resultados-para-apoyar-a-las-familias-guatemaltecas-Foto_-INACIF-1024x569.webp 1024w, https:\/\/soymigrante.com\/revista\/wp-content\/uploads\/2023\/08\/La-campana-se-lanzo-el-11-de-julio-de-2023-las-entidades-esperan-obtener-mas-resultados-para-apoyar-a-las-familias-guatemaltecas-Foto_-INACIF-300x167.webp 300w, https:\/\/soymigrante.com\/revista\/wp-content\/uploads\/2023\/08\/La-campana-se-lanzo-el-11-de-julio-de-2023-las-entidades-esperan-obtener-mas-resultados-para-apoyar-a-las-familias-guatemaltecas-Foto_-INACIF-768x427.webp 768w, https:\/\/soymigrante.com\/revista\/wp-content\/uploads\/2023\/08\/La-campana-se-lanzo-el-11-de-julio-de-2023-las-entidades-esperan-obtener-mas-resultados-para-apoyar-a-las-familias-guatemaltecas-Foto_-INACIF-750x417.webp 750w, https:\/\/soymigrante.com\/revista\/wp-content\/uploads\/2023\/08\/La-campana-se-lanzo-el-11-de-julio-de-2023-las-entidades-esperan-obtener-mas-resultados-para-apoyar-a-las-familias-guatemaltecas-Foto_-INACIF.webp 1080w\" sizes=\"(max-width: 768px) 100vw, 768px\" title=\"La campa\u00f1a se lanz\u00f3 el 11 de julio de 2023, las entidades esperan obtener m\u00e1s resultados para apoyar a las familias guatemaltecas Foto_ INACIF \u2013 SoyMigrante.com REVISTA\" \/>\t\t\t\t\t\t\t\t\t\t\t<figcaption class=\"widget-image-caption wp-caption-text\">La campa\u00f1a se lanz\u00f3 el 11 de julio de 2023, las entidades esperan obtener m\u00e1s resultados para apoyar a las familias guatemaltecas Foto: INACIF<\/figcaption>\n\t\t\t\t\t\t\t\t\t\t<\/figure>\n\t\t\t\t\t\t\t\t\t<\/div>\n\t\t\t\t\t<\/div>\n\t\t<\/div>\n\t\t\t\t\t<\/div>\n\t\t<\/section>\n\t\t\t\t<section data-particle_enable=\"false\" data-particle-mobile-disabled=\"false\" class=\"elementor-section elementor-top-section elementor-element elementor-element-a30105f elementor-section-boxed elementor-section-height-default elementor-section-height-default\" data-id=\"a30105f\" data-element_type=\"section\" data-e-type=\"section\">\n\t\t\t\t\t\t<div class=\"elementor-container elementor-column-gap-default\">\n\t\t\t\t\t<div class=\"elementor-column elementor-col-100 elementor-top-column elementor-element elementor-element-0d2be0a\" data-id=\"0d2be0a\" data-element_type=\"column\" data-e-type=\"column\">\n\t\t\t<div class=\"elementor-widget-wrap elementor-element-populated\">\n\t\t\t\t\t\t<div class=\"elementor-element elementor-element-c222f46 elementor-widget elementor-widget-heading\" data-id=\"c222f46\" data-element_type=\"widget\" data-e-type=\"widget\" data-widget_type=\"heading.default\">\n\t\t\t\t\t<h2 class=\"elementor-heading-title elementor-size-default\">\u00bfEn qu\u00e9 consiste la campa\u00f1a?<\/h2>\t\t\t\t<\/div>\n\t\t\t\t<div class=\"elementor-element elementor-element-42bd2be elementor-widget elementor-widget-text-editor\" data-id=\"42bd2be\" data-element_type=\"widget\" data-e-type=\"widget\" data-widget_type=\"text-editor.default\">\n\t\t\t\t\t\t\t\t\t<p><span style=\"font-weight: 400\">La entidad busca incentivar a la poblaci\u00f3n en general y familiares a donar una muestra de saliva para ampliar el banco de datos y facilitar el procedimiento de informaci\u00f3n de alg\u00fan migrante desaparecido, ya que en otros pa\u00edses requieren una prueba de ADN.<\/span><\/p><p><span style=\"font-weight: 400\">\u201cA trav\u00e9s de este proyecto tratamos de dar un apoyo a todas estas familias que tengan un migrante desaparecido mediante la obtenci\u00f3n de una muestra de saliva, es un proceso sencillo y voluntario, es un asunto confidencial y gratuito\u201d.\u00a0<\/span><\/p><p><span style=\"font-weight: 400\">Mediante la muestra de saliva se analiza en el laboratorio de serolog\u00eda y gen\u00e9tica del INACIF para obtener el ADN o un perfil gen\u00e9tico donde se compara con otros laboratorios alrededor del mundo y localizar al familiar que se encuentra desaparecido.\u00a0<\/span><\/p><p><span style=\"font-weight: 400\">\u201cEste ADN o perfil gen\u00e9tico se hace a trav\u00e9s de una comparaci\u00f3n de sistemas de computadoras o sistemas inform\u00e1ticos que permite resultados certeros y eficientes\u201d\u00a0<\/span><\/p>\t\t\t\t\t\t\t\t<\/div>\n\t\t\t\t\t<\/div>\n\t\t<\/div>\n\t\t\t\t\t<\/div>\n\t\t<\/section>\n\t\t\t\t<section data-particle_enable=\"false\" data-particle-mobile-disabled=\"false\" class=\"elementor-section elementor-top-section elementor-element elementor-element-b1b2ac9 elementor-section-boxed elementor-section-height-default elementor-section-height-default\" data-id=\"b1b2ac9\" data-element_type=\"section\" data-e-type=\"section\">\n\t\t\t\t\t\t<div class=\"elementor-container elementor-column-gap-default\">\n\t\t\t\t\t<div class=\"elementor-column elementor-col-100 elementor-top-column elementor-element elementor-element-71c53ba\" data-id=\"71c53ba\" data-element_type=\"column\" data-e-type=\"column\">\n\t\t\t<div class=\"elementor-widget-wrap elementor-element-populated\">\n\t\t\t\t\t\t<div class=\"elementor-element elementor-element-3d2d334 elementor-widget elementor-widget-image\" data-id=\"3d2d334\" data-element_type=\"widget\" data-e-type=\"widget\" data-widget_type=\"image.default\">\n\t\t\t\t\t\t\t\t\t\t\t\t\t\t\t<img decoding=\"async\" width=\"768\" height=\"576\" src=\"https:\/\/soymigrante.com\/revista\/wp-content\/uploads\/2023\/08\/292101105_352632083721071_5160333045860356016_n.webp\" class=\"attachment-large size-large wp-image-2329\" alt=\"La Patrulla Fronteriza de Estados Unidos o grupos humanitarios tratan de rescatar a migrantes extraviados o exhaustos en el desierto, pero a veces solo localizan restos, a los cuales sus familiares pueden dar cristiana sepultura.\" srcset=\"https:\/\/soymigrante.com\/revista\/wp-content\/uploads\/2023\/08\/292101105_352632083721071_5160333045860356016_n.webp 1008w, https:\/\/soymigrante.com\/revista\/wp-content\/uploads\/2023\/08\/292101105_352632083721071_5160333045860356016_n-300x225.webp 300w, https:\/\/soymigrante.com\/revista\/wp-content\/uploads\/2023\/08\/292101105_352632083721071_5160333045860356016_n-768x576.webp 768w, https:\/\/soymigrante.com\/revista\/wp-content\/uploads\/2023\/08\/292101105_352632083721071_5160333045860356016_n-750x563.webp 750w\" sizes=\"(max-width: 768px) 100vw, 768px\" title=\"La Patrulla Fronteriza de Estados Unidos o grupos humanitarios tratan de rescatar a migrantes extraviados o exhaustos en el desierto, pero a veces solo localizan restos, a los cuales sus familiares pueden dar cristiana sepultura. \u2013 SoyMigrante.com REVISTA\" \/>\t\t\t\t\t\t\t\t\t\t\t\t\t\t\t<\/div>\n\t\t\t\t\t<\/div>\n\t\t<\/div>\n\t\t\t\t\t<\/div>\n\t\t<\/section>\n\t\t\t\t<section data-particle_enable=\"false\" data-particle-mobile-disabled=\"false\" class=\"elementor-section elementor-top-section elementor-element elementor-element-1a940b4 elementor-section-boxed elementor-section-height-default elementor-section-height-default\" data-id=\"1a940b4\" data-element_type=\"section\" data-e-type=\"section\">\n\t\t\t\t\t\t<div class=\"elementor-container elementor-column-gap-default\">\n\t\t\t\t\t<div class=\"elementor-column elementor-col-100 elementor-top-column elementor-element elementor-element-5e0a9de\" data-id=\"5e0a9de\" data-element_type=\"column\" data-e-type=\"column\">\n\t\t\t<div class=\"elementor-widget-wrap elementor-element-populated\">\n\t\t\t\t\t\t<div class=\"elementor-element elementor-element-d50c4a9 elementor-widget elementor-widget-heading\" data-id=\"d50c4a9\" data-element_type=\"widget\" data-e-type=\"widget\" data-widget_type=\"heading.default\">\n\t\t\t\t\t<h2 class=\"elementor-heading-title elementor-size-default\">\u00bfCu\u00e1l es el procedimiento que deben seguir las personas que deseen comparar ADN?<\/h2>\t\t\t\t<\/div>\n\t\t\t\t<div class=\"elementor-element elementor-element-d646711 elementor-widget elementor-widget-text-editor\" data-id=\"d646711\" data-element_type=\"widget\" data-e-type=\"widget\" data-widget_type=\"text-editor.default\">\n\t\t\t\t\t\t\t\t\t<p><span style=\"font-weight: 400\">Las personas que deseen donar deben ingresar a la p\u00e1gina <\/span><a href=\"http:\/\/www.inacif.gob.gt\"><span style=\"font-weight: 400\">www.inacif.gob.gt<\/span><\/a><span style=\"font-weight: 400\"> y llenar el formulario con cuatro campos de informaci\u00f3n, luego el Ministerio de Relaciones Exteriores se pondr\u00e1 en contacto con las personas interesadas para agendar fecha y hora en las sedes m\u00e1s cercanas. Tambi\u00e9n pueden llamar al tel\u00e9fono 1541 en los horarios de 9:00 de la ma\u00f1ana a 5:30 de la tarde.\u00a0<\/span><\/p><p><span style=\"font-weight: 400\">\u201cEste proceso puede facilitar y conocer si efectivamente el familiar est\u00e1 fallecido o no, puede que la persona est\u00e9 viva, pero se requiere tambi\u00e9n la prueba de ADN para demostrar que esa persona corresponde a la que est\u00e1n buscando en Guatemala\u201d<\/span><\/p><p><span style=\"font-weight: 400\">El Ministerio de Relaciones Exteriores se encarga de localizar, identificar y notificar informaci\u00f3n de la persona que est\u00e1 desaparecida y posiblemente est\u00e9 fuera de la frontera, \u201cEl objetivo es facilitar la movilidad a la poblaci\u00f3n se cita a las sedes m\u00e1s cercanas\u201d<\/span><\/p>\t\t\t\t\t\t\t\t<\/div>\n\t\t\t\t\t<\/div>\n\t\t<\/div>\n\t\t\t\t\t<\/div>\n\t\t<\/section>\n\t\t\t\t<section data-particle_enable=\"false\" data-particle-mobile-disabled=\"false\" class=\"elementor-section elementor-top-section elementor-element elementor-element-dd2fc0b elementor-section-boxed elementor-section-height-default elementor-section-height-default\" data-id=\"dd2fc0b\" data-element_type=\"section\" data-e-type=\"section\">\n\t\t\t\t\t\t<div class=\"elementor-container elementor-column-gap-default\">\n\t\t\t\t\t<div class=\"elementor-column elementor-col-100 elementor-top-column elementor-element elementor-element-d3c0303\" data-id=\"d3c0303\" data-element_type=\"column\" data-e-type=\"column\">\n\t\t\t<div class=\"elementor-widget-wrap elementor-element-populated\">\n\t\t\t\t\t\t<div class=\"elementor-element elementor-element-0ef1a1a elementor-widget elementor-widget-heading\" data-id=\"0ef1a1a\" data-element_type=\"widget\" data-e-type=\"widget\" data-widget_type=\"heading.default\">\n\t\t\t\t\t<h2 class=\"elementor-heading-title elementor-size-default\">Si se encuentra coincidencia en el sistema \u00bfQu\u00e9 procede?<\/h2>\t\t\t\t<\/div>\n\t\t\t\t<div class=\"elementor-element elementor-element-6768529 elementor-widget elementor-widget-text-editor\" data-id=\"6768529\" data-element_type=\"widget\" data-e-type=\"widget\" data-widget_type=\"text-editor.default\">\n\t\t\t\t\t\t\t\t\t<p><span style=\"font-weight: 400\">\u201cSi se encontrara una coincidencia, es el Ministerio de Relaciones Exteriores quien informa a la familia si se encuentra fallecido, si fuera el caso se encargan del proceso de repatriaci\u00f3n\u201d.<\/span><\/p><p><span style=\"font-weight: 400\"> El INACIF ser\u00e1 el ente encargado de tomar las muestras y el Ministerio de Relaciones Exteriores es el ente encargado de dar paso a los procesos administrativos relacionados a la identificaci\u00f3n de una persona.<\/span><\/p>\t\t\t\t\t\t\t\t<\/div>\n\t\t\t\t\t<\/div>\n\t\t<\/div>\n\t\t\t\t\t<\/div>\n\t\t<\/section>\n\t\t\t\t<section data-particle_enable=\"false\" data-particle-mobile-disabled=\"false\" class=\"elementor-section elementor-top-section elementor-element elementor-element-b616454 elementor-section-boxed elementor-section-height-default elementor-section-height-default\" data-id=\"b616454\" data-element_type=\"section\" data-e-type=\"section\">\n\t\t\t\t\t\t<div class=\"elementor-container elementor-column-gap-default\">\n\t\t\t\t\t<div class=\"elementor-column elementor-col-100 elementor-top-column elementor-element elementor-element-706f6f5\" data-id=\"706f6f5\" data-element_type=\"column\" data-e-type=\"column\">\n\t\t\t<div class=\"elementor-widget-wrap elementor-element-populated\">\n\t\t\t\t\t\t<div class=\"elementor-element elementor-element-4e200d3 elementor-arrows-position-inside elementor-pagination-position-outside elementor-widget elementor-widget-image-carousel\" data-id=\"4e200d3\" data-element_type=\"widget\" data-e-type=\"widget\" data-settings=\"{&quot;slides_to_show&quot;:&quot;1&quot;,&quot;navigation&quot;:&quot;both&quot;,&quot;autoplay&quot;:&quot;yes&quot;,&quot;pause_on_hover&quot;:&quot;yes&quot;,&quot;pause_on_interaction&quot;:&quot;yes&quot;,&quot;autoplay_speed&quot;:5000,&quot;infinite&quot;:&quot;yes&quot;,&quot;effect&quot;:&quot;slide&quot;,&quot;speed&quot;:500}\" data-widget_type=\"image-carousel.default\">\n\t\t\t\t\t\t\t<div class=\"elementor-image-carousel-wrapper swiper\" role=\"region\" aria-roledescription=\"carousel\" aria-label=\"Carrusel de im\u00e1genes\" dir=\"ltr\">\n\t\t\t<div class=\"elementor-image-carousel swiper-wrapper\" aria-live=\"off\">\n\t\t\t\t\t\t\t\t<div class=\"swiper-slide\" role=\"group\" aria-roledescription=\"slide\" aria-label=\"1 de 4\"><figure class=\"swiper-slide-inner\"><img decoding=\"async\" class=\"swiper-slide-image\" src=\"https:\/\/soymigrante.com\/revista\/wp-content\/uploads\/2023\/08\/Donar-una-muestra-de-saliva-permite-ampliar-el-banco-de-datos-y-facilitar-el-procedimiento-de-informacion-de-algun-migrante-desaparecido-768x768.webp\" alt=\"Donar una muestra de saliva permite ampliar el banco de datos y facilitar el procedimiento de informaci\u00f3n de alg\u00fan migrante desaparecido\" \/><\/figure><\/div><div class=\"swiper-slide\" role=\"group\" aria-roledescription=\"slide\" aria-label=\"2 de 4\"><figure class=\"swiper-slide-inner\"><img decoding=\"async\" class=\"swiper-slide-image\" src=\"https:\/\/soymigrante.com\/revista\/wp-content\/uploads\/2023\/08\/Instituto-Nacional-de-Ciencias-Forenses-INACIF-y-el-Ministerio-de-Relaciones-Exteriores-1-1-768x768.webp\" alt=\"Instituto Nacional de Ciencias Forenses (INACIF) y el Ministerio de Relaciones Exteriores .\" \/><\/figure><\/div><div class=\"swiper-slide\" role=\"group\" aria-roledescription=\"slide\" aria-label=\"3 de 4\"><figure class=\"swiper-slide-inner\"><img decoding=\"async\" class=\"swiper-slide-image\" src=\"https:\/\/soymigrante.com\/revista\/wp-content\/uploads\/2023\/08\/Instituto-Nacional-de-Ciencias-Forenses-INACIF-y-el-Ministerio-de-Relaciones-Exteriores--768x768.webp\" alt=\"Instituto Nacional de Ciencias Forenses (INACIF) y el Ministerio de Relaciones Exteriores\" \/><\/figure><\/div><div class=\"swiper-slide\" role=\"group\" aria-roledescription=\"slide\" aria-label=\"4 de 4\"><figure class=\"swiper-slide-inner\"><img decoding=\"async\" class=\"swiper-slide-image\" src=\"https:\/\/soymigrante.com\/revista\/wp-content\/uploads\/2023\/08\/Instituto-Nacional-de-Ciencias-Forenses-INACIF-y-el-Ministerio-de-Relaciones-Exteriores-Fuente_-Redes-Sociales-INACIF-768x768.webp\" alt=\"Instituto Nacional de Ciencias Forenses (INACIF) y el Ministerio de Relaciones Exteriores Fuente_ Redes Sociales INACIF\" \/><\/figure><\/div>\t\t\t<\/div>\n\t\t\t\t\t\t\t\t\t\t\t\t<div class=\"elementor-swiper-button elementor-swiper-button-prev\" role=\"button\" tabindex=\"0\">\n\t\t\t\t\t\t<i aria-hidden=\"true\" class=\"eicon-chevron-left\"><\/i>\t\t\t\t\t<\/div>\n\t\t\t\t\t<div class=\"elementor-swiper-button elementor-swiper-button-next\" role=\"button\" tabindex=\"0\">\n\t\t\t\t\t\t<i aria-hidden=\"true\" class=\"eicon-chevron-right\"><\/i>\t\t\t\t\t<\/div>\n\t\t\t\t\n\t\t\t\t\t\t\t\t\t<div class=\"swiper-pagination\"><\/div>\n\t\t\t\t\t\t\t\t\t<\/div>\n\t\t\t\t\t\t<\/div>\n\t\t\t\t\t<\/div>\n\t\t<\/div>\n\t\t\t\t\t<\/div>\n\t\t<\/section>\n\t\t\t\t<section data-particle_enable=\"false\" data-particle-mobile-disabled=\"false\" class=\"elementor-section elementor-top-section elementor-element elementor-element-debed2a elementor-section-boxed elementor-section-height-default elementor-section-height-default\" data-id=\"debed2a\" data-element_type=\"section\" data-e-type=\"section\">\n\t\t\t\t\t\t<div class=\"elementor-container elementor-column-gap-default\">\n\t\t\t\t\t<div class=\"elementor-column elementor-col-100 elementor-top-column elementor-element elementor-element-7b8eeed\" data-id=\"7b8eeed\" data-element_type=\"column\" data-e-type=\"column\">\n\t\t\t<div class=\"elementor-widget-wrap elementor-element-populated\">\n\t\t\t\t\t\t<div class=\"elementor-element elementor-element-05e1a6a elementor-widget elementor-widget-heading\" data-id=\"05e1a6a\" data-element_type=\"widget\" data-e-type=\"widget\" data-widget_type=\"heading.default\">\n\t\t\t\t\t<h2 class=\"elementor-heading-title elementor-size-default\">\u00bfEn qu\u00e9 sedes de INACIF se realiza la toma de estas muestras?<\/h2>\t\t\t\t<\/div>\n\t\t\t\t<div class=\"elementor-element elementor-element-756f737 elementor-widget elementor-widget-text-editor\" data-id=\"756f737\" data-element_type=\"widget\" data-e-type=\"widget\" data-widget_type=\"text-editor.default\">\n\t\t\t\t\t\t\t\t\t<p><span style=\"font-weight: 400\">Las sedes que van a estar dando este servicio son las que se ubican en la ciudad capital y en los departamentos.<\/span><\/p>\t\t\t\t\t\t\t\t<\/div>\n\t\t\t\t\t<\/div>\n\t\t<\/div>\n\t\t\t\t\t<\/div>\n\t\t<\/section>\n\t\t\t\t<section data-particle_enable=\"false\" data-particle-mobile-disabled=\"false\" class=\"elementor-section elementor-top-section elementor-element elementor-element-74dbe3c elementor-section-boxed elementor-section-height-default elementor-section-height-default\" data-id=\"74dbe3c\" data-element_type=\"section\" data-e-type=\"section\">\n\t\t\t\t\t\t<div class=\"elementor-container elementor-column-gap-default\">\n\t\t\t\t\t<div class=\"elementor-column elementor-col-100 elementor-top-column elementor-element elementor-element-b1ae11e\" data-id=\"b1ae11e\" data-element_type=\"column\" data-e-type=\"column\">\n\t\t\t<div class=\"elementor-widget-wrap elementor-element-populated\">\n\t\t\t\t\t\t<div class=\"elementor-element elementor-element-c17d01d elementor-widget elementor-widget-image\" data-id=\"c17d01d\" data-element_type=\"widget\" data-e-type=\"widget\" data-widget_type=\"image.default\">\n\t\t\t\t\t\t\t\t\t\t\t\t<figure class=\"wp-caption\">\n\t\t\t\t\t\t\t\t\t\t<img decoding=\"async\" width=\"768\" height=\"765\" src=\"https:\/\/soymigrante.com\/revista\/wp-content\/uploads\/2023\/08\/Cobertura-del-Instituto-Nacional-de-Ciencias-Forenses-en-Guatemala-Fuente_-INACIF.webp\" class=\"attachment-large size-large wp-image-2304\" alt=\"Cobertura del Instituto Nacional de Ciencias Forenses en Guatemala Fuente_ INACIF\" srcset=\"https:\/\/soymigrante.com\/revista\/wp-content\/uploads\/2023\/08\/Cobertura-del-Instituto-Nacional-de-Ciencias-Forenses-en-Guatemala-Fuente_-INACIF.webp 800w, https:\/\/soymigrante.com\/revista\/wp-content\/uploads\/2023\/08\/Cobertura-del-Instituto-Nacional-de-Ciencias-Forenses-en-Guatemala-Fuente_-INACIF-300x300.webp 300w, https:\/\/soymigrante.com\/revista\/wp-content\/uploads\/2023\/08\/Cobertura-del-Instituto-Nacional-de-Ciencias-Forenses-en-Guatemala-Fuente_-INACIF-150x150.webp 150w, https:\/\/soymigrante.com\/revista\/wp-content\/uploads\/2023\/08\/Cobertura-del-Instituto-Nacional-de-Ciencias-Forenses-en-Guatemala-Fuente_-INACIF-768x765.webp 768w, https:\/\/soymigrante.com\/revista\/wp-content\/uploads\/2023\/08\/Cobertura-del-Instituto-Nacional-de-Ciencias-Forenses-en-Guatemala-Fuente_-INACIF-75x75.webp 75w, https:\/\/soymigrante.com\/revista\/wp-content\/uploads\/2023\/08\/Cobertura-del-Instituto-Nacional-de-Ciencias-Forenses-en-Guatemala-Fuente_-INACIF-750x747.webp 750w\" sizes=\"(max-width: 768px) 100vw, 768px\" title=\"Cobertura del Instituto Nacional de Ciencias Forenses en Guatemala Fuente_ INACIF \u2013 SoyMigrante.com REVISTA\" \/>\t\t\t\t\t\t\t\t\t\t\t<figcaption class=\"widget-image-caption wp-caption-text\">\u201cHago un llamado a la poblaci\u00f3n para que se acerquen a dar muestras de saliva, es un proceso gratis, sencillo, voluntario y confidencial, mediante estas muestras ustedes pueden ubicar a uno de sus familiares\u201d Cobertura del Instituto Nacional de Ciencias Forenses en Guatemala Fuente: INACIF\n\n<\/figcaption>\n\t\t\t\t\t\t\t\t\t\t<\/figure>\n\t\t\t\t\t\t\t\t\t<\/div>\n\t\t\t\t\t<\/div>\n\t\t<\/div>\n\t\t\t\t\t<\/div>\n\t\t<\/section>\n\t\t\t\t<section data-particle_enable=\"false\" data-particle-mobile-disabled=\"false\" class=\"elementor-section elementor-top-section elementor-element elementor-element-8df15e1 elementor-section-boxed elementor-section-height-default elementor-section-height-default\" data-id=\"8df15e1\" data-element_type=\"section\" data-e-type=\"section\">\n\t\t\t\t\t\t<div class=\"elementor-container elementor-column-gap-default\">\n\t\t\t\t\t<div class=\"elementor-column elementor-col-100 elementor-top-column elementor-element elementor-element-22f2d97\" data-id=\"22f2d97\" data-element_type=\"column\" data-e-type=\"column\">\n\t\t\t<div class=\"elementor-widget-wrap elementor-element-populated\">\n\t\t\t\t\t\t<div class=\"elementor-element elementor-element-875c252 elementor-widget elementor-widget-heading\" data-id=\"875c252\" data-element_type=\"widget\" data-e-type=\"widget\" data-widget_type=\"heading.default\">\n\t\t\t\t\t<h2 class=\"elementor-heading-title elementor-size-default\">Un paso dif\u00edcil para cerrar un duelo+&nbsp;<\/h2>\t\t\t\t<\/div>\n\t\t\t\t<div class=\"elementor-element elementor-element-ba1cba1 elementor-widget elementor-widget-text-editor\" data-id=\"ba1cba1\" data-element_type=\"widget\" data-e-type=\"widget\" data-widget_type=\"text-editor.default\">\n\t\t\t\t\t\t\t\t\t<p><span style=\"font-weight: 400\">Dicho programa brind\u00f3 tranquilidad a una madre guatemalteca que por a\u00f1os busc\u00f3 a su hijo, qui\u00e9n intent\u00f3 migrar a Estados Unidos, estaba desaparecido desde el a\u00f1o 2021.\u00a0 La madre perdi\u00f3 contacto en el transcurso de la traves\u00eda, la sospecha de estar fallecido fue alta y certera, sin embargo, necesitaba localizar el cuerpo.<\/span><\/p><p><span style=\"font-weight: 400\">La mam\u00e1 de la persona lleg\u00f3 el a\u00f1o pasado a donar su muestra de saliva, ella coment\u00f3: \u201cMi hijo migr\u00f3 hacia Estados Unidos en el a\u00f1o 2021, con un grupo liderado por un coyote, despu\u00e9s de un mes me avis\u00f3 que estaba por cruzar el desierto, me dijo: ya cruc\u00e9, pero me tienen en una casa, me van a trasladar al otro lado\u201d \u00e9l se comunicaba todos los d\u00edas con su mam\u00e1 por WhatsApp y llamadas.<\/span><\/p><p><span style=\"font-weight: 400\">A partir de esa \u00faltima llamada \u00e9l deja de comunicarse con su mam\u00e1, dej\u00f3 de recibir informaci\u00f3n y la angustia aument\u00f3 todos los d\u00edas para su mam\u00e1, despu\u00e9s de un largo camino en la busca de ayuda, decide donar su muestra para encontrar informaci\u00f3n.<\/span><\/p><p><span style=\"font-weight: 400\">Ella hab\u00eda ido a varias instituciones en Guatemala para encontrar apoyo, sin embargo, fue dif\u00edcil principalmente por la movilizaci\u00f3n y recursos su \u00faltimo esfuerzo fue acudir al programa, lamentablemente encontr\u00f3 los restos de su hijo y a la vez sinti\u00f3 tranquilidad al tener noticias.\u00a0<\/span><\/p><p><span style=\"font-weight: 400\">\u201cLo que quiero es tener un pedazo de \u00e9l para darle cristiana sepultura\u201d. Es un dolor, pero a la vez es un cierre para las familias.<\/span><\/p><p><span style=\"font-weight: 400\">\u201cA trav\u00e9s de este proceso logramos identificarlo este a\u00f1o, lamentablemente est\u00e1 fallecido, pero el c\u00edrculo de incertidumbre se logr\u00f3 cerrar, finalmente le puede dar cristiana sepultura, el objetivo como instituci\u00f3n es apoyar a todas las familias que tengan un familiar desaparecido mediante esta prueba\u201d<\/span><\/p>\t\t\t\t\t\t\t\t<\/div>\n\t\t\t\t\t<\/div>\n\t\t<\/div>\n\t\t\t\t\t<\/div>\n\t\t<\/section>\n\t\t\t\t<section data-particle_enable=\"false\" data-particle-mobile-disabled=\"false\" class=\"elementor-section elementor-top-section elementor-element elementor-element-80713e1 elementor-section-boxed elementor-section-height-default elementor-section-height-default\" data-id=\"80713e1\" data-element_type=\"section\" data-e-type=\"section\">\n\t\t\t\t\t\t<div class=\"elementor-container elementor-column-gap-default\">\n\t\t\t\t\t<div class=\"elementor-column elementor-col-100 elementor-top-column elementor-element elementor-element-7aef50a\" data-id=\"7aef50a\" data-element_type=\"column\" data-e-type=\"column\">\n\t\t\t<div class=\"elementor-widget-wrap elementor-element-populated\">\n\t\t\t\t\t\t<div class=\"elementor-element elementor-element-f9e68b9 elementor-widget elementor-widget-image\" data-id=\"f9e68b9\" data-element_type=\"widget\" data-e-type=\"widget\" data-widget_type=\"image.default\">\n\t\t\t\t\t\t\t\t\t\t\t\t<figure class=\"wp-caption\">\n\t\t\t\t\t\t\t\t\t\t<img loading=\"lazy\" decoding=\"async\" width=\"768\" height=\"422\" src=\"https:\/\/soymigrante.com\/revista\/wp-content\/uploads\/2023\/08\/En-proceso-de-migracion-las-personas-enfrentan-riesgos-y-peligros-la-llegada-a-su-destino-es-incierto-Foto_-INACIF-1024x563.webp\" class=\"attachment-large size-large wp-image-2302\" alt=\"En proceso de migraci\u00f3n las personas enfrentan riesgos y peligros, la llegada a su destino es incierto Foto_ INACIF\" srcset=\"https:\/\/soymigrante.com\/revista\/wp-content\/uploads\/2023\/08\/En-proceso-de-migracion-las-personas-enfrentan-riesgos-y-peligros-la-llegada-a-su-destino-es-incierto-Foto_-INACIF-1024x563.webp 1024w, https:\/\/soymigrante.com\/revista\/wp-content\/uploads\/2023\/08\/En-proceso-de-migracion-las-personas-enfrentan-riesgos-y-peligros-la-llegada-a-su-destino-es-incierto-Foto_-INACIF-300x165.webp 300w, https:\/\/soymigrante.com\/revista\/wp-content\/uploads\/2023\/08\/En-proceso-de-migracion-las-personas-enfrentan-riesgos-y-peligros-la-llegada-a-su-destino-es-incierto-Foto_-INACIF-768x422.webp 768w, https:\/\/soymigrante.com\/revista\/wp-content\/uploads\/2023\/08\/En-proceso-de-migracion-las-personas-enfrentan-riesgos-y-peligros-la-llegada-a-su-destino-es-incierto-Foto_-INACIF-750x413.webp 750w, https:\/\/soymigrante.com\/revista\/wp-content\/uploads\/2023\/08\/En-proceso-de-migracion-las-personas-enfrentan-riesgos-y-peligros-la-llegada-a-su-destino-es-incierto-Foto_-INACIF.webp 1080w\" sizes=\"(max-width: 768px) 100vw, 768px\" title=\"En proceso de migraci\u00f3n las personas enfrentan riesgos y peligros, la llegada a su destino es incierto Foto_ INACIF \u2013 SoyMigrante.com REVISTA\" \/>\t\t\t\t\t\t\t\t\t\t\t<figcaption class=\"widget-image-caption wp-caption-text\">En proceso de migraci\u00f3n las personas enfrentan riesgos y peligros, la llegada a su destino es incierto Foto: INACIF<\/figcaption>\n\t\t\t\t\t\t\t\t\t\t<\/figure>\n\t\t\t\t\t\t\t\t\t<\/div>\n\t\t\t\t\t<\/div>\n\t\t<\/div>\n\t\t\t\t\t<\/div>\n\t\t<\/section>\n\t\t\t\t<section data-particle_enable=\"false\" data-particle-mobile-disabled=\"false\" class=\"elementor-section elementor-top-section elementor-element elementor-element-5bf905c elementor-section-boxed elementor-section-height-default elementor-section-height-default\" data-id=\"5bf905c\" data-element_type=\"section\" data-e-type=\"section\">\n\t\t\t\t\t\t<div class=\"elementor-container elementor-column-gap-default\">\n\t\t\t\t\t<div class=\"elementor-column elementor-col-100 elementor-top-column elementor-element elementor-element-f15d908\" data-id=\"f15d908\" data-element_type=\"column\" data-e-type=\"column\">\n\t\t\t<div class=\"elementor-widget-wrap elementor-element-populated\">\n\t\t\t\t\t\t<div class=\"elementor-element elementor-element-d000778 elementor-widget elementor-widget-text-editor\" data-id=\"d000778\" data-element_type=\"widget\" data-e-type=\"widget\" data-widget_type=\"text-editor.default\">\n\t\t\t\t\t\t\t\t\t<p><span style=\"font-weight: 400\">Es un proyecto humanitario en el que permite que familiares tengan un cierre de duelo y que termine un ciclo de incertidumbre a tratar de establecer d\u00f3nde est\u00e1 el familiar.\u00a0 \u201cEntre m\u00e1s personas se acerquen con nosotros a dar su muestra biol\u00f3gica existe una probabilidad alta de ubicar a una persona desaparecida\u201d<\/span><\/p><p><span style=\"font-weight: 400\">La campa\u00f1a se lanz\u00f3 el 11 de julio de 2023, las entidades esperan obtener m\u00e1s resultados \u201cLos invitamos a que se acerquen a dar una muestra, es m\u00e1s probable identificar a una persona con este procedimiento, ya que existen cad\u00e1veres sin identificar en Estados Unidos\u201d.<\/span><\/p>\t\t\t\t\t\t\t\t<\/div>\n\t\t\t\t\t<\/div>\n\t\t<\/div>\n\t\t\t\t\t<\/div>\n\t\t<\/section>\n\t\t\t\t<section data-particle_enable=\"false\" data-particle-mobile-disabled=\"false\" class=\"elementor-section elementor-top-section elementor-element elementor-element-eccd3cb elementor-section-boxed elementor-section-height-default elementor-section-height-default\" data-id=\"eccd3cb\" data-element_type=\"section\" data-e-type=\"section\">\n\t\t\t\t\t\t<div class=\"elementor-container elementor-column-gap-default\">\n\t\t\t\t\t<div class=\"elementor-column elementor-col-100 elementor-top-column elementor-element elementor-element-97fbd74\" data-id=\"97fbd74\" data-element_type=\"column\" data-e-type=\"column\">\n\t\t\t<div class=\"elementor-widget-wrap elementor-element-populated\">\n\t\t\t\t\t\t<div class=\"elementor-element elementor-element-ab9dbc1 elementor-widget elementor-widget-facebook-page\" data-id=\"ab9dbc1\" data-element_type=\"widget\" data-e-type=\"widget\" data-widget_type=\"facebook-page.default\">\n\t\t\t\t\t<div class=\"elementor-facebook-widget fb-page\" data-href=\"https:\/\/www.facebook.com\/Inacifgt?mibextid=ZbWKwL\" data-tabs=\"timeline\" data-height=\"500px\" data-width=\"500px\" data-small-header=\"false\" data-hide-cover=\"false\" data-show-facepile=\"true\" data-hide-cta=\"false\" style=\"min-height: 1px;height:500px\"><\/div>\t\t\t\t<\/div>\n\t\t\t\t\t<\/div>\n\t\t<\/div>\n\t\t\t\t\t<\/div>\n\t\t<\/section>\n\t\t\t\t<\/div>\n\t\t","protected":false},"excerpt":{"rendered":"<p>Lamentablemente, muchos guatemaltecos pierden la vida al cruzar el desierto en busca de la frontera de Estados Unidos. Familiares pueden acudir al programa \u201cPara tu temor m\u00e1s grande\u201d, del Inacif para tratar de identificar a migrantes que se encuentran desaparecidos o fallecidos Se han documentado m\u00e1s de 6 mil 900 muertes durante procesos migratorios, en [&hellip;]<\/p>\n","protected":false},"author":10,"featured_media":2329,"comment_status":"open","ping_status":"open","sticky":false,"template":"","format":"standard","meta":{"_acf_changed":false,"_eb_attr":"","footnotes":""},"categories":[54],"tags":[],"class_list":["post-2296","post","type-post","status-publish","format-standard","has-post-thumbnail","hentry","category-estamos-unidos"],"acf":[],"aioseo_notices":[],"aioseo_head":"\n\t\t<!-- All in One SEO Pro 4.9.6.2 - aioseo.com -->\n\t<meta name=\"description\" content=\"Descubre c\u00f3mo el programa del INACIF utiliza el ADN para ayudar a familias guatemaltecas a encontrar a sus seres queridos desaparecidos en la migraci\u00f3n.\" \/>\n\t<meta name=\"robots\" content=\"max-snippet:-1, max-image-preview:large, max-video-preview:-1\" \/>\n\t<meta name=\"author\" content=\"Diana Batz\"\/>\n\t<link rel=\"canonical\" href=\"https:\/\/soymigrante.com\/revista\/programa-inacif-busqueda-migrantes-desaparecidos\/\" \/>\n\t<meta name=\"generator\" content=\"All in One SEO Pro (AIOSEO) 4.9.6.2\" \/>\n\n\t\t<link rel=\"preconnect\" href=\"https:\/\/fonts.googleapis.com\" crossorigin>\n<link rel=\"preconnect\" href=\"https:\/\/fonts.gstatic.com\" crossorigin>\n\t\t<meta property=\"og:locale\" content=\"es_ES\" \/>\n\t\t<meta property=\"og:site_name\" content=\"SoyMigrante.com REVISTA \u2013 Nuestra misi\u00f3n es reconocer y dignificar al migrante.\" \/>\n\t\t<meta property=\"og:type\" content=\"article\" \/>\n\t\t<meta property=\"og:title\" content=\"El ADN como m\u00e9todo para encontrar familiares de migrantes guatemaltecos\" \/>\n\t\t<meta property=\"og:description\" content=\"Descubre c\u00f3mo el programa del INACIF utiliza el ADN para ayudar a familias guatemaltecas a encontrar a sus seres queridos desaparecidos en la migraci\u00f3n.\" \/>\n\t\t<meta property=\"og:url\" content=\"https:\/\/soymigrante.com\/revista\/programa-inacif-busqueda-migrantes-desaparecidos\/\" \/>\n\t\t<meta property=\"og:image\" content=\"https:\/\/soymigrante.com\/revista\/wp-content\/uploads\/2023\/08\/292101105_352632083721071_5160333045860356016_n.webp\" \/>\n\t\t<meta property=\"og:image:secure_url\" content=\"https:\/\/soymigrante.com\/revista\/wp-content\/uploads\/2023\/08\/292101105_352632083721071_5160333045860356016_n.webp\" \/>\n\t\t<meta property=\"og:image:width\" content=\"1008\" \/>\n\t\t<meta property=\"og:image:height\" content=\"756\" \/>\n\t\t<meta property=\"article:published_time\" content=\"2023-08-26T17:53:37+00:00\" \/>\n\t\t<meta property=\"article:modified_time\" content=\"2024-07-31T00:18:50+00:00\" \/>\n\t\t<meta property=\"article:publisher\" content=\"https:\/\/www.facebook.com\/soymigrantecom\" \/>\n\t\t<meta name=\"twitter:card\" content=\"summary_large_image\" \/>\n\t\t<meta name=\"twitter:site\" content=\"@SoyMigrante_com\" \/>\n\t\t<meta name=\"twitter:title\" content=\"El ADN como m\u00e9todo para encontrar familiares de migrantes guatemaltecos\" \/>\n\t\t<meta name=\"twitter:description\" content=\"Descubre c\u00f3mo el programa del INACIF utiliza el ADN para ayudar a familias guatemaltecas a encontrar a sus seres queridos desaparecidos en la migraci\u00f3n.\" \/>\n\t\t<meta name=\"twitter:creator\" content=\"@SoyMigrante_com\" \/>\n\t\t<meta name=\"twitter:image\" content=\"https:\/\/soymigrante.com\/revista\/wp-content\/uploads\/2023\/08\/292101105_352632083721071_5160333045860356016_n.webp\" \/>\n\t\t<!-- All in One SEO Pro -->\r\n\t\t<title>El ADN como m\u00e9todo para encontrar familiares de migrantes guatemaltecos<\/title>\n\n","aioseo_head_json":{"title":"El ADN como m\u00e9todo para encontrar familiares de migrantes guatemaltecos","description":"Descubre c\u00f3mo el programa del INACIF utiliza el ADN para ayudar a familias guatemaltecas a encontrar a sus seres queridos desaparecidos en la migraci\u00f3n.","canonical_url":"https:\/\/soymigrante.com\/revista\/programa-inacif-busqueda-migrantes-desaparecidos\/","robots":"max-snippet:-1, max-image-preview:large, max-video-preview:-1","keywords":"","webmasterTools":{"miscellaneous":"&lt;link rel=\"preconnect\" href=\"https:\/\/fonts.googleapis.com\" crossorigin&gt;\n&lt;link rel=\"preconnect\" href=\"https:\/\/fonts.gstatic.com\" crossorigin&gt;"},"schema":null,"og:locale":"es_ES","og:site_name":"SoyMigrante.com REVISTA \u2013 Nuestra misi\u00f3n es reconocer y dignificar al migrante.","og:type":"article","og:title":"El ADN como m\u00e9todo para encontrar familiares de migrantes guatemaltecos","og:description":"Descubre c\u00f3mo el programa del INACIF utiliza el ADN para ayudar a familias guatemaltecas a encontrar a sus seres queridos desaparecidos en la migraci\u00f3n.","og:url":"https:\/\/soymigrante.com\/revista\/programa-inacif-busqueda-migrantes-desaparecidos\/","og:image":"https:\/\/soymigrante.com\/revista\/wp-content\/uploads\/2023\/08\/292101105_352632083721071_5160333045860356016_n.webp","og:image:secure_url":"https:\/\/soymigrante.com\/revista\/wp-content\/uploads\/2023\/08\/292101105_352632083721071_5160333045860356016_n.webp","og:image:width":1008,"og:image:height":756,"article:published_time":"2023-08-26T17:53:37+00:00","article:modified_time":"2024-07-31T00:18:50+00:00","article:publisher":"https:\/\/www.facebook.com\/soymigrantecom","twitter:card":"summary_large_image","twitter:site":"@SoyMigrante_com","twitter:title":"El ADN como m\u00e9todo para encontrar familiares de migrantes guatemaltecos","twitter:description":"Descubre c\u00f3mo el programa del INACIF utiliza el ADN para ayudar a familias guatemaltecas a encontrar a sus seres queridos desaparecidos en la migraci\u00f3n.","twitter:creator":"@SoyMigrante_com","twitter:image":"https:\/\/soymigrante.com\/revista\/wp-content\/uploads\/2023\/08\/292101105_352632083721071_5160333045860356016_n.webp"},"aioseo_meta_data":{"post_id":"2296","title":"#post_title","description":"Descubre c\u00f3mo el programa del INACIF utiliza el ADN para ayudar a familias guatemaltecas a encontrar a sus seres queridos desaparecidos en la migraci\u00f3n.","keywords":[],"keyphrases":{"focus":{"keyphrase":"migrante ","score":60,"analysis":{"keyphraseInTitle":{"score":9,"maxScore":9,"error":0},"keyphraseInDescription":{"score":3,"maxScore":9,"error":1},"keyphraseLength":{"score":9,"maxScore":9,"error":0,"length":1},"keyphraseInURL":{"score":5,"maxScore":5,"error":0},"keyphraseInIntroduction":{"score":3,"maxScore":9,"error":1},"keyphraseInSubHeadings":{"score":3,"maxScore":9,"error":1},"keyphraseInImageAlt":{"score":9,"maxScore":9,"error":0},"keywordDensity":{"score":0,"type":"low","maxScore":9,"error":1}}},"additional":[]},"primary_term":null,"canonical_url":null,"og_title":null,"og_description":null,"og_object_type":"default","og_image_type":"default","og_image_url":null,"og_image_width":null,"og_image_height":null,"og_image_custom_url":null,"og_image_custom_fields":null,"og_video":"","og_custom_url":null,"og_article_section":null,"og_article_tags":[],"twitter_use_og":false,"twitter_card":"default","twitter_image_type":"default","twitter_image_url":null,"twitter_image_custom_url":null,"twitter_image_custom_fields":null,"twitter_title":null,"twitter_description":null,"schema":{"blockGraphs":[],"customGraphs":[],"default":{"data":{"Article":[],"Course":[],"Dataset":[],"FAQPage":[],"Movie":[],"Person":[],"Product":[],"ProductReview":[],"Car":[],"Recipe":[],"Service":[],"SoftwareApplication":[],"WebPage":[]},"graphName":"BlogPosting","isEnabled":true},"graphs":[]},"schema_type":"default","schema_type_options":null,"pillar_content":false,"robots_default":true,"robots_noindex":false,"robots_noarchive":false,"robots_nosnippet":false,"robots_nofollow":false,"robots_noimageindex":false,"robots_noodp":false,"robots_notranslate":false,"robots_max_snippet":"-1","robots_max_videopreview":"-1","robots_max_imagepreview":"large","priority":null,"frequency":"default","local_seo":null,"seo_analyzer_scan_date":"2025-10-08 20:17:23","breadcrumb_settings":null,"limit_modified_date":false,"reviewed_by":null,"open_ai":null,"ai":null,"created":"2023-08-24 07:28:11","updated":"2026-02-04 09:31:46"},"aioseo_breadcrumb":"<div class=\"aioseo-breadcrumbs\"><span class=\"aioseo-breadcrumb\">\n\t<a href=\"https:\/\/soymigrante.com\/revista\" title=\"Home\">Home<\/a>\n<\/span><span class=\"aioseo-breadcrumb-separator\">\u00bb<\/span><span class=\"aioseo-breadcrumb\">\n\t<a href=\"https:\/\/soymigrante.com\/revista\/category\/estamos-unidos\/\" title=\"Estamos Unidos\">Estamos Unidos<\/a>\n<\/span><span class=\"aioseo-breadcrumb-separator\">\u00bb<\/span><span class=\"aioseo-breadcrumb\">\n\tEl ADN como m\u00e9todo para encontrar familiares de migrantes guatemaltecos\n<\/span><\/div>","aioseo_breadcrumb_json":[{"label":"Home","link":"https:\/\/soymigrante.com\/revista"},{"label":"Estamos Unidos","link":"https:\/\/soymigrante.com\/revista\/category\/estamos-unidos\/"},{"label":"El ADN como m\u00e9todo para encontrar familiares de migrantes guatemaltecos","link":"https:\/\/soymigrante.com\/revista\/programa-inacif-busqueda-migrantes-desaparecidos\/"}],"_links":{"self":[{"href":"https:\/\/soymigrante.com\/revista\/wp-json\/wp\/v2\/posts\/2296","targetHints":{"allow":["GET"]}}],"collection":[{"href":"https:\/\/soymigrante.com\/revista\/wp-json\/wp\/v2\/posts"}],"about":[{"href":"https:\/\/soymigrante.com\/revista\/wp-json\/wp\/v2\/types\/post"}],"author":[{"embeddable":true,"href":"https:\/\/soymigrante.com\/revista\/wp-json\/wp\/v2\/users\/10"}],"replies":[{"embeddable":true,"href":"https:\/\/soymigrante.com\/revista\/wp-json\/wp\/v2\/comments?post=2296"}],"version-history":[{"count":0,"href":"https:\/\/soymigrante.com\/revista\/wp-json\/wp\/v2\/posts\/2296\/revisions"}],"wp:featuredmedia":[{"embeddable":true,"href":"https:\/\/soymigrante.com\/revista\/wp-json\/wp\/v2\/media\/2329"}],"wp:attachment":[{"href":"https:\/\/soymigrante.com\/revista\/wp-json\/wp\/v2\/media?parent=2296"}],"wp:term":[{"taxonomy":"category","embeddable":true,"href":"https:\/\/soymigrante.com\/revista\/wp-json\/wp\/v2\/categories?post=2296"},{"taxonomy":"post_tag","embeddable":true,"href":"https:\/\/soymigrante.com\/revista\/wp-json\/wp\/v2\/tags?post=2296"}],"curies":[{"name":"wp","href":"https:\/\/api.w.org\/{rel}","templated":true}]}}