{"id":22927,"date":"2025-01-28T10:00:40","date_gmt":"2025-01-28T16:00:40","guid":{"rendered":"https:\/\/soymigrante.com\/revista\/?p=22927"},"modified":"2025-02-03T16:18:49","modified_gmt":"2025-02-03T22:18:49","slug":"sucedio-durante-un-febrero-en-guatemala-que-hechos-historicos-del-mes-conocias","status":"publish","type":"post","link":"https:\/\/soymigrante.com\/revista\/sucedio-durante-un-febrero-en-guatemala-que-hechos-historicos-del-mes-conocias\/","title":{"rendered":"Sucedi\u00f3 durante un febrero en Guatemala: \u00bfQu\u00e9 hechos hist\u00f3ricos del mes conoc\u00edas?"},"content":{"rendered":"\t\t<div data-elementor-type=\"wp-post\" data-elementor-id=\"22927\" class=\"elementor elementor-22927\" data-elementor-post-type=\"post\">\n\t\t\t\t<div data-particle_enable=\"false\" data-particle-mobile-disabled=\"false\" class=\"elementor-element elementor-element-1e0ae82 e-flex e-con-boxed e-con e-parent\" data-id=\"1e0ae82\" data-element_type=\"container\" data-e-type=\"container\">\n\t\t\t\t\t<div class=\"e-con-inner\">\n\t\t\t\t<div class=\"elementor-element elementor-element-c3a6b97 elementor-widget elementor-widget-heading\" data-id=\"c3a6b97\" data-element_type=\"widget\" data-e-type=\"widget\" data-widget_type=\"heading.default\">\n\t\t\t\t\t<h2 class=\"elementor-heading-title elementor-size-default\"><span style=\"font-size: 31.2px\">Febrero es un mes que guarda muchos sucesos hist\u00f3ricos. Quiz\u00e1 algunos los has escuchado mencionar pero estamos seguros que m\u00e1s de alguno te sorprender\u00e1 por haber sucedido en el mes m\u00e1s corto del a\u00f1o. <\/span><\/h2>\t\t\t\t<\/div>\n\t\t\t\t\t<\/div>\n\t\t\t\t<\/div>\n\t\t<div data-particle_enable=\"false\" data-particle-mobile-disabled=\"false\" class=\"elementor-element elementor-element-6e66892 e-flex e-con-boxed e-con e-parent\" data-id=\"6e66892\" data-element_type=\"container\" data-e-type=\"container\">\n\t\t\t\t\t<div class=\"e-con-inner\">\n\t\t\t\t<div class=\"elementor-element elementor-element-e1488c8 elementor-widget elementor-widget-html\" data-id=\"e1488c8\" data-element_type=\"widget\" data-e-type=\"widget\" data-widget_type=\"html.default\">\n\t\t\t\t\t<div id=\"buzzsprout-player-16524138\"><\/div><script src=\"https:\/\/www.buzzsprout.com\/2444168\/episodes\/16524138-febrero-historico-hechos-de-guatemala.js?container_id=buzzsprout-player-16524138&player=small\" type=\"text\/javascript\" charset=\"utf-8\"><\/script>\t\t\t\t<\/div>\n\t\t\t\t<div class=\"elementor-element elementor-element-4f45bca elementor-widget elementor-widget-text-editor\" data-id=\"4f45bca\" data-element_type=\"widget\" data-e-type=\"widget\" data-widget_type=\"text-editor.default\">\n\t\t\t\t\t\t\t\t\t<p>Febrero es un mes que guarda muchos sucesos hist\u00f3ricos. Quiz\u00e1 algunos los has escuchado mencionar pero estamos seguros que m\u00e1s de alguno te sorprender\u00e1 por haber sucedido en el mes m\u00e1s corto del a\u00f1o. Desde la muerte del h\u00e9roe nacional Tec\u00fan Um\u00e1n hasta la elecci\u00f3n de dos presidentes y tambien un magnicidio. Pero hay m\u00e1s sucesos\u00a0<span style=\"color: var( --e-global-color-text ); text-align: var(--text-align);\">ocurridos durante alg\u00fan febrero en Guatemala.\u00a0<\/span><\/p>\t\t\t\t\t\t\t\t<\/div>\n\t\t\t\t\t<\/div>\n\t\t\t\t<\/div>\n\t\t<div data-particle_enable=\"false\" data-particle-mobile-disabled=\"false\" class=\"elementor-element elementor-element-21bb6f2 e-flex e-con-boxed e-con e-parent\" data-id=\"21bb6f2\" data-element_type=\"container\" data-e-type=\"container\">\n\t\t\t\t\t<div class=\"e-con-inner\">\n\t\t\t\t<div class=\"elementor-element elementor-element-b5a336b elementor-invisible elementor-widget elementor-widget-heading\" data-id=\"b5a336b\" data-element_type=\"widget\" data-e-type=\"widget\" data-settings=\"{&quot;_animation&quot;:&quot;rotateIn&quot;}\" data-widget_type=\"heading.default\">\n\t\t\t\t\t<h2 class=\"elementor-heading-title elementor-size-default\">1524<\/h2>\t\t\t\t<\/div>\n\t\t\t\t\t<\/div>\n\t\t\t\t<\/div>\n\t\t<div data-particle_enable=\"false\" data-particle-mobile-disabled=\"false\" class=\"elementor-element elementor-element-d40272c e-flex e-con-boxed e-con e-parent\" data-id=\"d40272c\" data-element_type=\"container\" data-e-type=\"container\">\n\t\t\t\t\t<div class=\"e-con-inner\">\n\t\t\t\t<div class=\"elementor-element elementor-element-a58e651 elementor-widget elementor-widget-text-editor\" data-id=\"a58e651\" data-element_type=\"widget\" data-e-type=\"widget\" data-widget_type=\"text-editor.default\">\n\t\t\t\t\t\t\t\t\t<h4>El 12 de febrero de 1524:\u00a0 Muere el pr\u00edncipe k&#8217;iche&#8217; Tecun Um\u00e1n\u00a0<\/h4><p><span style=\"color: var( --e-global-color-text ); text-align: var(--text-align);\">El 12 de febrero de 1524 fue la batalla en la que se enfrentaron el pr\u00edncipe k&#8217;iche&#8217; Tec\u00fan Um\u00e1n y el conquistador Pedro de Alvarado, seg\u00fan una investigaci\u00f3n de 1962 efectuada por la Sociedad de Geograf\u00eda e Historia.<\/span><\/p><p>Sin embargo, el historiador Adri\u00e1n Recinos destaca que de acuerdo al Memorial de Solol\u00e1 y la biograf\u00eda de Alvarado, este combate habr\u00eda sido el 20 de febrero. En esta \u00faltima fecha se instituy\u00f3 el d\u00eda conmemorativo de Tec\u00fan Um\u00e1n como H\u00e9roe Nacional.<\/p>\t\t\t\t\t\t\t\t<\/div>\n\t\t\t\t\t<\/div>\n\t\t\t\t<\/div>\n\t\t<div data-particle_enable=\"false\" data-particle-mobile-disabled=\"false\" class=\"elementor-element elementor-element-0778ca4 e-flex e-con-boxed e-con e-parent\" data-id=\"0778ca4\" data-element_type=\"container\" data-e-type=\"container\">\n\t\t\t\t\t<div class=\"e-con-inner\">\n\t\t\t\t<div class=\"elementor-element elementor-element-b7aa92b elementor-grid-eael-col-1 elementor-grid-tablet-eael-col-2 elementor-grid-mobile-eael-col-1 elementor-widget elementor-widget-eael-post-grid\" data-id=\"b7aa92b\" data-element_type=\"widget\" data-e-type=\"widget\" data-settings=\"{&quot;eael_post_grid_columns&quot;:&quot;eael-col-1&quot;,&quot;eael_post_grid_columns_tablet&quot;:&quot;eael-col-2&quot;,&quot;eael_post_grid_columns_mobile&quot;:&quot;eael-col-1&quot;}\" data-widget_type=\"eael-post-grid.default\">\n\t\t\t\t\t<div id=\"eael-post-grid-b7aa92b\" class=\"eael-post-grid-container\">\n            <div class=\"eael-post-grid eael-post-appender eael-post-appender-b7aa92b eael-post-grid-style-one\" data-layout-mode=\"masonry\"><article class=\"eael-grid-post  eael-post-grid-column eael-pg-post-7188 category-guate-nuestra-simbolos-patrios-guate-nuestra\" data-id=\"7188\">\n        <div class=\"eael-grid-post-holder\">\n            <div class=\"eael-grid-post-holder-inner\"><div class=\"eael-entry-media\"><div class=\"eael-entry-overlay fade-in\"><i class=\"far fa-hand-pointer\" aria-hidden=\"true\"><\/i><a href=\"https:\/\/soymigrante.com\/revista\/tecun-uman-500-anos-del-heroe-nacional-de-guatemala\/\"><\/a><\/div><div class=\"eael-entry-thumbnail eael-image-ratio\">\n                <img fetchpriority=\"high\" decoding=\"async\" width=\"697\" height=\"697\" src=\"https:\/\/soymigrante.com\/revista\/wp-content\/uploads\/2024\/06\/tecuncito-1.webp\" class=\"attachment-large size-large wp-image-7189\" alt=\"Tecun Uman o Tec\u00fan Um\u00e1n, con tildes para el buscador. Es el h\u00e9roe nacional de Guatemala desde 1960. Muri\u00f3 en batalla en febrero de 1524 y su nombre se escribi\u00f3 por primera vez hacia 1550 en el T\u00edtulo Coyoy, documento ind\u00edgena. Imagen generada por IA\" srcset=\"https:\/\/soymigrante.com\/revista\/wp-content\/uploads\/2024\/06\/tecuncito-1.webp 697w, https:\/\/soymigrante.com\/revista\/wp-content\/uploads\/2024\/06\/tecuncito-1-300x300.webp 300w, https:\/\/soymigrante.com\/revista\/wp-content\/uploads\/2024\/06\/tecuncito-1-150x150.webp 150w, https:\/\/soymigrante.com\/revista\/wp-content\/uploads\/2024\/06\/tecuncito-1-75x75.webp 75w\" sizes=\"(max-width: 697px) 100vw, 697px\" \/>\n            <\/div>\n        <\/div><div class=\"eael-entry-wrapper\"><header class=\"eael-entry-header\"><h2 class=\"eael-entry-title\"><a class=\"eael-grid-post-link\" href=\"https:\/\/soymigrante.com\/revista\/tecun-uman-500-anos-del-heroe-nacional-de-guatemala\/\" title=\"\u00bfCu\u00e1ndo se conmemora el D\u00eda de Tec\u00fan Uman H\u00e9roe Nacional de Guatemala?\">\u00bfCu\u00e1ndo se conmemora el D\u00eda de Tec\u00fan Uman H\u00e9roe Nacional de Guatemala?<\/a><\/h2><\/header><div class=\"eael-entry-content\">\n                        <div class=\"eael-grid-post-excerpt\"><a href=\"https:\/\/soymigrante.com\/revista\/tecun-uman-500-anos-del-heroe-nacional-de-guatemala\/\" class=\"eael-post-elements-readmore-btn\">CONOCE SU HISTORIA <\/a><\/div>\n                    <\/div><\/div><\/div>\n        <\/div>\n    <\/article><\/div>\n            <div class=\"clearfix\"><\/div>\n        <\/div>\t\t\t\t<\/div>\n\t\t\t\t\t<\/div>\n\t\t\t\t<\/div>\n\t\t<div data-particle_enable=\"false\" data-particle-mobile-disabled=\"false\" class=\"elementor-element elementor-element-aef4bc8 e-flex e-con-boxed e-con e-parent\" data-id=\"aef4bc8\" data-element_type=\"container\" data-e-type=\"container\">\n\t\t\t\t\t<div class=\"e-con-inner\">\n\t\t\t\t<div class=\"elementor-element elementor-element-87f23e4 elementor-invisible elementor-widget elementor-widget-heading\" data-id=\"87f23e4\" data-element_type=\"widget\" data-e-type=\"widget\" data-settings=\"{&quot;_animation&quot;:&quot;rotateIn&quot;}\" data-widget_type=\"heading.default\">\n\t\t\t\t\t<h2 class=\"elementor-heading-title elementor-size-default\">1838<\/h2>\t\t\t\t<\/div>\n\t\t\t\t\t<\/div>\n\t\t\t\t<\/div>\n\t\t<div data-particle_enable=\"false\" data-particle-mobile-disabled=\"false\" class=\"elementor-element elementor-element-3010874 e-flex e-con-boxed e-con e-parent\" data-id=\"3010874\" data-element_type=\"container\" data-e-type=\"container\">\n\t\t\t\t\t<div class=\"e-con-inner\">\n\t\t\t\t<div class=\"elementor-element elementor-element-4ad7879 elementor-widget elementor-widget-text-editor\" data-id=\"4ad7879\" data-element_type=\"widget\" data-e-type=\"widget\" data-widget_type=\"text-editor.default\">\n\t\t\t\t\t\t\t\t\t<h4>2 de febrero de 1838: El mismo d\u00eda ocurren tres sucesos<\/h4><p>El 2 de febrero de 1838 ocurren tres sucesos muy importantes: dos en la capital de Guatemala y otro en Quetzaltenango.<\/p><p>1. En Guatemala, entra triunfante el general Rafael Carrera con su ej\u00e9rcito de monta\u00f1eses, apoyados por fuerzas conservadoras que se opon\u00edan a medidas del jefe de Estado Mariano Galvez.\u00a0<\/p><p>2. El jefe de Estado Mariano G\u00e1lvez deja el cargo a manos del vicejefe y se va al exilio a M\u00e9xico.<\/p><p>3. Pol\u00edticos liberales, opuestos a Carrera y a los conservadores, proclaman el Estado de los Altos o Sexto Estado de la federaci\u00f3n centroamericana. Dicho Estado abarcaba territorios de los actuales Solol\u00e1, Totonicap\u00e1n, Quezaltenango, Huehuetenango, Suchitep\u00e9quez y San Marcos.\u00a0<\/p>\t\t\t\t\t\t\t\t<\/div>\n\t\t\t\t\t<\/div>\n\t\t\t\t<\/div>\n\t\t<div data-particle_enable=\"false\" data-particle-mobile-disabled=\"false\" class=\"elementor-element elementor-element-e644f32 e-flex e-con-boxed e-con e-parent\" data-id=\"e644f32\" data-element_type=\"container\" data-e-type=\"container\">\n\t\t\t\t\t<div class=\"e-con-inner\">\n\t\t\t\t<div class=\"elementor-element elementor-element-1ec5df0 elementor-widget elementor-widget-image\" data-id=\"1ec5df0\" data-element_type=\"widget\" data-e-type=\"widget\" data-widget_type=\"image.default\">\n\t\t\t\t\t\t\t\t\t\t\t\t<figure class=\"wp-caption\">\n\t\t\t\t\t\t\t\t\t\t<img decoding=\"async\" width=\"709\" height=\"620\" src=\"https:\/\/soymigrante.com\/revista\/wp-content\/uploads\/2025\/01\/estado-de-los-altos.webp\" class=\"attachment-large size-large wp-image-22940\" alt=\"Mapa de los Altos de Guatemala y los l\u00edmites departamentales, con ciudades principales y puertos destacados en la regi\u00f3n, relevante para estudios migratorios y geogr\u00e1ficos.\" srcset=\"https:\/\/soymigrante.com\/revista\/wp-content\/uploads\/2025\/01\/estado-de-los-altos.webp 709w, https:\/\/soymigrante.com\/revista\/wp-content\/uploads\/2025\/01\/estado-de-los-altos-300x262.jpg 300w\" sizes=\"(max-width: 709px) 100vw, 709px\" title=\"Mapa del \u00e1rea que abarcaba el Estado de los Altos, que solo existi\u00f3 entre 1838 y 1840, impulsado por dirigentes liberales que se opon\u00edan al gobierno conservador de Rafael Carrera. \u2013 SoyMigrante.com REVISTA\" \/>\t\t\t\t\t\t\t\t\t\t\t<figcaption class=\"widget-image-caption wp-caption-text\">Mapa de Los Altos, Guatemala, con pueblos, l\u00edmites departamentales y s\u00edmbolos culturales, \u00fatil para analizar temas migratorios y sociales en la regi\u00f3n.<\/figcaption>\n\t\t\t\t\t\t\t\t\t\t<\/figure>\n\t\t\t\t\t\t\t\t\t<\/div>\n\t\t\t\t\t<\/div>\n\t\t\t\t<\/div>\n\t\t<div data-particle_enable=\"false\" data-particle-mobile-disabled=\"false\" class=\"elementor-element elementor-element-195c752 e-flex e-con-boxed e-con e-parent\" data-id=\"195c752\" data-element_type=\"container\" data-e-type=\"container\">\n\t\t\t\t\t<div class=\"e-con-inner\">\n\t\t\t\t<div class=\"elementor-element elementor-element-9b6e3e2 elementor-invisible elementor-widget elementor-widget-heading\" data-id=\"9b6e3e2\" data-element_type=\"widget\" data-e-type=\"widget\" data-settings=\"{&quot;_animation&quot;:&quot;rotateIn&quot;}\" data-widget_type=\"heading.default\">\n\t\t\t\t\t<h2 class=\"elementor-heading-title elementor-size-default\">1840<\/h2>\t\t\t\t<\/div>\n\t\t\t\t\t<\/div>\n\t\t\t\t<\/div>\n\t\t<div data-particle_enable=\"false\" data-particle-mobile-disabled=\"false\" class=\"elementor-element elementor-element-7a3e8f0 e-flex e-con-boxed e-con e-parent\" data-id=\"7a3e8f0\" data-element_type=\"container\" data-e-type=\"container\">\n\t\t\t\t\t<div class=\"e-con-inner\">\n\t\t\t\t<div class=\"elementor-element elementor-element-191f093 elementor-widget elementor-widget-text-editor\" data-id=\"191f093\" data-element_type=\"widget\" data-e-type=\"widget\" data-widget_type=\"text-editor.default\">\n\t\t\t\t\t\t\t\t\t<h4>26 de febrero de 1840: Se oficializa la reincorporaci\u00f3n del territorio del Estado de Los Altos a Guatemala<\/h4><p>Despu\u00e9s de algunas batallas encabezadas por Rafael Carrera en contra de los liberales que proclamaron el Estado de los Altos, se decreta la reincorporaci\u00f3n de este territorio a Guatemala. As\u00ed finaliz\u00f3 la existencia del Sexto Estado.<\/p><div>\u00a0<\/div>\t\t\t\t\t\t\t\t<\/div>\n\t\t\t\t\t<\/div>\n\t\t\t\t<\/div>\n\t\t<div data-particle_enable=\"false\" data-particle-mobile-disabled=\"false\" class=\"elementor-element elementor-element-1a8e9d5 e-flex e-con-boxed e-con e-parent\" data-id=\"1a8e9d5\" data-element_type=\"container\" data-e-type=\"container\">\n\t\t\t\t\t<div class=\"e-con-inner\">\n\t\t\t\t<div class=\"elementor-element elementor-element-4aa595e elementor-widget elementor-widget-image\" data-id=\"4aa595e\" data-element_type=\"widget\" data-e-type=\"widget\" data-widget_type=\"image.default\">\n\t\t\t\t\t\t\t\t\t\t\t\t<figure class=\"wp-caption\">\n\t\t\t\t\t\t\t\t\t\t<img decoding=\"async\" width=\"697\" height=\"686\" src=\"https:\/\/soymigrante.com\/revista\/wp-content\/uploads\/2025\/01\/rafael-carrera.webp\" class=\"attachment-large size-large wp-image-22941\" alt=\"Soldado hist\u00f3rico con uniforme militar y banda presidencial, en un entorno art\u00edstico y cultural de M\u00e9xico.\" srcset=\"https:\/\/soymigrante.com\/revista\/wp-content\/uploads\/2025\/01\/rafael-carrera.webp 697w, https:\/\/soymigrante.com\/revista\/wp-content\/uploads\/2025\/01\/rafael-carrera-300x295.jpg 300w, https:\/\/soymigrante.com\/revista\/wp-content\/uploads\/2025\/01\/rafael-carrera-75x75.webp 75w\" sizes=\"(max-width: 697px) 100vw, 697px\" title=\"Rafael Carrera naci\u00f3 en 1814 en el barrio Candelaria. Se cas\u00f3 con la hija de un finquero de Mataquescuintla y empez\u00f3 un movimiento de resistencia opuesto a los liberales. Tom\u00f3 la capital de Guatemala en 1838 y fue Carrera quien proclam\u00f3 la  Rep\u00fablica de Guatemala en 1847. Muri\u00f3 en 1865. \u2013 SoyMigrante.com REVISTA\" \/>\t\t\t\t\t\t\t\t\t\t\t<figcaption class=\"widget-image-caption wp-caption-text\">Imagen de un personaje hist\u00f3rico vestido con uniforme militar y banda presidencial, representando la historia y cultura mexicana en un contexto museogr\u00e1fico.<\/figcaption>\n\t\t\t\t\t\t\t\t\t\t<\/figure>\n\t\t\t\t\t\t\t\t\t<\/div>\n\t\t\t\t\t<\/div>\n\t\t\t\t<\/div>\n\t\t<div data-particle_enable=\"false\" data-particle-mobile-disabled=\"false\" class=\"elementor-element elementor-element-04f00a1 e-flex e-con-boxed e-con e-parent\" data-id=\"04f00a1\" data-element_type=\"container\" data-e-type=\"container\">\n\t\t\t\t\t<div class=\"e-con-inner\">\n\t\t\t\t<div class=\"elementor-element elementor-element-ce5a496 elementor-invisible elementor-widget elementor-widget-heading\" data-id=\"ce5a496\" data-element_type=\"widget\" data-e-type=\"widget\" data-settings=\"{&quot;_animation&quot;:&quot;rotateIn&quot;}\" data-widget_type=\"heading.default\">\n\t\t\t\t\t<h2 class=\"elementor-heading-title elementor-size-default\">1851<\/h2>\t\t\t\t<\/div>\n\t\t\t\t\t<\/div>\n\t\t\t\t<\/div>\n\t\t<div data-particle_enable=\"false\" data-particle-mobile-disabled=\"false\" class=\"elementor-element elementor-element-580a257 e-flex e-con-boxed e-con e-parent\" data-id=\"580a257\" data-element_type=\"container\" data-e-type=\"container\">\n\t\t\t\t\t<div class=\"e-con-inner\">\n\t\t\t\t<div class=\"elementor-element elementor-element-c942943 elementor-widget elementor-widget-text-editor\" data-id=\"c942943\" data-element_type=\"widget\" data-e-type=\"widget\" data-widget_type=\"text-editor.default\">\n\t\t\t\t\t\t\t\t\t<h4>2 de febrero de 1851: Victoria de Rafael Carrera en la batalla de La Arada<\/h4><p><span style=\"color: var( --e-global-color-text ); text-align: var(--text-align);\">Honduras y El Salvador unieron sus ej\u00e9rcitos en contra de Guatemala. El general Rafael Carrera defendi\u00f3 el pa\u00eds en la batalla de San Jos\u00e9 La Arada, cerca de Chiquimula. Efectu\u00f3 una maniobra r\u00e1pida y \u00e1gil para lograr derrotarlos. Dicho triunfo militar a\u00fan se conmemora.<\/span><\/p><div>\u00a0<\/div>\t\t\t\t\t\t\t\t<\/div>\n\t\t\t\t\t<\/div>\n\t\t\t\t<\/div>\n\t\t<div data-particle_enable=\"false\" data-particle-mobile-disabled=\"false\" class=\"elementor-element elementor-element-9e9ae5b e-flex e-con-boxed e-con e-parent\" data-id=\"9e9ae5b\" data-element_type=\"container\" data-e-type=\"container\">\n\t\t\t\t\t<div class=\"e-con-inner\">\n\t\t\t\t<div class=\"elementor-element elementor-element-6362b9e elementor-widget elementor-widget-google_maps\" data-id=\"6362b9e\" data-element_type=\"widget\" data-e-type=\"widget\" data-widget_type=\"google_maps.default\">\n\t\t\t\t\t\t\t<div class=\"elementor-custom-embed\">\n\t\t\t<iframe loading=\"lazy\"\n\t\t\t\t\tsrc=\"https:\/\/maps.google.com\/maps?q=Monumento%20Batalla%20de%20La%20Arada&#038;t=m&#038;z=10&#038;output=embed&#038;iwloc=near\"\n\t\t\t\t\ttitle=\"Monumento Batalla de La Arada\"\n\t\t\t\t\taria-label=\"Monumento Batalla de La Arada\"\n\t\t\t><\/iframe>\n\t\t<\/div>\n\t\t\t\t\t\t<\/div>\n\t\t\t\t\t<\/div>\n\t\t\t\t<\/div>\n\t\t<div data-particle_enable=\"false\" data-particle-mobile-disabled=\"false\" class=\"elementor-element elementor-element-f3e70c8 e-flex e-con-boxed e-con e-parent\" data-id=\"f3e70c8\" data-element_type=\"container\" data-e-type=\"container\">\n\t\t\t\t\t<div class=\"e-con-inner\">\n\t\t\t\t<div class=\"elementor-element elementor-element-b583f09 elementor-invisible elementor-widget elementor-widget-heading\" data-id=\"b583f09\" data-element_type=\"widget\" data-e-type=\"widget\" data-settings=\"{&quot;_animation&quot;:&quot;rotateIn&quot;}\" data-widget_type=\"heading.default\">\n\t\t\t\t\t<h2 class=\"elementor-heading-title elementor-size-default\">1885<\/h2>\t\t\t\t<\/div>\n\t\t\t\t\t<\/div>\n\t\t\t\t<\/div>\n\t\t<div data-particle_enable=\"false\" data-particle-mobile-disabled=\"false\" class=\"elementor-element elementor-element-d706a52 e-flex e-con-boxed e-con e-parent\" data-id=\"d706a52\" data-element_type=\"container\" data-e-type=\"container\">\n\t\t\t\t\t<div class=\"e-con-inner\">\n\t\t\t\t<div class=\"elementor-element elementor-element-e6d3386 elementor-widget elementor-widget-text-editor\" data-id=\"e6d3386\" data-element_type=\"widget\" data-e-type=\"widget\" data-widget_type=\"text-editor.default\">\n\t\t\t\t\t\t\t\t\t<h4>28 de febrero de 1885:\u00a0 el presidente de Guatemala, general Justo Rufino Barrios decreta la Uni\u00f3n Centroamericana\u00a0<\/h4><p><span style=\"color: var( --e-global-color-text ); text-align: var(--text-align);\">El 28 de febrero de 1885 el general Justo Rufino Barrios, liberal, decreta la Uni\u00f3n Centroamericana. Es decir, quer\u00eda volver a unir por la fuerza los cinco Estados de Centro Am\u00e9rica, que ya eran pa\u00edses independientes. Adem\u00e1s de declarar &#8220;una sola rep\u00fablica&#8221; en el Istmo, Barrios se declaraba Supremo Jefe Militar. Muri\u00f3 en la Batalla de Chalchuapa el 2 de abril de ese a\u00f1o.\u00a0<\/span><\/p><div>\u00a0<\/div>\t\t\t\t\t\t\t\t<\/div>\n\t\t\t\t\t<\/div>\n\t\t\t\t<\/div>\n\t\t<div data-particle_enable=\"false\" data-particle-mobile-disabled=\"false\" class=\"elementor-element elementor-element-ca66553 e-flex e-con-boxed e-con e-parent\" data-id=\"ca66553\" data-element_type=\"container\" data-e-type=\"container\">\n\t\t\t\t\t<div class=\"e-con-inner\">\n\t\t\t\t<div class=\"elementor-element elementor-element-cbe5449 elementor-widget elementor-widget-image\" data-id=\"cbe5449\" data-element_type=\"widget\" data-e-type=\"widget\" data-widget_type=\"image.default\">\n\t\t\t\t\t\t\t\t\t\t\t\t<figure class=\"wp-caption\">\n\t\t\t\t\t\t\t\t\t\t<img loading=\"lazy\" decoding=\"async\" width=\"160\" height=\"360\" src=\"https:\/\/soymigrante.com\/revista\/wp-content\/uploads\/2025\/01\/justo-rufino.webp\" class=\"attachment-large size-large wp-image-22947\" alt=\"Hombre hist\u00f3rico con barba y gafas, vestido con traje cl\u00e1sico del siglo XIX, en una imagen vintage relacionada con la historia de migrantes en Am\u00e9rica Latina.\" srcset=\"https:\/\/soymigrante.com\/revista\/wp-content\/uploads\/2025\/01\/justo-rufino.webp 160w, https:\/\/soymigrante.com\/revista\/wp-content\/uploads\/2025\/01\/justo-rufino-133x300.png 133w\" sizes=\"(max-width: 160px) 100vw, 160px\" title=\"Justo Rufino Barrios fue presidente de Guatemala de 1873 hasta su muerte en 1885. \u2013 SoyMigrante.com REVISTA\" \/>\t\t\t\t\t\t\t\t\t\t\t<figcaption class=\"widget-image-caption wp-caption-text\">Hombre en traje antiguo del siglo XIX, asociado a la historia y cultura de migrantes en Am\u00e9rica Latina, representando un per\u00edodo hist\u00f3rico importante.<\/figcaption>\n\t\t\t\t\t\t\t\t\t\t<\/figure>\n\t\t\t\t\t\t\t\t\t<\/div>\n\t\t\t\t\t<\/div>\n\t\t\t\t<\/div>\n\t\t<div data-particle_enable=\"false\" data-particle-mobile-disabled=\"false\" class=\"elementor-element elementor-element-d7f19cd e-flex e-con-boxed e-con e-parent\" data-id=\"d7f19cd\" data-element_type=\"container\" data-e-type=\"container\">\n\t\t\t\t\t<div class=\"e-con-inner\">\n\t\t\t\t<div class=\"elementor-element elementor-element-83a4dac elementor-invisible elementor-widget elementor-widget-heading\" data-id=\"83a4dac\" data-element_type=\"widget\" data-e-type=\"widget\" data-settings=\"{&quot;_animation&quot;:&quot;rotateIn&quot;}\" data-widget_type=\"heading.default\">\n\t\t\t\t\t<h2 class=\"elementor-heading-title elementor-size-default\">1898<\/h2>\t\t\t\t<\/div>\n\t\t\t\t\t<\/div>\n\t\t\t\t<\/div>\n\t\t<div data-particle_enable=\"false\" data-particle-mobile-disabled=\"false\" class=\"elementor-element elementor-element-7c0f6b3 e-flex e-con-boxed e-con e-parent\" data-id=\"7c0f6b3\" data-element_type=\"container\" data-e-type=\"container\">\n\t\t\t\t\t<div class=\"e-con-inner\">\n\t\t\t\t<div class=\"elementor-element elementor-element-265387c elementor-widget elementor-widget-text-editor\" data-id=\"265387c\" data-element_type=\"widget\" data-e-type=\"widget\" data-widget_type=\"text-editor.default\">\n\t\t\t\t\t\t\t\t\t<h4>8 de febrero de 1898: Oscar Zollinger mata al presidente Jos\u00e9 Mar\u00eda Reina Barrios.<\/h4><div>El presidente Jos\u00e9 Mar\u00eda Reina Barrios era sobrino de Justo Rufino Barrios. Fue electo para la presidencia en 1892 y deb\u00eda gobernar\u00a0 hasta 1898. Su gran proyectoi fue impulsar la construcci\u00f3n de suntuosos edificios en la capital y traz\u00f3 la actual Avenida La Reforma. Sin embargo, por la construcci\u00f3n de obra, dej\u00f3 endeudadas las arcas p\u00fablicas.<\/div><p><span style=\"color: var( --e-global-color-text ); text-align: var(--text-align);\">La noche del 8 de febrero de 1898 el ciudadano suizo Oscar Zollinger le dispar\u00f3 en una calle c\u00e9ntrica de la capital. La causa del atentado fue motivo de pol\u00e9mica. Para unos era en venganza por unos fusilamientos de opositores ordenados en Quetzaltenango; otros historiadores se\u00f1alan posibles causas pasionales.\u00a0<\/span><\/p><p><span style=\"color: var( --e-global-color-text ); text-align: var(--text-align);\">La primera hip\u00f3tesis es la m\u00e1s aceptada. Lo curioso es que la misma noche de su muerte, el Primer Designado a la Presidencia (una especie de vicepresidente) se present\u00f3 ante el consejo de ministros para obligarlos a firmar su reconocimiento como nuevo Presidente. El nombre del designado era Manuel Estrada Cabrera, quien gobernar\u00eda durante casi 22 a\u00f1os.<\/span><\/p><div>\u00a0<\/div>\t\t\t\t\t\t\t\t<\/div>\n\t\t\t\t\t<\/div>\n\t\t\t\t<\/div>\n\t\t<div data-particle_enable=\"false\" data-particle-mobile-disabled=\"false\" class=\"elementor-element elementor-element-fac790f e-flex e-con-boxed e-con e-parent\" data-id=\"fac790f\" data-element_type=\"container\" data-e-type=\"container\">\n\t\t\t\t\t<div class=\"e-con-inner\">\n\t\t\t\t<div class=\"elementor-element elementor-element-d34ee15 elementor-widget elementor-widget-video\" data-id=\"d34ee15\" data-element_type=\"widget\" data-e-type=\"widget\" data-settings=\"{&quot;youtube_url&quot;:&quot;https:\\\/\\\/www.youtube.com\\\/watch?v=TEyvLDpQOrE&quot;,&quot;video_type&quot;:&quot;youtube&quot;,&quot;controls&quot;:&quot;yes&quot;}\" data-widget_type=\"video.default\">\n\t\t\t\t\t\t\t<div class=\"elementor-wrapper elementor-open-inline\">\n\t\t\t<div class=\"elementor-video\"><\/div>\t\t<\/div>\n\t\t\t\t\t\t<\/div>\n\t\t\t\t\t<\/div>\n\t\t\t\t<\/div>\n\t\t<div data-particle_enable=\"false\" data-particle-mobile-disabled=\"false\" class=\"elementor-element elementor-element-3ef2d23 e-flex e-con-boxed e-con e-parent\" data-id=\"3ef2d23\" data-element_type=\"container\" data-e-type=\"container\">\n\t\t\t\t\t<div class=\"e-con-inner\">\n\t\t\t\t<div class=\"elementor-element elementor-element-6ba3a58 elementor-invisible elementor-widget elementor-widget-heading\" data-id=\"6ba3a58\" data-element_type=\"widget\" data-e-type=\"widget\" data-settings=\"{&quot;_animation&quot;:&quot;rotateIn&quot;}\" data-widget_type=\"heading.default\">\n\t\t\t\t\t<h2 class=\"elementor-heading-title elementor-size-default\">1918<\/h2>\t\t\t\t<\/div>\n\t\t\t\t\t<\/div>\n\t\t\t\t<\/div>\n\t\t<div data-particle_enable=\"false\" data-particle-mobile-disabled=\"false\" class=\"elementor-element elementor-element-66ece7f e-flex e-con-boxed e-con e-parent\" data-id=\"66ece7f\" data-element_type=\"container\" data-e-type=\"container\">\n\t\t\t\t\t<div class=\"e-con-inner\">\n\t\t\t\t<div class=\"elementor-element elementor-element-de0d564 elementor-widget elementor-widget-text-editor\" data-id=\"de0d564\" data-element_type=\"widget\" data-e-type=\"widget\" data-widget_type=\"text-editor.default\">\n\t\t\t\t\t\t\t\t\t<h4>Febrero de 1918: Se hace p\u00fablico un gran descubrimiento hecho por un cient\u00edfico guatemalteco.<\/h4><p><span style=\"color: var( --e-global-color-text ); text-align: var(--text-align);\">En Febrero de 1918 se publican en la revista cient\u00edfica American Journal of Ophtalomology los resultados de la investigaci\u00f3n del m\u00e9dico guatemalteco Rodolfo Robles que descubri\u00f3 la causa de una forma de ceguera que afectaba a muchas personas en Guatemala y otros pa\u00edses. Robles descubri\u00f3 que un par\u00e1sito, llamado Oncocerco, causaba la p\u00e9rdida de la vista. Gracias al descubrimiento mundial co guatemalteco se pudo prevenir y combatir este terrible par\u00e1sito.<\/span><\/p><div>\u00a0<\/div>\t\t\t\t\t\t\t\t<\/div>\n\t\t\t\t\t<\/div>\n\t\t\t\t<\/div>\n\t\t<div data-particle_enable=\"false\" data-particle-mobile-disabled=\"false\" class=\"elementor-element elementor-element-9aefa4b e-flex e-con-boxed e-con e-parent\" data-id=\"9aefa4b\" data-element_type=\"container\" data-e-type=\"container\">\n\t\t\t\t\t<div class=\"e-con-inner\">\n\t\t\t\t<div class=\"elementor-element elementor-element-be9bfcb elementor-widget elementor-widget-video\" data-id=\"be9bfcb\" data-element_type=\"widget\" data-e-type=\"widget\" data-settings=\"{&quot;youtube_url&quot;:&quot;https:\\\/\\\/www.youtube.com\\\/watch?v=tdfsrEcs4UA&quot;,&quot;video_type&quot;:&quot;youtube&quot;,&quot;controls&quot;:&quot;yes&quot;}\" data-widget_type=\"video.default\">\n\t\t\t\t\t\t\t<div class=\"elementor-wrapper elementor-open-inline\">\n\t\t\t<div class=\"elementor-video\"><\/div>\t\t<\/div>\n\t\t\t\t\t\t<\/div>\n\t\t\t\t\t<\/div>\n\t\t\t\t<\/div>\n\t\t<div data-particle_enable=\"false\" data-particle-mobile-disabled=\"false\" class=\"elementor-element elementor-element-0eaf45e e-flex e-con-boxed e-con e-parent\" data-id=\"0eaf45e\" data-element_type=\"container\" data-e-type=\"container\">\n\t\t\t\t\t<div class=\"e-con-inner\">\n\t\t\t\t<div class=\"elementor-element elementor-element-8393b99 elementor-invisible elementor-widget elementor-widget-heading\" data-id=\"8393b99\" data-element_type=\"widget\" data-e-type=\"widget\" data-settings=\"{&quot;_animation&quot;:&quot;rotateIn&quot;}\" data-widget_type=\"heading.default\">\n\t\t\t\t\t<h2 class=\"elementor-heading-title elementor-size-default\">1931<\/h2>\t\t\t\t<\/div>\n\t\t\t\t\t<\/div>\n\t\t\t\t<\/div>\n\t\t<div data-particle_enable=\"false\" data-particle-mobile-disabled=\"false\" class=\"elementor-element elementor-element-db8b8d3 e-flex e-con-boxed e-con e-parent\" data-id=\"db8b8d3\" data-element_type=\"container\" data-e-type=\"container\">\n\t\t\t\t\t<div class=\"e-con-inner\">\n\t\t\t\t<div class=\"elementor-element elementor-element-8f7c1df elementor-widget elementor-widget-text-editor\" data-id=\"8f7c1df\" data-element_type=\"widget\" data-e-type=\"widget\" data-widget_type=\"text-editor.default\">\n\t\t\t\t\t\t\t\t\t<h4>14 de febrero de 1931 asume como presidente electo el general Jorge Ubico (quien gobernar\u00eda hasta 1944)<\/h4><p><span style=\"color: var( --e-global-color-text ); text-align: var(--text-align);\">El general Jorge Ubico Casta\u00f1eda asumi\u00f3 la presidencia el 14 de febrero de 1931 tras ser electo con 305,841 votos. Fue el \u00fanico candidato.\u00a0<\/span><span style=\"color: var( --e-global-color-text ); text-align: var(--text-align);\">Es conocido por haber emprendido una amplia construcci\u00f3n de obras p\u00fablicas, sin embargo gobern\u00f3 con fuerte represi\u00f3n.\u00a0 A\u00fan as\u00ed hay personas que dicen admirarlo, aunque realmente no vivieron las restricciones de garant\u00edas ciudadanas que hubo en su tiempo.<\/span><\/p><p><span style=\"color: var( --e-global-color-text ); text-align: var(--text-align);\">Se reeligi\u00f3 en 1936 y 1942 tras haber modificado una prohibici\u00f3n legal. Renunci\u00f3 a la presidencia el 1 de julio de 1944 despu\u00e9s del ametrallamiento de una manifestaci\u00f3n de maestros en el cual falleci\u00f3 la maestra Mar\u00eda Chinchilla.<\/span><\/p>\t\t\t\t\t\t\t\t<\/div>\n\t\t\t\t\t<\/div>\n\t\t\t\t<\/div>\n\t\t<div data-particle_enable=\"false\" data-particle-mobile-disabled=\"false\" class=\"elementor-element elementor-element-4b36eb1 e-flex e-con-boxed e-con e-parent\" data-id=\"4b36eb1\" data-element_type=\"container\" data-e-type=\"container\">\n\t\t\t\t\t<div class=\"e-con-inner\">\n\t\t\t\t<div class=\"elementor-element elementor-element-a1d65f6 elementor-invisible elementor-widget elementor-widget-heading\" data-id=\"a1d65f6\" data-element_type=\"widget\" data-e-type=\"widget\" data-settings=\"{&quot;_animation&quot;:&quot;rotateIn&quot;}\" data-widget_type=\"heading.default\">\n\t\t\t\t\t<h2 class=\"elementor-heading-title elementor-size-default\">1945<\/h2>\t\t\t\t<\/div>\n\t\t\t\t\t<\/div>\n\t\t\t\t<\/div>\n\t\t<div data-particle_enable=\"false\" data-particle-mobile-disabled=\"false\" class=\"elementor-element elementor-element-9b35d45 e-flex e-con-boxed e-con e-parent\" data-id=\"9b35d45\" data-element_type=\"container\" data-e-type=\"container\">\n\t\t\t\t\t<div class=\"e-con-inner\">\n\t\t\t\t<div class=\"elementor-element elementor-element-bee7042 elementor-widget elementor-widget-text-editor\" data-id=\"bee7042\" data-element_type=\"widget\" data-e-type=\"widget\" data-widget_type=\"text-editor.default\">\n\t\t\t\t\t\t\t\t\t<h4 style=\"font-style: normal; font-variant-ligatures: normal; font-variant-caps: normal;\">El 16 de febrero de 1945 se proclama como presidente electo al doctor Juan Jos\u00e9 Ar\u00e9valo Bermejo\u00a0<\/h4><p><span style=\"color: var( --e-global-color-text ); text-align: var(--text-align);\">El 16 de febrero de 1945, la Asamblea Legislativa proclama Presidente Electo al educador Juan Jos\u00e9 Ar\u00e9valo, quien asumi\u00f3 el cargo el 15 de marzo siguiente. Ar\u00e9valo obtuvo el 86% de los vosots, un porcentaje sin precedentes y que tampoco ha sido igualado. Su m\u00e1s cercano opositor, el excanciller e historiador Adri\u00e1n Recinos, logr\u00f3 el 7%.<\/span><\/p><div>\u00a0<\/div>\t\t\t\t\t\t\t\t<\/div>\n\t\t\t\t\t<\/div>\n\t\t\t\t<\/div>\n\t\t<div data-particle_enable=\"false\" data-particle-mobile-disabled=\"false\" class=\"elementor-element elementor-element-1f610ef e-flex e-con-boxed e-con e-parent\" data-id=\"1f610ef\" data-element_type=\"container\" data-e-type=\"container\">\n\t\t\t\t\t<div class=\"e-con-inner\">\n\t\t\t\t<div class=\"elementor-element elementor-element-1a04d3b elementor-widget elementor-widget-video\" data-id=\"1a04d3b\" data-element_type=\"widget\" data-e-type=\"widget\" data-settings=\"{&quot;youtube_url&quot;:&quot;https:\\\/\\\/www.youtube.com\\\/watch?v=6KMZkXkhxhI&amp;t=177s&quot;,&quot;start&quot;:450,&quot;video_type&quot;:&quot;youtube&quot;,&quot;controls&quot;:&quot;yes&quot;}\" data-widget_type=\"video.default\">\n\t\t\t\t\t\t\t<div class=\"elementor-wrapper elementor-open-inline\">\n\t\t\t<div class=\"elementor-video\"><\/div>\t\t<\/div>\n\t\t\t\t\t\t<\/div>\n\t\t\t\t\t<\/div>\n\t\t\t\t<\/div>\n\t\t<div data-particle_enable=\"false\" data-particle-mobile-disabled=\"false\" class=\"elementor-element elementor-element-b79711a e-flex e-con-boxed e-con e-parent\" data-id=\"b79711a\" data-element_type=\"container\" data-e-type=\"container\">\n\t\t\t\t\t<div class=\"e-con-inner\">\n\t\t\t\t<div class=\"elementor-element elementor-element-af6ed0b elementor-invisible elementor-widget elementor-widget-heading\" data-id=\"af6ed0b\" data-element_type=\"widget\" data-e-type=\"widget\" data-settings=\"{&quot;_animation&quot;:&quot;rotateIn&quot;}\" data-widget_type=\"heading.default\">\n\t\t\t\t\t<h2 class=\"elementor-heading-title elementor-size-default\">2007<\/h2>\t\t\t\t<\/div>\n\t\t\t\t\t<\/div>\n\t\t\t\t<\/div>\n\t\t<div data-particle_enable=\"false\" data-particle-mobile-disabled=\"false\" class=\"elementor-element elementor-element-f271b43 e-flex e-con-boxed e-con e-parent\" data-id=\"f271b43\" data-element_type=\"container\" data-e-type=\"container\">\n\t\t\t\t\t<div class=\"e-con-inner\">\n\t\t\t\t<div class=\"elementor-element elementor-element-8dd20f1 elementor-widget elementor-widget-text-editor\" data-id=\"8dd20f1\" data-element_type=\"widget\" data-e-type=\"widget\" data-widget_type=\"text-editor.default\">\n\t\t\t\t\t\t\t\t\t<h4 style=\"font-style: normal; font-variant-ligatures: normal; font-variant-caps: normal;\">El 22 de febrero de 2007 se abre inmenso agujero en el Barrio San Antonio, zona 6 de la capital.\u00a0<\/h4><div>Debido al mal estado de tuber\u00edas de drenaje, se produjo un enorme socav\u00f3n en el Barrio San Antono, zona 6 de la capital de Guatemala. El agujero ten\u00eda m\u00e1s de 20 metros de di\u00e1metro y 30 de profundidad. Fue noticia internacional debido a sus dimensiones.\u00a0 Lamentablemente hubo tres personas fallecidas por este suceso que muchos guatemaltecos a\u00fan recuerdan.\u00a0<\/div>\t\t\t\t\t\t\t\t<\/div>\n\t\t\t\t\t<\/div>\n\t\t\t\t<\/div>\n\t\t<div data-particle_enable=\"false\" data-particle-mobile-disabled=\"false\" class=\"elementor-element elementor-element-16bb1c8 e-flex e-con-boxed e-con e-parent\" data-id=\"16bb1c8\" data-element_type=\"container\" data-e-type=\"container\">\n\t\t\t\t\t<div class=\"e-con-inner\">\n\t\t\t\t<div class=\"elementor-element elementor-element-c299998 elementor-widget elementor-widget-image\" data-id=\"c299998\" data-element_type=\"widget\" data-e-type=\"widget\" data-widget_type=\"image.default\">\n\t\t\t\t\t\t\t\t\t\t\t\t<figure class=\"wp-caption\">\n\t\t\t\t\t\t\t\t\t\t<img loading=\"lazy\" decoding=\"async\" width=\"768\" height=\"328\" src=\"https:\/\/soymigrante.com\/revista\/wp-content\/uploads\/2025\/01\/Captura-de-pantalla-2025-01-27-232032-1024x437.jpg\" class=\"attachment-large size-large wp-image-22955\" alt=\"Boca de un gigantesco socav\u00f3n en la ciudad, causado por un colapso en el subsuelo, representando un riesgo importante para la seguridad p\u00fablica y la infraestructura urbana.\" srcset=\"https:\/\/soymigrante.com\/revista\/wp-content\/uploads\/2025\/01\/Captura-de-pantalla-2025-01-27-232032-1024x437.jpg 1024w, https:\/\/soymigrante.com\/revista\/wp-content\/uploads\/2025\/01\/Captura-de-pantalla-2025-01-27-232032-300x128.jpg 300w, https:\/\/soymigrante.com\/revista\/wp-content\/uploads\/2025\/01\/Captura-de-pantalla-2025-01-27-232032-768x328.jpg 768w, https:\/\/soymigrante.com\/revista\/wp-content\/uploads\/2025\/01\/Captura-de-pantalla-2025-01-27-232032-750x320.webp 750w, https:\/\/soymigrante.com\/revista\/wp-content\/uploads\/2025\/01\/Captura-de-pantalla-2025-01-27-232032-1140x487.webp 1140w, https:\/\/soymigrante.com\/revista\/wp-content\/uploads\/2025\/01\/Captura-de-pantalla-2025-01-27-232032.webp 1267w\" sizes=\"(max-width: 768px) 100vw, 768px\" title=\"El agujero del Barrio San Antono fue sellado con cientos de toneladas de lodocreto. \u2013 SoyMigrante.com REVISTA\" \/>\t\t\t\t\t\t\t\t\t\t\t<figcaption class=\"widget-image-caption wp-caption-text\">Una excavaci\u00f3n profunda causada por un hundimiento en una calle, afectando las propiedades cercanas, mientras maquinaria realiza tareas de reparaci\u00f3n.<\/figcaption>\n\t\t\t\t\t\t\t\t\t\t<\/figure>\n\t\t\t\t\t\t\t\t\t<\/div>\n\t\t\t\t\t<\/div>\n\t\t\t\t<\/div>\n\t\t<div data-particle_enable=\"false\" data-particle-mobile-disabled=\"false\" class=\"elementor-element elementor-element-1fe9ac3 e-flex e-con-boxed e-con e-parent\" data-id=\"1fe9ac3\" data-element_type=\"container\" data-e-type=\"container\">\n\t\t\t\t\t<div class=\"e-con-inner\">\n\t\t\t\t<div class=\"elementor-element elementor-element-433db83 elementor-invisible elementor-widget elementor-widget-heading\" data-id=\"433db83\" data-element_type=\"widget\" data-e-type=\"widget\" data-settings=\"{&quot;_animation&quot;:&quot;rotateIn&quot;}\" data-widget_type=\"heading.default\">\n\t\t\t\t\t<h2 class=\"elementor-heading-title elementor-size-default\">2014<\/h2>\t\t\t\t<\/div>\n\t\t\t\t\t<\/div>\n\t\t\t\t<\/div>\n\t\t<div data-particle_enable=\"false\" data-particle-mobile-disabled=\"false\" class=\"elementor-element elementor-element-e7116bc e-flex e-con-boxed e-con e-parent\" data-id=\"e7116bc\" data-element_type=\"container\" data-e-type=\"container\">\n\t\t\t\t\t<div class=\"e-con-inner\">\n\t\t\t\t<div class=\"elementor-element elementor-element-f7174dc elementor-widget elementor-widget-text-editor\" data-id=\"f7174dc\" data-element_type=\"widget\" data-e-type=\"widget\" data-widget_type=\"text-editor.default\">\n\t\t\t\t\t\t\t\t\t<h4 style=\"font-style: normal; font-variant-ligatures: normal; font-variant-caps: normal;\">El 5 de febrero de 2014 ladrones roban seis pinturas coloniales de El Calvario, Antigua Guatemala.<\/h4><div>Seis lienzos de la Pasi\u00f3n de Cristo, del pintor colonial Tom\u00e1s de Merlo (1694-1739)<span style=\"color: var( --e-global-color-text ); text-align: var(--text-align);\">, fueron robados en la madrugada del 5 de febrero de 2014, de la ermita El Calvario, en Antigua Guatemala. Los ladrones cortaron con navaja las pinturas y dejaron abandonados los marcos.<\/span><\/div><div>Dicho robo se atribuye a coleccionistas ilegales que incluso encargan los robos de esculturas y pinturas coloniales.\u00a0<br \/>Las pinturas no han sido encontradas, excepto una, que fue hallada durante un allanamiento de una venta de antig\u00fcedades en 2024. Se encontraba en muy mal estado.<\/div>\t\t\t\t\t\t\t\t<\/div>\n\t\t\t\t\t<\/div>\n\t\t\t\t<\/div>\n\t\t<div data-particle_enable=\"false\" data-particle-mobile-disabled=\"false\" class=\"elementor-element elementor-element-b86d738 e-flex e-con-boxed e-con e-parent\" data-id=\"b86d738\" data-element_type=\"container\" data-e-type=\"container\">\n\t\t\t\t\t<div class=\"e-con-inner\">\n\t\t\t\t<div class=\"elementor-element elementor-element-4d5ea85 elementor-widget elementor-widget-image\" data-id=\"4d5ea85\" data-element_type=\"widget\" data-e-type=\"widget\" data-widget_type=\"image.default\">\n\t\t\t\t\t\t\t\t\t\t\t\t<figure class=\"wp-caption\">\n\t\t\t\t\t\t\t\t\t\t<img loading=\"lazy\" decoding=\"async\" width=\"508\" height=\"538\" src=\"https:\/\/soymigrante.com\/revista\/wp-content\/uploads\/2025\/01\/conjunto-2.webp\" class=\"attachment-large size-large wp-image-22956\" alt=\"Rostro de una pintura cl\u00e1sica con escenas de interacci\u00f3n social y movimiento, en tonos oscuros y luminarias, reflejando temas hist\u00f3ricos y culturales.\" srcset=\"https:\/\/soymigrante.com\/revista\/wp-content\/uploads\/2025\/01\/conjunto-2.webp 508w, https:\/\/soymigrante.com\/revista\/wp-content\/uploads\/2025\/01\/conjunto-2-283x300.jpg 283w\" sizes=\"(max-width: 508px) 100vw, 508px\" title=\"Estas son las pinturas robadas de la ermita El Calvario, Antigua Guatemala, el 5 de febrero de 2014: un total saqueo al Patrimonio Cultural de Guatemala. De ellas solo ha sido encontrada la n\u00famero 6, que se encontraba en muy mal estado en una guarida de asaltantes, encontrada en 2024. \u2013 SoyMigrante.com REVISTA\" \/>\t\t\t\t\t\t\t\t\t\t\t<figcaption class=\"widget-image-caption wp-caption-text\">Detalles de pinturas cl\u00e1sicas con escenas sociales y movimiento en tonos oscuros, ideales para publicaciones culturales, historia del arte y entretenimiento.<\/figcaption>\n\t\t\t\t\t\t\t\t\t\t<\/figure>\n\t\t\t\t\t\t\t\t\t<\/div>\n\t\t\t\t\t<\/div>\n\t\t\t\t<\/div>\n\t\t<div data-particle_enable=\"false\" data-particle-mobile-disabled=\"false\" class=\"elementor-element elementor-element-3dbe28d e-flex e-con-boxed e-con e-parent\" data-id=\"3dbe28d\" data-element_type=\"container\" data-e-type=\"container\">\n\t\t\t\t\t<div class=\"e-con-inner\">\n\t\t\t\t<div class=\"elementor-element elementor-element-7db0ae4 elementor-widget elementor-widget-image\" data-id=\"7db0ae4\" data-element_type=\"widget\" data-e-type=\"widget\" data-widget_type=\"image.default\">\n\t\t\t\t\t\t\t\t\t\t\t\t<figure class=\"wp-caption\">\n\t\t\t\t\t\t\t\t\t\t<img loading=\"lazy\" decoding=\"async\" width=\"768\" height=\"512\" src=\"https:\/\/soymigrante.com\/revista\/wp-content\/uploads\/2025\/01\/In_Antigua_Guatemala_6849908468-1024x683.jpg\" class=\"attachment-large size-large wp-image-22957\" alt=\"Cargando la iglesia colonial en un pueblo mexicano al atardecer, con iluminaci\u00f3n c\u00e1lida y ambiente tradicional.\" srcset=\"https:\/\/soymigrante.com\/revista\/wp-content\/uploads\/2025\/01\/In_Antigua_Guatemala_6849908468-1024x683.jpg 1024w, https:\/\/soymigrante.com\/revista\/wp-content\/uploads\/2025\/01\/In_Antigua_Guatemala_6849908468-300x200.jpg 300w, https:\/\/soymigrante.com\/revista\/wp-content\/uploads\/2025\/01\/In_Antigua_Guatemala_6849908468-768x512.jpg 768w, https:\/\/soymigrante.com\/revista\/wp-content\/uploads\/2025\/01\/In_Antigua_Guatemala_6849908468-1536x1024.jpg 1536w, https:\/\/soymigrante.com\/revista\/wp-content\/uploads\/2025\/01\/In_Antigua_Guatemala_6849908468-2048x1365.jpg 2048w, https:\/\/soymigrante.com\/revista\/wp-content\/uploads\/2025\/01\/In_Antigua_Guatemala_6849908468-750x500.webp 750w, https:\/\/soymigrante.com\/revista\/wp-content\/uploads\/2025\/01\/In_Antigua_Guatemala_6849908468-1140x760.webp 1140w, https:\/\/soymigrante.com\/revista\/wp-content\/uploads\/2025\/01\/In_Antigua_Guatemala_6849908468.webp 1920w\" sizes=\"(max-width: 768px) 100vw, 768px\" title=\"Ermita del Santo Calvario en Antigua Guatemala. Aqu\u00ed se encontraban las pinturas de la Pasi\u00f3n de Cristo de Tom\u00e1s de Merlo que fueron robadas. \u2013 SoyMigrante.com REVISTA\" \/>\t\t\t\t\t\t\t\t\t\t\t<figcaption class=\"widget-image-caption wp-caption-text\">Iglesia colonial mexicana en un pueblo pintoresco, con arquitectura cl\u00e1sica y ambiente al atardecer, reflejando cultura y fe en M\u00e9xico.<\/figcaption>\n\t\t\t\t\t\t\t\t\t\t<\/figure>\n\t\t\t\t\t\t\t\t\t<\/div>\n\t\t\t\t\t<\/div>\n\t\t\t\t<\/div>\n\t\t<div data-particle_enable=\"false\" data-particle-mobile-disabled=\"false\" class=\"elementor-element elementor-element-b8629a7 e-flex e-con-boxed e-con e-parent\" data-id=\"b8629a7\" data-element_type=\"container\" data-e-type=\"container\">\n\t\t\t\t\t<div class=\"e-con-inner\">\n\t\t\t\t<div class=\"elementor-element elementor-element-9791b52 elementor-widget elementor-widget-heading\" data-id=\"9791b52\" data-element_type=\"widget\" data-e-type=\"widget\" data-widget_type=\"heading.default\">\n\t\t\t\t\t<h2 class=\"elementor-heading-title elementor-size-default\">M\u00e1s de Antigua Guatemala<\/h2>\t\t\t\t<\/div>\n\t\t\t\t\t<\/div>\n\t\t\t\t<\/div>\n\t\t<div data-particle_enable=\"false\" data-particle-mobile-disabled=\"false\" class=\"elementor-element elementor-element-fdc7cc8 e-flex e-con-boxed e-con e-parent\" data-id=\"fdc7cc8\" data-element_type=\"container\" data-e-type=\"container\">\n\t\t\t\t\t<div class=\"e-con-inner\">\n\t\t\t\t<div class=\"elementor-element elementor-element-34aa95c elementor-grid-eael-col-3 elementor-grid-tablet-eael-col-2 elementor-grid-mobile-eael-col-1 elementor-widget elementor-widget-eael-post-grid\" data-id=\"34aa95c\" data-element_type=\"widget\" data-e-type=\"widget\" data-settings=\"{&quot;eael_post_grid_columns&quot;:&quot;eael-col-3&quot;,&quot;eael_post_grid_columns_tablet&quot;:&quot;eael-col-2&quot;,&quot;eael_post_grid_columns_mobile&quot;:&quot;eael-col-1&quot;}\" data-widget_type=\"eael-post-grid.default\">\n\t\t\t\t\t<div id=\"eael-post-grid-34aa95c\" class=\"eael-post-grid-container\">\n            <div class=\"eael-post-grid eael-post-appender eael-post-appender-34aa95c eael-post-grid-style-one\" data-layout-mode=\"masonry\"><article class=\"eael-grid-post  eael-post-grid-column eael-pg-post-5538 category-arte-cultura-guate-nuestra tags-joyas-de-antigua-guatemala\" data-id=\"5538\">\n        <div class=\"eael-grid-post-holder\">\n            <div class=\"eael-grid-post-holder-inner\"><div class=\"eael-entry-media\"><div class=\"eael-entry-overlay fade-in\"><i class=\"far fa-hand-pointer\" aria-hidden=\"true\"><\/i><a href=\"https:\/\/soymigrante.com\/revista\/antigua-guatemala-arco-de-santa-catalina-tesoro-colonial-patrimonio\/\"><\/a><\/div><div class=\"eael-entry-thumbnail \">\n                <img loading=\"lazy\" decoding=\"async\" width=\"1024\" height=\"760\" src=\"https:\/\/soymigrante.com\/revista\/wp-content\/uploads\/2024\/03\/copia-copia-1024x760.webp\" class=\"attachment-large size-large wp-image-5539\" alt=\"Arco de Santa Catalina cumple 330 a\u00f1os en 2024, se encuentra en Antigua Guatemala, ciudad colonial Patrimonio de la Humanidad.\" srcset=\"https:\/\/soymigrante.com\/revista\/wp-content\/uploads\/2024\/03\/copia-copia-1024x760.webp 1024w, https:\/\/soymigrante.com\/revista\/wp-content\/uploads\/2024\/03\/copia-copia-300x223.webp 300w, https:\/\/soymigrante.com\/revista\/wp-content\/uploads\/2024\/03\/copia-copia-768x570.webp 768w, https:\/\/soymigrante.com\/revista\/wp-content\/uploads\/2024\/03\/copia-copia-750x557.webp 750w, https:\/\/soymigrante.com\/revista\/wp-content\/uploads\/2024\/03\/copia-copia.webp 1048w\" sizes=\"(max-width: 1024px) 100vw, 1024px\" \/>\n            <\/div>\n        <\/div><div class=\"eael-entry-wrapper\"><header class=\"eael-entry-header\"><h2 class=\"eael-entry-title\"><a class=\"eael-grid-post-link\" href=\"https:\/\/soymigrante.com\/revista\/antigua-guatemala-arco-de-santa-catalina-tesoro-colonial-patrimonio\/\" title=\"Joyas de Antigua Guatemala: \u00bfCu\u00e1ndo se construy\u00f3 el ic\u00f3nico Arco de Santa Catalina y por qu\u00e9?\">Joyas de Antigua Guatemala: \u00bfCu\u00e1ndo se construy\u00f3 el ic\u00f3nico Arco de Santa Catalina y por qu\u00e9?<\/a><\/h2><\/header><div class=\"eael-entry-content\">\n                        <div class=\"eael-grid-post-excerpt\"><a href=\"https:\/\/soymigrante.com\/revista\/antigua-guatemala-arco-de-santa-catalina-tesoro-colonial-patrimonio\/\" class=\"eael-post-elements-readmore-btn\">CONOCE SU HISTORIA <\/a><\/div>\n                    <\/div><\/div><\/div>\n        <\/div>\n    <\/article><article class=\"eael-grid-post  eael-post-grid-column eael-pg-post-7600 category-guate-nuestra\" data-id=\"7600\">\n        <div class=\"eael-grid-post-holder\">\n            <div class=\"eael-grid-post-holder-inner\"><div class=\"eael-entry-media\"><div class=\"eael-entry-overlay fade-in\"><i class=\"far fa-hand-pointer\" aria-hidden=\"true\"><\/i><a href=\"https:\/\/soymigrante.com\/revista\/7-datos-de-antigua-guatemala-que-seguro-ya-sabias-o-quiza-no\/\"><\/a><\/div><div class=\"eael-entry-thumbnail \">\n                <img loading=\"lazy\" decoding=\"async\" width=\"661\" height=\"662\" src=\"https:\/\/soymigrante.com\/revista\/wp-content\/uploads\/2024\/07\/Antigua-Guatemala-Danny-Gamboa.webp\" class=\"attachment-large size-large wp-image-7610\" alt=\"Vivienda antigua decorada con proyecciones de luz y color en la noche, destacando detalles arquitect\u00f3nicos y efectos visuales para eventos culturales y festivales en M\u00e9xico.\" srcset=\"https:\/\/soymigrante.com\/revista\/wp-content\/uploads\/2024\/07\/Antigua-Guatemala-Danny-Gamboa.webp 661w, https:\/\/soymigrante.com\/revista\/wp-content\/uploads\/2024\/07\/Antigua-Guatemala-Danny-Gamboa-300x300.webp 300w, https:\/\/soymigrante.com\/revista\/wp-content\/uploads\/2024\/07\/Antigua-Guatemala-Danny-Gamboa-150x150.webp 150w, https:\/\/soymigrante.com\/revista\/wp-content\/uploads\/2024\/07\/Antigua-Guatemala-Danny-Gamboa-75x75.webp 75w\" sizes=\"(max-width: 661px) 100vw, 661px\" \/>\n            <\/div>\n        <\/div><div class=\"eael-entry-wrapper\"><header class=\"eael-entry-header\"><h2 class=\"eael-entry-title\"><a class=\"eael-grid-post-link\" href=\"https:\/\/soymigrante.com\/revista\/7-datos-de-antigua-guatemala-que-seguro-ya-sabias-o-quiza-no\/\" title=\"Antigua Guatemala: 7 datos que seguro ya conoc\u00edas (\u00a1O quiz\u00e1 no!) Aver\u00edgualo\">Antigua Guatemala: 7 datos que seguro ya conoc\u00edas (\u00a1O quiz\u00e1 no!) Aver\u00edgualo<\/a><\/h2><\/header><div class=\"eael-entry-content\">\n                        <div class=\"eael-grid-post-excerpt\"><a href=\"https:\/\/soymigrante.com\/revista\/7-datos-de-antigua-guatemala-que-seguro-ya-sabias-o-quiza-no\/\" class=\"eael-post-elements-readmore-btn\">CONOCE SU HISTORIA <\/a><\/div>\n                    <\/div><\/div><\/div>\n        <\/div>\n    <\/article><article class=\"eael-grid-post  eael-post-grid-column eael-pg-post-6872 category-guate-nuestra\" data-id=\"6872\">\n        <div class=\"eael-grid-post-holder\">\n            <div class=\"eael-grid-post-holder-inner\"><div class=\"eael-entry-media\"><div class=\"eael-entry-overlay fade-in\"><i class=\"far fa-hand-pointer\" aria-hidden=\"true\"><\/i><a href=\"https:\/\/soymigrante.com\/revista\/un-domingo-cualquiera-es-especial-en-la-antigua-guatemala\/\"><\/a><\/div><div class=\"eael-entry-thumbnail \">\n                <img loading=\"lazy\" decoding=\"async\" width=\"798\" height=\"798\" src=\"https:\/\/soymigrante.com\/revista\/wp-content\/uploads\/2024\/06\/antigua-guatemala.webp\" class=\"attachment-large size-large wp-image-6873\" alt=\"Bast\u00f3n de algod\u00f3n de az\u00facar multicolor en el parque, rodeado de personas disfrutando del evento y la feria, s\u00edmbolo tradicional de dulzura y celebraciones populares en M\u00e9xico.\" srcset=\"https:\/\/soymigrante.com\/revista\/wp-content\/uploads\/2024\/06\/antigua-guatemala.webp 798w, https:\/\/soymigrante.com\/revista\/wp-content\/uploads\/2024\/06\/antigua-guatemala-300x300.webp 300w, https:\/\/soymigrante.com\/revista\/wp-content\/uploads\/2024\/06\/antigua-guatemala-150x150.webp 150w, https:\/\/soymigrante.com\/revista\/wp-content\/uploads\/2024\/06\/antigua-guatemala-768x768.webp 768w, https:\/\/soymigrante.com\/revista\/wp-content\/uploads\/2024\/06\/antigua-guatemala-75x75.webp 75w, https:\/\/soymigrante.com\/revista\/wp-content\/uploads\/2024\/06\/antigua-guatemala-750x750.webp 750w\" sizes=\"(max-width: 798px) 100vw, 798px\" \/>\n            <\/div>\n        <\/div><div class=\"eael-entry-wrapper\"><header class=\"eael-entry-header\"><h2 class=\"eael-entry-title\"><a class=\"eael-grid-post-link\" href=\"https:\/\/soymigrante.com\/revista\/un-domingo-cualquiera-es-especial-en-la-antigua-guatemala\/\" title=\"Un domingo cualquiera es tan especial en La Antigua Guatemala\">Un domingo cualquiera es tan especial en La Antigua Guatemala<\/a><\/h2><\/header><div class=\"eael-entry-content\">\n                        <div class=\"eael-grid-post-excerpt\"><a href=\"https:\/\/soymigrante.com\/revista\/un-domingo-cualquiera-es-especial-en-la-antigua-guatemala\/\" class=\"eael-post-elements-readmore-btn\">CONOCE SU HISTORIA <\/a><\/div>\n                    <\/div><\/div><\/div>\n        <\/div>\n    <\/article><\/div>\n            <div class=\"clearfix\"><\/div>\n        <\/div>\t\t\t\t<\/div>\n\t\t\t\t\t<\/div>\n\t\t\t\t<\/div>\n\t\t\t\t<\/div>\n\t\t","protected":false},"excerpt":{"rendered":"<p>Febrero es un mes que guarda muchos sucesos hist\u00f3ricos. Quiz\u00e1 algunos los has escuchado mencionar pero estamos seguros que m\u00e1s de alguno te sorprender\u00e1 por haber sucedido en el mes m\u00e1s corto del a\u00f1o. Febrero es un mes que guarda muchos sucesos hist\u00f3ricos. Quiz\u00e1 algunos los has escuchado mencionar pero estamos seguros que m\u00e1s de [&hellip;]<\/p>\n","protected":false},"author":7,"featured_media":22928,"comment_status":"open","ping_status":"open","sticky":false,"template":"","format":"standard","meta":{"_acf_changed":false,"_eb_attr":"","footnotes":""},"categories":[58],"tags":[],"class_list":["post-22927","post","type-post","status-publish","format-standard","has-post-thumbnail","hentry","category-guate-nuestra"],"acf":[],"aioseo_notices":[],"aioseo_head":"\n\t\t<!-- All in One SEO Pro 4.9.6.2 - aioseo.com -->\n\t<meta name=\"description\" content=\"Todos los d\u00edas son perfectos en La Antigua Guatemala. Instantes, y pensamientos salen de las piedras y detras; la ciudad colonial es tambi\u00e9n moderna y casual.\" \/>\n\t<meta name=\"robots\" content=\"max-snippet:-1, max-image-preview:large, max-video-preview:-1\" \/>\n\t<meta name=\"author\" content=\"Gustavo Montenegro\"\/>\n\t<link rel=\"canonical\" href=\"https:\/\/soymigrante.com\/revista\/un-domingo-cualquiera-es-especial-en-la-antigua-guatemala\/\" \/>\n\t<meta name=\"generator\" content=\"All in One SEO Pro (AIOSEO) 4.9.6.2\" \/>\n\n\t\t<link rel=\"preconnect\" href=\"https:\/\/fonts.googleapis.com\" crossorigin>\n<link rel=\"preconnect\" href=\"https:\/\/fonts.gstatic.com\" crossorigin>\n\t\t<meta property=\"og:locale\" content=\"es_ES\" \/>\n\t\t<meta property=\"og:site_name\" content=\"SoyMigrante.com REVISTA \u2013 Nuestra misi\u00f3n es reconocer y dignificar al migrante.\" \/>\n\t\t<meta property=\"og:type\" content=\"article\" \/>\n\t\t<meta property=\"og:title\" content=\"Un domingo cualquiera es tan especial en La Antigua Guatemala\" \/>\n\t\t<meta property=\"og:description\" content=\"Todos los d\u00edas son perfectos en La Antigua Guatemala. Instantes, y pensamientos salen de las piedras y detras; la ciudad colonial es tambi\u00e9n moderna y casual.\" \/>\n\t\t<meta property=\"og:url\" content=\"https:\/\/soymigrante.com\/revista\/un-domingo-cualquiera-es-especial-en-la-antigua-guatemala\/\" \/>\n\t\t<meta property=\"og:image\" content=\"https:\/\/soymigrante.com\/revista\/wp-content\/uploads\/2024\/06\/antigua-guatemala.webp\" \/>\n\t\t<meta property=\"og:image:secure_url\" content=\"https:\/\/soymigrante.com\/revista\/wp-content\/uploads\/2024\/06\/antigua-guatemala.webp\" \/>\n\t\t<meta property=\"og:image:width\" content=\"798\" \/>\n\t\t<meta property=\"og:image:height\" content=\"798\" \/>\n\t\t<meta property=\"article:published_time\" content=\"2024-06-07T23:35:58+00:00\" \/>\n\t\t<meta property=\"article:modified_time\" content=\"2024-07-27T10:29:41+00:00\" \/>\n\t\t<meta property=\"article:publisher\" content=\"https:\/\/www.facebook.com\/soymigrantecom\" \/>\n\t\t<meta name=\"twitter:card\" content=\"summary_large_image\" \/>\n\t\t<meta name=\"twitter:site\" content=\"@SoyMigrante_com\" \/>\n\t\t<meta name=\"twitter:title\" content=\"Un domingo cualquiera es tan especial en La Antigua Guatemala\" \/>\n\t\t<meta name=\"twitter:description\" content=\"Todos los d\u00edas son perfectos en La Antigua Guatemala. Instantes, y pensamientos salen de las piedras y detras; la ciudad colonial es tambi\u00e9n moderna y casual.\" \/>\n\t\t<meta name=\"twitter:creator\" content=\"@SoyMigrante_com\" \/>\n\t\t<meta name=\"twitter:image\" content=\"https:\/\/soymigrante.com\/revista\/wp-content\/uploads\/2024\/06\/antigua-guatemala.webp\" \/>\n\t\t<!-- All in One SEO Pro -->\r\n\t\t<title>Un domingo cualquiera es tan especial en La Antigua Guatemala<\/title>\n\n","aioseo_head_json":{"title":"Un domingo cualquiera es tan especial en La Antigua Guatemala","description":"Todos los d\u00edas son perfectos en La Antigua Guatemala. Instantes, y pensamientos salen de las piedras y detras; la ciudad colonial es tambi\u00e9n moderna y casual.","canonical_url":"https:\/\/soymigrante.com\/revista\/un-domingo-cualquiera-es-especial-en-la-antigua-guatemala\/","robots":"max-snippet:-1, max-image-preview:large, max-video-preview:-1","keywords":"","webmasterTools":{"miscellaneous":"&lt;link rel=\"preconnect\" href=\"https:\/\/fonts.googleapis.com\" crossorigin&gt;\n&lt;link rel=\"preconnect\" href=\"https:\/\/fonts.gstatic.com\" crossorigin&gt;"},"schema":null,"og:locale":"es_ES","og:site_name":"SoyMigrante.com REVISTA \u2013 Nuestra misi\u00f3n es reconocer y dignificar al migrante.","og:type":"article","og:title":"Un domingo cualquiera es tan especial en La Antigua Guatemala","og:description":"Todos los d\u00edas son perfectos en La Antigua Guatemala. Instantes, y pensamientos salen de las piedras y detras; la ciudad colonial es tambi\u00e9n moderna y casual.","og:url":"https:\/\/soymigrante.com\/revista\/un-domingo-cualquiera-es-especial-en-la-antigua-guatemala\/","og:image":"https:\/\/soymigrante.com\/revista\/wp-content\/uploads\/2024\/06\/antigua-guatemala.webp","og:image:secure_url":"https:\/\/soymigrante.com\/revista\/wp-content\/uploads\/2024\/06\/antigua-guatemala.webp","og:image:width":798,"og:image:height":798,"article:published_time":"2024-06-07T23:35:58+00:00","article:modified_time":"2024-07-27T10:29:41+00:00","article:publisher":"https:\/\/www.facebook.com\/soymigrantecom","twitter:card":"summary_large_image","twitter:site":"@SoyMigrante_com","twitter:title":"Un domingo cualquiera es tan especial en La Antigua Guatemala","twitter:description":"Todos los d\u00edas son perfectos en La Antigua Guatemala. Instantes, y pensamientos salen de las piedras y detras; la ciudad colonial es tambi\u00e9n moderna y casual.","twitter:creator":"@SoyMigrante_com","twitter:image":"https:\/\/soymigrante.com\/revista\/wp-content\/uploads\/2024\/06\/antigua-guatemala.webp"},"aioseo_meta_data":{"post_id":"22927","title":"\u00bfQu\u00e9 hechos ocurridos en febrero en Guatemala sab\u00edas?","description":"El Terremoto del 4 de febrero de 1976 es uno de los sucesos hist\u00f3ricos m\u00e1s conocidos de este mes en Guatemala Pero hay muchos m\u00e1s. \u00bfQu\u00e9 otros hechos conoces?","keywords":null,"keyphrases":{"focus":{"keyphrase":"Febrero","score":91,"analysis":{"keyphraseInTitle":{"score":9,"maxScore":9,"error":0},"keyphraseInDescription":{"score":9,"maxScore":9,"error":0},"keyphraseLength":{"score":9,"maxScore":9,"error":0,"length":1},"keyphraseInURL":{"score":5,"maxScore":5,"error":0},"keyphraseInIntroduction":{"score":9,"maxScore":9,"error":0},"keyphraseInSubHeadings":{"score":3,"maxScore":9,"error":1},"keyphraseInImageAlt":{"score":9,"maxScore":9,"error":0},"keywordDensity":{"type":"best","score":9,"maxScore":9,"error":0}}},"additional":[{"keyphrase":"Sucesos","score":67,"analysis":{"keyphraseInDescription":{"score":9,"maxScore":9,"error":0},"keyphraseLength":{"score":9,"maxScore":9,"error":0,"length":1},"keyphraseInIntroduction":{"score":9,"maxScore":9,"error":0},"keyphraseInImageAlt":{"score":3,"maxScore":9,"error":1},"keywordDensity":{"score":0,"type":"low","maxScore":9,"error":1}}},{"keyphrase":"Hechos hist\u00f3ricos","score":40,"analysis":{"keyphraseInDescription":{"score":3,"maxScore":9,"error":1},"keyphraseLength":{"score":9,"maxScore":9,"error":0,"length":3},"keyphraseInIntroduction":{"score":3,"maxScore":9,"error":1},"keyphraseInImageAlt":{"score":3,"maxScore":9,"error":1},"keywordDensity":{"score":0,"type":"low","maxScore":9,"error":1}}},{"keyphrase":"Guatemala","score":100,"analysis":{"keyphraseInDescription":{"score":9,"maxScore":9,"error":0},"keyphraseLength":{"score":9,"maxScore":9,"error":0,"length":1},"keyphraseInIntroduction":{"score":9,"maxScore":9,"error":0},"keyphraseInImageAlt":{"score":9,"maxScore":9,"error":0},"keywordDensity":{"type":"best","score":9,"maxScore":9,"error":0}}}]},"primary_term":null,"canonical_url":null,"og_title":null,"og_description":null,"og_object_type":"default","og_image_type":"default","og_image_url":null,"og_image_width":null,"og_image_height":null,"og_image_custom_url":null,"og_image_custom_fields":null,"og_video":"","og_custom_url":null,"og_article_section":null,"og_article_tags":null,"twitter_use_og":false,"twitter_card":"default","twitter_image_type":"default","twitter_image_url":null,"twitter_image_custom_url":null,"twitter_image_custom_fields":null,"twitter_title":null,"twitter_description":null,"schema":{"blockGraphs":[],"customGraphs":[],"default":{"data":{"Article":[],"Course":[],"Dataset":[],"FAQPage":[],"Movie":[],"Person":[],"Product":[],"ProductReview":[],"Car":[],"Recipe":[],"Service":[],"SoftwareApplication":[],"WebPage":[]},"graphName":"BlogPosting","isEnabled":true},"graphs":[]},"schema_type":"default","schema_type_options":null,"pillar_content":false,"robots_default":true,"robots_noindex":false,"robots_noarchive":false,"robots_nosnippet":false,"robots_nofollow":false,"robots_noimageindex":false,"robots_noodp":false,"robots_notranslate":false,"robots_max_snippet":"-1","robots_max_videopreview":"-1","robots_max_imagepreview":"large","priority":null,"frequency":"default","local_seo":null,"seo_analyzer_scan_date":"2025-10-09 02:14:07","breadcrumb_settings":null,"limit_modified_date":false,"reviewed_by":null,"open_ai":"{\"title\":{\"suggestions\":[],\"usage\":0},\"description\":{\"suggestions\":[],\"usage\":0}}","ai":null,"created":"2025-01-28 05:10:28","updated":"2026-02-04 20:53:51"},"aioseo_breadcrumb":"<div class=\"aioseo-breadcrumbs\"><span class=\"aioseo-breadcrumb\">\n\t<a href=\"https:\/\/soymigrante.com\/revista\" title=\"Home\">Home<\/a>\n<\/span><span class=\"aioseo-breadcrumb-separator\">\u00bb<\/span><span class=\"aioseo-breadcrumb\">\n\t<a href=\"https:\/\/soymigrante.com\/revista\/category\/guate-nuestra\/\" title=\"Guate Nuestra\">Guate Nuestra<\/a>\n<\/span><span class=\"aioseo-breadcrumb-separator\">\u00bb<\/span><span class=\"aioseo-breadcrumb\">\n\tSucedi\u00f3 durante un febrero en Guatemala: \u00bfQu\u00e9 hechos hist\u00f3ricos del mes conoc\u00edas?\n<\/span><\/div>","aioseo_breadcrumb_json":[{"label":"Home","link":"https:\/\/soymigrante.com\/revista"},{"label":"Guate Nuestra","link":"https:\/\/soymigrante.com\/revista\/category\/guate-nuestra\/"},{"label":"Sucedi\u00f3 durante un febrero en Guatemala: \u00bfQu\u00e9 hechos hist\u00f3ricos del mes conoc\u00edas?","link":"https:\/\/soymigrante.com\/revista\/sucedio-durante-un-febrero-en-guatemala-que-hechos-historicos-del-mes-conocias\/"}],"_links":{"self":[{"href":"https:\/\/soymigrante.com\/revista\/wp-json\/wp\/v2\/posts\/22927","targetHints":{"allow":["GET"]}}],"collection":[{"href":"https:\/\/soymigrante.com\/revista\/wp-json\/wp\/v2\/posts"}],"about":[{"href":"https:\/\/soymigrante.com\/revista\/wp-json\/wp\/v2\/types\/post"}],"author":[{"embeddable":true,"href":"https:\/\/soymigrante.com\/revista\/wp-json\/wp\/v2\/users\/7"}],"replies":[{"embeddable":true,"href":"https:\/\/soymigrante.com\/revista\/wp-json\/wp\/v2\/comments?post=22927"}],"version-history":[{"count":0,"href":"https:\/\/soymigrante.com\/revista\/wp-json\/wp\/v2\/posts\/22927\/revisions"}],"wp:featuredmedia":[{"embeddable":true,"href":"https:\/\/soymigrante.com\/revista\/wp-json\/wp\/v2\/media\/22928"}],"wp:attachment":[{"href":"https:\/\/soymigrante.com\/revista\/wp-json\/wp\/v2\/media?parent=22927"}],"wp:term":[{"taxonomy":"category","embeddable":true,"href":"https:\/\/soymigrante.com\/revista\/wp-json\/wp\/v2\/categories?post=22927"},{"taxonomy":"post_tag","embeddable":true,"href":"https:\/\/soymigrante.com\/revista\/wp-json\/wp\/v2\/tags?post=22927"}],"curies":[{"name":"wp","href":"https:\/\/api.w.org\/{rel}","templated":true}]}}