{"id":22821,"date":"2025-02-03T06:00:00","date_gmt":"2025-02-03T12:00:00","guid":{"rendered":"https:\/\/soymigrante.com\/revista\/?p=22821"},"modified":"2025-02-03T00:28:07","modified_gmt":"2025-02-03T06:28:07","slug":"san-pablo-la-laguna-tradicion-historia-y-encanto-del-pueblo-tzutujil","status":"publish","type":"post","link":"https:\/\/soymigrante.com\/revista\/san-pablo-la-laguna-tradicion-historia-y-encanto-del-pueblo-tzutujil\/","title":{"rendered":"San Pablo La Laguna: Tradici\u00f3n, historia y encanto del pueblo tz&#8217;utujil"},"content":{"rendered":"\t\t<div data-elementor-type=\"wp-post\" data-elementor-id=\"22821\" class=\"elementor elementor-22821\" data-elementor-post-type=\"post\">\n\t\t\t\t<div data-particle_enable=\"false\" data-particle-mobile-disabled=\"false\" class=\"elementor-element elementor-element-a671f3c e-flex e-con-boxed e-con e-parent\" data-id=\"a671f3c\" data-element_type=\"container\" data-e-type=\"container\">\n\t\t\t\t\t<div class=\"e-con-inner\">\n\t\t\t\t<div class=\"elementor-element elementor-element-9c82b57 elementor-widget elementor-widget-heading\" data-id=\"9c82b57\" data-element_type=\"widget\" data-e-type=\"widget\" data-widget_type=\"heading.default\">\n\t\t\t\t\t<h2 class=\"elementor-heading-title elementor-size-default\">San Pablo La Laguna, un rinc\u00f3n lleno de historia y tradici\u00f3n en el coraz\u00f3n del altiplano guatemalteco, guarda entre sus calles y paisajes el esp\u00edritu de un pueblo maya tz'utujil que conecta el pasado con el presente. Con\u00f3celo m\u00e1s en este art\u00edculo.<\/h2>\t\t\t\t<\/div>\n\t\t\t\t\t<\/div>\n\t\t\t\t<\/div>\n\t\t<div data-particle_enable=\"false\" data-particle-mobile-disabled=\"false\" class=\"elementor-element elementor-element-2623f4a e-flex e-con-boxed e-con e-parent\" data-id=\"2623f4a\" data-element_type=\"container\" data-e-type=\"container\">\n\t\t\t\t\t<div class=\"e-con-inner\">\n\t\t\t\t<div class=\"elementor-element elementor-element-61099d5 elementor-widget elementor-widget-text-editor\" data-id=\"61099d5\" data-element_type=\"widget\" data-e-type=\"widget\" data-widget_type=\"text-editor.default\">\n\t\t\t\t\t\t\t\t\t<p>Desde sus costumbres ancestrales hasta sus platos t\u00edpicos y maravillas naturales, San Pablo La Laguna se alza como un destino donde la riqueza cultural y la belleza del lago Atitl\u00e1n se funden en una experiencia inolvidable.<\/p><p>San Pablo La Laguna, un municipio del departamento de Solol\u00e1, es conocido por su belleza natural, sus costumbres profundamente arraigadas y su hospitalidad. Este pintoresco pueblo maya tz&#8217;utujil se ubica en las orillas del majestuoso lago Atitl\u00e1n, rodeado de monta\u00f1as y volcanes que lo convierten en un destino \u00fanico.<\/p><p>A continuaci\u00f3n, exploraremos los aspectos m\u00e1s destacados de este encantador lugar.<\/p>\t\t\t\t\t\t\t\t<\/div>\n\t\t\t\t\t<\/div>\n\t\t\t\t<\/div>\n\t\t<div data-particle_enable=\"false\" data-particle-mobile-disabled=\"false\" class=\"elementor-element elementor-element-66cfafb e-flex e-con-boxed e-con e-parent\" data-id=\"66cfafb\" data-element_type=\"container\" data-e-type=\"container\">\n\t\t\t\t\t<div class=\"e-con-inner\">\n\t\t\t\t<div class=\"elementor-element elementor-element-cc604ab elementor-widget elementor-widget-image\" data-id=\"cc604ab\" data-element_type=\"widget\" data-e-type=\"widget\" data-widget_type=\"image.default\">\n\t\t\t\t\t\t\t\t\t\t\t\t<figure class=\"wp-caption\">\n\t\t\t\t\t\t\t\t\t\t<img fetchpriority=\"high\" decoding=\"async\" width=\"655\" height=\"345\" src=\"https:\/\/soymigrante.com\/revista\/wp-content\/uploads\/2025\/01\/san-pablo-la-laguna.webp\" class=\"attachment-large size-large wp-image-22856\" alt=\"Vistas a\u00e9reas de una ciudad en un valle, mostrando edificaciones variadas, calles concurridas y una atm\u00f3sfera vibrante, reflejando la vida urbana en un entorno en crecimiento.\" srcset=\"https:\/\/soymigrante.com\/revista\/wp-content\/uploads\/2025\/01\/san-pablo-la-laguna.webp 655w, https:\/\/soymigrante.com\/revista\/wp-content\/uploads\/2025\/01\/san-pablo-la-laguna-300x158.jpg 300w\" sizes=\"(max-width: 655px) 100vw, 655px\" title=\"san pablo la laguna \u2013 SoyMigrante.com REVISTA\" \/>\t\t\t\t\t\t\t\t\t\t\t<figcaption class=\"widget-image-caption wp-caption-text\">Perspectiva a\u00e9rea de una ciudad en un valle con edificios diversos, calles activas y un ambiente urbano din\u00e1mico, en el contexto de temas migratorios y comunidades locales en la revista SoyMigrante.com.<\/figcaption>\n\t\t\t\t\t\t\t\t\t\t<\/figure>\n\t\t\t\t\t\t\t\t\t<\/div>\n\t\t\t\t\t<\/div>\n\t\t\t\t<\/div>\n\t\t<div data-particle_enable=\"false\" data-particle-mobile-disabled=\"false\" class=\"elementor-element elementor-element-8cc9e9a e-flex e-con-boxed e-con e-parent\" data-id=\"8cc9e9a\" data-element_type=\"container\" data-e-type=\"container\">\n\t\t\t\t\t<div class=\"e-con-inner\">\n\t\t\t\t<div class=\"elementor-element elementor-element-0984761 elementor-widget elementor-widget-heading\" data-id=\"0984761\" data-element_type=\"widget\" data-e-type=\"widget\" data-widget_type=\"heading.default\">\n\t\t\t\t\t<h3 class=\"elementor-heading-title elementor-size-default\">Explorando San Pablo La Laguna<\/h3>\t\t\t\t<\/div>\n\t\t\t\t\t<\/div>\n\t\t\t\t<\/div>\n\t\t<div data-particle_enable=\"false\" data-particle-mobile-disabled=\"false\" class=\"elementor-element elementor-element-e629c8b e-flex e-con-boxed e-con e-parent\" data-id=\"e629c8b\" data-element_type=\"container\" data-e-type=\"container\">\n\t\t\t\t\t<div class=\"e-con-inner\">\n\t\t\t\t<div class=\"elementor-element elementor-element-44a7e76 elementor-widget elementor-widget-text-editor\" data-id=\"44a7e76\" data-element_type=\"widget\" data-e-type=\"widget\" data-widget_type=\"text-editor.default\">\n\t\t\t\t\t\t\t\t\t<p>San Pablo La Laguna se encuentra al suroeste\u00a0<a href=\"https:\/\/soymigrante.com\/revista\/santa-catarina-palopo-modelo-de-turismo-sostenible-y-de-estancia-encantadora\/\" target=\"_blank\" rel=\"noopener\">del lago<\/a>\u00a0Atitl\u00e1n, a una altitud de aproximadamente 1,600 metros sobre el nivel del mar. Desde su privilegiada ubicaci\u00f3n, ofrece vistas espectaculares del lago y sus alrededores, incluyendo\u00a0<a style=\"text-align: var(--text-align)\" href=\"https:\/\/soymigrante.com\/revista\/tres-hermanos-tres-guardianes-del-lago-los-volcanes-atitlan-toliman-y-san-pedro\/\" target=\"_blank\" rel=\"noopener\">los imponentes volcanes San Pedro, Atitl\u00e1n y Tolim\u00e1n.\u00a0<\/a><\/p><p>El pueblo est\u00e1 conectado con otras comunidades del lago mediante rutas terrestres y acu\u00e1ticas, lo que facilita el acceso a visitantes y turistas.<\/p>\t\t\t\t\t\t\t\t<\/div>\n\t\t\t\t\t<\/div>\n\t\t\t\t<\/div>\n\t\t<div data-particle_enable=\"false\" data-particle-mobile-disabled=\"false\" class=\"elementor-element elementor-element-6332d3a e-flex e-con-boxed e-con e-parent\" data-id=\"6332d3a\" data-element_type=\"container\" data-e-type=\"container\">\n\t\t\t\t\t<div class=\"e-con-inner\">\n\t\t\t\t<div class=\"elementor-element elementor-element-8987cc4 elementor-widget elementor-widget-video\" data-id=\"8987cc4\" data-element_type=\"widget\" data-e-type=\"widget\" data-settings=\"{&quot;youtube_url&quot;:&quot;https:\\\/\\\/www.youtube.com\\\/watch?v=MwNoOQBB_oA&quot;,&quot;video_type&quot;:&quot;youtube&quot;,&quot;controls&quot;:&quot;yes&quot;}\" data-widget_type=\"video.default\">\n\t\t\t\t\t\t\t<div class=\"elementor-wrapper elementor-open-inline\">\n\t\t\t<div class=\"elementor-video\"><\/div>\t\t<\/div>\n\t\t\t\t\t\t<\/div>\n\t\t\t\t\t<\/div>\n\t\t\t\t<\/div>\n\t\t<div data-particle_enable=\"false\" data-particle-mobile-disabled=\"false\" class=\"elementor-element elementor-element-20bf727 e-flex e-con-boxed e-con e-parent\" data-id=\"20bf727\" data-element_type=\"container\" data-e-type=\"container\">\n\t\t\t\t\t<div class=\"e-con-inner\">\n\t\t\t\t<div class=\"elementor-element elementor-element-c29069e elementor-widget elementor-widget-heading\" data-id=\"c29069e\" data-element_type=\"widget\" data-e-type=\"widget\" data-widget_type=\"heading.default\">\n\t\t\t\t\t<h3 class=\"elementor-heading-title elementor-size-default\">\u00bfQu\u00e9 pueblo habita San Pablo La Laguna?<\/h3>\t\t\t\t<\/div>\n\t\t\t\t\t<\/div>\n\t\t\t\t<\/div>\n\t\t<div data-particle_enable=\"false\" data-particle-mobile-disabled=\"false\" class=\"elementor-element elementor-element-18f2f96 e-flex e-con-boxed e-con e-parent\" data-id=\"18f2f96\" data-element_type=\"container\" data-e-type=\"container\">\n\t\t\t\t\t<div class=\"e-con-inner\">\n\t\t\t\t<div class=\"elementor-element elementor-element-caa0597 elementor-widget elementor-widget-text-editor\" data-id=\"caa0597\" data-element_type=\"widget\" data-e-type=\"widget\" data-widget_type=\"text-editor.default\">\n\t\t\t\t\t\t\t\t\t<p>La historia de San Pablo La Laguna se remonta a tiempos precolombinos, cuando formaba parte del territorio ancestral\u00a0<a href=\"https:\/\/soymigrante.com\/revista\/pueblo-tzutujil-se-cobija-en-el-lago-atitlan-hace-mas-de-7-siglos\/\" target=\"_blank\" rel=\"noopener\">del pueblo maya tz&#8217;utujil.<\/a>\u00a0Durante la colonizaci\u00f3n espa\u00f1ola, el pueblo fue fundado formalmente bajo el nombre de San Pablo en honor al ap\u00f3stol Pablo. Como muchas comunidades ind\u00edgenas de Guatemala, San Pablo ha logrado conservar sus tradiciones culturales y espirituales, que se reflejan en su vida cotidiana.<\/p><p>Seg\u00fan datos hist\u00f3ricos y relatos locales, los tz&#8217;utujiles de San Pablo se dedicaron a la agricultura y el comercio, actividades que a\u00fan hoy son fundamentales para la econom\u00eda local. Actualmente, la poblaci\u00f3n est\u00e1 compuesta por alrededor de 10 mil habitantes, en su mayor\u00eda descendientes directos de los mayas tz&#8217;utujiles.\u00a0<\/p><p>Seg\u00fan datos hist\u00f3ricos y\u00a0 demogr\u00e1ficos,\u00a0<a style=\"text-align: var(--text-align)\" href=\"https:\/\/soymigrante.com\/revista\/pueblo-tzutujil-se-cobija-en-el-lago-atitlan-hace-mas-de-7-siglos\/\" target=\"_blank\" rel=\"noopener\">este pueblo habita la zona desde el a\u00f1os 1,250.<\/a><\/p>\t\t\t\t\t\t\t\t<\/div>\n\t\t\t\t\t<\/div>\n\t\t\t\t<\/div>\n\t\t<div data-particle_enable=\"false\" data-particle-mobile-disabled=\"false\" class=\"elementor-element elementor-element-dc19a8d e-flex e-con-boxed e-con e-parent\" data-id=\"dc19a8d\" data-element_type=\"container\" data-e-type=\"container\">\n\t\t\t\t\t<div class=\"e-con-inner\">\n\t\t\t\t<div class=\"elementor-element elementor-element-3f30e3c elementor-widget elementor-widget-video\" data-id=\"3f30e3c\" data-element_type=\"widget\" data-e-type=\"widget\" data-settings=\"{&quot;youtube_url&quot;:&quot;https:\\\/\\\/www.youtube.com\\\/watch?v=atxcxQtVtDE&quot;,&quot;video_type&quot;:&quot;youtube&quot;,&quot;controls&quot;:&quot;yes&quot;}\" data-widget_type=\"video.default\">\n\t\t\t\t\t\t\t<div class=\"elementor-wrapper elementor-open-inline\">\n\t\t\t<div class=\"elementor-video\"><\/div>\t\t<\/div>\n\t\t\t\t\t\t<\/div>\n\t\t\t\t\t<\/div>\n\t\t\t\t<\/div>\n\t\t<div data-particle_enable=\"false\" data-particle-mobile-disabled=\"false\" class=\"elementor-element elementor-element-6e2b1d7 e-flex e-con-boxed e-con e-parent\" data-id=\"6e2b1d7\" data-element_type=\"container\" data-e-type=\"container\">\n\t\t\t\t\t<div class=\"e-con-inner\">\n\t\t\t\t<div class=\"elementor-element elementor-element-4cc7f30 elementor-widget elementor-widget-heading\" data-id=\"4cc7f30\" data-element_type=\"widget\" data-e-type=\"widget\" data-widget_type=\"heading.default\">\n\t\t\t\t\t<h3 class=\"elementor-heading-title elementor-size-default\">Costumbres y tradiciones<\/h3>\t\t\t\t<\/div>\n\t\t\t\t\t<\/div>\n\t\t\t\t<\/div>\n\t\t<div data-particle_enable=\"false\" data-particle-mobile-disabled=\"false\" class=\"elementor-element elementor-element-1e721c9 e-flex e-con-boxed e-con e-parent\" data-id=\"1e721c9\" data-element_type=\"container\" data-e-type=\"container\">\n\t\t\t\t\t<div class=\"e-con-inner\">\n\t\t\t\t<div class=\"elementor-element elementor-element-b367605 elementor-widget elementor-widget-text-editor\" data-id=\"b367605\" data-element_type=\"widget\" data-e-type=\"widget\" data-widget_type=\"text-editor.default\">\n\t\t\t\t\t\t\t\t\t<p>San Pablo La Laguna es un pueblo donde las costumbres ancestrales cobran vida. Las celebraciones religiosas, que combinan tradiciones cat\u00f3licas con rituales mayas, son parte esencial de la cultura local. La fiesta patronal, dedicada a\u00a0<a href=\"https:\/\/soymigrante.com\/revista\/ferias-titulares-municipios-guatemala-enero\/\" target=\"_blank\" rel=\"noopener\">San Pablo Ap\u00f3stol, se celebra el 25 de enero<\/a>\u00a0con procesiones, danzas tradicionales y actividades comunitarias.<\/p><p>El tejido tambi\u00e9n es una de las tradiciones m\u00e1s destacadas. Las mujeres de San Pablo elaboran textiles con dise\u00f1os intrincados que reflejan su herencia cultural y las historias de su pueblo.<\/p><p>Adem\u00e1s, el idioma tz&#8217;utujil se mantiene viva y es hablada por la mayor\u00eda de los habitantes, siendo un componente clave de su identidad.<\/p>\t\t\t\t\t\t\t\t<\/div>\n\t\t\t\t\t<\/div>\n\t\t\t\t<\/div>\n\t\t<div data-particle_enable=\"false\" data-particle-mobile-disabled=\"false\" class=\"elementor-element elementor-element-4a504a2 e-flex e-con-boxed e-con e-parent\" data-id=\"4a504a2\" data-element_type=\"container\" data-e-type=\"container\">\n\t\t\t\t\t<div class=\"e-con-inner\">\n\t\t\t\t<div class=\"elementor-element elementor-element-9a8865d elementor-widget elementor-widget-image\" data-id=\"9a8865d\" data-element_type=\"widget\" data-e-type=\"widget\" data-widget_type=\"image.default\">\n\t\t\t\t\t\t\t\t\t\t\t\t<figure class=\"wp-caption\">\n\t\t\t\t\t\t\t\t\t\t<img decoding=\"async\" width=\"768\" height=\"768\" src=\"https:\/\/soymigrante.com\/revista\/wp-content\/uploads\/2025\/01\/san-pablo-la-laguna-gente-1024x1024.jpg\" class=\"attachment-large size-large wp-image-22861\" alt=\"Colombia mujer ind\u00edgena en vestimenta tradicional con flores y frutas coloridas, en una pose alegre y cultural.\" srcset=\"https:\/\/soymigrante.com\/revista\/wp-content\/uploads\/2025\/01\/san-pablo-la-laguna-gente-1024x1024.jpg 1024w, https:\/\/soymigrante.com\/revista\/wp-content\/uploads\/2025\/01\/san-pablo-la-laguna-gente-300x300.jpg 300w, https:\/\/soymigrante.com\/revista\/wp-content\/uploads\/2025\/01\/san-pablo-la-laguna-gente-150x150.jpg 150w, https:\/\/soymigrante.com\/revista\/wp-content\/uploads\/2025\/01\/san-pablo-la-laguna-gente-768x768.jpg 768w, https:\/\/soymigrante.com\/revista\/wp-content\/uploads\/2025\/01\/san-pablo-la-laguna-gente-75x75.webp 75w, https:\/\/soymigrante.com\/revista\/wp-content\/uploads\/2025\/01\/san-pablo-la-laguna-gente-750x750.webp 750w, https:\/\/soymigrante.com\/revista\/wp-content\/uploads\/2025\/01\/san-pablo-la-laguna-gente.webp 1092w\" sizes=\"(max-width: 768px) 100vw, 768px\" title=\"san pablo la laguna gente \u2013 SoyMigrante.com REVISTA\" \/>\t\t\t\t\t\t\t\t\t\t\t<figcaption class=\"widget-image-caption wp-caption-text\">Mujer ind\u00edgena en vestimenta tradicional con flores y frutas, muestra la riqueza cultural de las comunidades originarias de M\u00e9xico, resaltando el patrimonio y identidad cultural.<\/figcaption>\n\t\t\t\t\t\t\t\t\t\t<\/figure>\n\t\t\t\t\t\t\t\t\t<\/div>\n\t\t\t\t\t<\/div>\n\t\t\t\t<\/div>\n\t\t<div data-particle_enable=\"false\" data-particle-mobile-disabled=\"false\" class=\"elementor-element elementor-element-f4ccb3b e-flex e-con-boxed e-con e-parent\" data-id=\"f4ccb3b\" data-element_type=\"container\" data-e-type=\"container\">\n\t\t\t\t\t<div class=\"e-con-inner\">\n\t\t\t\t<div class=\"elementor-element elementor-element-e7ce1d8 elementor-widget elementor-widget-heading\" data-id=\"e7ce1d8\" data-element_type=\"widget\" data-e-type=\"widget\" data-widget_type=\"heading.default\">\n\t\t\t\t\t<h3 class=\"elementor-heading-title elementor-size-default\">Comida t\u00edpica<\/h3>\t\t\t\t<\/div>\n\t\t\t\t\t<\/div>\n\t\t\t\t<\/div>\n\t\t<div data-particle_enable=\"false\" data-particle-mobile-disabled=\"false\" class=\"elementor-element elementor-element-1146cdb e-flex e-con-boxed e-con e-parent\" data-id=\"1146cdb\" data-element_type=\"container\" data-e-type=\"container\">\n\t\t\t\t\t<div class=\"e-con-inner\">\n\t\t\t\t<div class=\"elementor-element elementor-element-4b0ff2e elementor-widget elementor-widget-text-editor\" data-id=\"4b0ff2e\" data-element_type=\"widget\" data-e-type=\"widget\" data-widget_type=\"text-editor.default\">\n\t\t\t\t\t\t\t\t\t<p>La gastronom\u00eda de San Pablo La Laguna est\u00e1 profundamente influenciada por la tradici\u00f3n maya y los ingredientes locales. Uno de los platillos m\u00e1s representativos es el &#8220;pach\u00edn&#8221;, un tamal preparado con masa de ma\u00edz y especias, envuelto en hojas de mash\u00e1n y cocido al vapor. Tambi\u00e9n destaca el kak&#8217;ik, un caldo de pavo con especias tradicionales, que es muy apreciado en la regi\u00f3n.<\/p><p>El ma\u00edz es un elemento central en su cocina, utilizado para preparar tortillas hechas a mano, atoles y otros alimentos b\u00e1sicos. Las frutas tropicales, como los pl\u00e1tanos y los aguacates, tambi\u00e9n forman parte de la dieta cotidiana.<\/p>\t\t\t\t\t\t\t\t<\/div>\n\t\t\t\t\t<\/div>\n\t\t\t\t<\/div>\n\t\t<div data-particle_enable=\"false\" data-particle-mobile-disabled=\"false\" class=\"elementor-element elementor-element-db70234 e-flex e-con-boxed e-con e-parent\" data-id=\"db70234\" data-element_type=\"container\" data-e-type=\"container\">\n\t\t\t\t\t<div class=\"e-con-inner\">\n\t\t\t\t<div class=\"elementor-element elementor-element-cd48a00 elementor-invisible elementor-widget elementor-widget-facebook-embed\" data-id=\"cd48a00\" data-element_type=\"widget\" data-e-type=\"widget\" data-settings=\"{&quot;_animation&quot;:&quot;zoomInDown&quot;}\" data-widget_type=\"facebook-embed.default\">\n\t\t\t\t\t<div style=\"min-height: 1px\" class=\"elementor-facebook-widget fb-post\" data-href=\"https:\/\/www.facebook.com\/permalink.php\/?story_fbid=2660109244021835&#038;id=1797181480314620\" data-show-text=\"false\"><\/div>\t\t\t\t<\/div>\n\t\t\t\t\t<\/div>\n\t\t\t\t<\/div>\n\t\t<div data-particle_enable=\"false\" data-particle-mobile-disabled=\"false\" class=\"elementor-element elementor-element-0c01385 e-flex e-con-boxed e-con e-parent\" data-id=\"0c01385\" data-element_type=\"container\" data-e-type=\"container\">\n\t\t\t\t\t<div class=\"e-con-inner\">\n\t\t\t\t<div class=\"elementor-element elementor-element-ddab5ff elementor-widget elementor-widget-heading\" data-id=\"ddab5ff\" data-element_type=\"widget\" data-e-type=\"widget\" data-widget_type=\"heading.default\">\n\t\t\t\t\t<h3 class=\"elementor-heading-title elementor-size-default\">\u00bfQu\u00e9 puedes conocer en San Pablo La Laguna?<\/h3>\t\t\t\t<\/div>\n\t\t\t\t\t<\/div>\n\t\t\t\t<\/div>\n\t\t<div data-particle_enable=\"false\" data-particle-mobile-disabled=\"false\" class=\"elementor-element elementor-element-4a87dc9 e-flex e-con-boxed e-con e-parent\" data-id=\"4a87dc9\" data-element_type=\"container\" data-e-type=\"container\">\n\t\t\t\t\t<div class=\"e-con-inner\">\n\t\t\t\t<div class=\"elementor-element elementor-element-40347da elementor-widget elementor-widget-text-editor\" data-id=\"40347da\" data-element_type=\"widget\" data-e-type=\"widget\" data-widget_type=\"text-editor.default\">\n\t\t\t\t\t\t\t\t\t<p>San Pablo La Laguna cuenta con una amplia variedad de atractivos tur\u00edsticos que atraen tanto a viajeros nacionales como internacionales. Entre los m\u00e1s destacados se encuentran:<\/p><ul><li>Miradores naturales: Lugares\u00a0<a href=\"https:\/\/www.youtube.com\/watch?v=LsQClO3GuMM\" target=\"_blank\" rel=\"noopener\">como el Mirador Xe&#8217;kuku&#8217; A&#8217;\u00a0<\/a>proporcionan vistas panor\u00e1micas del lago Atitl\u00e1n y sus volcanes circundantes.<\/li><li>Senderismo: Los alrededores del pueblo ofrecen rutas de senderismo que permiten explorar la flora y fauna local, as\u00ed como disfrutar de paisajes impresionantes.<\/li><li>Arte y cultura: San Pablo alberga talleres de textiles y artesan\u00edas, donde los visitantes pueden aprender sobre los procesos tradicionales de tejido y adquirir piezas \u00fanicas.<\/li><li>Experiencias comunitarias: Los turistas tienen la oportunidad de participar en actividades culturales, como ceremonias mayas, y aprender sobre las costumbres locales directamente de los residentes.<\/li><\/ul><div>Con informaci\u00f3n de Ceur \/ Usac.<\/div>\t\t\t\t\t\t\t\t<\/div>\n\t\t\t\t\t<\/div>\n\t\t\t\t<\/div>\n\t\t<div data-particle_enable=\"false\" data-particle-mobile-disabled=\"false\" class=\"elementor-element elementor-element-8f911ed e-flex e-con-boxed e-con e-parent\" data-id=\"8f911ed\" data-element_type=\"container\" data-e-type=\"container\">\n\t\t\t\t\t<div class=\"e-con-inner\">\n\t\t\t\t<div class=\"elementor-element elementor-element-794d559 elementor-widget elementor-widget-video\" data-id=\"794d559\" data-element_type=\"widget\" data-e-type=\"widget\" data-settings=\"{&quot;youtube_url&quot;:&quot;https:\\\/\\\/www.youtube.com\\\/watch?v=LsQClO3GuMM&quot;,&quot;video_type&quot;:&quot;youtube&quot;,&quot;controls&quot;:&quot;yes&quot;}\" data-widget_type=\"video.default\">\n\t\t\t\t\t\t\t<div class=\"elementor-wrapper elementor-open-inline\">\n\t\t\t<div class=\"elementor-video\"><\/div>\t\t<\/div>\n\t\t\t\t\t\t<\/div>\n\t\t\t\t\t<\/div>\n\t\t\t\t<\/div>\n\t\t<div data-particle_enable=\"false\" data-particle-mobile-disabled=\"false\" class=\"elementor-element elementor-element-af5cca2 e-flex e-con-boxed e-con e-parent\" data-id=\"af5cca2\" data-element_type=\"container\" data-e-type=\"container\">\n\t\t\t\t\t<div class=\"e-con-inner\">\n\t\t\t\t<div class=\"elementor-element elementor-element-5a427dd elementor-widget elementor-widget-heading\" data-id=\"5a427dd\" data-element_type=\"widget\" data-e-type=\"widget\" data-widget_type=\"heading.default\">\n\t\t\t\t\t<h3 class=\"elementor-heading-title elementor-size-default\">Los pueblos por explorar en Guatemala<\/h3>\t\t\t\t<\/div>\n\t\t\t\t\t<\/div>\n\t\t\t\t<\/div>\n\t\t<div data-particle_enable=\"false\" data-particle-mobile-disabled=\"false\" class=\"elementor-element elementor-element-f0e245a e-flex e-con-boxed e-con e-parent\" data-id=\"f0e245a\" data-element_type=\"container\" data-e-type=\"container\">\n\t\t\t\t\t<div class=\"e-con-inner\">\n\t\t\t\t<div class=\"elementor-element elementor-element-2b07ed4 elementor-grid-eael-col-3 elementor-grid-tablet-eael-col-2 elementor-grid-mobile-eael-col-1 elementor-widget elementor-widget-eael-post-grid\" data-id=\"2b07ed4\" data-element_type=\"widget\" data-e-type=\"widget\" data-settings=\"{&quot;eael_post_grid_columns&quot;:&quot;eael-col-3&quot;,&quot;eael_post_grid_columns_tablet&quot;:&quot;eael-col-2&quot;,&quot;eael_post_grid_columns_mobile&quot;:&quot;eael-col-1&quot;}\" data-widget_type=\"eael-post-grid.default\">\n\t\t\t\t\t<div id=\"eael-post-grid-2b07ed4\" class=\"eael-post-grid-container\">\n            <div class=\"eael-post-grid eael-post-appender eael-post-appender-2b07ed4 eael-post-grid-style-one\" data-layout-mode=\"masonry\"><article class=\"eael-grid-post  eael-post-grid-column eael-pg-post-9399 category-pueblos-de-guatemala\" data-id=\"9399\">\n        <div class=\"eael-grid-post-holder\">\n            <div class=\"eael-grid-post-holder-inner\"><div class=\"eael-entry-media\"><div class=\"eael-entry-overlay fade-in\"><i class=\"far fa-hand-pointer\" aria-hidden=\"true\"><\/i><a href=\"https:\/\/soymigrante.com\/revista\/pueblo-tektikeko-tiene-1500-anos-de-existencia-y-18-giros-para-llegar\/\"><\/a><\/div><div class=\"eael-entry-thumbnail \">\n                <img decoding=\"async\" width=\"956\" height=\"956\" src=\"https:\/\/soymigrante.com\/revista\/wp-content\/uploads\/2024\/09\/tektiteka-almg.webp\" class=\"attachment-large size-large wp-image-9401\" alt=\"Ni\u00f1a ind\u00edgena en trajes tradicionales con m\u00fasica y naturaleza en un paisaje monta\u00f1oso.\" srcset=\"https:\/\/soymigrante.com\/revista\/wp-content\/uploads\/2024\/09\/tektiteka-almg.webp 956w, https:\/\/soymigrante.com\/revista\/wp-content\/uploads\/2024\/09\/tektiteka-almg-300x300.webp 300w, https:\/\/soymigrante.com\/revista\/wp-content\/uploads\/2024\/09\/tektiteka-almg-150x150.webp 150w, https:\/\/soymigrante.com\/revista\/wp-content\/uploads\/2024\/09\/tektiteka-almg-768x768.webp 768w, https:\/\/soymigrante.com\/revista\/wp-content\/uploads\/2024\/09\/tektiteka-almg-75x75.webp 75w, https:\/\/soymigrante.com\/revista\/wp-content\/uploads\/2024\/09\/tektiteka-almg-750x750.webp 750w\" sizes=\"(max-width: 956px) 100vw, 956px\" \/>\n            <\/div>\n        <\/div><div class=\"eael-entry-wrapper\"><header class=\"eael-entry-header\"><h2 class=\"eael-entry-title\"><a class=\"eael-grid-post-link\" href=\"https:\/\/soymigrante.com\/revista\/pueblo-tektikeko-tiene-1500-anos-de-existencia-y-18-giros-para-llegar\/\" title=\"Pueblo Tektikeko tiene 1,500 a\u00f1os de existencia y 18 giros para llegar\">Pueblo Tektikeko tiene 1,500 a\u00f1os de existencia y 18 giros para llegar<\/a><\/h2><\/header><div class=\"eael-entry-content\">\n                        <div class=\"eael-grid-post-excerpt\"><a href=\"https:\/\/soymigrante.com\/revista\/pueblo-tektikeko-tiene-1500-anos-de-existencia-y-18-giros-para-llegar\/\" class=\"eael-post-elements-readmore-btn\">CONOCE SU HISTORIA <\/a><\/div>\n                    <\/div><\/div><\/div>\n        <\/div>\n    <\/article><article class=\"eael-grid-post  eael-post-grid-column eael-pg-post-9006 category-pueblos-de-guatemala\" data-id=\"9006\">\n        <div class=\"eael-grid-post-holder\">\n            <div class=\"eael-grid-post-holder-inner\"><div class=\"eael-entry-media\"><div class=\"eael-entry-overlay fade-in\"><i class=\"far fa-hand-pointer\" aria-hidden=\"true\"><\/i><a href=\"https:\/\/soymigrante.com\/revista\/tzunun-tzii-es-el-nombre-prehispanico-del-pueblo-uspanteko-y-su-nahual-es-un-colibri\/\"><\/a><\/div><div class=\"eael-entry-thumbnail \">\n                <img loading=\"lazy\" decoding=\"async\" width=\"1024\" height=\"1024\" src=\"https:\/\/soymigrante.com\/revista\/wp-content\/uploads\/2024\/09\/uspanteko-1024x1024.webp\" class=\"attachment-large size-large wp-image-9460\" alt=\"Princesas del pueblo Uspanteko, foto Muni Uspantan\" srcset=\"https:\/\/soymigrante.com\/revista\/wp-content\/uploads\/2024\/09\/uspanteko-1024x1024.webp 1024w, https:\/\/soymigrante.com\/revista\/wp-content\/uploads\/2024\/09\/uspanteko-300x300.webp 300w, https:\/\/soymigrante.com\/revista\/wp-content\/uploads\/2024\/09\/uspanteko-150x150.webp 150w, https:\/\/soymigrante.com\/revista\/wp-content\/uploads\/2024\/09\/uspanteko-768x768.webp 768w, https:\/\/soymigrante.com\/revista\/wp-content\/uploads\/2024\/09\/uspanteko-75x75.webp 75w, https:\/\/soymigrante.com\/revista\/wp-content\/uploads\/2024\/09\/uspanteko-750x750.webp 750w, https:\/\/soymigrante.com\/revista\/wp-content\/uploads\/2024\/09\/uspanteko-1140x1140.webp 1140w, https:\/\/soymigrante.com\/revista\/wp-content\/uploads\/2024\/09\/uspanteko.webp 1401w\" sizes=\"(max-width: 1024px) 100vw, 1024px\" \/>\n            <\/div>\n        <\/div><div class=\"eael-entry-wrapper\"><header class=\"eael-entry-header\"><h2 class=\"eael-entry-title\"><a class=\"eael-grid-post-link\" href=\"https:\/\/soymigrante.com\/revista\/tzunun-tzii-es-el-nombre-prehispanico-del-pueblo-uspanteko-y-su-nahual-es-un-colibri\/\" title=\"Tz&#8217;unun Tziij es el nombre prehisp\u00e1nico del pueblo Uspanteko y su nahual es un colibr\u00ed\">Tz&#8217;unun Tziij es el nombre prehisp\u00e1nico del pueblo Uspanteko y su nahual es un colibr\u00ed<\/a><\/h2><\/header><div class=\"eael-entry-content\">\n                        <div class=\"eael-grid-post-excerpt\"><a href=\"https:\/\/soymigrante.com\/revista\/tzunun-tzii-es-el-nombre-prehispanico-del-pueblo-uspanteko-y-su-nahual-es-un-colibri\/\" class=\"eael-post-elements-readmore-btn\">CONOCE SU HISTORIA <\/a><\/div>\n                    <\/div><\/div><\/div>\n        <\/div>\n    <\/article><article class=\"eael-grid-post  eael-post-grid-column eael-pg-post-9481 category-pueblos-de-guatemala\" data-id=\"9481\">\n        <div class=\"eael-grid-post-holder\">\n            <div class=\"eael-grid-post-holder-inner\"><div class=\"eael-entry-media\"><div class=\"eael-entry-overlay fade-in\"><i class=\"far fa-hand-pointer\" aria-hidden=\"true\"><\/i><a href=\"https:\/\/soymigrante.com\/revista\/pueblo-xinka-esta-vivo-y-presente-en-el-suroriente-guatemalteco\/\"><\/a><\/div><div class=\"eael-entry-thumbnail \">\n                <img loading=\"lazy\" decoding=\"async\" width=\"845\" height=\"845\" src=\"https:\/\/soymigrante.com\/revista\/wp-content\/uploads\/2024\/09\/xincas.webp\" class=\"attachment-large size-large wp-image-9482\" alt=\"Pueblo Xinka est\u00e1 vivo y presente en el suroriente guatemalteco\" srcset=\"https:\/\/soymigrante.com\/revista\/wp-content\/uploads\/2024\/09\/xincas.webp 845w, https:\/\/soymigrante.com\/revista\/wp-content\/uploads\/2024\/09\/xincas-300x300.webp 300w, https:\/\/soymigrante.com\/revista\/wp-content\/uploads\/2024\/09\/xincas-150x150.webp 150w, https:\/\/soymigrante.com\/revista\/wp-content\/uploads\/2024\/09\/xincas-768x768.webp 768w, https:\/\/soymigrante.com\/revista\/wp-content\/uploads\/2024\/09\/xincas-75x75.webp 75w, https:\/\/soymigrante.com\/revista\/wp-content\/uploads\/2024\/09\/xincas-750x750.webp 750w\" sizes=\"(max-width: 845px) 100vw, 845px\" \/>\n            <\/div>\n        <\/div><div class=\"eael-entry-wrapper\"><header class=\"eael-entry-header\"><h2 class=\"eael-entry-title\"><a class=\"eael-grid-post-link\" href=\"https:\/\/soymigrante.com\/revista\/pueblo-xinka-esta-vivo-y-presente-en-el-suroriente-guatemalteco\/\" title=\"Pueblo Xinka est\u00e1 vivo y presente en el suroriente guatemalteco\">Pueblo Xinka est\u00e1 vivo y presente en el suroriente guatemalteco<\/a><\/h2><\/header><div class=\"eael-entry-content\">\n                        <div class=\"eael-grid-post-excerpt\"><a href=\"https:\/\/soymigrante.com\/revista\/pueblo-xinka-esta-vivo-y-presente-en-el-suroriente-guatemalteco\/\" class=\"eael-post-elements-readmore-btn\">CONOCE SU HISTORIA <\/a><\/div>\n                    <\/div><\/div><\/div>\n        <\/div>\n    <\/article><\/div>\n            <div class=\"clearfix\"><\/div>\n        <\/div>\t\t\t\t<\/div>\n\t\t\t\t\t<\/div>\n\t\t\t\t<\/div>\n\t\t\t\t<\/div>\n\t\t","protected":false},"excerpt":{"rendered":"<p>San Pablo La Laguna, un rinc\u00f3n lleno de historia y tradici\u00f3n en el coraz\u00f3n del altiplano guatemalteco, guarda entre sus calles y paisajes el esp\u00edritu de un pueblo maya tz&#8217;utujil que conecta el pasado con el presente. Con\u00f3celo m\u00e1s en este art\u00edculo. Desde sus costumbres ancestrales hasta sus platos t\u00edpicos y maravillas naturales, San Pablo [&hellip;]<\/p>\n","protected":false},"author":23,"featured_media":22861,"comment_status":"open","ping_status":"open","sticky":false,"template":"","format":"standard","meta":{"_acf_changed":false,"_eb_attr":"","footnotes":""},"categories":[58],"tags":[],"class_list":["post-22821","post","type-post","status-publish","format-standard","has-post-thumbnail","hentry","category-guate-nuestra"],"acf":[],"aioseo_notices":[],"aioseo_head":"\n\t\t<!-- All in One SEO Pro 4.9.6.2 - aioseo.com -->\n\t<meta name=\"description\" content=\"Reducci\u00f3n de hablantes y subregistros, accidentales o deliberados, llevaron por d\u00e9cadas a creer ue el pueblo Xinca ya no exist\u00eda. Pero est\u00e1 all\u00ed vivo y presente.\" \/>\n\t<meta name=\"robots\" content=\"max-snippet:-1, max-image-preview:large, max-video-preview:-1\" \/>\n\t<meta name=\"author\" content=\"Edwin Castro\"\/>\n\t<link rel=\"canonical\" href=\"https:\/\/soymigrante.com\/revista\/pueblo-xinka-esta-vivo-y-presente-en-el-suroriente-guatemalteco\/\" \/>\n\t<meta name=\"generator\" content=\"All in One SEO Pro (AIOSEO) 4.9.6.2\" \/>\n\n\t\t<link rel=\"preconnect\" href=\"https:\/\/fonts.googleapis.com\" crossorigin>\n<link rel=\"preconnect\" href=\"https:\/\/fonts.gstatic.com\" crossorigin>\n\t\t<meta property=\"og:locale\" content=\"es_ES\" \/>\n\t\t<meta property=\"og:site_name\" content=\"SoyMigrante.com REVISTA \u2013 Nuestra misi\u00f3n es reconocer y dignificar al migrante.\" \/>\n\t\t<meta property=\"og:type\" content=\"article\" \/>\n\t\t<meta property=\"og:title\" content=\"Pueblo Xinca est\u00e1 presente en el suroriente guatemalteco\" \/>\n\t\t<meta property=\"og:description\" content=\"Reducci\u00f3n de hablantes y subregistros, accidentales o deliberados, llevaron por d\u00e9cadas a creer ue el pueblo Xinca ya no exist\u00eda. Pero est\u00e1 all\u00ed vivo y presente.\" \/>\n\t\t<meta property=\"og:url\" content=\"https:\/\/soymigrante.com\/revista\/pueblo-xinka-esta-vivo-y-presente-en-el-suroriente-guatemalteco\/\" \/>\n\t\t<meta property=\"og:image\" content=\"https:\/\/soymigrante.com\/revista\/wp-content\/uploads\/2024\/09\/xincas.webp\" \/>\n\t\t<meta property=\"og:image:secure_url\" content=\"https:\/\/soymigrante.com\/revista\/wp-content\/uploads\/2024\/09\/xincas.webp\" \/>\n\t\t<meta property=\"og:image:width\" content=\"845\" \/>\n\t\t<meta property=\"og:image:height\" content=\"845\" \/>\n\t\t<meta property=\"article:published_time\" content=\"2024-09-20T17:09:28+00:00\" \/>\n\t\t<meta property=\"article:modified_time\" content=\"2025-09-17T13:44:44+00:00\" \/>\n\t\t<meta property=\"article:publisher\" content=\"https:\/\/www.facebook.com\/soymigrantecom\" \/>\n\t\t<meta name=\"twitter:card\" content=\"summary_large_image\" \/>\n\t\t<meta name=\"twitter:site\" content=\"@SoyMigrante_com\" \/>\n\t\t<meta name=\"twitter:title\" content=\"Pueblo Xinca est\u00e1 presente en el suroriente guatemalteco\" \/>\n\t\t<meta name=\"twitter:description\" content=\"Reducci\u00f3n de hablantes y subregistros, accidentales o deliberados, llevaron por d\u00e9cadas a creer ue el pueblo Xinca ya no exist\u00eda. Pero est\u00e1 all\u00ed vivo y presente.\" \/>\n\t\t<meta name=\"twitter:creator\" content=\"@SoyMigrante_com\" \/>\n\t\t<meta name=\"twitter:image\" content=\"https:\/\/soymigrante.com\/revista\/wp-content\/uploads\/2024\/09\/xincas.webp\" \/>\n\t\t<!-- All in One SEO Pro -->\r\n\t\t<title>Pueblo Xinca est\u00e1 presente en el suroriente guatemalteco<\/title>\n\n","aioseo_head_json":{"title":"Pueblo Xinca est\u00e1 presente en el suroriente guatemalteco","description":"Reducci\u00f3n de hablantes y subregistros, accidentales o deliberados, llevaron por d\u00e9cadas a creer ue el pueblo Xinca ya no exist\u00eda. Pero est\u00e1 all\u00ed vivo y presente.","canonical_url":"https:\/\/soymigrante.com\/revista\/pueblo-xinka-esta-vivo-y-presente-en-el-suroriente-guatemalteco\/","robots":"max-snippet:-1, max-image-preview:large, max-video-preview:-1","keywords":"","webmasterTools":{"miscellaneous":"&lt;link rel=\"preconnect\" href=\"https:\/\/fonts.googleapis.com\" crossorigin&gt;\n&lt;link rel=\"preconnect\" href=\"https:\/\/fonts.gstatic.com\" crossorigin&gt;"},"schema":null,"og:locale":"es_ES","og:site_name":"SoyMigrante.com REVISTA \u2013 Nuestra misi\u00f3n es reconocer y dignificar al migrante.","og:type":"article","og:title":"Pueblo Xinca est\u00e1 presente en el suroriente guatemalteco","og:description":"Reducci\u00f3n de hablantes y subregistros, accidentales o deliberados, llevaron por d\u00e9cadas a creer ue el pueblo Xinca ya no exist\u00eda. Pero est\u00e1 all\u00ed vivo y presente.","og:url":"https:\/\/soymigrante.com\/revista\/pueblo-xinka-esta-vivo-y-presente-en-el-suroriente-guatemalteco\/","og:image":"https:\/\/soymigrante.com\/revista\/wp-content\/uploads\/2024\/09\/xincas.webp","og:image:secure_url":"https:\/\/soymigrante.com\/revista\/wp-content\/uploads\/2024\/09\/xincas.webp","og:image:width":845,"og:image:height":845,"article:published_time":"2024-09-20T17:09:28+00:00","article:modified_time":"2025-09-17T13:44:44+00:00","article:publisher":"https:\/\/www.facebook.com\/soymigrantecom","twitter:card":"summary_large_image","twitter:site":"@SoyMigrante_com","twitter:title":"Pueblo Xinca est\u00e1 presente en el suroriente guatemalteco","twitter:description":"Reducci\u00f3n de hablantes y subregistros, accidentales o deliberados, llevaron por d\u00e9cadas a creer ue el pueblo Xinca ya no exist\u00eda. Pero est\u00e1 all\u00ed vivo y presente.","twitter:creator":"@SoyMigrante_com","twitter:image":"https:\/\/soymigrante.com\/revista\/wp-content\/uploads\/2024\/09\/xincas.webp"},"aioseo_meta_data":{"post_id":"22821","title":"San Pablo La Laguna: Tradici\u00f3n, historia y encanto tz'utujil","description":"San Pablo La Laguna, un rinc\u00f3n lleno de historia y tradici\u00f3n a la orilla del lago de Atitl\u00e1n, Solol\u00e1. En sus calles se dan la mano el pasado y el presente.","keywords":null,"keyphrases":{"focus":{"keyphrase":"San Pablo La Laguna","score":91,"analysis":{"keyphraseInTitle":{"score":9,"maxScore":9,"error":0},"keyphraseInDescription":{"score":9,"maxScore":9,"error":0},"keyphraseLength":{"score":9,"maxScore":9,"error":0,"length":4},"keyphraseInURL":{"score":5,"maxScore":5,"error":0},"keyphraseInIntroduction":{"score":9,"maxScore":9,"error":0},"keyphraseInSubHeadings":{"score":9,"maxScore":9,"error":0},"keyphraseInImageAlt":{"score":3,"maxScore":9,"error":1},"keywordDensity":{"type":"best","score":9,"maxScore":9,"error":0}}},"additional":[{"keyphrase":"Tz'utijil","score":40,"analysis":{"keyphraseInDescription":{"score":3,"maxScore":9,"error":1},"keyphraseLength":{"score":9,"maxScore":9,"error":0,"length":1},"keyphraseInIntroduction":{"score":3,"maxScore":9,"error":1},"keyphraseInImageAlt":{"score":3,"maxScore":9,"error":1},"keywordDensity":{"score":0,"type":"low","maxScore":9,"error":1}}},{"keyphrase":"Atitl\u00e1n","score":87,"analysis":{"keyphraseInDescription":{"score":9,"maxScore":9,"error":0},"keyphraseLength":{"score":9,"maxScore":9,"error":0,"length":2},"keyphraseInIntroduction":{"score":9,"maxScore":9,"error":0},"keyphraseInImageAlt":{"score":3,"maxScore":9,"error":1},"keywordDensity":{"type":"best","score":9,"maxScore":9,"error":0}}},{"keyphrase":"Solol\u00e1","score":53,"analysis":{"keyphraseInDescription":{"score":9,"maxScore":9,"error":0},"keyphraseLength":{"score":9,"maxScore":9,"error":0,"length":1},"keyphraseInIntroduction":{"score":3,"maxScore":9,"error":1},"keyphraseInImageAlt":{"score":3,"maxScore":9,"error":1},"keywordDensity":{"score":0,"type":"low","maxScore":9,"error":1}}},{"keyphrase":"Guatemala","score":53,"analysis":{"keyphraseInDescription":{"score":3,"maxScore":9,"error":1},"keyphraseLength":{"score":9,"maxScore":9,"error":0,"length":1},"keyphraseInIntroduction":{"score":3,"maxScore":9,"error":1},"keyphraseInImageAlt":{"score":9,"maxScore":9,"error":0},"keywordDensity":{"score":0,"type":"low","maxScore":9,"error":1}}},{"keyphrase":"soy migrante","score":40,"analysis":{"keyphraseInDescription":{"score":3,"maxScore":9,"error":1},"keyphraseLength":{"score":9,"maxScore":9,"error":0,"length":2},"keyphraseInIntroduction":{"score":3,"maxScore":9,"error":1},"keyphraseInImageAlt":{"score":3,"maxScore":9,"error":1},"keywordDensity":{"score":0,"type":"low","maxScore":9,"error":1}}},{"keyphrase":"pueblos del lago atitlan","score":40,"analysis":{"keyphraseInDescription":{"score":3,"maxScore":9,"error":1},"keyphraseLength":{"score":9,"maxScore":9,"error":0,"length":4},"keyphraseInIntroduction":{"score":3,"maxScore":9,"error":1},"keyphraseInImageAlt":{"score":3,"maxScore":9,"error":1},"keywordDensity":{"score":0,"type":"low","maxScore":9,"error":1}}}]},"primary_term":null,"canonical_url":null,"og_title":null,"og_description":null,"og_object_type":"default","og_image_type":"default","og_image_url":null,"og_image_width":null,"og_image_height":null,"og_image_custom_url":null,"og_image_custom_fields":null,"og_video":"","og_custom_url":null,"og_article_section":null,"og_article_tags":null,"twitter_use_og":false,"twitter_card":"default","twitter_image_type":"default","twitter_image_url":null,"twitter_image_custom_url":null,"twitter_image_custom_fields":null,"twitter_title":null,"twitter_description":null,"schema":{"blockGraphs":[],"customGraphs":[],"default":{"data":{"Article":[],"Course":[],"Dataset":[],"FAQPage":[],"Movie":[],"Person":[],"Product":[],"ProductReview":[],"Car":[],"Recipe":[],"Service":[],"SoftwareApplication":[],"WebPage":[]},"graphName":"BlogPosting","isEnabled":true},"graphs":[]},"schema_type":"default","schema_type_options":null,"pillar_content":false,"robots_default":true,"robots_noindex":false,"robots_noarchive":false,"robots_nosnippet":false,"robots_nofollow":false,"robots_noimageindex":false,"robots_noodp":false,"robots_notranslate":false,"robots_max_snippet":"-1","robots_max_videopreview":"-1","robots_max_imagepreview":"large","priority":null,"frequency":"default","local_seo":null,"seo_analyzer_scan_date":"2025-10-09 02:21:19","breadcrumb_settings":null,"limit_modified_date":false,"reviewed_by":null,"open_ai":"{\"title\":{\"suggestions\":[],\"usage\":0},\"description\":{\"suggestions\":[],\"usage\":0}}","ai":null,"created":"2025-01-27 22:44:59","updated":"2026-02-04 21:04:41"},"aioseo_breadcrumb":"<div class=\"aioseo-breadcrumbs\"><span class=\"aioseo-breadcrumb\">\n\t<a href=\"https:\/\/soymigrante.com\/revista\" title=\"Home\">Home<\/a>\n<\/span><span class=\"aioseo-breadcrumb-separator\">\u00bb<\/span><span class=\"aioseo-breadcrumb\">\n\t<a href=\"https:\/\/soymigrante.com\/revista\/category\/guate-nuestra\/\" title=\"Guate Nuestra\">Guate Nuestra<\/a>\n<\/span><span class=\"aioseo-breadcrumb-separator\">\u00bb<\/span><span class=\"aioseo-breadcrumb\">\n\tSan Pablo La Laguna: Tradici\u00f3n, historia y encanto del pueblo tz\u2019utujil\n<\/span><\/div>","aioseo_breadcrumb_json":[{"label":"Home","link":"https:\/\/soymigrante.com\/revista"},{"label":"Guate Nuestra","link":"https:\/\/soymigrante.com\/revista\/category\/guate-nuestra\/"},{"label":"San Pablo La Laguna: Tradici\u00f3n, historia y encanto del pueblo tz&#8217;utujil","link":"https:\/\/soymigrante.com\/revista\/san-pablo-la-laguna-tradicion-historia-y-encanto-del-pueblo-tzutujil\/"}],"_links":{"self":[{"href":"https:\/\/soymigrante.com\/revista\/wp-json\/wp\/v2\/posts\/22821","targetHints":{"allow":["GET"]}}],"collection":[{"href":"https:\/\/soymigrante.com\/revista\/wp-json\/wp\/v2\/posts"}],"about":[{"href":"https:\/\/soymigrante.com\/revista\/wp-json\/wp\/v2\/types\/post"}],"author":[{"embeddable":true,"href":"https:\/\/soymigrante.com\/revista\/wp-json\/wp\/v2\/users\/23"}],"replies":[{"embeddable":true,"href":"https:\/\/soymigrante.com\/revista\/wp-json\/wp\/v2\/comments?post=22821"}],"version-history":[{"count":0,"href":"https:\/\/soymigrante.com\/revista\/wp-json\/wp\/v2\/posts\/22821\/revisions"}],"wp:featuredmedia":[{"embeddable":true,"href":"https:\/\/soymigrante.com\/revista\/wp-json\/wp\/v2\/media\/22861"}],"wp:attachment":[{"href":"https:\/\/soymigrante.com\/revista\/wp-json\/wp\/v2\/media?parent=22821"}],"wp:term":[{"taxonomy":"category","embeddable":true,"href":"https:\/\/soymigrante.com\/revista\/wp-json\/wp\/v2\/categories?post=22821"},{"taxonomy":"post_tag","embeddable":true,"href":"https:\/\/soymigrante.com\/revista\/wp-json\/wp\/v2\/tags?post=22821"}],"curies":[{"name":"wp","href":"https:\/\/api.w.org\/{rel}","templated":true}]}}