{"id":22775,"date":"2025-01-27T16:20:55","date_gmt":"2025-01-27T22:20:55","guid":{"rendered":"https:\/\/soymigrante.com\/revista\/?p=22775"},"modified":"2025-01-27T20:10:54","modified_gmt":"2025-01-28T02:10:54","slug":"impulsan-proyecto-para-fortalecer-la-reintegracion-de-migrantes-retornados-al-pais","status":"publish","type":"post","link":"https:\/\/soymigrante.com\/revista\/impulsan-proyecto-para-fortalecer-la-reintegracion-de-migrantes-retornados-al-pais\/","title":{"rendered":"Impulsan proyecto para fortalecer la reintegraci\u00f3n de migrantes retornados al pa\u00eds"},"content":{"rendered":"\t\t<div data-elementor-type=\"wp-post\" data-elementor-id=\"22775\" class=\"elementor elementor-22775\" data-elementor-post-type=\"post\">\n\t\t\t\t<div data-particle_enable=\"false\" data-particle-mobile-disabled=\"false\" class=\"elementor-element elementor-element-f0a0ef5 e-flex e-con-boxed e-con e-parent\" data-id=\"f0a0ef5\" data-element_type=\"container\" data-e-type=\"container\">\n\t\t\t\t\t<div class=\"e-con-inner\">\n\t\t\t\t<div class=\"elementor-element elementor-element-77ce125 elementor-widget elementor-widget-heading\" data-id=\"77ce125\" data-element_type=\"widget\" data-e-type=\"widget\" data-widget_type=\"heading.default\">\n\t\t\t\t\t<h2 class=\"elementor-heading-title elementor-size-default\">Con el objetivo de atender las condiciones de vulnerabilidad de los guatemaltecos retornados, la OIM present\u00f3 un proyecto financiado por Corea que combina asistencia humanitaria, capacitaci\u00f3n econ\u00f3mica y estrategias de reintegraci\u00f3n sostenible de los guatemaltecos que regresan al pa\u00eds.<\/h2>\t\t\t\t<\/div>\n\t\t\t\t\t<\/div>\n\t\t\t\t<\/div>\n\t\t<div data-particle_enable=\"false\" data-particle-mobile-disabled=\"false\" class=\"elementor-element elementor-element-679cb06 e-flex e-con-boxed e-con e-parent\" data-id=\"679cb06\" data-element_type=\"container\" data-e-type=\"container\">\n\t\t\t\t\t<div class=\"e-con-inner\">\n\t\t\t\t<div class=\"elementor-element elementor-element-166f9eb elementor-widget elementor-widget-html\" data-id=\"166f9eb\" data-element_type=\"widget\" data-e-type=\"widget\" data-widget_type=\"html.default\">\n\t\t\t\t\t<div id=\"buzzsprout-player-16515575\"><\/div><script src=\"https:\/\/www.buzzsprout.com\/2444168\/episodes\/16515575-reintegracion-de-migrantes-retornados-a-guatemala.js?container_id=buzzsprout-player-16515575&player=small\" type=\"text\/javascript\" charset=\"utf-8\"><\/script>\t\t\t\t<\/div>\n\t\t\t\t<div class=\"elementor-element elementor-element-c9055b1 elementor-widget elementor-widget-text-editor\" data-id=\"c9055b1\" data-element_type=\"widget\" data-e-type=\"widget\" data-widget_type=\"text-editor.default\">\n\t\t\t\t\t\t\t\t\t<p>La Organizaci\u00f3n Internacional para las Migraciones (OIM), con el respaldo de la Rep\u00fablica de Corea, ha lanzado un proyecto innovador para mejorar los servicios de reintegraci\u00f3n de los guatemaltecos retornados. Esta iniciativa busca atender a miles de personas que regresan al pa\u00eds en condiciones de vulnerabilidad y con acceso limitado a recursos, mediante estrategias sostenibles y un enfoque centrado en las personas.<\/p>\n<p>El proyecto, financiado por Corea y con una duraci\u00f3n inicial de un a\u00f1o, se implementar\u00e1 en Ciudad de Guatemala, Quetzaltenango y&nbsp;<a href=\"https:\/\/soymigrante.com\/revista\/cinco-parques-tematicos-en-retalhuleu-que-si-o-si-debes-visitar\/\" target=\"_blank\">Retalhuleu<\/a>, con posibilidades de expandirse seg\u00fan las necesidades identificadas en coordinaci\u00f3n con el Instituto Guatemalteco de Migraci\u00f3n (IGM). La iniciativa se alinea con el Plan Retorno al Hogar del gobierno guatemalteco y responde al creciente n\u00famero de retornados: m\u00e1s de 75 mil en 2024 y m\u00e1s de 80 mil en 2023, seg\u00fan datos proporcionados por la OIM.<\/p>\t\t\t\t\t\t\t\t<\/div>\n\t\t\t\t\t<\/div>\n\t\t\t\t<\/div>\n\t\t<div data-particle_enable=\"false\" data-particle-mobile-disabled=\"false\" class=\"elementor-element elementor-element-641e911 e-flex e-con-boxed e-con e-parent\" data-id=\"641e911\" data-element_type=\"container\" data-e-type=\"container\">\n\t\t\t\t\t<div class=\"e-con-inner\">\n\t\t\t\t<div class=\"elementor-element elementor-element-6f9883c elementor-widget elementor-widget-image\" data-id=\"6f9883c\" data-element_type=\"widget\" data-e-type=\"widget\" data-widget_type=\"image.default\">\n\t\t\t\t\t\t\t\t\t\t\t\t<figure class=\"wp-caption\">\n\t\t\t\t\t\t\t\t\t\t<img fetchpriority=\"high\" decoding=\"async\" width=\"768\" height=\"409\" src=\"https:\/\/soymigrante.com\/revista\/wp-content\/uploads\/2025\/01\/trabajo-migrantes-2-1024x545.jpg\" class=\"attachment-large size-large wp-image-22798\" alt=\"Trabajadores agr\u00edcolas en un campo cultivando y cosechando, destacando el trabajo rural y la emigraci\u00f3n agr\u00edcola en Am\u00e9rica Latina para la revista SoyMigrante.\" srcset=\"https:\/\/soymigrante.com\/revista\/wp-content\/uploads\/2025\/01\/trabajo-migrantes-2-1024x545.jpg 1024w, https:\/\/soymigrante.com\/revista\/wp-content\/uploads\/2025\/01\/trabajo-migrantes-2-300x160.jpg 300w, https:\/\/soymigrante.com\/revista\/wp-content\/uploads\/2025\/01\/trabajo-migrantes-2-768x409.jpg 768w, https:\/\/soymigrante.com\/revista\/wp-content\/uploads\/2025\/01\/trabajo-migrantes-2-1536x817.jpg 1536w, https:\/\/soymigrante.com\/revista\/wp-content\/uploads\/2025\/01\/trabajo-migrantes-2-2048x1090.jpg 2048w, https:\/\/soymigrante.com\/revista\/wp-content\/uploads\/2025\/01\/trabajo-migrantes-2-750x399.webp 750w, https:\/\/soymigrante.com\/revista\/wp-content\/uploads\/2025\/01\/trabajo-migrantes-2-1140x606.webp 1140w, https:\/\/soymigrante.com\/revista\/wp-content\/uploads\/2025\/01\/trabajo-migrantes-2-scaled.webp 1920w\" sizes=\"(max-width: 768px) 100vw, 768px\" title=\"trabajo migrantes 2 \u2013 SoyMigrante.com REVISTA\" \/>\t\t\t\t\t\t\t\t\t\t\t<figcaption class=\"widget-image-caption wp-caption-text\">En el 2020 hab\u00eda en el mundo aproximadamente 281 millones de migrantes en el mu do, seg\u00fan la OIM.<\/figcaption>\n\t\t\t\t\t\t\t\t\t\t<\/figure>\n\t\t\t\t\t\t\t\t\t<\/div>\n\t\t\t\t\t<\/div>\n\t\t\t\t<\/div>\n\t\t<div data-particle_enable=\"false\" data-particle-mobile-disabled=\"false\" class=\"elementor-element elementor-element-4e7defb e-flex e-con-boxed e-con e-parent\" data-id=\"4e7defb\" data-element_type=\"container\" data-e-type=\"container\">\n\t\t\t\t\t<div class=\"e-con-inner\">\n\t\t\t\t<div class=\"elementor-element elementor-element-adee9b1 elementor-widget elementor-widget-heading\" data-id=\"adee9b1\" data-element_type=\"widget\" data-e-type=\"widget\" data-widget_type=\"heading.default\">\n\t\t\t\t\t<h3 class=\"elementor-heading-title elementor-size-default\">El plan de la propuesta se basa en tres ejes principales:\n<\/h3>\t\t\t\t<\/div>\n\t\t\t\t\t<\/div>\n\t\t\t\t<\/div>\n\t\t<div data-particle_enable=\"false\" data-particle-mobile-disabled=\"false\" class=\"elementor-element elementor-element-5edba8a e-flex e-con-boxed e-con e-parent\" data-id=\"5edba8a\" data-element_type=\"container\" data-e-type=\"container\">\n\t\t\t\t\t<div class=\"e-con-inner\">\n\t\t\t\t<div class=\"elementor-element elementor-element-52cd9d9 elementor-widget elementor-widget-text-editor\" data-id=\"52cd9d9\" data-element_type=\"widget\" data-e-type=\"widget\" data-widget_type=\"text-editor.default\">\n\t\t\t\t\t\t\t\t\t<p><b>Asistencia humanitaria post retorno:<\/b> Incluye apoyo inmediato en los Centros de Recepci\u00f3n, como kits de emergencia, transporte y atenci\u00f3n m\u00e9dica.<\/p><p><strong>Reintegraci\u00f3n econ\u00f3mica sostenible:<\/strong> Ofrece programas de\u00a0<a href=\"https:\/\/soymigrante.com\/revista\/migrantes-ocupan-trabajos-que-estadounidenses-no-desean-afirma-estudio-del-pew-center\/\" target=\"_blank\" rel=\"noopener\">capacitaci\u00f3n y formaci\u00f3n para que los retornados puedan reinsertarse en el mercado laboral\u00a0<\/a>y generar ingresos.<\/p><p><strong>Participaci\u00f3n comunitaria:<\/strong> Promueve la inclusi\u00f3n a trav\u00e9s de campa\u00f1as de sensibilizaci\u00f3n, plataformas de di\u00e1logo e iniciativas basadas en datos que favorecen la toma de decisiones informadas.<\/p>\t\t\t\t\t\t\t\t<\/div>\n\t\t\t\t\t<\/div>\n\t\t\t\t<\/div>\n\t\t<div data-particle_enable=\"false\" data-particle-mobile-disabled=\"false\" class=\"elementor-element elementor-element-74361ff e-flex e-con-boxed e-con e-parent\" data-id=\"74361ff\" data-element_type=\"container\" data-e-type=\"container\">\n\t\t\t\t\t<div class=\"e-con-inner\">\n\t\t\t\t<div class=\"elementor-element elementor-element-db683fa elementor-widget elementor-widget-image\" data-id=\"db683fa\" data-element_type=\"widget\" data-e-type=\"widget\" data-widget_type=\"image.default\">\n\t\t\t\t\t\t\t\t\t\t\t\t<figure class=\"wp-caption\">\n\t\t\t\t\t\t\t\t\t\t<img decoding=\"async\" width=\"768\" height=\"602\" src=\"https:\/\/soymigrante.com\/revista\/wp-content\/uploads\/2024\/09\/migracion-soy-migrante-cumbre3-1024x802.webp\" class=\"attachment-large size-large wp-image-9705\" alt=\"Refugiados migrantes en ruta hacia su esperanza de una vida mejor, caminando con mochilas y pertenencias, enfrentando desaf\u00edos en su traves\u00eda con determinaci\u00f3n y esperanza.\" srcset=\"https:\/\/soymigrante.com\/revista\/wp-content\/uploads\/2024\/09\/migracion-soy-migrante-cumbre3-1024x802.webp 1024w, https:\/\/soymigrante.com\/revista\/wp-content\/uploads\/2024\/09\/migracion-soy-migrante-cumbre3-300x235.webp 300w, https:\/\/soymigrante.com\/revista\/wp-content\/uploads\/2024\/09\/migracion-soy-migrante-cumbre3-768x602.webp 768w, https:\/\/soymigrante.com\/revista\/wp-content\/uploads\/2024\/09\/migracion-soy-migrante-cumbre3-1536x1203.webp 1536w, https:\/\/soymigrante.com\/revista\/wp-content\/uploads\/2024\/09\/migracion-soy-migrante-cumbre3-750x588.webp 750w, https:\/\/soymigrante.com\/revista\/wp-content\/uploads\/2024\/09\/migracion-soy-migrante-cumbre3-1140x893.webp 1140w, https:\/\/soymigrante.com\/revista\/wp-content\/uploads\/2024\/09\/migracion-soy-migrante-cumbre3.webp 1920w\" sizes=\"(max-width: 768px) 100vw, 768px\" title=\"migracion soy migrante cumbre3 \u2013 SoyMigrante.com REVISTA\" \/>\t\t\t\t\t\t\t\t\t\t\t<figcaption class=\"widget-image-caption wp-caption-text\">Camino de migraci\u00f3n, refugiados y migrantes en su traves\u00eda, enfrentando desaf\u00edos en su trayecto hacia un futuro seguro con esperanza, con mochilas y resistencia.<\/figcaption>\n\t\t\t\t\t\t\t\t\t\t<\/figure>\n\t\t\t\t\t\t\t\t\t<\/div>\n\t\t\t\t\t<\/div>\n\t\t\t\t<\/div>\n\t\t<div data-particle_enable=\"false\" data-particle-mobile-disabled=\"false\" class=\"elementor-element elementor-element-72fd292 e-flex e-con-boxed e-con e-parent\" data-id=\"72fd292\" data-element_type=\"container\" data-e-type=\"container\">\n\t\t\t\t\t<div class=\"e-con-inner\">\n\t\t\t\t<div class=\"elementor-element elementor-element-3e7d325 elementor-widget elementor-widget-heading\" data-id=\"3e7d325\" data-element_type=\"widget\" data-e-type=\"widget\" data-widget_type=\"heading.default\">\n\t\t\t\t\t<h3 class=\"elementor-heading-title elementor-size-default\">Colaboraci\u00f3n interinstitucional y participaci\u00f3n clave\n<\/h3>\t\t\t\t<\/div>\n\t\t\t\t\t<\/div>\n\t\t\t\t<\/div>\n\t\t<div data-particle_enable=\"false\" data-particle-mobile-disabled=\"false\" class=\"elementor-element elementor-element-811a222 e-flex e-con-boxed e-con e-parent\" data-id=\"811a222\" data-element_type=\"container\" data-e-type=\"container\">\n\t\t\t\t\t<div class=\"e-con-inner\">\n\t\t\t\t<div class=\"elementor-element elementor-element-8211e15 elementor-widget elementor-widget-text-editor\" data-id=\"8211e15\" data-element_type=\"widget\" data-e-type=\"widget\" data-widget_type=\"text-editor.default\">\n\t\t\t\t\t\t\t\t\t<p>La iniciativa destaca por la colaboraci\u00f3n entre sectores. Involucra a ministerios del gobierno, autoridades locales, empresas privadas \u2013incluidas coreanas\u2013, organizaciones comunitarias y ONG, maximizando los recursos y esfuerzos para garantizar un impacto duradero.<\/p><p>Durante el evento de lanzamiento, la Presidenta en funciones de Guatemala, Karin Herrera, subray\u00f3 la importancia del proyecto: \u201cEste esfuerzo conjunto permitir\u00e1 asistir dignamente a los retornados y brindarles oportunidades para reintegrarse a sus comunidades y salir adelante con sus familias\u201d.<\/p><p>Por su parte, el Embajador de Corea, Deuk Hwan Kim, destac\u00f3 la s\u00f3lida alianza entre ambos pa\u00edses para enfrentar\u00a0<a href=\"https:\/\/soymigrante.com\/revista\/migrantes-guatemaltecos-asi-fortalecen-y-aportan-a-estados-unidos\/\" target=\"_blank\" rel=\"noopener\">los retos migratorios,<\/a>\u00a0mientras que St\u00e9phanie Daviot, Jefa de Misi\u00f3n de la OIM en Guatemala, reafirm\u00f3 el compromiso de la organizaci\u00f3n con el fortalecimiento de la resiliencia y la inclusi\u00f3n de los retornados.<\/p>\t\t\t\t\t\t\t\t<\/div>\n\t\t\t\t\t<\/div>\n\t\t\t\t<\/div>\n\t\t<div data-particle_enable=\"false\" data-particle-mobile-disabled=\"false\" class=\"elementor-element elementor-element-85c9045 e-flex e-con-boxed e-con e-parent\" data-id=\"85c9045\" data-element_type=\"container\" data-e-type=\"container\">\n\t\t\t\t\t<div class=\"e-con-inner\">\n\t\t\t\t<div class=\"elementor-element elementor-element-bffd946 elementor-invisible elementor-widget elementor-widget-facebook-embed\" data-id=\"bffd946\" data-element_type=\"widget\" data-e-type=\"widget\" data-settings=\"{&quot;_animation&quot;:&quot;zoomInDown&quot;}\" data-widget_type=\"facebook-embed.default\">\n\t\t\t\t\t<div style=\"min-height: 1px\" class=\"elementor-facebook-widget fb-post\" data-href=\"https:\/\/www.facebook.com\/photo\/?fbid=1048522047312887&#038;set=pcb.1048522210646204\" data-show-text=\"false\"><\/div>\t\t\t\t<\/div>\n\t\t\t\t\t<\/div>\n\t\t\t\t<\/div>\n\t\t<div data-particle_enable=\"false\" data-particle-mobile-disabled=\"false\" class=\"elementor-element elementor-element-9653c7c e-flex e-con-boxed e-con e-parent\" data-id=\"9653c7c\" data-element_type=\"container\" data-e-type=\"container\">\n\t\t\t\t\t<div class=\"e-con-inner\">\n\t\t\t\t<div class=\"elementor-element elementor-element-b9dbf3e elementor-widget elementor-widget-heading\" data-id=\"b9dbf3e\" data-element_type=\"widget\" data-e-type=\"widget\" data-widget_type=\"heading.default\">\n\t\t\t\t\t<h3 class=\"elementor-heading-title elementor-size-default\">Impacto y proyecci\u00f3n<\/h3>\t\t\t\t<\/div>\n\t\t\t\t\t<\/div>\n\t\t\t\t<\/div>\n\t\t<div data-particle_enable=\"false\" data-particle-mobile-disabled=\"false\" class=\"elementor-element elementor-element-2005f5c e-flex e-con-boxed e-con e-parent\" data-id=\"2005f5c\" data-element_type=\"container\" data-e-type=\"container\">\n\t\t\t\t\t<div class=\"e-con-inner\">\n\t\t\t\t<div class=\"elementor-element elementor-element-36a8f0d elementor-widget elementor-widget-text-editor\" data-id=\"36a8f0d\" data-element_type=\"widget\" data-e-type=\"widget\" data-widget_type=\"text-editor.default\">\n\t\t\t\t\t\t\t\t\t<p>Con este proyecto, Guatemala busca establecer un ecosistema de apoyo que reduzca el estigma hacia los retornados y fomente su reintegraci\u00f3n socioecon\u00f3mica. Adem\u00e1s, sienta las bases para la pr\u00f3xima Pol\u00edtica Nacional de Retorno y Reintegraci\u00f3n\u00a0<a href=\"https:\/\/soymigrante.com\/revista\/santa-catarina-palopo-modelo-de-turismo-sostenible-y-de-estancia-encantadora\/\" target=\"_blank\" rel=\"noopener\">Sostenible,<\/a>\u00a0un paso clave en el desarrollo inclusivo del pa\u00eds.<\/p><p>Este esfuerzo conjunto entre la OIM, Corea y Guatemala promete transformar los desaf\u00edos de la migraci\u00f3n en oportunidades de desarrollo, fortaleciendo las comunidades y creando un modelo sostenible de apoyo a los migrantes retornados.<\/p>\t\t\t\t\t\t\t\t<\/div>\n\t\t\t\t\t<\/div>\n\t\t\t\t<\/div>\n\t\t<div data-particle_enable=\"false\" data-particle-mobile-disabled=\"false\" class=\"elementor-element elementor-element-8143666 e-flex e-con-boxed e-con e-parent\" data-id=\"8143666\" data-element_type=\"container\" data-e-type=\"container\">\n\t\t\t\t\t<div class=\"e-con-inner\">\n\t\t\t\t<div class=\"elementor-element elementor-element-5875577 elementor-widget elementor-widget-heading\" data-id=\"5875577\" data-element_type=\"widget\" data-e-type=\"widget\" data-widget_type=\"heading.default\">\n\t\t\t\t\t<h2 class=\"elementor-heading-title elementor-size-default\">Lecturas que te recomendamos<\/h2>\t\t\t\t<\/div>\n\t\t\t\t\t<\/div>\n\t\t\t\t<\/div>\n\t\t<div data-particle_enable=\"false\" data-particle-mobile-disabled=\"false\" class=\"elementor-element elementor-element-6af03bd e-flex e-con-boxed e-con e-parent\" data-id=\"6af03bd\" data-element_type=\"container\" data-e-type=\"container\">\n\t\t\t\t\t<div class=\"e-con-inner\">\n\t\t\t\t<div class=\"elementor-element elementor-element-a97a8e3 elementor-grid-eael-col-3 elementor-grid-tablet-eael-col-2 elementor-grid-mobile-eael-col-1 elementor-widget elementor-widget-eael-post-grid\" data-id=\"a97a8e3\" data-element_type=\"widget\" data-e-type=\"widget\" data-settings=\"{&quot;eael_post_grid_columns&quot;:&quot;eael-col-3&quot;,&quot;eael_post_grid_columns_tablet&quot;:&quot;eael-col-2&quot;,&quot;eael_post_grid_columns_mobile&quot;:&quot;eael-col-1&quot;}\" data-widget_type=\"eael-post-grid.default\">\n\t\t\t\t\t<div id=\"eael-post-grid-a97a8e3\" class=\"eael-post-grid-container\">\n            <div class=\"eael-post-grid eael-post-appender eael-post-appender-a97a8e3 eael-post-grid-style-one\" data-layout-mode=\"masonry\"><article class=\"eael-grid-post  eael-post-grid-column eael-pg-post-2181 category-recursos-migratorios\" data-id=\"2181\">\n        <div class=\"eael-grid-post-holder\">\n            <div class=\"eael-grid-post-holder-inner\"><div class=\"eael-entry-media\"><div class=\"eael-entry-overlay fade-in\"><i class=\"far fa-hand-pointer\" aria-hidden=\"true\"><\/i><a href=\"https:\/\/soymigrante.com\/revista\/proceso-asilo-trabajo-estados-unidos\/\"><\/a><\/div><div class=\"eael-entry-thumbnail \">\n                <img decoding=\"async\" width=\"1024\" height=\"1024\" src=\"https:\/\/soymigrante.com\/revista\/wp-content\/uploads\/2023\/08\/un-hombre-hispano-trabaja-en-una-obra-de-construccion-en-estados-unidos-y-piensa-en-su-familia-1024x1024.jpg\" class=\"attachment-large size-large wp-image-33190\" alt=\"Camarero de construcci\u00f3n con casco en obra, trabajando en un sitio de construcci\u00f3n al atardecer para promover la inversi\u00f3n y oportunidades para migrantes en el sector de la construcci\u00f3n en Am\u00e9rica Latina.\" srcset=\"https:\/\/soymigrante.com\/revista\/wp-content\/uploads\/2023\/08\/un-hombre-hispano-trabaja-en-una-obra-de-construccion-en-estados-unidos-y-piensa-en-su-familia-1024x1024.jpg 1024w, https:\/\/soymigrante.com\/revista\/wp-content\/uploads\/2023\/08\/un-hombre-hispano-trabaja-en-una-obra-de-construccion-en-estados-unidos-y-piensa-en-su-familia-300x300.jpg 300w, https:\/\/soymigrante.com\/revista\/wp-content\/uploads\/2023\/08\/un-hombre-hispano-trabaja-en-una-obra-de-construccion-en-estados-unidos-y-piensa-en-su-familia-150x150.jpg 150w, https:\/\/soymigrante.com\/revista\/wp-content\/uploads\/2023\/08\/un-hombre-hispano-trabaja-en-una-obra-de-construccion-en-estados-unidos-y-piensa-en-su-familia-768x768.jpg 768w, https:\/\/soymigrante.com\/revista\/wp-content\/uploads\/2023\/08\/un-hombre-hispano-trabaja-en-una-obra-de-construccion-en-estados-unidos-y-piensa-en-su-familia-75x75.webp 75w, https:\/\/soymigrante.com\/revista\/wp-content\/uploads\/2023\/08\/un-hombre-hispano-trabaja-en-una-obra-de-construccion-en-estados-unidos-y-piensa-en-su-familia-750x750.jpg 750w, https:\/\/soymigrante.com\/revista\/wp-content\/uploads\/2023\/08\/un-hombre-hispano-trabaja-en-una-obra-de-construccion-en-estados-unidos-y-piensa-en-su-familia.webp 1120w\" sizes=\"(max-width: 1024px) 100vw, 1024px\" \/>\n            <\/div>\n        <\/div><div class=\"eael-entry-wrapper\"><header class=\"eael-entry-header\"><h2 class=\"eael-entry-title\"><a class=\"eael-grid-post-link\" href=\"https:\/\/soymigrante.com\/revista\/proceso-asilo-trabajo-estados-unidos\/\" title=\"Asilo y permiso de trabajo tienen conexi\u00f3n, explica abogada experta en migraci\u00f3n\">Asilo y permiso de trabajo tienen conexi\u00f3n, explica abogada experta en migraci\u00f3n<\/a><\/h2><\/header><div class=\"eael-entry-content\">\n                        <div class=\"eael-grid-post-excerpt\"><a href=\"https:\/\/soymigrante.com\/revista\/proceso-asilo-trabajo-estados-unidos\/\" class=\"eael-post-elements-readmore-btn\">CONOCE SU HISTORIA <\/a><\/div>\n                    <\/div><\/div><\/div>\n        <\/div>\n    <\/article><article class=\"eael-grid-post  eael-post-grid-column eael-pg-post-1650 category-estamos-unidos tags-remesas-migrantes\" data-id=\"1650\">\n        <div class=\"eael-grid-post-holder\">\n            <div class=\"eael-grid-post-holder-inner\"><div class=\"eael-entry-media\"><div class=\"eael-entry-overlay fade-in\"><i class=\"far fa-hand-pointer\" aria-hidden=\"true\"><\/i><a href=\"https:\/\/soymigrante.com\/revista\/impacto-remesas-guatemala-desde-eeuu\/\"><\/a><\/div><div class=\"eael-entry-thumbnail \">\n                <img loading=\"lazy\" decoding=\"async\" width=\"1024\" height=\"700\" src=\"https:\/\/soymigrante.com\/revista\/wp-content\/uploads\/2023\/06\/Captura-de-pantalla-2023-06-28-124853-1024x700.webp\" class=\"attachment-large size-large wp-image-1651\" alt=\"Ilustraci\u00f3n de d\u00f3lares para ilustrar tema de remesas migrantes de Estados Unidos a Guatemala\" \/>\n            <\/div>\n        <\/div><div class=\"eael-entry-wrapper\"><header class=\"eael-entry-header\"><h2 class=\"eael-entry-title\"><a class=\"eael-grid-post-link\" href=\"https:\/\/soymigrante.com\/revista\/impacto-remesas-guatemala-desde-eeuu\/\" title=\"\u00bfA d\u00f3nde van las remesas enviadas por migrantes guatemaltecos desde Estados Unidos?\">\u00bfA d\u00f3nde van las remesas enviadas por migrantes guatemaltecos desde Estados Unidos?<\/a><\/h2><\/header><div class=\"eael-entry-content\">\n                        <div class=\"eael-grid-post-excerpt\"><a href=\"https:\/\/soymigrante.com\/revista\/impacto-remesas-guatemala-desde-eeuu\/\" class=\"eael-post-elements-readmore-btn\">CONOCE SU HISTORIA <\/a><\/div>\n                    <\/div><\/div><\/div>\n        <\/div>\n    <\/article><article class=\"eael-grid-post  eael-post-grid-column eael-pg-post-432 category-estamos-unidos\" data-id=\"432\">\n        <div class=\"eael-grid-post-holder\">\n            <div class=\"eael-grid-post-holder-inner\"><div class=\"eael-entry-media\"><div class=\"eael-entry-overlay fade-in\"><i class=\"far fa-hand-pointer\" aria-hidden=\"true\"><\/i><a href=\"https:\/\/soymigrante.com\/revista\/realidades-y-analisis-de-la-migracion\/\"><\/a><\/div><div class=\"eael-entry-thumbnail \">\n                <img loading=\"lazy\" decoding=\"async\" width=\"1024\" height=\"683\" src=\"https:\/\/soymigrante.com\/revista\/wp-content\/uploads\/2023\/02\/MURAL-SAN-FRANCISCO-e1678987270795-1024x683.jpg\" class=\"attachment-large size-large wp-image-666\" alt=\"\" srcset=\"https:\/\/soymigrante.com\/revista\/wp-content\/uploads\/2023\/02\/MURAL-SAN-FRANCISCO-e1678987270795-1024x683.jpg 1024w, https:\/\/soymigrante.com\/revista\/wp-content\/uploads\/2023\/02\/MURAL-SAN-FRANCISCO-e1678987270795-300x200.webp 300w, https:\/\/soymigrante.com\/revista\/wp-content\/uploads\/2023\/02\/MURAL-SAN-FRANCISCO-e1678987270795-768x512.jpg 768w, https:\/\/soymigrante.com\/revista\/wp-content\/uploads\/2023\/02\/MURAL-SAN-FRANCISCO-e1678987270795-1536x1024.jpg 1536w, https:\/\/soymigrante.com\/revista\/wp-content\/uploads\/2023\/02\/MURAL-SAN-FRANCISCO-e1678987270795-750x500.webp 750w, https:\/\/soymigrante.com\/revista\/wp-content\/uploads\/2023\/02\/MURAL-SAN-FRANCISCO-e1678987270795-1140x760.jpg 1140w, https:\/\/soymigrante.com\/revista\/wp-content\/uploads\/2023\/02\/MURAL-SAN-FRANCISCO-e1678987270795-600x400.jpg 600w, https:\/\/soymigrante.com\/revista\/wp-content\/uploads\/2023\/02\/MURAL-SAN-FRANCISCO-e1678987270795.webp 1800w\" sizes=\"(max-width: 1024px) 100vw, 1024px\" \/>\n            <\/div>\n        <\/div><div class=\"eael-entry-wrapper\"><header class=\"eael-entry-header\"><h2 class=\"eael-entry-title\"><a class=\"eael-grid-post-link\" href=\"https:\/\/soymigrante.com\/revista\/realidades-y-analisis-de-la-migracion\/\" title=\"Algunos datos de la migraci\u00f3n desde el Tri\u00e1ngulo Norte\">Algunos datos de la migraci\u00f3n desde el Tri\u00e1ngulo Norte<\/a><\/h2><\/header><div class=\"eael-entry-content\">\n                        <div class=\"eael-grid-post-excerpt\"><a href=\"https:\/\/soymigrante.com\/revista\/realidades-y-analisis-de-la-migracion\/\" class=\"eael-post-elements-readmore-btn\">CONOCE SU HISTORIA <\/a><\/div>\n                    <\/div><\/div><\/div>\n        <\/div>\n    <\/article><\/div>\n            <div class=\"clearfix\"><\/div>\n        <\/div>\t\t\t\t<\/div>\n\t\t\t\t\t<\/div>\n\t\t\t\t<\/div>\n\t\t\t\t<\/div>\n\t\t","protected":false},"excerpt":{"rendered":"<p>Con el objetivo de atender las condiciones de vulnerabilidad de los guatemaltecos retornados, la OIM present\u00f3 un proyecto financiado por Corea que combina asistencia humanitaria, capacitaci\u00f3n econ\u00f3mica y estrategias de reintegraci\u00f3n sostenible de los guatemaltecos que regresan al pa\u00eds. La Organizaci\u00f3n Internacional para las Migraciones (OIM), con el respaldo de la Rep\u00fablica de Corea, ha [&hellip;]<\/p>\n","protected":false},"author":23,"featured_media":22813,"comment_status":"open","ping_status":"open","sticky":false,"template":"","format":"standard","meta":{"_acf_changed":false,"_eb_attr":"","footnotes":""},"categories":[54],"tags":[],"class_list":["post-22775","post","type-post","status-publish","format-standard","has-post-thumbnail","hentry","category-estamos-unidos"],"acf":[],"aioseo_notices":[],"aioseo_head":"\n\t\t<!-- All in One SEO Pro 4.9.6.2 - aioseo.com -->\n\t<meta name=\"description\" content=\"Aunque exist\u00edan reportes de migraci\u00f3n de centroamericanos a Estados Unidos en las d\u00e9cadas 1960 y 1970, fue en la d\u00e9cada 1980 que se agudiz\u00f3 este fen\u00f3meno a causa de los conflictos armados internos de cada pa\u00eds, que generaron violencia, pobreza y falta de oportunidades. Seg\u00fan el estudio Siguiendo los pasos del migrante, publicado por el\" \/>\n\t<meta name=\"robots\" content=\"max-snippet:-1, max-image-preview:large, max-video-preview:-1\" \/>\n\t<meta name=\"author\" content=\"SoyMigrante.com REVISTA\"\/>\n\t<link rel=\"canonical\" href=\"https:\/\/soymigrante.com\/revista\/realidades-y-analisis-de-la-migracion\/\" \/>\n\t<meta name=\"generator\" content=\"All in One SEO Pro (AIOSEO) 4.9.6.2\" \/>\n\n\t\t<link rel=\"preconnect\" href=\"https:\/\/fonts.googleapis.com\" crossorigin>\n<link rel=\"preconnect\" href=\"https:\/\/fonts.gstatic.com\" crossorigin>\n\t\t<meta property=\"og:locale\" content=\"es_ES\" \/>\n\t\t<meta property=\"og:site_name\" content=\"SoyMigrante.com REVISTA \u2013 Nuestra misi\u00f3n es reconocer y dignificar al migrante.\" \/>\n\t\t<meta property=\"og:type\" content=\"article\" \/>\n\t\t<meta property=\"og:title\" content=\"Algunos datos de la migraci\u00f3n desde el Tri\u00e1ngulo Norte\" \/>\n\t\t<meta property=\"og:description\" content=\"Aunque exist\u00edan reportes de migraci\u00f3n de centroamericanos a Estados Unidos en las d\u00e9cadas 1960 y 1970, fue en la d\u00e9cada 1980 que se agudiz\u00f3 este fen\u00f3meno a causa de los conflictos armados internos de cada pa\u00eds, que generaron violencia, pobreza y falta de oportunidades. Seg\u00fan el estudio Siguiendo los pasos del migrante, publicado por el\" \/>\n\t\t<meta property=\"og:url\" content=\"https:\/\/soymigrante.com\/revista\/realidades-y-analisis-de-la-migracion\/\" \/>\n\t\t<meta property=\"og:image\" content=\"https:\/\/soymigrante.com\/revista\/wp-content\/uploads\/2023\/02\/MURAL-SAN-FRANCISCO-e1678987270795.webp\" \/>\n\t\t<meta property=\"og:image:secure_url\" content=\"https:\/\/soymigrante.com\/revista\/wp-content\/uploads\/2023\/02\/MURAL-SAN-FRANCISCO-e1678987270795.webp\" \/>\n\t\t<meta property=\"og:image:width\" content=\"1800\" \/>\n\t\t<meta property=\"og:image:height\" content=\"1200\" \/>\n\t\t<meta property=\"article:published_time\" content=\"2023-05-26T00:21:02+00:00\" \/>\n\t\t<meta property=\"article:modified_time\" content=\"2024-06-25T22:44:35+00:00\" \/>\n\t\t<meta property=\"article:publisher\" content=\"https:\/\/www.facebook.com\/soymigrantecom\" \/>\n\t\t<meta name=\"twitter:card\" content=\"summary_large_image\" \/>\n\t\t<meta name=\"twitter:site\" content=\"@SoyMigrante_com\" \/>\n\t\t<meta name=\"twitter:title\" content=\"Algunos datos de la migraci\u00f3n desde el Tri\u00e1ngulo Norte\" \/>\n\t\t<meta name=\"twitter:description\" content=\"Aunque exist\u00edan reportes de migraci\u00f3n de centroamericanos a Estados Unidos en las d\u00e9cadas 1960 y 1970, fue en la d\u00e9cada 1980 que se agudiz\u00f3 este fen\u00f3meno a causa de los conflictos armados internos de cada pa\u00eds, que generaron violencia, pobreza y falta de oportunidades. Seg\u00fan el estudio Siguiendo los pasos del migrante, publicado por el\" \/>\n\t\t<meta name=\"twitter:creator\" content=\"@SoyMigrante_com\" \/>\n\t\t<meta name=\"twitter:image\" content=\"https:\/\/soymigrante.com\/revista\/wp-content\/uploads\/2023\/02\/MURAL-SAN-FRANCISCO-e1678987270795.webp\" \/>\n\t\t<!-- All in One SEO Pro -->\r\n\t\t<title>Algunos datos de la migraci\u00f3n desde el Tri\u00e1ngulo Norte<\/title>\n\n","aioseo_head_json":{"title":"Algunos datos de la migraci\u00f3n desde el Tri\u00e1ngulo Norte","description":"Aunque exist\u00edan reportes de migraci\u00f3n de centroamericanos a Estados Unidos en las d\u00e9cadas 1960 y 1970, fue en la d\u00e9cada 1980 que se agudiz\u00f3 este fen\u00f3meno a causa de los conflictos armados internos de cada pa\u00eds, que generaron violencia, pobreza y falta de oportunidades. Seg\u00fan el estudio Siguiendo los pasos del migrante, publicado por el","canonical_url":"https:\/\/soymigrante.com\/revista\/realidades-y-analisis-de-la-migracion\/","robots":"max-snippet:-1, max-image-preview:large, max-video-preview:-1","keywords":"","webmasterTools":{"miscellaneous":"&lt;link rel=\"preconnect\" href=\"https:\/\/fonts.googleapis.com\" crossorigin&gt;\n&lt;link rel=\"preconnect\" href=\"https:\/\/fonts.gstatic.com\" crossorigin&gt;"},"schema":null,"og:locale":"es_ES","og:site_name":"SoyMigrante.com REVISTA \u2013 Nuestra misi\u00f3n es reconocer y dignificar al migrante.","og:type":"article","og:title":"Algunos datos de la migraci\u00f3n desde el Tri\u00e1ngulo Norte","og:description":"Aunque exist\u00edan reportes de migraci\u00f3n de centroamericanos a Estados Unidos en las d\u00e9cadas 1960 y 1970, fue en la d\u00e9cada 1980 que se agudiz\u00f3 este fen\u00f3meno a causa de los conflictos armados internos de cada pa\u00eds, que generaron violencia, pobreza y falta de oportunidades. Seg\u00fan el estudio Siguiendo los pasos del migrante, publicado por el","og:url":"https:\/\/soymigrante.com\/revista\/realidades-y-analisis-de-la-migracion\/","og:image":"https:\/\/soymigrante.com\/revista\/wp-content\/uploads\/2023\/02\/MURAL-SAN-FRANCISCO-e1678987270795.webp","og:image:secure_url":"https:\/\/soymigrante.com\/revista\/wp-content\/uploads\/2023\/02\/MURAL-SAN-FRANCISCO-e1678987270795.webp","og:image:width":1800,"og:image:height":1200,"article:published_time":"2023-05-26T00:21:02+00:00","article:modified_time":"2024-06-25T22:44:35+00:00","article:publisher":"https:\/\/www.facebook.com\/soymigrantecom","twitter:card":"summary_large_image","twitter:site":"@SoyMigrante_com","twitter:title":"Algunos datos de la migraci\u00f3n desde el Tri\u00e1ngulo Norte","twitter:description":"Aunque exist\u00edan reportes de migraci\u00f3n de centroamericanos a Estados Unidos en las d\u00e9cadas 1960 y 1970, fue en la d\u00e9cada 1980 que se agudiz\u00f3 este fen\u00f3meno a causa de los conflictos armados internos de cada pa\u00eds, que generaron violencia, pobreza y falta de oportunidades. Seg\u00fan el estudio Siguiendo los pasos del migrante, publicado por el","twitter:creator":"@SoyMigrante_com","twitter:image":"https:\/\/soymigrante.com\/revista\/wp-content\/uploads\/2023\/02\/MURAL-SAN-FRANCISCO-e1678987270795.webp"},"aioseo_meta_data":{"post_id":"22775","title":"Impulsan reintegraci\u00f3n de migrantes retornados a Guatemala","description":"Corea del Sur y Organizaci\u00f3n Internacional de las Migraciones apoyan plan para mejorar recepci\u00f3n de migrantes deportados y posibilitar su integraci\u00f3n productiva.","keywords":null,"keyphrases":{"focus":{"keyphrase":"OIM","score":59,"analysis":{"keyphraseInTitle":{"score":3,"maxScore":9,"error":1},"keyphraseInDescription":{"score":3,"maxScore":9,"error":1},"keyphraseLength":{"score":9,"maxScore":9,"error":0,"length":1},"keyphraseInURL":{"score":1,"maxScore":5,"error":1},"keyphraseInIntroduction":{"score":9,"maxScore":9,"error":0},"keyphraseInSubHeadings":{"score":3,"maxScore":9,"error":1},"keyphraseInImageAlt":{"score":3,"maxScore":9,"error":1},"keywordDensity":{"type":"best","score":9,"maxScore":9,"error":0}}},"additional":[{"keyphrase":"Retornados","score":73,"analysis":{"keyphraseInDescription":{"score":3,"maxScore":9,"error":1},"keyphraseLength":{"score":9,"maxScore":9,"error":0,"length":1},"keyphraseInIntroduction":{"score":9,"maxScore":9,"error":0},"keyphraseInImageAlt":{"score":3,"maxScore":9,"error":1},"keywordDensity":{"type":"best","score":9,"maxScore":9,"error":0}}},{"keyphrase":"Migrantes","score":67,"analysis":{"keyphraseInDescription":{"score":9,"maxScore":9,"error":0},"keyphraseLength":{"score":9,"maxScore":9,"error":0,"length":1},"keyphraseInIntroduction":{"score":3,"maxScore":9,"error":1},"keyphraseInImageAlt":{"score":9,"maxScore":9,"error":0},"keywordDensity":{"score":0,"type":"low","maxScore":9,"error":1}}},{"keyphrase":"Corea del Sur","score":53,"analysis":{"keyphraseInDescription":{"score":9,"maxScore":9,"error":0},"keyphraseLength":{"score":9,"maxScore":9,"error":0,"length":3},"keyphraseInIntroduction":{"score":3,"maxScore":9,"error":1},"keyphraseInImageAlt":{"score":3,"maxScore":9,"error":1},"keywordDensity":{"score":0,"type":"low","maxScore":9,"error":1}}}]},"primary_term":null,"canonical_url":null,"og_title":null,"og_description":null,"og_object_type":"default","og_image_type":"default","og_image_url":null,"og_image_width":null,"og_image_height":null,"og_image_custom_url":null,"og_image_custom_fields":null,"og_video":"","og_custom_url":null,"og_article_section":null,"og_article_tags":null,"twitter_use_og":false,"twitter_card":"default","twitter_image_type":"default","twitter_image_url":null,"twitter_image_custom_url":null,"twitter_image_custom_fields":null,"twitter_title":null,"twitter_description":null,"schema":{"blockGraphs":[],"customGraphs":[],"default":{"data":{"Article":[],"Course":[],"Dataset":[],"FAQPage":[],"Movie":[],"Person":[],"Product":[],"ProductReview":[],"Car":[],"Recipe":[],"Service":[],"SoftwareApplication":[],"WebPage":[]},"graphName":"BlogPosting","isEnabled":true},"graphs":[]},"schema_type":"default","schema_type_options":null,"pillar_content":false,"robots_default":true,"robots_noindex":false,"robots_noarchive":false,"robots_nosnippet":false,"robots_nofollow":false,"robots_noimageindex":false,"robots_noodp":false,"robots_notranslate":false,"robots_max_snippet":"-1","robots_max_videopreview":"-1","robots_max_imagepreview":"large","priority":null,"frequency":"default","local_seo":null,"seo_analyzer_scan_date":"2025-10-09 02:11:12","breadcrumb_settings":null,"limit_modified_date":false,"reviewed_by":null,"open_ai":"{\"title\":{\"suggestions\":[],\"usage\":0},\"description\":{\"suggestions\":[],\"usage\":0}}","ai":null,"created":"2025-01-27 21:07:34","updated":"2026-02-04 20:53:50"},"aioseo_breadcrumb":"<div class=\"aioseo-breadcrumbs\"><span class=\"aioseo-breadcrumb\">\n\t<a href=\"https:\/\/soymigrante.com\/revista\" title=\"Home\">Home<\/a>\n<\/span><span class=\"aioseo-breadcrumb-separator\">\u00bb<\/span><span class=\"aioseo-breadcrumb\">\n\t<a href=\"https:\/\/soymigrante.com\/revista\/category\/estamos-unidos\/\" title=\"Estamos Unidos\">Estamos Unidos<\/a>\n<\/span><span class=\"aioseo-breadcrumb-separator\">\u00bb<\/span><span class=\"aioseo-breadcrumb\">\n\tImpulsan proyecto para fortalecer la reintegraci\u00f3n de migrantes retornados al pa\u00eds\n<\/span><\/div>","aioseo_breadcrumb_json":[{"label":"Home","link":"https:\/\/soymigrante.com\/revista"},{"label":"Estamos Unidos","link":"https:\/\/soymigrante.com\/revista\/category\/estamos-unidos\/"},{"label":"Impulsan proyecto para fortalecer la reintegraci\u00f3n de migrantes retornados al pa\u00eds","link":"https:\/\/soymigrante.com\/revista\/impulsan-proyecto-para-fortalecer-la-reintegracion-de-migrantes-retornados-al-pais\/"}],"_links":{"self":[{"href":"https:\/\/soymigrante.com\/revista\/wp-json\/wp\/v2\/posts\/22775","targetHints":{"allow":["GET"]}}],"collection":[{"href":"https:\/\/soymigrante.com\/revista\/wp-json\/wp\/v2\/posts"}],"about":[{"href":"https:\/\/soymigrante.com\/revista\/wp-json\/wp\/v2\/types\/post"}],"author":[{"embeddable":true,"href":"https:\/\/soymigrante.com\/revista\/wp-json\/wp\/v2\/users\/23"}],"replies":[{"embeddable":true,"href":"https:\/\/soymigrante.com\/revista\/wp-json\/wp\/v2\/comments?post=22775"}],"version-history":[{"count":0,"href":"https:\/\/soymigrante.com\/revista\/wp-json\/wp\/v2\/posts\/22775\/revisions"}],"wp:featuredmedia":[{"embeddable":true,"href":"https:\/\/soymigrante.com\/revista\/wp-json\/wp\/v2\/media\/22813"}],"wp:attachment":[{"href":"https:\/\/soymigrante.com\/revista\/wp-json\/wp\/v2\/media?parent=22775"}],"wp:term":[{"taxonomy":"category","embeddable":true,"href":"https:\/\/soymigrante.com\/revista\/wp-json\/wp\/v2\/categories?post=22775"},{"taxonomy":"post_tag","embeddable":true,"href":"https:\/\/soymigrante.com\/revista\/wp-json\/wp\/v2\/tags?post=22775"}],"curies":[{"name":"wp","href":"https:\/\/api.w.org\/{rel}","templated":true}]}}