{"id":22720,"date":"2025-01-29T11:58:39","date_gmt":"2025-01-29T17:58:39","guid":{"rendered":"https:\/\/soymigrante.com\/revista\/?p=22720"},"modified":"2025-02-04T17:52:05","modified_gmt":"2025-02-04T23:52:05","slug":"chile-cobanero-un-fuego-picante-cultivado-en-la-verapaz","status":"publish","type":"post","link":"https:\/\/soymigrante.com\/revista\/chile-cobanero-un-fuego-picante-cultivado-en-la-verapaz\/","title":{"rendered":"Chile cobanero: un fuego picante cultivado en la Verapaz"},"content":{"rendered":"\t\t<div data-elementor-type=\"wp-post\" data-elementor-id=\"22720\" class=\"elementor elementor-22720\" data-elementor-post-type=\"post\">\n\t\t\t\t<div data-particle_enable=\"false\" data-particle-mobile-disabled=\"false\" class=\"elementor-element elementor-element-f80a057 e-flex e-con-boxed e-con e-parent\" data-id=\"f80a057\" data-element_type=\"container\" data-e-type=\"container\">\n\t\t\t\t\t<div class=\"e-con-inner\">\n\t\t\t\t<div class=\"elementor-element elementor-element-70e5571 elementor-widget elementor-widget-heading\" data-id=\"70e5571\" data-element_type=\"widget\" data-e-type=\"widget\" data-widget_type=\"heading.default\">\n\t\t\t\t\t<h2 class=\"elementor-heading-title elementor-size-default\">El chile cobanero no es un ingrediente m\u00e1s: es la llama que enciende el sabor de platillos como el caldo de chunto o kak-ik, cuyo nombre hace a alusi\u00f3n precisamente a algo picante.\n<\/h2>\t\t\t\t<\/div>\n\t\t\t\t\t<\/div>\n\t\t\t\t<\/div>\n\t\t<div data-particle_enable=\"false\" data-particle-mobile-disabled=\"false\" class=\"elementor-element elementor-element-c5ba9c9 e-flex e-con-boxed e-con e-parent\" data-id=\"c5ba9c9\" data-element_type=\"container\" data-e-type=\"container\">\n\t\t\t\t\t<div class=\"e-con-inner\">\n\t\t\t\t<div class=\"elementor-element elementor-element-9c0ade5 elementor-widget elementor-widget-text-editor\" data-id=\"9c0ade5\" data-element_type=\"widget\" data-e-type=\"widget\" data-widget_type=\"text-editor.default\">\n\t\t\t\t\t\t\t\t\t<p>El chile cobanero es uno de los ingredientes m\u00e1s emblem\u00e1ticos de la cocina guatemalteca, <a href=\"https:\/\/soymigrante.com\/revista\/y-que-tal-un-kakik-en-accion-de-gracias-migrantes-guatemaltecos-lo-preparan-asi\/\" target=\"_blank\" rel=\"noopener\">especialmente de la regi\u00f3n de Alta Verapaz<\/a>.<\/p><p>Con su sabor ahumado y un nivel de picante que resalta sin ser abrumador, este chile ha ganado un lugar especial en las mesas de los guatemaltecos.<\/p><p>Ac\u00e1 exploraremos su origen, caracter\u00edsticas, precio y las deliciosas recetas que puedes preparar con \u00e9l.<\/p>\t\t\t\t\t\t\t\t<\/div>\n\t\t\t\t\t<\/div>\n\t\t\t\t<\/div>\n\t\t<div data-particle_enable=\"false\" data-particle-mobile-disabled=\"false\" class=\"elementor-element elementor-element-ad1b3de e-flex e-con-boxed e-con e-parent\" data-id=\"ad1b3de\" data-element_type=\"container\" data-e-type=\"container\">\n\t\t\t\t\t<div class=\"e-con-inner\">\n\t\t\t\t<div class=\"elementor-element elementor-element-2322862 elementor-widget elementor-widget-heading\" data-id=\"2322862\" data-element_type=\"widget\" data-e-type=\"widget\" data-widget_type=\"heading.default\">\n\t\t\t\t\t<h3 class=\"elementor-heading-title elementor-size-default\">\u00bfQu\u00e9 es el chile cobanero?<\/h3>\t\t\t\t<\/div>\n\t\t\t\t\t<\/div>\n\t\t\t\t<\/div>\n\t\t<div data-particle_enable=\"false\" data-particle-mobile-disabled=\"false\" class=\"elementor-element elementor-element-d10f74b e-flex e-con-boxed e-con e-parent\" data-id=\"d10f74b\" data-element_type=\"container\" data-e-type=\"container\">\n\t\t\t\t\t<div class=\"e-con-inner\">\n\t\t\t\t<div class=\"elementor-element elementor-element-d995fe5 elementor-widget elementor-widget-text-editor\" data-id=\"d995fe5\" data-element_type=\"widget\" data-e-type=\"widget\" data-widget_type=\"text-editor.default\">\n\t\t\t\t\t\t\t\t\t<p>El chile cobanero es una variedad de chile seco que se cultiva en las tierras altas de Alta Verapaz, especialmente en los alrededores de Cob\u00e1n.<\/p><p>Este peque\u00f1o, <a href=\"https:\/\/soymigrante.com\/revista\/y-que-tal-un-kakik-en-accion-de-gracias-migrantes-guatemaltecos-lo-preparan-asi\/\" target=\"_blank\" rel=\"noopener\">pero poderoso ingrediente se caracteriza por su color rojizo oscuro y su tama\u00f1o reducido,<\/a> pero lo que realmente lo diferencia es su sabor \u00fanico, resultado del proceso de secado y ahumado artesanal al que es sometido.<\/p>\t\t\t\t\t\t\t\t<\/div>\n\t\t\t\t\t<\/div>\n\t\t\t\t<\/div>\n\t\t<div data-particle_enable=\"false\" data-particle-mobile-disabled=\"false\" class=\"elementor-element elementor-element-03a4675 e-flex e-con-boxed e-con e-parent\" data-id=\"03a4675\" data-element_type=\"container\" data-e-type=\"container\">\n\t\t\t\t\t<div class=\"e-con-inner\">\n\t\t\t\t<div class=\"elementor-element elementor-element-f5b4cad elementor-widget elementor-widget-image\" data-id=\"f5b4cad\" data-element_type=\"widget\" data-e-type=\"widget\" data-widget_type=\"image.default\">\n\t\t\t\t\t\t\t\t\t\t\t\t<figure class=\"wp-caption\">\n\t\t\t\t\t\t\t\t\t\t<img fetchpriority=\"high\" decoding=\"async\" width=\"276\" height=\"183\" src=\"https:\/\/soymigrante.com\/revista\/wp-content\/uploads\/2025\/01\/chile-cobanero-3.jpeg\" class=\"attachment-large size-large wp-image-22724\" alt=\"Taza de molcajete con caf\u00e9 molido en color marr\u00f3n sobre tela tradicional mexicana de colores vibrantes, resaltando la cultura y la gastronom\u00eda mexicanas.\" title=\"chile cobanero 3 \u2013 SoyMigrante.com REVISTA\" \/>\t\t\t\t\t\t\t\t\t\t\t<figcaption class=\"widget-image-caption wp-caption-text\">Caf\u00e9 molido en molcajete tradicional mexicano, mostrando un elemento cultural y gastron\u00f3mico en un entorno colorido, ideal para destacar la riqueza de las tradiciones mexicanas en la Revista SoyMigrante.com.<\/figcaption>\n\t\t\t\t\t\t\t\t\t\t<\/figure>\n\t\t\t\t\t\t\t\t\t<\/div>\n\t\t\t\t\t<\/div>\n\t\t\t\t<\/div>\n\t\t<div data-particle_enable=\"false\" data-particle-mobile-disabled=\"false\" class=\"elementor-element elementor-element-2740a85 e-flex e-con-boxed e-con e-parent\" data-id=\"2740a85\" data-element_type=\"container\" data-e-type=\"container\">\n\t\t\t\t\t<div class=\"e-con-inner\">\n\t\t\t\t<div class=\"elementor-element elementor-element-2fd235a elementor-widget elementor-widget-heading\" data-id=\"2fd235a\" data-element_type=\"widget\" data-e-type=\"widget\" data-widget_type=\"heading.default\">\n\t\t\t\t\t<h3 class=\"elementor-heading-title elementor-size-default\">Sabor y caracter\u00edsticas \u00fanicas<\/h3>\t\t\t\t<\/div>\n\t\t\t\t\t<\/div>\n\t\t\t\t<\/div>\n\t\t<div data-particle_enable=\"false\" data-particle-mobile-disabled=\"false\" class=\"elementor-element elementor-element-6f754ac e-flex e-con-boxed e-con e-parent\" data-id=\"6f754ac\" data-element_type=\"container\" data-e-type=\"container\">\n\t\t\t\t\t<div class=\"e-con-inner\">\n\t\t\t\t<div class=\"elementor-element elementor-element-144830a elementor-widget elementor-widget-text-editor\" data-id=\"144830a\" data-element_type=\"widget\" data-e-type=\"widget\" data-widget_type=\"text-editor.default\">\n\t\t\t\t\t\t\t\t\t<p>El chile cobanero tiene un sabor ahumado profundo, con notas terrosas y un picante medio, que lo hace ideal para condimentar una variedad de platillos. <a href=\"https:\/\/soymigrante.com\/revista\/y-que-tal-un-kakik-en-accion-de-gracias-migrantes-guatemaltecos-lo-preparan-asi\/\" target=\"_blank\" rel=\"noopener\">Su intensidad no abruma al paladar<\/a>, sino que realza los sabores de los dem\u00e1s ingredientes en una receta.<\/p>\t\t\t\t\t\t\t\t<\/div>\n\t\t\t\t\t<\/div>\n\t\t\t\t<\/div>\n\t\t<div data-particle_enable=\"false\" data-particle-mobile-disabled=\"false\" class=\"elementor-element elementor-element-4531827 e-flex e-con-boxed e-con e-parent\" data-id=\"4531827\" data-element_type=\"container\" data-e-type=\"container\">\n\t\t\t\t\t<div class=\"e-con-inner\">\n\t\t\t\t<div class=\"elementor-element elementor-element-44b05e2 elementor-widget elementor-widget-heading\" data-id=\"44b05e2\" data-element_type=\"widget\" data-e-type=\"widget\" data-widget_type=\"heading.default\">\n\t\t\t\t\t<h3 class=\"elementor-heading-title elementor-size-default\">Origen del chile cobanero<\/h3>\t\t\t\t<\/div>\n\t\t\t\t\t<\/div>\n\t\t\t\t<\/div>\n\t\t<div data-particle_enable=\"false\" data-particle-mobile-disabled=\"false\" class=\"elementor-element elementor-element-8020770 e-flex e-con-boxed e-con e-parent\" data-id=\"8020770\" data-element_type=\"container\" data-e-type=\"container\">\n\t\t\t\t\t<div class=\"e-con-inner\">\n\t\t\t\t<div class=\"elementor-element elementor-element-dc39445 elementor-widget elementor-widget-text-editor\" data-id=\"dc39445\" data-element_type=\"widget\" data-e-type=\"widget\" data-widget_type=\"text-editor.default\">\n\t\t\t\t\t\t\t\t\t<p>El origen del chile cobanero est\u00e1 profundamente ligado a la cultura q\u2019eqchi\u2019, una de las principales comunidades mayas en Alta Verapaz. Desde hace siglos, <a href=\"https:\/\/soymigrante.com\/revista\/y-que-tal-un-kakik-en-accion-de-gracias-migrantes-guatemaltecos-lo-preparan-asi\/\" target=\"_blank\" rel=\"noopener\">este chile ha sido cultivado y utilizado en la regi\u00f3n, convirti\u00e9ndose en un elemento esencial de la gastronom\u00eda local.<\/a> <br \/>Su m\u00e9todo tradicional de secado y ahumado, realizado con le\u00f1a, ha sido transmitido de generaci\u00f3n en generaci\u00f3n, conservando su autenticidad y sabor original.<\/p><p>Para el cheff Eduardo Ventura, del Instituto T\u00e9cnico de Capacitaci\u00f3n y Productividad (INTECAP), este es uno de los picantes m\u00e1s buscados, por su sabor y de los favoritos de las personas.<\/p>\t\t\t\t\t\t\t\t<\/div>\n\t\t\t\t\t<\/div>\n\t\t\t\t<\/div>\n\t\t<div data-particle_enable=\"false\" data-particle-mobile-disabled=\"false\" class=\"elementor-element elementor-element-d4f13be e-flex e-con-boxed e-con e-parent\" data-id=\"d4f13be\" data-element_type=\"container\" data-e-type=\"container\">\n\t\t\t\t\t<div class=\"e-con-inner\">\n\t\t\t\t<div class=\"elementor-element elementor-element-6845c54 elementor-widget elementor-widget-image\" data-id=\"6845c54\" data-element_type=\"widget\" data-e-type=\"widget\" data-widget_type=\"image.default\">\n\t\t\t\t\t\t\t\t\t\t\t\t<figure class=\"wp-caption\">\n\t\t\t\t\t\t\t\t\t\t<img decoding=\"async\" width=\"768\" height=\"513\" src=\"https:\/\/soymigrante.com\/revista\/wp-content\/uploads\/2025\/01\/Chile-cobanero--1024x684.jpeg\" class=\"attachment-large size-large wp-image-22725\" alt=\"Ajo en escamas y chile seco molido, ingredientes comunes en la cocina mexicana y latinoamericana.\" srcset=\"https:\/\/soymigrante.com\/revista\/wp-content\/uploads\/2025\/01\/Chile-cobanero--1024x684.jpeg 1024w, https:\/\/soymigrante.com\/revista\/wp-content\/uploads\/2025\/01\/Chile-cobanero--300x200.jpeg 300w, https:\/\/soymigrante.com\/revista\/wp-content\/uploads\/2025\/01\/Chile-cobanero--768x513.jpeg 768w, https:\/\/soymigrante.com\/revista\/wp-content\/uploads\/2025\/01\/Chile-cobanero--750x501.webp 750w, https:\/\/soymigrante.com\/revista\/wp-content\/uploads\/2025\/01\/Chile-cobanero--1140x761.webp 1140w, https:\/\/soymigrante.com\/revista\/wp-content\/uploads\/2025\/01\/Chile-cobanero-.webp 1200w\" sizes=\"(max-width: 768px) 100vw, 768px\" title=\"Chile cobanero \u2013 SoyMigrante.com REVISTA\" \/>\t\t\t\t\t\t\t\t\t\t\t<figcaption class=\"widget-image-caption wp-caption-text\">El chile cobanero es un ingrediente vers\u00e1til que puede ser utilizado en diversas recetas. (Foto: Cortes\u00eda: Eduardo Ventura)<\/figcaption>\n\t\t\t\t\t\t\t\t\t\t<\/figure>\n\t\t\t\t\t\t\t\t\t<\/div>\n\t\t\t\t\t<\/div>\n\t\t\t\t<\/div>\n\t\t<div data-particle_enable=\"false\" data-particle-mobile-disabled=\"false\" class=\"elementor-element elementor-element-370a159 e-flex e-con-boxed e-con e-parent\" data-id=\"370a159\" data-element_type=\"container\" data-e-type=\"container\">\n\t\t\t\t\t<div class=\"e-con-inner\">\n\t\t\t\t<div class=\"elementor-element elementor-element-edf1f40 elementor-widget elementor-widget-heading\" data-id=\"edf1f40\" data-element_type=\"widget\" data-e-type=\"widget\" data-widget_type=\"heading.default\">\n\t\t\t\t\t<h3 class=\"elementor-heading-title elementor-size-default\">\u00bfCu\u00e1nto cuesta el chile cobanero?<\/h3>\t\t\t\t<\/div>\n\t\t\t\t\t<\/div>\n\t\t\t\t<\/div>\n\t\t<div data-particle_enable=\"false\" data-particle-mobile-disabled=\"false\" class=\"elementor-element elementor-element-e561a07 e-flex e-con-boxed e-con e-parent\" data-id=\"e561a07\" data-element_type=\"container\" data-e-type=\"container\">\n\t\t\t\t\t<div class=\"e-con-inner\">\n\t\t\t\t<div class=\"elementor-element elementor-element-0db0980 elementor-widget elementor-widget-text-editor\" data-id=\"0db0980\" data-element_type=\"widget\" data-e-type=\"widget\" data-widget_type=\"text-editor.default\">\n\t\t\t\t\t\t\t\t\t<p>El precio del chile cobanero var\u00eda dependiendo de la regi\u00f3n y la presentaci\u00f3n en la que se adquiera.<\/p><p>Ventura, coment\u00f3 que en mercados locales de Cob\u00e1n, una libra de chile cobanero puede costar entre<strong> Q50 y Q70.<\/strong> En la ciudad de Guatemala o en tiendas de productos gourmet, el precio puede alcanzar los <strong>Q100<\/strong> por libra debido a la alta demanda y su limitado cultivo.<\/p><p>En el extranjero, su precio incrementa a\u00fan m\u00e1s, especialmente en comunidades de migrantes guatemaltecos.<\/p>\t\t\t\t\t\t\t\t<\/div>\n\t\t\t\t\t<\/div>\n\t\t\t\t<\/div>\n\t\t<div data-particle_enable=\"false\" data-particle-mobile-disabled=\"false\" class=\"elementor-element elementor-element-e3233c1 e-flex e-con-boxed e-con e-parent\" data-id=\"e3233c1\" data-element_type=\"container\" data-e-type=\"container\">\n\t\t\t\t\t<div class=\"e-con-inner\">\n\t\t\t\t<div class=\"elementor-element elementor-element-094317c elementor-widget elementor-widget-heading\" data-id=\"094317c\" data-element_type=\"widget\" data-e-type=\"widget\" data-widget_type=\"heading.default\">\n\t\t\t\t\t<h3 class=\"elementor-heading-title elementor-size-default\">Recetas con chile cobanero<\/h3>\t\t\t\t<\/div>\n\t\t\t\t\t<\/div>\n\t\t\t\t<\/div>\n\t\t<div data-particle_enable=\"false\" data-particle-mobile-disabled=\"false\" class=\"elementor-element elementor-element-f1e3723 e-flex e-con-boxed e-con e-parent\" data-id=\"f1e3723\" data-element_type=\"container\" data-e-type=\"container\">\n\t\t\t\t\t<div class=\"e-con-inner\">\n\t\t\t\t<div class=\"elementor-element elementor-element-b4cdfa9 elementor-widget elementor-widget-text-editor\" data-id=\"b4cdfa9\" data-element_type=\"widget\" data-e-type=\"widget\" data-widget_type=\"text-editor.default\">\n\t\t\t\t\t\t\t\t\t<div>El chile cobanero es un ingrediente vers\u00e1til que puede ser utilizado en diversas recetas tradicionales y modernas. Algunas de las m\u00e1s populares son:<\/div><div><strong>1.Chirmol de tomate con chile cobanero:<\/strong> Una mezcla de tomates asados, cebolla, cilantro y un toque de chile cobanero molido, ideal para acompa\u00f1ar carnes a la parrilla.<\/div><div><strong>2.<a href=\"https:\/\/soymigrante.com\/revista\/y-que-tal-un-kakik-en-accion-de-gracias-migrantes-guatemaltecos-lo-preparan-asi\/\" target=\"_blank\" rel=\"noopener\">Kak\u2019ik:<\/a><\/strong> Este plato t\u00edpico de la regi\u00f3n de Alta Verapaz, considerado patrimonio cultural, utiliza chile cobanero para darle su caracter\u00edstico sabor y picante. Es un caldo de pavo con especias que se sirve acompa\u00f1ado de arroz y tamalitos.<\/div><div><strong>3.Salsas picantes:<\/strong> Mezclar chile cobanero con ajo, cebolla y aceite crea una salsa perfecta para acompa\u00f1ar tortillas, tacos o carnes.<\/div><div><strong>4.Adobos y marinadas:<\/strong> Su sabor ahumado lo convierte en un excelente ingrediente para sazonar carnes antes de asarlas o cocinarlas.<\/div><div><strong>5.Chile cobanero en polvo:<\/strong> Se puede espolvorear directamente sobre sopas, guisos o incluso frutas como mango y pi\u00f1a, aportando un toque picante \u00fanico.<\/div>\t\t\t\t\t\t\t\t<\/div>\n\t\t\t\t\t<\/div>\n\t\t\t\t<\/div>\n\t\t<div data-particle_enable=\"false\" data-particle-mobile-disabled=\"false\" class=\"elementor-element elementor-element-653de7a e-flex e-con-boxed e-con e-parent\" data-id=\"653de7a\" data-element_type=\"container\" data-e-type=\"container\">\n\t\t\t\t\t<div class=\"e-con-inner\">\n\t\t\t\t<div class=\"elementor-element elementor-element-6240340 elementor-widget elementor-widget-video\" data-id=\"6240340\" data-element_type=\"widget\" data-e-type=\"widget\" data-settings=\"{&quot;youtube_url&quot;:&quot;https:\\\/\\\/www.youtube.com\\\/watch?v=eJiwER9WXyA&quot;,&quot;video_type&quot;:&quot;youtube&quot;,&quot;controls&quot;:&quot;yes&quot;}\" data-widget_type=\"video.default\">\n\t\t\t\t\t\t\t<div class=\"elementor-wrapper elementor-open-inline\">\n\t\t\t<div class=\"elementor-video\"><\/div>\t\t<\/div>\n\t\t\t\t\t\t<\/div>\n\t\t\t\t\t<\/div>\n\t\t\t\t<\/div>\n\t\t<div data-particle_enable=\"false\" data-particle-mobile-disabled=\"false\" class=\"elementor-element elementor-element-b999dff e-flex e-con-boxed e-con e-parent\" data-id=\"b999dff\" data-element_type=\"container\" data-e-type=\"container\">\n\t\t\t\t\t<div class=\"e-con-inner\">\n\t\t\t\t<div class=\"elementor-element elementor-element-c818378 elementor-widget elementor-widget-text-editor\" data-id=\"c818378\" data-element_type=\"widget\" data-e-type=\"widget\" data-widget_type=\"text-editor.default\">\n\t\t\t\t\t\t\t\t\t<p>Su sabor \u00fanico, su origen ancestral y su versatilidad en la cocina lo convierten en un verdadero tesoro gastron\u00f3mico. <a href=\"https:\/\/soymigrante.com\/revista\/y-que-tal-un-kakik-en-accion-de-gracias-migrantes-guatemaltecos-lo-preparan-asi\/\" target=\"_blank\" rel=\"noopener\">Ya sea en un plato t\u00edpico como el kak\u2019ik o en una salsa innovadora,<\/a> este chile sigue dejando huella en el paladar de quienes lo prueban.<\/p>\t\t\t\t\t\t\t\t<\/div>\n\t\t\t\t\t<\/div>\n\t\t\t\t<\/div>\n\t\t<div data-particle_enable=\"false\" data-particle-mobile-disabled=\"false\" class=\"elementor-element elementor-element-ab7217b e-flex e-con-boxed e-con e-parent\" data-id=\"ab7217b\" data-element_type=\"container\" data-e-type=\"container\">\n\t\t\t\t\t<div class=\"e-con-inner\">\n\t\t\t\t<div class=\"elementor-element elementor-element-70cd282 elementor-widget elementor-widget-heading\" data-id=\"70cd282\" data-element_type=\"widget\" data-e-type=\"widget\" data-widget_type=\"heading.default\">\n\t\t\t\t\t<h2 class=\"elementor-heading-title elementor-size-default\">Conoce otros secretos de cocina guatemalteca, ac\u00e1...<\/h2>\t\t\t\t<\/div>\n\t\t\t\t\t<\/div>\n\t\t\t\t<\/div>\n\t\t<div data-particle_enable=\"false\" data-particle-mobile-disabled=\"false\" class=\"elementor-element elementor-element-0eacdda e-flex e-con-boxed e-con e-parent\" data-id=\"0eacdda\" data-element_type=\"container\" data-e-type=\"container\">\n\t\t\t\t\t<div class=\"e-con-inner\">\n\t\t\t\t<div class=\"elementor-element elementor-element-014808f elementor-grid-eael-col-3 elementor-grid-tablet-eael-col-2 elementor-grid-mobile-eael-col-1 elementor-widget elementor-widget-eael-post-grid\" data-id=\"014808f\" data-element_type=\"widget\" data-e-type=\"widget\" data-settings=\"{&quot;eael_post_grid_columns&quot;:&quot;eael-col-3&quot;,&quot;eael_post_grid_columns_tablet&quot;:&quot;eael-col-2&quot;,&quot;eael_post_grid_columns_mobile&quot;:&quot;eael-col-1&quot;}\" data-widget_type=\"eael-post-grid.default\">\n\t\t\t\t\t<div id=\"eael-post-grid-014808f\" class=\"eael-post-grid-container\">\n            <div class=\"eael-post-grid eael-post-appender eael-post-appender-014808f eael-post-grid-style-one\" data-layout-mode=\"masonry\"><article class=\"eael-grid-post  eael-post-grid-column eael-pg-post-19403 category-guate-nuestra\" data-id=\"19403\">\n        <div class=\"eael-grid-post-holder\">\n            <div class=\"eael-grid-post-holder-inner\"><div class=\"eael-entry-media\"><div class=\"eael-entry-overlay fade-in\"><i class=\"far fa-hand-pointer\" aria-hidden=\"true\"><\/i><a href=\"https:\/\/soymigrante.com\/revista\/atoles-guatemaltecos-arroz-con-leche-postre-tradicional-sigue-endulzando-generaciones\/\"><\/a><\/div><div class=\"eael-entry-thumbnail \">\n                <img decoding=\"async\" width=\"1024\" height=\"1024\" src=\"https:\/\/soymigrante.com\/revista\/wp-content\/uploads\/2025\/01\/arroz-con-leche-1-1024x1024.jpg\" class=\"attachment-large size-large wp-image-19487\" alt=\"Suave image de un delicioso arroz con leche en un bol negro, espolvoreado con canela y acompa\u00f1ado de canelas en rama, representando la cultura gastron\u00f3mica latinoamericana y la tradici\u00f3n culinaria.\" srcset=\"https:\/\/soymigrante.com\/revista\/wp-content\/uploads\/2025\/01\/arroz-con-leche-1-1024x1024.jpg 1024w, https:\/\/soymigrante.com\/revista\/wp-content\/uploads\/2025\/01\/arroz-con-leche-1-300x300.jpg 300w, https:\/\/soymigrante.com\/revista\/wp-content\/uploads\/2025\/01\/arroz-con-leche-1-150x150.jpg 150w, https:\/\/soymigrante.com\/revista\/wp-content\/uploads\/2025\/01\/arroz-con-leche-1-768x768.jpg 768w, https:\/\/soymigrante.com\/revista\/wp-content\/uploads\/2025\/01\/arroz-con-leche-1-1536x1536.jpg 1536w, https:\/\/soymigrante.com\/revista\/wp-content\/uploads\/2025\/01\/arroz-con-leche-1-2048x2048.jpg 2048w, https:\/\/soymigrante.com\/revista\/wp-content\/uploads\/2025\/01\/arroz-con-leche-1-75x75.webp 75w, https:\/\/soymigrante.com\/revista\/wp-content\/uploads\/2025\/01\/arroz-con-leche-1-750x750.webp 750w, https:\/\/soymigrante.com\/revista\/wp-content\/uploads\/2025\/01\/arroz-con-leche-1-1140x1140.webp 1140w, https:\/\/soymigrante.com\/revista\/wp-content\/uploads\/2025\/01\/arroz-con-leche-1-scaled.webp 1920w\" sizes=\"(max-width: 1024px) 100vw, 1024px\" \/>\n            <\/div>\n        <\/div><div class=\"eael-entry-wrapper\"><header class=\"eael-entry-header\"><h2 class=\"eael-entry-title\"><a class=\"eael-grid-post-link\" href=\"https:\/\/soymigrante.com\/revista\/atoles-guatemaltecos-arroz-con-leche-postre-tradicional-sigue-endulzando-generaciones\/\" title=\"Atoles guatemaltecos: Arroz con leche, postre tradicional sigue endulzando generaciones\">Atoles guatemaltecos: Arroz con leche, postre tradicional sigue endulzando generaciones<\/a><\/h2><\/header><div class=\"eael-entry-content\">\n                        <div class=\"eael-grid-post-excerpt\"><a href=\"https:\/\/soymigrante.com\/revista\/atoles-guatemaltecos-arroz-con-leche-postre-tradicional-sigue-endulzando-generaciones\/\" class=\"eael-post-elements-readmore-btn\">CONOCE SU HISTORIA <\/a><\/div>\n                    <\/div><\/div><\/div>\n        <\/div>\n    <\/article><article class=\"eael-grid-post  eael-post-grid-column eael-pg-post-8112 category-recetas-guatemaltecas\" data-id=\"8112\">\n        <div class=\"eael-grid-post-holder\">\n            <div class=\"eael-grid-post-holder-inner\"><div class=\"eael-entry-media\"><div class=\"eael-entry-overlay fade-in\"><i class=\"far fa-hand-pointer\" aria-hidden=\"true\"><\/i><a href=\"https:\/\/soymigrante.com\/revista\/recetas-chapinas-que-delicia-frijoles-colorados-con-chicharron\/\"><\/a><\/div><div class=\"eael-entry-thumbnail \">\n                <img loading=\"lazy\" decoding=\"async\" width=\"760\" height=\"760\" src=\"https:\/\/soymigrante.com\/revista\/wp-content\/uploads\/2024\/08\/Captura-de-pantalla-2024-08-19-094750.webp\" class=\"attachment-large size-large wp-image-8151\" alt=\"Suzukimigrante.com REVISTA alimentos tradicionales migra historia sabores mexicano cocina receta recetas comida platillos ingredientes ingredientes naturales cocina mexicana alimentaci\u00f3n saludable productos alimenticios ingredientes frescos cocina casera cocina regional comida aut\u00e9ntica foods recetas mexicanas comida tradicional comida casera comida saludable comida deliciosa alimentos frescos ingredientes org\u00e1nicos ingredientes naturales alimentos saludables ingredientes frescos comida t\u00edpica comida aut\u00f3ctona ingredientes de temporada ingredientes frescos preparados en casa platillos tradicionales productos locales ingredientes aut\u00f3ctonos.\" srcset=\"https:\/\/soymigrante.com\/revista\/wp-content\/uploads\/2024\/08\/Captura-de-pantalla-2024-08-19-094750.webp 760w, https:\/\/soymigrante.com\/revista\/wp-content\/uploads\/2024\/08\/Captura-de-pantalla-2024-08-19-094750-300x300.webp 300w, https:\/\/soymigrante.com\/revista\/wp-content\/uploads\/2024\/08\/Captura-de-pantalla-2024-08-19-094750-150x150.webp 150w, https:\/\/soymigrante.com\/revista\/wp-content\/uploads\/2024\/08\/Captura-de-pantalla-2024-08-19-094750-75x75.webp 75w, https:\/\/soymigrante.com\/revista\/wp-content\/uploads\/2024\/08\/Captura-de-pantalla-2024-08-19-094750-750x750.webp 750w\" sizes=\"(max-width: 760px) 100vw, 760px\" \/>\n            <\/div>\n        <\/div><div class=\"eael-entry-wrapper\"><header class=\"eael-entry-header\"><h2 class=\"eael-entry-title\"><a class=\"eael-grid-post-link\" href=\"https:\/\/soymigrante.com\/revista\/recetas-chapinas-que-delicia-frijoles-colorados-con-chicharron\/\" title=\"Antojo chap\u00edn irresistible:  \u00a1Qu\u00e9 ricos los Frijoles Colorados con Chicharr\u00f3n\">Antojo chap\u00edn irresistible:  \u00a1Qu\u00e9 ricos los Frijoles Colorados con Chicharr\u00f3n<\/a><\/h2><\/header><div class=\"eael-entry-content\">\n                        <div class=\"eael-grid-post-excerpt\"><a href=\"https:\/\/soymigrante.com\/revista\/recetas-chapinas-que-delicia-frijoles-colorados-con-chicharron\/\" class=\"eael-post-elements-readmore-btn\">CONOCE SU HISTORIA <\/a><\/div>\n                    <\/div><\/div><\/div>\n        <\/div>\n    <\/article><article class=\"eael-grid-post  eael-post-grid-column eael-pg-post-5824 category-recetas-guatemaltecas\" data-id=\"5824\">\n        <div class=\"eael-grid-post-holder\">\n            <div class=\"eael-grid-post-holder-inner\"><div class=\"eael-entry-media\"><div class=\"eael-entry-overlay fade-in\"><i class=\"far fa-hand-pointer\" aria-hidden=\"true\"><\/i><a href=\"https:\/\/soymigrante.com\/revista\/receta-de-paches-quezaltecos-de-papa-que-delicia\/\"><\/a><\/div><div class=\"eael-entry-thumbnail \">\n                <img loading=\"lazy\" decoding=\"async\" width=\"1024\" height=\"681\" src=\"https:\/\/soymigrante.com\/revista\/wp-content\/uploads\/2024\/04\/receta-para-elaborar-paches-de-papa-xela-3-1024x681.webp\" class=\"attachment-large size-large wp-image-5825\" alt=\"receta para elaborar paches de papa xela. Recetas chapinas: Paches quezaltecos de papa \u00a1Qu\u00e9 delicia!\" srcset=\"https:\/\/soymigrante.com\/revista\/wp-content\/uploads\/2024\/04\/receta-para-elaborar-paches-de-papa-xela-3-1024x681.webp 1024w, https:\/\/soymigrante.com\/revista\/wp-content\/uploads\/2024\/04\/receta-para-elaborar-paches-de-papa-xela-3-300x200.webp 300w, https:\/\/soymigrante.com\/revista\/wp-content\/uploads\/2024\/04\/receta-para-elaborar-paches-de-papa-xela-3-768x511.webp 768w, https:\/\/soymigrante.com\/revista\/wp-content\/uploads\/2024\/04\/receta-para-elaborar-paches-de-papa-xela-3.webp 1920w\" sizes=\"(max-width: 1024px) 100vw, 1024px\" \/>\n            <\/div>\n        <\/div><div class=\"eael-entry-wrapper\"><header class=\"eael-entry-header\"><h2 class=\"eael-entry-title\"><a class=\"eael-grid-post-link\" href=\"https:\/\/soymigrante.com\/revista\/receta-de-paches-quezaltecos-de-papa-que-delicia\/\" title=\"Recetas chapinas: Paches quezaltecos de papa \u00a1Qu\u00e9 delicia!\">Recetas chapinas: Paches quezaltecos de papa \u00a1Qu\u00e9 delicia!<\/a><\/h2><\/header><div class=\"eael-entry-content\">\n                        <div class=\"eael-grid-post-excerpt\"><a href=\"https:\/\/soymigrante.com\/revista\/receta-de-paches-quezaltecos-de-papa-que-delicia\/\" class=\"eael-post-elements-readmore-btn\">CONOCE SU HISTORIA <\/a><\/div>\n                    <\/div><\/div><\/div>\n        <\/div>\n    <\/article><\/div>\n            <div class=\"clearfix\"><\/div>\n        <\/div>\t\t\t\t<\/div>\n\t\t\t\t\t<\/div>\n\t\t\t\t<\/div>\n\t\t\t\t<\/div>\n\t\t","protected":false},"excerpt":{"rendered":"<p>El chile cobanero no es un ingrediente m\u00e1s: es la llama que enciende el sabor de platillos como el caldo de chunto o kak-ik, cuyo nombre hace a alusi\u00f3n precisamente a algo picante. El chile cobanero es uno de los ingredientes m\u00e1s emblem\u00e1ticos de la cocina guatemalteca, especialmente de la regi\u00f3n de Alta Verapaz. Con [&hellip;]<\/p>\n","protected":false},"author":19,"featured_media":22721,"comment_status":"open","ping_status":"open","sticky":false,"template":"","format":"standard","meta":{"_acf_changed":false,"_eb_attr":"","footnotes":""},"categories":[58],"tags":[],"class_list":["post-22720","post","type-post","status-publish","format-standard","has-post-thumbnail","hentry","category-guate-nuestra"],"acf":[],"aioseo_notices":[],"aioseo_head":"\n\t\t<!-- All in One SEO Pro 4.9.6.2 - aioseo.com -->\n\t<meta name=\"description\" content=\"No hay guatemalteco, dentro o fuera del pa\u00eds, que no sepa lo que significa la expresi\u00f3n &quot;Jueves de paches&quot;: un platillo cl\u00e1sico de la gastronom\u00eda chapina. Esta es una receta de abuelita quetzalteca. Los paches de papa se encuentran dentro de esos sabores que distinguen a la comida chapina y que hasta tienen un d\u00eda\" \/>\n\t<meta name=\"robots\" content=\"max-snippet:-1, max-image-preview:large, max-video-preview:-1\" \/>\n\t<meta name=\"author\" content=\"Marysabel Aldana\"\/>\n\t<link rel=\"canonical\" href=\"https:\/\/soymigrante.com\/revista\/chile-cobanero-un-fuego-picante-cultivado-en-la-verapaz\/\" \/>\n\t<meta name=\"generator\" content=\"All in One SEO Pro (AIOSEO) 4.9.6.2\" \/>\n\n\t\t<link rel=\"preconnect\" href=\"https:\/\/fonts.googleapis.com\" crossorigin>\n<link rel=\"preconnect\" href=\"https:\/\/fonts.gstatic.com\" crossorigin>\n\t\t<meta property=\"og:locale\" content=\"es_ES\" \/>\n\t\t<meta property=\"og:site_name\" content=\"SoyMigrante.com REVISTA \u2013 Nuestra misi\u00f3n es reconocer y dignificar al migrante.\" \/>\n\t\t<meta property=\"og:type\" content=\"article\" \/>\n\t\t<meta property=\"og:title\" content=\"Chile cobanero: un fuego picante cultivado en la Verapaz\" \/>\n\t\t<meta property=\"og:description\" content=\"El chile cobanero es todo un desaf\u00edo y a la vez un gusto que acompa\u00f1a muchos desayunos, almuerzos o cenas chapinas, pero sobre todo un Caldo de Chunto o Kak-ik\" \/>\n\t\t<meta property=\"og:url\" content=\"https:\/\/soymigrante.com\/revista\/chile-cobanero-un-fuego-picante-cultivado-en-la-verapaz\/\" \/>\n\t\t<meta property=\"og:image\" content=\"https:\/\/soymigrante.com\/revista\/wp-content\/uploads\/2025\/01\/chile-cobanero-2-e1738006149633.webp\" \/>\n\t\t<meta property=\"og:image:secure_url\" content=\"https:\/\/soymigrante.com\/revista\/wp-content\/uploads\/2025\/01\/chile-cobanero-2-e1738006149633.webp\" \/>\n\t\t<meta property=\"og:image:width\" content=\"531\" \/>\n\t\t<meta property=\"og:image:height\" content=\"531\" \/>\n\t\t<meta property=\"article:published_time\" content=\"2025-01-29T17:58:39+00:00\" \/>\n\t\t<meta property=\"article:modified_time\" content=\"2025-02-04T23:52:05+00:00\" \/>\n\t\t<meta property=\"article:publisher\" content=\"https:\/\/www.facebook.com\/soymigrantecom\" \/>\n\t\t<meta name=\"twitter:card\" content=\"summary_large_image\" \/>\n\t\t<meta name=\"twitter:site\" content=\"@SoyMigrante_com\" \/>\n\t\t<meta name=\"twitter:title\" content=\"Chile cobanero: un fuego picante cultivado en la Verapaz\" \/>\n\t\t<meta name=\"twitter:description\" content=\"El chile cobanero es todo un desaf\u00edo y a la vez un gusto que acompa\u00f1a muchos desayunos, almuerzos o cenas chapinas, pero sobre todo un Caldo de Chunto o Kak-ik\" \/>\n\t\t<meta name=\"twitter:creator\" content=\"@SoyMigrante_com\" \/>\n\t\t<meta name=\"twitter:image\" content=\"https:\/\/soymigrante.com\/revista\/wp-content\/uploads\/2025\/01\/chile-cobanero-2-e1738006149633.webp\" \/>\n\t\t<!-- All in One SEO Pro -->\r\n\t\t<title>Chile cobanero: un fuego picante cultivado en la Verapaz<\/title>\n\n","aioseo_head_json":{"title":"Chile cobanero: un fuego picante cultivado en la Verapaz","description":"El chile cobanero es todo un desaf\u00edo y a la vez un gusto que acompa\u00f1a muchos desayunos, almuerzos o cenas chapinas, pero sobre todo un Caldo de Chunto o Kak-ik","canonical_url":"https:\/\/soymigrante.com\/revista\/chile-cobanero-un-fuego-picante-cultivado-en-la-verapaz\/","robots":"max-snippet:-1, max-image-preview:large, max-video-preview:-1","keywords":"","webmasterTools":{"miscellaneous":"&lt;link rel=\"preconnect\" href=\"https:\/\/fonts.googleapis.com\" crossorigin&gt;\n&lt;link rel=\"preconnect\" href=\"https:\/\/fonts.gstatic.com\" crossorigin&gt;"},"schema":null,"og:locale":"es_ES","og:site_name":"SoyMigrante.com REVISTA \u2013 Nuestra misi\u00f3n es reconocer y dignificar al migrante.","og:type":"article","og:title":"Chile cobanero: un fuego picante cultivado en la Verapaz","og:description":"El chile cobanero es todo un desaf\u00edo y a la vez un gusto que acompa\u00f1a muchos desayunos, almuerzos o cenas chapinas, pero sobre todo un Caldo de Chunto o Kak-ik","og:url":"https:\/\/soymigrante.com\/revista\/chile-cobanero-un-fuego-picante-cultivado-en-la-verapaz\/","og:image":"https:\/\/soymigrante.com\/revista\/wp-content\/uploads\/2025\/01\/chile-cobanero-2-e1738006149633.webp","og:image:secure_url":"https:\/\/soymigrante.com\/revista\/wp-content\/uploads\/2025\/01\/chile-cobanero-2-e1738006149633.webp","og:image:width":531,"og:image:height":531,"article:published_time":"2025-01-29T17:58:39+00:00","article:modified_time":"2025-02-04T23:52:05+00:00","article:publisher":"https:\/\/www.facebook.com\/soymigrantecom","twitter:card":"summary_large_image","twitter:site":"@SoyMigrante_com","twitter:title":"Chile cobanero: un fuego picante cultivado en la Verapaz","twitter:description":"El chile cobanero es todo un desaf\u00edo y a la vez un gusto que acompa\u00f1a muchos desayunos, almuerzos o cenas chapinas, pero sobre todo un Caldo de Chunto o Kak-ik","twitter:creator":"@SoyMigrante_com","twitter:image":"https:\/\/soymigrante.com\/revista\/wp-content\/uploads\/2025\/01\/chile-cobanero-2-e1738006149633.webp"},"aioseo_meta_data":{"post_id":"22720","title":null,"description":"El chile cobanero es todo un desaf\u00edo y a la vez un gusto que acompa\u00f1a muchos desayunos, almuerzos o cenas chapinas, pero sobre todo un Caldo de Chunto o Kak-ik","keywords":null,"keyphrases":{"focus":{"keyphrase":"chile cobanero","score":87,"analysis":{"keyphraseInTitle":{"score":9,"maxScore":9,"error":0},"keyphraseInDescription":{"score":9,"maxScore":9,"error":0},"keyphraseLength":{"score":9,"maxScore":9,"error":0,"length":2},"keyphraseInURL":{"score":5,"maxScore":5,"error":0},"keyphraseInIntroduction":{"score":9,"maxScore":9,"error":0},"keyphraseInSubHeadings":{"score":9,"maxScore":9,"error":0},"keyphraseInImageAlt":{"score":9,"maxScore":9,"error":0},"keywordDensity":{"type":"high","score":0,"maxScore":9,"error":1}}},"additional":[{"keyphrase":"chile cobanero","score":80,"analysis":{"keyphraseInDescription":{"score":9,"maxScore":9,"error":0},"keyphraseLength":{"score":9,"maxScore":9,"error":0,"length":2},"keyphraseInIntroduction":{"score":9,"maxScore":9,"error":0},"keyphraseInImageAlt":{"score":9,"maxScore":9,"error":0},"keywordDensity":{"type":"high","score":0,"maxScore":9,"error":1}}},{"keyphrase":"Guatemala","score":40,"analysis":{"keyphraseInDescription":{"score":3,"maxScore":9,"error":1},"keyphraseLength":{"score":9,"maxScore":9,"error":0,"length":1},"keyphraseInIntroduction":{"score":3,"maxScore":9,"error":1},"keyphraseInImageAlt":{"score":3,"maxScore":9,"error":1},"keywordDensity":{"score":0,"type":"low","maxScore":9,"error":1}}},{"keyphrase":"Picante","score":73,"analysis":{"keyphraseInDescription":{"score":3,"maxScore":9,"error":1},"keyphraseLength":{"score":9,"maxScore":9,"error":0,"length":1},"keyphraseInIntroduction":{"score":3,"maxScore":9,"error":1},"keyphraseInImageAlt":{"score":9,"maxScore":9,"error":0},"keywordDensity":{"type":"best","score":9,"maxScore":9,"error":0}}}]},"primary_term":null,"canonical_url":null,"og_title":null,"og_description":null,"og_object_type":"default","og_image_type":"default","og_image_url":null,"og_image_width":null,"og_image_height":null,"og_image_custom_url":null,"og_image_custom_fields":null,"og_video":"","og_custom_url":null,"og_article_section":null,"og_article_tags":null,"twitter_use_og":false,"twitter_card":"default","twitter_image_type":"default","twitter_image_url":null,"twitter_image_custom_url":null,"twitter_image_custom_fields":null,"twitter_title":null,"twitter_description":null,"schema":{"blockGraphs":[],"customGraphs":[],"default":{"data":{"Article":[],"Course":[],"Dataset":[],"FAQPage":[],"Movie":[],"Person":[],"Product":[],"ProductReview":[],"Car":[],"Recipe":[],"Service":[],"SoftwareApplication":[],"WebPage":[]},"graphName":"BlogPosting","isEnabled":true},"graphs":[]},"schema_type":"default","schema_type_options":null,"pillar_content":false,"robots_default":true,"robots_noindex":false,"robots_noarchive":false,"robots_nosnippet":false,"robots_nofollow":false,"robots_noimageindex":false,"robots_noodp":false,"robots_notranslate":false,"robots_max_snippet":"-1","robots_max_videopreview":"-1","robots_max_imagepreview":"large","priority":null,"frequency":"default","local_seo":null,"seo_analyzer_scan_date":"2025-10-09 02:15:12","breadcrumb_settings":null,"limit_modified_date":false,"reviewed_by":null,"open_ai":"{\"title\":{\"suggestions\":[],\"usage\":0},\"description\":{\"suggestions\":[],\"usage\":0}}","ai":null,"created":"2025-01-27 19:29:15","updated":"2026-02-04 21:04:38"},"aioseo_breadcrumb":"<div class=\"aioseo-breadcrumbs\"><span class=\"aioseo-breadcrumb\">\n\t<a href=\"https:\/\/soymigrante.com\/revista\" title=\"Home\">Home<\/a>\n<\/span><span class=\"aioseo-breadcrumb-separator\">\u00bb<\/span><span class=\"aioseo-breadcrumb\">\n\t<a href=\"https:\/\/soymigrante.com\/revista\/category\/guate-nuestra\/\" title=\"Guate Nuestra\">Guate Nuestra<\/a>\n<\/span><span class=\"aioseo-breadcrumb-separator\">\u00bb<\/span><span class=\"aioseo-breadcrumb\">\n\tChile cobanero: un fuego picante cultivado en la Verapaz\n<\/span><\/div>","aioseo_breadcrumb_json":[{"label":"Home","link":"https:\/\/soymigrante.com\/revista"},{"label":"Guate Nuestra","link":"https:\/\/soymigrante.com\/revista\/category\/guate-nuestra\/"},{"label":"Chile cobanero: un fuego picante cultivado en la Verapaz","link":"https:\/\/soymigrante.com\/revista\/chile-cobanero-un-fuego-picante-cultivado-en-la-verapaz\/"}],"_links":{"self":[{"href":"https:\/\/soymigrante.com\/revista\/wp-json\/wp\/v2\/posts\/22720","targetHints":{"allow":["GET"]}}],"collection":[{"href":"https:\/\/soymigrante.com\/revista\/wp-json\/wp\/v2\/posts"}],"about":[{"href":"https:\/\/soymigrante.com\/revista\/wp-json\/wp\/v2\/types\/post"}],"author":[{"embeddable":true,"href":"https:\/\/soymigrante.com\/revista\/wp-json\/wp\/v2\/users\/19"}],"replies":[{"embeddable":true,"href":"https:\/\/soymigrante.com\/revista\/wp-json\/wp\/v2\/comments?post=22720"}],"version-history":[{"count":0,"href":"https:\/\/soymigrante.com\/revista\/wp-json\/wp\/v2\/posts\/22720\/revisions"}],"wp:featuredmedia":[{"embeddable":true,"href":"https:\/\/soymigrante.com\/revista\/wp-json\/wp\/v2\/media\/22721"}],"wp:attachment":[{"href":"https:\/\/soymigrante.com\/revista\/wp-json\/wp\/v2\/media?parent=22720"}],"wp:term":[{"taxonomy":"category","embeddable":true,"href":"https:\/\/soymigrante.com\/revista\/wp-json\/wp\/v2\/categories?post=22720"},{"taxonomy":"post_tag","embeddable":true,"href":"https:\/\/soymigrante.com\/revista\/wp-json\/wp\/v2\/tags?post=22720"}],"curies":[{"name":"wp","href":"https:\/\/api.w.org\/{rel}","templated":true}]}}