{"id":22673,"date":"2025-01-27T12:17:46","date_gmt":"2025-01-27T18:17:46","guid":{"rendered":"https:\/\/soymigrante.com\/revista\/?p=22673"},"modified":"2025-03-31T10:39:04","modified_gmt":"2025-03-31T16:39:04","slug":"el-guatemalteco-estuardo-adhemar-es-exitoso-productor-musical-fotografo-y-videografo-en-chicago","status":"publish","type":"post","link":"https:\/\/soymigrante.com\/revista\/el-guatemalteco-estuardo-adhemar-es-exitoso-productor-musical-fotografo-y-videografo-en-chicago\/","title":{"rendered":"El guatemalteco Estuardo Adhemar es productor musical, fotogr\u00e1fico y audiovisual en Chicago"},"content":{"rendered":"\t\t<div data-elementor-type=\"wp-post\" data-elementor-id=\"22673\" class=\"elementor elementor-22673\" data-elementor-post-type=\"post\">\n\t\t\t\t<div data-particle_enable=\"false\" data-particle-mobile-disabled=\"false\" class=\"elementor-element elementor-element-8d1f3e5 e-flex e-con-boxed e-con e-parent\" data-id=\"8d1f3e5\" data-element_type=\"container\" data-e-type=\"container\">\n\t\t\t\t\t<div class=\"e-con-inner\">\n\t\t\t\t<div class=\"elementor-element elementor-element-ae4e41c elementor-widget elementor-widget-heading\" data-id=\"ae4e41c\" data-element_type=\"widget\" data-e-type=\"widget\" data-widget_type=\"heading.default\">\n\t\t\t\t\t<h2 class=\"elementor-heading-title elementor-size-default\">Desde ni\u00f1o en la colonia El Milagro  usaba como bater\u00eda las ollas de su mam\u00e1; estudi\u00f3 en prestigiosas escuelas musicales de Chicago y Massachussets. Estuardo Adhemar Mart\u00ednez es productor musical, de videos y fotograf\u00eda; esta es su historia.<\/h2>\t\t\t\t<\/div>\n\t\t\t\t<div class=\"elementor-element elementor-element-9e96fe7 elementor-widget elementor-widget-html\" data-id=\"9e96fe7\" data-element_type=\"widget\" data-e-type=\"widget\" data-widget_type=\"html.default\">\n\t\t\t\t\t<div id=\"buzzsprout-player-16891270\"><\/div><script src=\"https:\/\/www.buzzsprout.com\/2444168\/episodes\/16891270-estuardo-adhemar-talento-musical-migrante-guatemalteco-en-chicago.js?container_id=buzzsprout-player-16891270&player=small\" type=\"text\/javascript\" charset=\"utf-8\"><\/script>\t\t\t\t<\/div>\n\t\t\t\t\t<\/div>\n\t\t\t\t<\/div>\n\t\t<div data-particle_enable=\"false\" data-particle-mobile-disabled=\"false\" class=\"elementor-element elementor-element-78c2597 e-flex e-con-boxed e-con e-parent\" data-id=\"78c2597\" data-element_type=\"container\" data-e-type=\"container\">\n\t\t\t\t\t<div class=\"e-con-inner\">\n\t\t\t\t<div class=\"elementor-element elementor-element-b886e52 elementor-widget elementor-widget-text-editor\" data-id=\"b886e52\" data-element_type=\"widget\" data-e-type=\"widget\" data-widget_type=\"text-editor.default\">\n\t\t\t\t\t\t\t\t\t<p>Cuando ten\u00eda 8 a\u00f1os, los padres de Estuardo Adhemar Mart\u00ednez migraron a EE.UU. y en busca de oportunidades y \u00e9l se qued\u00f3 al cuidado de\u00a0 familiares en la colonia El Milagro. &#8220;A m\u00ed me gustaba la m\u00fasica, sobre todo la percusi\u00f3n. Usaba las ollas y sartenes de mi mam\u00e1 como bater\u00eda&#8221;, cuenta.\u00a0<\/p><p>\u00a0Empez\u00f3 a estudiar y asist\u00eda a una iglesia donde conoci\u00f3 al baterista de un ministerio de m\u00fasica. Al crecer un poco m\u00e1s, entr\u00f3 a\u00a0 la Universidad Popular, UP, en la zona 1 de Guatemala. As\u00ed empez\u00f3 a dibujarse camino creativo y sonoro, al cual se sumar\u00eda despu\u00e9s el arte de la fotograf\u00eda.<\/p><p>Estuardo Adhemar es un prestigioso productor musical guatemalteco en Chicago, Illinois. con decenas de artistas de diversos g\u00e9neros. A cada uno le encuentra su tono, imagen y estilo para producirlos y lanzarlos. Esta es su historia.<\/p>\t\t\t\t\t\t\t\t<\/div>\n\t\t\t\t\t<\/div>\n\t\t\t\t<\/div>\n\t\t<div data-particle_enable=\"false\" data-particle-mobile-disabled=\"false\" class=\"elementor-element elementor-element-371123a e-flex e-con-boxed e-con e-parent\" data-id=\"371123a\" data-element_type=\"container\" data-e-type=\"container\">\n\t\t\t\t\t<div class=\"e-con-inner\">\n\t\t\t\t<div class=\"elementor-element elementor-element-78f9d08 elementor-widget elementor-widget-image\" data-id=\"78f9d08\" data-element_type=\"widget\" data-e-type=\"widget\" data-widget_type=\"image.default\">\n\t\t\t\t\t\t\t\t\t\t\t\t<figure class=\"wp-caption\">\n\t\t\t\t\t\t\t\t\t\t<img fetchpriority=\"high\" decoding=\"async\" width=\"768\" height=\"626\" src=\"https:\/\/soymigrante.com\/revista\/wp-content\/uploads\/2025\/01\/estuardo-adhemar-chicago-guatemalteco-1-1024x834.jpg\" class=\"attachment-large size-large wp-image-22679\" alt=\"Guitarrista hombre con micr\u00f3fono en estudio, arte visual para revista SoyMigrante.com REVISTA.\" srcset=\"https:\/\/soymigrante.com\/revista\/wp-content\/uploads\/2025\/01\/estuardo-adhemar-chicago-guatemalteco-1-1024x834.jpg 1024w, https:\/\/soymigrante.com\/revista\/wp-content\/uploads\/2025\/01\/estuardo-adhemar-chicago-guatemalteco-1-300x244.jpg 300w, https:\/\/soymigrante.com\/revista\/wp-content\/uploads\/2025\/01\/estuardo-adhemar-chicago-guatemalteco-1-768x625.jpg 768w, https:\/\/soymigrante.com\/revista\/wp-content\/uploads\/2025\/01\/estuardo-adhemar-chicago-guatemalteco-1-1536x1250.jpg 1536w, https:\/\/soymigrante.com\/revista\/wp-content\/uploads\/2025\/01\/estuardo-adhemar-chicago-guatemalteco-1-750x610.webp 750w, https:\/\/soymigrante.com\/revista\/wp-content\/uploads\/2025\/01\/estuardo-adhemar-chicago-guatemalteco-1-1140x928.webp 1140w, https:\/\/soymigrante.com\/revista\/wp-content\/uploads\/2025\/01\/estuardo-adhemar-chicago-guatemalteco-1.webp 1920w\" sizes=\"(max-width: 768px) 100vw, 768px\" title=\"El productor musical y fot\u00f3grafo guatemalteco en Chicago, Estuardo Adhemar Mart\u00ednez domina varios instrumentos de cuerda, viento y percusi\u00f3n. Considera importante este conocimiento para poder dirigir a los artistas y generar un mejor producto musical. \u2013 SoyMigrante.com REVISTA\" \/>\t\t\t\t\t\t\t\t\t\t\t<figcaption class=\"widget-image-caption wp-caption-text\">Guitarrista profesional posa con micr\u00f3fono y guitarra en estudio fotogr\u00e1fico para revista en l\u00ednea SoyMigrante.com.<\/figcaption>\n\t\t\t\t\t\t\t\t\t\t<\/figure>\n\t\t\t\t\t\t\t\t\t<\/div>\n\t\t\t\t\t<\/div>\n\t\t\t\t<\/div>\n\t\t<div data-particle_enable=\"false\" data-particle-mobile-disabled=\"false\" class=\"elementor-element elementor-element-2ab7837 e-flex e-con-boxed e-con e-parent\" data-id=\"2ab7837\" data-element_type=\"container\" data-e-type=\"container\">\n\t\t\t\t\t<div class=\"e-con-inner\">\n\t\t\t\t<div class=\"elementor-element elementor-element-a880894 elementor-widget elementor-widget-heading\" data-id=\"a880894\" data-element_type=\"widget\" data-e-type=\"widget\" data-widget_type=\"heading.default\">\n\t\t\t\t\t<h3 class=\"elementor-heading-title elementor-size-default\">Cantar en la iglesia fue su primera academia<\/h3>\t\t\t\t<\/div>\n\t\t\t\t\t<\/div>\n\t\t\t\t<\/div>\n\t\t<div data-particle_enable=\"false\" data-particle-mobile-disabled=\"false\" class=\"elementor-element elementor-element-c2fe040 e-flex e-con-boxed e-con e-parent\" data-id=\"c2fe040\" data-element_type=\"container\" data-e-type=\"container\">\n\t\t\t\t\t<div class=\"e-con-inner\">\n\t\t\t\t<div class=\"elementor-element elementor-element-fe37710 elementor-widget elementor-widget-text-editor\" data-id=\"fe37710\" data-element_type=\"widget\" data-e-type=\"widget\" data-widget_type=\"text-editor.default\">\n\t\t\t\t\t\t\t\t\t<p><span style=\"color: var( --e-global-color-text ); text-align: var(--text-align);\">&#8220;Cuando mis pap\u00e1s emigraron a EE.UU., yo empezaba a estudiar. En la iglesia que asistia conoc\u00ed a un brasile\u00f1o percusionista. Me ense\u00f1\u00f3 a tocar la bater\u00eda. Despu\u00e9s nos trasladamos de El Milagro a zona 7. En otra iglesia conoc\u00ed a otro maestro, que me ense\u00f1\u00f3 m\u00e1s percusi\u00f3n y otros instrumentos. En la Universidad Popular yo complet\u00e9 mi formaci\u00f3n musical&#8221;.<\/span><\/p><p>Estuardo Adhemar visitaba peri\u00f3dicamente a sus padres en Chicago y regresaba a Guatemala. Le gustaba vivir en su pa\u00eds. Pon\u00eda su talento al servicio del grupo de m\u00fasica en la iglesia.\u00a0<\/p><p>&#8220;Me gustaba tocar la guitarra y el bajo, crear armon\u00edas y tambi\u00e9n ponerle ritmo a las alabanzas.\u00a0<span style=\"color: var( --e-global-color-text ); text-align: var(--text-align);\">Pero un d\u00eda el director del ministerio me dijo: Si tienes oportunidad de quedarte legalmente en USA, qu\u00e9date, all\u00e1 est\u00e1n tus pap\u00e1s&#8221;.<\/span><\/p><p>\u00a0Ten\u00eda 18 a\u00f1os cuando fue a un viaje de visita pero ya no regres\u00f3. Empez\u00f3 su tr\u00e1mite para quedarse a vivir permanentemente en EE.UU. &#8220;Mi pap\u00e1 me compr\u00f3 una bater\u00eda&#8221; y hab\u00eda una intensa vida musical en Chicago.<\/p>\t\t\t\t\t\t\t\t<\/div>\n\t\t\t\t\t<\/div>\n\t\t\t\t<\/div>\n\t\t<div data-particle_enable=\"false\" data-particle-mobile-disabled=\"false\" class=\"elementor-element elementor-element-88835e5 e-flex e-con-boxed e-con e-parent\" data-id=\"88835e5\" data-element_type=\"container\" data-e-type=\"container\">\n\t\t\t\t\t<div class=\"e-con-inner\">\n\t\t\t\t<div class=\"elementor-element elementor-element-c273d08 elementor-widget elementor-widget-video\" data-id=\"c273d08\" data-element_type=\"widget\" data-e-type=\"widget\" data-settings=\"{&quot;youtube_url&quot;:&quot;https:\\\/\\\/www.youtube.com\\\/watch?v=cFB-LpBBKPc&quot;,&quot;video_type&quot;:&quot;youtube&quot;,&quot;controls&quot;:&quot;yes&quot;}\" data-widget_type=\"video.default\">\n\t\t\t\t\t\t\t<div class=\"elementor-wrapper elementor-open-inline\">\n\t\t\t<div class=\"elementor-video\"><\/div>\t\t<\/div>\n\t\t\t\t\t\t<\/div>\n\t\t\t\t\t<\/div>\n\t\t\t\t<\/div>\n\t\t<div data-particle_enable=\"false\" data-particle-mobile-disabled=\"false\" class=\"elementor-element elementor-element-7105df3 e-flex e-con-boxed e-con e-parent\" data-id=\"7105df3\" data-element_type=\"container\" data-e-type=\"container\">\n\t\t\t\t\t<div class=\"e-con-inner\">\n\t\t\t\t<div class=\"elementor-element elementor-element-c8e6343 elementor-widget elementor-widget-heading\" data-id=\"c8e6343\" data-element_type=\"widget\" data-e-type=\"widget\" data-widget_type=\"heading.default\">\n\t\t\t\t\t<h3 class=\"elementor-heading-title elementor-size-default\">Un m\u00fasico profesionalmente formado<\/h3>\t\t\t\t<\/div>\n\t\t\t\t\t<\/div>\n\t\t\t\t<\/div>\n\t\t<div data-particle_enable=\"false\" data-particle-mobile-disabled=\"false\" class=\"elementor-element elementor-element-ce80bb1 e-flex e-con-boxed e-con e-parent\" data-id=\"ce80bb1\" data-element_type=\"container\" data-e-type=\"container\">\n\t\t\t\t\t<div class=\"e-con-inner\">\n\t\t\t\t<div class=\"elementor-element elementor-element-9df5889 elementor-widget elementor-widget-text-editor\" data-id=\"9df5889\" data-element_type=\"widget\" data-e-type=\"widget\" data-widget_type=\"text-editor.default\">\n\t\t\t\t\t\t\t\t\t<p><span style=\"color: var( --e-global-color-text ); text-align: var(--text-align);\">En Chicago, Adehemar estudi\u00f3 en primero en el Colegio de M\u00fasica, y despu\u00e9s fue el Berklee College de M\u00fasica en Massachussets. &#8220;Tocaba con grupos locales y aprend\u00ed de todos ritmos. Tambi\u00e9n colaboraba en la iglesia. Me encantaron el jazz, la m\u00fasica cl\u00e1sica y el rock&#8221;.<\/span><\/p><p>Sin embargo nunca olvida una de sus ense\u00f1anzas en Guatemala: &#8220;Quien mejor me ense\u00f1\u00f3 a tocar la bater\u00eda era hijo del director de la Marimba Chapinlandia. Fui varias veces de suplente, porque \u00e9l ten\u00eda otro compromiso. Y me tocaba agarrarle el ritmo, redoblar, un golpe al plato y seguir&#8221;.<\/p><p>&#8220;Ahora lo que hago es producir artistas, dirigir, hacer arreglos y meterme al estudio a integrarlos. Hay tanta tecnolog\u00eda ahora para trabajar: Yo grabo la m\u00fasica, la voz y\u00a0 despu\u00e9s hacemos el videoclip. \u00daltimamente he grabado m\u00e1s m\u00fasica ranchera, pero depende de los artistas&#8221;.<\/p><p>Todo comenzo un d\u00eda escuchando a una cantante ranchera. Mentalmente, Estuardo Adhemar empez\u00f3 a cambiar ritmo, elementos sonoros e instrumentales. La asesor\u00f3 y el resultado fue muy distinto a lo tradicional. &#8220;A m\u00ed me gusta innovar&#8221;, expresa.<\/p>\t\t\t\t\t\t\t\t<\/div>\n\t\t\t\t\t<\/div>\n\t\t\t\t<\/div>\n\t\t<div data-particle_enable=\"false\" data-particle-mobile-disabled=\"false\" class=\"elementor-element elementor-element-b633ff8 e-flex e-con-boxed e-con e-parent\" data-id=\"b633ff8\" data-element_type=\"container\" data-e-type=\"container\">\n\t\t\t\t\t<div class=\"e-con-inner\">\n\t\t\t\t<div class=\"elementor-element elementor-element-ae438d4 elementor-widget elementor-widget-heading\" data-id=\"ae438d4\" data-element_type=\"widget\" data-e-type=\"widget\" data-widget_type=\"heading.default\">\n\t\t\t\t\t<h4 class=\"elementor-heading-title elementor-size-default\">Adem\u00e1s de la producci\u00f3n musical, Estuardo Adhemar se hace cargo de la fotograf\u00eda de cantantes y modelos; tambi\u00e9n elabora sesiones de retrato.<\/h4>\t\t\t\t<\/div>\n\t\t\t\t\t<\/div>\n\t\t\t\t<\/div>\n\t\t<div data-particle_enable=\"false\" data-particle-mobile-disabled=\"false\" class=\"elementor-element elementor-element-75e7f9d e-flex e-con-boxed e-con e-parent\" data-id=\"75e7f9d\" data-element_type=\"container\" data-e-type=\"container\">\n\t\t\t\t\t<div class=\"e-con-inner\">\n\t\t\t\t<div class=\"elementor-element elementor-element-37ab960 elementor-arrows-position-inside elementor-pagination-position-outside elementor-widget elementor-widget-image-carousel\" data-id=\"37ab960\" data-element_type=\"widget\" data-e-type=\"widget\" data-settings=\"{&quot;slides_to_show&quot;:&quot;1&quot;,&quot;navigation&quot;:&quot;both&quot;,&quot;autoplay&quot;:&quot;yes&quot;,&quot;pause_on_hover&quot;:&quot;yes&quot;,&quot;pause_on_interaction&quot;:&quot;yes&quot;,&quot;autoplay_speed&quot;:5000,&quot;infinite&quot;:&quot;yes&quot;,&quot;effect&quot;:&quot;slide&quot;,&quot;speed&quot;:500}\" data-widget_type=\"image-carousel.default\">\n\t\t\t\t\t\t\t<div class=\"elementor-image-carousel-wrapper swiper\" role=\"region\" aria-roledescription=\"carousel\" aria-label=\"Carrusel de im\u00e1genes\" dir=\"ltr\">\n\t\t\t<div class=\"elementor-image-carousel swiper-wrapper\" aria-live=\"off\">\n\t\t\t\t\t\t\t\t<div class=\"swiper-slide\" role=\"group\" aria-roledescription=\"slide\" aria-label=\"1 de 7\"><figure class=\"swiper-slide-inner\"><img decoding=\"async\" class=\"swiper-slide-image\" src=\"https:\/\/soymigrante.com\/revista\/wp-content\/uploads\/2025\/01\/estuardo-adhemar-chicago-guatemalteco-2-954x1024.jpg\" alt=\"Sombreros tradicionales mexicanos, cultura y arte popular, fotograf\u00eda de grupo con hombres y mujeres en vestimenta t\u00edpica, celebraci\u00f3n y patrimonio cultural mexicano.\" \/><\/figure><\/div><div class=\"swiper-slide\" role=\"group\" aria-roledescription=\"slide\" aria-label=\"2 de 7\"><figure class=\"swiper-slide-inner\"><img decoding=\"async\" class=\"swiper-slide-image\" src=\"https:\/\/soymigrante.com\/revista\/wp-content\/uploads\/2025\/01\/estuardo-adhemar-chicago-guatemalteco-7-800x1024.jpg\" alt=\"Joven con vestido de quincea\u00f1era, paraguas y corona, en ambiente natural y lluvioso, destacando celebraci\u00f3n tradicional, cultura y juventud en Espa\u00f1a.\" \/><\/figure><\/div><div class=\"swiper-slide\" role=\"group\" aria-roledescription=\"slide\" aria-label=\"3 de 7\"><figure class=\"swiper-slide-inner\"><img decoding=\"async\" class=\"swiper-slide-image\" src=\"https:\/\/soymigrante.com\/revista\/wp-content\/uploads\/2025\/01\/estuardo-adhemar-chicago-guatemalteco-9-734x1024.jpg\" alt=\"Fuerza de mujer migrante, artista con saxof\u00f3n, cultura y arte en un retrato oscuro.\" \/><\/figure><\/div><div class=\"swiper-slide\" role=\"group\" aria-roledescription=\"slide\" aria-label=\"4 de 7\"><figure class=\"swiper-slide-inner\"><img decoding=\"async\" class=\"swiper-slide-image\" src=\"https:\/\/soymigrante.com\/revista\/wp-content\/uploads\/2025\/01\/estuardo-adhemar-chicago-guatemalteco-10-747x1024.jpg\" alt=\"Vestido azul de dise\u00f1o elegante con bordados florales, modelo sentada en estudio con fondo negro, estilo de moda femenina.\" \/><\/figure><\/div><div class=\"swiper-slide\" role=\"group\" aria-roledescription=\"slide\" aria-label=\"5 de 7\"><figure class=\"swiper-slide-inner\"><img decoding=\"async\" class=\"swiper-slide-image\" src=\"https:\/\/soymigrante.com\/revista\/wp-content\/uploads\/2025\/01\/estuardo-adhemar-chicago-guatemalteco-12-795x1024.jpg\" alt=\"Vendedora con vestido tradicional mexicano de bordado colorido para celebrar cultura y ra\u00edces mexicanas.\" \/><\/figure><\/div><div class=\"swiper-slide\" role=\"group\" aria-roledescription=\"slide\" aria-label=\"6 de 7\"><figure class=\"swiper-slide-inner\"><img decoding=\"async\" class=\"swiper-slide-image\" src=\"https:\/\/soymigrante.com\/revista\/wp-content\/uploads\/2025\/01\/estuardo-adhemar-chicago-guatemalteco-13-684x1024.jpg\" alt=\"Hermosa mujer con cabello largo y rubio con ondas en la playa, vistiendo bikini amarillo y mostrando una expresi\u00f3n seductora, en un entorno playero soleado.\" \/><\/figure><\/div><div class=\"swiper-slide\" role=\"group\" aria-roledescription=\"slide\" aria-label=\"7 de 7\"><figure class=\"swiper-slide-inner\"><img decoding=\"async\" class=\"swiper-slide-image\" src=\"https:\/\/soymigrante.com\/revista\/wp-content\/uploads\/2025\/01\/estuardo-adhemar-chicago-guatemalteco-16-818x1024.jpg\" alt=\"Vestido tradicional mexicano rojo con bordados blancos y encajes, mujer en bosque oto\u00f1al con hojas ca\u00eddas, cultura mexicana, folclore y orgullo cultural, fotograf\u00eda art\u00edstica y natural, celebraci\u00f3n de tradiciones.\" \/><\/figure><\/div>\t\t\t<\/div>\n\t\t\t\t\t\t\t\t\t\t\t\t<div class=\"elementor-swiper-button elementor-swiper-button-prev\" role=\"button\" tabindex=\"0\">\n\t\t\t\t\t\t<i aria-hidden=\"true\" class=\"eicon-chevron-left\"><\/i>\t\t\t\t\t<\/div>\n\t\t\t\t\t<div class=\"elementor-swiper-button elementor-swiper-button-next\" role=\"button\" tabindex=\"0\">\n\t\t\t\t\t\t<i aria-hidden=\"true\" class=\"eicon-chevron-right\"><\/i>\t\t\t\t\t<\/div>\n\t\t\t\t\n\t\t\t\t\t\t\t\t\t<div class=\"swiper-pagination\"><\/div>\n\t\t\t\t\t\t\t\t\t<\/div>\n\t\t\t\t\t\t<\/div>\n\t\t\t\t\t<\/div>\n\t\t\t\t<\/div>\n\t\t<div data-particle_enable=\"false\" data-particle-mobile-disabled=\"false\" class=\"elementor-element elementor-element-a268e3b e-flex e-con-boxed e-con e-parent\" data-id=\"a268e3b\" data-element_type=\"container\" data-e-type=\"container\">\n\t\t\t\t\t<div class=\"e-con-inner\">\n\t\t\t\t<div class=\"elementor-element elementor-element-0a2c1f4 elementor-widget elementor-widget-heading\" data-id=\"0a2c1f4\" data-element_type=\"widget\" data-e-type=\"widget\" data-widget_type=\"heading.default\">\n\t\t\t\t\t<h3 class=\"elementor-heading-title elementor-size-default\">Cuidado a cada detalle, visual o sonoro<\/h3>\t\t\t\t<\/div>\n\t\t\t\t\t<\/div>\n\t\t\t\t<\/div>\n\t\t<div data-particle_enable=\"false\" data-particle-mobile-disabled=\"false\" class=\"elementor-element elementor-element-4d7f7d9 e-flex e-con-boxed e-con e-parent\" data-id=\"4d7f7d9\" data-element_type=\"container\" data-e-type=\"container\">\n\t\t\t\t\t<div class=\"e-con-inner\">\n\t\t\t\t<div class=\"elementor-element elementor-element-bea9b1c elementor-widget elementor-widget-text-editor\" data-id=\"bea9b1c\" data-element_type=\"widget\" data-e-type=\"widget\" data-widget_type=\"text-editor.default\">\n\t\t\t\t\t\t\t\t\t<p><span style=\"color: var( --e-global-color-text ); text-align: var(--text-align);\">Estuardo pone atenci\u00f3n en cada detalle, en lo musical y visual: &#8220;Al arreglista le digo: quiero dos violines m\u00e1s o tres trompetas m\u00e1s, quiero que se oiga sinf\u00f3nico, algo original, mel\u00f3dico. Incluso de temas muy tradicionales le buscamos algo nuevo&#8221;.<\/span><\/p><p>&#8220;Una canci\u00f3n que le gustaba mucho a mi abuelita, era La Basurita: Yo no soy tanto de mariachi, me gusta el rock; pero en Chicago hay muchos cantantes de mariachi, as\u00ed que les trabajamos con dedicaci\u00f3n. Entonces hice un arreglo de La Basurita con toque diferente: el hijo del compositor de esa canci\u00f3n me mand\u00f3 a felicitar&#8221;.<\/p><p>&#8220;Me dijo: le agradezco porque esta canci\u00f3n de mi pap\u00e1 la han interpretado muchas veces, pero este arreglo suyo es diferente, fuera de serie, me encant\u00f3. Y sigue recibiendo views en YouTube. POr supuesto no solo es el arreglo, la cantante le da un estilo muy personal con su talento&#8221;.<\/p><p>\u00a0<\/p><p>Estuardo Adhemar trabaja con un ingeniero de sonido y arreglista que est\u00e1 en M\u00e9xico. &#8220;All\u00ed conocen m\u00e1s la esencia del mariachi y adem\u00e1s de me sale m\u00e1s econ\u00f3mico. Le mando las grabaciones, pero tambi\u00e9n ideas, cambios y este amigo los afina y los completa: a veces pido un solo de trompeta o de viol\u00edn o de acorde\u00f3n. Eso es diferente porque en el mariachi cl\u00e1sico no hay solos. Me manda demos, le paso m\u00e1s comentarios, hasta que queda completo&#8221;.<\/p>\t\t\t\t\t\t\t\t<\/div>\n\t\t\t\t\t<\/div>\n\t\t\t\t<\/div>\n\t\t<div data-particle_enable=\"false\" data-particle-mobile-disabled=\"false\" class=\"elementor-element elementor-element-b729195 e-flex e-con-boxed e-con e-parent\" data-id=\"b729195\" data-element_type=\"container\" data-e-type=\"container\">\n\t\t\t\t\t<div class=\"e-con-inner\">\n\t\t\t\t<div class=\"elementor-element elementor-element-cb35c34 elementor-widget elementor-widget-video\" data-id=\"cb35c34\" data-element_type=\"widget\" data-e-type=\"widget\" data-settings=\"{&quot;youtube_url&quot;:&quot;https:\\\/\\\/www.youtube.com\\\/watch?v=an12jb5K5YE&quot;,&quot;video_type&quot;:&quot;youtube&quot;,&quot;controls&quot;:&quot;yes&quot;}\" data-widget_type=\"video.default\">\n\t\t\t\t\t\t\t<div class=\"elementor-wrapper elementor-open-inline\">\n\t\t\t<div class=\"elementor-video\"><\/div>\t\t<\/div>\n\t\t\t\t\t\t<\/div>\n\t\t\t\t\t<\/div>\n\t\t\t\t<\/div>\n\t\t<div data-particle_enable=\"false\" data-particle-mobile-disabled=\"false\" class=\"elementor-element elementor-element-05ca3d9 e-flex e-con-boxed e-con e-parent\" data-id=\"05ca3d9\" data-element_type=\"container\" data-e-type=\"container\">\n\t\t\t\t\t<div class=\"e-con-inner\">\n\t\t\t\t<div class=\"elementor-element elementor-element-0db96f9 elementor-widget elementor-widget-heading\" data-id=\"0db96f9\" data-element_type=\"widget\" data-e-type=\"widget\" data-widget_type=\"heading.default\">\n\t\t\t\t\t<h3 class=\"elementor-heading-title elementor-size-default\">El talento siempre exige mucho trabajo<\/h3>\t\t\t\t<\/div>\n\t\t\t\t\t<\/div>\n\t\t\t\t<\/div>\n\t\t<div data-particle_enable=\"false\" data-particle-mobile-disabled=\"false\" class=\"elementor-element elementor-element-895cba4 e-flex e-con-boxed e-con e-parent\" data-id=\"895cba4\" data-element_type=\"container\" data-e-type=\"container\">\n\t\t\t\t\t<div class=\"e-con-inner\">\n\t\t\t\t<div class=\"elementor-element elementor-element-e87a508 elementor-widget elementor-widget-text-editor\" data-id=\"e87a508\" data-element_type=\"widget\" data-e-type=\"widget\" data-widget_type=\"text-editor.default\">\n\t\t\t\t\t\t\t\t\t<p><span style=\"color: var( --e-global-color-text ); text-align: var(--text-align);\">Al preguntarle si ha producido para artistas guatemaltecos, responde: &#8220;Yo trabajo con talento. No me fijo en la nacionalidad, pero s\u00ed he querido trabajar con guatemaltecos.&nbsp; Sin embargo me he encontrado con algunos artistas que son como desconfiados, no muy accesibles. Tambi\u00e9n he invitado a algunos guatemaltecos para producirles y ya no me contestan. Asumo que no les&nbsp; interesa. Se acercan&nbsp; &nbsp;artistas de otros or\u00edgenes y trabajamos.&nbsp; Yo no veo la nacionalidad: Se trabaja con quien tiene voluntad y quiere aprender&#8221;.<\/span><\/p>\n<p><span style=\"color: var( --e-global-color-text ); text-align: var(--text-align);\">&#8220;En Estados Unidos todo es tan competitivo que el talento se abre paso. Pero hay que luchar o ah\u00ed se queda varado. Nadie m\u00e1s que uno puede decidir c\u00f3mo va a avanzar en la escena musical, pero tambi\u00e9n en el arte, en la comunicaci\u00f3n, en la ciencia. A fin de cuentas es<\/span><span style=\"color: var( --e-global-color-text ); text-align: var(--text-align);\">&nbsp;tu determinaci\u00f3n y tu poder de decisi\u00f3n&#8221;.<\/span><\/p>\t\t\t\t\t\t\t\t<\/div>\n\t\t\t\t\t<\/div>\n\t\t\t\t<\/div>\n\t\t<div data-particle_enable=\"false\" data-particle-mobile-disabled=\"false\" class=\"elementor-element elementor-element-38b2793 e-flex e-con-boxed e-con e-parent\" data-id=\"38b2793\" data-element_type=\"container\" data-e-type=\"container\">\n\t\t\t\t\t<div class=\"e-con-inner\">\n\t\t\t\t<div class=\"elementor-element elementor-element-148c11a elementor-widget elementor-widget-video\" data-id=\"148c11a\" data-element_type=\"widget\" data-e-type=\"widget\" data-settings=\"{&quot;youtube_url&quot;:&quot;https:\\\/\\\/www.youtube.com\\\/watch?v=2fP2lL79MQw&quot;,&quot;video_type&quot;:&quot;youtube&quot;,&quot;controls&quot;:&quot;yes&quot;}\" data-widget_type=\"video.default\">\n\t\t\t\t\t\t\t<div class=\"elementor-wrapper elementor-open-inline\">\n\t\t\t<div class=\"elementor-video\"><\/div>\t\t<\/div>\n\t\t\t\t\t\t<\/div>\n\t\t\t\t\t<\/div>\n\t\t\t\t<\/div>\n\t\t<div data-particle_enable=\"false\" data-particle-mobile-disabled=\"false\" class=\"elementor-element elementor-element-0494bad e-flex e-con-boxed e-con e-parent\" data-id=\"0494bad\" data-element_type=\"container\" data-e-type=\"container\">\n\t\t\t\t\t<div class=\"e-con-inner\">\n\t\t\t\t<div class=\"elementor-element elementor-element-5d45193 elementor-widget elementor-widget-heading\" data-id=\"5d45193\" data-element_type=\"widget\" data-e-type=\"widget\" data-widget_type=\"heading.default\">\n\t\t\t\t\t<h3 class=\"elementor-heading-title elementor-size-default\">El arte de la fotograf\u00eda y los videoclips<\/h3>\t\t\t\t<\/div>\n\t\t\t\t\t<\/div>\n\t\t\t\t<\/div>\n\t\t<div data-particle_enable=\"false\" data-particle-mobile-disabled=\"false\" class=\"elementor-element elementor-element-a2c694e e-flex e-con-boxed e-con e-parent\" data-id=\"a2c694e\" data-element_type=\"container\" data-e-type=\"container\">\n\t\t\t\t\t<div class=\"e-con-inner\">\n\t\t\t\t<div class=\"elementor-element elementor-element-afeb157 elementor-widget elementor-widget-text-editor\" data-id=\"afeb157\" data-element_type=\"widget\" data-e-type=\"widget\" data-widget_type=\"text-editor.default\">\n\t\t\t\t\t\t\t\t\t<p><span style=\"color: var( --e-global-color-text ); text-align: var(--text-align);\">Mi pap\u00e1 era fot\u00f3grafo pero a mi no me gustaba. Lo m\u00edo era la m\u00fasica. Cuando ten\u00eda 17 a\u00f1os, mi pap\u00e1 me regal\u00f3 una c\u00e1mara. No me gusta, pero vamos a intentar a ver qu\u00e9 pasa. Y as\u00ed a base de pr\u00e1ctica me fui apasionando tambi\u00e9n. Hoy la fotograf\u00eda me encanta y por eso le tomo im\u00e1genes a los artistas de todos g\u00e9neros, hago retratos de modelaje, de ni\u00f1os, familias, quincea\u00f1eras. Es otro lenguaje&#8221;<\/span><\/p><p><span style=\"color: var( --e-global-color-text ); text-align: var(--text-align);\">&#8220;Eso mismo lleva a la creaci\u00f3n de videoclips con los artistas. Algunos son en estudio, con luz controlada. Pongo atenci\u00f3n al detalle. Pero ya hemos grabado tambi\u00e9n en exteriores, seg\u00fan el estilo y gusto de cada artista&#8221;, cuenta.<\/span><\/p><div>\u00a0<\/div>\t\t\t\t\t\t\t\t<\/div>\n\t\t\t\t\t<\/div>\n\t\t\t\t<\/div>\n\t\t<div data-particle_enable=\"false\" data-particle-mobile-disabled=\"false\" class=\"elementor-element elementor-element-fa17461 e-flex e-con-boxed e-con e-parent\" data-id=\"fa17461\" data-element_type=\"container\" data-e-type=\"container\">\n\t\t\t\t\t<div class=\"e-con-inner\">\n\t\t\t\t<div class=\"elementor-element elementor-element-cfde7db elementor-widget elementor-widget-image\" data-id=\"cfde7db\" data-element_type=\"widget\" data-e-type=\"widget\" data-widget_type=\"image.default\">\n\t\t\t\t\t\t\t\t\t\t\t\t<figure class=\"wp-caption\">\n\t\t\t\t\t\t\t\t\t\t<img decoding=\"async\" width=\"768\" height=\"523\" src=\"https:\/\/soymigrante.com\/revista\/wp-content\/uploads\/2025\/01\/estuardo-adhemar-chicago-guatemalteco-8-1024x697.jpg\" class=\"attachment-large size-large wp-image-22690\" alt=\"Baterista con bater\u00eda completa y guitarras ac\u00fasticas en escenario de concierto en interior.\" srcset=\"https:\/\/soymigrante.com\/revista\/wp-content\/uploads\/2025\/01\/estuardo-adhemar-chicago-guatemalteco-8-1024x697.jpg 1024w, https:\/\/soymigrante.com\/revista\/wp-content\/uploads\/2025\/01\/estuardo-adhemar-chicago-guatemalteco-8-300x204.jpg 300w, https:\/\/soymigrante.com\/revista\/wp-content\/uploads\/2025\/01\/estuardo-adhemar-chicago-guatemalteco-8-768x523.jpg 768w, https:\/\/soymigrante.com\/revista\/wp-content\/uploads\/2025\/01\/estuardo-adhemar-chicago-guatemalteco-8-750x511.webp 750w, https:\/\/soymigrante.com\/revista\/wp-content\/uploads\/2025\/01\/estuardo-adhemar-chicago-guatemalteco-8-1140x776.webp 1140w, https:\/\/soymigrante.com\/revista\/wp-content\/uploads\/2025\/01\/estuardo-adhemar-chicago-guatemalteco-8.webp 1160w\" sizes=\"(max-width: 768px) 100vw, 768px\" title=\"La bater\u00eda es un lenguaje con el cual Estuardo Adhemar inventa ritmos y genera ideas para producciones y artistas. En su trayectoria prevalece la pr\u00e1ctica, el af\u00e1n de excelencia y tambi\u00e9n la ense\u00f1anza de alta exigencia. \u2013 SoyMigrante.com REVISTA\" \/>\t\t\t\t\t\t\t\t\t\t\t<figcaption class=\"widget-image-caption wp-caption-text\">Baterista profesional en escenario con bater\u00eda y guitarras, preparado para una actuaci\u00f3n musical.<\/figcaption>\n\t\t\t\t\t\t\t\t\t\t<\/figure>\n\t\t\t\t\t\t\t\t\t<\/div>\n\t\t\t\t\t<\/div>\n\t\t\t\t<\/div>\n\t\t<div data-particle_enable=\"false\" data-particle-mobile-disabled=\"false\" class=\"elementor-element elementor-element-8185ffb e-flex e-con-boxed e-con e-parent\" data-id=\"8185ffb\" data-element_type=\"container\" data-e-type=\"container\">\n\t\t\t\t\t<div class=\"e-con-inner\">\n\t\t\t\t<div class=\"elementor-element elementor-element-1946912 elementor-widget elementor-widget-heading\" data-id=\"1946912\" data-element_type=\"widget\" data-e-type=\"widget\" data-widget_type=\"heading.default\">\n\t\t\t\t\t<h3 class=\"elementor-heading-title elementor-size-default\">Ejemplo e inspiraci\u00f3n: la mejor herencia<\/h3>\t\t\t\t<\/div>\n\t\t\t\t\t<\/div>\n\t\t\t\t<\/div>\n\t\t<div data-particle_enable=\"false\" data-particle-mobile-disabled=\"false\" class=\"elementor-element elementor-element-dbe9a08 e-flex e-con-boxed e-con e-parent\" data-id=\"dbe9a08\" data-element_type=\"container\" data-e-type=\"container\">\n\t\t\t\t\t<div class=\"e-con-inner\">\n\t\t\t\t<div class=\"elementor-element elementor-element-b180ef9 elementor-widget elementor-widget-text-editor\" data-id=\"b180ef9\" data-element_type=\"widget\" data-e-type=\"widget\" data-widget_type=\"text-editor.default\">\n\t\t\t\t\t\t\t\t\t<p><span style=\"color: var( --e-global-color-text ); text-align: var(--text-align);\">Estuardo Adhemar Mart\u00ednez ha dejado semillas de excelencia en muchos m\u00fasicos, pero tambi\u00e9n en su hijo. &#8220;Le estoy ense\u00f1ando a mi hijo, ya le compr\u00e9 su bater\u00eda profesional y all\u00ed va creciendo. Tiene las mismas inquietudes m\u00edas y a\u00fan mejor, porque ya le gusta ser fot\u00f3grafo tambi\u00e9n&#8221;.<\/span><\/p><p><span style=\"color: var( --e-global-color-text ); text-align: var(--text-align);\">&#8220;Pero una vez me sac\u00f3 las l\u00e1grimas, porque cuando ten\u00eda 12 a\u00f1os me dijo algo: \u00a1Quiero ser como t\u00fa! Y yo le pregunt\u00e9 por qu\u00e9. Me respondi\u00f3 lo siguiente: Me gusta y me inspira mucho que t\u00fa estas siempre innovando, intentando cosas distintas en la m\u00fasica y en la fotograf\u00eda; yo quiero ser as\u00ed&#8221;.<\/span><\/p>\t\t\t\t\t\t\t\t<\/div>\n\t\t\t\t\t<\/div>\n\t\t\t\t<\/div>\n\t\t<div data-particle_enable=\"false\" data-particle-mobile-disabled=\"false\" class=\"elementor-element elementor-element-356e8d6 e-flex e-con-boxed e-con e-parent\" data-id=\"356e8d6\" data-element_type=\"container\" data-e-type=\"container\">\n\t\t\t\t\t<div class=\"e-con-inner\">\n\t\t\t\t\t\t\t<div data-eael_duration=\"{&quot;transitionDuration&quot;:1000}\" data-eael_easing=\"{&quot;transitionEasing&quot;:&quot;ease&quot;}\" data-eael_hover_duration=\"{&quot;transitionDuration&quot;:1000}\" data-eael_hover_easing=\"{&quot;transitionEasing&quot;:&quot;ease&quot;}\" class=\"eael_hover_effect elementor-element elementor-element-9bce8fb elementor-widget elementor-widget-image\" data-id=\"9bce8fb\" data-element_type=\"widget\" data-e-type=\"widget\" data-settings=\"{&quot;motion_fx_motion_fx_mouse&quot;:&quot;yes&quot;,&quot;motion_fx_tilt_effect&quot;:&quot;yes&quot;,&quot;motion_fx_tilt_speed&quot;:{&quot;unit&quot;:&quot;px&quot;,&quot;size&quot;:0.9,&quot;sizes&quot;:[]},&quot;eael_hover_effect_general_settings_easing&quot;:&quot;ease&quot;,&quot;eael_hover_effect_general_settings_hover_easing&quot;:&quot;ease&quot;}\" data-widget_type=\"image.default\">\n\t\t\t\t\t\t\t\t\t\t\t\t<figure class=\"wp-caption\">\n\t\t\t\t\t\t\t\t\t\t\t<a href=\"https:\/\/www.youtube.com\/@estuardoadhemarmartinez7940\/videos\">\n\t\t\t\t\t\t\t<img decoding=\"async\" width=\"441\" height=\"722\" src=\"https:\/\/soymigrante.com\/revista\/wp-content\/uploads\/2025\/01\/youtube-estuardo-adhemar.webp\" class=\"attachment-large size-large wp-image-22691\" alt=\"Jovenes cantantes y artistas hispanos en la revista SoyMigrante.com, retratados en diversas presentaciones y sesiones fotogr\u00e1ficas, promoviendo la cultura latinoamericana y la m\u00fasica tradicional.\" srcset=\"https:\/\/soymigrante.com\/revista\/wp-content\/uploads\/2025\/01\/youtube-estuardo-adhemar.webp 441w, https:\/\/soymigrante.com\/revista\/wp-content\/uploads\/2025\/01\/youtube-estuardo-adhemar-183x300.jpg 183w\" sizes=\"(max-width: 441px) 100vw, 441px\" title=\"La p\u00e1gina de youtube de Estuardo Adhemar Music tiene decenas de canciones producidas por \u00e9l, muchas de ellas del g\u00e9nero ranchero que resulta muy popular para artistas hispanos en Chicago.  Clic en la imagen para ir a Youtube. \u2013 SoyMigrante.com REVISTA\" \/>\t\t\t\t\t\t\t\t<\/a>\n\t\t\t\t\t\t\t\t\t\t\t<figcaption class=\"widget-image-caption wp-caption-text\">Mujeres y hombres en espect\u00e1culos musicales, con estilos diversos y vestuarios caracter\u00edsticos, resaltando talento y tradici\u00f3n cultural en el contenido de SoyMigrante.com REVISTA.<\/figcaption>\n\t\t\t\t\t\t\t\t\t\t<\/figure>\n\t\t\t\t\t\t\t\t\t<\/div>\n\t\t\t\t\t<\/div>\n\t\t\t\t<\/div>\n\t\t<div data-particle_enable=\"false\" data-particle-mobile-disabled=\"false\" class=\"elementor-element elementor-element-5c88d44 e-flex e-con-boxed e-con e-parent\" data-id=\"5c88d44\" data-element_type=\"container\" data-e-type=\"container\">\n\t\t\t\t\t<div class=\"e-con-inner\">\n\t\t\t\t<div class=\"elementor-element elementor-element-759e168 elementor-widget elementor-widget-heading\" data-id=\"759e168\" data-element_type=\"widget\" data-e-type=\"widget\" data-widget_type=\"heading.default\">\n\t\t\t\t\t<h2 class=\"elementor-heading-title elementor-size-default\">Talento art\u00edstico de los guatemaltecos no tiene fronteras<\/h2>\t\t\t\t<\/div>\n\t\t\t\t\t<\/div>\n\t\t\t\t<\/div>\n\t\t<div data-particle_enable=\"false\" data-particle-mobile-disabled=\"false\" class=\"elementor-element elementor-element-1d0d922 e-flex e-con-boxed e-con e-parent\" data-id=\"1d0d922\" data-element_type=\"container\" data-e-type=\"container\">\n\t\t\t\t\t<div class=\"e-con-inner\">\n\t\t\t\t<div class=\"elementor-element elementor-element-0060f4c elementor-grid-eael-col-3 elementor-grid-tablet-eael-col-2 elementor-grid-mobile-eael-col-1 elementor-widget elementor-widget-eael-post-grid\" data-id=\"0060f4c\" data-element_type=\"widget\" data-e-type=\"widget\" data-settings=\"{&quot;eael_post_grid_columns&quot;:&quot;eael-col-3&quot;,&quot;eael_post_grid_columns_tablet&quot;:&quot;eael-col-2&quot;,&quot;eael_post_grid_columns_mobile&quot;:&quot;eael-col-1&quot;}\" data-widget_type=\"eael-post-grid.default\">\n\t\t\t\t\t<div id=\"eael-post-grid-0060f4c\" class=\"eael-post-grid-container\">\n            <div class=\"eael-post-grid eael-post-appender eael-post-appender-0060f4c eael-post-grid-style-one\" data-layout-mode=\"masonry\"><article class=\"eael-grid-post  eael-post-grid-column eael-pg-post-7839 category-exitos\" data-id=\"7839\">\n        <div class=\"eael-grid-post-holder\">\n            <div class=\"eael-grid-post-holder-inner\"><div class=\"eael-entry-media\"><div class=\"eael-entry-overlay fade-in\"><i class=\"far fa-hand-pointer\" aria-hidden=\"true\"><\/i><a href=\"https:\/\/soymigrante.com\/revista\/donde-el-fotografo-missael-sian-pone-el-ojo-pone-la-magia\/\"><\/a><\/div><div class=\"eael-entry-thumbnail \">\n                <img loading=\"lazy\" decoding=\"async\" width=\"1024\" height=\"1024\" src=\"https:\/\/soymigrante.com\/revista\/wp-content\/uploads\/2024\/08\/missael-1024x1024.webp\" class=\"attachment-large size-large wp-image-7856\" alt=\"Personaje con c\u00e1mara de fotos en silencio, disfrutando del atardecer en un paisaje natural, simbolizando la creatividad, la libertad y la exploraci\u00f3n en el \u00e1mbito de la migraci\u00f3n y la cultura.\" srcset=\"https:\/\/soymigrante.com\/revista\/wp-content\/uploads\/2024\/08\/missael-1024x1024.webp 1024w, https:\/\/soymigrante.com\/revista\/wp-content\/uploads\/2024\/08\/missael-300x300.webp 300w, https:\/\/soymigrante.com\/revista\/wp-content\/uploads\/2024\/08\/missael-150x150.webp 150w, https:\/\/soymigrante.com\/revista\/wp-content\/uploads\/2024\/08\/missael-768x768.webp 768w, https:\/\/soymigrante.com\/revista\/wp-content\/uploads\/2024\/08\/missael-75x75.webp 75w, https:\/\/soymigrante.com\/revista\/wp-content\/uploads\/2024\/08\/missael-750x750.webp 750w, https:\/\/soymigrante.com\/revista\/wp-content\/uploads\/2024\/08\/missael-1140x1140.webp 1140w, https:\/\/soymigrante.com\/revista\/wp-content\/uploads\/2024\/08\/missael.webp 1208w\" sizes=\"(max-width: 1024px) 100vw, 1024px\" \/>\n            <\/div>\n        <\/div><div class=\"eael-entry-wrapper\"><header class=\"eael-entry-header\"><h2 class=\"eael-entry-title\"><a class=\"eael-grid-post-link\" href=\"https:\/\/soymigrante.com\/revista\/donde-el-fotografo-missael-sian-pone-el-ojo-pone-la-magia\/\" title=\"Donde pone el ojo, pone la magia: el fot\u00f3grafo guatemalteco Missael Sian\">Donde pone el ojo, pone la magia: el fot\u00f3grafo guatemalteco Missael Sian<\/a><\/h2><\/header><div class=\"eael-entry-content\">\n                        <div class=\"eael-grid-post-excerpt\"><a href=\"https:\/\/soymigrante.com\/revista\/donde-el-fotografo-missael-sian-pone-el-ojo-pone-la-magia\/\" class=\"eael-post-elements-readmore-btn\">CONOCE SU HISTORIA <\/a><\/div>\n                    <\/div><\/div><\/div>\n        <\/div>\n    <\/article><article class=\"eael-grid-post  eael-post-grid-column eael-pg-post-4589 category-exitos\" data-id=\"4589\">\n        <div class=\"eael-grid-post-holder\">\n            <div class=\"eael-grid-post-holder-inner\"><div class=\"eael-entry-media\"><div class=\"eael-entry-overlay fade-in\"><i class=\"far fa-hand-pointer\" aria-hidden=\"true\"><\/i><a href=\"https:\/\/soymigrante.com\/revista\/jose-gamez-marimba-digital-502-migrante-sonador-originario-de-quiche\/\"><\/a><\/div><div class=\"eael-entry-thumbnail \">\n                <img loading=\"lazy\" decoding=\"async\" width=\"1024\" height=\"947\" src=\"https:\/\/soymigrante.com\/revista\/wp-content\/uploads\/2024\/01\/marimba-502-1-1024x947.webp\" class=\"attachment-large size-large wp-image-4608\" alt=\"Migrante guatemalteco Jos\u00e9 G\u00e1mez\" srcset=\"https:\/\/soymigrante.com\/revista\/wp-content\/uploads\/2024\/01\/marimba-502-1-1024x947.webp 1024w, https:\/\/soymigrante.com\/revista\/wp-content\/uploads\/2024\/01\/marimba-502-1-300x278.webp 300w, https:\/\/soymigrante.com\/revista\/wp-content\/uploads\/2024\/01\/marimba-502-1-768x711.webp 768w, https:\/\/soymigrante.com\/revista\/wp-content\/uploads\/2024\/01\/marimba-502-1-750x694.webp 750w, https:\/\/soymigrante.com\/revista\/wp-content\/uploads\/2024\/01\/marimba-502-1-1140x1055.webp 1140w, https:\/\/soymigrante.com\/revista\/wp-content\/uploads\/2024\/01\/marimba-502-1.webp 1536w\" sizes=\"(max-width: 1024px) 100vw, 1024px\" \/>\n            <\/div>\n        <\/div><div class=\"eael-entry-wrapper\"><header class=\"eael-entry-header\"><h2 class=\"eael-entry-title\"><a class=\"eael-grid-post-link\" href=\"https:\/\/soymigrante.com\/revista\/jose-gamez-marimba-digital-502-migrante-sonador-originario-de-quiche\/\" title=\"Jos\u00e9 G\u00e1mez y un sue\u00f1o migrante llamado Marimba Digital 502\">Jos\u00e9 G\u00e1mez y un sue\u00f1o migrante llamado Marimba Digital 502<\/a><\/h2><\/header><div class=\"eael-entry-content\">\n                        <div class=\"eael-grid-post-excerpt\"><a href=\"https:\/\/soymigrante.com\/revista\/jose-gamez-marimba-digital-502-migrante-sonador-originario-de-quiche\/\" class=\"eael-post-elements-readmore-btn\">CONOCE SU HISTORIA <\/a><\/div>\n                    <\/div><\/div><\/div>\n        <\/div>\n    <\/article><article class=\"eael-grid-post  eael-post-grid-column eael-pg-post-1870 category-exitos tags-california\" data-id=\"1870\">\n        <div class=\"eael-grid-post-holder\">\n            <div class=\"eael-grid-post-holder-inner\"><div class=\"eael-entry-media\"><div class=\"eael-entry-overlay fade-in\"><i class=\"far fa-hand-pointer\" aria-hidden=\"true\"><\/i><a href=\"https:\/\/soymigrante.com\/revista\/walter-villatoro-mariachi-migrante-guatemalteco\/\"><\/a><\/div><div class=\"eael-entry-thumbnail \">\n                <img loading=\"lazy\" decoding=\"async\" width=\"1024\" height=\"614\" src=\"https:\/\/soymigrante.com\/revista\/wp-content\/uploads\/2023\/07\/Captura-de-pantalla-2023-07-14-142215-1024x614.webp\" class=\"attachment-large size-large wp-image-1872\" alt=\"Walter Villatoro, migrante guatemalteco, cantante, compositor, productor art\u00edstico residente en San Diego, California\" srcset=\"https:\/\/soymigrante.com\/revista\/wp-content\/uploads\/2023\/07\/Captura-de-pantalla-2023-07-14-142215-1024x614.webp 1024w, https:\/\/soymigrante.com\/revista\/wp-content\/uploads\/2023\/07\/Captura-de-pantalla-2023-07-14-142215-300x180.webp 300w, https:\/\/soymigrante.com\/revista\/wp-content\/uploads\/2023\/07\/Captura-de-pantalla-2023-07-14-142215-768x460.webp 768w, https:\/\/soymigrante.com\/revista\/wp-content\/uploads\/2023\/07\/Captura-de-pantalla-2023-07-14-142215-1536x920.webp 1536w, https:\/\/soymigrante.com\/revista\/wp-content\/uploads\/2023\/07\/Captura-de-pantalla-2023-07-14-142215-750x449.webp 750w, https:\/\/soymigrante.com\/revista\/wp-content\/uploads\/2023\/07\/Captura-de-pantalla-2023-07-14-142215-1140x683.webp 1140w, https:\/\/soymigrante.com\/revista\/wp-content\/uploads\/2023\/07\/Captura-de-pantalla-2023-07-14-142215.webp 1587w\" sizes=\"(max-width: 1024px) 100vw, 1024px\" \/>\n            <\/div>\n        <\/div><div class=\"eael-entry-wrapper\"><header class=\"eael-entry-header\"><h2 class=\"eael-entry-title\"><a class=\"eael-grid-post-link\" href=\"https:\/\/soymigrante.com\/revista\/walter-villatoro-mariachi-migrante-guatemalteco\/\" title=\"Walter Villatoro: la inspiradora historia de El Mariachi Guatemalteco\">Walter Villatoro: la inspiradora historia de El Mariachi Guatemalteco<\/a><\/h2><\/header><div class=\"eael-entry-content\">\n                        <div class=\"eael-grid-post-excerpt\"><a href=\"https:\/\/soymigrante.com\/revista\/walter-villatoro-mariachi-migrante-guatemalteco\/\" class=\"eael-post-elements-readmore-btn\">CONOCE SU HISTORIA <\/a><\/div>\n                    <\/div><\/div><\/div>\n        <\/div>\n    <\/article><\/div>\n            <div class=\"clearfix\"><\/div>\n        <\/div>\t\t\t\t<\/div>\n\t\t\t\t\t<\/div>\n\t\t\t\t<\/div>\n\t\t\t\t<\/div>\n\t\t","protected":false},"excerpt":{"rendered":"<p>Desde ni\u00f1o en la colonia El Milagro usaba como bater\u00eda las ollas de su mam\u00e1; estudi\u00f3 en prestigiosas escuelas musicales de Chicago y Massachussets. Estuardo Adhemar Mart\u00ednez es productor musical, de videos y fotograf\u00eda; esta es su historia. Cuando ten\u00eda 8 a\u00f1os, los padres de Estuardo Adhemar Mart\u00ednez migraron a EE.UU. y en busca de [&hellip;]<\/p>\n","protected":false},"author":7,"featured_media":22674,"comment_status":"open","ping_status":"open","sticky":false,"template":"","format":"standard","meta":{"_acf_changed":false,"_eb_attr":"","footnotes":""},"categories":[50],"tags":[],"class_list":["post-22673","post","type-post","status-publish","format-standard","has-post-thumbnail","hentry","category-exitos"],"acf":[],"aioseo_notices":[],"aioseo_head":"\n\t\t<!-- All in One SEO Pro 4.9.6.2 - aioseo.com -->\n\t<meta name=\"description\" content=\"Walter Villatoro, un migrante guatemalteco, ha dejado huella en EE.UU. con su m\u00fasica y cine, reflejando su amor por Guatemala y su pasi\u00f3n art\u00edstica\" \/>\n\t<meta name=\"robots\" content=\"max-snippet:-1, max-image-preview:large, max-video-preview:-1\" \/>\n\t<meta name=\"author\" content=\"Gustavo Montenegro\"\/>\n\t<link rel=\"canonical\" href=\"https:\/\/soymigrante.com\/revista\/walter-villatoro-mariachi-migrante-guatemalteco\/\" \/>\n\t<meta name=\"generator\" content=\"All in One SEO Pro (AIOSEO) 4.9.6.2\" \/>\n\n\t\t<link rel=\"preconnect\" href=\"https:\/\/fonts.googleapis.com\" crossorigin>\n<link rel=\"preconnect\" href=\"https:\/\/fonts.gstatic.com\" crossorigin>\n\t\t<meta property=\"og:locale\" content=\"es_ES\" \/>\n\t\t<meta property=\"og:site_name\" content=\"SoyMigrante.com REVISTA \u2013 Nuestra misi\u00f3n es reconocer y dignificar al migrante.\" \/>\n\t\t<meta property=\"og:type\" content=\"article\" \/>\n\t\t<meta property=\"og:title\" content=\"Walter Villatoro: la inspiradora historia de El Mariachi Guatemalteco\" \/>\n\t\t<meta property=\"og:description\" content=\"Walter Villatoro, un migrante guatemalteco, ha dejado huella en EE.UU. con su m\u00fasica y cine, reflejando su amor por Guatemala y su pasi\u00f3n art\u00edstica\" \/>\n\t\t<meta property=\"og:url\" content=\"https:\/\/soymigrante.com\/revista\/walter-villatoro-mariachi-migrante-guatemalteco\/\" \/>\n\t\t<meta property=\"og:image\" content=\"https:\/\/soymigrante.com\/revista\/wp-content\/uploads\/2023\/07\/Captura-de-pantalla-2023-07-14-142215.webp\" \/>\n\t\t<meta property=\"og:image:secure_url\" content=\"https:\/\/soymigrante.com\/revista\/wp-content\/uploads\/2023\/07\/Captura-de-pantalla-2023-07-14-142215.webp\" \/>\n\t\t<meta property=\"og:image:width\" content=\"1587\" \/>\n\t\t<meta property=\"og:image:height\" content=\"951\" \/>\n\t\t<meta property=\"article:published_time\" content=\"2023-07-14T20:16:14+00:00\" \/>\n\t\t<meta property=\"article:modified_time\" content=\"2026-03-11T22:48:18+00:00\" \/>\n\t\t<meta property=\"article:publisher\" content=\"https:\/\/www.facebook.com\/soymigrantecom\" \/>\n\t\t<meta name=\"twitter:card\" content=\"summary_large_image\" \/>\n\t\t<meta name=\"twitter:site\" content=\"@SoyMigrante_com\" \/>\n\t\t<meta name=\"twitter:title\" content=\"Walter Villatoro: la inspiradora historia de El Mariachi Guatemalteco\" \/>\n\t\t<meta name=\"twitter:description\" content=\"Walter Villatoro, un migrante guatemalteco, ha dejado huella en EE.UU. con su m\u00fasica y cine, reflejando su amor por Guatemala y su pasi\u00f3n art\u00edstica\" \/>\n\t\t<meta name=\"twitter:creator\" content=\"@SoyMigrante_com\" \/>\n\t\t<meta name=\"twitter:image\" content=\"https:\/\/soymigrante.com\/revista\/wp-content\/uploads\/2023\/07\/Captura-de-pantalla-2023-07-14-142215.webp\" \/>\n\t\t<!-- All in One SEO Pro -->\r\n\t\t<title>Walter Villatoro: la inspiradora historia de El Mariachi Guatemalteco<\/title>\n\n","aioseo_head_json":{"title":"Walter Villatoro: la inspiradora historia de El Mariachi Guatemalteco","description":"Walter Villatoro, un migrante guatemalteco, ha dejado huella en EE.UU. con su m\u00fasica y cine, reflejando su amor por Guatemala y su pasi\u00f3n art\u00edstica","canonical_url":"https:\/\/soymigrante.com\/revista\/walter-villatoro-mariachi-migrante-guatemalteco\/","robots":"max-snippet:-1, max-image-preview:large, max-video-preview:-1","keywords":"","webmasterTools":{"miscellaneous":"&lt;link rel=\"preconnect\" href=\"https:\/\/fonts.googleapis.com\" crossorigin&gt;\n&lt;link rel=\"preconnect\" href=\"https:\/\/fonts.gstatic.com\" crossorigin&gt;"},"schema":null,"og:locale":"es_ES","og:site_name":"SoyMigrante.com REVISTA \u2013 Nuestra misi\u00f3n es reconocer y dignificar al migrante.","og:type":"article","og:title":"Walter Villatoro: la inspiradora historia de El Mariachi Guatemalteco","og:description":"Walter Villatoro, un migrante guatemalteco, ha dejado huella en EE.UU. con su m\u00fasica y cine, reflejando su amor por Guatemala y su pasi\u00f3n art\u00edstica","og:url":"https:\/\/soymigrante.com\/revista\/walter-villatoro-mariachi-migrante-guatemalteco\/","og:image":"https:\/\/soymigrante.com\/revista\/wp-content\/uploads\/2023\/07\/Captura-de-pantalla-2023-07-14-142215.webp","og:image:secure_url":"https:\/\/soymigrante.com\/revista\/wp-content\/uploads\/2023\/07\/Captura-de-pantalla-2023-07-14-142215.webp","og:image:width":1587,"og:image:height":951,"article:published_time":"2023-07-14T20:16:14+00:00","article:modified_time":"2026-03-11T22:48:18+00:00","article:publisher":"https:\/\/www.facebook.com\/soymigrantecom","twitter:card":"summary_large_image","twitter:site":"@SoyMigrante_com","twitter:title":"Walter Villatoro: la inspiradora historia de El Mariachi Guatemalteco","twitter:description":"Walter Villatoro, un migrante guatemalteco, ha dejado huella en EE.UU. con su m\u00fasica y cine, reflejando su amor por Guatemala y su pasi\u00f3n art\u00edstica","twitter:creator":"@SoyMigrante_com","twitter:image":"https:\/\/soymigrante.com\/revista\/wp-content\/uploads\/2023\/07\/Captura-de-pantalla-2023-07-14-142215.webp"},"aioseo_meta_data":{"post_id":"22673","title":"Guatemalteco Estuardo Adhemar es productor musical en Chicago","description":"Con pasi\u00f3n musical desde ni\u00f1o, Estuardo Adhemar Mart\u00ednez estudi\u00f3 en prestigiosos colleges art\u00edsticos; es productor musical en Chicago. Esta es su historia.","keywords":null,"keyphrases":{"focus":{"keyphrase":"Chicago","score":82,"analysis":{"keyphraseInTitle":{"score":9,"maxScore":9,"error":0},"keyphraseInDescription":{"score":9,"maxScore":9,"error":0},"keyphraseLength":{"score":9,"maxScore":9,"error":0,"length":1},"keyphraseInURL":{"score":5,"maxScore":5,"error":0},"keyphraseInIntroduction":{"score":3,"maxScore":9,"error":1},"keyphraseInSubHeadings":{"score":3,"maxScore":9,"error":1},"keyphraseInImageAlt":{"score":9,"maxScore":9,"error":0},"keywordDensity":{"type":"best","score":9,"maxScore":9,"error":0}}},"additional":[{"keyphrase":"Guatemalteco","score":73,"analysis":{"keyphraseInDescription":{"score":3,"maxScore":9,"error":1},"keyphraseLength":{"score":9,"maxScore":9,"error":0,"length":1},"keyphraseInIntroduction":{"score":3,"maxScore":9,"error":1},"keyphraseInImageAlt":{"score":9,"maxScore":9,"error":0},"keywordDensity":{"type":"best","score":9,"maxScore":9,"error":0}}},{"keyphrase":"Estuardo Adhemar","score":100,"analysis":{"keyphraseInDescription":{"score":9,"maxScore":9,"error":0},"keyphraseLength":{"score":9,"maxScore":9,"error":0,"length":2},"keyphraseInIntroduction":{"score":9,"maxScore":9,"error":0},"keyphraseInImageAlt":{"score":9,"maxScore":9,"error":0},"keywordDensity":{"type":"best","score":9,"maxScore":9,"error":0}}},{"keyphrase":"Productor musical","score":67,"analysis":{"keyphraseInDescription":{"score":9,"maxScore":9,"error":0},"keyphraseLength":{"score":9,"maxScore":9,"error":0,"length":2},"keyphraseInIntroduction":{"score":3,"maxScore":9,"error":1},"keyphraseInImageAlt":{"score":9,"maxScore":9,"error":0},"keywordDensity":{"score":0,"type":"low","maxScore":9,"error":1}}}]},"primary_term":null,"canonical_url":null,"og_title":null,"og_description":null,"og_object_type":"default","og_image_type":"default","og_image_url":null,"og_image_width":null,"og_image_height":null,"og_image_custom_url":null,"og_image_custom_fields":null,"og_video":"","og_custom_url":null,"og_article_section":null,"og_article_tags":null,"twitter_use_og":false,"twitter_card":"default","twitter_image_type":"default","twitter_image_url":null,"twitter_image_custom_url":null,"twitter_image_custom_fields":null,"twitter_title":null,"twitter_description":null,"schema":{"blockGraphs":[],"customGraphs":[],"default":{"data":{"Article":[],"Course":[],"Dataset":[],"FAQPage":[],"Movie":[],"Person":[],"Product":[],"ProductReview":[],"Car":[],"Recipe":[],"Service":[],"SoftwareApplication":[],"WebPage":[]},"graphName":"BlogPosting","isEnabled":true},"graphs":[]},"schema_type":"default","schema_type_options":null,"pillar_content":false,"robots_default":true,"robots_noindex":false,"robots_noarchive":false,"robots_nosnippet":false,"robots_nofollow":false,"robots_noimageindex":false,"robots_noodp":false,"robots_notranslate":false,"robots_max_snippet":"-1","robots_max_videopreview":"-1","robots_max_imagepreview":"large","priority":null,"frequency":"default","local_seo":null,"seo_analyzer_scan_date":"2025-10-09 02:09:20","breadcrumb_settings":null,"limit_modified_date":false,"reviewed_by":null,"open_ai":"{\"title\":{\"suggestions\":[],\"usage\":0},\"description\":{\"suggestions\":[],\"usage\":0}}","ai":null,"created":"2025-01-27 17:05:08","updated":"2026-02-04 19:57:27"},"aioseo_breadcrumb":"<div class=\"aioseo-breadcrumbs\"><span class=\"aioseo-breadcrumb\">\n\t<a href=\"https:\/\/soymigrante.com\/revista\" title=\"Home\">Home<\/a>\n<\/span><span class=\"aioseo-breadcrumb-separator\">\u00bb<\/span><span class=\"aioseo-breadcrumb\">\n\t<a href=\"https:\/\/soymigrante.com\/revista\/category\/exitos\/\" title=\"\u00c9xitos\">\u00c9xitos<\/a>\n<\/span><span class=\"aioseo-breadcrumb-separator\">\u00bb<\/span><span class=\"aioseo-breadcrumb\">\n\tEl guatemalteco Estuardo Adhemar es productor musical, fotogr\u00e1fico y audiovisual en Chicago\n<\/span><\/div>","aioseo_breadcrumb_json":[{"label":"Home","link":"https:\/\/soymigrante.com\/revista"},{"label":"\u00c9xitos","link":"https:\/\/soymigrante.com\/revista\/category\/exitos\/"},{"label":"El guatemalteco Estuardo Adhemar es productor musical, fotogr\u00e1fico y audiovisual en Chicago","link":"https:\/\/soymigrante.com\/revista\/el-guatemalteco-estuardo-adhemar-es-exitoso-productor-musical-fotografo-y-videografo-en-chicago\/"}],"_links":{"self":[{"href":"https:\/\/soymigrante.com\/revista\/wp-json\/wp\/v2\/posts\/22673","targetHints":{"allow":["GET"]}}],"collection":[{"href":"https:\/\/soymigrante.com\/revista\/wp-json\/wp\/v2\/posts"}],"about":[{"href":"https:\/\/soymigrante.com\/revista\/wp-json\/wp\/v2\/types\/post"}],"author":[{"embeddable":true,"href":"https:\/\/soymigrante.com\/revista\/wp-json\/wp\/v2\/users\/7"}],"replies":[{"embeddable":true,"href":"https:\/\/soymigrante.com\/revista\/wp-json\/wp\/v2\/comments?post=22673"}],"version-history":[{"count":0,"href":"https:\/\/soymigrante.com\/revista\/wp-json\/wp\/v2\/posts\/22673\/revisions"}],"wp:featuredmedia":[{"embeddable":true,"href":"https:\/\/soymigrante.com\/revista\/wp-json\/wp\/v2\/media\/22674"}],"wp:attachment":[{"href":"https:\/\/soymigrante.com\/revista\/wp-json\/wp\/v2\/media?parent=22673"}],"wp:term":[{"taxonomy":"category","embeddable":true,"href":"https:\/\/soymigrante.com\/revista\/wp-json\/wp\/v2\/categories?post=22673"},{"taxonomy":"post_tag","embeddable":true,"href":"https:\/\/soymigrante.com\/revista\/wp-json\/wp\/v2\/tags?post=22673"}],"curies":[{"name":"wp","href":"https:\/\/api.w.org\/{rel}","templated":true}]}}